{"id":33967,"date":"2024-07-08T18:10:08","date_gmt":"2024-07-08T18:10:08","guid":{"rendered":"https:\/\/www.public.sn\/?p=33967"},"modified":"2024-07-08T18:10:08","modified_gmt":"2024-07-08T18:10:08","slug":"eliminatoires-can-2025-le-programme-complet-des-lions-du-senegal","status":"publish","type":"post","link":"https:\/\/www.public.sn\/index.php\/2024\/07\/08\/eliminatoires-can-2025-le-programme-complet-des-lions-du-senegal\/","title":{"rendered":"\u00c9liminatoires CAN 2025 :  le programme complet des lions du S\u00e9n\u00e9gal"},"content":{"rendered":"<p>L&rsquo;\u00e9quipe nationale du s\u00e9n\u00e9gal connait son calendrier complet des \u00e9liminatoires pour la Coupe d&rsquo;Afrique des nations (CAN) 2025, qui aura lieu au Maroc.<\/p><div class=\"publi-paragraphe1\" style=\"margin-top: 10px;margin-bottom: 10px;margin-left: auto;margin-right: auto;text-align: center;\" id=\"publi-3869160943\"><div class=\"publi-adlabel\">Publicit\u00e9<\/div><script async src=\"\/\/pagead2.googlesyndication.com\/pagead\/js\/adsbygoogle.js?client=ca-pub-4089586018074219\" crossorigin=\"anonymous\"><\/script><ins class=\"adsbygoogle\" style=\"display:block;\" data-ad-client=\"ca-pub-4089586018074219\" \ndata-ad-slot=\"2087940154\" \ndata-ad-format=\"auto\"><\/ins>\n<script> \n(adsbygoogle = window.adsbygoogle || []).push({}); \n<\/script>\n<\/div>\n<p>Le S\u00e9n\u00e9gal, qui se retrouve dans le groupe L avec le Burkina-Faso, le Burundi et le Malawi, va disputer son premier match \u00e0 Dakar contre les \u00c9talons, avant de faire le d\u00e9placement \u00e0 Giteja pour affronter le Burundi lors de la deuxi\u00e8me journ\u00e9e.<\/p>\n<p>Les Lions du S\u00e9n\u00e9gal vont affronter le Malawi pour la troisi\u00e8me et quatri\u00e8me journ\u00e9e. Une double confrontation qui est pr\u00e9vue entre le 7 et le 15 octobre. La bande d\u2019Aliou Ciss\u00e9 va recevoir \u00e0 Dakar pour la manche aller, avant de se rendre \u00e0 Lilongwe pour la manche retour.<\/p>\n<p>Le match retour face au Burkina-Faso et face au Burundi se jouera lors de la tr\u00eave internationale du 11 au 19 novembre. Les deux premiers du groupe vont valider leur ticket pour la prochaine CAN au Maroc.<\/p>\n<div class=\"publi-apres-le-contenu\" style=\"margin-top: 10px;margin-bottom: 10px;margin-left: auto;margin-right: auto;text-align: center;\" id=\"publi-3328223012\"><div class=\"publi-adlabel\">Publicit\u00e9<\/div><script async src=\"\/\/pagead2.googlesyndication.com\/pagead\/js\/adsbygoogle.js?client=ca-pub-4089586018074219\" crossorigin=\"anonymous\"><\/script><ins class=\"adsbygoogle\" style=\"display:block;\" data-ad-client=\"ca-pub-4089586018074219\" \ndata-ad-slot=\"2087940154\" \ndata-ad-format=\"auto\"><\/ins>\n<script> \n(adsbygoogle = window.adsbygoogle || []).push({}); \n<\/script>\n<\/div>","protected":false},"excerpt":{"rendered":"<p>L&rsquo;\u00e9quipe nationale du s\u00e9n\u00e9gal connait son calendrier complet des \u00e9liminatoires pour la Coupe d&rsquo;Afrique des nations (CAN) 2025, qui aura lieu au Maroc. Le S\u00e9n\u00e9gal, qui se retrouve dans le groupe L avec le Burkina-Faso, le Burundi et le Malawi, va disputer son premier match \u00e0 Dakar contre les \u00c9talons, avant de faire le d\u00e9placement \u00e0 Giteja pour affronter le Burundi lors de la deuxi\u00e8me journ\u00e9e. Les Lions du S\u00e9n\u00e9gal vont affronter le Malawi pour la troisi\u00e8me et quatri\u00e8me journ\u00e9e. Une double confrontation qui est pr\u00e9vue entre le 7 et le 15 octobre. La bande d\u2019Aliou Ciss\u00e9 va recevoir \u00e0 Dakar pour la manche aller, avant de se rendre \u00e0 Lilongwe pour la manche retour. Le match retour face au Burkina-Faso et face au Burundi se jouera lors de la tr\u00eave internationale du 11 au 19 novembre. Les deux premiers du groupe vont valider leur ticket pour la prochaine CAN au Maroc.<\/p>\n","protected":false},"author":15,"featured_media":33970,"comment_status":"open","ping_status":"open","sticky":false,"template":"","format":"standard","meta":{"_jetpack_memberships_contains_paid_content":false,"footnotes":""},"categories":[375,550,3412,3728,1,7],"tags":[6476,6477,49,766],"class_list":["post-33967","post","type-post","status-publish","format-standard","has-post-thumbnail","hentry","category-actualites","category-afrique-monde","category-football","category-internationale","category-non-classe","category-sport","tag-calendrier-complet","tag-eliminatoires-can-2025","tag-lions-du-senegal","tag-senegal","entry","has-media","owp-thumbs-layout-horizontal","owp-btn-normal","owp-tabs-layout-horizontal","has-no-thumbnails","has-product-nav"],"yoast_head":"<!-- This site is optimized with the Yoast SEO plugin v25.5 - https:\/\/yoast.com\/wordpress\/plugins\/seo\/ -->\n<title>\u00c9liminatoires CAN 2025 : le programme complet des lions du S\u00e9n\u00e9gal - LE PUBLIC<\/title>\n<meta name=\"robots\" content=\"index, follow, max-snippet:-1, max-image-preview:large, max-video-preview:-1\" \/>\n<link rel=\"canonical\" href=\"https:\/\/www.public.sn\/index.php\/2024\/07\/08\/eliminatoires-can-2025-le-programme-complet-des-lions-du-senegal\/\" \/>\n<meta property=\"og:locale\" content=\"fr_FR\" \/>\n<meta property=\"og:type\" content=\"article\" \/>\n<meta property=\"og:title\" content=\"\u00c9liminatoires CAN 2025 : le programme complet des lions du S\u00e9n\u00e9gal - LE PUBLIC\" \/>\n<meta property=\"og:description\" content=\"L&rsquo;\u00e9quipe nationale du s\u00e9n\u00e9gal connait son calendrier complet des \u00e9liminatoires pour la Coupe d&rsquo;Afrique des nations (CAN) 2025, qui aura lieu au Maroc. Le S\u00e9n\u00e9gal, qui se retrouve dans le groupe L avec le Burkina-Faso, le Burundi et le Malawi, va disputer son premier match \u00e0 Dakar contre les \u00c9talons, avant de faire le d\u00e9placement \u00e0 Giteja pour affronter le Burundi lors de la deuxi\u00e8me journ\u00e9e. Les Lions du S\u00e9n\u00e9gal vont affronter le Malawi pour la troisi\u00e8me et quatri\u00e8me journ\u00e9e. Une double confrontation qui est pr\u00e9vue entre le 7 et le 15 octobre. La bande d\u2019Aliou Ciss\u00e9 va recevoir \u00e0 Dakar pour la manche aller, avant de se rendre \u00e0 Lilongwe pour la manche retour. Le match retour face au Burkina-Faso et face au Burundi se jouera lors de la tr\u00eave internationale du 11 au 19 novembre. Les deux premiers du groupe vont valider leur ticket pour la prochaine CAN au Maroc.\" \/>\n<meta property=\"og:url\" content=\"https:\/\/www.public.sn\/index.php\/2024\/07\/08\/eliminatoires-can-2025-le-programme-complet-des-lions-du-senegal\/\" \/>\n<meta property=\"og:site_name\" content=\"LE PUBLIC\" \/>\n<meta property=\"article:published_time\" content=\"2024-07-08T18:10:08+00:00\" \/>\n<meta property=\"og:image\" content=\"https:\/\/www.public.sn\/wp-content\/uploads\/2024\/07\/81361752-58618576.jpg\" \/>\n\t<meta property=\"og:image:width\" content=\"551\" \/>\n\t<meta property=\"og:image:height\" content=\"613\" \/>\n\t<meta property=\"og:image:type\" content=\"image\/jpeg\" \/>\n<meta name=\"author\" content=\"Baye Amath THIAM\" \/>\n<meta name=\"twitter:card\" content=\"summary_large_image\" \/>\n<meta name=\"twitter:label1\" content=\"\u00c9crit par\" \/>\n\t<meta name=\"twitter:data1\" content=\"Baye Amath THIAM\" \/>\n\t<meta name=\"twitter:label2\" content=\"Dur\u00e9e de lecture estim\u00e9e\" \/>\n\t<meta name=\"twitter:data2\" content=\"2 minutes\" \/>\n<script type=\"application\/ld+json\" class=\"yoast-schema-graph\">{\"@context\":\"https:\/\/schema.org\",\"@graph\":[{\"@type\":\"Article\",\"@id\":\"https:\/\/www.public.sn\/index.php\/2024\/07\/08\/eliminatoires-can-2025-le-programme-complet-des-lions-du-senegal\/#article\",\"isPartOf\":{\"@id\":\"https:\/\/www.public.sn\/index.php\/2024\/07\/08\/eliminatoires-can-2025-le-programme-complet-des-lions-du-senegal\/\"},\"author\":{\"name\":\"Baye Amath THIAM\",\"@id\":\"https:\/\/www.public.sn\/#\/schema\/person\/f77cd9ce05d8fb925eb038378ee6899d\"},\"headline\":\"\u00c9liminatoires CAN 2025 : le programme complet des lions du S\u00e9n\u00e9gal\",\"datePublished\":\"2024-07-08T18:10:08+00:00\",\"mainEntityOfPage\":{\"@id\":\"https:\/\/www.public.sn\/index.php\/2024\/07\/08\/eliminatoires-can-2025-le-programme-complet-des-lions-du-senegal\/\"},\"wordCount\":170,\"commentCount\":0,\"publisher\":{\"@id\":\"https:\/\/www.public.sn\/#organization\"},\"image\":{\"@id\":\"https:\/\/www.public.sn\/index.php\/2024\/07\/08\/eliminatoires-can-2025-le-programme-complet-des-lions-du-senegal\/#primaryimage\"},\"thumbnailUrl\":\"https:\/\/www.public.sn\/wp-content\/uploads\/2024\/07\/81361752-58618576.jpg\",\"keywords\":[\"calendrier complet\",\"\u00c9liminatoires CAN 2025\",\"Lions du S\u00e9n\u00e9gal\",\"S\u00e9n\u00e9gal\"],\"articleSection\":[\"ACTUALIT\u00c9S\",\"AFRIQUE &amp; MONDE\",\"FOOTBALL\",\"internationale\",\"S\u00c9N\u00c9GAL\",\"SPORTS\"],\"inLanguage\":\"fr-FR\",\"potentialAction\":[{\"@type\":\"CommentAction\",\"name\":\"Comment\",\"target\":[\"https:\/\/www.public.sn\/index.php\/2024\/07\/08\/eliminatoires-can-2025-le-programme-complet-des-lions-du-senegal\/#respond\"]}]},{\"@type\":\"WebPage\",\"@id\":\"https:\/\/www.public.sn\/index.php\/2024\/07\/08\/eliminatoires-can-2025-le-programme-complet-des-lions-du-senegal\/\",\"url\":\"https:\/\/www.public.sn\/index.php\/2024\/07\/08\/eliminatoires-can-2025-le-programme-complet-des-lions-du-senegal\/\",\"name\":\"\u00c9liminatoires CAN 2025 : le programme complet des lions du S\u00e9n\u00e9gal - LE PUBLIC\",\"isPartOf\":{\"@id\":\"https:\/\/www.public.sn\/#website\"},\"primaryImageOfPage\":{\"@id\":\"https:\/\/www.public.sn\/index.php\/2024\/07\/08\/eliminatoires-can-2025-le-programme-complet-des-lions-du-senegal\/#primaryimage\"},\"image\":{\"@id\":\"https:\/\/www.public.sn\/index.php\/2024\/07\/08\/eliminatoires-can-2025-le-programme-complet-des-lions-du-senegal\/#primaryimage\"},\"thumbnailUrl\":\"https:\/\/www.public.sn\/wp-content\/uploads\/2024\/07\/81361752-58618576.jpg\",\"datePublished\":\"2024-07-08T18:10:08+00:00\",\"breadcrumb\":{\"@id\":\"https:\/\/www.public.sn\/index.php\/2024\/07\/08\/eliminatoires-can-2025-le-programme-complet-des-lions-du-senegal\/#breadcrumb\"},\"inLanguage\":\"fr-FR\",\"potentialAction\":[{\"@type\":\"ReadAction\",\"target\":[\"https:\/\/www.public.sn\/index.php\/2024\/07\/08\/eliminatoires-can-2025-le-programme-complet-des-lions-du-senegal\/\"]}]},{\"@type\":\"ImageObject\",\"inLanguage\":\"fr-FR\",\"@id\":\"https:\/\/www.public.sn\/index.php\/2024\/07\/08\/eliminatoires-can-2025-le-programme-complet-des-lions-du-senegal\/#primaryimage\",\"url\":\"https:\/\/www.public.sn\/wp-content\/uploads\/2024\/07\/81361752-58618576.jpg\",\"contentUrl\":\"https:\/\/www.public.sn\/wp-content\/uploads\/2024\/07\/81361752-58618576.jpg\",\"width\":551,\"height\":613},{\"@type\":\"BreadcrumbList\",\"@id\":\"https:\/\/www.public.sn\/index.php\/2024\/07\/08\/eliminatoires-can-2025-le-programme-complet-des-lions-du-senegal\/#breadcrumb\",\"itemListElement\":[{\"@type\":\"ListItem\",\"position\":1,\"name\":\"Accueil\",\"item\":\"https:\/\/www.public.sn\/\"},{\"@type\":\"ListItem\",\"position\":2,\"name\":\"\u00c9liminatoires CAN 2025 : le programme complet des lions du S\u00e9n\u00e9gal\"}]},{\"@type\":\"WebSite\",\"@id\":\"https:\/\/www.public.sn\/#website\",\"url\":\"https:\/\/www.public.sn\/\",\"name\":\"LE PUBLIC\",\"description\":\"\",\"publisher\":{\"@id\":\"https:\/\/www.public.sn\/#organization\"},\"potentialAction\":[{\"@type\":\"SearchAction\",\"target\":{\"@type\":\"EntryPoint\",\"urlTemplate\":\"https:\/\/www.public.sn\/?s={search_term_string}\"},\"query-input\":{\"@type\":\"PropertyValueSpecification\",\"valueRequired\":true,\"valueName\":\"search_term_string\"}}],\"inLanguage\":\"fr-FR\"},{\"@type\":\"Organization\",\"@id\":\"https:\/\/www.public.sn\/#organization\",\"name\":\"LE PUBLIC\",\"url\":\"https:\/\/www.public.sn\/\",\"logo\":{\"@type\":\"ImageObject\",\"inLanguage\":\"fr-FR\",\"@id\":\"https:\/\/www.public.sn\/#\/schema\/logo\/image\/\",\"url\":\"https:\/\/www.public.sn\/wp-content\/uploads\/2024\/05\/cropped-LOGO-PUBLIC.SN_.png\",\"contentUrl\":\"https:\/\/www.public.sn\/wp-content\/uploads\/2024\/05\/cropped-LOGO-PUBLIC.SN_.png\",\"width\":682,\"height\":192,\"caption\":\"LE PUBLIC\"},\"image\":{\"@id\":\"https:\/\/www.public.sn\/#\/schema\/logo\/image\/\"}},{\"@type\":\"Person\",\"@id\":\"https:\/\/www.public.sn\/#\/schema\/person\/f77cd9ce05d8fb925eb038378ee6899d\",\"name\":\"Baye Amath THIAM\",\"image\":{\"@type\":\"ImageObject\",\"inLanguage\":\"fr-FR\",\"@id\":\"https:\/\/www.public.sn\/#\/schema\/person\/image\/\",\"url\":\"https:\/\/secure.gravatar.com\/avatar\/7eb863ef1336b6f8a2ad921469701e52f094a61c698fab02f5af742ed813612d?s=96&d=mm&r=g\",\"contentUrl\":\"https:\/\/secure.gravatar.com\/avatar\/7eb863ef1336b6f8a2ad921469701e52f094a61c698fab02f5af742ed813612d?s=96&d=mm&r=g\",\"caption\":\"Baye Amath THIAM\"},\"url\":\"https:\/\/www.public.sn\/index.php\/author\/thiamba24\/\"}]}<\/script>\n<!-- \/ Yoast SEO plugin. -->","yoast_head_json":{"title":"\u00c9liminatoires CAN 2025 : le programme complet des lions du S\u00e9n\u00e9gal - LE PUBLIC","robots":{"index":"index","follow":"follow","max-snippet":"max-snippet:-1","max-image-preview":"max-image-preview:large","max-video-preview":"max-video-preview:-1"},"canonical":"https:\/\/www.public.sn\/index.php\/2024\/07\/08\/eliminatoires-can-2025-le-programme-complet-des-lions-du-senegal\/","og_locale":"fr_FR","og_type":"article","og_title":"\u00c9liminatoires CAN 2025 : le programme complet des lions du S\u00e9n\u00e9gal - LE PUBLIC","og_description":"L&rsquo;\u00e9quipe nationale du s\u00e9n\u00e9gal connait son calendrier complet des \u00e9liminatoires pour la Coupe d&rsquo;Afrique des nations (CAN) 2025, qui aura lieu au Maroc. Le S\u00e9n\u00e9gal, qui se retrouve dans le groupe L avec le Burkina-Faso, le Burundi et le Malawi, va disputer son premier match \u00e0 Dakar contre les \u00c9talons, avant de faire le d\u00e9placement \u00e0 Giteja pour affronter le Burundi lors de la deuxi\u00e8me journ\u00e9e. Les Lions du S\u00e9n\u00e9gal vont affronter le Malawi pour la troisi\u00e8me et quatri\u00e8me journ\u00e9e. Une double confrontation qui est pr\u00e9vue entre le 7 et le 15 octobre. La bande d\u2019Aliou Ciss\u00e9 va recevoir \u00e0 Dakar pour la manche aller, avant de se rendre \u00e0 Lilongwe pour la manche retour. Le match retour face au Burkina-Faso et face au Burundi se jouera lors de la tr\u00eave internationale du 11 au 19 novembre. Les deux premiers du groupe vont valider leur ticket pour la prochaine CAN au Maroc.","og_url":"https:\/\/www.public.sn\/index.php\/2024\/07\/08\/eliminatoires-can-2025-le-programme-complet-des-lions-du-senegal\/","og_site_name":"LE PUBLIC","article_published_time":"2024-07-08T18:10:08+00:00","og_image":[{"width":551,"height":613,"url":"https:\/\/www.public.sn\/wp-content\/uploads\/2024\/07\/81361752-58618576.jpg","type":"image\/jpeg"}],"author":"Baye Amath THIAM","twitter_card":"summary_large_image","twitter_misc":{"\u00c9crit par":"Baye Amath THIAM","Dur\u00e9e de lecture estim\u00e9e":"2 minutes"},"schema":{"@context":"https:\/\/schema.org","@graph":[{"@type":"Article","@id":"https:\/\/www.public.sn\/index.php\/2024\/07\/08\/eliminatoires-can-2025-le-programme-complet-des-lions-du-senegal\/#article","isPartOf":{"@id":"https:\/\/www.public.sn\/index.php\/2024\/07\/08\/eliminatoires-can-2025-le-programme-complet-des-lions-du-senegal\/"},"author":{"name":"Baye Amath THIAM","@id":"https:\/\/www.public.sn\/#\/schema\/person\/f77cd9ce05d8fb925eb038378ee6899d"},"headline":"\u00c9liminatoires CAN 2025 : le programme complet des lions du S\u00e9n\u00e9gal","datePublished":"2024-07-08T18:10:08+00:00","mainEntityOfPage":{"@id":"https:\/\/www.public.sn\/index.php\/2024\/07\/08\/eliminatoires-can-2025-le-programme-complet-des-lions-du-senegal\/"},"wordCount":170,"commentCount":0,"publisher":{"@id":"https:\/\/www.public.sn\/#organization"},"image":{"@id":"https:\/\/www.public.sn\/index.php\/2024\/07\/08\/eliminatoires-can-2025-le-programme-complet-des-lions-du-senegal\/#primaryimage"},"thumbnailUrl":"https:\/\/www.public.sn\/wp-content\/uploads\/2024\/07\/81361752-58618576.jpg","keywords":["calendrier complet","\u00c9liminatoires CAN 2025","Lions du S\u00e9n\u00e9gal","S\u00e9n\u00e9gal"],"articleSection":["ACTUALIT\u00c9S","AFRIQUE &amp; MONDE","FOOTBALL","internationale","S\u00c9N\u00c9GAL","SPORTS"],"inLanguage":"fr-FR","potentialAction":[{"@type":"CommentAction","name":"Comment","target":["https:\/\/www.public.sn\/index.php\/2024\/07\/08\/eliminatoires-can-2025-le-programme-complet-des-lions-du-senegal\/#respond"]}]},{"@type":"WebPage","@id":"https:\/\/www.public.sn\/index.php\/2024\/07\/08\/eliminatoires-can-2025-le-programme-complet-des-lions-du-senegal\/","url":"https:\/\/www.public.sn\/index.php\/2024\/07\/08\/eliminatoires-can-2025-le-programme-complet-des-lions-du-senegal\/","name":"\u00c9liminatoires CAN 2025 : le programme complet des lions du S\u00e9n\u00e9gal - LE PUBLIC","isPartOf":{"@id":"https:\/\/www.public.sn\/#website"},"primaryImageOfPage":{"@id":"https:\/\/www.public.sn\/index.php\/2024\/07\/08\/eliminatoires-can-2025-le-programme-complet-des-lions-du-senegal\/#primaryimage"},"image":{"@id":"https:\/\/www.public.sn\/index.php\/2024\/07\/08\/eliminatoires-can-2025-le-programme-complet-des-lions-du-senegal\/#primaryimage"},"thumbnailUrl":"https:\/\/www.public.sn\/wp-content\/uploads\/2024\/07\/81361752-58618576.jpg","datePublished":"2024-07-08T18:10:08+00:00","breadcrumb":{"@id":"https:\/\/www.public.sn\/index.php\/2024\/07\/08\/eliminatoires-can-2025-le-programme-complet-des-lions-du-senegal\/#breadcrumb"},"inLanguage":"fr-FR","potentialAction":[{"@type":"ReadAction","target":["https:\/\/www.public.sn\/index.php\/2024\/07\/08\/eliminatoires-can-2025-le-programme-complet-des-lions-du-senegal\/"]}]},{"@type":"ImageObject","inLanguage":"fr-FR","@id":"https:\/\/www.public.sn\/index.php\/2024\/07\/08\/eliminatoires-can-2025-le-programme-complet-des-lions-du-senegal\/#primaryimage","url":"https:\/\/www.public.sn\/wp-content\/uploads\/2024\/07\/81361752-58618576.jpg","contentUrl":"https:\/\/www.public.sn\/wp-content\/uploads\/2024\/07\/81361752-58618576.jpg","width":551,"height":613},{"@type":"BreadcrumbList","@id":"https:\/\/www.public.sn\/index.php\/2024\/07\/08\/eliminatoires-can-2025-le-programme-complet-des-lions-du-senegal\/#breadcrumb","itemListElement":[{"@type":"ListItem","position":1,"name":"Accueil","item":"https:\/\/www.public.sn\/"},{"@type":"ListItem","position":2,"name":"\u00c9liminatoires CAN 2025 : le programme complet des lions du S\u00e9n\u00e9gal"}]},{"@type":"WebSite","@id":"https:\/\/www.public.sn\/#website","url":"https:\/\/www.public.sn\/","name":"LE PUBLIC","description":"","publisher":{"@id":"https:\/\/www.public.sn\/#organization"},"potentialAction":[{"@type":"SearchAction","target":{"@type":"EntryPoint","urlTemplate":"https:\/\/www.public.sn\/?s={search_term_string}"},"query-input":{"@type":"PropertyValueSpecification","valueRequired":true,"valueName":"search_term_string"}}],"inLanguage":"fr-FR"},{"@type":"Organization","@id":"https:\/\/www.public.sn\/#organization","name":"LE PUBLIC","url":"https:\/\/www.public.sn\/","logo":{"@type":"ImageObject","inLanguage":"fr-FR","@id":"https:\/\/www.public.sn\/#\/schema\/logo\/image\/","url":"https:\/\/www.public.sn\/wp-content\/uploads\/2024\/05\/cropped-LOGO-PUBLIC.SN_.png","contentUrl":"https:\/\/www.public.sn\/wp-content\/uploads\/2024\/05\/cropped-LOGO-PUBLIC.SN_.png","width":682,"height":192,"caption":"LE PUBLIC"},"image":{"@id":"https:\/\/www.public.sn\/#\/schema\/logo\/image\/"}},{"@type":"Person","@id":"https:\/\/www.public.sn\/#\/schema\/person\/f77cd9ce05d8fb925eb038378ee6899d","name":"Baye Amath THIAM","image":{"@type":"ImageObject","inLanguage":"fr-FR","@id":"https:\/\/www.public.sn\/#\/schema\/person\/image\/","url":"https:\/\/secure.gravatar.com\/avatar\/7eb863ef1336b6f8a2ad921469701e52f094a61c698fab02f5af742ed813612d?s=96&d=mm&r=g","contentUrl":"https:\/\/secure.gravatar.com\/avatar\/7eb863ef1336b6f8a2ad921469701e52f094a61c698fab02f5af742ed813612d?s=96&d=mm&r=g","caption":"Baye Amath THIAM"},"url":"https:\/\/www.public.sn\/index.php\/author\/thiamba24\/"}]}},"jetpack_featured_media_url":"https:\/\/www.public.sn\/wp-content\/uploads\/2024\/07\/81361752-58618576.jpg","jetpack_sharing_enabled":true,"_links":{"self":[{"href":"https:\/\/www.public.sn\/index.php\/wp-json\/wp\/v2\/posts\/33967","targetHints":{"allow":["GET"]}}],"collection":[{"href":"https:\/\/www.public.sn\/index.php\/wp-json\/wp\/v2\/posts"}],"about":[{"href":"https:\/\/www.public.sn\/index.php\/wp-json\/wp\/v2\/types\/post"}],"author":[{"embeddable":true,"href":"https:\/\/www.public.sn\/index.php\/wp-json\/wp\/v2\/users\/15"}],"replies":[{"embeddable":true,"href":"https:\/\/www.public.sn\/index.php\/wp-json\/wp\/v2\/comments?post=33967"}],"version-history":[{"count":2,"href":"https:\/\/www.public.sn\/index.php\/wp-json\/wp\/v2\/posts\/33967\/revisions"}],"predecessor-version":[{"id":33971,"href":"https:\/\/www.public.sn\/index.php\/wp-json\/wp\/v2\/posts\/33967\/revisions\/33971"}],"wp:featuredmedia":[{"embeddable":true,"href":"https:\/\/www.public.sn\/index.php\/wp-json\/wp\/v2\/media\/33970"}],"wp:attachment":[{"href":"https:\/\/www.public.sn\/index.php\/wp-json\/wp\/v2\/media?parent=33967"}],"wp:term":[{"taxonomy":"category","embeddable":true,"href":"https:\/\/www.public.sn\/index.php\/wp-json\/wp\/v2\/categories?post=33967"},{"taxonomy":"post_tag","embeddable":true,"href":"https:\/\/www.public.sn\/index.php\/wp-json\/wp\/v2\/tags?post=33967"}],"curies":[{"name":"wp","href":"https:\/\/api.w.org\/{rel}","templated":true}]}}