{"id":34012,"date":"2024-07-09T18:13:42","date_gmt":"2024-07-09T18:13:42","guid":{"rendered":"https:\/\/www.public.sn\/?p=34012"},"modified":"2024-07-09T18:14:35","modified_gmt":"2024-07-09T18:14:35","slug":"visite-chez-les-khalifes-ousmane-sonko-se-rend-a-touba-et-a-tivaoune","status":"publish","type":"post","link":"https:\/\/www.public.sn\/index.php\/2024\/07\/09\/visite-chez-les-khalifes-ousmane-sonko-se-rend-a-touba-et-a-tivaoune\/","title":{"rendered":"Visite chez les khalifes g\u00e9n\u00e9raux: Ousmane Sonko se rend \u00e0 Touba et \u00e0 Tivaoune"},"content":{"rendered":"<p>Le premier ministre Ousmane Sonko a rendu visite ce mardi matin au khalife g\u00e9n\u00e9ral des mourides, Serigne Mountakha Mback\u00e9, \u00e0 touba.<\/p><div class=\"publi-paragraphe1\" style=\"margin-top: 10px;margin-bottom: 10px;margin-left: auto;margin-right: auto;text-align: center;\" id=\"publi-3455432769\"><div class=\"publi-adlabel\">Publicit\u00e9<\/div><script async src=\"\/\/pagead2.googlesyndication.com\/pagead\/js\/adsbygoogle.js?client=ca-pub-4089586018074219\" crossorigin=\"anonymous\"><\/script><ins class=\"adsbygoogle\" style=\"display:block;\" data-ad-client=\"ca-pub-4089586018074219\" \ndata-ad-slot=\"2087940154\" \ndata-ad-format=\"auto\"><\/ins>\n<script> \n(adsbygoogle = window.adsbygoogle || []).push({}); \n<\/script>\n<\/div>\n<p>Par la suite, le chef du gouvernement s&rsquo;est rendu \u00e0 tivaoune o\u00f9 il a \u00e9t\u00e9 re\u00e7u par Serigne Babacar Sy Mansour, lors d&rsquo;une visite priv\u00e9e.<\/p>\n<p>Les discussions ont port\u00e9 selon les sources sur le \u00ab\u00a0projet\u00a0\u00bb visant \u00e0 promouvoir la prosp\u00e9rit\u00e9 et le d\u00e9veloppement du S\u00e9n\u00e9gal.<\/p>\n<div class=\"publi-apres-le-contenu\" style=\"margin-top: 10px;margin-bottom: 10px;margin-left: auto;margin-right: auto;text-align: center;\" id=\"publi-2170299235\"><div class=\"publi-adlabel\">Publicit\u00e9<\/div><script async src=\"\/\/pagead2.googlesyndication.com\/pagead\/js\/adsbygoogle.js?client=ca-pub-4089586018074219\" crossorigin=\"anonymous\"><\/script><ins class=\"adsbygoogle\" style=\"display:block;\" data-ad-client=\"ca-pub-4089586018074219\" \ndata-ad-slot=\"2087940154\" \ndata-ad-format=\"auto\"><\/ins>\n<script> \n(adsbygoogle = window.adsbygoogle || []).push({}); \n<\/script>\n<\/div>","protected":false},"excerpt":{"rendered":"<p>Le premier ministre Ousmane Sonko a rendu visite ce mardi matin au khalife g\u00e9n\u00e9ral des mourides, Serigne Mountakha Mback\u00e9, \u00e0 touba. Par la suite, le chef du gouvernement s&rsquo;est rendu \u00e0 tivaoune o\u00f9 il a \u00e9t\u00e9 re\u00e7u par Serigne Babacar Sy Mansour, lors d&rsquo;une visite priv\u00e9e. Les discussions ont port\u00e9 selon les sources sur le \u00ab\u00a0projet\u00a0\u00bb visant \u00e0 promouvoir la prosp\u00e9rit\u00e9 et le d\u00e9veloppement du S\u00e9n\u00e9gal.<\/p>\n","protected":false},"author":15,"featured_media":34026,"comment_status":"open","ping_status":"open","sticky":false,"template":"","format":"standard","meta":{"_jetpack_memberships_contains_paid_content":false,"footnotes":""},"categories":[375,961,872,878,1],"tags":[16,6490,6489,169,69],"class_list":["post-34012","post","type-post","status-publish","format-standard","has-post-thumbnail","hentry","category-actualites","category-medias","category-photos","category-religion","category-non-classe","tag-ousmane-sonko","tag-projet","tag-serigne-babacar-sy-mansour","tag-serigne-mountakha-mbacke","tag-touba","entry","has-media","owp-thumbs-layout-horizontal","owp-btn-normal","owp-tabs-layout-horizontal","has-no-thumbnails","has-product-nav"],"yoast_head":"<!-- This site is optimized with the Yoast SEO plugin v25.5 - https:\/\/yoast.com\/wordpress\/plugins\/seo\/ -->\n<title>Visite chez les khalifes g\u00e9n\u00e9raux: Ousmane Sonko se rend \u00e0 Touba et \u00e0 Tivaoune - LE PUBLIC<\/title>\n<meta name=\"robots\" content=\"index, follow, max-snippet:-1, max-image-preview:large, max-video-preview:-1\" \/>\n<link rel=\"canonical\" href=\"https:\/\/www.public.sn\/index.php\/2024\/07\/09\/visite-chez-les-khalifes-ousmane-sonko-se-rend-a-touba-et-a-tivaoune\/\" \/>\n<meta property=\"og:locale\" content=\"fr_FR\" \/>\n<meta property=\"og:type\" content=\"article\" \/>\n<meta property=\"og:title\" content=\"Visite chez les khalifes g\u00e9n\u00e9raux: Ousmane Sonko se rend \u00e0 Touba et \u00e0 Tivaoune - LE PUBLIC\" \/>\n<meta property=\"og:description\" content=\"Le premier ministre Ousmane Sonko a rendu visite ce mardi matin au khalife g\u00e9n\u00e9ral des mourides, Serigne Mountakha Mback\u00e9, \u00e0 touba. Par la suite, le chef du gouvernement s&rsquo;est rendu \u00e0 tivaoune o\u00f9 il a \u00e9t\u00e9 re\u00e7u par Serigne Babacar Sy Mansour, lors d&rsquo;une visite priv\u00e9e. Les discussions ont port\u00e9 selon les sources sur le \u00ab\u00a0projet\u00a0\u00bb visant \u00e0 promouvoir la prosp\u00e9rit\u00e9 et le d\u00e9veloppement du S\u00e9n\u00e9gal.\" \/>\n<meta property=\"og:url\" content=\"https:\/\/www.public.sn\/index.php\/2024\/07\/09\/visite-chez-les-khalifes-ousmane-sonko-se-rend-a-touba-et-a-tivaoune\/\" \/>\n<meta property=\"og:site_name\" content=\"LE PUBLIC\" \/>\n<meta property=\"article:published_time\" content=\"2024-07-09T18:13:42+00:00\" \/>\n<meta property=\"article:modified_time\" content=\"2024-07-09T18:14:35+00:00\" \/>\n<meta property=\"og:image\" content=\"https:\/\/www.public.sn\/wp-content\/uploads\/2024\/07\/Presentation-rapport-statistique-resultat-sondage-simple-professionnel-24.jpg\" \/>\n\t<meta property=\"og:image:width\" content=\"1600\" \/>\n\t<meta property=\"og:image:height\" content=\"900\" \/>\n\t<meta property=\"og:image:type\" content=\"image\/jpeg\" \/>\n<meta name=\"author\" content=\"Baye Amath THIAM\" \/>\n<meta name=\"twitter:card\" content=\"summary_large_image\" \/>\n<meta name=\"twitter:label1\" content=\"\u00c9crit par\" \/>\n\t<meta name=\"twitter:data1\" content=\"Baye Amath THIAM\" \/>\n\t<meta name=\"twitter:label2\" content=\"Dur\u00e9e de lecture estim\u00e9e\" \/>\n\t<meta name=\"twitter:data2\" content=\"1 minute\" \/>\n<script type=\"application\/ld+json\" class=\"yoast-schema-graph\">{\"@context\":\"https:\/\/schema.org\",\"@graph\":[{\"@type\":\"Article\",\"@id\":\"https:\/\/www.public.sn\/index.php\/2024\/07\/09\/visite-chez-les-khalifes-ousmane-sonko-se-rend-a-touba-et-a-tivaoune\/#article\",\"isPartOf\":{\"@id\":\"https:\/\/www.public.sn\/index.php\/2024\/07\/09\/visite-chez-les-khalifes-ousmane-sonko-se-rend-a-touba-et-a-tivaoune\/\"},\"author\":{\"name\":\"Baye Amath THIAM\",\"@id\":\"https:\/\/www.public.sn\/#\/schema\/person\/f77cd9ce05d8fb925eb038378ee6899d\"},\"headline\":\"Visite chez les khalifes g\u00e9n\u00e9raux: Ousmane Sonko se rend \u00e0 Touba et \u00e0 Tivaoune\",\"datePublished\":\"2024-07-09T18:13:42+00:00\",\"dateModified\":\"2024-07-09T18:14:35+00:00\",\"mainEntityOfPage\":{\"@id\":\"https:\/\/www.public.sn\/index.php\/2024\/07\/09\/visite-chez-les-khalifes-ousmane-sonko-se-rend-a-touba-et-a-tivaoune\/\"},\"wordCount\":85,\"commentCount\":0,\"publisher\":{\"@id\":\"https:\/\/www.public.sn\/#organization\"},\"image\":{\"@id\":\"https:\/\/www.public.sn\/index.php\/2024\/07\/09\/visite-chez-les-khalifes-ousmane-sonko-se-rend-a-touba-et-a-tivaoune\/#primaryimage\"},\"thumbnailUrl\":\"https:\/\/www.public.sn\/wp-content\/uploads\/2024\/07\/Presentation-rapport-statistique-resultat-sondage-simple-professionnel-24.jpg\",\"keywords\":[\"Ousmane Sonko\",\"projet\",\"Serigne Babacar Sy Mansour\",\"S\u00e9rigne Mountakha Mback\u00e9\",\"Touba\"],\"articleSection\":[\"ACTUALIT\u00c9S\",\"M\u00c9DIAS\",\"PHOTOS\",\"RELIGION\",\"S\u00c9N\u00c9GAL\"],\"inLanguage\":\"fr-FR\",\"potentialAction\":[{\"@type\":\"CommentAction\",\"name\":\"Comment\",\"target\":[\"https:\/\/www.public.sn\/index.php\/2024\/07\/09\/visite-chez-les-khalifes-ousmane-sonko-se-rend-a-touba-et-a-tivaoune\/#respond\"]}]},{\"@type\":\"WebPage\",\"@id\":\"https:\/\/www.public.sn\/index.php\/2024\/07\/09\/visite-chez-les-khalifes-ousmane-sonko-se-rend-a-touba-et-a-tivaoune\/\",\"url\":\"https:\/\/www.public.sn\/index.php\/2024\/07\/09\/visite-chez-les-khalifes-ousmane-sonko-se-rend-a-touba-et-a-tivaoune\/\",\"name\":\"Visite chez les khalifes g\u00e9n\u00e9raux: Ousmane Sonko se rend \u00e0 Touba et \u00e0 Tivaoune - LE PUBLIC\",\"isPartOf\":{\"@id\":\"https:\/\/www.public.sn\/#website\"},\"primaryImageOfPage\":{\"@id\":\"https:\/\/www.public.sn\/index.php\/2024\/07\/09\/visite-chez-les-khalifes-ousmane-sonko-se-rend-a-touba-et-a-tivaoune\/#primaryimage\"},\"image\":{\"@id\":\"https:\/\/www.public.sn\/index.php\/2024\/07\/09\/visite-chez-les-khalifes-ousmane-sonko-se-rend-a-touba-et-a-tivaoune\/#primaryimage\"},\"thumbnailUrl\":\"https:\/\/www.public.sn\/wp-content\/uploads\/2024\/07\/Presentation-rapport-statistique-resultat-sondage-simple-professionnel-24.jpg\",\"datePublished\":\"2024-07-09T18:13:42+00:00\",\"dateModified\":\"2024-07-09T18:14:35+00:00\",\"breadcrumb\":{\"@id\":\"https:\/\/www.public.sn\/index.php\/2024\/07\/09\/visite-chez-les-khalifes-ousmane-sonko-se-rend-a-touba-et-a-tivaoune\/#breadcrumb\"},\"inLanguage\":\"fr-FR\",\"potentialAction\":[{\"@type\":\"ReadAction\",\"target\":[\"https:\/\/www.public.sn\/index.php\/2024\/07\/09\/visite-chez-les-khalifes-ousmane-sonko-se-rend-a-touba-et-a-tivaoune\/\"]}]},{\"@type\":\"ImageObject\",\"inLanguage\":\"fr-FR\",\"@id\":\"https:\/\/www.public.sn\/index.php\/2024\/07\/09\/visite-chez-les-khalifes-ousmane-sonko-se-rend-a-touba-et-a-tivaoune\/#primaryimage\",\"url\":\"https:\/\/www.public.sn\/wp-content\/uploads\/2024\/07\/Presentation-rapport-statistique-resultat-sondage-simple-professionnel-24.jpg\",\"contentUrl\":\"https:\/\/www.public.sn\/wp-content\/uploads\/2024\/07\/Presentation-rapport-statistique-resultat-sondage-simple-professionnel-24.jpg\",\"width\":1600,\"height\":900},{\"@type\":\"BreadcrumbList\",\"@id\":\"https:\/\/www.public.sn\/index.php\/2024\/07\/09\/visite-chez-les-khalifes-ousmane-sonko-se-rend-a-touba-et-a-tivaoune\/#breadcrumb\",\"itemListElement\":[{\"@type\":\"ListItem\",\"position\":1,\"name\":\"Accueil\",\"item\":\"https:\/\/www.public.sn\/\"},{\"@type\":\"ListItem\",\"position\":2,\"name\":\"Visite chez les khalifes g\u00e9n\u00e9raux: Ousmane Sonko se rend \u00e0 Touba et \u00e0 Tivaoune\"}]},{\"@type\":\"WebSite\",\"@id\":\"https:\/\/www.public.sn\/#website\",\"url\":\"https:\/\/www.public.sn\/\",\"name\":\"LE PUBLIC\",\"description\":\"\",\"publisher\":{\"@id\":\"https:\/\/www.public.sn\/#organization\"},\"potentialAction\":[{\"@type\":\"SearchAction\",\"target\":{\"@type\":\"EntryPoint\",\"urlTemplate\":\"https:\/\/www.public.sn\/?s={search_term_string}\"},\"query-input\":{\"@type\":\"PropertyValueSpecification\",\"valueRequired\":true,\"valueName\":\"search_term_string\"}}],\"inLanguage\":\"fr-FR\"},{\"@type\":\"Organization\",\"@id\":\"https:\/\/www.public.sn\/#organization\",\"name\":\"LE PUBLIC\",\"url\":\"https:\/\/www.public.sn\/\",\"logo\":{\"@type\":\"ImageObject\",\"inLanguage\":\"fr-FR\",\"@id\":\"https:\/\/www.public.sn\/#\/schema\/logo\/image\/\",\"url\":\"https:\/\/www.public.sn\/wp-content\/uploads\/2024\/05\/cropped-LOGO-PUBLIC.SN_.png\",\"contentUrl\":\"https:\/\/www.public.sn\/wp-content\/uploads\/2024\/05\/cropped-LOGO-PUBLIC.SN_.png\",\"width\":682,\"height\":192,\"caption\":\"LE PUBLIC\"},\"image\":{\"@id\":\"https:\/\/www.public.sn\/#\/schema\/logo\/image\/\"}},{\"@type\":\"Person\",\"@id\":\"https:\/\/www.public.sn\/#\/schema\/person\/f77cd9ce05d8fb925eb038378ee6899d\",\"name\":\"Baye Amath THIAM\",\"image\":{\"@type\":\"ImageObject\",\"inLanguage\":\"fr-FR\",\"@id\":\"https:\/\/www.public.sn\/#\/schema\/person\/image\/\",\"url\":\"https:\/\/secure.gravatar.com\/avatar\/7eb863ef1336b6f8a2ad921469701e52f094a61c698fab02f5af742ed813612d?s=96&d=mm&r=g\",\"contentUrl\":\"https:\/\/secure.gravatar.com\/avatar\/7eb863ef1336b6f8a2ad921469701e52f094a61c698fab02f5af742ed813612d?s=96&d=mm&r=g\",\"caption\":\"Baye Amath THIAM\"},\"url\":\"https:\/\/www.public.sn\/index.php\/author\/thiamba24\/\"}]}<\/script>\n<!-- \/ Yoast SEO plugin. -->","yoast_head_json":{"title":"Visite chez les khalifes g\u00e9n\u00e9raux: Ousmane Sonko se rend \u00e0 Touba et \u00e0 Tivaoune - LE PUBLIC","robots":{"index":"index","follow":"follow","max-snippet":"max-snippet:-1","max-image-preview":"max-image-preview:large","max-video-preview":"max-video-preview:-1"},"canonical":"https:\/\/www.public.sn\/index.php\/2024\/07\/09\/visite-chez-les-khalifes-ousmane-sonko-se-rend-a-touba-et-a-tivaoune\/","og_locale":"fr_FR","og_type":"article","og_title":"Visite chez les khalifes g\u00e9n\u00e9raux: Ousmane Sonko se rend \u00e0 Touba et \u00e0 Tivaoune - LE PUBLIC","og_description":"Le premier ministre Ousmane Sonko a rendu visite ce mardi matin au khalife g\u00e9n\u00e9ral des mourides, Serigne Mountakha Mback\u00e9, \u00e0 touba. Par la suite, le chef du gouvernement s&rsquo;est rendu \u00e0 tivaoune o\u00f9 il a \u00e9t\u00e9 re\u00e7u par Serigne Babacar Sy Mansour, lors d&rsquo;une visite priv\u00e9e. Les discussions ont port\u00e9 selon les sources sur le \u00ab\u00a0projet\u00a0\u00bb visant \u00e0 promouvoir la prosp\u00e9rit\u00e9 et le d\u00e9veloppement du S\u00e9n\u00e9gal.","og_url":"https:\/\/www.public.sn\/index.php\/2024\/07\/09\/visite-chez-les-khalifes-ousmane-sonko-se-rend-a-touba-et-a-tivaoune\/","og_site_name":"LE PUBLIC","article_published_time":"2024-07-09T18:13:42+00:00","article_modified_time":"2024-07-09T18:14:35+00:00","og_image":[{"width":1600,"height":900,"url":"https:\/\/www.public.sn\/wp-content\/uploads\/2024\/07\/Presentation-rapport-statistique-resultat-sondage-simple-professionnel-24.jpg","type":"image\/jpeg"}],"author":"Baye Amath THIAM","twitter_card":"summary_large_image","twitter_misc":{"\u00c9crit par":"Baye Amath THIAM","Dur\u00e9e de lecture estim\u00e9e":"1 minute"},"schema":{"@context":"https:\/\/schema.org","@graph":[{"@type":"Article","@id":"https:\/\/www.public.sn\/index.php\/2024\/07\/09\/visite-chez-les-khalifes-ousmane-sonko-se-rend-a-touba-et-a-tivaoune\/#article","isPartOf":{"@id":"https:\/\/www.public.sn\/index.php\/2024\/07\/09\/visite-chez-les-khalifes-ousmane-sonko-se-rend-a-touba-et-a-tivaoune\/"},"author":{"name":"Baye Amath THIAM","@id":"https:\/\/www.public.sn\/#\/schema\/person\/f77cd9ce05d8fb925eb038378ee6899d"},"headline":"Visite chez les khalifes g\u00e9n\u00e9raux: Ousmane Sonko se rend \u00e0 Touba et \u00e0 Tivaoune","datePublished":"2024-07-09T18:13:42+00:00","dateModified":"2024-07-09T18:14:35+00:00","mainEntityOfPage":{"@id":"https:\/\/www.public.sn\/index.php\/2024\/07\/09\/visite-chez-les-khalifes-ousmane-sonko-se-rend-a-touba-et-a-tivaoune\/"},"wordCount":85,"commentCount":0,"publisher":{"@id":"https:\/\/www.public.sn\/#organization"},"image":{"@id":"https:\/\/www.public.sn\/index.php\/2024\/07\/09\/visite-chez-les-khalifes-ousmane-sonko-se-rend-a-touba-et-a-tivaoune\/#primaryimage"},"thumbnailUrl":"https:\/\/www.public.sn\/wp-content\/uploads\/2024\/07\/Presentation-rapport-statistique-resultat-sondage-simple-professionnel-24.jpg","keywords":["Ousmane Sonko","projet","Serigne Babacar Sy Mansour","S\u00e9rigne Mountakha Mback\u00e9","Touba"],"articleSection":["ACTUALIT\u00c9S","M\u00c9DIAS","PHOTOS","RELIGION","S\u00c9N\u00c9GAL"],"inLanguage":"fr-FR","potentialAction":[{"@type":"CommentAction","name":"Comment","target":["https:\/\/www.public.sn\/index.php\/2024\/07\/09\/visite-chez-les-khalifes-ousmane-sonko-se-rend-a-touba-et-a-tivaoune\/#respond"]}]},{"@type":"WebPage","@id":"https:\/\/www.public.sn\/index.php\/2024\/07\/09\/visite-chez-les-khalifes-ousmane-sonko-se-rend-a-touba-et-a-tivaoune\/","url":"https:\/\/www.public.sn\/index.php\/2024\/07\/09\/visite-chez-les-khalifes-ousmane-sonko-se-rend-a-touba-et-a-tivaoune\/","name":"Visite chez les khalifes g\u00e9n\u00e9raux: Ousmane Sonko se rend \u00e0 Touba et \u00e0 Tivaoune - LE PUBLIC","isPartOf":{"@id":"https:\/\/www.public.sn\/#website"},"primaryImageOfPage":{"@id":"https:\/\/www.public.sn\/index.php\/2024\/07\/09\/visite-chez-les-khalifes-ousmane-sonko-se-rend-a-touba-et-a-tivaoune\/#primaryimage"},"image":{"@id":"https:\/\/www.public.sn\/index.php\/2024\/07\/09\/visite-chez-les-khalifes-ousmane-sonko-se-rend-a-touba-et-a-tivaoune\/#primaryimage"},"thumbnailUrl":"https:\/\/www.public.sn\/wp-content\/uploads\/2024\/07\/Presentation-rapport-statistique-resultat-sondage-simple-professionnel-24.jpg","datePublished":"2024-07-09T18:13:42+00:00","dateModified":"2024-07-09T18:14:35+00:00","breadcrumb":{"@id":"https:\/\/www.public.sn\/index.php\/2024\/07\/09\/visite-chez-les-khalifes-ousmane-sonko-se-rend-a-touba-et-a-tivaoune\/#breadcrumb"},"inLanguage":"fr-FR","potentialAction":[{"@type":"ReadAction","target":["https:\/\/www.public.sn\/index.php\/2024\/07\/09\/visite-chez-les-khalifes-ousmane-sonko-se-rend-a-touba-et-a-tivaoune\/"]}]},{"@type":"ImageObject","inLanguage":"fr-FR","@id":"https:\/\/www.public.sn\/index.php\/2024\/07\/09\/visite-chez-les-khalifes-ousmane-sonko-se-rend-a-touba-et-a-tivaoune\/#primaryimage","url":"https:\/\/www.public.sn\/wp-content\/uploads\/2024\/07\/Presentation-rapport-statistique-resultat-sondage-simple-professionnel-24.jpg","contentUrl":"https:\/\/www.public.sn\/wp-content\/uploads\/2024\/07\/Presentation-rapport-statistique-resultat-sondage-simple-professionnel-24.jpg","width":1600,"height":900},{"@type":"BreadcrumbList","@id":"https:\/\/www.public.sn\/index.php\/2024\/07\/09\/visite-chez-les-khalifes-ousmane-sonko-se-rend-a-touba-et-a-tivaoune\/#breadcrumb","itemListElement":[{"@type":"ListItem","position":1,"name":"Accueil","item":"https:\/\/www.public.sn\/"},{"@type":"ListItem","position":2,"name":"Visite chez les khalifes g\u00e9n\u00e9raux: Ousmane Sonko se rend \u00e0 Touba et \u00e0 Tivaoune"}]},{"@type":"WebSite","@id":"https:\/\/www.public.sn\/#website","url":"https:\/\/www.public.sn\/","name":"LE PUBLIC","description":"","publisher":{"@id":"https:\/\/www.public.sn\/#organization"},"potentialAction":[{"@type":"SearchAction","target":{"@type":"EntryPoint","urlTemplate":"https:\/\/www.public.sn\/?s={search_term_string}"},"query-input":{"@type":"PropertyValueSpecification","valueRequired":true,"valueName":"search_term_string"}}],"inLanguage":"fr-FR"},{"@type":"Organization","@id":"https:\/\/www.public.sn\/#organization","name":"LE PUBLIC","url":"https:\/\/www.public.sn\/","logo":{"@type":"ImageObject","inLanguage":"fr-FR","@id":"https:\/\/www.public.sn\/#\/schema\/logo\/image\/","url":"https:\/\/www.public.sn\/wp-content\/uploads\/2024\/05\/cropped-LOGO-PUBLIC.SN_.png","contentUrl":"https:\/\/www.public.sn\/wp-content\/uploads\/2024\/05\/cropped-LOGO-PUBLIC.SN_.png","width":682,"height":192,"caption":"LE PUBLIC"},"image":{"@id":"https:\/\/www.public.sn\/#\/schema\/logo\/image\/"}},{"@type":"Person","@id":"https:\/\/www.public.sn\/#\/schema\/person\/f77cd9ce05d8fb925eb038378ee6899d","name":"Baye Amath THIAM","image":{"@type":"ImageObject","inLanguage":"fr-FR","@id":"https:\/\/www.public.sn\/#\/schema\/person\/image\/","url":"https:\/\/secure.gravatar.com\/avatar\/7eb863ef1336b6f8a2ad921469701e52f094a61c698fab02f5af742ed813612d?s=96&d=mm&r=g","contentUrl":"https:\/\/secure.gravatar.com\/avatar\/7eb863ef1336b6f8a2ad921469701e52f094a61c698fab02f5af742ed813612d?s=96&d=mm&r=g","caption":"Baye Amath THIAM"},"url":"https:\/\/www.public.sn\/index.php\/author\/thiamba24\/"}]}},"jetpack_featured_media_url":"https:\/\/www.public.sn\/wp-content\/uploads\/2024\/07\/Presentation-rapport-statistique-resultat-sondage-simple-professionnel-24.jpg","jetpack_sharing_enabled":true,"_links":{"self":[{"href":"https:\/\/www.public.sn\/index.php\/wp-json\/wp\/v2\/posts\/34012","targetHints":{"allow":["GET"]}}],"collection":[{"href":"https:\/\/www.public.sn\/index.php\/wp-json\/wp\/v2\/posts"}],"about":[{"href":"https:\/\/www.public.sn\/index.php\/wp-json\/wp\/v2\/types\/post"}],"author":[{"embeddable":true,"href":"https:\/\/www.public.sn\/index.php\/wp-json\/wp\/v2\/users\/15"}],"replies":[{"embeddable":true,"href":"https:\/\/www.public.sn\/index.php\/wp-json\/wp\/v2\/comments?post=34012"}],"version-history":[{"count":2,"href":"https:\/\/www.public.sn\/index.php\/wp-json\/wp\/v2\/posts\/34012\/revisions"}],"predecessor-version":[{"id":34027,"href":"https:\/\/www.public.sn\/index.php\/wp-json\/wp\/v2\/posts\/34012\/revisions\/34027"}],"wp:featuredmedia":[{"embeddable":true,"href":"https:\/\/www.public.sn\/index.php\/wp-json\/wp\/v2\/media\/34026"}],"wp:attachment":[{"href":"https:\/\/www.public.sn\/index.php\/wp-json\/wp\/v2\/media?parent=34012"}],"wp:term":[{"taxonomy":"category","embeddable":true,"href":"https:\/\/www.public.sn\/index.php\/wp-json\/wp\/v2\/categories?post=34012"},{"taxonomy":"post_tag","embeddable":true,"href":"https:\/\/www.public.sn\/index.php\/wp-json\/wp\/v2\/tags?post=34012"}],"curies":[{"name":"wp","href":"https:\/\/api.w.org\/{rel}","templated":true}]}}