{"id":3410,"date":"2022-10-02T13:02:09","date_gmt":"2022-10-02T13:02:09","guid":{"rendered":"https:\/\/www.public.sn\/?p=3410"},"modified":"2022-10-02T13:02:10","modified_gmt":"2022-10-02T13:02:10","slug":"burkina-le-chef-de-la-junte-appelle-a-cesser-les-violences-contre-la-france","status":"publish","type":"post","link":"https:\/\/www.public.sn\/index.php\/2022\/10\/02\/burkina-le-chef-de-la-junte-appelle-a-cesser-les-violences-contre-la-france\/","title":{"rendered":"Burkina: le chef de la junte appelle \u00e0 cesser les violences contre la France"},"content":{"rendered":"\n<p>Le nouveau chef autoproclam\u00e9 de la junte militaire au pouvoir au Burkina Faso, le capitaine Ibrahim Traor\u00e9, a appel\u00e9 dimanche \u00e0 cesser les actes \u00ab\u00a0de violence et de vandalisme\u00a0\u00bb contre la France, dans un communiqu\u00e9 lu \u00e0 la t\u00e9l\u00e9vision nationale.<br><br>\u00ab\u00a0Les choses sont en train de rentrer progressivement dans l&rsquo;ordre, nous vous invitons donc \u00e0 vaquer librement \u00e0 vos occupations et \u00e0 vous d\u00e9partir de tout acte de violence et de vandalisme (&#8230;) notamment ceux qui pourraient \u00eatre perp\u00e9tr\u00e9s contre l&rsquo;ambassade de la France ou la base militaire fran\u00e7aise\u00a0\u00bb de Ouagadougou, indique ce communiqu\u00e9 lu par le capitaine Farouk Azaria Sorgho, avec \u00e0 ses c\u00f4t\u00e9s le capitaine Traor\u00e9.<\/p><div class=\"publi-paragraphe1\" style=\"margin-top: 10px;margin-bottom: 10px;margin-left: auto;margin-right: auto;text-align: center;\" id=\"publi-3158498502\"><div class=\"publi-adlabel\">Publicit\u00e9<\/div><script async src=\"\/\/pagead2.googlesyndication.com\/pagead\/js\/adsbygoogle.js?client=ca-pub-4089586018074219\" crossorigin=\"anonymous\"><\/script><ins class=\"adsbygoogle\" style=\"display:block;\" data-ad-client=\"ca-pub-4089586018074219\" \ndata-ad-slot=\"2087940154\" \ndata-ad-format=\"auto\"><\/ins>\n<script> \n(adsbygoogle = window.adsbygoogle || []).push({}); \n<\/script>\n<\/div>\n<div class=\"publi-apres-le-contenu\" style=\"margin-top: 10px;margin-bottom: 10px;margin-left: auto;margin-right: auto;text-align: center;\" id=\"publi-1832806981\"><div class=\"publi-adlabel\">Publicit\u00e9<\/div><script async src=\"\/\/pagead2.googlesyndication.com\/pagead\/js\/adsbygoogle.js?client=ca-pub-4089586018074219\" crossorigin=\"anonymous\"><\/script><ins class=\"adsbygoogle\" style=\"display:block;\" data-ad-client=\"ca-pub-4089586018074219\" \ndata-ad-slot=\"2087940154\" \ndata-ad-format=\"auto\"><\/ins>\n<script> \n(adsbygoogle = window.adsbygoogle || []).push({}); \n<\/script>\n<\/div>","protected":false},"excerpt":{"rendered":"<p>Le nouveau chef autoproclam\u00e9 de la junte militaire au pouvoir au Burkina Faso, le capitaine Ibrahim Traor\u00e9, a appel\u00e9 dimanche \u00e0 cesser les actes \u00ab\u00a0de violence et de vandalisme\u00a0\u00bb contre la France, dans un communiqu\u00e9 lu \u00e0 la t\u00e9l\u00e9vision nationale. \u00ab\u00a0Les choses sont en train de rentrer progressivement dans l&rsquo;ordre, nous vous invitons donc \u00e0 vaquer librement \u00e0 vos occupations et \u00e0 vous d\u00e9partir de tout acte de violence et de vandalisme (&#8230;) notamment ceux qui pourraient \u00eatre perp\u00e9tr\u00e9s contre l&rsquo;ambassade de la France ou la base militaire fran\u00e7aise\u00a0\u00bb de Ouagadougou, indique ce communiqu\u00e9 lu par le capitaine Farouk Azaria Sorgho, avec \u00e0 ses c\u00f4t\u00e9s le capitaine Traor\u00e9.<\/p>\n","protected":false},"author":1,"featured_media":3418,"comment_status":"open","ping_status":"open","sticky":false,"template":"","format":"standard","meta":{"_jetpack_memberships_contains_paid_content":false,"footnotes":""},"categories":[375,550,3,372],"tags":[1104,351,1130,1131],"class_list":["post-3410","post","type-post","status-publish","format-standard","has-post-thumbnail","hentry","category-actualites","category-afrique-monde","category-politique","category-vedette","tag-burkina","tag-france","tag-junte","tag-violence","entry","has-media","owp-thumbs-layout-horizontal","owp-btn-normal","owp-tabs-layout-horizontal","has-no-thumbnails","has-product-nav"],"yoast_head":"<!-- This site is optimized with the Yoast SEO plugin v25.5 - https:\/\/yoast.com\/wordpress\/plugins\/seo\/ -->\n<title>Burkina: le chef de la junte appelle \u00e0 cesser les violences contre la France - LE PUBLIC<\/title>\n<meta name=\"robots\" content=\"index, follow, max-snippet:-1, max-image-preview:large, max-video-preview:-1\" \/>\n<link rel=\"canonical\" href=\"https:\/\/www.public.sn\/index.php\/2022\/10\/02\/burkina-le-chef-de-la-junte-appelle-a-cesser-les-violences-contre-la-france\/\" \/>\n<meta property=\"og:locale\" content=\"fr_FR\" \/>\n<meta property=\"og:type\" content=\"article\" \/>\n<meta property=\"og:title\" content=\"Burkina: le chef de la junte appelle \u00e0 cesser les violences contre la France - LE PUBLIC\" \/>\n<meta property=\"og:description\" content=\"Le nouveau chef autoproclam\u00e9 de la junte militaire au pouvoir au Burkina Faso, le capitaine Ibrahim Traor\u00e9, a appel\u00e9 dimanche \u00e0 cesser les actes \u00ab\u00a0de violence et de vandalisme\u00a0\u00bb contre la France, dans un communiqu\u00e9 lu \u00e0 la t\u00e9l\u00e9vision nationale. \u00ab\u00a0Les choses sont en train de rentrer progressivement dans l&rsquo;ordre, nous vous invitons donc \u00e0 vaquer librement \u00e0 vos occupations et \u00e0 vous d\u00e9partir de tout acte de violence et de vandalisme (&#8230;) notamment ceux qui pourraient \u00eatre perp\u00e9tr\u00e9s contre l&rsquo;ambassade de la France ou la base militaire fran\u00e7aise\u00a0\u00bb de Ouagadougou, indique ce communiqu\u00e9 lu par le capitaine Farouk Azaria Sorgho, avec \u00e0 ses c\u00f4t\u00e9s le capitaine Traor\u00e9.\" \/>\n<meta property=\"og:url\" content=\"https:\/\/www.public.sn\/index.php\/2022\/10\/02\/burkina-le-chef-de-la-junte-appelle-a-cesser-les-violences-contre-la-france\/\" \/>\n<meta property=\"og:site_name\" content=\"LE PUBLIC\" \/>\n<meta property=\"article:published_time\" content=\"2022-10-02T13:02:09+00:00\" \/>\n<meta property=\"article:modified_time\" content=\"2022-10-02T13:02:10+00:00\" \/>\n<meta property=\"og:image\" content=\"https:\/\/www.public.sn\/wp-content\/uploads\/2022\/10\/39034905f0a43f33ae97ed6f840d0e3386b31af5.jpeg\" \/>\n\t<meta property=\"og:image:width\" content=\"612\" \/>\n\t<meta property=\"og:image:height\" content=\"298\" \/>\n\t<meta property=\"og:image:type\" content=\"image\/jpeg\" \/>\n<meta name=\"author\" content=\"LA REDACTION\" \/>\n<meta name=\"twitter:card\" content=\"summary_large_image\" \/>\n<meta name=\"twitter:label1\" content=\"\u00c9crit par\" \/>\n\t<meta name=\"twitter:data1\" content=\"LA REDACTION\" \/>\n\t<meta name=\"twitter:label2\" content=\"Dur\u00e9e de lecture estim\u00e9e\" \/>\n\t<meta name=\"twitter:data2\" content=\"1 minute\" \/>\n<script type=\"application\/ld+json\" class=\"yoast-schema-graph\">{\"@context\":\"https:\/\/schema.org\",\"@graph\":[{\"@type\":\"Article\",\"@id\":\"https:\/\/www.public.sn\/index.php\/2022\/10\/02\/burkina-le-chef-de-la-junte-appelle-a-cesser-les-violences-contre-la-france\/#article\",\"isPartOf\":{\"@id\":\"https:\/\/www.public.sn\/index.php\/2022\/10\/02\/burkina-le-chef-de-la-junte-appelle-a-cesser-les-violences-contre-la-france\/\"},\"author\":{\"name\":\"LA REDACTION\",\"@id\":\"https:\/\/www.public.sn\/#\/schema\/person\/e3f4a11b037d4203902db148f9bc8d5a\"},\"headline\":\"Burkina: le chef de la junte appelle \u00e0 cesser les violences contre la France\",\"datePublished\":\"2022-10-02T13:02:09+00:00\",\"dateModified\":\"2022-10-02T13:02:10+00:00\",\"mainEntityOfPage\":{\"@id\":\"https:\/\/www.public.sn\/index.php\/2022\/10\/02\/burkina-le-chef-de-la-junte-appelle-a-cesser-les-violences-contre-la-france\/\"},\"wordCount\":122,\"commentCount\":0,\"publisher\":{\"@id\":\"https:\/\/www.public.sn\/#organization\"},\"image\":{\"@id\":\"https:\/\/www.public.sn\/index.php\/2022\/10\/02\/burkina-le-chef-de-la-junte-appelle-a-cesser-les-violences-contre-la-france\/#primaryimage\"},\"thumbnailUrl\":\"https:\/\/www.public.sn\/wp-content\/uploads\/2022\/10\/39034905f0a43f33ae97ed6f840d0e3386b31af5.jpeg\",\"keywords\":[\"Burkina\",\"France\",\"Junte\",\"violence\"],\"articleSection\":[\"ACTUALIT\u00c9S\",\"AFRIQUE &amp; MONDE\",\"POLITIQUE\",\"VEDETTE\"],\"inLanguage\":\"fr-FR\",\"potentialAction\":[{\"@type\":\"CommentAction\",\"name\":\"Comment\",\"target\":[\"https:\/\/www.public.sn\/index.php\/2022\/10\/02\/burkina-le-chef-de-la-junte-appelle-a-cesser-les-violences-contre-la-france\/#respond\"]}]},{\"@type\":\"WebPage\",\"@id\":\"https:\/\/www.public.sn\/index.php\/2022\/10\/02\/burkina-le-chef-de-la-junte-appelle-a-cesser-les-violences-contre-la-france\/\",\"url\":\"https:\/\/www.public.sn\/index.php\/2022\/10\/02\/burkina-le-chef-de-la-junte-appelle-a-cesser-les-violences-contre-la-france\/\",\"name\":\"Burkina: le chef de la junte appelle \u00e0 cesser les violences contre la France - LE PUBLIC\",\"isPartOf\":{\"@id\":\"https:\/\/www.public.sn\/#website\"},\"primaryImageOfPage\":{\"@id\":\"https:\/\/www.public.sn\/index.php\/2022\/10\/02\/burkina-le-chef-de-la-junte-appelle-a-cesser-les-violences-contre-la-france\/#primaryimage\"},\"image\":{\"@id\":\"https:\/\/www.public.sn\/index.php\/2022\/10\/02\/burkina-le-chef-de-la-junte-appelle-a-cesser-les-violences-contre-la-france\/#primaryimage\"},\"thumbnailUrl\":\"https:\/\/www.public.sn\/wp-content\/uploads\/2022\/10\/39034905f0a43f33ae97ed6f840d0e3386b31af5.jpeg\",\"datePublished\":\"2022-10-02T13:02:09+00:00\",\"dateModified\":\"2022-10-02T13:02:10+00:00\",\"breadcrumb\":{\"@id\":\"https:\/\/www.public.sn\/index.php\/2022\/10\/02\/burkina-le-chef-de-la-junte-appelle-a-cesser-les-violences-contre-la-france\/#breadcrumb\"},\"inLanguage\":\"fr-FR\",\"potentialAction\":[{\"@type\":\"ReadAction\",\"target\":[\"https:\/\/www.public.sn\/index.php\/2022\/10\/02\/burkina-le-chef-de-la-junte-appelle-a-cesser-les-violences-contre-la-france\/\"]}]},{\"@type\":\"ImageObject\",\"inLanguage\":\"fr-FR\",\"@id\":\"https:\/\/www.public.sn\/index.php\/2022\/10\/02\/burkina-le-chef-de-la-junte-appelle-a-cesser-les-violences-contre-la-france\/#primaryimage\",\"url\":\"https:\/\/www.public.sn\/wp-content\/uploads\/2022\/10\/39034905f0a43f33ae97ed6f840d0e3386b31af5.jpeg\",\"contentUrl\":\"https:\/\/www.public.sn\/wp-content\/uploads\/2022\/10\/39034905f0a43f33ae97ed6f840d0e3386b31af5.jpeg\",\"width\":612,\"height\":298},{\"@type\":\"BreadcrumbList\",\"@id\":\"https:\/\/www.public.sn\/index.php\/2022\/10\/02\/burkina-le-chef-de-la-junte-appelle-a-cesser-les-violences-contre-la-france\/#breadcrumb\",\"itemListElement\":[{\"@type\":\"ListItem\",\"position\":1,\"name\":\"Accueil\",\"item\":\"https:\/\/www.public.sn\/\"},{\"@type\":\"ListItem\",\"position\":2,\"name\":\"Burkina: le chef de la junte appelle \u00e0 cesser les violences contre la France\"}]},{\"@type\":\"WebSite\",\"@id\":\"https:\/\/www.public.sn\/#website\",\"url\":\"https:\/\/www.public.sn\/\",\"name\":\"LE PUBLIC\",\"description\":\"\",\"publisher\":{\"@id\":\"https:\/\/www.public.sn\/#organization\"},\"potentialAction\":[{\"@type\":\"SearchAction\",\"target\":{\"@type\":\"EntryPoint\",\"urlTemplate\":\"https:\/\/www.public.sn\/?s={search_term_string}\"},\"query-input\":{\"@type\":\"PropertyValueSpecification\",\"valueRequired\":true,\"valueName\":\"search_term_string\"}}],\"inLanguage\":\"fr-FR\"},{\"@type\":\"Organization\",\"@id\":\"https:\/\/www.public.sn\/#organization\",\"name\":\"LE PUBLIC\",\"url\":\"https:\/\/www.public.sn\/\",\"logo\":{\"@type\":\"ImageObject\",\"inLanguage\":\"fr-FR\",\"@id\":\"https:\/\/www.public.sn\/#\/schema\/logo\/image\/\",\"url\":\"https:\/\/www.public.sn\/wp-content\/uploads\/2024\/05\/cropped-LOGO-PUBLIC.SN_.png\",\"contentUrl\":\"https:\/\/www.public.sn\/wp-content\/uploads\/2024\/05\/cropped-LOGO-PUBLIC.SN_.png\",\"width\":682,\"height\":192,\"caption\":\"LE PUBLIC\"},\"image\":{\"@id\":\"https:\/\/www.public.sn\/#\/schema\/logo\/image\/\"}},{\"@type\":\"Person\",\"@id\":\"https:\/\/www.public.sn\/#\/schema\/person\/e3f4a11b037d4203902db148f9bc8d5a\",\"name\":\"LA REDACTION\",\"image\":{\"@type\":\"ImageObject\",\"inLanguage\":\"fr-FR\",\"@id\":\"https:\/\/www.public.sn\/#\/schema\/person\/image\/\",\"url\":\"https:\/\/secure.gravatar.com\/avatar\/d6c030db45db2883c075085c5d6c6258654a801a93766b49af0b82d4f454e2a5?s=96&d=mm&r=g\",\"contentUrl\":\"https:\/\/secure.gravatar.com\/avatar\/d6c030db45db2883c075085c5d6c6258654a801a93766b49af0b82d4f454e2a5?s=96&d=mm&r=g\",\"caption\":\"LA REDACTION\"},\"sameAs\":[\"http:\/\/www.public.sn\"],\"url\":\"https:\/\/www.public.sn\/index.php\/author\/admin7324\/\"}]}<\/script>\n<!-- \/ Yoast SEO plugin. -->","yoast_head_json":{"title":"Burkina: le chef de la junte appelle \u00e0 cesser les violences contre la France - LE PUBLIC","robots":{"index":"index","follow":"follow","max-snippet":"max-snippet:-1","max-image-preview":"max-image-preview:large","max-video-preview":"max-video-preview:-1"},"canonical":"https:\/\/www.public.sn\/index.php\/2022\/10\/02\/burkina-le-chef-de-la-junte-appelle-a-cesser-les-violences-contre-la-france\/","og_locale":"fr_FR","og_type":"article","og_title":"Burkina: le chef de la junte appelle \u00e0 cesser les violences contre la France - LE PUBLIC","og_description":"Le nouveau chef autoproclam\u00e9 de la junte militaire au pouvoir au Burkina Faso, le capitaine Ibrahim Traor\u00e9, a appel\u00e9 dimanche \u00e0 cesser les actes \u00ab\u00a0de violence et de vandalisme\u00a0\u00bb contre la France, dans un communiqu\u00e9 lu \u00e0 la t\u00e9l\u00e9vision nationale. \u00ab\u00a0Les choses sont en train de rentrer progressivement dans l&rsquo;ordre, nous vous invitons donc \u00e0 vaquer librement \u00e0 vos occupations et \u00e0 vous d\u00e9partir de tout acte de violence et de vandalisme (&#8230;) notamment ceux qui pourraient \u00eatre perp\u00e9tr\u00e9s contre l&rsquo;ambassade de la France ou la base militaire fran\u00e7aise\u00a0\u00bb de Ouagadougou, indique ce communiqu\u00e9 lu par le capitaine Farouk Azaria Sorgho, avec \u00e0 ses c\u00f4t\u00e9s le capitaine Traor\u00e9.","og_url":"https:\/\/www.public.sn\/index.php\/2022\/10\/02\/burkina-le-chef-de-la-junte-appelle-a-cesser-les-violences-contre-la-france\/","og_site_name":"LE PUBLIC","article_published_time":"2022-10-02T13:02:09+00:00","article_modified_time":"2022-10-02T13:02:10+00:00","og_image":[{"width":612,"height":298,"url":"https:\/\/www.public.sn\/wp-content\/uploads\/2022\/10\/39034905f0a43f33ae97ed6f840d0e3386b31af5.jpeg","type":"image\/jpeg"}],"author":"LA REDACTION","twitter_card":"summary_large_image","twitter_misc":{"\u00c9crit par":"LA REDACTION","Dur\u00e9e de lecture estim\u00e9e":"1 minute"},"schema":{"@context":"https:\/\/schema.org","@graph":[{"@type":"Article","@id":"https:\/\/www.public.sn\/index.php\/2022\/10\/02\/burkina-le-chef-de-la-junte-appelle-a-cesser-les-violences-contre-la-france\/#article","isPartOf":{"@id":"https:\/\/www.public.sn\/index.php\/2022\/10\/02\/burkina-le-chef-de-la-junte-appelle-a-cesser-les-violences-contre-la-france\/"},"author":{"name":"LA REDACTION","@id":"https:\/\/www.public.sn\/#\/schema\/person\/e3f4a11b037d4203902db148f9bc8d5a"},"headline":"Burkina: le chef de la junte appelle \u00e0 cesser les violences contre la France","datePublished":"2022-10-02T13:02:09+00:00","dateModified":"2022-10-02T13:02:10+00:00","mainEntityOfPage":{"@id":"https:\/\/www.public.sn\/index.php\/2022\/10\/02\/burkina-le-chef-de-la-junte-appelle-a-cesser-les-violences-contre-la-france\/"},"wordCount":122,"commentCount":0,"publisher":{"@id":"https:\/\/www.public.sn\/#organization"},"image":{"@id":"https:\/\/www.public.sn\/index.php\/2022\/10\/02\/burkina-le-chef-de-la-junte-appelle-a-cesser-les-violences-contre-la-france\/#primaryimage"},"thumbnailUrl":"https:\/\/www.public.sn\/wp-content\/uploads\/2022\/10\/39034905f0a43f33ae97ed6f840d0e3386b31af5.jpeg","keywords":["Burkina","France","Junte","violence"],"articleSection":["ACTUALIT\u00c9S","AFRIQUE &amp; MONDE","POLITIQUE","VEDETTE"],"inLanguage":"fr-FR","potentialAction":[{"@type":"CommentAction","name":"Comment","target":["https:\/\/www.public.sn\/index.php\/2022\/10\/02\/burkina-le-chef-de-la-junte-appelle-a-cesser-les-violences-contre-la-france\/#respond"]}]},{"@type":"WebPage","@id":"https:\/\/www.public.sn\/index.php\/2022\/10\/02\/burkina-le-chef-de-la-junte-appelle-a-cesser-les-violences-contre-la-france\/","url":"https:\/\/www.public.sn\/index.php\/2022\/10\/02\/burkina-le-chef-de-la-junte-appelle-a-cesser-les-violences-contre-la-france\/","name":"Burkina: le chef de la junte appelle \u00e0 cesser les violences contre la France - LE PUBLIC","isPartOf":{"@id":"https:\/\/www.public.sn\/#website"},"primaryImageOfPage":{"@id":"https:\/\/www.public.sn\/index.php\/2022\/10\/02\/burkina-le-chef-de-la-junte-appelle-a-cesser-les-violences-contre-la-france\/#primaryimage"},"image":{"@id":"https:\/\/www.public.sn\/index.php\/2022\/10\/02\/burkina-le-chef-de-la-junte-appelle-a-cesser-les-violences-contre-la-france\/#primaryimage"},"thumbnailUrl":"https:\/\/www.public.sn\/wp-content\/uploads\/2022\/10\/39034905f0a43f33ae97ed6f840d0e3386b31af5.jpeg","datePublished":"2022-10-02T13:02:09+00:00","dateModified":"2022-10-02T13:02:10+00:00","breadcrumb":{"@id":"https:\/\/www.public.sn\/index.php\/2022\/10\/02\/burkina-le-chef-de-la-junte-appelle-a-cesser-les-violences-contre-la-france\/#breadcrumb"},"inLanguage":"fr-FR","potentialAction":[{"@type":"ReadAction","target":["https:\/\/www.public.sn\/index.php\/2022\/10\/02\/burkina-le-chef-de-la-junte-appelle-a-cesser-les-violences-contre-la-france\/"]}]},{"@type":"ImageObject","inLanguage":"fr-FR","@id":"https:\/\/www.public.sn\/index.php\/2022\/10\/02\/burkina-le-chef-de-la-junte-appelle-a-cesser-les-violences-contre-la-france\/#primaryimage","url":"https:\/\/www.public.sn\/wp-content\/uploads\/2022\/10\/39034905f0a43f33ae97ed6f840d0e3386b31af5.jpeg","contentUrl":"https:\/\/www.public.sn\/wp-content\/uploads\/2022\/10\/39034905f0a43f33ae97ed6f840d0e3386b31af5.jpeg","width":612,"height":298},{"@type":"BreadcrumbList","@id":"https:\/\/www.public.sn\/index.php\/2022\/10\/02\/burkina-le-chef-de-la-junte-appelle-a-cesser-les-violences-contre-la-france\/#breadcrumb","itemListElement":[{"@type":"ListItem","position":1,"name":"Accueil","item":"https:\/\/www.public.sn\/"},{"@type":"ListItem","position":2,"name":"Burkina: le chef de la junte appelle \u00e0 cesser les violences contre la France"}]},{"@type":"WebSite","@id":"https:\/\/www.public.sn\/#website","url":"https:\/\/www.public.sn\/","name":"LE PUBLIC","description":"","publisher":{"@id":"https:\/\/www.public.sn\/#organization"},"potentialAction":[{"@type":"SearchAction","target":{"@type":"EntryPoint","urlTemplate":"https:\/\/www.public.sn\/?s={search_term_string}"},"query-input":{"@type":"PropertyValueSpecification","valueRequired":true,"valueName":"search_term_string"}}],"inLanguage":"fr-FR"},{"@type":"Organization","@id":"https:\/\/www.public.sn\/#organization","name":"LE PUBLIC","url":"https:\/\/www.public.sn\/","logo":{"@type":"ImageObject","inLanguage":"fr-FR","@id":"https:\/\/www.public.sn\/#\/schema\/logo\/image\/","url":"https:\/\/www.public.sn\/wp-content\/uploads\/2024\/05\/cropped-LOGO-PUBLIC.SN_.png","contentUrl":"https:\/\/www.public.sn\/wp-content\/uploads\/2024\/05\/cropped-LOGO-PUBLIC.SN_.png","width":682,"height":192,"caption":"LE PUBLIC"},"image":{"@id":"https:\/\/www.public.sn\/#\/schema\/logo\/image\/"}},{"@type":"Person","@id":"https:\/\/www.public.sn\/#\/schema\/person\/e3f4a11b037d4203902db148f9bc8d5a","name":"LA REDACTION","image":{"@type":"ImageObject","inLanguage":"fr-FR","@id":"https:\/\/www.public.sn\/#\/schema\/person\/image\/","url":"https:\/\/secure.gravatar.com\/avatar\/d6c030db45db2883c075085c5d6c6258654a801a93766b49af0b82d4f454e2a5?s=96&d=mm&r=g","contentUrl":"https:\/\/secure.gravatar.com\/avatar\/d6c030db45db2883c075085c5d6c6258654a801a93766b49af0b82d4f454e2a5?s=96&d=mm&r=g","caption":"LA REDACTION"},"sameAs":["http:\/\/www.public.sn"],"url":"https:\/\/www.public.sn\/index.php\/author\/admin7324\/"}]}},"jetpack_featured_media_url":"https:\/\/www.public.sn\/wp-content\/uploads\/2022\/10\/39034905f0a43f33ae97ed6f840d0e3386b31af5.jpeg","jetpack_sharing_enabled":true,"_links":{"self":[{"href":"https:\/\/www.public.sn\/index.php\/wp-json\/wp\/v2\/posts\/3410","targetHints":{"allow":["GET"]}}],"collection":[{"href":"https:\/\/www.public.sn\/index.php\/wp-json\/wp\/v2\/posts"}],"about":[{"href":"https:\/\/www.public.sn\/index.php\/wp-json\/wp\/v2\/types\/post"}],"author":[{"embeddable":true,"href":"https:\/\/www.public.sn\/index.php\/wp-json\/wp\/v2\/users\/1"}],"replies":[{"embeddable":true,"href":"https:\/\/www.public.sn\/index.php\/wp-json\/wp\/v2\/comments?post=3410"}],"version-history":[{"count":2,"href":"https:\/\/www.public.sn\/index.php\/wp-json\/wp\/v2\/posts\/3410\/revisions"}],"predecessor-version":[{"id":3419,"href":"https:\/\/www.public.sn\/index.php\/wp-json\/wp\/v2\/posts\/3410\/revisions\/3419"}],"wp:featuredmedia":[{"embeddable":true,"href":"https:\/\/www.public.sn\/index.php\/wp-json\/wp\/v2\/media\/3418"}],"wp:attachment":[{"href":"https:\/\/www.public.sn\/index.php\/wp-json\/wp\/v2\/media?parent=3410"}],"wp:term":[{"taxonomy":"category","embeddable":true,"href":"https:\/\/www.public.sn\/index.php\/wp-json\/wp\/v2\/categories?post=3410"},{"taxonomy":"post_tag","embeddable":true,"href":"https:\/\/www.public.sn\/index.php\/wp-json\/wp\/v2\/tags?post=3410"}],"curies":[{"name":"wp","href":"https:\/\/api.w.org\/{rel}","templated":true}]}}