{"id":34117,"date":"2024-07-11T13:43:56","date_gmt":"2024-07-11T13:43:56","guid":{"rendered":"https:\/\/www.public.sn\/?p=34117"},"modified":"2024-07-11T13:43:56","modified_gmt":"2024-07-11T13:43:56","slug":"declaration-de-patrimoine-birahim-seck-interpelle-le-conseil-constitutionnel","status":"publish","type":"post","link":"https:\/\/www.public.sn\/index.php\/2024\/07\/11\/declaration-de-patrimoine-birahim-seck-interpelle-le-conseil-constitutionnel\/","title":{"rendered":"D\u00e9claration de patrimoine : Birahim Seck interpelle le Conseil constitutionnel"},"content":{"rendered":"<p>Dans le Communiqu\u00e9 du Conseil des ministres de ce mercredi, le Premier ministre Ousmane Sonko s\u2019est f\u00e9licit\u00e9 de l\u2019acquittement par le Pr\u00e9sident de la R\u00e9publique lui-m\u00eame et l\u2019ensemble du Gouvernement de leurs obligations de d\u00e9claration de patrimoine. Ces d\u00e9clarations ont \u00e9t\u00e9 respectivement re\u00e7ues au Conseil Constitutionnel et \u00e0 l\u2019OFNAC, dans les d\u00e9lais impartis, \u00e0 savoir trois (3) mois apr\u00e8s la prise de fonction. Par cons\u00e9quent, le PM a demand\u00e9 aux Ministres de veiller au respect scrupuleux de cette exigence, par les responsables assujettis, plac\u00e9s sous leur tutelle.<\/p><div class=\"publi-paragraphe1\" style=\"margin-top: 10px;margin-bottom: 10px;margin-left: auto;margin-right: auto;text-align: center;\" id=\"publi-2487958135\"><div class=\"publi-adlabel\">Publicit\u00e9<\/div><script async src=\"\/\/pagead2.googlesyndication.com\/pagead\/js\/adsbygoogle.js?client=ca-pub-4089586018074219\" crossorigin=\"anonymous\"><\/script><ins class=\"adsbygoogle\" style=\"display:block;\" data-ad-client=\"ca-pub-4089586018074219\" \ndata-ad-slot=\"2087940154\" \ndata-ad-format=\"auto\"><\/ins>\n<script> \n(adsbygoogle = window.adsbygoogle || []).push({}); \n<\/script>\n<\/div>\n<p>R\u00e9agissant \u00e0 cette r\u00e9flexion du Premier Ousmane Sonko, Birahim Seck du Forum civil a post\u00e9 un message et non des moindres sur son compte X, visit\u00e9 par PressAfrik.<br \/>\nLe message de monsieur Seck sonne comme quelqu\u2019un qui est rest\u00e9 sur sa faim par rapport \u00e0 une pr\u00e9occupation. \u00ab L\u2019information sur la d\u00e9claration de patrimoine des assujettis pr\u00e9sents au Conseil des ministres du 10 juillet 2024 est appr\u00e9ciable. Cependant, le Conseil constitutionnel n\u2019a pas encore fourni au public l\u2019information relative au patrimoine du Pr\u00e9sident Diomaye et son Premier ministre Ousmane Sonko \u00bb, a affich\u00e9 Birahim sur son compte X.<\/p>\n<div class=\"publi-apres-le-contenu\" style=\"margin-top: 10px;margin-bottom: 10px;margin-left: auto;margin-right: auto;text-align: center;\" id=\"publi-2030287045\"><div class=\"publi-adlabel\">Publicit\u00e9<\/div><script async src=\"\/\/pagead2.googlesyndication.com\/pagead\/js\/adsbygoogle.js?client=ca-pub-4089586018074219\" crossorigin=\"anonymous\"><\/script><ins class=\"adsbygoogle\" style=\"display:block;\" data-ad-client=\"ca-pub-4089586018074219\" \ndata-ad-slot=\"2087940154\" \ndata-ad-format=\"auto\"><\/ins>\n<script> \n(adsbygoogle = window.adsbygoogle || []).push({}); \n<\/script>\n<\/div>","protected":false},"excerpt":{"rendered":"<p>Dans le Communiqu\u00e9 du Conseil des ministres de ce mercredi, le Premier ministre Ousmane Sonko s\u2019est f\u00e9licit\u00e9 de l\u2019acquittement par le Pr\u00e9sident de la R\u00e9publique lui-m\u00eame et l\u2019ensemble du Gouvernement de leurs obligations de d\u00e9claration de patrimoine. Ces d\u00e9clarations ont \u00e9t\u00e9 respectivement re\u00e7ues au Conseil Constitutionnel et \u00e0 l\u2019OFNAC, dans les d\u00e9lais impartis, \u00e0 savoir trois (3) mois apr\u00e8s la prise de fonction. Par cons\u00e9quent, le PM a demand\u00e9 aux Ministres de veiller au respect scrupuleux de cette exigence, par les responsables assujettis, plac\u00e9s sous leur tutelle. R\u00e9agissant \u00e0 cette r\u00e9flexion du Premier Ousmane Sonko, Birahim Seck du Forum civil a post\u00e9 un message et non des moindres sur son compte X, visit\u00e9 par PressAfrik. Le message de monsieur Seck sonne comme quelqu\u2019un qui est rest\u00e9 sur sa faim par rapport \u00e0 une pr\u00e9occupation. \u00ab L\u2019information sur la d\u00e9claration de patrimoine des assujettis pr\u00e9sents au Conseil des ministres du 10 juillet 2024 est appr\u00e9ciable. Cependant, le Conseil constitutionnel n\u2019a pas encore fourni au public l\u2019information relative au patrimoine du Pr\u00e9sident Diomaye et son Premier ministre Ousmane Sonko \u00bb, a affich\u00e9 Birahim sur son compte X.<\/p>\n","protected":false},"author":15,"featured_media":34118,"comment_status":"open","ping_status":"open","sticky":false,"template":"","format":"standard","meta":{"_jetpack_memberships_contains_paid_content":false,"footnotes":""},"categories":[375,550,3728,3724,376,1,4],"tags":[6574,6570,6573,6070,6572,6571],"class_list":["post-34117","post","type-post","status-publish","format-standard","has-post-thumbnail","hentry","category-actualites","category-afrique-monde","category-internationale","category-justice","category-securite-justice","category-non-classe","category-societe","tag-ces-declarations-ont-ete-respectivement-recues-au-conseil-constitutionnel","tag-dans-le-communique-du-conseil-des-ministres-de-ce-mercredi","tag-et-lensemble-du-gouvernement-de-leurs-obligations-de-declaration-de-patrimoine","tag-le-premier-ministre-ousmane-sonko","tag-le-president-de-la-republique-lui-meme-et-lensemble-du-gouvernement","tag-sonko-sest-felicite-de-lacquittement-par-le-president","entry","has-media","owp-thumbs-layout-horizontal","owp-btn-normal","owp-tabs-layout-horizontal","has-no-thumbnails","has-product-nav"],"yoast_head":"<!-- This site is optimized with the Yoast SEO plugin v25.5 - https:\/\/yoast.com\/wordpress\/plugins\/seo\/ -->\n<title>D\u00e9claration de patrimoine : Birahim Seck interpelle le Conseil constitutionnel - LE PUBLIC<\/title>\n<meta name=\"robots\" content=\"index, follow, max-snippet:-1, max-image-preview:large, max-video-preview:-1\" \/>\n<link rel=\"canonical\" href=\"https:\/\/www.public.sn\/index.php\/2024\/07\/11\/declaration-de-patrimoine-birahim-seck-interpelle-le-conseil-constitutionnel\/\" \/>\n<meta property=\"og:locale\" content=\"fr_FR\" \/>\n<meta property=\"og:type\" content=\"article\" \/>\n<meta property=\"og:title\" content=\"D\u00e9claration de patrimoine : Birahim Seck interpelle le Conseil constitutionnel - LE PUBLIC\" \/>\n<meta property=\"og:description\" content=\"Dans le Communiqu\u00e9 du Conseil des ministres de ce mercredi, le Premier ministre Ousmane Sonko s\u2019est f\u00e9licit\u00e9 de l\u2019acquittement par le Pr\u00e9sident de la R\u00e9publique lui-m\u00eame et l\u2019ensemble du Gouvernement de leurs obligations de d\u00e9claration de patrimoine. Ces d\u00e9clarations ont \u00e9t\u00e9 respectivement re\u00e7ues au Conseil Constitutionnel et \u00e0 l\u2019OFNAC, dans les d\u00e9lais impartis, \u00e0 savoir trois (3) mois apr\u00e8s la prise de fonction. Par cons\u00e9quent, le PM a demand\u00e9 aux Ministres de veiller au respect scrupuleux de cette exigence, par les responsables assujettis, plac\u00e9s sous leur tutelle. R\u00e9agissant \u00e0 cette r\u00e9flexion du Premier Ousmane Sonko, Birahim Seck du Forum civil a post\u00e9 un message et non des moindres sur son compte X, visit\u00e9 par PressAfrik. Le message de monsieur Seck sonne comme quelqu\u2019un qui est rest\u00e9 sur sa faim par rapport \u00e0 une pr\u00e9occupation. \u00ab L\u2019information sur la d\u00e9claration de patrimoine des assujettis pr\u00e9sents au Conseil des ministres du 10 juillet 2024 est appr\u00e9ciable. Cependant, le Conseil constitutionnel n\u2019a pas encore fourni au public l\u2019information relative au patrimoine du Pr\u00e9sident Diomaye et son Premier ministre Ousmane Sonko \u00bb, a affich\u00e9 Birahim sur son compte X.\" \/>\n<meta property=\"og:url\" content=\"https:\/\/www.public.sn\/index.php\/2024\/07\/11\/declaration-de-patrimoine-birahim-seck-interpelle-le-conseil-constitutionnel\/\" \/>\n<meta property=\"og:site_name\" content=\"LE PUBLIC\" \/>\n<meta property=\"article:published_time\" content=\"2024-07-11T13:43:56+00:00\" \/>\n<meta property=\"og:image\" content=\"https:\/\/www.public.sn\/wp-content\/uploads\/2024\/07\/Birahime-seck-1587746949638.jpg\" \/>\n\t<meta property=\"og:image:width\" content=\"950\" \/>\n\t<meta property=\"og:image:height\" content=\"607\" \/>\n\t<meta property=\"og:image:type\" content=\"image\/jpeg\" \/>\n<meta name=\"author\" content=\"Baye Amath THIAM\" \/>\n<meta name=\"twitter:card\" content=\"summary_large_image\" \/>\n<meta name=\"twitter:label1\" content=\"\u00c9crit par\" \/>\n\t<meta name=\"twitter:data1\" content=\"Baye Amath THIAM\" \/>\n\t<meta name=\"twitter:label2\" content=\"Dur\u00e9e de lecture estim\u00e9e\" \/>\n\t<meta name=\"twitter:data2\" content=\"1 minute\" \/>\n<script type=\"application\/ld+json\" class=\"yoast-schema-graph\">{\"@context\":\"https:\/\/schema.org\",\"@graph\":[{\"@type\":\"Article\",\"@id\":\"https:\/\/www.public.sn\/index.php\/2024\/07\/11\/declaration-de-patrimoine-birahim-seck-interpelle-le-conseil-constitutionnel\/#article\",\"isPartOf\":{\"@id\":\"https:\/\/www.public.sn\/index.php\/2024\/07\/11\/declaration-de-patrimoine-birahim-seck-interpelle-le-conseil-constitutionnel\/\"},\"author\":{\"name\":\"Baye Amath THIAM\",\"@id\":\"https:\/\/www.public.sn\/#\/schema\/person\/f77cd9ce05d8fb925eb038378ee6899d\"},\"headline\":\"D\u00e9claration de patrimoine : Birahim Seck interpelle le Conseil constitutionnel\",\"datePublished\":\"2024-07-11T13:43:56+00:00\",\"mainEntityOfPage\":{\"@id\":\"https:\/\/www.public.sn\/index.php\/2024\/07\/11\/declaration-de-patrimoine-birahim-seck-interpelle-le-conseil-constitutionnel\/\"},\"wordCount\":212,\"commentCount\":0,\"publisher\":{\"@id\":\"https:\/\/www.public.sn\/#organization\"},\"image\":{\"@id\":\"https:\/\/www.public.sn\/index.php\/2024\/07\/11\/declaration-de-patrimoine-birahim-seck-interpelle-le-conseil-constitutionnel\/#primaryimage\"},\"thumbnailUrl\":\"https:\/\/www.public.sn\/wp-content\/uploads\/2024\/07\/Birahime-seck-1587746949638.jpg\",\"keywords\":[\"Ces d\u00e9clarations ont \u00e9t\u00e9 respectivement re\u00e7ues au Conseil Constitutionnel\",\"Dans le Communiqu\u00e9 du Conseil des ministres de ce mercredi\",\"et l\u2019ensemble du Gouvernement de leurs obligations de d\u00e9claration de patrimoine.\",\"le Premier ministre Ousmane Sonko\",\"le Pr\u00e9sident de la R\u00e9publique lui-m\u00eame et l\u2019ensemble du Gouvernement\",\"Sonko s\u2019est f\u00e9licit\u00e9 de l\u2019acquittement par le Pr\u00e9sident\"],\"articleSection\":[\"ACTUALIT\u00c9S\",\"AFRIQUE &amp; MONDE\",\"internationale\",\"justice\",\"S\u00c9CURIT\u00c9 &amp; JUSTICE\",\"S\u00c9N\u00c9GAL\",\"SOCIETE\"],\"inLanguage\":\"fr-FR\",\"potentialAction\":[{\"@type\":\"CommentAction\",\"name\":\"Comment\",\"target\":[\"https:\/\/www.public.sn\/index.php\/2024\/07\/11\/declaration-de-patrimoine-birahim-seck-interpelle-le-conseil-constitutionnel\/#respond\"]}]},{\"@type\":\"WebPage\",\"@id\":\"https:\/\/www.public.sn\/index.php\/2024\/07\/11\/declaration-de-patrimoine-birahim-seck-interpelle-le-conseil-constitutionnel\/\",\"url\":\"https:\/\/www.public.sn\/index.php\/2024\/07\/11\/declaration-de-patrimoine-birahim-seck-interpelle-le-conseil-constitutionnel\/\",\"name\":\"D\u00e9claration de patrimoine : Birahim Seck interpelle le Conseil constitutionnel - LE PUBLIC\",\"isPartOf\":{\"@id\":\"https:\/\/www.public.sn\/#website\"},\"primaryImageOfPage\":{\"@id\":\"https:\/\/www.public.sn\/index.php\/2024\/07\/11\/declaration-de-patrimoine-birahim-seck-interpelle-le-conseil-constitutionnel\/#primaryimage\"},\"image\":{\"@id\":\"https:\/\/www.public.sn\/index.php\/2024\/07\/11\/declaration-de-patrimoine-birahim-seck-interpelle-le-conseil-constitutionnel\/#primaryimage\"},\"thumbnailUrl\":\"https:\/\/www.public.sn\/wp-content\/uploads\/2024\/07\/Birahime-seck-1587746949638.jpg\",\"datePublished\":\"2024-07-11T13:43:56+00:00\",\"breadcrumb\":{\"@id\":\"https:\/\/www.public.sn\/index.php\/2024\/07\/11\/declaration-de-patrimoine-birahim-seck-interpelle-le-conseil-constitutionnel\/#breadcrumb\"},\"inLanguage\":\"fr-FR\",\"potentialAction\":[{\"@type\":\"ReadAction\",\"target\":[\"https:\/\/www.public.sn\/index.php\/2024\/07\/11\/declaration-de-patrimoine-birahim-seck-interpelle-le-conseil-constitutionnel\/\"]}]},{\"@type\":\"ImageObject\",\"inLanguage\":\"fr-FR\",\"@id\":\"https:\/\/www.public.sn\/index.php\/2024\/07\/11\/declaration-de-patrimoine-birahim-seck-interpelle-le-conseil-constitutionnel\/#primaryimage\",\"url\":\"https:\/\/www.public.sn\/wp-content\/uploads\/2024\/07\/Birahime-seck-1587746949638.jpg\",\"contentUrl\":\"https:\/\/www.public.sn\/wp-content\/uploads\/2024\/07\/Birahime-seck-1587746949638.jpg\",\"width\":950,\"height\":607},{\"@type\":\"BreadcrumbList\",\"@id\":\"https:\/\/www.public.sn\/index.php\/2024\/07\/11\/declaration-de-patrimoine-birahim-seck-interpelle-le-conseil-constitutionnel\/#breadcrumb\",\"itemListElement\":[{\"@type\":\"ListItem\",\"position\":1,\"name\":\"Accueil\",\"item\":\"https:\/\/www.public.sn\/\"},{\"@type\":\"ListItem\",\"position\":2,\"name\":\"D\u00e9claration de patrimoine : Birahim Seck interpelle le Conseil constitutionnel\"}]},{\"@type\":\"WebSite\",\"@id\":\"https:\/\/www.public.sn\/#website\",\"url\":\"https:\/\/www.public.sn\/\",\"name\":\"LE PUBLIC\",\"description\":\"\",\"publisher\":{\"@id\":\"https:\/\/www.public.sn\/#organization\"},\"potentialAction\":[{\"@type\":\"SearchAction\",\"target\":{\"@type\":\"EntryPoint\",\"urlTemplate\":\"https:\/\/www.public.sn\/?s={search_term_string}\"},\"query-input\":{\"@type\":\"PropertyValueSpecification\",\"valueRequired\":true,\"valueName\":\"search_term_string\"}}],\"inLanguage\":\"fr-FR\"},{\"@type\":\"Organization\",\"@id\":\"https:\/\/www.public.sn\/#organization\",\"name\":\"LE PUBLIC\",\"url\":\"https:\/\/www.public.sn\/\",\"logo\":{\"@type\":\"ImageObject\",\"inLanguage\":\"fr-FR\",\"@id\":\"https:\/\/www.public.sn\/#\/schema\/logo\/image\/\",\"url\":\"https:\/\/www.public.sn\/wp-content\/uploads\/2024\/05\/cropped-LOGO-PUBLIC.SN_.png\",\"contentUrl\":\"https:\/\/www.public.sn\/wp-content\/uploads\/2024\/05\/cropped-LOGO-PUBLIC.SN_.png\",\"width\":682,\"height\":192,\"caption\":\"LE PUBLIC\"},\"image\":{\"@id\":\"https:\/\/www.public.sn\/#\/schema\/logo\/image\/\"}},{\"@type\":\"Person\",\"@id\":\"https:\/\/www.public.sn\/#\/schema\/person\/f77cd9ce05d8fb925eb038378ee6899d\",\"name\":\"Baye Amath THIAM\",\"image\":{\"@type\":\"ImageObject\",\"inLanguage\":\"fr-FR\",\"@id\":\"https:\/\/www.public.sn\/#\/schema\/person\/image\/\",\"url\":\"https:\/\/secure.gravatar.com\/avatar\/7eb863ef1336b6f8a2ad921469701e52f094a61c698fab02f5af742ed813612d?s=96&d=mm&r=g\",\"contentUrl\":\"https:\/\/secure.gravatar.com\/avatar\/7eb863ef1336b6f8a2ad921469701e52f094a61c698fab02f5af742ed813612d?s=96&d=mm&r=g\",\"caption\":\"Baye Amath THIAM\"},\"url\":\"https:\/\/www.public.sn\/index.php\/author\/thiamba24\/\"}]}<\/script>\n<!-- \/ Yoast SEO plugin. -->","yoast_head_json":{"title":"D\u00e9claration de patrimoine : Birahim Seck interpelle le Conseil constitutionnel - LE PUBLIC","robots":{"index":"index","follow":"follow","max-snippet":"max-snippet:-1","max-image-preview":"max-image-preview:large","max-video-preview":"max-video-preview:-1"},"canonical":"https:\/\/www.public.sn\/index.php\/2024\/07\/11\/declaration-de-patrimoine-birahim-seck-interpelle-le-conseil-constitutionnel\/","og_locale":"fr_FR","og_type":"article","og_title":"D\u00e9claration de patrimoine : Birahim Seck interpelle le Conseil constitutionnel - LE PUBLIC","og_description":"Dans le Communiqu\u00e9 du Conseil des ministres de ce mercredi, le Premier ministre Ousmane Sonko s\u2019est f\u00e9licit\u00e9 de l\u2019acquittement par le Pr\u00e9sident de la R\u00e9publique lui-m\u00eame et l\u2019ensemble du Gouvernement de leurs obligations de d\u00e9claration de patrimoine. Ces d\u00e9clarations ont \u00e9t\u00e9 respectivement re\u00e7ues au Conseil Constitutionnel et \u00e0 l\u2019OFNAC, dans les d\u00e9lais impartis, \u00e0 savoir trois (3) mois apr\u00e8s la prise de fonction. Par cons\u00e9quent, le PM a demand\u00e9 aux Ministres de veiller au respect scrupuleux de cette exigence, par les responsables assujettis, plac\u00e9s sous leur tutelle. R\u00e9agissant \u00e0 cette r\u00e9flexion du Premier Ousmane Sonko, Birahim Seck du Forum civil a post\u00e9 un message et non des moindres sur son compte X, visit\u00e9 par PressAfrik. Le message de monsieur Seck sonne comme quelqu\u2019un qui est rest\u00e9 sur sa faim par rapport \u00e0 une pr\u00e9occupation. \u00ab L\u2019information sur la d\u00e9claration de patrimoine des assujettis pr\u00e9sents au Conseil des ministres du 10 juillet 2024 est appr\u00e9ciable. Cependant, le Conseil constitutionnel n\u2019a pas encore fourni au public l\u2019information relative au patrimoine du Pr\u00e9sident Diomaye et son Premier ministre Ousmane Sonko \u00bb, a affich\u00e9 Birahim sur son compte X.","og_url":"https:\/\/www.public.sn\/index.php\/2024\/07\/11\/declaration-de-patrimoine-birahim-seck-interpelle-le-conseil-constitutionnel\/","og_site_name":"LE PUBLIC","article_published_time":"2024-07-11T13:43:56+00:00","og_image":[{"width":950,"height":607,"url":"https:\/\/www.public.sn\/wp-content\/uploads\/2024\/07\/Birahime-seck-1587746949638.jpg","type":"image\/jpeg"}],"author":"Baye Amath THIAM","twitter_card":"summary_large_image","twitter_misc":{"\u00c9crit par":"Baye Amath THIAM","Dur\u00e9e de lecture estim\u00e9e":"1 minute"},"schema":{"@context":"https:\/\/schema.org","@graph":[{"@type":"Article","@id":"https:\/\/www.public.sn\/index.php\/2024\/07\/11\/declaration-de-patrimoine-birahim-seck-interpelle-le-conseil-constitutionnel\/#article","isPartOf":{"@id":"https:\/\/www.public.sn\/index.php\/2024\/07\/11\/declaration-de-patrimoine-birahim-seck-interpelle-le-conseil-constitutionnel\/"},"author":{"name":"Baye Amath THIAM","@id":"https:\/\/www.public.sn\/#\/schema\/person\/f77cd9ce05d8fb925eb038378ee6899d"},"headline":"D\u00e9claration de patrimoine : Birahim Seck interpelle le Conseil constitutionnel","datePublished":"2024-07-11T13:43:56+00:00","mainEntityOfPage":{"@id":"https:\/\/www.public.sn\/index.php\/2024\/07\/11\/declaration-de-patrimoine-birahim-seck-interpelle-le-conseil-constitutionnel\/"},"wordCount":212,"commentCount":0,"publisher":{"@id":"https:\/\/www.public.sn\/#organization"},"image":{"@id":"https:\/\/www.public.sn\/index.php\/2024\/07\/11\/declaration-de-patrimoine-birahim-seck-interpelle-le-conseil-constitutionnel\/#primaryimage"},"thumbnailUrl":"https:\/\/www.public.sn\/wp-content\/uploads\/2024\/07\/Birahime-seck-1587746949638.jpg","keywords":["Ces d\u00e9clarations ont \u00e9t\u00e9 respectivement re\u00e7ues au Conseil Constitutionnel","Dans le Communiqu\u00e9 du Conseil des ministres de ce mercredi","et l\u2019ensemble du Gouvernement de leurs obligations de d\u00e9claration de patrimoine.","le Premier ministre Ousmane Sonko","le Pr\u00e9sident de la R\u00e9publique lui-m\u00eame et l\u2019ensemble du Gouvernement","Sonko s\u2019est f\u00e9licit\u00e9 de l\u2019acquittement par le Pr\u00e9sident"],"articleSection":["ACTUALIT\u00c9S","AFRIQUE &amp; MONDE","internationale","justice","S\u00c9CURIT\u00c9 &amp; JUSTICE","S\u00c9N\u00c9GAL","SOCIETE"],"inLanguage":"fr-FR","potentialAction":[{"@type":"CommentAction","name":"Comment","target":["https:\/\/www.public.sn\/index.php\/2024\/07\/11\/declaration-de-patrimoine-birahim-seck-interpelle-le-conseil-constitutionnel\/#respond"]}]},{"@type":"WebPage","@id":"https:\/\/www.public.sn\/index.php\/2024\/07\/11\/declaration-de-patrimoine-birahim-seck-interpelle-le-conseil-constitutionnel\/","url":"https:\/\/www.public.sn\/index.php\/2024\/07\/11\/declaration-de-patrimoine-birahim-seck-interpelle-le-conseil-constitutionnel\/","name":"D\u00e9claration de patrimoine : Birahim Seck interpelle le Conseil constitutionnel - LE PUBLIC","isPartOf":{"@id":"https:\/\/www.public.sn\/#website"},"primaryImageOfPage":{"@id":"https:\/\/www.public.sn\/index.php\/2024\/07\/11\/declaration-de-patrimoine-birahim-seck-interpelle-le-conseil-constitutionnel\/#primaryimage"},"image":{"@id":"https:\/\/www.public.sn\/index.php\/2024\/07\/11\/declaration-de-patrimoine-birahim-seck-interpelle-le-conseil-constitutionnel\/#primaryimage"},"thumbnailUrl":"https:\/\/www.public.sn\/wp-content\/uploads\/2024\/07\/Birahime-seck-1587746949638.jpg","datePublished":"2024-07-11T13:43:56+00:00","breadcrumb":{"@id":"https:\/\/www.public.sn\/index.php\/2024\/07\/11\/declaration-de-patrimoine-birahim-seck-interpelle-le-conseil-constitutionnel\/#breadcrumb"},"inLanguage":"fr-FR","potentialAction":[{"@type":"ReadAction","target":["https:\/\/www.public.sn\/index.php\/2024\/07\/11\/declaration-de-patrimoine-birahim-seck-interpelle-le-conseil-constitutionnel\/"]}]},{"@type":"ImageObject","inLanguage":"fr-FR","@id":"https:\/\/www.public.sn\/index.php\/2024\/07\/11\/declaration-de-patrimoine-birahim-seck-interpelle-le-conseil-constitutionnel\/#primaryimage","url":"https:\/\/www.public.sn\/wp-content\/uploads\/2024\/07\/Birahime-seck-1587746949638.jpg","contentUrl":"https:\/\/www.public.sn\/wp-content\/uploads\/2024\/07\/Birahime-seck-1587746949638.jpg","width":950,"height":607},{"@type":"BreadcrumbList","@id":"https:\/\/www.public.sn\/index.php\/2024\/07\/11\/declaration-de-patrimoine-birahim-seck-interpelle-le-conseil-constitutionnel\/#breadcrumb","itemListElement":[{"@type":"ListItem","position":1,"name":"Accueil","item":"https:\/\/www.public.sn\/"},{"@type":"ListItem","position":2,"name":"D\u00e9claration de patrimoine : Birahim Seck interpelle le Conseil constitutionnel"}]},{"@type":"WebSite","@id":"https:\/\/www.public.sn\/#website","url":"https:\/\/www.public.sn\/","name":"LE PUBLIC","description":"","publisher":{"@id":"https:\/\/www.public.sn\/#organization"},"potentialAction":[{"@type":"SearchAction","target":{"@type":"EntryPoint","urlTemplate":"https:\/\/www.public.sn\/?s={search_term_string}"},"query-input":{"@type":"PropertyValueSpecification","valueRequired":true,"valueName":"search_term_string"}}],"inLanguage":"fr-FR"},{"@type":"Organization","@id":"https:\/\/www.public.sn\/#organization","name":"LE PUBLIC","url":"https:\/\/www.public.sn\/","logo":{"@type":"ImageObject","inLanguage":"fr-FR","@id":"https:\/\/www.public.sn\/#\/schema\/logo\/image\/","url":"https:\/\/www.public.sn\/wp-content\/uploads\/2024\/05\/cropped-LOGO-PUBLIC.SN_.png","contentUrl":"https:\/\/www.public.sn\/wp-content\/uploads\/2024\/05\/cropped-LOGO-PUBLIC.SN_.png","width":682,"height":192,"caption":"LE PUBLIC"},"image":{"@id":"https:\/\/www.public.sn\/#\/schema\/logo\/image\/"}},{"@type":"Person","@id":"https:\/\/www.public.sn\/#\/schema\/person\/f77cd9ce05d8fb925eb038378ee6899d","name":"Baye Amath THIAM","image":{"@type":"ImageObject","inLanguage":"fr-FR","@id":"https:\/\/www.public.sn\/#\/schema\/person\/image\/","url":"https:\/\/secure.gravatar.com\/avatar\/7eb863ef1336b6f8a2ad921469701e52f094a61c698fab02f5af742ed813612d?s=96&d=mm&r=g","contentUrl":"https:\/\/secure.gravatar.com\/avatar\/7eb863ef1336b6f8a2ad921469701e52f094a61c698fab02f5af742ed813612d?s=96&d=mm&r=g","caption":"Baye Amath THIAM"},"url":"https:\/\/www.public.sn\/index.php\/author\/thiamba24\/"}]}},"jetpack_featured_media_url":"https:\/\/www.public.sn\/wp-content\/uploads\/2024\/07\/Birahime-seck-1587746949638.jpg","jetpack_sharing_enabled":true,"_links":{"self":[{"href":"https:\/\/www.public.sn\/index.php\/wp-json\/wp\/v2\/posts\/34117","targetHints":{"allow":["GET"]}}],"collection":[{"href":"https:\/\/www.public.sn\/index.php\/wp-json\/wp\/v2\/posts"}],"about":[{"href":"https:\/\/www.public.sn\/index.php\/wp-json\/wp\/v2\/types\/post"}],"author":[{"embeddable":true,"href":"https:\/\/www.public.sn\/index.php\/wp-json\/wp\/v2\/users\/15"}],"replies":[{"embeddable":true,"href":"https:\/\/www.public.sn\/index.php\/wp-json\/wp\/v2\/comments?post=34117"}],"version-history":[{"count":1,"href":"https:\/\/www.public.sn\/index.php\/wp-json\/wp\/v2\/posts\/34117\/revisions"}],"predecessor-version":[{"id":34119,"href":"https:\/\/www.public.sn\/index.php\/wp-json\/wp\/v2\/posts\/34117\/revisions\/34119"}],"wp:featuredmedia":[{"embeddable":true,"href":"https:\/\/www.public.sn\/index.php\/wp-json\/wp\/v2\/media\/34118"}],"wp:attachment":[{"href":"https:\/\/www.public.sn\/index.php\/wp-json\/wp\/v2\/media?parent=34117"}],"wp:term":[{"taxonomy":"category","embeddable":true,"href":"https:\/\/www.public.sn\/index.php\/wp-json\/wp\/v2\/categories?post=34117"},{"taxonomy":"post_tag","embeddable":true,"href":"https:\/\/www.public.sn\/index.php\/wp-json\/wp\/v2\/tags?post=34117"}],"curies":[{"name":"wp","href":"https:\/\/api.w.org\/{rel}","templated":true}]}}