{"id":34164,"date":"2024-07-12T10:08:37","date_gmt":"2024-07-12T10:08:37","guid":{"rendered":"https:\/\/www.public.sn\/?p=34164"},"modified":"2024-07-12T10:08:37","modified_gmt":"2024-07-12T10:08:37","slug":"bougane-gueye-dani-reporte-sa-conference-publique-et-convoque-un-point-de-presse","status":"publish","type":"post","link":"https:\/\/www.public.sn\/index.php\/2024\/07\/12\/bougane-gueye-dani-reporte-sa-conference-publique-et-convoque-un-point-de-presse\/","title":{"rendered":"Bougane Gu\u00e8ye Dani reporte sa conf\u00e9rence publique et convoque un point de presse."},"content":{"rendered":"<p>Le Pr\u00e9sident de Gueum Sa Bopp, Bougane Gu\u00e8ye Dani, a annonc\u00e9 hier jeudi qu\u2019il tiendra un point de presse le dimanche 14 juillet 2024 \u00e0 19h, au si\u00e8ge du parti situ\u00e9 \u00e0 la cit\u00e9 Keur Gorgui.<\/p><div class=\"publi-paragraphe1\" style=\"margin-top: 10px;margin-bottom: 10px;margin-left: auto;margin-right: auto;text-align: center;\" id=\"publi-4205018960\"><div class=\"publi-adlabel\">Publicit\u00e9<\/div><script async src=\"\/\/pagead2.googlesyndication.com\/pagead\/js\/adsbygoogle.js?client=ca-pub-4089586018074219\" crossorigin=\"anonymous\"><\/script><ins class=\"adsbygoogle\" style=\"display:block;\" data-ad-client=\"ca-pub-4089586018074219\" \ndata-ad-slot=\"2087940154\" \ndata-ad-format=\"auto\"><\/ins>\n<script> \n(adsbygoogle = window.adsbygoogle || []).push({}); \n<\/script>\n<\/div>\n<p>En raison de la f\u00eate de \u00ab Tamkharite \u00bb, la conf\u00e9rence publique initialement programm\u00e9e pour le 16 juillet 2024 est report\u00e9e \u00e0 une date ult\u00e9rieure. Cette d\u00e9cision vise \u00e0 respecter les coutumes et \u00e0 permettre une participation maximale de tous les acteurs concern\u00e9s.<\/p>\n<p>Bougane Gu\u00e8ye Dani, leader de Gueum Sa Bopp, avait pr\u00e9vu d\u2019aborder divers sujets lors de la conf\u00e9rence, y compris les premiers 100 jours du Pr\u00e9sident Bassirou Diomaye Faye au pouvoir, les initiatives de r\u00e9duction des prix des produits de premi\u00e8re n\u00e9cessit\u00e9, la lutte contre la corruption, ainsi que les missions d\u2019audit en cours.<br \/>\nLe rendez-vous avec les journalistes est pris au lendemain de la conf\u00e9rence de presse tr\u00e8s attendue du pr\u00e9sident de la R\u00e9publique, Bassirou Diomaye Faye, pr\u00e9vue samedi au Palais.<\/p>\n<div class=\"publi-apres-le-contenu\" style=\"margin-top: 10px;margin-bottom: 10px;margin-left: auto;margin-right: auto;text-align: center;\" id=\"publi-1047744487\"><div class=\"publi-adlabel\">Publicit\u00e9<\/div><script async src=\"\/\/pagead2.googlesyndication.com\/pagead\/js\/adsbygoogle.js?client=ca-pub-4089586018074219\" crossorigin=\"anonymous\"><\/script><ins class=\"adsbygoogle\" style=\"display:block;\" data-ad-client=\"ca-pub-4089586018074219\" \ndata-ad-slot=\"2087940154\" \ndata-ad-format=\"auto\"><\/ins>\n<script> \n(adsbygoogle = window.adsbygoogle || []).push({}); \n<\/script>\n<\/div>","protected":false},"excerpt":{"rendered":"<p>Le Pr\u00e9sident de Gueum Sa Bopp, Bougane Gu\u00e8ye Dani, a annonc\u00e9 hier jeudi qu\u2019il tiendra un point de presse le dimanche 14 juillet 2024 \u00e0 19h, au si\u00e8ge du parti situ\u00e9 \u00e0 la cit\u00e9 Keur Gorgui. En raison de la f\u00eate de \u00ab Tamkharite \u00bb, la conf\u00e9rence publique initialement programm\u00e9e pour le 16 juillet 2024 est report\u00e9e \u00e0 une date ult\u00e9rieure. Cette d\u00e9cision vise \u00e0 respecter les coutumes et \u00e0 permettre une participation maximale de tous les acteurs concern\u00e9s. Bougane Gu\u00e8ye Dani, leader de Gueum Sa Bopp, avait pr\u00e9vu d\u2019aborder divers sujets lors de la conf\u00e9rence, y compris les premiers 100 jours du Pr\u00e9sident Bassirou Diomaye Faye au pouvoir, les initiatives de r\u00e9duction des prix des produits de premi\u00e8re n\u00e9cessit\u00e9, la lutte contre la corruption, ainsi que les missions d\u2019audit en cours. Le rendez-vous avec les journalistes est pris au lendemain de la conf\u00e9rence de presse tr\u00e8s attendue du pr\u00e9sident de la R\u00e9publique, Bassirou Diomaye Faye, pr\u00e9vue samedi au Palais.<\/p>\n","protected":false},"author":15,"featured_media":34166,"comment_status":"open","ping_status":"open","sticky":false,"template":"","format":"standard","meta":{"_jetpack_memberships_contains_paid_content":false,"footnotes":""},"categories":[375,961,3,376,1,4],"tags":[29,6632,6633,1009,5289],"class_list":["post-34164","post","type-post","status-publish","format-standard","has-post-thumbnail","hentry","category-actualites","category-medias","category-politique","category-securite-justice","category-non-classe","category-societe","tag-bougane-gueye-dani","tag-conference-publique","tag-gueum-sa-bopp","tag-point-de-presse","tag-tamkharite","entry","has-media","owp-thumbs-layout-horizontal","owp-btn-normal","owp-tabs-layout-horizontal","has-no-thumbnails","has-product-nav"],"yoast_head":"<!-- This site is optimized with the Yoast SEO plugin v25.5 - https:\/\/yoast.com\/wordpress\/plugins\/seo\/ -->\n<title>Bougane Gu\u00e8ye Dani reporte sa conf\u00e9rence publique et convoque un point de presse. - LE PUBLIC<\/title>\n<meta name=\"robots\" content=\"index, follow, max-snippet:-1, max-image-preview:large, max-video-preview:-1\" \/>\n<link rel=\"canonical\" href=\"https:\/\/www.public.sn\/index.php\/2024\/07\/12\/bougane-gueye-dani-reporte-sa-conference-publique-et-convoque-un-point-de-presse\/\" \/>\n<meta property=\"og:locale\" content=\"fr_FR\" \/>\n<meta property=\"og:type\" content=\"article\" \/>\n<meta property=\"og:title\" content=\"Bougane Gu\u00e8ye Dani reporte sa conf\u00e9rence publique et convoque un point de presse. - LE PUBLIC\" \/>\n<meta property=\"og:description\" content=\"Le Pr\u00e9sident de Gueum Sa Bopp, Bougane Gu\u00e8ye Dani, a annonc\u00e9 hier jeudi qu\u2019il tiendra un point de presse le dimanche 14 juillet 2024 \u00e0 19h, au si\u00e8ge du parti situ\u00e9 \u00e0 la cit\u00e9 Keur Gorgui. En raison de la f\u00eate de \u00ab Tamkharite \u00bb, la conf\u00e9rence publique initialement programm\u00e9e pour le 16 juillet 2024 est report\u00e9e \u00e0 une date ult\u00e9rieure. Cette d\u00e9cision vise \u00e0 respecter les coutumes et \u00e0 permettre une participation maximale de tous les acteurs concern\u00e9s. Bougane Gu\u00e8ye Dani, leader de Gueum Sa Bopp, avait pr\u00e9vu d\u2019aborder divers sujets lors de la conf\u00e9rence, y compris les premiers 100 jours du Pr\u00e9sident Bassirou Diomaye Faye au pouvoir, les initiatives de r\u00e9duction des prix des produits de premi\u00e8re n\u00e9cessit\u00e9, la lutte contre la corruption, ainsi que les missions d\u2019audit en cours. Le rendez-vous avec les journalistes est pris au lendemain de la conf\u00e9rence de presse tr\u00e8s attendue du pr\u00e9sident de la R\u00e9publique, Bassirou Diomaye Faye, pr\u00e9vue samedi au Palais.\" \/>\n<meta property=\"og:url\" content=\"https:\/\/www.public.sn\/index.php\/2024\/07\/12\/bougane-gueye-dani-reporte-sa-conference-publique-et-convoque-un-point-de-presse\/\" \/>\n<meta property=\"og:site_name\" content=\"LE PUBLIC\" \/>\n<meta property=\"article:published_time\" content=\"2024-07-12T10:08:37+00:00\" \/>\n<meta property=\"og:image\" content=\"https:\/\/www.public.sn\/wp-content\/uploads\/2024\/07\/bougane-gueye-dany-1.jpeg\" \/>\n\t<meta property=\"og:image:width\" content=\"854\" \/>\n\t<meta property=\"og:image:height\" content=\"853\" \/>\n\t<meta property=\"og:image:type\" content=\"image\/jpeg\" \/>\n<meta name=\"author\" content=\"Baye Amath THIAM\" \/>\n<meta name=\"twitter:card\" content=\"summary_large_image\" \/>\n<meta name=\"twitter:label1\" content=\"\u00c9crit par\" \/>\n\t<meta name=\"twitter:data1\" content=\"Baye Amath THIAM\" \/>\n\t<meta name=\"twitter:label2\" content=\"Dur\u00e9e de lecture estim\u00e9e\" \/>\n\t<meta name=\"twitter:data2\" content=\"2 minutes\" \/>\n<script type=\"application\/ld+json\" class=\"yoast-schema-graph\">{\"@context\":\"https:\/\/schema.org\",\"@graph\":[{\"@type\":\"Article\",\"@id\":\"https:\/\/www.public.sn\/index.php\/2024\/07\/12\/bougane-gueye-dani-reporte-sa-conference-publique-et-convoque-un-point-de-presse\/#article\",\"isPartOf\":{\"@id\":\"https:\/\/www.public.sn\/index.php\/2024\/07\/12\/bougane-gueye-dani-reporte-sa-conference-publique-et-convoque-un-point-de-presse\/\"},\"author\":{\"name\":\"Baye Amath THIAM\",\"@id\":\"https:\/\/www.public.sn\/#\/schema\/person\/f77cd9ce05d8fb925eb038378ee6899d\"},\"headline\":\"Bougane Gu\u00e8ye Dani reporte sa conf\u00e9rence publique et convoque un point de presse.\",\"datePublished\":\"2024-07-12T10:08:37+00:00\",\"mainEntityOfPage\":{\"@id\":\"https:\/\/www.public.sn\/index.php\/2024\/07\/12\/bougane-gueye-dani-reporte-sa-conference-publique-et-convoque-un-point-de-presse\/\"},\"wordCount\":188,\"commentCount\":0,\"publisher\":{\"@id\":\"https:\/\/www.public.sn\/#organization\"},\"image\":{\"@id\":\"https:\/\/www.public.sn\/index.php\/2024\/07\/12\/bougane-gueye-dani-reporte-sa-conference-publique-et-convoque-un-point-de-presse\/#primaryimage\"},\"thumbnailUrl\":\"https:\/\/www.public.sn\/wp-content\/uploads\/2024\/07\/bougane-gueye-dany-1.jpeg\",\"keywords\":[\"Bougane Gu\u00e9ye Dani\",\"conf\u00e9rence publique\",\"Gueum Sa Bopp\",\"point de presse\",\"Tamkharite\"],\"articleSection\":[\"ACTUALIT\u00c9S\",\"M\u00c9DIAS\",\"POLITIQUE\",\"S\u00c9CURIT\u00c9 &amp; JUSTICE\",\"S\u00c9N\u00c9GAL\",\"SOCIETE\"],\"inLanguage\":\"fr-FR\",\"potentialAction\":[{\"@type\":\"CommentAction\",\"name\":\"Comment\",\"target\":[\"https:\/\/www.public.sn\/index.php\/2024\/07\/12\/bougane-gueye-dani-reporte-sa-conference-publique-et-convoque-un-point-de-presse\/#respond\"]}]},{\"@type\":\"WebPage\",\"@id\":\"https:\/\/www.public.sn\/index.php\/2024\/07\/12\/bougane-gueye-dani-reporte-sa-conference-publique-et-convoque-un-point-de-presse\/\",\"url\":\"https:\/\/www.public.sn\/index.php\/2024\/07\/12\/bougane-gueye-dani-reporte-sa-conference-publique-et-convoque-un-point-de-presse\/\",\"name\":\"Bougane Gu\u00e8ye Dani reporte sa conf\u00e9rence publique et convoque un point de presse. - LE PUBLIC\",\"isPartOf\":{\"@id\":\"https:\/\/www.public.sn\/#website\"},\"primaryImageOfPage\":{\"@id\":\"https:\/\/www.public.sn\/index.php\/2024\/07\/12\/bougane-gueye-dani-reporte-sa-conference-publique-et-convoque-un-point-de-presse\/#primaryimage\"},\"image\":{\"@id\":\"https:\/\/www.public.sn\/index.php\/2024\/07\/12\/bougane-gueye-dani-reporte-sa-conference-publique-et-convoque-un-point-de-presse\/#primaryimage\"},\"thumbnailUrl\":\"https:\/\/www.public.sn\/wp-content\/uploads\/2024\/07\/bougane-gueye-dany-1.jpeg\",\"datePublished\":\"2024-07-12T10:08:37+00:00\",\"breadcrumb\":{\"@id\":\"https:\/\/www.public.sn\/index.php\/2024\/07\/12\/bougane-gueye-dani-reporte-sa-conference-publique-et-convoque-un-point-de-presse\/#breadcrumb\"},\"inLanguage\":\"fr-FR\",\"potentialAction\":[{\"@type\":\"ReadAction\",\"target\":[\"https:\/\/www.public.sn\/index.php\/2024\/07\/12\/bougane-gueye-dani-reporte-sa-conference-publique-et-convoque-un-point-de-presse\/\"]}]},{\"@type\":\"ImageObject\",\"inLanguage\":\"fr-FR\",\"@id\":\"https:\/\/www.public.sn\/index.php\/2024\/07\/12\/bougane-gueye-dani-reporte-sa-conference-publique-et-convoque-un-point-de-presse\/#primaryimage\",\"url\":\"https:\/\/www.public.sn\/wp-content\/uploads\/2024\/07\/bougane-gueye-dany-1.jpeg\",\"contentUrl\":\"https:\/\/www.public.sn\/wp-content\/uploads\/2024\/07\/bougane-gueye-dany-1.jpeg\",\"width\":854,\"height\":853},{\"@type\":\"BreadcrumbList\",\"@id\":\"https:\/\/www.public.sn\/index.php\/2024\/07\/12\/bougane-gueye-dani-reporte-sa-conference-publique-et-convoque-un-point-de-presse\/#breadcrumb\",\"itemListElement\":[{\"@type\":\"ListItem\",\"position\":1,\"name\":\"Accueil\",\"item\":\"https:\/\/www.public.sn\/\"},{\"@type\":\"ListItem\",\"position\":2,\"name\":\"Bougane Gu\u00e8ye Dani reporte sa conf\u00e9rence publique et convoque un point de presse.\"}]},{\"@type\":\"WebSite\",\"@id\":\"https:\/\/www.public.sn\/#website\",\"url\":\"https:\/\/www.public.sn\/\",\"name\":\"LE PUBLIC\",\"description\":\"\",\"publisher\":{\"@id\":\"https:\/\/www.public.sn\/#organization\"},\"potentialAction\":[{\"@type\":\"SearchAction\",\"target\":{\"@type\":\"EntryPoint\",\"urlTemplate\":\"https:\/\/www.public.sn\/?s={search_term_string}\"},\"query-input\":{\"@type\":\"PropertyValueSpecification\",\"valueRequired\":true,\"valueName\":\"search_term_string\"}}],\"inLanguage\":\"fr-FR\"},{\"@type\":\"Organization\",\"@id\":\"https:\/\/www.public.sn\/#organization\",\"name\":\"LE PUBLIC\",\"url\":\"https:\/\/www.public.sn\/\",\"logo\":{\"@type\":\"ImageObject\",\"inLanguage\":\"fr-FR\",\"@id\":\"https:\/\/www.public.sn\/#\/schema\/logo\/image\/\",\"url\":\"https:\/\/www.public.sn\/wp-content\/uploads\/2024\/05\/cropped-LOGO-PUBLIC.SN_.png\",\"contentUrl\":\"https:\/\/www.public.sn\/wp-content\/uploads\/2024\/05\/cropped-LOGO-PUBLIC.SN_.png\",\"width\":682,\"height\":192,\"caption\":\"LE PUBLIC\"},\"image\":{\"@id\":\"https:\/\/www.public.sn\/#\/schema\/logo\/image\/\"}},{\"@type\":\"Person\",\"@id\":\"https:\/\/www.public.sn\/#\/schema\/person\/f77cd9ce05d8fb925eb038378ee6899d\",\"name\":\"Baye Amath THIAM\",\"image\":{\"@type\":\"ImageObject\",\"inLanguage\":\"fr-FR\",\"@id\":\"https:\/\/www.public.sn\/#\/schema\/person\/image\/\",\"url\":\"https:\/\/secure.gravatar.com\/avatar\/7eb863ef1336b6f8a2ad921469701e52f094a61c698fab02f5af742ed813612d?s=96&d=mm&r=g\",\"contentUrl\":\"https:\/\/secure.gravatar.com\/avatar\/7eb863ef1336b6f8a2ad921469701e52f094a61c698fab02f5af742ed813612d?s=96&d=mm&r=g\",\"caption\":\"Baye Amath THIAM\"},\"url\":\"https:\/\/www.public.sn\/index.php\/author\/thiamba24\/\"}]}<\/script>\n<!-- \/ Yoast SEO plugin. -->","yoast_head_json":{"title":"Bougane Gu\u00e8ye Dani reporte sa conf\u00e9rence publique et convoque un point de presse. - LE PUBLIC","robots":{"index":"index","follow":"follow","max-snippet":"max-snippet:-1","max-image-preview":"max-image-preview:large","max-video-preview":"max-video-preview:-1"},"canonical":"https:\/\/www.public.sn\/index.php\/2024\/07\/12\/bougane-gueye-dani-reporte-sa-conference-publique-et-convoque-un-point-de-presse\/","og_locale":"fr_FR","og_type":"article","og_title":"Bougane Gu\u00e8ye Dani reporte sa conf\u00e9rence publique et convoque un point de presse. - LE PUBLIC","og_description":"Le Pr\u00e9sident de Gueum Sa Bopp, Bougane Gu\u00e8ye Dani, a annonc\u00e9 hier jeudi qu\u2019il tiendra un point de presse le dimanche 14 juillet 2024 \u00e0 19h, au si\u00e8ge du parti situ\u00e9 \u00e0 la cit\u00e9 Keur Gorgui. En raison de la f\u00eate de \u00ab Tamkharite \u00bb, la conf\u00e9rence publique initialement programm\u00e9e pour le 16 juillet 2024 est report\u00e9e \u00e0 une date ult\u00e9rieure. Cette d\u00e9cision vise \u00e0 respecter les coutumes et \u00e0 permettre une participation maximale de tous les acteurs concern\u00e9s. Bougane Gu\u00e8ye Dani, leader de Gueum Sa Bopp, avait pr\u00e9vu d\u2019aborder divers sujets lors de la conf\u00e9rence, y compris les premiers 100 jours du Pr\u00e9sident Bassirou Diomaye Faye au pouvoir, les initiatives de r\u00e9duction des prix des produits de premi\u00e8re n\u00e9cessit\u00e9, la lutte contre la corruption, ainsi que les missions d\u2019audit en cours. Le rendez-vous avec les journalistes est pris au lendemain de la conf\u00e9rence de presse tr\u00e8s attendue du pr\u00e9sident de la R\u00e9publique, Bassirou Diomaye Faye, pr\u00e9vue samedi au Palais.","og_url":"https:\/\/www.public.sn\/index.php\/2024\/07\/12\/bougane-gueye-dani-reporte-sa-conference-publique-et-convoque-un-point-de-presse\/","og_site_name":"LE PUBLIC","article_published_time":"2024-07-12T10:08:37+00:00","og_image":[{"width":854,"height":853,"url":"https:\/\/www.public.sn\/wp-content\/uploads\/2024\/07\/bougane-gueye-dany-1.jpeg","type":"image\/jpeg"}],"author":"Baye Amath THIAM","twitter_card":"summary_large_image","twitter_misc":{"\u00c9crit par":"Baye Amath THIAM","Dur\u00e9e de lecture estim\u00e9e":"2 minutes"},"schema":{"@context":"https:\/\/schema.org","@graph":[{"@type":"Article","@id":"https:\/\/www.public.sn\/index.php\/2024\/07\/12\/bougane-gueye-dani-reporte-sa-conference-publique-et-convoque-un-point-de-presse\/#article","isPartOf":{"@id":"https:\/\/www.public.sn\/index.php\/2024\/07\/12\/bougane-gueye-dani-reporte-sa-conference-publique-et-convoque-un-point-de-presse\/"},"author":{"name":"Baye Amath THIAM","@id":"https:\/\/www.public.sn\/#\/schema\/person\/f77cd9ce05d8fb925eb038378ee6899d"},"headline":"Bougane Gu\u00e8ye Dani reporte sa conf\u00e9rence publique et convoque un point de presse.","datePublished":"2024-07-12T10:08:37+00:00","mainEntityOfPage":{"@id":"https:\/\/www.public.sn\/index.php\/2024\/07\/12\/bougane-gueye-dani-reporte-sa-conference-publique-et-convoque-un-point-de-presse\/"},"wordCount":188,"commentCount":0,"publisher":{"@id":"https:\/\/www.public.sn\/#organization"},"image":{"@id":"https:\/\/www.public.sn\/index.php\/2024\/07\/12\/bougane-gueye-dani-reporte-sa-conference-publique-et-convoque-un-point-de-presse\/#primaryimage"},"thumbnailUrl":"https:\/\/www.public.sn\/wp-content\/uploads\/2024\/07\/bougane-gueye-dany-1.jpeg","keywords":["Bougane Gu\u00e9ye Dani","conf\u00e9rence publique","Gueum Sa Bopp","point de presse","Tamkharite"],"articleSection":["ACTUALIT\u00c9S","M\u00c9DIAS","POLITIQUE","S\u00c9CURIT\u00c9 &amp; JUSTICE","S\u00c9N\u00c9GAL","SOCIETE"],"inLanguage":"fr-FR","potentialAction":[{"@type":"CommentAction","name":"Comment","target":["https:\/\/www.public.sn\/index.php\/2024\/07\/12\/bougane-gueye-dani-reporte-sa-conference-publique-et-convoque-un-point-de-presse\/#respond"]}]},{"@type":"WebPage","@id":"https:\/\/www.public.sn\/index.php\/2024\/07\/12\/bougane-gueye-dani-reporte-sa-conference-publique-et-convoque-un-point-de-presse\/","url":"https:\/\/www.public.sn\/index.php\/2024\/07\/12\/bougane-gueye-dani-reporte-sa-conference-publique-et-convoque-un-point-de-presse\/","name":"Bougane Gu\u00e8ye Dani reporte sa conf\u00e9rence publique et convoque un point de presse. - LE PUBLIC","isPartOf":{"@id":"https:\/\/www.public.sn\/#website"},"primaryImageOfPage":{"@id":"https:\/\/www.public.sn\/index.php\/2024\/07\/12\/bougane-gueye-dani-reporte-sa-conference-publique-et-convoque-un-point-de-presse\/#primaryimage"},"image":{"@id":"https:\/\/www.public.sn\/index.php\/2024\/07\/12\/bougane-gueye-dani-reporte-sa-conference-publique-et-convoque-un-point-de-presse\/#primaryimage"},"thumbnailUrl":"https:\/\/www.public.sn\/wp-content\/uploads\/2024\/07\/bougane-gueye-dany-1.jpeg","datePublished":"2024-07-12T10:08:37+00:00","breadcrumb":{"@id":"https:\/\/www.public.sn\/index.php\/2024\/07\/12\/bougane-gueye-dani-reporte-sa-conference-publique-et-convoque-un-point-de-presse\/#breadcrumb"},"inLanguage":"fr-FR","potentialAction":[{"@type":"ReadAction","target":["https:\/\/www.public.sn\/index.php\/2024\/07\/12\/bougane-gueye-dani-reporte-sa-conference-publique-et-convoque-un-point-de-presse\/"]}]},{"@type":"ImageObject","inLanguage":"fr-FR","@id":"https:\/\/www.public.sn\/index.php\/2024\/07\/12\/bougane-gueye-dani-reporte-sa-conference-publique-et-convoque-un-point-de-presse\/#primaryimage","url":"https:\/\/www.public.sn\/wp-content\/uploads\/2024\/07\/bougane-gueye-dany-1.jpeg","contentUrl":"https:\/\/www.public.sn\/wp-content\/uploads\/2024\/07\/bougane-gueye-dany-1.jpeg","width":854,"height":853},{"@type":"BreadcrumbList","@id":"https:\/\/www.public.sn\/index.php\/2024\/07\/12\/bougane-gueye-dani-reporte-sa-conference-publique-et-convoque-un-point-de-presse\/#breadcrumb","itemListElement":[{"@type":"ListItem","position":1,"name":"Accueil","item":"https:\/\/www.public.sn\/"},{"@type":"ListItem","position":2,"name":"Bougane Gu\u00e8ye Dani reporte sa conf\u00e9rence publique et convoque un point de presse."}]},{"@type":"WebSite","@id":"https:\/\/www.public.sn\/#website","url":"https:\/\/www.public.sn\/","name":"LE PUBLIC","description":"","publisher":{"@id":"https:\/\/www.public.sn\/#organization"},"potentialAction":[{"@type":"SearchAction","target":{"@type":"EntryPoint","urlTemplate":"https:\/\/www.public.sn\/?s={search_term_string}"},"query-input":{"@type":"PropertyValueSpecification","valueRequired":true,"valueName":"search_term_string"}}],"inLanguage":"fr-FR"},{"@type":"Organization","@id":"https:\/\/www.public.sn\/#organization","name":"LE PUBLIC","url":"https:\/\/www.public.sn\/","logo":{"@type":"ImageObject","inLanguage":"fr-FR","@id":"https:\/\/www.public.sn\/#\/schema\/logo\/image\/","url":"https:\/\/www.public.sn\/wp-content\/uploads\/2024\/05\/cropped-LOGO-PUBLIC.SN_.png","contentUrl":"https:\/\/www.public.sn\/wp-content\/uploads\/2024\/05\/cropped-LOGO-PUBLIC.SN_.png","width":682,"height":192,"caption":"LE PUBLIC"},"image":{"@id":"https:\/\/www.public.sn\/#\/schema\/logo\/image\/"}},{"@type":"Person","@id":"https:\/\/www.public.sn\/#\/schema\/person\/f77cd9ce05d8fb925eb038378ee6899d","name":"Baye Amath THIAM","image":{"@type":"ImageObject","inLanguage":"fr-FR","@id":"https:\/\/www.public.sn\/#\/schema\/person\/image\/","url":"https:\/\/secure.gravatar.com\/avatar\/7eb863ef1336b6f8a2ad921469701e52f094a61c698fab02f5af742ed813612d?s=96&d=mm&r=g","contentUrl":"https:\/\/secure.gravatar.com\/avatar\/7eb863ef1336b6f8a2ad921469701e52f094a61c698fab02f5af742ed813612d?s=96&d=mm&r=g","caption":"Baye Amath THIAM"},"url":"https:\/\/www.public.sn\/index.php\/author\/thiamba24\/"}]}},"jetpack_featured_media_url":"https:\/\/www.public.sn\/wp-content\/uploads\/2024\/07\/bougane-gueye-dany-1.jpeg","jetpack_sharing_enabled":true,"_links":{"self":[{"href":"https:\/\/www.public.sn\/index.php\/wp-json\/wp\/v2\/posts\/34164","targetHints":{"allow":["GET"]}}],"collection":[{"href":"https:\/\/www.public.sn\/index.php\/wp-json\/wp\/v2\/posts"}],"about":[{"href":"https:\/\/www.public.sn\/index.php\/wp-json\/wp\/v2\/types\/post"}],"author":[{"embeddable":true,"href":"https:\/\/www.public.sn\/index.php\/wp-json\/wp\/v2\/users\/15"}],"replies":[{"embeddable":true,"href":"https:\/\/www.public.sn\/index.php\/wp-json\/wp\/v2\/comments?post=34164"}],"version-history":[{"count":1,"href":"https:\/\/www.public.sn\/index.php\/wp-json\/wp\/v2\/posts\/34164\/revisions"}],"predecessor-version":[{"id":34165,"href":"https:\/\/www.public.sn\/index.php\/wp-json\/wp\/v2\/posts\/34164\/revisions\/34165"}],"wp:featuredmedia":[{"embeddable":true,"href":"https:\/\/www.public.sn\/index.php\/wp-json\/wp\/v2\/media\/34166"}],"wp:attachment":[{"href":"https:\/\/www.public.sn\/index.php\/wp-json\/wp\/v2\/media?parent=34164"}],"wp:term":[{"taxonomy":"category","embeddable":true,"href":"https:\/\/www.public.sn\/index.php\/wp-json\/wp\/v2\/categories?post=34164"},{"taxonomy":"post_tag","embeddable":true,"href":"https:\/\/www.public.sn\/index.php\/wp-json\/wp\/v2\/tags?post=34164"}],"curies":[{"name":"wp","href":"https:\/\/api.w.org\/{rel}","templated":true}]}}