{"id":34260,"date":"2024-07-15T10:45:35","date_gmt":"2024-07-15T10:45:35","guid":{"rendered":"https:\/\/www.public.sn\/?p=34260"},"modified":"2024-07-15T10:45:35","modified_gmt":"2024-07-15T10:45:35","slug":"face-a-la-presse-bougane-gueye-dany-critique-severement-le-bilan-des-100-jours-du-president-bassirou-diomaye-faye","status":"publish","type":"post","link":"https:\/\/www.public.sn\/index.php\/2024\/07\/15\/face-a-la-presse-bougane-gueye-dany-critique-severement-le-bilan-des-100-jours-du-president-bassirou-diomaye-faye\/","title":{"rendered":"Face \u00e0 la presse : Bougane Gu\u00e8ye Dany critique s\u00e9v\u00e8rement le bilan des 100 jours du pr\u00e9sident Bassirou Diomaye Faye"},"content":{"rendered":"<p>A l\u2019occasion de ses 100 jours au pouvoir, lors du face-\u00e0-face avec la presse, le pr\u00e9sident Bassirou Diomaye Faye a fait un bilan de ses r\u00e9alisations et sa feuille de route.<\/p><div class=\"publi-paragraphe1\" style=\"margin-top: 10px;margin-bottom: 10px;margin-left: auto;margin-right: auto;text-align: center;\" id=\"publi-336366374\"><div class=\"publi-adlabel\">Publicit\u00e9<\/div><script async src=\"\/\/pagead2.googlesyndication.com\/pagead\/js\/adsbygoogle.js?client=ca-pub-4089586018074219\" crossorigin=\"anonymous\"><\/script><ins class=\"adsbygoogle\" style=\"display:block;\" data-ad-client=\"ca-pub-4089586018074219\" \ndata-ad-slot=\"2087940154\" \ndata-ad-format=\"auto\"><\/ins>\n<script> \n(adsbygoogle = window.adsbygoogle || []).push({}); \n<\/script>\n<\/div>\n<p>Cette intervention a suscit\u00e9 de nombreuses r\u00e9actions, notamment celle de Bougane Gu\u00e8ye Dany, leader du mouvement Guem Sa Bopp, qui n\u2019a pas m\u00e2ch\u00e9 ses mots pour critiquer l\u2019actuel r\u00e9gime. <\/p>\n<p>\u00ab Nous serons des sentinelles pour faire face au r\u00e9gime. J\u2019ai entendu le pr\u00e9sident hier dire que c\u2019est tr\u00e8s top pour faire un bilan. Alors qu\u2019il loue les qualit\u00e9s de son Premier ministre. Ce qui veut dire qu\u2019il est contradictoire \u00bb, a-t-il d\u00e9clar\u00e9, rapporte Seneweb.<\/p>\n<p>Bougane soup\u00e7onne un deal entre le pr\u00e9sident sortant Macky Sall et Ousmane Sonko. Car les deux hommes ont des accords et d\u00e9saccords. Ainsi il accuse les politiciens s\u00e9n\u00e9galais  d\u2019\u0153uvrer pour les puissances occidentales. \u00ab Ousmane Sonko et Macky Sall se sont  rencontr\u00e9s \u00e0 plusieurs reprises. Ils ne diront pas le contraire. J\u2019ai des preuves \u00bb.<\/p>\n<p>En mati\u00e8re d\u2019emploi des jeunes, surtout les marchands ambulants, Bougane Gu\u00e8ye a \u00e9t\u00e9 particuli\u00e8rement virulent. Il a affirm\u00e9 que le pr\u00e9sident Bassirou Diomaye Faye avait \u00e9chou\u00e9 dans ce domaine tout comme son pr\u00e9d\u00e9cesseur, ne parvenant pas \u00e0 offrir des solutions concr\u00e8tes \u00e0 la jeunesse d\u00e9sillusionn\u00e9e et en qu\u00eate d\u2019opportunit\u00e9s. <\/p>\n<p>En outre, il a critiqu\u00e9 certaines d\u00e9clarations du pr\u00e9sident, qu\u2019il a jug\u00e9es d\u00e9connect\u00e9es de la r\u00e9alit\u00e9 v\u00e9cue par la population. Il a exhort\u00e9 le pr\u00e9sident \u00e0 se concentrer davantage sur les probl\u00e8mes quotidiens des citoyens et \u00e0 proposer des mesures concr\u00e8tes pour am\u00e9liorer leur situation.<\/p>\n<div class=\"publi-apres-le-contenu\" style=\"margin-top: 10px;margin-bottom: 10px;margin-left: auto;margin-right: auto;text-align: center;\" id=\"publi-2441464079\"><div class=\"publi-adlabel\">Publicit\u00e9<\/div><script async src=\"\/\/pagead2.googlesyndication.com\/pagead\/js\/adsbygoogle.js?client=ca-pub-4089586018074219\" crossorigin=\"anonymous\"><\/script><ins class=\"adsbygoogle\" style=\"display:block;\" data-ad-client=\"ca-pub-4089586018074219\" \ndata-ad-slot=\"2087940154\" \ndata-ad-format=\"auto\"><\/ins>\n<script> \n(adsbygoogle = window.adsbygoogle || []).push({}); \n<\/script>\n<\/div>","protected":false},"excerpt":{"rendered":"<p>A l\u2019occasion de ses 100 jours au pouvoir, lors du face-\u00e0-face avec la presse, le pr\u00e9sident Bassirou Diomaye Faye a fait un bilan de ses r\u00e9alisations et sa feuille de route. Cette intervention a suscit\u00e9 de nombreuses r\u00e9actions, notamment celle de Bougane Gu\u00e8ye Dany, leader du mouvement Guem Sa Bopp, qui n\u2019a pas m\u00e2ch\u00e9 ses mots pour critiquer l\u2019actuel r\u00e9gime. \u00ab Nous serons des sentinelles pour faire face au r\u00e9gime. J\u2019ai entendu le pr\u00e9sident hier dire que c\u2019est tr\u00e8s top pour faire un bilan. Alors qu\u2019il loue les qualit\u00e9s de son Premier ministre. Ce qui veut dire qu\u2019il est contradictoire \u00bb, a-t-il d\u00e9clar\u00e9, rapporte Seneweb. Bougane soup\u00e7onne un deal entre le pr\u00e9sident sortant Macky Sall et Ousmane Sonko. Car les deux hommes ont des accords et d\u00e9saccords. Ainsi il accuse les politiciens s\u00e9n\u00e9galais d\u2019\u0153uvrer pour les puissances occidentales. \u00ab Ousmane Sonko et Macky Sall se sont rencontr\u00e9s \u00e0 plusieurs reprises. Ils ne diront pas le contraire. J\u2019ai des preuves \u00bb. En mati\u00e8re d\u2019emploi des jeunes, surtout les marchands ambulants, Bougane Gu\u00e8ye a \u00e9t\u00e9 particuli\u00e8rement virulent. Il a affirm\u00e9 que le pr\u00e9sident Bassirou Diomaye Faye avait \u00e9chou\u00e9 dans ce domaine tout comme son pr\u00e9d\u00e9cesseur, ne parvenant pas \u00e0 offrir des solutions concr\u00e8tes \u00e0 la jeunesse d\u00e9sillusionn\u00e9e et en qu\u00eate d\u2019opportunit\u00e9s. En outre, il a critiqu\u00e9 certaines d\u00e9clarations du pr\u00e9sident, qu\u2019il a jug\u00e9es d\u00e9connect\u00e9es de la r\u00e9alit\u00e9 v\u00e9cue par la population. Il a exhort\u00e9 le pr\u00e9sident \u00e0 se concentrer davantage sur les probl\u00e8mes quotidiens des citoyens et \u00e0 proposer des mesures concr\u00e8tes pour am\u00e9liorer leur situation.<\/p>\n","protected":false},"author":15,"featured_media":34261,"comment_status":"open","ping_status":"open","sticky":false,"template":"","format":"standard","meta":{"_jetpack_memberships_contains_paid_content":false,"footnotes":""},"categories":[375,550,549,373,4222,3728,3724,376,1,4],"tags":[6731,6737,6738,6734,6733,5693,6736,6732,6735],"class_list":["post-34260","post","type-post","status-publish","format-standard","has-post-thumbnail","hentry","category-actualites","category-afrique-monde","category-economie","category-environnement","category-infrastructures","category-internationale","category-justice","category-securite-justice","category-non-classe","category-societe","tag-a-loccasion-de-ses-100-jours-au-pouvoir","tag-bougane-soupconne-un-deal-entre-le-president-sortant-macky-sall-et-ousmane-sonko","tag-car-les-deux-hommes-ont-des-accords-et-desaccords","tag-cette-intervention-a-suscite-de-nombreuses-reactions","tag-diomaye-faye-a-fait-un-bilan-de-ses-realisations-et-sa-feuille-de-route","tag-le-president-bassirou-diomaye-faye","tag-leader-du-mouvement-guem-sa-bopp","tag-lors-du-face-a-face-avec-la-presse","tag-notamment-celle-de-bougane-gueye-dany","entry","has-media","owp-thumbs-layout-horizontal","owp-btn-normal","owp-tabs-layout-horizontal","has-no-thumbnails","has-product-nav"],"yoast_head":"<!-- This site is optimized with the Yoast SEO plugin v25.5 - https:\/\/yoast.com\/wordpress\/plugins\/seo\/ -->\n<title>Face \u00e0 la presse : Bougane Gu\u00e8ye Dany critique s\u00e9v\u00e8rement le bilan des 100 jours du pr\u00e9sident Bassirou Diomaye Faye - LE PUBLIC<\/title>\n<meta name=\"robots\" content=\"index, follow, max-snippet:-1, max-image-preview:large, max-video-preview:-1\" \/>\n<link rel=\"canonical\" href=\"https:\/\/www.public.sn\/index.php\/2024\/07\/15\/face-a-la-presse-bougane-gueye-dany-critique-severement-le-bilan-des-100-jours-du-president-bassirou-diomaye-faye\/\" \/>\n<meta property=\"og:locale\" content=\"fr_FR\" \/>\n<meta property=\"og:type\" content=\"article\" \/>\n<meta property=\"og:title\" content=\"Face \u00e0 la presse : Bougane Gu\u00e8ye Dany critique s\u00e9v\u00e8rement le bilan des 100 jours du pr\u00e9sident Bassirou Diomaye Faye - LE PUBLIC\" \/>\n<meta property=\"og:description\" content=\"A l\u2019occasion de ses 100 jours au pouvoir, lors du face-\u00e0-face avec la presse, le pr\u00e9sident Bassirou Diomaye Faye a fait un bilan de ses r\u00e9alisations et sa feuille de route. Cette intervention a suscit\u00e9 de nombreuses r\u00e9actions, notamment celle de Bougane Gu\u00e8ye Dany, leader du mouvement Guem Sa Bopp, qui n\u2019a pas m\u00e2ch\u00e9 ses mots pour critiquer l\u2019actuel r\u00e9gime. \u00ab Nous serons des sentinelles pour faire face au r\u00e9gime. J\u2019ai entendu le pr\u00e9sident hier dire que c\u2019est tr\u00e8s top pour faire un bilan. Alors qu\u2019il loue les qualit\u00e9s de son Premier ministre. Ce qui veut dire qu\u2019il est contradictoire \u00bb, a-t-il d\u00e9clar\u00e9, rapporte Seneweb. Bougane soup\u00e7onne un deal entre le pr\u00e9sident sortant Macky Sall et Ousmane Sonko. Car les deux hommes ont des accords et d\u00e9saccords. Ainsi il accuse les politiciens s\u00e9n\u00e9galais d\u2019\u0153uvrer pour les puissances occidentales. \u00ab Ousmane Sonko et Macky Sall se sont rencontr\u00e9s \u00e0 plusieurs reprises. Ils ne diront pas le contraire. J\u2019ai des preuves \u00bb. En mati\u00e8re d\u2019emploi des jeunes, surtout les marchands ambulants, Bougane Gu\u00e8ye a \u00e9t\u00e9 particuli\u00e8rement virulent. Il a affirm\u00e9 que le pr\u00e9sident Bassirou Diomaye Faye avait \u00e9chou\u00e9 dans ce domaine tout comme son pr\u00e9d\u00e9cesseur, ne parvenant pas \u00e0 offrir des solutions concr\u00e8tes \u00e0 la jeunesse d\u00e9sillusionn\u00e9e et en qu\u00eate d\u2019opportunit\u00e9s. En outre, il a critiqu\u00e9 certaines d\u00e9clarations du pr\u00e9sident, qu\u2019il a jug\u00e9es d\u00e9connect\u00e9es de la r\u00e9alit\u00e9 v\u00e9cue par la population. Il a exhort\u00e9 le pr\u00e9sident \u00e0 se concentrer davantage sur les probl\u00e8mes quotidiens des citoyens et \u00e0 proposer des mesures concr\u00e8tes pour am\u00e9liorer leur situation.\" \/>\n<meta property=\"og:url\" content=\"https:\/\/www.public.sn\/index.php\/2024\/07\/15\/face-a-la-presse-bougane-gueye-dany-critique-severement-le-bilan-des-100-jours-du-president-bassirou-diomaye-faye\/\" \/>\n<meta property=\"og:site_name\" content=\"LE PUBLIC\" \/>\n<meta property=\"article:published_time\" content=\"2024-07-15T10:45:35+00:00\" \/>\n<meta property=\"og:image\" content=\"https:\/\/www.public.sn\/wp-content\/uploads\/2024\/07\/Bougane-1-1024x853-1-696x580-1.png\" \/>\n\t<meta property=\"og:image:width\" content=\"696\" \/>\n\t<meta property=\"og:image:height\" content=\"580\" \/>\n\t<meta property=\"og:image:type\" content=\"image\/png\" \/>\n<meta name=\"author\" content=\"Baye Amath THIAM\" \/>\n<meta name=\"twitter:card\" content=\"summary_large_image\" \/>\n<meta name=\"twitter:label1\" content=\"\u00c9crit par\" \/>\n\t<meta name=\"twitter:data1\" content=\"Baye Amath THIAM\" \/>\n\t<meta name=\"twitter:label2\" content=\"Dur\u00e9e de lecture estim\u00e9e\" \/>\n\t<meta name=\"twitter:data2\" content=\"1 minute\" \/>\n<script type=\"application\/ld+json\" class=\"yoast-schema-graph\">{\"@context\":\"https:\/\/schema.org\",\"@graph\":[{\"@type\":\"Article\",\"@id\":\"https:\/\/www.public.sn\/index.php\/2024\/07\/15\/face-a-la-presse-bougane-gueye-dany-critique-severement-le-bilan-des-100-jours-du-president-bassirou-diomaye-faye\/#article\",\"isPartOf\":{\"@id\":\"https:\/\/www.public.sn\/index.php\/2024\/07\/15\/face-a-la-presse-bougane-gueye-dany-critique-severement-le-bilan-des-100-jours-du-president-bassirou-diomaye-faye\/\"},\"author\":{\"name\":\"Baye Amath THIAM\",\"@id\":\"https:\/\/www.public.sn\/#\/schema\/person\/f77cd9ce05d8fb925eb038378ee6899d\"},\"headline\":\"Face \u00e0 la presse : Bougane Gu\u00e8ye Dany critique s\u00e9v\u00e8rement le bilan des 100 jours du pr\u00e9sident Bassirou Diomaye Faye\",\"datePublished\":\"2024-07-15T10:45:35+00:00\",\"mainEntityOfPage\":{\"@id\":\"https:\/\/www.public.sn\/index.php\/2024\/07\/15\/face-a-la-presse-bougane-gueye-dany-critique-severement-le-bilan-des-100-jours-du-president-bassirou-diomaye-faye\/\"},\"wordCount\":317,\"commentCount\":0,\"publisher\":{\"@id\":\"https:\/\/www.public.sn\/#organization\"},\"image\":{\"@id\":\"https:\/\/www.public.sn\/index.php\/2024\/07\/15\/face-a-la-presse-bougane-gueye-dany-critique-severement-le-bilan-des-100-jours-du-president-bassirou-diomaye-faye\/#primaryimage\"},\"thumbnailUrl\":\"https:\/\/www.public.sn\/wp-content\/uploads\/2024\/07\/Bougane-1-1024x853-1-696x580-1.png\",\"keywords\":[\"A l\u2019occasion de ses 100 jours au pouvoir\",\"Bougane soup\u00e7onne un deal entre le pr\u00e9sident sortant Macky Sall et Ousmane Sonko.\",\"Car les deux hommes ont des accords et d\u00e9saccords.\",\"Cette intervention a suscit\u00e9 de nombreuses r\u00e9actions\",\"Diomaye Faye a fait un bilan de ses r\u00e9alisations et sa feuille de route.\",\"le pr\u00e9sident Bassirou Diomaye Faye\",\"leader du mouvement Guem Sa Bopp\",\"lors du face-\u00e0-face avec la presse\",\"notamment celle de Bougane Gu\u00e8ye Dany\"],\"articleSection\":[\"ACTUALIT\u00c9S\",\"AFRIQUE &amp; MONDE\",\"\u00c9CONOMIE\",\"ENVIRONNEMENT\",\"INFRASTRUCTURES\",\"internationale\",\"justice\",\"S\u00c9CURIT\u00c9 &amp; JUSTICE\",\"S\u00c9N\u00c9GAL\",\"SOCIETE\"],\"inLanguage\":\"fr-FR\",\"potentialAction\":[{\"@type\":\"CommentAction\",\"name\":\"Comment\",\"target\":[\"https:\/\/www.public.sn\/index.php\/2024\/07\/15\/face-a-la-presse-bougane-gueye-dany-critique-severement-le-bilan-des-100-jours-du-president-bassirou-diomaye-faye\/#respond\"]}]},{\"@type\":\"WebPage\",\"@id\":\"https:\/\/www.public.sn\/index.php\/2024\/07\/15\/face-a-la-presse-bougane-gueye-dany-critique-severement-le-bilan-des-100-jours-du-president-bassirou-diomaye-faye\/\",\"url\":\"https:\/\/www.public.sn\/index.php\/2024\/07\/15\/face-a-la-presse-bougane-gueye-dany-critique-severement-le-bilan-des-100-jours-du-president-bassirou-diomaye-faye\/\",\"name\":\"Face \u00e0 la presse : Bougane Gu\u00e8ye Dany critique s\u00e9v\u00e8rement le bilan des 100 jours du pr\u00e9sident Bassirou Diomaye Faye - LE PUBLIC\",\"isPartOf\":{\"@id\":\"https:\/\/www.public.sn\/#website\"},\"primaryImageOfPage\":{\"@id\":\"https:\/\/www.public.sn\/index.php\/2024\/07\/15\/face-a-la-presse-bougane-gueye-dany-critique-severement-le-bilan-des-100-jours-du-president-bassirou-diomaye-faye\/#primaryimage\"},\"image\":{\"@id\":\"https:\/\/www.public.sn\/index.php\/2024\/07\/15\/face-a-la-presse-bougane-gueye-dany-critique-severement-le-bilan-des-100-jours-du-president-bassirou-diomaye-faye\/#primaryimage\"},\"thumbnailUrl\":\"https:\/\/www.public.sn\/wp-content\/uploads\/2024\/07\/Bougane-1-1024x853-1-696x580-1.png\",\"datePublished\":\"2024-07-15T10:45:35+00:00\",\"breadcrumb\":{\"@id\":\"https:\/\/www.public.sn\/index.php\/2024\/07\/15\/face-a-la-presse-bougane-gueye-dany-critique-severement-le-bilan-des-100-jours-du-president-bassirou-diomaye-faye\/#breadcrumb\"},\"inLanguage\":\"fr-FR\",\"potentialAction\":[{\"@type\":\"ReadAction\",\"target\":[\"https:\/\/www.public.sn\/index.php\/2024\/07\/15\/face-a-la-presse-bougane-gueye-dany-critique-severement-le-bilan-des-100-jours-du-president-bassirou-diomaye-faye\/\"]}]},{\"@type\":\"ImageObject\",\"inLanguage\":\"fr-FR\",\"@id\":\"https:\/\/www.public.sn\/index.php\/2024\/07\/15\/face-a-la-presse-bougane-gueye-dany-critique-severement-le-bilan-des-100-jours-du-president-bassirou-diomaye-faye\/#primaryimage\",\"url\":\"https:\/\/www.public.sn\/wp-content\/uploads\/2024\/07\/Bougane-1-1024x853-1-696x580-1.png\",\"contentUrl\":\"https:\/\/www.public.sn\/wp-content\/uploads\/2024\/07\/Bougane-1-1024x853-1-696x580-1.png\",\"width\":696,\"height\":580},{\"@type\":\"BreadcrumbList\",\"@id\":\"https:\/\/www.public.sn\/index.php\/2024\/07\/15\/face-a-la-presse-bougane-gueye-dany-critique-severement-le-bilan-des-100-jours-du-president-bassirou-diomaye-faye\/#breadcrumb\",\"itemListElement\":[{\"@type\":\"ListItem\",\"position\":1,\"name\":\"Accueil\",\"item\":\"https:\/\/www.public.sn\/\"},{\"@type\":\"ListItem\",\"position\":2,\"name\":\"Face \u00e0 la presse : Bougane Gu\u00e8ye Dany critique s\u00e9v\u00e8rement le bilan des 100 jours du pr\u00e9sident Bassirou Diomaye Faye\"}]},{\"@type\":\"WebSite\",\"@id\":\"https:\/\/www.public.sn\/#website\",\"url\":\"https:\/\/www.public.sn\/\",\"name\":\"LE PUBLIC\",\"description\":\"\",\"publisher\":{\"@id\":\"https:\/\/www.public.sn\/#organization\"},\"potentialAction\":[{\"@type\":\"SearchAction\",\"target\":{\"@type\":\"EntryPoint\",\"urlTemplate\":\"https:\/\/www.public.sn\/?s={search_term_string}\"},\"query-input\":{\"@type\":\"PropertyValueSpecification\",\"valueRequired\":true,\"valueName\":\"search_term_string\"}}],\"inLanguage\":\"fr-FR\"},{\"@type\":\"Organization\",\"@id\":\"https:\/\/www.public.sn\/#organization\",\"name\":\"LE PUBLIC\",\"url\":\"https:\/\/www.public.sn\/\",\"logo\":{\"@type\":\"ImageObject\",\"inLanguage\":\"fr-FR\",\"@id\":\"https:\/\/www.public.sn\/#\/schema\/logo\/image\/\",\"url\":\"https:\/\/www.public.sn\/wp-content\/uploads\/2024\/05\/cropped-LOGO-PUBLIC.SN_.png\",\"contentUrl\":\"https:\/\/www.public.sn\/wp-content\/uploads\/2024\/05\/cropped-LOGO-PUBLIC.SN_.png\",\"width\":682,\"height\":192,\"caption\":\"LE PUBLIC\"},\"image\":{\"@id\":\"https:\/\/www.public.sn\/#\/schema\/logo\/image\/\"}},{\"@type\":\"Person\",\"@id\":\"https:\/\/www.public.sn\/#\/schema\/person\/f77cd9ce05d8fb925eb038378ee6899d\",\"name\":\"Baye Amath THIAM\",\"image\":{\"@type\":\"ImageObject\",\"inLanguage\":\"fr-FR\",\"@id\":\"https:\/\/www.public.sn\/#\/schema\/person\/image\/\",\"url\":\"https:\/\/secure.gravatar.com\/avatar\/7eb863ef1336b6f8a2ad921469701e52f094a61c698fab02f5af742ed813612d?s=96&d=mm&r=g\",\"contentUrl\":\"https:\/\/secure.gravatar.com\/avatar\/7eb863ef1336b6f8a2ad921469701e52f094a61c698fab02f5af742ed813612d?s=96&d=mm&r=g\",\"caption\":\"Baye Amath THIAM\"},\"url\":\"https:\/\/www.public.sn\/index.php\/author\/thiamba24\/\"}]}<\/script>\n<!-- \/ Yoast SEO plugin. -->","yoast_head_json":{"title":"Face \u00e0 la presse : Bougane Gu\u00e8ye Dany critique s\u00e9v\u00e8rement le bilan des 100 jours du pr\u00e9sident Bassirou Diomaye Faye - LE PUBLIC","robots":{"index":"index","follow":"follow","max-snippet":"max-snippet:-1","max-image-preview":"max-image-preview:large","max-video-preview":"max-video-preview:-1"},"canonical":"https:\/\/www.public.sn\/index.php\/2024\/07\/15\/face-a-la-presse-bougane-gueye-dany-critique-severement-le-bilan-des-100-jours-du-president-bassirou-diomaye-faye\/","og_locale":"fr_FR","og_type":"article","og_title":"Face \u00e0 la presse : Bougane Gu\u00e8ye Dany critique s\u00e9v\u00e8rement le bilan des 100 jours du pr\u00e9sident Bassirou Diomaye Faye - LE PUBLIC","og_description":"A l\u2019occasion de ses 100 jours au pouvoir, lors du face-\u00e0-face avec la presse, le pr\u00e9sident Bassirou Diomaye Faye a fait un bilan de ses r\u00e9alisations et sa feuille de route. Cette intervention a suscit\u00e9 de nombreuses r\u00e9actions, notamment celle de Bougane Gu\u00e8ye Dany, leader du mouvement Guem Sa Bopp, qui n\u2019a pas m\u00e2ch\u00e9 ses mots pour critiquer l\u2019actuel r\u00e9gime. \u00ab Nous serons des sentinelles pour faire face au r\u00e9gime. J\u2019ai entendu le pr\u00e9sident hier dire que c\u2019est tr\u00e8s top pour faire un bilan. Alors qu\u2019il loue les qualit\u00e9s de son Premier ministre. Ce qui veut dire qu\u2019il est contradictoire \u00bb, a-t-il d\u00e9clar\u00e9, rapporte Seneweb. Bougane soup\u00e7onne un deal entre le pr\u00e9sident sortant Macky Sall et Ousmane Sonko. Car les deux hommes ont des accords et d\u00e9saccords. Ainsi il accuse les politiciens s\u00e9n\u00e9galais d\u2019\u0153uvrer pour les puissances occidentales. \u00ab Ousmane Sonko et Macky Sall se sont rencontr\u00e9s \u00e0 plusieurs reprises. Ils ne diront pas le contraire. J\u2019ai des preuves \u00bb. En mati\u00e8re d\u2019emploi des jeunes, surtout les marchands ambulants, Bougane Gu\u00e8ye a \u00e9t\u00e9 particuli\u00e8rement virulent. Il a affirm\u00e9 que le pr\u00e9sident Bassirou Diomaye Faye avait \u00e9chou\u00e9 dans ce domaine tout comme son pr\u00e9d\u00e9cesseur, ne parvenant pas \u00e0 offrir des solutions concr\u00e8tes \u00e0 la jeunesse d\u00e9sillusionn\u00e9e et en qu\u00eate d\u2019opportunit\u00e9s. En outre, il a critiqu\u00e9 certaines d\u00e9clarations du pr\u00e9sident, qu\u2019il a jug\u00e9es d\u00e9connect\u00e9es de la r\u00e9alit\u00e9 v\u00e9cue par la population. Il a exhort\u00e9 le pr\u00e9sident \u00e0 se concentrer davantage sur les probl\u00e8mes quotidiens des citoyens et \u00e0 proposer des mesures concr\u00e8tes pour am\u00e9liorer leur situation.","og_url":"https:\/\/www.public.sn\/index.php\/2024\/07\/15\/face-a-la-presse-bougane-gueye-dany-critique-severement-le-bilan-des-100-jours-du-president-bassirou-diomaye-faye\/","og_site_name":"LE PUBLIC","article_published_time":"2024-07-15T10:45:35+00:00","og_image":[{"width":696,"height":580,"url":"https:\/\/www.public.sn\/wp-content\/uploads\/2024\/07\/Bougane-1-1024x853-1-696x580-1.png","type":"image\/png"}],"author":"Baye Amath THIAM","twitter_card":"summary_large_image","twitter_misc":{"\u00c9crit par":"Baye Amath THIAM","Dur\u00e9e de lecture estim\u00e9e":"1 minute"},"schema":{"@context":"https:\/\/schema.org","@graph":[{"@type":"Article","@id":"https:\/\/www.public.sn\/index.php\/2024\/07\/15\/face-a-la-presse-bougane-gueye-dany-critique-severement-le-bilan-des-100-jours-du-president-bassirou-diomaye-faye\/#article","isPartOf":{"@id":"https:\/\/www.public.sn\/index.php\/2024\/07\/15\/face-a-la-presse-bougane-gueye-dany-critique-severement-le-bilan-des-100-jours-du-president-bassirou-diomaye-faye\/"},"author":{"name":"Baye Amath THIAM","@id":"https:\/\/www.public.sn\/#\/schema\/person\/f77cd9ce05d8fb925eb038378ee6899d"},"headline":"Face \u00e0 la presse : Bougane Gu\u00e8ye Dany critique s\u00e9v\u00e8rement le bilan des 100 jours du pr\u00e9sident Bassirou Diomaye Faye","datePublished":"2024-07-15T10:45:35+00:00","mainEntityOfPage":{"@id":"https:\/\/www.public.sn\/index.php\/2024\/07\/15\/face-a-la-presse-bougane-gueye-dany-critique-severement-le-bilan-des-100-jours-du-president-bassirou-diomaye-faye\/"},"wordCount":317,"commentCount":0,"publisher":{"@id":"https:\/\/www.public.sn\/#organization"},"image":{"@id":"https:\/\/www.public.sn\/index.php\/2024\/07\/15\/face-a-la-presse-bougane-gueye-dany-critique-severement-le-bilan-des-100-jours-du-president-bassirou-diomaye-faye\/#primaryimage"},"thumbnailUrl":"https:\/\/www.public.sn\/wp-content\/uploads\/2024\/07\/Bougane-1-1024x853-1-696x580-1.png","keywords":["A l\u2019occasion de ses 100 jours au pouvoir","Bougane soup\u00e7onne un deal entre le pr\u00e9sident sortant Macky Sall et Ousmane Sonko.","Car les deux hommes ont des accords et d\u00e9saccords.","Cette intervention a suscit\u00e9 de nombreuses r\u00e9actions","Diomaye Faye a fait un bilan de ses r\u00e9alisations et sa feuille de route.","le pr\u00e9sident Bassirou Diomaye Faye","leader du mouvement Guem Sa Bopp","lors du face-\u00e0-face avec la presse","notamment celle de Bougane Gu\u00e8ye Dany"],"articleSection":["ACTUALIT\u00c9S","AFRIQUE &amp; MONDE","\u00c9CONOMIE","ENVIRONNEMENT","INFRASTRUCTURES","internationale","justice","S\u00c9CURIT\u00c9 &amp; JUSTICE","S\u00c9N\u00c9GAL","SOCIETE"],"inLanguage":"fr-FR","potentialAction":[{"@type":"CommentAction","name":"Comment","target":["https:\/\/www.public.sn\/index.php\/2024\/07\/15\/face-a-la-presse-bougane-gueye-dany-critique-severement-le-bilan-des-100-jours-du-president-bassirou-diomaye-faye\/#respond"]}]},{"@type":"WebPage","@id":"https:\/\/www.public.sn\/index.php\/2024\/07\/15\/face-a-la-presse-bougane-gueye-dany-critique-severement-le-bilan-des-100-jours-du-president-bassirou-diomaye-faye\/","url":"https:\/\/www.public.sn\/index.php\/2024\/07\/15\/face-a-la-presse-bougane-gueye-dany-critique-severement-le-bilan-des-100-jours-du-president-bassirou-diomaye-faye\/","name":"Face \u00e0 la presse : Bougane Gu\u00e8ye Dany critique s\u00e9v\u00e8rement le bilan des 100 jours du pr\u00e9sident Bassirou Diomaye Faye - LE PUBLIC","isPartOf":{"@id":"https:\/\/www.public.sn\/#website"},"primaryImageOfPage":{"@id":"https:\/\/www.public.sn\/index.php\/2024\/07\/15\/face-a-la-presse-bougane-gueye-dany-critique-severement-le-bilan-des-100-jours-du-president-bassirou-diomaye-faye\/#primaryimage"},"image":{"@id":"https:\/\/www.public.sn\/index.php\/2024\/07\/15\/face-a-la-presse-bougane-gueye-dany-critique-severement-le-bilan-des-100-jours-du-president-bassirou-diomaye-faye\/#primaryimage"},"thumbnailUrl":"https:\/\/www.public.sn\/wp-content\/uploads\/2024\/07\/Bougane-1-1024x853-1-696x580-1.png","datePublished":"2024-07-15T10:45:35+00:00","breadcrumb":{"@id":"https:\/\/www.public.sn\/index.php\/2024\/07\/15\/face-a-la-presse-bougane-gueye-dany-critique-severement-le-bilan-des-100-jours-du-president-bassirou-diomaye-faye\/#breadcrumb"},"inLanguage":"fr-FR","potentialAction":[{"@type":"ReadAction","target":["https:\/\/www.public.sn\/index.php\/2024\/07\/15\/face-a-la-presse-bougane-gueye-dany-critique-severement-le-bilan-des-100-jours-du-president-bassirou-diomaye-faye\/"]}]},{"@type":"ImageObject","inLanguage":"fr-FR","@id":"https:\/\/www.public.sn\/index.php\/2024\/07\/15\/face-a-la-presse-bougane-gueye-dany-critique-severement-le-bilan-des-100-jours-du-president-bassirou-diomaye-faye\/#primaryimage","url":"https:\/\/www.public.sn\/wp-content\/uploads\/2024\/07\/Bougane-1-1024x853-1-696x580-1.png","contentUrl":"https:\/\/www.public.sn\/wp-content\/uploads\/2024\/07\/Bougane-1-1024x853-1-696x580-1.png","width":696,"height":580},{"@type":"BreadcrumbList","@id":"https:\/\/www.public.sn\/index.php\/2024\/07\/15\/face-a-la-presse-bougane-gueye-dany-critique-severement-le-bilan-des-100-jours-du-president-bassirou-diomaye-faye\/#breadcrumb","itemListElement":[{"@type":"ListItem","position":1,"name":"Accueil","item":"https:\/\/www.public.sn\/"},{"@type":"ListItem","position":2,"name":"Face \u00e0 la presse : Bougane Gu\u00e8ye Dany critique s\u00e9v\u00e8rement le bilan des 100 jours du pr\u00e9sident Bassirou Diomaye Faye"}]},{"@type":"WebSite","@id":"https:\/\/www.public.sn\/#website","url":"https:\/\/www.public.sn\/","name":"LE PUBLIC","description":"","publisher":{"@id":"https:\/\/www.public.sn\/#organization"},"potentialAction":[{"@type":"SearchAction","target":{"@type":"EntryPoint","urlTemplate":"https:\/\/www.public.sn\/?s={search_term_string}"},"query-input":{"@type":"PropertyValueSpecification","valueRequired":true,"valueName":"search_term_string"}}],"inLanguage":"fr-FR"},{"@type":"Organization","@id":"https:\/\/www.public.sn\/#organization","name":"LE PUBLIC","url":"https:\/\/www.public.sn\/","logo":{"@type":"ImageObject","inLanguage":"fr-FR","@id":"https:\/\/www.public.sn\/#\/schema\/logo\/image\/","url":"https:\/\/www.public.sn\/wp-content\/uploads\/2024\/05\/cropped-LOGO-PUBLIC.SN_.png","contentUrl":"https:\/\/www.public.sn\/wp-content\/uploads\/2024\/05\/cropped-LOGO-PUBLIC.SN_.png","width":682,"height":192,"caption":"LE PUBLIC"},"image":{"@id":"https:\/\/www.public.sn\/#\/schema\/logo\/image\/"}},{"@type":"Person","@id":"https:\/\/www.public.sn\/#\/schema\/person\/f77cd9ce05d8fb925eb038378ee6899d","name":"Baye Amath THIAM","image":{"@type":"ImageObject","inLanguage":"fr-FR","@id":"https:\/\/www.public.sn\/#\/schema\/person\/image\/","url":"https:\/\/secure.gravatar.com\/avatar\/7eb863ef1336b6f8a2ad921469701e52f094a61c698fab02f5af742ed813612d?s=96&d=mm&r=g","contentUrl":"https:\/\/secure.gravatar.com\/avatar\/7eb863ef1336b6f8a2ad921469701e52f094a61c698fab02f5af742ed813612d?s=96&d=mm&r=g","caption":"Baye Amath THIAM"},"url":"https:\/\/www.public.sn\/index.php\/author\/thiamba24\/"}]}},"jetpack_featured_media_url":"https:\/\/www.public.sn\/wp-content\/uploads\/2024\/07\/Bougane-1-1024x853-1-696x580-1.png","jetpack_sharing_enabled":true,"_links":{"self":[{"href":"https:\/\/www.public.sn\/index.php\/wp-json\/wp\/v2\/posts\/34260","targetHints":{"allow":["GET"]}}],"collection":[{"href":"https:\/\/www.public.sn\/index.php\/wp-json\/wp\/v2\/posts"}],"about":[{"href":"https:\/\/www.public.sn\/index.php\/wp-json\/wp\/v2\/types\/post"}],"author":[{"embeddable":true,"href":"https:\/\/www.public.sn\/index.php\/wp-json\/wp\/v2\/users\/15"}],"replies":[{"embeddable":true,"href":"https:\/\/www.public.sn\/index.php\/wp-json\/wp\/v2\/comments?post=34260"}],"version-history":[{"count":1,"href":"https:\/\/www.public.sn\/index.php\/wp-json\/wp\/v2\/posts\/34260\/revisions"}],"predecessor-version":[{"id":34262,"href":"https:\/\/www.public.sn\/index.php\/wp-json\/wp\/v2\/posts\/34260\/revisions\/34262"}],"wp:featuredmedia":[{"embeddable":true,"href":"https:\/\/www.public.sn\/index.php\/wp-json\/wp\/v2\/media\/34261"}],"wp:attachment":[{"href":"https:\/\/www.public.sn\/index.php\/wp-json\/wp\/v2\/media?parent=34260"}],"wp:term":[{"taxonomy":"category","embeddable":true,"href":"https:\/\/www.public.sn\/index.php\/wp-json\/wp\/v2\/categories?post=34260"},{"taxonomy":"post_tag","embeddable":true,"href":"https:\/\/www.public.sn\/index.php\/wp-json\/wp\/v2\/tags?post=34260"}],"curies":[{"name":"wp","href":"https:\/\/api.w.org\/{rel}","templated":true}]}}