{"id":34271,"date":"2024-07-15T13:39:15","date_gmt":"2024-07-15T13:39:15","guid":{"rendered":"https:\/\/www.public.sn\/?p=34271"},"modified":"2024-07-15T13:39:15","modified_gmt":"2024-07-15T13:39:15","slug":"imam-expulse-de-france-ahmadou-kaba-libere-apres-enquete","status":"publish","type":"post","link":"https:\/\/www.public.sn\/index.php\/2024\/07\/15\/imam-expulse-de-france-ahmadou-kaba-libere-apres-enquete\/","title":{"rendered":"Imam expuls\u00e9 de France: Ahmadou Kaba lib\u00e9r\u00e9 apr\u00e8s enqu\u00eate&#8230;"},"content":{"rendered":"<p>L&rsquo;imam Ahmadou Kaba a \u00e9t\u00e9 expuls\u00e9 de France mercredi dernier suite \u00e0 des accusations de discours radicaux et de propos discriminatoires par le ministre de l&rsquo;int\u00e9rieur fran\u00e7ais,G\u00e9rald Darmanin. \u00c0 sa descente d\u2019avion \u00e0 l\u2019a\u00e9roport international Blaise Diagne (AIBD), l\u2019imam, auparavant \u00e9tabli \u00e0 Troyes, a \u00e9t\u00e9 conduit \u00e0 la Division des Investigations Criminelles (DIC) et plac\u00e9 en garde \u00e0 vue \u00abpour n\u00e9cessit\u00e9 d\u2019enqu\u00eate\u00bb.<\/p><div class=\"publi-paragraphe1\" style=\"margin-top: 10px;margin-bottom: 10px;margin-left: auto;margin-right: auto;text-align: center;\" id=\"publi-4265996950\"><div class=\"publi-adlabel\">Publicit\u00e9<\/div><script async src=\"\/\/pagead2.googlesyndication.com\/pagead\/js\/adsbygoogle.js?client=ca-pub-4089586018074219\" crossorigin=\"anonymous\"><\/script><ins class=\"adsbygoogle\" style=\"display:block;\" data-ad-client=\"ca-pub-4089586018074219\" \ndata-ad-slot=\"2087940154\" \ndata-ad-format=\"auto\"><\/ins>\n<script> \n(adsbygoogle = window.adsbygoogle || []).push({}); \n<\/script>\n<\/div>\n<p>Selon le journal Lib\u00e9ration, Imam Kaba est d\u00e9sormais libre. \u00abSa garde \u00e0 vue a \u00e9t\u00e9 lev\u00e9e car les enqu\u00eateurs n\u2019ont trouv\u00e9 aucun acte prouvant sa radicalisation ou ses connexions avec des milieux radicaux\u00bb, rapporte le journal dans son \u00e9dition de ce lundi.<\/p>\n<div class=\"publi-apres-le-contenu\" style=\"margin-top: 10px;margin-bottom: 10px;margin-left: auto;margin-right: auto;text-align: center;\" id=\"publi-1936785909\"><div class=\"publi-adlabel\">Publicit\u00e9<\/div><script async src=\"\/\/pagead2.googlesyndication.com\/pagead\/js\/adsbygoogle.js?client=ca-pub-4089586018074219\" crossorigin=\"anonymous\"><\/script><ins class=\"adsbygoogle\" style=\"display:block;\" data-ad-client=\"ca-pub-4089586018074219\" \ndata-ad-slot=\"2087940154\" \ndata-ad-format=\"auto\"><\/ins>\n<script> \n(adsbygoogle = window.adsbygoogle || []).push({}); \n<\/script>\n<\/div>","protected":false},"excerpt":{"rendered":"<p>L&rsquo;imam Ahmadou Kaba a \u00e9t\u00e9 expuls\u00e9 de France mercredi dernier suite \u00e0 des accusations de discours radicaux et de propos discriminatoires par le ministre de l&rsquo;int\u00e9rieur fran\u00e7ais,G\u00e9rald Darmanin. \u00c0 sa descente d\u2019avion \u00e0 l\u2019a\u00e9roport international Blaise Diagne (AIBD), l\u2019imam, auparavant \u00e9tabli \u00e0 Troyes, a \u00e9t\u00e9 conduit \u00e0 la Division des Investigations Criminelles (DIC) et plac\u00e9 en garde \u00e0 vue \u00abpour n\u00e9cessit\u00e9 d\u2019enqu\u00eate\u00bb. Selon le journal Lib\u00e9ration, Imam Kaba est d\u00e9sormais libre. \u00abSa garde \u00e0 vue a \u00e9t\u00e9 lev\u00e9e car les enqu\u00eateurs n\u2019ont trouv\u00e9 aucun acte prouvant sa radicalisation ou ses connexions avec des milieux radicaux\u00bb, rapporte le journal dans son \u00e9dition de ce lundi.<\/p>\n","protected":false},"author":15,"featured_media":34272,"comment_status":"open","ping_status":"open","sticky":false,"template":"","format":"standard","meta":{"_jetpack_memberships_contains_paid_content":false,"footnotes":""},"categories":[375,550,379,3728,3724,878,376,1,4],"tags":[6754,640,6755,6591,6753,6757,6756],"class_list":["post-34271","post","type-post","status-publish","format-standard","has-post-thumbnail","hentry","category-actualites","category-afrique-monde","category-faits-divers","category-internationale","category-justice","category-religion","category-securite-justice","category-non-classe","category-societe","tag-ahmadou-kaba","tag-dic","tag-discours-radicaux","tag-gerald-darmanin","tag-imam-expulse-de-france","tag-necessite-denquete","tag-propos-discriminatoires","entry","has-media","owp-thumbs-layout-horizontal","owp-btn-normal","owp-tabs-layout-horizontal","has-no-thumbnails","has-product-nav"],"yoast_head":"<!-- This site is optimized with the Yoast SEO plugin v25.5 - https:\/\/yoast.com\/wordpress\/plugins\/seo\/ -->\n<title>Imam expuls\u00e9 de France: Ahmadou Kaba lib\u00e9r\u00e9 apr\u00e8s enqu\u00eate... - LE PUBLIC<\/title>\n<meta name=\"robots\" content=\"index, follow, max-snippet:-1, max-image-preview:large, max-video-preview:-1\" \/>\n<link rel=\"canonical\" href=\"https:\/\/www.public.sn\/index.php\/2024\/07\/15\/imam-expulse-de-france-ahmadou-kaba-libere-apres-enquete\/\" \/>\n<meta property=\"og:locale\" content=\"fr_FR\" \/>\n<meta property=\"og:type\" content=\"article\" \/>\n<meta property=\"og:title\" content=\"Imam expuls\u00e9 de France: Ahmadou Kaba lib\u00e9r\u00e9 apr\u00e8s enqu\u00eate... - LE PUBLIC\" \/>\n<meta property=\"og:description\" content=\"L&rsquo;imam Ahmadou Kaba a \u00e9t\u00e9 expuls\u00e9 de France mercredi dernier suite \u00e0 des accusations de discours radicaux et de propos discriminatoires par le ministre de l&rsquo;int\u00e9rieur fran\u00e7ais,G\u00e9rald Darmanin. \u00c0 sa descente d\u2019avion \u00e0 l\u2019a\u00e9roport international Blaise Diagne (AIBD), l\u2019imam, auparavant \u00e9tabli \u00e0 Troyes, a \u00e9t\u00e9 conduit \u00e0 la Division des Investigations Criminelles (DIC) et plac\u00e9 en garde \u00e0 vue \u00abpour n\u00e9cessit\u00e9 d\u2019enqu\u00eate\u00bb. Selon le journal Lib\u00e9ration, Imam Kaba est d\u00e9sormais libre. \u00abSa garde \u00e0 vue a \u00e9t\u00e9 lev\u00e9e car les enqu\u00eateurs n\u2019ont trouv\u00e9 aucun acte prouvant sa radicalisation ou ses connexions avec des milieux radicaux\u00bb, rapporte le journal dans son \u00e9dition de ce lundi.\" \/>\n<meta property=\"og:url\" content=\"https:\/\/www.public.sn\/index.php\/2024\/07\/15\/imam-expulse-de-france-ahmadou-kaba-libere-apres-enquete\/\" \/>\n<meta property=\"og:site_name\" content=\"LE PUBLIC\" \/>\n<meta property=\"article:published_time\" content=\"2024-07-15T13:39:15+00:00\" \/>\n<meta property=\"og:image\" content=\"https:\/\/www.public.sn\/wp-content\/uploads\/2024\/07\/81496771-58693269.jpg\" \/>\n\t<meta property=\"og:image:width\" content=\"657\" \/>\n\t<meta property=\"og:image:height\" content=\"438\" \/>\n\t<meta property=\"og:image:type\" content=\"image\/jpeg\" \/>\n<meta name=\"author\" content=\"Baye Amath THIAM\" \/>\n<meta name=\"twitter:card\" content=\"summary_large_image\" \/>\n<meta name=\"twitter:label1\" content=\"\u00c9crit par\" \/>\n\t<meta name=\"twitter:data1\" content=\"Baye Amath THIAM\" \/>\n\t<meta name=\"twitter:label2\" content=\"Dur\u00e9e de lecture estim\u00e9e\" \/>\n\t<meta name=\"twitter:data2\" content=\"1 minute\" \/>\n<script type=\"application\/ld+json\" class=\"yoast-schema-graph\">{\"@context\":\"https:\/\/schema.org\",\"@graph\":[{\"@type\":\"Article\",\"@id\":\"https:\/\/www.public.sn\/index.php\/2024\/07\/15\/imam-expulse-de-france-ahmadou-kaba-libere-apres-enquete\/#article\",\"isPartOf\":{\"@id\":\"https:\/\/www.public.sn\/index.php\/2024\/07\/15\/imam-expulse-de-france-ahmadou-kaba-libere-apres-enquete\/\"},\"author\":{\"name\":\"Baye Amath THIAM\",\"@id\":\"https:\/\/www.public.sn\/#\/schema\/person\/f77cd9ce05d8fb925eb038378ee6899d\"},\"headline\":\"Imam expuls\u00e9 de France: Ahmadou Kaba lib\u00e9r\u00e9 apr\u00e8s enqu\u00eate&#8230;\",\"datePublished\":\"2024-07-15T13:39:15+00:00\",\"mainEntityOfPage\":{\"@id\":\"https:\/\/www.public.sn\/index.php\/2024\/07\/15\/imam-expulse-de-france-ahmadou-kaba-libere-apres-enquete\/\"},\"wordCount\":125,\"commentCount\":0,\"publisher\":{\"@id\":\"https:\/\/www.public.sn\/#organization\"},\"image\":{\"@id\":\"https:\/\/www.public.sn\/index.php\/2024\/07\/15\/imam-expulse-de-france-ahmadou-kaba-libere-apres-enquete\/#primaryimage\"},\"thumbnailUrl\":\"https:\/\/www.public.sn\/wp-content\/uploads\/2024\/07\/81496771-58693269.jpg\",\"keywords\":[\"Ahmadou Kaba\",\"DIC\",\"discours radicaux\",\"G\u00e9rald Darmanin\",\"Imam expuls\u00e9 de France\",\"n\u00e9cessit\u00e9 d\u2019enqu\u00eate\",\"propos discriminatoires\"],\"articleSection\":[\"ACTUALIT\u00c9S\",\"AFRIQUE &amp; MONDE\",\"FAITS DIVERS\",\"internationale\",\"justice\",\"RELIGION\",\"S\u00c9CURIT\u00c9 &amp; JUSTICE\",\"S\u00c9N\u00c9GAL\",\"SOCIETE\"],\"inLanguage\":\"fr-FR\",\"potentialAction\":[{\"@type\":\"CommentAction\",\"name\":\"Comment\",\"target\":[\"https:\/\/www.public.sn\/index.php\/2024\/07\/15\/imam-expulse-de-france-ahmadou-kaba-libere-apres-enquete\/#respond\"]}]},{\"@type\":\"WebPage\",\"@id\":\"https:\/\/www.public.sn\/index.php\/2024\/07\/15\/imam-expulse-de-france-ahmadou-kaba-libere-apres-enquete\/\",\"url\":\"https:\/\/www.public.sn\/index.php\/2024\/07\/15\/imam-expulse-de-france-ahmadou-kaba-libere-apres-enquete\/\",\"name\":\"Imam expuls\u00e9 de France: Ahmadou Kaba lib\u00e9r\u00e9 apr\u00e8s enqu\u00eate... - LE PUBLIC\",\"isPartOf\":{\"@id\":\"https:\/\/www.public.sn\/#website\"},\"primaryImageOfPage\":{\"@id\":\"https:\/\/www.public.sn\/index.php\/2024\/07\/15\/imam-expulse-de-france-ahmadou-kaba-libere-apres-enquete\/#primaryimage\"},\"image\":{\"@id\":\"https:\/\/www.public.sn\/index.php\/2024\/07\/15\/imam-expulse-de-france-ahmadou-kaba-libere-apres-enquete\/#primaryimage\"},\"thumbnailUrl\":\"https:\/\/www.public.sn\/wp-content\/uploads\/2024\/07\/81496771-58693269.jpg\",\"datePublished\":\"2024-07-15T13:39:15+00:00\",\"breadcrumb\":{\"@id\":\"https:\/\/www.public.sn\/index.php\/2024\/07\/15\/imam-expulse-de-france-ahmadou-kaba-libere-apres-enquete\/#breadcrumb\"},\"inLanguage\":\"fr-FR\",\"potentialAction\":[{\"@type\":\"ReadAction\",\"target\":[\"https:\/\/www.public.sn\/index.php\/2024\/07\/15\/imam-expulse-de-france-ahmadou-kaba-libere-apres-enquete\/\"]}]},{\"@type\":\"ImageObject\",\"inLanguage\":\"fr-FR\",\"@id\":\"https:\/\/www.public.sn\/index.php\/2024\/07\/15\/imam-expulse-de-france-ahmadou-kaba-libere-apres-enquete\/#primaryimage\",\"url\":\"https:\/\/www.public.sn\/wp-content\/uploads\/2024\/07\/81496771-58693269.jpg\",\"contentUrl\":\"https:\/\/www.public.sn\/wp-content\/uploads\/2024\/07\/81496771-58693269.jpg\",\"width\":657,\"height\":438},{\"@type\":\"BreadcrumbList\",\"@id\":\"https:\/\/www.public.sn\/index.php\/2024\/07\/15\/imam-expulse-de-france-ahmadou-kaba-libere-apres-enquete\/#breadcrumb\",\"itemListElement\":[{\"@type\":\"ListItem\",\"position\":1,\"name\":\"Accueil\",\"item\":\"https:\/\/www.public.sn\/\"},{\"@type\":\"ListItem\",\"position\":2,\"name\":\"Imam expuls\u00e9 de France: Ahmadou Kaba lib\u00e9r\u00e9 apr\u00e8s enqu\u00eate&#8230;\"}]},{\"@type\":\"WebSite\",\"@id\":\"https:\/\/www.public.sn\/#website\",\"url\":\"https:\/\/www.public.sn\/\",\"name\":\"LE PUBLIC\",\"description\":\"\",\"publisher\":{\"@id\":\"https:\/\/www.public.sn\/#organization\"},\"potentialAction\":[{\"@type\":\"SearchAction\",\"target\":{\"@type\":\"EntryPoint\",\"urlTemplate\":\"https:\/\/www.public.sn\/?s={search_term_string}\"},\"query-input\":{\"@type\":\"PropertyValueSpecification\",\"valueRequired\":true,\"valueName\":\"search_term_string\"}}],\"inLanguage\":\"fr-FR\"},{\"@type\":\"Organization\",\"@id\":\"https:\/\/www.public.sn\/#organization\",\"name\":\"LE PUBLIC\",\"url\":\"https:\/\/www.public.sn\/\",\"logo\":{\"@type\":\"ImageObject\",\"inLanguage\":\"fr-FR\",\"@id\":\"https:\/\/www.public.sn\/#\/schema\/logo\/image\/\",\"url\":\"https:\/\/www.public.sn\/wp-content\/uploads\/2024\/05\/cropped-LOGO-PUBLIC.SN_.png\",\"contentUrl\":\"https:\/\/www.public.sn\/wp-content\/uploads\/2024\/05\/cropped-LOGO-PUBLIC.SN_.png\",\"width\":682,\"height\":192,\"caption\":\"LE PUBLIC\"},\"image\":{\"@id\":\"https:\/\/www.public.sn\/#\/schema\/logo\/image\/\"}},{\"@type\":\"Person\",\"@id\":\"https:\/\/www.public.sn\/#\/schema\/person\/f77cd9ce05d8fb925eb038378ee6899d\",\"name\":\"Baye Amath THIAM\",\"image\":{\"@type\":\"ImageObject\",\"inLanguage\":\"fr-FR\",\"@id\":\"https:\/\/www.public.sn\/#\/schema\/person\/image\/\",\"url\":\"https:\/\/secure.gravatar.com\/avatar\/7eb863ef1336b6f8a2ad921469701e52f094a61c698fab02f5af742ed813612d?s=96&d=mm&r=g\",\"contentUrl\":\"https:\/\/secure.gravatar.com\/avatar\/7eb863ef1336b6f8a2ad921469701e52f094a61c698fab02f5af742ed813612d?s=96&d=mm&r=g\",\"caption\":\"Baye Amath THIAM\"},\"url\":\"https:\/\/www.public.sn\/index.php\/author\/thiamba24\/\"}]}<\/script>\n<!-- \/ Yoast SEO plugin. -->","yoast_head_json":{"title":"Imam expuls\u00e9 de France: Ahmadou Kaba lib\u00e9r\u00e9 apr\u00e8s enqu\u00eate... - LE PUBLIC","robots":{"index":"index","follow":"follow","max-snippet":"max-snippet:-1","max-image-preview":"max-image-preview:large","max-video-preview":"max-video-preview:-1"},"canonical":"https:\/\/www.public.sn\/index.php\/2024\/07\/15\/imam-expulse-de-france-ahmadou-kaba-libere-apres-enquete\/","og_locale":"fr_FR","og_type":"article","og_title":"Imam expuls\u00e9 de France: Ahmadou Kaba lib\u00e9r\u00e9 apr\u00e8s enqu\u00eate... - LE PUBLIC","og_description":"L&rsquo;imam Ahmadou Kaba a \u00e9t\u00e9 expuls\u00e9 de France mercredi dernier suite \u00e0 des accusations de discours radicaux et de propos discriminatoires par le ministre de l&rsquo;int\u00e9rieur fran\u00e7ais,G\u00e9rald Darmanin. \u00c0 sa descente d\u2019avion \u00e0 l\u2019a\u00e9roport international Blaise Diagne (AIBD), l\u2019imam, auparavant \u00e9tabli \u00e0 Troyes, a \u00e9t\u00e9 conduit \u00e0 la Division des Investigations Criminelles (DIC) et plac\u00e9 en garde \u00e0 vue \u00abpour n\u00e9cessit\u00e9 d\u2019enqu\u00eate\u00bb. Selon le journal Lib\u00e9ration, Imam Kaba est d\u00e9sormais libre. \u00abSa garde \u00e0 vue a \u00e9t\u00e9 lev\u00e9e car les enqu\u00eateurs n\u2019ont trouv\u00e9 aucun acte prouvant sa radicalisation ou ses connexions avec des milieux radicaux\u00bb, rapporte le journal dans son \u00e9dition de ce lundi.","og_url":"https:\/\/www.public.sn\/index.php\/2024\/07\/15\/imam-expulse-de-france-ahmadou-kaba-libere-apres-enquete\/","og_site_name":"LE PUBLIC","article_published_time":"2024-07-15T13:39:15+00:00","og_image":[{"width":657,"height":438,"url":"https:\/\/www.public.sn\/wp-content\/uploads\/2024\/07\/81496771-58693269.jpg","type":"image\/jpeg"}],"author":"Baye Amath THIAM","twitter_card":"summary_large_image","twitter_misc":{"\u00c9crit par":"Baye Amath THIAM","Dur\u00e9e de lecture estim\u00e9e":"1 minute"},"schema":{"@context":"https:\/\/schema.org","@graph":[{"@type":"Article","@id":"https:\/\/www.public.sn\/index.php\/2024\/07\/15\/imam-expulse-de-france-ahmadou-kaba-libere-apres-enquete\/#article","isPartOf":{"@id":"https:\/\/www.public.sn\/index.php\/2024\/07\/15\/imam-expulse-de-france-ahmadou-kaba-libere-apres-enquete\/"},"author":{"name":"Baye Amath THIAM","@id":"https:\/\/www.public.sn\/#\/schema\/person\/f77cd9ce05d8fb925eb038378ee6899d"},"headline":"Imam expuls\u00e9 de France: Ahmadou Kaba lib\u00e9r\u00e9 apr\u00e8s enqu\u00eate&#8230;","datePublished":"2024-07-15T13:39:15+00:00","mainEntityOfPage":{"@id":"https:\/\/www.public.sn\/index.php\/2024\/07\/15\/imam-expulse-de-france-ahmadou-kaba-libere-apres-enquete\/"},"wordCount":125,"commentCount":0,"publisher":{"@id":"https:\/\/www.public.sn\/#organization"},"image":{"@id":"https:\/\/www.public.sn\/index.php\/2024\/07\/15\/imam-expulse-de-france-ahmadou-kaba-libere-apres-enquete\/#primaryimage"},"thumbnailUrl":"https:\/\/www.public.sn\/wp-content\/uploads\/2024\/07\/81496771-58693269.jpg","keywords":["Ahmadou Kaba","DIC","discours radicaux","G\u00e9rald Darmanin","Imam expuls\u00e9 de France","n\u00e9cessit\u00e9 d\u2019enqu\u00eate","propos discriminatoires"],"articleSection":["ACTUALIT\u00c9S","AFRIQUE &amp; MONDE","FAITS DIVERS","internationale","justice","RELIGION","S\u00c9CURIT\u00c9 &amp; JUSTICE","S\u00c9N\u00c9GAL","SOCIETE"],"inLanguage":"fr-FR","potentialAction":[{"@type":"CommentAction","name":"Comment","target":["https:\/\/www.public.sn\/index.php\/2024\/07\/15\/imam-expulse-de-france-ahmadou-kaba-libere-apres-enquete\/#respond"]}]},{"@type":"WebPage","@id":"https:\/\/www.public.sn\/index.php\/2024\/07\/15\/imam-expulse-de-france-ahmadou-kaba-libere-apres-enquete\/","url":"https:\/\/www.public.sn\/index.php\/2024\/07\/15\/imam-expulse-de-france-ahmadou-kaba-libere-apres-enquete\/","name":"Imam expuls\u00e9 de France: Ahmadou Kaba lib\u00e9r\u00e9 apr\u00e8s enqu\u00eate... - LE PUBLIC","isPartOf":{"@id":"https:\/\/www.public.sn\/#website"},"primaryImageOfPage":{"@id":"https:\/\/www.public.sn\/index.php\/2024\/07\/15\/imam-expulse-de-france-ahmadou-kaba-libere-apres-enquete\/#primaryimage"},"image":{"@id":"https:\/\/www.public.sn\/index.php\/2024\/07\/15\/imam-expulse-de-france-ahmadou-kaba-libere-apres-enquete\/#primaryimage"},"thumbnailUrl":"https:\/\/www.public.sn\/wp-content\/uploads\/2024\/07\/81496771-58693269.jpg","datePublished":"2024-07-15T13:39:15+00:00","breadcrumb":{"@id":"https:\/\/www.public.sn\/index.php\/2024\/07\/15\/imam-expulse-de-france-ahmadou-kaba-libere-apres-enquete\/#breadcrumb"},"inLanguage":"fr-FR","potentialAction":[{"@type":"ReadAction","target":["https:\/\/www.public.sn\/index.php\/2024\/07\/15\/imam-expulse-de-france-ahmadou-kaba-libere-apres-enquete\/"]}]},{"@type":"ImageObject","inLanguage":"fr-FR","@id":"https:\/\/www.public.sn\/index.php\/2024\/07\/15\/imam-expulse-de-france-ahmadou-kaba-libere-apres-enquete\/#primaryimage","url":"https:\/\/www.public.sn\/wp-content\/uploads\/2024\/07\/81496771-58693269.jpg","contentUrl":"https:\/\/www.public.sn\/wp-content\/uploads\/2024\/07\/81496771-58693269.jpg","width":657,"height":438},{"@type":"BreadcrumbList","@id":"https:\/\/www.public.sn\/index.php\/2024\/07\/15\/imam-expulse-de-france-ahmadou-kaba-libere-apres-enquete\/#breadcrumb","itemListElement":[{"@type":"ListItem","position":1,"name":"Accueil","item":"https:\/\/www.public.sn\/"},{"@type":"ListItem","position":2,"name":"Imam expuls\u00e9 de France: Ahmadou Kaba lib\u00e9r\u00e9 apr\u00e8s enqu\u00eate&#8230;"}]},{"@type":"WebSite","@id":"https:\/\/www.public.sn\/#website","url":"https:\/\/www.public.sn\/","name":"LE PUBLIC","description":"","publisher":{"@id":"https:\/\/www.public.sn\/#organization"},"potentialAction":[{"@type":"SearchAction","target":{"@type":"EntryPoint","urlTemplate":"https:\/\/www.public.sn\/?s={search_term_string}"},"query-input":{"@type":"PropertyValueSpecification","valueRequired":true,"valueName":"search_term_string"}}],"inLanguage":"fr-FR"},{"@type":"Organization","@id":"https:\/\/www.public.sn\/#organization","name":"LE PUBLIC","url":"https:\/\/www.public.sn\/","logo":{"@type":"ImageObject","inLanguage":"fr-FR","@id":"https:\/\/www.public.sn\/#\/schema\/logo\/image\/","url":"https:\/\/www.public.sn\/wp-content\/uploads\/2024\/05\/cropped-LOGO-PUBLIC.SN_.png","contentUrl":"https:\/\/www.public.sn\/wp-content\/uploads\/2024\/05\/cropped-LOGO-PUBLIC.SN_.png","width":682,"height":192,"caption":"LE PUBLIC"},"image":{"@id":"https:\/\/www.public.sn\/#\/schema\/logo\/image\/"}},{"@type":"Person","@id":"https:\/\/www.public.sn\/#\/schema\/person\/f77cd9ce05d8fb925eb038378ee6899d","name":"Baye Amath THIAM","image":{"@type":"ImageObject","inLanguage":"fr-FR","@id":"https:\/\/www.public.sn\/#\/schema\/person\/image\/","url":"https:\/\/secure.gravatar.com\/avatar\/7eb863ef1336b6f8a2ad921469701e52f094a61c698fab02f5af742ed813612d?s=96&d=mm&r=g","contentUrl":"https:\/\/secure.gravatar.com\/avatar\/7eb863ef1336b6f8a2ad921469701e52f094a61c698fab02f5af742ed813612d?s=96&d=mm&r=g","caption":"Baye Amath THIAM"},"url":"https:\/\/www.public.sn\/index.php\/author\/thiamba24\/"}]}},"jetpack_featured_media_url":"https:\/\/www.public.sn\/wp-content\/uploads\/2024\/07\/81496771-58693269.jpg","jetpack_sharing_enabled":true,"_links":{"self":[{"href":"https:\/\/www.public.sn\/index.php\/wp-json\/wp\/v2\/posts\/34271","targetHints":{"allow":["GET"]}}],"collection":[{"href":"https:\/\/www.public.sn\/index.php\/wp-json\/wp\/v2\/posts"}],"about":[{"href":"https:\/\/www.public.sn\/index.php\/wp-json\/wp\/v2\/types\/post"}],"author":[{"embeddable":true,"href":"https:\/\/www.public.sn\/index.php\/wp-json\/wp\/v2\/users\/15"}],"replies":[{"embeddable":true,"href":"https:\/\/www.public.sn\/index.php\/wp-json\/wp\/v2\/comments?post=34271"}],"version-history":[{"count":1,"href":"https:\/\/www.public.sn\/index.php\/wp-json\/wp\/v2\/posts\/34271\/revisions"}],"predecessor-version":[{"id":34273,"href":"https:\/\/www.public.sn\/index.php\/wp-json\/wp\/v2\/posts\/34271\/revisions\/34273"}],"wp:featuredmedia":[{"embeddable":true,"href":"https:\/\/www.public.sn\/index.php\/wp-json\/wp\/v2\/media\/34272"}],"wp:attachment":[{"href":"https:\/\/www.public.sn\/index.php\/wp-json\/wp\/v2\/media?parent=34271"}],"wp:term":[{"taxonomy":"category","embeddable":true,"href":"https:\/\/www.public.sn\/index.php\/wp-json\/wp\/v2\/categories?post=34271"},{"taxonomy":"post_tag","embeddable":true,"href":"https:\/\/www.public.sn\/index.php\/wp-json\/wp\/v2\/tags?post=34271"}],"curies":[{"name":"wp","href":"https:\/\/api.w.org\/{rel}","templated":true}]}}