{"id":34334,"date":"2024-07-16T13:11:29","date_gmt":"2024-07-16T13:11:29","guid":{"rendered":"https:\/\/www.public.sn\/?p=34334"},"modified":"2024-07-16T13:11:29","modified_gmt":"2024-07-16T13:11:29","slug":"real-madrid-kylian-mbappe-presente-devant-80-000-supporters-madrilenes","status":"publish","type":"post","link":"https:\/\/www.public.sn\/index.php\/2024\/07\/16\/real-madrid-kylian-mbappe-presente-devant-80-000-supporters-madrilenes\/","title":{"rendered":"R\u00e9al Madrid: Kylian Mbapp\u00e9 pr\u00e9sent\u00e9 devant 80.000 supporters madril\u00e8nes"},"content":{"rendered":"<p>C&rsquo;est fait! Kylian Mbappp\u00e9 devient officiellement un joueur du R\u00e9al Madrid.<br \/>\nLe pr\u00e9sident du club, Florentino Perez a r\u00e9serv\u00e9 un accueil princier au capitaine de l&rsquo;\u00e9quipe de France devant 85.000 supporters au Santiago Bernabeu.<\/p><div class=\"publi-paragraphe1\" style=\"margin-top: 10px;margin-bottom: 10px;margin-left: auto;margin-right: auto;text-align: center;\" id=\"publi-2412125962\"><div class=\"publi-adlabel\">Publicit\u00e9<\/div><script async src=\"\/\/pagead2.googlesyndication.com\/pagead\/js\/adsbygoogle.js?client=ca-pub-4089586018074219\" crossorigin=\"anonymous\"><\/script><ins class=\"adsbygoogle\" style=\"display:block;\" data-ad-client=\"ca-pub-4089586018074219\" \ndata-ad-slot=\"2087940154\" \ndata-ad-format=\"auto\"><\/ins>\n<script> \n(adsbygoogle = window.adsbygoogle || []).push({}); \n<\/script>\n<\/div>\n<p>\u00ab Mon r\u00eave est exauc\u00e9 \u00bb, a d\u00e9clar\u00e9, les yeux brillants, l&rsquo;enfant de Bondy lors de sa c\u00e9r\u00e9monie d&rsquo;accueil.<\/p>\n<p>Pr\u00e9sent\u00e9 aux socios du Real Madrid, Kylian Mbapp\u00e9 a tenu un discours \u00e9mouvant. Et pendant sa pr\u00e9sentation, le Fran\u00e7ais n\u2019a cess\u00e9 d\u2019embrasser l\u2019\u00e9cusson de la Casa Blanca.<br \/>\nLa rencontre entre le nouveau n\u00b09 et son nouveau public devrait battre le record \u00e9tabli il y a maintenant 15 ans lors de de la pr\u00e9sentation de Cristiano Ronaldo.<\/p>\n<div class=\"publi-apres-le-contenu\" style=\"margin-top: 10px;margin-bottom: 10px;margin-left: auto;margin-right: auto;text-align: center;\" id=\"publi-3951460365\"><div class=\"publi-adlabel\">Publicit\u00e9<\/div><script async src=\"\/\/pagead2.googlesyndication.com\/pagead\/js\/adsbygoogle.js?client=ca-pub-4089586018074219\" crossorigin=\"anonymous\"><\/script><ins class=\"adsbygoogle\" style=\"display:block;\" data-ad-client=\"ca-pub-4089586018074219\" \ndata-ad-slot=\"2087940154\" \ndata-ad-format=\"auto\"><\/ins>\n<script> \n(adsbygoogle = window.adsbygoogle || []).push({}); \n<\/script>\n<\/div>","protected":false},"excerpt":{"rendered":"<p>C&rsquo;est fait! Kylian Mbappp\u00e9 devient officiellement un joueur du R\u00e9al Madrid. Le pr\u00e9sident du club, Florentino Perez a r\u00e9serv\u00e9 un accueil princier au capitaine de l&rsquo;\u00e9quipe de France devant 85.000 supporters au Santiago Bernabeu. \u00ab Mon r\u00eave est exauc\u00e9 \u00bb, a d\u00e9clar\u00e9, les yeux brillants, l&rsquo;enfant de Bondy lors de sa c\u00e9r\u00e9monie d&rsquo;accueil. Pr\u00e9sent\u00e9 aux socios du Real Madrid, Kylian Mbapp\u00e9 a tenu un discours \u00e9mouvant. Et pendant sa pr\u00e9sentation, le Fran\u00e7ais n\u2019a cess\u00e9 d\u2019embrasser l\u2019\u00e9cusson de la Casa Blanca. La rencontre entre le nouveau n\u00b09 et son nouveau public devrait battre le record \u00e9tabli il y a maintenant 15 ans lors de de la pr\u00e9sentation de Cristiano Ronaldo.<\/p>\n","protected":false},"author":15,"featured_media":34336,"comment_status":"open","ping_status":"open","sticky":false,"template":"","format":"standard","meta":{"_jetpack_memberships_contains_paid_content":false,"footnotes":""},"categories":[375,550,3412,3728,7],"tags":[3806,6832,6485,485,6831],"class_list":["post-34334","post","type-post","status-publish","format-standard","has-post-thumbnail","hentry","category-actualites","category-afrique-monde","category-football","category-internationale","category-sport","tag-cristiano-ronaldo","tag-florentino-perez","tag-kylian-mbappe","tag-real-madrid","tag-santiago-bernabeu","entry","has-media","owp-thumbs-layout-horizontal","owp-btn-normal","owp-tabs-layout-horizontal","has-no-thumbnails","has-product-nav"],"yoast_head":"<!-- This site is optimized with the Yoast SEO plugin v25.5 - https:\/\/yoast.com\/wordpress\/plugins\/seo\/ -->\n<title>R\u00e9al Madrid: Kylian Mbapp\u00e9 pr\u00e9sent\u00e9 devant 80.000 supporters madril\u00e8nes - LE PUBLIC<\/title>\n<meta name=\"robots\" content=\"index, follow, max-snippet:-1, max-image-preview:large, max-video-preview:-1\" \/>\n<link rel=\"canonical\" href=\"https:\/\/www.public.sn\/index.php\/2024\/07\/16\/real-madrid-kylian-mbappe-presente-devant-80-000-supporters-madrilenes\/\" \/>\n<meta property=\"og:locale\" content=\"fr_FR\" \/>\n<meta property=\"og:type\" content=\"article\" \/>\n<meta property=\"og:title\" content=\"R\u00e9al Madrid: Kylian Mbapp\u00e9 pr\u00e9sent\u00e9 devant 80.000 supporters madril\u00e8nes - LE PUBLIC\" \/>\n<meta property=\"og:description\" content=\"C&rsquo;est fait! Kylian Mbappp\u00e9 devient officiellement un joueur du R\u00e9al Madrid. Le pr\u00e9sident du club, Florentino Perez a r\u00e9serv\u00e9 un accueil princier au capitaine de l&rsquo;\u00e9quipe de France devant 85.000 supporters au Santiago Bernabeu. \u00ab Mon r\u00eave est exauc\u00e9 \u00bb, a d\u00e9clar\u00e9, les yeux brillants, l&rsquo;enfant de Bondy lors de sa c\u00e9r\u00e9monie d&rsquo;accueil. Pr\u00e9sent\u00e9 aux socios du Real Madrid, Kylian Mbapp\u00e9 a tenu un discours \u00e9mouvant. Et pendant sa pr\u00e9sentation, le Fran\u00e7ais n\u2019a cess\u00e9 d\u2019embrasser l\u2019\u00e9cusson de la Casa Blanca. La rencontre entre le nouveau n\u00b09 et son nouveau public devrait battre le record \u00e9tabli il y a maintenant 15 ans lors de de la pr\u00e9sentation de Cristiano Ronaldo.\" \/>\n<meta property=\"og:url\" content=\"https:\/\/www.public.sn\/index.php\/2024\/07\/16\/real-madrid-kylian-mbappe-presente-devant-80-000-supporters-madrilenes\/\" \/>\n<meta property=\"og:site_name\" content=\"LE PUBLIC\" \/>\n<meta property=\"article:published_time\" content=\"2024-07-16T13:11:29+00:00\" \/>\n<meta property=\"og:image\" content=\"https:\/\/www.public.sn\/wp-content\/uploads\/2024\/07\/Kylian-Mbappe-lors-de-sa-grande-presentation-devant-le-public-du-Real-Madrid-1904447.jpg\" \/>\n\t<meta property=\"og:image:width\" content=\"1600\" \/>\n\t<meta property=\"og:image:height\" content=\"900\" \/>\n\t<meta property=\"og:image:type\" content=\"image\/jpeg\" \/>\n<meta name=\"author\" content=\"Baye Amath THIAM\" \/>\n<meta name=\"twitter:card\" content=\"summary_large_image\" \/>\n<meta name=\"twitter:label1\" content=\"\u00c9crit par\" \/>\n\t<meta name=\"twitter:data1\" content=\"Baye Amath THIAM\" \/>\n\t<meta name=\"twitter:label2\" content=\"Dur\u00e9e de lecture estim\u00e9e\" \/>\n\t<meta name=\"twitter:data2\" content=\"1 minute\" \/>\n<script type=\"application\/ld+json\" class=\"yoast-schema-graph\">{\"@context\":\"https:\/\/schema.org\",\"@graph\":[{\"@type\":\"Article\",\"@id\":\"https:\/\/www.public.sn\/index.php\/2024\/07\/16\/real-madrid-kylian-mbappe-presente-devant-80-000-supporters-madrilenes\/#article\",\"isPartOf\":{\"@id\":\"https:\/\/www.public.sn\/index.php\/2024\/07\/16\/real-madrid-kylian-mbappe-presente-devant-80-000-supporters-madrilenes\/\"},\"author\":{\"name\":\"Baye Amath THIAM\",\"@id\":\"https:\/\/www.public.sn\/#\/schema\/person\/f77cd9ce05d8fb925eb038378ee6899d\"},\"headline\":\"R\u00e9al Madrid: Kylian Mbapp\u00e9 pr\u00e9sent\u00e9 devant 80.000 supporters madril\u00e8nes\",\"datePublished\":\"2024-07-16T13:11:29+00:00\",\"mainEntityOfPage\":{\"@id\":\"https:\/\/www.public.sn\/index.php\/2024\/07\/16\/real-madrid-kylian-mbappe-presente-devant-80-000-supporters-madrilenes\/\"},\"wordCount\":131,\"commentCount\":0,\"publisher\":{\"@id\":\"https:\/\/www.public.sn\/#organization\"},\"image\":{\"@id\":\"https:\/\/www.public.sn\/index.php\/2024\/07\/16\/real-madrid-kylian-mbappe-presente-devant-80-000-supporters-madrilenes\/#primaryimage\"},\"thumbnailUrl\":\"https:\/\/www.public.sn\/wp-content\/uploads\/2024\/07\/Kylian-Mbappe-lors-de-sa-grande-presentation-devant-le-public-du-Real-Madrid-1904447.jpg\",\"keywords\":[\"cristiano ronaldo\",\"Florentino Perez\",\"Kylian Mbapp\u00e9\",\"Real Madrid\",\"Santiago Bernabeu\"],\"articleSection\":[\"ACTUALIT\u00c9S\",\"AFRIQUE &amp; MONDE\",\"FOOTBALL\",\"internationale\",\"SPORTS\"],\"inLanguage\":\"fr-FR\",\"potentialAction\":[{\"@type\":\"CommentAction\",\"name\":\"Comment\",\"target\":[\"https:\/\/www.public.sn\/index.php\/2024\/07\/16\/real-madrid-kylian-mbappe-presente-devant-80-000-supporters-madrilenes\/#respond\"]}]},{\"@type\":\"WebPage\",\"@id\":\"https:\/\/www.public.sn\/index.php\/2024\/07\/16\/real-madrid-kylian-mbappe-presente-devant-80-000-supporters-madrilenes\/\",\"url\":\"https:\/\/www.public.sn\/index.php\/2024\/07\/16\/real-madrid-kylian-mbappe-presente-devant-80-000-supporters-madrilenes\/\",\"name\":\"R\u00e9al Madrid: Kylian Mbapp\u00e9 pr\u00e9sent\u00e9 devant 80.000 supporters madril\u00e8nes - LE PUBLIC\",\"isPartOf\":{\"@id\":\"https:\/\/www.public.sn\/#website\"},\"primaryImageOfPage\":{\"@id\":\"https:\/\/www.public.sn\/index.php\/2024\/07\/16\/real-madrid-kylian-mbappe-presente-devant-80-000-supporters-madrilenes\/#primaryimage\"},\"image\":{\"@id\":\"https:\/\/www.public.sn\/index.php\/2024\/07\/16\/real-madrid-kylian-mbappe-presente-devant-80-000-supporters-madrilenes\/#primaryimage\"},\"thumbnailUrl\":\"https:\/\/www.public.sn\/wp-content\/uploads\/2024\/07\/Kylian-Mbappe-lors-de-sa-grande-presentation-devant-le-public-du-Real-Madrid-1904447.jpg\",\"datePublished\":\"2024-07-16T13:11:29+00:00\",\"breadcrumb\":{\"@id\":\"https:\/\/www.public.sn\/index.php\/2024\/07\/16\/real-madrid-kylian-mbappe-presente-devant-80-000-supporters-madrilenes\/#breadcrumb\"},\"inLanguage\":\"fr-FR\",\"potentialAction\":[{\"@type\":\"ReadAction\",\"target\":[\"https:\/\/www.public.sn\/index.php\/2024\/07\/16\/real-madrid-kylian-mbappe-presente-devant-80-000-supporters-madrilenes\/\"]}]},{\"@type\":\"ImageObject\",\"inLanguage\":\"fr-FR\",\"@id\":\"https:\/\/www.public.sn\/index.php\/2024\/07\/16\/real-madrid-kylian-mbappe-presente-devant-80-000-supporters-madrilenes\/#primaryimage\",\"url\":\"https:\/\/www.public.sn\/wp-content\/uploads\/2024\/07\/Kylian-Mbappe-lors-de-sa-grande-presentation-devant-le-public-du-Real-Madrid-1904447.jpg\",\"contentUrl\":\"https:\/\/www.public.sn\/wp-content\/uploads\/2024\/07\/Kylian-Mbappe-lors-de-sa-grande-presentation-devant-le-public-du-Real-Madrid-1904447.jpg\",\"width\":1600,\"height\":900},{\"@type\":\"BreadcrumbList\",\"@id\":\"https:\/\/www.public.sn\/index.php\/2024\/07\/16\/real-madrid-kylian-mbappe-presente-devant-80-000-supporters-madrilenes\/#breadcrumb\",\"itemListElement\":[{\"@type\":\"ListItem\",\"position\":1,\"name\":\"Accueil\",\"item\":\"https:\/\/www.public.sn\/\"},{\"@type\":\"ListItem\",\"position\":2,\"name\":\"R\u00e9al Madrid: Kylian Mbapp\u00e9 pr\u00e9sent\u00e9 devant 80.000 supporters madril\u00e8nes\"}]},{\"@type\":\"WebSite\",\"@id\":\"https:\/\/www.public.sn\/#website\",\"url\":\"https:\/\/www.public.sn\/\",\"name\":\"LE PUBLIC\",\"description\":\"\",\"publisher\":{\"@id\":\"https:\/\/www.public.sn\/#organization\"},\"potentialAction\":[{\"@type\":\"SearchAction\",\"target\":{\"@type\":\"EntryPoint\",\"urlTemplate\":\"https:\/\/www.public.sn\/?s={search_term_string}\"},\"query-input\":{\"@type\":\"PropertyValueSpecification\",\"valueRequired\":true,\"valueName\":\"search_term_string\"}}],\"inLanguage\":\"fr-FR\"},{\"@type\":\"Organization\",\"@id\":\"https:\/\/www.public.sn\/#organization\",\"name\":\"LE PUBLIC\",\"url\":\"https:\/\/www.public.sn\/\",\"logo\":{\"@type\":\"ImageObject\",\"inLanguage\":\"fr-FR\",\"@id\":\"https:\/\/www.public.sn\/#\/schema\/logo\/image\/\",\"url\":\"https:\/\/www.public.sn\/wp-content\/uploads\/2024\/05\/cropped-LOGO-PUBLIC.SN_.png\",\"contentUrl\":\"https:\/\/www.public.sn\/wp-content\/uploads\/2024\/05\/cropped-LOGO-PUBLIC.SN_.png\",\"width\":682,\"height\":192,\"caption\":\"LE PUBLIC\"},\"image\":{\"@id\":\"https:\/\/www.public.sn\/#\/schema\/logo\/image\/\"}},{\"@type\":\"Person\",\"@id\":\"https:\/\/www.public.sn\/#\/schema\/person\/f77cd9ce05d8fb925eb038378ee6899d\",\"name\":\"Baye Amath THIAM\",\"image\":{\"@type\":\"ImageObject\",\"inLanguage\":\"fr-FR\",\"@id\":\"https:\/\/www.public.sn\/#\/schema\/person\/image\/\",\"url\":\"https:\/\/secure.gravatar.com\/avatar\/7eb863ef1336b6f8a2ad921469701e52f094a61c698fab02f5af742ed813612d?s=96&d=mm&r=g\",\"contentUrl\":\"https:\/\/secure.gravatar.com\/avatar\/7eb863ef1336b6f8a2ad921469701e52f094a61c698fab02f5af742ed813612d?s=96&d=mm&r=g\",\"caption\":\"Baye Amath THIAM\"},\"url\":\"https:\/\/www.public.sn\/index.php\/author\/thiamba24\/\"}]}<\/script>\n<!-- \/ Yoast SEO plugin. -->","yoast_head_json":{"title":"R\u00e9al Madrid: Kylian Mbapp\u00e9 pr\u00e9sent\u00e9 devant 80.000 supporters madril\u00e8nes - LE PUBLIC","robots":{"index":"index","follow":"follow","max-snippet":"max-snippet:-1","max-image-preview":"max-image-preview:large","max-video-preview":"max-video-preview:-1"},"canonical":"https:\/\/www.public.sn\/index.php\/2024\/07\/16\/real-madrid-kylian-mbappe-presente-devant-80-000-supporters-madrilenes\/","og_locale":"fr_FR","og_type":"article","og_title":"R\u00e9al Madrid: Kylian Mbapp\u00e9 pr\u00e9sent\u00e9 devant 80.000 supporters madril\u00e8nes - LE PUBLIC","og_description":"C&rsquo;est fait! Kylian Mbappp\u00e9 devient officiellement un joueur du R\u00e9al Madrid. Le pr\u00e9sident du club, Florentino Perez a r\u00e9serv\u00e9 un accueil princier au capitaine de l&rsquo;\u00e9quipe de France devant 85.000 supporters au Santiago Bernabeu. \u00ab Mon r\u00eave est exauc\u00e9 \u00bb, a d\u00e9clar\u00e9, les yeux brillants, l&rsquo;enfant de Bondy lors de sa c\u00e9r\u00e9monie d&rsquo;accueil. Pr\u00e9sent\u00e9 aux socios du Real Madrid, Kylian Mbapp\u00e9 a tenu un discours \u00e9mouvant. Et pendant sa pr\u00e9sentation, le Fran\u00e7ais n\u2019a cess\u00e9 d\u2019embrasser l\u2019\u00e9cusson de la Casa Blanca. La rencontre entre le nouveau n\u00b09 et son nouveau public devrait battre le record \u00e9tabli il y a maintenant 15 ans lors de de la pr\u00e9sentation de Cristiano Ronaldo.","og_url":"https:\/\/www.public.sn\/index.php\/2024\/07\/16\/real-madrid-kylian-mbappe-presente-devant-80-000-supporters-madrilenes\/","og_site_name":"LE PUBLIC","article_published_time":"2024-07-16T13:11:29+00:00","og_image":[{"width":1600,"height":900,"url":"https:\/\/www.public.sn\/wp-content\/uploads\/2024\/07\/Kylian-Mbappe-lors-de-sa-grande-presentation-devant-le-public-du-Real-Madrid-1904447.jpg","type":"image\/jpeg"}],"author":"Baye Amath THIAM","twitter_card":"summary_large_image","twitter_misc":{"\u00c9crit par":"Baye Amath THIAM","Dur\u00e9e de lecture estim\u00e9e":"1 minute"},"schema":{"@context":"https:\/\/schema.org","@graph":[{"@type":"Article","@id":"https:\/\/www.public.sn\/index.php\/2024\/07\/16\/real-madrid-kylian-mbappe-presente-devant-80-000-supporters-madrilenes\/#article","isPartOf":{"@id":"https:\/\/www.public.sn\/index.php\/2024\/07\/16\/real-madrid-kylian-mbappe-presente-devant-80-000-supporters-madrilenes\/"},"author":{"name":"Baye Amath THIAM","@id":"https:\/\/www.public.sn\/#\/schema\/person\/f77cd9ce05d8fb925eb038378ee6899d"},"headline":"R\u00e9al Madrid: Kylian Mbapp\u00e9 pr\u00e9sent\u00e9 devant 80.000 supporters madril\u00e8nes","datePublished":"2024-07-16T13:11:29+00:00","mainEntityOfPage":{"@id":"https:\/\/www.public.sn\/index.php\/2024\/07\/16\/real-madrid-kylian-mbappe-presente-devant-80-000-supporters-madrilenes\/"},"wordCount":131,"commentCount":0,"publisher":{"@id":"https:\/\/www.public.sn\/#organization"},"image":{"@id":"https:\/\/www.public.sn\/index.php\/2024\/07\/16\/real-madrid-kylian-mbappe-presente-devant-80-000-supporters-madrilenes\/#primaryimage"},"thumbnailUrl":"https:\/\/www.public.sn\/wp-content\/uploads\/2024\/07\/Kylian-Mbappe-lors-de-sa-grande-presentation-devant-le-public-du-Real-Madrid-1904447.jpg","keywords":["cristiano ronaldo","Florentino Perez","Kylian Mbapp\u00e9","Real Madrid","Santiago Bernabeu"],"articleSection":["ACTUALIT\u00c9S","AFRIQUE &amp; MONDE","FOOTBALL","internationale","SPORTS"],"inLanguage":"fr-FR","potentialAction":[{"@type":"CommentAction","name":"Comment","target":["https:\/\/www.public.sn\/index.php\/2024\/07\/16\/real-madrid-kylian-mbappe-presente-devant-80-000-supporters-madrilenes\/#respond"]}]},{"@type":"WebPage","@id":"https:\/\/www.public.sn\/index.php\/2024\/07\/16\/real-madrid-kylian-mbappe-presente-devant-80-000-supporters-madrilenes\/","url":"https:\/\/www.public.sn\/index.php\/2024\/07\/16\/real-madrid-kylian-mbappe-presente-devant-80-000-supporters-madrilenes\/","name":"R\u00e9al Madrid: Kylian Mbapp\u00e9 pr\u00e9sent\u00e9 devant 80.000 supporters madril\u00e8nes - LE PUBLIC","isPartOf":{"@id":"https:\/\/www.public.sn\/#website"},"primaryImageOfPage":{"@id":"https:\/\/www.public.sn\/index.php\/2024\/07\/16\/real-madrid-kylian-mbappe-presente-devant-80-000-supporters-madrilenes\/#primaryimage"},"image":{"@id":"https:\/\/www.public.sn\/index.php\/2024\/07\/16\/real-madrid-kylian-mbappe-presente-devant-80-000-supporters-madrilenes\/#primaryimage"},"thumbnailUrl":"https:\/\/www.public.sn\/wp-content\/uploads\/2024\/07\/Kylian-Mbappe-lors-de-sa-grande-presentation-devant-le-public-du-Real-Madrid-1904447.jpg","datePublished":"2024-07-16T13:11:29+00:00","breadcrumb":{"@id":"https:\/\/www.public.sn\/index.php\/2024\/07\/16\/real-madrid-kylian-mbappe-presente-devant-80-000-supporters-madrilenes\/#breadcrumb"},"inLanguage":"fr-FR","potentialAction":[{"@type":"ReadAction","target":["https:\/\/www.public.sn\/index.php\/2024\/07\/16\/real-madrid-kylian-mbappe-presente-devant-80-000-supporters-madrilenes\/"]}]},{"@type":"ImageObject","inLanguage":"fr-FR","@id":"https:\/\/www.public.sn\/index.php\/2024\/07\/16\/real-madrid-kylian-mbappe-presente-devant-80-000-supporters-madrilenes\/#primaryimage","url":"https:\/\/www.public.sn\/wp-content\/uploads\/2024\/07\/Kylian-Mbappe-lors-de-sa-grande-presentation-devant-le-public-du-Real-Madrid-1904447.jpg","contentUrl":"https:\/\/www.public.sn\/wp-content\/uploads\/2024\/07\/Kylian-Mbappe-lors-de-sa-grande-presentation-devant-le-public-du-Real-Madrid-1904447.jpg","width":1600,"height":900},{"@type":"BreadcrumbList","@id":"https:\/\/www.public.sn\/index.php\/2024\/07\/16\/real-madrid-kylian-mbappe-presente-devant-80-000-supporters-madrilenes\/#breadcrumb","itemListElement":[{"@type":"ListItem","position":1,"name":"Accueil","item":"https:\/\/www.public.sn\/"},{"@type":"ListItem","position":2,"name":"R\u00e9al Madrid: Kylian Mbapp\u00e9 pr\u00e9sent\u00e9 devant 80.000 supporters madril\u00e8nes"}]},{"@type":"WebSite","@id":"https:\/\/www.public.sn\/#website","url":"https:\/\/www.public.sn\/","name":"LE PUBLIC","description":"","publisher":{"@id":"https:\/\/www.public.sn\/#organization"},"potentialAction":[{"@type":"SearchAction","target":{"@type":"EntryPoint","urlTemplate":"https:\/\/www.public.sn\/?s={search_term_string}"},"query-input":{"@type":"PropertyValueSpecification","valueRequired":true,"valueName":"search_term_string"}}],"inLanguage":"fr-FR"},{"@type":"Organization","@id":"https:\/\/www.public.sn\/#organization","name":"LE PUBLIC","url":"https:\/\/www.public.sn\/","logo":{"@type":"ImageObject","inLanguage":"fr-FR","@id":"https:\/\/www.public.sn\/#\/schema\/logo\/image\/","url":"https:\/\/www.public.sn\/wp-content\/uploads\/2024\/05\/cropped-LOGO-PUBLIC.SN_.png","contentUrl":"https:\/\/www.public.sn\/wp-content\/uploads\/2024\/05\/cropped-LOGO-PUBLIC.SN_.png","width":682,"height":192,"caption":"LE PUBLIC"},"image":{"@id":"https:\/\/www.public.sn\/#\/schema\/logo\/image\/"}},{"@type":"Person","@id":"https:\/\/www.public.sn\/#\/schema\/person\/f77cd9ce05d8fb925eb038378ee6899d","name":"Baye Amath THIAM","image":{"@type":"ImageObject","inLanguage":"fr-FR","@id":"https:\/\/www.public.sn\/#\/schema\/person\/image\/","url":"https:\/\/secure.gravatar.com\/avatar\/7eb863ef1336b6f8a2ad921469701e52f094a61c698fab02f5af742ed813612d?s=96&d=mm&r=g","contentUrl":"https:\/\/secure.gravatar.com\/avatar\/7eb863ef1336b6f8a2ad921469701e52f094a61c698fab02f5af742ed813612d?s=96&d=mm&r=g","caption":"Baye Amath THIAM"},"url":"https:\/\/www.public.sn\/index.php\/author\/thiamba24\/"}]}},"jetpack_featured_media_url":"https:\/\/www.public.sn\/wp-content\/uploads\/2024\/07\/Kylian-Mbappe-lors-de-sa-grande-presentation-devant-le-public-du-Real-Madrid-1904447.jpg","jetpack_sharing_enabled":true,"_links":{"self":[{"href":"https:\/\/www.public.sn\/index.php\/wp-json\/wp\/v2\/posts\/34334","targetHints":{"allow":["GET"]}}],"collection":[{"href":"https:\/\/www.public.sn\/index.php\/wp-json\/wp\/v2\/posts"}],"about":[{"href":"https:\/\/www.public.sn\/index.php\/wp-json\/wp\/v2\/types\/post"}],"author":[{"embeddable":true,"href":"https:\/\/www.public.sn\/index.php\/wp-json\/wp\/v2\/users\/15"}],"replies":[{"embeddable":true,"href":"https:\/\/www.public.sn\/index.php\/wp-json\/wp\/v2\/comments?post=34334"}],"version-history":[{"count":2,"href":"https:\/\/www.public.sn\/index.php\/wp-json\/wp\/v2\/posts\/34334\/revisions"}],"predecessor-version":[{"id":34337,"href":"https:\/\/www.public.sn\/index.php\/wp-json\/wp\/v2\/posts\/34334\/revisions\/34337"}],"wp:featuredmedia":[{"embeddable":true,"href":"https:\/\/www.public.sn\/index.php\/wp-json\/wp\/v2\/media\/34336"}],"wp:attachment":[{"href":"https:\/\/www.public.sn\/index.php\/wp-json\/wp\/v2\/media?parent=34334"}],"wp:term":[{"taxonomy":"category","embeddable":true,"href":"https:\/\/www.public.sn\/index.php\/wp-json\/wp\/v2\/categories?post=34334"},{"taxonomy":"post_tag","embeddable":true,"href":"https:\/\/www.public.sn\/index.php\/wp-json\/wp\/v2\/tags?post=34334"}],"curies":[{"name":"wp","href":"https:\/\/api.w.org\/{rel}","templated":true}]}}