{"id":34339,"date":"2024-07-16T13:50:30","date_gmt":"2024-07-16T13:50:30","guid":{"rendered":"https:\/\/www.public.sn\/?p=34339"},"modified":"2024-07-16T13:50:30","modified_gmt":"2024-07-16T13:50:30","slug":"equipe-nationale-me-augustin-senghor-a-propose-une-prolongation-daliou-cisse","status":"publish","type":"post","link":"https:\/\/www.public.sn\/index.php\/2024\/07\/16\/equipe-nationale-me-augustin-senghor-a-propose-une-prolongation-daliou-cisse\/","title":{"rendered":"Equipe nationale: Me Augustin Senghor a propos\u00e9 une prolongation d&rsquo;Aliou Ciss\u00e9&#8230;"},"content":{"rendered":"<p>Me Augustin Senghor a annonc\u00e9 que le Comit\u00e9 ex\u00e9cutif va proposer une prolongation d\u2019un an et demi du contrat d\u2019Aliou Ciss\u00e9 pour couvrir la prochaine CAN. <\/p><div class=\"publi-paragraphe1\" style=\"margin-top: 10px;margin-bottom: 10px;margin-left: auto;margin-right: auto;text-align: center;\" id=\"publi-1937026246\"><div class=\"publi-adlabel\">Publicit\u00e9<\/div><script async src=\"\/\/pagead2.googlesyndication.com\/pagead\/js\/adsbygoogle.js?client=ca-pub-4089586018074219\" crossorigin=\"anonymous\"><\/script><ins class=\"adsbygoogle\" style=\"display:block;\" data-ad-client=\"ca-pub-4089586018074219\" \ndata-ad-slot=\"2087940154\" \ndata-ad-format=\"auto\"><\/ins>\n<script> \n(adsbygoogle = window.adsbygoogle || []).push({}); \n<\/script>\n<\/div>\n<p>Invit\u00e9 hier lundi de l&rsquo;\u00e9mission Galaxie Sports, le pr\u00e9sident de la f\u00e9d\u00e9ration S\u00e9n\u00e9galaise de Football a laiss\u00e9 entendre qu&rsquo;il souhaitait prolonger le coach Ciss\u00e9 au sein de l&rsquo;Equipe nationale. \u00ab \u00c0 la base, on devait le prolonger pour un an pour couvrir la prochaine CAN. Il se trouve que les al\u00e9as de programmation de l\u2019instance o\u00f9 je suis, la CAF, ont fait que maintenant la CAN est repouss\u00e9e en d\u00e9cembre et l\u2019id\u00e9e ce serait peut-\u00eatre de lui proposer un renouvellement d\u2019une ann\u00e9e et demi qui couvrirait la prochaine CAN o\u00f9 on pense qu\u2019il va nous mener aussi pour essayer de jouer le coup pour remporter sa deuxi\u00e8me coupe avec cette g\u00e9n\u00e9ration de joueurs \u00bb a-t&rsquo;il d\u00e9clar\u00e9 sur le plateau de la RTS.<\/p>\n<p>Toutefois, pr\u00e9cise-t-il, \u00ab c\u2019est l\u2019\u00c9tat qui prend en charge le salaire de l\u2019entra\u00eeneur. Donc il a son mot \u00e0 dire mais je pense qu\u2019ils nous suivront dans cel\u00e0 parce que, d\u00e9j\u00e0, on joue en septembre et le contrat finit en fin ao\u00fbt ce sera difficile d\u2019aller vers autre chose \u00bb.<\/p>\n<div class=\"publi-apres-le-contenu\" style=\"margin-top: 10px;margin-bottom: 10px;margin-left: auto;margin-right: auto;text-align: center;\" id=\"publi-1210428796\"><div class=\"publi-adlabel\">Publicit\u00e9<\/div><script async src=\"\/\/pagead2.googlesyndication.com\/pagead\/js\/adsbygoogle.js?client=ca-pub-4089586018074219\" crossorigin=\"anonymous\"><\/script><ins class=\"adsbygoogle\" style=\"display:block;\" data-ad-client=\"ca-pub-4089586018074219\" \ndata-ad-slot=\"2087940154\" \ndata-ad-format=\"auto\"><\/ins>\n<script> \n(adsbygoogle = window.adsbygoogle || []).push({}); \n<\/script>\n<\/div>","protected":false},"excerpt":{"rendered":"<p>Me Augustin Senghor a annonc\u00e9 que le Comit\u00e9 ex\u00e9cutif va proposer une prolongation d\u2019un an et demi du contrat d\u2019Aliou Ciss\u00e9 pour couvrir la prochaine CAN. Invit\u00e9 hier lundi de l&rsquo;\u00e9mission Galaxie Sports, le pr\u00e9sident de la f\u00e9d\u00e9ration S\u00e9n\u00e9galaise de Football a laiss\u00e9 entendre qu&rsquo;il souhaitait prolonger le coach Ciss\u00e9 au sein de l&rsquo;Equipe nationale. \u00ab \u00c0 la base, on devait le prolonger pour un an pour couvrir la prochaine CAN. Il se trouve que les al\u00e9as de programmation de l\u2019instance o\u00f9 je suis, la CAF, ont fait que maintenant la CAN est repouss\u00e9e en d\u00e9cembre et l\u2019id\u00e9e ce serait peut-\u00eatre de lui proposer un renouvellement d\u2019une ann\u00e9e et demi qui couvrirait la prochaine CAN o\u00f9 on pense qu\u2019il va nous mener aussi pour essayer de jouer le coup pour remporter sa deuxi\u00e8me coupe avec cette g\u00e9n\u00e9ration de joueurs \u00bb a-t&rsquo;il d\u00e9clar\u00e9 sur le plateau de la RTS. Toutefois, pr\u00e9cise-t-il, \u00ab c\u2019est l\u2019\u00c9tat qui prend en charge le salaire de l\u2019entra\u00eeneur. Donc il a son mot \u00e0 dire mais je pense qu\u2019ils nous suivront dans cel\u00e0 parce que, d\u00e9j\u00e0, on joue en septembre et le contrat finit en fin ao\u00fbt ce sera difficile d\u2019aller vers autre chose \u00bb.<\/p>\n","protected":false},"author":15,"featured_media":34341,"comment_status":"open","ping_status":"open","sticky":false,"template":"","format":"standard","meta":{"_jetpack_memberships_contains_paid_content":false,"footnotes":""},"categories":[375,550,3412,3728,961,1,7],"tags":[827,522,2769,6833,5112,6834],"class_list":["post-34339","post","type-post","status-publish","format-standard","has-post-thumbnail","hentry","category-actualites","category-afrique-monde","category-football","category-internationale","category-medias","category-non-classe","category-sport","tag-aliou-cisse","tag-can","tag-equipe-nationale","tag-galaxie-sports","tag-me-augustin-senghor","tag-prolongation-dun-an-et-demi-du-contrat-daliou-cisse","entry","has-media","owp-thumbs-layout-horizontal","owp-btn-normal","owp-tabs-layout-horizontal","has-no-thumbnails","has-product-nav"],"yoast_head":"<!-- This site is optimized with the Yoast SEO plugin v25.5 - https:\/\/yoast.com\/wordpress\/plugins\/seo\/ -->\n<title>Equipe nationale: Me Augustin Senghor a propos\u00e9 une prolongation d&#039;Aliou Ciss\u00e9... - LE PUBLIC<\/title>\n<meta name=\"robots\" content=\"index, follow, max-snippet:-1, max-image-preview:large, max-video-preview:-1\" \/>\n<link rel=\"canonical\" href=\"https:\/\/www.public.sn\/index.php\/2024\/07\/16\/equipe-nationale-me-augustin-senghor-a-propose-une-prolongation-daliou-cisse\/\" \/>\n<meta property=\"og:locale\" content=\"fr_FR\" \/>\n<meta property=\"og:type\" content=\"article\" \/>\n<meta property=\"og:title\" content=\"Equipe nationale: Me Augustin Senghor a propos\u00e9 une prolongation d&#039;Aliou Ciss\u00e9... - LE PUBLIC\" \/>\n<meta property=\"og:description\" content=\"Me Augustin Senghor a annonc\u00e9 que le Comit\u00e9 ex\u00e9cutif va proposer une prolongation d\u2019un an et demi du contrat d\u2019Aliou Ciss\u00e9 pour couvrir la prochaine CAN. Invit\u00e9 hier lundi de l&rsquo;\u00e9mission Galaxie Sports, le pr\u00e9sident de la f\u00e9d\u00e9ration S\u00e9n\u00e9galaise de Football a laiss\u00e9 entendre qu&rsquo;il souhaitait prolonger le coach Ciss\u00e9 au sein de l&rsquo;Equipe nationale. \u00ab \u00c0 la base, on devait le prolonger pour un an pour couvrir la prochaine CAN. Il se trouve que les al\u00e9as de programmation de l\u2019instance o\u00f9 je suis, la CAF, ont fait que maintenant la CAN est repouss\u00e9e en d\u00e9cembre et l\u2019id\u00e9e ce serait peut-\u00eatre de lui proposer un renouvellement d\u2019une ann\u00e9e et demi qui couvrirait la prochaine CAN o\u00f9 on pense qu\u2019il va nous mener aussi pour essayer de jouer le coup pour remporter sa deuxi\u00e8me coupe avec cette g\u00e9n\u00e9ration de joueurs \u00bb a-t&rsquo;il d\u00e9clar\u00e9 sur le plateau de la RTS. Toutefois, pr\u00e9cise-t-il, \u00ab c\u2019est l\u2019\u00c9tat qui prend en charge le salaire de l\u2019entra\u00eeneur. Donc il a son mot \u00e0 dire mais je pense qu\u2019ils nous suivront dans cel\u00e0 parce que, d\u00e9j\u00e0, on joue en septembre et le contrat finit en fin ao\u00fbt ce sera difficile d\u2019aller vers autre chose \u00bb.\" \/>\n<meta property=\"og:url\" content=\"https:\/\/www.public.sn\/index.php\/2024\/07\/16\/equipe-nationale-me-augustin-senghor-a-propose-une-prolongation-daliou-cisse\/\" \/>\n<meta property=\"og:site_name\" content=\"LE PUBLIC\" \/>\n<meta property=\"article:published_time\" content=\"2024-07-16T13:50:30+00:00\" \/>\n<meta property=\"og:image\" content=\"https:\/\/www.public.sn\/wp-content\/uploads\/2024\/07\/images-5.jpeg\" \/>\n\t<meta property=\"og:image:width\" content=\"224\" \/>\n\t<meta property=\"og:image:height\" content=\"225\" \/>\n\t<meta property=\"og:image:type\" content=\"image\/jpeg\" \/>\n<meta name=\"author\" content=\"Baye Amath THIAM\" \/>\n<meta name=\"twitter:card\" content=\"summary_large_image\" \/>\n<meta name=\"twitter:label1\" content=\"\u00c9crit par\" \/>\n\t<meta name=\"twitter:data1\" content=\"Baye Amath THIAM\" \/>\n\t<meta name=\"twitter:label2\" content=\"Dur\u00e9e de lecture estim\u00e9e\" \/>\n\t<meta name=\"twitter:data2\" content=\"1 minute\" \/>\n<script type=\"application\/ld+json\" class=\"yoast-schema-graph\">{\"@context\":\"https:\/\/schema.org\",\"@graph\":[{\"@type\":\"Article\",\"@id\":\"https:\/\/www.public.sn\/index.php\/2024\/07\/16\/equipe-nationale-me-augustin-senghor-a-propose-une-prolongation-daliou-cisse\/#article\",\"isPartOf\":{\"@id\":\"https:\/\/www.public.sn\/index.php\/2024\/07\/16\/equipe-nationale-me-augustin-senghor-a-propose-une-prolongation-daliou-cisse\/\"},\"author\":{\"name\":\"Baye Amath THIAM\",\"@id\":\"https:\/\/www.public.sn\/#\/schema\/person\/f77cd9ce05d8fb925eb038378ee6899d\"},\"headline\":\"Equipe nationale: Me Augustin Senghor a propos\u00e9 une prolongation d&rsquo;Aliou Ciss\u00e9&#8230;\",\"datePublished\":\"2024-07-16T13:50:30+00:00\",\"mainEntityOfPage\":{\"@id\":\"https:\/\/www.public.sn\/index.php\/2024\/07\/16\/equipe-nationale-me-augustin-senghor-a-propose-une-prolongation-daliou-cisse\/\"},\"wordCount\":235,\"commentCount\":0,\"publisher\":{\"@id\":\"https:\/\/www.public.sn\/#organization\"},\"image\":{\"@id\":\"https:\/\/www.public.sn\/index.php\/2024\/07\/16\/equipe-nationale-me-augustin-senghor-a-propose-une-prolongation-daliou-cisse\/#primaryimage\"},\"thumbnailUrl\":\"https:\/\/www.public.sn\/wp-content\/uploads\/2024\/07\/images-5.jpeg\",\"keywords\":[\"Aliou Ciss\u00e9\",\"Can\",\"equipe nationale\",\"Galaxie Sports\",\"Me Augustin Senghor\",\"prolongation d\u2019un an et demi du contrat d\u2019Aliou Ciss\u00e9\"],\"articleSection\":[\"ACTUALIT\u00c9S\",\"AFRIQUE &amp; MONDE\",\"FOOTBALL\",\"internationale\",\"M\u00c9DIAS\",\"S\u00c9N\u00c9GAL\",\"SPORTS\"],\"inLanguage\":\"fr-FR\",\"potentialAction\":[{\"@type\":\"CommentAction\",\"name\":\"Comment\",\"target\":[\"https:\/\/www.public.sn\/index.php\/2024\/07\/16\/equipe-nationale-me-augustin-senghor-a-propose-une-prolongation-daliou-cisse\/#respond\"]}]},{\"@type\":\"WebPage\",\"@id\":\"https:\/\/www.public.sn\/index.php\/2024\/07\/16\/equipe-nationale-me-augustin-senghor-a-propose-une-prolongation-daliou-cisse\/\",\"url\":\"https:\/\/www.public.sn\/index.php\/2024\/07\/16\/equipe-nationale-me-augustin-senghor-a-propose-une-prolongation-daliou-cisse\/\",\"name\":\"Equipe nationale: Me Augustin Senghor a propos\u00e9 une prolongation d'Aliou Ciss\u00e9... - LE PUBLIC\",\"isPartOf\":{\"@id\":\"https:\/\/www.public.sn\/#website\"},\"primaryImageOfPage\":{\"@id\":\"https:\/\/www.public.sn\/index.php\/2024\/07\/16\/equipe-nationale-me-augustin-senghor-a-propose-une-prolongation-daliou-cisse\/#primaryimage\"},\"image\":{\"@id\":\"https:\/\/www.public.sn\/index.php\/2024\/07\/16\/equipe-nationale-me-augustin-senghor-a-propose-une-prolongation-daliou-cisse\/#primaryimage\"},\"thumbnailUrl\":\"https:\/\/www.public.sn\/wp-content\/uploads\/2024\/07\/images-5.jpeg\",\"datePublished\":\"2024-07-16T13:50:30+00:00\",\"breadcrumb\":{\"@id\":\"https:\/\/www.public.sn\/index.php\/2024\/07\/16\/equipe-nationale-me-augustin-senghor-a-propose-une-prolongation-daliou-cisse\/#breadcrumb\"},\"inLanguage\":\"fr-FR\",\"potentialAction\":[{\"@type\":\"ReadAction\",\"target\":[\"https:\/\/www.public.sn\/index.php\/2024\/07\/16\/equipe-nationale-me-augustin-senghor-a-propose-une-prolongation-daliou-cisse\/\"]}]},{\"@type\":\"ImageObject\",\"inLanguage\":\"fr-FR\",\"@id\":\"https:\/\/www.public.sn\/index.php\/2024\/07\/16\/equipe-nationale-me-augustin-senghor-a-propose-une-prolongation-daliou-cisse\/#primaryimage\",\"url\":\"https:\/\/www.public.sn\/wp-content\/uploads\/2024\/07\/images-5.jpeg\",\"contentUrl\":\"https:\/\/www.public.sn\/wp-content\/uploads\/2024\/07\/images-5.jpeg\",\"width\":224,\"height\":225},{\"@type\":\"BreadcrumbList\",\"@id\":\"https:\/\/www.public.sn\/index.php\/2024\/07\/16\/equipe-nationale-me-augustin-senghor-a-propose-une-prolongation-daliou-cisse\/#breadcrumb\",\"itemListElement\":[{\"@type\":\"ListItem\",\"position\":1,\"name\":\"Accueil\",\"item\":\"https:\/\/www.public.sn\/\"},{\"@type\":\"ListItem\",\"position\":2,\"name\":\"Equipe nationale: Me Augustin Senghor a propos\u00e9 une prolongation d&rsquo;Aliou Ciss\u00e9&#8230;\"}]},{\"@type\":\"WebSite\",\"@id\":\"https:\/\/www.public.sn\/#website\",\"url\":\"https:\/\/www.public.sn\/\",\"name\":\"LE PUBLIC\",\"description\":\"\",\"publisher\":{\"@id\":\"https:\/\/www.public.sn\/#organization\"},\"potentialAction\":[{\"@type\":\"SearchAction\",\"target\":{\"@type\":\"EntryPoint\",\"urlTemplate\":\"https:\/\/www.public.sn\/?s={search_term_string}\"},\"query-input\":{\"@type\":\"PropertyValueSpecification\",\"valueRequired\":true,\"valueName\":\"search_term_string\"}}],\"inLanguage\":\"fr-FR\"},{\"@type\":\"Organization\",\"@id\":\"https:\/\/www.public.sn\/#organization\",\"name\":\"LE PUBLIC\",\"url\":\"https:\/\/www.public.sn\/\",\"logo\":{\"@type\":\"ImageObject\",\"inLanguage\":\"fr-FR\",\"@id\":\"https:\/\/www.public.sn\/#\/schema\/logo\/image\/\",\"url\":\"https:\/\/www.public.sn\/wp-content\/uploads\/2024\/05\/cropped-LOGO-PUBLIC.SN_.png\",\"contentUrl\":\"https:\/\/www.public.sn\/wp-content\/uploads\/2024\/05\/cropped-LOGO-PUBLIC.SN_.png\",\"width\":682,\"height\":192,\"caption\":\"LE PUBLIC\"},\"image\":{\"@id\":\"https:\/\/www.public.sn\/#\/schema\/logo\/image\/\"}},{\"@type\":\"Person\",\"@id\":\"https:\/\/www.public.sn\/#\/schema\/person\/f77cd9ce05d8fb925eb038378ee6899d\",\"name\":\"Baye Amath THIAM\",\"image\":{\"@type\":\"ImageObject\",\"inLanguage\":\"fr-FR\",\"@id\":\"https:\/\/www.public.sn\/#\/schema\/person\/image\/\",\"url\":\"https:\/\/secure.gravatar.com\/avatar\/7eb863ef1336b6f8a2ad921469701e52f094a61c698fab02f5af742ed813612d?s=96&d=mm&r=g\",\"contentUrl\":\"https:\/\/secure.gravatar.com\/avatar\/7eb863ef1336b6f8a2ad921469701e52f094a61c698fab02f5af742ed813612d?s=96&d=mm&r=g\",\"caption\":\"Baye Amath THIAM\"},\"url\":\"https:\/\/www.public.sn\/index.php\/author\/thiamba24\/\"}]}<\/script>\n<!-- \/ Yoast SEO plugin. -->","yoast_head_json":{"title":"Equipe nationale: Me Augustin Senghor a propos\u00e9 une prolongation d'Aliou Ciss\u00e9... - LE PUBLIC","robots":{"index":"index","follow":"follow","max-snippet":"max-snippet:-1","max-image-preview":"max-image-preview:large","max-video-preview":"max-video-preview:-1"},"canonical":"https:\/\/www.public.sn\/index.php\/2024\/07\/16\/equipe-nationale-me-augustin-senghor-a-propose-une-prolongation-daliou-cisse\/","og_locale":"fr_FR","og_type":"article","og_title":"Equipe nationale: Me Augustin Senghor a propos\u00e9 une prolongation d'Aliou Ciss\u00e9... - LE PUBLIC","og_description":"Me Augustin Senghor a annonc\u00e9 que le Comit\u00e9 ex\u00e9cutif va proposer une prolongation d\u2019un an et demi du contrat d\u2019Aliou Ciss\u00e9 pour couvrir la prochaine CAN. Invit\u00e9 hier lundi de l&rsquo;\u00e9mission Galaxie Sports, le pr\u00e9sident de la f\u00e9d\u00e9ration S\u00e9n\u00e9galaise de Football a laiss\u00e9 entendre qu&rsquo;il souhaitait prolonger le coach Ciss\u00e9 au sein de l&rsquo;Equipe nationale. \u00ab \u00c0 la base, on devait le prolonger pour un an pour couvrir la prochaine CAN. Il se trouve que les al\u00e9as de programmation de l\u2019instance o\u00f9 je suis, la CAF, ont fait que maintenant la CAN est repouss\u00e9e en d\u00e9cembre et l\u2019id\u00e9e ce serait peut-\u00eatre de lui proposer un renouvellement d\u2019une ann\u00e9e et demi qui couvrirait la prochaine CAN o\u00f9 on pense qu\u2019il va nous mener aussi pour essayer de jouer le coup pour remporter sa deuxi\u00e8me coupe avec cette g\u00e9n\u00e9ration de joueurs \u00bb a-t&rsquo;il d\u00e9clar\u00e9 sur le plateau de la RTS. Toutefois, pr\u00e9cise-t-il, \u00ab c\u2019est l\u2019\u00c9tat qui prend en charge le salaire de l\u2019entra\u00eeneur. Donc il a son mot \u00e0 dire mais je pense qu\u2019ils nous suivront dans cel\u00e0 parce que, d\u00e9j\u00e0, on joue en septembre et le contrat finit en fin ao\u00fbt ce sera difficile d\u2019aller vers autre chose \u00bb.","og_url":"https:\/\/www.public.sn\/index.php\/2024\/07\/16\/equipe-nationale-me-augustin-senghor-a-propose-une-prolongation-daliou-cisse\/","og_site_name":"LE PUBLIC","article_published_time":"2024-07-16T13:50:30+00:00","og_image":[{"width":224,"height":225,"url":"https:\/\/www.public.sn\/wp-content\/uploads\/2024\/07\/images-5.jpeg","type":"image\/jpeg"}],"author":"Baye Amath THIAM","twitter_card":"summary_large_image","twitter_misc":{"\u00c9crit par":"Baye Amath THIAM","Dur\u00e9e de lecture estim\u00e9e":"1 minute"},"schema":{"@context":"https:\/\/schema.org","@graph":[{"@type":"Article","@id":"https:\/\/www.public.sn\/index.php\/2024\/07\/16\/equipe-nationale-me-augustin-senghor-a-propose-une-prolongation-daliou-cisse\/#article","isPartOf":{"@id":"https:\/\/www.public.sn\/index.php\/2024\/07\/16\/equipe-nationale-me-augustin-senghor-a-propose-une-prolongation-daliou-cisse\/"},"author":{"name":"Baye Amath THIAM","@id":"https:\/\/www.public.sn\/#\/schema\/person\/f77cd9ce05d8fb925eb038378ee6899d"},"headline":"Equipe nationale: Me Augustin Senghor a propos\u00e9 une prolongation d&rsquo;Aliou Ciss\u00e9&#8230;","datePublished":"2024-07-16T13:50:30+00:00","mainEntityOfPage":{"@id":"https:\/\/www.public.sn\/index.php\/2024\/07\/16\/equipe-nationale-me-augustin-senghor-a-propose-une-prolongation-daliou-cisse\/"},"wordCount":235,"commentCount":0,"publisher":{"@id":"https:\/\/www.public.sn\/#organization"},"image":{"@id":"https:\/\/www.public.sn\/index.php\/2024\/07\/16\/equipe-nationale-me-augustin-senghor-a-propose-une-prolongation-daliou-cisse\/#primaryimage"},"thumbnailUrl":"https:\/\/www.public.sn\/wp-content\/uploads\/2024\/07\/images-5.jpeg","keywords":["Aliou Ciss\u00e9","Can","equipe nationale","Galaxie Sports","Me Augustin Senghor","prolongation d\u2019un an et demi du contrat d\u2019Aliou Ciss\u00e9"],"articleSection":["ACTUALIT\u00c9S","AFRIQUE &amp; MONDE","FOOTBALL","internationale","M\u00c9DIAS","S\u00c9N\u00c9GAL","SPORTS"],"inLanguage":"fr-FR","potentialAction":[{"@type":"CommentAction","name":"Comment","target":["https:\/\/www.public.sn\/index.php\/2024\/07\/16\/equipe-nationale-me-augustin-senghor-a-propose-une-prolongation-daliou-cisse\/#respond"]}]},{"@type":"WebPage","@id":"https:\/\/www.public.sn\/index.php\/2024\/07\/16\/equipe-nationale-me-augustin-senghor-a-propose-une-prolongation-daliou-cisse\/","url":"https:\/\/www.public.sn\/index.php\/2024\/07\/16\/equipe-nationale-me-augustin-senghor-a-propose-une-prolongation-daliou-cisse\/","name":"Equipe nationale: Me Augustin Senghor a propos\u00e9 une prolongation d'Aliou Ciss\u00e9... - LE PUBLIC","isPartOf":{"@id":"https:\/\/www.public.sn\/#website"},"primaryImageOfPage":{"@id":"https:\/\/www.public.sn\/index.php\/2024\/07\/16\/equipe-nationale-me-augustin-senghor-a-propose-une-prolongation-daliou-cisse\/#primaryimage"},"image":{"@id":"https:\/\/www.public.sn\/index.php\/2024\/07\/16\/equipe-nationale-me-augustin-senghor-a-propose-une-prolongation-daliou-cisse\/#primaryimage"},"thumbnailUrl":"https:\/\/www.public.sn\/wp-content\/uploads\/2024\/07\/images-5.jpeg","datePublished":"2024-07-16T13:50:30+00:00","breadcrumb":{"@id":"https:\/\/www.public.sn\/index.php\/2024\/07\/16\/equipe-nationale-me-augustin-senghor-a-propose-une-prolongation-daliou-cisse\/#breadcrumb"},"inLanguage":"fr-FR","potentialAction":[{"@type":"ReadAction","target":["https:\/\/www.public.sn\/index.php\/2024\/07\/16\/equipe-nationale-me-augustin-senghor-a-propose-une-prolongation-daliou-cisse\/"]}]},{"@type":"ImageObject","inLanguage":"fr-FR","@id":"https:\/\/www.public.sn\/index.php\/2024\/07\/16\/equipe-nationale-me-augustin-senghor-a-propose-une-prolongation-daliou-cisse\/#primaryimage","url":"https:\/\/www.public.sn\/wp-content\/uploads\/2024\/07\/images-5.jpeg","contentUrl":"https:\/\/www.public.sn\/wp-content\/uploads\/2024\/07\/images-5.jpeg","width":224,"height":225},{"@type":"BreadcrumbList","@id":"https:\/\/www.public.sn\/index.php\/2024\/07\/16\/equipe-nationale-me-augustin-senghor-a-propose-une-prolongation-daliou-cisse\/#breadcrumb","itemListElement":[{"@type":"ListItem","position":1,"name":"Accueil","item":"https:\/\/www.public.sn\/"},{"@type":"ListItem","position":2,"name":"Equipe nationale: Me Augustin Senghor a propos\u00e9 une prolongation d&rsquo;Aliou Ciss\u00e9&#8230;"}]},{"@type":"WebSite","@id":"https:\/\/www.public.sn\/#website","url":"https:\/\/www.public.sn\/","name":"LE PUBLIC","description":"","publisher":{"@id":"https:\/\/www.public.sn\/#organization"},"potentialAction":[{"@type":"SearchAction","target":{"@type":"EntryPoint","urlTemplate":"https:\/\/www.public.sn\/?s={search_term_string}"},"query-input":{"@type":"PropertyValueSpecification","valueRequired":true,"valueName":"search_term_string"}}],"inLanguage":"fr-FR"},{"@type":"Organization","@id":"https:\/\/www.public.sn\/#organization","name":"LE PUBLIC","url":"https:\/\/www.public.sn\/","logo":{"@type":"ImageObject","inLanguage":"fr-FR","@id":"https:\/\/www.public.sn\/#\/schema\/logo\/image\/","url":"https:\/\/www.public.sn\/wp-content\/uploads\/2024\/05\/cropped-LOGO-PUBLIC.SN_.png","contentUrl":"https:\/\/www.public.sn\/wp-content\/uploads\/2024\/05\/cropped-LOGO-PUBLIC.SN_.png","width":682,"height":192,"caption":"LE PUBLIC"},"image":{"@id":"https:\/\/www.public.sn\/#\/schema\/logo\/image\/"}},{"@type":"Person","@id":"https:\/\/www.public.sn\/#\/schema\/person\/f77cd9ce05d8fb925eb038378ee6899d","name":"Baye Amath THIAM","image":{"@type":"ImageObject","inLanguage":"fr-FR","@id":"https:\/\/www.public.sn\/#\/schema\/person\/image\/","url":"https:\/\/secure.gravatar.com\/avatar\/7eb863ef1336b6f8a2ad921469701e52f094a61c698fab02f5af742ed813612d?s=96&d=mm&r=g","contentUrl":"https:\/\/secure.gravatar.com\/avatar\/7eb863ef1336b6f8a2ad921469701e52f094a61c698fab02f5af742ed813612d?s=96&d=mm&r=g","caption":"Baye Amath THIAM"},"url":"https:\/\/www.public.sn\/index.php\/author\/thiamba24\/"}]}},"jetpack_featured_media_url":"https:\/\/www.public.sn\/wp-content\/uploads\/2024\/07\/images-5.jpeg","jetpack_sharing_enabled":true,"_links":{"self":[{"href":"https:\/\/www.public.sn\/index.php\/wp-json\/wp\/v2\/posts\/34339","targetHints":{"allow":["GET"]}}],"collection":[{"href":"https:\/\/www.public.sn\/index.php\/wp-json\/wp\/v2\/posts"}],"about":[{"href":"https:\/\/www.public.sn\/index.php\/wp-json\/wp\/v2\/types\/post"}],"author":[{"embeddable":true,"href":"https:\/\/www.public.sn\/index.php\/wp-json\/wp\/v2\/users\/15"}],"replies":[{"embeddable":true,"href":"https:\/\/www.public.sn\/index.php\/wp-json\/wp\/v2\/comments?post=34339"}],"version-history":[{"count":1,"href":"https:\/\/www.public.sn\/index.php\/wp-json\/wp\/v2\/posts\/34339\/revisions"}],"predecessor-version":[{"id":34342,"href":"https:\/\/www.public.sn\/index.php\/wp-json\/wp\/v2\/posts\/34339\/revisions\/34342"}],"wp:featuredmedia":[{"embeddable":true,"href":"https:\/\/www.public.sn\/index.php\/wp-json\/wp\/v2\/media\/34341"}],"wp:attachment":[{"href":"https:\/\/www.public.sn\/index.php\/wp-json\/wp\/v2\/media?parent=34339"}],"wp:term":[{"taxonomy":"category","embeddable":true,"href":"https:\/\/www.public.sn\/index.php\/wp-json\/wp\/v2\/categories?post=34339"},{"taxonomy":"post_tag","embeddable":true,"href":"https:\/\/www.public.sn\/index.php\/wp-json\/wp\/v2\/tags?post=34339"}],"curies":[{"name":"wp","href":"https:\/\/api.w.org\/{rel}","templated":true}]}}