{"id":34347,"date":"2024-07-16T15:53:13","date_gmt":"2024-07-16T15:53:13","guid":{"rendered":"https:\/\/www.public.sn\/?p=34347"},"modified":"2024-07-16T15:53:13","modified_gmt":"2024-07-16T15:53:13","slug":"fsf-me-augustin-senghor-candidat-a-sa-propre-succession","status":"publish","type":"post","link":"https:\/\/www.public.sn\/index.php\/2024\/07\/16\/fsf-me-augustin-senghor-candidat-a-sa-propre-succession\/","title":{"rendered":"FSF: Me Augustin Senghor candidat \u00e0 sa propre succession&#8230;"},"content":{"rendered":"<p>Lors de son intervention sur le plateau de Galaxie Sports sur la RTS1, Me Augustin Senghor, pr\u00e9sident de la F\u00e9d\u00e9ration s\u00e9n\u00e9galaise de Football (FSF), a abord\u00e9 hier lundi, sa potentielle candidature \u00e0 sa propre succession lors des prochaines \u00e9lections. <\/p><div class=\"publi-paragraphe1\" style=\"margin-top: 10px;margin-bottom: 10px;margin-left: auto;margin-right: auto;text-align: center;\" id=\"publi-2319622449\"><div class=\"publi-adlabel\">Publicit\u00e9<\/div><script async src=\"\/\/pagead2.googlesyndication.com\/pagead\/js\/adsbygoogle.js?client=ca-pub-4089586018074219\" crossorigin=\"anonymous\"><\/script><ins class=\"adsbygoogle\" style=\"display:block;\" data-ad-client=\"ca-pub-4089586018074219\" \ndata-ad-slot=\"2087940154\" \ndata-ad-format=\"auto\"><\/ins>\n<script> \n(adsbygoogle = window.adsbygoogle || []).push({}); \n<\/script>\n<\/div>\n<p>Me Senghor a annonc\u00e9 qu&rsquo;il prendrait officiellement position lors de l&rsquo;Assembl\u00e9e G\u00e9n\u00e9rale extraordinaire de la FSF pr\u00e9vue pour mars 2025. <\/p>\n<p>\u00ab Je me prononcerai sur ma candidature en mars 2025. Nous avons encore du temps, car l\u2019Assembl\u00e9e G\u00e9n\u00e9rale \u00e9lective est pr\u00e9vue en ao\u00fbt 2025. J\u2019ai la satisfaction d\u2019avoir tout gagn\u00e9 en tant que pr\u00e9sident de la F\u00e9d\u00e9ration. Mais nous n\u2019allons pas quitter et laisser le football sombrer. Ce sera dans une dynamique de continuit\u00e9 \u00bb, a-t-il soulign\u00e9.  <\/p>\n<p>\u00ab Je pr\u00e9cise qu\u2019aucun texte ne m\u2019interdit de me repr\u00e9senter. Il est hors de question que je me prononce sur cette question. Je le ferai au mois de mars 2025, lors de l\u2019Assembl\u00e9e G\u00e9n\u00e9rale extraordinaire \u00bb, a ajout\u00e9 le pr\u00e9sident de la FSF. <\/p>\n<div class=\"publi-apres-le-contenu\" style=\"margin-top: 10px;margin-bottom: 10px;margin-left: auto;margin-right: auto;text-align: center;\" id=\"publi-3987666989\"><div class=\"publi-adlabel\">Publicit\u00e9<\/div><script async src=\"\/\/pagead2.googlesyndication.com\/pagead\/js\/adsbygoogle.js?client=ca-pub-4089586018074219\" crossorigin=\"anonymous\"><\/script><ins class=\"adsbygoogle\" style=\"display:block;\" data-ad-client=\"ca-pub-4089586018074219\" \ndata-ad-slot=\"2087940154\" \ndata-ad-format=\"auto\"><\/ins>\n<script> \n(adsbygoogle = window.adsbygoogle || []).push({}); \n<\/script>\n<\/div>","protected":false},"excerpt":{"rendered":"<p>Lors de son intervention sur le plateau de Galaxie Sports sur la RTS1, Me Augustin Senghor, pr\u00e9sident de la F\u00e9d\u00e9ration s\u00e9n\u00e9galaise de Football (FSF), a abord\u00e9 hier lundi, sa potentielle candidature \u00e0 sa propre succession lors des prochaines \u00e9lections. Me Senghor a annonc\u00e9 qu&rsquo;il prendrait officiellement position lors de l&rsquo;Assembl\u00e9e G\u00e9n\u00e9rale extraordinaire de la FSF pr\u00e9vue pour mars 2025. \u00ab Je me prononcerai sur ma candidature en mars 2025. Nous avons encore du temps, car l\u2019Assembl\u00e9e G\u00e9n\u00e9rale \u00e9lective est pr\u00e9vue en ao\u00fbt 2025. J\u2019ai la satisfaction d\u2019avoir tout gagn\u00e9 en tant que pr\u00e9sident de la F\u00e9d\u00e9ration. Mais nous n\u2019allons pas quitter et laisser le football sombrer. Ce sera dans une dynamique de continuit\u00e9 \u00bb, a-t-il soulign\u00e9. \u00ab Je pr\u00e9cise qu\u2019aucun texte ne m\u2019interdit de me repr\u00e9senter. Il est hors de question que je me prononce sur cette question. Je le ferai au mois de mars 2025, lors de l\u2019Assembl\u00e9e G\u00e9n\u00e9rale extraordinaire \u00bb, a ajout\u00e9 le pr\u00e9sident de la FSF.<\/p>\n","protected":false},"author":15,"featured_media":34348,"comment_status":"open","ping_status":"open","sticky":false,"template":"","format":"standard","meta":{"_jetpack_memberships_contains_paid_content":false,"footnotes":""},"categories":[375,3412,1,7],"tags":[6839,651,5112,6838,6837],"class_list":["post-34347","post","type-post","status-publish","format-standard","has-post-thumbnail","hentry","category-actualites","category-football","category-non-classe","category-sport","tag-assemblee-generale-extraordinaire","tag-fsf","tag-me-augustin-senghor","tag-president-de-la-federation-senegalaise-de-football","tag-propre-succession","entry","has-media","owp-thumbs-layout-horizontal","owp-btn-normal","owp-tabs-layout-horizontal","has-no-thumbnails","has-product-nav"],"yoast_head":"<!-- This site is optimized with the Yoast SEO plugin v25.5 - https:\/\/yoast.com\/wordpress\/plugins\/seo\/ -->\n<title>FSF: Me Augustin Senghor candidat \u00e0 sa propre succession... - LE PUBLIC<\/title>\n<meta name=\"robots\" content=\"index, follow, max-snippet:-1, max-image-preview:large, max-video-preview:-1\" \/>\n<link rel=\"canonical\" href=\"https:\/\/www.public.sn\/index.php\/2024\/07\/16\/fsf-me-augustin-senghor-candidat-a-sa-propre-succession\/\" \/>\n<meta property=\"og:locale\" content=\"fr_FR\" \/>\n<meta property=\"og:type\" content=\"article\" \/>\n<meta property=\"og:title\" content=\"FSF: Me Augustin Senghor candidat \u00e0 sa propre succession... - LE PUBLIC\" \/>\n<meta property=\"og:description\" content=\"Lors de son intervention sur le plateau de Galaxie Sports sur la RTS1, Me Augustin Senghor, pr\u00e9sident de la F\u00e9d\u00e9ration s\u00e9n\u00e9galaise de Football (FSF), a abord\u00e9 hier lundi, sa potentielle candidature \u00e0 sa propre succession lors des prochaines \u00e9lections. Me Senghor a annonc\u00e9 qu&rsquo;il prendrait officiellement position lors de l&rsquo;Assembl\u00e9e G\u00e9n\u00e9rale extraordinaire de la FSF pr\u00e9vue pour mars 2025. \u00ab Je me prononcerai sur ma candidature en mars 2025. Nous avons encore du temps, car l\u2019Assembl\u00e9e G\u00e9n\u00e9rale \u00e9lective est pr\u00e9vue en ao\u00fbt 2025. J\u2019ai la satisfaction d\u2019avoir tout gagn\u00e9 en tant que pr\u00e9sident de la F\u00e9d\u00e9ration. Mais nous n\u2019allons pas quitter et laisser le football sombrer. Ce sera dans une dynamique de continuit\u00e9 \u00bb, a-t-il soulign\u00e9. \u00ab Je pr\u00e9cise qu\u2019aucun texte ne m\u2019interdit de me repr\u00e9senter. Il est hors de question que je me prononce sur cette question. Je le ferai au mois de mars 2025, lors de l\u2019Assembl\u00e9e G\u00e9n\u00e9rale extraordinaire \u00bb, a ajout\u00e9 le pr\u00e9sident de la FSF.\" \/>\n<meta property=\"og:url\" content=\"https:\/\/www.public.sn\/index.php\/2024\/07\/16\/fsf-me-augustin-senghor-candidat-a-sa-propre-succession\/\" \/>\n<meta property=\"og:site_name\" content=\"LE PUBLIC\" \/>\n<meta property=\"article:published_time\" content=\"2024-07-16T15:53:13+00:00\" \/>\n<meta property=\"og:image\" content=\"https:\/\/www.public.sn\/wp-content\/uploads\/2024\/07\/ME-SENGHOR.jpg\" \/>\n\t<meta property=\"og:image:width\" content=\"600\" \/>\n\t<meta property=\"og:image:height\" content=\"473\" \/>\n\t<meta property=\"og:image:type\" content=\"image\/jpeg\" \/>\n<meta name=\"author\" content=\"Baye Amath THIAM\" \/>\n<meta name=\"twitter:card\" content=\"summary_large_image\" \/>\n<meta name=\"twitter:label1\" content=\"\u00c9crit par\" \/>\n\t<meta name=\"twitter:data1\" content=\"Baye Amath THIAM\" \/>\n\t<meta name=\"twitter:label2\" content=\"Dur\u00e9e de lecture estim\u00e9e\" \/>\n\t<meta name=\"twitter:data2\" content=\"1 minute\" \/>\n<script type=\"application\/ld+json\" class=\"yoast-schema-graph\">{\"@context\":\"https:\/\/schema.org\",\"@graph\":[{\"@type\":\"Article\",\"@id\":\"https:\/\/www.public.sn\/index.php\/2024\/07\/16\/fsf-me-augustin-senghor-candidat-a-sa-propre-succession\/#article\",\"isPartOf\":{\"@id\":\"https:\/\/www.public.sn\/index.php\/2024\/07\/16\/fsf-me-augustin-senghor-candidat-a-sa-propre-succession\/\"},\"author\":{\"name\":\"Baye Amath THIAM\",\"@id\":\"https:\/\/www.public.sn\/#\/schema\/person\/f77cd9ce05d8fb925eb038378ee6899d\"},\"headline\":\"FSF: Me Augustin Senghor candidat \u00e0 sa propre succession&#8230;\",\"datePublished\":\"2024-07-16T15:53:13+00:00\",\"mainEntityOfPage\":{\"@id\":\"https:\/\/www.public.sn\/index.php\/2024\/07\/16\/fsf-me-augustin-senghor-candidat-a-sa-propre-succession\/\"},\"wordCount\":188,\"commentCount\":0,\"publisher\":{\"@id\":\"https:\/\/www.public.sn\/#organization\"},\"image\":{\"@id\":\"https:\/\/www.public.sn\/index.php\/2024\/07\/16\/fsf-me-augustin-senghor-candidat-a-sa-propre-succession\/#primaryimage\"},\"thumbnailUrl\":\"https:\/\/www.public.sn\/wp-content\/uploads\/2024\/07\/ME-SENGHOR.jpg\",\"keywords\":[\"Assembl\u00e9e G\u00e9n\u00e9rale extraordinaire\",\"FSF\",\"Me Augustin Senghor\",\"pr\u00e9sident de la F\u00e9d\u00e9ration s\u00e9n\u00e9galaise de Football\",\"propre succession\"],\"articleSection\":[\"ACTUALIT\u00c9S\",\"FOOTBALL\",\"S\u00c9N\u00c9GAL\",\"SPORTS\"],\"inLanguage\":\"fr-FR\",\"potentialAction\":[{\"@type\":\"CommentAction\",\"name\":\"Comment\",\"target\":[\"https:\/\/www.public.sn\/index.php\/2024\/07\/16\/fsf-me-augustin-senghor-candidat-a-sa-propre-succession\/#respond\"]}]},{\"@type\":\"WebPage\",\"@id\":\"https:\/\/www.public.sn\/index.php\/2024\/07\/16\/fsf-me-augustin-senghor-candidat-a-sa-propre-succession\/\",\"url\":\"https:\/\/www.public.sn\/index.php\/2024\/07\/16\/fsf-me-augustin-senghor-candidat-a-sa-propre-succession\/\",\"name\":\"FSF: Me Augustin Senghor candidat \u00e0 sa propre succession... - LE PUBLIC\",\"isPartOf\":{\"@id\":\"https:\/\/www.public.sn\/#website\"},\"primaryImageOfPage\":{\"@id\":\"https:\/\/www.public.sn\/index.php\/2024\/07\/16\/fsf-me-augustin-senghor-candidat-a-sa-propre-succession\/#primaryimage\"},\"image\":{\"@id\":\"https:\/\/www.public.sn\/index.php\/2024\/07\/16\/fsf-me-augustin-senghor-candidat-a-sa-propre-succession\/#primaryimage\"},\"thumbnailUrl\":\"https:\/\/www.public.sn\/wp-content\/uploads\/2024\/07\/ME-SENGHOR.jpg\",\"datePublished\":\"2024-07-16T15:53:13+00:00\",\"breadcrumb\":{\"@id\":\"https:\/\/www.public.sn\/index.php\/2024\/07\/16\/fsf-me-augustin-senghor-candidat-a-sa-propre-succession\/#breadcrumb\"},\"inLanguage\":\"fr-FR\",\"potentialAction\":[{\"@type\":\"ReadAction\",\"target\":[\"https:\/\/www.public.sn\/index.php\/2024\/07\/16\/fsf-me-augustin-senghor-candidat-a-sa-propre-succession\/\"]}]},{\"@type\":\"ImageObject\",\"inLanguage\":\"fr-FR\",\"@id\":\"https:\/\/www.public.sn\/index.php\/2024\/07\/16\/fsf-me-augustin-senghor-candidat-a-sa-propre-succession\/#primaryimage\",\"url\":\"https:\/\/www.public.sn\/wp-content\/uploads\/2024\/07\/ME-SENGHOR.jpg\",\"contentUrl\":\"https:\/\/www.public.sn\/wp-content\/uploads\/2024\/07\/ME-SENGHOR.jpg\",\"width\":600,\"height\":473},{\"@type\":\"BreadcrumbList\",\"@id\":\"https:\/\/www.public.sn\/index.php\/2024\/07\/16\/fsf-me-augustin-senghor-candidat-a-sa-propre-succession\/#breadcrumb\",\"itemListElement\":[{\"@type\":\"ListItem\",\"position\":1,\"name\":\"Accueil\",\"item\":\"https:\/\/www.public.sn\/\"},{\"@type\":\"ListItem\",\"position\":2,\"name\":\"FSF: Me Augustin Senghor candidat \u00e0 sa propre succession&#8230;\"}]},{\"@type\":\"WebSite\",\"@id\":\"https:\/\/www.public.sn\/#website\",\"url\":\"https:\/\/www.public.sn\/\",\"name\":\"LE PUBLIC\",\"description\":\"\",\"publisher\":{\"@id\":\"https:\/\/www.public.sn\/#organization\"},\"potentialAction\":[{\"@type\":\"SearchAction\",\"target\":{\"@type\":\"EntryPoint\",\"urlTemplate\":\"https:\/\/www.public.sn\/?s={search_term_string}\"},\"query-input\":{\"@type\":\"PropertyValueSpecification\",\"valueRequired\":true,\"valueName\":\"search_term_string\"}}],\"inLanguage\":\"fr-FR\"},{\"@type\":\"Organization\",\"@id\":\"https:\/\/www.public.sn\/#organization\",\"name\":\"LE PUBLIC\",\"url\":\"https:\/\/www.public.sn\/\",\"logo\":{\"@type\":\"ImageObject\",\"inLanguage\":\"fr-FR\",\"@id\":\"https:\/\/www.public.sn\/#\/schema\/logo\/image\/\",\"url\":\"https:\/\/www.public.sn\/wp-content\/uploads\/2024\/05\/cropped-LOGO-PUBLIC.SN_.png\",\"contentUrl\":\"https:\/\/www.public.sn\/wp-content\/uploads\/2024\/05\/cropped-LOGO-PUBLIC.SN_.png\",\"width\":682,\"height\":192,\"caption\":\"LE PUBLIC\"},\"image\":{\"@id\":\"https:\/\/www.public.sn\/#\/schema\/logo\/image\/\"}},{\"@type\":\"Person\",\"@id\":\"https:\/\/www.public.sn\/#\/schema\/person\/f77cd9ce05d8fb925eb038378ee6899d\",\"name\":\"Baye Amath THIAM\",\"image\":{\"@type\":\"ImageObject\",\"inLanguage\":\"fr-FR\",\"@id\":\"https:\/\/www.public.sn\/#\/schema\/person\/image\/\",\"url\":\"https:\/\/secure.gravatar.com\/avatar\/7eb863ef1336b6f8a2ad921469701e52f094a61c698fab02f5af742ed813612d?s=96&d=mm&r=g\",\"contentUrl\":\"https:\/\/secure.gravatar.com\/avatar\/7eb863ef1336b6f8a2ad921469701e52f094a61c698fab02f5af742ed813612d?s=96&d=mm&r=g\",\"caption\":\"Baye Amath THIAM\"},\"url\":\"https:\/\/www.public.sn\/index.php\/author\/thiamba24\/\"}]}<\/script>\n<!-- \/ Yoast SEO plugin. -->","yoast_head_json":{"title":"FSF: Me Augustin Senghor candidat \u00e0 sa propre succession... - LE PUBLIC","robots":{"index":"index","follow":"follow","max-snippet":"max-snippet:-1","max-image-preview":"max-image-preview:large","max-video-preview":"max-video-preview:-1"},"canonical":"https:\/\/www.public.sn\/index.php\/2024\/07\/16\/fsf-me-augustin-senghor-candidat-a-sa-propre-succession\/","og_locale":"fr_FR","og_type":"article","og_title":"FSF: Me Augustin Senghor candidat \u00e0 sa propre succession... - LE PUBLIC","og_description":"Lors de son intervention sur le plateau de Galaxie Sports sur la RTS1, Me Augustin Senghor, pr\u00e9sident de la F\u00e9d\u00e9ration s\u00e9n\u00e9galaise de Football (FSF), a abord\u00e9 hier lundi, sa potentielle candidature \u00e0 sa propre succession lors des prochaines \u00e9lections. Me Senghor a annonc\u00e9 qu&rsquo;il prendrait officiellement position lors de l&rsquo;Assembl\u00e9e G\u00e9n\u00e9rale extraordinaire de la FSF pr\u00e9vue pour mars 2025. \u00ab Je me prononcerai sur ma candidature en mars 2025. Nous avons encore du temps, car l\u2019Assembl\u00e9e G\u00e9n\u00e9rale \u00e9lective est pr\u00e9vue en ao\u00fbt 2025. J\u2019ai la satisfaction d\u2019avoir tout gagn\u00e9 en tant que pr\u00e9sident de la F\u00e9d\u00e9ration. Mais nous n\u2019allons pas quitter et laisser le football sombrer. Ce sera dans une dynamique de continuit\u00e9 \u00bb, a-t-il soulign\u00e9. \u00ab Je pr\u00e9cise qu\u2019aucun texte ne m\u2019interdit de me repr\u00e9senter. Il est hors de question que je me prononce sur cette question. Je le ferai au mois de mars 2025, lors de l\u2019Assembl\u00e9e G\u00e9n\u00e9rale extraordinaire \u00bb, a ajout\u00e9 le pr\u00e9sident de la FSF.","og_url":"https:\/\/www.public.sn\/index.php\/2024\/07\/16\/fsf-me-augustin-senghor-candidat-a-sa-propre-succession\/","og_site_name":"LE PUBLIC","article_published_time":"2024-07-16T15:53:13+00:00","og_image":[{"width":600,"height":473,"url":"https:\/\/www.public.sn\/wp-content\/uploads\/2024\/07\/ME-SENGHOR.jpg","type":"image\/jpeg"}],"author":"Baye Amath THIAM","twitter_card":"summary_large_image","twitter_misc":{"\u00c9crit par":"Baye Amath THIAM","Dur\u00e9e de lecture estim\u00e9e":"1 minute"},"schema":{"@context":"https:\/\/schema.org","@graph":[{"@type":"Article","@id":"https:\/\/www.public.sn\/index.php\/2024\/07\/16\/fsf-me-augustin-senghor-candidat-a-sa-propre-succession\/#article","isPartOf":{"@id":"https:\/\/www.public.sn\/index.php\/2024\/07\/16\/fsf-me-augustin-senghor-candidat-a-sa-propre-succession\/"},"author":{"name":"Baye Amath THIAM","@id":"https:\/\/www.public.sn\/#\/schema\/person\/f77cd9ce05d8fb925eb038378ee6899d"},"headline":"FSF: Me Augustin Senghor candidat \u00e0 sa propre succession&#8230;","datePublished":"2024-07-16T15:53:13+00:00","mainEntityOfPage":{"@id":"https:\/\/www.public.sn\/index.php\/2024\/07\/16\/fsf-me-augustin-senghor-candidat-a-sa-propre-succession\/"},"wordCount":188,"commentCount":0,"publisher":{"@id":"https:\/\/www.public.sn\/#organization"},"image":{"@id":"https:\/\/www.public.sn\/index.php\/2024\/07\/16\/fsf-me-augustin-senghor-candidat-a-sa-propre-succession\/#primaryimage"},"thumbnailUrl":"https:\/\/www.public.sn\/wp-content\/uploads\/2024\/07\/ME-SENGHOR.jpg","keywords":["Assembl\u00e9e G\u00e9n\u00e9rale extraordinaire","FSF","Me Augustin Senghor","pr\u00e9sident de la F\u00e9d\u00e9ration s\u00e9n\u00e9galaise de Football","propre succession"],"articleSection":["ACTUALIT\u00c9S","FOOTBALL","S\u00c9N\u00c9GAL","SPORTS"],"inLanguage":"fr-FR","potentialAction":[{"@type":"CommentAction","name":"Comment","target":["https:\/\/www.public.sn\/index.php\/2024\/07\/16\/fsf-me-augustin-senghor-candidat-a-sa-propre-succession\/#respond"]}]},{"@type":"WebPage","@id":"https:\/\/www.public.sn\/index.php\/2024\/07\/16\/fsf-me-augustin-senghor-candidat-a-sa-propre-succession\/","url":"https:\/\/www.public.sn\/index.php\/2024\/07\/16\/fsf-me-augustin-senghor-candidat-a-sa-propre-succession\/","name":"FSF: Me Augustin Senghor candidat \u00e0 sa propre succession... - LE PUBLIC","isPartOf":{"@id":"https:\/\/www.public.sn\/#website"},"primaryImageOfPage":{"@id":"https:\/\/www.public.sn\/index.php\/2024\/07\/16\/fsf-me-augustin-senghor-candidat-a-sa-propre-succession\/#primaryimage"},"image":{"@id":"https:\/\/www.public.sn\/index.php\/2024\/07\/16\/fsf-me-augustin-senghor-candidat-a-sa-propre-succession\/#primaryimage"},"thumbnailUrl":"https:\/\/www.public.sn\/wp-content\/uploads\/2024\/07\/ME-SENGHOR.jpg","datePublished":"2024-07-16T15:53:13+00:00","breadcrumb":{"@id":"https:\/\/www.public.sn\/index.php\/2024\/07\/16\/fsf-me-augustin-senghor-candidat-a-sa-propre-succession\/#breadcrumb"},"inLanguage":"fr-FR","potentialAction":[{"@type":"ReadAction","target":["https:\/\/www.public.sn\/index.php\/2024\/07\/16\/fsf-me-augustin-senghor-candidat-a-sa-propre-succession\/"]}]},{"@type":"ImageObject","inLanguage":"fr-FR","@id":"https:\/\/www.public.sn\/index.php\/2024\/07\/16\/fsf-me-augustin-senghor-candidat-a-sa-propre-succession\/#primaryimage","url":"https:\/\/www.public.sn\/wp-content\/uploads\/2024\/07\/ME-SENGHOR.jpg","contentUrl":"https:\/\/www.public.sn\/wp-content\/uploads\/2024\/07\/ME-SENGHOR.jpg","width":600,"height":473},{"@type":"BreadcrumbList","@id":"https:\/\/www.public.sn\/index.php\/2024\/07\/16\/fsf-me-augustin-senghor-candidat-a-sa-propre-succession\/#breadcrumb","itemListElement":[{"@type":"ListItem","position":1,"name":"Accueil","item":"https:\/\/www.public.sn\/"},{"@type":"ListItem","position":2,"name":"FSF: Me Augustin Senghor candidat \u00e0 sa propre succession&#8230;"}]},{"@type":"WebSite","@id":"https:\/\/www.public.sn\/#website","url":"https:\/\/www.public.sn\/","name":"LE PUBLIC","description":"","publisher":{"@id":"https:\/\/www.public.sn\/#organization"},"potentialAction":[{"@type":"SearchAction","target":{"@type":"EntryPoint","urlTemplate":"https:\/\/www.public.sn\/?s={search_term_string}"},"query-input":{"@type":"PropertyValueSpecification","valueRequired":true,"valueName":"search_term_string"}}],"inLanguage":"fr-FR"},{"@type":"Organization","@id":"https:\/\/www.public.sn\/#organization","name":"LE PUBLIC","url":"https:\/\/www.public.sn\/","logo":{"@type":"ImageObject","inLanguage":"fr-FR","@id":"https:\/\/www.public.sn\/#\/schema\/logo\/image\/","url":"https:\/\/www.public.sn\/wp-content\/uploads\/2024\/05\/cropped-LOGO-PUBLIC.SN_.png","contentUrl":"https:\/\/www.public.sn\/wp-content\/uploads\/2024\/05\/cropped-LOGO-PUBLIC.SN_.png","width":682,"height":192,"caption":"LE PUBLIC"},"image":{"@id":"https:\/\/www.public.sn\/#\/schema\/logo\/image\/"}},{"@type":"Person","@id":"https:\/\/www.public.sn\/#\/schema\/person\/f77cd9ce05d8fb925eb038378ee6899d","name":"Baye Amath THIAM","image":{"@type":"ImageObject","inLanguage":"fr-FR","@id":"https:\/\/www.public.sn\/#\/schema\/person\/image\/","url":"https:\/\/secure.gravatar.com\/avatar\/7eb863ef1336b6f8a2ad921469701e52f094a61c698fab02f5af742ed813612d?s=96&d=mm&r=g","contentUrl":"https:\/\/secure.gravatar.com\/avatar\/7eb863ef1336b6f8a2ad921469701e52f094a61c698fab02f5af742ed813612d?s=96&d=mm&r=g","caption":"Baye Amath THIAM"},"url":"https:\/\/www.public.sn\/index.php\/author\/thiamba24\/"}]}},"jetpack_featured_media_url":"https:\/\/www.public.sn\/wp-content\/uploads\/2024\/07\/ME-SENGHOR.jpg","jetpack_sharing_enabled":true,"_links":{"self":[{"href":"https:\/\/www.public.sn\/index.php\/wp-json\/wp\/v2\/posts\/34347","targetHints":{"allow":["GET"]}}],"collection":[{"href":"https:\/\/www.public.sn\/index.php\/wp-json\/wp\/v2\/posts"}],"about":[{"href":"https:\/\/www.public.sn\/index.php\/wp-json\/wp\/v2\/types\/post"}],"author":[{"embeddable":true,"href":"https:\/\/www.public.sn\/index.php\/wp-json\/wp\/v2\/users\/15"}],"replies":[{"embeddable":true,"href":"https:\/\/www.public.sn\/index.php\/wp-json\/wp\/v2\/comments?post=34347"}],"version-history":[{"count":1,"href":"https:\/\/www.public.sn\/index.php\/wp-json\/wp\/v2\/posts\/34347\/revisions"}],"predecessor-version":[{"id":34349,"href":"https:\/\/www.public.sn\/index.php\/wp-json\/wp\/v2\/posts\/34347\/revisions\/34349"}],"wp:featuredmedia":[{"embeddable":true,"href":"https:\/\/www.public.sn\/index.php\/wp-json\/wp\/v2\/media\/34348"}],"wp:attachment":[{"href":"https:\/\/www.public.sn\/index.php\/wp-json\/wp\/v2\/media?parent=34347"}],"wp:term":[{"taxonomy":"category","embeddable":true,"href":"https:\/\/www.public.sn\/index.php\/wp-json\/wp\/v2\/categories?post=34347"},{"taxonomy":"post_tag","embeddable":true,"href":"https:\/\/www.public.sn\/index.php\/wp-json\/wp\/v2\/tags?post=34347"}],"curies":[{"name":"wp","href":"https:\/\/api.w.org\/{rel}","templated":true}]}}