{"id":34353,"date":"2024-07-17T09:49:27","date_gmt":"2024-07-17T09:49:27","guid":{"rendered":"https:\/\/www.public.sn\/?p=34353"},"modified":"2024-07-17T09:49:27","modified_gmt":"2024-07-17T09:49:27","slug":"grande-mosquee-de-tivaouane-remise-des-cles-au-khalife-general-en-septembre","status":"publish","type":"post","link":"https:\/\/www.public.sn\/index.php\/2024\/07\/17\/grande-mosquee-de-tivaouane-remise-des-cles-au-khalife-general-en-septembre\/","title":{"rendered":"Grande Mosqu\u00e9e de Tivaouane : Remise des cl\u00e9s au Khalife g\u00e9n\u00e9ral en septembre"},"content":{"rendered":"<p>Le Premier ministre Ousmane Sonko a rencontr\u00e9, hier mardi, une d\u00e9l\u00e9gation de JAMA-ATOUN NOUR ASSOUNIYA, l\u2019association en charge de l\u2019ach\u00e8vement de la grande mosqu\u00e9e de Tivaouane.<\/p><div class=\"publi-paragraphe1\" style=\"margin-top: 10px;margin-bottom: 10px;margin-left: auto;margin-right: auto;text-align: center;\" id=\"publi-1250327043\"><div class=\"publi-adlabel\">Publicit\u00e9<\/div><script async src=\"\/\/pagead2.googlesyndication.com\/pagead\/js\/adsbygoogle.js?client=ca-pub-4089586018074219\" crossorigin=\"anonymous\"><\/script><ins class=\"adsbygoogle\" style=\"display:block;\" data-ad-client=\"ca-pub-4089586018074219\" \ndata-ad-slot=\"2087940154\" \ndata-ad-format=\"auto\"><\/ins>\n<script> \n(adsbygoogle = window.adsbygoogle || []).push({}); \n<\/script>\n<\/div>\n<p>Mouhamadou Makhtar Ciss\u00e9, pr\u00e9sident de l\u2019association, a inform\u00e9 le Premier ministre que les cl\u00e9s de la mosqu\u00e9e seront officiellement remises au Khalife G\u00e9n\u00e9ral des Tidianes en septembre, lors de la c\u00e9l\u00e9bration du Maouloud, tout en sollicitant  l\u2019appui de l\u2019\u00c9tat pour les derni\u00e8res finitions.<\/p>\n<p>Selon M. Ciss\u00e9, la mosqu\u00e9e de Tivaouane, b\u00e2tie sur une superficie de 2,6 hectares dont 1,3 hectare de b\u00e2ti, est la plus grande mosqu\u00e9e d\u2019Afrique au sud du Sahara. Cette ampleur n\u2019\u00e9tait pas pr\u00e9vue initialement ; c\u2019est durant la construction que la dimension impressionnante de la mosqu\u00e9e est apparue, gr\u00e2ce \u00e0 la conservation et \u00e0 l\u2019\u00e9largissement du site original choisi par Seydi El Hadj Malick Sy, puis \u00e9tendu par El Hadj Abdou Aziz Sy.<\/p>\n<p>La mosqu\u00e9e, \u00e9rig\u00e9e en 1904, a \u00e9t\u00e9 \u00e9largie en 1974, et a pris sa forme actuelle en 2021 dans le cadre de ce nouveau projet.<\/p>\n<p>\u00c0 ce jour, la construction a co\u00fbt\u00e9 20 milliards de FCFA. La banque a pr\u00e9financ\u00e9 5,5 milliards, et 13 milliards ont \u00e9t\u00e9 collect\u00e9s, dont 8 milliards des fid\u00e8les et 5 milliards des institutions. Il reste un d\u00e9ficit de 2,5 milliards pour finaliser les travaux.<\/p>\n<p>Mouhamadou M. Ciss\u00e9 a indiqu\u00e9 que, normalement en septembre, les cl\u00e9s de la mosqu\u00e9e seront remises au Khalife. Une date sera fix\u00e9e en accord avec l\u2019\u00c9tat pour l\u2019inauguration officielle, permettant au gouvernement de pr\u00e9parer l\u2019invitation des dignitaires de la sous-r\u00e9gion.<\/p>\n<div class=\"publi-apres-le-contenu\" style=\"margin-top: 10px;margin-bottom: 10px;margin-left: auto;margin-right: auto;text-align: center;\" id=\"publi-3368332318\"><div class=\"publi-adlabel\">Publicit\u00e9<\/div><script async src=\"\/\/pagead2.googlesyndication.com\/pagead\/js\/adsbygoogle.js?client=ca-pub-4089586018074219\" crossorigin=\"anonymous\"><\/script><ins class=\"adsbygoogle\" style=\"display:block;\" data-ad-client=\"ca-pub-4089586018074219\" \ndata-ad-slot=\"2087940154\" \ndata-ad-format=\"auto\"><\/ins>\n<script> \n(adsbygoogle = window.adsbygoogle || []).push({}); \n<\/script>\n<\/div>","protected":false},"excerpt":{"rendered":"<p>Le Premier ministre Ousmane Sonko a rencontr\u00e9, hier mardi, une d\u00e9l\u00e9gation de JAMA-ATOUN NOUR ASSOUNIYA, l\u2019association en charge de l\u2019ach\u00e8vement de la grande mosqu\u00e9e de Tivaouane. Mouhamadou Makhtar Ciss\u00e9, pr\u00e9sident de l\u2019association, a inform\u00e9 le Premier ministre que les cl\u00e9s de la mosqu\u00e9e seront officiellement remises au Khalife G\u00e9n\u00e9ral des Tidianes en septembre, lors de la c\u00e9l\u00e9bration du Maouloud, tout en sollicitant l\u2019appui de l\u2019\u00c9tat pour les derni\u00e8res finitions. Selon M. Ciss\u00e9, la mosqu\u00e9e de Tivaouane, b\u00e2tie sur une superficie de 2,6 hectares dont 1,3 hectare de b\u00e2ti, est la plus grande mosqu\u00e9e d\u2019Afrique au sud du Sahara. Cette ampleur n\u2019\u00e9tait pas pr\u00e9vue initialement ; c\u2019est durant la construction que la dimension impressionnante de la mosqu\u00e9e est apparue, gr\u00e2ce \u00e0 la conservation et \u00e0 l\u2019\u00e9largissement du site original choisi par Seydi El Hadj Malick Sy, puis \u00e9tendu par El Hadj Abdou Aziz Sy. La mosqu\u00e9e, \u00e9rig\u00e9e en 1904, a \u00e9t\u00e9 \u00e9largie en 1974, et a pris sa forme actuelle en 2021 dans le cadre de ce nouveau projet. \u00c0 ce jour, la construction a co\u00fbt\u00e9 20 milliards de FCFA. La banque a pr\u00e9financ\u00e9 5,5 milliards, et 13 milliards ont \u00e9t\u00e9 collect\u00e9s, dont 8 milliards des fid\u00e8les et 5 milliards des institutions. Il reste un d\u00e9ficit de 2,5 milliards pour finaliser les travaux. Mouhamadou M. Ciss\u00e9 a indiqu\u00e9 que, normalement en septembre, les cl\u00e9s de la mosqu\u00e9e seront remises au Khalife. Une date sera fix\u00e9e en accord avec l\u2019\u00c9tat pour l\u2019inauguration officielle, permettant au gouvernement de pr\u00e9parer l\u2019invitation des dignitaires de la sous-r\u00e9gion.<\/p>\n","protected":false},"author":15,"featured_media":34354,"comment_status":"open","ping_status":"open","sticky":false,"template":"","format":"standard","meta":{"_jetpack_memberships_contains_paid_content":false,"footnotes":""},"categories":[375,550,1575,373,4222,878,1,4],"tags":[6840,6843,6841,16,6844,6842],"class_list":["post-34353","post","type-post","status-publish","format-standard","has-post-thumbnail","hentry","category-actualites","category-afrique-monde","category-contributions","category-environnement","category-infrastructures","category-religion","category-non-classe","category-societe","tag-grande-mosquee-de-tivaouane","tag-jama-atoun-nour-assouniya","tag-khalife-general","tag-ousmane-sonko","tag-plus-grande-mosquee-dafrique-au-sud-du-sahara","tag-remise-des-cles","entry","has-media","owp-thumbs-layout-horizontal","owp-btn-normal","owp-tabs-layout-horizontal","has-no-thumbnails","has-product-nav"],"yoast_head":"<!-- This site is optimized with the Yoast SEO plugin v25.5 - https:\/\/yoast.com\/wordpress\/plugins\/seo\/ -->\n<title>Grande Mosqu\u00e9e de Tivaouane : Remise des cl\u00e9s au Khalife g\u00e9n\u00e9ral en septembre - LE PUBLIC<\/title>\n<meta name=\"robots\" content=\"index, follow, max-snippet:-1, max-image-preview:large, max-video-preview:-1\" \/>\n<link rel=\"canonical\" href=\"https:\/\/www.public.sn\/index.php\/2024\/07\/17\/grande-mosquee-de-tivaouane-remise-des-cles-au-khalife-general-en-septembre\/\" \/>\n<meta property=\"og:locale\" content=\"fr_FR\" \/>\n<meta property=\"og:type\" content=\"article\" \/>\n<meta property=\"og:title\" content=\"Grande Mosqu\u00e9e de Tivaouane : Remise des cl\u00e9s au Khalife g\u00e9n\u00e9ral en septembre - LE PUBLIC\" \/>\n<meta property=\"og:description\" content=\"Le Premier ministre Ousmane Sonko a rencontr\u00e9, hier mardi, une d\u00e9l\u00e9gation de JAMA-ATOUN NOUR ASSOUNIYA, l\u2019association en charge de l\u2019ach\u00e8vement de la grande mosqu\u00e9e de Tivaouane. Mouhamadou Makhtar Ciss\u00e9, pr\u00e9sident de l\u2019association, a inform\u00e9 le Premier ministre que les cl\u00e9s de la mosqu\u00e9e seront officiellement remises au Khalife G\u00e9n\u00e9ral des Tidianes en septembre, lors de la c\u00e9l\u00e9bration du Maouloud, tout en sollicitant l\u2019appui de l\u2019\u00c9tat pour les derni\u00e8res finitions. Selon M. Ciss\u00e9, la mosqu\u00e9e de Tivaouane, b\u00e2tie sur une superficie de 2,6 hectares dont 1,3 hectare de b\u00e2ti, est la plus grande mosqu\u00e9e d\u2019Afrique au sud du Sahara. Cette ampleur n\u2019\u00e9tait pas pr\u00e9vue initialement ; c\u2019est durant la construction que la dimension impressionnante de la mosqu\u00e9e est apparue, gr\u00e2ce \u00e0 la conservation et \u00e0 l\u2019\u00e9largissement du site original choisi par Seydi El Hadj Malick Sy, puis \u00e9tendu par El Hadj Abdou Aziz Sy. La mosqu\u00e9e, \u00e9rig\u00e9e en 1904, a \u00e9t\u00e9 \u00e9largie en 1974, et a pris sa forme actuelle en 2021 dans le cadre de ce nouveau projet. \u00c0 ce jour, la construction a co\u00fbt\u00e9 20 milliards de FCFA. La banque a pr\u00e9financ\u00e9 5,5 milliards, et 13 milliards ont \u00e9t\u00e9 collect\u00e9s, dont 8 milliards des fid\u00e8les et 5 milliards des institutions. Il reste un d\u00e9ficit de 2,5 milliards pour finaliser les travaux. Mouhamadou M. Ciss\u00e9 a indiqu\u00e9 que, normalement en septembre, les cl\u00e9s de la mosqu\u00e9e seront remises au Khalife. Une date sera fix\u00e9e en accord avec l\u2019\u00c9tat pour l\u2019inauguration officielle, permettant au gouvernement de pr\u00e9parer l\u2019invitation des dignitaires de la sous-r\u00e9gion.\" \/>\n<meta property=\"og:url\" content=\"https:\/\/www.public.sn\/index.php\/2024\/07\/17\/grande-mosquee-de-tivaouane-remise-des-cles-au-khalife-general-en-septembre\/\" \/>\n<meta property=\"og:site_name\" content=\"LE PUBLIC\" \/>\n<meta property=\"article:published_time\" content=\"2024-07-17T09:49:27+00:00\" \/>\n<meta property=\"og:image\" content=\"https:\/\/www.public.sn\/wp-content\/uploads\/2024\/07\/MOSQUEE-TIVAOUNE.jpg\" \/>\n\t<meta property=\"og:image:width\" content=\"600\" \/>\n\t<meta property=\"og:image:height\" content=\"331\" \/>\n\t<meta property=\"og:image:type\" content=\"image\/jpeg\" \/>\n<meta name=\"author\" content=\"Baye Amath THIAM\" \/>\n<meta name=\"twitter:card\" content=\"summary_large_image\" \/>\n<meta name=\"twitter:label1\" content=\"\u00c9crit par\" \/>\n\t<meta name=\"twitter:data1\" content=\"Baye Amath THIAM\" \/>\n\t<meta name=\"twitter:label2\" content=\"Dur\u00e9e de lecture estim\u00e9e\" \/>\n\t<meta name=\"twitter:data2\" content=\"1 minute\" \/>\n<script type=\"application\/ld+json\" class=\"yoast-schema-graph\">{\"@context\":\"https:\/\/schema.org\",\"@graph\":[{\"@type\":\"Article\",\"@id\":\"https:\/\/www.public.sn\/index.php\/2024\/07\/17\/grande-mosquee-de-tivaouane-remise-des-cles-au-khalife-general-en-septembre\/#article\",\"isPartOf\":{\"@id\":\"https:\/\/www.public.sn\/index.php\/2024\/07\/17\/grande-mosquee-de-tivaouane-remise-des-cles-au-khalife-general-en-septembre\/\"},\"author\":{\"name\":\"Baye Amath THIAM\",\"@id\":\"https:\/\/www.public.sn\/#\/schema\/person\/f77cd9ce05d8fb925eb038378ee6899d\"},\"headline\":\"Grande Mosqu\u00e9e de Tivaouane : Remise des cl\u00e9s au Khalife g\u00e9n\u00e9ral en septembre\",\"datePublished\":\"2024-07-17T09:49:27+00:00\",\"mainEntityOfPage\":{\"@id\":\"https:\/\/www.public.sn\/index.php\/2024\/07\/17\/grande-mosquee-de-tivaouane-remise-des-cles-au-khalife-general-en-septembre\/\"},\"wordCount\":296,\"commentCount\":0,\"publisher\":{\"@id\":\"https:\/\/www.public.sn\/#organization\"},\"image\":{\"@id\":\"https:\/\/www.public.sn\/index.php\/2024\/07\/17\/grande-mosquee-de-tivaouane-remise-des-cles-au-khalife-general-en-septembre\/#primaryimage\"},\"thumbnailUrl\":\"https:\/\/www.public.sn\/wp-content\/uploads\/2024\/07\/MOSQUEE-TIVAOUNE.jpg\",\"keywords\":[\"Grande Mosqu\u00e9e de Tivaouane\",\"JAMA-ATOUN NOUR ASSOUNIYA\",\"Khalife g\u00e9n\u00e9ral\",\"Ousmane Sonko\",\"plus grande mosqu\u00e9e d\u2019Afrique au sud du Sahara\",\"Remise des cl\u00e9s\"],\"articleSection\":[\"ACTUALIT\u00c9S\",\"AFRIQUE &amp; MONDE\",\"CONTRIBUTIONS\",\"ENVIRONNEMENT\",\"INFRASTRUCTURES\",\"RELIGION\",\"S\u00c9N\u00c9GAL\",\"SOCIETE\"],\"inLanguage\":\"fr-FR\",\"potentialAction\":[{\"@type\":\"CommentAction\",\"name\":\"Comment\",\"target\":[\"https:\/\/www.public.sn\/index.php\/2024\/07\/17\/grande-mosquee-de-tivaouane-remise-des-cles-au-khalife-general-en-septembre\/#respond\"]}]},{\"@type\":\"WebPage\",\"@id\":\"https:\/\/www.public.sn\/index.php\/2024\/07\/17\/grande-mosquee-de-tivaouane-remise-des-cles-au-khalife-general-en-septembre\/\",\"url\":\"https:\/\/www.public.sn\/index.php\/2024\/07\/17\/grande-mosquee-de-tivaouane-remise-des-cles-au-khalife-general-en-septembre\/\",\"name\":\"Grande Mosqu\u00e9e de Tivaouane : Remise des cl\u00e9s au Khalife g\u00e9n\u00e9ral en septembre - LE PUBLIC\",\"isPartOf\":{\"@id\":\"https:\/\/www.public.sn\/#website\"},\"primaryImageOfPage\":{\"@id\":\"https:\/\/www.public.sn\/index.php\/2024\/07\/17\/grande-mosquee-de-tivaouane-remise-des-cles-au-khalife-general-en-septembre\/#primaryimage\"},\"image\":{\"@id\":\"https:\/\/www.public.sn\/index.php\/2024\/07\/17\/grande-mosquee-de-tivaouane-remise-des-cles-au-khalife-general-en-septembre\/#primaryimage\"},\"thumbnailUrl\":\"https:\/\/www.public.sn\/wp-content\/uploads\/2024\/07\/MOSQUEE-TIVAOUNE.jpg\",\"datePublished\":\"2024-07-17T09:49:27+00:00\",\"breadcrumb\":{\"@id\":\"https:\/\/www.public.sn\/index.php\/2024\/07\/17\/grande-mosquee-de-tivaouane-remise-des-cles-au-khalife-general-en-septembre\/#breadcrumb\"},\"inLanguage\":\"fr-FR\",\"potentialAction\":[{\"@type\":\"ReadAction\",\"target\":[\"https:\/\/www.public.sn\/index.php\/2024\/07\/17\/grande-mosquee-de-tivaouane-remise-des-cles-au-khalife-general-en-septembre\/\"]}]},{\"@type\":\"ImageObject\",\"inLanguage\":\"fr-FR\",\"@id\":\"https:\/\/www.public.sn\/index.php\/2024\/07\/17\/grande-mosquee-de-tivaouane-remise-des-cles-au-khalife-general-en-septembre\/#primaryimage\",\"url\":\"https:\/\/www.public.sn\/wp-content\/uploads\/2024\/07\/MOSQUEE-TIVAOUNE.jpg\",\"contentUrl\":\"https:\/\/www.public.sn\/wp-content\/uploads\/2024\/07\/MOSQUEE-TIVAOUNE.jpg\",\"width\":600,\"height\":331},{\"@type\":\"BreadcrumbList\",\"@id\":\"https:\/\/www.public.sn\/index.php\/2024\/07\/17\/grande-mosquee-de-tivaouane-remise-des-cles-au-khalife-general-en-septembre\/#breadcrumb\",\"itemListElement\":[{\"@type\":\"ListItem\",\"position\":1,\"name\":\"Accueil\",\"item\":\"https:\/\/www.public.sn\/\"},{\"@type\":\"ListItem\",\"position\":2,\"name\":\"Grande Mosqu\u00e9e de Tivaouane : Remise des cl\u00e9s au Khalife g\u00e9n\u00e9ral en septembre\"}]},{\"@type\":\"WebSite\",\"@id\":\"https:\/\/www.public.sn\/#website\",\"url\":\"https:\/\/www.public.sn\/\",\"name\":\"LE PUBLIC\",\"description\":\"\",\"publisher\":{\"@id\":\"https:\/\/www.public.sn\/#organization\"},\"potentialAction\":[{\"@type\":\"SearchAction\",\"target\":{\"@type\":\"EntryPoint\",\"urlTemplate\":\"https:\/\/www.public.sn\/?s={search_term_string}\"},\"query-input\":{\"@type\":\"PropertyValueSpecification\",\"valueRequired\":true,\"valueName\":\"search_term_string\"}}],\"inLanguage\":\"fr-FR\"},{\"@type\":\"Organization\",\"@id\":\"https:\/\/www.public.sn\/#organization\",\"name\":\"LE PUBLIC\",\"url\":\"https:\/\/www.public.sn\/\",\"logo\":{\"@type\":\"ImageObject\",\"inLanguage\":\"fr-FR\",\"@id\":\"https:\/\/www.public.sn\/#\/schema\/logo\/image\/\",\"url\":\"https:\/\/www.public.sn\/wp-content\/uploads\/2024\/05\/cropped-LOGO-PUBLIC.SN_.png\",\"contentUrl\":\"https:\/\/www.public.sn\/wp-content\/uploads\/2024\/05\/cropped-LOGO-PUBLIC.SN_.png\",\"width\":682,\"height\":192,\"caption\":\"LE PUBLIC\"},\"image\":{\"@id\":\"https:\/\/www.public.sn\/#\/schema\/logo\/image\/\"}},{\"@type\":\"Person\",\"@id\":\"https:\/\/www.public.sn\/#\/schema\/person\/f77cd9ce05d8fb925eb038378ee6899d\",\"name\":\"Baye Amath THIAM\",\"image\":{\"@type\":\"ImageObject\",\"inLanguage\":\"fr-FR\",\"@id\":\"https:\/\/www.public.sn\/#\/schema\/person\/image\/\",\"url\":\"https:\/\/secure.gravatar.com\/avatar\/7eb863ef1336b6f8a2ad921469701e52f094a61c698fab02f5af742ed813612d?s=96&d=mm&r=g\",\"contentUrl\":\"https:\/\/secure.gravatar.com\/avatar\/7eb863ef1336b6f8a2ad921469701e52f094a61c698fab02f5af742ed813612d?s=96&d=mm&r=g\",\"caption\":\"Baye Amath THIAM\"},\"url\":\"https:\/\/www.public.sn\/index.php\/author\/thiamba24\/\"}]}<\/script>\n<!-- \/ Yoast SEO plugin. -->","yoast_head_json":{"title":"Grande Mosqu\u00e9e de Tivaouane : Remise des cl\u00e9s au Khalife g\u00e9n\u00e9ral en septembre - LE PUBLIC","robots":{"index":"index","follow":"follow","max-snippet":"max-snippet:-1","max-image-preview":"max-image-preview:large","max-video-preview":"max-video-preview:-1"},"canonical":"https:\/\/www.public.sn\/index.php\/2024\/07\/17\/grande-mosquee-de-tivaouane-remise-des-cles-au-khalife-general-en-septembre\/","og_locale":"fr_FR","og_type":"article","og_title":"Grande Mosqu\u00e9e de Tivaouane : Remise des cl\u00e9s au Khalife g\u00e9n\u00e9ral en septembre - LE PUBLIC","og_description":"Le Premier ministre Ousmane Sonko a rencontr\u00e9, hier mardi, une d\u00e9l\u00e9gation de JAMA-ATOUN NOUR ASSOUNIYA, l\u2019association en charge de l\u2019ach\u00e8vement de la grande mosqu\u00e9e de Tivaouane. Mouhamadou Makhtar Ciss\u00e9, pr\u00e9sident de l\u2019association, a inform\u00e9 le Premier ministre que les cl\u00e9s de la mosqu\u00e9e seront officiellement remises au Khalife G\u00e9n\u00e9ral des Tidianes en septembre, lors de la c\u00e9l\u00e9bration du Maouloud, tout en sollicitant l\u2019appui de l\u2019\u00c9tat pour les derni\u00e8res finitions. Selon M. Ciss\u00e9, la mosqu\u00e9e de Tivaouane, b\u00e2tie sur une superficie de 2,6 hectares dont 1,3 hectare de b\u00e2ti, est la plus grande mosqu\u00e9e d\u2019Afrique au sud du Sahara. Cette ampleur n\u2019\u00e9tait pas pr\u00e9vue initialement ; c\u2019est durant la construction que la dimension impressionnante de la mosqu\u00e9e est apparue, gr\u00e2ce \u00e0 la conservation et \u00e0 l\u2019\u00e9largissement du site original choisi par Seydi El Hadj Malick Sy, puis \u00e9tendu par El Hadj Abdou Aziz Sy. La mosqu\u00e9e, \u00e9rig\u00e9e en 1904, a \u00e9t\u00e9 \u00e9largie en 1974, et a pris sa forme actuelle en 2021 dans le cadre de ce nouveau projet. \u00c0 ce jour, la construction a co\u00fbt\u00e9 20 milliards de FCFA. La banque a pr\u00e9financ\u00e9 5,5 milliards, et 13 milliards ont \u00e9t\u00e9 collect\u00e9s, dont 8 milliards des fid\u00e8les et 5 milliards des institutions. Il reste un d\u00e9ficit de 2,5 milliards pour finaliser les travaux. Mouhamadou M. Ciss\u00e9 a indiqu\u00e9 que, normalement en septembre, les cl\u00e9s de la mosqu\u00e9e seront remises au Khalife. Une date sera fix\u00e9e en accord avec l\u2019\u00c9tat pour l\u2019inauguration officielle, permettant au gouvernement de pr\u00e9parer l\u2019invitation des dignitaires de la sous-r\u00e9gion.","og_url":"https:\/\/www.public.sn\/index.php\/2024\/07\/17\/grande-mosquee-de-tivaouane-remise-des-cles-au-khalife-general-en-septembre\/","og_site_name":"LE PUBLIC","article_published_time":"2024-07-17T09:49:27+00:00","og_image":[{"width":600,"height":331,"url":"https:\/\/www.public.sn\/wp-content\/uploads\/2024\/07\/MOSQUEE-TIVAOUNE.jpg","type":"image\/jpeg"}],"author":"Baye Amath THIAM","twitter_card":"summary_large_image","twitter_misc":{"\u00c9crit par":"Baye Amath THIAM","Dur\u00e9e de lecture estim\u00e9e":"1 minute"},"schema":{"@context":"https:\/\/schema.org","@graph":[{"@type":"Article","@id":"https:\/\/www.public.sn\/index.php\/2024\/07\/17\/grande-mosquee-de-tivaouane-remise-des-cles-au-khalife-general-en-septembre\/#article","isPartOf":{"@id":"https:\/\/www.public.sn\/index.php\/2024\/07\/17\/grande-mosquee-de-tivaouane-remise-des-cles-au-khalife-general-en-septembre\/"},"author":{"name":"Baye Amath THIAM","@id":"https:\/\/www.public.sn\/#\/schema\/person\/f77cd9ce05d8fb925eb038378ee6899d"},"headline":"Grande Mosqu\u00e9e de Tivaouane : Remise des cl\u00e9s au Khalife g\u00e9n\u00e9ral en septembre","datePublished":"2024-07-17T09:49:27+00:00","mainEntityOfPage":{"@id":"https:\/\/www.public.sn\/index.php\/2024\/07\/17\/grande-mosquee-de-tivaouane-remise-des-cles-au-khalife-general-en-septembre\/"},"wordCount":296,"commentCount":0,"publisher":{"@id":"https:\/\/www.public.sn\/#organization"},"image":{"@id":"https:\/\/www.public.sn\/index.php\/2024\/07\/17\/grande-mosquee-de-tivaouane-remise-des-cles-au-khalife-general-en-septembre\/#primaryimage"},"thumbnailUrl":"https:\/\/www.public.sn\/wp-content\/uploads\/2024\/07\/MOSQUEE-TIVAOUNE.jpg","keywords":["Grande Mosqu\u00e9e de Tivaouane","JAMA-ATOUN NOUR ASSOUNIYA","Khalife g\u00e9n\u00e9ral","Ousmane Sonko","plus grande mosqu\u00e9e d\u2019Afrique au sud du Sahara","Remise des cl\u00e9s"],"articleSection":["ACTUALIT\u00c9S","AFRIQUE &amp; MONDE","CONTRIBUTIONS","ENVIRONNEMENT","INFRASTRUCTURES","RELIGION","S\u00c9N\u00c9GAL","SOCIETE"],"inLanguage":"fr-FR","potentialAction":[{"@type":"CommentAction","name":"Comment","target":["https:\/\/www.public.sn\/index.php\/2024\/07\/17\/grande-mosquee-de-tivaouane-remise-des-cles-au-khalife-general-en-septembre\/#respond"]}]},{"@type":"WebPage","@id":"https:\/\/www.public.sn\/index.php\/2024\/07\/17\/grande-mosquee-de-tivaouane-remise-des-cles-au-khalife-general-en-septembre\/","url":"https:\/\/www.public.sn\/index.php\/2024\/07\/17\/grande-mosquee-de-tivaouane-remise-des-cles-au-khalife-general-en-septembre\/","name":"Grande Mosqu\u00e9e de Tivaouane : Remise des cl\u00e9s au Khalife g\u00e9n\u00e9ral en septembre - LE PUBLIC","isPartOf":{"@id":"https:\/\/www.public.sn\/#website"},"primaryImageOfPage":{"@id":"https:\/\/www.public.sn\/index.php\/2024\/07\/17\/grande-mosquee-de-tivaouane-remise-des-cles-au-khalife-general-en-septembre\/#primaryimage"},"image":{"@id":"https:\/\/www.public.sn\/index.php\/2024\/07\/17\/grande-mosquee-de-tivaouane-remise-des-cles-au-khalife-general-en-septembre\/#primaryimage"},"thumbnailUrl":"https:\/\/www.public.sn\/wp-content\/uploads\/2024\/07\/MOSQUEE-TIVAOUNE.jpg","datePublished":"2024-07-17T09:49:27+00:00","breadcrumb":{"@id":"https:\/\/www.public.sn\/index.php\/2024\/07\/17\/grande-mosquee-de-tivaouane-remise-des-cles-au-khalife-general-en-septembre\/#breadcrumb"},"inLanguage":"fr-FR","potentialAction":[{"@type":"ReadAction","target":["https:\/\/www.public.sn\/index.php\/2024\/07\/17\/grande-mosquee-de-tivaouane-remise-des-cles-au-khalife-general-en-septembre\/"]}]},{"@type":"ImageObject","inLanguage":"fr-FR","@id":"https:\/\/www.public.sn\/index.php\/2024\/07\/17\/grande-mosquee-de-tivaouane-remise-des-cles-au-khalife-general-en-septembre\/#primaryimage","url":"https:\/\/www.public.sn\/wp-content\/uploads\/2024\/07\/MOSQUEE-TIVAOUNE.jpg","contentUrl":"https:\/\/www.public.sn\/wp-content\/uploads\/2024\/07\/MOSQUEE-TIVAOUNE.jpg","width":600,"height":331},{"@type":"BreadcrumbList","@id":"https:\/\/www.public.sn\/index.php\/2024\/07\/17\/grande-mosquee-de-tivaouane-remise-des-cles-au-khalife-general-en-septembre\/#breadcrumb","itemListElement":[{"@type":"ListItem","position":1,"name":"Accueil","item":"https:\/\/www.public.sn\/"},{"@type":"ListItem","position":2,"name":"Grande Mosqu\u00e9e de Tivaouane : Remise des cl\u00e9s au Khalife g\u00e9n\u00e9ral en septembre"}]},{"@type":"WebSite","@id":"https:\/\/www.public.sn\/#website","url":"https:\/\/www.public.sn\/","name":"LE PUBLIC","description":"","publisher":{"@id":"https:\/\/www.public.sn\/#organization"},"potentialAction":[{"@type":"SearchAction","target":{"@type":"EntryPoint","urlTemplate":"https:\/\/www.public.sn\/?s={search_term_string}"},"query-input":{"@type":"PropertyValueSpecification","valueRequired":true,"valueName":"search_term_string"}}],"inLanguage":"fr-FR"},{"@type":"Organization","@id":"https:\/\/www.public.sn\/#organization","name":"LE PUBLIC","url":"https:\/\/www.public.sn\/","logo":{"@type":"ImageObject","inLanguage":"fr-FR","@id":"https:\/\/www.public.sn\/#\/schema\/logo\/image\/","url":"https:\/\/www.public.sn\/wp-content\/uploads\/2024\/05\/cropped-LOGO-PUBLIC.SN_.png","contentUrl":"https:\/\/www.public.sn\/wp-content\/uploads\/2024\/05\/cropped-LOGO-PUBLIC.SN_.png","width":682,"height":192,"caption":"LE PUBLIC"},"image":{"@id":"https:\/\/www.public.sn\/#\/schema\/logo\/image\/"}},{"@type":"Person","@id":"https:\/\/www.public.sn\/#\/schema\/person\/f77cd9ce05d8fb925eb038378ee6899d","name":"Baye Amath THIAM","image":{"@type":"ImageObject","inLanguage":"fr-FR","@id":"https:\/\/www.public.sn\/#\/schema\/person\/image\/","url":"https:\/\/secure.gravatar.com\/avatar\/7eb863ef1336b6f8a2ad921469701e52f094a61c698fab02f5af742ed813612d?s=96&d=mm&r=g","contentUrl":"https:\/\/secure.gravatar.com\/avatar\/7eb863ef1336b6f8a2ad921469701e52f094a61c698fab02f5af742ed813612d?s=96&d=mm&r=g","caption":"Baye Amath THIAM"},"url":"https:\/\/www.public.sn\/index.php\/author\/thiamba24\/"}]}},"jetpack_featured_media_url":"https:\/\/www.public.sn\/wp-content\/uploads\/2024\/07\/MOSQUEE-TIVAOUNE.jpg","jetpack_sharing_enabled":true,"_links":{"self":[{"href":"https:\/\/www.public.sn\/index.php\/wp-json\/wp\/v2\/posts\/34353","targetHints":{"allow":["GET"]}}],"collection":[{"href":"https:\/\/www.public.sn\/index.php\/wp-json\/wp\/v2\/posts"}],"about":[{"href":"https:\/\/www.public.sn\/index.php\/wp-json\/wp\/v2\/types\/post"}],"author":[{"embeddable":true,"href":"https:\/\/www.public.sn\/index.php\/wp-json\/wp\/v2\/users\/15"}],"replies":[{"embeddable":true,"href":"https:\/\/www.public.sn\/index.php\/wp-json\/wp\/v2\/comments?post=34353"}],"version-history":[{"count":1,"href":"https:\/\/www.public.sn\/index.php\/wp-json\/wp\/v2\/posts\/34353\/revisions"}],"predecessor-version":[{"id":34355,"href":"https:\/\/www.public.sn\/index.php\/wp-json\/wp\/v2\/posts\/34353\/revisions\/34355"}],"wp:featuredmedia":[{"embeddable":true,"href":"https:\/\/www.public.sn\/index.php\/wp-json\/wp\/v2\/media\/34354"}],"wp:attachment":[{"href":"https:\/\/www.public.sn\/index.php\/wp-json\/wp\/v2\/media?parent=34353"}],"wp:term":[{"taxonomy":"category","embeddable":true,"href":"https:\/\/www.public.sn\/index.php\/wp-json\/wp\/v2\/categories?post=34353"},{"taxonomy":"post_tag","embeddable":true,"href":"https:\/\/www.public.sn\/index.php\/wp-json\/wp\/v2\/tags?post=34353"}],"curies":[{"name":"wp","href":"https:\/\/api.w.org\/{rel}","templated":true}]}}