{"id":34424,"date":"2024-07-19T13:07:07","date_gmt":"2024-07-19T13:07:07","guid":{"rendered":"https:\/\/www.public.sn\/?p=34424"},"modified":"2024-07-19T13:07:07","modified_gmt":"2024-07-19T13:07:07","slug":"cherte-du-loyer-bassirou-diomaye-faye-prend-une-decision-importante","status":"publish","type":"post","link":"https:\/\/www.public.sn\/index.php\/2024\/07\/19\/cherte-du-loyer-bassirou-diomaye-faye-prend-une-decision-importante\/","title":{"rendered":"Chert\u00e9 du loyer : Bassirou Diomaye Faye prend une d\u00e9cision importante&#8230;"},"content":{"rendered":"<p>Lors d\u2019un entretien avec des m\u00e9dias nationaux samedi dernier, le Pr\u00e9sident de la R\u00e9publique, Bassirou Diomaye Faye, a annonc\u00e9 de nouvelles baisses de prix visant \u00e0 att\u00e9nuer la chert\u00e9 de la vie. Apr\u00e8s s\u2019\u00eatre attaqu\u00e9 aux denr\u00e9es alimentaires, le Chef de l\u2019\u00c9tat cible maintenant la question \u00e9pineuse du loyer, qui continue d\u2019augmenter malgr\u00e9 les tentatives de r\u00e9gulation entreprises par le pr\u00e9c\u00e9dent r\u00e9gime.<\/p><div class=\"publi-paragraphe1\" style=\"margin-top: 10px;margin-bottom: 10px;margin-left: auto;margin-right: auto;text-align: center;\" id=\"publi-2676738965\"><div class=\"publi-adlabel\">Publicit\u00e9<\/div><script async src=\"\/\/pagead2.googlesyndication.com\/pagead\/js\/adsbygoogle.js?client=ca-pub-4089586018074219\" crossorigin=\"anonymous\"><\/script><ins class=\"adsbygoogle\" style=\"display:block;\" data-ad-client=\"ca-pub-4089586018074219\" \ndata-ad-slot=\"2087940154\" \ndata-ad-format=\"auto\"><\/ins>\n<script> \n(adsbygoogle = window.adsbygoogle || []).push({}); \n<\/script>\n<\/div>\n<p>Lors du conseil des ministres de ce jeudi 18 juillet 2024, le Pr\u00e9sident Faye a \u00ab demand\u00e9 au Premier Ministre d\u2019engager, sans d\u00e9lai, une \u00e9valuation des dispositifs de r\u00e9gulation des co\u00fbts du loyer avec les ministres concern\u00e9s et les associations de consommateurs, en tenant compte des sp\u00e9cificit\u00e9s de chaque zone \u00bb. Il a rappel\u00e9 que \u00ab la gestion de la probl\u00e9matique des loyers et la construction de logements sociaux demeurent des urgences sociales \u00bb dans le cadre de la nouvelle politique de promotion de l\u2019acc\u00e8s au logement.<\/p>\n<p>\u00c0 cet effet, il a exig\u00e9 \u00ab un bilan exhaustif de l\u2019\u00e9tat d\u2019application de la loi de 2016-31 du 08 novembre 2016 portant orientation sur l\u2019habitat social, de la gestion des p\u00f4les urbains cr\u00e9\u00e9s, ainsi que des projets de construction de logements sociaux r\u00e9alis\u00e9s sur le territoire national \u00bb.<\/p>\n<p>Le communiqu\u00e9 du conseil des ministres pr\u00e9cise que le Pr\u00e9sident a indiqu\u00e9 au Ministre de l\u2019Urbanisme et au Secr\u00e9taire d\u2019\u00c9tat \u00e0 l\u2019Urbanisme et au Logement la n\u00e9cessit\u00e9 de renforcer la SICAP SA et la SN HLM dans leurs missions d\u2019int\u00e9r\u00eat public. Cela se fera \u00e0 travers l\u2019\u00e9tablissement d\u2019une nouvelle doctrine pragmatique de promotion du logement social, d\u00e9finie par l\u2019\u00c9tat sur la base d\u2019un contrat d\u2019objectifs et de moyens ambitieux, avec une approche territoriale renforc\u00e9e.<\/p>\n<p>Le Chef de l\u2019\u00c9tat a demand\u00e9 au Premier Ministre, Ousmane Sonko, de proposer \u00ab un Programme r\u00e9nov\u00e9 de d\u00e9veloppement des logements sociaux aux normes, int\u00e9grant des mesures fiscales, fonci\u00e8res et financi\u00e8res incitatives et durables pour faciliter l\u2019acc\u00e8s au logement et \u00e0 la propri\u00e9t\u00e9 fonci\u00e8re et immobili\u00e8re \u00bb. Il estime que cette r\u00e9orientation majeure de la politique du logement doit \u00ab favoriser la construction de logements d\u00e9cents et adapt\u00e9s \u00bb. Cela inclut la mise \u00e0 disposition transparente de terrains am\u00e9nag\u00e9s, selon des cahiers des charges rigoureux, et le renforcement des activit\u00e9s de la Soci\u00e9t\u00e9 d\u2019Am\u00e9nagement Foncier et de R\u00e9novation Urbaine (SAFRU).<\/p>\n<p>En outre, le Pr\u00e9sident a insist\u00e9 sur l\u2019urgence d\u2019acc\u00e9l\u00e9rer la r\u00e9alisation du cadastre universel et de promouvoir les coop\u00e9ratives d\u2019habitat afin de d\u00e9velopper la construction de nouveaux logements. Il a \u00e9galement invit\u00e9 le Premier Ministre \u00e0 \u00ab prendre toutes les mesures n\u00e9cessaires pour simplifier le processus d\u2019obtention du permis de construire \u00bb, afin de relancer les constructions de logements et optimiser les impacts positifs du secteur strat\u00e9gique du BTP sur l\u2019environnement des affaires et l\u2019emploi des jeunes.<\/p>\n<div class=\"publi-apres-le-contenu\" style=\"margin-top: 10px;margin-bottom: 10px;margin-left: auto;margin-right: auto;text-align: center;\" id=\"publi-1843892113\"><div class=\"publi-adlabel\">Publicit\u00e9<\/div><script async src=\"\/\/pagead2.googlesyndication.com\/pagead\/js\/adsbygoogle.js?client=ca-pub-4089586018074219\" crossorigin=\"anonymous\"><\/script><ins class=\"adsbygoogle\" style=\"display:block;\" data-ad-client=\"ca-pub-4089586018074219\" \ndata-ad-slot=\"2087940154\" \ndata-ad-format=\"auto\"><\/ins>\n<script> \n(adsbygoogle = window.adsbygoogle || []).push({}); \n<\/script>\n<\/div>","protected":false},"excerpt":{"rendered":"<p>Lors d\u2019un entretien avec des m\u00e9dias nationaux samedi dernier, le Pr\u00e9sident de la R\u00e9publique, Bassirou Diomaye Faye, a annonc\u00e9 de nouvelles baisses de prix visant \u00e0 att\u00e9nuer la chert\u00e9 de la vie. Apr\u00e8s s\u2019\u00eatre attaqu\u00e9 aux denr\u00e9es alimentaires, le Chef de l\u2019\u00c9tat cible maintenant la question \u00e9pineuse du loyer, qui continue d\u2019augmenter malgr\u00e9 les tentatives de r\u00e9gulation entreprises par le pr\u00e9c\u00e9dent r\u00e9gime. Lors du conseil des ministres de ce jeudi 18 juillet 2024, le Pr\u00e9sident Faye a \u00ab demand\u00e9 au Premier Ministre d\u2019engager, sans d\u00e9lai, une \u00e9valuation des dispositifs de r\u00e9gulation des co\u00fbts du loyer avec les ministres concern\u00e9s et les associations de consommateurs, en tenant compte des sp\u00e9cificit\u00e9s de chaque zone \u00bb. Il a rappel\u00e9 que \u00ab la gestion de la probl\u00e9matique des loyers et la construction de logements sociaux demeurent des urgences sociales \u00bb dans le cadre de la nouvelle politique de promotion de l\u2019acc\u00e8s au logement. \u00c0 cet effet, il a exig\u00e9 \u00ab un bilan exhaustif de l\u2019\u00e9tat d\u2019application de la loi de 2016-31 du 08 novembre 2016 portant orientation sur l\u2019habitat social, de la gestion des p\u00f4les urbains cr\u00e9\u00e9s, ainsi que des projets de construction de logements sociaux r\u00e9alis\u00e9s sur le territoire national \u00bb. Le communiqu\u00e9 du conseil des ministres pr\u00e9cise que le Pr\u00e9sident a indiqu\u00e9 au Ministre de l\u2019Urbanisme et au Secr\u00e9taire d\u2019\u00c9tat \u00e0 l\u2019Urbanisme et au Logement la n\u00e9cessit\u00e9 de renforcer la SICAP SA et la SN HLM dans leurs missions d\u2019int\u00e9r\u00eat public. Cela se fera \u00e0 travers l\u2019\u00e9tablissement d\u2019une nouvelle doctrine pragmatique de promotion du logement social, d\u00e9finie par l\u2019\u00c9tat sur la base d\u2019un contrat d\u2019objectifs et de moyens ambitieux, avec une approche territoriale renforc\u00e9e. Le Chef de l\u2019\u00c9tat a demand\u00e9 au Premier Ministre, Ousmane Sonko, de proposer \u00ab un Programme r\u00e9nov\u00e9 de d\u00e9veloppement des logements sociaux aux normes, int\u00e9grant des mesures fiscales, fonci\u00e8res et financi\u00e8res incitatives et durables pour faciliter l\u2019acc\u00e8s au logement et \u00e0 la propri\u00e9t\u00e9 fonci\u00e8re et immobili\u00e8re \u00bb. Il estime que cette r\u00e9orientation majeure de la politique du logement doit \u00ab favoriser la construction de logements d\u00e9cents et adapt\u00e9s \u00bb. Cela inclut la mise \u00e0 disposition transparente de terrains am\u00e9nag\u00e9s, selon des cahiers des charges rigoureux, et le renforcement des activit\u00e9s de la Soci\u00e9t\u00e9 d\u2019Am\u00e9nagement Foncier et de R\u00e9novation Urbaine (SAFRU). En outre, le Pr\u00e9sident a insist\u00e9 sur l\u2019urgence d\u2019acc\u00e9l\u00e9rer la r\u00e9alisation du cadastre universel et de promouvoir les coop\u00e9ratives d\u2019habitat afin de d\u00e9velopper la construction de nouveaux logements. Il a \u00e9galement invit\u00e9 le Premier Ministre \u00e0 \u00ab prendre toutes les mesures n\u00e9cessaires pour simplifier le processus d\u2019obtention du permis de construire \u00bb, afin de relancer les constructions de logements et optimiser les impacts positifs du secteur strat\u00e9gique du BTP sur l\u2019environnement des affaires et l\u2019emploi des jeunes.<\/p>\n","protected":false},"author":15,"featured_media":34425,"comment_status":"open","ping_status":"open","sticky":false,"template":"","format":"standard","meta":{"_jetpack_memberships_contains_paid_content":false,"footnotes":""},"categories":[375,1575,4222,3,1,4],"tags":[3678,1797,6895,6896,6897,6898,44],"class_list":["post-34424","post","type-post","status-publish","format-standard","has-post-thumbnail","hentry","category-actualites","category-contributions","category-infrastructures","category-politique","category-non-classe","category-societe","tag-bassirou-diomaye-faye","tag-cherte-de-la-vie","tag-cherte-du-loyer","tag-decision-importante","tag-entretien","tag-medias-nationaux","tag-premier-ministre","entry","has-media","owp-thumbs-layout-horizontal","owp-btn-normal","owp-tabs-layout-horizontal","has-no-thumbnails","has-product-nav"],"yoast_head":"<!-- This site is optimized with the Yoast SEO plugin v25.5 - https:\/\/yoast.com\/wordpress\/plugins\/seo\/ -->\n<title>Chert\u00e9 du loyer : Bassirou Diomaye Faye prend une d\u00e9cision importante... - LE PUBLIC<\/title>\n<meta name=\"robots\" content=\"index, follow, max-snippet:-1, max-image-preview:large, max-video-preview:-1\" \/>\n<link rel=\"canonical\" href=\"https:\/\/www.public.sn\/index.php\/2024\/07\/19\/cherte-du-loyer-bassirou-diomaye-faye-prend-une-decision-importante\/\" \/>\n<meta property=\"og:locale\" content=\"fr_FR\" \/>\n<meta property=\"og:type\" content=\"article\" \/>\n<meta property=\"og:title\" content=\"Chert\u00e9 du loyer : Bassirou Diomaye Faye prend une d\u00e9cision importante... - LE PUBLIC\" \/>\n<meta property=\"og:description\" content=\"Lors d\u2019un entretien avec des m\u00e9dias nationaux samedi dernier, le Pr\u00e9sident de la R\u00e9publique, Bassirou Diomaye Faye, a annonc\u00e9 de nouvelles baisses de prix visant \u00e0 att\u00e9nuer la chert\u00e9 de la vie. Apr\u00e8s s\u2019\u00eatre attaqu\u00e9 aux denr\u00e9es alimentaires, le Chef de l\u2019\u00c9tat cible maintenant la question \u00e9pineuse du loyer, qui continue d\u2019augmenter malgr\u00e9 les tentatives de r\u00e9gulation entreprises par le pr\u00e9c\u00e9dent r\u00e9gime. Lors du conseil des ministres de ce jeudi 18 juillet 2024, le Pr\u00e9sident Faye a \u00ab demand\u00e9 au Premier Ministre d\u2019engager, sans d\u00e9lai, une \u00e9valuation des dispositifs de r\u00e9gulation des co\u00fbts du loyer avec les ministres concern\u00e9s et les associations de consommateurs, en tenant compte des sp\u00e9cificit\u00e9s de chaque zone \u00bb. Il a rappel\u00e9 que \u00ab la gestion de la probl\u00e9matique des loyers et la construction de logements sociaux demeurent des urgences sociales \u00bb dans le cadre de la nouvelle politique de promotion de l\u2019acc\u00e8s au logement. \u00c0 cet effet, il a exig\u00e9 \u00ab un bilan exhaustif de l\u2019\u00e9tat d\u2019application de la loi de 2016-31 du 08 novembre 2016 portant orientation sur l\u2019habitat social, de la gestion des p\u00f4les urbains cr\u00e9\u00e9s, ainsi que des projets de construction de logements sociaux r\u00e9alis\u00e9s sur le territoire national \u00bb. Le communiqu\u00e9 du conseil des ministres pr\u00e9cise que le Pr\u00e9sident a indiqu\u00e9 au Ministre de l\u2019Urbanisme et au Secr\u00e9taire d\u2019\u00c9tat \u00e0 l\u2019Urbanisme et au Logement la n\u00e9cessit\u00e9 de renforcer la SICAP SA et la SN HLM dans leurs missions d\u2019int\u00e9r\u00eat public. Cela se fera \u00e0 travers l\u2019\u00e9tablissement d\u2019une nouvelle doctrine pragmatique de promotion du logement social, d\u00e9finie par l\u2019\u00c9tat sur la base d\u2019un contrat d\u2019objectifs et de moyens ambitieux, avec une approche territoriale renforc\u00e9e. Le Chef de l\u2019\u00c9tat a demand\u00e9 au Premier Ministre, Ousmane Sonko, de proposer \u00ab un Programme r\u00e9nov\u00e9 de d\u00e9veloppement des logements sociaux aux normes, int\u00e9grant des mesures fiscales, fonci\u00e8res et financi\u00e8res incitatives et durables pour faciliter l\u2019acc\u00e8s au logement et \u00e0 la propri\u00e9t\u00e9 fonci\u00e8re et immobili\u00e8re \u00bb. Il estime que cette r\u00e9orientation majeure de la politique du logement doit \u00ab favoriser la construction de logements d\u00e9cents et adapt\u00e9s \u00bb. Cela inclut la mise \u00e0 disposition transparente de terrains am\u00e9nag\u00e9s, selon des cahiers des charges rigoureux, et le renforcement des activit\u00e9s de la Soci\u00e9t\u00e9 d\u2019Am\u00e9nagement Foncier et de R\u00e9novation Urbaine (SAFRU). En outre, le Pr\u00e9sident a insist\u00e9 sur l\u2019urgence d\u2019acc\u00e9l\u00e9rer la r\u00e9alisation du cadastre universel et de promouvoir les coop\u00e9ratives d\u2019habitat afin de d\u00e9velopper la construction de nouveaux logements. Il a \u00e9galement invit\u00e9 le Premier Ministre \u00e0 \u00ab prendre toutes les mesures n\u00e9cessaires pour simplifier le processus d\u2019obtention du permis de construire \u00bb, afin de relancer les constructions de logements et optimiser les impacts positifs du secteur strat\u00e9gique du BTP sur l\u2019environnement des affaires et l\u2019emploi des jeunes.\" \/>\n<meta property=\"og:url\" content=\"https:\/\/www.public.sn\/index.php\/2024\/07\/19\/cherte-du-loyer-bassirou-diomaye-faye-prend-une-decision-importante\/\" \/>\n<meta property=\"og:site_name\" content=\"LE PUBLIC\" \/>\n<meta property=\"article:published_time\" content=\"2024-07-19T13:07:07+00:00\" \/>\n<meta property=\"og:image\" content=\"https:\/\/www.public.sn\/wp-content\/uploads\/2024\/07\/jad20240709-senegal-dissolution.jpg\" \/>\n\t<meta property=\"og:image:width\" content=\"1215\" \/>\n\t<meta property=\"og:image:height\" content=\"810\" \/>\n\t<meta property=\"og:image:type\" content=\"image\/jpeg\" \/>\n<meta name=\"author\" content=\"Baye Amath THIAM\" \/>\n<meta name=\"twitter:card\" content=\"summary_large_image\" \/>\n<meta name=\"twitter:label1\" content=\"\u00c9crit par\" \/>\n\t<meta name=\"twitter:data1\" content=\"Baye Amath THIAM\" \/>\n\t<meta name=\"twitter:label2\" content=\"Dur\u00e9e de lecture estim\u00e9e\" \/>\n\t<meta name=\"twitter:data2\" content=\"1 minute\" \/>\n<script type=\"application\/ld+json\" class=\"yoast-schema-graph\">{\"@context\":\"https:\/\/schema.org\",\"@graph\":[{\"@type\":\"Article\",\"@id\":\"https:\/\/www.public.sn\/index.php\/2024\/07\/19\/cherte-du-loyer-bassirou-diomaye-faye-prend-une-decision-importante\/#article\",\"isPartOf\":{\"@id\":\"https:\/\/www.public.sn\/index.php\/2024\/07\/19\/cherte-du-loyer-bassirou-diomaye-faye-prend-une-decision-importante\/\"},\"author\":{\"name\":\"Baye Amath THIAM\",\"@id\":\"https:\/\/www.public.sn\/#\/schema\/person\/f77cd9ce05d8fb925eb038378ee6899d\"},\"headline\":\"Chert\u00e9 du loyer : Bassirou Diomaye Faye prend une d\u00e9cision importante&#8230;\",\"datePublished\":\"2024-07-19T13:07:07+00:00\",\"mainEntityOfPage\":{\"@id\":\"https:\/\/www.public.sn\/index.php\/2024\/07\/19\/cherte-du-loyer-bassirou-diomaye-faye-prend-une-decision-importante\/\"},\"wordCount\":521,\"commentCount\":0,\"publisher\":{\"@id\":\"https:\/\/www.public.sn\/#organization\"},\"image\":{\"@id\":\"https:\/\/www.public.sn\/index.php\/2024\/07\/19\/cherte-du-loyer-bassirou-diomaye-faye-prend-une-decision-importante\/#primaryimage\"},\"thumbnailUrl\":\"https:\/\/www.public.sn\/wp-content\/uploads\/2024\/07\/jad20240709-senegal-dissolution.jpg\",\"keywords\":[\"bassirou diomaye faye\",\"cherte de la vie\",\"Chert\u00e9 du loyer\",\"d\u00e9cision importante\",\"entretien\",\"m\u00e9dias nationaux\",\"Premier Ministre\"],\"articleSection\":[\"ACTUALIT\u00c9S\",\"CONTRIBUTIONS\",\"INFRASTRUCTURES\",\"POLITIQUE\",\"S\u00c9N\u00c9GAL\",\"SOCIETE\"],\"inLanguage\":\"fr-FR\",\"potentialAction\":[{\"@type\":\"CommentAction\",\"name\":\"Comment\",\"target\":[\"https:\/\/www.public.sn\/index.php\/2024\/07\/19\/cherte-du-loyer-bassirou-diomaye-faye-prend-une-decision-importante\/#respond\"]}]},{\"@type\":\"WebPage\",\"@id\":\"https:\/\/www.public.sn\/index.php\/2024\/07\/19\/cherte-du-loyer-bassirou-diomaye-faye-prend-une-decision-importante\/\",\"url\":\"https:\/\/www.public.sn\/index.php\/2024\/07\/19\/cherte-du-loyer-bassirou-diomaye-faye-prend-une-decision-importante\/\",\"name\":\"Chert\u00e9 du loyer : Bassirou Diomaye Faye prend une d\u00e9cision importante... - LE PUBLIC\",\"isPartOf\":{\"@id\":\"https:\/\/www.public.sn\/#website\"},\"primaryImageOfPage\":{\"@id\":\"https:\/\/www.public.sn\/index.php\/2024\/07\/19\/cherte-du-loyer-bassirou-diomaye-faye-prend-une-decision-importante\/#primaryimage\"},\"image\":{\"@id\":\"https:\/\/www.public.sn\/index.php\/2024\/07\/19\/cherte-du-loyer-bassirou-diomaye-faye-prend-une-decision-importante\/#primaryimage\"},\"thumbnailUrl\":\"https:\/\/www.public.sn\/wp-content\/uploads\/2024\/07\/jad20240709-senegal-dissolution.jpg\",\"datePublished\":\"2024-07-19T13:07:07+00:00\",\"breadcrumb\":{\"@id\":\"https:\/\/www.public.sn\/index.php\/2024\/07\/19\/cherte-du-loyer-bassirou-diomaye-faye-prend-une-decision-importante\/#breadcrumb\"},\"inLanguage\":\"fr-FR\",\"potentialAction\":[{\"@type\":\"ReadAction\",\"target\":[\"https:\/\/www.public.sn\/index.php\/2024\/07\/19\/cherte-du-loyer-bassirou-diomaye-faye-prend-une-decision-importante\/\"]}]},{\"@type\":\"ImageObject\",\"inLanguage\":\"fr-FR\",\"@id\":\"https:\/\/www.public.sn\/index.php\/2024\/07\/19\/cherte-du-loyer-bassirou-diomaye-faye-prend-une-decision-importante\/#primaryimage\",\"url\":\"https:\/\/www.public.sn\/wp-content\/uploads\/2024\/07\/jad20240709-senegal-dissolution.jpg\",\"contentUrl\":\"https:\/\/www.public.sn\/wp-content\/uploads\/2024\/07\/jad20240709-senegal-dissolution.jpg\",\"width\":1215,\"height\":810},{\"@type\":\"BreadcrumbList\",\"@id\":\"https:\/\/www.public.sn\/index.php\/2024\/07\/19\/cherte-du-loyer-bassirou-diomaye-faye-prend-une-decision-importante\/#breadcrumb\",\"itemListElement\":[{\"@type\":\"ListItem\",\"position\":1,\"name\":\"Accueil\",\"item\":\"https:\/\/www.public.sn\/\"},{\"@type\":\"ListItem\",\"position\":2,\"name\":\"Chert\u00e9 du loyer : Bassirou Diomaye Faye prend une d\u00e9cision importante&#8230;\"}]},{\"@type\":\"WebSite\",\"@id\":\"https:\/\/www.public.sn\/#website\",\"url\":\"https:\/\/www.public.sn\/\",\"name\":\"LE PUBLIC\",\"description\":\"\",\"publisher\":{\"@id\":\"https:\/\/www.public.sn\/#organization\"},\"potentialAction\":[{\"@type\":\"SearchAction\",\"target\":{\"@type\":\"EntryPoint\",\"urlTemplate\":\"https:\/\/www.public.sn\/?s={search_term_string}\"},\"query-input\":{\"@type\":\"PropertyValueSpecification\",\"valueRequired\":true,\"valueName\":\"search_term_string\"}}],\"inLanguage\":\"fr-FR\"},{\"@type\":\"Organization\",\"@id\":\"https:\/\/www.public.sn\/#organization\",\"name\":\"LE PUBLIC\",\"url\":\"https:\/\/www.public.sn\/\",\"logo\":{\"@type\":\"ImageObject\",\"inLanguage\":\"fr-FR\",\"@id\":\"https:\/\/www.public.sn\/#\/schema\/logo\/image\/\",\"url\":\"https:\/\/www.public.sn\/wp-content\/uploads\/2024\/05\/cropped-LOGO-PUBLIC.SN_.png\",\"contentUrl\":\"https:\/\/www.public.sn\/wp-content\/uploads\/2024\/05\/cropped-LOGO-PUBLIC.SN_.png\",\"width\":682,\"height\":192,\"caption\":\"LE PUBLIC\"},\"image\":{\"@id\":\"https:\/\/www.public.sn\/#\/schema\/logo\/image\/\"}},{\"@type\":\"Person\",\"@id\":\"https:\/\/www.public.sn\/#\/schema\/person\/f77cd9ce05d8fb925eb038378ee6899d\",\"name\":\"Baye Amath THIAM\",\"image\":{\"@type\":\"ImageObject\",\"inLanguage\":\"fr-FR\",\"@id\":\"https:\/\/www.public.sn\/#\/schema\/person\/image\/\",\"url\":\"https:\/\/secure.gravatar.com\/avatar\/7eb863ef1336b6f8a2ad921469701e52f094a61c698fab02f5af742ed813612d?s=96&d=mm&r=g\",\"contentUrl\":\"https:\/\/secure.gravatar.com\/avatar\/7eb863ef1336b6f8a2ad921469701e52f094a61c698fab02f5af742ed813612d?s=96&d=mm&r=g\",\"caption\":\"Baye Amath THIAM\"},\"url\":\"https:\/\/www.public.sn\/index.php\/author\/thiamba24\/\"}]}<\/script>\n<!-- \/ Yoast SEO plugin. -->","yoast_head_json":{"title":"Chert\u00e9 du loyer : Bassirou Diomaye Faye prend une d\u00e9cision importante... - LE PUBLIC","robots":{"index":"index","follow":"follow","max-snippet":"max-snippet:-1","max-image-preview":"max-image-preview:large","max-video-preview":"max-video-preview:-1"},"canonical":"https:\/\/www.public.sn\/index.php\/2024\/07\/19\/cherte-du-loyer-bassirou-diomaye-faye-prend-une-decision-importante\/","og_locale":"fr_FR","og_type":"article","og_title":"Chert\u00e9 du loyer : Bassirou Diomaye Faye prend une d\u00e9cision importante... - LE PUBLIC","og_description":"Lors d\u2019un entretien avec des m\u00e9dias nationaux samedi dernier, le Pr\u00e9sident de la R\u00e9publique, Bassirou Diomaye Faye, a annonc\u00e9 de nouvelles baisses de prix visant \u00e0 att\u00e9nuer la chert\u00e9 de la vie. Apr\u00e8s s\u2019\u00eatre attaqu\u00e9 aux denr\u00e9es alimentaires, le Chef de l\u2019\u00c9tat cible maintenant la question \u00e9pineuse du loyer, qui continue d\u2019augmenter malgr\u00e9 les tentatives de r\u00e9gulation entreprises par le pr\u00e9c\u00e9dent r\u00e9gime. Lors du conseil des ministres de ce jeudi 18 juillet 2024, le Pr\u00e9sident Faye a \u00ab demand\u00e9 au Premier Ministre d\u2019engager, sans d\u00e9lai, une \u00e9valuation des dispositifs de r\u00e9gulation des co\u00fbts du loyer avec les ministres concern\u00e9s et les associations de consommateurs, en tenant compte des sp\u00e9cificit\u00e9s de chaque zone \u00bb. Il a rappel\u00e9 que \u00ab la gestion de la probl\u00e9matique des loyers et la construction de logements sociaux demeurent des urgences sociales \u00bb dans le cadre de la nouvelle politique de promotion de l\u2019acc\u00e8s au logement. \u00c0 cet effet, il a exig\u00e9 \u00ab un bilan exhaustif de l\u2019\u00e9tat d\u2019application de la loi de 2016-31 du 08 novembre 2016 portant orientation sur l\u2019habitat social, de la gestion des p\u00f4les urbains cr\u00e9\u00e9s, ainsi que des projets de construction de logements sociaux r\u00e9alis\u00e9s sur le territoire national \u00bb. Le communiqu\u00e9 du conseil des ministres pr\u00e9cise que le Pr\u00e9sident a indiqu\u00e9 au Ministre de l\u2019Urbanisme et au Secr\u00e9taire d\u2019\u00c9tat \u00e0 l\u2019Urbanisme et au Logement la n\u00e9cessit\u00e9 de renforcer la SICAP SA et la SN HLM dans leurs missions d\u2019int\u00e9r\u00eat public. Cela se fera \u00e0 travers l\u2019\u00e9tablissement d\u2019une nouvelle doctrine pragmatique de promotion du logement social, d\u00e9finie par l\u2019\u00c9tat sur la base d\u2019un contrat d\u2019objectifs et de moyens ambitieux, avec une approche territoriale renforc\u00e9e. Le Chef de l\u2019\u00c9tat a demand\u00e9 au Premier Ministre, Ousmane Sonko, de proposer \u00ab un Programme r\u00e9nov\u00e9 de d\u00e9veloppement des logements sociaux aux normes, int\u00e9grant des mesures fiscales, fonci\u00e8res et financi\u00e8res incitatives et durables pour faciliter l\u2019acc\u00e8s au logement et \u00e0 la propri\u00e9t\u00e9 fonci\u00e8re et immobili\u00e8re \u00bb. Il estime que cette r\u00e9orientation majeure de la politique du logement doit \u00ab favoriser la construction de logements d\u00e9cents et adapt\u00e9s \u00bb. Cela inclut la mise \u00e0 disposition transparente de terrains am\u00e9nag\u00e9s, selon des cahiers des charges rigoureux, et le renforcement des activit\u00e9s de la Soci\u00e9t\u00e9 d\u2019Am\u00e9nagement Foncier et de R\u00e9novation Urbaine (SAFRU). En outre, le Pr\u00e9sident a insist\u00e9 sur l\u2019urgence d\u2019acc\u00e9l\u00e9rer la r\u00e9alisation du cadastre universel et de promouvoir les coop\u00e9ratives d\u2019habitat afin de d\u00e9velopper la construction de nouveaux logements. Il a \u00e9galement invit\u00e9 le Premier Ministre \u00e0 \u00ab prendre toutes les mesures n\u00e9cessaires pour simplifier le processus d\u2019obtention du permis de construire \u00bb, afin de relancer les constructions de logements et optimiser les impacts positifs du secteur strat\u00e9gique du BTP sur l\u2019environnement des affaires et l\u2019emploi des jeunes.","og_url":"https:\/\/www.public.sn\/index.php\/2024\/07\/19\/cherte-du-loyer-bassirou-diomaye-faye-prend-une-decision-importante\/","og_site_name":"LE PUBLIC","article_published_time":"2024-07-19T13:07:07+00:00","og_image":[{"width":1215,"height":810,"url":"https:\/\/www.public.sn\/wp-content\/uploads\/2024\/07\/jad20240709-senegal-dissolution.jpg","type":"image\/jpeg"}],"author":"Baye Amath THIAM","twitter_card":"summary_large_image","twitter_misc":{"\u00c9crit par":"Baye Amath THIAM","Dur\u00e9e de lecture estim\u00e9e":"1 minute"},"schema":{"@context":"https:\/\/schema.org","@graph":[{"@type":"Article","@id":"https:\/\/www.public.sn\/index.php\/2024\/07\/19\/cherte-du-loyer-bassirou-diomaye-faye-prend-une-decision-importante\/#article","isPartOf":{"@id":"https:\/\/www.public.sn\/index.php\/2024\/07\/19\/cherte-du-loyer-bassirou-diomaye-faye-prend-une-decision-importante\/"},"author":{"name":"Baye Amath THIAM","@id":"https:\/\/www.public.sn\/#\/schema\/person\/f77cd9ce05d8fb925eb038378ee6899d"},"headline":"Chert\u00e9 du loyer : Bassirou Diomaye Faye prend une d\u00e9cision importante&#8230;","datePublished":"2024-07-19T13:07:07+00:00","mainEntityOfPage":{"@id":"https:\/\/www.public.sn\/index.php\/2024\/07\/19\/cherte-du-loyer-bassirou-diomaye-faye-prend-une-decision-importante\/"},"wordCount":521,"commentCount":0,"publisher":{"@id":"https:\/\/www.public.sn\/#organization"},"image":{"@id":"https:\/\/www.public.sn\/index.php\/2024\/07\/19\/cherte-du-loyer-bassirou-diomaye-faye-prend-une-decision-importante\/#primaryimage"},"thumbnailUrl":"https:\/\/www.public.sn\/wp-content\/uploads\/2024\/07\/jad20240709-senegal-dissolution.jpg","keywords":["bassirou diomaye faye","cherte de la vie","Chert\u00e9 du loyer","d\u00e9cision importante","entretien","m\u00e9dias nationaux","Premier Ministre"],"articleSection":["ACTUALIT\u00c9S","CONTRIBUTIONS","INFRASTRUCTURES","POLITIQUE","S\u00c9N\u00c9GAL","SOCIETE"],"inLanguage":"fr-FR","potentialAction":[{"@type":"CommentAction","name":"Comment","target":["https:\/\/www.public.sn\/index.php\/2024\/07\/19\/cherte-du-loyer-bassirou-diomaye-faye-prend-une-decision-importante\/#respond"]}]},{"@type":"WebPage","@id":"https:\/\/www.public.sn\/index.php\/2024\/07\/19\/cherte-du-loyer-bassirou-diomaye-faye-prend-une-decision-importante\/","url":"https:\/\/www.public.sn\/index.php\/2024\/07\/19\/cherte-du-loyer-bassirou-diomaye-faye-prend-une-decision-importante\/","name":"Chert\u00e9 du loyer : Bassirou Diomaye Faye prend une d\u00e9cision importante... - LE PUBLIC","isPartOf":{"@id":"https:\/\/www.public.sn\/#website"},"primaryImageOfPage":{"@id":"https:\/\/www.public.sn\/index.php\/2024\/07\/19\/cherte-du-loyer-bassirou-diomaye-faye-prend-une-decision-importante\/#primaryimage"},"image":{"@id":"https:\/\/www.public.sn\/index.php\/2024\/07\/19\/cherte-du-loyer-bassirou-diomaye-faye-prend-une-decision-importante\/#primaryimage"},"thumbnailUrl":"https:\/\/www.public.sn\/wp-content\/uploads\/2024\/07\/jad20240709-senegal-dissolution.jpg","datePublished":"2024-07-19T13:07:07+00:00","breadcrumb":{"@id":"https:\/\/www.public.sn\/index.php\/2024\/07\/19\/cherte-du-loyer-bassirou-diomaye-faye-prend-une-decision-importante\/#breadcrumb"},"inLanguage":"fr-FR","potentialAction":[{"@type":"ReadAction","target":["https:\/\/www.public.sn\/index.php\/2024\/07\/19\/cherte-du-loyer-bassirou-diomaye-faye-prend-une-decision-importante\/"]}]},{"@type":"ImageObject","inLanguage":"fr-FR","@id":"https:\/\/www.public.sn\/index.php\/2024\/07\/19\/cherte-du-loyer-bassirou-diomaye-faye-prend-une-decision-importante\/#primaryimage","url":"https:\/\/www.public.sn\/wp-content\/uploads\/2024\/07\/jad20240709-senegal-dissolution.jpg","contentUrl":"https:\/\/www.public.sn\/wp-content\/uploads\/2024\/07\/jad20240709-senegal-dissolution.jpg","width":1215,"height":810},{"@type":"BreadcrumbList","@id":"https:\/\/www.public.sn\/index.php\/2024\/07\/19\/cherte-du-loyer-bassirou-diomaye-faye-prend-une-decision-importante\/#breadcrumb","itemListElement":[{"@type":"ListItem","position":1,"name":"Accueil","item":"https:\/\/www.public.sn\/"},{"@type":"ListItem","position":2,"name":"Chert\u00e9 du loyer : Bassirou Diomaye Faye prend une d\u00e9cision importante&#8230;"}]},{"@type":"WebSite","@id":"https:\/\/www.public.sn\/#website","url":"https:\/\/www.public.sn\/","name":"LE PUBLIC","description":"","publisher":{"@id":"https:\/\/www.public.sn\/#organization"},"potentialAction":[{"@type":"SearchAction","target":{"@type":"EntryPoint","urlTemplate":"https:\/\/www.public.sn\/?s={search_term_string}"},"query-input":{"@type":"PropertyValueSpecification","valueRequired":true,"valueName":"search_term_string"}}],"inLanguage":"fr-FR"},{"@type":"Organization","@id":"https:\/\/www.public.sn\/#organization","name":"LE PUBLIC","url":"https:\/\/www.public.sn\/","logo":{"@type":"ImageObject","inLanguage":"fr-FR","@id":"https:\/\/www.public.sn\/#\/schema\/logo\/image\/","url":"https:\/\/www.public.sn\/wp-content\/uploads\/2024\/05\/cropped-LOGO-PUBLIC.SN_.png","contentUrl":"https:\/\/www.public.sn\/wp-content\/uploads\/2024\/05\/cropped-LOGO-PUBLIC.SN_.png","width":682,"height":192,"caption":"LE PUBLIC"},"image":{"@id":"https:\/\/www.public.sn\/#\/schema\/logo\/image\/"}},{"@type":"Person","@id":"https:\/\/www.public.sn\/#\/schema\/person\/f77cd9ce05d8fb925eb038378ee6899d","name":"Baye Amath THIAM","image":{"@type":"ImageObject","inLanguage":"fr-FR","@id":"https:\/\/www.public.sn\/#\/schema\/person\/image\/","url":"https:\/\/secure.gravatar.com\/avatar\/7eb863ef1336b6f8a2ad921469701e52f094a61c698fab02f5af742ed813612d?s=96&d=mm&r=g","contentUrl":"https:\/\/secure.gravatar.com\/avatar\/7eb863ef1336b6f8a2ad921469701e52f094a61c698fab02f5af742ed813612d?s=96&d=mm&r=g","caption":"Baye Amath THIAM"},"url":"https:\/\/www.public.sn\/index.php\/author\/thiamba24\/"}]}},"jetpack_featured_media_url":"https:\/\/www.public.sn\/wp-content\/uploads\/2024\/07\/jad20240709-senegal-dissolution.jpg","jetpack_sharing_enabled":true,"_links":{"self":[{"href":"https:\/\/www.public.sn\/index.php\/wp-json\/wp\/v2\/posts\/34424","targetHints":{"allow":["GET"]}}],"collection":[{"href":"https:\/\/www.public.sn\/index.php\/wp-json\/wp\/v2\/posts"}],"about":[{"href":"https:\/\/www.public.sn\/index.php\/wp-json\/wp\/v2\/types\/post"}],"author":[{"embeddable":true,"href":"https:\/\/www.public.sn\/index.php\/wp-json\/wp\/v2\/users\/15"}],"replies":[{"embeddable":true,"href":"https:\/\/www.public.sn\/index.php\/wp-json\/wp\/v2\/comments?post=34424"}],"version-history":[{"count":1,"href":"https:\/\/www.public.sn\/index.php\/wp-json\/wp\/v2\/posts\/34424\/revisions"}],"predecessor-version":[{"id":34426,"href":"https:\/\/www.public.sn\/index.php\/wp-json\/wp\/v2\/posts\/34424\/revisions\/34426"}],"wp:featuredmedia":[{"embeddable":true,"href":"https:\/\/www.public.sn\/index.php\/wp-json\/wp\/v2\/media\/34425"}],"wp:attachment":[{"href":"https:\/\/www.public.sn\/index.php\/wp-json\/wp\/v2\/media?parent=34424"}],"wp:term":[{"taxonomy":"category","embeddable":true,"href":"https:\/\/www.public.sn\/index.php\/wp-json\/wp\/v2\/categories?post=34424"},{"taxonomy":"post_tag","embeddable":true,"href":"https:\/\/www.public.sn\/index.php\/wp-json\/wp\/v2\/tags?post=34424"}],"curies":[{"name":"wp","href":"https:\/\/api.w.org\/{rel}","templated":true}]}}