{"id":34440,"date":"2024-07-19T14:36:33","date_gmt":"2024-07-19T14:36:33","guid":{"rendered":"https:\/\/www.public.sn\/?p=34440"},"modified":"2024-07-19T14:36:33","modified_gmt":"2024-07-19T14:36:33","slug":"nomination-falla-fleur-decline-un-poste-de-directrice-generale-de-la-part-du-president-diomaye","status":"publish","type":"post","link":"https:\/\/www.public.sn\/index.php\/2024\/07\/19\/nomination-falla-fleur-decline-un-poste-de-directrice-generale-de-la-part-du-president-diomaye\/","title":{"rendered":"Nomination : Falla Fleur d\u00e9cline un poste de directrice g\u00e9n\u00e9rale de la part du pr\u00e9sident Diomaye"},"content":{"rendered":"<p>Nd\u00e8ye Fatou Fall alias Falla Fleur a remerci\u00e9 chaleureusement ses followers ainsi que le pr\u00e9sident Bassirou Diomaye Faye et son premier ministre, Ousmane Sonko, dans une publication sur sa page Facebook.<\/p><div class=\"publi-paragraphe1\" style=\"margin-top: 10px;margin-bottom: 10px;margin-left: auto;margin-right: auto;text-align: center;\" id=\"publi-2934263276\"><div class=\"publi-adlabel\">Publicit\u00e9<\/div><script async src=\"\/\/pagead2.googlesyndication.com\/pagead\/js\/adsbygoogle.js?client=ca-pub-4089586018074219\" crossorigin=\"anonymous\"><\/script><ins class=\"adsbygoogle\" style=\"display:block;\" data-ad-client=\"ca-pub-4089586018074219\" \ndata-ad-slot=\"2087940154\" \ndata-ad-format=\"auto\"><\/ins>\n<script> \n(adsbygoogle = window.adsbygoogle || []).push({}); \n<\/script>\n<\/div>\n<p>\u201cJe vois que vous me souhaitez le meilleur, le Pr\u00e9sident de la R\u00e9publique et le Premier ministre aussi, je ne vous remercierai jamais assez. D\u2019ailleurs, ces derniers m\u2019ont nomm\u00e9e Directrice g\u00e9n\u00e9rale en mai dernier mais j\u2019ai d\u00e9clin\u00e9 le poste pour des raisons personnelles\u201d, a \u00e9crit cette militante de Pastef, devenue c\u00e9l\u00e8bre apr\u00e8s son arrestation et sa  d\u00e9tention sous l&rsquo;ancien r\u00e9gime. <\/p>\n<div class=\"publi-apres-le-contenu\" style=\"margin-top: 10px;margin-bottom: 10px;margin-left: auto;margin-right: auto;text-align: center;\" id=\"publi-1575148972\"><div class=\"publi-adlabel\">Publicit\u00e9<\/div><script async src=\"\/\/pagead2.googlesyndication.com\/pagead\/js\/adsbygoogle.js?client=ca-pub-4089586018074219\" crossorigin=\"anonymous\"><\/script><ins class=\"adsbygoogle\" style=\"display:block;\" data-ad-client=\"ca-pub-4089586018074219\" \ndata-ad-slot=\"2087940154\" \ndata-ad-format=\"auto\"><\/ins>\n<script> \n(adsbygoogle = window.adsbygoogle || []).push({}); \n<\/script>\n<\/div>","protected":false},"excerpt":{"rendered":"<p>Nd\u00e8ye Fatou Fall alias Falla Fleur a remerci\u00e9 chaleureusement ses followers ainsi que le pr\u00e9sident Bassirou Diomaye Faye et son premier ministre, Ousmane Sonko, dans une publication sur sa page Facebook. \u201cJe vois que vous me souhaitez le meilleur, le Pr\u00e9sident de la R\u00e9publique et le Premier ministre aussi, je ne vous remercierai jamais assez. D\u2019ailleurs, ces derniers m\u2019ont nomm\u00e9e Directrice g\u00e9n\u00e9rale en mai dernier mais j\u2019ai d\u00e9clin\u00e9 le poste pour des raisons personnelles\u201d, a \u00e9crit cette militante de Pastef, devenue c\u00e9l\u00e8bre apr\u00e8s son arrestation et sa d\u00e9tention sous l&rsquo;ancien r\u00e9gime.<\/p>\n","protected":false},"author":15,"featured_media":34441,"comment_status":"open","ping_status":"open","sticky":false,"template":"","format":"standard","meta":{"_jetpack_memberships_contains_paid_content":false,"footnotes":""},"categories":[375,1023,961,3,1,4],"tags":[3678,1688,6904,457,16,6905],"class_list":["post-34440","post","type-post","status-publish","format-standard","has-post-thumbnail","hentry","category-actualites","category-buzz","category-medias","category-politique","category-non-classe","category-societe","tag-bassirou-diomaye-faye","tag-facebook","tag-falla-fleur","tag-nomination","tag-ousmane-sonko","tag-poste-de-directrice-generale","entry","has-media","owp-thumbs-layout-horizontal","owp-btn-normal","owp-tabs-layout-horizontal","has-no-thumbnails","has-product-nav"],"yoast_head":"<!-- This site is optimized with the Yoast SEO plugin v25.5 - https:\/\/yoast.com\/wordpress\/plugins\/seo\/ -->\n<title>Nomination : Falla Fleur d\u00e9cline un poste de directrice g\u00e9n\u00e9rale de la part du pr\u00e9sident Diomaye - LE PUBLIC<\/title>\n<meta name=\"robots\" content=\"index, follow, max-snippet:-1, max-image-preview:large, max-video-preview:-1\" \/>\n<link rel=\"canonical\" href=\"https:\/\/www.public.sn\/index.php\/2024\/07\/19\/nomination-falla-fleur-decline-un-poste-de-directrice-generale-de-la-part-du-president-diomaye\/\" \/>\n<meta property=\"og:locale\" content=\"fr_FR\" \/>\n<meta property=\"og:type\" content=\"article\" \/>\n<meta property=\"og:title\" content=\"Nomination : Falla Fleur d\u00e9cline un poste de directrice g\u00e9n\u00e9rale de la part du pr\u00e9sident Diomaye - LE PUBLIC\" \/>\n<meta property=\"og:description\" content=\"Nd\u00e8ye Fatou Fall alias Falla Fleur a remerci\u00e9 chaleureusement ses followers ainsi que le pr\u00e9sident Bassirou Diomaye Faye et son premier ministre, Ousmane Sonko, dans une publication sur sa page Facebook. \u201cJe vois que vous me souhaitez le meilleur, le Pr\u00e9sident de la R\u00e9publique et le Premier ministre aussi, je ne vous remercierai jamais assez. D\u2019ailleurs, ces derniers m\u2019ont nomm\u00e9e Directrice g\u00e9n\u00e9rale en mai dernier mais j\u2019ai d\u00e9clin\u00e9 le poste pour des raisons personnelles\u201d, a \u00e9crit cette militante de Pastef, devenue c\u00e9l\u00e8bre apr\u00e8s son arrestation et sa d\u00e9tention sous l&rsquo;ancien r\u00e9gime.\" \/>\n<meta property=\"og:url\" content=\"https:\/\/www.public.sn\/index.php\/2024\/07\/19\/nomination-falla-fleur-decline-un-poste-de-directrice-generale-de-la-part-du-president-diomaye\/\" \/>\n<meta property=\"og:site_name\" content=\"LE PUBLIC\" \/>\n<meta property=\"article:published_time\" content=\"2024-07-19T14:36:33+00:00\" \/>\n<meta property=\"og:image\" content=\"https:\/\/www.public.sn\/wp-content\/uploads\/2024\/07\/e38e79e8c1826bfce44a4c418949263e484f3b4c.jpg\" \/>\n\t<meta property=\"og:image:width\" content=\"612\" \/>\n\t<meta property=\"og:image:height\" content=\"298\" \/>\n\t<meta property=\"og:image:type\" content=\"image\/jpeg\" \/>\n<meta name=\"author\" content=\"Baye Amath THIAM\" \/>\n<meta name=\"twitter:card\" content=\"summary_large_image\" \/>\n<meta name=\"twitter:label1\" content=\"\u00c9crit par\" \/>\n\t<meta name=\"twitter:data1\" content=\"Baye Amath THIAM\" \/>\n\t<meta name=\"twitter:label2\" content=\"Dur\u00e9e de lecture estim\u00e9e\" \/>\n\t<meta name=\"twitter:data2\" content=\"1 minute\" \/>\n<script type=\"application\/ld+json\" class=\"yoast-schema-graph\">{\"@context\":\"https:\/\/schema.org\",\"@graph\":[{\"@type\":\"Article\",\"@id\":\"https:\/\/www.public.sn\/index.php\/2024\/07\/19\/nomination-falla-fleur-decline-un-poste-de-directrice-generale-de-la-part-du-president-diomaye\/#article\",\"isPartOf\":{\"@id\":\"https:\/\/www.public.sn\/index.php\/2024\/07\/19\/nomination-falla-fleur-decline-un-poste-de-directrice-generale-de-la-part-du-president-diomaye\/\"},\"author\":{\"name\":\"Baye Amath THIAM\",\"@id\":\"https:\/\/www.public.sn\/#\/schema\/person\/f77cd9ce05d8fb925eb038378ee6899d\"},\"headline\":\"Nomination : Falla Fleur d\u00e9cline un poste de directrice g\u00e9n\u00e9rale de la part du pr\u00e9sident Diomaye\",\"datePublished\":\"2024-07-19T14:36:33+00:00\",\"mainEntityOfPage\":{\"@id\":\"https:\/\/www.public.sn\/index.php\/2024\/07\/19\/nomination-falla-fleur-decline-un-poste-de-directrice-generale-de-la-part-du-president-diomaye\/\"},\"wordCount\":126,\"commentCount\":0,\"publisher\":{\"@id\":\"https:\/\/www.public.sn\/#organization\"},\"image\":{\"@id\":\"https:\/\/www.public.sn\/index.php\/2024\/07\/19\/nomination-falla-fleur-decline-un-poste-de-directrice-generale-de-la-part-du-president-diomaye\/#primaryimage\"},\"thumbnailUrl\":\"https:\/\/www.public.sn\/wp-content\/uploads\/2024\/07\/e38e79e8c1826bfce44a4c418949263e484f3b4c.jpg\",\"keywords\":[\"bassirou diomaye faye\",\"facebook\",\"Falla Fleur\",\"Nomination\",\"Ousmane Sonko\",\"poste de directrice g\u00e9n\u00e9rale\"],\"articleSection\":[\"ACTUALIT\u00c9S\",\"BUZZ\",\"M\u00c9DIAS\",\"POLITIQUE\",\"S\u00c9N\u00c9GAL\",\"SOCIETE\"],\"inLanguage\":\"fr-FR\",\"potentialAction\":[{\"@type\":\"CommentAction\",\"name\":\"Comment\",\"target\":[\"https:\/\/www.public.sn\/index.php\/2024\/07\/19\/nomination-falla-fleur-decline-un-poste-de-directrice-generale-de-la-part-du-president-diomaye\/#respond\"]}]},{\"@type\":\"WebPage\",\"@id\":\"https:\/\/www.public.sn\/index.php\/2024\/07\/19\/nomination-falla-fleur-decline-un-poste-de-directrice-generale-de-la-part-du-president-diomaye\/\",\"url\":\"https:\/\/www.public.sn\/index.php\/2024\/07\/19\/nomination-falla-fleur-decline-un-poste-de-directrice-generale-de-la-part-du-president-diomaye\/\",\"name\":\"Nomination : Falla Fleur d\u00e9cline un poste de directrice g\u00e9n\u00e9rale de la part du pr\u00e9sident Diomaye - LE PUBLIC\",\"isPartOf\":{\"@id\":\"https:\/\/www.public.sn\/#website\"},\"primaryImageOfPage\":{\"@id\":\"https:\/\/www.public.sn\/index.php\/2024\/07\/19\/nomination-falla-fleur-decline-un-poste-de-directrice-generale-de-la-part-du-president-diomaye\/#primaryimage\"},\"image\":{\"@id\":\"https:\/\/www.public.sn\/index.php\/2024\/07\/19\/nomination-falla-fleur-decline-un-poste-de-directrice-generale-de-la-part-du-president-diomaye\/#primaryimage\"},\"thumbnailUrl\":\"https:\/\/www.public.sn\/wp-content\/uploads\/2024\/07\/e38e79e8c1826bfce44a4c418949263e484f3b4c.jpg\",\"datePublished\":\"2024-07-19T14:36:33+00:00\",\"breadcrumb\":{\"@id\":\"https:\/\/www.public.sn\/index.php\/2024\/07\/19\/nomination-falla-fleur-decline-un-poste-de-directrice-generale-de-la-part-du-president-diomaye\/#breadcrumb\"},\"inLanguage\":\"fr-FR\",\"potentialAction\":[{\"@type\":\"ReadAction\",\"target\":[\"https:\/\/www.public.sn\/index.php\/2024\/07\/19\/nomination-falla-fleur-decline-un-poste-de-directrice-generale-de-la-part-du-president-diomaye\/\"]}]},{\"@type\":\"ImageObject\",\"inLanguage\":\"fr-FR\",\"@id\":\"https:\/\/www.public.sn\/index.php\/2024\/07\/19\/nomination-falla-fleur-decline-un-poste-de-directrice-generale-de-la-part-du-president-diomaye\/#primaryimage\",\"url\":\"https:\/\/www.public.sn\/wp-content\/uploads\/2024\/07\/e38e79e8c1826bfce44a4c418949263e484f3b4c.jpg\",\"contentUrl\":\"https:\/\/www.public.sn\/wp-content\/uploads\/2024\/07\/e38e79e8c1826bfce44a4c418949263e484f3b4c.jpg\",\"width\":612,\"height\":298},{\"@type\":\"BreadcrumbList\",\"@id\":\"https:\/\/www.public.sn\/index.php\/2024\/07\/19\/nomination-falla-fleur-decline-un-poste-de-directrice-generale-de-la-part-du-president-diomaye\/#breadcrumb\",\"itemListElement\":[{\"@type\":\"ListItem\",\"position\":1,\"name\":\"Accueil\",\"item\":\"https:\/\/www.public.sn\/\"},{\"@type\":\"ListItem\",\"position\":2,\"name\":\"Nomination : Falla Fleur d\u00e9cline un poste de directrice g\u00e9n\u00e9rale de la part du pr\u00e9sident Diomaye\"}]},{\"@type\":\"WebSite\",\"@id\":\"https:\/\/www.public.sn\/#website\",\"url\":\"https:\/\/www.public.sn\/\",\"name\":\"LE PUBLIC\",\"description\":\"\",\"publisher\":{\"@id\":\"https:\/\/www.public.sn\/#organization\"},\"potentialAction\":[{\"@type\":\"SearchAction\",\"target\":{\"@type\":\"EntryPoint\",\"urlTemplate\":\"https:\/\/www.public.sn\/?s={search_term_string}\"},\"query-input\":{\"@type\":\"PropertyValueSpecification\",\"valueRequired\":true,\"valueName\":\"search_term_string\"}}],\"inLanguage\":\"fr-FR\"},{\"@type\":\"Organization\",\"@id\":\"https:\/\/www.public.sn\/#organization\",\"name\":\"LE PUBLIC\",\"url\":\"https:\/\/www.public.sn\/\",\"logo\":{\"@type\":\"ImageObject\",\"inLanguage\":\"fr-FR\",\"@id\":\"https:\/\/www.public.sn\/#\/schema\/logo\/image\/\",\"url\":\"https:\/\/www.public.sn\/wp-content\/uploads\/2024\/05\/cropped-LOGO-PUBLIC.SN_.png\",\"contentUrl\":\"https:\/\/www.public.sn\/wp-content\/uploads\/2024\/05\/cropped-LOGO-PUBLIC.SN_.png\",\"width\":682,\"height\":192,\"caption\":\"LE PUBLIC\"},\"image\":{\"@id\":\"https:\/\/www.public.sn\/#\/schema\/logo\/image\/\"}},{\"@type\":\"Person\",\"@id\":\"https:\/\/www.public.sn\/#\/schema\/person\/f77cd9ce05d8fb925eb038378ee6899d\",\"name\":\"Baye Amath THIAM\",\"image\":{\"@type\":\"ImageObject\",\"inLanguage\":\"fr-FR\",\"@id\":\"https:\/\/www.public.sn\/#\/schema\/person\/image\/\",\"url\":\"https:\/\/secure.gravatar.com\/avatar\/7eb863ef1336b6f8a2ad921469701e52f094a61c698fab02f5af742ed813612d?s=96&d=mm&r=g\",\"contentUrl\":\"https:\/\/secure.gravatar.com\/avatar\/7eb863ef1336b6f8a2ad921469701e52f094a61c698fab02f5af742ed813612d?s=96&d=mm&r=g\",\"caption\":\"Baye Amath THIAM\"},\"url\":\"https:\/\/www.public.sn\/index.php\/author\/thiamba24\/\"}]}<\/script>\n<!-- \/ Yoast SEO plugin. -->","yoast_head_json":{"title":"Nomination : Falla Fleur d\u00e9cline un poste de directrice g\u00e9n\u00e9rale de la part du pr\u00e9sident Diomaye - LE PUBLIC","robots":{"index":"index","follow":"follow","max-snippet":"max-snippet:-1","max-image-preview":"max-image-preview:large","max-video-preview":"max-video-preview:-1"},"canonical":"https:\/\/www.public.sn\/index.php\/2024\/07\/19\/nomination-falla-fleur-decline-un-poste-de-directrice-generale-de-la-part-du-president-diomaye\/","og_locale":"fr_FR","og_type":"article","og_title":"Nomination : Falla Fleur d\u00e9cline un poste de directrice g\u00e9n\u00e9rale de la part du pr\u00e9sident Diomaye - LE PUBLIC","og_description":"Nd\u00e8ye Fatou Fall alias Falla Fleur a remerci\u00e9 chaleureusement ses followers ainsi que le pr\u00e9sident Bassirou Diomaye Faye et son premier ministre, Ousmane Sonko, dans une publication sur sa page Facebook. \u201cJe vois que vous me souhaitez le meilleur, le Pr\u00e9sident de la R\u00e9publique et le Premier ministre aussi, je ne vous remercierai jamais assez. D\u2019ailleurs, ces derniers m\u2019ont nomm\u00e9e Directrice g\u00e9n\u00e9rale en mai dernier mais j\u2019ai d\u00e9clin\u00e9 le poste pour des raisons personnelles\u201d, a \u00e9crit cette militante de Pastef, devenue c\u00e9l\u00e8bre apr\u00e8s son arrestation et sa d\u00e9tention sous l&rsquo;ancien r\u00e9gime.","og_url":"https:\/\/www.public.sn\/index.php\/2024\/07\/19\/nomination-falla-fleur-decline-un-poste-de-directrice-generale-de-la-part-du-president-diomaye\/","og_site_name":"LE PUBLIC","article_published_time":"2024-07-19T14:36:33+00:00","og_image":[{"width":612,"height":298,"url":"https:\/\/www.public.sn\/wp-content\/uploads\/2024\/07\/e38e79e8c1826bfce44a4c418949263e484f3b4c.jpg","type":"image\/jpeg"}],"author":"Baye Amath THIAM","twitter_card":"summary_large_image","twitter_misc":{"\u00c9crit par":"Baye Amath THIAM","Dur\u00e9e de lecture estim\u00e9e":"1 minute"},"schema":{"@context":"https:\/\/schema.org","@graph":[{"@type":"Article","@id":"https:\/\/www.public.sn\/index.php\/2024\/07\/19\/nomination-falla-fleur-decline-un-poste-de-directrice-generale-de-la-part-du-president-diomaye\/#article","isPartOf":{"@id":"https:\/\/www.public.sn\/index.php\/2024\/07\/19\/nomination-falla-fleur-decline-un-poste-de-directrice-generale-de-la-part-du-president-diomaye\/"},"author":{"name":"Baye Amath THIAM","@id":"https:\/\/www.public.sn\/#\/schema\/person\/f77cd9ce05d8fb925eb038378ee6899d"},"headline":"Nomination : Falla Fleur d\u00e9cline un poste de directrice g\u00e9n\u00e9rale de la part du pr\u00e9sident Diomaye","datePublished":"2024-07-19T14:36:33+00:00","mainEntityOfPage":{"@id":"https:\/\/www.public.sn\/index.php\/2024\/07\/19\/nomination-falla-fleur-decline-un-poste-de-directrice-generale-de-la-part-du-president-diomaye\/"},"wordCount":126,"commentCount":0,"publisher":{"@id":"https:\/\/www.public.sn\/#organization"},"image":{"@id":"https:\/\/www.public.sn\/index.php\/2024\/07\/19\/nomination-falla-fleur-decline-un-poste-de-directrice-generale-de-la-part-du-president-diomaye\/#primaryimage"},"thumbnailUrl":"https:\/\/www.public.sn\/wp-content\/uploads\/2024\/07\/e38e79e8c1826bfce44a4c418949263e484f3b4c.jpg","keywords":["bassirou diomaye faye","facebook","Falla Fleur","Nomination","Ousmane Sonko","poste de directrice g\u00e9n\u00e9rale"],"articleSection":["ACTUALIT\u00c9S","BUZZ","M\u00c9DIAS","POLITIQUE","S\u00c9N\u00c9GAL","SOCIETE"],"inLanguage":"fr-FR","potentialAction":[{"@type":"CommentAction","name":"Comment","target":["https:\/\/www.public.sn\/index.php\/2024\/07\/19\/nomination-falla-fleur-decline-un-poste-de-directrice-generale-de-la-part-du-president-diomaye\/#respond"]}]},{"@type":"WebPage","@id":"https:\/\/www.public.sn\/index.php\/2024\/07\/19\/nomination-falla-fleur-decline-un-poste-de-directrice-generale-de-la-part-du-president-diomaye\/","url":"https:\/\/www.public.sn\/index.php\/2024\/07\/19\/nomination-falla-fleur-decline-un-poste-de-directrice-generale-de-la-part-du-president-diomaye\/","name":"Nomination : Falla Fleur d\u00e9cline un poste de directrice g\u00e9n\u00e9rale de la part du pr\u00e9sident Diomaye - LE PUBLIC","isPartOf":{"@id":"https:\/\/www.public.sn\/#website"},"primaryImageOfPage":{"@id":"https:\/\/www.public.sn\/index.php\/2024\/07\/19\/nomination-falla-fleur-decline-un-poste-de-directrice-generale-de-la-part-du-president-diomaye\/#primaryimage"},"image":{"@id":"https:\/\/www.public.sn\/index.php\/2024\/07\/19\/nomination-falla-fleur-decline-un-poste-de-directrice-generale-de-la-part-du-president-diomaye\/#primaryimage"},"thumbnailUrl":"https:\/\/www.public.sn\/wp-content\/uploads\/2024\/07\/e38e79e8c1826bfce44a4c418949263e484f3b4c.jpg","datePublished":"2024-07-19T14:36:33+00:00","breadcrumb":{"@id":"https:\/\/www.public.sn\/index.php\/2024\/07\/19\/nomination-falla-fleur-decline-un-poste-de-directrice-generale-de-la-part-du-president-diomaye\/#breadcrumb"},"inLanguage":"fr-FR","potentialAction":[{"@type":"ReadAction","target":["https:\/\/www.public.sn\/index.php\/2024\/07\/19\/nomination-falla-fleur-decline-un-poste-de-directrice-generale-de-la-part-du-president-diomaye\/"]}]},{"@type":"ImageObject","inLanguage":"fr-FR","@id":"https:\/\/www.public.sn\/index.php\/2024\/07\/19\/nomination-falla-fleur-decline-un-poste-de-directrice-generale-de-la-part-du-president-diomaye\/#primaryimage","url":"https:\/\/www.public.sn\/wp-content\/uploads\/2024\/07\/e38e79e8c1826bfce44a4c418949263e484f3b4c.jpg","contentUrl":"https:\/\/www.public.sn\/wp-content\/uploads\/2024\/07\/e38e79e8c1826bfce44a4c418949263e484f3b4c.jpg","width":612,"height":298},{"@type":"BreadcrumbList","@id":"https:\/\/www.public.sn\/index.php\/2024\/07\/19\/nomination-falla-fleur-decline-un-poste-de-directrice-generale-de-la-part-du-president-diomaye\/#breadcrumb","itemListElement":[{"@type":"ListItem","position":1,"name":"Accueil","item":"https:\/\/www.public.sn\/"},{"@type":"ListItem","position":2,"name":"Nomination : Falla Fleur d\u00e9cline un poste de directrice g\u00e9n\u00e9rale de la part du pr\u00e9sident Diomaye"}]},{"@type":"WebSite","@id":"https:\/\/www.public.sn\/#website","url":"https:\/\/www.public.sn\/","name":"LE PUBLIC","description":"","publisher":{"@id":"https:\/\/www.public.sn\/#organization"},"potentialAction":[{"@type":"SearchAction","target":{"@type":"EntryPoint","urlTemplate":"https:\/\/www.public.sn\/?s={search_term_string}"},"query-input":{"@type":"PropertyValueSpecification","valueRequired":true,"valueName":"search_term_string"}}],"inLanguage":"fr-FR"},{"@type":"Organization","@id":"https:\/\/www.public.sn\/#organization","name":"LE PUBLIC","url":"https:\/\/www.public.sn\/","logo":{"@type":"ImageObject","inLanguage":"fr-FR","@id":"https:\/\/www.public.sn\/#\/schema\/logo\/image\/","url":"https:\/\/www.public.sn\/wp-content\/uploads\/2024\/05\/cropped-LOGO-PUBLIC.SN_.png","contentUrl":"https:\/\/www.public.sn\/wp-content\/uploads\/2024\/05\/cropped-LOGO-PUBLIC.SN_.png","width":682,"height":192,"caption":"LE PUBLIC"},"image":{"@id":"https:\/\/www.public.sn\/#\/schema\/logo\/image\/"}},{"@type":"Person","@id":"https:\/\/www.public.sn\/#\/schema\/person\/f77cd9ce05d8fb925eb038378ee6899d","name":"Baye Amath THIAM","image":{"@type":"ImageObject","inLanguage":"fr-FR","@id":"https:\/\/www.public.sn\/#\/schema\/person\/image\/","url":"https:\/\/secure.gravatar.com\/avatar\/7eb863ef1336b6f8a2ad921469701e52f094a61c698fab02f5af742ed813612d?s=96&d=mm&r=g","contentUrl":"https:\/\/secure.gravatar.com\/avatar\/7eb863ef1336b6f8a2ad921469701e52f094a61c698fab02f5af742ed813612d?s=96&d=mm&r=g","caption":"Baye Amath THIAM"},"url":"https:\/\/www.public.sn\/index.php\/author\/thiamba24\/"}]}},"jetpack_featured_media_url":"https:\/\/www.public.sn\/wp-content\/uploads\/2024\/07\/e38e79e8c1826bfce44a4c418949263e484f3b4c.jpg","jetpack_sharing_enabled":true,"_links":{"self":[{"href":"https:\/\/www.public.sn\/index.php\/wp-json\/wp\/v2\/posts\/34440","targetHints":{"allow":["GET"]}}],"collection":[{"href":"https:\/\/www.public.sn\/index.php\/wp-json\/wp\/v2\/posts"}],"about":[{"href":"https:\/\/www.public.sn\/index.php\/wp-json\/wp\/v2\/types\/post"}],"author":[{"embeddable":true,"href":"https:\/\/www.public.sn\/index.php\/wp-json\/wp\/v2\/users\/15"}],"replies":[{"embeddable":true,"href":"https:\/\/www.public.sn\/index.php\/wp-json\/wp\/v2\/comments?post=34440"}],"version-history":[{"count":1,"href":"https:\/\/www.public.sn\/index.php\/wp-json\/wp\/v2\/posts\/34440\/revisions"}],"predecessor-version":[{"id":34442,"href":"https:\/\/www.public.sn\/index.php\/wp-json\/wp\/v2\/posts\/34440\/revisions\/34442"}],"wp:featuredmedia":[{"embeddable":true,"href":"https:\/\/www.public.sn\/index.php\/wp-json\/wp\/v2\/media\/34441"}],"wp:attachment":[{"href":"https:\/\/www.public.sn\/index.php\/wp-json\/wp\/v2\/media?parent=34440"}],"wp:term":[{"taxonomy":"category","embeddable":true,"href":"https:\/\/www.public.sn\/index.php\/wp-json\/wp\/v2\/categories?post=34440"},{"taxonomy":"post_tag","embeddable":true,"href":"https:\/\/www.public.sn\/index.php\/wp-json\/wp\/v2\/tags?post=34440"}],"curies":[{"name":"wp","href":"https:\/\/api.w.org\/{rel}","templated":true}]}}