{"id":34457,"date":"2024-07-20T12:16:13","date_gmt":"2024-07-20T12:16:13","guid":{"rendered":"https:\/\/www.public.sn\/?p=34457"},"modified":"2024-07-20T12:16:13","modified_gmt":"2024-07-20T12:16:13","slug":"distribution-de-leau-letat-invite-a-publier-le-contrat-daffermage-signe-avec-le-groupe-suez","status":"publish","type":"post","link":"https:\/\/www.public.sn\/index.php\/2024\/07\/20\/distribution-de-leau-letat-invite-a-publier-le-contrat-daffermage-signe-avec-le-groupe-suez\/","title":{"rendered":"Distribution de l\u2019eau : L\u2019Etat invit\u00e9 \u00e0 publier le contrat d\u2019affermage sign\u00e9 avec le Groupe Suez"},"content":{"rendered":"<p>Le coordinateur du Forum social s\u00e9n\u00e9galais (FSS), Mamadou Mignane Diouf, a invit\u00e9, ce vendredi 19 juillet, \u00e0 Dakar, les autorit\u00e9s s\u00e9n\u00e9galaises \u00e0 publier le contrat d\u2019affermage pour la gestion du service public de production et de distribution d\u2019eau potable en zone urbaine et p\u00e9ri-urbaine, sign\u00e9 entre la multinationale fran\u00e7aise Suez et l\u2019Etat du S\u00e9n\u00e9gal.<\/p><div class=\"publi-paragraphe1\" style=\"margin-top: 10px;margin-bottom: 10px;margin-left: auto;margin-right: auto;text-align: center;\" id=\"publi-2580035000\"><div class=\"publi-adlabel\">Publicit\u00e9<\/div><script async src=\"\/\/pagead2.googlesyndication.com\/pagead\/js\/adsbygoogle.js?client=ca-pub-4089586018074219\" crossorigin=\"anonymous\"><\/script><ins class=\"adsbygoogle\" style=\"display:block;\" data-ad-client=\"ca-pub-4089586018074219\" \ndata-ad-slot=\"2087940154\" \ndata-ad-format=\"auto\"><\/ins>\n<script> \n(adsbygoogle = window.adsbygoogle || []).push({}); \n<\/script>\n<\/div>\n<p>\u2018\u2019Nous demandons au gouvernement de proc\u00e9der \u00e0 la publication de ce contrat avec Suez qui vient de perdre ses avoirs au Maroc. Des avoirs que V\u00e9olia a r\u00e9troc\u00e9d\u00e9s au gouvernement du Royaume\u2019\u2019, a-t-il d\u00e9clar\u00e9, rapporte l\u2019APS.<\/p>\n<p>Il s\u2019exprimait lors d\u2019un point de presse conjoint du FSS et du Conseil citoyen droit \u00e0 l\u2019eau  et \u00e0 l\u2019assainissement au S\u00e9n\u00e9gal (COCIDEAS).<\/p>\n<p>\u2018\u2019On a entendu que le S\u00e9n\u00e9gal a accept\u00e9 de publier les contrats sur le p\u00e9trole et le gaz et pourtant l\u2019eau est plus importante que le p\u00e9trole et le gaz. Vous devez donc demander \u00e0 avoir le contrat sign\u00e9 entre Suez et l\u2019Etat du S\u00e9n\u00e9gal\u2019\u2019, s\u2019est-il \u00e9tonn\u00e9.<\/p>\n<p>Selon Mamadou Mignane Diouf, la publication de ce contrat doit permettre aux acteurs \u201dde comprendre la part du secteur priv\u00e9 ainsi que celui des soci\u00e9t\u00e9s priv\u00e9es qui sont dans le capital\u201d dans le cadre du contrat  avec Suez.<\/p>\n<p>M. Diouf a demand\u00e9 \u00e9galement au gouvernement \u201dde bien revoir la situation de ce contrat d\u2019affermage attribu\u00e9 \u00e0 Suez\u201d, rappelant \u201dque le Forum civil s\u00e9n\u00e9galais l\u2019avait d\u00e9nonc\u00e9 \u00e0 l\u2019\u00e9poque\u201d.<\/p>\n<div class=\"publi-apres-le-contenu\" style=\"margin-top: 10px;margin-bottom: 10px;margin-left: auto;margin-right: auto;text-align: center;\" id=\"publi-3856208420\"><div class=\"publi-adlabel\">Publicit\u00e9<\/div><script async src=\"\/\/pagead2.googlesyndication.com\/pagead\/js\/adsbygoogle.js?client=ca-pub-4089586018074219\" crossorigin=\"anonymous\"><\/script><ins class=\"adsbygoogle\" style=\"display:block;\" data-ad-client=\"ca-pub-4089586018074219\" \ndata-ad-slot=\"2087940154\" \ndata-ad-format=\"auto\"><\/ins>\n<script> \n(adsbygoogle = window.adsbygoogle || []).push({}); \n<\/script>\n<\/div>","protected":false},"excerpt":{"rendered":"<p>Le coordinateur du Forum social s\u00e9n\u00e9galais (FSS), Mamadou Mignane Diouf, a invit\u00e9, ce vendredi 19 juillet, \u00e0 Dakar, les autorit\u00e9s s\u00e9n\u00e9galaises \u00e0 publier le contrat d\u2019affermage pour la gestion du service public de production et de distribution d\u2019eau potable en zone urbaine et p\u00e9ri-urbaine, sign\u00e9 entre la multinationale fran\u00e7aise Suez et l\u2019Etat du S\u00e9n\u00e9gal. \u2018\u2019Nous demandons au gouvernement de proc\u00e9der \u00e0 la publication de ce contrat avec Suez qui vient de perdre ses avoirs au Maroc. Des avoirs que V\u00e9olia a r\u00e9troc\u00e9d\u00e9s au gouvernement du Royaume\u2019\u2019, a-t-il d\u00e9clar\u00e9, rapporte l\u2019APS. Il s\u2019exprimait lors d\u2019un point de presse conjoint du FSS et du Conseil citoyen droit \u00e0 l\u2019eau et \u00e0 l\u2019assainissement au S\u00e9n\u00e9gal (COCIDEAS). \u2018\u2019On a entendu que le S\u00e9n\u00e9gal a accept\u00e9 de publier les contrats sur le p\u00e9trole et le gaz et pourtant l\u2019eau est plus importante que le p\u00e9trole et le gaz. Vous devez donc demander \u00e0 avoir le contrat sign\u00e9 entre Suez et l\u2019Etat du S\u00e9n\u00e9gal\u2019\u2019, s\u2019est-il \u00e9tonn\u00e9. Selon Mamadou Mignane Diouf, la publication de ce contrat doit permettre aux acteurs \u201dde comprendre la part du secteur priv\u00e9 ainsi que celui des soci\u00e9t\u00e9s priv\u00e9es qui sont dans le capital\u201d dans le cadre du contrat avec Suez. M. Diouf a demand\u00e9 \u00e9galement au gouvernement \u201dde bien revoir la situation de ce contrat d\u2019affermage attribu\u00e9 \u00e0 Suez\u201d, rappelant \u201dque le Forum civil s\u00e9n\u00e9galais l\u2019avait d\u00e9nonc\u00e9 \u00e0 l\u2019\u00e9poque\u201d.<\/p>\n","protected":false},"author":15,"featured_media":34458,"comment_status":"open","ping_status":"open","sticky":false,"template":"","format":"standard","meta":{"_jetpack_memberships_contains_paid_content":false,"footnotes":""},"categories":[375,550,549,373,4222,602,3,1],"tags":[3664,6926,6929,6924,6928,6923,6927,6925,3659],"class_list":["post-34457","post","type-post","status-publish","format-standard","has-post-thumbnail","hentry","category-actualites","category-afrique-monde","category-economie","category-environnement","category-infrastructures","category-partenaires","category-politique","category-non-classe","tag-a-dakar","tag-a-invite","tag-distribution-deau-potable-en-zone-urbaine-et-peri-urbaine","tag-letat-invite-a-publier-le-contrat-daffermage-signe-avec-le-groupe-suez","tag-la-gestion-du-service-public-de-production-et-de-distribution-deau-potable","tag-le-coordinateur-du-forum-social-senegalais-fss","tag-les-autorites-senegalaises-a-publier-le-contrat-daffermage-pour-la-gestion-du-service-public","tag-mamadou-mignane-diouf","tag-vendredi","entry","has-media","owp-thumbs-layout-horizontal","owp-btn-normal","owp-tabs-layout-horizontal","has-no-thumbnails","has-product-nav"],"yoast_head":"<!-- This site is optimized with the Yoast SEO plugin v25.5 - https:\/\/yoast.com\/wordpress\/plugins\/seo\/ -->\n<title>Distribution de l\u2019eau : L\u2019Etat invit\u00e9 \u00e0 publier le contrat d\u2019affermage sign\u00e9 avec le Groupe Suez - LE PUBLIC<\/title>\n<meta name=\"robots\" content=\"index, follow, max-snippet:-1, max-image-preview:large, max-video-preview:-1\" \/>\n<link rel=\"canonical\" href=\"https:\/\/www.public.sn\/index.php\/2024\/07\/20\/distribution-de-leau-letat-invite-a-publier-le-contrat-daffermage-signe-avec-le-groupe-suez\/\" \/>\n<meta property=\"og:locale\" content=\"fr_FR\" \/>\n<meta property=\"og:type\" content=\"article\" \/>\n<meta property=\"og:title\" content=\"Distribution de l\u2019eau : L\u2019Etat invit\u00e9 \u00e0 publier le contrat d\u2019affermage sign\u00e9 avec le Groupe Suez - LE PUBLIC\" \/>\n<meta property=\"og:description\" content=\"Le coordinateur du Forum social s\u00e9n\u00e9galais (FSS), Mamadou Mignane Diouf, a invit\u00e9, ce vendredi 19 juillet, \u00e0 Dakar, les autorit\u00e9s s\u00e9n\u00e9galaises \u00e0 publier le contrat d\u2019affermage pour la gestion du service public de production et de distribution d\u2019eau potable en zone urbaine et p\u00e9ri-urbaine, sign\u00e9 entre la multinationale fran\u00e7aise Suez et l\u2019Etat du S\u00e9n\u00e9gal. \u2018\u2019Nous demandons au gouvernement de proc\u00e9der \u00e0 la publication de ce contrat avec Suez qui vient de perdre ses avoirs au Maroc. Des avoirs que V\u00e9olia a r\u00e9troc\u00e9d\u00e9s au gouvernement du Royaume\u2019\u2019, a-t-il d\u00e9clar\u00e9, rapporte l\u2019APS. Il s\u2019exprimait lors d\u2019un point de presse conjoint du FSS et du Conseil citoyen droit \u00e0 l\u2019eau et \u00e0 l\u2019assainissement au S\u00e9n\u00e9gal (COCIDEAS). \u2018\u2019On a entendu que le S\u00e9n\u00e9gal a accept\u00e9 de publier les contrats sur le p\u00e9trole et le gaz et pourtant l\u2019eau est plus importante que le p\u00e9trole et le gaz. Vous devez donc demander \u00e0 avoir le contrat sign\u00e9 entre Suez et l\u2019Etat du S\u00e9n\u00e9gal\u2019\u2019, s\u2019est-il \u00e9tonn\u00e9. Selon Mamadou Mignane Diouf, la publication de ce contrat doit permettre aux acteurs \u201dde comprendre la part du secteur priv\u00e9 ainsi que celui des soci\u00e9t\u00e9s priv\u00e9es qui sont dans le capital\u201d dans le cadre du contrat avec Suez. M. Diouf a demand\u00e9 \u00e9galement au gouvernement \u201dde bien revoir la situation de ce contrat d\u2019affermage attribu\u00e9 \u00e0 Suez\u201d, rappelant \u201dque le Forum civil s\u00e9n\u00e9galais l\u2019avait d\u00e9nonc\u00e9 \u00e0 l\u2019\u00e9poque\u201d.\" \/>\n<meta property=\"og:url\" content=\"https:\/\/www.public.sn\/index.php\/2024\/07\/20\/distribution-de-leau-letat-invite-a-publier-le-contrat-daffermage-signe-avec-le-groupe-suez\/\" \/>\n<meta property=\"og:site_name\" content=\"LE PUBLIC\" \/>\n<meta property=\"article:published_time\" content=\"2024-07-20T12:16:13+00:00\" \/>\n<meta property=\"og:image\" content=\"https:\/\/www.public.sn\/wp-content\/uploads\/2024\/07\/PPP1-12.jpeg\" \/>\n\t<meta property=\"og:image:width\" content=\"1600\" \/>\n\t<meta property=\"og:image:height\" content=\"924\" \/>\n\t<meta property=\"og:image:type\" content=\"image\/jpeg\" \/>\n<meta name=\"author\" content=\"Baye Amath THIAM\" \/>\n<meta name=\"twitter:card\" content=\"summary_large_image\" \/>\n<meta name=\"twitter:label1\" content=\"\u00c9crit par\" \/>\n\t<meta name=\"twitter:data1\" content=\"Baye Amath THIAM\" \/>\n\t<meta name=\"twitter:label2\" content=\"Dur\u00e9e de lecture estim\u00e9e\" \/>\n\t<meta name=\"twitter:data2\" content=\"1 minute\" \/>\n<script type=\"application\/ld+json\" class=\"yoast-schema-graph\">{\"@context\":\"https:\/\/schema.org\",\"@graph\":[{\"@type\":\"Article\",\"@id\":\"https:\/\/www.public.sn\/index.php\/2024\/07\/20\/distribution-de-leau-letat-invite-a-publier-le-contrat-daffermage-signe-avec-le-groupe-suez\/#article\",\"isPartOf\":{\"@id\":\"https:\/\/www.public.sn\/index.php\/2024\/07\/20\/distribution-de-leau-letat-invite-a-publier-le-contrat-daffermage-signe-avec-le-groupe-suez\/\"},\"author\":{\"name\":\"Baye Amath THIAM\",\"@id\":\"https:\/\/www.public.sn\/#\/schema\/person\/f77cd9ce05d8fb925eb038378ee6899d\"},\"headline\":\"Distribution de l\u2019eau : L\u2019Etat invit\u00e9 \u00e0 publier le contrat d\u2019affermage sign\u00e9 avec le Groupe Suez\",\"datePublished\":\"2024-07-20T12:16:13+00:00\",\"mainEntityOfPage\":{\"@id\":\"https:\/\/www.public.sn\/index.php\/2024\/07\/20\/distribution-de-leau-letat-invite-a-publier-le-contrat-daffermage-signe-avec-le-groupe-suez\/\"},\"wordCount\":278,\"commentCount\":0,\"publisher\":{\"@id\":\"https:\/\/www.public.sn\/#organization\"},\"image\":{\"@id\":\"https:\/\/www.public.sn\/index.php\/2024\/07\/20\/distribution-de-leau-letat-invite-a-publier-le-contrat-daffermage-signe-avec-le-groupe-suez\/#primaryimage\"},\"thumbnailUrl\":\"https:\/\/www.public.sn\/wp-content\/uploads\/2024\/07\/PPP1-12.jpeg\",\"keywords\":[\"\u00e0 dakar\",\"a invit\u00e9\",\"distribution d\u2019eau potable en zone urbaine et p\u00e9ri-urbaine\",\"L\u2019Etat invit\u00e9 \u00e0 publier le contrat d\u2019affermage sign\u00e9 avec le Groupe Suez\",\"la gestion du service public de production et de distribution d\u2019eau potable\",\"Le coordinateur du Forum social s\u00e9n\u00e9galais (FSS)\",\"les autorit\u00e9s s\u00e9n\u00e9galaises \u00e0 publier le contrat d\u2019affermage pour la gestion du service public\",\"Mamadou Mignane Diouf\",\"Vendredi;\"],\"articleSection\":[\"ACTUALIT\u00c9S\",\"AFRIQUE &amp; MONDE\",\"\u00c9CONOMIE\",\"ENVIRONNEMENT\",\"INFRASTRUCTURES\",\"PARTENAIRES\",\"POLITIQUE\",\"S\u00c9N\u00c9GAL\"],\"inLanguage\":\"fr-FR\",\"potentialAction\":[{\"@type\":\"CommentAction\",\"name\":\"Comment\",\"target\":[\"https:\/\/www.public.sn\/index.php\/2024\/07\/20\/distribution-de-leau-letat-invite-a-publier-le-contrat-daffermage-signe-avec-le-groupe-suez\/#respond\"]}]},{\"@type\":\"WebPage\",\"@id\":\"https:\/\/www.public.sn\/index.php\/2024\/07\/20\/distribution-de-leau-letat-invite-a-publier-le-contrat-daffermage-signe-avec-le-groupe-suez\/\",\"url\":\"https:\/\/www.public.sn\/index.php\/2024\/07\/20\/distribution-de-leau-letat-invite-a-publier-le-contrat-daffermage-signe-avec-le-groupe-suez\/\",\"name\":\"Distribution de l\u2019eau : L\u2019Etat invit\u00e9 \u00e0 publier le contrat d\u2019affermage sign\u00e9 avec le Groupe Suez - LE PUBLIC\",\"isPartOf\":{\"@id\":\"https:\/\/www.public.sn\/#website\"},\"primaryImageOfPage\":{\"@id\":\"https:\/\/www.public.sn\/index.php\/2024\/07\/20\/distribution-de-leau-letat-invite-a-publier-le-contrat-daffermage-signe-avec-le-groupe-suez\/#primaryimage\"},\"image\":{\"@id\":\"https:\/\/www.public.sn\/index.php\/2024\/07\/20\/distribution-de-leau-letat-invite-a-publier-le-contrat-daffermage-signe-avec-le-groupe-suez\/#primaryimage\"},\"thumbnailUrl\":\"https:\/\/www.public.sn\/wp-content\/uploads\/2024\/07\/PPP1-12.jpeg\",\"datePublished\":\"2024-07-20T12:16:13+00:00\",\"breadcrumb\":{\"@id\":\"https:\/\/www.public.sn\/index.php\/2024\/07\/20\/distribution-de-leau-letat-invite-a-publier-le-contrat-daffermage-signe-avec-le-groupe-suez\/#breadcrumb\"},\"inLanguage\":\"fr-FR\",\"potentialAction\":[{\"@type\":\"ReadAction\",\"target\":[\"https:\/\/www.public.sn\/index.php\/2024\/07\/20\/distribution-de-leau-letat-invite-a-publier-le-contrat-daffermage-signe-avec-le-groupe-suez\/\"]}]},{\"@type\":\"ImageObject\",\"inLanguage\":\"fr-FR\",\"@id\":\"https:\/\/www.public.sn\/index.php\/2024\/07\/20\/distribution-de-leau-letat-invite-a-publier-le-contrat-daffermage-signe-avec-le-groupe-suez\/#primaryimage\",\"url\":\"https:\/\/www.public.sn\/wp-content\/uploads\/2024\/07\/PPP1-12.jpeg\",\"contentUrl\":\"https:\/\/www.public.sn\/wp-content\/uploads\/2024\/07\/PPP1-12.jpeg\",\"width\":1600,\"height\":924},{\"@type\":\"BreadcrumbList\",\"@id\":\"https:\/\/www.public.sn\/index.php\/2024\/07\/20\/distribution-de-leau-letat-invite-a-publier-le-contrat-daffermage-signe-avec-le-groupe-suez\/#breadcrumb\",\"itemListElement\":[{\"@type\":\"ListItem\",\"position\":1,\"name\":\"Accueil\",\"item\":\"https:\/\/www.public.sn\/\"},{\"@type\":\"ListItem\",\"position\":2,\"name\":\"Distribution de l\u2019eau : L\u2019Etat invit\u00e9 \u00e0 publier le contrat d\u2019affermage sign\u00e9 avec le Groupe Suez\"}]},{\"@type\":\"WebSite\",\"@id\":\"https:\/\/www.public.sn\/#website\",\"url\":\"https:\/\/www.public.sn\/\",\"name\":\"LE PUBLIC\",\"description\":\"\",\"publisher\":{\"@id\":\"https:\/\/www.public.sn\/#organization\"},\"potentialAction\":[{\"@type\":\"SearchAction\",\"target\":{\"@type\":\"EntryPoint\",\"urlTemplate\":\"https:\/\/www.public.sn\/?s={search_term_string}\"},\"query-input\":{\"@type\":\"PropertyValueSpecification\",\"valueRequired\":true,\"valueName\":\"search_term_string\"}}],\"inLanguage\":\"fr-FR\"},{\"@type\":\"Organization\",\"@id\":\"https:\/\/www.public.sn\/#organization\",\"name\":\"LE PUBLIC\",\"url\":\"https:\/\/www.public.sn\/\",\"logo\":{\"@type\":\"ImageObject\",\"inLanguage\":\"fr-FR\",\"@id\":\"https:\/\/www.public.sn\/#\/schema\/logo\/image\/\",\"url\":\"https:\/\/www.public.sn\/wp-content\/uploads\/2024\/05\/cropped-LOGO-PUBLIC.SN_.png\",\"contentUrl\":\"https:\/\/www.public.sn\/wp-content\/uploads\/2024\/05\/cropped-LOGO-PUBLIC.SN_.png\",\"width\":682,\"height\":192,\"caption\":\"LE PUBLIC\"},\"image\":{\"@id\":\"https:\/\/www.public.sn\/#\/schema\/logo\/image\/\"}},{\"@type\":\"Person\",\"@id\":\"https:\/\/www.public.sn\/#\/schema\/person\/f77cd9ce05d8fb925eb038378ee6899d\",\"name\":\"Baye Amath THIAM\",\"image\":{\"@type\":\"ImageObject\",\"inLanguage\":\"fr-FR\",\"@id\":\"https:\/\/www.public.sn\/#\/schema\/person\/image\/\",\"url\":\"https:\/\/secure.gravatar.com\/avatar\/7eb863ef1336b6f8a2ad921469701e52f094a61c698fab02f5af742ed813612d?s=96&d=mm&r=g\",\"contentUrl\":\"https:\/\/secure.gravatar.com\/avatar\/7eb863ef1336b6f8a2ad921469701e52f094a61c698fab02f5af742ed813612d?s=96&d=mm&r=g\",\"caption\":\"Baye Amath THIAM\"},\"url\":\"https:\/\/www.public.sn\/index.php\/author\/thiamba24\/\"}]}<\/script>\n<!-- \/ Yoast SEO plugin. -->","yoast_head_json":{"title":"Distribution de l\u2019eau : L\u2019Etat invit\u00e9 \u00e0 publier le contrat d\u2019affermage sign\u00e9 avec le Groupe Suez - LE PUBLIC","robots":{"index":"index","follow":"follow","max-snippet":"max-snippet:-1","max-image-preview":"max-image-preview:large","max-video-preview":"max-video-preview:-1"},"canonical":"https:\/\/www.public.sn\/index.php\/2024\/07\/20\/distribution-de-leau-letat-invite-a-publier-le-contrat-daffermage-signe-avec-le-groupe-suez\/","og_locale":"fr_FR","og_type":"article","og_title":"Distribution de l\u2019eau : L\u2019Etat invit\u00e9 \u00e0 publier le contrat d\u2019affermage sign\u00e9 avec le Groupe Suez - LE PUBLIC","og_description":"Le coordinateur du Forum social s\u00e9n\u00e9galais (FSS), Mamadou Mignane Diouf, a invit\u00e9, ce vendredi 19 juillet, \u00e0 Dakar, les autorit\u00e9s s\u00e9n\u00e9galaises \u00e0 publier le contrat d\u2019affermage pour la gestion du service public de production et de distribution d\u2019eau potable en zone urbaine et p\u00e9ri-urbaine, sign\u00e9 entre la multinationale fran\u00e7aise Suez et l\u2019Etat du S\u00e9n\u00e9gal. \u2018\u2019Nous demandons au gouvernement de proc\u00e9der \u00e0 la publication de ce contrat avec Suez qui vient de perdre ses avoirs au Maroc. Des avoirs que V\u00e9olia a r\u00e9troc\u00e9d\u00e9s au gouvernement du Royaume\u2019\u2019, a-t-il d\u00e9clar\u00e9, rapporte l\u2019APS. Il s\u2019exprimait lors d\u2019un point de presse conjoint du FSS et du Conseil citoyen droit \u00e0 l\u2019eau et \u00e0 l\u2019assainissement au S\u00e9n\u00e9gal (COCIDEAS). \u2018\u2019On a entendu que le S\u00e9n\u00e9gal a accept\u00e9 de publier les contrats sur le p\u00e9trole et le gaz et pourtant l\u2019eau est plus importante que le p\u00e9trole et le gaz. Vous devez donc demander \u00e0 avoir le contrat sign\u00e9 entre Suez et l\u2019Etat du S\u00e9n\u00e9gal\u2019\u2019, s\u2019est-il \u00e9tonn\u00e9. Selon Mamadou Mignane Diouf, la publication de ce contrat doit permettre aux acteurs \u201dde comprendre la part du secteur priv\u00e9 ainsi que celui des soci\u00e9t\u00e9s priv\u00e9es qui sont dans le capital\u201d dans le cadre du contrat avec Suez. M. Diouf a demand\u00e9 \u00e9galement au gouvernement \u201dde bien revoir la situation de ce contrat d\u2019affermage attribu\u00e9 \u00e0 Suez\u201d, rappelant \u201dque le Forum civil s\u00e9n\u00e9galais l\u2019avait d\u00e9nonc\u00e9 \u00e0 l\u2019\u00e9poque\u201d.","og_url":"https:\/\/www.public.sn\/index.php\/2024\/07\/20\/distribution-de-leau-letat-invite-a-publier-le-contrat-daffermage-signe-avec-le-groupe-suez\/","og_site_name":"LE PUBLIC","article_published_time":"2024-07-20T12:16:13+00:00","og_image":[{"width":1600,"height":924,"url":"https:\/\/www.public.sn\/wp-content\/uploads\/2024\/07\/PPP1-12.jpeg","type":"image\/jpeg"}],"author":"Baye Amath THIAM","twitter_card":"summary_large_image","twitter_misc":{"\u00c9crit par":"Baye Amath THIAM","Dur\u00e9e de lecture estim\u00e9e":"1 minute"},"schema":{"@context":"https:\/\/schema.org","@graph":[{"@type":"Article","@id":"https:\/\/www.public.sn\/index.php\/2024\/07\/20\/distribution-de-leau-letat-invite-a-publier-le-contrat-daffermage-signe-avec-le-groupe-suez\/#article","isPartOf":{"@id":"https:\/\/www.public.sn\/index.php\/2024\/07\/20\/distribution-de-leau-letat-invite-a-publier-le-contrat-daffermage-signe-avec-le-groupe-suez\/"},"author":{"name":"Baye Amath THIAM","@id":"https:\/\/www.public.sn\/#\/schema\/person\/f77cd9ce05d8fb925eb038378ee6899d"},"headline":"Distribution de l\u2019eau : L\u2019Etat invit\u00e9 \u00e0 publier le contrat d\u2019affermage sign\u00e9 avec le Groupe Suez","datePublished":"2024-07-20T12:16:13+00:00","mainEntityOfPage":{"@id":"https:\/\/www.public.sn\/index.php\/2024\/07\/20\/distribution-de-leau-letat-invite-a-publier-le-contrat-daffermage-signe-avec-le-groupe-suez\/"},"wordCount":278,"commentCount":0,"publisher":{"@id":"https:\/\/www.public.sn\/#organization"},"image":{"@id":"https:\/\/www.public.sn\/index.php\/2024\/07\/20\/distribution-de-leau-letat-invite-a-publier-le-contrat-daffermage-signe-avec-le-groupe-suez\/#primaryimage"},"thumbnailUrl":"https:\/\/www.public.sn\/wp-content\/uploads\/2024\/07\/PPP1-12.jpeg","keywords":["\u00e0 dakar","a invit\u00e9","distribution d\u2019eau potable en zone urbaine et p\u00e9ri-urbaine","L\u2019Etat invit\u00e9 \u00e0 publier le contrat d\u2019affermage sign\u00e9 avec le Groupe Suez","la gestion du service public de production et de distribution d\u2019eau potable","Le coordinateur du Forum social s\u00e9n\u00e9galais (FSS)","les autorit\u00e9s s\u00e9n\u00e9galaises \u00e0 publier le contrat d\u2019affermage pour la gestion du service public","Mamadou Mignane Diouf","Vendredi;"],"articleSection":["ACTUALIT\u00c9S","AFRIQUE &amp; MONDE","\u00c9CONOMIE","ENVIRONNEMENT","INFRASTRUCTURES","PARTENAIRES","POLITIQUE","S\u00c9N\u00c9GAL"],"inLanguage":"fr-FR","potentialAction":[{"@type":"CommentAction","name":"Comment","target":["https:\/\/www.public.sn\/index.php\/2024\/07\/20\/distribution-de-leau-letat-invite-a-publier-le-contrat-daffermage-signe-avec-le-groupe-suez\/#respond"]}]},{"@type":"WebPage","@id":"https:\/\/www.public.sn\/index.php\/2024\/07\/20\/distribution-de-leau-letat-invite-a-publier-le-contrat-daffermage-signe-avec-le-groupe-suez\/","url":"https:\/\/www.public.sn\/index.php\/2024\/07\/20\/distribution-de-leau-letat-invite-a-publier-le-contrat-daffermage-signe-avec-le-groupe-suez\/","name":"Distribution de l\u2019eau : L\u2019Etat invit\u00e9 \u00e0 publier le contrat d\u2019affermage sign\u00e9 avec le Groupe Suez - LE PUBLIC","isPartOf":{"@id":"https:\/\/www.public.sn\/#website"},"primaryImageOfPage":{"@id":"https:\/\/www.public.sn\/index.php\/2024\/07\/20\/distribution-de-leau-letat-invite-a-publier-le-contrat-daffermage-signe-avec-le-groupe-suez\/#primaryimage"},"image":{"@id":"https:\/\/www.public.sn\/index.php\/2024\/07\/20\/distribution-de-leau-letat-invite-a-publier-le-contrat-daffermage-signe-avec-le-groupe-suez\/#primaryimage"},"thumbnailUrl":"https:\/\/www.public.sn\/wp-content\/uploads\/2024\/07\/PPP1-12.jpeg","datePublished":"2024-07-20T12:16:13+00:00","breadcrumb":{"@id":"https:\/\/www.public.sn\/index.php\/2024\/07\/20\/distribution-de-leau-letat-invite-a-publier-le-contrat-daffermage-signe-avec-le-groupe-suez\/#breadcrumb"},"inLanguage":"fr-FR","potentialAction":[{"@type":"ReadAction","target":["https:\/\/www.public.sn\/index.php\/2024\/07\/20\/distribution-de-leau-letat-invite-a-publier-le-contrat-daffermage-signe-avec-le-groupe-suez\/"]}]},{"@type":"ImageObject","inLanguage":"fr-FR","@id":"https:\/\/www.public.sn\/index.php\/2024\/07\/20\/distribution-de-leau-letat-invite-a-publier-le-contrat-daffermage-signe-avec-le-groupe-suez\/#primaryimage","url":"https:\/\/www.public.sn\/wp-content\/uploads\/2024\/07\/PPP1-12.jpeg","contentUrl":"https:\/\/www.public.sn\/wp-content\/uploads\/2024\/07\/PPP1-12.jpeg","width":1600,"height":924},{"@type":"BreadcrumbList","@id":"https:\/\/www.public.sn\/index.php\/2024\/07\/20\/distribution-de-leau-letat-invite-a-publier-le-contrat-daffermage-signe-avec-le-groupe-suez\/#breadcrumb","itemListElement":[{"@type":"ListItem","position":1,"name":"Accueil","item":"https:\/\/www.public.sn\/"},{"@type":"ListItem","position":2,"name":"Distribution de l\u2019eau : L\u2019Etat invit\u00e9 \u00e0 publier le contrat d\u2019affermage sign\u00e9 avec le Groupe Suez"}]},{"@type":"WebSite","@id":"https:\/\/www.public.sn\/#website","url":"https:\/\/www.public.sn\/","name":"LE PUBLIC","description":"","publisher":{"@id":"https:\/\/www.public.sn\/#organization"},"potentialAction":[{"@type":"SearchAction","target":{"@type":"EntryPoint","urlTemplate":"https:\/\/www.public.sn\/?s={search_term_string}"},"query-input":{"@type":"PropertyValueSpecification","valueRequired":true,"valueName":"search_term_string"}}],"inLanguage":"fr-FR"},{"@type":"Organization","@id":"https:\/\/www.public.sn\/#organization","name":"LE PUBLIC","url":"https:\/\/www.public.sn\/","logo":{"@type":"ImageObject","inLanguage":"fr-FR","@id":"https:\/\/www.public.sn\/#\/schema\/logo\/image\/","url":"https:\/\/www.public.sn\/wp-content\/uploads\/2024\/05\/cropped-LOGO-PUBLIC.SN_.png","contentUrl":"https:\/\/www.public.sn\/wp-content\/uploads\/2024\/05\/cropped-LOGO-PUBLIC.SN_.png","width":682,"height":192,"caption":"LE PUBLIC"},"image":{"@id":"https:\/\/www.public.sn\/#\/schema\/logo\/image\/"}},{"@type":"Person","@id":"https:\/\/www.public.sn\/#\/schema\/person\/f77cd9ce05d8fb925eb038378ee6899d","name":"Baye Amath THIAM","image":{"@type":"ImageObject","inLanguage":"fr-FR","@id":"https:\/\/www.public.sn\/#\/schema\/person\/image\/","url":"https:\/\/secure.gravatar.com\/avatar\/7eb863ef1336b6f8a2ad921469701e52f094a61c698fab02f5af742ed813612d?s=96&d=mm&r=g","contentUrl":"https:\/\/secure.gravatar.com\/avatar\/7eb863ef1336b6f8a2ad921469701e52f094a61c698fab02f5af742ed813612d?s=96&d=mm&r=g","caption":"Baye Amath THIAM"},"url":"https:\/\/www.public.sn\/index.php\/author\/thiamba24\/"}]}},"jetpack_featured_media_url":"https:\/\/www.public.sn\/wp-content\/uploads\/2024\/07\/PPP1-12.jpeg","jetpack_sharing_enabled":true,"_links":{"self":[{"href":"https:\/\/www.public.sn\/index.php\/wp-json\/wp\/v2\/posts\/34457","targetHints":{"allow":["GET"]}}],"collection":[{"href":"https:\/\/www.public.sn\/index.php\/wp-json\/wp\/v2\/posts"}],"about":[{"href":"https:\/\/www.public.sn\/index.php\/wp-json\/wp\/v2\/types\/post"}],"author":[{"embeddable":true,"href":"https:\/\/www.public.sn\/index.php\/wp-json\/wp\/v2\/users\/15"}],"replies":[{"embeddable":true,"href":"https:\/\/www.public.sn\/index.php\/wp-json\/wp\/v2\/comments?post=34457"}],"version-history":[{"count":1,"href":"https:\/\/www.public.sn\/index.php\/wp-json\/wp\/v2\/posts\/34457\/revisions"}],"predecessor-version":[{"id":34459,"href":"https:\/\/www.public.sn\/index.php\/wp-json\/wp\/v2\/posts\/34457\/revisions\/34459"}],"wp:featuredmedia":[{"embeddable":true,"href":"https:\/\/www.public.sn\/index.php\/wp-json\/wp\/v2\/media\/34458"}],"wp:attachment":[{"href":"https:\/\/www.public.sn\/index.php\/wp-json\/wp\/v2\/media?parent=34457"}],"wp:term":[{"taxonomy":"category","embeddable":true,"href":"https:\/\/www.public.sn\/index.php\/wp-json\/wp\/v2\/categories?post=34457"},{"taxonomy":"post_tag","embeddable":true,"href":"https:\/\/www.public.sn\/index.php\/wp-json\/wp\/v2\/tags?post=34457"}],"curies":[{"name":"wp","href":"https:\/\/api.w.org\/{rel}","templated":true}]}}