{"id":34460,"date":"2024-07-20T12:39:53","date_gmt":"2024-07-20T12:39:53","guid":{"rendered":"https:\/\/www.public.sn\/?p=34460"},"modified":"2024-07-20T12:39:53","modified_gmt":"2024-07-20T12:39:53","slug":"orientation-des-nouveaux-bacheliers-la-proposition-du-premier-ministre-pour-desengorger-lucad-cette-annee","status":"publish","type":"post","link":"https:\/\/www.public.sn\/index.php\/2024\/07\/20\/orientation-des-nouveaux-bacheliers-la-proposition-du-premier-ministre-pour-desengorger-lucad-cette-annee\/","title":{"rendered":"Orientation des nouveaux bacheliers : La proposition du Premier ministre pour d\u00e9sengorger l\u2019UCAD cette ann\u00e9e"},"content":{"rendered":"<p>Abordant, lors du conseil des ministres ce jeudi, la probl\u00e9matique de l\u2019orientation des nouveaux bacheliers dans les diff\u00e9rentes Universit\u00e9s s\u00e9n\u00e9galaises, le Premier ministre a jug\u00e9 indispensable de veiller \u00e0 la mise en ad\u00e9quation des d\u00e9cisions d\u2019orientation avec les profils et choix des bacheliers ainsi qu\u2019au renforcement des infrastructures et des campus sociaux dans les r\u00e9gions afin de d\u00e9congestionner l\u2019Universit\u00e9 Cheikh Anta Diop de Dakar, renseigne Dakaractu.<\/p><div class=\"publi-paragraphe1\" style=\"margin-top: 10px;margin-bottom: 10px;margin-left: auto;margin-right: auto;text-align: center;\" id=\"publi-2672926675\"><div class=\"publi-adlabel\">Publicit\u00e9<\/div><script async src=\"\/\/pagead2.googlesyndication.com\/pagead\/js\/adsbygoogle.js?client=ca-pub-4089586018074219\" crossorigin=\"anonymous\"><\/script><ins class=\"adsbygoogle\" style=\"display:block;\" data-ad-client=\"ca-pub-4089586018074219\" \ndata-ad-slot=\"2087940154\" \ndata-ad-format=\"auto\"><\/ins>\n<script> \n(adsbygoogle = window.adsbygoogle || []).push({}); \n<\/script>\n<\/div>\n<p>Ousmane Sonko a \u00e9galement soulev\u00e9 l\u2019exigence de disposer d\u2019une m\u00e9thodologie \u00e0 m\u00eame de garantir la transparence absolue de l\u2019allocation des bourses d\u2019\u00e9tudes et des locaux d\u2019h\u00e9bergement des \u00e9tudiants dans les campus sociaux\u2026<\/p>\n<div class=\"publi-apres-le-contenu\" style=\"margin-top: 10px;margin-bottom: 10px;margin-left: auto;margin-right: auto;text-align: center;\" id=\"publi-1672584228\"><div class=\"publi-adlabel\">Publicit\u00e9<\/div><script async src=\"\/\/pagead2.googlesyndication.com\/pagead\/js\/adsbygoogle.js?client=ca-pub-4089586018074219\" crossorigin=\"anonymous\"><\/script><ins class=\"adsbygoogle\" style=\"display:block;\" data-ad-client=\"ca-pub-4089586018074219\" \ndata-ad-slot=\"2087940154\" \ndata-ad-format=\"auto\"><\/ins>\n<script> \n(adsbygoogle = window.adsbygoogle || []).push({}); \n<\/script>\n<\/div>","protected":false},"excerpt":{"rendered":"<p>Abordant, lors du conseil des ministres ce jeudi, la probl\u00e9matique de l\u2019orientation des nouveaux bacheliers dans les diff\u00e9rentes Universit\u00e9s s\u00e9n\u00e9galaises, le Premier ministre a jug\u00e9 indispensable de veiller \u00e0 la mise en ad\u00e9quation des d\u00e9cisions d\u2019orientation avec les profils et choix des bacheliers ainsi qu\u2019au renforcement des infrastructures et des campus sociaux dans les r\u00e9gions afin de d\u00e9congestionner l\u2019Universit\u00e9 Cheikh Anta Diop de Dakar, renseigne Dakaractu. Ousmane Sonko a \u00e9galement soulev\u00e9 l\u2019exigence de disposer d\u2019une m\u00e9thodologie \u00e0 m\u00eame de garantir la transparence absolue de l\u2019allocation des bourses d\u2019\u00e9tudes et des locaux d\u2019h\u00e9bergement des \u00e9tudiants dans les campus sociaux\u2026<\/p>\n","protected":false},"author":15,"featured_media":34461,"comment_status":"open","ping_status":"open","sticky":false,"template":"","format":"standard","meta":{"_jetpack_memberships_contains_paid_content":false,"footnotes":""},"categories":[375,550,549,854,373,4222,376,1,4],"tags":[6933,6931,6932,6930,16],"class_list":["post-34460","post","type-post","status-publish","format-standard","has-post-thumbnail","hentry","category-actualites","category-afrique-monde","category-economie","category-education","category-environnement","category-infrastructures","category-securite-justice","category-non-classe","category-societe","tag-la-problematique-de-lorientation-des-nouveaux-bacheliers","tag-la-proposition-du-premier-ministre-pour-desengorger-lucad-cette-annee","tag-lors-du-conseil-des-ministres-ce-jeudi","tag-orientation-des-nouveaux-bacheliers","tag-ousmane-sonko","entry","has-media","owp-thumbs-layout-horizontal","owp-btn-normal","owp-tabs-layout-horizontal","has-no-thumbnails","has-product-nav"],"yoast_head":"<!-- This site is optimized with the Yoast SEO plugin v25.5 - https:\/\/yoast.com\/wordpress\/plugins\/seo\/ -->\n<title>Orientation des nouveaux bacheliers : La proposition du Premier ministre pour d\u00e9sengorger l\u2019UCAD cette ann\u00e9e - LE PUBLIC<\/title>\n<meta name=\"robots\" content=\"index, follow, max-snippet:-1, max-image-preview:large, max-video-preview:-1\" \/>\n<link rel=\"canonical\" href=\"https:\/\/www.public.sn\/index.php\/2024\/07\/20\/orientation-des-nouveaux-bacheliers-la-proposition-du-premier-ministre-pour-desengorger-lucad-cette-annee\/\" \/>\n<meta property=\"og:locale\" content=\"fr_FR\" \/>\n<meta property=\"og:type\" content=\"article\" \/>\n<meta property=\"og:title\" content=\"Orientation des nouveaux bacheliers : La proposition du Premier ministre pour d\u00e9sengorger l\u2019UCAD cette ann\u00e9e - LE PUBLIC\" \/>\n<meta property=\"og:description\" content=\"Abordant, lors du conseil des ministres ce jeudi, la probl\u00e9matique de l\u2019orientation des nouveaux bacheliers dans les diff\u00e9rentes Universit\u00e9s s\u00e9n\u00e9galaises, le Premier ministre a jug\u00e9 indispensable de veiller \u00e0 la mise en ad\u00e9quation des d\u00e9cisions d\u2019orientation avec les profils et choix des bacheliers ainsi qu\u2019au renforcement des infrastructures et des campus sociaux dans les r\u00e9gions afin de d\u00e9congestionner l\u2019Universit\u00e9 Cheikh Anta Diop de Dakar, renseigne Dakaractu. Ousmane Sonko a \u00e9galement soulev\u00e9 l\u2019exigence de disposer d\u2019une m\u00e9thodologie \u00e0 m\u00eame de garantir la transparence absolue de l\u2019allocation des bourses d\u2019\u00e9tudes et des locaux d\u2019h\u00e9bergement des \u00e9tudiants dans les campus sociaux\u2026\" \/>\n<meta property=\"og:url\" content=\"https:\/\/www.public.sn\/index.php\/2024\/07\/20\/orientation-des-nouveaux-bacheliers-la-proposition-du-premier-ministre-pour-desengorger-lucad-cette-annee\/\" \/>\n<meta property=\"og:site_name\" content=\"LE PUBLIC\" \/>\n<meta property=\"article:published_time\" content=\"2024-07-20T12:39:53+00:00\" \/>\n<meta property=\"og:image\" content=\"https:\/\/www.public.sn\/wp-content\/uploads\/2024\/07\/IMG_20240520_122414_800_x_445_pixel.jpeg\" \/>\n\t<meta property=\"og:image:width\" content=\"800\" \/>\n\t<meta property=\"og:image:height\" content=\"445\" \/>\n\t<meta property=\"og:image:type\" content=\"image\/jpeg\" \/>\n<meta name=\"author\" content=\"Baye Amath THIAM\" \/>\n<meta name=\"twitter:card\" content=\"summary_large_image\" \/>\n<meta name=\"twitter:label1\" content=\"\u00c9crit par\" \/>\n\t<meta name=\"twitter:data1\" content=\"Baye Amath THIAM\" \/>\n\t<meta name=\"twitter:label2\" content=\"Dur\u00e9e de lecture estim\u00e9e\" \/>\n\t<meta name=\"twitter:data2\" content=\"1 minute\" \/>\n<script type=\"application\/ld+json\" class=\"yoast-schema-graph\">{\"@context\":\"https:\/\/schema.org\",\"@graph\":[{\"@type\":\"Article\",\"@id\":\"https:\/\/www.public.sn\/index.php\/2024\/07\/20\/orientation-des-nouveaux-bacheliers-la-proposition-du-premier-ministre-pour-desengorger-lucad-cette-annee\/#article\",\"isPartOf\":{\"@id\":\"https:\/\/www.public.sn\/index.php\/2024\/07\/20\/orientation-des-nouveaux-bacheliers-la-proposition-du-premier-ministre-pour-desengorger-lucad-cette-annee\/\"},\"author\":{\"name\":\"Baye Amath THIAM\",\"@id\":\"https:\/\/www.public.sn\/#\/schema\/person\/f77cd9ce05d8fb925eb038378ee6899d\"},\"headline\":\"Orientation des nouveaux bacheliers : La proposition du Premier ministre pour d\u00e9sengorger l\u2019UCAD cette ann\u00e9e\",\"datePublished\":\"2024-07-20T12:39:53+00:00\",\"mainEntityOfPage\":{\"@id\":\"https:\/\/www.public.sn\/index.php\/2024\/07\/20\/orientation-des-nouveaux-bacheliers-la-proposition-du-premier-ministre-pour-desengorger-lucad-cette-annee\/\"},\"wordCount\":134,\"commentCount\":0,\"publisher\":{\"@id\":\"https:\/\/www.public.sn\/#organization\"},\"image\":{\"@id\":\"https:\/\/www.public.sn\/index.php\/2024\/07\/20\/orientation-des-nouveaux-bacheliers-la-proposition-du-premier-ministre-pour-desengorger-lucad-cette-annee\/#primaryimage\"},\"thumbnailUrl\":\"https:\/\/www.public.sn\/wp-content\/uploads\/2024\/07\/IMG_20240520_122414_800_x_445_pixel.jpeg\",\"keywords\":[\"la probl\u00e9matique de l\u2019orientation des nouveaux bacheliers\",\"La proposition du Premier ministre pour d\u00e9sengorger l\u2019UCAD cette ann\u00e9e\",\"lors du conseil des ministres ce jeudi\",\"Orientation des nouveaux bacheliers\",\"Ousmane Sonko\"],\"articleSection\":[\"ACTUALIT\u00c9S\",\"AFRIQUE &amp; MONDE\",\"\u00c9CONOMIE\",\"\u00c9DUCATION\",\"ENVIRONNEMENT\",\"INFRASTRUCTURES\",\"S\u00c9CURIT\u00c9 &amp; JUSTICE\",\"S\u00c9N\u00c9GAL\",\"SOCIETE\"],\"inLanguage\":\"fr-FR\",\"potentialAction\":[{\"@type\":\"CommentAction\",\"name\":\"Comment\",\"target\":[\"https:\/\/www.public.sn\/index.php\/2024\/07\/20\/orientation-des-nouveaux-bacheliers-la-proposition-du-premier-ministre-pour-desengorger-lucad-cette-annee\/#respond\"]}]},{\"@type\":\"WebPage\",\"@id\":\"https:\/\/www.public.sn\/index.php\/2024\/07\/20\/orientation-des-nouveaux-bacheliers-la-proposition-du-premier-ministre-pour-desengorger-lucad-cette-annee\/\",\"url\":\"https:\/\/www.public.sn\/index.php\/2024\/07\/20\/orientation-des-nouveaux-bacheliers-la-proposition-du-premier-ministre-pour-desengorger-lucad-cette-annee\/\",\"name\":\"Orientation des nouveaux bacheliers : La proposition du Premier ministre pour d\u00e9sengorger l\u2019UCAD cette ann\u00e9e - LE PUBLIC\",\"isPartOf\":{\"@id\":\"https:\/\/www.public.sn\/#website\"},\"primaryImageOfPage\":{\"@id\":\"https:\/\/www.public.sn\/index.php\/2024\/07\/20\/orientation-des-nouveaux-bacheliers-la-proposition-du-premier-ministre-pour-desengorger-lucad-cette-annee\/#primaryimage\"},\"image\":{\"@id\":\"https:\/\/www.public.sn\/index.php\/2024\/07\/20\/orientation-des-nouveaux-bacheliers-la-proposition-du-premier-ministre-pour-desengorger-lucad-cette-annee\/#primaryimage\"},\"thumbnailUrl\":\"https:\/\/www.public.sn\/wp-content\/uploads\/2024\/07\/IMG_20240520_122414_800_x_445_pixel.jpeg\",\"datePublished\":\"2024-07-20T12:39:53+00:00\",\"breadcrumb\":{\"@id\":\"https:\/\/www.public.sn\/index.php\/2024\/07\/20\/orientation-des-nouveaux-bacheliers-la-proposition-du-premier-ministre-pour-desengorger-lucad-cette-annee\/#breadcrumb\"},\"inLanguage\":\"fr-FR\",\"potentialAction\":[{\"@type\":\"ReadAction\",\"target\":[\"https:\/\/www.public.sn\/index.php\/2024\/07\/20\/orientation-des-nouveaux-bacheliers-la-proposition-du-premier-ministre-pour-desengorger-lucad-cette-annee\/\"]}]},{\"@type\":\"ImageObject\",\"inLanguage\":\"fr-FR\",\"@id\":\"https:\/\/www.public.sn\/index.php\/2024\/07\/20\/orientation-des-nouveaux-bacheliers-la-proposition-du-premier-ministre-pour-desengorger-lucad-cette-annee\/#primaryimage\",\"url\":\"https:\/\/www.public.sn\/wp-content\/uploads\/2024\/07\/IMG_20240520_122414_800_x_445_pixel.jpeg\",\"contentUrl\":\"https:\/\/www.public.sn\/wp-content\/uploads\/2024\/07\/IMG_20240520_122414_800_x_445_pixel.jpeg\",\"width\":800,\"height\":445},{\"@type\":\"BreadcrumbList\",\"@id\":\"https:\/\/www.public.sn\/index.php\/2024\/07\/20\/orientation-des-nouveaux-bacheliers-la-proposition-du-premier-ministre-pour-desengorger-lucad-cette-annee\/#breadcrumb\",\"itemListElement\":[{\"@type\":\"ListItem\",\"position\":1,\"name\":\"Accueil\",\"item\":\"https:\/\/www.public.sn\/\"},{\"@type\":\"ListItem\",\"position\":2,\"name\":\"Orientation des nouveaux bacheliers : La proposition du Premier ministre pour d\u00e9sengorger l\u2019UCAD cette ann\u00e9e\"}]},{\"@type\":\"WebSite\",\"@id\":\"https:\/\/www.public.sn\/#website\",\"url\":\"https:\/\/www.public.sn\/\",\"name\":\"LE PUBLIC\",\"description\":\"\",\"publisher\":{\"@id\":\"https:\/\/www.public.sn\/#organization\"},\"potentialAction\":[{\"@type\":\"SearchAction\",\"target\":{\"@type\":\"EntryPoint\",\"urlTemplate\":\"https:\/\/www.public.sn\/?s={search_term_string}\"},\"query-input\":{\"@type\":\"PropertyValueSpecification\",\"valueRequired\":true,\"valueName\":\"search_term_string\"}}],\"inLanguage\":\"fr-FR\"},{\"@type\":\"Organization\",\"@id\":\"https:\/\/www.public.sn\/#organization\",\"name\":\"LE PUBLIC\",\"url\":\"https:\/\/www.public.sn\/\",\"logo\":{\"@type\":\"ImageObject\",\"inLanguage\":\"fr-FR\",\"@id\":\"https:\/\/www.public.sn\/#\/schema\/logo\/image\/\",\"url\":\"https:\/\/www.public.sn\/wp-content\/uploads\/2024\/05\/cropped-LOGO-PUBLIC.SN_.png\",\"contentUrl\":\"https:\/\/www.public.sn\/wp-content\/uploads\/2024\/05\/cropped-LOGO-PUBLIC.SN_.png\",\"width\":682,\"height\":192,\"caption\":\"LE PUBLIC\"},\"image\":{\"@id\":\"https:\/\/www.public.sn\/#\/schema\/logo\/image\/\"}},{\"@type\":\"Person\",\"@id\":\"https:\/\/www.public.sn\/#\/schema\/person\/f77cd9ce05d8fb925eb038378ee6899d\",\"name\":\"Baye Amath THIAM\",\"image\":{\"@type\":\"ImageObject\",\"inLanguage\":\"fr-FR\",\"@id\":\"https:\/\/www.public.sn\/#\/schema\/person\/image\/\",\"url\":\"https:\/\/secure.gravatar.com\/avatar\/7eb863ef1336b6f8a2ad921469701e52f094a61c698fab02f5af742ed813612d?s=96&d=mm&r=g\",\"contentUrl\":\"https:\/\/secure.gravatar.com\/avatar\/7eb863ef1336b6f8a2ad921469701e52f094a61c698fab02f5af742ed813612d?s=96&d=mm&r=g\",\"caption\":\"Baye Amath THIAM\"},\"url\":\"https:\/\/www.public.sn\/index.php\/author\/thiamba24\/\"}]}<\/script>\n<!-- \/ Yoast SEO plugin. -->","yoast_head_json":{"title":"Orientation des nouveaux bacheliers : La proposition du Premier ministre pour d\u00e9sengorger l\u2019UCAD cette ann\u00e9e - LE PUBLIC","robots":{"index":"index","follow":"follow","max-snippet":"max-snippet:-1","max-image-preview":"max-image-preview:large","max-video-preview":"max-video-preview:-1"},"canonical":"https:\/\/www.public.sn\/index.php\/2024\/07\/20\/orientation-des-nouveaux-bacheliers-la-proposition-du-premier-ministre-pour-desengorger-lucad-cette-annee\/","og_locale":"fr_FR","og_type":"article","og_title":"Orientation des nouveaux bacheliers : La proposition du Premier ministre pour d\u00e9sengorger l\u2019UCAD cette ann\u00e9e - LE PUBLIC","og_description":"Abordant, lors du conseil des ministres ce jeudi, la probl\u00e9matique de l\u2019orientation des nouveaux bacheliers dans les diff\u00e9rentes Universit\u00e9s s\u00e9n\u00e9galaises, le Premier ministre a jug\u00e9 indispensable de veiller \u00e0 la mise en ad\u00e9quation des d\u00e9cisions d\u2019orientation avec les profils et choix des bacheliers ainsi qu\u2019au renforcement des infrastructures et des campus sociaux dans les r\u00e9gions afin de d\u00e9congestionner l\u2019Universit\u00e9 Cheikh Anta Diop de Dakar, renseigne Dakaractu. Ousmane Sonko a \u00e9galement soulev\u00e9 l\u2019exigence de disposer d\u2019une m\u00e9thodologie \u00e0 m\u00eame de garantir la transparence absolue de l\u2019allocation des bourses d\u2019\u00e9tudes et des locaux d\u2019h\u00e9bergement des \u00e9tudiants dans les campus sociaux\u2026","og_url":"https:\/\/www.public.sn\/index.php\/2024\/07\/20\/orientation-des-nouveaux-bacheliers-la-proposition-du-premier-ministre-pour-desengorger-lucad-cette-annee\/","og_site_name":"LE PUBLIC","article_published_time":"2024-07-20T12:39:53+00:00","og_image":[{"width":800,"height":445,"url":"https:\/\/www.public.sn\/wp-content\/uploads\/2024\/07\/IMG_20240520_122414_800_x_445_pixel.jpeg","type":"image\/jpeg"}],"author":"Baye Amath THIAM","twitter_card":"summary_large_image","twitter_misc":{"\u00c9crit par":"Baye Amath THIAM","Dur\u00e9e de lecture estim\u00e9e":"1 minute"},"schema":{"@context":"https:\/\/schema.org","@graph":[{"@type":"Article","@id":"https:\/\/www.public.sn\/index.php\/2024\/07\/20\/orientation-des-nouveaux-bacheliers-la-proposition-du-premier-ministre-pour-desengorger-lucad-cette-annee\/#article","isPartOf":{"@id":"https:\/\/www.public.sn\/index.php\/2024\/07\/20\/orientation-des-nouveaux-bacheliers-la-proposition-du-premier-ministre-pour-desengorger-lucad-cette-annee\/"},"author":{"name":"Baye Amath THIAM","@id":"https:\/\/www.public.sn\/#\/schema\/person\/f77cd9ce05d8fb925eb038378ee6899d"},"headline":"Orientation des nouveaux bacheliers : La proposition du Premier ministre pour d\u00e9sengorger l\u2019UCAD cette ann\u00e9e","datePublished":"2024-07-20T12:39:53+00:00","mainEntityOfPage":{"@id":"https:\/\/www.public.sn\/index.php\/2024\/07\/20\/orientation-des-nouveaux-bacheliers-la-proposition-du-premier-ministre-pour-desengorger-lucad-cette-annee\/"},"wordCount":134,"commentCount":0,"publisher":{"@id":"https:\/\/www.public.sn\/#organization"},"image":{"@id":"https:\/\/www.public.sn\/index.php\/2024\/07\/20\/orientation-des-nouveaux-bacheliers-la-proposition-du-premier-ministre-pour-desengorger-lucad-cette-annee\/#primaryimage"},"thumbnailUrl":"https:\/\/www.public.sn\/wp-content\/uploads\/2024\/07\/IMG_20240520_122414_800_x_445_pixel.jpeg","keywords":["la probl\u00e9matique de l\u2019orientation des nouveaux bacheliers","La proposition du Premier ministre pour d\u00e9sengorger l\u2019UCAD cette ann\u00e9e","lors du conseil des ministres ce jeudi","Orientation des nouveaux bacheliers","Ousmane Sonko"],"articleSection":["ACTUALIT\u00c9S","AFRIQUE &amp; MONDE","\u00c9CONOMIE","\u00c9DUCATION","ENVIRONNEMENT","INFRASTRUCTURES","S\u00c9CURIT\u00c9 &amp; JUSTICE","S\u00c9N\u00c9GAL","SOCIETE"],"inLanguage":"fr-FR","potentialAction":[{"@type":"CommentAction","name":"Comment","target":["https:\/\/www.public.sn\/index.php\/2024\/07\/20\/orientation-des-nouveaux-bacheliers-la-proposition-du-premier-ministre-pour-desengorger-lucad-cette-annee\/#respond"]}]},{"@type":"WebPage","@id":"https:\/\/www.public.sn\/index.php\/2024\/07\/20\/orientation-des-nouveaux-bacheliers-la-proposition-du-premier-ministre-pour-desengorger-lucad-cette-annee\/","url":"https:\/\/www.public.sn\/index.php\/2024\/07\/20\/orientation-des-nouveaux-bacheliers-la-proposition-du-premier-ministre-pour-desengorger-lucad-cette-annee\/","name":"Orientation des nouveaux bacheliers : La proposition du Premier ministre pour d\u00e9sengorger l\u2019UCAD cette ann\u00e9e - LE PUBLIC","isPartOf":{"@id":"https:\/\/www.public.sn\/#website"},"primaryImageOfPage":{"@id":"https:\/\/www.public.sn\/index.php\/2024\/07\/20\/orientation-des-nouveaux-bacheliers-la-proposition-du-premier-ministre-pour-desengorger-lucad-cette-annee\/#primaryimage"},"image":{"@id":"https:\/\/www.public.sn\/index.php\/2024\/07\/20\/orientation-des-nouveaux-bacheliers-la-proposition-du-premier-ministre-pour-desengorger-lucad-cette-annee\/#primaryimage"},"thumbnailUrl":"https:\/\/www.public.sn\/wp-content\/uploads\/2024\/07\/IMG_20240520_122414_800_x_445_pixel.jpeg","datePublished":"2024-07-20T12:39:53+00:00","breadcrumb":{"@id":"https:\/\/www.public.sn\/index.php\/2024\/07\/20\/orientation-des-nouveaux-bacheliers-la-proposition-du-premier-ministre-pour-desengorger-lucad-cette-annee\/#breadcrumb"},"inLanguage":"fr-FR","potentialAction":[{"@type":"ReadAction","target":["https:\/\/www.public.sn\/index.php\/2024\/07\/20\/orientation-des-nouveaux-bacheliers-la-proposition-du-premier-ministre-pour-desengorger-lucad-cette-annee\/"]}]},{"@type":"ImageObject","inLanguage":"fr-FR","@id":"https:\/\/www.public.sn\/index.php\/2024\/07\/20\/orientation-des-nouveaux-bacheliers-la-proposition-du-premier-ministre-pour-desengorger-lucad-cette-annee\/#primaryimage","url":"https:\/\/www.public.sn\/wp-content\/uploads\/2024\/07\/IMG_20240520_122414_800_x_445_pixel.jpeg","contentUrl":"https:\/\/www.public.sn\/wp-content\/uploads\/2024\/07\/IMG_20240520_122414_800_x_445_pixel.jpeg","width":800,"height":445},{"@type":"BreadcrumbList","@id":"https:\/\/www.public.sn\/index.php\/2024\/07\/20\/orientation-des-nouveaux-bacheliers-la-proposition-du-premier-ministre-pour-desengorger-lucad-cette-annee\/#breadcrumb","itemListElement":[{"@type":"ListItem","position":1,"name":"Accueil","item":"https:\/\/www.public.sn\/"},{"@type":"ListItem","position":2,"name":"Orientation des nouveaux bacheliers : La proposition du Premier ministre pour d\u00e9sengorger l\u2019UCAD cette ann\u00e9e"}]},{"@type":"WebSite","@id":"https:\/\/www.public.sn\/#website","url":"https:\/\/www.public.sn\/","name":"LE PUBLIC","description":"","publisher":{"@id":"https:\/\/www.public.sn\/#organization"},"potentialAction":[{"@type":"SearchAction","target":{"@type":"EntryPoint","urlTemplate":"https:\/\/www.public.sn\/?s={search_term_string}"},"query-input":{"@type":"PropertyValueSpecification","valueRequired":true,"valueName":"search_term_string"}}],"inLanguage":"fr-FR"},{"@type":"Organization","@id":"https:\/\/www.public.sn\/#organization","name":"LE PUBLIC","url":"https:\/\/www.public.sn\/","logo":{"@type":"ImageObject","inLanguage":"fr-FR","@id":"https:\/\/www.public.sn\/#\/schema\/logo\/image\/","url":"https:\/\/www.public.sn\/wp-content\/uploads\/2024\/05\/cropped-LOGO-PUBLIC.SN_.png","contentUrl":"https:\/\/www.public.sn\/wp-content\/uploads\/2024\/05\/cropped-LOGO-PUBLIC.SN_.png","width":682,"height":192,"caption":"LE PUBLIC"},"image":{"@id":"https:\/\/www.public.sn\/#\/schema\/logo\/image\/"}},{"@type":"Person","@id":"https:\/\/www.public.sn\/#\/schema\/person\/f77cd9ce05d8fb925eb038378ee6899d","name":"Baye Amath THIAM","image":{"@type":"ImageObject","inLanguage":"fr-FR","@id":"https:\/\/www.public.sn\/#\/schema\/person\/image\/","url":"https:\/\/secure.gravatar.com\/avatar\/7eb863ef1336b6f8a2ad921469701e52f094a61c698fab02f5af742ed813612d?s=96&d=mm&r=g","contentUrl":"https:\/\/secure.gravatar.com\/avatar\/7eb863ef1336b6f8a2ad921469701e52f094a61c698fab02f5af742ed813612d?s=96&d=mm&r=g","caption":"Baye Amath THIAM"},"url":"https:\/\/www.public.sn\/index.php\/author\/thiamba24\/"}]}},"jetpack_featured_media_url":"https:\/\/www.public.sn\/wp-content\/uploads\/2024\/07\/IMG_20240520_122414_800_x_445_pixel.jpeg","jetpack_sharing_enabled":true,"_links":{"self":[{"href":"https:\/\/www.public.sn\/index.php\/wp-json\/wp\/v2\/posts\/34460","targetHints":{"allow":["GET"]}}],"collection":[{"href":"https:\/\/www.public.sn\/index.php\/wp-json\/wp\/v2\/posts"}],"about":[{"href":"https:\/\/www.public.sn\/index.php\/wp-json\/wp\/v2\/types\/post"}],"author":[{"embeddable":true,"href":"https:\/\/www.public.sn\/index.php\/wp-json\/wp\/v2\/users\/15"}],"replies":[{"embeddable":true,"href":"https:\/\/www.public.sn\/index.php\/wp-json\/wp\/v2\/comments?post=34460"}],"version-history":[{"count":1,"href":"https:\/\/www.public.sn\/index.php\/wp-json\/wp\/v2\/posts\/34460\/revisions"}],"predecessor-version":[{"id":34462,"href":"https:\/\/www.public.sn\/index.php\/wp-json\/wp\/v2\/posts\/34460\/revisions\/34462"}],"wp:featuredmedia":[{"embeddable":true,"href":"https:\/\/www.public.sn\/index.php\/wp-json\/wp\/v2\/media\/34461"}],"wp:attachment":[{"href":"https:\/\/www.public.sn\/index.php\/wp-json\/wp\/v2\/media?parent=34460"}],"wp:term":[{"taxonomy":"category","embeddable":true,"href":"https:\/\/www.public.sn\/index.php\/wp-json\/wp\/v2\/categories?post=34460"},{"taxonomy":"post_tag","embeddable":true,"href":"https:\/\/www.public.sn\/index.php\/wp-json\/wp\/v2\/tags?post=34460"}],"curies":[{"name":"wp","href":"https:\/\/api.w.org\/{rel}","templated":true}]}}