{"id":34550,"date":"2024-07-22T11:03:41","date_gmt":"2024-07-22T11:03:41","guid":{"rendered":"https:\/\/www.public.sn\/?p=34550"},"modified":"2024-07-22T11:03:41","modified_gmt":"2024-07-22T11:03:41","slug":"affaires-etrangeres-la-ministre-yassine-fall-prepare-de-gros-changements-dans-la-diplomatie","status":"publish","type":"post","link":"https:\/\/www.public.sn\/index.php\/2024\/07\/22\/affaires-etrangeres-la-ministre-yassine-fall-prepare-de-gros-changements-dans-la-diplomatie\/","title":{"rendered":"Affaires \u00e9trang\u00e8res : la ministre Yassine Fall pr\u00e9pare de gros  changements dans la diplomatie"},"content":{"rendered":"<p>Les repr\u00e9sentantions diplomatiques du S\u00e9n\u00e9gal dans le monde devraient bient\u00f4t enregistrer de gros changements. Apr\u00e8s avoir rappel\u00e9 80 membres du personnel diplomatique, en mai dernier, la ministre de l\u2019Int\u00e9gration africaine et des Affaires \u00e9trang\u00e8res, Yassine Fall, s\u2019appr\u00eate \u00e0 trouver \u00e0 ces derniers des rempla\u00e7ants.<\/p><div class=\"publi-paragraphe1\" style=\"margin-top: 10px;margin-bottom: 10px;margin-left: auto;margin-right: auto;text-align: center;\" id=\"publi-2955504487\"><div class=\"publi-adlabel\">Publicit\u00e9<\/div><script async src=\"\/\/pagead2.googlesyndication.com\/pagead\/js\/adsbygoogle.js?client=ca-pub-4089586018074219\" crossorigin=\"anonymous\"><\/script><ins class=\"adsbygoogle\" style=\"display:block;\" data-ad-client=\"ca-pub-4089586018074219\" \ndata-ad-slot=\"2087940154\" \ndata-ad-format=\"auto\"><\/ins>\n<script> \n(adsbygoogle = window.adsbygoogle || []).push({}); \n<\/script>\n<\/div>\n<p>Les postes concern\u00e9s sont ceux de vice-consul, chef de bureau \u00e9conomique, secr\u00e9taire et attach\u00e9 d\u2019ambassade. \u00abLa plupart de ces postes [\u00e9taient] occup\u00e9s par des personnes qui ne font pas partie du corps diplomatique, mais qui ont b\u00e9n\u00e9fici\u00e9 de contrats sp\u00e9ciaux\u00bb, souffle un diplomate contact\u00e9 par Enqu\u00eate, qui aborde le sujet dans son \u00e9dition de ce lundi 22 juillet.<\/p>\n<p>Le journal avance qu\u2019\u00e0 travers cette d\u00e9marche, la nouvelle chef de la diplomatie s\u00e9n\u00e9galaise \u00abvise \u00e0 mettre fin \u00e0 une tradition de nominations politiques, souvent controvers\u00e9es, et \u00e0 introduire une plus grande professionnalisation au sein du minist\u00e8re des Affaires \u00e9trang\u00e8res\u00bb.<\/p>\n<p>Le chambardement annonc\u00e9 concernera \u00e9galement des postes d\u2019ambassadeur et de consul. Enqu\u00eate croit savoir que l\u2019ambassadeur du S\u00e9n\u00e9gal \u00e0 Paris, El Hadji Magatte S\u00e8ye, et le consul g\u00e9n\u00e9ral dans la capitale fran\u00e7aise, Amadou Diallo, fr\u00e8re du pr\u00e9sident du Conseil \u00e9conomique, social et environnemental, Abdoulaye Daouda Diallo, seront bient\u00f4t \u00eatre chang\u00e9s. Idem, d\u2019apr\u00e8s le journal, pour Mansour \u00c9limane Kane, en poste \u00e0 Washington.<\/p>\n<p>La m\u00eame source renseigne que les postes d\u2019ambassadeur vacants seront \u00e9galement pourvus. Ainsi, pr\u00e9cise-t-elle, Khar Diouf et le g\u00e9n\u00e9ral Jean-Baptiste Tine, qui repr\u00e9sentaient le S\u00e9n\u00e9gal au Cameroun et en Russie, respectivement, conna\u00eetront dans les prochains jours leurs successeurs. \u00c0 la faveur de l\u2019alternance du 24 mars dernier, le premier a \u00e9t\u00e9 nomm\u00e9 secr\u00e9taire g\u00e9n\u00e9ral du minist\u00e8re de l\u2019Int\u00e9gration africaine et des Affaires \u00e9trang\u00e8res tandis que le second a \u00e9t\u00e9 promu ministre de l\u2019Int\u00e9rieur et de la S\u00e9curit\u00e9 publique.<\/p>\n<div class=\"publi-apres-le-contenu\" style=\"margin-top: 10px;margin-bottom: 10px;margin-left: auto;margin-right: auto;text-align: center;\" id=\"publi-288978827\"><div class=\"publi-adlabel\">Publicit\u00e9<\/div><script async src=\"\/\/pagead2.googlesyndication.com\/pagead\/js\/adsbygoogle.js?client=ca-pub-4089586018074219\" crossorigin=\"anonymous\"><\/script><ins class=\"adsbygoogle\" style=\"display:block;\" data-ad-client=\"ca-pub-4089586018074219\" \ndata-ad-slot=\"2087940154\" \ndata-ad-format=\"auto\"><\/ins>\n<script> \n(adsbygoogle = window.adsbygoogle || []).push({}); \n<\/script>\n<\/div>","protected":false},"excerpt":{"rendered":"<p>Les repr\u00e9sentantions diplomatiques du S\u00e9n\u00e9gal dans le monde devraient bient\u00f4t enregistrer de gros changements. Apr\u00e8s avoir rappel\u00e9 80 membres du personnel diplomatique, en mai dernier, la ministre de l\u2019Int\u00e9gration africaine et des Affaires \u00e9trang\u00e8res, Yassine Fall, s\u2019appr\u00eate \u00e0 trouver \u00e0 ces derniers des rempla\u00e7ants. Les postes concern\u00e9s sont ceux de vice-consul, chef de bureau \u00e9conomique, secr\u00e9taire et attach\u00e9 d\u2019ambassade. \u00abLa plupart de ces postes [\u00e9taient] occup\u00e9s par des personnes qui ne font pas partie du corps diplomatique, mais qui ont b\u00e9n\u00e9fici\u00e9 de contrats sp\u00e9ciaux\u00bb, souffle un diplomate contact\u00e9 par Enqu\u00eate, qui aborde le sujet dans son \u00e9dition de ce lundi 22 juillet. Le journal avance qu\u2019\u00e0 travers cette d\u00e9marche, la nouvelle chef de la diplomatie s\u00e9n\u00e9galaise \u00abvise \u00e0 mettre fin \u00e0 une tradition de nominations politiques, souvent controvers\u00e9es, et \u00e0 introduire une plus grande professionnalisation au sein du minist\u00e8re des Affaires \u00e9trang\u00e8res\u00bb. Le chambardement annonc\u00e9 concernera \u00e9galement des postes d\u2019ambassadeur et de consul. Enqu\u00eate croit savoir que l\u2019ambassadeur du S\u00e9n\u00e9gal \u00e0 Paris, El Hadji Magatte S\u00e8ye, et le consul g\u00e9n\u00e9ral dans la capitale fran\u00e7aise, Amadou Diallo, fr\u00e8re du pr\u00e9sident du Conseil \u00e9conomique, social et environnemental, Abdoulaye Daouda Diallo, seront bient\u00f4t \u00eatre chang\u00e9s. Idem, d\u2019apr\u00e8s le journal, pour Mansour \u00c9limane Kane, en poste \u00e0 Washington. La m\u00eame source renseigne que les postes d\u2019ambassadeur vacants seront \u00e9galement pourvus. Ainsi, pr\u00e9cise-t-elle, Khar Diouf et le g\u00e9n\u00e9ral Jean-Baptiste Tine, qui repr\u00e9sentaient le S\u00e9n\u00e9gal au Cameroun et en Russie, respectivement, conna\u00eetront dans les prochains jours leurs successeurs. \u00c0 la faveur de l\u2019alternance du 24 mars dernier, le premier a \u00e9t\u00e9 nomm\u00e9 secr\u00e9taire g\u00e9n\u00e9ral du minist\u00e8re de l\u2019Int\u00e9gration africaine et des Affaires \u00e9trang\u00e8res tandis que le second a \u00e9t\u00e9 promu ministre de l\u2019Int\u00e9rieur et de la S\u00e9curit\u00e9 publique.<\/p>\n","protected":false},"author":15,"featured_media":34551,"comment_status":"open","ping_status":"open","sticky":false,"template":"","format":"standard","meta":{"_jetpack_memberships_contains_paid_content":false,"footnotes":""},"categories":[375,550,549,3728,961,602,3,376,1,4],"tags":[7022,5205,7024,6294,766,7023],"class_list":["post-34550","post","type-post","status-publish","format-standard","has-post-thumbnail","hentry","category-actualites","category-afrique-monde","category-economie","category-internationale","category-medias","category-partenaires","category-politique","category-securite-justice","category-non-classe","category-societe","tag-affaires-etrangeres","tag-diplomatie","tag-integration-africaine","tag-jean-baptiste-tine","tag-senegal","tag-yassine-fall","entry","has-media","owp-thumbs-layout-horizontal","owp-btn-normal","owp-tabs-layout-horizontal","has-no-thumbnails","has-product-nav"],"yoast_head":"<!-- This site is optimized with the Yoast SEO plugin v25.5 - https:\/\/yoast.com\/wordpress\/plugins\/seo\/ -->\n<title>Affaires \u00e9trang\u00e8res : la ministre Yassine Fall pr\u00e9pare de gros changements dans la diplomatie - LE PUBLIC<\/title>\n<meta name=\"robots\" content=\"index, follow, max-snippet:-1, max-image-preview:large, max-video-preview:-1\" \/>\n<link rel=\"canonical\" href=\"https:\/\/www.public.sn\/index.php\/2024\/07\/22\/affaires-etrangeres-la-ministre-yassine-fall-prepare-de-gros-changements-dans-la-diplomatie\/\" \/>\n<meta property=\"og:locale\" content=\"fr_FR\" \/>\n<meta property=\"og:type\" content=\"article\" \/>\n<meta property=\"og:title\" content=\"Affaires \u00e9trang\u00e8res : la ministre Yassine Fall pr\u00e9pare de gros changements dans la diplomatie - LE PUBLIC\" \/>\n<meta property=\"og:description\" content=\"Les repr\u00e9sentantions diplomatiques du S\u00e9n\u00e9gal dans le monde devraient bient\u00f4t enregistrer de gros changements. Apr\u00e8s avoir rappel\u00e9 80 membres du personnel diplomatique, en mai dernier, la ministre de l\u2019Int\u00e9gration africaine et des Affaires \u00e9trang\u00e8res, Yassine Fall, s\u2019appr\u00eate \u00e0 trouver \u00e0 ces derniers des rempla\u00e7ants. Les postes concern\u00e9s sont ceux de vice-consul, chef de bureau \u00e9conomique, secr\u00e9taire et attach\u00e9 d\u2019ambassade. \u00abLa plupart de ces postes [\u00e9taient] occup\u00e9s par des personnes qui ne font pas partie du corps diplomatique, mais qui ont b\u00e9n\u00e9fici\u00e9 de contrats sp\u00e9ciaux\u00bb, souffle un diplomate contact\u00e9 par Enqu\u00eate, qui aborde le sujet dans son \u00e9dition de ce lundi 22 juillet. Le journal avance qu\u2019\u00e0 travers cette d\u00e9marche, la nouvelle chef de la diplomatie s\u00e9n\u00e9galaise \u00abvise \u00e0 mettre fin \u00e0 une tradition de nominations politiques, souvent controvers\u00e9es, et \u00e0 introduire une plus grande professionnalisation au sein du minist\u00e8re des Affaires \u00e9trang\u00e8res\u00bb. Le chambardement annonc\u00e9 concernera \u00e9galement des postes d\u2019ambassadeur et de consul. Enqu\u00eate croit savoir que l\u2019ambassadeur du S\u00e9n\u00e9gal \u00e0 Paris, El Hadji Magatte S\u00e8ye, et le consul g\u00e9n\u00e9ral dans la capitale fran\u00e7aise, Amadou Diallo, fr\u00e8re du pr\u00e9sident du Conseil \u00e9conomique, social et environnemental, Abdoulaye Daouda Diallo, seront bient\u00f4t \u00eatre chang\u00e9s. Idem, d\u2019apr\u00e8s le journal, pour Mansour \u00c9limane Kane, en poste \u00e0 Washington. La m\u00eame source renseigne que les postes d\u2019ambassadeur vacants seront \u00e9galement pourvus. Ainsi, pr\u00e9cise-t-elle, Khar Diouf et le g\u00e9n\u00e9ral Jean-Baptiste Tine, qui repr\u00e9sentaient le S\u00e9n\u00e9gal au Cameroun et en Russie, respectivement, conna\u00eetront dans les prochains jours leurs successeurs. \u00c0 la faveur de l\u2019alternance du 24 mars dernier, le premier a \u00e9t\u00e9 nomm\u00e9 secr\u00e9taire g\u00e9n\u00e9ral du minist\u00e8re de l\u2019Int\u00e9gration africaine et des Affaires \u00e9trang\u00e8res tandis que le second a \u00e9t\u00e9 promu ministre de l\u2019Int\u00e9rieur et de la S\u00e9curit\u00e9 publique.\" \/>\n<meta property=\"og:url\" content=\"https:\/\/www.public.sn\/index.php\/2024\/07\/22\/affaires-etrangeres-la-ministre-yassine-fall-prepare-de-gros-changements-dans-la-diplomatie\/\" \/>\n<meta property=\"og:site_name\" content=\"LE PUBLIC\" \/>\n<meta property=\"article:published_time\" content=\"2024-07-22T11:03:41+00:00\" \/>\n<meta property=\"og:image\" content=\"https:\/\/www.public.sn\/wp-content\/uploads\/2024\/07\/Yassine-Fall-.jpg\" \/>\n\t<meta property=\"og:image:width\" content=\"1365\" \/>\n\t<meta property=\"og:image:height\" content=\"907\" \/>\n\t<meta property=\"og:image:type\" content=\"image\/jpeg\" \/>\n<meta name=\"author\" content=\"Baye Amath THIAM\" \/>\n<meta name=\"twitter:card\" content=\"summary_large_image\" \/>\n<meta name=\"twitter:label1\" content=\"\u00c9crit par\" \/>\n\t<meta name=\"twitter:data1\" content=\"Baye Amath THIAM\" \/>\n\t<meta name=\"twitter:label2\" content=\"Dur\u00e9e de lecture estim\u00e9e\" \/>\n\t<meta name=\"twitter:data2\" content=\"1 minute\" \/>\n<script type=\"application\/ld+json\" class=\"yoast-schema-graph\">{\"@context\":\"https:\/\/schema.org\",\"@graph\":[{\"@type\":\"Article\",\"@id\":\"https:\/\/www.public.sn\/index.php\/2024\/07\/22\/affaires-etrangeres-la-ministre-yassine-fall-prepare-de-gros-changements-dans-la-diplomatie\/#article\",\"isPartOf\":{\"@id\":\"https:\/\/www.public.sn\/index.php\/2024\/07\/22\/affaires-etrangeres-la-ministre-yassine-fall-prepare-de-gros-changements-dans-la-diplomatie\/\"},\"author\":{\"name\":\"Baye Amath THIAM\",\"@id\":\"https:\/\/www.public.sn\/#\/schema\/person\/f77cd9ce05d8fb925eb038378ee6899d\"},\"headline\":\"Affaires \u00e9trang\u00e8res : la ministre Yassine Fall pr\u00e9pare de gros changements dans la diplomatie\",\"datePublished\":\"2024-07-22T11:03:41+00:00\",\"mainEntityOfPage\":{\"@id\":\"https:\/\/www.public.sn\/index.php\/2024\/07\/22\/affaires-etrangeres-la-ministre-yassine-fall-prepare-de-gros-changements-dans-la-diplomatie\/\"},\"wordCount\":346,\"commentCount\":0,\"publisher\":{\"@id\":\"https:\/\/www.public.sn\/#organization\"},\"image\":{\"@id\":\"https:\/\/www.public.sn\/index.php\/2024\/07\/22\/affaires-etrangeres-la-ministre-yassine-fall-prepare-de-gros-changements-dans-la-diplomatie\/#primaryimage\"},\"thumbnailUrl\":\"https:\/\/www.public.sn\/wp-content\/uploads\/2024\/07\/Yassine-Fall-.jpg\",\"keywords\":[\"Affaires \u00e9trang\u00e8res\",\"diplomatie\",\"Int\u00e9gration africaine\",\"Jean Baptiste Tine\",\"S\u00e9n\u00e9gal\",\"Yassine Fall\"],\"articleSection\":[\"ACTUALIT\u00c9S\",\"AFRIQUE &amp; MONDE\",\"\u00c9CONOMIE\",\"internationale\",\"M\u00c9DIAS\",\"PARTENAIRES\",\"POLITIQUE\",\"S\u00c9CURIT\u00c9 &amp; JUSTICE\",\"S\u00c9N\u00c9GAL\",\"SOCIETE\"],\"inLanguage\":\"fr-FR\",\"potentialAction\":[{\"@type\":\"CommentAction\",\"name\":\"Comment\",\"target\":[\"https:\/\/www.public.sn\/index.php\/2024\/07\/22\/affaires-etrangeres-la-ministre-yassine-fall-prepare-de-gros-changements-dans-la-diplomatie\/#respond\"]}]},{\"@type\":\"WebPage\",\"@id\":\"https:\/\/www.public.sn\/index.php\/2024\/07\/22\/affaires-etrangeres-la-ministre-yassine-fall-prepare-de-gros-changements-dans-la-diplomatie\/\",\"url\":\"https:\/\/www.public.sn\/index.php\/2024\/07\/22\/affaires-etrangeres-la-ministre-yassine-fall-prepare-de-gros-changements-dans-la-diplomatie\/\",\"name\":\"Affaires \u00e9trang\u00e8res : la ministre Yassine Fall pr\u00e9pare de gros changements dans la diplomatie - LE PUBLIC\",\"isPartOf\":{\"@id\":\"https:\/\/www.public.sn\/#website\"},\"primaryImageOfPage\":{\"@id\":\"https:\/\/www.public.sn\/index.php\/2024\/07\/22\/affaires-etrangeres-la-ministre-yassine-fall-prepare-de-gros-changements-dans-la-diplomatie\/#primaryimage\"},\"image\":{\"@id\":\"https:\/\/www.public.sn\/index.php\/2024\/07\/22\/affaires-etrangeres-la-ministre-yassine-fall-prepare-de-gros-changements-dans-la-diplomatie\/#primaryimage\"},\"thumbnailUrl\":\"https:\/\/www.public.sn\/wp-content\/uploads\/2024\/07\/Yassine-Fall-.jpg\",\"datePublished\":\"2024-07-22T11:03:41+00:00\",\"breadcrumb\":{\"@id\":\"https:\/\/www.public.sn\/index.php\/2024\/07\/22\/affaires-etrangeres-la-ministre-yassine-fall-prepare-de-gros-changements-dans-la-diplomatie\/#breadcrumb\"},\"inLanguage\":\"fr-FR\",\"potentialAction\":[{\"@type\":\"ReadAction\",\"target\":[\"https:\/\/www.public.sn\/index.php\/2024\/07\/22\/affaires-etrangeres-la-ministre-yassine-fall-prepare-de-gros-changements-dans-la-diplomatie\/\"]}]},{\"@type\":\"ImageObject\",\"inLanguage\":\"fr-FR\",\"@id\":\"https:\/\/www.public.sn\/index.php\/2024\/07\/22\/affaires-etrangeres-la-ministre-yassine-fall-prepare-de-gros-changements-dans-la-diplomatie\/#primaryimage\",\"url\":\"https:\/\/www.public.sn\/wp-content\/uploads\/2024\/07\/Yassine-Fall-.jpg\",\"contentUrl\":\"https:\/\/www.public.sn\/wp-content\/uploads\/2024\/07\/Yassine-Fall-.jpg\",\"width\":1365,\"height\":907},{\"@type\":\"BreadcrumbList\",\"@id\":\"https:\/\/www.public.sn\/index.php\/2024\/07\/22\/affaires-etrangeres-la-ministre-yassine-fall-prepare-de-gros-changements-dans-la-diplomatie\/#breadcrumb\",\"itemListElement\":[{\"@type\":\"ListItem\",\"position\":1,\"name\":\"Accueil\",\"item\":\"https:\/\/www.public.sn\/\"},{\"@type\":\"ListItem\",\"position\":2,\"name\":\"Affaires \u00e9trang\u00e8res : la ministre Yassine Fall pr\u00e9pare de gros changements dans la diplomatie\"}]},{\"@type\":\"WebSite\",\"@id\":\"https:\/\/www.public.sn\/#website\",\"url\":\"https:\/\/www.public.sn\/\",\"name\":\"LE PUBLIC\",\"description\":\"\",\"publisher\":{\"@id\":\"https:\/\/www.public.sn\/#organization\"},\"potentialAction\":[{\"@type\":\"SearchAction\",\"target\":{\"@type\":\"EntryPoint\",\"urlTemplate\":\"https:\/\/www.public.sn\/?s={search_term_string}\"},\"query-input\":{\"@type\":\"PropertyValueSpecification\",\"valueRequired\":true,\"valueName\":\"search_term_string\"}}],\"inLanguage\":\"fr-FR\"},{\"@type\":\"Organization\",\"@id\":\"https:\/\/www.public.sn\/#organization\",\"name\":\"LE PUBLIC\",\"url\":\"https:\/\/www.public.sn\/\",\"logo\":{\"@type\":\"ImageObject\",\"inLanguage\":\"fr-FR\",\"@id\":\"https:\/\/www.public.sn\/#\/schema\/logo\/image\/\",\"url\":\"https:\/\/www.public.sn\/wp-content\/uploads\/2024\/05\/cropped-LOGO-PUBLIC.SN_.png\",\"contentUrl\":\"https:\/\/www.public.sn\/wp-content\/uploads\/2024\/05\/cropped-LOGO-PUBLIC.SN_.png\",\"width\":682,\"height\":192,\"caption\":\"LE PUBLIC\"},\"image\":{\"@id\":\"https:\/\/www.public.sn\/#\/schema\/logo\/image\/\"}},{\"@type\":\"Person\",\"@id\":\"https:\/\/www.public.sn\/#\/schema\/person\/f77cd9ce05d8fb925eb038378ee6899d\",\"name\":\"Baye Amath THIAM\",\"image\":{\"@type\":\"ImageObject\",\"inLanguage\":\"fr-FR\",\"@id\":\"https:\/\/www.public.sn\/#\/schema\/person\/image\/\",\"url\":\"https:\/\/secure.gravatar.com\/avatar\/7eb863ef1336b6f8a2ad921469701e52f094a61c698fab02f5af742ed813612d?s=96&d=mm&r=g\",\"contentUrl\":\"https:\/\/secure.gravatar.com\/avatar\/7eb863ef1336b6f8a2ad921469701e52f094a61c698fab02f5af742ed813612d?s=96&d=mm&r=g\",\"caption\":\"Baye Amath THIAM\"},\"url\":\"https:\/\/www.public.sn\/index.php\/author\/thiamba24\/\"}]}<\/script>\n<!-- \/ Yoast SEO plugin. -->","yoast_head_json":{"title":"Affaires \u00e9trang\u00e8res : la ministre Yassine Fall pr\u00e9pare de gros changements dans la diplomatie - LE PUBLIC","robots":{"index":"index","follow":"follow","max-snippet":"max-snippet:-1","max-image-preview":"max-image-preview:large","max-video-preview":"max-video-preview:-1"},"canonical":"https:\/\/www.public.sn\/index.php\/2024\/07\/22\/affaires-etrangeres-la-ministre-yassine-fall-prepare-de-gros-changements-dans-la-diplomatie\/","og_locale":"fr_FR","og_type":"article","og_title":"Affaires \u00e9trang\u00e8res : la ministre Yassine Fall pr\u00e9pare de gros changements dans la diplomatie - LE PUBLIC","og_description":"Les repr\u00e9sentantions diplomatiques du S\u00e9n\u00e9gal dans le monde devraient bient\u00f4t enregistrer de gros changements. Apr\u00e8s avoir rappel\u00e9 80 membres du personnel diplomatique, en mai dernier, la ministre de l\u2019Int\u00e9gration africaine et des Affaires \u00e9trang\u00e8res, Yassine Fall, s\u2019appr\u00eate \u00e0 trouver \u00e0 ces derniers des rempla\u00e7ants. Les postes concern\u00e9s sont ceux de vice-consul, chef de bureau \u00e9conomique, secr\u00e9taire et attach\u00e9 d\u2019ambassade. \u00abLa plupart de ces postes [\u00e9taient] occup\u00e9s par des personnes qui ne font pas partie du corps diplomatique, mais qui ont b\u00e9n\u00e9fici\u00e9 de contrats sp\u00e9ciaux\u00bb, souffle un diplomate contact\u00e9 par Enqu\u00eate, qui aborde le sujet dans son \u00e9dition de ce lundi 22 juillet. Le journal avance qu\u2019\u00e0 travers cette d\u00e9marche, la nouvelle chef de la diplomatie s\u00e9n\u00e9galaise \u00abvise \u00e0 mettre fin \u00e0 une tradition de nominations politiques, souvent controvers\u00e9es, et \u00e0 introduire une plus grande professionnalisation au sein du minist\u00e8re des Affaires \u00e9trang\u00e8res\u00bb. Le chambardement annonc\u00e9 concernera \u00e9galement des postes d\u2019ambassadeur et de consul. Enqu\u00eate croit savoir que l\u2019ambassadeur du S\u00e9n\u00e9gal \u00e0 Paris, El Hadji Magatte S\u00e8ye, et le consul g\u00e9n\u00e9ral dans la capitale fran\u00e7aise, Amadou Diallo, fr\u00e8re du pr\u00e9sident du Conseil \u00e9conomique, social et environnemental, Abdoulaye Daouda Diallo, seront bient\u00f4t \u00eatre chang\u00e9s. Idem, d\u2019apr\u00e8s le journal, pour Mansour \u00c9limane Kane, en poste \u00e0 Washington. La m\u00eame source renseigne que les postes d\u2019ambassadeur vacants seront \u00e9galement pourvus. Ainsi, pr\u00e9cise-t-elle, Khar Diouf et le g\u00e9n\u00e9ral Jean-Baptiste Tine, qui repr\u00e9sentaient le S\u00e9n\u00e9gal au Cameroun et en Russie, respectivement, conna\u00eetront dans les prochains jours leurs successeurs. \u00c0 la faveur de l\u2019alternance du 24 mars dernier, le premier a \u00e9t\u00e9 nomm\u00e9 secr\u00e9taire g\u00e9n\u00e9ral du minist\u00e8re de l\u2019Int\u00e9gration africaine et des Affaires \u00e9trang\u00e8res tandis que le second a \u00e9t\u00e9 promu ministre de l\u2019Int\u00e9rieur et de la S\u00e9curit\u00e9 publique.","og_url":"https:\/\/www.public.sn\/index.php\/2024\/07\/22\/affaires-etrangeres-la-ministre-yassine-fall-prepare-de-gros-changements-dans-la-diplomatie\/","og_site_name":"LE PUBLIC","article_published_time":"2024-07-22T11:03:41+00:00","og_image":[{"width":1365,"height":907,"url":"https:\/\/www.public.sn\/wp-content\/uploads\/2024\/07\/Yassine-Fall-.jpg","type":"image\/jpeg"}],"author":"Baye Amath THIAM","twitter_card":"summary_large_image","twitter_misc":{"\u00c9crit par":"Baye Amath THIAM","Dur\u00e9e de lecture estim\u00e9e":"1 minute"},"schema":{"@context":"https:\/\/schema.org","@graph":[{"@type":"Article","@id":"https:\/\/www.public.sn\/index.php\/2024\/07\/22\/affaires-etrangeres-la-ministre-yassine-fall-prepare-de-gros-changements-dans-la-diplomatie\/#article","isPartOf":{"@id":"https:\/\/www.public.sn\/index.php\/2024\/07\/22\/affaires-etrangeres-la-ministre-yassine-fall-prepare-de-gros-changements-dans-la-diplomatie\/"},"author":{"name":"Baye Amath THIAM","@id":"https:\/\/www.public.sn\/#\/schema\/person\/f77cd9ce05d8fb925eb038378ee6899d"},"headline":"Affaires \u00e9trang\u00e8res : la ministre Yassine Fall pr\u00e9pare de gros changements dans la diplomatie","datePublished":"2024-07-22T11:03:41+00:00","mainEntityOfPage":{"@id":"https:\/\/www.public.sn\/index.php\/2024\/07\/22\/affaires-etrangeres-la-ministre-yassine-fall-prepare-de-gros-changements-dans-la-diplomatie\/"},"wordCount":346,"commentCount":0,"publisher":{"@id":"https:\/\/www.public.sn\/#organization"},"image":{"@id":"https:\/\/www.public.sn\/index.php\/2024\/07\/22\/affaires-etrangeres-la-ministre-yassine-fall-prepare-de-gros-changements-dans-la-diplomatie\/#primaryimage"},"thumbnailUrl":"https:\/\/www.public.sn\/wp-content\/uploads\/2024\/07\/Yassine-Fall-.jpg","keywords":["Affaires \u00e9trang\u00e8res","diplomatie","Int\u00e9gration africaine","Jean Baptiste Tine","S\u00e9n\u00e9gal","Yassine Fall"],"articleSection":["ACTUALIT\u00c9S","AFRIQUE &amp; MONDE","\u00c9CONOMIE","internationale","M\u00c9DIAS","PARTENAIRES","POLITIQUE","S\u00c9CURIT\u00c9 &amp; JUSTICE","S\u00c9N\u00c9GAL","SOCIETE"],"inLanguage":"fr-FR","potentialAction":[{"@type":"CommentAction","name":"Comment","target":["https:\/\/www.public.sn\/index.php\/2024\/07\/22\/affaires-etrangeres-la-ministre-yassine-fall-prepare-de-gros-changements-dans-la-diplomatie\/#respond"]}]},{"@type":"WebPage","@id":"https:\/\/www.public.sn\/index.php\/2024\/07\/22\/affaires-etrangeres-la-ministre-yassine-fall-prepare-de-gros-changements-dans-la-diplomatie\/","url":"https:\/\/www.public.sn\/index.php\/2024\/07\/22\/affaires-etrangeres-la-ministre-yassine-fall-prepare-de-gros-changements-dans-la-diplomatie\/","name":"Affaires \u00e9trang\u00e8res : la ministre Yassine Fall pr\u00e9pare de gros changements dans la diplomatie - LE PUBLIC","isPartOf":{"@id":"https:\/\/www.public.sn\/#website"},"primaryImageOfPage":{"@id":"https:\/\/www.public.sn\/index.php\/2024\/07\/22\/affaires-etrangeres-la-ministre-yassine-fall-prepare-de-gros-changements-dans-la-diplomatie\/#primaryimage"},"image":{"@id":"https:\/\/www.public.sn\/index.php\/2024\/07\/22\/affaires-etrangeres-la-ministre-yassine-fall-prepare-de-gros-changements-dans-la-diplomatie\/#primaryimage"},"thumbnailUrl":"https:\/\/www.public.sn\/wp-content\/uploads\/2024\/07\/Yassine-Fall-.jpg","datePublished":"2024-07-22T11:03:41+00:00","breadcrumb":{"@id":"https:\/\/www.public.sn\/index.php\/2024\/07\/22\/affaires-etrangeres-la-ministre-yassine-fall-prepare-de-gros-changements-dans-la-diplomatie\/#breadcrumb"},"inLanguage":"fr-FR","potentialAction":[{"@type":"ReadAction","target":["https:\/\/www.public.sn\/index.php\/2024\/07\/22\/affaires-etrangeres-la-ministre-yassine-fall-prepare-de-gros-changements-dans-la-diplomatie\/"]}]},{"@type":"ImageObject","inLanguage":"fr-FR","@id":"https:\/\/www.public.sn\/index.php\/2024\/07\/22\/affaires-etrangeres-la-ministre-yassine-fall-prepare-de-gros-changements-dans-la-diplomatie\/#primaryimage","url":"https:\/\/www.public.sn\/wp-content\/uploads\/2024\/07\/Yassine-Fall-.jpg","contentUrl":"https:\/\/www.public.sn\/wp-content\/uploads\/2024\/07\/Yassine-Fall-.jpg","width":1365,"height":907},{"@type":"BreadcrumbList","@id":"https:\/\/www.public.sn\/index.php\/2024\/07\/22\/affaires-etrangeres-la-ministre-yassine-fall-prepare-de-gros-changements-dans-la-diplomatie\/#breadcrumb","itemListElement":[{"@type":"ListItem","position":1,"name":"Accueil","item":"https:\/\/www.public.sn\/"},{"@type":"ListItem","position":2,"name":"Affaires \u00e9trang\u00e8res : la ministre Yassine Fall pr\u00e9pare de gros changements dans la diplomatie"}]},{"@type":"WebSite","@id":"https:\/\/www.public.sn\/#website","url":"https:\/\/www.public.sn\/","name":"LE PUBLIC","description":"","publisher":{"@id":"https:\/\/www.public.sn\/#organization"},"potentialAction":[{"@type":"SearchAction","target":{"@type":"EntryPoint","urlTemplate":"https:\/\/www.public.sn\/?s={search_term_string}"},"query-input":{"@type":"PropertyValueSpecification","valueRequired":true,"valueName":"search_term_string"}}],"inLanguage":"fr-FR"},{"@type":"Organization","@id":"https:\/\/www.public.sn\/#organization","name":"LE PUBLIC","url":"https:\/\/www.public.sn\/","logo":{"@type":"ImageObject","inLanguage":"fr-FR","@id":"https:\/\/www.public.sn\/#\/schema\/logo\/image\/","url":"https:\/\/www.public.sn\/wp-content\/uploads\/2024\/05\/cropped-LOGO-PUBLIC.SN_.png","contentUrl":"https:\/\/www.public.sn\/wp-content\/uploads\/2024\/05\/cropped-LOGO-PUBLIC.SN_.png","width":682,"height":192,"caption":"LE PUBLIC"},"image":{"@id":"https:\/\/www.public.sn\/#\/schema\/logo\/image\/"}},{"@type":"Person","@id":"https:\/\/www.public.sn\/#\/schema\/person\/f77cd9ce05d8fb925eb038378ee6899d","name":"Baye Amath THIAM","image":{"@type":"ImageObject","inLanguage":"fr-FR","@id":"https:\/\/www.public.sn\/#\/schema\/person\/image\/","url":"https:\/\/secure.gravatar.com\/avatar\/7eb863ef1336b6f8a2ad921469701e52f094a61c698fab02f5af742ed813612d?s=96&d=mm&r=g","contentUrl":"https:\/\/secure.gravatar.com\/avatar\/7eb863ef1336b6f8a2ad921469701e52f094a61c698fab02f5af742ed813612d?s=96&d=mm&r=g","caption":"Baye Amath THIAM"},"url":"https:\/\/www.public.sn\/index.php\/author\/thiamba24\/"}]}},"jetpack_featured_media_url":"https:\/\/www.public.sn\/wp-content\/uploads\/2024\/07\/Yassine-Fall-.jpg","jetpack_sharing_enabled":true,"_links":{"self":[{"href":"https:\/\/www.public.sn\/index.php\/wp-json\/wp\/v2\/posts\/34550","targetHints":{"allow":["GET"]}}],"collection":[{"href":"https:\/\/www.public.sn\/index.php\/wp-json\/wp\/v2\/posts"}],"about":[{"href":"https:\/\/www.public.sn\/index.php\/wp-json\/wp\/v2\/types\/post"}],"author":[{"embeddable":true,"href":"https:\/\/www.public.sn\/index.php\/wp-json\/wp\/v2\/users\/15"}],"replies":[{"embeddable":true,"href":"https:\/\/www.public.sn\/index.php\/wp-json\/wp\/v2\/comments?post=34550"}],"version-history":[{"count":1,"href":"https:\/\/www.public.sn\/index.php\/wp-json\/wp\/v2\/posts\/34550\/revisions"}],"predecessor-version":[{"id":34552,"href":"https:\/\/www.public.sn\/index.php\/wp-json\/wp\/v2\/posts\/34550\/revisions\/34552"}],"wp:featuredmedia":[{"embeddable":true,"href":"https:\/\/www.public.sn\/index.php\/wp-json\/wp\/v2\/media\/34551"}],"wp:attachment":[{"href":"https:\/\/www.public.sn\/index.php\/wp-json\/wp\/v2\/media?parent=34550"}],"wp:term":[{"taxonomy":"category","embeddable":true,"href":"https:\/\/www.public.sn\/index.php\/wp-json\/wp\/v2\/categories?post=34550"},{"taxonomy":"post_tag","embeddable":true,"href":"https:\/\/www.public.sn\/index.php\/wp-json\/wp\/v2\/tags?post=34550"}],"curies":[{"name":"wp","href":"https:\/\/api.w.org\/{rel}","templated":true}]}}