{"id":34582,"date":"2024-07-22T14:30:32","date_gmt":"2024-07-22T14:30:32","guid":{"rendered":"https:\/\/www.public.sn\/?p=34582"},"modified":"2024-07-22T14:30:32","modified_gmt":"2024-07-22T14:30:32","slug":"demission-de-lapr-jai-quitte-benno-et-lapr-jattends-quune-abdou-l-coulibaly","status":"publish","type":"post","link":"https:\/\/www.public.sn\/index.php\/2024\/07\/22\/demission-de-lapr-jai-quitte-benno-et-lapr-jattends-quune-abdou-l-coulibaly\/","title":{"rendered":"D\u00e9mission de l\u2019APR : \u00ab J\u2019ai quitt\u00e9 Benno et l\u2019APR, j\u2019attends qu\u2019une \u2026 \u00bb Abdou. L. Coulibaly"},"content":{"rendered":"<p>Apr\u00e8s la d\u00e9mission de Alioune Sall et de Cheikh Oumar Hann au sein de l&rsquo;APR, un autre divorce est consomm\u00e9 entre Latif Coulibaly et la formation politique Alliance Pour la R\u00e9publique (Apr). L\u2019invit\u00e9 de JDD, relay\u00e9e par Emedia, est sans filtre. L\u2019ancien ministre de la Bonne gouvernance de Macky Sall ne veut plus entendre parler de Macky Sall et de sa formation politique. Le mal est profond. <\/p><div class=\"publi-paragraphe1\" style=\"margin-top: 10px;margin-bottom: 10px;margin-left: auto;margin-right: auto;text-align: center;\" id=\"publi-3464384250\"><div class=\"publi-adlabel\">Publicit\u00e9<\/div><script async src=\"\/\/pagead2.googlesyndication.com\/pagead\/js\/adsbygoogle.js?client=ca-pub-4089586018074219\" crossorigin=\"anonymous\"><\/script><ins class=\"adsbygoogle\" style=\"display:block;\" data-ad-client=\"ca-pub-4089586018074219\" \ndata-ad-slot=\"2087940154\" \ndata-ad-format=\"auto\"><\/ins>\n<script> \n(adsbygoogle = window.adsbygoogle || []).push({}); \n<\/script>\n<\/div>\n<p>Toutefois, il est pr\u00eat \u00e0 accompagner le candidat malheureux de la derni\u00e8re \u00e9lection Amadou Ba \u00e0 condition qu\u2019il cr\u00e9e son mouvement ou son parti politique.  <\/p>\n<p>\u00ab J\u2019ai quitt\u00e9 Benno et l\u2019APR d\u2019abord. Je n\u2019y suis plus, je suis partie. J\u2019avais gel\u00e9 mes activit\u00e9s, je suis parti maintenant. J\u2019attends qu\u2019une personnalit\u00e9 se prononce. Je suis vieux pour aller cr\u00e9er un parti politique. C\u2019est fini !  Je n\u2019ai pas d\u2019\u00e9lan de parti. M\u00eame si je ne suis pas actif comme tout le monde, j\u2019ai des opinions, je peux les transmettre. Je peux en parler, c\u2019est \u00e7a que je veux dire. Mais, je ne vais pas rester un citoyen inactif qui ne fait rien du tout. Je crois que je poss\u00e8de toujours mes moyens, physiques, intellectuels surtout.<\/p>\n<p>Macky Sall, on s\u2019est quitt\u00e9, c\u2019est terminer. Je ne suis pas d\u2019accord avec lui, c\u2019est fini. J\u2019ai quitt\u00e9 l\u2019APR. Par contre, si Amadou Ba cr\u00e9e un parti politique, il m\u2019avait d\u00e9j\u00e0 parl\u00e9 de sa volont\u00e9 d\u2019avoir son mouvement politique, on pourrait l\u2019accompagner. L\u2019APR c\u2019est fini !! je suis parti depuis \u00bb.<\/p>\n<div class=\"publi-apres-le-contenu\" style=\"margin-top: 10px;margin-bottom: 10px;margin-left: auto;margin-right: auto;text-align: center;\" id=\"publi-2130323333\"><div class=\"publi-adlabel\">Publicit\u00e9<\/div><script async src=\"\/\/pagead2.googlesyndication.com\/pagead\/js\/adsbygoogle.js?client=ca-pub-4089586018074219\" crossorigin=\"anonymous\"><\/script><ins class=\"adsbygoogle\" style=\"display:block;\" data-ad-client=\"ca-pub-4089586018074219\" \ndata-ad-slot=\"2087940154\" \ndata-ad-format=\"auto\"><\/ins>\n<script> \n(adsbygoogle = window.adsbygoogle || []).push({}); \n<\/script>\n<\/div>","protected":false},"excerpt":{"rendered":"<p>Apr\u00e8s la d\u00e9mission de Alioune Sall et de Cheikh Oumar Hann au sein de l&rsquo;APR, un autre divorce est consomm\u00e9 entre Latif Coulibaly et la formation politique Alliance Pour la R\u00e9publique (Apr). L\u2019invit\u00e9 de JDD, relay\u00e9e par Emedia, est sans filtre. L\u2019ancien ministre de la Bonne gouvernance de Macky Sall ne veut plus entendre parler de Macky Sall et de sa formation politique. Le mal est profond. Toutefois, il est pr\u00eat \u00e0 accompagner le candidat malheureux de la derni\u00e8re \u00e9lection Amadou Ba \u00e0 condition qu\u2019il cr\u00e9e son mouvement ou son parti politique. \u00ab J\u2019ai quitt\u00e9 Benno et l\u2019APR d\u2019abord. Je n\u2019y suis plus, je suis partie. J\u2019avais gel\u00e9 mes activit\u00e9s, je suis parti maintenant. J\u2019attends qu\u2019une personnalit\u00e9 se prononce. Je suis vieux pour aller cr\u00e9er un parti politique. C\u2019est fini ! Je n\u2019ai pas d\u2019\u00e9lan de parti. M\u00eame si je ne suis pas actif comme tout le monde, j\u2019ai des opinions, je peux les transmettre. Je peux en parler, c\u2019est \u00e7a que je veux dire. Mais, je ne vais pas rester un citoyen inactif qui ne fait rien du tout. Je crois que je poss\u00e8de toujours mes moyens, physiques, intellectuels surtout. Macky Sall, on s\u2019est quitt\u00e9, c\u2019est terminer. Je ne suis pas d\u2019accord avec lui, c\u2019est fini. J\u2019ai quitt\u00e9 l\u2019APR. Par contre, si Amadou Ba cr\u00e9e un parti politique, il m\u2019avait d\u00e9j\u00e0 parl\u00e9 de sa volont\u00e9 d\u2019avoir son mouvement politique, on pourrait l\u2019accompagner. L\u2019APR c\u2019est fini !! je suis parti depuis \u00bb.<\/p>\n","protected":false},"author":15,"featured_media":34588,"comment_status":"open","ping_status":"open","sticky":false,"template":"","format":"standard","meta":{"_jetpack_memberships_contains_paid_content":false,"footnotes":""},"categories":[375,550,9,3,376,1,4],"tags":[7057,7058,7060,7061,7064,7062,6313,7063,7065,7059],"class_list":["post-34582","post","type-post","status-publish","format-standard","has-post-thumbnail","hentry","category-actualites","category-afrique-monde","category-communique","category-politique","category-securite-justice","category-non-classe","category-societe","tag-apres-la-demission-de-alioune-sall","tag-cheikh-oumar-hann-au-sein-de-lapr","tag-entre-latif-coulibaly-et-la-formation-politique-alliance-pour-la-republique-apr","tag-lancien-ministre-de-la-bonne-gouvernance-de-macky-sall","tag-le-mal-est-profond","tag-ne-veut-plus-entendre-parler-de-macky-sall","tag-par-contre","tag-parler-de-macky-sall-et-de-sa-formation-politique","tag-si-amadou-ba-cree-un-parti-politique","tag-un-autre-divorce-est-consomme","entry","has-media","owp-thumbs-layout-horizontal","owp-btn-normal","owp-tabs-layout-horizontal","has-no-thumbnails","has-product-nav"],"yoast_head":"<!-- This site is optimized with the Yoast SEO plugin v25.5 - https:\/\/yoast.com\/wordpress\/plugins\/seo\/ -->\n<title>D\u00e9mission de l\u2019APR : \u00ab J\u2019ai quitt\u00e9 Benno et l\u2019APR, j\u2019attends qu\u2019une \u2026 \u00bb Abdou. L. Coulibaly - LE PUBLIC<\/title>\n<meta name=\"robots\" content=\"index, follow, max-snippet:-1, max-image-preview:large, max-video-preview:-1\" \/>\n<link rel=\"canonical\" href=\"https:\/\/www.public.sn\/index.php\/2024\/07\/22\/demission-de-lapr-jai-quitte-benno-et-lapr-jattends-quune-abdou-l-coulibaly\/\" \/>\n<meta property=\"og:locale\" content=\"fr_FR\" \/>\n<meta property=\"og:type\" content=\"article\" \/>\n<meta property=\"og:title\" content=\"D\u00e9mission de l\u2019APR : \u00ab J\u2019ai quitt\u00e9 Benno et l\u2019APR, j\u2019attends qu\u2019une \u2026 \u00bb Abdou. L. Coulibaly - LE PUBLIC\" \/>\n<meta property=\"og:description\" content=\"Apr\u00e8s la d\u00e9mission de Alioune Sall et de Cheikh Oumar Hann au sein de l&rsquo;APR, un autre divorce est consomm\u00e9 entre Latif Coulibaly et la formation politique Alliance Pour la R\u00e9publique (Apr). L\u2019invit\u00e9 de JDD, relay\u00e9e par Emedia, est sans filtre. L\u2019ancien ministre de la Bonne gouvernance de Macky Sall ne veut plus entendre parler de Macky Sall et de sa formation politique. Le mal est profond. Toutefois, il est pr\u00eat \u00e0 accompagner le candidat malheureux de la derni\u00e8re \u00e9lection Amadou Ba \u00e0 condition qu\u2019il cr\u00e9e son mouvement ou son parti politique. \u00ab J\u2019ai quitt\u00e9 Benno et l\u2019APR d\u2019abord. Je n\u2019y suis plus, je suis partie. J\u2019avais gel\u00e9 mes activit\u00e9s, je suis parti maintenant. J\u2019attends qu\u2019une personnalit\u00e9 se prononce. Je suis vieux pour aller cr\u00e9er un parti politique. C\u2019est fini ! Je n\u2019ai pas d\u2019\u00e9lan de parti. M\u00eame si je ne suis pas actif comme tout le monde, j\u2019ai des opinions, je peux les transmettre. Je peux en parler, c\u2019est \u00e7a que je veux dire. Mais, je ne vais pas rester un citoyen inactif qui ne fait rien du tout. Je crois que je poss\u00e8de toujours mes moyens, physiques, intellectuels surtout. Macky Sall, on s\u2019est quitt\u00e9, c\u2019est terminer. Je ne suis pas d\u2019accord avec lui, c\u2019est fini. J\u2019ai quitt\u00e9 l\u2019APR. Par contre, si Amadou Ba cr\u00e9e un parti politique, il m\u2019avait d\u00e9j\u00e0 parl\u00e9 de sa volont\u00e9 d\u2019avoir son mouvement politique, on pourrait l\u2019accompagner. L\u2019APR c\u2019est fini !! je suis parti depuis \u00bb.\" \/>\n<meta property=\"og:url\" content=\"https:\/\/www.public.sn\/index.php\/2024\/07\/22\/demission-de-lapr-jai-quitte-benno-et-lapr-jattends-quune-abdou-l-coulibaly\/\" \/>\n<meta property=\"og:site_name\" content=\"LE PUBLIC\" \/>\n<meta property=\"article:published_time\" content=\"2024-07-22T14:30:32+00:00\" \/>\n<meta property=\"og:image\" content=\"https:\/\/www.public.sn\/wp-content\/uploads\/2024\/07\/maxresdefault-12.jpg\" \/>\n\t<meta property=\"og:image:width\" content=\"1280\" \/>\n\t<meta property=\"og:image:height\" content=\"720\" \/>\n\t<meta property=\"og:image:type\" content=\"image\/jpeg\" \/>\n<meta name=\"author\" content=\"Baye Amath THIAM\" \/>\n<meta name=\"twitter:card\" content=\"summary_large_image\" \/>\n<meta name=\"twitter:label1\" content=\"\u00c9crit par\" \/>\n\t<meta name=\"twitter:data1\" content=\"Baye Amath THIAM\" \/>\n\t<meta name=\"twitter:label2\" content=\"Dur\u00e9e de lecture estim\u00e9e\" \/>\n\t<meta name=\"twitter:data2\" content=\"1 minute\" \/>\n<script type=\"application\/ld+json\" class=\"yoast-schema-graph\">{\"@context\":\"https:\/\/schema.org\",\"@graph\":[{\"@type\":\"Article\",\"@id\":\"https:\/\/www.public.sn\/index.php\/2024\/07\/22\/demission-de-lapr-jai-quitte-benno-et-lapr-jattends-quune-abdou-l-coulibaly\/#article\",\"isPartOf\":{\"@id\":\"https:\/\/www.public.sn\/index.php\/2024\/07\/22\/demission-de-lapr-jai-quitte-benno-et-lapr-jattends-quune-abdou-l-coulibaly\/\"},\"author\":{\"name\":\"Baye Amath THIAM\",\"@id\":\"https:\/\/www.public.sn\/#\/schema\/person\/f77cd9ce05d8fb925eb038378ee6899d\"},\"headline\":\"D\u00e9mission de l\u2019APR : \u00ab J\u2019ai quitt\u00e9 Benno et l\u2019APR, j\u2019attends qu\u2019une \u2026 \u00bb Abdou. L. Coulibaly\",\"datePublished\":\"2024-07-22T14:30:32+00:00\",\"mainEntityOfPage\":{\"@id\":\"https:\/\/www.public.sn\/index.php\/2024\/07\/22\/demission-de-lapr-jai-quitte-benno-et-lapr-jattends-quune-abdou-l-coulibaly\/\"},\"wordCount\":294,\"commentCount\":0,\"publisher\":{\"@id\":\"https:\/\/www.public.sn\/#organization\"},\"image\":{\"@id\":\"https:\/\/www.public.sn\/index.php\/2024\/07\/22\/demission-de-lapr-jai-quitte-benno-et-lapr-jattends-quune-abdou-l-coulibaly\/#primaryimage\"},\"thumbnailUrl\":\"https:\/\/www.public.sn\/wp-content\/uploads\/2024\/07\/maxresdefault-12.jpg\",\"keywords\":[\"Apr\u00e8s la d\u00e9mission de Alioune Sall\",\"Cheikh Oumar Hann au sein de l'APR\",\"entre Latif Coulibaly et la formation politique Alliance Pour la R\u00e9publique (Apr).\",\"L\u2019ancien ministre de la Bonne gouvernance de Macky Sall\",\"Le mal est profond.\",\"ne veut plus entendre parler de Macky Sall\",\"Par contre\",\"parler de Macky Sall et de sa formation politique\",\"si Amadou Ba cr\u00e9e un parti politique\",\"un autre divorce est consomm\u00e9\"],\"articleSection\":[\"ACTUALIT\u00c9S\",\"AFRIQUE &amp; MONDE\",\"COMMUNIQU\u00c9\",\"POLITIQUE\",\"S\u00c9CURIT\u00c9 &amp; JUSTICE\",\"S\u00c9N\u00c9GAL\",\"SOCIETE\"],\"inLanguage\":\"fr-FR\",\"potentialAction\":[{\"@type\":\"CommentAction\",\"name\":\"Comment\",\"target\":[\"https:\/\/www.public.sn\/index.php\/2024\/07\/22\/demission-de-lapr-jai-quitte-benno-et-lapr-jattends-quune-abdou-l-coulibaly\/#respond\"]}]},{\"@type\":\"WebPage\",\"@id\":\"https:\/\/www.public.sn\/index.php\/2024\/07\/22\/demission-de-lapr-jai-quitte-benno-et-lapr-jattends-quune-abdou-l-coulibaly\/\",\"url\":\"https:\/\/www.public.sn\/index.php\/2024\/07\/22\/demission-de-lapr-jai-quitte-benno-et-lapr-jattends-quune-abdou-l-coulibaly\/\",\"name\":\"D\u00e9mission de l\u2019APR : \u00ab J\u2019ai quitt\u00e9 Benno et l\u2019APR, j\u2019attends qu\u2019une \u2026 \u00bb Abdou. L. Coulibaly - LE PUBLIC\",\"isPartOf\":{\"@id\":\"https:\/\/www.public.sn\/#website\"},\"primaryImageOfPage\":{\"@id\":\"https:\/\/www.public.sn\/index.php\/2024\/07\/22\/demission-de-lapr-jai-quitte-benno-et-lapr-jattends-quune-abdou-l-coulibaly\/#primaryimage\"},\"image\":{\"@id\":\"https:\/\/www.public.sn\/index.php\/2024\/07\/22\/demission-de-lapr-jai-quitte-benno-et-lapr-jattends-quune-abdou-l-coulibaly\/#primaryimage\"},\"thumbnailUrl\":\"https:\/\/www.public.sn\/wp-content\/uploads\/2024\/07\/maxresdefault-12.jpg\",\"datePublished\":\"2024-07-22T14:30:32+00:00\",\"breadcrumb\":{\"@id\":\"https:\/\/www.public.sn\/index.php\/2024\/07\/22\/demission-de-lapr-jai-quitte-benno-et-lapr-jattends-quune-abdou-l-coulibaly\/#breadcrumb\"},\"inLanguage\":\"fr-FR\",\"potentialAction\":[{\"@type\":\"ReadAction\",\"target\":[\"https:\/\/www.public.sn\/index.php\/2024\/07\/22\/demission-de-lapr-jai-quitte-benno-et-lapr-jattends-quune-abdou-l-coulibaly\/\"]}]},{\"@type\":\"ImageObject\",\"inLanguage\":\"fr-FR\",\"@id\":\"https:\/\/www.public.sn\/index.php\/2024\/07\/22\/demission-de-lapr-jai-quitte-benno-et-lapr-jattends-quune-abdou-l-coulibaly\/#primaryimage\",\"url\":\"https:\/\/www.public.sn\/wp-content\/uploads\/2024\/07\/maxresdefault-12.jpg\",\"contentUrl\":\"https:\/\/www.public.sn\/wp-content\/uploads\/2024\/07\/maxresdefault-12.jpg\",\"width\":1280,\"height\":720},{\"@type\":\"BreadcrumbList\",\"@id\":\"https:\/\/www.public.sn\/index.php\/2024\/07\/22\/demission-de-lapr-jai-quitte-benno-et-lapr-jattends-quune-abdou-l-coulibaly\/#breadcrumb\",\"itemListElement\":[{\"@type\":\"ListItem\",\"position\":1,\"name\":\"Accueil\",\"item\":\"https:\/\/www.public.sn\/\"},{\"@type\":\"ListItem\",\"position\":2,\"name\":\"D\u00e9mission de l\u2019APR : \u00ab J\u2019ai quitt\u00e9 Benno et l\u2019APR, j\u2019attends qu\u2019une \u2026 \u00bb Abdou. L. Coulibaly\"}]},{\"@type\":\"WebSite\",\"@id\":\"https:\/\/www.public.sn\/#website\",\"url\":\"https:\/\/www.public.sn\/\",\"name\":\"LE PUBLIC\",\"description\":\"\",\"publisher\":{\"@id\":\"https:\/\/www.public.sn\/#organization\"},\"potentialAction\":[{\"@type\":\"SearchAction\",\"target\":{\"@type\":\"EntryPoint\",\"urlTemplate\":\"https:\/\/www.public.sn\/?s={search_term_string}\"},\"query-input\":{\"@type\":\"PropertyValueSpecification\",\"valueRequired\":true,\"valueName\":\"search_term_string\"}}],\"inLanguage\":\"fr-FR\"},{\"@type\":\"Organization\",\"@id\":\"https:\/\/www.public.sn\/#organization\",\"name\":\"LE PUBLIC\",\"url\":\"https:\/\/www.public.sn\/\",\"logo\":{\"@type\":\"ImageObject\",\"inLanguage\":\"fr-FR\",\"@id\":\"https:\/\/www.public.sn\/#\/schema\/logo\/image\/\",\"url\":\"https:\/\/www.public.sn\/wp-content\/uploads\/2024\/05\/cropped-LOGO-PUBLIC.SN_.png\",\"contentUrl\":\"https:\/\/www.public.sn\/wp-content\/uploads\/2024\/05\/cropped-LOGO-PUBLIC.SN_.png\",\"width\":682,\"height\":192,\"caption\":\"LE PUBLIC\"},\"image\":{\"@id\":\"https:\/\/www.public.sn\/#\/schema\/logo\/image\/\"}},{\"@type\":\"Person\",\"@id\":\"https:\/\/www.public.sn\/#\/schema\/person\/f77cd9ce05d8fb925eb038378ee6899d\",\"name\":\"Baye Amath THIAM\",\"image\":{\"@type\":\"ImageObject\",\"inLanguage\":\"fr-FR\",\"@id\":\"https:\/\/www.public.sn\/#\/schema\/person\/image\/\",\"url\":\"https:\/\/secure.gravatar.com\/avatar\/7eb863ef1336b6f8a2ad921469701e52f094a61c698fab02f5af742ed813612d?s=96&d=mm&r=g\",\"contentUrl\":\"https:\/\/secure.gravatar.com\/avatar\/7eb863ef1336b6f8a2ad921469701e52f094a61c698fab02f5af742ed813612d?s=96&d=mm&r=g\",\"caption\":\"Baye Amath THIAM\"},\"url\":\"https:\/\/www.public.sn\/index.php\/author\/thiamba24\/\"}]}<\/script>\n<!-- \/ Yoast SEO plugin. -->","yoast_head_json":{"title":"D\u00e9mission de l\u2019APR : \u00ab J\u2019ai quitt\u00e9 Benno et l\u2019APR, j\u2019attends qu\u2019une \u2026 \u00bb Abdou. L. Coulibaly - LE PUBLIC","robots":{"index":"index","follow":"follow","max-snippet":"max-snippet:-1","max-image-preview":"max-image-preview:large","max-video-preview":"max-video-preview:-1"},"canonical":"https:\/\/www.public.sn\/index.php\/2024\/07\/22\/demission-de-lapr-jai-quitte-benno-et-lapr-jattends-quune-abdou-l-coulibaly\/","og_locale":"fr_FR","og_type":"article","og_title":"D\u00e9mission de l\u2019APR : \u00ab J\u2019ai quitt\u00e9 Benno et l\u2019APR, j\u2019attends qu\u2019une \u2026 \u00bb Abdou. L. Coulibaly - LE PUBLIC","og_description":"Apr\u00e8s la d\u00e9mission de Alioune Sall et de Cheikh Oumar Hann au sein de l&rsquo;APR, un autre divorce est consomm\u00e9 entre Latif Coulibaly et la formation politique Alliance Pour la R\u00e9publique (Apr). L\u2019invit\u00e9 de JDD, relay\u00e9e par Emedia, est sans filtre. L\u2019ancien ministre de la Bonne gouvernance de Macky Sall ne veut plus entendre parler de Macky Sall et de sa formation politique. Le mal est profond. Toutefois, il est pr\u00eat \u00e0 accompagner le candidat malheureux de la derni\u00e8re \u00e9lection Amadou Ba \u00e0 condition qu\u2019il cr\u00e9e son mouvement ou son parti politique. \u00ab J\u2019ai quitt\u00e9 Benno et l\u2019APR d\u2019abord. Je n\u2019y suis plus, je suis partie. J\u2019avais gel\u00e9 mes activit\u00e9s, je suis parti maintenant. J\u2019attends qu\u2019une personnalit\u00e9 se prononce. Je suis vieux pour aller cr\u00e9er un parti politique. C\u2019est fini ! Je n\u2019ai pas d\u2019\u00e9lan de parti. M\u00eame si je ne suis pas actif comme tout le monde, j\u2019ai des opinions, je peux les transmettre. Je peux en parler, c\u2019est \u00e7a que je veux dire. Mais, je ne vais pas rester un citoyen inactif qui ne fait rien du tout. Je crois que je poss\u00e8de toujours mes moyens, physiques, intellectuels surtout. Macky Sall, on s\u2019est quitt\u00e9, c\u2019est terminer. Je ne suis pas d\u2019accord avec lui, c\u2019est fini. J\u2019ai quitt\u00e9 l\u2019APR. Par contre, si Amadou Ba cr\u00e9e un parti politique, il m\u2019avait d\u00e9j\u00e0 parl\u00e9 de sa volont\u00e9 d\u2019avoir son mouvement politique, on pourrait l\u2019accompagner. L\u2019APR c\u2019est fini !! je suis parti depuis \u00bb.","og_url":"https:\/\/www.public.sn\/index.php\/2024\/07\/22\/demission-de-lapr-jai-quitte-benno-et-lapr-jattends-quune-abdou-l-coulibaly\/","og_site_name":"LE PUBLIC","article_published_time":"2024-07-22T14:30:32+00:00","og_image":[{"width":1280,"height":720,"url":"https:\/\/www.public.sn\/wp-content\/uploads\/2024\/07\/maxresdefault-12.jpg","type":"image\/jpeg"}],"author":"Baye Amath THIAM","twitter_card":"summary_large_image","twitter_misc":{"\u00c9crit par":"Baye Amath THIAM","Dur\u00e9e de lecture estim\u00e9e":"1 minute"},"schema":{"@context":"https:\/\/schema.org","@graph":[{"@type":"Article","@id":"https:\/\/www.public.sn\/index.php\/2024\/07\/22\/demission-de-lapr-jai-quitte-benno-et-lapr-jattends-quune-abdou-l-coulibaly\/#article","isPartOf":{"@id":"https:\/\/www.public.sn\/index.php\/2024\/07\/22\/demission-de-lapr-jai-quitte-benno-et-lapr-jattends-quune-abdou-l-coulibaly\/"},"author":{"name":"Baye Amath THIAM","@id":"https:\/\/www.public.sn\/#\/schema\/person\/f77cd9ce05d8fb925eb038378ee6899d"},"headline":"D\u00e9mission de l\u2019APR : \u00ab J\u2019ai quitt\u00e9 Benno et l\u2019APR, j\u2019attends qu\u2019une \u2026 \u00bb Abdou. L. Coulibaly","datePublished":"2024-07-22T14:30:32+00:00","mainEntityOfPage":{"@id":"https:\/\/www.public.sn\/index.php\/2024\/07\/22\/demission-de-lapr-jai-quitte-benno-et-lapr-jattends-quune-abdou-l-coulibaly\/"},"wordCount":294,"commentCount":0,"publisher":{"@id":"https:\/\/www.public.sn\/#organization"},"image":{"@id":"https:\/\/www.public.sn\/index.php\/2024\/07\/22\/demission-de-lapr-jai-quitte-benno-et-lapr-jattends-quune-abdou-l-coulibaly\/#primaryimage"},"thumbnailUrl":"https:\/\/www.public.sn\/wp-content\/uploads\/2024\/07\/maxresdefault-12.jpg","keywords":["Apr\u00e8s la d\u00e9mission de Alioune Sall","Cheikh Oumar Hann au sein de l'APR","entre Latif Coulibaly et la formation politique Alliance Pour la R\u00e9publique (Apr).","L\u2019ancien ministre de la Bonne gouvernance de Macky Sall","Le mal est profond.","ne veut plus entendre parler de Macky Sall","Par contre","parler de Macky Sall et de sa formation politique","si Amadou Ba cr\u00e9e un parti politique","un autre divorce est consomm\u00e9"],"articleSection":["ACTUALIT\u00c9S","AFRIQUE &amp; MONDE","COMMUNIQU\u00c9","POLITIQUE","S\u00c9CURIT\u00c9 &amp; JUSTICE","S\u00c9N\u00c9GAL","SOCIETE"],"inLanguage":"fr-FR","potentialAction":[{"@type":"CommentAction","name":"Comment","target":["https:\/\/www.public.sn\/index.php\/2024\/07\/22\/demission-de-lapr-jai-quitte-benno-et-lapr-jattends-quune-abdou-l-coulibaly\/#respond"]}]},{"@type":"WebPage","@id":"https:\/\/www.public.sn\/index.php\/2024\/07\/22\/demission-de-lapr-jai-quitte-benno-et-lapr-jattends-quune-abdou-l-coulibaly\/","url":"https:\/\/www.public.sn\/index.php\/2024\/07\/22\/demission-de-lapr-jai-quitte-benno-et-lapr-jattends-quune-abdou-l-coulibaly\/","name":"D\u00e9mission de l\u2019APR : \u00ab J\u2019ai quitt\u00e9 Benno et l\u2019APR, j\u2019attends qu\u2019une \u2026 \u00bb Abdou. L. Coulibaly - LE PUBLIC","isPartOf":{"@id":"https:\/\/www.public.sn\/#website"},"primaryImageOfPage":{"@id":"https:\/\/www.public.sn\/index.php\/2024\/07\/22\/demission-de-lapr-jai-quitte-benno-et-lapr-jattends-quune-abdou-l-coulibaly\/#primaryimage"},"image":{"@id":"https:\/\/www.public.sn\/index.php\/2024\/07\/22\/demission-de-lapr-jai-quitte-benno-et-lapr-jattends-quune-abdou-l-coulibaly\/#primaryimage"},"thumbnailUrl":"https:\/\/www.public.sn\/wp-content\/uploads\/2024\/07\/maxresdefault-12.jpg","datePublished":"2024-07-22T14:30:32+00:00","breadcrumb":{"@id":"https:\/\/www.public.sn\/index.php\/2024\/07\/22\/demission-de-lapr-jai-quitte-benno-et-lapr-jattends-quune-abdou-l-coulibaly\/#breadcrumb"},"inLanguage":"fr-FR","potentialAction":[{"@type":"ReadAction","target":["https:\/\/www.public.sn\/index.php\/2024\/07\/22\/demission-de-lapr-jai-quitte-benno-et-lapr-jattends-quune-abdou-l-coulibaly\/"]}]},{"@type":"ImageObject","inLanguage":"fr-FR","@id":"https:\/\/www.public.sn\/index.php\/2024\/07\/22\/demission-de-lapr-jai-quitte-benno-et-lapr-jattends-quune-abdou-l-coulibaly\/#primaryimage","url":"https:\/\/www.public.sn\/wp-content\/uploads\/2024\/07\/maxresdefault-12.jpg","contentUrl":"https:\/\/www.public.sn\/wp-content\/uploads\/2024\/07\/maxresdefault-12.jpg","width":1280,"height":720},{"@type":"BreadcrumbList","@id":"https:\/\/www.public.sn\/index.php\/2024\/07\/22\/demission-de-lapr-jai-quitte-benno-et-lapr-jattends-quune-abdou-l-coulibaly\/#breadcrumb","itemListElement":[{"@type":"ListItem","position":1,"name":"Accueil","item":"https:\/\/www.public.sn\/"},{"@type":"ListItem","position":2,"name":"D\u00e9mission de l\u2019APR : \u00ab J\u2019ai quitt\u00e9 Benno et l\u2019APR, j\u2019attends qu\u2019une \u2026 \u00bb Abdou. L. Coulibaly"}]},{"@type":"WebSite","@id":"https:\/\/www.public.sn\/#website","url":"https:\/\/www.public.sn\/","name":"LE PUBLIC","description":"","publisher":{"@id":"https:\/\/www.public.sn\/#organization"},"potentialAction":[{"@type":"SearchAction","target":{"@type":"EntryPoint","urlTemplate":"https:\/\/www.public.sn\/?s={search_term_string}"},"query-input":{"@type":"PropertyValueSpecification","valueRequired":true,"valueName":"search_term_string"}}],"inLanguage":"fr-FR"},{"@type":"Organization","@id":"https:\/\/www.public.sn\/#organization","name":"LE PUBLIC","url":"https:\/\/www.public.sn\/","logo":{"@type":"ImageObject","inLanguage":"fr-FR","@id":"https:\/\/www.public.sn\/#\/schema\/logo\/image\/","url":"https:\/\/www.public.sn\/wp-content\/uploads\/2024\/05\/cropped-LOGO-PUBLIC.SN_.png","contentUrl":"https:\/\/www.public.sn\/wp-content\/uploads\/2024\/05\/cropped-LOGO-PUBLIC.SN_.png","width":682,"height":192,"caption":"LE PUBLIC"},"image":{"@id":"https:\/\/www.public.sn\/#\/schema\/logo\/image\/"}},{"@type":"Person","@id":"https:\/\/www.public.sn\/#\/schema\/person\/f77cd9ce05d8fb925eb038378ee6899d","name":"Baye Amath THIAM","image":{"@type":"ImageObject","inLanguage":"fr-FR","@id":"https:\/\/www.public.sn\/#\/schema\/person\/image\/","url":"https:\/\/secure.gravatar.com\/avatar\/7eb863ef1336b6f8a2ad921469701e52f094a61c698fab02f5af742ed813612d?s=96&d=mm&r=g","contentUrl":"https:\/\/secure.gravatar.com\/avatar\/7eb863ef1336b6f8a2ad921469701e52f094a61c698fab02f5af742ed813612d?s=96&d=mm&r=g","caption":"Baye Amath THIAM"},"url":"https:\/\/www.public.sn\/index.php\/author\/thiamba24\/"}]}},"jetpack_featured_media_url":"https:\/\/www.public.sn\/wp-content\/uploads\/2024\/07\/maxresdefault-12.jpg","jetpack_sharing_enabled":true,"_links":{"self":[{"href":"https:\/\/www.public.sn\/index.php\/wp-json\/wp\/v2\/posts\/34582","targetHints":{"allow":["GET"]}}],"collection":[{"href":"https:\/\/www.public.sn\/index.php\/wp-json\/wp\/v2\/posts"}],"about":[{"href":"https:\/\/www.public.sn\/index.php\/wp-json\/wp\/v2\/types\/post"}],"author":[{"embeddable":true,"href":"https:\/\/www.public.sn\/index.php\/wp-json\/wp\/v2\/users\/15"}],"replies":[{"embeddable":true,"href":"https:\/\/www.public.sn\/index.php\/wp-json\/wp\/v2\/comments?post=34582"}],"version-history":[{"count":1,"href":"https:\/\/www.public.sn\/index.php\/wp-json\/wp\/v2\/posts\/34582\/revisions"}],"predecessor-version":[{"id":34589,"href":"https:\/\/www.public.sn\/index.php\/wp-json\/wp\/v2\/posts\/34582\/revisions\/34589"}],"wp:featuredmedia":[{"embeddable":true,"href":"https:\/\/www.public.sn\/index.php\/wp-json\/wp\/v2\/media\/34588"}],"wp:attachment":[{"href":"https:\/\/www.public.sn\/index.php\/wp-json\/wp\/v2\/media?parent=34582"}],"wp:term":[{"taxonomy":"category","embeddable":true,"href":"https:\/\/www.public.sn\/index.php\/wp-json\/wp\/v2\/categories?post=34582"},{"taxonomy":"post_tag","embeddable":true,"href":"https:\/\/www.public.sn\/index.php\/wp-json\/wp\/v2\/tags?post=34582"}],"curies":[{"name":"wp","href":"https:\/\/api.w.org\/{rel}","templated":true}]}}