{"id":34595,"date":"2024-07-23T09:50:41","date_gmt":"2024-07-23T09:50:41","guid":{"rendered":"https:\/\/www.public.sn\/?p=34595"},"modified":"2024-07-23T09:50:41","modified_gmt":"2024-07-23T09:50:41","slug":"declaration-de-politique-generale-de-ousmane-sonko-la-situation-deja-reglee","status":"publish","type":"post","link":"https:\/\/www.public.sn\/index.php\/2024\/07\/23\/declaration-de-politique-generale-de-ousmane-sonko-la-situation-deja-reglee\/","title":{"rendered":"D\u00e9claration de Politique G\u00e9n\u00e9rale de Ousmane Sonko: La situation d\u00e9j\u00e0 r\u00e9gl\u00e9e"},"content":{"rendered":"<p>Ousmane Sonko \u00e0 l\u2019Assembl\u00e9e nationale, c\u2019est fait! Les amortissements pour les changements dans le r\u00e8glement int\u00e9rieur de l\u2019Assembl\u00e9e nationale se terminent aujourd\u2019hui.<\/p><div class=\"publi-paragraphe1\" style=\"margin-top: 10px;margin-bottom: 10px;margin-left: auto;margin-right: auto;text-align: center;\" id=\"publi-3906561030\"><div class=\"publi-adlabel\">Publicit\u00e9<\/div><script async src=\"\/\/pagead2.googlesyndication.com\/pagead\/js\/adsbygoogle.js?client=ca-pub-4089586018074219\" crossorigin=\"anonymous\"><\/script><ins class=\"adsbygoogle\" style=\"display:block;\" data-ad-client=\"ca-pub-4089586018074219\" \ndata-ad-slot=\"2087940154\" \ndata-ad-format=\"auto\"><\/ins>\n<script> \n(adsbygoogle = window.adsbygoogle || []).push({}); \n<\/script>\n<\/div>\n<p>Selon Enqu\u00eate, des d\u00e9put\u00e9s des groupes parlementaires Benno, Yewwi et Wallu, r\u00e9unis depuis lundi pour deux jours \u00e0 Saly, discutent des modifications \u00e0 apporter aux textes du Parlement. \u00ab Les travaux progressent bien et se d\u00e9roulent dans une ambiance constructive \u00bb, informent des sources du quotidien.<\/p>\n<p>Un parlementaire, interrog\u00e9 par le journal, pr\u00e9cise : \u00ab Nous travaillons. Vous aurez bient\u00f4t les r\u00e9sultats de nos efforts. \u00bb Cette r\u00e9forme devrait d\u00e9boucher sur la D\u00e9claration de politique g\u00e9n\u00e9rale (DPG) du Premier ministre Ousmane Sonko apr\u00e8s la r\u00e9solution du principal point de d\u00e9saccord.<\/p>\n<div class=\"publi-apres-le-contenu\" style=\"margin-top: 10px;margin-bottom: 10px;margin-left: auto;margin-right: auto;text-align: center;\" id=\"publi-1618028699\"><div class=\"publi-adlabel\">Publicit\u00e9<\/div><script async src=\"\/\/pagead2.googlesyndication.com\/pagead\/js\/adsbygoogle.js?client=ca-pub-4089586018074219\" crossorigin=\"anonymous\"><\/script><ins class=\"adsbygoogle\" style=\"display:block;\" data-ad-client=\"ca-pub-4089586018074219\" \ndata-ad-slot=\"2087940154\" \ndata-ad-format=\"auto\"><\/ins>\n<script> \n(adsbygoogle = window.adsbygoogle || []).push({}); \n<\/script>\n<\/div>","protected":false},"excerpt":{"rendered":"<p>Ousmane Sonko \u00e0 l\u2019Assembl\u00e9e nationale, c\u2019est fait! Les amortissements pour les changements dans le r\u00e8glement int\u00e9rieur de l\u2019Assembl\u00e9e nationale se terminent aujourd\u2019hui. Selon Enqu\u00eate, des d\u00e9put\u00e9s des groupes parlementaires Benno, Yewwi et Wallu, r\u00e9unis depuis lundi pour deux jours \u00e0 Saly, discutent des modifications \u00e0 apporter aux textes du Parlement. \u00ab Les travaux progressent bien et se d\u00e9roulent dans une ambiance constructive \u00bb, informent des sources du quotidien. Un parlementaire, interrog\u00e9 par le journal, pr\u00e9cise : \u00ab Nous travaillons. Vous aurez bient\u00f4t les r\u00e9sultats de nos efforts. \u00bb Cette r\u00e9forme devrait d\u00e9boucher sur la D\u00e9claration de politique g\u00e9n\u00e9rale (DPG) du Premier ministre Ousmane Sonko apr\u00e8s la r\u00e9solution du principal point de d\u00e9saccord.<\/p>\n","protected":false},"author":15,"featured_media":34596,"comment_status":"open","ping_status":"open","sticky":false,"template":"","format":"standard","meta":{"_jetpack_memberships_contains_paid_content":false,"footnotes":""},"categories":[375,549,3724,961,602,3,376,1,4],"tags":[12,479,3770,722,16,300,301],"class_list":["post-34595","post","type-post","status-publish","format-standard","has-post-thumbnail","hentry","category-actualites","category-economie","category-justice","category-medias","category-partenaires","category-politique","category-securite-justice","category-non-classe","category-societe","tag-assemblee-nationale","tag-benno","tag-declaration-de-politique-generale-2","tag-groupes-parlementaires","tag-ousmane-sonko","tag-wallu","tag-yewwi","entry","has-media","owp-thumbs-layout-horizontal","owp-btn-normal","owp-tabs-layout-horizontal","has-no-thumbnails","has-product-nav"],"yoast_head":"<!-- This site is optimized with the Yoast SEO plugin v25.5 - https:\/\/yoast.com\/wordpress\/plugins\/seo\/ -->\n<title>D\u00e9claration de Politique G\u00e9n\u00e9rale de Ousmane Sonko: La situation d\u00e9j\u00e0 r\u00e9gl\u00e9e - LE PUBLIC<\/title>\n<meta name=\"robots\" content=\"index, follow, max-snippet:-1, max-image-preview:large, max-video-preview:-1\" \/>\n<link rel=\"canonical\" href=\"https:\/\/www.public.sn\/index.php\/2024\/07\/23\/declaration-de-politique-generale-de-ousmane-sonko-la-situation-deja-reglee\/\" \/>\n<meta property=\"og:locale\" content=\"fr_FR\" \/>\n<meta property=\"og:type\" content=\"article\" \/>\n<meta property=\"og:title\" content=\"D\u00e9claration de Politique G\u00e9n\u00e9rale de Ousmane Sonko: La situation d\u00e9j\u00e0 r\u00e9gl\u00e9e - LE PUBLIC\" \/>\n<meta property=\"og:description\" content=\"Ousmane Sonko \u00e0 l\u2019Assembl\u00e9e nationale, c\u2019est fait! Les amortissements pour les changements dans le r\u00e8glement int\u00e9rieur de l\u2019Assembl\u00e9e nationale se terminent aujourd\u2019hui. Selon Enqu\u00eate, des d\u00e9put\u00e9s des groupes parlementaires Benno, Yewwi et Wallu, r\u00e9unis depuis lundi pour deux jours \u00e0 Saly, discutent des modifications \u00e0 apporter aux textes du Parlement. \u00ab Les travaux progressent bien et se d\u00e9roulent dans une ambiance constructive \u00bb, informent des sources du quotidien. Un parlementaire, interrog\u00e9 par le journal, pr\u00e9cise : \u00ab Nous travaillons. Vous aurez bient\u00f4t les r\u00e9sultats de nos efforts. \u00bb Cette r\u00e9forme devrait d\u00e9boucher sur la D\u00e9claration de politique g\u00e9n\u00e9rale (DPG) du Premier ministre Ousmane Sonko apr\u00e8s la r\u00e9solution du principal point de d\u00e9saccord.\" \/>\n<meta property=\"og:url\" content=\"https:\/\/www.public.sn\/index.php\/2024\/07\/23\/declaration-de-politique-generale-de-ousmane-sonko-la-situation-deja-reglee\/\" \/>\n<meta property=\"og:site_name\" content=\"LE PUBLIC\" \/>\n<meta property=\"article:published_time\" content=\"2024-07-23T09:50:41+00:00\" \/>\n<meta property=\"og:image\" content=\"https:\/\/www.public.sn\/wp-content\/uploads\/2024\/07\/sonko_an.jpg\" \/>\n\t<meta property=\"og:image:width\" content=\"679\" \/>\n\t<meta property=\"og:image:height\" content=\"479\" \/>\n\t<meta property=\"og:image:type\" content=\"image\/jpeg\" \/>\n<meta name=\"author\" content=\"Baye Amath THIAM\" \/>\n<meta name=\"twitter:card\" content=\"summary_large_image\" \/>\n<meta name=\"twitter:label1\" content=\"\u00c9crit par\" \/>\n\t<meta name=\"twitter:data1\" content=\"Baye Amath THIAM\" \/>\n\t<meta name=\"twitter:label2\" content=\"Dur\u00e9e de lecture estim\u00e9e\" \/>\n\t<meta name=\"twitter:data2\" content=\"1 minute\" \/>\n<script type=\"application\/ld+json\" class=\"yoast-schema-graph\">{\"@context\":\"https:\/\/schema.org\",\"@graph\":[{\"@type\":\"Article\",\"@id\":\"https:\/\/www.public.sn\/index.php\/2024\/07\/23\/declaration-de-politique-generale-de-ousmane-sonko-la-situation-deja-reglee\/#article\",\"isPartOf\":{\"@id\":\"https:\/\/www.public.sn\/index.php\/2024\/07\/23\/declaration-de-politique-generale-de-ousmane-sonko-la-situation-deja-reglee\/\"},\"author\":{\"name\":\"Baye Amath THIAM\",\"@id\":\"https:\/\/www.public.sn\/#\/schema\/person\/f77cd9ce05d8fb925eb038378ee6899d\"},\"headline\":\"D\u00e9claration de Politique G\u00e9n\u00e9rale de Ousmane Sonko: La situation d\u00e9j\u00e0 r\u00e9gl\u00e9e\",\"datePublished\":\"2024-07-23T09:50:41+00:00\",\"mainEntityOfPage\":{\"@id\":\"https:\/\/www.public.sn\/index.php\/2024\/07\/23\/declaration-de-politique-generale-de-ousmane-sonko-la-situation-deja-reglee\/\"},\"wordCount\":145,\"commentCount\":0,\"publisher\":{\"@id\":\"https:\/\/www.public.sn\/#organization\"},\"image\":{\"@id\":\"https:\/\/www.public.sn\/index.php\/2024\/07\/23\/declaration-de-politique-generale-de-ousmane-sonko-la-situation-deja-reglee\/#primaryimage\"},\"thumbnailUrl\":\"https:\/\/www.public.sn\/wp-content\/uploads\/2024\/07\/sonko_an.jpg\",\"keywords\":[\"Assembl\u00e9e Nationale\",\"Benno\",\"declaration de politique generale\",\"Groupes parlementaires\",\"Ousmane Sonko\",\"Wallu\",\"Yewwi\"],\"articleSection\":[\"ACTUALIT\u00c9S\",\"\u00c9CONOMIE\",\"justice\",\"M\u00c9DIAS\",\"PARTENAIRES\",\"POLITIQUE\",\"S\u00c9CURIT\u00c9 &amp; JUSTICE\",\"S\u00c9N\u00c9GAL\",\"SOCIETE\"],\"inLanguage\":\"fr-FR\",\"potentialAction\":[{\"@type\":\"CommentAction\",\"name\":\"Comment\",\"target\":[\"https:\/\/www.public.sn\/index.php\/2024\/07\/23\/declaration-de-politique-generale-de-ousmane-sonko-la-situation-deja-reglee\/#respond\"]}]},{\"@type\":\"WebPage\",\"@id\":\"https:\/\/www.public.sn\/index.php\/2024\/07\/23\/declaration-de-politique-generale-de-ousmane-sonko-la-situation-deja-reglee\/\",\"url\":\"https:\/\/www.public.sn\/index.php\/2024\/07\/23\/declaration-de-politique-generale-de-ousmane-sonko-la-situation-deja-reglee\/\",\"name\":\"D\u00e9claration de Politique G\u00e9n\u00e9rale de Ousmane Sonko: La situation d\u00e9j\u00e0 r\u00e9gl\u00e9e - LE PUBLIC\",\"isPartOf\":{\"@id\":\"https:\/\/www.public.sn\/#website\"},\"primaryImageOfPage\":{\"@id\":\"https:\/\/www.public.sn\/index.php\/2024\/07\/23\/declaration-de-politique-generale-de-ousmane-sonko-la-situation-deja-reglee\/#primaryimage\"},\"image\":{\"@id\":\"https:\/\/www.public.sn\/index.php\/2024\/07\/23\/declaration-de-politique-generale-de-ousmane-sonko-la-situation-deja-reglee\/#primaryimage\"},\"thumbnailUrl\":\"https:\/\/www.public.sn\/wp-content\/uploads\/2024\/07\/sonko_an.jpg\",\"datePublished\":\"2024-07-23T09:50:41+00:00\",\"breadcrumb\":{\"@id\":\"https:\/\/www.public.sn\/index.php\/2024\/07\/23\/declaration-de-politique-generale-de-ousmane-sonko-la-situation-deja-reglee\/#breadcrumb\"},\"inLanguage\":\"fr-FR\",\"potentialAction\":[{\"@type\":\"ReadAction\",\"target\":[\"https:\/\/www.public.sn\/index.php\/2024\/07\/23\/declaration-de-politique-generale-de-ousmane-sonko-la-situation-deja-reglee\/\"]}]},{\"@type\":\"ImageObject\",\"inLanguage\":\"fr-FR\",\"@id\":\"https:\/\/www.public.sn\/index.php\/2024\/07\/23\/declaration-de-politique-generale-de-ousmane-sonko-la-situation-deja-reglee\/#primaryimage\",\"url\":\"https:\/\/www.public.sn\/wp-content\/uploads\/2024\/07\/sonko_an.jpg\",\"contentUrl\":\"https:\/\/www.public.sn\/wp-content\/uploads\/2024\/07\/sonko_an.jpg\",\"width\":679,\"height\":479},{\"@type\":\"BreadcrumbList\",\"@id\":\"https:\/\/www.public.sn\/index.php\/2024\/07\/23\/declaration-de-politique-generale-de-ousmane-sonko-la-situation-deja-reglee\/#breadcrumb\",\"itemListElement\":[{\"@type\":\"ListItem\",\"position\":1,\"name\":\"Accueil\",\"item\":\"https:\/\/www.public.sn\/\"},{\"@type\":\"ListItem\",\"position\":2,\"name\":\"D\u00e9claration de Politique G\u00e9n\u00e9rale de Ousmane Sonko: La situation d\u00e9j\u00e0 r\u00e9gl\u00e9e\"}]},{\"@type\":\"WebSite\",\"@id\":\"https:\/\/www.public.sn\/#website\",\"url\":\"https:\/\/www.public.sn\/\",\"name\":\"LE PUBLIC\",\"description\":\"\",\"publisher\":{\"@id\":\"https:\/\/www.public.sn\/#organization\"},\"potentialAction\":[{\"@type\":\"SearchAction\",\"target\":{\"@type\":\"EntryPoint\",\"urlTemplate\":\"https:\/\/www.public.sn\/?s={search_term_string}\"},\"query-input\":{\"@type\":\"PropertyValueSpecification\",\"valueRequired\":true,\"valueName\":\"search_term_string\"}}],\"inLanguage\":\"fr-FR\"},{\"@type\":\"Organization\",\"@id\":\"https:\/\/www.public.sn\/#organization\",\"name\":\"LE PUBLIC\",\"url\":\"https:\/\/www.public.sn\/\",\"logo\":{\"@type\":\"ImageObject\",\"inLanguage\":\"fr-FR\",\"@id\":\"https:\/\/www.public.sn\/#\/schema\/logo\/image\/\",\"url\":\"https:\/\/www.public.sn\/wp-content\/uploads\/2024\/05\/cropped-LOGO-PUBLIC.SN_.png\",\"contentUrl\":\"https:\/\/www.public.sn\/wp-content\/uploads\/2024\/05\/cropped-LOGO-PUBLIC.SN_.png\",\"width\":682,\"height\":192,\"caption\":\"LE PUBLIC\"},\"image\":{\"@id\":\"https:\/\/www.public.sn\/#\/schema\/logo\/image\/\"}},{\"@type\":\"Person\",\"@id\":\"https:\/\/www.public.sn\/#\/schema\/person\/f77cd9ce05d8fb925eb038378ee6899d\",\"name\":\"Baye Amath THIAM\",\"image\":{\"@type\":\"ImageObject\",\"inLanguage\":\"fr-FR\",\"@id\":\"https:\/\/www.public.sn\/#\/schema\/person\/image\/\",\"url\":\"https:\/\/secure.gravatar.com\/avatar\/7eb863ef1336b6f8a2ad921469701e52f094a61c698fab02f5af742ed813612d?s=96&d=mm&r=g\",\"contentUrl\":\"https:\/\/secure.gravatar.com\/avatar\/7eb863ef1336b6f8a2ad921469701e52f094a61c698fab02f5af742ed813612d?s=96&d=mm&r=g\",\"caption\":\"Baye Amath THIAM\"},\"url\":\"https:\/\/www.public.sn\/index.php\/author\/thiamba24\/\"}]}<\/script>\n<!-- \/ Yoast SEO plugin. -->","yoast_head_json":{"title":"D\u00e9claration de Politique G\u00e9n\u00e9rale de Ousmane Sonko: La situation d\u00e9j\u00e0 r\u00e9gl\u00e9e - LE PUBLIC","robots":{"index":"index","follow":"follow","max-snippet":"max-snippet:-1","max-image-preview":"max-image-preview:large","max-video-preview":"max-video-preview:-1"},"canonical":"https:\/\/www.public.sn\/index.php\/2024\/07\/23\/declaration-de-politique-generale-de-ousmane-sonko-la-situation-deja-reglee\/","og_locale":"fr_FR","og_type":"article","og_title":"D\u00e9claration de Politique G\u00e9n\u00e9rale de Ousmane Sonko: La situation d\u00e9j\u00e0 r\u00e9gl\u00e9e - LE PUBLIC","og_description":"Ousmane Sonko \u00e0 l\u2019Assembl\u00e9e nationale, c\u2019est fait! Les amortissements pour les changements dans le r\u00e8glement int\u00e9rieur de l\u2019Assembl\u00e9e nationale se terminent aujourd\u2019hui. Selon Enqu\u00eate, des d\u00e9put\u00e9s des groupes parlementaires Benno, Yewwi et Wallu, r\u00e9unis depuis lundi pour deux jours \u00e0 Saly, discutent des modifications \u00e0 apporter aux textes du Parlement. \u00ab Les travaux progressent bien et se d\u00e9roulent dans une ambiance constructive \u00bb, informent des sources du quotidien. Un parlementaire, interrog\u00e9 par le journal, pr\u00e9cise : \u00ab Nous travaillons. Vous aurez bient\u00f4t les r\u00e9sultats de nos efforts. \u00bb Cette r\u00e9forme devrait d\u00e9boucher sur la D\u00e9claration de politique g\u00e9n\u00e9rale (DPG) du Premier ministre Ousmane Sonko apr\u00e8s la r\u00e9solution du principal point de d\u00e9saccord.","og_url":"https:\/\/www.public.sn\/index.php\/2024\/07\/23\/declaration-de-politique-generale-de-ousmane-sonko-la-situation-deja-reglee\/","og_site_name":"LE PUBLIC","article_published_time":"2024-07-23T09:50:41+00:00","og_image":[{"width":679,"height":479,"url":"https:\/\/www.public.sn\/wp-content\/uploads\/2024\/07\/sonko_an.jpg","type":"image\/jpeg"}],"author":"Baye Amath THIAM","twitter_card":"summary_large_image","twitter_misc":{"\u00c9crit par":"Baye Amath THIAM","Dur\u00e9e de lecture estim\u00e9e":"1 minute"},"schema":{"@context":"https:\/\/schema.org","@graph":[{"@type":"Article","@id":"https:\/\/www.public.sn\/index.php\/2024\/07\/23\/declaration-de-politique-generale-de-ousmane-sonko-la-situation-deja-reglee\/#article","isPartOf":{"@id":"https:\/\/www.public.sn\/index.php\/2024\/07\/23\/declaration-de-politique-generale-de-ousmane-sonko-la-situation-deja-reglee\/"},"author":{"name":"Baye Amath THIAM","@id":"https:\/\/www.public.sn\/#\/schema\/person\/f77cd9ce05d8fb925eb038378ee6899d"},"headline":"D\u00e9claration de Politique G\u00e9n\u00e9rale de Ousmane Sonko: La situation d\u00e9j\u00e0 r\u00e9gl\u00e9e","datePublished":"2024-07-23T09:50:41+00:00","mainEntityOfPage":{"@id":"https:\/\/www.public.sn\/index.php\/2024\/07\/23\/declaration-de-politique-generale-de-ousmane-sonko-la-situation-deja-reglee\/"},"wordCount":145,"commentCount":0,"publisher":{"@id":"https:\/\/www.public.sn\/#organization"},"image":{"@id":"https:\/\/www.public.sn\/index.php\/2024\/07\/23\/declaration-de-politique-generale-de-ousmane-sonko-la-situation-deja-reglee\/#primaryimage"},"thumbnailUrl":"https:\/\/www.public.sn\/wp-content\/uploads\/2024\/07\/sonko_an.jpg","keywords":["Assembl\u00e9e Nationale","Benno","declaration de politique generale","Groupes parlementaires","Ousmane Sonko","Wallu","Yewwi"],"articleSection":["ACTUALIT\u00c9S","\u00c9CONOMIE","justice","M\u00c9DIAS","PARTENAIRES","POLITIQUE","S\u00c9CURIT\u00c9 &amp; JUSTICE","S\u00c9N\u00c9GAL","SOCIETE"],"inLanguage":"fr-FR","potentialAction":[{"@type":"CommentAction","name":"Comment","target":["https:\/\/www.public.sn\/index.php\/2024\/07\/23\/declaration-de-politique-generale-de-ousmane-sonko-la-situation-deja-reglee\/#respond"]}]},{"@type":"WebPage","@id":"https:\/\/www.public.sn\/index.php\/2024\/07\/23\/declaration-de-politique-generale-de-ousmane-sonko-la-situation-deja-reglee\/","url":"https:\/\/www.public.sn\/index.php\/2024\/07\/23\/declaration-de-politique-generale-de-ousmane-sonko-la-situation-deja-reglee\/","name":"D\u00e9claration de Politique G\u00e9n\u00e9rale de Ousmane Sonko: La situation d\u00e9j\u00e0 r\u00e9gl\u00e9e - LE PUBLIC","isPartOf":{"@id":"https:\/\/www.public.sn\/#website"},"primaryImageOfPage":{"@id":"https:\/\/www.public.sn\/index.php\/2024\/07\/23\/declaration-de-politique-generale-de-ousmane-sonko-la-situation-deja-reglee\/#primaryimage"},"image":{"@id":"https:\/\/www.public.sn\/index.php\/2024\/07\/23\/declaration-de-politique-generale-de-ousmane-sonko-la-situation-deja-reglee\/#primaryimage"},"thumbnailUrl":"https:\/\/www.public.sn\/wp-content\/uploads\/2024\/07\/sonko_an.jpg","datePublished":"2024-07-23T09:50:41+00:00","breadcrumb":{"@id":"https:\/\/www.public.sn\/index.php\/2024\/07\/23\/declaration-de-politique-generale-de-ousmane-sonko-la-situation-deja-reglee\/#breadcrumb"},"inLanguage":"fr-FR","potentialAction":[{"@type":"ReadAction","target":["https:\/\/www.public.sn\/index.php\/2024\/07\/23\/declaration-de-politique-generale-de-ousmane-sonko-la-situation-deja-reglee\/"]}]},{"@type":"ImageObject","inLanguage":"fr-FR","@id":"https:\/\/www.public.sn\/index.php\/2024\/07\/23\/declaration-de-politique-generale-de-ousmane-sonko-la-situation-deja-reglee\/#primaryimage","url":"https:\/\/www.public.sn\/wp-content\/uploads\/2024\/07\/sonko_an.jpg","contentUrl":"https:\/\/www.public.sn\/wp-content\/uploads\/2024\/07\/sonko_an.jpg","width":679,"height":479},{"@type":"BreadcrumbList","@id":"https:\/\/www.public.sn\/index.php\/2024\/07\/23\/declaration-de-politique-generale-de-ousmane-sonko-la-situation-deja-reglee\/#breadcrumb","itemListElement":[{"@type":"ListItem","position":1,"name":"Accueil","item":"https:\/\/www.public.sn\/"},{"@type":"ListItem","position":2,"name":"D\u00e9claration de Politique G\u00e9n\u00e9rale de Ousmane Sonko: La situation d\u00e9j\u00e0 r\u00e9gl\u00e9e"}]},{"@type":"WebSite","@id":"https:\/\/www.public.sn\/#website","url":"https:\/\/www.public.sn\/","name":"LE PUBLIC","description":"","publisher":{"@id":"https:\/\/www.public.sn\/#organization"},"potentialAction":[{"@type":"SearchAction","target":{"@type":"EntryPoint","urlTemplate":"https:\/\/www.public.sn\/?s={search_term_string}"},"query-input":{"@type":"PropertyValueSpecification","valueRequired":true,"valueName":"search_term_string"}}],"inLanguage":"fr-FR"},{"@type":"Organization","@id":"https:\/\/www.public.sn\/#organization","name":"LE PUBLIC","url":"https:\/\/www.public.sn\/","logo":{"@type":"ImageObject","inLanguage":"fr-FR","@id":"https:\/\/www.public.sn\/#\/schema\/logo\/image\/","url":"https:\/\/www.public.sn\/wp-content\/uploads\/2024\/05\/cropped-LOGO-PUBLIC.SN_.png","contentUrl":"https:\/\/www.public.sn\/wp-content\/uploads\/2024\/05\/cropped-LOGO-PUBLIC.SN_.png","width":682,"height":192,"caption":"LE PUBLIC"},"image":{"@id":"https:\/\/www.public.sn\/#\/schema\/logo\/image\/"}},{"@type":"Person","@id":"https:\/\/www.public.sn\/#\/schema\/person\/f77cd9ce05d8fb925eb038378ee6899d","name":"Baye Amath THIAM","image":{"@type":"ImageObject","inLanguage":"fr-FR","@id":"https:\/\/www.public.sn\/#\/schema\/person\/image\/","url":"https:\/\/secure.gravatar.com\/avatar\/7eb863ef1336b6f8a2ad921469701e52f094a61c698fab02f5af742ed813612d?s=96&d=mm&r=g","contentUrl":"https:\/\/secure.gravatar.com\/avatar\/7eb863ef1336b6f8a2ad921469701e52f094a61c698fab02f5af742ed813612d?s=96&d=mm&r=g","caption":"Baye Amath THIAM"},"url":"https:\/\/www.public.sn\/index.php\/author\/thiamba24\/"}]}},"jetpack_featured_media_url":"https:\/\/www.public.sn\/wp-content\/uploads\/2024\/07\/sonko_an.jpg","jetpack_sharing_enabled":true,"_links":{"self":[{"href":"https:\/\/www.public.sn\/index.php\/wp-json\/wp\/v2\/posts\/34595","targetHints":{"allow":["GET"]}}],"collection":[{"href":"https:\/\/www.public.sn\/index.php\/wp-json\/wp\/v2\/posts"}],"about":[{"href":"https:\/\/www.public.sn\/index.php\/wp-json\/wp\/v2\/types\/post"}],"author":[{"embeddable":true,"href":"https:\/\/www.public.sn\/index.php\/wp-json\/wp\/v2\/users\/15"}],"replies":[{"embeddable":true,"href":"https:\/\/www.public.sn\/index.php\/wp-json\/wp\/v2\/comments?post=34595"}],"version-history":[{"count":1,"href":"https:\/\/www.public.sn\/index.php\/wp-json\/wp\/v2\/posts\/34595\/revisions"}],"predecessor-version":[{"id":34597,"href":"https:\/\/www.public.sn\/index.php\/wp-json\/wp\/v2\/posts\/34595\/revisions\/34597"}],"wp:featuredmedia":[{"embeddable":true,"href":"https:\/\/www.public.sn\/index.php\/wp-json\/wp\/v2\/media\/34596"}],"wp:attachment":[{"href":"https:\/\/www.public.sn\/index.php\/wp-json\/wp\/v2\/media?parent=34595"}],"wp:term":[{"taxonomy":"category","embeddable":true,"href":"https:\/\/www.public.sn\/index.php\/wp-json\/wp\/v2\/categories?post=34595"},{"taxonomy":"post_tag","embeddable":true,"href":"https:\/\/www.public.sn\/index.php\/wp-json\/wp\/v2\/tags?post=34595"}],"curies":[{"name":"wp","href":"https:\/\/api.w.org\/{rel}","templated":true}]}}