{"id":34604,"date":"2024-07-23T10:37:56","date_gmt":"2024-07-23T10:37:56","guid":{"rendered":"https:\/\/www.public.sn\/?p=34604"},"modified":"2024-07-23T10:37:56","modified_gmt":"2024-07-23T10:37:56","slug":"pape-ale-niang-exige-aux-nouvelles-autorites-de-dire-la-verite-au-peuple-sinon-ce-sera-le-retour-de-baton","status":"publish","type":"post","link":"https:\/\/www.public.sn\/index.php\/2024\/07\/23\/pape-ale-niang-exige-aux-nouvelles-autorites-de-dire-la-verite-au-peuple-sinon-ce-sera-le-retour-de-baton\/","title":{"rendered":"Pape Al\u00e9 Niang exige aux nouvelles autorit\u00e9s \u00ab de dire la v\u00e9rit\u00e9 au peuple\u2026 sinon ce sera le retour de b\u00e2ton \u00bb"},"content":{"rendered":"<p>Le nouveau Directeur g\u00e9n\u00e9ral de la Radiodiffusion T\u00e9l\u00e9vision du S\u00e9n\u00e9gal (RTS), Pape Al\u00e9 Niang, r\u00e9cemment nomm\u00e9 par le nouveau r\u00e9gime apr\u00e8s l\u2019\u00e9lection pr\u00e9sidentielle de mars 2024, continue d\u2019exprimer ses opinions sur la situation actuelle au S\u00e9n\u00e9gal. Bien que d\u00e9sormais \u00e0 la t\u00eate d\u2019une importante structure publique, il ne renonce pas \u00e0 sa libert\u00e9 d\u2019expression.<\/p><div class=\"publi-paragraphe1\" style=\"margin-top: 10px;margin-bottom: 10px;margin-left: auto;margin-right: auto;text-align: center;\" id=\"publi-3366724212\"><div class=\"publi-adlabel\">Publicit\u00e9<\/div><script async src=\"\/\/pagead2.googlesyndication.com\/pagead\/js\/adsbygoogle.js?client=ca-pub-4089586018074219\" crossorigin=\"anonymous\"><\/script><ins class=\"adsbygoogle\" style=\"display:block;\" data-ad-client=\"ca-pub-4089586018074219\" \ndata-ad-slot=\"2087940154\" \ndata-ad-format=\"auto\"><\/ins>\n<script> \n(adsbygoogle = window.adsbygoogle || []).push({}); \n<\/script>\n<\/div>\n<p>Le lundi 22 juillet, Pape Al\u00e9 Niang a publi\u00e9 un message significatif sur les r\u00e9seaux sociaux, illustrant les d\u00e9fis auxquels les nouvelles autorit\u00e9s doivent faire face et les obstacles rencontr\u00e9s dans leurs efforts pour faire avancer le pays. Selon lui, \u00ab juste 3 mois au pouvoir. Et on se rend compte que les choses les plus \u00e9l\u00e9mentaires sont en r\u00e9alit\u00e9 des urgences \u00e0 r\u00e9gler \u00bb.<\/p>\n<p>Il a \u00e9galement exhort\u00e9 les autorit\u00e9s \u00e0 \u00eatre transparentes avec la population s\u00e9n\u00e9galaise concernant la r\u00e9alit\u00e9 actuelle du pays, soulignant que la situation est complexe. \u00ab L\u2019unique solution est de dire la v\u00e9rit\u00e9 au peuple et proc\u00e9der \u00e0 des ruptures. Sinon ce sera le retour de b\u00e2ton \u00bb. Dans ce message, il met en garde les nouvelles autorit\u00e9s contre les cons\u00e9quences potentielles d\u2019un manque de transparence.<\/p>\n<p><img decoding=\"async\" src=\"https:\/\/www.public.sn\/wp-content\/uploads\/2024\/07\/Capture-decran-2024-07-23-a-10.26.19-300x112.png\" alt=\"\" width=\"300\" height=\"112\" class=\"alignnone size-medium wp-image-34605\" srcset=\"https:\/\/www.public.sn\/wp-content\/uploads\/2024\/07\/Capture-decran-2024-07-23-a-10.26.19-300x112.png 300w, https:\/\/www.public.sn\/wp-content\/uploads\/2024\/07\/Capture-decran-2024-07-23-a-10.26.19.png 595w\" sizes=\"(max-width: 300px) 100vw, 300px\" \/><\/p>\n<div class=\"publi-apres-le-contenu\" style=\"margin-top: 10px;margin-bottom: 10px;margin-left: auto;margin-right: auto;text-align: center;\" id=\"publi-2394367786\"><div class=\"publi-adlabel\">Publicit\u00e9<\/div><script async src=\"\/\/pagead2.googlesyndication.com\/pagead\/js\/adsbygoogle.js?client=ca-pub-4089586018074219\" crossorigin=\"anonymous\"><\/script><ins class=\"adsbygoogle\" style=\"display:block;\" data-ad-client=\"ca-pub-4089586018074219\" \ndata-ad-slot=\"2087940154\" \ndata-ad-format=\"auto\"><\/ins>\n<script> \n(adsbygoogle = window.adsbygoogle || []).push({}); \n<\/script>\n<\/div>","protected":false},"excerpt":{"rendered":"<p>Le nouveau Directeur g\u00e9n\u00e9ral de la Radiodiffusion T\u00e9l\u00e9vision du S\u00e9n\u00e9gal (RTS), Pape Al\u00e9 Niang, r\u00e9cemment nomm\u00e9 par le nouveau r\u00e9gime apr\u00e8s l\u2019\u00e9lection pr\u00e9sidentielle de mars 2024, continue d\u2019exprimer ses opinions sur la situation actuelle au S\u00e9n\u00e9gal. Bien que d\u00e9sormais \u00e0 la t\u00eate d\u2019une importante structure publique, il ne renonce pas \u00e0 sa libert\u00e9 d\u2019expression. Le lundi 22 juillet, Pape Al\u00e9 Niang a publi\u00e9 un message significatif sur les r\u00e9seaux sociaux, illustrant les d\u00e9fis auxquels les nouvelles autorit\u00e9s doivent faire face et les obstacles rencontr\u00e9s dans leurs efforts pour faire avancer le pays. Selon lui, \u00ab juste 3 mois au pouvoir. Et on se rend compte que les choses les plus \u00e9l\u00e9mentaires sont en r\u00e9alit\u00e9 des urgences \u00e0 r\u00e9gler \u00bb. Il a \u00e9galement exhort\u00e9 les autorit\u00e9s \u00e0 \u00eatre transparentes avec la population s\u00e9n\u00e9galaise concernant la r\u00e9alit\u00e9 actuelle du pays, soulignant que la situation est complexe. \u00ab L\u2019unique solution est de dire la v\u00e9rit\u00e9 au peuple et proc\u00e9der \u00e0 des ruptures. Sinon ce sera le retour de b\u00e2ton \u00bb. Dans ce message, il met en garde les nouvelles autorit\u00e9s contre les cons\u00e9quences potentielles d\u2019un manque de transparence.<\/p>\n","protected":false},"author":15,"featured_media":34606,"comment_status":"open","ping_status":"open","sticky":false,"template":"","format":"standard","meta":{"_jetpack_memberships_contains_paid_content":false,"footnotes":""},"categories":[375,961,3,1,4],"tags":[7070,2489,7069,7072,7071],"class_list":["post-34604","post","type-post","status-publish","format-standard","has-post-thumbnail","hentry","category-actualites","category-medias","category-politique","category-non-classe","category-societe","tag-liberte-dexpression","tag-pape-ale-niang","tag-radiodiffusion-television-du-senegal","tag-ruptures","tag-situation-actuelle-au-senegal","entry","has-media","owp-thumbs-layout-horizontal","owp-btn-normal","owp-tabs-layout-horizontal","has-no-thumbnails","has-product-nav"],"yoast_head":"<!-- This site is optimized with the Yoast SEO plugin v25.5 - https:\/\/yoast.com\/wordpress\/plugins\/seo\/ -->\n<title>Pape Al\u00e9 Niang exige aux nouvelles autorit\u00e9s \u00ab de dire la v\u00e9rit\u00e9 au peuple\u2026 sinon ce sera le retour de b\u00e2ton \u00bb - LE PUBLIC<\/title>\n<meta name=\"robots\" content=\"index, follow, max-snippet:-1, max-image-preview:large, max-video-preview:-1\" \/>\n<link rel=\"canonical\" href=\"https:\/\/www.public.sn\/index.php\/2024\/07\/23\/pape-ale-niang-exige-aux-nouvelles-autorites-de-dire-la-verite-au-peuple-sinon-ce-sera-le-retour-de-baton\/\" \/>\n<meta property=\"og:locale\" content=\"fr_FR\" \/>\n<meta property=\"og:type\" content=\"article\" \/>\n<meta property=\"og:title\" content=\"Pape Al\u00e9 Niang exige aux nouvelles autorit\u00e9s \u00ab de dire la v\u00e9rit\u00e9 au peuple\u2026 sinon ce sera le retour de b\u00e2ton \u00bb - LE PUBLIC\" \/>\n<meta property=\"og:description\" content=\"Le nouveau Directeur g\u00e9n\u00e9ral de la Radiodiffusion T\u00e9l\u00e9vision du S\u00e9n\u00e9gal (RTS), Pape Al\u00e9 Niang, r\u00e9cemment nomm\u00e9 par le nouveau r\u00e9gime apr\u00e8s l\u2019\u00e9lection pr\u00e9sidentielle de mars 2024, continue d\u2019exprimer ses opinions sur la situation actuelle au S\u00e9n\u00e9gal. Bien que d\u00e9sormais \u00e0 la t\u00eate d\u2019une importante structure publique, il ne renonce pas \u00e0 sa libert\u00e9 d\u2019expression. Le lundi 22 juillet, Pape Al\u00e9 Niang a publi\u00e9 un message significatif sur les r\u00e9seaux sociaux, illustrant les d\u00e9fis auxquels les nouvelles autorit\u00e9s doivent faire face et les obstacles rencontr\u00e9s dans leurs efforts pour faire avancer le pays. Selon lui, \u00ab juste 3 mois au pouvoir. Et on se rend compte que les choses les plus \u00e9l\u00e9mentaires sont en r\u00e9alit\u00e9 des urgences \u00e0 r\u00e9gler \u00bb. Il a \u00e9galement exhort\u00e9 les autorit\u00e9s \u00e0 \u00eatre transparentes avec la population s\u00e9n\u00e9galaise concernant la r\u00e9alit\u00e9 actuelle du pays, soulignant que la situation est complexe. \u00ab L\u2019unique solution est de dire la v\u00e9rit\u00e9 au peuple et proc\u00e9der \u00e0 des ruptures. Sinon ce sera le retour de b\u00e2ton \u00bb. Dans ce message, il met en garde les nouvelles autorit\u00e9s contre les cons\u00e9quences potentielles d\u2019un manque de transparence.\" \/>\n<meta property=\"og:url\" content=\"https:\/\/www.public.sn\/index.php\/2024\/07\/23\/pape-ale-niang-exige-aux-nouvelles-autorites-de-dire-la-verite-au-peuple-sinon-ce-sera-le-retour-de-baton\/\" \/>\n<meta property=\"og:site_name\" content=\"LE PUBLIC\" \/>\n<meta property=\"article:published_time\" content=\"2024-07-23T10:37:56+00:00\" \/>\n<meta property=\"og:image\" content=\"https:\/\/www.public.sn\/wp-content\/uploads\/2024\/07\/yQkfQYAE_400x400.jpeg\" \/>\n\t<meta property=\"og:image:width\" content=\"400\" \/>\n\t<meta property=\"og:image:height\" content=\"400\" \/>\n\t<meta property=\"og:image:type\" content=\"image\/jpeg\" \/>\n<meta name=\"author\" content=\"Baye Amath THIAM\" \/>\n<meta name=\"twitter:card\" content=\"summary_large_image\" \/>\n<meta name=\"twitter:label1\" content=\"\u00c9crit par\" \/>\n\t<meta name=\"twitter:data1\" content=\"Baye Amath THIAM\" \/>\n\t<meta name=\"twitter:label2\" content=\"Dur\u00e9e de lecture estim\u00e9e\" \/>\n\t<meta name=\"twitter:data2\" content=\"1 minute\" \/>\n<script type=\"application\/ld+json\" class=\"yoast-schema-graph\">{\"@context\":\"https:\/\/schema.org\",\"@graph\":[{\"@type\":\"Article\",\"@id\":\"https:\/\/www.public.sn\/index.php\/2024\/07\/23\/pape-ale-niang-exige-aux-nouvelles-autorites-de-dire-la-verite-au-peuple-sinon-ce-sera-le-retour-de-baton\/#article\",\"isPartOf\":{\"@id\":\"https:\/\/www.public.sn\/index.php\/2024\/07\/23\/pape-ale-niang-exige-aux-nouvelles-autorites-de-dire-la-verite-au-peuple-sinon-ce-sera-le-retour-de-baton\/\"},\"author\":{\"name\":\"Baye Amath THIAM\",\"@id\":\"https:\/\/www.public.sn\/#\/schema\/person\/f77cd9ce05d8fb925eb038378ee6899d\"},\"headline\":\"Pape Al\u00e9 Niang exige aux nouvelles autorit\u00e9s \u00ab de dire la v\u00e9rit\u00e9 au peuple\u2026 sinon ce sera le retour de b\u00e2ton \u00bb\",\"datePublished\":\"2024-07-23T10:37:56+00:00\",\"mainEntityOfPage\":{\"@id\":\"https:\/\/www.public.sn\/index.php\/2024\/07\/23\/pape-ale-niang-exige-aux-nouvelles-autorites-de-dire-la-verite-au-peuple-sinon-ce-sera-le-retour-de-baton\/\"},\"wordCount\":232,\"commentCount\":0,\"publisher\":{\"@id\":\"https:\/\/www.public.sn\/#organization\"},\"image\":{\"@id\":\"https:\/\/www.public.sn\/index.php\/2024\/07\/23\/pape-ale-niang-exige-aux-nouvelles-autorites-de-dire-la-verite-au-peuple-sinon-ce-sera-le-retour-de-baton\/#primaryimage\"},\"thumbnailUrl\":\"https:\/\/www.public.sn\/wp-content\/uploads\/2024\/07\/yQkfQYAE_400x400.jpeg\",\"keywords\":[\"libert\u00e9 d\u2019expression\",\"Pape Al\u00e9 Niang\",\"Radiodiffusion T\u00e9l\u00e9vision du S\u00e9n\u00e9gal\",\"ruptures\",\"situation actuelle au S\u00e9n\u00e9gal\"],\"articleSection\":[\"ACTUALIT\u00c9S\",\"M\u00c9DIAS\",\"POLITIQUE\",\"S\u00c9N\u00c9GAL\",\"SOCIETE\"],\"inLanguage\":\"fr-FR\",\"potentialAction\":[{\"@type\":\"CommentAction\",\"name\":\"Comment\",\"target\":[\"https:\/\/www.public.sn\/index.php\/2024\/07\/23\/pape-ale-niang-exige-aux-nouvelles-autorites-de-dire-la-verite-au-peuple-sinon-ce-sera-le-retour-de-baton\/#respond\"]}]},{\"@type\":\"WebPage\",\"@id\":\"https:\/\/www.public.sn\/index.php\/2024\/07\/23\/pape-ale-niang-exige-aux-nouvelles-autorites-de-dire-la-verite-au-peuple-sinon-ce-sera-le-retour-de-baton\/\",\"url\":\"https:\/\/www.public.sn\/index.php\/2024\/07\/23\/pape-ale-niang-exige-aux-nouvelles-autorites-de-dire-la-verite-au-peuple-sinon-ce-sera-le-retour-de-baton\/\",\"name\":\"Pape Al\u00e9 Niang exige aux nouvelles autorit\u00e9s \u00ab de dire la v\u00e9rit\u00e9 au peuple\u2026 sinon ce sera le retour de b\u00e2ton \u00bb - LE PUBLIC\",\"isPartOf\":{\"@id\":\"https:\/\/www.public.sn\/#website\"},\"primaryImageOfPage\":{\"@id\":\"https:\/\/www.public.sn\/index.php\/2024\/07\/23\/pape-ale-niang-exige-aux-nouvelles-autorites-de-dire-la-verite-au-peuple-sinon-ce-sera-le-retour-de-baton\/#primaryimage\"},\"image\":{\"@id\":\"https:\/\/www.public.sn\/index.php\/2024\/07\/23\/pape-ale-niang-exige-aux-nouvelles-autorites-de-dire-la-verite-au-peuple-sinon-ce-sera-le-retour-de-baton\/#primaryimage\"},\"thumbnailUrl\":\"https:\/\/www.public.sn\/wp-content\/uploads\/2024\/07\/yQkfQYAE_400x400.jpeg\",\"datePublished\":\"2024-07-23T10:37:56+00:00\",\"breadcrumb\":{\"@id\":\"https:\/\/www.public.sn\/index.php\/2024\/07\/23\/pape-ale-niang-exige-aux-nouvelles-autorites-de-dire-la-verite-au-peuple-sinon-ce-sera-le-retour-de-baton\/#breadcrumb\"},\"inLanguage\":\"fr-FR\",\"potentialAction\":[{\"@type\":\"ReadAction\",\"target\":[\"https:\/\/www.public.sn\/index.php\/2024\/07\/23\/pape-ale-niang-exige-aux-nouvelles-autorites-de-dire-la-verite-au-peuple-sinon-ce-sera-le-retour-de-baton\/\"]}]},{\"@type\":\"ImageObject\",\"inLanguage\":\"fr-FR\",\"@id\":\"https:\/\/www.public.sn\/index.php\/2024\/07\/23\/pape-ale-niang-exige-aux-nouvelles-autorites-de-dire-la-verite-au-peuple-sinon-ce-sera-le-retour-de-baton\/#primaryimage\",\"url\":\"https:\/\/www.public.sn\/wp-content\/uploads\/2024\/07\/yQkfQYAE_400x400.jpeg\",\"contentUrl\":\"https:\/\/www.public.sn\/wp-content\/uploads\/2024\/07\/yQkfQYAE_400x400.jpeg\",\"width\":400,\"height\":400},{\"@type\":\"BreadcrumbList\",\"@id\":\"https:\/\/www.public.sn\/index.php\/2024\/07\/23\/pape-ale-niang-exige-aux-nouvelles-autorites-de-dire-la-verite-au-peuple-sinon-ce-sera-le-retour-de-baton\/#breadcrumb\",\"itemListElement\":[{\"@type\":\"ListItem\",\"position\":1,\"name\":\"Accueil\",\"item\":\"https:\/\/www.public.sn\/\"},{\"@type\":\"ListItem\",\"position\":2,\"name\":\"Pape Al\u00e9 Niang exige aux nouvelles autorit\u00e9s \u00ab de dire la v\u00e9rit\u00e9 au peuple\u2026 sinon ce sera le retour de b\u00e2ton \u00bb\"}]},{\"@type\":\"WebSite\",\"@id\":\"https:\/\/www.public.sn\/#website\",\"url\":\"https:\/\/www.public.sn\/\",\"name\":\"LE PUBLIC\",\"description\":\"\",\"publisher\":{\"@id\":\"https:\/\/www.public.sn\/#organization\"},\"potentialAction\":[{\"@type\":\"SearchAction\",\"target\":{\"@type\":\"EntryPoint\",\"urlTemplate\":\"https:\/\/www.public.sn\/?s={search_term_string}\"},\"query-input\":{\"@type\":\"PropertyValueSpecification\",\"valueRequired\":true,\"valueName\":\"search_term_string\"}}],\"inLanguage\":\"fr-FR\"},{\"@type\":\"Organization\",\"@id\":\"https:\/\/www.public.sn\/#organization\",\"name\":\"LE PUBLIC\",\"url\":\"https:\/\/www.public.sn\/\",\"logo\":{\"@type\":\"ImageObject\",\"inLanguage\":\"fr-FR\",\"@id\":\"https:\/\/www.public.sn\/#\/schema\/logo\/image\/\",\"url\":\"https:\/\/www.public.sn\/wp-content\/uploads\/2024\/05\/cropped-LOGO-PUBLIC.SN_.png\",\"contentUrl\":\"https:\/\/www.public.sn\/wp-content\/uploads\/2024\/05\/cropped-LOGO-PUBLIC.SN_.png\",\"width\":682,\"height\":192,\"caption\":\"LE PUBLIC\"},\"image\":{\"@id\":\"https:\/\/www.public.sn\/#\/schema\/logo\/image\/\"}},{\"@type\":\"Person\",\"@id\":\"https:\/\/www.public.sn\/#\/schema\/person\/f77cd9ce05d8fb925eb038378ee6899d\",\"name\":\"Baye Amath THIAM\",\"image\":{\"@type\":\"ImageObject\",\"inLanguage\":\"fr-FR\",\"@id\":\"https:\/\/www.public.sn\/#\/schema\/person\/image\/\",\"url\":\"https:\/\/secure.gravatar.com\/avatar\/7eb863ef1336b6f8a2ad921469701e52f094a61c698fab02f5af742ed813612d?s=96&d=mm&r=g\",\"contentUrl\":\"https:\/\/secure.gravatar.com\/avatar\/7eb863ef1336b6f8a2ad921469701e52f094a61c698fab02f5af742ed813612d?s=96&d=mm&r=g\",\"caption\":\"Baye Amath THIAM\"},\"url\":\"https:\/\/www.public.sn\/index.php\/author\/thiamba24\/\"}]}<\/script>\n<!-- \/ Yoast SEO plugin. -->","yoast_head_json":{"title":"Pape Al\u00e9 Niang exige aux nouvelles autorit\u00e9s \u00ab de dire la v\u00e9rit\u00e9 au peuple\u2026 sinon ce sera le retour de b\u00e2ton \u00bb - LE PUBLIC","robots":{"index":"index","follow":"follow","max-snippet":"max-snippet:-1","max-image-preview":"max-image-preview:large","max-video-preview":"max-video-preview:-1"},"canonical":"https:\/\/www.public.sn\/index.php\/2024\/07\/23\/pape-ale-niang-exige-aux-nouvelles-autorites-de-dire-la-verite-au-peuple-sinon-ce-sera-le-retour-de-baton\/","og_locale":"fr_FR","og_type":"article","og_title":"Pape Al\u00e9 Niang exige aux nouvelles autorit\u00e9s \u00ab de dire la v\u00e9rit\u00e9 au peuple\u2026 sinon ce sera le retour de b\u00e2ton \u00bb - LE PUBLIC","og_description":"Le nouveau Directeur g\u00e9n\u00e9ral de la Radiodiffusion T\u00e9l\u00e9vision du S\u00e9n\u00e9gal (RTS), Pape Al\u00e9 Niang, r\u00e9cemment nomm\u00e9 par le nouveau r\u00e9gime apr\u00e8s l\u2019\u00e9lection pr\u00e9sidentielle de mars 2024, continue d\u2019exprimer ses opinions sur la situation actuelle au S\u00e9n\u00e9gal. Bien que d\u00e9sormais \u00e0 la t\u00eate d\u2019une importante structure publique, il ne renonce pas \u00e0 sa libert\u00e9 d\u2019expression. Le lundi 22 juillet, Pape Al\u00e9 Niang a publi\u00e9 un message significatif sur les r\u00e9seaux sociaux, illustrant les d\u00e9fis auxquels les nouvelles autorit\u00e9s doivent faire face et les obstacles rencontr\u00e9s dans leurs efforts pour faire avancer le pays. Selon lui, \u00ab juste 3 mois au pouvoir. Et on se rend compte que les choses les plus \u00e9l\u00e9mentaires sont en r\u00e9alit\u00e9 des urgences \u00e0 r\u00e9gler \u00bb. Il a \u00e9galement exhort\u00e9 les autorit\u00e9s \u00e0 \u00eatre transparentes avec la population s\u00e9n\u00e9galaise concernant la r\u00e9alit\u00e9 actuelle du pays, soulignant que la situation est complexe. \u00ab L\u2019unique solution est de dire la v\u00e9rit\u00e9 au peuple et proc\u00e9der \u00e0 des ruptures. Sinon ce sera le retour de b\u00e2ton \u00bb. Dans ce message, il met en garde les nouvelles autorit\u00e9s contre les cons\u00e9quences potentielles d\u2019un manque de transparence.","og_url":"https:\/\/www.public.sn\/index.php\/2024\/07\/23\/pape-ale-niang-exige-aux-nouvelles-autorites-de-dire-la-verite-au-peuple-sinon-ce-sera-le-retour-de-baton\/","og_site_name":"LE PUBLIC","article_published_time":"2024-07-23T10:37:56+00:00","og_image":[{"width":400,"height":400,"url":"https:\/\/www.public.sn\/wp-content\/uploads\/2024\/07\/yQkfQYAE_400x400.jpeg","type":"image\/jpeg"}],"author":"Baye Amath THIAM","twitter_card":"summary_large_image","twitter_misc":{"\u00c9crit par":"Baye Amath THIAM","Dur\u00e9e de lecture estim\u00e9e":"1 minute"},"schema":{"@context":"https:\/\/schema.org","@graph":[{"@type":"Article","@id":"https:\/\/www.public.sn\/index.php\/2024\/07\/23\/pape-ale-niang-exige-aux-nouvelles-autorites-de-dire-la-verite-au-peuple-sinon-ce-sera-le-retour-de-baton\/#article","isPartOf":{"@id":"https:\/\/www.public.sn\/index.php\/2024\/07\/23\/pape-ale-niang-exige-aux-nouvelles-autorites-de-dire-la-verite-au-peuple-sinon-ce-sera-le-retour-de-baton\/"},"author":{"name":"Baye Amath THIAM","@id":"https:\/\/www.public.sn\/#\/schema\/person\/f77cd9ce05d8fb925eb038378ee6899d"},"headline":"Pape Al\u00e9 Niang exige aux nouvelles autorit\u00e9s \u00ab de dire la v\u00e9rit\u00e9 au peuple\u2026 sinon ce sera le retour de b\u00e2ton \u00bb","datePublished":"2024-07-23T10:37:56+00:00","mainEntityOfPage":{"@id":"https:\/\/www.public.sn\/index.php\/2024\/07\/23\/pape-ale-niang-exige-aux-nouvelles-autorites-de-dire-la-verite-au-peuple-sinon-ce-sera-le-retour-de-baton\/"},"wordCount":232,"commentCount":0,"publisher":{"@id":"https:\/\/www.public.sn\/#organization"},"image":{"@id":"https:\/\/www.public.sn\/index.php\/2024\/07\/23\/pape-ale-niang-exige-aux-nouvelles-autorites-de-dire-la-verite-au-peuple-sinon-ce-sera-le-retour-de-baton\/#primaryimage"},"thumbnailUrl":"https:\/\/www.public.sn\/wp-content\/uploads\/2024\/07\/yQkfQYAE_400x400.jpeg","keywords":["libert\u00e9 d\u2019expression","Pape Al\u00e9 Niang","Radiodiffusion T\u00e9l\u00e9vision du S\u00e9n\u00e9gal","ruptures","situation actuelle au S\u00e9n\u00e9gal"],"articleSection":["ACTUALIT\u00c9S","M\u00c9DIAS","POLITIQUE","S\u00c9N\u00c9GAL","SOCIETE"],"inLanguage":"fr-FR","potentialAction":[{"@type":"CommentAction","name":"Comment","target":["https:\/\/www.public.sn\/index.php\/2024\/07\/23\/pape-ale-niang-exige-aux-nouvelles-autorites-de-dire-la-verite-au-peuple-sinon-ce-sera-le-retour-de-baton\/#respond"]}]},{"@type":"WebPage","@id":"https:\/\/www.public.sn\/index.php\/2024\/07\/23\/pape-ale-niang-exige-aux-nouvelles-autorites-de-dire-la-verite-au-peuple-sinon-ce-sera-le-retour-de-baton\/","url":"https:\/\/www.public.sn\/index.php\/2024\/07\/23\/pape-ale-niang-exige-aux-nouvelles-autorites-de-dire-la-verite-au-peuple-sinon-ce-sera-le-retour-de-baton\/","name":"Pape Al\u00e9 Niang exige aux nouvelles autorit\u00e9s \u00ab de dire la v\u00e9rit\u00e9 au peuple\u2026 sinon ce sera le retour de b\u00e2ton \u00bb - LE PUBLIC","isPartOf":{"@id":"https:\/\/www.public.sn\/#website"},"primaryImageOfPage":{"@id":"https:\/\/www.public.sn\/index.php\/2024\/07\/23\/pape-ale-niang-exige-aux-nouvelles-autorites-de-dire-la-verite-au-peuple-sinon-ce-sera-le-retour-de-baton\/#primaryimage"},"image":{"@id":"https:\/\/www.public.sn\/index.php\/2024\/07\/23\/pape-ale-niang-exige-aux-nouvelles-autorites-de-dire-la-verite-au-peuple-sinon-ce-sera-le-retour-de-baton\/#primaryimage"},"thumbnailUrl":"https:\/\/www.public.sn\/wp-content\/uploads\/2024\/07\/yQkfQYAE_400x400.jpeg","datePublished":"2024-07-23T10:37:56+00:00","breadcrumb":{"@id":"https:\/\/www.public.sn\/index.php\/2024\/07\/23\/pape-ale-niang-exige-aux-nouvelles-autorites-de-dire-la-verite-au-peuple-sinon-ce-sera-le-retour-de-baton\/#breadcrumb"},"inLanguage":"fr-FR","potentialAction":[{"@type":"ReadAction","target":["https:\/\/www.public.sn\/index.php\/2024\/07\/23\/pape-ale-niang-exige-aux-nouvelles-autorites-de-dire-la-verite-au-peuple-sinon-ce-sera-le-retour-de-baton\/"]}]},{"@type":"ImageObject","inLanguage":"fr-FR","@id":"https:\/\/www.public.sn\/index.php\/2024\/07\/23\/pape-ale-niang-exige-aux-nouvelles-autorites-de-dire-la-verite-au-peuple-sinon-ce-sera-le-retour-de-baton\/#primaryimage","url":"https:\/\/www.public.sn\/wp-content\/uploads\/2024\/07\/yQkfQYAE_400x400.jpeg","contentUrl":"https:\/\/www.public.sn\/wp-content\/uploads\/2024\/07\/yQkfQYAE_400x400.jpeg","width":400,"height":400},{"@type":"BreadcrumbList","@id":"https:\/\/www.public.sn\/index.php\/2024\/07\/23\/pape-ale-niang-exige-aux-nouvelles-autorites-de-dire-la-verite-au-peuple-sinon-ce-sera-le-retour-de-baton\/#breadcrumb","itemListElement":[{"@type":"ListItem","position":1,"name":"Accueil","item":"https:\/\/www.public.sn\/"},{"@type":"ListItem","position":2,"name":"Pape Al\u00e9 Niang exige aux nouvelles autorit\u00e9s \u00ab de dire la v\u00e9rit\u00e9 au peuple\u2026 sinon ce sera le retour de b\u00e2ton \u00bb"}]},{"@type":"WebSite","@id":"https:\/\/www.public.sn\/#website","url":"https:\/\/www.public.sn\/","name":"LE PUBLIC","description":"","publisher":{"@id":"https:\/\/www.public.sn\/#organization"},"potentialAction":[{"@type":"SearchAction","target":{"@type":"EntryPoint","urlTemplate":"https:\/\/www.public.sn\/?s={search_term_string}"},"query-input":{"@type":"PropertyValueSpecification","valueRequired":true,"valueName":"search_term_string"}}],"inLanguage":"fr-FR"},{"@type":"Organization","@id":"https:\/\/www.public.sn\/#organization","name":"LE PUBLIC","url":"https:\/\/www.public.sn\/","logo":{"@type":"ImageObject","inLanguage":"fr-FR","@id":"https:\/\/www.public.sn\/#\/schema\/logo\/image\/","url":"https:\/\/www.public.sn\/wp-content\/uploads\/2024\/05\/cropped-LOGO-PUBLIC.SN_.png","contentUrl":"https:\/\/www.public.sn\/wp-content\/uploads\/2024\/05\/cropped-LOGO-PUBLIC.SN_.png","width":682,"height":192,"caption":"LE PUBLIC"},"image":{"@id":"https:\/\/www.public.sn\/#\/schema\/logo\/image\/"}},{"@type":"Person","@id":"https:\/\/www.public.sn\/#\/schema\/person\/f77cd9ce05d8fb925eb038378ee6899d","name":"Baye Amath THIAM","image":{"@type":"ImageObject","inLanguage":"fr-FR","@id":"https:\/\/www.public.sn\/#\/schema\/person\/image\/","url":"https:\/\/secure.gravatar.com\/avatar\/7eb863ef1336b6f8a2ad921469701e52f094a61c698fab02f5af742ed813612d?s=96&d=mm&r=g","contentUrl":"https:\/\/secure.gravatar.com\/avatar\/7eb863ef1336b6f8a2ad921469701e52f094a61c698fab02f5af742ed813612d?s=96&d=mm&r=g","caption":"Baye Amath THIAM"},"url":"https:\/\/www.public.sn\/index.php\/author\/thiamba24\/"}]}},"jetpack_featured_media_url":"https:\/\/www.public.sn\/wp-content\/uploads\/2024\/07\/yQkfQYAE_400x400.jpeg","jetpack_sharing_enabled":true,"_links":{"self":[{"href":"https:\/\/www.public.sn\/index.php\/wp-json\/wp\/v2\/posts\/34604","targetHints":{"allow":["GET"]}}],"collection":[{"href":"https:\/\/www.public.sn\/index.php\/wp-json\/wp\/v2\/posts"}],"about":[{"href":"https:\/\/www.public.sn\/index.php\/wp-json\/wp\/v2\/types\/post"}],"author":[{"embeddable":true,"href":"https:\/\/www.public.sn\/index.php\/wp-json\/wp\/v2\/users\/15"}],"replies":[{"embeddable":true,"href":"https:\/\/www.public.sn\/index.php\/wp-json\/wp\/v2\/comments?post=34604"}],"version-history":[{"count":1,"href":"https:\/\/www.public.sn\/index.php\/wp-json\/wp\/v2\/posts\/34604\/revisions"}],"predecessor-version":[{"id":34607,"href":"https:\/\/www.public.sn\/index.php\/wp-json\/wp\/v2\/posts\/34604\/revisions\/34607"}],"wp:featuredmedia":[{"embeddable":true,"href":"https:\/\/www.public.sn\/index.php\/wp-json\/wp\/v2\/media\/34606"}],"wp:attachment":[{"href":"https:\/\/www.public.sn\/index.php\/wp-json\/wp\/v2\/media?parent=34604"}],"wp:term":[{"taxonomy":"category","embeddable":true,"href":"https:\/\/www.public.sn\/index.php\/wp-json\/wp\/v2\/categories?post=34604"},{"taxonomy":"post_tag","embeddable":true,"href":"https:\/\/www.public.sn\/index.php\/wp-json\/wp\/v2\/tags?post=34604"}],"curies":[{"name":"wp","href":"https:\/\/api.w.org\/{rel}","templated":true}]}}