{"id":34640,"date":"2024-07-24T10:19:45","date_gmt":"2024-07-24T10:19:45","guid":{"rendered":"https:\/\/www.public.sn\/?p=34640"},"modified":"2024-07-24T10:19:45","modified_gmt":"2024-07-24T10:19:45","slug":"imam-drame-tacle-deux-nouveaux-ministres-ils-sont-maintenant-injoignables","status":"publish","type":"post","link":"https:\/\/www.public.sn\/index.php\/2024\/07\/24\/imam-drame-tacle-deux-nouveaux-ministres-ils-sont-maintenant-injoignables\/","title":{"rendered":"Imam Dram\u00e9 tacle deux nouveaux ministres: \u00ab Ils sont maintenant injoignables \u00bb"},"content":{"rendered":"<p>Imam Dram\u00e9 fustige le comportement de certains leaders du Parti Pastef, qui selon lui, sont d\u00e9sormais injoignables depuis leur nominations.<\/p><div class=\"publi-paragraphe1\" style=\"margin-top: 10px;margin-bottom: 10px;margin-left: auto;margin-right: auto;text-align: center;\" id=\"publi-622905614\"><div class=\"publi-adlabel\">Publicit\u00e9<\/div><script async src=\"\/\/pagead2.googlesyndication.com\/pagead\/js\/adsbygoogle.js?client=ca-pub-4089586018074219\" crossorigin=\"anonymous\"><\/script><ins class=\"adsbygoogle\" style=\"display:block;\" data-ad-client=\"ca-pub-4089586018074219\" \ndata-ad-slot=\"2087940154\" \ndata-ad-format=\"auto\"><\/ins>\n<script> \n(adsbygoogle = window.adsbygoogle || []).push({}); \n<\/script>\n<\/div>\n<p>\u00ab J\u2019assume mes propos, ces deux l\u00e0 sont injoignables et ce n\u2019est pas normal. Ils devraient \u00eatre proches du peuple. C\u2019est de la trahison \u00bb, dit-il, citant les ministres El Malick Ndiaye et Ousseynou Ly.<\/p>\n<p>Il accuse le ministre El Malick Ndiaye, et le ministre Conseiller Ousseynou Ly d\u2019\u00eatre injoignables. Puis, Imam Dram\u00e9 de remercier des leaders comme les d\u00e9put\u00e9s Ayib Daff\u00e9, Abass Fall, le ministre Moustapha Sarr\u00e9, qui selon lui, sont toujours disponibles.<\/p>\n<div class=\"publi-apres-le-contenu\" style=\"margin-top: 10px;margin-bottom: 10px;margin-left: auto;margin-right: auto;text-align: center;\" id=\"publi-1966008400\"><div class=\"publi-adlabel\">Publicit\u00e9<\/div><script async src=\"\/\/pagead2.googlesyndication.com\/pagead\/js\/adsbygoogle.js?client=ca-pub-4089586018074219\" crossorigin=\"anonymous\"><\/script><ins class=\"adsbygoogle\" style=\"display:block;\" data-ad-client=\"ca-pub-4089586018074219\" \ndata-ad-slot=\"2087940154\" \ndata-ad-format=\"auto\"><\/ins>\n<script> \n(adsbygoogle = window.adsbygoogle || []).push({}); \n<\/script>\n<\/div>","protected":false},"excerpt":{"rendered":"<p>Imam Dram\u00e9 fustige le comportement de certains leaders du Parti Pastef, qui selon lui, sont d\u00e9sormais injoignables depuis leur nominations. \u00ab J\u2019assume mes propos, ces deux l\u00e0 sont injoignables et ce n\u2019est pas normal. Ils devraient \u00eatre proches du peuple. C\u2019est de la trahison \u00bb, dit-il, citant les ministres El Malick Ndiaye et Ousseynou Ly. Il accuse le ministre El Malick Ndiaye, et le ministre Conseiller Ousseynou Ly d\u2019\u00eatre injoignables. Puis, Imam Dram\u00e9 de remercier des leaders comme les d\u00e9put\u00e9s Ayib Daff\u00e9, Abass Fall, le ministre Moustapha Sarr\u00e9, qui selon lui, sont toujours disponibles.<\/p>\n","protected":false},"author":15,"featured_media":34645,"comment_status":"open","ping_status":"open","sticky":false,"template":"","format":"standard","meta":{"_jetpack_memberships_contains_paid_content":false,"footnotes":""},"categories":[375,379,961,602,3,8,1,4],"tags":[1843,5469,2647,7088,2096,7087,7090,7089],"class_list":["post-34640","post","type-post","status-publish","format-standard","has-post-thumbnail","hentry","category-actualites","category-faits-divers","category-medias","category-partenaires","category-politique","category-public-tv","category-non-classe","category-societe","tag-abass-fall","tag-ayib-daffe","tag-el-malick-ndiaye","tag-ils-sont-maintenant-injoignables","tag-imam-drame","tag-leaders-du-parti-pastef","tag-moustapha-sarre","tag-ousseynou-ly","entry","has-media","owp-thumbs-layout-horizontal","owp-btn-normal","owp-tabs-layout-horizontal","has-no-thumbnails","has-product-nav"],"yoast_head":"<!-- This site is optimized with the Yoast SEO plugin v25.5 - https:\/\/yoast.com\/wordpress\/plugins\/seo\/ -->\n<title>Imam Dram\u00e9 tacle deux nouveaux ministres: \u00ab Ils sont maintenant injoignables \u00bb - LE PUBLIC<\/title>\n<meta name=\"robots\" content=\"index, follow, max-snippet:-1, max-image-preview:large, max-video-preview:-1\" \/>\n<link rel=\"canonical\" href=\"https:\/\/www.public.sn\/index.php\/2024\/07\/24\/imam-drame-tacle-deux-nouveaux-ministres-ils-sont-maintenant-injoignables\/\" \/>\n<meta property=\"og:locale\" content=\"fr_FR\" \/>\n<meta property=\"og:type\" content=\"article\" \/>\n<meta property=\"og:title\" content=\"Imam Dram\u00e9 tacle deux nouveaux ministres: \u00ab Ils sont maintenant injoignables \u00bb - LE PUBLIC\" \/>\n<meta property=\"og:description\" content=\"Imam Dram\u00e9 fustige le comportement de certains leaders du Parti Pastef, qui selon lui, sont d\u00e9sormais injoignables depuis leur nominations. \u00ab J\u2019assume mes propos, ces deux l\u00e0 sont injoignables et ce n\u2019est pas normal. Ils devraient \u00eatre proches du peuple. C\u2019est de la trahison \u00bb, dit-il, citant les ministres El Malick Ndiaye et Ousseynou Ly. Il accuse le ministre El Malick Ndiaye, et le ministre Conseiller Ousseynou Ly d\u2019\u00eatre injoignables. Puis, Imam Dram\u00e9 de remercier des leaders comme les d\u00e9put\u00e9s Ayib Daff\u00e9, Abass Fall, le ministre Moustapha Sarr\u00e9, qui selon lui, sont toujours disponibles.\" \/>\n<meta property=\"og:url\" content=\"https:\/\/www.public.sn\/index.php\/2024\/07\/24\/imam-drame-tacle-deux-nouveaux-ministres-ils-sont-maintenant-injoignables\/\" \/>\n<meta property=\"og:site_name\" content=\"LE PUBLIC\" \/>\n<meta property=\"article:published_time\" content=\"2024-07-24T10:19:45+00:00\" \/>\n<meta property=\"og:image\" content=\"https:\/\/www.public.sn\/wp-content\/uploads\/2024\/07\/58212500-42989123.jpeg\" \/>\n\t<meta property=\"og:image:width\" content=\"678\" \/>\n\t<meta property=\"og:image:height\" content=\"381\" \/>\n\t<meta property=\"og:image:type\" content=\"image\/jpeg\" \/>\n<meta name=\"author\" content=\"Baye Amath THIAM\" \/>\n<meta name=\"twitter:card\" content=\"summary_large_image\" \/>\n<meta name=\"twitter:label1\" content=\"\u00c9crit par\" \/>\n\t<meta name=\"twitter:data1\" content=\"Baye Amath THIAM\" \/>\n\t<meta name=\"twitter:label2\" content=\"Dur\u00e9e de lecture estim\u00e9e\" \/>\n\t<meta name=\"twitter:data2\" content=\"1 minute\" \/>\n<script type=\"application\/ld+json\" class=\"yoast-schema-graph\">{\"@context\":\"https:\/\/schema.org\",\"@graph\":[{\"@type\":\"Article\",\"@id\":\"https:\/\/www.public.sn\/index.php\/2024\/07\/24\/imam-drame-tacle-deux-nouveaux-ministres-ils-sont-maintenant-injoignables\/#article\",\"isPartOf\":{\"@id\":\"https:\/\/www.public.sn\/index.php\/2024\/07\/24\/imam-drame-tacle-deux-nouveaux-ministres-ils-sont-maintenant-injoignables\/\"},\"author\":{\"name\":\"Baye Amath THIAM\",\"@id\":\"https:\/\/www.public.sn\/#\/schema\/person\/f77cd9ce05d8fb925eb038378ee6899d\"},\"headline\":\"Imam Dram\u00e9 tacle deux nouveaux ministres: \u00ab Ils sont maintenant injoignables \u00bb\",\"datePublished\":\"2024-07-24T10:19:45+00:00\",\"mainEntityOfPage\":{\"@id\":\"https:\/\/www.public.sn\/index.php\/2024\/07\/24\/imam-drame-tacle-deux-nouveaux-ministres-ils-sont-maintenant-injoignables\/\"},\"wordCount\":109,\"commentCount\":0,\"publisher\":{\"@id\":\"https:\/\/www.public.sn\/#organization\"},\"image\":{\"@id\":\"https:\/\/www.public.sn\/index.php\/2024\/07\/24\/imam-drame-tacle-deux-nouveaux-ministres-ils-sont-maintenant-injoignables\/#primaryimage\"},\"thumbnailUrl\":\"https:\/\/www.public.sn\/wp-content\/uploads\/2024\/07\/58212500-42989123.jpeg\",\"keywords\":[\"Abass Fall\",\"Ayib daff\u00e9\",\"El Malick Ndiaye\",\"Ils sont maintenant injoignables\",\"imam drame\",\"leaders du Parti Pastef\",\"Moustapha Sarr\u00e9\",\"Ousseynou Ly\"],\"articleSection\":[\"ACTUALIT\u00c9S\",\"FAITS DIVERS\",\"M\u00c9DIAS\",\"PARTENAIRES\",\"POLITIQUE\",\"PUBLIC TV\",\"S\u00c9N\u00c9GAL\",\"SOCIETE\"],\"inLanguage\":\"fr-FR\",\"potentialAction\":[{\"@type\":\"CommentAction\",\"name\":\"Comment\",\"target\":[\"https:\/\/www.public.sn\/index.php\/2024\/07\/24\/imam-drame-tacle-deux-nouveaux-ministres-ils-sont-maintenant-injoignables\/#respond\"]}]},{\"@type\":\"WebPage\",\"@id\":\"https:\/\/www.public.sn\/index.php\/2024\/07\/24\/imam-drame-tacle-deux-nouveaux-ministres-ils-sont-maintenant-injoignables\/\",\"url\":\"https:\/\/www.public.sn\/index.php\/2024\/07\/24\/imam-drame-tacle-deux-nouveaux-ministres-ils-sont-maintenant-injoignables\/\",\"name\":\"Imam Dram\u00e9 tacle deux nouveaux ministres: \u00ab Ils sont maintenant injoignables \u00bb - LE PUBLIC\",\"isPartOf\":{\"@id\":\"https:\/\/www.public.sn\/#website\"},\"primaryImageOfPage\":{\"@id\":\"https:\/\/www.public.sn\/index.php\/2024\/07\/24\/imam-drame-tacle-deux-nouveaux-ministres-ils-sont-maintenant-injoignables\/#primaryimage\"},\"image\":{\"@id\":\"https:\/\/www.public.sn\/index.php\/2024\/07\/24\/imam-drame-tacle-deux-nouveaux-ministres-ils-sont-maintenant-injoignables\/#primaryimage\"},\"thumbnailUrl\":\"https:\/\/www.public.sn\/wp-content\/uploads\/2024\/07\/58212500-42989123.jpeg\",\"datePublished\":\"2024-07-24T10:19:45+00:00\",\"breadcrumb\":{\"@id\":\"https:\/\/www.public.sn\/index.php\/2024\/07\/24\/imam-drame-tacle-deux-nouveaux-ministres-ils-sont-maintenant-injoignables\/#breadcrumb\"},\"inLanguage\":\"fr-FR\",\"potentialAction\":[{\"@type\":\"ReadAction\",\"target\":[\"https:\/\/www.public.sn\/index.php\/2024\/07\/24\/imam-drame-tacle-deux-nouveaux-ministres-ils-sont-maintenant-injoignables\/\"]}]},{\"@type\":\"ImageObject\",\"inLanguage\":\"fr-FR\",\"@id\":\"https:\/\/www.public.sn\/index.php\/2024\/07\/24\/imam-drame-tacle-deux-nouveaux-ministres-ils-sont-maintenant-injoignables\/#primaryimage\",\"url\":\"https:\/\/www.public.sn\/wp-content\/uploads\/2024\/07\/58212500-42989123.jpeg\",\"contentUrl\":\"https:\/\/www.public.sn\/wp-content\/uploads\/2024\/07\/58212500-42989123.jpeg\",\"width\":678,\"height\":381},{\"@type\":\"BreadcrumbList\",\"@id\":\"https:\/\/www.public.sn\/index.php\/2024\/07\/24\/imam-drame-tacle-deux-nouveaux-ministres-ils-sont-maintenant-injoignables\/#breadcrumb\",\"itemListElement\":[{\"@type\":\"ListItem\",\"position\":1,\"name\":\"Accueil\",\"item\":\"https:\/\/www.public.sn\/\"},{\"@type\":\"ListItem\",\"position\":2,\"name\":\"Imam Dram\u00e9 tacle deux nouveaux ministres: \u00ab Ils sont maintenant injoignables \u00bb\"}]},{\"@type\":\"WebSite\",\"@id\":\"https:\/\/www.public.sn\/#website\",\"url\":\"https:\/\/www.public.sn\/\",\"name\":\"LE PUBLIC\",\"description\":\"\",\"publisher\":{\"@id\":\"https:\/\/www.public.sn\/#organization\"},\"potentialAction\":[{\"@type\":\"SearchAction\",\"target\":{\"@type\":\"EntryPoint\",\"urlTemplate\":\"https:\/\/www.public.sn\/?s={search_term_string}\"},\"query-input\":{\"@type\":\"PropertyValueSpecification\",\"valueRequired\":true,\"valueName\":\"search_term_string\"}}],\"inLanguage\":\"fr-FR\"},{\"@type\":\"Organization\",\"@id\":\"https:\/\/www.public.sn\/#organization\",\"name\":\"LE PUBLIC\",\"url\":\"https:\/\/www.public.sn\/\",\"logo\":{\"@type\":\"ImageObject\",\"inLanguage\":\"fr-FR\",\"@id\":\"https:\/\/www.public.sn\/#\/schema\/logo\/image\/\",\"url\":\"https:\/\/www.public.sn\/wp-content\/uploads\/2024\/05\/cropped-LOGO-PUBLIC.SN_.png\",\"contentUrl\":\"https:\/\/www.public.sn\/wp-content\/uploads\/2024\/05\/cropped-LOGO-PUBLIC.SN_.png\",\"width\":682,\"height\":192,\"caption\":\"LE PUBLIC\"},\"image\":{\"@id\":\"https:\/\/www.public.sn\/#\/schema\/logo\/image\/\"}},{\"@type\":\"Person\",\"@id\":\"https:\/\/www.public.sn\/#\/schema\/person\/f77cd9ce05d8fb925eb038378ee6899d\",\"name\":\"Baye Amath THIAM\",\"image\":{\"@type\":\"ImageObject\",\"inLanguage\":\"fr-FR\",\"@id\":\"https:\/\/www.public.sn\/#\/schema\/person\/image\/\",\"url\":\"https:\/\/secure.gravatar.com\/avatar\/7eb863ef1336b6f8a2ad921469701e52f094a61c698fab02f5af742ed813612d?s=96&d=mm&r=g\",\"contentUrl\":\"https:\/\/secure.gravatar.com\/avatar\/7eb863ef1336b6f8a2ad921469701e52f094a61c698fab02f5af742ed813612d?s=96&d=mm&r=g\",\"caption\":\"Baye Amath THIAM\"},\"url\":\"https:\/\/www.public.sn\/index.php\/author\/thiamba24\/\"}]}<\/script>\n<!-- \/ Yoast SEO plugin. -->","yoast_head_json":{"title":"Imam Dram\u00e9 tacle deux nouveaux ministres: \u00ab Ils sont maintenant injoignables \u00bb - LE PUBLIC","robots":{"index":"index","follow":"follow","max-snippet":"max-snippet:-1","max-image-preview":"max-image-preview:large","max-video-preview":"max-video-preview:-1"},"canonical":"https:\/\/www.public.sn\/index.php\/2024\/07\/24\/imam-drame-tacle-deux-nouveaux-ministres-ils-sont-maintenant-injoignables\/","og_locale":"fr_FR","og_type":"article","og_title":"Imam Dram\u00e9 tacle deux nouveaux ministres: \u00ab Ils sont maintenant injoignables \u00bb - LE PUBLIC","og_description":"Imam Dram\u00e9 fustige le comportement de certains leaders du Parti Pastef, qui selon lui, sont d\u00e9sormais injoignables depuis leur nominations. \u00ab J\u2019assume mes propos, ces deux l\u00e0 sont injoignables et ce n\u2019est pas normal. Ils devraient \u00eatre proches du peuple. C\u2019est de la trahison \u00bb, dit-il, citant les ministres El Malick Ndiaye et Ousseynou Ly. Il accuse le ministre El Malick Ndiaye, et le ministre Conseiller Ousseynou Ly d\u2019\u00eatre injoignables. Puis, Imam Dram\u00e9 de remercier des leaders comme les d\u00e9put\u00e9s Ayib Daff\u00e9, Abass Fall, le ministre Moustapha Sarr\u00e9, qui selon lui, sont toujours disponibles.","og_url":"https:\/\/www.public.sn\/index.php\/2024\/07\/24\/imam-drame-tacle-deux-nouveaux-ministres-ils-sont-maintenant-injoignables\/","og_site_name":"LE PUBLIC","article_published_time":"2024-07-24T10:19:45+00:00","og_image":[{"width":678,"height":381,"url":"https:\/\/www.public.sn\/wp-content\/uploads\/2024\/07\/58212500-42989123.jpeg","type":"image\/jpeg"}],"author":"Baye Amath THIAM","twitter_card":"summary_large_image","twitter_misc":{"\u00c9crit par":"Baye Amath THIAM","Dur\u00e9e de lecture estim\u00e9e":"1 minute"},"schema":{"@context":"https:\/\/schema.org","@graph":[{"@type":"Article","@id":"https:\/\/www.public.sn\/index.php\/2024\/07\/24\/imam-drame-tacle-deux-nouveaux-ministres-ils-sont-maintenant-injoignables\/#article","isPartOf":{"@id":"https:\/\/www.public.sn\/index.php\/2024\/07\/24\/imam-drame-tacle-deux-nouveaux-ministres-ils-sont-maintenant-injoignables\/"},"author":{"name":"Baye Amath THIAM","@id":"https:\/\/www.public.sn\/#\/schema\/person\/f77cd9ce05d8fb925eb038378ee6899d"},"headline":"Imam Dram\u00e9 tacle deux nouveaux ministres: \u00ab Ils sont maintenant injoignables \u00bb","datePublished":"2024-07-24T10:19:45+00:00","mainEntityOfPage":{"@id":"https:\/\/www.public.sn\/index.php\/2024\/07\/24\/imam-drame-tacle-deux-nouveaux-ministres-ils-sont-maintenant-injoignables\/"},"wordCount":109,"commentCount":0,"publisher":{"@id":"https:\/\/www.public.sn\/#organization"},"image":{"@id":"https:\/\/www.public.sn\/index.php\/2024\/07\/24\/imam-drame-tacle-deux-nouveaux-ministres-ils-sont-maintenant-injoignables\/#primaryimage"},"thumbnailUrl":"https:\/\/www.public.sn\/wp-content\/uploads\/2024\/07\/58212500-42989123.jpeg","keywords":["Abass Fall","Ayib daff\u00e9","El Malick Ndiaye","Ils sont maintenant injoignables","imam drame","leaders du Parti Pastef","Moustapha Sarr\u00e9","Ousseynou Ly"],"articleSection":["ACTUALIT\u00c9S","FAITS DIVERS","M\u00c9DIAS","PARTENAIRES","POLITIQUE","PUBLIC TV","S\u00c9N\u00c9GAL","SOCIETE"],"inLanguage":"fr-FR","potentialAction":[{"@type":"CommentAction","name":"Comment","target":["https:\/\/www.public.sn\/index.php\/2024\/07\/24\/imam-drame-tacle-deux-nouveaux-ministres-ils-sont-maintenant-injoignables\/#respond"]}]},{"@type":"WebPage","@id":"https:\/\/www.public.sn\/index.php\/2024\/07\/24\/imam-drame-tacle-deux-nouveaux-ministres-ils-sont-maintenant-injoignables\/","url":"https:\/\/www.public.sn\/index.php\/2024\/07\/24\/imam-drame-tacle-deux-nouveaux-ministres-ils-sont-maintenant-injoignables\/","name":"Imam Dram\u00e9 tacle deux nouveaux ministres: \u00ab Ils sont maintenant injoignables \u00bb - LE PUBLIC","isPartOf":{"@id":"https:\/\/www.public.sn\/#website"},"primaryImageOfPage":{"@id":"https:\/\/www.public.sn\/index.php\/2024\/07\/24\/imam-drame-tacle-deux-nouveaux-ministres-ils-sont-maintenant-injoignables\/#primaryimage"},"image":{"@id":"https:\/\/www.public.sn\/index.php\/2024\/07\/24\/imam-drame-tacle-deux-nouveaux-ministres-ils-sont-maintenant-injoignables\/#primaryimage"},"thumbnailUrl":"https:\/\/www.public.sn\/wp-content\/uploads\/2024\/07\/58212500-42989123.jpeg","datePublished":"2024-07-24T10:19:45+00:00","breadcrumb":{"@id":"https:\/\/www.public.sn\/index.php\/2024\/07\/24\/imam-drame-tacle-deux-nouveaux-ministres-ils-sont-maintenant-injoignables\/#breadcrumb"},"inLanguage":"fr-FR","potentialAction":[{"@type":"ReadAction","target":["https:\/\/www.public.sn\/index.php\/2024\/07\/24\/imam-drame-tacle-deux-nouveaux-ministres-ils-sont-maintenant-injoignables\/"]}]},{"@type":"ImageObject","inLanguage":"fr-FR","@id":"https:\/\/www.public.sn\/index.php\/2024\/07\/24\/imam-drame-tacle-deux-nouveaux-ministres-ils-sont-maintenant-injoignables\/#primaryimage","url":"https:\/\/www.public.sn\/wp-content\/uploads\/2024\/07\/58212500-42989123.jpeg","contentUrl":"https:\/\/www.public.sn\/wp-content\/uploads\/2024\/07\/58212500-42989123.jpeg","width":678,"height":381},{"@type":"BreadcrumbList","@id":"https:\/\/www.public.sn\/index.php\/2024\/07\/24\/imam-drame-tacle-deux-nouveaux-ministres-ils-sont-maintenant-injoignables\/#breadcrumb","itemListElement":[{"@type":"ListItem","position":1,"name":"Accueil","item":"https:\/\/www.public.sn\/"},{"@type":"ListItem","position":2,"name":"Imam Dram\u00e9 tacle deux nouveaux ministres: \u00ab Ils sont maintenant injoignables \u00bb"}]},{"@type":"WebSite","@id":"https:\/\/www.public.sn\/#website","url":"https:\/\/www.public.sn\/","name":"LE PUBLIC","description":"","publisher":{"@id":"https:\/\/www.public.sn\/#organization"},"potentialAction":[{"@type":"SearchAction","target":{"@type":"EntryPoint","urlTemplate":"https:\/\/www.public.sn\/?s={search_term_string}"},"query-input":{"@type":"PropertyValueSpecification","valueRequired":true,"valueName":"search_term_string"}}],"inLanguage":"fr-FR"},{"@type":"Organization","@id":"https:\/\/www.public.sn\/#organization","name":"LE PUBLIC","url":"https:\/\/www.public.sn\/","logo":{"@type":"ImageObject","inLanguage":"fr-FR","@id":"https:\/\/www.public.sn\/#\/schema\/logo\/image\/","url":"https:\/\/www.public.sn\/wp-content\/uploads\/2024\/05\/cropped-LOGO-PUBLIC.SN_.png","contentUrl":"https:\/\/www.public.sn\/wp-content\/uploads\/2024\/05\/cropped-LOGO-PUBLIC.SN_.png","width":682,"height":192,"caption":"LE PUBLIC"},"image":{"@id":"https:\/\/www.public.sn\/#\/schema\/logo\/image\/"}},{"@type":"Person","@id":"https:\/\/www.public.sn\/#\/schema\/person\/f77cd9ce05d8fb925eb038378ee6899d","name":"Baye Amath THIAM","image":{"@type":"ImageObject","inLanguage":"fr-FR","@id":"https:\/\/www.public.sn\/#\/schema\/person\/image\/","url":"https:\/\/secure.gravatar.com\/avatar\/7eb863ef1336b6f8a2ad921469701e52f094a61c698fab02f5af742ed813612d?s=96&d=mm&r=g","contentUrl":"https:\/\/secure.gravatar.com\/avatar\/7eb863ef1336b6f8a2ad921469701e52f094a61c698fab02f5af742ed813612d?s=96&d=mm&r=g","caption":"Baye Amath THIAM"},"url":"https:\/\/www.public.sn\/index.php\/author\/thiamba24\/"}]}},"jetpack_featured_media_url":"https:\/\/www.public.sn\/wp-content\/uploads\/2024\/07\/58212500-42989123.jpeg","jetpack_sharing_enabled":true,"_links":{"self":[{"href":"https:\/\/www.public.sn\/index.php\/wp-json\/wp\/v2\/posts\/34640","targetHints":{"allow":["GET"]}}],"collection":[{"href":"https:\/\/www.public.sn\/index.php\/wp-json\/wp\/v2\/posts"}],"about":[{"href":"https:\/\/www.public.sn\/index.php\/wp-json\/wp\/v2\/types\/post"}],"author":[{"embeddable":true,"href":"https:\/\/www.public.sn\/index.php\/wp-json\/wp\/v2\/users\/15"}],"replies":[{"embeddable":true,"href":"https:\/\/www.public.sn\/index.php\/wp-json\/wp\/v2\/comments?post=34640"}],"version-history":[{"count":2,"href":"https:\/\/www.public.sn\/index.php\/wp-json\/wp\/v2\/posts\/34640\/revisions"}],"predecessor-version":[{"id":34646,"href":"https:\/\/www.public.sn\/index.php\/wp-json\/wp\/v2\/posts\/34640\/revisions\/34646"}],"wp:featuredmedia":[{"embeddable":true,"href":"https:\/\/www.public.sn\/index.php\/wp-json\/wp\/v2\/media\/34645"}],"wp:attachment":[{"href":"https:\/\/www.public.sn\/index.php\/wp-json\/wp\/v2\/media?parent=34640"}],"wp:term":[{"taxonomy":"category","embeddable":true,"href":"https:\/\/www.public.sn\/index.php\/wp-json\/wp\/v2\/categories?post=34640"},{"taxonomy":"post_tag","embeddable":true,"href":"https:\/\/www.public.sn\/index.php\/wp-json\/wp\/v2\/tags?post=34640"}],"curies":[{"name":"wp","href":"https:\/\/api.w.org\/{rel}","templated":true}]}}