{"id":34653,"date":"2024-07-24T10:48:18","date_gmt":"2024-07-24T10:48:18","guid":{"rendered":"https:\/\/www.public.sn\/?p=34653"},"modified":"2024-07-24T10:48:18","modified_gmt":"2024-07-24T10:48:18","slug":"declaration-de-politique-generale-de-sonko-limportante-decision-des-deputes-revelee-ce-mercedi","status":"publish","type":"post","link":"https:\/\/www.public.sn\/index.php\/2024\/07\/24\/declaration-de-politique-generale-de-sonko-limportante-decision-des-deputes-revelee-ce-mercedi\/","title":{"rendered":"D\u00e9claration de politique g\u00e9n\u00e9rale de Sonko : L&rsquo;importante d\u00e9cision des d\u00e9put\u00e9s  r\u00e9v\u00e9l\u00e9e ce mercedi"},"content":{"rendered":"<p>La D\u00e9claration de politique g\u00e9n\u00e9rale (DPG) avance . Un groupe de travail, charg\u00e9 de la r\u00e9vision du R\u00e8glement int\u00e9rieur de l\u2019Assembl\u00e9e nationale, a annonc\u00e9 qu\u2019il informera des conclusions ce mercredi \u00e0 Amadou Mame Diop, Pr\u00e9sident de l\u2019Assembl\u00e9e nationale.<\/p><div class=\"publi-paragraphe1\" style=\"margin-top: 10px;margin-bottom: 10px;margin-left: auto;margin-right: auto;text-align: center;\" id=\"publi-1713411491\"><div class=\"publi-adlabel\">Publicit\u00e9<\/div><script async src=\"\/\/pagead2.googlesyndication.com\/pagead\/js\/adsbygoogle.js?client=ca-pub-4089586018074219\" crossorigin=\"anonymous\"><\/script><ins class=\"adsbygoogle\" style=\"display:block;\" data-ad-client=\"ca-pub-4089586018074219\" \ndata-ad-slot=\"2087940154\" \ndata-ad-format=\"auto\"><\/ins>\n<script> \n(adsbygoogle = window.adsbygoogle || []).push({}); \n<\/script>\n<\/div>\n<p>Selon le journal Bes-bi, un communiqu\u00e9 sign\u00e9 par les pr\u00e9sidents des groupes parlementaires Benno Bokk Yaakaar, Abdou Mbow, Yewwi Askan Wi, Ayib Salim Daff\u00e9, Libert\u00e9, D\u00e9mocratie et Changement, Mamadou Lamine Thiam, ainsi que le repr\u00e9sentant des Non-inscrits, Sanou Dione, pr\u00e9cise que cette avanc\u00e9e a \u00e9t\u00e9 possible apr\u00e8s \u00ab plusieurs r\u00e9unions \u00bb organis\u00e9es \u00ab sur instruction du pr\u00e9sident de l\u2019Assembl\u00e9e nationale \u00bb.<\/p>\n<p>Les groupes parlementaires semblent d\u00e9termin\u00e9s \u00e0 acc\u00e9l\u00e9rer le processus pour mettre fin aux tensions entre le pouvoir et l\u2019opposition. Le quotidien Soleil rapporte que les d\u00e9put\u00e9s ont travaill\u00e9 sur les d\u00e9tails de la r\u00e9vision du r\u00e8glement int\u00e9rieur afin de soumettre rapidement une proposition de loi pour sa modification. Cette d\u00e9marche vise \u00e0 r\u00e9gler la question de la D\u00e9claration de politique g\u00e9n\u00e9rale du Premier ministre, une proc\u00e9dure bloqu\u00e9e en raison de l\u2019absence de mentions sp\u00e9cifiques dans le r\u00e8glement int\u00e9rieur actuel.<\/p>\n<p>En effet, depuis la r\u00e9int\u00e9gration du poste de Premier ministre dans l\u2019architecture institutionnelle du pays, le r\u00e8glement int\u00e9rieur n\u2019a pas \u00e9t\u00e9 mis \u00e0 jour pour inclure les mentions relatives \u00e0 la motion de censure et au r\u00f4le du Premier ministre. Cette situation a cr\u00e9\u00e9 un flou, qualifi\u00e9 de \u00ab m\u00e9li-m\u00e9lo \u00bb par le quotidien Soleil, emp\u00eachant le Premier ministre de prononcer sa d\u00e9claration de politique g\u00e9n\u00e9rale devant l\u2019h\u00e9micycle.<\/p>\n<p>Le groupe de travail, compos\u00e9 de repr\u00e9sentants des trois groupes parlementaires et des Non-inscrits, assist\u00e9s par l\u2019administration de l\u2019Assembl\u00e9e nationale, s\u2019est r\u00e9uni \u00e0 Saly (Mbour) lundi et mardi pour finaliser ses recommandations. Ces conclusions seront pr\u00e9sent\u00e9es au Pr\u00e9sident de l\u2019Assembl\u00e9e nationale ce mercredi, comme l\u2019ont confirm\u00e9 Abdou Mbow, Mouhamed Ayib Salim Daff\u00e9, Mamadou Lamine Thiam et Sanou Dione.<\/p>\n<p>Cette initiative d\u00e9coule des discussions entre les pr\u00e9sidents des groupes parlementaires, lanc\u00e9es sur instruction d\u2019Amadou Mame Diop, suite \u00e0 la demande du Premier ministre Ousmane Sonko de modifier le r\u00e8glement int\u00e9rieur avant son discours de politique g\u00e9n\u00e9rale devant les d\u00e9put\u00e9s. En cons\u00e9quence, le Bureau de l\u2019Assembl\u00e9e nationale a annul\u00e9 le D\u00e9bat d\u2019orientation budg\u00e9taire pr\u00e9vu initialement.<\/p>\n<div class=\"publi-apres-le-contenu\" style=\"margin-top: 10px;margin-bottom: 10px;margin-left: auto;margin-right: auto;text-align: center;\" id=\"publi-2723399350\"><div class=\"publi-adlabel\">Publicit\u00e9<\/div><script async src=\"\/\/pagead2.googlesyndication.com\/pagead\/js\/adsbygoogle.js?client=ca-pub-4089586018074219\" crossorigin=\"anonymous\"><\/script><ins class=\"adsbygoogle\" style=\"display:block;\" data-ad-client=\"ca-pub-4089586018074219\" \ndata-ad-slot=\"2087940154\" \ndata-ad-format=\"auto\"><\/ins>\n<script> \n(adsbygoogle = window.adsbygoogle || []).push({}); \n<\/script>\n<\/div>","protected":false},"excerpt":{"rendered":"<p>La D\u00e9claration de politique g\u00e9n\u00e9rale (DPG) avance . Un groupe de travail, charg\u00e9 de la r\u00e9vision du R\u00e8glement int\u00e9rieur de l\u2019Assembl\u00e9e nationale, a annonc\u00e9 qu\u2019il informera des conclusions ce mercredi \u00e0 Amadou Mame Diop, Pr\u00e9sident de l\u2019Assembl\u00e9e nationale. Selon le journal Bes-bi, un communiqu\u00e9 sign\u00e9 par les pr\u00e9sidents des groupes parlementaires Benno Bokk Yaakaar, Abdou Mbow, Yewwi Askan Wi, Ayib Salim Daff\u00e9, Libert\u00e9, D\u00e9mocratie et Changement, Mamadou Lamine Thiam, ainsi que le repr\u00e9sentant des Non-inscrits, Sanou Dione, pr\u00e9cise que cette avanc\u00e9e a \u00e9t\u00e9 possible apr\u00e8s \u00ab plusieurs r\u00e9unions \u00bb organis\u00e9es \u00ab sur instruction du pr\u00e9sident de l\u2019Assembl\u00e9e nationale \u00bb. Les groupes parlementaires semblent d\u00e9termin\u00e9s \u00e0 acc\u00e9l\u00e9rer le processus pour mettre fin aux tensions entre le pouvoir et l\u2019opposition. Le quotidien Soleil rapporte que les d\u00e9put\u00e9s ont travaill\u00e9 sur les d\u00e9tails de la r\u00e9vision du r\u00e8glement int\u00e9rieur afin de soumettre rapidement une proposition de loi pour sa modification. Cette d\u00e9marche vise \u00e0 r\u00e9gler la question de la D\u00e9claration de politique g\u00e9n\u00e9rale du Premier ministre, une proc\u00e9dure bloqu\u00e9e en raison de l\u2019absence de mentions sp\u00e9cifiques dans le r\u00e8glement int\u00e9rieur actuel. En effet, depuis la r\u00e9int\u00e9gration du poste de Premier ministre dans l\u2019architecture institutionnelle du pays, le r\u00e8glement int\u00e9rieur n\u2019a pas \u00e9t\u00e9 mis \u00e0 jour pour inclure les mentions relatives \u00e0 la motion de censure et au r\u00f4le du Premier ministre. Cette situation a cr\u00e9\u00e9 un flou, qualifi\u00e9 de \u00ab m\u00e9li-m\u00e9lo \u00bb par le quotidien Soleil, emp\u00eachant le Premier ministre de prononcer sa d\u00e9claration de politique g\u00e9n\u00e9rale devant l\u2019h\u00e9micycle. Le groupe de travail, compos\u00e9 de repr\u00e9sentants des trois groupes parlementaires et des Non-inscrits, assist\u00e9s par l\u2019administration de l\u2019Assembl\u00e9e nationale, s\u2019est r\u00e9uni \u00e0 Saly (Mbour) lundi et mardi pour finaliser ses recommandations. Ces conclusions seront pr\u00e9sent\u00e9es au Pr\u00e9sident de l\u2019Assembl\u00e9e nationale ce mercredi, comme l\u2019ont confirm\u00e9 Abdou Mbow, Mouhamed Ayib Salim Daff\u00e9, Mamadou Lamine Thiam et Sanou Dione. Cette initiative d\u00e9coule des discussions entre les pr\u00e9sidents des groupes parlementaires, lanc\u00e9es sur instruction d\u2019Amadou Mame Diop, suite \u00e0 la demande du Premier ministre Ousmane Sonko de modifier le r\u00e8glement int\u00e9rieur avant son discours de politique g\u00e9n\u00e9rale devant les d\u00e9put\u00e9s. En cons\u00e9quence, le Bureau de l\u2019Assembl\u00e9e nationale a annul\u00e9 le D\u00e9bat d\u2019orientation budg\u00e9taire pr\u00e9vu initialement.<\/p>\n","protected":false},"author":15,"featured_media":34655,"comment_status":"open","ping_status":"open","sticky":false,"template":"","format":"standard","meta":{"_jetpack_memberships_contains_paid_content":false,"footnotes":""},"categories":[375,4222,3724,961,3,8,376,1,4,372],"tags":[95,723,12,7096,3770,3849,7095,7094,306],"class_list":["post-34653","post","type-post","status-publish","format-standard","has-post-thumbnail","hentry","category-actualites","category-infrastructures","category-justice","category-medias","category-politique","category-public-tv","category-securite-justice","category-non-classe","category-societe","category-vedette","tag-abdou-mbow","tag-amadou-mame-diop","tag-assemblee-nationale","tag-ayib-salim-daffe","tag-declaration-de-politique-generale-2","tag-mamadou-lamine-thiam","tag-president-de-lassemblee-nationale","tag-reglement-interieur","tag-sonko","entry","has-media","owp-thumbs-layout-horizontal","owp-btn-normal","owp-tabs-layout-horizontal","has-no-thumbnails","has-product-nav"],"yoast_head":"<!-- This site is optimized with the Yoast SEO plugin v25.5 - https:\/\/yoast.com\/wordpress\/plugins\/seo\/ -->\n<title>D\u00e9claration de politique g\u00e9n\u00e9rale de Sonko : L&#039;importante d\u00e9cision des d\u00e9put\u00e9s r\u00e9v\u00e9l\u00e9e ce mercedi - LE PUBLIC<\/title>\n<meta name=\"robots\" content=\"index, follow, max-snippet:-1, max-image-preview:large, max-video-preview:-1\" \/>\n<link rel=\"canonical\" href=\"https:\/\/www.public.sn\/index.php\/2024\/07\/24\/declaration-de-politique-generale-de-sonko-limportante-decision-des-deputes-revelee-ce-mercedi\/\" \/>\n<meta property=\"og:locale\" content=\"fr_FR\" \/>\n<meta property=\"og:type\" content=\"article\" \/>\n<meta property=\"og:title\" content=\"D\u00e9claration de politique g\u00e9n\u00e9rale de Sonko : L&#039;importante d\u00e9cision des d\u00e9put\u00e9s r\u00e9v\u00e9l\u00e9e ce mercedi - LE PUBLIC\" \/>\n<meta property=\"og:description\" content=\"La D\u00e9claration de politique g\u00e9n\u00e9rale (DPG) avance . Un groupe de travail, charg\u00e9 de la r\u00e9vision du R\u00e8glement int\u00e9rieur de l\u2019Assembl\u00e9e nationale, a annonc\u00e9 qu\u2019il informera des conclusions ce mercredi \u00e0 Amadou Mame Diop, Pr\u00e9sident de l\u2019Assembl\u00e9e nationale. Selon le journal Bes-bi, un communiqu\u00e9 sign\u00e9 par les pr\u00e9sidents des groupes parlementaires Benno Bokk Yaakaar, Abdou Mbow, Yewwi Askan Wi, Ayib Salim Daff\u00e9, Libert\u00e9, D\u00e9mocratie et Changement, Mamadou Lamine Thiam, ainsi que le repr\u00e9sentant des Non-inscrits, Sanou Dione, pr\u00e9cise que cette avanc\u00e9e a \u00e9t\u00e9 possible apr\u00e8s \u00ab plusieurs r\u00e9unions \u00bb organis\u00e9es \u00ab sur instruction du pr\u00e9sident de l\u2019Assembl\u00e9e nationale \u00bb. Les groupes parlementaires semblent d\u00e9termin\u00e9s \u00e0 acc\u00e9l\u00e9rer le processus pour mettre fin aux tensions entre le pouvoir et l\u2019opposition. Le quotidien Soleil rapporte que les d\u00e9put\u00e9s ont travaill\u00e9 sur les d\u00e9tails de la r\u00e9vision du r\u00e8glement int\u00e9rieur afin de soumettre rapidement une proposition de loi pour sa modification. Cette d\u00e9marche vise \u00e0 r\u00e9gler la question de la D\u00e9claration de politique g\u00e9n\u00e9rale du Premier ministre, une proc\u00e9dure bloqu\u00e9e en raison de l\u2019absence de mentions sp\u00e9cifiques dans le r\u00e8glement int\u00e9rieur actuel. En effet, depuis la r\u00e9int\u00e9gration du poste de Premier ministre dans l\u2019architecture institutionnelle du pays, le r\u00e8glement int\u00e9rieur n\u2019a pas \u00e9t\u00e9 mis \u00e0 jour pour inclure les mentions relatives \u00e0 la motion de censure et au r\u00f4le du Premier ministre. Cette situation a cr\u00e9\u00e9 un flou, qualifi\u00e9 de \u00ab m\u00e9li-m\u00e9lo \u00bb par le quotidien Soleil, emp\u00eachant le Premier ministre de prononcer sa d\u00e9claration de politique g\u00e9n\u00e9rale devant l\u2019h\u00e9micycle. Le groupe de travail, compos\u00e9 de repr\u00e9sentants des trois groupes parlementaires et des Non-inscrits, assist\u00e9s par l\u2019administration de l\u2019Assembl\u00e9e nationale, s\u2019est r\u00e9uni \u00e0 Saly (Mbour) lundi et mardi pour finaliser ses recommandations. Ces conclusions seront pr\u00e9sent\u00e9es au Pr\u00e9sident de l\u2019Assembl\u00e9e nationale ce mercredi, comme l\u2019ont confirm\u00e9 Abdou Mbow, Mouhamed Ayib Salim Daff\u00e9, Mamadou Lamine Thiam et Sanou Dione. Cette initiative d\u00e9coule des discussions entre les pr\u00e9sidents des groupes parlementaires, lanc\u00e9es sur instruction d\u2019Amadou Mame Diop, suite \u00e0 la demande du Premier ministre Ousmane Sonko de modifier le r\u00e8glement int\u00e9rieur avant son discours de politique g\u00e9n\u00e9rale devant les d\u00e9put\u00e9s. En cons\u00e9quence, le Bureau de l\u2019Assembl\u00e9e nationale a annul\u00e9 le D\u00e9bat d\u2019orientation budg\u00e9taire pr\u00e9vu initialement.\" \/>\n<meta property=\"og:url\" content=\"https:\/\/www.public.sn\/index.php\/2024\/07\/24\/declaration-de-politique-generale-de-sonko-limportante-decision-des-deputes-revelee-ce-mercedi\/\" \/>\n<meta property=\"og:site_name\" content=\"LE PUBLIC\" \/>\n<meta property=\"article:published_time\" content=\"2024-07-24T10:48:18+00:00\" \/>\n<meta property=\"og:image\" content=\"https:\/\/www.public.sn\/wp-content\/uploads\/2024\/07\/assemblee.jpeg\" \/>\n\t<meta property=\"og:image:width\" content=\"1188\" \/>\n\t<meta property=\"og:image:height\" content=\"1039\" \/>\n\t<meta property=\"og:image:type\" content=\"image\/jpeg\" \/>\n<meta name=\"author\" content=\"Baye Amath THIAM\" \/>\n<meta name=\"twitter:card\" content=\"summary_large_image\" \/>\n<meta name=\"twitter:label1\" content=\"\u00c9crit par\" \/>\n\t<meta name=\"twitter:data1\" content=\"Baye Amath THIAM\" \/>\n\t<meta name=\"twitter:label2\" content=\"Dur\u00e9e de lecture estim\u00e9e\" \/>\n\t<meta name=\"twitter:data2\" content=\"1 minute\" \/>\n<script type=\"application\/ld+json\" class=\"yoast-schema-graph\">{\"@context\":\"https:\/\/schema.org\",\"@graph\":[{\"@type\":\"Article\",\"@id\":\"https:\/\/www.public.sn\/index.php\/2024\/07\/24\/declaration-de-politique-generale-de-sonko-limportante-decision-des-deputes-revelee-ce-mercedi\/#article\",\"isPartOf\":{\"@id\":\"https:\/\/www.public.sn\/index.php\/2024\/07\/24\/declaration-de-politique-generale-de-sonko-limportante-decision-des-deputes-revelee-ce-mercedi\/\"},\"author\":{\"name\":\"Baye Amath THIAM\",\"@id\":\"https:\/\/www.public.sn\/#\/schema\/person\/f77cd9ce05d8fb925eb038378ee6899d\"},\"headline\":\"D\u00e9claration de politique g\u00e9n\u00e9rale de Sonko : L&rsquo;importante d\u00e9cision des d\u00e9put\u00e9s r\u00e9v\u00e9l\u00e9e ce mercedi\",\"datePublished\":\"2024-07-24T10:48:18+00:00\",\"mainEntityOfPage\":{\"@id\":\"https:\/\/www.public.sn\/index.php\/2024\/07\/24\/declaration-de-politique-generale-de-sonko-limportante-decision-des-deputes-revelee-ce-mercedi\/\"},\"wordCount\":457,\"commentCount\":0,\"publisher\":{\"@id\":\"https:\/\/www.public.sn\/#organization\"},\"image\":{\"@id\":\"https:\/\/www.public.sn\/index.php\/2024\/07\/24\/declaration-de-politique-generale-de-sonko-limportante-decision-des-deputes-revelee-ce-mercedi\/#primaryimage\"},\"thumbnailUrl\":\"https:\/\/www.public.sn\/wp-content\/uploads\/2024\/07\/assemblee.jpeg\",\"keywords\":[\"Abdou Mbow\",\"Amadou Mame Diop\",\"Assembl\u00e9e Nationale\",\"Ayib Salim Daff\u00e9\",\"declaration de politique generale\",\"Mamadou Lamine Thiam\",\"Pr\u00e9sident de l\u2019Assembl\u00e9e nationale\",\"R\u00e8glement int\u00e9rieur\",\"sonko\"],\"articleSection\":[\"ACTUALIT\u00c9S\",\"INFRASTRUCTURES\",\"justice\",\"M\u00c9DIAS\",\"POLITIQUE\",\"PUBLIC TV\",\"S\u00c9CURIT\u00c9 &amp; JUSTICE\",\"S\u00c9N\u00c9GAL\",\"SOCIETE\",\"VEDETTE\"],\"inLanguage\":\"fr-FR\",\"potentialAction\":[{\"@type\":\"CommentAction\",\"name\":\"Comment\",\"target\":[\"https:\/\/www.public.sn\/index.php\/2024\/07\/24\/declaration-de-politique-generale-de-sonko-limportante-decision-des-deputes-revelee-ce-mercedi\/#respond\"]}]},{\"@type\":\"WebPage\",\"@id\":\"https:\/\/www.public.sn\/index.php\/2024\/07\/24\/declaration-de-politique-generale-de-sonko-limportante-decision-des-deputes-revelee-ce-mercedi\/\",\"url\":\"https:\/\/www.public.sn\/index.php\/2024\/07\/24\/declaration-de-politique-generale-de-sonko-limportante-decision-des-deputes-revelee-ce-mercedi\/\",\"name\":\"D\u00e9claration de politique g\u00e9n\u00e9rale de Sonko : L'importante d\u00e9cision des d\u00e9put\u00e9s r\u00e9v\u00e9l\u00e9e ce mercedi - LE PUBLIC\",\"isPartOf\":{\"@id\":\"https:\/\/www.public.sn\/#website\"},\"primaryImageOfPage\":{\"@id\":\"https:\/\/www.public.sn\/index.php\/2024\/07\/24\/declaration-de-politique-generale-de-sonko-limportante-decision-des-deputes-revelee-ce-mercedi\/#primaryimage\"},\"image\":{\"@id\":\"https:\/\/www.public.sn\/index.php\/2024\/07\/24\/declaration-de-politique-generale-de-sonko-limportante-decision-des-deputes-revelee-ce-mercedi\/#primaryimage\"},\"thumbnailUrl\":\"https:\/\/www.public.sn\/wp-content\/uploads\/2024\/07\/assemblee.jpeg\",\"datePublished\":\"2024-07-24T10:48:18+00:00\",\"breadcrumb\":{\"@id\":\"https:\/\/www.public.sn\/index.php\/2024\/07\/24\/declaration-de-politique-generale-de-sonko-limportante-decision-des-deputes-revelee-ce-mercedi\/#breadcrumb\"},\"inLanguage\":\"fr-FR\",\"potentialAction\":[{\"@type\":\"ReadAction\",\"target\":[\"https:\/\/www.public.sn\/index.php\/2024\/07\/24\/declaration-de-politique-generale-de-sonko-limportante-decision-des-deputes-revelee-ce-mercedi\/\"]}]},{\"@type\":\"ImageObject\",\"inLanguage\":\"fr-FR\",\"@id\":\"https:\/\/www.public.sn\/index.php\/2024\/07\/24\/declaration-de-politique-generale-de-sonko-limportante-decision-des-deputes-revelee-ce-mercedi\/#primaryimage\",\"url\":\"https:\/\/www.public.sn\/wp-content\/uploads\/2024\/07\/assemblee.jpeg\",\"contentUrl\":\"https:\/\/www.public.sn\/wp-content\/uploads\/2024\/07\/assemblee.jpeg\",\"width\":1188,\"height\":1039},{\"@type\":\"BreadcrumbList\",\"@id\":\"https:\/\/www.public.sn\/index.php\/2024\/07\/24\/declaration-de-politique-generale-de-sonko-limportante-decision-des-deputes-revelee-ce-mercedi\/#breadcrumb\",\"itemListElement\":[{\"@type\":\"ListItem\",\"position\":1,\"name\":\"Accueil\",\"item\":\"https:\/\/www.public.sn\/\"},{\"@type\":\"ListItem\",\"position\":2,\"name\":\"D\u00e9claration de politique g\u00e9n\u00e9rale de Sonko : L&rsquo;importante d\u00e9cision des d\u00e9put\u00e9s r\u00e9v\u00e9l\u00e9e ce mercedi\"}]},{\"@type\":\"WebSite\",\"@id\":\"https:\/\/www.public.sn\/#website\",\"url\":\"https:\/\/www.public.sn\/\",\"name\":\"LE PUBLIC\",\"description\":\"\",\"publisher\":{\"@id\":\"https:\/\/www.public.sn\/#organization\"},\"potentialAction\":[{\"@type\":\"SearchAction\",\"target\":{\"@type\":\"EntryPoint\",\"urlTemplate\":\"https:\/\/www.public.sn\/?s={search_term_string}\"},\"query-input\":{\"@type\":\"PropertyValueSpecification\",\"valueRequired\":true,\"valueName\":\"search_term_string\"}}],\"inLanguage\":\"fr-FR\"},{\"@type\":\"Organization\",\"@id\":\"https:\/\/www.public.sn\/#organization\",\"name\":\"LE PUBLIC\",\"url\":\"https:\/\/www.public.sn\/\",\"logo\":{\"@type\":\"ImageObject\",\"inLanguage\":\"fr-FR\",\"@id\":\"https:\/\/www.public.sn\/#\/schema\/logo\/image\/\",\"url\":\"https:\/\/www.public.sn\/wp-content\/uploads\/2024\/05\/cropped-LOGO-PUBLIC.SN_.png\",\"contentUrl\":\"https:\/\/www.public.sn\/wp-content\/uploads\/2024\/05\/cropped-LOGO-PUBLIC.SN_.png\",\"width\":682,\"height\":192,\"caption\":\"LE PUBLIC\"},\"image\":{\"@id\":\"https:\/\/www.public.sn\/#\/schema\/logo\/image\/\"}},{\"@type\":\"Person\",\"@id\":\"https:\/\/www.public.sn\/#\/schema\/person\/f77cd9ce05d8fb925eb038378ee6899d\",\"name\":\"Baye Amath THIAM\",\"image\":{\"@type\":\"ImageObject\",\"inLanguage\":\"fr-FR\",\"@id\":\"https:\/\/www.public.sn\/#\/schema\/person\/image\/\",\"url\":\"https:\/\/secure.gravatar.com\/avatar\/7eb863ef1336b6f8a2ad921469701e52f094a61c698fab02f5af742ed813612d?s=96&d=mm&r=g\",\"contentUrl\":\"https:\/\/secure.gravatar.com\/avatar\/7eb863ef1336b6f8a2ad921469701e52f094a61c698fab02f5af742ed813612d?s=96&d=mm&r=g\",\"caption\":\"Baye Amath THIAM\"},\"url\":\"https:\/\/www.public.sn\/index.php\/author\/thiamba24\/\"}]}<\/script>\n<!-- \/ Yoast SEO plugin. -->","yoast_head_json":{"title":"D\u00e9claration de politique g\u00e9n\u00e9rale de Sonko : L'importante d\u00e9cision des d\u00e9put\u00e9s r\u00e9v\u00e9l\u00e9e ce mercedi - LE PUBLIC","robots":{"index":"index","follow":"follow","max-snippet":"max-snippet:-1","max-image-preview":"max-image-preview:large","max-video-preview":"max-video-preview:-1"},"canonical":"https:\/\/www.public.sn\/index.php\/2024\/07\/24\/declaration-de-politique-generale-de-sonko-limportante-decision-des-deputes-revelee-ce-mercedi\/","og_locale":"fr_FR","og_type":"article","og_title":"D\u00e9claration de politique g\u00e9n\u00e9rale de Sonko : L'importante d\u00e9cision des d\u00e9put\u00e9s r\u00e9v\u00e9l\u00e9e ce mercedi - LE PUBLIC","og_description":"La D\u00e9claration de politique g\u00e9n\u00e9rale (DPG) avance . Un groupe de travail, charg\u00e9 de la r\u00e9vision du R\u00e8glement int\u00e9rieur de l\u2019Assembl\u00e9e nationale, a annonc\u00e9 qu\u2019il informera des conclusions ce mercredi \u00e0 Amadou Mame Diop, Pr\u00e9sident de l\u2019Assembl\u00e9e nationale. Selon le journal Bes-bi, un communiqu\u00e9 sign\u00e9 par les pr\u00e9sidents des groupes parlementaires Benno Bokk Yaakaar, Abdou Mbow, Yewwi Askan Wi, Ayib Salim Daff\u00e9, Libert\u00e9, D\u00e9mocratie et Changement, Mamadou Lamine Thiam, ainsi que le repr\u00e9sentant des Non-inscrits, Sanou Dione, pr\u00e9cise que cette avanc\u00e9e a \u00e9t\u00e9 possible apr\u00e8s \u00ab plusieurs r\u00e9unions \u00bb organis\u00e9es \u00ab sur instruction du pr\u00e9sident de l\u2019Assembl\u00e9e nationale \u00bb. Les groupes parlementaires semblent d\u00e9termin\u00e9s \u00e0 acc\u00e9l\u00e9rer le processus pour mettre fin aux tensions entre le pouvoir et l\u2019opposition. Le quotidien Soleil rapporte que les d\u00e9put\u00e9s ont travaill\u00e9 sur les d\u00e9tails de la r\u00e9vision du r\u00e8glement int\u00e9rieur afin de soumettre rapidement une proposition de loi pour sa modification. Cette d\u00e9marche vise \u00e0 r\u00e9gler la question de la D\u00e9claration de politique g\u00e9n\u00e9rale du Premier ministre, une proc\u00e9dure bloqu\u00e9e en raison de l\u2019absence de mentions sp\u00e9cifiques dans le r\u00e8glement int\u00e9rieur actuel. En effet, depuis la r\u00e9int\u00e9gration du poste de Premier ministre dans l\u2019architecture institutionnelle du pays, le r\u00e8glement int\u00e9rieur n\u2019a pas \u00e9t\u00e9 mis \u00e0 jour pour inclure les mentions relatives \u00e0 la motion de censure et au r\u00f4le du Premier ministre. Cette situation a cr\u00e9\u00e9 un flou, qualifi\u00e9 de \u00ab m\u00e9li-m\u00e9lo \u00bb par le quotidien Soleil, emp\u00eachant le Premier ministre de prononcer sa d\u00e9claration de politique g\u00e9n\u00e9rale devant l\u2019h\u00e9micycle. Le groupe de travail, compos\u00e9 de repr\u00e9sentants des trois groupes parlementaires et des Non-inscrits, assist\u00e9s par l\u2019administration de l\u2019Assembl\u00e9e nationale, s\u2019est r\u00e9uni \u00e0 Saly (Mbour) lundi et mardi pour finaliser ses recommandations. Ces conclusions seront pr\u00e9sent\u00e9es au Pr\u00e9sident de l\u2019Assembl\u00e9e nationale ce mercredi, comme l\u2019ont confirm\u00e9 Abdou Mbow, Mouhamed Ayib Salim Daff\u00e9, Mamadou Lamine Thiam et Sanou Dione. Cette initiative d\u00e9coule des discussions entre les pr\u00e9sidents des groupes parlementaires, lanc\u00e9es sur instruction d\u2019Amadou Mame Diop, suite \u00e0 la demande du Premier ministre Ousmane Sonko de modifier le r\u00e8glement int\u00e9rieur avant son discours de politique g\u00e9n\u00e9rale devant les d\u00e9put\u00e9s. En cons\u00e9quence, le Bureau de l\u2019Assembl\u00e9e nationale a annul\u00e9 le D\u00e9bat d\u2019orientation budg\u00e9taire pr\u00e9vu initialement.","og_url":"https:\/\/www.public.sn\/index.php\/2024\/07\/24\/declaration-de-politique-generale-de-sonko-limportante-decision-des-deputes-revelee-ce-mercedi\/","og_site_name":"LE PUBLIC","article_published_time":"2024-07-24T10:48:18+00:00","og_image":[{"width":1188,"height":1039,"url":"https:\/\/www.public.sn\/wp-content\/uploads\/2024\/07\/assemblee.jpeg","type":"image\/jpeg"}],"author":"Baye Amath THIAM","twitter_card":"summary_large_image","twitter_misc":{"\u00c9crit par":"Baye Amath THIAM","Dur\u00e9e de lecture estim\u00e9e":"1 minute"},"schema":{"@context":"https:\/\/schema.org","@graph":[{"@type":"Article","@id":"https:\/\/www.public.sn\/index.php\/2024\/07\/24\/declaration-de-politique-generale-de-sonko-limportante-decision-des-deputes-revelee-ce-mercedi\/#article","isPartOf":{"@id":"https:\/\/www.public.sn\/index.php\/2024\/07\/24\/declaration-de-politique-generale-de-sonko-limportante-decision-des-deputes-revelee-ce-mercedi\/"},"author":{"name":"Baye Amath THIAM","@id":"https:\/\/www.public.sn\/#\/schema\/person\/f77cd9ce05d8fb925eb038378ee6899d"},"headline":"D\u00e9claration de politique g\u00e9n\u00e9rale de Sonko : L&rsquo;importante d\u00e9cision des d\u00e9put\u00e9s r\u00e9v\u00e9l\u00e9e ce mercedi","datePublished":"2024-07-24T10:48:18+00:00","mainEntityOfPage":{"@id":"https:\/\/www.public.sn\/index.php\/2024\/07\/24\/declaration-de-politique-generale-de-sonko-limportante-decision-des-deputes-revelee-ce-mercedi\/"},"wordCount":457,"commentCount":0,"publisher":{"@id":"https:\/\/www.public.sn\/#organization"},"image":{"@id":"https:\/\/www.public.sn\/index.php\/2024\/07\/24\/declaration-de-politique-generale-de-sonko-limportante-decision-des-deputes-revelee-ce-mercedi\/#primaryimage"},"thumbnailUrl":"https:\/\/www.public.sn\/wp-content\/uploads\/2024\/07\/assemblee.jpeg","keywords":["Abdou Mbow","Amadou Mame Diop","Assembl\u00e9e Nationale","Ayib Salim Daff\u00e9","declaration de politique generale","Mamadou Lamine Thiam","Pr\u00e9sident de l\u2019Assembl\u00e9e nationale","R\u00e8glement int\u00e9rieur","sonko"],"articleSection":["ACTUALIT\u00c9S","INFRASTRUCTURES","justice","M\u00c9DIAS","POLITIQUE","PUBLIC TV","S\u00c9CURIT\u00c9 &amp; JUSTICE","S\u00c9N\u00c9GAL","SOCIETE","VEDETTE"],"inLanguage":"fr-FR","potentialAction":[{"@type":"CommentAction","name":"Comment","target":["https:\/\/www.public.sn\/index.php\/2024\/07\/24\/declaration-de-politique-generale-de-sonko-limportante-decision-des-deputes-revelee-ce-mercedi\/#respond"]}]},{"@type":"WebPage","@id":"https:\/\/www.public.sn\/index.php\/2024\/07\/24\/declaration-de-politique-generale-de-sonko-limportante-decision-des-deputes-revelee-ce-mercedi\/","url":"https:\/\/www.public.sn\/index.php\/2024\/07\/24\/declaration-de-politique-generale-de-sonko-limportante-decision-des-deputes-revelee-ce-mercedi\/","name":"D\u00e9claration de politique g\u00e9n\u00e9rale de Sonko : L'importante d\u00e9cision des d\u00e9put\u00e9s r\u00e9v\u00e9l\u00e9e ce mercedi - LE PUBLIC","isPartOf":{"@id":"https:\/\/www.public.sn\/#website"},"primaryImageOfPage":{"@id":"https:\/\/www.public.sn\/index.php\/2024\/07\/24\/declaration-de-politique-generale-de-sonko-limportante-decision-des-deputes-revelee-ce-mercedi\/#primaryimage"},"image":{"@id":"https:\/\/www.public.sn\/index.php\/2024\/07\/24\/declaration-de-politique-generale-de-sonko-limportante-decision-des-deputes-revelee-ce-mercedi\/#primaryimage"},"thumbnailUrl":"https:\/\/www.public.sn\/wp-content\/uploads\/2024\/07\/assemblee.jpeg","datePublished":"2024-07-24T10:48:18+00:00","breadcrumb":{"@id":"https:\/\/www.public.sn\/index.php\/2024\/07\/24\/declaration-de-politique-generale-de-sonko-limportante-decision-des-deputes-revelee-ce-mercedi\/#breadcrumb"},"inLanguage":"fr-FR","potentialAction":[{"@type":"ReadAction","target":["https:\/\/www.public.sn\/index.php\/2024\/07\/24\/declaration-de-politique-generale-de-sonko-limportante-decision-des-deputes-revelee-ce-mercedi\/"]}]},{"@type":"ImageObject","inLanguage":"fr-FR","@id":"https:\/\/www.public.sn\/index.php\/2024\/07\/24\/declaration-de-politique-generale-de-sonko-limportante-decision-des-deputes-revelee-ce-mercedi\/#primaryimage","url":"https:\/\/www.public.sn\/wp-content\/uploads\/2024\/07\/assemblee.jpeg","contentUrl":"https:\/\/www.public.sn\/wp-content\/uploads\/2024\/07\/assemblee.jpeg","width":1188,"height":1039},{"@type":"BreadcrumbList","@id":"https:\/\/www.public.sn\/index.php\/2024\/07\/24\/declaration-de-politique-generale-de-sonko-limportante-decision-des-deputes-revelee-ce-mercedi\/#breadcrumb","itemListElement":[{"@type":"ListItem","position":1,"name":"Accueil","item":"https:\/\/www.public.sn\/"},{"@type":"ListItem","position":2,"name":"D\u00e9claration de politique g\u00e9n\u00e9rale de Sonko : L&rsquo;importante d\u00e9cision des d\u00e9put\u00e9s r\u00e9v\u00e9l\u00e9e ce mercedi"}]},{"@type":"WebSite","@id":"https:\/\/www.public.sn\/#website","url":"https:\/\/www.public.sn\/","name":"LE PUBLIC","description":"","publisher":{"@id":"https:\/\/www.public.sn\/#organization"},"potentialAction":[{"@type":"SearchAction","target":{"@type":"EntryPoint","urlTemplate":"https:\/\/www.public.sn\/?s={search_term_string}"},"query-input":{"@type":"PropertyValueSpecification","valueRequired":true,"valueName":"search_term_string"}}],"inLanguage":"fr-FR"},{"@type":"Organization","@id":"https:\/\/www.public.sn\/#organization","name":"LE PUBLIC","url":"https:\/\/www.public.sn\/","logo":{"@type":"ImageObject","inLanguage":"fr-FR","@id":"https:\/\/www.public.sn\/#\/schema\/logo\/image\/","url":"https:\/\/www.public.sn\/wp-content\/uploads\/2024\/05\/cropped-LOGO-PUBLIC.SN_.png","contentUrl":"https:\/\/www.public.sn\/wp-content\/uploads\/2024\/05\/cropped-LOGO-PUBLIC.SN_.png","width":682,"height":192,"caption":"LE PUBLIC"},"image":{"@id":"https:\/\/www.public.sn\/#\/schema\/logo\/image\/"}},{"@type":"Person","@id":"https:\/\/www.public.sn\/#\/schema\/person\/f77cd9ce05d8fb925eb038378ee6899d","name":"Baye Amath THIAM","image":{"@type":"ImageObject","inLanguage":"fr-FR","@id":"https:\/\/www.public.sn\/#\/schema\/person\/image\/","url":"https:\/\/secure.gravatar.com\/avatar\/7eb863ef1336b6f8a2ad921469701e52f094a61c698fab02f5af742ed813612d?s=96&d=mm&r=g","contentUrl":"https:\/\/secure.gravatar.com\/avatar\/7eb863ef1336b6f8a2ad921469701e52f094a61c698fab02f5af742ed813612d?s=96&d=mm&r=g","caption":"Baye Amath THIAM"},"url":"https:\/\/www.public.sn\/index.php\/author\/thiamba24\/"}]}},"jetpack_featured_media_url":"https:\/\/www.public.sn\/wp-content\/uploads\/2024\/07\/assemblee.jpeg","jetpack_sharing_enabled":true,"_links":{"self":[{"href":"https:\/\/www.public.sn\/index.php\/wp-json\/wp\/v2\/posts\/34653","targetHints":{"allow":["GET"]}}],"collection":[{"href":"https:\/\/www.public.sn\/index.php\/wp-json\/wp\/v2\/posts"}],"about":[{"href":"https:\/\/www.public.sn\/index.php\/wp-json\/wp\/v2\/types\/post"}],"author":[{"embeddable":true,"href":"https:\/\/www.public.sn\/index.php\/wp-json\/wp\/v2\/users\/15"}],"replies":[{"embeddable":true,"href":"https:\/\/www.public.sn\/index.php\/wp-json\/wp\/v2\/comments?post=34653"}],"version-history":[{"count":1,"href":"https:\/\/www.public.sn\/index.php\/wp-json\/wp\/v2\/posts\/34653\/revisions"}],"predecessor-version":[{"id":34656,"href":"https:\/\/www.public.sn\/index.php\/wp-json\/wp\/v2\/posts\/34653\/revisions\/34656"}],"wp:featuredmedia":[{"embeddable":true,"href":"https:\/\/www.public.sn\/index.php\/wp-json\/wp\/v2\/media\/34655"}],"wp:attachment":[{"href":"https:\/\/www.public.sn\/index.php\/wp-json\/wp\/v2\/media?parent=34653"}],"wp:term":[{"taxonomy":"category","embeddable":true,"href":"https:\/\/www.public.sn\/index.php\/wp-json\/wp\/v2\/categories?post=34653"},{"taxonomy":"post_tag","embeddable":true,"href":"https:\/\/www.public.sn\/index.php\/wp-json\/wp\/v2\/tags?post=34653"}],"curies":[{"name":"wp","href":"https:\/\/api.w.org\/{rel}","templated":true}]}}