{"id":34666,"date":"2024-07-24T13:10:41","date_gmt":"2024-07-24T13:10:41","guid":{"rendered":"https:\/\/www.public.sn\/?p=34666"},"modified":"2024-07-24T13:10:41","modified_gmt":"2024-07-24T13:10:41","slug":"le-president-bassirou-diomaye-faye-se-rend-a-paris-avec-sa-deuxieme-dame-photos","status":"publish","type":"post","link":"https:\/\/www.public.sn\/index.php\/2024\/07\/24\/le-president-bassirou-diomaye-faye-se-rend-a-paris-avec-sa-deuxieme-dame-photos\/","title":{"rendered":"Le pr\u00e9sident Bassirou Diomaye Faye se rend \u00e0 Paris avec sa deuxi\u00e8me dame (Photos)"},"content":{"rendered":"<p>Le pr\u00e9sident de la r\u00e9publique se rend actuellement en France en compagnie de sa deuxi\u00e8me \u00e9pouse. <\/p><div class=\"publi-paragraphe1\" style=\"margin-top: 10px;margin-bottom: 10px;margin-left: auto;margin-right: auto;text-align: center;\" id=\"publi-3167047500\"><div class=\"publi-adlabel\">Publicit\u00e9<\/div><script async src=\"\/\/pagead2.googlesyndication.com\/pagead\/js\/adsbygoogle.js?client=ca-pub-4089586018074219\" crossorigin=\"anonymous\"><\/script><ins class=\"adsbygoogle\" style=\"display:block;\" data-ad-client=\"ca-pub-4089586018074219\" \ndata-ad-slot=\"2087940154\" \ndata-ad-format=\"auto\"><\/ins>\n<script> \n(adsbygoogle = window.adsbygoogle || []).push({}); \n<\/script>\n<\/div>\n<p>\u00c0 l&rsquo;invitation de son homologue fran\u00e7ais, Emmanuel Macron rt de Thomas Bach, pr\u00e9sident du Comit\u00e9 International Olympique, le chef de l&rsquo;\u00c9tat participera au sommet international sur &lsquo;Sport pour le D\u00e9veloppement Durable&rsquo; pr\u00e9vu demain.<\/p>\n<p><img fetchpriority=\"high\" decoding=\"async\" src=\"https:\/\/www.public.sn\/wp-content\/uploads\/2024\/07\/IMG_0332-192x300.jpg\" alt=\"\" width=\"192\" height=\"300\" class=\"alignnone size-medium wp-image-34667\" srcset=\"https:\/\/www.public.sn\/wp-content\/uploads\/2024\/07\/IMG_0332-192x300.jpg 192w, https:\/\/www.public.sn\/wp-content\/uploads\/2024\/07\/IMG_0332-655x1024.jpg 655w, https:\/\/www.public.sn\/wp-content\/uploads\/2024\/07\/IMG_0332-768x1201.jpg 768w, https:\/\/www.public.sn\/wp-content\/uploads\/2024\/07\/IMG_0332-982x1536.jpg 982w, https:\/\/www.public.sn\/wp-content\/uploads\/2024\/07\/IMG_0332-600x938.jpg 600w, https:\/\/www.public.sn\/wp-content\/uploads\/2024\/07\/IMG_0332.jpg 1023w\" sizes=\"(max-width: 192px) 100vw, 192px\" \/>`<\/p>\n<p><img decoding=\"async\" src=\"https:\/\/www.public.sn\/wp-content\/uploads\/2024\/07\/IMG_0333-266x300.jpg\" alt=\"\" width=\"266\" height=\"300\" class=\"alignnone size-medium wp-image-34668\" srcset=\"https:\/\/www.public.sn\/wp-content\/uploads\/2024\/07\/IMG_0333-266x300.jpg 266w, https:\/\/www.public.sn\/wp-content\/uploads\/2024\/07\/IMG_0333-907x1024.jpg 907w, https:\/\/www.public.sn\/wp-content\/uploads\/2024\/07\/IMG_0333-768x867.jpg 768w, https:\/\/www.public.sn\/wp-content\/uploads\/2024\/07\/IMG_0333-600x678.jpg 600w, https:\/\/www.public.sn\/wp-content\/uploads\/2024\/07\/IMG_0333.jpg 1290w\" sizes=\"(max-width: 266px) 100vw, 266px\" \/><\/p>\n<p><img decoding=\"async\" src=\"https:\/\/www.public.sn\/wp-content\/uploads\/2024\/07\/IMG_0334-300x236.jpg\" alt=\"\" width=\"300\" height=\"236\" class=\"alignnone size-medium wp-image-34669\" srcset=\"https:\/\/www.public.sn\/wp-content\/uploads\/2024\/07\/IMG_0334-300x236.jpg 300w, https:\/\/www.public.sn\/wp-content\/uploads\/2024\/07\/IMG_0334-1024x805.jpg 1024w, https:\/\/www.public.sn\/wp-content\/uploads\/2024\/07\/IMG_0334-768x604.jpg 768w, https:\/\/www.public.sn\/wp-content\/uploads\/2024\/07\/IMG_0334-600x472.jpg 600w, https:\/\/www.public.sn\/wp-content\/uploads\/2024\/07\/IMG_0334.jpg 1280w\" sizes=\"(max-width: 300px) 100vw, 300px\" \/><\/p>\n<p><img loading=\"lazy\" decoding=\"async\" src=\"https:\/\/www.public.sn\/wp-content\/uploads\/2024\/07\/IMG_0330-300x183.jpg\" alt=\"\" width=\"300\" height=\"183\" class=\"alignnone size-medium wp-image-34670\" srcset=\"https:\/\/www.public.sn\/wp-content\/uploads\/2024\/07\/IMG_0330-300x183.jpg 300w, https:\/\/www.public.sn\/wp-content\/uploads\/2024\/07\/IMG_0330-1024x623.jpg 1024w, https:\/\/www.public.sn\/wp-content\/uploads\/2024\/07\/IMG_0330-768x467.jpg 768w, https:\/\/www.public.sn\/wp-content\/uploads\/2024\/07\/IMG_0330-600x365.jpg 600w, https:\/\/www.public.sn\/wp-content\/uploads\/2024\/07\/IMG_0330.jpg 1280w\" sizes=\"(max-width: 300px) 100vw, 300px\" \/><\/p>\n<div class=\"publi-apres-le-contenu\" style=\"margin-top: 10px;margin-bottom: 10px;margin-left: auto;margin-right: auto;text-align: center;\" id=\"publi-1511805871\"><div class=\"publi-adlabel\">Publicit\u00e9<\/div><script async src=\"\/\/pagead2.googlesyndication.com\/pagead\/js\/adsbygoogle.js?client=ca-pub-4089586018074219\" crossorigin=\"anonymous\"><\/script><ins class=\"adsbygoogle\" style=\"display:block;\" data-ad-client=\"ca-pub-4089586018074219\" \ndata-ad-slot=\"2087940154\" \ndata-ad-format=\"auto\"><\/ins>\n<script> \n(adsbygoogle = window.adsbygoogle || []).push({}); \n<\/script>\n<\/div>","protected":false},"excerpt":{"rendered":"<p>Le pr\u00e9sident de la r\u00e9publique se rend actuellement en France en compagnie de sa deuxi\u00e8me \u00e9pouse. \u00c0 l&rsquo;invitation de son homologue fran\u00e7ais, Emmanuel Macron rt de Thomas Bach, pr\u00e9sident du Comit\u00e9 International Olympique, le chef de l&rsquo;\u00c9tat participera au sommet international sur &lsquo;Sport pour le D\u00e9veloppement Durable&rsquo; pr\u00e9vu demain. `<\/p>\n","protected":false},"author":15,"featured_media":34671,"comment_status":"open","ping_status":"open","sticky":false,"template":"","format":"standard","meta":{"_jetpack_memberships_contains_paid_content":false,"footnotes":""},"categories":[1],"tags":[3678,7104,7103,162],"class_list":["post-34666","post","type-post","status-publish","format-standard","has-post-thumbnail","hentry","category-non-classe","tag-bassirou-diomaye-faye","tag-comite-international-olympique","tag-deuxieme-dame","tag-emmanuel-macron","entry","has-media","owp-thumbs-layout-horizontal","owp-btn-normal","owp-tabs-layout-horizontal","has-no-thumbnails","has-product-nav"],"yoast_head":"<!-- This site is optimized with the Yoast SEO plugin v25.5 - https:\/\/yoast.com\/wordpress\/plugins\/seo\/ -->\n<title>Le pr\u00e9sident Bassirou Diomaye Faye se rend \u00e0 Paris avec sa deuxi\u00e8me dame (Photos) - LE PUBLIC<\/title>\n<meta name=\"robots\" content=\"index, follow, max-snippet:-1, max-image-preview:large, max-video-preview:-1\" \/>\n<link rel=\"canonical\" href=\"https:\/\/www.public.sn\/index.php\/2024\/07\/24\/le-president-bassirou-diomaye-faye-se-rend-a-paris-avec-sa-deuxieme-dame-photos\/\" \/>\n<meta property=\"og:locale\" content=\"fr_FR\" \/>\n<meta property=\"og:type\" content=\"article\" \/>\n<meta property=\"og:title\" content=\"Le pr\u00e9sident Bassirou Diomaye Faye se rend \u00e0 Paris avec sa deuxi\u00e8me dame (Photos) - LE PUBLIC\" \/>\n<meta property=\"og:description\" content=\"Le pr\u00e9sident de la r\u00e9publique se rend actuellement en France en compagnie de sa deuxi\u00e8me \u00e9pouse. \u00c0 l&rsquo;invitation de son homologue fran\u00e7ais, Emmanuel Macron rt de Thomas Bach, pr\u00e9sident du Comit\u00e9 International Olympique, le chef de l&rsquo;\u00c9tat participera au sommet international sur &lsquo;Sport pour le D\u00e9veloppement Durable&rsquo; pr\u00e9vu demain. `\" \/>\n<meta property=\"og:url\" content=\"https:\/\/www.public.sn\/index.php\/2024\/07\/24\/le-president-bassirou-diomaye-faye-se-rend-a-paris-avec-sa-deuxieme-dame-photos\/\" \/>\n<meta property=\"og:site_name\" content=\"LE PUBLIC\" \/>\n<meta property=\"article:published_time\" content=\"2024-07-24T13:10:41+00:00\" \/>\n<meta property=\"og:image\" content=\"https:\/\/www.public.sn\/wp-content\/uploads\/2024\/07\/fotojet-1-18-696x319-1.jpeg\" \/>\n\t<meta property=\"og:image:width\" content=\"696\" \/>\n\t<meta property=\"og:image:height\" content=\"319\" \/>\n\t<meta property=\"og:image:type\" content=\"image\/jpeg\" \/>\n<meta name=\"author\" content=\"Baye Amath THIAM\" \/>\n<meta name=\"twitter:card\" content=\"summary_large_image\" \/>\n<meta name=\"twitter:label1\" content=\"\u00c9crit par\" \/>\n\t<meta name=\"twitter:data1\" content=\"Baye Amath THIAM\" \/>\n\t<meta name=\"twitter:label2\" content=\"Dur\u00e9e de lecture estim\u00e9e\" \/>\n\t<meta name=\"twitter:data2\" content=\"1 minute\" \/>\n<script type=\"application\/ld+json\" class=\"yoast-schema-graph\">{\"@context\":\"https:\/\/schema.org\",\"@graph\":[{\"@type\":\"Article\",\"@id\":\"https:\/\/www.public.sn\/index.php\/2024\/07\/24\/le-president-bassirou-diomaye-faye-se-rend-a-paris-avec-sa-deuxieme-dame-photos\/#article\",\"isPartOf\":{\"@id\":\"https:\/\/www.public.sn\/index.php\/2024\/07\/24\/le-president-bassirou-diomaye-faye-se-rend-a-paris-avec-sa-deuxieme-dame-photos\/\"},\"author\":{\"name\":\"Baye Amath THIAM\",\"@id\":\"https:\/\/www.public.sn\/#\/schema\/person\/f77cd9ce05d8fb925eb038378ee6899d\"},\"headline\":\"Le pr\u00e9sident Bassirou Diomaye Faye se rend \u00e0 Paris avec sa deuxi\u00e8me dame (Photos)\",\"datePublished\":\"2024-07-24T13:10:41+00:00\",\"mainEntityOfPage\":{\"@id\":\"https:\/\/www.public.sn\/index.php\/2024\/07\/24\/le-president-bassirou-diomaye-faye-se-rend-a-paris-avec-sa-deuxieme-dame-photos\/\"},\"wordCount\":71,\"commentCount\":0,\"publisher\":{\"@id\":\"https:\/\/www.public.sn\/#organization\"},\"image\":{\"@id\":\"https:\/\/www.public.sn\/index.php\/2024\/07\/24\/le-president-bassirou-diomaye-faye-se-rend-a-paris-avec-sa-deuxieme-dame-photos\/#primaryimage\"},\"thumbnailUrl\":\"https:\/\/www.public.sn\/wp-content\/uploads\/2024\/07\/fotojet-1-18-696x319-1.jpeg\",\"keywords\":[\"bassirou diomaye faye\",\"Comit\u00e9 International Olympique\",\"deuxi\u00e8me dame\",\"Emmanuel Macron\"],\"articleSection\":[\"S\u00c9N\u00c9GAL\"],\"inLanguage\":\"fr-FR\",\"potentialAction\":[{\"@type\":\"CommentAction\",\"name\":\"Comment\",\"target\":[\"https:\/\/www.public.sn\/index.php\/2024\/07\/24\/le-president-bassirou-diomaye-faye-se-rend-a-paris-avec-sa-deuxieme-dame-photos\/#respond\"]}]},{\"@type\":\"WebPage\",\"@id\":\"https:\/\/www.public.sn\/index.php\/2024\/07\/24\/le-president-bassirou-diomaye-faye-se-rend-a-paris-avec-sa-deuxieme-dame-photos\/\",\"url\":\"https:\/\/www.public.sn\/index.php\/2024\/07\/24\/le-president-bassirou-diomaye-faye-se-rend-a-paris-avec-sa-deuxieme-dame-photos\/\",\"name\":\"Le pr\u00e9sident Bassirou Diomaye Faye se rend \u00e0 Paris avec sa deuxi\u00e8me dame (Photos) - LE PUBLIC\",\"isPartOf\":{\"@id\":\"https:\/\/www.public.sn\/#website\"},\"primaryImageOfPage\":{\"@id\":\"https:\/\/www.public.sn\/index.php\/2024\/07\/24\/le-president-bassirou-diomaye-faye-se-rend-a-paris-avec-sa-deuxieme-dame-photos\/#primaryimage\"},\"image\":{\"@id\":\"https:\/\/www.public.sn\/index.php\/2024\/07\/24\/le-president-bassirou-diomaye-faye-se-rend-a-paris-avec-sa-deuxieme-dame-photos\/#primaryimage\"},\"thumbnailUrl\":\"https:\/\/www.public.sn\/wp-content\/uploads\/2024\/07\/fotojet-1-18-696x319-1.jpeg\",\"datePublished\":\"2024-07-24T13:10:41+00:00\",\"breadcrumb\":{\"@id\":\"https:\/\/www.public.sn\/index.php\/2024\/07\/24\/le-president-bassirou-diomaye-faye-se-rend-a-paris-avec-sa-deuxieme-dame-photos\/#breadcrumb\"},\"inLanguage\":\"fr-FR\",\"potentialAction\":[{\"@type\":\"ReadAction\",\"target\":[\"https:\/\/www.public.sn\/index.php\/2024\/07\/24\/le-president-bassirou-diomaye-faye-se-rend-a-paris-avec-sa-deuxieme-dame-photos\/\"]}]},{\"@type\":\"ImageObject\",\"inLanguage\":\"fr-FR\",\"@id\":\"https:\/\/www.public.sn\/index.php\/2024\/07\/24\/le-president-bassirou-diomaye-faye-se-rend-a-paris-avec-sa-deuxieme-dame-photos\/#primaryimage\",\"url\":\"https:\/\/www.public.sn\/wp-content\/uploads\/2024\/07\/fotojet-1-18-696x319-1.jpeg\",\"contentUrl\":\"https:\/\/www.public.sn\/wp-content\/uploads\/2024\/07\/fotojet-1-18-696x319-1.jpeg\",\"width\":696,\"height\":319},{\"@type\":\"BreadcrumbList\",\"@id\":\"https:\/\/www.public.sn\/index.php\/2024\/07\/24\/le-president-bassirou-diomaye-faye-se-rend-a-paris-avec-sa-deuxieme-dame-photos\/#breadcrumb\",\"itemListElement\":[{\"@type\":\"ListItem\",\"position\":1,\"name\":\"Accueil\",\"item\":\"https:\/\/www.public.sn\/\"},{\"@type\":\"ListItem\",\"position\":2,\"name\":\"Le pr\u00e9sident Bassirou Diomaye Faye se rend \u00e0 Paris avec sa deuxi\u00e8me dame (Photos)\"}]},{\"@type\":\"WebSite\",\"@id\":\"https:\/\/www.public.sn\/#website\",\"url\":\"https:\/\/www.public.sn\/\",\"name\":\"LE PUBLIC\",\"description\":\"\",\"publisher\":{\"@id\":\"https:\/\/www.public.sn\/#organization\"},\"potentialAction\":[{\"@type\":\"SearchAction\",\"target\":{\"@type\":\"EntryPoint\",\"urlTemplate\":\"https:\/\/www.public.sn\/?s={search_term_string}\"},\"query-input\":{\"@type\":\"PropertyValueSpecification\",\"valueRequired\":true,\"valueName\":\"search_term_string\"}}],\"inLanguage\":\"fr-FR\"},{\"@type\":\"Organization\",\"@id\":\"https:\/\/www.public.sn\/#organization\",\"name\":\"LE PUBLIC\",\"url\":\"https:\/\/www.public.sn\/\",\"logo\":{\"@type\":\"ImageObject\",\"inLanguage\":\"fr-FR\",\"@id\":\"https:\/\/www.public.sn\/#\/schema\/logo\/image\/\",\"url\":\"https:\/\/www.public.sn\/wp-content\/uploads\/2024\/05\/cropped-LOGO-PUBLIC.SN_.png\",\"contentUrl\":\"https:\/\/www.public.sn\/wp-content\/uploads\/2024\/05\/cropped-LOGO-PUBLIC.SN_.png\",\"width\":682,\"height\":192,\"caption\":\"LE PUBLIC\"},\"image\":{\"@id\":\"https:\/\/www.public.sn\/#\/schema\/logo\/image\/\"}},{\"@type\":\"Person\",\"@id\":\"https:\/\/www.public.sn\/#\/schema\/person\/f77cd9ce05d8fb925eb038378ee6899d\",\"name\":\"Baye Amath THIAM\",\"image\":{\"@type\":\"ImageObject\",\"inLanguage\":\"fr-FR\",\"@id\":\"https:\/\/www.public.sn\/#\/schema\/person\/image\/\",\"url\":\"https:\/\/secure.gravatar.com\/avatar\/7eb863ef1336b6f8a2ad921469701e52f094a61c698fab02f5af742ed813612d?s=96&d=mm&r=g\",\"contentUrl\":\"https:\/\/secure.gravatar.com\/avatar\/7eb863ef1336b6f8a2ad921469701e52f094a61c698fab02f5af742ed813612d?s=96&d=mm&r=g\",\"caption\":\"Baye Amath THIAM\"},\"url\":\"https:\/\/www.public.sn\/index.php\/author\/thiamba24\/\"}]}<\/script>\n<!-- \/ Yoast SEO plugin. -->","yoast_head_json":{"title":"Le pr\u00e9sident Bassirou Diomaye Faye se rend \u00e0 Paris avec sa deuxi\u00e8me dame (Photos) - LE PUBLIC","robots":{"index":"index","follow":"follow","max-snippet":"max-snippet:-1","max-image-preview":"max-image-preview:large","max-video-preview":"max-video-preview:-1"},"canonical":"https:\/\/www.public.sn\/index.php\/2024\/07\/24\/le-president-bassirou-diomaye-faye-se-rend-a-paris-avec-sa-deuxieme-dame-photos\/","og_locale":"fr_FR","og_type":"article","og_title":"Le pr\u00e9sident Bassirou Diomaye Faye se rend \u00e0 Paris avec sa deuxi\u00e8me dame (Photos) - LE PUBLIC","og_description":"Le pr\u00e9sident de la r\u00e9publique se rend actuellement en France en compagnie de sa deuxi\u00e8me \u00e9pouse. \u00c0 l&rsquo;invitation de son homologue fran\u00e7ais, Emmanuel Macron rt de Thomas Bach, pr\u00e9sident du Comit\u00e9 International Olympique, le chef de l&rsquo;\u00c9tat participera au sommet international sur &lsquo;Sport pour le D\u00e9veloppement Durable&rsquo; pr\u00e9vu demain. `","og_url":"https:\/\/www.public.sn\/index.php\/2024\/07\/24\/le-president-bassirou-diomaye-faye-se-rend-a-paris-avec-sa-deuxieme-dame-photos\/","og_site_name":"LE PUBLIC","article_published_time":"2024-07-24T13:10:41+00:00","og_image":[{"width":696,"height":319,"url":"https:\/\/www.public.sn\/wp-content\/uploads\/2024\/07\/fotojet-1-18-696x319-1.jpeg","type":"image\/jpeg"}],"author":"Baye Amath THIAM","twitter_card":"summary_large_image","twitter_misc":{"\u00c9crit par":"Baye Amath THIAM","Dur\u00e9e de lecture estim\u00e9e":"1 minute"},"schema":{"@context":"https:\/\/schema.org","@graph":[{"@type":"Article","@id":"https:\/\/www.public.sn\/index.php\/2024\/07\/24\/le-president-bassirou-diomaye-faye-se-rend-a-paris-avec-sa-deuxieme-dame-photos\/#article","isPartOf":{"@id":"https:\/\/www.public.sn\/index.php\/2024\/07\/24\/le-president-bassirou-diomaye-faye-se-rend-a-paris-avec-sa-deuxieme-dame-photos\/"},"author":{"name":"Baye Amath THIAM","@id":"https:\/\/www.public.sn\/#\/schema\/person\/f77cd9ce05d8fb925eb038378ee6899d"},"headline":"Le pr\u00e9sident Bassirou Diomaye Faye se rend \u00e0 Paris avec sa deuxi\u00e8me dame (Photos)","datePublished":"2024-07-24T13:10:41+00:00","mainEntityOfPage":{"@id":"https:\/\/www.public.sn\/index.php\/2024\/07\/24\/le-president-bassirou-diomaye-faye-se-rend-a-paris-avec-sa-deuxieme-dame-photos\/"},"wordCount":71,"commentCount":0,"publisher":{"@id":"https:\/\/www.public.sn\/#organization"},"image":{"@id":"https:\/\/www.public.sn\/index.php\/2024\/07\/24\/le-president-bassirou-diomaye-faye-se-rend-a-paris-avec-sa-deuxieme-dame-photos\/#primaryimage"},"thumbnailUrl":"https:\/\/www.public.sn\/wp-content\/uploads\/2024\/07\/fotojet-1-18-696x319-1.jpeg","keywords":["bassirou diomaye faye","Comit\u00e9 International Olympique","deuxi\u00e8me dame","Emmanuel Macron"],"articleSection":["S\u00c9N\u00c9GAL"],"inLanguage":"fr-FR","potentialAction":[{"@type":"CommentAction","name":"Comment","target":["https:\/\/www.public.sn\/index.php\/2024\/07\/24\/le-president-bassirou-diomaye-faye-se-rend-a-paris-avec-sa-deuxieme-dame-photos\/#respond"]}]},{"@type":"WebPage","@id":"https:\/\/www.public.sn\/index.php\/2024\/07\/24\/le-president-bassirou-diomaye-faye-se-rend-a-paris-avec-sa-deuxieme-dame-photos\/","url":"https:\/\/www.public.sn\/index.php\/2024\/07\/24\/le-president-bassirou-diomaye-faye-se-rend-a-paris-avec-sa-deuxieme-dame-photos\/","name":"Le pr\u00e9sident Bassirou Diomaye Faye se rend \u00e0 Paris avec sa deuxi\u00e8me dame (Photos) - LE PUBLIC","isPartOf":{"@id":"https:\/\/www.public.sn\/#website"},"primaryImageOfPage":{"@id":"https:\/\/www.public.sn\/index.php\/2024\/07\/24\/le-president-bassirou-diomaye-faye-se-rend-a-paris-avec-sa-deuxieme-dame-photos\/#primaryimage"},"image":{"@id":"https:\/\/www.public.sn\/index.php\/2024\/07\/24\/le-president-bassirou-diomaye-faye-se-rend-a-paris-avec-sa-deuxieme-dame-photos\/#primaryimage"},"thumbnailUrl":"https:\/\/www.public.sn\/wp-content\/uploads\/2024\/07\/fotojet-1-18-696x319-1.jpeg","datePublished":"2024-07-24T13:10:41+00:00","breadcrumb":{"@id":"https:\/\/www.public.sn\/index.php\/2024\/07\/24\/le-president-bassirou-diomaye-faye-se-rend-a-paris-avec-sa-deuxieme-dame-photos\/#breadcrumb"},"inLanguage":"fr-FR","potentialAction":[{"@type":"ReadAction","target":["https:\/\/www.public.sn\/index.php\/2024\/07\/24\/le-president-bassirou-diomaye-faye-se-rend-a-paris-avec-sa-deuxieme-dame-photos\/"]}]},{"@type":"ImageObject","inLanguage":"fr-FR","@id":"https:\/\/www.public.sn\/index.php\/2024\/07\/24\/le-president-bassirou-diomaye-faye-se-rend-a-paris-avec-sa-deuxieme-dame-photos\/#primaryimage","url":"https:\/\/www.public.sn\/wp-content\/uploads\/2024\/07\/fotojet-1-18-696x319-1.jpeg","contentUrl":"https:\/\/www.public.sn\/wp-content\/uploads\/2024\/07\/fotojet-1-18-696x319-1.jpeg","width":696,"height":319},{"@type":"BreadcrumbList","@id":"https:\/\/www.public.sn\/index.php\/2024\/07\/24\/le-president-bassirou-diomaye-faye-se-rend-a-paris-avec-sa-deuxieme-dame-photos\/#breadcrumb","itemListElement":[{"@type":"ListItem","position":1,"name":"Accueil","item":"https:\/\/www.public.sn\/"},{"@type":"ListItem","position":2,"name":"Le pr\u00e9sident Bassirou Diomaye Faye se rend \u00e0 Paris avec sa deuxi\u00e8me dame (Photos)"}]},{"@type":"WebSite","@id":"https:\/\/www.public.sn\/#website","url":"https:\/\/www.public.sn\/","name":"LE PUBLIC","description":"","publisher":{"@id":"https:\/\/www.public.sn\/#organization"},"potentialAction":[{"@type":"SearchAction","target":{"@type":"EntryPoint","urlTemplate":"https:\/\/www.public.sn\/?s={search_term_string}"},"query-input":{"@type":"PropertyValueSpecification","valueRequired":true,"valueName":"search_term_string"}}],"inLanguage":"fr-FR"},{"@type":"Organization","@id":"https:\/\/www.public.sn\/#organization","name":"LE PUBLIC","url":"https:\/\/www.public.sn\/","logo":{"@type":"ImageObject","inLanguage":"fr-FR","@id":"https:\/\/www.public.sn\/#\/schema\/logo\/image\/","url":"https:\/\/www.public.sn\/wp-content\/uploads\/2024\/05\/cropped-LOGO-PUBLIC.SN_.png","contentUrl":"https:\/\/www.public.sn\/wp-content\/uploads\/2024\/05\/cropped-LOGO-PUBLIC.SN_.png","width":682,"height":192,"caption":"LE PUBLIC"},"image":{"@id":"https:\/\/www.public.sn\/#\/schema\/logo\/image\/"}},{"@type":"Person","@id":"https:\/\/www.public.sn\/#\/schema\/person\/f77cd9ce05d8fb925eb038378ee6899d","name":"Baye Amath THIAM","image":{"@type":"ImageObject","inLanguage":"fr-FR","@id":"https:\/\/www.public.sn\/#\/schema\/person\/image\/","url":"https:\/\/secure.gravatar.com\/avatar\/7eb863ef1336b6f8a2ad921469701e52f094a61c698fab02f5af742ed813612d?s=96&d=mm&r=g","contentUrl":"https:\/\/secure.gravatar.com\/avatar\/7eb863ef1336b6f8a2ad921469701e52f094a61c698fab02f5af742ed813612d?s=96&d=mm&r=g","caption":"Baye Amath THIAM"},"url":"https:\/\/www.public.sn\/index.php\/author\/thiamba24\/"}]}},"jetpack_featured_media_url":"https:\/\/www.public.sn\/wp-content\/uploads\/2024\/07\/fotojet-1-18-696x319-1.jpeg","jetpack_sharing_enabled":true,"_links":{"self":[{"href":"https:\/\/www.public.sn\/index.php\/wp-json\/wp\/v2\/posts\/34666","targetHints":{"allow":["GET"]}}],"collection":[{"href":"https:\/\/www.public.sn\/index.php\/wp-json\/wp\/v2\/posts"}],"about":[{"href":"https:\/\/www.public.sn\/index.php\/wp-json\/wp\/v2\/types\/post"}],"author":[{"embeddable":true,"href":"https:\/\/www.public.sn\/index.php\/wp-json\/wp\/v2\/users\/15"}],"replies":[{"embeddable":true,"href":"https:\/\/www.public.sn\/index.php\/wp-json\/wp\/v2\/comments?post=34666"}],"version-history":[{"count":1,"href":"https:\/\/www.public.sn\/index.php\/wp-json\/wp\/v2\/posts\/34666\/revisions"}],"predecessor-version":[{"id":34672,"href":"https:\/\/www.public.sn\/index.php\/wp-json\/wp\/v2\/posts\/34666\/revisions\/34672"}],"wp:featuredmedia":[{"embeddable":true,"href":"https:\/\/www.public.sn\/index.php\/wp-json\/wp\/v2\/media\/34671"}],"wp:attachment":[{"href":"https:\/\/www.public.sn\/index.php\/wp-json\/wp\/v2\/media?parent=34666"}],"wp:term":[{"taxonomy":"category","embeddable":true,"href":"https:\/\/www.public.sn\/index.php\/wp-json\/wp\/v2\/categories?post=34666"},{"taxonomy":"post_tag","embeddable":true,"href":"https:\/\/www.public.sn\/index.php\/wp-json\/wp\/v2\/tags?post=34666"}],"curies":[{"name":"wp","href":"https:\/\/api.w.org\/{rel}","templated":true}]}}