{"id":34677,"date":"2024-07-25T09:55:17","date_gmt":"2024-07-25T09:55:17","guid":{"rendered":"https:\/\/www.public.sn\/?p=34677"},"modified":"2024-07-25T09:55:17","modified_gmt":"2024-07-25T09:55:17","slug":"direct-propos-offensants-au-chef-de-letat-contre-diomaye-et-sonko-aminata-toure-a-la-barre","status":"publish","type":"post","link":"https:\/\/www.public.sn\/index.php\/2024\/07\/25\/direct-propos-offensants-au-chef-de-letat-contre-diomaye-et-sonko-aminata-toure-a-la-barre\/","title":{"rendered":"Direct- Propos Offensants Au Chef de l&rsquo;Etat-Contre Diomaye Et Sonko &#8211; Aminata Tour\u00e9 \u00e1 la barre&#8230;"},"content":{"rendered":"<p>Suivez en direct votre \u00e9mission matinale \u00ab\u00a0Public Matin\u00a0\u00bb:<\/p><div class=\"publi-paragraphe1\" style=\"margin-top: 10px;margin-bottom: 10px;margin-left: auto;margin-right: auto;text-align: center;\" id=\"publi-996667773\"><div class=\"publi-adlabel\">Publicit\u00e9<\/div><script async src=\"\/\/pagead2.googlesyndication.com\/pagead\/js\/adsbygoogle.js?client=ca-pub-4089586018074219\" crossorigin=\"anonymous\"><\/script><ins class=\"adsbygoogle\" style=\"display:block;\" data-ad-client=\"ca-pub-4089586018074219\" \ndata-ad-slot=\"2087940154\" \ndata-ad-format=\"auto\"><\/ins>\n<script> \n(adsbygoogle = window.adsbygoogle || []).push({}); \n<\/script>\n<\/div>\n<p class=\"responsive-video-wrap clr\"><iframe title=\"Direct- Propos Offensants Au Chef de l&#039;Etat-Contre Diomaye Et Sonko - Aminata Tour\u00e9 \u00e1 la barre...\" width=\"1200\" height=\"675\" src=\"https:\/\/www.youtube.com\/embed\/6kC04jZaIMk?feature=oembed\" frameborder=\"0\" allow=\"accelerometer; autoplay; clipboard-write; encrypted-media; gyroscope; picture-in-picture; web-share\" referrerpolicy=\"strict-origin-when-cross-origin\" allowfullscreen><\/iframe><\/p>\n<div class=\"publi-apres-le-contenu\" style=\"margin-top: 10px;margin-bottom: 10px;margin-left: auto;margin-right: auto;text-align: center;\" id=\"publi-3578131225\"><div class=\"publi-adlabel\">Publicit\u00e9<\/div><script async src=\"\/\/pagead2.googlesyndication.com\/pagead\/js\/adsbygoogle.js?client=ca-pub-4089586018074219\" crossorigin=\"anonymous\"><\/script><ins class=\"adsbygoogle\" style=\"display:block;\" data-ad-client=\"ca-pub-4089586018074219\" \ndata-ad-slot=\"2087940154\" \ndata-ad-format=\"auto\"><\/ins>\n<script> \n(adsbygoogle = window.adsbygoogle || []).push({}); \n<\/script>\n<\/div>","protected":false},"excerpt":{"rendered":"<p>Suivez en direct votre \u00e9mission matinale \u00ab\u00a0Public Matin\u00a0\u00bb:<\/p>\n","protected":false},"author":15,"featured_media":34678,"comment_status":"open","ping_status":"open","sticky":false,"template":"","format":"standard","meta":{"_jetpack_memberships_contains_paid_content":false,"footnotes":""},"categories":[375,550,1575,549,854,373,4222,3724,961,872,3,8,376,1,4,372],"tags":[480,5430,7105,4312,306],"class_list":["post-34677","post","type-post","status-publish","format-standard","has-post-thumbnail","hentry","category-actualites","category-afrique-monde","category-contributions","category-economie","category-education","category-environnement","category-infrastructures","category-justice","category-medias","category-photos","category-politique","category-public-tv","category-securite-justice","category-non-classe","category-societe","category-vedette","tag-aminata-toure","tag-diomaye","tag-propos-offensants-au-chef-de-letat","tag-public-matin","tag-sonko","entry","has-media","owp-thumbs-layout-horizontal","owp-btn-normal","owp-tabs-layout-horizontal","has-no-thumbnails","has-product-nav"],"yoast_head":"<!-- This site is optimized with the Yoast SEO plugin v25.5 - https:\/\/yoast.com\/wordpress\/plugins\/seo\/ -->\n<title>Direct- Propos Offensants Au Chef de l&#039;Etat-Contre Diomaye Et Sonko - Aminata Tour\u00e9 \u00e1 la barre... - LE PUBLIC<\/title>\n<meta name=\"robots\" content=\"index, follow, max-snippet:-1, max-image-preview:large, max-video-preview:-1\" \/>\n<link rel=\"canonical\" href=\"https:\/\/www.public.sn\/index.php\/2024\/07\/25\/direct-propos-offensants-au-chef-de-letat-contre-diomaye-et-sonko-aminata-toure-a-la-barre\/\" \/>\n<meta property=\"og:locale\" content=\"fr_FR\" \/>\n<meta property=\"og:type\" content=\"article\" \/>\n<meta property=\"og:title\" content=\"Direct- Propos Offensants Au Chef de l&#039;Etat-Contre Diomaye Et Sonko - Aminata Tour\u00e9 \u00e1 la barre... - LE PUBLIC\" \/>\n<meta property=\"og:description\" content=\"Suivez en direct votre \u00e9mission matinale \u00ab\u00a0Public Matin\u00a0\u00bb:\" \/>\n<meta property=\"og:url\" content=\"https:\/\/www.public.sn\/index.php\/2024\/07\/25\/direct-propos-offensants-au-chef-de-letat-contre-diomaye-et-sonko-aminata-toure-a-la-barre\/\" \/>\n<meta property=\"og:site_name\" content=\"LE PUBLIC\" \/>\n<meta property=\"article:published_time\" content=\"2024-07-25T09:55:17+00:00\" \/>\n<meta property=\"og:image\" content=\"https:\/\/www.public.sn\/wp-content\/uploads\/2024\/07\/61a99a86-5a04-4270-9391-156470738936.jpeg\" \/>\n\t<meta property=\"og:image:width\" content=\"1600\" \/>\n\t<meta property=\"og:image:height\" content=\"900\" \/>\n\t<meta property=\"og:image:type\" content=\"image\/jpeg\" \/>\n<meta name=\"author\" content=\"Baye Amath THIAM\" \/>\n<meta name=\"twitter:card\" content=\"summary_large_image\" \/>\n<meta name=\"twitter:label1\" content=\"\u00c9crit par\" \/>\n\t<meta name=\"twitter:data1\" content=\"Baye Amath THIAM\" \/>\n\t<meta name=\"twitter:label2\" content=\"Dur\u00e9e de lecture estim\u00e9e\" \/>\n\t<meta name=\"twitter:data2\" content=\"1 minute\" \/>\n<script type=\"application\/ld+json\" class=\"yoast-schema-graph\">{\"@context\":\"https:\/\/schema.org\",\"@graph\":[{\"@type\":\"Article\",\"@id\":\"https:\/\/www.public.sn\/index.php\/2024\/07\/25\/direct-propos-offensants-au-chef-de-letat-contre-diomaye-et-sonko-aminata-toure-a-la-barre\/#article\",\"isPartOf\":{\"@id\":\"https:\/\/www.public.sn\/index.php\/2024\/07\/25\/direct-propos-offensants-au-chef-de-letat-contre-diomaye-et-sonko-aminata-toure-a-la-barre\/\"},\"author\":{\"name\":\"Baye Amath THIAM\",\"@id\":\"https:\/\/www.public.sn\/#\/schema\/person\/f77cd9ce05d8fb925eb038378ee6899d\"},\"headline\":\"Direct- Propos Offensants Au Chef de l&rsquo;Etat-Contre Diomaye Et Sonko &#8211; Aminata Tour\u00e9 \u00e1 la barre&#8230;\",\"datePublished\":\"2024-07-25T09:55:17+00:00\",\"mainEntityOfPage\":{\"@id\":\"https:\/\/www.public.sn\/index.php\/2024\/07\/25\/direct-propos-offensants-au-chef-de-letat-contre-diomaye-et-sonko-aminata-toure-a-la-barre\/\"},\"wordCount\":34,\"commentCount\":0,\"publisher\":{\"@id\":\"https:\/\/www.public.sn\/#organization\"},\"image\":{\"@id\":\"https:\/\/www.public.sn\/index.php\/2024\/07\/25\/direct-propos-offensants-au-chef-de-letat-contre-diomaye-et-sonko-aminata-toure-a-la-barre\/#primaryimage\"},\"thumbnailUrl\":\"https:\/\/www.public.sn\/wp-content\/uploads\/2024\/07\/61a99a86-5a04-4270-9391-156470738936.jpeg\",\"keywords\":[\"Aminata Tour\u00e9\",\"Diomaye\",\"Propos Offensants Au Chef de l'Etat\",\"Public Matin\",\"sonko\"],\"articleSection\":[\"ACTUALIT\u00c9S\",\"AFRIQUE &amp; MONDE\",\"CONTRIBUTIONS\",\"\u00c9CONOMIE\",\"\u00c9DUCATION\",\"ENVIRONNEMENT\",\"INFRASTRUCTURES\",\"justice\",\"M\u00c9DIAS\",\"PHOTOS\",\"POLITIQUE\",\"PUBLIC TV\",\"S\u00c9CURIT\u00c9 &amp; JUSTICE\",\"S\u00c9N\u00c9GAL\",\"SOCIETE\",\"VEDETTE\"],\"inLanguage\":\"fr-FR\",\"potentialAction\":[{\"@type\":\"CommentAction\",\"name\":\"Comment\",\"target\":[\"https:\/\/www.public.sn\/index.php\/2024\/07\/25\/direct-propos-offensants-au-chef-de-letat-contre-diomaye-et-sonko-aminata-toure-a-la-barre\/#respond\"]}]},{\"@type\":\"WebPage\",\"@id\":\"https:\/\/www.public.sn\/index.php\/2024\/07\/25\/direct-propos-offensants-au-chef-de-letat-contre-diomaye-et-sonko-aminata-toure-a-la-barre\/\",\"url\":\"https:\/\/www.public.sn\/index.php\/2024\/07\/25\/direct-propos-offensants-au-chef-de-letat-contre-diomaye-et-sonko-aminata-toure-a-la-barre\/\",\"name\":\"Direct- Propos Offensants Au Chef de l'Etat-Contre Diomaye Et Sonko - Aminata Tour\u00e9 \u00e1 la barre... - LE PUBLIC\",\"isPartOf\":{\"@id\":\"https:\/\/www.public.sn\/#website\"},\"primaryImageOfPage\":{\"@id\":\"https:\/\/www.public.sn\/index.php\/2024\/07\/25\/direct-propos-offensants-au-chef-de-letat-contre-diomaye-et-sonko-aminata-toure-a-la-barre\/#primaryimage\"},\"image\":{\"@id\":\"https:\/\/www.public.sn\/index.php\/2024\/07\/25\/direct-propos-offensants-au-chef-de-letat-contre-diomaye-et-sonko-aminata-toure-a-la-barre\/#primaryimage\"},\"thumbnailUrl\":\"https:\/\/www.public.sn\/wp-content\/uploads\/2024\/07\/61a99a86-5a04-4270-9391-156470738936.jpeg\",\"datePublished\":\"2024-07-25T09:55:17+00:00\",\"breadcrumb\":{\"@id\":\"https:\/\/www.public.sn\/index.php\/2024\/07\/25\/direct-propos-offensants-au-chef-de-letat-contre-diomaye-et-sonko-aminata-toure-a-la-barre\/#breadcrumb\"},\"inLanguage\":\"fr-FR\",\"potentialAction\":[{\"@type\":\"ReadAction\",\"target\":[\"https:\/\/www.public.sn\/index.php\/2024\/07\/25\/direct-propos-offensants-au-chef-de-letat-contre-diomaye-et-sonko-aminata-toure-a-la-barre\/\"]}]},{\"@type\":\"ImageObject\",\"inLanguage\":\"fr-FR\",\"@id\":\"https:\/\/www.public.sn\/index.php\/2024\/07\/25\/direct-propos-offensants-au-chef-de-letat-contre-diomaye-et-sonko-aminata-toure-a-la-barre\/#primaryimage\",\"url\":\"https:\/\/www.public.sn\/wp-content\/uploads\/2024\/07\/61a99a86-5a04-4270-9391-156470738936.jpeg\",\"contentUrl\":\"https:\/\/www.public.sn\/wp-content\/uploads\/2024\/07\/61a99a86-5a04-4270-9391-156470738936.jpeg\",\"width\":1600,\"height\":900},{\"@type\":\"BreadcrumbList\",\"@id\":\"https:\/\/www.public.sn\/index.php\/2024\/07\/25\/direct-propos-offensants-au-chef-de-letat-contre-diomaye-et-sonko-aminata-toure-a-la-barre\/#breadcrumb\",\"itemListElement\":[{\"@type\":\"ListItem\",\"position\":1,\"name\":\"Accueil\",\"item\":\"https:\/\/www.public.sn\/\"},{\"@type\":\"ListItem\",\"position\":2,\"name\":\"Direct- Propos Offensants Au Chef de l&rsquo;Etat-Contre Diomaye Et Sonko &#8211; Aminata Tour\u00e9 \u00e1 la barre&#8230;\"}]},{\"@type\":\"WebSite\",\"@id\":\"https:\/\/www.public.sn\/#website\",\"url\":\"https:\/\/www.public.sn\/\",\"name\":\"LE PUBLIC\",\"description\":\"\",\"publisher\":{\"@id\":\"https:\/\/www.public.sn\/#organization\"},\"potentialAction\":[{\"@type\":\"SearchAction\",\"target\":{\"@type\":\"EntryPoint\",\"urlTemplate\":\"https:\/\/www.public.sn\/?s={search_term_string}\"},\"query-input\":{\"@type\":\"PropertyValueSpecification\",\"valueRequired\":true,\"valueName\":\"search_term_string\"}}],\"inLanguage\":\"fr-FR\"},{\"@type\":\"Organization\",\"@id\":\"https:\/\/www.public.sn\/#organization\",\"name\":\"LE PUBLIC\",\"url\":\"https:\/\/www.public.sn\/\",\"logo\":{\"@type\":\"ImageObject\",\"inLanguage\":\"fr-FR\",\"@id\":\"https:\/\/www.public.sn\/#\/schema\/logo\/image\/\",\"url\":\"https:\/\/www.public.sn\/wp-content\/uploads\/2024\/05\/cropped-LOGO-PUBLIC.SN_.png\",\"contentUrl\":\"https:\/\/www.public.sn\/wp-content\/uploads\/2024\/05\/cropped-LOGO-PUBLIC.SN_.png\",\"width\":682,\"height\":192,\"caption\":\"LE PUBLIC\"},\"image\":{\"@id\":\"https:\/\/www.public.sn\/#\/schema\/logo\/image\/\"}},{\"@type\":\"Person\",\"@id\":\"https:\/\/www.public.sn\/#\/schema\/person\/f77cd9ce05d8fb925eb038378ee6899d\",\"name\":\"Baye Amath THIAM\",\"image\":{\"@type\":\"ImageObject\",\"inLanguage\":\"fr-FR\",\"@id\":\"https:\/\/www.public.sn\/#\/schema\/person\/image\/\",\"url\":\"https:\/\/secure.gravatar.com\/avatar\/7eb863ef1336b6f8a2ad921469701e52f094a61c698fab02f5af742ed813612d?s=96&d=mm&r=g\",\"contentUrl\":\"https:\/\/secure.gravatar.com\/avatar\/7eb863ef1336b6f8a2ad921469701e52f094a61c698fab02f5af742ed813612d?s=96&d=mm&r=g\",\"caption\":\"Baye Amath THIAM\"},\"url\":\"https:\/\/www.public.sn\/index.php\/author\/thiamba24\/\"}]}<\/script>\n<!-- \/ Yoast SEO plugin. -->","yoast_head_json":{"title":"Direct- Propos Offensants Au Chef de l'Etat-Contre Diomaye Et Sonko - Aminata Tour\u00e9 \u00e1 la barre... - LE PUBLIC","robots":{"index":"index","follow":"follow","max-snippet":"max-snippet:-1","max-image-preview":"max-image-preview:large","max-video-preview":"max-video-preview:-1"},"canonical":"https:\/\/www.public.sn\/index.php\/2024\/07\/25\/direct-propos-offensants-au-chef-de-letat-contre-diomaye-et-sonko-aminata-toure-a-la-barre\/","og_locale":"fr_FR","og_type":"article","og_title":"Direct- Propos Offensants Au Chef de l'Etat-Contre Diomaye Et Sonko - Aminata Tour\u00e9 \u00e1 la barre... - LE PUBLIC","og_description":"Suivez en direct votre \u00e9mission matinale \u00ab\u00a0Public Matin\u00a0\u00bb:","og_url":"https:\/\/www.public.sn\/index.php\/2024\/07\/25\/direct-propos-offensants-au-chef-de-letat-contre-diomaye-et-sonko-aminata-toure-a-la-barre\/","og_site_name":"LE PUBLIC","article_published_time":"2024-07-25T09:55:17+00:00","og_image":[{"width":1600,"height":900,"url":"https:\/\/www.public.sn\/wp-content\/uploads\/2024\/07\/61a99a86-5a04-4270-9391-156470738936.jpeg","type":"image\/jpeg"}],"author":"Baye Amath THIAM","twitter_card":"summary_large_image","twitter_misc":{"\u00c9crit par":"Baye Amath THIAM","Dur\u00e9e de lecture estim\u00e9e":"1 minute"},"schema":{"@context":"https:\/\/schema.org","@graph":[{"@type":"Article","@id":"https:\/\/www.public.sn\/index.php\/2024\/07\/25\/direct-propos-offensants-au-chef-de-letat-contre-diomaye-et-sonko-aminata-toure-a-la-barre\/#article","isPartOf":{"@id":"https:\/\/www.public.sn\/index.php\/2024\/07\/25\/direct-propos-offensants-au-chef-de-letat-contre-diomaye-et-sonko-aminata-toure-a-la-barre\/"},"author":{"name":"Baye Amath THIAM","@id":"https:\/\/www.public.sn\/#\/schema\/person\/f77cd9ce05d8fb925eb038378ee6899d"},"headline":"Direct- Propos Offensants Au Chef de l&rsquo;Etat-Contre Diomaye Et Sonko &#8211; Aminata Tour\u00e9 \u00e1 la barre&#8230;","datePublished":"2024-07-25T09:55:17+00:00","mainEntityOfPage":{"@id":"https:\/\/www.public.sn\/index.php\/2024\/07\/25\/direct-propos-offensants-au-chef-de-letat-contre-diomaye-et-sonko-aminata-toure-a-la-barre\/"},"wordCount":34,"commentCount":0,"publisher":{"@id":"https:\/\/www.public.sn\/#organization"},"image":{"@id":"https:\/\/www.public.sn\/index.php\/2024\/07\/25\/direct-propos-offensants-au-chef-de-letat-contre-diomaye-et-sonko-aminata-toure-a-la-barre\/#primaryimage"},"thumbnailUrl":"https:\/\/www.public.sn\/wp-content\/uploads\/2024\/07\/61a99a86-5a04-4270-9391-156470738936.jpeg","keywords":["Aminata Tour\u00e9","Diomaye","Propos Offensants Au Chef de l'Etat","Public Matin","sonko"],"articleSection":["ACTUALIT\u00c9S","AFRIQUE &amp; MONDE","CONTRIBUTIONS","\u00c9CONOMIE","\u00c9DUCATION","ENVIRONNEMENT","INFRASTRUCTURES","justice","M\u00c9DIAS","PHOTOS","POLITIQUE","PUBLIC TV","S\u00c9CURIT\u00c9 &amp; JUSTICE","S\u00c9N\u00c9GAL","SOCIETE","VEDETTE"],"inLanguage":"fr-FR","potentialAction":[{"@type":"CommentAction","name":"Comment","target":["https:\/\/www.public.sn\/index.php\/2024\/07\/25\/direct-propos-offensants-au-chef-de-letat-contre-diomaye-et-sonko-aminata-toure-a-la-barre\/#respond"]}]},{"@type":"WebPage","@id":"https:\/\/www.public.sn\/index.php\/2024\/07\/25\/direct-propos-offensants-au-chef-de-letat-contre-diomaye-et-sonko-aminata-toure-a-la-barre\/","url":"https:\/\/www.public.sn\/index.php\/2024\/07\/25\/direct-propos-offensants-au-chef-de-letat-contre-diomaye-et-sonko-aminata-toure-a-la-barre\/","name":"Direct- Propos Offensants Au Chef de l'Etat-Contre Diomaye Et Sonko - Aminata Tour\u00e9 \u00e1 la barre... - LE PUBLIC","isPartOf":{"@id":"https:\/\/www.public.sn\/#website"},"primaryImageOfPage":{"@id":"https:\/\/www.public.sn\/index.php\/2024\/07\/25\/direct-propos-offensants-au-chef-de-letat-contre-diomaye-et-sonko-aminata-toure-a-la-barre\/#primaryimage"},"image":{"@id":"https:\/\/www.public.sn\/index.php\/2024\/07\/25\/direct-propos-offensants-au-chef-de-letat-contre-diomaye-et-sonko-aminata-toure-a-la-barre\/#primaryimage"},"thumbnailUrl":"https:\/\/www.public.sn\/wp-content\/uploads\/2024\/07\/61a99a86-5a04-4270-9391-156470738936.jpeg","datePublished":"2024-07-25T09:55:17+00:00","breadcrumb":{"@id":"https:\/\/www.public.sn\/index.php\/2024\/07\/25\/direct-propos-offensants-au-chef-de-letat-contre-diomaye-et-sonko-aminata-toure-a-la-barre\/#breadcrumb"},"inLanguage":"fr-FR","potentialAction":[{"@type":"ReadAction","target":["https:\/\/www.public.sn\/index.php\/2024\/07\/25\/direct-propos-offensants-au-chef-de-letat-contre-diomaye-et-sonko-aminata-toure-a-la-barre\/"]}]},{"@type":"ImageObject","inLanguage":"fr-FR","@id":"https:\/\/www.public.sn\/index.php\/2024\/07\/25\/direct-propos-offensants-au-chef-de-letat-contre-diomaye-et-sonko-aminata-toure-a-la-barre\/#primaryimage","url":"https:\/\/www.public.sn\/wp-content\/uploads\/2024\/07\/61a99a86-5a04-4270-9391-156470738936.jpeg","contentUrl":"https:\/\/www.public.sn\/wp-content\/uploads\/2024\/07\/61a99a86-5a04-4270-9391-156470738936.jpeg","width":1600,"height":900},{"@type":"BreadcrumbList","@id":"https:\/\/www.public.sn\/index.php\/2024\/07\/25\/direct-propos-offensants-au-chef-de-letat-contre-diomaye-et-sonko-aminata-toure-a-la-barre\/#breadcrumb","itemListElement":[{"@type":"ListItem","position":1,"name":"Accueil","item":"https:\/\/www.public.sn\/"},{"@type":"ListItem","position":2,"name":"Direct- Propos Offensants Au Chef de l&rsquo;Etat-Contre Diomaye Et Sonko &#8211; Aminata Tour\u00e9 \u00e1 la barre&#8230;"}]},{"@type":"WebSite","@id":"https:\/\/www.public.sn\/#website","url":"https:\/\/www.public.sn\/","name":"LE PUBLIC","description":"","publisher":{"@id":"https:\/\/www.public.sn\/#organization"},"potentialAction":[{"@type":"SearchAction","target":{"@type":"EntryPoint","urlTemplate":"https:\/\/www.public.sn\/?s={search_term_string}"},"query-input":{"@type":"PropertyValueSpecification","valueRequired":true,"valueName":"search_term_string"}}],"inLanguage":"fr-FR"},{"@type":"Organization","@id":"https:\/\/www.public.sn\/#organization","name":"LE PUBLIC","url":"https:\/\/www.public.sn\/","logo":{"@type":"ImageObject","inLanguage":"fr-FR","@id":"https:\/\/www.public.sn\/#\/schema\/logo\/image\/","url":"https:\/\/www.public.sn\/wp-content\/uploads\/2024\/05\/cropped-LOGO-PUBLIC.SN_.png","contentUrl":"https:\/\/www.public.sn\/wp-content\/uploads\/2024\/05\/cropped-LOGO-PUBLIC.SN_.png","width":682,"height":192,"caption":"LE PUBLIC"},"image":{"@id":"https:\/\/www.public.sn\/#\/schema\/logo\/image\/"}},{"@type":"Person","@id":"https:\/\/www.public.sn\/#\/schema\/person\/f77cd9ce05d8fb925eb038378ee6899d","name":"Baye Amath THIAM","image":{"@type":"ImageObject","inLanguage":"fr-FR","@id":"https:\/\/www.public.sn\/#\/schema\/person\/image\/","url":"https:\/\/secure.gravatar.com\/avatar\/7eb863ef1336b6f8a2ad921469701e52f094a61c698fab02f5af742ed813612d?s=96&d=mm&r=g","contentUrl":"https:\/\/secure.gravatar.com\/avatar\/7eb863ef1336b6f8a2ad921469701e52f094a61c698fab02f5af742ed813612d?s=96&d=mm&r=g","caption":"Baye Amath THIAM"},"url":"https:\/\/www.public.sn\/index.php\/author\/thiamba24\/"}]}},"jetpack_featured_media_url":"https:\/\/www.public.sn\/wp-content\/uploads\/2024\/07\/61a99a86-5a04-4270-9391-156470738936.jpeg","jetpack_sharing_enabled":true,"_links":{"self":[{"href":"https:\/\/www.public.sn\/index.php\/wp-json\/wp\/v2\/posts\/34677","targetHints":{"allow":["GET"]}}],"collection":[{"href":"https:\/\/www.public.sn\/index.php\/wp-json\/wp\/v2\/posts"}],"about":[{"href":"https:\/\/www.public.sn\/index.php\/wp-json\/wp\/v2\/types\/post"}],"author":[{"embeddable":true,"href":"https:\/\/www.public.sn\/index.php\/wp-json\/wp\/v2\/users\/15"}],"replies":[{"embeddable":true,"href":"https:\/\/www.public.sn\/index.php\/wp-json\/wp\/v2\/comments?post=34677"}],"version-history":[{"count":1,"href":"https:\/\/www.public.sn\/index.php\/wp-json\/wp\/v2\/posts\/34677\/revisions"}],"predecessor-version":[{"id":34679,"href":"https:\/\/www.public.sn\/index.php\/wp-json\/wp\/v2\/posts\/34677\/revisions\/34679"}],"wp:featuredmedia":[{"embeddable":true,"href":"https:\/\/www.public.sn\/index.php\/wp-json\/wp\/v2\/media\/34678"}],"wp:attachment":[{"href":"https:\/\/www.public.sn\/index.php\/wp-json\/wp\/v2\/media?parent=34677"}],"wp:term":[{"taxonomy":"category","embeddable":true,"href":"https:\/\/www.public.sn\/index.php\/wp-json\/wp\/v2\/categories?post=34677"},{"taxonomy":"post_tag","embeddable":true,"href":"https:\/\/www.public.sn\/index.php\/wp-json\/wp\/v2\/tags?post=34677"}],"curies":[{"name":"wp","href":"https:\/\/api.w.org\/{rel}","templated":true}]}}