{"id":34693,"date":"2024-07-25T10:52:28","date_gmt":"2024-07-25T10:52:28","guid":{"rendered":"https:\/\/www.public.sn\/?p=34693"},"modified":"2024-07-25T10:52:28","modified_gmt":"2024-07-25T10:52:28","slug":"refection-building-administratif-bamba-ndiaye-convoque-a-la-section-de-recherches-suite-a-une-plainte-de-letat","status":"publish","type":"post","link":"https:\/\/www.public.sn\/index.php\/2024\/07\/25\/refection-building-administratif-bamba-ndiaye-convoque-a-la-section-de-recherches-suite-a-une-plainte-de-letat\/","title":{"rendered":"R\u00e9fection Building administratif : Bamba Ndiaye convoqu\u00e9 \u00e0 la Section de recherches suite \u00e0 une plainte de l&rsquo;\u00c9tat\u2026"},"content":{"rendered":"<p>L\u2019\u00c9tat souhaite \u00e9claircir la situation \u00e0 propos de la r\u00e9habilitation du Building administratif Mamadou Dia, un projet gagn\u00e9 par l\u2019entreprise Bamba Ndiaye SA, qui s\u2019est charg\u00e9e de la r\u00e9novation du b\u00e2timent.<br \/>\nD&rsquo;apr\u00e8s les informations du journal L\u2019Obs, ce jeudi, l\u2019homme d\u2019affaires a \u00e9t\u00e9 interrog\u00e9 par la Section de recherches de la gendarmerie de Colobane.<\/p><div class=\"publi-paragraphe1\" style=\"margin-top: 10px;margin-bottom: 10px;margin-left: auto;margin-right: auto;text-align: center;\" id=\"publi-3857113133\"><div class=\"publi-adlabel\">Publicit\u00e9<\/div><script async src=\"\/\/pagead2.googlesyndication.com\/pagead\/js\/adsbygoogle.js?client=ca-pub-4089586018074219\" crossorigin=\"anonymous\"><\/script><ins class=\"adsbygoogle\" style=\"display:block;\" data-ad-client=\"ca-pub-4089586018074219\" \ndata-ad-slot=\"2087940154\" \ndata-ad-format=\"auto\"><\/ins>\n<script> \n(adsbygoogle = window.adsbygoogle || []).push({}); \n<\/script>\n<\/div>\n<p>Le journal rapporte que cette enqu\u00eate fait suite \u00e0 une plainte d\u00e9pos\u00e9e par l\u2019\u00c9tat du S\u00e9n\u00e9gal aupr\u00e8s du procureur de la R\u00e9publique.<\/p>\n<p>Bamba Ndiaye SA est accus\u00e9e d\u2019avoir retenu la documentation technique du chantier apr\u00e8s que celui-ci a \u00e9t\u00e9 plac\u00e9 sous r\u00e9gie, en raison des retards accumul\u00e9s dans la livraison du b\u00e2timent.<\/p>\n<div class=\"publi-apres-le-contenu\" style=\"margin-top: 10px;margin-bottom: 10px;margin-left: auto;margin-right: auto;text-align: center;\" id=\"publi-1249848170\"><div class=\"publi-adlabel\">Publicit\u00e9<\/div><script async src=\"\/\/pagead2.googlesyndication.com\/pagead\/js\/adsbygoogle.js?client=ca-pub-4089586018074219\" crossorigin=\"anonymous\"><\/script><ins class=\"adsbygoogle\" style=\"display:block;\" data-ad-client=\"ca-pub-4089586018074219\" \ndata-ad-slot=\"2087940154\" \ndata-ad-format=\"auto\"><\/ins>\n<script> \n(adsbygoogle = window.adsbygoogle || []).push({}); \n<\/script>\n<\/div>","protected":false},"excerpt":{"rendered":"<p>L\u2019\u00c9tat souhaite \u00e9claircir la situation \u00e0 propos de la r\u00e9habilitation du Building administratif Mamadou Dia, un projet gagn\u00e9 par l\u2019entreprise Bamba Ndiaye SA, qui s\u2019est charg\u00e9e de la r\u00e9novation du b\u00e2timent. D&rsquo;apr\u00e8s les informations du journal L\u2019Obs, ce jeudi, l\u2019homme d\u2019affaires a \u00e9t\u00e9 interrog\u00e9 par la Section de recherches de la gendarmerie de Colobane. Le journal rapporte que cette enqu\u00eate fait suite \u00e0 une plainte d\u00e9pos\u00e9e par l\u2019\u00c9tat du S\u00e9n\u00e9gal aupr\u00e8s du procureur de la R\u00e9publique. Bamba Ndiaye SA est accus\u00e9e d\u2019avoir retenu la documentation technique du chantier apr\u00e8s que celui-ci a \u00e9t\u00e9 plac\u00e9 sous r\u00e9gie, en raison des retards accumul\u00e9s dans la livraison du b\u00e2timent.<\/p>\n","protected":false},"author":15,"featured_media":34694,"comment_status":"open","ping_status":"open","sticky":false,"template":"","format":"standard","meta":{"_jetpack_memberships_contains_paid_content":false,"footnotes":""},"categories":[375,373,4222,3724,961,8,376,1,4],"tags":[7114,7115,1672,201,7117,7116,7113,288],"class_list":["post-34693","post","type-post","status-publish","format-standard","has-post-thumbnail","hentry","category-actualites","category-environnement","category-infrastructures","category-justice","category-medias","category-public-tv","category-securite-justice","category-non-classe","category-societe","tag-bamba-ndiaye-sa","tag-building-administratif-mamadou-dia","tag-enquete","tag-etat-du-senegal","tag-gendarmerie-de-colobane","tag-lobs","tag-refection-building-administratif","tag-section-de-recherches","entry","has-media","owp-thumbs-layout-horizontal","owp-btn-normal","owp-tabs-layout-horizontal","has-no-thumbnails","has-product-nav"],"yoast_head":"<!-- This site is optimized with the Yoast SEO plugin v25.5 - https:\/\/yoast.com\/wordpress\/plugins\/seo\/ -->\n<title>R\u00e9fection Building administratif : Bamba Ndiaye convoqu\u00e9 \u00e0 la Section de recherches suite \u00e0 une plainte de l&#039;\u00c9tat\u2026 - LE PUBLIC<\/title>\n<meta name=\"robots\" content=\"index, follow, max-snippet:-1, max-image-preview:large, max-video-preview:-1\" \/>\n<link rel=\"canonical\" href=\"https:\/\/www.public.sn\/index.php\/2024\/07\/25\/refection-building-administratif-bamba-ndiaye-convoque-a-la-section-de-recherches-suite-a-une-plainte-de-letat\/\" \/>\n<meta property=\"og:locale\" content=\"fr_FR\" \/>\n<meta property=\"og:type\" content=\"article\" \/>\n<meta property=\"og:title\" content=\"R\u00e9fection Building administratif : Bamba Ndiaye convoqu\u00e9 \u00e0 la Section de recherches suite \u00e0 une plainte de l&#039;\u00c9tat\u2026 - LE PUBLIC\" \/>\n<meta property=\"og:description\" content=\"L\u2019\u00c9tat souhaite \u00e9claircir la situation \u00e0 propos de la r\u00e9habilitation du Building administratif Mamadou Dia, un projet gagn\u00e9 par l\u2019entreprise Bamba Ndiaye SA, qui s\u2019est charg\u00e9e de la r\u00e9novation du b\u00e2timent. D&rsquo;apr\u00e8s les informations du journal L\u2019Obs, ce jeudi, l\u2019homme d\u2019affaires a \u00e9t\u00e9 interrog\u00e9 par la Section de recherches de la gendarmerie de Colobane. Le journal rapporte que cette enqu\u00eate fait suite \u00e0 une plainte d\u00e9pos\u00e9e par l\u2019\u00c9tat du S\u00e9n\u00e9gal aupr\u00e8s du procureur de la R\u00e9publique. Bamba Ndiaye SA est accus\u00e9e d\u2019avoir retenu la documentation technique du chantier apr\u00e8s que celui-ci a \u00e9t\u00e9 plac\u00e9 sous r\u00e9gie, en raison des retards accumul\u00e9s dans la livraison du b\u00e2timent.\" \/>\n<meta property=\"og:url\" content=\"https:\/\/www.public.sn\/index.php\/2024\/07\/25\/refection-building-administratif-bamba-ndiaye-convoque-a-la-section-de-recherches-suite-a-une-plainte-de-letat\/\" \/>\n<meta property=\"og:site_name\" content=\"LE PUBLIC\" \/>\n<meta property=\"article:published_time\" content=\"2024-07-25T10:52:28+00:00\" \/>\n<meta property=\"og:image\" content=\"https:\/\/www.public.sn\/wp-content\/uploads\/2024\/07\/whatsapp_image_2019-01-30_at_15.54.11-2.jpeg\" \/>\n\t<meta property=\"og:image:width\" content=\"1080\" \/>\n\t<meta property=\"og:image:height\" content=\"809\" \/>\n\t<meta property=\"og:image:type\" content=\"image\/jpeg\" \/>\n<meta name=\"author\" content=\"Baye Amath THIAM\" \/>\n<meta name=\"twitter:card\" content=\"summary_large_image\" \/>\n<meta name=\"twitter:label1\" content=\"\u00c9crit par\" \/>\n\t<meta name=\"twitter:data1\" content=\"Baye Amath THIAM\" \/>\n\t<meta name=\"twitter:label2\" content=\"Dur\u00e9e de lecture estim\u00e9e\" \/>\n\t<meta name=\"twitter:data2\" content=\"1 minute\" \/>\n<script type=\"application\/ld+json\" class=\"yoast-schema-graph\">{\"@context\":\"https:\/\/schema.org\",\"@graph\":[{\"@type\":\"Article\",\"@id\":\"https:\/\/www.public.sn\/index.php\/2024\/07\/25\/refection-building-administratif-bamba-ndiaye-convoque-a-la-section-de-recherches-suite-a-une-plainte-de-letat\/#article\",\"isPartOf\":{\"@id\":\"https:\/\/www.public.sn\/index.php\/2024\/07\/25\/refection-building-administratif-bamba-ndiaye-convoque-a-la-section-de-recherches-suite-a-une-plainte-de-letat\/\"},\"author\":{\"name\":\"Baye Amath THIAM\",\"@id\":\"https:\/\/www.public.sn\/#\/schema\/person\/f77cd9ce05d8fb925eb038378ee6899d\"},\"headline\":\"R\u00e9fection Building administratif : Bamba Ndiaye convoqu\u00e9 \u00e0 la Section de recherches suite \u00e0 une plainte de l&rsquo;\u00c9tat\u2026\",\"datePublished\":\"2024-07-25T10:52:28+00:00\",\"mainEntityOfPage\":{\"@id\":\"https:\/\/www.public.sn\/index.php\/2024\/07\/25\/refection-building-administratif-bamba-ndiaye-convoque-a-la-section-de-recherches-suite-a-une-plainte-de-letat\/\"},\"wordCount\":146,\"commentCount\":0,\"publisher\":{\"@id\":\"https:\/\/www.public.sn\/#organization\"},\"image\":{\"@id\":\"https:\/\/www.public.sn\/index.php\/2024\/07\/25\/refection-building-administratif-bamba-ndiaye-convoque-a-la-section-de-recherches-suite-a-une-plainte-de-letat\/#primaryimage\"},\"thumbnailUrl\":\"https:\/\/www.public.sn\/wp-content\/uploads\/2024\/07\/whatsapp_image_2019-01-30_at_15.54.11-2.jpeg\",\"keywords\":[\"Bamba Ndiaye SA\",\"Building administratif Mamadou Dia\",\"enquete\",\"\u00c9tat du S\u00e9n\u00e9gal\",\"gendarmerie de Colobane\",\"L\u2019Obs\",\"R\u00e9fection Building administratif\",\"Section de Recherches\"],\"articleSection\":[\"ACTUALIT\u00c9S\",\"ENVIRONNEMENT\",\"INFRASTRUCTURES\",\"justice\",\"M\u00c9DIAS\",\"PUBLIC TV\",\"S\u00c9CURIT\u00c9 &amp; JUSTICE\",\"S\u00c9N\u00c9GAL\",\"SOCIETE\"],\"inLanguage\":\"fr-FR\",\"potentialAction\":[{\"@type\":\"CommentAction\",\"name\":\"Comment\",\"target\":[\"https:\/\/www.public.sn\/index.php\/2024\/07\/25\/refection-building-administratif-bamba-ndiaye-convoque-a-la-section-de-recherches-suite-a-une-plainte-de-letat\/#respond\"]}]},{\"@type\":\"WebPage\",\"@id\":\"https:\/\/www.public.sn\/index.php\/2024\/07\/25\/refection-building-administratif-bamba-ndiaye-convoque-a-la-section-de-recherches-suite-a-une-plainte-de-letat\/\",\"url\":\"https:\/\/www.public.sn\/index.php\/2024\/07\/25\/refection-building-administratif-bamba-ndiaye-convoque-a-la-section-de-recherches-suite-a-une-plainte-de-letat\/\",\"name\":\"R\u00e9fection Building administratif : Bamba Ndiaye convoqu\u00e9 \u00e0 la Section de recherches suite \u00e0 une plainte de l'\u00c9tat\u2026 - LE PUBLIC\",\"isPartOf\":{\"@id\":\"https:\/\/www.public.sn\/#website\"},\"primaryImageOfPage\":{\"@id\":\"https:\/\/www.public.sn\/index.php\/2024\/07\/25\/refection-building-administratif-bamba-ndiaye-convoque-a-la-section-de-recherches-suite-a-une-plainte-de-letat\/#primaryimage\"},\"image\":{\"@id\":\"https:\/\/www.public.sn\/index.php\/2024\/07\/25\/refection-building-administratif-bamba-ndiaye-convoque-a-la-section-de-recherches-suite-a-une-plainte-de-letat\/#primaryimage\"},\"thumbnailUrl\":\"https:\/\/www.public.sn\/wp-content\/uploads\/2024\/07\/whatsapp_image_2019-01-30_at_15.54.11-2.jpeg\",\"datePublished\":\"2024-07-25T10:52:28+00:00\",\"breadcrumb\":{\"@id\":\"https:\/\/www.public.sn\/index.php\/2024\/07\/25\/refection-building-administratif-bamba-ndiaye-convoque-a-la-section-de-recherches-suite-a-une-plainte-de-letat\/#breadcrumb\"},\"inLanguage\":\"fr-FR\",\"potentialAction\":[{\"@type\":\"ReadAction\",\"target\":[\"https:\/\/www.public.sn\/index.php\/2024\/07\/25\/refection-building-administratif-bamba-ndiaye-convoque-a-la-section-de-recherches-suite-a-une-plainte-de-letat\/\"]}]},{\"@type\":\"ImageObject\",\"inLanguage\":\"fr-FR\",\"@id\":\"https:\/\/www.public.sn\/index.php\/2024\/07\/25\/refection-building-administratif-bamba-ndiaye-convoque-a-la-section-de-recherches-suite-a-une-plainte-de-letat\/#primaryimage\",\"url\":\"https:\/\/www.public.sn\/wp-content\/uploads\/2024\/07\/whatsapp_image_2019-01-30_at_15.54.11-2.jpeg\",\"contentUrl\":\"https:\/\/www.public.sn\/wp-content\/uploads\/2024\/07\/whatsapp_image_2019-01-30_at_15.54.11-2.jpeg\",\"width\":1080,\"height\":809},{\"@type\":\"BreadcrumbList\",\"@id\":\"https:\/\/www.public.sn\/index.php\/2024\/07\/25\/refection-building-administratif-bamba-ndiaye-convoque-a-la-section-de-recherches-suite-a-une-plainte-de-letat\/#breadcrumb\",\"itemListElement\":[{\"@type\":\"ListItem\",\"position\":1,\"name\":\"Accueil\",\"item\":\"https:\/\/www.public.sn\/\"},{\"@type\":\"ListItem\",\"position\":2,\"name\":\"R\u00e9fection Building administratif : Bamba Ndiaye convoqu\u00e9 \u00e0 la Section de recherches suite \u00e0 une plainte de l&rsquo;\u00c9tat\u2026\"}]},{\"@type\":\"WebSite\",\"@id\":\"https:\/\/www.public.sn\/#website\",\"url\":\"https:\/\/www.public.sn\/\",\"name\":\"LE PUBLIC\",\"description\":\"\",\"publisher\":{\"@id\":\"https:\/\/www.public.sn\/#organization\"},\"potentialAction\":[{\"@type\":\"SearchAction\",\"target\":{\"@type\":\"EntryPoint\",\"urlTemplate\":\"https:\/\/www.public.sn\/?s={search_term_string}\"},\"query-input\":{\"@type\":\"PropertyValueSpecification\",\"valueRequired\":true,\"valueName\":\"search_term_string\"}}],\"inLanguage\":\"fr-FR\"},{\"@type\":\"Organization\",\"@id\":\"https:\/\/www.public.sn\/#organization\",\"name\":\"LE PUBLIC\",\"url\":\"https:\/\/www.public.sn\/\",\"logo\":{\"@type\":\"ImageObject\",\"inLanguage\":\"fr-FR\",\"@id\":\"https:\/\/www.public.sn\/#\/schema\/logo\/image\/\",\"url\":\"https:\/\/www.public.sn\/wp-content\/uploads\/2024\/05\/cropped-LOGO-PUBLIC.SN_.png\",\"contentUrl\":\"https:\/\/www.public.sn\/wp-content\/uploads\/2024\/05\/cropped-LOGO-PUBLIC.SN_.png\",\"width\":682,\"height\":192,\"caption\":\"LE PUBLIC\"},\"image\":{\"@id\":\"https:\/\/www.public.sn\/#\/schema\/logo\/image\/\"}},{\"@type\":\"Person\",\"@id\":\"https:\/\/www.public.sn\/#\/schema\/person\/f77cd9ce05d8fb925eb038378ee6899d\",\"name\":\"Baye Amath THIAM\",\"image\":{\"@type\":\"ImageObject\",\"inLanguage\":\"fr-FR\",\"@id\":\"https:\/\/www.public.sn\/#\/schema\/person\/image\/\",\"url\":\"https:\/\/secure.gravatar.com\/avatar\/7eb863ef1336b6f8a2ad921469701e52f094a61c698fab02f5af742ed813612d?s=96&d=mm&r=g\",\"contentUrl\":\"https:\/\/secure.gravatar.com\/avatar\/7eb863ef1336b6f8a2ad921469701e52f094a61c698fab02f5af742ed813612d?s=96&d=mm&r=g\",\"caption\":\"Baye Amath THIAM\"},\"url\":\"https:\/\/www.public.sn\/index.php\/author\/thiamba24\/\"}]}<\/script>\n<!-- \/ Yoast SEO plugin. -->","yoast_head_json":{"title":"R\u00e9fection Building administratif : Bamba Ndiaye convoqu\u00e9 \u00e0 la Section de recherches suite \u00e0 une plainte de l'\u00c9tat\u2026 - LE PUBLIC","robots":{"index":"index","follow":"follow","max-snippet":"max-snippet:-1","max-image-preview":"max-image-preview:large","max-video-preview":"max-video-preview:-1"},"canonical":"https:\/\/www.public.sn\/index.php\/2024\/07\/25\/refection-building-administratif-bamba-ndiaye-convoque-a-la-section-de-recherches-suite-a-une-plainte-de-letat\/","og_locale":"fr_FR","og_type":"article","og_title":"R\u00e9fection Building administratif : Bamba Ndiaye convoqu\u00e9 \u00e0 la Section de recherches suite \u00e0 une plainte de l'\u00c9tat\u2026 - LE PUBLIC","og_description":"L\u2019\u00c9tat souhaite \u00e9claircir la situation \u00e0 propos de la r\u00e9habilitation du Building administratif Mamadou Dia, un projet gagn\u00e9 par l\u2019entreprise Bamba Ndiaye SA, qui s\u2019est charg\u00e9e de la r\u00e9novation du b\u00e2timent. D&rsquo;apr\u00e8s les informations du journal L\u2019Obs, ce jeudi, l\u2019homme d\u2019affaires a \u00e9t\u00e9 interrog\u00e9 par la Section de recherches de la gendarmerie de Colobane. Le journal rapporte que cette enqu\u00eate fait suite \u00e0 une plainte d\u00e9pos\u00e9e par l\u2019\u00c9tat du S\u00e9n\u00e9gal aupr\u00e8s du procureur de la R\u00e9publique. Bamba Ndiaye SA est accus\u00e9e d\u2019avoir retenu la documentation technique du chantier apr\u00e8s que celui-ci a \u00e9t\u00e9 plac\u00e9 sous r\u00e9gie, en raison des retards accumul\u00e9s dans la livraison du b\u00e2timent.","og_url":"https:\/\/www.public.sn\/index.php\/2024\/07\/25\/refection-building-administratif-bamba-ndiaye-convoque-a-la-section-de-recherches-suite-a-une-plainte-de-letat\/","og_site_name":"LE PUBLIC","article_published_time":"2024-07-25T10:52:28+00:00","og_image":[{"width":1080,"height":809,"url":"https:\/\/www.public.sn\/wp-content\/uploads\/2024\/07\/whatsapp_image_2019-01-30_at_15.54.11-2.jpeg","type":"image\/jpeg"}],"author":"Baye Amath THIAM","twitter_card":"summary_large_image","twitter_misc":{"\u00c9crit par":"Baye Amath THIAM","Dur\u00e9e de lecture estim\u00e9e":"1 minute"},"schema":{"@context":"https:\/\/schema.org","@graph":[{"@type":"Article","@id":"https:\/\/www.public.sn\/index.php\/2024\/07\/25\/refection-building-administratif-bamba-ndiaye-convoque-a-la-section-de-recherches-suite-a-une-plainte-de-letat\/#article","isPartOf":{"@id":"https:\/\/www.public.sn\/index.php\/2024\/07\/25\/refection-building-administratif-bamba-ndiaye-convoque-a-la-section-de-recherches-suite-a-une-plainte-de-letat\/"},"author":{"name":"Baye Amath THIAM","@id":"https:\/\/www.public.sn\/#\/schema\/person\/f77cd9ce05d8fb925eb038378ee6899d"},"headline":"R\u00e9fection Building administratif : Bamba Ndiaye convoqu\u00e9 \u00e0 la Section de recherches suite \u00e0 une plainte de l&rsquo;\u00c9tat\u2026","datePublished":"2024-07-25T10:52:28+00:00","mainEntityOfPage":{"@id":"https:\/\/www.public.sn\/index.php\/2024\/07\/25\/refection-building-administratif-bamba-ndiaye-convoque-a-la-section-de-recherches-suite-a-une-plainte-de-letat\/"},"wordCount":146,"commentCount":0,"publisher":{"@id":"https:\/\/www.public.sn\/#organization"},"image":{"@id":"https:\/\/www.public.sn\/index.php\/2024\/07\/25\/refection-building-administratif-bamba-ndiaye-convoque-a-la-section-de-recherches-suite-a-une-plainte-de-letat\/#primaryimage"},"thumbnailUrl":"https:\/\/www.public.sn\/wp-content\/uploads\/2024\/07\/whatsapp_image_2019-01-30_at_15.54.11-2.jpeg","keywords":["Bamba Ndiaye SA","Building administratif Mamadou Dia","enquete","\u00c9tat du S\u00e9n\u00e9gal","gendarmerie de Colobane","L\u2019Obs","R\u00e9fection Building administratif","Section de Recherches"],"articleSection":["ACTUALIT\u00c9S","ENVIRONNEMENT","INFRASTRUCTURES","justice","M\u00c9DIAS","PUBLIC TV","S\u00c9CURIT\u00c9 &amp; JUSTICE","S\u00c9N\u00c9GAL","SOCIETE"],"inLanguage":"fr-FR","potentialAction":[{"@type":"CommentAction","name":"Comment","target":["https:\/\/www.public.sn\/index.php\/2024\/07\/25\/refection-building-administratif-bamba-ndiaye-convoque-a-la-section-de-recherches-suite-a-une-plainte-de-letat\/#respond"]}]},{"@type":"WebPage","@id":"https:\/\/www.public.sn\/index.php\/2024\/07\/25\/refection-building-administratif-bamba-ndiaye-convoque-a-la-section-de-recherches-suite-a-une-plainte-de-letat\/","url":"https:\/\/www.public.sn\/index.php\/2024\/07\/25\/refection-building-administratif-bamba-ndiaye-convoque-a-la-section-de-recherches-suite-a-une-plainte-de-letat\/","name":"R\u00e9fection Building administratif : Bamba Ndiaye convoqu\u00e9 \u00e0 la Section de recherches suite \u00e0 une plainte de l'\u00c9tat\u2026 - LE PUBLIC","isPartOf":{"@id":"https:\/\/www.public.sn\/#website"},"primaryImageOfPage":{"@id":"https:\/\/www.public.sn\/index.php\/2024\/07\/25\/refection-building-administratif-bamba-ndiaye-convoque-a-la-section-de-recherches-suite-a-une-plainte-de-letat\/#primaryimage"},"image":{"@id":"https:\/\/www.public.sn\/index.php\/2024\/07\/25\/refection-building-administratif-bamba-ndiaye-convoque-a-la-section-de-recherches-suite-a-une-plainte-de-letat\/#primaryimage"},"thumbnailUrl":"https:\/\/www.public.sn\/wp-content\/uploads\/2024\/07\/whatsapp_image_2019-01-30_at_15.54.11-2.jpeg","datePublished":"2024-07-25T10:52:28+00:00","breadcrumb":{"@id":"https:\/\/www.public.sn\/index.php\/2024\/07\/25\/refection-building-administratif-bamba-ndiaye-convoque-a-la-section-de-recherches-suite-a-une-plainte-de-letat\/#breadcrumb"},"inLanguage":"fr-FR","potentialAction":[{"@type":"ReadAction","target":["https:\/\/www.public.sn\/index.php\/2024\/07\/25\/refection-building-administratif-bamba-ndiaye-convoque-a-la-section-de-recherches-suite-a-une-plainte-de-letat\/"]}]},{"@type":"ImageObject","inLanguage":"fr-FR","@id":"https:\/\/www.public.sn\/index.php\/2024\/07\/25\/refection-building-administratif-bamba-ndiaye-convoque-a-la-section-de-recherches-suite-a-une-plainte-de-letat\/#primaryimage","url":"https:\/\/www.public.sn\/wp-content\/uploads\/2024\/07\/whatsapp_image_2019-01-30_at_15.54.11-2.jpeg","contentUrl":"https:\/\/www.public.sn\/wp-content\/uploads\/2024\/07\/whatsapp_image_2019-01-30_at_15.54.11-2.jpeg","width":1080,"height":809},{"@type":"BreadcrumbList","@id":"https:\/\/www.public.sn\/index.php\/2024\/07\/25\/refection-building-administratif-bamba-ndiaye-convoque-a-la-section-de-recherches-suite-a-une-plainte-de-letat\/#breadcrumb","itemListElement":[{"@type":"ListItem","position":1,"name":"Accueil","item":"https:\/\/www.public.sn\/"},{"@type":"ListItem","position":2,"name":"R\u00e9fection Building administratif : Bamba Ndiaye convoqu\u00e9 \u00e0 la Section de recherches suite \u00e0 une plainte de l&rsquo;\u00c9tat\u2026"}]},{"@type":"WebSite","@id":"https:\/\/www.public.sn\/#website","url":"https:\/\/www.public.sn\/","name":"LE PUBLIC","description":"","publisher":{"@id":"https:\/\/www.public.sn\/#organization"},"potentialAction":[{"@type":"SearchAction","target":{"@type":"EntryPoint","urlTemplate":"https:\/\/www.public.sn\/?s={search_term_string}"},"query-input":{"@type":"PropertyValueSpecification","valueRequired":true,"valueName":"search_term_string"}}],"inLanguage":"fr-FR"},{"@type":"Organization","@id":"https:\/\/www.public.sn\/#organization","name":"LE PUBLIC","url":"https:\/\/www.public.sn\/","logo":{"@type":"ImageObject","inLanguage":"fr-FR","@id":"https:\/\/www.public.sn\/#\/schema\/logo\/image\/","url":"https:\/\/www.public.sn\/wp-content\/uploads\/2024\/05\/cropped-LOGO-PUBLIC.SN_.png","contentUrl":"https:\/\/www.public.sn\/wp-content\/uploads\/2024\/05\/cropped-LOGO-PUBLIC.SN_.png","width":682,"height":192,"caption":"LE PUBLIC"},"image":{"@id":"https:\/\/www.public.sn\/#\/schema\/logo\/image\/"}},{"@type":"Person","@id":"https:\/\/www.public.sn\/#\/schema\/person\/f77cd9ce05d8fb925eb038378ee6899d","name":"Baye Amath THIAM","image":{"@type":"ImageObject","inLanguage":"fr-FR","@id":"https:\/\/www.public.sn\/#\/schema\/person\/image\/","url":"https:\/\/secure.gravatar.com\/avatar\/7eb863ef1336b6f8a2ad921469701e52f094a61c698fab02f5af742ed813612d?s=96&d=mm&r=g","contentUrl":"https:\/\/secure.gravatar.com\/avatar\/7eb863ef1336b6f8a2ad921469701e52f094a61c698fab02f5af742ed813612d?s=96&d=mm&r=g","caption":"Baye Amath THIAM"},"url":"https:\/\/www.public.sn\/index.php\/author\/thiamba24\/"}]}},"jetpack_featured_media_url":"https:\/\/www.public.sn\/wp-content\/uploads\/2024\/07\/whatsapp_image_2019-01-30_at_15.54.11-2.jpeg","jetpack_sharing_enabled":true,"_links":{"self":[{"href":"https:\/\/www.public.sn\/index.php\/wp-json\/wp\/v2\/posts\/34693","targetHints":{"allow":["GET"]}}],"collection":[{"href":"https:\/\/www.public.sn\/index.php\/wp-json\/wp\/v2\/posts"}],"about":[{"href":"https:\/\/www.public.sn\/index.php\/wp-json\/wp\/v2\/types\/post"}],"author":[{"embeddable":true,"href":"https:\/\/www.public.sn\/index.php\/wp-json\/wp\/v2\/users\/15"}],"replies":[{"embeddable":true,"href":"https:\/\/www.public.sn\/index.php\/wp-json\/wp\/v2\/comments?post=34693"}],"version-history":[{"count":1,"href":"https:\/\/www.public.sn\/index.php\/wp-json\/wp\/v2\/posts\/34693\/revisions"}],"predecessor-version":[{"id":34695,"href":"https:\/\/www.public.sn\/index.php\/wp-json\/wp\/v2\/posts\/34693\/revisions\/34695"}],"wp:featuredmedia":[{"embeddable":true,"href":"https:\/\/www.public.sn\/index.php\/wp-json\/wp\/v2\/media\/34694"}],"wp:attachment":[{"href":"https:\/\/www.public.sn\/index.php\/wp-json\/wp\/v2\/media?parent=34693"}],"wp:term":[{"taxonomy":"category","embeddable":true,"href":"https:\/\/www.public.sn\/index.php\/wp-json\/wp\/v2\/categories?post=34693"},{"taxonomy":"post_tag","embeddable":true,"href":"https:\/\/www.public.sn\/index.php\/wp-json\/wp\/v2\/tags?post=34693"}],"curies":[{"name":"wp","href":"https:\/\/api.w.org\/{rel}","templated":true}]}}