{"id":3470,"date":"2022-10-03T09:13:11","date_gmt":"2022-10-03T09:13:11","guid":{"rendered":"https:\/\/www.public.sn\/?p=3470"},"modified":"2022-10-03T09:13:12","modified_gmt":"2022-10-03T09:13:12","slug":"le-fils-de-mariama-sarr-roulait-sans-permis","status":"publish","type":"post","link":"https:\/\/www.public.sn\/index.php\/2022\/10\/03\/le-fils-de-mariama-sarr-roulait-sans-permis\/","title":{"rendered":"Le fils de Mariama Sarr roulait sans permis"},"content":{"rendered":"\n<p>Le fils de Mariama Sarr qui a fauch\u00e9 un conducteur de moto sur la VDN puis un deuxi\u00e8me individu alors qu&rsquo;il prenait la fuite et endommag\u00e9 plusieurs v\u00e9hicules, est d\u00e9cid\u00e9ment un cas \u00e0 part. Lib\u00e9r\u00e9 vendredi sur convocation pour lundi comme nous l&rsquo;annoncions, il a \u00e9t\u00e9 tout simplement \u00ab\u00a0repris\u00a0\u00bb samedi puis plac\u00e9 en garde en vue. Sans doute apr\u00e8s le toll\u00e9 soulev\u00e9 par les r\u00e9v\u00e9lation de Lib\u00e9ration. Mais voil\u00e0, quelques heures plus tard, la mesure de garde en vue a \u00e9t\u00e9 lev\u00e9e et le bien heureux fils du ministre est convoqu\u00e9 ce lundi.<br>Au-del\u00e0 des faits d\u00e9j\u00e0 r\u00e9v\u00e9l\u00e9s, Lib\u00e9ration a appris que Cheikh Sonhibou Mbaye, qui a bless\u00e9 deux individus dont un gravement et mis en danger la vie de plusieurs personnes, conduisait sans permis. Il assur\u00e9 aux enqu\u00eateurs en disposer mais il \u00e9tait dans l&rsquo;incapacit\u00e9 de sortir le document. Ce qui est d\u00e9ja une infraction p\u00e9nale.<\/p><div class=\"publi-paragraphe1\" style=\"margin-top: 10px;margin-bottom: 10px;margin-left: auto;margin-right: auto;text-align: center;\" id=\"publi-2796458767\"><div class=\"publi-adlabel\">Publicit\u00e9<\/div><script async src=\"\/\/pagead2.googlesyndication.com\/pagead\/js\/adsbygoogle.js?client=ca-pub-4089586018074219\" crossorigin=\"anonymous\"><\/script><ins class=\"adsbygoogle\" style=\"display:block;\" data-ad-client=\"ca-pub-4089586018074219\" \ndata-ad-slot=\"2087940154\" \ndata-ad-format=\"auto\"><\/ins>\n<script> \n(adsbygoogle = window.adsbygoogle || []).push({}); \n<\/script>\n<\/div>\n<div class=\"publi-apres-le-contenu\" style=\"margin-top: 10px;margin-bottom: 10px;margin-left: auto;margin-right: auto;text-align: center;\" id=\"publi-2519054018\"><div class=\"publi-adlabel\">Publicit\u00e9<\/div><script async src=\"\/\/pagead2.googlesyndication.com\/pagead\/js\/adsbygoogle.js?client=ca-pub-4089586018074219\" crossorigin=\"anonymous\"><\/script><ins class=\"adsbygoogle\" style=\"display:block;\" data-ad-client=\"ca-pub-4089586018074219\" \ndata-ad-slot=\"2087940154\" \ndata-ad-format=\"auto\"><\/ins>\n<script> \n(adsbygoogle = window.adsbygoogle || []).push({}); \n<\/script>\n<\/div>","protected":false},"excerpt":{"rendered":"<p>Le fils de Mariama Sarr qui a fauch\u00e9 un conducteur de moto sur la VDN puis un deuxi\u00e8me individu alors qu&rsquo;il prenait la fuite et endommag\u00e9 plusieurs v\u00e9hicules, est d\u00e9cid\u00e9ment un cas \u00e0 part. Lib\u00e9r\u00e9 vendredi sur convocation pour lundi comme nous l&rsquo;annoncions, il a \u00e9t\u00e9 tout simplement \u00ab\u00a0repris\u00a0\u00bb samedi puis plac\u00e9 en garde en vue. Sans doute apr\u00e8s le toll\u00e9 soulev\u00e9 par les r\u00e9v\u00e9lation de Lib\u00e9ration. Mais voil\u00e0, quelques heures plus tard, la mesure de garde en vue a \u00e9t\u00e9 lev\u00e9e et le bien heureux fils du ministre est convoqu\u00e9 ce lundi.Au-del\u00e0 des faits d\u00e9j\u00e0 r\u00e9v\u00e9l\u00e9s, Lib\u00e9ration a appris que Cheikh Sonhibou Mbaye, qui a bless\u00e9 deux individus dont un gravement et mis en danger la vie de plusieurs personnes, conduisait sans permis. Il assur\u00e9 aux enqu\u00eateurs en disposer mais il \u00e9tait dans l&rsquo;incapacit\u00e9 de sortir le document. Ce qui est d\u00e9ja une infraction p\u00e9nale.<\/p>\n","protected":false},"author":1,"featured_media":3476,"comment_status":"open","ping_status":"open","sticky":false,"template":"","format":"standard","meta":{"_jetpack_memberships_contains_paid_content":false,"footnotes":""},"categories":[375,1,4,372],"tags":[1115,1114],"class_list":["post-3470","post","type-post","status-publish","format-standard","has-post-thumbnail","hentry","category-actualites","category-non-classe","category-societe","category-vedette","tag-fils","tag-mariama-sarr","entry","has-media","owp-thumbs-layout-horizontal","owp-btn-normal","owp-tabs-layout-horizontal","has-no-thumbnails","has-product-nav"],"yoast_head":"<!-- This site is optimized with the Yoast SEO plugin v25.5 - https:\/\/yoast.com\/wordpress\/plugins\/seo\/ -->\n<title>Le fils de Mariama Sarr roulait sans permis - LE PUBLIC<\/title>\n<meta name=\"robots\" content=\"index, follow, max-snippet:-1, max-image-preview:large, max-video-preview:-1\" \/>\n<link rel=\"canonical\" href=\"https:\/\/www.public.sn\/index.php\/2022\/10\/03\/le-fils-de-mariama-sarr-roulait-sans-permis\/\" \/>\n<meta property=\"og:locale\" content=\"fr_FR\" \/>\n<meta property=\"og:type\" content=\"article\" \/>\n<meta property=\"og:title\" content=\"Le fils de Mariama Sarr roulait sans permis - LE PUBLIC\" \/>\n<meta property=\"og:description\" content=\"Le fils de Mariama Sarr qui a fauch\u00e9 un conducteur de moto sur la VDN puis un deuxi\u00e8me individu alors qu&rsquo;il prenait la fuite et endommag\u00e9 plusieurs v\u00e9hicules, est d\u00e9cid\u00e9ment un cas \u00e0 part. Lib\u00e9r\u00e9 vendredi sur convocation pour lundi comme nous l&rsquo;annoncions, il a \u00e9t\u00e9 tout simplement \u00ab\u00a0repris\u00a0\u00bb samedi puis plac\u00e9 en garde en vue. Sans doute apr\u00e8s le toll\u00e9 soulev\u00e9 par les r\u00e9v\u00e9lation de Lib\u00e9ration. Mais voil\u00e0, quelques heures plus tard, la mesure de garde en vue a \u00e9t\u00e9 lev\u00e9e et le bien heureux fils du ministre est convoqu\u00e9 ce lundi.Au-del\u00e0 des faits d\u00e9j\u00e0 r\u00e9v\u00e9l\u00e9s, Lib\u00e9ration a appris que Cheikh Sonhibou Mbaye, qui a bless\u00e9 deux individus dont un gravement et mis en danger la vie de plusieurs personnes, conduisait sans permis. Il assur\u00e9 aux enqu\u00eateurs en disposer mais il \u00e9tait dans l&rsquo;incapacit\u00e9 de sortir le document. Ce qui est d\u00e9ja une infraction p\u00e9nale.\" \/>\n<meta property=\"og:url\" content=\"https:\/\/www.public.sn\/index.php\/2022\/10\/03\/le-fils-de-mariama-sarr-roulait-sans-permis\/\" \/>\n<meta property=\"og:site_name\" content=\"LE PUBLIC\" \/>\n<meta property=\"article:published_time\" content=\"2022-10-03T09:13:11+00:00\" \/>\n<meta property=\"article:modified_time\" content=\"2022-10-03T09:13:12+00:00\" \/>\n<meta property=\"og:image\" content=\"https:\/\/www.public.sn\/wp-content\/uploads\/2022\/10\/mariama_sarr_3-1.jpeg\" \/>\n\t<meta property=\"og:image:width\" content=\"800\" \/>\n\t<meta property=\"og:image:height\" content=\"600\" \/>\n\t<meta property=\"og:image:type\" content=\"image\/jpeg\" \/>\n<meta name=\"author\" content=\"LA REDACTION\" \/>\n<meta name=\"twitter:card\" content=\"summary_large_image\" \/>\n<meta name=\"twitter:label1\" content=\"\u00c9crit par\" \/>\n\t<meta name=\"twitter:data1\" content=\"LA REDACTION\" \/>\n\t<meta name=\"twitter:label2\" content=\"Dur\u00e9e de lecture estim\u00e9e\" \/>\n\t<meta name=\"twitter:data2\" content=\"1 minute\" \/>\n<script type=\"application\/ld+json\" class=\"yoast-schema-graph\">{\"@context\":\"https:\/\/schema.org\",\"@graph\":[{\"@type\":\"Article\",\"@id\":\"https:\/\/www.public.sn\/index.php\/2022\/10\/03\/le-fils-de-mariama-sarr-roulait-sans-permis\/#article\",\"isPartOf\":{\"@id\":\"https:\/\/www.public.sn\/index.php\/2022\/10\/03\/le-fils-de-mariama-sarr-roulait-sans-permis\/\"},\"author\":{\"name\":\"LA REDACTION\",\"@id\":\"https:\/\/www.public.sn\/#\/schema\/person\/e3f4a11b037d4203902db148f9bc8d5a\"},\"headline\":\"Le fils de Mariama Sarr roulait sans permis\",\"datePublished\":\"2022-10-03T09:13:11+00:00\",\"dateModified\":\"2022-10-03T09:13:12+00:00\",\"mainEntityOfPage\":{\"@id\":\"https:\/\/www.public.sn\/index.php\/2022\/10\/03\/le-fils-de-mariama-sarr-roulait-sans-permis\/\"},\"wordCount\":172,\"commentCount\":0,\"publisher\":{\"@id\":\"https:\/\/www.public.sn\/#organization\"},\"image\":{\"@id\":\"https:\/\/www.public.sn\/index.php\/2022\/10\/03\/le-fils-de-mariama-sarr-roulait-sans-permis\/#primaryimage\"},\"thumbnailUrl\":\"https:\/\/www.public.sn\/wp-content\/uploads\/2022\/10\/mariama_sarr_3-1.jpeg\",\"keywords\":[\"Fils\",\"Mariama Sarr\"],\"articleSection\":[\"ACTUALIT\u00c9S\",\"S\u00c9N\u00c9GAL\",\"SOCIETE\",\"VEDETTE\"],\"inLanguage\":\"fr-FR\",\"potentialAction\":[{\"@type\":\"CommentAction\",\"name\":\"Comment\",\"target\":[\"https:\/\/www.public.sn\/index.php\/2022\/10\/03\/le-fils-de-mariama-sarr-roulait-sans-permis\/#respond\"]}]},{\"@type\":\"WebPage\",\"@id\":\"https:\/\/www.public.sn\/index.php\/2022\/10\/03\/le-fils-de-mariama-sarr-roulait-sans-permis\/\",\"url\":\"https:\/\/www.public.sn\/index.php\/2022\/10\/03\/le-fils-de-mariama-sarr-roulait-sans-permis\/\",\"name\":\"Le fils de Mariama Sarr roulait sans permis - LE PUBLIC\",\"isPartOf\":{\"@id\":\"https:\/\/www.public.sn\/#website\"},\"primaryImageOfPage\":{\"@id\":\"https:\/\/www.public.sn\/index.php\/2022\/10\/03\/le-fils-de-mariama-sarr-roulait-sans-permis\/#primaryimage\"},\"image\":{\"@id\":\"https:\/\/www.public.sn\/index.php\/2022\/10\/03\/le-fils-de-mariama-sarr-roulait-sans-permis\/#primaryimage\"},\"thumbnailUrl\":\"https:\/\/www.public.sn\/wp-content\/uploads\/2022\/10\/mariama_sarr_3-1.jpeg\",\"datePublished\":\"2022-10-03T09:13:11+00:00\",\"dateModified\":\"2022-10-03T09:13:12+00:00\",\"breadcrumb\":{\"@id\":\"https:\/\/www.public.sn\/index.php\/2022\/10\/03\/le-fils-de-mariama-sarr-roulait-sans-permis\/#breadcrumb\"},\"inLanguage\":\"fr-FR\",\"potentialAction\":[{\"@type\":\"ReadAction\",\"target\":[\"https:\/\/www.public.sn\/index.php\/2022\/10\/03\/le-fils-de-mariama-sarr-roulait-sans-permis\/\"]}]},{\"@type\":\"ImageObject\",\"inLanguage\":\"fr-FR\",\"@id\":\"https:\/\/www.public.sn\/index.php\/2022\/10\/03\/le-fils-de-mariama-sarr-roulait-sans-permis\/#primaryimage\",\"url\":\"https:\/\/www.public.sn\/wp-content\/uploads\/2022\/10\/mariama_sarr_3-1.jpeg\",\"contentUrl\":\"https:\/\/www.public.sn\/wp-content\/uploads\/2022\/10\/mariama_sarr_3-1.jpeg\",\"width\":800,\"height\":600},{\"@type\":\"BreadcrumbList\",\"@id\":\"https:\/\/www.public.sn\/index.php\/2022\/10\/03\/le-fils-de-mariama-sarr-roulait-sans-permis\/#breadcrumb\",\"itemListElement\":[{\"@type\":\"ListItem\",\"position\":1,\"name\":\"Accueil\",\"item\":\"https:\/\/www.public.sn\/\"},{\"@type\":\"ListItem\",\"position\":2,\"name\":\"Le fils de Mariama Sarr roulait sans permis\"}]},{\"@type\":\"WebSite\",\"@id\":\"https:\/\/www.public.sn\/#website\",\"url\":\"https:\/\/www.public.sn\/\",\"name\":\"LE PUBLIC\",\"description\":\"\",\"publisher\":{\"@id\":\"https:\/\/www.public.sn\/#organization\"},\"potentialAction\":[{\"@type\":\"SearchAction\",\"target\":{\"@type\":\"EntryPoint\",\"urlTemplate\":\"https:\/\/www.public.sn\/?s={search_term_string}\"},\"query-input\":{\"@type\":\"PropertyValueSpecification\",\"valueRequired\":true,\"valueName\":\"search_term_string\"}}],\"inLanguage\":\"fr-FR\"},{\"@type\":\"Organization\",\"@id\":\"https:\/\/www.public.sn\/#organization\",\"name\":\"LE PUBLIC\",\"url\":\"https:\/\/www.public.sn\/\",\"logo\":{\"@type\":\"ImageObject\",\"inLanguage\":\"fr-FR\",\"@id\":\"https:\/\/www.public.sn\/#\/schema\/logo\/image\/\",\"url\":\"https:\/\/www.public.sn\/wp-content\/uploads\/2024\/05\/cropped-LOGO-PUBLIC.SN_.png\",\"contentUrl\":\"https:\/\/www.public.sn\/wp-content\/uploads\/2024\/05\/cropped-LOGO-PUBLIC.SN_.png\",\"width\":682,\"height\":192,\"caption\":\"LE PUBLIC\"},\"image\":{\"@id\":\"https:\/\/www.public.sn\/#\/schema\/logo\/image\/\"}},{\"@type\":\"Person\",\"@id\":\"https:\/\/www.public.sn\/#\/schema\/person\/e3f4a11b037d4203902db148f9bc8d5a\",\"name\":\"LA REDACTION\",\"image\":{\"@type\":\"ImageObject\",\"inLanguage\":\"fr-FR\",\"@id\":\"https:\/\/www.public.sn\/#\/schema\/person\/image\/\",\"url\":\"https:\/\/secure.gravatar.com\/avatar\/d6c030db45db2883c075085c5d6c6258654a801a93766b49af0b82d4f454e2a5?s=96&d=mm&r=g\",\"contentUrl\":\"https:\/\/secure.gravatar.com\/avatar\/d6c030db45db2883c075085c5d6c6258654a801a93766b49af0b82d4f454e2a5?s=96&d=mm&r=g\",\"caption\":\"LA REDACTION\"},\"sameAs\":[\"http:\/\/www.public.sn\"],\"url\":\"https:\/\/www.public.sn\/index.php\/author\/admin7324\/\"}]}<\/script>\n<!-- \/ Yoast SEO plugin. -->","yoast_head_json":{"title":"Le fils de Mariama Sarr roulait sans permis - LE PUBLIC","robots":{"index":"index","follow":"follow","max-snippet":"max-snippet:-1","max-image-preview":"max-image-preview:large","max-video-preview":"max-video-preview:-1"},"canonical":"https:\/\/www.public.sn\/index.php\/2022\/10\/03\/le-fils-de-mariama-sarr-roulait-sans-permis\/","og_locale":"fr_FR","og_type":"article","og_title":"Le fils de Mariama Sarr roulait sans permis - LE PUBLIC","og_description":"Le fils de Mariama Sarr qui a fauch\u00e9 un conducteur de moto sur la VDN puis un deuxi\u00e8me individu alors qu&rsquo;il prenait la fuite et endommag\u00e9 plusieurs v\u00e9hicules, est d\u00e9cid\u00e9ment un cas \u00e0 part. Lib\u00e9r\u00e9 vendredi sur convocation pour lundi comme nous l&rsquo;annoncions, il a \u00e9t\u00e9 tout simplement \u00ab\u00a0repris\u00a0\u00bb samedi puis plac\u00e9 en garde en vue. Sans doute apr\u00e8s le toll\u00e9 soulev\u00e9 par les r\u00e9v\u00e9lation de Lib\u00e9ration. Mais voil\u00e0, quelques heures plus tard, la mesure de garde en vue a \u00e9t\u00e9 lev\u00e9e et le bien heureux fils du ministre est convoqu\u00e9 ce lundi.Au-del\u00e0 des faits d\u00e9j\u00e0 r\u00e9v\u00e9l\u00e9s, Lib\u00e9ration a appris que Cheikh Sonhibou Mbaye, qui a bless\u00e9 deux individus dont un gravement et mis en danger la vie de plusieurs personnes, conduisait sans permis. Il assur\u00e9 aux enqu\u00eateurs en disposer mais il \u00e9tait dans l&rsquo;incapacit\u00e9 de sortir le document. Ce qui est d\u00e9ja une infraction p\u00e9nale.","og_url":"https:\/\/www.public.sn\/index.php\/2022\/10\/03\/le-fils-de-mariama-sarr-roulait-sans-permis\/","og_site_name":"LE PUBLIC","article_published_time":"2022-10-03T09:13:11+00:00","article_modified_time":"2022-10-03T09:13:12+00:00","og_image":[{"width":800,"height":600,"url":"https:\/\/www.public.sn\/wp-content\/uploads\/2022\/10\/mariama_sarr_3-1.jpeg","type":"image\/jpeg"}],"author":"LA REDACTION","twitter_card":"summary_large_image","twitter_misc":{"\u00c9crit par":"LA REDACTION","Dur\u00e9e de lecture estim\u00e9e":"1 minute"},"schema":{"@context":"https:\/\/schema.org","@graph":[{"@type":"Article","@id":"https:\/\/www.public.sn\/index.php\/2022\/10\/03\/le-fils-de-mariama-sarr-roulait-sans-permis\/#article","isPartOf":{"@id":"https:\/\/www.public.sn\/index.php\/2022\/10\/03\/le-fils-de-mariama-sarr-roulait-sans-permis\/"},"author":{"name":"LA REDACTION","@id":"https:\/\/www.public.sn\/#\/schema\/person\/e3f4a11b037d4203902db148f9bc8d5a"},"headline":"Le fils de Mariama Sarr roulait sans permis","datePublished":"2022-10-03T09:13:11+00:00","dateModified":"2022-10-03T09:13:12+00:00","mainEntityOfPage":{"@id":"https:\/\/www.public.sn\/index.php\/2022\/10\/03\/le-fils-de-mariama-sarr-roulait-sans-permis\/"},"wordCount":172,"commentCount":0,"publisher":{"@id":"https:\/\/www.public.sn\/#organization"},"image":{"@id":"https:\/\/www.public.sn\/index.php\/2022\/10\/03\/le-fils-de-mariama-sarr-roulait-sans-permis\/#primaryimage"},"thumbnailUrl":"https:\/\/www.public.sn\/wp-content\/uploads\/2022\/10\/mariama_sarr_3-1.jpeg","keywords":["Fils","Mariama Sarr"],"articleSection":["ACTUALIT\u00c9S","S\u00c9N\u00c9GAL","SOCIETE","VEDETTE"],"inLanguage":"fr-FR","potentialAction":[{"@type":"CommentAction","name":"Comment","target":["https:\/\/www.public.sn\/index.php\/2022\/10\/03\/le-fils-de-mariama-sarr-roulait-sans-permis\/#respond"]}]},{"@type":"WebPage","@id":"https:\/\/www.public.sn\/index.php\/2022\/10\/03\/le-fils-de-mariama-sarr-roulait-sans-permis\/","url":"https:\/\/www.public.sn\/index.php\/2022\/10\/03\/le-fils-de-mariama-sarr-roulait-sans-permis\/","name":"Le fils de Mariama Sarr roulait sans permis - LE PUBLIC","isPartOf":{"@id":"https:\/\/www.public.sn\/#website"},"primaryImageOfPage":{"@id":"https:\/\/www.public.sn\/index.php\/2022\/10\/03\/le-fils-de-mariama-sarr-roulait-sans-permis\/#primaryimage"},"image":{"@id":"https:\/\/www.public.sn\/index.php\/2022\/10\/03\/le-fils-de-mariama-sarr-roulait-sans-permis\/#primaryimage"},"thumbnailUrl":"https:\/\/www.public.sn\/wp-content\/uploads\/2022\/10\/mariama_sarr_3-1.jpeg","datePublished":"2022-10-03T09:13:11+00:00","dateModified":"2022-10-03T09:13:12+00:00","breadcrumb":{"@id":"https:\/\/www.public.sn\/index.php\/2022\/10\/03\/le-fils-de-mariama-sarr-roulait-sans-permis\/#breadcrumb"},"inLanguage":"fr-FR","potentialAction":[{"@type":"ReadAction","target":["https:\/\/www.public.sn\/index.php\/2022\/10\/03\/le-fils-de-mariama-sarr-roulait-sans-permis\/"]}]},{"@type":"ImageObject","inLanguage":"fr-FR","@id":"https:\/\/www.public.sn\/index.php\/2022\/10\/03\/le-fils-de-mariama-sarr-roulait-sans-permis\/#primaryimage","url":"https:\/\/www.public.sn\/wp-content\/uploads\/2022\/10\/mariama_sarr_3-1.jpeg","contentUrl":"https:\/\/www.public.sn\/wp-content\/uploads\/2022\/10\/mariama_sarr_3-1.jpeg","width":800,"height":600},{"@type":"BreadcrumbList","@id":"https:\/\/www.public.sn\/index.php\/2022\/10\/03\/le-fils-de-mariama-sarr-roulait-sans-permis\/#breadcrumb","itemListElement":[{"@type":"ListItem","position":1,"name":"Accueil","item":"https:\/\/www.public.sn\/"},{"@type":"ListItem","position":2,"name":"Le fils de Mariama Sarr roulait sans permis"}]},{"@type":"WebSite","@id":"https:\/\/www.public.sn\/#website","url":"https:\/\/www.public.sn\/","name":"LE PUBLIC","description":"","publisher":{"@id":"https:\/\/www.public.sn\/#organization"},"potentialAction":[{"@type":"SearchAction","target":{"@type":"EntryPoint","urlTemplate":"https:\/\/www.public.sn\/?s={search_term_string}"},"query-input":{"@type":"PropertyValueSpecification","valueRequired":true,"valueName":"search_term_string"}}],"inLanguage":"fr-FR"},{"@type":"Organization","@id":"https:\/\/www.public.sn\/#organization","name":"LE PUBLIC","url":"https:\/\/www.public.sn\/","logo":{"@type":"ImageObject","inLanguage":"fr-FR","@id":"https:\/\/www.public.sn\/#\/schema\/logo\/image\/","url":"https:\/\/www.public.sn\/wp-content\/uploads\/2024\/05\/cropped-LOGO-PUBLIC.SN_.png","contentUrl":"https:\/\/www.public.sn\/wp-content\/uploads\/2024\/05\/cropped-LOGO-PUBLIC.SN_.png","width":682,"height":192,"caption":"LE PUBLIC"},"image":{"@id":"https:\/\/www.public.sn\/#\/schema\/logo\/image\/"}},{"@type":"Person","@id":"https:\/\/www.public.sn\/#\/schema\/person\/e3f4a11b037d4203902db148f9bc8d5a","name":"LA REDACTION","image":{"@type":"ImageObject","inLanguage":"fr-FR","@id":"https:\/\/www.public.sn\/#\/schema\/person\/image\/","url":"https:\/\/secure.gravatar.com\/avatar\/d6c030db45db2883c075085c5d6c6258654a801a93766b49af0b82d4f454e2a5?s=96&d=mm&r=g","contentUrl":"https:\/\/secure.gravatar.com\/avatar\/d6c030db45db2883c075085c5d6c6258654a801a93766b49af0b82d4f454e2a5?s=96&d=mm&r=g","caption":"LA REDACTION"},"sameAs":["http:\/\/www.public.sn"],"url":"https:\/\/www.public.sn\/index.php\/author\/admin7324\/"}]}},"jetpack_featured_media_url":"https:\/\/www.public.sn\/wp-content\/uploads\/2022\/10\/mariama_sarr_3-1.jpeg","jetpack_sharing_enabled":true,"_links":{"self":[{"href":"https:\/\/www.public.sn\/index.php\/wp-json\/wp\/v2\/posts\/3470","targetHints":{"allow":["GET"]}}],"collection":[{"href":"https:\/\/www.public.sn\/index.php\/wp-json\/wp\/v2\/posts"}],"about":[{"href":"https:\/\/www.public.sn\/index.php\/wp-json\/wp\/v2\/types\/post"}],"author":[{"embeddable":true,"href":"https:\/\/www.public.sn\/index.php\/wp-json\/wp\/v2\/users\/1"}],"replies":[{"embeddable":true,"href":"https:\/\/www.public.sn\/index.php\/wp-json\/wp\/v2\/comments?post=3470"}],"version-history":[{"count":2,"href":"https:\/\/www.public.sn\/index.php\/wp-json\/wp\/v2\/posts\/3470\/revisions"}],"predecessor-version":[{"id":3477,"href":"https:\/\/www.public.sn\/index.php\/wp-json\/wp\/v2\/posts\/3470\/revisions\/3477"}],"wp:featuredmedia":[{"embeddable":true,"href":"https:\/\/www.public.sn\/index.php\/wp-json\/wp\/v2\/media\/3476"}],"wp:attachment":[{"href":"https:\/\/www.public.sn\/index.php\/wp-json\/wp\/v2\/media?parent=3470"}],"wp:term":[{"taxonomy":"category","embeddable":true,"href":"https:\/\/www.public.sn\/index.php\/wp-json\/wp\/v2\/categories?post=3470"},{"taxonomy":"post_tag","embeddable":true,"href":"https:\/\/www.public.sn\/index.php\/wp-json\/wp\/v2\/tags?post=3470"}],"curies":[{"name":"wp","href":"https:\/\/api.w.org\/{rel}","templated":true}]}}