{"id":34702,"date":"2024-07-25T13:13:13","date_gmt":"2024-07-25T13:13:13","guid":{"rendered":"https:\/\/www.public.sn\/?p=34702"},"modified":"2024-07-25T13:13:13","modified_gmt":"2024-07-25T13:13:13","slug":"jo-2024-a-paris-le-president-de-la-republique-apporte-son-dernier-soutien-aux-athletes-senegalais-photos","status":"publish","type":"post","link":"https:\/\/www.public.sn\/index.php\/2024\/07\/25\/jo-2024-a-paris-le-president-de-la-republique-apporte-son-dernier-soutien-aux-athletes-senegalais-photos\/","title":{"rendered":"JO 2024 \u00e0 Paris : Le  pr\u00e9sident de la R\u00e9publique apporte son dernier soutien aux athl\u00e8tes s\u00e9n\u00e9galais (photos)"},"content":{"rendered":"<p>\u00c0 24 heures de la c\u00e9r\u00e9monie d\u2019ouverture de Paris 2024, le Pr\u00e9sident Bassirou Diomaye Faye a rendu visite aux athl\u00e8tes s\u00e9n\u00e9galais ce jeudi matin au village olympique.<\/p><div class=\"publi-paragraphe1\" style=\"margin-top: 10px;margin-bottom: 10px;margin-left: auto;margin-right: auto;text-align: center;\" id=\"publi-1590076871\"><div class=\"publi-adlabel\">Publicit\u00e9<\/div><script async src=\"\/\/pagead2.googlesyndication.com\/pagead\/js\/adsbygoogle.js?client=ca-pub-4089586018074219\" crossorigin=\"anonymous\"><\/script><ins class=\"adsbygoogle\" style=\"display:block;\" data-ad-client=\"ca-pub-4089586018074219\" \ndata-ad-slot=\"2087940154\" \ndata-ad-format=\"auto\"><\/ins>\n<script> \n(adsbygoogle = window.adsbygoogle || []).push({}); \n<\/script>\n<\/div>\n<p>En marge de sa visite, le chef de l\u2019\u00c9tat leur a laiss\u00e9 un message d\u2019encouragement : \u201cJe peux vous garantir qu\u2019\u00e0 partir de maintenant, avec ce nouveau gouvernement, nous porterons une attention particuli\u00e8re \u00e0 tous les sportifs qui partent en comp\u00e9tition, car tous les sports se valent. Retenez juste une chose : tout le S\u00e9n\u00e9gal est tr\u00e8s fier de vous. Vous n\u2019entendrez pas mes cris, mais je vous supporterai tous d\u2019o\u00f9 je serai\u201d, a-t-il d\u00e9clar\u00e9 dans un post sur le compte Facebook de la Pr\u00e9sidence.<\/p>\n<p><img fetchpriority=\"high\" decoding=\"async\" src=\"https:\/\/www.public.sn\/wp-content\/uploads\/2024\/07\/LIONS-1-768x1024-1-768x580-1-300x227.jpeg\" alt=\"\" width=\"300\" height=\"227\" class=\"alignnone size-medium wp-image-34703\" srcset=\"https:\/\/www.public.sn\/wp-content\/uploads\/2024\/07\/LIONS-1-768x1024-1-768x580-1-300x227.jpeg 300w, https:\/\/www.public.sn\/wp-content\/uploads\/2024\/07\/LIONS-1-768x1024-1-768x580-1-600x453.jpeg 600w, https:\/\/www.public.sn\/wp-content\/uploads\/2024\/07\/LIONS-1-768x1024-1-768x580-1.jpeg 768w\" sizes=\"(max-width: 300px) 100vw, 300px\" \/><\/p>\n<p><img decoding=\"async\" src=\"https:\/\/www.public.sn\/wp-content\/uploads\/2024\/07\/LIONS-2-768x1024-1-225x300.jpeg\" alt=\"\" width=\"225\" height=\"300\" class=\"alignnone size-medium wp-image-34704\" srcset=\"https:\/\/www.public.sn\/wp-content\/uploads\/2024\/07\/LIONS-2-768x1024-1-225x300.jpeg 225w, https:\/\/www.public.sn\/wp-content\/uploads\/2024\/07\/LIONS-2-768x1024-1-600x800.jpeg 600w, https:\/\/www.public.sn\/wp-content\/uploads\/2024\/07\/LIONS-2-768x1024-1.jpeg 768w\" sizes=\"(max-width: 225px) 100vw, 225px\" \/><\/p>\n<p><img decoding=\"async\" src=\"https:\/\/www.public.sn\/wp-content\/uploads\/2024\/07\/LIONS-1-768x1024-1-225x300.jpeg\" alt=\"\" width=\"225\" height=\"300\" class=\"alignnone size-medium wp-image-34705\" srcset=\"https:\/\/www.public.sn\/wp-content\/uploads\/2024\/07\/LIONS-1-768x1024-1-225x300.jpeg 225w, https:\/\/www.public.sn\/wp-content\/uploads\/2024\/07\/LIONS-1-768x1024-1-600x800.jpeg 600w, https:\/\/www.public.sn\/wp-content\/uploads\/2024\/07\/LIONS-1-768x1024-1.jpeg 768w\" sizes=\"(max-width: 225px) 100vw, 225px\" \/><\/p>\n<div class=\"publi-apres-le-contenu\" style=\"margin-top: 10px;margin-bottom: 10px;margin-left: auto;margin-right: auto;text-align: center;\" id=\"publi-3799312333\"><div class=\"publi-adlabel\">Publicit\u00e9<\/div><script async src=\"\/\/pagead2.googlesyndication.com\/pagead\/js\/adsbygoogle.js?client=ca-pub-4089586018074219\" crossorigin=\"anonymous\"><\/script><ins class=\"adsbygoogle\" style=\"display:block;\" data-ad-client=\"ca-pub-4089586018074219\" \ndata-ad-slot=\"2087940154\" \ndata-ad-format=\"auto\"><\/ins>\n<script> \n(adsbygoogle = window.adsbygoogle || []).push({}); \n<\/script>\n<\/div>","protected":false},"excerpt":{"rendered":"<p>\u00c0 24 heures de la c\u00e9r\u00e9monie d\u2019ouverture de Paris 2024, le Pr\u00e9sident Bassirou Diomaye Faye a rendu visite aux athl\u00e8tes s\u00e9n\u00e9galais ce jeudi matin au village olympique. En marge de sa visite, le chef de l\u2019\u00c9tat leur a laiss\u00e9 un message d\u2019encouragement : \u201cJe peux vous garantir qu\u2019\u00e0 partir de maintenant, avec ce nouveau gouvernement, nous porterons une attention particuli\u00e8re \u00e0 tous les sportifs qui partent en comp\u00e9tition, car tous les sports se valent. Retenez juste une chose : tout le S\u00e9n\u00e9gal est tr\u00e8s fier de vous. Vous n\u2019entendrez pas mes cris, mais je vous supporterai tous d\u2019o\u00f9 je serai\u201d, a-t-il d\u00e9clar\u00e9 dans un post sur le compte Facebook de la Pr\u00e9sidence.<\/p>\n","protected":false},"author":15,"featured_media":34706,"comment_status":"open","ping_status":"open","sticky":false,"template":"","format":"standard","meta":{"_jetpack_memberships_contains_paid_content":false,"footnotes":""},"categories":[375,550,3728,961,872,8,7],"tags":[7124,3678,7123,2249],"class_list":["post-34702","post","type-post","status-publish","format-standard","has-post-thumbnail","hentry","category-actualites","category-afrique-monde","category-internationale","category-medias","category-photos","category-public-tv","category-sport","tag-athletes-senegalais","tag-bassirou-diomaye-faye","tag-jo-2024-a-paris","tag-president-de-la-republique","entry","has-media","owp-thumbs-layout-horizontal","owp-btn-normal","owp-tabs-layout-horizontal","has-no-thumbnails","has-product-nav"],"yoast_head":"<!-- This site is optimized with the Yoast SEO plugin v25.5 - https:\/\/yoast.com\/wordpress\/plugins\/seo\/ -->\n<title>JO 2024 \u00e0 Paris : Le pr\u00e9sident de la R\u00e9publique apporte son dernier soutien aux athl\u00e8tes s\u00e9n\u00e9galais (photos) - LE PUBLIC<\/title>\n<meta name=\"robots\" content=\"index, follow, max-snippet:-1, max-image-preview:large, max-video-preview:-1\" \/>\n<link rel=\"canonical\" href=\"https:\/\/www.public.sn\/index.php\/2024\/07\/25\/jo-2024-a-paris-le-president-de-la-republique-apporte-son-dernier-soutien-aux-athletes-senegalais-photos\/\" \/>\n<meta property=\"og:locale\" content=\"fr_FR\" \/>\n<meta property=\"og:type\" content=\"article\" \/>\n<meta property=\"og:title\" content=\"JO 2024 \u00e0 Paris : Le pr\u00e9sident de la R\u00e9publique apporte son dernier soutien aux athl\u00e8tes s\u00e9n\u00e9galais (photos) - LE PUBLIC\" \/>\n<meta property=\"og:description\" content=\"\u00c0 24 heures de la c\u00e9r\u00e9monie d\u2019ouverture de Paris 2024, le Pr\u00e9sident Bassirou Diomaye Faye a rendu visite aux athl\u00e8tes s\u00e9n\u00e9galais ce jeudi matin au village olympique. En marge de sa visite, le chef de l\u2019\u00c9tat leur a laiss\u00e9 un message d\u2019encouragement : \u201cJe peux vous garantir qu\u2019\u00e0 partir de maintenant, avec ce nouveau gouvernement, nous porterons une attention particuli\u00e8re \u00e0 tous les sportifs qui partent en comp\u00e9tition, car tous les sports se valent. Retenez juste une chose : tout le S\u00e9n\u00e9gal est tr\u00e8s fier de vous. Vous n\u2019entendrez pas mes cris, mais je vous supporterai tous d\u2019o\u00f9 je serai\u201d, a-t-il d\u00e9clar\u00e9 dans un post sur le compte Facebook de la Pr\u00e9sidence.\" \/>\n<meta property=\"og:url\" content=\"https:\/\/www.public.sn\/index.php\/2024\/07\/25\/jo-2024-a-paris-le-president-de-la-republique-apporte-son-dernier-soutien-aux-athletes-senegalais-photos\/\" \/>\n<meta property=\"og:site_name\" content=\"LE PUBLIC\" \/>\n<meta property=\"article:published_time\" content=\"2024-07-25T13:13:13+00:00\" \/>\n<meta property=\"og:image\" content=\"https:\/\/www.public.sn\/wp-content\/uploads\/2024\/07\/lion-3.jpeg\" \/>\n\t<meta property=\"og:image:width\" content=\"1280\" \/>\n\t<meta property=\"og:image:height\" content=\"853\" \/>\n\t<meta property=\"og:image:type\" content=\"image\/jpeg\" \/>\n<meta name=\"author\" content=\"Baye Amath THIAM\" \/>\n<meta name=\"twitter:card\" content=\"summary_large_image\" \/>\n<meta name=\"twitter:label1\" content=\"\u00c9crit par\" \/>\n\t<meta name=\"twitter:data1\" content=\"Baye Amath THIAM\" \/>\n\t<meta name=\"twitter:label2\" content=\"Dur\u00e9e de lecture estim\u00e9e\" \/>\n\t<meta name=\"twitter:data2\" content=\"1 minute\" \/>\n<script type=\"application\/ld+json\" class=\"yoast-schema-graph\">{\"@context\":\"https:\/\/schema.org\",\"@graph\":[{\"@type\":\"Article\",\"@id\":\"https:\/\/www.public.sn\/index.php\/2024\/07\/25\/jo-2024-a-paris-le-president-de-la-republique-apporte-son-dernier-soutien-aux-athletes-senegalais-photos\/#article\",\"isPartOf\":{\"@id\":\"https:\/\/www.public.sn\/index.php\/2024\/07\/25\/jo-2024-a-paris-le-president-de-la-republique-apporte-son-dernier-soutien-aux-athletes-senegalais-photos\/\"},\"author\":{\"name\":\"Baye Amath THIAM\",\"@id\":\"https:\/\/www.public.sn\/#\/schema\/person\/f77cd9ce05d8fb925eb038378ee6899d\"},\"headline\":\"JO 2024 \u00e0 Paris : Le pr\u00e9sident de la R\u00e9publique apporte son dernier soutien aux athl\u00e8tes s\u00e9n\u00e9galais (photos)\",\"datePublished\":\"2024-07-25T13:13:13+00:00\",\"mainEntityOfPage\":{\"@id\":\"https:\/\/www.public.sn\/index.php\/2024\/07\/25\/jo-2024-a-paris-le-president-de-la-republique-apporte-son-dernier-soutien-aux-athletes-senegalais-photos\/\"},\"wordCount\":144,\"commentCount\":0,\"publisher\":{\"@id\":\"https:\/\/www.public.sn\/#organization\"},\"image\":{\"@id\":\"https:\/\/www.public.sn\/index.php\/2024\/07\/25\/jo-2024-a-paris-le-president-de-la-republique-apporte-son-dernier-soutien-aux-athletes-senegalais-photos\/#primaryimage\"},\"thumbnailUrl\":\"https:\/\/www.public.sn\/wp-content\/uploads\/2024\/07\/lion-3.jpeg\",\"keywords\":[\"athl\u00e8tes s\u00e9n\u00e9galais\",\"bassirou diomaye faye\",\"JO 2024 \u00e0 Paris\",\"pr\u00e9sident de la r\u00e9publique\"],\"articleSection\":[\"ACTUALIT\u00c9S\",\"AFRIQUE &amp; MONDE\",\"internationale\",\"M\u00c9DIAS\",\"PHOTOS\",\"PUBLIC TV\",\"SPORTS\"],\"inLanguage\":\"fr-FR\",\"potentialAction\":[{\"@type\":\"CommentAction\",\"name\":\"Comment\",\"target\":[\"https:\/\/www.public.sn\/index.php\/2024\/07\/25\/jo-2024-a-paris-le-president-de-la-republique-apporte-son-dernier-soutien-aux-athletes-senegalais-photos\/#respond\"]}]},{\"@type\":\"WebPage\",\"@id\":\"https:\/\/www.public.sn\/index.php\/2024\/07\/25\/jo-2024-a-paris-le-president-de-la-republique-apporte-son-dernier-soutien-aux-athletes-senegalais-photos\/\",\"url\":\"https:\/\/www.public.sn\/index.php\/2024\/07\/25\/jo-2024-a-paris-le-president-de-la-republique-apporte-son-dernier-soutien-aux-athletes-senegalais-photos\/\",\"name\":\"JO 2024 \u00e0 Paris : Le pr\u00e9sident de la R\u00e9publique apporte son dernier soutien aux athl\u00e8tes s\u00e9n\u00e9galais (photos) - LE PUBLIC\",\"isPartOf\":{\"@id\":\"https:\/\/www.public.sn\/#website\"},\"primaryImageOfPage\":{\"@id\":\"https:\/\/www.public.sn\/index.php\/2024\/07\/25\/jo-2024-a-paris-le-president-de-la-republique-apporte-son-dernier-soutien-aux-athletes-senegalais-photos\/#primaryimage\"},\"image\":{\"@id\":\"https:\/\/www.public.sn\/index.php\/2024\/07\/25\/jo-2024-a-paris-le-president-de-la-republique-apporte-son-dernier-soutien-aux-athletes-senegalais-photos\/#primaryimage\"},\"thumbnailUrl\":\"https:\/\/www.public.sn\/wp-content\/uploads\/2024\/07\/lion-3.jpeg\",\"datePublished\":\"2024-07-25T13:13:13+00:00\",\"breadcrumb\":{\"@id\":\"https:\/\/www.public.sn\/index.php\/2024\/07\/25\/jo-2024-a-paris-le-president-de-la-republique-apporte-son-dernier-soutien-aux-athletes-senegalais-photos\/#breadcrumb\"},\"inLanguage\":\"fr-FR\",\"potentialAction\":[{\"@type\":\"ReadAction\",\"target\":[\"https:\/\/www.public.sn\/index.php\/2024\/07\/25\/jo-2024-a-paris-le-president-de-la-republique-apporte-son-dernier-soutien-aux-athletes-senegalais-photos\/\"]}]},{\"@type\":\"ImageObject\",\"inLanguage\":\"fr-FR\",\"@id\":\"https:\/\/www.public.sn\/index.php\/2024\/07\/25\/jo-2024-a-paris-le-president-de-la-republique-apporte-son-dernier-soutien-aux-athletes-senegalais-photos\/#primaryimage\",\"url\":\"https:\/\/www.public.sn\/wp-content\/uploads\/2024\/07\/lion-3.jpeg\",\"contentUrl\":\"https:\/\/www.public.sn\/wp-content\/uploads\/2024\/07\/lion-3.jpeg\",\"width\":1280,\"height\":853},{\"@type\":\"BreadcrumbList\",\"@id\":\"https:\/\/www.public.sn\/index.php\/2024\/07\/25\/jo-2024-a-paris-le-president-de-la-republique-apporte-son-dernier-soutien-aux-athletes-senegalais-photos\/#breadcrumb\",\"itemListElement\":[{\"@type\":\"ListItem\",\"position\":1,\"name\":\"Accueil\",\"item\":\"https:\/\/www.public.sn\/\"},{\"@type\":\"ListItem\",\"position\":2,\"name\":\"JO 2024 \u00e0 Paris : Le pr\u00e9sident de la R\u00e9publique apporte son dernier soutien aux athl\u00e8tes s\u00e9n\u00e9galais (photos)\"}]},{\"@type\":\"WebSite\",\"@id\":\"https:\/\/www.public.sn\/#website\",\"url\":\"https:\/\/www.public.sn\/\",\"name\":\"LE PUBLIC\",\"description\":\"\",\"publisher\":{\"@id\":\"https:\/\/www.public.sn\/#organization\"},\"potentialAction\":[{\"@type\":\"SearchAction\",\"target\":{\"@type\":\"EntryPoint\",\"urlTemplate\":\"https:\/\/www.public.sn\/?s={search_term_string}\"},\"query-input\":{\"@type\":\"PropertyValueSpecification\",\"valueRequired\":true,\"valueName\":\"search_term_string\"}}],\"inLanguage\":\"fr-FR\"},{\"@type\":\"Organization\",\"@id\":\"https:\/\/www.public.sn\/#organization\",\"name\":\"LE PUBLIC\",\"url\":\"https:\/\/www.public.sn\/\",\"logo\":{\"@type\":\"ImageObject\",\"inLanguage\":\"fr-FR\",\"@id\":\"https:\/\/www.public.sn\/#\/schema\/logo\/image\/\",\"url\":\"https:\/\/www.public.sn\/wp-content\/uploads\/2024\/05\/cropped-LOGO-PUBLIC.SN_.png\",\"contentUrl\":\"https:\/\/www.public.sn\/wp-content\/uploads\/2024\/05\/cropped-LOGO-PUBLIC.SN_.png\",\"width\":682,\"height\":192,\"caption\":\"LE PUBLIC\"},\"image\":{\"@id\":\"https:\/\/www.public.sn\/#\/schema\/logo\/image\/\"}},{\"@type\":\"Person\",\"@id\":\"https:\/\/www.public.sn\/#\/schema\/person\/f77cd9ce05d8fb925eb038378ee6899d\",\"name\":\"Baye Amath THIAM\",\"image\":{\"@type\":\"ImageObject\",\"inLanguage\":\"fr-FR\",\"@id\":\"https:\/\/www.public.sn\/#\/schema\/person\/image\/\",\"url\":\"https:\/\/secure.gravatar.com\/avatar\/7eb863ef1336b6f8a2ad921469701e52f094a61c698fab02f5af742ed813612d?s=96&d=mm&r=g\",\"contentUrl\":\"https:\/\/secure.gravatar.com\/avatar\/7eb863ef1336b6f8a2ad921469701e52f094a61c698fab02f5af742ed813612d?s=96&d=mm&r=g\",\"caption\":\"Baye Amath THIAM\"},\"url\":\"https:\/\/www.public.sn\/index.php\/author\/thiamba24\/\"}]}<\/script>\n<!-- \/ Yoast SEO plugin. -->","yoast_head_json":{"title":"JO 2024 \u00e0 Paris : Le pr\u00e9sident de la R\u00e9publique apporte son dernier soutien aux athl\u00e8tes s\u00e9n\u00e9galais (photos) - LE PUBLIC","robots":{"index":"index","follow":"follow","max-snippet":"max-snippet:-1","max-image-preview":"max-image-preview:large","max-video-preview":"max-video-preview:-1"},"canonical":"https:\/\/www.public.sn\/index.php\/2024\/07\/25\/jo-2024-a-paris-le-president-de-la-republique-apporte-son-dernier-soutien-aux-athletes-senegalais-photos\/","og_locale":"fr_FR","og_type":"article","og_title":"JO 2024 \u00e0 Paris : Le pr\u00e9sident de la R\u00e9publique apporte son dernier soutien aux athl\u00e8tes s\u00e9n\u00e9galais (photos) - LE PUBLIC","og_description":"\u00c0 24 heures de la c\u00e9r\u00e9monie d\u2019ouverture de Paris 2024, le Pr\u00e9sident Bassirou Diomaye Faye a rendu visite aux athl\u00e8tes s\u00e9n\u00e9galais ce jeudi matin au village olympique. En marge de sa visite, le chef de l\u2019\u00c9tat leur a laiss\u00e9 un message d\u2019encouragement : \u201cJe peux vous garantir qu\u2019\u00e0 partir de maintenant, avec ce nouveau gouvernement, nous porterons une attention particuli\u00e8re \u00e0 tous les sportifs qui partent en comp\u00e9tition, car tous les sports se valent. Retenez juste une chose : tout le S\u00e9n\u00e9gal est tr\u00e8s fier de vous. Vous n\u2019entendrez pas mes cris, mais je vous supporterai tous d\u2019o\u00f9 je serai\u201d, a-t-il d\u00e9clar\u00e9 dans un post sur le compte Facebook de la Pr\u00e9sidence.","og_url":"https:\/\/www.public.sn\/index.php\/2024\/07\/25\/jo-2024-a-paris-le-president-de-la-republique-apporte-son-dernier-soutien-aux-athletes-senegalais-photos\/","og_site_name":"LE PUBLIC","article_published_time":"2024-07-25T13:13:13+00:00","og_image":[{"width":1280,"height":853,"url":"https:\/\/www.public.sn\/wp-content\/uploads\/2024\/07\/lion-3.jpeg","type":"image\/jpeg"}],"author":"Baye Amath THIAM","twitter_card":"summary_large_image","twitter_misc":{"\u00c9crit par":"Baye Amath THIAM","Dur\u00e9e de lecture estim\u00e9e":"1 minute"},"schema":{"@context":"https:\/\/schema.org","@graph":[{"@type":"Article","@id":"https:\/\/www.public.sn\/index.php\/2024\/07\/25\/jo-2024-a-paris-le-president-de-la-republique-apporte-son-dernier-soutien-aux-athletes-senegalais-photos\/#article","isPartOf":{"@id":"https:\/\/www.public.sn\/index.php\/2024\/07\/25\/jo-2024-a-paris-le-president-de-la-republique-apporte-son-dernier-soutien-aux-athletes-senegalais-photos\/"},"author":{"name":"Baye Amath THIAM","@id":"https:\/\/www.public.sn\/#\/schema\/person\/f77cd9ce05d8fb925eb038378ee6899d"},"headline":"JO 2024 \u00e0 Paris : Le pr\u00e9sident de la R\u00e9publique apporte son dernier soutien aux athl\u00e8tes s\u00e9n\u00e9galais (photos)","datePublished":"2024-07-25T13:13:13+00:00","mainEntityOfPage":{"@id":"https:\/\/www.public.sn\/index.php\/2024\/07\/25\/jo-2024-a-paris-le-president-de-la-republique-apporte-son-dernier-soutien-aux-athletes-senegalais-photos\/"},"wordCount":144,"commentCount":0,"publisher":{"@id":"https:\/\/www.public.sn\/#organization"},"image":{"@id":"https:\/\/www.public.sn\/index.php\/2024\/07\/25\/jo-2024-a-paris-le-president-de-la-republique-apporte-son-dernier-soutien-aux-athletes-senegalais-photos\/#primaryimage"},"thumbnailUrl":"https:\/\/www.public.sn\/wp-content\/uploads\/2024\/07\/lion-3.jpeg","keywords":["athl\u00e8tes s\u00e9n\u00e9galais","bassirou diomaye faye","JO 2024 \u00e0 Paris","pr\u00e9sident de la r\u00e9publique"],"articleSection":["ACTUALIT\u00c9S","AFRIQUE &amp; MONDE","internationale","M\u00c9DIAS","PHOTOS","PUBLIC TV","SPORTS"],"inLanguage":"fr-FR","potentialAction":[{"@type":"CommentAction","name":"Comment","target":["https:\/\/www.public.sn\/index.php\/2024\/07\/25\/jo-2024-a-paris-le-president-de-la-republique-apporte-son-dernier-soutien-aux-athletes-senegalais-photos\/#respond"]}]},{"@type":"WebPage","@id":"https:\/\/www.public.sn\/index.php\/2024\/07\/25\/jo-2024-a-paris-le-president-de-la-republique-apporte-son-dernier-soutien-aux-athletes-senegalais-photos\/","url":"https:\/\/www.public.sn\/index.php\/2024\/07\/25\/jo-2024-a-paris-le-president-de-la-republique-apporte-son-dernier-soutien-aux-athletes-senegalais-photos\/","name":"JO 2024 \u00e0 Paris : Le pr\u00e9sident de la R\u00e9publique apporte son dernier soutien aux athl\u00e8tes s\u00e9n\u00e9galais (photos) - LE PUBLIC","isPartOf":{"@id":"https:\/\/www.public.sn\/#website"},"primaryImageOfPage":{"@id":"https:\/\/www.public.sn\/index.php\/2024\/07\/25\/jo-2024-a-paris-le-president-de-la-republique-apporte-son-dernier-soutien-aux-athletes-senegalais-photos\/#primaryimage"},"image":{"@id":"https:\/\/www.public.sn\/index.php\/2024\/07\/25\/jo-2024-a-paris-le-president-de-la-republique-apporte-son-dernier-soutien-aux-athletes-senegalais-photos\/#primaryimage"},"thumbnailUrl":"https:\/\/www.public.sn\/wp-content\/uploads\/2024\/07\/lion-3.jpeg","datePublished":"2024-07-25T13:13:13+00:00","breadcrumb":{"@id":"https:\/\/www.public.sn\/index.php\/2024\/07\/25\/jo-2024-a-paris-le-president-de-la-republique-apporte-son-dernier-soutien-aux-athletes-senegalais-photos\/#breadcrumb"},"inLanguage":"fr-FR","potentialAction":[{"@type":"ReadAction","target":["https:\/\/www.public.sn\/index.php\/2024\/07\/25\/jo-2024-a-paris-le-president-de-la-republique-apporte-son-dernier-soutien-aux-athletes-senegalais-photos\/"]}]},{"@type":"ImageObject","inLanguage":"fr-FR","@id":"https:\/\/www.public.sn\/index.php\/2024\/07\/25\/jo-2024-a-paris-le-president-de-la-republique-apporte-son-dernier-soutien-aux-athletes-senegalais-photos\/#primaryimage","url":"https:\/\/www.public.sn\/wp-content\/uploads\/2024\/07\/lion-3.jpeg","contentUrl":"https:\/\/www.public.sn\/wp-content\/uploads\/2024\/07\/lion-3.jpeg","width":1280,"height":853},{"@type":"BreadcrumbList","@id":"https:\/\/www.public.sn\/index.php\/2024\/07\/25\/jo-2024-a-paris-le-president-de-la-republique-apporte-son-dernier-soutien-aux-athletes-senegalais-photos\/#breadcrumb","itemListElement":[{"@type":"ListItem","position":1,"name":"Accueil","item":"https:\/\/www.public.sn\/"},{"@type":"ListItem","position":2,"name":"JO 2024 \u00e0 Paris : Le pr\u00e9sident de la R\u00e9publique apporte son dernier soutien aux athl\u00e8tes s\u00e9n\u00e9galais (photos)"}]},{"@type":"WebSite","@id":"https:\/\/www.public.sn\/#website","url":"https:\/\/www.public.sn\/","name":"LE PUBLIC","description":"","publisher":{"@id":"https:\/\/www.public.sn\/#organization"},"potentialAction":[{"@type":"SearchAction","target":{"@type":"EntryPoint","urlTemplate":"https:\/\/www.public.sn\/?s={search_term_string}"},"query-input":{"@type":"PropertyValueSpecification","valueRequired":true,"valueName":"search_term_string"}}],"inLanguage":"fr-FR"},{"@type":"Organization","@id":"https:\/\/www.public.sn\/#organization","name":"LE PUBLIC","url":"https:\/\/www.public.sn\/","logo":{"@type":"ImageObject","inLanguage":"fr-FR","@id":"https:\/\/www.public.sn\/#\/schema\/logo\/image\/","url":"https:\/\/www.public.sn\/wp-content\/uploads\/2024\/05\/cropped-LOGO-PUBLIC.SN_.png","contentUrl":"https:\/\/www.public.sn\/wp-content\/uploads\/2024\/05\/cropped-LOGO-PUBLIC.SN_.png","width":682,"height":192,"caption":"LE PUBLIC"},"image":{"@id":"https:\/\/www.public.sn\/#\/schema\/logo\/image\/"}},{"@type":"Person","@id":"https:\/\/www.public.sn\/#\/schema\/person\/f77cd9ce05d8fb925eb038378ee6899d","name":"Baye Amath THIAM","image":{"@type":"ImageObject","inLanguage":"fr-FR","@id":"https:\/\/www.public.sn\/#\/schema\/person\/image\/","url":"https:\/\/secure.gravatar.com\/avatar\/7eb863ef1336b6f8a2ad921469701e52f094a61c698fab02f5af742ed813612d?s=96&d=mm&r=g","contentUrl":"https:\/\/secure.gravatar.com\/avatar\/7eb863ef1336b6f8a2ad921469701e52f094a61c698fab02f5af742ed813612d?s=96&d=mm&r=g","caption":"Baye Amath THIAM"},"url":"https:\/\/www.public.sn\/index.php\/author\/thiamba24\/"}]}},"jetpack_featured_media_url":"https:\/\/www.public.sn\/wp-content\/uploads\/2024\/07\/lion-3.jpeg","jetpack_sharing_enabled":true,"_links":{"self":[{"href":"https:\/\/www.public.sn\/index.php\/wp-json\/wp\/v2\/posts\/34702","targetHints":{"allow":["GET"]}}],"collection":[{"href":"https:\/\/www.public.sn\/index.php\/wp-json\/wp\/v2\/posts"}],"about":[{"href":"https:\/\/www.public.sn\/index.php\/wp-json\/wp\/v2\/types\/post"}],"author":[{"embeddable":true,"href":"https:\/\/www.public.sn\/index.php\/wp-json\/wp\/v2\/users\/15"}],"replies":[{"embeddable":true,"href":"https:\/\/www.public.sn\/index.php\/wp-json\/wp\/v2\/comments?post=34702"}],"version-history":[{"count":1,"href":"https:\/\/www.public.sn\/index.php\/wp-json\/wp\/v2\/posts\/34702\/revisions"}],"predecessor-version":[{"id":34707,"href":"https:\/\/www.public.sn\/index.php\/wp-json\/wp\/v2\/posts\/34702\/revisions\/34707"}],"wp:featuredmedia":[{"embeddable":true,"href":"https:\/\/www.public.sn\/index.php\/wp-json\/wp\/v2\/media\/34706"}],"wp:attachment":[{"href":"https:\/\/www.public.sn\/index.php\/wp-json\/wp\/v2\/media?parent=34702"}],"wp:term":[{"taxonomy":"category","embeddable":true,"href":"https:\/\/www.public.sn\/index.php\/wp-json\/wp\/v2\/categories?post=34702"},{"taxonomy":"post_tag","embeddable":true,"href":"https:\/\/www.public.sn\/index.php\/wp-json\/wp\/v2\/tags?post=34702"}],"curies":[{"name":"wp","href":"https:\/\/api.w.org\/{rel}","templated":true}]}}