{"id":34727,"date":"2024-07-25T20:46:15","date_gmt":"2024-07-25T20:46:15","guid":{"rendered":"https:\/\/www.public.sn\/?p=34727"},"modified":"2024-07-25T20:47:38","modified_gmt":"2024-07-25T20:47:38","slug":"diffamation-fond-covid-19-devant-la-barre-aminata-toure-persiste-et-signe-cest-mansour-faye-qui-doit","status":"publish","type":"post","link":"https:\/\/www.public.sn\/index.php\/2024\/07\/25\/diffamation-fond-covid-19-devant-la-barre-aminata-toure-persiste-et-signe-cest-mansour-faye-qui-doit\/","title":{"rendered":"Diffamation Fond COVID &#8211; 19 : Devant la Barre, Aminata Tour\u00e9 persiste et signe : \u00ab c\u2019est Mansour Faye qui doit \u2026. \u00bb"},"content":{"rendered":"<p>Le proc\u00e8s de diffamation opposant l\u2019ancien ministre des Transports Mansour Faye \u00e0 l\u2019ancien Premier ministre, Amina Tour\u00e9 a \u00e9t\u00e9 statu\u00e9, ce jeudi 05 juillet 2024, devant la barre du Tribunal de grande instance hors classe de Dakar.<\/p><div class=\"publi-paragraphe1\" style=\"margin-top: 10px;margin-bottom: 10px;margin-left: auto;margin-right: auto;text-align: center;\" id=\"publi-4171502094\"><div class=\"publi-adlabel\">Publicit\u00e9<\/div><script async src=\"\/\/pagead2.googlesyndication.com\/pagead\/js\/adsbygoogle.js?client=ca-pub-4089586018074219\" crossorigin=\"anonymous\"><\/script><ins class=\"adsbygoogle\" style=\"display:block;\" data-ad-client=\"ca-pub-4089586018074219\" \ndata-ad-slot=\"2087940154\" \ndata-ad-format=\"auto\"><\/ins>\n<script> \n(adsbygoogle = window.adsbygoogle || []).push({}); \n<\/script>\n<\/div>\n<p>Tra\u00een\u00e9e devant la barre du tribunal correctionnel de Dakar pour les faits de diffamation au pr\u00e9judice de Mansour Faye, Aminata Tour\u00e9 dite Mimi s\u2019est d\u00e9fendue. Face au juge, ce jeudi, elle a assum\u00e9 ses propos. Mieux, elle a d\u00e9clar\u00e9 qu\u2019elle n\u2019a aucune excuse \u00e0 pr\u00e9senter au plaignant. Et que c\u2019est ce dernier qui doit pr\u00e9senter des excuses au peuple s\u00e9n\u00e9galais.<\/p>\n<p>Invit\u00e9e \u00e0 confirmer la propri\u00e9t\u00e9 du post partag\u00e9 sur les r\u00e9seaux sociaux, Mimi Tour\u00e9 est cash : \u00ab J\u2019ai absolument \u00e9crit cela. Cette affaire est la suite d\u2019une longue s\u00e9rie de harc\u00e8lements du pr\u00e9sident de la R\u00e9publique Macky Sall dont Mansour Faye n\u2019est qu\u2019une infime partie. Je l\u2019ai dit, Macky Sall est le premier responsable \u00bb.<\/p>\n<p>Membre de la coalition Diomaye-Pr\u00e9sident, Mimi Tour\u00e9 avait accus\u00e9 l\u2019ancien ministre du D\u00e9veloppement communautaire, de l&rsquo;\u00c9quit\u00e9 sociale et territoriale sur sa gestion des fonds de Covid-19. \u00ab Je suis la responsable du post partag\u00e9 sur les r\u00e9seaux sociaux. Cette affaire est la suite d\u2019une longue s\u00e9rie de harc\u00e8lements du pr\u00e9sident de la R\u00e9publique Macky Sall dont Mansour Faye n\u2019est qu\u2019une infime partie. Je me suis bas\u00e9e sur les conclusions du rapport d\u00e9finitif de la Cour des comptes sur les 1000 milliards de fonds force covid-19 notamment \u00e0 la page 100-101 pour \u00e9tayer mes propos et acculer Amadou Mansour Faye \u00bb, a-t-elle servi, d\u2019apr\u00e8s Dakaractu. Avant de faire remarquer : \u00abJe ne suis pas la seule \u00e0 l\u2019avoir dit, des centaines de S\u00e9n\u00e9galais l\u2019ont dit, des centaines de journalistes l\u2019ont dit. C\u2019est un carnage financier et cela renvoie \u00e0 la surfacturation \u00bb. <\/p>\n<p>Aminata Tour\u00e9 de poursuivre : \u00abPour le cas pr\u00e9cis, il est dit dans le rapport qu\u2019il y a une surfacturation en riz pour 2,7 milliards de FCFA. Je ne suis pas la seule \u00e0 le dire, 20 d\u00e9put\u00e9s ont \u00e9galement demand\u00e9 \u00e0 ce que Mansour Faye soit traduit devant la haute Cour de justice de la CEDEAO. Il s\u2019agit de 2,5 millions de surfacturation en riz avec 2,399 milliards de FCFA pendant que certains mourraient dans les h\u00f4pitaux et d\u2019autres mourraient de faim. Avec cette somme, on pouvait construire des h\u00f4pitaux\u00bb. L\u2019ancienne pr\u00e9sidente du Conseil \u00e9conomique social et environnement (CESE) ne recule pas. Elle soutient que le rapport dit plus. \u00abJe me suis indign\u00e9e et j\u2019ai demand\u00e9 \u00e0 nos autorit\u00e9s de faire la lumi\u00e8re sur cette affaire<\/p>\n<p>Aminata Tour\u00e9 s\u2019est bas\u00e9e sur les conclusions du rapport d\u00e9finitif de la Cour des comptes sur les 1 000 milliards de fonds Force Covid-19, notamment aux pages 100 et 101, pour \u00e9tayer ses propos et accuser Mansour Faye. \u00ab Je ne suis pas la seule \u00e0 l\u2019avoir dit, des centaines de S\u00e9n\u00e9galais l\u2019ont dit, des centaines de journalistes l\u2019ont dit \u00bb, a ajout\u00e9 Aminata Tour\u00e9, rapporte Dakaractu.<\/p>\n<p>Dans ce proc\u00e8s pour diffamation, le rapport d\u00e9finitif de la Cour des comptes sur les 1 000 milliards FCFA des fonds Force Covid-19 a \u00e9t\u00e9 au c\u0153ur des d\u00e9bats. Interpell\u00e9e par le procureur qui d\u00e9clare : \u00ab Vous \u00e9voquez le mot \u2018carnage\u2019. Cela renvoie \u00e0 quoi ? \u00bb<\/p>\n<p>Aminata Tour\u00e9 de r\u00e9pondre : \u00ab Cela renvoie \u00e0 la surfacturation. Pour le cas pr\u00e9cis, il est dit dans le rapport qu\u2019il y a une surfacturation en riz pour 2,7 milliards FCFA. Je ne suis pas la seule \u00e0 le dire, 20 d\u00e9put\u00e9s ont \u00e9galement demand\u00e9 \u00e0 ce que Mansour Faye soit traduit devant la Haute Cour de justice (\u2026) il s\u2019agit de 2,5 millions de surfacturation en riz avec 2,399 milliards, pendant que certains mourraient dans les h\u00f4pitaux et d\u2019autres mourraient de faim. Avec cette somme, on pouvait construire des h\u00f4pitaux \u00bb.<\/p>\n<p>\u00c0 la question d\u2019un conseil de la partie civile \u00e0 savoir si le rapport de la Cour des comptes indique que Mansour Faye est coupable, l\u2019ancienne Pr\u00e9sidente du CESE a d\u00e9clar\u00e9 que le rapport indique clairement que le minist\u00e8re de l\u2019\u00c9quit\u00e9 sociale, dirig\u00e9 par Mansour Faye, a fait une surfacturation de 2 milliards FCFA en riz.<\/p>\n<p>L\u2019avocat ajoute : \u00ab Est-ce que Mansour Faye seulement travaille au minist\u00e8re ? \u00bb Aminata Tour\u00e9 r\u00e9pond : \u00ab Depuis quelques ann\u00e9es, les ministres sont ordonnateurs des d\u00e9penses. Une personne ne pouvait pas \u00eatre engag\u00e9e sans l\u2019approbation du ministre en question \u00bb. L\u2019avocat relance en lui demandant si, dans le rapport, le mot \u00ab carnage financier \u00bb a \u00e9t\u00e9 utilis\u00e9. Mimi Tour\u00e9 affirme qu\u2019elle parle de commentaire avec l\u2019utilisation du mot \u00ab carnage \u00bb.<\/p>\n<p>Avant d\u2019ajouter : \u00ab Le rapport fait mieux. Il constate qu\u2019il y a une surfacturation. C\u2019est un commentaire qui sied \u00e0 son mot. Je me suis indign\u00e9e et j\u2019ai demand\u00e9 \u00e0 nos autorit\u00e9s de faire la lumi\u00e8re sur cette affaire \u00bb.<\/p>\n<p>La partie civile a poursuivi en lui demandant si elle \u00e9tait pr\u00eate \u00e0 pr\u00e9senter des excuses en cas de culpabilit\u00e9 ; elle en a profit\u00e9 pour clamer son innocence. \u00ab Je n\u2019ai aucune excuse \u00e0 pr\u00e9senter, c\u2019est Mansour Faye qui doit pr\u00e9senter des excuses au peuple s\u00e9n\u00e9galais. Je consid\u00e8re que je ne devrais pas \u00eatre l\u00e0 \u00bb, a soutenu, devant la barre, l\u2019ancienne pr\u00e9sidente du Conseil \u00e9conomique, social et environnemental (CESE), rapporte Dakaractu.<\/p>\n<div class=\"publi-apres-le-contenu\" style=\"margin-top: 10px;margin-bottom: 10px;margin-left: auto;margin-right: auto;text-align: center;\" id=\"publi-2620298061\"><div class=\"publi-adlabel\">Publicit\u00e9<\/div><script async src=\"\/\/pagead2.googlesyndication.com\/pagead\/js\/adsbygoogle.js?client=ca-pub-4089586018074219\" crossorigin=\"anonymous\"><\/script><ins class=\"adsbygoogle\" style=\"display:block;\" data-ad-client=\"ca-pub-4089586018074219\" \ndata-ad-slot=\"2087940154\" \ndata-ad-format=\"auto\"><\/ins>\n<script> \n(adsbygoogle = window.adsbygoogle || []).push({}); \n<\/script>\n<\/div>","protected":false},"excerpt":{"rendered":"<p>Le proc\u00e8s de diffamation opposant l\u2019ancien ministre des Transports Mansour Faye \u00e0 l\u2019ancien Premier ministre, Amina Tour\u00e9 a \u00e9t\u00e9 statu\u00e9, ce jeudi 05 juillet 2024, devant la barre du Tribunal de grande instance hors classe de Dakar. Tra\u00een\u00e9e devant la barre du tribunal correctionnel de Dakar pour les faits de diffamation au pr\u00e9judice de Mansour Faye, Aminata Tour\u00e9 dite Mimi s\u2019est d\u00e9fendue. Face au juge, ce jeudi, elle a assum\u00e9 ses propos. Mieux, elle a d\u00e9clar\u00e9 qu\u2019elle n\u2019a aucune excuse \u00e0 pr\u00e9senter au plaignant. Et que c\u2019est ce dernier qui doit pr\u00e9senter des excuses au peuple s\u00e9n\u00e9galais. Invit\u00e9e \u00e0 confirmer la propri\u00e9t\u00e9 du post partag\u00e9 sur les r\u00e9seaux sociaux, Mimi Tour\u00e9 est cash : \u00ab J\u2019ai absolument \u00e9crit cela. Cette affaire est la suite d\u2019une longue s\u00e9rie de harc\u00e8lements du pr\u00e9sident de la R\u00e9publique Macky Sall dont Mansour Faye n\u2019est qu\u2019une infime partie. Je l\u2019ai dit, Macky Sall est le premier responsable \u00bb. Membre de la coalition Diomaye-Pr\u00e9sident, Mimi Tour\u00e9 avait accus\u00e9 l\u2019ancien ministre du D\u00e9veloppement communautaire, de l&rsquo;\u00c9quit\u00e9 sociale et territoriale sur sa gestion des fonds de Covid-19. \u00ab Je suis la responsable du post partag\u00e9 sur les r\u00e9seaux sociaux. Cette affaire est la suite d\u2019une longue s\u00e9rie de harc\u00e8lements du pr\u00e9sident de la R\u00e9publique Macky Sall dont Mansour Faye n\u2019est qu\u2019une infime partie. Je me suis bas\u00e9e sur les conclusions du rapport d\u00e9finitif de la Cour des comptes sur les 1000 milliards de fonds force covid-19 notamment \u00e0 la page 100-101 pour \u00e9tayer mes propos et acculer Amadou Mansour Faye \u00bb, a-t-elle servi, d\u2019apr\u00e8s Dakaractu. Avant de faire remarquer : \u00abJe ne suis pas la seule \u00e0 l\u2019avoir dit, des centaines de S\u00e9n\u00e9galais l\u2019ont dit, des centaines de journalistes l\u2019ont dit. C\u2019est un carnage financier et cela renvoie \u00e0 la surfacturation \u00bb. Aminata Tour\u00e9 de poursuivre : \u00abPour le cas pr\u00e9cis, il est dit dans le rapport qu\u2019il y a une surfacturation en riz pour 2,7 milliards de FCFA. Je ne suis pas la seule \u00e0 le dire, 20 d\u00e9put\u00e9s ont \u00e9galement demand\u00e9 \u00e0 ce que Mansour Faye soit traduit devant la haute Cour de justice de la CEDEAO. Il s\u2019agit de 2,5 millions de surfacturation en riz avec 2,399 milliards de FCFA pendant que certains mourraient dans les h\u00f4pitaux et d\u2019autres mourraient de faim. Avec cette somme, on pouvait construire des h\u00f4pitaux\u00bb. L\u2019ancienne pr\u00e9sidente du Conseil \u00e9conomique social et environnement (CESE) ne recule pas. Elle soutient que le rapport dit plus. \u00abJe me suis indign\u00e9e et j\u2019ai demand\u00e9 \u00e0 nos autorit\u00e9s de faire la lumi\u00e8re sur cette affaire Aminata Tour\u00e9 s\u2019est bas\u00e9e sur les conclusions du rapport d\u00e9finitif de la Cour des comptes sur les 1 000 milliards de fonds Force Covid-19, notamment aux pages 100 et 101, pour \u00e9tayer ses propos et accuser Mansour Faye. \u00ab Je ne suis pas la seule \u00e0 l\u2019avoir dit, des centaines de S\u00e9n\u00e9galais l\u2019ont dit, des centaines de journalistes l\u2019ont dit \u00bb, a ajout\u00e9 Aminata Tour\u00e9, rapporte Dakaractu. Dans ce proc\u00e8s pour diffamation, le rapport d\u00e9finitif de la Cour des comptes sur les 1 000 milliards FCFA des fonds Force Covid-19 a \u00e9t\u00e9 au c\u0153ur des d\u00e9bats. Interpell\u00e9e par le procureur qui d\u00e9clare : \u00ab Vous \u00e9voquez le mot \u2018carnage\u2019. Cela renvoie \u00e0 quoi ? \u00bb Aminata Tour\u00e9 de r\u00e9pondre : \u00ab Cela renvoie \u00e0 la surfacturation. Pour le cas pr\u00e9cis, il est dit dans le rapport qu\u2019il y a une surfacturation en riz pour 2,7 milliards FCFA. Je ne suis pas la seule \u00e0 le dire, 20 d\u00e9put\u00e9s ont \u00e9galement demand\u00e9 \u00e0 ce que Mansour Faye soit traduit devant la Haute Cour de justice (\u2026) il s\u2019agit de 2,5 millions de surfacturation en riz avec 2,399 milliards, pendant que certains mourraient dans les h\u00f4pitaux et d\u2019autres mourraient de faim. Avec cette somme, on pouvait construire des h\u00f4pitaux \u00bb. \u00c0 la question d\u2019un conseil de la partie civile \u00e0 savoir si le rapport de la Cour des comptes indique que Mansour Faye est coupable, l\u2019ancienne Pr\u00e9sidente du CESE a d\u00e9clar\u00e9 que le rapport indique clairement que le minist\u00e8re de l\u2019\u00c9quit\u00e9 sociale, dirig\u00e9 par Mansour Faye, a fait une surfacturation de 2 milliards FCFA en riz. L\u2019avocat ajoute : \u00ab Est-ce que Mansour Faye seulement travaille au minist\u00e8re ? \u00bb Aminata Tour\u00e9 r\u00e9pond : \u00ab Depuis quelques ann\u00e9es, les ministres sont ordonnateurs des d\u00e9penses. Une personne ne pouvait pas \u00eatre engag\u00e9e sans l\u2019approbation du ministre en question \u00bb. L\u2019avocat relance en lui demandant si, dans le rapport, le mot \u00ab carnage financier \u00bb a \u00e9t\u00e9 utilis\u00e9. Mimi Tour\u00e9 affirme qu\u2019elle parle de commentaire avec l\u2019utilisation du mot \u00ab carnage \u00bb. Avant d\u2019ajouter : \u00ab Le rapport fait mieux. Il constate qu\u2019il y a une surfacturation. C\u2019est un commentaire qui sied \u00e0 son mot. Je me suis indign\u00e9e et j\u2019ai demand\u00e9 \u00e0 nos autorit\u00e9s de faire la lumi\u00e8re sur cette affaire \u00bb. La partie civile a poursuivi en lui demandant si elle \u00e9tait pr\u00eate \u00e0 pr\u00e9senter des excuses en cas de culpabilit\u00e9 ; elle en a profit\u00e9 pour clamer son innocence. \u00ab Je n\u2019ai aucune excuse \u00e0 pr\u00e9senter, c\u2019est Mansour Faye qui doit pr\u00e9senter des excuses au peuple s\u00e9n\u00e9galais. Je consid\u00e8re que je ne devrais pas \u00eatre l\u00e0 \u00bb, a soutenu, devant la barre, l\u2019ancienne pr\u00e9sidente du Conseil \u00e9conomique, social et environnemental (CESE), rapporte Dakaractu.<\/p>\n","protected":false},"author":15,"featured_media":34731,"comment_status":"open","ping_status":"open","sticky":false,"template":"","format":"standard","meta":{"_jetpack_memberships_contains_paid_content":false,"footnotes":""},"categories":[375,550,549,4222,3728,3724,3,376,1,4],"tags":[7142,7140,7141,7143,7144,7139,7138],"class_list":["post-34727","post","type-post","status-publish","format-standard","has-post-thumbnail","hentry","category-actualites","category-afrique-monde","category-economie","category-infrastructures","category-internationale","category-justice","category-politique","category-securite-justice","category-non-classe","category-societe","tag-a-ete-statue","tag-a-lancien-premier-ministre","tag-amina-toure","tag-ce-jeudi-05-juillet-2024","tag-devant-la-barre-du-tribunal-de-grande-instance-hors-classe-de-dakar","tag-lancien-ministre-des-transports-mansour-faye","tag-le-proces-de-diffamation-opposant-lancien-ministre-des-transports-mansour-faye","entry","has-media","owp-thumbs-layout-horizontal","owp-btn-normal","owp-tabs-layout-horizontal","has-no-thumbnails","has-product-nav"],"yoast_head":"<!-- This site is optimized with the Yoast SEO plugin v25.5 - https:\/\/yoast.com\/wordpress\/plugins\/seo\/ -->\n<title>Diffamation Fond COVID - 19 : Devant la Barre, Aminata Tour\u00e9 persiste et signe : \u00ab c\u2019est Mansour Faye qui doit \u2026. \u00bb - LE PUBLIC<\/title>\n<meta name=\"robots\" content=\"index, follow, max-snippet:-1, max-image-preview:large, max-video-preview:-1\" \/>\n<link rel=\"canonical\" href=\"https:\/\/www.public.sn\/index.php\/2024\/07\/25\/diffamation-fond-covid-19-devant-la-barre-aminata-toure-persiste-et-signe-cest-mansour-faye-qui-doit\/\" \/>\n<meta property=\"og:locale\" content=\"fr_FR\" \/>\n<meta property=\"og:type\" content=\"article\" \/>\n<meta property=\"og:title\" content=\"Diffamation Fond COVID - 19 : Devant la Barre, Aminata Tour\u00e9 persiste et signe : \u00ab c\u2019est Mansour Faye qui doit \u2026. \u00bb - LE PUBLIC\" \/>\n<meta property=\"og:description\" content=\"Le proc\u00e8s de diffamation opposant l\u2019ancien ministre des Transports Mansour Faye \u00e0 l\u2019ancien Premier ministre, Amina Tour\u00e9 a \u00e9t\u00e9 statu\u00e9, ce jeudi 05 juillet 2024, devant la barre du Tribunal de grande instance hors classe de Dakar. Tra\u00een\u00e9e devant la barre du tribunal correctionnel de Dakar pour les faits de diffamation au pr\u00e9judice de Mansour Faye, Aminata Tour\u00e9 dite Mimi s\u2019est d\u00e9fendue. Face au juge, ce jeudi, elle a assum\u00e9 ses propos. Mieux, elle a d\u00e9clar\u00e9 qu\u2019elle n\u2019a aucune excuse \u00e0 pr\u00e9senter au plaignant. Et que c\u2019est ce dernier qui doit pr\u00e9senter des excuses au peuple s\u00e9n\u00e9galais. Invit\u00e9e \u00e0 confirmer la propri\u00e9t\u00e9 du post partag\u00e9 sur les r\u00e9seaux sociaux, Mimi Tour\u00e9 est cash : \u00ab J\u2019ai absolument \u00e9crit cela. Cette affaire est la suite d\u2019une longue s\u00e9rie de harc\u00e8lements du pr\u00e9sident de la R\u00e9publique Macky Sall dont Mansour Faye n\u2019est qu\u2019une infime partie. Je l\u2019ai dit, Macky Sall est le premier responsable \u00bb. Membre de la coalition Diomaye-Pr\u00e9sident, Mimi Tour\u00e9 avait accus\u00e9 l\u2019ancien ministre du D\u00e9veloppement communautaire, de l&rsquo;\u00c9quit\u00e9 sociale et territoriale sur sa gestion des fonds de Covid-19. \u00ab Je suis la responsable du post partag\u00e9 sur les r\u00e9seaux sociaux. Cette affaire est la suite d\u2019une longue s\u00e9rie de harc\u00e8lements du pr\u00e9sident de la R\u00e9publique Macky Sall dont Mansour Faye n\u2019est qu\u2019une infime partie. Je me suis bas\u00e9e sur les conclusions du rapport d\u00e9finitif de la Cour des comptes sur les 1000 milliards de fonds force covid-19 notamment \u00e0 la page 100-101 pour \u00e9tayer mes propos et acculer Amadou Mansour Faye \u00bb, a-t-elle servi, d\u2019apr\u00e8s Dakaractu. Avant de faire remarquer : \u00abJe ne suis pas la seule \u00e0 l\u2019avoir dit, des centaines de S\u00e9n\u00e9galais l\u2019ont dit, des centaines de journalistes l\u2019ont dit. C\u2019est un carnage financier et cela renvoie \u00e0 la surfacturation \u00bb. Aminata Tour\u00e9 de poursuivre : \u00abPour le cas pr\u00e9cis, il est dit dans le rapport qu\u2019il y a une surfacturation en riz pour 2,7 milliards de FCFA. Je ne suis pas la seule \u00e0 le dire, 20 d\u00e9put\u00e9s ont \u00e9galement demand\u00e9 \u00e0 ce que Mansour Faye soit traduit devant la haute Cour de justice de la CEDEAO. Il s\u2019agit de 2,5 millions de surfacturation en riz avec 2,399 milliards de FCFA pendant que certains mourraient dans les h\u00f4pitaux et d\u2019autres mourraient de faim. Avec cette somme, on pouvait construire des h\u00f4pitaux\u00bb. L\u2019ancienne pr\u00e9sidente du Conseil \u00e9conomique social et environnement (CESE) ne recule pas. Elle soutient que le rapport dit plus. \u00abJe me suis indign\u00e9e et j\u2019ai demand\u00e9 \u00e0 nos autorit\u00e9s de faire la lumi\u00e8re sur cette affaire Aminata Tour\u00e9 s\u2019est bas\u00e9e sur les conclusions du rapport d\u00e9finitif de la Cour des comptes sur les 1 000 milliards de fonds Force Covid-19, notamment aux pages 100 et 101, pour \u00e9tayer ses propos et accuser Mansour Faye. \u00ab Je ne suis pas la seule \u00e0 l\u2019avoir dit, des centaines de S\u00e9n\u00e9galais l\u2019ont dit, des centaines de journalistes l\u2019ont dit \u00bb, a ajout\u00e9 Aminata Tour\u00e9, rapporte Dakaractu. Dans ce proc\u00e8s pour diffamation, le rapport d\u00e9finitif de la Cour des comptes sur les 1 000 milliards FCFA des fonds Force Covid-19 a \u00e9t\u00e9 au c\u0153ur des d\u00e9bats. Interpell\u00e9e par le procureur qui d\u00e9clare : \u00ab Vous \u00e9voquez le mot \u2018carnage\u2019. Cela renvoie \u00e0 quoi ? \u00bb Aminata Tour\u00e9 de r\u00e9pondre : \u00ab Cela renvoie \u00e0 la surfacturation. Pour le cas pr\u00e9cis, il est dit dans le rapport qu\u2019il y a une surfacturation en riz pour 2,7 milliards FCFA. Je ne suis pas la seule \u00e0 le dire, 20 d\u00e9put\u00e9s ont \u00e9galement demand\u00e9 \u00e0 ce que Mansour Faye soit traduit devant la Haute Cour de justice (\u2026) il s\u2019agit de 2,5 millions de surfacturation en riz avec 2,399 milliards, pendant que certains mourraient dans les h\u00f4pitaux et d\u2019autres mourraient de faim. Avec cette somme, on pouvait construire des h\u00f4pitaux \u00bb. \u00c0 la question d\u2019un conseil de la partie civile \u00e0 savoir si le rapport de la Cour des comptes indique que Mansour Faye est coupable, l\u2019ancienne Pr\u00e9sidente du CESE a d\u00e9clar\u00e9 que le rapport indique clairement que le minist\u00e8re de l\u2019\u00c9quit\u00e9 sociale, dirig\u00e9 par Mansour Faye, a fait une surfacturation de 2 milliards FCFA en riz. L\u2019avocat ajoute : \u00ab Est-ce que Mansour Faye seulement travaille au minist\u00e8re ? \u00bb Aminata Tour\u00e9 r\u00e9pond : \u00ab Depuis quelques ann\u00e9es, les ministres sont ordonnateurs des d\u00e9penses. Une personne ne pouvait pas \u00eatre engag\u00e9e sans l\u2019approbation du ministre en question \u00bb. L\u2019avocat relance en lui demandant si, dans le rapport, le mot \u00ab carnage financier \u00bb a \u00e9t\u00e9 utilis\u00e9. Mimi Tour\u00e9 affirme qu\u2019elle parle de commentaire avec l\u2019utilisation du mot \u00ab carnage \u00bb. Avant d\u2019ajouter : \u00ab Le rapport fait mieux. Il constate qu\u2019il y a une surfacturation. C\u2019est un commentaire qui sied \u00e0 son mot. Je me suis indign\u00e9e et j\u2019ai demand\u00e9 \u00e0 nos autorit\u00e9s de faire la lumi\u00e8re sur cette affaire \u00bb. La partie civile a poursuivi en lui demandant si elle \u00e9tait pr\u00eate \u00e0 pr\u00e9senter des excuses en cas de culpabilit\u00e9 ; elle en a profit\u00e9 pour clamer son innocence. \u00ab Je n\u2019ai aucune excuse \u00e0 pr\u00e9senter, c\u2019est Mansour Faye qui doit pr\u00e9senter des excuses au peuple s\u00e9n\u00e9galais. Je consid\u00e8re que je ne devrais pas \u00eatre l\u00e0 \u00bb, a soutenu, devant la barre, l\u2019ancienne pr\u00e9sidente du Conseil \u00e9conomique, social et environnemental (CESE), rapporte Dakaractu.\" \/>\n<meta property=\"og:url\" content=\"https:\/\/www.public.sn\/index.php\/2024\/07\/25\/diffamation-fond-covid-19-devant-la-barre-aminata-toure-persiste-et-signe-cest-mansour-faye-qui-doit\/\" \/>\n<meta property=\"og:site_name\" content=\"LE PUBLIC\" \/>\n<meta property=\"article:published_time\" content=\"2024-07-25T20:46:15+00:00\" \/>\n<meta property=\"article:modified_time\" content=\"2024-07-25T20:47:38+00:00\" \/>\n<meta property=\"og:image\" content=\"https:\/\/www.public.sn\/wp-content\/uploads\/2024\/07\/81785988-58848538-1.jpg\" \/>\n\t<meta property=\"og:image:width\" content=\"612\" \/>\n\t<meta property=\"og:image:height\" content=\"298\" \/>\n\t<meta property=\"og:image:type\" content=\"image\/jpeg\" \/>\n<meta name=\"author\" content=\"Baye Amath THIAM\" \/>\n<meta name=\"twitter:card\" content=\"summary_large_image\" \/>\n<meta name=\"twitter:label1\" content=\"\u00c9crit par\" \/>\n\t<meta name=\"twitter:data1\" content=\"Baye Amath THIAM\" \/>\n\t<meta name=\"twitter:label2\" content=\"Dur\u00e9e de lecture estim\u00e9e\" \/>\n\t<meta name=\"twitter:data2\" content=\"5 minutes\" \/>\n<script type=\"application\/ld+json\" class=\"yoast-schema-graph\">{\"@context\":\"https:\/\/schema.org\",\"@graph\":[{\"@type\":\"Article\",\"@id\":\"https:\/\/www.public.sn\/index.php\/2024\/07\/25\/diffamation-fond-covid-19-devant-la-barre-aminata-toure-persiste-et-signe-cest-mansour-faye-qui-doit\/#article\",\"isPartOf\":{\"@id\":\"https:\/\/www.public.sn\/index.php\/2024\/07\/25\/diffamation-fond-covid-19-devant-la-barre-aminata-toure-persiste-et-signe-cest-mansour-faye-qui-doit\/\"},\"author\":{\"name\":\"Baye Amath THIAM\",\"@id\":\"https:\/\/www.public.sn\/#\/schema\/person\/f77cd9ce05d8fb925eb038378ee6899d\"},\"headline\":\"Diffamation Fond COVID &#8211; 19 : Devant la Barre, Aminata Tour\u00e9 persiste et signe : \u00ab c\u2019est Mansour Faye qui doit \u2026. \u00bb\",\"datePublished\":\"2024-07-25T20:46:15+00:00\",\"dateModified\":\"2024-07-25T20:47:38+00:00\",\"mainEntityOfPage\":{\"@id\":\"https:\/\/www.public.sn\/index.php\/2024\/07\/25\/diffamation-fond-covid-19-devant-la-barre-aminata-toure-persiste-et-signe-cest-mansour-faye-qui-doit\/\"},\"wordCount\":939,\"commentCount\":0,\"publisher\":{\"@id\":\"https:\/\/www.public.sn\/#organization\"},\"image\":{\"@id\":\"https:\/\/www.public.sn\/index.php\/2024\/07\/25\/diffamation-fond-covid-19-devant-la-barre-aminata-toure-persiste-et-signe-cest-mansour-faye-qui-doit\/#primaryimage\"},\"thumbnailUrl\":\"https:\/\/www.public.sn\/wp-content\/uploads\/2024\/07\/81785988-58848538-1.jpg\",\"keywords\":[\"a \u00e9t\u00e9 statu\u00e9\",\"\u00e0 l\u2019ancien Premier ministre\",\"Amina Tour\u00e9\",\"ce jeudi 05 juillet 2024\",\"devant la barre du Tribunal de grande instance hors classe de Dakar.\",\"l\u2019ancien ministre des Transports Mansour Faye\",\"Le proc\u00e8s de diffamation opposant l\u2019ancien ministre des Transports Mansour Faye\"],\"articleSection\":[\"ACTUALIT\u00c9S\",\"AFRIQUE &amp; MONDE\",\"\u00c9CONOMIE\",\"INFRASTRUCTURES\",\"internationale\",\"justice\",\"POLITIQUE\",\"S\u00c9CURIT\u00c9 &amp; JUSTICE\",\"S\u00c9N\u00c9GAL\",\"SOCIETE\"],\"inLanguage\":\"fr-FR\",\"potentialAction\":[{\"@type\":\"CommentAction\",\"name\":\"Comment\",\"target\":[\"https:\/\/www.public.sn\/index.php\/2024\/07\/25\/diffamation-fond-covid-19-devant-la-barre-aminata-toure-persiste-et-signe-cest-mansour-faye-qui-doit\/#respond\"]}]},{\"@type\":\"WebPage\",\"@id\":\"https:\/\/www.public.sn\/index.php\/2024\/07\/25\/diffamation-fond-covid-19-devant-la-barre-aminata-toure-persiste-et-signe-cest-mansour-faye-qui-doit\/\",\"url\":\"https:\/\/www.public.sn\/index.php\/2024\/07\/25\/diffamation-fond-covid-19-devant-la-barre-aminata-toure-persiste-et-signe-cest-mansour-faye-qui-doit\/\",\"name\":\"Diffamation Fond COVID - 19 : Devant la Barre, Aminata Tour\u00e9 persiste et signe : \u00ab c\u2019est Mansour Faye qui doit \u2026. \u00bb - LE PUBLIC\",\"isPartOf\":{\"@id\":\"https:\/\/www.public.sn\/#website\"},\"primaryImageOfPage\":{\"@id\":\"https:\/\/www.public.sn\/index.php\/2024\/07\/25\/diffamation-fond-covid-19-devant-la-barre-aminata-toure-persiste-et-signe-cest-mansour-faye-qui-doit\/#primaryimage\"},\"image\":{\"@id\":\"https:\/\/www.public.sn\/index.php\/2024\/07\/25\/diffamation-fond-covid-19-devant-la-barre-aminata-toure-persiste-et-signe-cest-mansour-faye-qui-doit\/#primaryimage\"},\"thumbnailUrl\":\"https:\/\/www.public.sn\/wp-content\/uploads\/2024\/07\/81785988-58848538-1.jpg\",\"datePublished\":\"2024-07-25T20:46:15+00:00\",\"dateModified\":\"2024-07-25T20:47:38+00:00\",\"breadcrumb\":{\"@id\":\"https:\/\/www.public.sn\/index.php\/2024\/07\/25\/diffamation-fond-covid-19-devant-la-barre-aminata-toure-persiste-et-signe-cest-mansour-faye-qui-doit\/#breadcrumb\"},\"inLanguage\":\"fr-FR\",\"potentialAction\":[{\"@type\":\"ReadAction\",\"target\":[\"https:\/\/www.public.sn\/index.php\/2024\/07\/25\/diffamation-fond-covid-19-devant-la-barre-aminata-toure-persiste-et-signe-cest-mansour-faye-qui-doit\/\"]}]},{\"@type\":\"ImageObject\",\"inLanguage\":\"fr-FR\",\"@id\":\"https:\/\/www.public.sn\/index.php\/2024\/07\/25\/diffamation-fond-covid-19-devant-la-barre-aminata-toure-persiste-et-signe-cest-mansour-faye-qui-doit\/#primaryimage\",\"url\":\"https:\/\/www.public.sn\/wp-content\/uploads\/2024\/07\/81785988-58848538-1.jpg\",\"contentUrl\":\"https:\/\/www.public.sn\/wp-content\/uploads\/2024\/07\/81785988-58848538-1.jpg\",\"width\":612,\"height\":298},{\"@type\":\"BreadcrumbList\",\"@id\":\"https:\/\/www.public.sn\/index.php\/2024\/07\/25\/diffamation-fond-covid-19-devant-la-barre-aminata-toure-persiste-et-signe-cest-mansour-faye-qui-doit\/#breadcrumb\",\"itemListElement\":[{\"@type\":\"ListItem\",\"position\":1,\"name\":\"Accueil\",\"item\":\"https:\/\/www.public.sn\/\"},{\"@type\":\"ListItem\",\"position\":2,\"name\":\"Diffamation Fond COVID &#8211; 19 : Devant la Barre, Aminata Tour\u00e9 persiste et signe : \u00ab c\u2019est Mansour Faye qui doit \u2026. \u00bb\"}]},{\"@type\":\"WebSite\",\"@id\":\"https:\/\/www.public.sn\/#website\",\"url\":\"https:\/\/www.public.sn\/\",\"name\":\"LE PUBLIC\",\"description\":\"\",\"publisher\":{\"@id\":\"https:\/\/www.public.sn\/#organization\"},\"potentialAction\":[{\"@type\":\"SearchAction\",\"target\":{\"@type\":\"EntryPoint\",\"urlTemplate\":\"https:\/\/www.public.sn\/?s={search_term_string}\"},\"query-input\":{\"@type\":\"PropertyValueSpecification\",\"valueRequired\":true,\"valueName\":\"search_term_string\"}}],\"inLanguage\":\"fr-FR\"},{\"@type\":\"Organization\",\"@id\":\"https:\/\/www.public.sn\/#organization\",\"name\":\"LE PUBLIC\",\"url\":\"https:\/\/www.public.sn\/\",\"logo\":{\"@type\":\"ImageObject\",\"inLanguage\":\"fr-FR\",\"@id\":\"https:\/\/www.public.sn\/#\/schema\/logo\/image\/\",\"url\":\"https:\/\/www.public.sn\/wp-content\/uploads\/2024\/05\/cropped-LOGO-PUBLIC.SN_.png\",\"contentUrl\":\"https:\/\/www.public.sn\/wp-content\/uploads\/2024\/05\/cropped-LOGO-PUBLIC.SN_.png\",\"width\":682,\"height\":192,\"caption\":\"LE PUBLIC\"},\"image\":{\"@id\":\"https:\/\/www.public.sn\/#\/schema\/logo\/image\/\"}},{\"@type\":\"Person\",\"@id\":\"https:\/\/www.public.sn\/#\/schema\/person\/f77cd9ce05d8fb925eb038378ee6899d\",\"name\":\"Baye Amath THIAM\",\"image\":{\"@type\":\"ImageObject\",\"inLanguage\":\"fr-FR\",\"@id\":\"https:\/\/www.public.sn\/#\/schema\/person\/image\/\",\"url\":\"https:\/\/secure.gravatar.com\/avatar\/7eb863ef1336b6f8a2ad921469701e52f094a61c698fab02f5af742ed813612d?s=96&d=mm&r=g\",\"contentUrl\":\"https:\/\/secure.gravatar.com\/avatar\/7eb863ef1336b6f8a2ad921469701e52f094a61c698fab02f5af742ed813612d?s=96&d=mm&r=g\",\"caption\":\"Baye Amath THIAM\"},\"url\":\"https:\/\/www.public.sn\/index.php\/author\/thiamba24\/\"}]}<\/script>\n<!-- \/ Yoast SEO plugin. -->","yoast_head_json":{"title":"Diffamation Fond COVID - 19 : Devant la Barre, Aminata Tour\u00e9 persiste et signe : \u00ab c\u2019est Mansour Faye qui doit \u2026. \u00bb - LE PUBLIC","robots":{"index":"index","follow":"follow","max-snippet":"max-snippet:-1","max-image-preview":"max-image-preview:large","max-video-preview":"max-video-preview:-1"},"canonical":"https:\/\/www.public.sn\/index.php\/2024\/07\/25\/diffamation-fond-covid-19-devant-la-barre-aminata-toure-persiste-et-signe-cest-mansour-faye-qui-doit\/","og_locale":"fr_FR","og_type":"article","og_title":"Diffamation Fond COVID - 19 : Devant la Barre, Aminata Tour\u00e9 persiste et signe : \u00ab c\u2019est Mansour Faye qui doit \u2026. \u00bb - LE PUBLIC","og_description":"Le proc\u00e8s de diffamation opposant l\u2019ancien ministre des Transports Mansour Faye \u00e0 l\u2019ancien Premier ministre, Amina Tour\u00e9 a \u00e9t\u00e9 statu\u00e9, ce jeudi 05 juillet 2024, devant la barre du Tribunal de grande instance hors classe de Dakar. Tra\u00een\u00e9e devant la barre du tribunal correctionnel de Dakar pour les faits de diffamation au pr\u00e9judice de Mansour Faye, Aminata Tour\u00e9 dite Mimi s\u2019est d\u00e9fendue. Face au juge, ce jeudi, elle a assum\u00e9 ses propos. Mieux, elle a d\u00e9clar\u00e9 qu\u2019elle n\u2019a aucune excuse \u00e0 pr\u00e9senter au plaignant. Et que c\u2019est ce dernier qui doit pr\u00e9senter des excuses au peuple s\u00e9n\u00e9galais. Invit\u00e9e \u00e0 confirmer la propri\u00e9t\u00e9 du post partag\u00e9 sur les r\u00e9seaux sociaux, Mimi Tour\u00e9 est cash : \u00ab J\u2019ai absolument \u00e9crit cela. Cette affaire est la suite d\u2019une longue s\u00e9rie de harc\u00e8lements du pr\u00e9sident de la R\u00e9publique Macky Sall dont Mansour Faye n\u2019est qu\u2019une infime partie. Je l\u2019ai dit, Macky Sall est le premier responsable \u00bb. Membre de la coalition Diomaye-Pr\u00e9sident, Mimi Tour\u00e9 avait accus\u00e9 l\u2019ancien ministre du D\u00e9veloppement communautaire, de l&rsquo;\u00c9quit\u00e9 sociale et territoriale sur sa gestion des fonds de Covid-19. \u00ab Je suis la responsable du post partag\u00e9 sur les r\u00e9seaux sociaux. Cette affaire est la suite d\u2019une longue s\u00e9rie de harc\u00e8lements du pr\u00e9sident de la R\u00e9publique Macky Sall dont Mansour Faye n\u2019est qu\u2019une infime partie. Je me suis bas\u00e9e sur les conclusions du rapport d\u00e9finitif de la Cour des comptes sur les 1000 milliards de fonds force covid-19 notamment \u00e0 la page 100-101 pour \u00e9tayer mes propos et acculer Amadou Mansour Faye \u00bb, a-t-elle servi, d\u2019apr\u00e8s Dakaractu. Avant de faire remarquer : \u00abJe ne suis pas la seule \u00e0 l\u2019avoir dit, des centaines de S\u00e9n\u00e9galais l\u2019ont dit, des centaines de journalistes l\u2019ont dit. C\u2019est un carnage financier et cela renvoie \u00e0 la surfacturation \u00bb. Aminata Tour\u00e9 de poursuivre : \u00abPour le cas pr\u00e9cis, il est dit dans le rapport qu\u2019il y a une surfacturation en riz pour 2,7 milliards de FCFA. Je ne suis pas la seule \u00e0 le dire, 20 d\u00e9put\u00e9s ont \u00e9galement demand\u00e9 \u00e0 ce que Mansour Faye soit traduit devant la haute Cour de justice de la CEDEAO. Il s\u2019agit de 2,5 millions de surfacturation en riz avec 2,399 milliards de FCFA pendant que certains mourraient dans les h\u00f4pitaux et d\u2019autres mourraient de faim. Avec cette somme, on pouvait construire des h\u00f4pitaux\u00bb. L\u2019ancienne pr\u00e9sidente du Conseil \u00e9conomique social et environnement (CESE) ne recule pas. Elle soutient que le rapport dit plus. \u00abJe me suis indign\u00e9e et j\u2019ai demand\u00e9 \u00e0 nos autorit\u00e9s de faire la lumi\u00e8re sur cette affaire Aminata Tour\u00e9 s\u2019est bas\u00e9e sur les conclusions du rapport d\u00e9finitif de la Cour des comptes sur les 1 000 milliards de fonds Force Covid-19, notamment aux pages 100 et 101, pour \u00e9tayer ses propos et accuser Mansour Faye. \u00ab Je ne suis pas la seule \u00e0 l\u2019avoir dit, des centaines de S\u00e9n\u00e9galais l\u2019ont dit, des centaines de journalistes l\u2019ont dit \u00bb, a ajout\u00e9 Aminata Tour\u00e9, rapporte Dakaractu. Dans ce proc\u00e8s pour diffamation, le rapport d\u00e9finitif de la Cour des comptes sur les 1 000 milliards FCFA des fonds Force Covid-19 a \u00e9t\u00e9 au c\u0153ur des d\u00e9bats. Interpell\u00e9e par le procureur qui d\u00e9clare : \u00ab Vous \u00e9voquez le mot \u2018carnage\u2019. Cela renvoie \u00e0 quoi ? \u00bb Aminata Tour\u00e9 de r\u00e9pondre : \u00ab Cela renvoie \u00e0 la surfacturation. Pour le cas pr\u00e9cis, il est dit dans le rapport qu\u2019il y a une surfacturation en riz pour 2,7 milliards FCFA. Je ne suis pas la seule \u00e0 le dire, 20 d\u00e9put\u00e9s ont \u00e9galement demand\u00e9 \u00e0 ce que Mansour Faye soit traduit devant la Haute Cour de justice (\u2026) il s\u2019agit de 2,5 millions de surfacturation en riz avec 2,399 milliards, pendant que certains mourraient dans les h\u00f4pitaux et d\u2019autres mourraient de faim. Avec cette somme, on pouvait construire des h\u00f4pitaux \u00bb. \u00c0 la question d\u2019un conseil de la partie civile \u00e0 savoir si le rapport de la Cour des comptes indique que Mansour Faye est coupable, l\u2019ancienne Pr\u00e9sidente du CESE a d\u00e9clar\u00e9 que le rapport indique clairement que le minist\u00e8re de l\u2019\u00c9quit\u00e9 sociale, dirig\u00e9 par Mansour Faye, a fait une surfacturation de 2 milliards FCFA en riz. L\u2019avocat ajoute : \u00ab Est-ce que Mansour Faye seulement travaille au minist\u00e8re ? \u00bb Aminata Tour\u00e9 r\u00e9pond : \u00ab Depuis quelques ann\u00e9es, les ministres sont ordonnateurs des d\u00e9penses. Une personne ne pouvait pas \u00eatre engag\u00e9e sans l\u2019approbation du ministre en question \u00bb. L\u2019avocat relance en lui demandant si, dans le rapport, le mot \u00ab carnage financier \u00bb a \u00e9t\u00e9 utilis\u00e9. Mimi Tour\u00e9 affirme qu\u2019elle parle de commentaire avec l\u2019utilisation du mot \u00ab carnage \u00bb. Avant d\u2019ajouter : \u00ab Le rapport fait mieux. Il constate qu\u2019il y a une surfacturation. C\u2019est un commentaire qui sied \u00e0 son mot. Je me suis indign\u00e9e et j\u2019ai demand\u00e9 \u00e0 nos autorit\u00e9s de faire la lumi\u00e8re sur cette affaire \u00bb. La partie civile a poursuivi en lui demandant si elle \u00e9tait pr\u00eate \u00e0 pr\u00e9senter des excuses en cas de culpabilit\u00e9 ; elle en a profit\u00e9 pour clamer son innocence. \u00ab Je n\u2019ai aucune excuse \u00e0 pr\u00e9senter, c\u2019est Mansour Faye qui doit pr\u00e9senter des excuses au peuple s\u00e9n\u00e9galais. Je consid\u00e8re que je ne devrais pas \u00eatre l\u00e0 \u00bb, a soutenu, devant la barre, l\u2019ancienne pr\u00e9sidente du Conseil \u00e9conomique, social et environnemental (CESE), rapporte Dakaractu.","og_url":"https:\/\/www.public.sn\/index.php\/2024\/07\/25\/diffamation-fond-covid-19-devant-la-barre-aminata-toure-persiste-et-signe-cest-mansour-faye-qui-doit\/","og_site_name":"LE PUBLIC","article_published_time":"2024-07-25T20:46:15+00:00","article_modified_time":"2024-07-25T20:47:38+00:00","og_image":[{"width":612,"height":298,"url":"https:\/\/www.public.sn\/wp-content\/uploads\/2024\/07\/81785988-58848538-1.jpg","type":"image\/jpeg"}],"author":"Baye Amath THIAM","twitter_card":"summary_large_image","twitter_misc":{"\u00c9crit par":"Baye Amath THIAM","Dur\u00e9e de lecture estim\u00e9e":"5 minutes"},"schema":{"@context":"https:\/\/schema.org","@graph":[{"@type":"Article","@id":"https:\/\/www.public.sn\/index.php\/2024\/07\/25\/diffamation-fond-covid-19-devant-la-barre-aminata-toure-persiste-et-signe-cest-mansour-faye-qui-doit\/#article","isPartOf":{"@id":"https:\/\/www.public.sn\/index.php\/2024\/07\/25\/diffamation-fond-covid-19-devant-la-barre-aminata-toure-persiste-et-signe-cest-mansour-faye-qui-doit\/"},"author":{"name":"Baye Amath THIAM","@id":"https:\/\/www.public.sn\/#\/schema\/person\/f77cd9ce05d8fb925eb038378ee6899d"},"headline":"Diffamation Fond COVID &#8211; 19 : Devant la Barre, Aminata Tour\u00e9 persiste et signe : \u00ab c\u2019est Mansour Faye qui doit \u2026. \u00bb","datePublished":"2024-07-25T20:46:15+00:00","dateModified":"2024-07-25T20:47:38+00:00","mainEntityOfPage":{"@id":"https:\/\/www.public.sn\/index.php\/2024\/07\/25\/diffamation-fond-covid-19-devant-la-barre-aminata-toure-persiste-et-signe-cest-mansour-faye-qui-doit\/"},"wordCount":939,"commentCount":0,"publisher":{"@id":"https:\/\/www.public.sn\/#organization"},"image":{"@id":"https:\/\/www.public.sn\/index.php\/2024\/07\/25\/diffamation-fond-covid-19-devant-la-barre-aminata-toure-persiste-et-signe-cest-mansour-faye-qui-doit\/#primaryimage"},"thumbnailUrl":"https:\/\/www.public.sn\/wp-content\/uploads\/2024\/07\/81785988-58848538-1.jpg","keywords":["a \u00e9t\u00e9 statu\u00e9","\u00e0 l\u2019ancien Premier ministre","Amina Tour\u00e9","ce jeudi 05 juillet 2024","devant la barre du Tribunal de grande instance hors classe de Dakar.","l\u2019ancien ministre des Transports Mansour Faye","Le proc\u00e8s de diffamation opposant l\u2019ancien ministre des Transports Mansour Faye"],"articleSection":["ACTUALIT\u00c9S","AFRIQUE &amp; MONDE","\u00c9CONOMIE","INFRASTRUCTURES","internationale","justice","POLITIQUE","S\u00c9CURIT\u00c9 &amp; JUSTICE","S\u00c9N\u00c9GAL","SOCIETE"],"inLanguage":"fr-FR","potentialAction":[{"@type":"CommentAction","name":"Comment","target":["https:\/\/www.public.sn\/index.php\/2024\/07\/25\/diffamation-fond-covid-19-devant-la-barre-aminata-toure-persiste-et-signe-cest-mansour-faye-qui-doit\/#respond"]}]},{"@type":"WebPage","@id":"https:\/\/www.public.sn\/index.php\/2024\/07\/25\/diffamation-fond-covid-19-devant-la-barre-aminata-toure-persiste-et-signe-cest-mansour-faye-qui-doit\/","url":"https:\/\/www.public.sn\/index.php\/2024\/07\/25\/diffamation-fond-covid-19-devant-la-barre-aminata-toure-persiste-et-signe-cest-mansour-faye-qui-doit\/","name":"Diffamation Fond COVID - 19 : Devant la Barre, Aminata Tour\u00e9 persiste et signe : \u00ab c\u2019est Mansour Faye qui doit \u2026. \u00bb - LE PUBLIC","isPartOf":{"@id":"https:\/\/www.public.sn\/#website"},"primaryImageOfPage":{"@id":"https:\/\/www.public.sn\/index.php\/2024\/07\/25\/diffamation-fond-covid-19-devant-la-barre-aminata-toure-persiste-et-signe-cest-mansour-faye-qui-doit\/#primaryimage"},"image":{"@id":"https:\/\/www.public.sn\/index.php\/2024\/07\/25\/diffamation-fond-covid-19-devant-la-barre-aminata-toure-persiste-et-signe-cest-mansour-faye-qui-doit\/#primaryimage"},"thumbnailUrl":"https:\/\/www.public.sn\/wp-content\/uploads\/2024\/07\/81785988-58848538-1.jpg","datePublished":"2024-07-25T20:46:15+00:00","dateModified":"2024-07-25T20:47:38+00:00","breadcrumb":{"@id":"https:\/\/www.public.sn\/index.php\/2024\/07\/25\/diffamation-fond-covid-19-devant-la-barre-aminata-toure-persiste-et-signe-cest-mansour-faye-qui-doit\/#breadcrumb"},"inLanguage":"fr-FR","potentialAction":[{"@type":"ReadAction","target":["https:\/\/www.public.sn\/index.php\/2024\/07\/25\/diffamation-fond-covid-19-devant-la-barre-aminata-toure-persiste-et-signe-cest-mansour-faye-qui-doit\/"]}]},{"@type":"ImageObject","inLanguage":"fr-FR","@id":"https:\/\/www.public.sn\/index.php\/2024\/07\/25\/diffamation-fond-covid-19-devant-la-barre-aminata-toure-persiste-et-signe-cest-mansour-faye-qui-doit\/#primaryimage","url":"https:\/\/www.public.sn\/wp-content\/uploads\/2024\/07\/81785988-58848538-1.jpg","contentUrl":"https:\/\/www.public.sn\/wp-content\/uploads\/2024\/07\/81785988-58848538-1.jpg","width":612,"height":298},{"@type":"BreadcrumbList","@id":"https:\/\/www.public.sn\/index.php\/2024\/07\/25\/diffamation-fond-covid-19-devant-la-barre-aminata-toure-persiste-et-signe-cest-mansour-faye-qui-doit\/#breadcrumb","itemListElement":[{"@type":"ListItem","position":1,"name":"Accueil","item":"https:\/\/www.public.sn\/"},{"@type":"ListItem","position":2,"name":"Diffamation Fond COVID &#8211; 19 : Devant la Barre, Aminata Tour\u00e9 persiste et signe : \u00ab c\u2019est Mansour Faye qui doit \u2026. \u00bb"}]},{"@type":"WebSite","@id":"https:\/\/www.public.sn\/#website","url":"https:\/\/www.public.sn\/","name":"LE PUBLIC","description":"","publisher":{"@id":"https:\/\/www.public.sn\/#organization"},"potentialAction":[{"@type":"SearchAction","target":{"@type":"EntryPoint","urlTemplate":"https:\/\/www.public.sn\/?s={search_term_string}"},"query-input":{"@type":"PropertyValueSpecification","valueRequired":true,"valueName":"search_term_string"}}],"inLanguage":"fr-FR"},{"@type":"Organization","@id":"https:\/\/www.public.sn\/#organization","name":"LE PUBLIC","url":"https:\/\/www.public.sn\/","logo":{"@type":"ImageObject","inLanguage":"fr-FR","@id":"https:\/\/www.public.sn\/#\/schema\/logo\/image\/","url":"https:\/\/www.public.sn\/wp-content\/uploads\/2024\/05\/cropped-LOGO-PUBLIC.SN_.png","contentUrl":"https:\/\/www.public.sn\/wp-content\/uploads\/2024\/05\/cropped-LOGO-PUBLIC.SN_.png","width":682,"height":192,"caption":"LE PUBLIC"},"image":{"@id":"https:\/\/www.public.sn\/#\/schema\/logo\/image\/"}},{"@type":"Person","@id":"https:\/\/www.public.sn\/#\/schema\/person\/f77cd9ce05d8fb925eb038378ee6899d","name":"Baye Amath THIAM","image":{"@type":"ImageObject","inLanguage":"fr-FR","@id":"https:\/\/www.public.sn\/#\/schema\/person\/image\/","url":"https:\/\/secure.gravatar.com\/avatar\/7eb863ef1336b6f8a2ad921469701e52f094a61c698fab02f5af742ed813612d?s=96&d=mm&r=g","contentUrl":"https:\/\/secure.gravatar.com\/avatar\/7eb863ef1336b6f8a2ad921469701e52f094a61c698fab02f5af742ed813612d?s=96&d=mm&r=g","caption":"Baye Amath THIAM"},"url":"https:\/\/www.public.sn\/index.php\/author\/thiamba24\/"}]}},"jetpack_featured_media_url":"https:\/\/www.public.sn\/wp-content\/uploads\/2024\/07\/81785988-58848538-1.jpg","jetpack_sharing_enabled":true,"_links":{"self":[{"href":"https:\/\/www.public.sn\/index.php\/wp-json\/wp\/v2\/posts\/34727","targetHints":{"allow":["GET"]}}],"collection":[{"href":"https:\/\/www.public.sn\/index.php\/wp-json\/wp\/v2\/posts"}],"about":[{"href":"https:\/\/www.public.sn\/index.php\/wp-json\/wp\/v2\/types\/post"}],"author":[{"embeddable":true,"href":"https:\/\/www.public.sn\/index.php\/wp-json\/wp\/v2\/users\/15"}],"replies":[{"embeddable":true,"href":"https:\/\/www.public.sn\/index.php\/wp-json\/wp\/v2\/comments?post=34727"}],"version-history":[{"count":1,"href":"https:\/\/www.public.sn\/index.php\/wp-json\/wp\/v2\/posts\/34727\/revisions"}],"predecessor-version":[{"id":34730,"href":"https:\/\/www.public.sn\/index.php\/wp-json\/wp\/v2\/posts\/34727\/revisions\/34730"}],"wp:featuredmedia":[{"embeddable":true,"href":"https:\/\/www.public.sn\/index.php\/wp-json\/wp\/v2\/media\/34731"}],"wp:attachment":[{"href":"https:\/\/www.public.sn\/index.php\/wp-json\/wp\/v2\/media?parent=34727"}],"wp:term":[{"taxonomy":"category","embeddable":true,"href":"https:\/\/www.public.sn\/index.php\/wp-json\/wp\/v2\/categories?post=34727"},{"taxonomy":"post_tag","embeddable":true,"href":"https:\/\/www.public.sn\/index.php\/wp-json\/wp\/v2\/tags?post=34727"}],"curies":[{"name":"wp","href":"https:\/\/api.w.org\/{rel}","templated":true}]}}