{"id":34732,"date":"2024-07-25T21:04:13","date_gmt":"2024-07-25T21:04:13","guid":{"rendered":"https:\/\/www.public.sn\/?p=34732"},"modified":"2024-07-25T21:04:13","modified_gmt":"2024-07-25T21:04:13","slug":"deliberation-du-proces-mimi-toure-mansour-faye-renvoye-8-aout-prochain-chaque-partie-reclame-un-milliard","status":"publish","type":"post","link":"https:\/\/www.public.sn\/index.php\/2024\/07\/25\/deliberation-du-proces-mimi-toure-mansour-faye-renvoye-8-aout-prochain-chaque-partie-reclame-un-milliard\/","title":{"rendered":"D\u00e9lib\u00e9ration du proc\u00e8s Mimi Tour\u00e9 \u2013 Mansour Faye renvoy\u00e9 8 ao\u00fbt prochain, chaque partie r\u00e9clame un milliard\u2026"},"content":{"rendered":"<p>Le d\u00e9lib\u00e9r\u00e9 du proc\u00e8s opposant les anciens ministres Mansour Faye et Aminata Tour\u00e9 est fix\u00e9 au 08 ao\u00fbt prochain. L\u2019audience qui s\u2019est ouverte, ce 25 juillet, au tribunal de grande instance de Dakar a fait plus de 6 tours d\u2019horloges. Elle a permis de tirer au clair le post publi\u00e9 par l\u2019ancienne garde des sceaux acculant l\u2019ancien ministre de l\u2019\u00e9quit\u00e9 sociale, Mansour Faye comme \u00e9tant partie active du carnage financier dans la gestion des fonds forces covid-19. Aminata Tour\u00e9 a \u00e9t\u00e9 droite dans ses bottes. Elle s\u2019est adress\u00e9e \u00e0 la presse \u00e0 sa sortie d\u2019audience.<\/p><div class=\"publi-paragraphe1\" style=\"margin-top: 10px;margin-bottom: 10px;margin-left: auto;margin-right: auto;text-align: center;\" id=\"publi-1210002935\"><div class=\"publi-adlabel\">Publicit\u00e9<\/div><script async src=\"\/\/pagead2.googlesyndication.com\/pagead\/js\/adsbygoogle.js?client=ca-pub-4089586018074219\" crossorigin=\"anonymous\"><\/script><ins class=\"adsbygoogle\" style=\"display:block;\" data-ad-client=\"ca-pub-4089586018074219\" \ndata-ad-slot=\"2087940154\" \ndata-ad-format=\"auto\"><\/ins>\n<script> \n(adsbygoogle = window.adsbygoogle || []).push({}); \n<\/script>\n<\/div>\n<p>Tra\u00een\u00e9e devant la barre du tribunal correctionnel de Dakar pour les faits de diffamation au pr\u00e9judice de Mansour Faye, Aminata Tour\u00e9 dite Mimi s\u2019est d\u00e9fendue. Face au juge, ce jeudi, elle a assum\u00e9 ses propos. Mieux, elle a d\u00e9clar\u00e9 qu\u2019elle n\u2019a aucune excuse \u00e0 pr\u00e9senter au plaignant. Et que c\u2019est ce dernier qui doit pr\u00e9senter des excuses au peuple s\u00e9n\u00e9galais. <\/p>\n<p>Membre de la coalition Diomaye-Pr\u00e9sident, Mimi Tour\u00e9 avait accus\u00e9 l\u2019ancien ministre du D\u00e9veloppement communautaire, de l&rsquo;\u00c9quit\u00e9 sociale et territoriale sur sa gestion des fonds de Covid-19. \u00ab Je suis la responsable du post partag\u00e9 sur les r\u00e9seaux sociaux. Cette affaire est la suite d\u2019une longue s\u00e9rie de harc\u00e8lements du pr\u00e9sident de la R\u00e9publique Macky Sall dont Mansour Faye n\u2019est qu\u2019une infime partie. Je me suis bas\u00e9e sur les conclusions du rapport d\u00e9finitif de la Cour des comptes sur les 1000 milliards de fonds force covid-19 notamment \u00e0 la page 100-101 pour \u00e9tayer mes propos et acculer Amadou Mansour Faye \u00bb, a-t-elle servi, d\u2019apr\u00e8s Dakaractu. Avant de faire remarquer : \u00abJe ne suis pas la seule \u00e0 l\u2019avoir dit, des centaines de S\u00e9n\u00e9galais l\u2019ont dit, des centaines de journalistes l\u2019ont dit. C\u2019est un carnage financier et cela renvoie \u00e0 la surfacturation \u00bb. <\/p>\n<p>Aminata Tour\u00e9 de poursuivre : \u00abPour le cas pr\u00e9cis, il est dit dans le rapport qu\u2019il y a une surfacturation en riz pour 2,7 milliards de FCFA. Je ne suis pas la seule \u00e0 le dire, 20 d\u00e9put\u00e9s ont \u00e9galement demand\u00e9 \u00e0 ce que Mansour Faye soit traduit devant la haute Cour de justice de la CEDEAO. Il s\u2019agit de 2,5 millions de surfacturation en riz avec 2,399 milliards de FCFA pendant que certains mourraient dans les h\u00f4pitaux et d\u2019autres mourraient de faim. Avec cette somme, on pouvait construire des h\u00f4pitaux\u00bb. <\/p>\n<p>L\u2019ancienne pr\u00e9sidente du Conseil \u00e9conomique social et environnement (CESE) ne recule pas. Elle soutient que le rapport dit plus. \u00abJe me suis indign\u00e9e et j\u2019ai demand\u00e9 \u00e0 nos autorit\u00e9s de faire la lumi\u00e8re sur cette affaire<\/p>\n<p>Les avocats de l\u2019ancien premier ministre ont alert\u00e9 sur le fait que si cette affaire passe en faveur de Mansour Faye, il faudra s\u2019attendre \u00e0 ce que d\u2019autres dignitaires de l\u2019ancien r\u00e9gime viennent tra\u00eener devant la barre d\u2019honn\u00eates citoyens pour des faits dont ils sont responsables.<\/p>\n<p>La d\u00e9fense a \u00e9galement r\u00e9clam\u00e9 1 milliard pour proc\u00e9dure abusive sur la base de l\u2019article 457 du code de proc\u00e9dure p\u00e9nale avec ex\u00e9cution provisoire.<\/p>\n<p>\u00ab Cette somme permettra de construire des h\u00f4pitaux. \u00bb, a soulign\u00e9 Me Moussa Sarr.<\/p>\n<div class=\"publi-apres-le-contenu\" style=\"margin-top: 10px;margin-bottom: 10px;margin-left: auto;margin-right: auto;text-align: center;\" id=\"publi-2292561784\"><div class=\"publi-adlabel\">Publicit\u00e9<\/div><script async src=\"\/\/pagead2.googlesyndication.com\/pagead\/js\/adsbygoogle.js?client=ca-pub-4089586018074219\" crossorigin=\"anonymous\"><\/script><ins class=\"adsbygoogle\" style=\"display:block;\" data-ad-client=\"ca-pub-4089586018074219\" \ndata-ad-slot=\"2087940154\" \ndata-ad-format=\"auto\"><\/ins>\n<script> \n(adsbygoogle = window.adsbygoogle || []).push({}); \n<\/script>\n<\/div>","protected":false},"excerpt":{"rendered":"<p>Le d\u00e9lib\u00e9r\u00e9 du proc\u00e8s opposant les anciens ministres Mansour Faye et Aminata Tour\u00e9 est fix\u00e9 au 08 ao\u00fbt prochain. L\u2019audience qui s\u2019est ouverte, ce 25 juillet, au tribunal de grande instance de Dakar a fait plus de 6 tours d\u2019horloges. Elle a permis de tirer au clair le post publi\u00e9 par l\u2019ancienne garde des sceaux acculant l\u2019ancien ministre de l\u2019\u00e9quit\u00e9 sociale, Mansour Faye comme \u00e9tant partie active du carnage financier dans la gestion des fonds forces covid-19. Aminata Tour\u00e9 a \u00e9t\u00e9 droite dans ses bottes. Elle s\u2019est adress\u00e9e \u00e0 la presse \u00e0 sa sortie d\u2019audience. Tra\u00een\u00e9e devant la barre du tribunal correctionnel de Dakar pour les faits de diffamation au pr\u00e9judice de Mansour Faye, Aminata Tour\u00e9 dite Mimi s\u2019est d\u00e9fendue. Face au juge, ce jeudi, elle a assum\u00e9 ses propos. Mieux, elle a d\u00e9clar\u00e9 qu\u2019elle n\u2019a aucune excuse \u00e0 pr\u00e9senter au plaignant. Et que c\u2019est ce dernier qui doit pr\u00e9senter des excuses au peuple s\u00e9n\u00e9galais. Membre de la coalition Diomaye-Pr\u00e9sident, Mimi Tour\u00e9 avait accus\u00e9 l\u2019ancien ministre du D\u00e9veloppement communautaire, de l&rsquo;\u00c9quit\u00e9 sociale et territoriale sur sa gestion des fonds de Covid-19. \u00ab Je suis la responsable du post partag\u00e9 sur les r\u00e9seaux sociaux. Cette affaire est la suite d\u2019une longue s\u00e9rie de harc\u00e8lements du pr\u00e9sident de la R\u00e9publique Macky Sall dont Mansour Faye n\u2019est qu\u2019une infime partie. Je me suis bas\u00e9e sur les conclusions du rapport d\u00e9finitif de la Cour des comptes sur les 1000 milliards de fonds force covid-19 notamment \u00e0 la page 100-101 pour \u00e9tayer mes propos et acculer Amadou Mansour Faye \u00bb, a-t-elle servi, d\u2019apr\u00e8s Dakaractu. Avant de faire remarquer : \u00abJe ne suis pas la seule \u00e0 l\u2019avoir dit, des centaines de S\u00e9n\u00e9galais l\u2019ont dit, des centaines de journalistes l\u2019ont dit. C\u2019est un carnage financier et cela renvoie \u00e0 la surfacturation \u00bb. Aminata Tour\u00e9 de poursuivre : \u00abPour le cas pr\u00e9cis, il est dit dans le rapport qu\u2019il y a une surfacturation en riz pour 2,7 milliards de FCFA. Je ne suis pas la seule \u00e0 le dire, 20 d\u00e9put\u00e9s ont \u00e9galement demand\u00e9 \u00e0 ce que Mansour Faye soit traduit devant la haute Cour de justice de la CEDEAO. Il s\u2019agit de 2,5 millions de surfacturation en riz avec 2,399 milliards de FCFA pendant que certains mourraient dans les h\u00f4pitaux et d\u2019autres mourraient de faim. Avec cette somme, on pouvait construire des h\u00f4pitaux\u00bb. L\u2019ancienne pr\u00e9sidente du Conseil \u00e9conomique social et environnement (CESE) ne recule pas. Elle soutient que le rapport dit plus. \u00abJe me suis indign\u00e9e et j\u2019ai demand\u00e9 \u00e0 nos autorit\u00e9s de faire la lumi\u00e8re sur cette affaire Les avocats de l\u2019ancien premier ministre ont alert\u00e9 sur le fait que si cette affaire passe en faveur de Mansour Faye, il faudra s\u2019attendre \u00e0 ce que d\u2019autres dignitaires de l\u2019ancien r\u00e9gime viennent tra\u00eener devant la barre d\u2019honn\u00eates citoyens pour des faits dont ils sont responsables. La d\u00e9fense a \u00e9galement r\u00e9clam\u00e9 1 milliard pour proc\u00e9dure abusive sur la base de l\u2019article 457 du code de proc\u00e9dure p\u00e9nale avec ex\u00e9cution provisoire. \u00ab Cette somme permettra de construire des h\u00f4pitaux. \u00bb, a soulign\u00e9 Me Moussa Sarr.<\/p>\n","protected":false},"author":15,"featured_media":34733,"comment_status":"open","ping_status":"open","sticky":false,"template":"","format":"standard","meta":{"_jetpack_memberships_contains_paid_content":false,"footnotes":""},"categories":[375,550,3728,3724,376,1,4],"tags":[480,7149,7148,7146,7147,7150,7145,1174],"class_list":["post-34732","post","type-post","status-publish","format-standard","has-post-thumbnail","hentry","category-actualites","category-afrique-monde","category-internationale","category-justice","category-securite-justice","category-non-classe","category-societe","tag-aminata-toure","tag-au-tribunal-de-grande-instance-de-dakar-a-fait-plus-de-6-tours-dhorloges","tag-ce-25-juillet","tag-fixe-au-08-aout-prochain","tag-laudience-qui-sest-ouverte","tag-la-defense-a-egalement-reclame-1-milliard-pour-procedure-abusive","tag-le-delibere-du-proces-opposant-les-anciens-ministres","tag-mansour-faye","entry","has-media","owp-thumbs-layout-horizontal","owp-btn-normal","owp-tabs-layout-horizontal","has-no-thumbnails","has-product-nav"],"yoast_head":"<!-- This site is optimized with the Yoast SEO plugin v25.5 - https:\/\/yoast.com\/wordpress\/plugins\/seo\/ -->\n<title>D\u00e9lib\u00e9ration du proc\u00e8s Mimi Tour\u00e9 \u2013 Mansour Faye renvoy\u00e9 8 ao\u00fbt prochain, chaque partie r\u00e9clame un milliard\u2026 - LE PUBLIC<\/title>\n<meta name=\"robots\" content=\"index, follow, max-snippet:-1, max-image-preview:large, max-video-preview:-1\" \/>\n<link rel=\"canonical\" href=\"https:\/\/www.public.sn\/index.php\/2024\/07\/25\/deliberation-du-proces-mimi-toure-mansour-faye-renvoye-8-aout-prochain-chaque-partie-reclame-un-milliard\/\" \/>\n<meta property=\"og:locale\" content=\"fr_FR\" \/>\n<meta property=\"og:type\" content=\"article\" \/>\n<meta property=\"og:title\" content=\"D\u00e9lib\u00e9ration du proc\u00e8s Mimi Tour\u00e9 \u2013 Mansour Faye renvoy\u00e9 8 ao\u00fbt prochain, chaque partie r\u00e9clame un milliard\u2026 - LE PUBLIC\" \/>\n<meta property=\"og:description\" content=\"Le d\u00e9lib\u00e9r\u00e9 du proc\u00e8s opposant les anciens ministres Mansour Faye et Aminata Tour\u00e9 est fix\u00e9 au 08 ao\u00fbt prochain. L\u2019audience qui s\u2019est ouverte, ce 25 juillet, au tribunal de grande instance de Dakar a fait plus de 6 tours d\u2019horloges. Elle a permis de tirer au clair le post publi\u00e9 par l\u2019ancienne garde des sceaux acculant l\u2019ancien ministre de l\u2019\u00e9quit\u00e9 sociale, Mansour Faye comme \u00e9tant partie active du carnage financier dans la gestion des fonds forces covid-19. Aminata Tour\u00e9 a \u00e9t\u00e9 droite dans ses bottes. Elle s\u2019est adress\u00e9e \u00e0 la presse \u00e0 sa sortie d\u2019audience. Tra\u00een\u00e9e devant la barre du tribunal correctionnel de Dakar pour les faits de diffamation au pr\u00e9judice de Mansour Faye, Aminata Tour\u00e9 dite Mimi s\u2019est d\u00e9fendue. Face au juge, ce jeudi, elle a assum\u00e9 ses propos. Mieux, elle a d\u00e9clar\u00e9 qu\u2019elle n\u2019a aucune excuse \u00e0 pr\u00e9senter au plaignant. Et que c\u2019est ce dernier qui doit pr\u00e9senter des excuses au peuple s\u00e9n\u00e9galais. Membre de la coalition Diomaye-Pr\u00e9sident, Mimi Tour\u00e9 avait accus\u00e9 l\u2019ancien ministre du D\u00e9veloppement communautaire, de l&rsquo;\u00c9quit\u00e9 sociale et territoriale sur sa gestion des fonds de Covid-19. \u00ab Je suis la responsable du post partag\u00e9 sur les r\u00e9seaux sociaux. Cette affaire est la suite d\u2019une longue s\u00e9rie de harc\u00e8lements du pr\u00e9sident de la R\u00e9publique Macky Sall dont Mansour Faye n\u2019est qu\u2019une infime partie. Je me suis bas\u00e9e sur les conclusions du rapport d\u00e9finitif de la Cour des comptes sur les 1000 milliards de fonds force covid-19 notamment \u00e0 la page 100-101 pour \u00e9tayer mes propos et acculer Amadou Mansour Faye \u00bb, a-t-elle servi, d\u2019apr\u00e8s Dakaractu. Avant de faire remarquer : \u00abJe ne suis pas la seule \u00e0 l\u2019avoir dit, des centaines de S\u00e9n\u00e9galais l\u2019ont dit, des centaines de journalistes l\u2019ont dit. C\u2019est un carnage financier et cela renvoie \u00e0 la surfacturation \u00bb. Aminata Tour\u00e9 de poursuivre : \u00abPour le cas pr\u00e9cis, il est dit dans le rapport qu\u2019il y a une surfacturation en riz pour 2,7 milliards de FCFA. Je ne suis pas la seule \u00e0 le dire, 20 d\u00e9put\u00e9s ont \u00e9galement demand\u00e9 \u00e0 ce que Mansour Faye soit traduit devant la haute Cour de justice de la CEDEAO. Il s\u2019agit de 2,5 millions de surfacturation en riz avec 2,399 milliards de FCFA pendant que certains mourraient dans les h\u00f4pitaux et d\u2019autres mourraient de faim. Avec cette somme, on pouvait construire des h\u00f4pitaux\u00bb. L\u2019ancienne pr\u00e9sidente du Conseil \u00e9conomique social et environnement (CESE) ne recule pas. Elle soutient que le rapport dit plus. \u00abJe me suis indign\u00e9e et j\u2019ai demand\u00e9 \u00e0 nos autorit\u00e9s de faire la lumi\u00e8re sur cette affaire Les avocats de l\u2019ancien premier ministre ont alert\u00e9 sur le fait que si cette affaire passe en faveur de Mansour Faye, il faudra s\u2019attendre \u00e0 ce que d\u2019autres dignitaires de l\u2019ancien r\u00e9gime viennent tra\u00eener devant la barre d\u2019honn\u00eates citoyens pour des faits dont ils sont responsables. La d\u00e9fense a \u00e9galement r\u00e9clam\u00e9 1 milliard pour proc\u00e9dure abusive sur la base de l\u2019article 457 du code de proc\u00e9dure p\u00e9nale avec ex\u00e9cution provisoire. \u00ab Cette somme permettra de construire des h\u00f4pitaux. \u00bb, a soulign\u00e9 Me Moussa Sarr.\" \/>\n<meta property=\"og:url\" content=\"https:\/\/www.public.sn\/index.php\/2024\/07\/25\/deliberation-du-proces-mimi-toure-mansour-faye-renvoye-8-aout-prochain-chaque-partie-reclame-un-milliard\/\" \/>\n<meta property=\"og:site_name\" content=\"LE PUBLIC\" \/>\n<meta property=\"article:published_time\" content=\"2024-07-25T21:04:13+00:00\" \/>\n<meta property=\"og:image\" content=\"https:\/\/www.public.sn\/wp-content\/uploads\/2024\/07\/maxresdefault-18.jpg\" \/>\n\t<meta property=\"og:image:width\" content=\"1280\" \/>\n\t<meta property=\"og:image:height\" content=\"720\" \/>\n\t<meta property=\"og:image:type\" content=\"image\/jpeg\" \/>\n<meta name=\"author\" content=\"Baye Amath THIAM\" \/>\n<meta name=\"twitter:card\" content=\"summary_large_image\" \/>\n<meta name=\"twitter:label1\" content=\"\u00c9crit par\" \/>\n\t<meta name=\"twitter:data1\" content=\"Baye Amath THIAM\" \/>\n\t<meta name=\"twitter:label2\" content=\"Dur\u00e9e de lecture estim\u00e9e\" \/>\n\t<meta name=\"twitter:data2\" content=\"1 minute\" \/>\n<script type=\"application\/ld+json\" class=\"yoast-schema-graph\">{\"@context\":\"https:\/\/schema.org\",\"@graph\":[{\"@type\":\"Article\",\"@id\":\"https:\/\/www.public.sn\/index.php\/2024\/07\/25\/deliberation-du-proces-mimi-toure-mansour-faye-renvoye-8-aout-prochain-chaque-partie-reclame-un-milliard\/#article\",\"isPartOf\":{\"@id\":\"https:\/\/www.public.sn\/index.php\/2024\/07\/25\/deliberation-du-proces-mimi-toure-mansour-faye-renvoye-8-aout-prochain-chaque-partie-reclame-un-milliard\/\"},\"author\":{\"name\":\"Baye Amath THIAM\",\"@id\":\"https:\/\/www.public.sn\/#\/schema\/person\/f77cd9ce05d8fb925eb038378ee6899d\"},\"headline\":\"D\u00e9lib\u00e9ration du proc\u00e8s Mimi Tour\u00e9 \u2013 Mansour Faye renvoy\u00e9 8 ao\u00fbt prochain, chaque partie r\u00e9clame un milliard\u2026\",\"datePublished\":\"2024-07-25T21:04:13+00:00\",\"mainEntityOfPage\":{\"@id\":\"https:\/\/www.public.sn\/index.php\/2024\/07\/25\/deliberation-du-proces-mimi-toure-mansour-faye-renvoye-8-aout-prochain-chaque-partie-reclame-un-milliard\/\"},\"wordCount\":578,\"commentCount\":0,\"publisher\":{\"@id\":\"https:\/\/www.public.sn\/#organization\"},\"image\":{\"@id\":\"https:\/\/www.public.sn\/index.php\/2024\/07\/25\/deliberation-du-proces-mimi-toure-mansour-faye-renvoye-8-aout-prochain-chaque-partie-reclame-un-milliard\/#primaryimage\"},\"thumbnailUrl\":\"https:\/\/www.public.sn\/wp-content\/uploads\/2024\/07\/maxresdefault-18.jpg\",\"keywords\":[\"Aminata Tour\u00e9\",\"au tribunal de grande instance de Dakar a fait plus de 6 tours d\u2019horloges.\",\"ce 25 juillet\",\"fix\u00e9 au 08 ao\u00fbt prochain.\",\"L\u2019audience qui s\u2019est ouverte\",\"La d\u00e9fense a \u00e9galement r\u00e9clam\u00e9 1 milliard pour proc\u00e9dure abusive\",\"Le d\u00e9lib\u00e9r\u00e9 du proc\u00e8s opposant les anciens ministres\",\"mansour faye\"],\"articleSection\":[\"ACTUALIT\u00c9S\",\"AFRIQUE &amp; MONDE\",\"internationale\",\"justice\",\"S\u00c9CURIT\u00c9 &amp; JUSTICE\",\"S\u00c9N\u00c9GAL\",\"SOCIETE\"],\"inLanguage\":\"fr-FR\",\"potentialAction\":[{\"@type\":\"CommentAction\",\"name\":\"Comment\",\"target\":[\"https:\/\/www.public.sn\/index.php\/2024\/07\/25\/deliberation-du-proces-mimi-toure-mansour-faye-renvoye-8-aout-prochain-chaque-partie-reclame-un-milliard\/#respond\"]}]},{\"@type\":\"WebPage\",\"@id\":\"https:\/\/www.public.sn\/index.php\/2024\/07\/25\/deliberation-du-proces-mimi-toure-mansour-faye-renvoye-8-aout-prochain-chaque-partie-reclame-un-milliard\/\",\"url\":\"https:\/\/www.public.sn\/index.php\/2024\/07\/25\/deliberation-du-proces-mimi-toure-mansour-faye-renvoye-8-aout-prochain-chaque-partie-reclame-un-milliard\/\",\"name\":\"D\u00e9lib\u00e9ration du proc\u00e8s Mimi Tour\u00e9 \u2013 Mansour Faye renvoy\u00e9 8 ao\u00fbt prochain, chaque partie r\u00e9clame un milliard\u2026 - LE PUBLIC\",\"isPartOf\":{\"@id\":\"https:\/\/www.public.sn\/#website\"},\"primaryImageOfPage\":{\"@id\":\"https:\/\/www.public.sn\/index.php\/2024\/07\/25\/deliberation-du-proces-mimi-toure-mansour-faye-renvoye-8-aout-prochain-chaque-partie-reclame-un-milliard\/#primaryimage\"},\"image\":{\"@id\":\"https:\/\/www.public.sn\/index.php\/2024\/07\/25\/deliberation-du-proces-mimi-toure-mansour-faye-renvoye-8-aout-prochain-chaque-partie-reclame-un-milliard\/#primaryimage\"},\"thumbnailUrl\":\"https:\/\/www.public.sn\/wp-content\/uploads\/2024\/07\/maxresdefault-18.jpg\",\"datePublished\":\"2024-07-25T21:04:13+00:00\",\"breadcrumb\":{\"@id\":\"https:\/\/www.public.sn\/index.php\/2024\/07\/25\/deliberation-du-proces-mimi-toure-mansour-faye-renvoye-8-aout-prochain-chaque-partie-reclame-un-milliard\/#breadcrumb\"},\"inLanguage\":\"fr-FR\",\"potentialAction\":[{\"@type\":\"ReadAction\",\"target\":[\"https:\/\/www.public.sn\/index.php\/2024\/07\/25\/deliberation-du-proces-mimi-toure-mansour-faye-renvoye-8-aout-prochain-chaque-partie-reclame-un-milliard\/\"]}]},{\"@type\":\"ImageObject\",\"inLanguage\":\"fr-FR\",\"@id\":\"https:\/\/www.public.sn\/index.php\/2024\/07\/25\/deliberation-du-proces-mimi-toure-mansour-faye-renvoye-8-aout-prochain-chaque-partie-reclame-un-milliard\/#primaryimage\",\"url\":\"https:\/\/www.public.sn\/wp-content\/uploads\/2024\/07\/maxresdefault-18.jpg\",\"contentUrl\":\"https:\/\/www.public.sn\/wp-content\/uploads\/2024\/07\/maxresdefault-18.jpg\",\"width\":1280,\"height\":720},{\"@type\":\"BreadcrumbList\",\"@id\":\"https:\/\/www.public.sn\/index.php\/2024\/07\/25\/deliberation-du-proces-mimi-toure-mansour-faye-renvoye-8-aout-prochain-chaque-partie-reclame-un-milliard\/#breadcrumb\",\"itemListElement\":[{\"@type\":\"ListItem\",\"position\":1,\"name\":\"Accueil\",\"item\":\"https:\/\/www.public.sn\/\"},{\"@type\":\"ListItem\",\"position\":2,\"name\":\"D\u00e9lib\u00e9ration du proc\u00e8s Mimi Tour\u00e9 \u2013 Mansour Faye renvoy\u00e9 8 ao\u00fbt prochain, chaque partie r\u00e9clame un milliard\u2026\"}]},{\"@type\":\"WebSite\",\"@id\":\"https:\/\/www.public.sn\/#website\",\"url\":\"https:\/\/www.public.sn\/\",\"name\":\"LE PUBLIC\",\"description\":\"\",\"publisher\":{\"@id\":\"https:\/\/www.public.sn\/#organization\"},\"potentialAction\":[{\"@type\":\"SearchAction\",\"target\":{\"@type\":\"EntryPoint\",\"urlTemplate\":\"https:\/\/www.public.sn\/?s={search_term_string}\"},\"query-input\":{\"@type\":\"PropertyValueSpecification\",\"valueRequired\":true,\"valueName\":\"search_term_string\"}}],\"inLanguage\":\"fr-FR\"},{\"@type\":\"Organization\",\"@id\":\"https:\/\/www.public.sn\/#organization\",\"name\":\"LE PUBLIC\",\"url\":\"https:\/\/www.public.sn\/\",\"logo\":{\"@type\":\"ImageObject\",\"inLanguage\":\"fr-FR\",\"@id\":\"https:\/\/www.public.sn\/#\/schema\/logo\/image\/\",\"url\":\"https:\/\/www.public.sn\/wp-content\/uploads\/2024\/05\/cropped-LOGO-PUBLIC.SN_.png\",\"contentUrl\":\"https:\/\/www.public.sn\/wp-content\/uploads\/2024\/05\/cropped-LOGO-PUBLIC.SN_.png\",\"width\":682,\"height\":192,\"caption\":\"LE PUBLIC\"},\"image\":{\"@id\":\"https:\/\/www.public.sn\/#\/schema\/logo\/image\/\"}},{\"@type\":\"Person\",\"@id\":\"https:\/\/www.public.sn\/#\/schema\/person\/f77cd9ce05d8fb925eb038378ee6899d\",\"name\":\"Baye Amath THIAM\",\"image\":{\"@type\":\"ImageObject\",\"inLanguage\":\"fr-FR\",\"@id\":\"https:\/\/www.public.sn\/#\/schema\/person\/image\/\",\"url\":\"https:\/\/secure.gravatar.com\/avatar\/7eb863ef1336b6f8a2ad921469701e52f094a61c698fab02f5af742ed813612d?s=96&d=mm&r=g\",\"contentUrl\":\"https:\/\/secure.gravatar.com\/avatar\/7eb863ef1336b6f8a2ad921469701e52f094a61c698fab02f5af742ed813612d?s=96&d=mm&r=g\",\"caption\":\"Baye Amath THIAM\"},\"url\":\"https:\/\/www.public.sn\/index.php\/author\/thiamba24\/\"}]}<\/script>\n<!-- \/ Yoast SEO plugin. -->","yoast_head_json":{"title":"D\u00e9lib\u00e9ration du proc\u00e8s Mimi Tour\u00e9 \u2013 Mansour Faye renvoy\u00e9 8 ao\u00fbt prochain, chaque partie r\u00e9clame un milliard\u2026 - LE PUBLIC","robots":{"index":"index","follow":"follow","max-snippet":"max-snippet:-1","max-image-preview":"max-image-preview:large","max-video-preview":"max-video-preview:-1"},"canonical":"https:\/\/www.public.sn\/index.php\/2024\/07\/25\/deliberation-du-proces-mimi-toure-mansour-faye-renvoye-8-aout-prochain-chaque-partie-reclame-un-milliard\/","og_locale":"fr_FR","og_type":"article","og_title":"D\u00e9lib\u00e9ration du proc\u00e8s Mimi Tour\u00e9 \u2013 Mansour Faye renvoy\u00e9 8 ao\u00fbt prochain, chaque partie r\u00e9clame un milliard\u2026 - LE PUBLIC","og_description":"Le d\u00e9lib\u00e9r\u00e9 du proc\u00e8s opposant les anciens ministres Mansour Faye et Aminata Tour\u00e9 est fix\u00e9 au 08 ao\u00fbt prochain. L\u2019audience qui s\u2019est ouverte, ce 25 juillet, au tribunal de grande instance de Dakar a fait plus de 6 tours d\u2019horloges. Elle a permis de tirer au clair le post publi\u00e9 par l\u2019ancienne garde des sceaux acculant l\u2019ancien ministre de l\u2019\u00e9quit\u00e9 sociale, Mansour Faye comme \u00e9tant partie active du carnage financier dans la gestion des fonds forces covid-19. Aminata Tour\u00e9 a \u00e9t\u00e9 droite dans ses bottes. Elle s\u2019est adress\u00e9e \u00e0 la presse \u00e0 sa sortie d\u2019audience. Tra\u00een\u00e9e devant la barre du tribunal correctionnel de Dakar pour les faits de diffamation au pr\u00e9judice de Mansour Faye, Aminata Tour\u00e9 dite Mimi s\u2019est d\u00e9fendue. Face au juge, ce jeudi, elle a assum\u00e9 ses propos. Mieux, elle a d\u00e9clar\u00e9 qu\u2019elle n\u2019a aucune excuse \u00e0 pr\u00e9senter au plaignant. Et que c\u2019est ce dernier qui doit pr\u00e9senter des excuses au peuple s\u00e9n\u00e9galais. Membre de la coalition Diomaye-Pr\u00e9sident, Mimi Tour\u00e9 avait accus\u00e9 l\u2019ancien ministre du D\u00e9veloppement communautaire, de l&rsquo;\u00c9quit\u00e9 sociale et territoriale sur sa gestion des fonds de Covid-19. \u00ab Je suis la responsable du post partag\u00e9 sur les r\u00e9seaux sociaux. Cette affaire est la suite d\u2019une longue s\u00e9rie de harc\u00e8lements du pr\u00e9sident de la R\u00e9publique Macky Sall dont Mansour Faye n\u2019est qu\u2019une infime partie. Je me suis bas\u00e9e sur les conclusions du rapport d\u00e9finitif de la Cour des comptes sur les 1000 milliards de fonds force covid-19 notamment \u00e0 la page 100-101 pour \u00e9tayer mes propos et acculer Amadou Mansour Faye \u00bb, a-t-elle servi, d\u2019apr\u00e8s Dakaractu. Avant de faire remarquer : \u00abJe ne suis pas la seule \u00e0 l\u2019avoir dit, des centaines de S\u00e9n\u00e9galais l\u2019ont dit, des centaines de journalistes l\u2019ont dit. C\u2019est un carnage financier et cela renvoie \u00e0 la surfacturation \u00bb. Aminata Tour\u00e9 de poursuivre : \u00abPour le cas pr\u00e9cis, il est dit dans le rapport qu\u2019il y a une surfacturation en riz pour 2,7 milliards de FCFA. Je ne suis pas la seule \u00e0 le dire, 20 d\u00e9put\u00e9s ont \u00e9galement demand\u00e9 \u00e0 ce que Mansour Faye soit traduit devant la haute Cour de justice de la CEDEAO. Il s\u2019agit de 2,5 millions de surfacturation en riz avec 2,399 milliards de FCFA pendant que certains mourraient dans les h\u00f4pitaux et d\u2019autres mourraient de faim. Avec cette somme, on pouvait construire des h\u00f4pitaux\u00bb. L\u2019ancienne pr\u00e9sidente du Conseil \u00e9conomique social et environnement (CESE) ne recule pas. Elle soutient que le rapport dit plus. \u00abJe me suis indign\u00e9e et j\u2019ai demand\u00e9 \u00e0 nos autorit\u00e9s de faire la lumi\u00e8re sur cette affaire Les avocats de l\u2019ancien premier ministre ont alert\u00e9 sur le fait que si cette affaire passe en faveur de Mansour Faye, il faudra s\u2019attendre \u00e0 ce que d\u2019autres dignitaires de l\u2019ancien r\u00e9gime viennent tra\u00eener devant la barre d\u2019honn\u00eates citoyens pour des faits dont ils sont responsables. La d\u00e9fense a \u00e9galement r\u00e9clam\u00e9 1 milliard pour proc\u00e9dure abusive sur la base de l\u2019article 457 du code de proc\u00e9dure p\u00e9nale avec ex\u00e9cution provisoire. \u00ab Cette somme permettra de construire des h\u00f4pitaux. \u00bb, a soulign\u00e9 Me Moussa Sarr.","og_url":"https:\/\/www.public.sn\/index.php\/2024\/07\/25\/deliberation-du-proces-mimi-toure-mansour-faye-renvoye-8-aout-prochain-chaque-partie-reclame-un-milliard\/","og_site_name":"LE PUBLIC","article_published_time":"2024-07-25T21:04:13+00:00","og_image":[{"width":1280,"height":720,"url":"https:\/\/www.public.sn\/wp-content\/uploads\/2024\/07\/maxresdefault-18.jpg","type":"image\/jpeg"}],"author":"Baye Amath THIAM","twitter_card":"summary_large_image","twitter_misc":{"\u00c9crit par":"Baye Amath THIAM","Dur\u00e9e de lecture estim\u00e9e":"1 minute"},"schema":{"@context":"https:\/\/schema.org","@graph":[{"@type":"Article","@id":"https:\/\/www.public.sn\/index.php\/2024\/07\/25\/deliberation-du-proces-mimi-toure-mansour-faye-renvoye-8-aout-prochain-chaque-partie-reclame-un-milliard\/#article","isPartOf":{"@id":"https:\/\/www.public.sn\/index.php\/2024\/07\/25\/deliberation-du-proces-mimi-toure-mansour-faye-renvoye-8-aout-prochain-chaque-partie-reclame-un-milliard\/"},"author":{"name":"Baye Amath THIAM","@id":"https:\/\/www.public.sn\/#\/schema\/person\/f77cd9ce05d8fb925eb038378ee6899d"},"headline":"D\u00e9lib\u00e9ration du proc\u00e8s Mimi Tour\u00e9 \u2013 Mansour Faye renvoy\u00e9 8 ao\u00fbt prochain, chaque partie r\u00e9clame un milliard\u2026","datePublished":"2024-07-25T21:04:13+00:00","mainEntityOfPage":{"@id":"https:\/\/www.public.sn\/index.php\/2024\/07\/25\/deliberation-du-proces-mimi-toure-mansour-faye-renvoye-8-aout-prochain-chaque-partie-reclame-un-milliard\/"},"wordCount":578,"commentCount":0,"publisher":{"@id":"https:\/\/www.public.sn\/#organization"},"image":{"@id":"https:\/\/www.public.sn\/index.php\/2024\/07\/25\/deliberation-du-proces-mimi-toure-mansour-faye-renvoye-8-aout-prochain-chaque-partie-reclame-un-milliard\/#primaryimage"},"thumbnailUrl":"https:\/\/www.public.sn\/wp-content\/uploads\/2024\/07\/maxresdefault-18.jpg","keywords":["Aminata Tour\u00e9","au tribunal de grande instance de Dakar a fait plus de 6 tours d\u2019horloges.","ce 25 juillet","fix\u00e9 au 08 ao\u00fbt prochain.","L\u2019audience qui s\u2019est ouverte","La d\u00e9fense a \u00e9galement r\u00e9clam\u00e9 1 milliard pour proc\u00e9dure abusive","Le d\u00e9lib\u00e9r\u00e9 du proc\u00e8s opposant les anciens ministres","mansour faye"],"articleSection":["ACTUALIT\u00c9S","AFRIQUE &amp; MONDE","internationale","justice","S\u00c9CURIT\u00c9 &amp; JUSTICE","S\u00c9N\u00c9GAL","SOCIETE"],"inLanguage":"fr-FR","potentialAction":[{"@type":"CommentAction","name":"Comment","target":["https:\/\/www.public.sn\/index.php\/2024\/07\/25\/deliberation-du-proces-mimi-toure-mansour-faye-renvoye-8-aout-prochain-chaque-partie-reclame-un-milliard\/#respond"]}]},{"@type":"WebPage","@id":"https:\/\/www.public.sn\/index.php\/2024\/07\/25\/deliberation-du-proces-mimi-toure-mansour-faye-renvoye-8-aout-prochain-chaque-partie-reclame-un-milliard\/","url":"https:\/\/www.public.sn\/index.php\/2024\/07\/25\/deliberation-du-proces-mimi-toure-mansour-faye-renvoye-8-aout-prochain-chaque-partie-reclame-un-milliard\/","name":"D\u00e9lib\u00e9ration du proc\u00e8s Mimi Tour\u00e9 \u2013 Mansour Faye renvoy\u00e9 8 ao\u00fbt prochain, chaque partie r\u00e9clame un milliard\u2026 - LE PUBLIC","isPartOf":{"@id":"https:\/\/www.public.sn\/#website"},"primaryImageOfPage":{"@id":"https:\/\/www.public.sn\/index.php\/2024\/07\/25\/deliberation-du-proces-mimi-toure-mansour-faye-renvoye-8-aout-prochain-chaque-partie-reclame-un-milliard\/#primaryimage"},"image":{"@id":"https:\/\/www.public.sn\/index.php\/2024\/07\/25\/deliberation-du-proces-mimi-toure-mansour-faye-renvoye-8-aout-prochain-chaque-partie-reclame-un-milliard\/#primaryimage"},"thumbnailUrl":"https:\/\/www.public.sn\/wp-content\/uploads\/2024\/07\/maxresdefault-18.jpg","datePublished":"2024-07-25T21:04:13+00:00","breadcrumb":{"@id":"https:\/\/www.public.sn\/index.php\/2024\/07\/25\/deliberation-du-proces-mimi-toure-mansour-faye-renvoye-8-aout-prochain-chaque-partie-reclame-un-milliard\/#breadcrumb"},"inLanguage":"fr-FR","potentialAction":[{"@type":"ReadAction","target":["https:\/\/www.public.sn\/index.php\/2024\/07\/25\/deliberation-du-proces-mimi-toure-mansour-faye-renvoye-8-aout-prochain-chaque-partie-reclame-un-milliard\/"]}]},{"@type":"ImageObject","inLanguage":"fr-FR","@id":"https:\/\/www.public.sn\/index.php\/2024\/07\/25\/deliberation-du-proces-mimi-toure-mansour-faye-renvoye-8-aout-prochain-chaque-partie-reclame-un-milliard\/#primaryimage","url":"https:\/\/www.public.sn\/wp-content\/uploads\/2024\/07\/maxresdefault-18.jpg","contentUrl":"https:\/\/www.public.sn\/wp-content\/uploads\/2024\/07\/maxresdefault-18.jpg","width":1280,"height":720},{"@type":"BreadcrumbList","@id":"https:\/\/www.public.sn\/index.php\/2024\/07\/25\/deliberation-du-proces-mimi-toure-mansour-faye-renvoye-8-aout-prochain-chaque-partie-reclame-un-milliard\/#breadcrumb","itemListElement":[{"@type":"ListItem","position":1,"name":"Accueil","item":"https:\/\/www.public.sn\/"},{"@type":"ListItem","position":2,"name":"D\u00e9lib\u00e9ration du proc\u00e8s Mimi Tour\u00e9 \u2013 Mansour Faye renvoy\u00e9 8 ao\u00fbt prochain, chaque partie r\u00e9clame un milliard\u2026"}]},{"@type":"WebSite","@id":"https:\/\/www.public.sn\/#website","url":"https:\/\/www.public.sn\/","name":"LE PUBLIC","description":"","publisher":{"@id":"https:\/\/www.public.sn\/#organization"},"potentialAction":[{"@type":"SearchAction","target":{"@type":"EntryPoint","urlTemplate":"https:\/\/www.public.sn\/?s={search_term_string}"},"query-input":{"@type":"PropertyValueSpecification","valueRequired":true,"valueName":"search_term_string"}}],"inLanguage":"fr-FR"},{"@type":"Organization","@id":"https:\/\/www.public.sn\/#organization","name":"LE PUBLIC","url":"https:\/\/www.public.sn\/","logo":{"@type":"ImageObject","inLanguage":"fr-FR","@id":"https:\/\/www.public.sn\/#\/schema\/logo\/image\/","url":"https:\/\/www.public.sn\/wp-content\/uploads\/2024\/05\/cropped-LOGO-PUBLIC.SN_.png","contentUrl":"https:\/\/www.public.sn\/wp-content\/uploads\/2024\/05\/cropped-LOGO-PUBLIC.SN_.png","width":682,"height":192,"caption":"LE PUBLIC"},"image":{"@id":"https:\/\/www.public.sn\/#\/schema\/logo\/image\/"}},{"@type":"Person","@id":"https:\/\/www.public.sn\/#\/schema\/person\/f77cd9ce05d8fb925eb038378ee6899d","name":"Baye Amath THIAM","image":{"@type":"ImageObject","inLanguage":"fr-FR","@id":"https:\/\/www.public.sn\/#\/schema\/person\/image\/","url":"https:\/\/secure.gravatar.com\/avatar\/7eb863ef1336b6f8a2ad921469701e52f094a61c698fab02f5af742ed813612d?s=96&d=mm&r=g","contentUrl":"https:\/\/secure.gravatar.com\/avatar\/7eb863ef1336b6f8a2ad921469701e52f094a61c698fab02f5af742ed813612d?s=96&d=mm&r=g","caption":"Baye Amath THIAM"},"url":"https:\/\/www.public.sn\/index.php\/author\/thiamba24\/"}]}},"jetpack_featured_media_url":"https:\/\/www.public.sn\/wp-content\/uploads\/2024\/07\/maxresdefault-18.jpg","jetpack_sharing_enabled":true,"_links":{"self":[{"href":"https:\/\/www.public.sn\/index.php\/wp-json\/wp\/v2\/posts\/34732","targetHints":{"allow":["GET"]}}],"collection":[{"href":"https:\/\/www.public.sn\/index.php\/wp-json\/wp\/v2\/posts"}],"about":[{"href":"https:\/\/www.public.sn\/index.php\/wp-json\/wp\/v2\/types\/post"}],"author":[{"embeddable":true,"href":"https:\/\/www.public.sn\/index.php\/wp-json\/wp\/v2\/users\/15"}],"replies":[{"embeddable":true,"href":"https:\/\/www.public.sn\/index.php\/wp-json\/wp\/v2\/comments?post=34732"}],"version-history":[{"count":1,"href":"https:\/\/www.public.sn\/index.php\/wp-json\/wp\/v2\/posts\/34732\/revisions"}],"predecessor-version":[{"id":34734,"href":"https:\/\/www.public.sn\/index.php\/wp-json\/wp\/v2\/posts\/34732\/revisions\/34734"}],"wp:featuredmedia":[{"embeddable":true,"href":"https:\/\/www.public.sn\/index.php\/wp-json\/wp\/v2\/media\/34733"}],"wp:attachment":[{"href":"https:\/\/www.public.sn\/index.php\/wp-json\/wp\/v2\/media?parent=34732"}],"wp:term":[{"taxonomy":"category","embeddable":true,"href":"https:\/\/www.public.sn\/index.php\/wp-json\/wp\/v2\/categories?post=34732"},{"taxonomy":"post_tag","embeddable":true,"href":"https:\/\/www.public.sn\/index.php\/wp-json\/wp\/v2\/tags?post=34732"}],"curies":[{"name":"wp","href":"https:\/\/api.w.org\/{rel}","templated":true}]}}