{"id":3475,"date":"2022-10-03T11:18:50","date_gmt":"2022-10-03T11:18:50","guid":{"rendered":"https:\/\/www.public.sn\/?p=3475"},"modified":"2022-10-03T19:51:02","modified_gmt":"2022-10-03T19:51:02","slug":"proces-de-kaliphone-lactiviste-sera-fixe-sur-son-sort","status":"publish","type":"post","link":"https:\/\/www.public.sn\/index.php\/2022\/10\/03\/proces-de-kaliphone-lactiviste-sera-fixe-sur-son-sort\/","title":{"rendered":"Proc\u00e9s de Kaliphone : L&rsquo;activiste sera fix\u00e9 sur son sort"},"content":{"rendered":"\n<p>c&rsquo;est ce Lundi que l&rsquo;activiste Kaliphone sera \u00e9difi\u00e9 sur son sort. Il est attrait \u00e0 la barre pour les d\u00e9lits de coups et blessures volontaires par le mannequin Adja Thiare. Celle ci l&rsquo;accuse d&rsquo;avoir exerc\u00e9 des violences sur sa personne et d&rsquo;avoir tent\u00e9 de la violer. Des accusations balay\u00e9es par Kaliphone qui soutient que son accusatrice avait confisqu\u00e9 son t\u00e9l\u00e9phone et son argent. Et face \u00e0 toutes ces accusations et la plainte de la plaignante, le procureur apr\u00e8s l&rsquo;avoir entendu l&rsquo;a plac\u00e9 en garde \u00e0 vue. <\/p><div class=\"publi-paragraphe1\" style=\"margin-top: 10px;margin-bottom: 10px;margin-left: auto;margin-right: auto;text-align: center;\" id=\"publi-2881473040\"><div class=\"publi-adlabel\">Publicit\u00e9<\/div><script async src=\"\/\/pagead2.googlesyndication.com\/pagead\/js\/adsbygoogle.js?client=ca-pub-4089586018074219\" crossorigin=\"anonymous\"><\/script><ins class=\"adsbygoogle\" style=\"display:block;\" data-ad-client=\"ca-pub-4089586018074219\" \ndata-ad-slot=\"2087940154\" \ndata-ad-format=\"auto\"><\/ins>\n<script> \n(adsbygoogle = window.adsbygoogle || []).push({}); \n<\/script>\n<\/div>\n\n\n\n<p>Samba SY.<\/p>\n\n\n\n<figure class=\"wp-block-gallery has-nested-images columns-default is-cropped wp-block-gallery-1 is-layout-flex wp-block-gallery-is-layout-flex\">\n<figure class=\"wp-block-image size-large\"><img fetchpriority=\"high\" decoding=\"async\" width=\"612\" height=\"298\" data-id=\"3485\" src=\"https:\/\/www.public.sn\/wp-content\/uploads\/2022\/10\/4cfc283215ac71b95efee10351f6db6b797c4f51.jpeg\" alt=\"\" class=\"wp-image-3485\" srcset=\"https:\/\/www.public.sn\/wp-content\/uploads\/2022\/10\/4cfc283215ac71b95efee10351f6db6b797c4f51.jpeg 612w, https:\/\/www.public.sn\/wp-content\/uploads\/2022\/10\/4cfc283215ac71b95efee10351f6db6b797c4f51-600x292.jpeg 600w, https:\/\/www.public.sn\/wp-content\/uploads\/2022\/10\/4cfc283215ac71b95efee10351f6db6b797c4f51-300x146.jpeg 300w\" sizes=\"(max-width: 612px) 100vw, 612px\" \/><\/figure>\n<\/figure>\n<div class=\"publi-apres-le-contenu\" style=\"margin-top: 10px;margin-bottom: 10px;margin-left: auto;margin-right: auto;text-align: center;\" id=\"publi-2809386453\"><div class=\"publi-adlabel\">Publicit\u00e9<\/div><script async src=\"\/\/pagead2.googlesyndication.com\/pagead\/js\/adsbygoogle.js?client=ca-pub-4089586018074219\" crossorigin=\"anonymous\"><\/script><ins class=\"adsbygoogle\" style=\"display:block;\" data-ad-client=\"ca-pub-4089586018074219\" \ndata-ad-slot=\"2087940154\" \ndata-ad-format=\"auto\"><\/ins>\n<script> \n(adsbygoogle = window.adsbygoogle || []).push({}); \n<\/script>\n<\/div>","protected":false},"excerpt":{"rendered":"<p>c&rsquo;est ce Lundi que l&rsquo;activiste Kaliphone sera \u00e9difi\u00e9 sur son sort. Il est attrait \u00e0 la barre pour les d\u00e9lits de coups et blessures volontaires par le mannequin Adja Thiare. Celle ci l&rsquo;accuse d&rsquo;avoir exerc\u00e9 des violences sur sa personne et d&rsquo;avoir tent\u00e9 de la violer. Des accusations balay\u00e9es par Kaliphone qui soutient que son accusatrice avait confisqu\u00e9 son t\u00e9l\u00e9phone et son argent. Et face \u00e0 toutes ces accusations et la plainte de la plaignante, le procureur apr\u00e8s l&rsquo;avoir entendu l&rsquo;a plac\u00e9 en garde \u00e0 vue. Samba SY.<\/p>\n","protected":false},"author":1,"featured_media":3485,"comment_status":"open","ping_status":"open","sticky":false,"template":"","format":"standard","meta":{"_jetpack_memberships_contains_paid_content":false,"footnotes":""},"categories":[1],"tags":[1138],"class_list":["post-3475","post","type-post","status-publish","format-standard","has-post-thumbnail","hentry","category-non-classe","tag-proces-2","entry","has-media","owp-thumbs-layout-horizontal","owp-btn-normal","owp-tabs-layout-horizontal","has-no-thumbnails","has-product-nav"],"yoast_head":"<!-- This site is optimized with the Yoast SEO plugin v25.5 - https:\/\/yoast.com\/wordpress\/plugins\/seo\/ -->\n<title>Proc\u00e9s de Kaliphone : L&#039;activiste sera fix\u00e9 sur son sort - LE PUBLIC<\/title>\n<meta name=\"robots\" content=\"index, follow, max-snippet:-1, max-image-preview:large, max-video-preview:-1\" \/>\n<link rel=\"canonical\" href=\"https:\/\/www.public.sn\/index.php\/2022\/10\/03\/proces-de-kaliphone-lactiviste-sera-fixe-sur-son-sort\/\" \/>\n<meta property=\"og:locale\" content=\"fr_FR\" \/>\n<meta property=\"og:type\" content=\"article\" \/>\n<meta property=\"og:title\" content=\"Proc\u00e9s de Kaliphone : L&#039;activiste sera fix\u00e9 sur son sort - LE PUBLIC\" \/>\n<meta property=\"og:description\" content=\"c&rsquo;est ce Lundi que l&rsquo;activiste Kaliphone sera \u00e9difi\u00e9 sur son sort. Il est attrait \u00e0 la barre pour les d\u00e9lits de coups et blessures volontaires par le mannequin Adja Thiare. Celle ci l&rsquo;accuse d&rsquo;avoir exerc\u00e9 des violences sur sa personne et d&rsquo;avoir tent\u00e9 de la violer. Des accusations balay\u00e9es par Kaliphone qui soutient que son accusatrice avait confisqu\u00e9 son t\u00e9l\u00e9phone et son argent. Et face \u00e0 toutes ces accusations et la plainte de la plaignante, le procureur apr\u00e8s l&rsquo;avoir entendu l&rsquo;a plac\u00e9 en garde \u00e0 vue. Samba SY.\" \/>\n<meta property=\"og:url\" content=\"https:\/\/www.public.sn\/index.php\/2022\/10\/03\/proces-de-kaliphone-lactiviste-sera-fixe-sur-son-sort\/\" \/>\n<meta property=\"og:site_name\" content=\"LE PUBLIC\" \/>\n<meta property=\"article:published_time\" content=\"2022-10-03T11:18:50+00:00\" \/>\n<meta property=\"article:modified_time\" content=\"2022-10-03T19:51:02+00:00\" \/>\n<meta property=\"og:image\" content=\"https:\/\/www.public.sn\/wp-content\/uploads\/2022\/10\/4cfc283215ac71b95efee10351f6db6b797c4f51.jpeg\" \/>\n\t<meta property=\"og:image:width\" content=\"612\" \/>\n\t<meta property=\"og:image:height\" content=\"298\" \/>\n\t<meta property=\"og:image:type\" content=\"image\/jpeg\" \/>\n<meta name=\"author\" content=\"LA REDACTION\" \/>\n<meta name=\"twitter:card\" content=\"summary_large_image\" \/>\n<meta name=\"twitter:label1\" content=\"\u00c9crit par\" \/>\n\t<meta name=\"twitter:data1\" content=\"LA REDACTION\" \/>\n\t<meta name=\"twitter:label2\" content=\"Dur\u00e9e de lecture estim\u00e9e\" \/>\n\t<meta name=\"twitter:data2\" content=\"1 minute\" \/>\n<script type=\"application\/ld+json\" class=\"yoast-schema-graph\">{\"@context\":\"https:\/\/schema.org\",\"@graph\":[{\"@type\":\"Article\",\"@id\":\"https:\/\/www.public.sn\/index.php\/2022\/10\/03\/proces-de-kaliphone-lactiviste-sera-fixe-sur-son-sort\/#article\",\"isPartOf\":{\"@id\":\"https:\/\/www.public.sn\/index.php\/2022\/10\/03\/proces-de-kaliphone-lactiviste-sera-fixe-sur-son-sort\/\"},\"author\":{\"name\":\"LA REDACTION\",\"@id\":\"https:\/\/www.public.sn\/#\/schema\/person\/e3f4a11b037d4203902db148f9bc8d5a\"},\"headline\":\"Proc\u00e9s de Kaliphone : L&rsquo;activiste sera fix\u00e9 sur son sort\",\"datePublished\":\"2022-10-03T11:18:50+00:00\",\"dateModified\":\"2022-10-03T19:51:02+00:00\",\"mainEntityOfPage\":{\"@id\":\"https:\/\/www.public.sn\/index.php\/2022\/10\/03\/proces-de-kaliphone-lactiviste-sera-fixe-sur-son-sort\/\"},\"wordCount\":100,\"commentCount\":0,\"publisher\":{\"@id\":\"https:\/\/www.public.sn\/#organization\"},\"image\":{\"@id\":\"https:\/\/www.public.sn\/index.php\/2022\/10\/03\/proces-de-kaliphone-lactiviste-sera-fixe-sur-son-sort\/#primaryimage\"},\"thumbnailUrl\":\"https:\/\/www.public.sn\/wp-content\/uploads\/2022\/10\/4cfc283215ac71b95efee10351f6db6b797c4f51.jpeg\",\"keywords\":[\"proces\"],\"articleSection\":[\"S\u00c9N\u00c9GAL\"],\"inLanguage\":\"fr-FR\",\"potentialAction\":[{\"@type\":\"CommentAction\",\"name\":\"Comment\",\"target\":[\"https:\/\/www.public.sn\/index.php\/2022\/10\/03\/proces-de-kaliphone-lactiviste-sera-fixe-sur-son-sort\/#respond\"]}]},{\"@type\":\"WebPage\",\"@id\":\"https:\/\/www.public.sn\/index.php\/2022\/10\/03\/proces-de-kaliphone-lactiviste-sera-fixe-sur-son-sort\/\",\"url\":\"https:\/\/www.public.sn\/index.php\/2022\/10\/03\/proces-de-kaliphone-lactiviste-sera-fixe-sur-son-sort\/\",\"name\":\"Proc\u00e9s de Kaliphone : L'activiste sera fix\u00e9 sur son sort - LE PUBLIC\",\"isPartOf\":{\"@id\":\"https:\/\/www.public.sn\/#website\"},\"primaryImageOfPage\":{\"@id\":\"https:\/\/www.public.sn\/index.php\/2022\/10\/03\/proces-de-kaliphone-lactiviste-sera-fixe-sur-son-sort\/#primaryimage\"},\"image\":{\"@id\":\"https:\/\/www.public.sn\/index.php\/2022\/10\/03\/proces-de-kaliphone-lactiviste-sera-fixe-sur-son-sort\/#primaryimage\"},\"thumbnailUrl\":\"https:\/\/www.public.sn\/wp-content\/uploads\/2022\/10\/4cfc283215ac71b95efee10351f6db6b797c4f51.jpeg\",\"datePublished\":\"2022-10-03T11:18:50+00:00\",\"dateModified\":\"2022-10-03T19:51:02+00:00\",\"breadcrumb\":{\"@id\":\"https:\/\/www.public.sn\/index.php\/2022\/10\/03\/proces-de-kaliphone-lactiviste-sera-fixe-sur-son-sort\/#breadcrumb\"},\"inLanguage\":\"fr-FR\",\"potentialAction\":[{\"@type\":\"ReadAction\",\"target\":[\"https:\/\/www.public.sn\/index.php\/2022\/10\/03\/proces-de-kaliphone-lactiviste-sera-fixe-sur-son-sort\/\"]}]},{\"@type\":\"ImageObject\",\"inLanguage\":\"fr-FR\",\"@id\":\"https:\/\/www.public.sn\/index.php\/2022\/10\/03\/proces-de-kaliphone-lactiviste-sera-fixe-sur-son-sort\/#primaryimage\",\"url\":\"https:\/\/www.public.sn\/wp-content\/uploads\/2022\/10\/4cfc283215ac71b95efee10351f6db6b797c4f51.jpeg\",\"contentUrl\":\"https:\/\/www.public.sn\/wp-content\/uploads\/2022\/10\/4cfc283215ac71b95efee10351f6db6b797c4f51.jpeg\",\"width\":612,\"height\":298,\"caption\":\"Public Sn\"},{\"@type\":\"BreadcrumbList\",\"@id\":\"https:\/\/www.public.sn\/index.php\/2022\/10\/03\/proces-de-kaliphone-lactiviste-sera-fixe-sur-son-sort\/#breadcrumb\",\"itemListElement\":[{\"@type\":\"ListItem\",\"position\":1,\"name\":\"Accueil\",\"item\":\"https:\/\/www.public.sn\/\"},{\"@type\":\"ListItem\",\"position\":2,\"name\":\"Proc\u00e9s de Kaliphone : L&rsquo;activiste sera fix\u00e9 sur son sort\"}]},{\"@type\":\"WebSite\",\"@id\":\"https:\/\/www.public.sn\/#website\",\"url\":\"https:\/\/www.public.sn\/\",\"name\":\"LE PUBLIC\",\"description\":\"\",\"publisher\":{\"@id\":\"https:\/\/www.public.sn\/#organization\"},\"potentialAction\":[{\"@type\":\"SearchAction\",\"target\":{\"@type\":\"EntryPoint\",\"urlTemplate\":\"https:\/\/www.public.sn\/?s={search_term_string}\"},\"query-input\":{\"@type\":\"PropertyValueSpecification\",\"valueRequired\":true,\"valueName\":\"search_term_string\"}}],\"inLanguage\":\"fr-FR\"},{\"@type\":\"Organization\",\"@id\":\"https:\/\/www.public.sn\/#organization\",\"name\":\"LE PUBLIC\",\"url\":\"https:\/\/www.public.sn\/\",\"logo\":{\"@type\":\"ImageObject\",\"inLanguage\":\"fr-FR\",\"@id\":\"https:\/\/www.public.sn\/#\/schema\/logo\/image\/\",\"url\":\"https:\/\/www.public.sn\/wp-content\/uploads\/2024\/05\/cropped-LOGO-PUBLIC.SN_.png\",\"contentUrl\":\"https:\/\/www.public.sn\/wp-content\/uploads\/2024\/05\/cropped-LOGO-PUBLIC.SN_.png\",\"width\":682,\"height\":192,\"caption\":\"LE PUBLIC\"},\"image\":{\"@id\":\"https:\/\/www.public.sn\/#\/schema\/logo\/image\/\"}},{\"@type\":\"Person\",\"@id\":\"https:\/\/www.public.sn\/#\/schema\/person\/e3f4a11b037d4203902db148f9bc8d5a\",\"name\":\"LA REDACTION\",\"image\":{\"@type\":\"ImageObject\",\"inLanguage\":\"fr-FR\",\"@id\":\"https:\/\/www.public.sn\/#\/schema\/person\/image\/\",\"url\":\"https:\/\/secure.gravatar.com\/avatar\/d6c030db45db2883c075085c5d6c6258654a801a93766b49af0b82d4f454e2a5?s=96&d=mm&r=g\",\"contentUrl\":\"https:\/\/secure.gravatar.com\/avatar\/d6c030db45db2883c075085c5d6c6258654a801a93766b49af0b82d4f454e2a5?s=96&d=mm&r=g\",\"caption\":\"LA REDACTION\"},\"sameAs\":[\"http:\/\/www.public.sn\"],\"url\":\"https:\/\/www.public.sn\/index.php\/author\/admin7324\/\"}]}<\/script>\n<!-- \/ Yoast SEO plugin. -->","yoast_head_json":{"title":"Proc\u00e9s de Kaliphone : L'activiste sera fix\u00e9 sur son sort - LE PUBLIC","robots":{"index":"index","follow":"follow","max-snippet":"max-snippet:-1","max-image-preview":"max-image-preview:large","max-video-preview":"max-video-preview:-1"},"canonical":"https:\/\/www.public.sn\/index.php\/2022\/10\/03\/proces-de-kaliphone-lactiviste-sera-fixe-sur-son-sort\/","og_locale":"fr_FR","og_type":"article","og_title":"Proc\u00e9s de Kaliphone : L'activiste sera fix\u00e9 sur son sort - LE PUBLIC","og_description":"c&rsquo;est ce Lundi que l&rsquo;activiste Kaliphone sera \u00e9difi\u00e9 sur son sort. Il est attrait \u00e0 la barre pour les d\u00e9lits de coups et blessures volontaires par le mannequin Adja Thiare. Celle ci l&rsquo;accuse d&rsquo;avoir exerc\u00e9 des violences sur sa personne et d&rsquo;avoir tent\u00e9 de la violer. Des accusations balay\u00e9es par Kaliphone qui soutient que son accusatrice avait confisqu\u00e9 son t\u00e9l\u00e9phone et son argent. Et face \u00e0 toutes ces accusations et la plainte de la plaignante, le procureur apr\u00e8s l&rsquo;avoir entendu l&rsquo;a plac\u00e9 en garde \u00e0 vue. Samba SY.","og_url":"https:\/\/www.public.sn\/index.php\/2022\/10\/03\/proces-de-kaliphone-lactiviste-sera-fixe-sur-son-sort\/","og_site_name":"LE PUBLIC","article_published_time":"2022-10-03T11:18:50+00:00","article_modified_time":"2022-10-03T19:51:02+00:00","og_image":[{"width":612,"height":298,"url":"https:\/\/www.public.sn\/wp-content\/uploads\/2022\/10\/4cfc283215ac71b95efee10351f6db6b797c4f51.jpeg","type":"image\/jpeg"}],"author":"LA REDACTION","twitter_card":"summary_large_image","twitter_misc":{"\u00c9crit par":"LA REDACTION","Dur\u00e9e de lecture estim\u00e9e":"1 minute"},"schema":{"@context":"https:\/\/schema.org","@graph":[{"@type":"Article","@id":"https:\/\/www.public.sn\/index.php\/2022\/10\/03\/proces-de-kaliphone-lactiviste-sera-fixe-sur-son-sort\/#article","isPartOf":{"@id":"https:\/\/www.public.sn\/index.php\/2022\/10\/03\/proces-de-kaliphone-lactiviste-sera-fixe-sur-son-sort\/"},"author":{"name":"LA REDACTION","@id":"https:\/\/www.public.sn\/#\/schema\/person\/e3f4a11b037d4203902db148f9bc8d5a"},"headline":"Proc\u00e9s de Kaliphone : L&rsquo;activiste sera fix\u00e9 sur son sort","datePublished":"2022-10-03T11:18:50+00:00","dateModified":"2022-10-03T19:51:02+00:00","mainEntityOfPage":{"@id":"https:\/\/www.public.sn\/index.php\/2022\/10\/03\/proces-de-kaliphone-lactiviste-sera-fixe-sur-son-sort\/"},"wordCount":100,"commentCount":0,"publisher":{"@id":"https:\/\/www.public.sn\/#organization"},"image":{"@id":"https:\/\/www.public.sn\/index.php\/2022\/10\/03\/proces-de-kaliphone-lactiviste-sera-fixe-sur-son-sort\/#primaryimage"},"thumbnailUrl":"https:\/\/www.public.sn\/wp-content\/uploads\/2022\/10\/4cfc283215ac71b95efee10351f6db6b797c4f51.jpeg","keywords":["proces"],"articleSection":["S\u00c9N\u00c9GAL"],"inLanguage":"fr-FR","potentialAction":[{"@type":"CommentAction","name":"Comment","target":["https:\/\/www.public.sn\/index.php\/2022\/10\/03\/proces-de-kaliphone-lactiviste-sera-fixe-sur-son-sort\/#respond"]}]},{"@type":"WebPage","@id":"https:\/\/www.public.sn\/index.php\/2022\/10\/03\/proces-de-kaliphone-lactiviste-sera-fixe-sur-son-sort\/","url":"https:\/\/www.public.sn\/index.php\/2022\/10\/03\/proces-de-kaliphone-lactiviste-sera-fixe-sur-son-sort\/","name":"Proc\u00e9s de Kaliphone : L'activiste sera fix\u00e9 sur son sort - LE PUBLIC","isPartOf":{"@id":"https:\/\/www.public.sn\/#website"},"primaryImageOfPage":{"@id":"https:\/\/www.public.sn\/index.php\/2022\/10\/03\/proces-de-kaliphone-lactiviste-sera-fixe-sur-son-sort\/#primaryimage"},"image":{"@id":"https:\/\/www.public.sn\/index.php\/2022\/10\/03\/proces-de-kaliphone-lactiviste-sera-fixe-sur-son-sort\/#primaryimage"},"thumbnailUrl":"https:\/\/www.public.sn\/wp-content\/uploads\/2022\/10\/4cfc283215ac71b95efee10351f6db6b797c4f51.jpeg","datePublished":"2022-10-03T11:18:50+00:00","dateModified":"2022-10-03T19:51:02+00:00","breadcrumb":{"@id":"https:\/\/www.public.sn\/index.php\/2022\/10\/03\/proces-de-kaliphone-lactiviste-sera-fixe-sur-son-sort\/#breadcrumb"},"inLanguage":"fr-FR","potentialAction":[{"@type":"ReadAction","target":["https:\/\/www.public.sn\/index.php\/2022\/10\/03\/proces-de-kaliphone-lactiviste-sera-fixe-sur-son-sort\/"]}]},{"@type":"ImageObject","inLanguage":"fr-FR","@id":"https:\/\/www.public.sn\/index.php\/2022\/10\/03\/proces-de-kaliphone-lactiviste-sera-fixe-sur-son-sort\/#primaryimage","url":"https:\/\/www.public.sn\/wp-content\/uploads\/2022\/10\/4cfc283215ac71b95efee10351f6db6b797c4f51.jpeg","contentUrl":"https:\/\/www.public.sn\/wp-content\/uploads\/2022\/10\/4cfc283215ac71b95efee10351f6db6b797c4f51.jpeg","width":612,"height":298,"caption":"Public Sn"},{"@type":"BreadcrumbList","@id":"https:\/\/www.public.sn\/index.php\/2022\/10\/03\/proces-de-kaliphone-lactiviste-sera-fixe-sur-son-sort\/#breadcrumb","itemListElement":[{"@type":"ListItem","position":1,"name":"Accueil","item":"https:\/\/www.public.sn\/"},{"@type":"ListItem","position":2,"name":"Proc\u00e9s de Kaliphone : L&rsquo;activiste sera fix\u00e9 sur son sort"}]},{"@type":"WebSite","@id":"https:\/\/www.public.sn\/#website","url":"https:\/\/www.public.sn\/","name":"LE PUBLIC","description":"","publisher":{"@id":"https:\/\/www.public.sn\/#organization"},"potentialAction":[{"@type":"SearchAction","target":{"@type":"EntryPoint","urlTemplate":"https:\/\/www.public.sn\/?s={search_term_string}"},"query-input":{"@type":"PropertyValueSpecification","valueRequired":true,"valueName":"search_term_string"}}],"inLanguage":"fr-FR"},{"@type":"Organization","@id":"https:\/\/www.public.sn\/#organization","name":"LE PUBLIC","url":"https:\/\/www.public.sn\/","logo":{"@type":"ImageObject","inLanguage":"fr-FR","@id":"https:\/\/www.public.sn\/#\/schema\/logo\/image\/","url":"https:\/\/www.public.sn\/wp-content\/uploads\/2024\/05\/cropped-LOGO-PUBLIC.SN_.png","contentUrl":"https:\/\/www.public.sn\/wp-content\/uploads\/2024\/05\/cropped-LOGO-PUBLIC.SN_.png","width":682,"height":192,"caption":"LE PUBLIC"},"image":{"@id":"https:\/\/www.public.sn\/#\/schema\/logo\/image\/"}},{"@type":"Person","@id":"https:\/\/www.public.sn\/#\/schema\/person\/e3f4a11b037d4203902db148f9bc8d5a","name":"LA REDACTION","image":{"@type":"ImageObject","inLanguage":"fr-FR","@id":"https:\/\/www.public.sn\/#\/schema\/person\/image\/","url":"https:\/\/secure.gravatar.com\/avatar\/d6c030db45db2883c075085c5d6c6258654a801a93766b49af0b82d4f454e2a5?s=96&d=mm&r=g","contentUrl":"https:\/\/secure.gravatar.com\/avatar\/d6c030db45db2883c075085c5d6c6258654a801a93766b49af0b82d4f454e2a5?s=96&d=mm&r=g","caption":"LA REDACTION"},"sameAs":["http:\/\/www.public.sn"],"url":"https:\/\/www.public.sn\/index.php\/author\/admin7324\/"}]}},"jetpack_featured_media_url":"https:\/\/www.public.sn\/wp-content\/uploads\/2022\/10\/4cfc283215ac71b95efee10351f6db6b797c4f51.jpeg","jetpack_sharing_enabled":true,"_links":{"self":[{"href":"https:\/\/www.public.sn\/index.php\/wp-json\/wp\/v2\/posts\/3475","targetHints":{"allow":["GET"]}}],"collection":[{"href":"https:\/\/www.public.sn\/index.php\/wp-json\/wp\/v2\/posts"}],"about":[{"href":"https:\/\/www.public.sn\/index.php\/wp-json\/wp\/v2\/types\/post"}],"author":[{"embeddable":true,"href":"https:\/\/www.public.sn\/index.php\/wp-json\/wp\/v2\/users\/1"}],"replies":[{"embeddable":true,"href":"https:\/\/www.public.sn\/index.php\/wp-json\/wp\/v2\/comments?post=3475"}],"version-history":[{"count":5,"href":"https:\/\/www.public.sn\/index.php\/wp-json\/wp\/v2\/posts\/3475\/revisions"}],"predecessor-version":[{"id":3540,"href":"https:\/\/www.public.sn\/index.php\/wp-json\/wp\/v2\/posts\/3475\/revisions\/3540"}],"wp:featuredmedia":[{"embeddable":true,"href":"https:\/\/www.public.sn\/index.php\/wp-json\/wp\/v2\/media\/3485"}],"wp:attachment":[{"href":"https:\/\/www.public.sn\/index.php\/wp-json\/wp\/v2\/media?parent=3475"}],"wp:term":[{"taxonomy":"category","embeddable":true,"href":"https:\/\/www.public.sn\/index.php\/wp-json\/wp\/v2\/categories?post=3475"},{"taxonomy":"post_tag","embeddable":true,"href":"https:\/\/www.public.sn\/index.php\/wp-json\/wp\/v2\/tags?post=3475"}],"curies":[{"name":"wp","href":"https:\/\/api.w.org\/{rel}","templated":true}]}}