{"id":3479,"date":"2022-10-03T11:03:02","date_gmt":"2022-10-03T11:03:02","guid":{"rendered":"https:\/\/www.public.sn\/?p=3479"},"modified":"2022-10-03T11:03:03","modified_gmt":"2022-10-03T11:03:03","slug":"affaire-kalifone-adja-thiare-kalifone-est-dans-la-cave","status":"publish","type":"post","link":"https:\/\/www.public.sn\/index.php\/2022\/10\/03\/affaire-kalifone-adja-thiare-kalifone-est-dans-la-cave\/","title":{"rendered":"Affaire Kalifone Adja Thiar\u00e9 : Kalifone est dans la cave."},"content":{"rendered":"\n<p>Selon une source proche de la famille, le sieur Kalifone se trouve pr\u00e9sentement dans la cave du tribunal de Dakar. Il sera probablement fix\u00e9 sur son sort dans les prochaines heures.<br> Falil Gadio<\/p><div class=\"publi-paragraphe1\" style=\"margin-top: 10px;margin-bottom: 10px;margin-left: auto;margin-right: auto;text-align: center;\" id=\"publi-3980481617\"><div class=\"publi-adlabel\">Publicit\u00e9<\/div><script async src=\"\/\/pagead2.googlesyndication.com\/pagead\/js\/adsbygoogle.js?client=ca-pub-4089586018074219\" crossorigin=\"anonymous\"><\/script><ins class=\"adsbygoogle\" style=\"display:block;\" data-ad-client=\"ca-pub-4089586018074219\" \ndata-ad-slot=\"2087940154\" \ndata-ad-format=\"auto\"><\/ins>\n<script> \n(adsbygoogle = window.adsbygoogle || []).push({}); \n<\/script>\n<\/div>\n<div class=\"publi-apres-le-contenu\" style=\"margin-top: 10px;margin-bottom: 10px;margin-left: auto;margin-right: auto;text-align: center;\" id=\"publi-2368376988\"><div class=\"publi-adlabel\">Publicit\u00e9<\/div><script async src=\"\/\/pagead2.googlesyndication.com\/pagead\/js\/adsbygoogle.js?client=ca-pub-4089586018074219\" crossorigin=\"anonymous\"><\/script><ins class=\"adsbygoogle\" style=\"display:block;\" data-ad-client=\"ca-pub-4089586018074219\" \ndata-ad-slot=\"2087940154\" \ndata-ad-format=\"auto\"><\/ins>\n<script> \n(adsbygoogle = window.adsbygoogle || []).push({}); \n<\/script>\n<\/div>","protected":false},"excerpt":{"rendered":"<p>Selon une source proche de la famille, le sieur Kalifone se trouve pr\u00e9sentement dans la cave du tribunal de Dakar. Il sera probablement fix\u00e9 sur son sort dans les prochaines heures. Falil Gadio<\/p>\n","protected":false},"author":1,"featured_media":3483,"comment_status":"open","ping_status":"open","sticky":false,"template":"","format":"standard","meta":{"_jetpack_memberships_contains_paid_content":false,"footnotes":""},"categories":[375,1,4,372],"tags":[1024,1071,263],"class_list":["post-3479","post","type-post","status-publish","format-standard","has-post-thumbnail","hentry","category-actualites","category-non-classe","category-societe","category-vedette","tag-adja-thiare","tag-kalifone","tag-viol","entry","has-media","owp-thumbs-layout-horizontal","owp-btn-normal","owp-tabs-layout-horizontal","has-no-thumbnails","has-product-nav"],"yoast_head":"<!-- This site is optimized with the Yoast SEO plugin v25.5 - https:\/\/yoast.com\/wordpress\/plugins\/seo\/ -->\n<title>Affaire Kalifone Adja Thiar\u00e9 : Kalifone est dans la cave. - LE PUBLIC<\/title>\n<meta name=\"robots\" content=\"index, follow, max-snippet:-1, max-image-preview:large, max-video-preview:-1\" \/>\n<link rel=\"canonical\" href=\"https:\/\/www.public.sn\/index.php\/2022\/10\/03\/affaire-kalifone-adja-thiare-kalifone-est-dans-la-cave\/\" \/>\n<meta property=\"og:locale\" content=\"fr_FR\" \/>\n<meta property=\"og:type\" content=\"article\" \/>\n<meta property=\"og:title\" content=\"Affaire Kalifone Adja Thiar\u00e9 : Kalifone est dans la cave. - LE PUBLIC\" \/>\n<meta property=\"og:description\" content=\"Selon une source proche de la famille, le sieur Kalifone se trouve pr\u00e9sentement dans la cave du tribunal de Dakar. Il sera probablement fix\u00e9 sur son sort dans les prochaines heures. Falil Gadio\" \/>\n<meta property=\"og:url\" content=\"https:\/\/www.public.sn\/index.php\/2022\/10\/03\/affaire-kalifone-adja-thiare-kalifone-est-dans-la-cave\/\" \/>\n<meta property=\"og:site_name\" content=\"LE PUBLIC\" \/>\n<meta property=\"article:published_time\" content=\"2022-10-03T11:03:02+00:00\" \/>\n<meta property=\"article:modified_time\" content=\"2022-10-03T11:03:03+00:00\" \/>\n<meta property=\"og:image\" content=\"https:\/\/www.public.sn\/wp-content\/uploads\/2022\/10\/5CED0FFF-06D0-430A-AF22-94E45B5BCD0D.jpeg\" \/>\n\t<meta property=\"og:image:width\" content=\"259\" \/>\n\t<meta property=\"og:image:height\" content=\"194\" \/>\n\t<meta property=\"og:image:type\" content=\"image\/jpeg\" \/>\n<meta name=\"author\" content=\"LA REDACTION\" \/>\n<meta name=\"twitter:card\" content=\"summary_large_image\" \/>\n<meta name=\"twitter:label1\" content=\"\u00c9crit par\" \/>\n\t<meta name=\"twitter:data1\" content=\"LA REDACTION\" \/>\n\t<meta name=\"twitter:label2\" content=\"Dur\u00e9e de lecture estim\u00e9e\" \/>\n\t<meta name=\"twitter:data2\" content=\"1 minute\" \/>\n<script type=\"application\/ld+json\" class=\"yoast-schema-graph\">{\"@context\":\"https:\/\/schema.org\",\"@graph\":[{\"@type\":\"Article\",\"@id\":\"https:\/\/www.public.sn\/index.php\/2022\/10\/03\/affaire-kalifone-adja-thiare-kalifone-est-dans-la-cave\/#article\",\"isPartOf\":{\"@id\":\"https:\/\/www.public.sn\/index.php\/2022\/10\/03\/affaire-kalifone-adja-thiare-kalifone-est-dans-la-cave\/\"},\"author\":{\"name\":\"LA REDACTION\",\"@id\":\"https:\/\/www.public.sn\/#\/schema\/person\/e3f4a11b037d4203902db148f9bc8d5a\"},\"headline\":\"Affaire Kalifone Adja Thiar\u00e9 : Kalifone est dans la cave.\",\"datePublished\":\"2022-10-03T11:03:02+00:00\",\"dateModified\":\"2022-10-03T11:03:03+00:00\",\"mainEntityOfPage\":{\"@id\":\"https:\/\/www.public.sn\/index.php\/2022\/10\/03\/affaire-kalifone-adja-thiare-kalifone-est-dans-la-cave\/\"},\"wordCount\":43,\"commentCount\":0,\"publisher\":{\"@id\":\"https:\/\/www.public.sn\/#organization\"},\"image\":{\"@id\":\"https:\/\/www.public.sn\/index.php\/2022\/10\/03\/affaire-kalifone-adja-thiare-kalifone-est-dans-la-cave\/#primaryimage\"},\"thumbnailUrl\":\"https:\/\/www.public.sn\/wp-content\/uploads\/2022\/10\/5CED0FFF-06D0-430A-AF22-94E45B5BCD0D.jpeg\",\"keywords\":[\"Adja Thiar\u00e9\",\"Kalifone\",\"Viol\"],\"articleSection\":[\"ACTUALIT\u00c9S\",\"S\u00c9N\u00c9GAL\",\"SOCIETE\",\"VEDETTE\"],\"inLanguage\":\"fr-FR\",\"potentialAction\":[{\"@type\":\"CommentAction\",\"name\":\"Comment\",\"target\":[\"https:\/\/www.public.sn\/index.php\/2022\/10\/03\/affaire-kalifone-adja-thiare-kalifone-est-dans-la-cave\/#respond\"]}]},{\"@type\":\"WebPage\",\"@id\":\"https:\/\/www.public.sn\/index.php\/2022\/10\/03\/affaire-kalifone-adja-thiare-kalifone-est-dans-la-cave\/\",\"url\":\"https:\/\/www.public.sn\/index.php\/2022\/10\/03\/affaire-kalifone-adja-thiare-kalifone-est-dans-la-cave\/\",\"name\":\"Affaire Kalifone Adja Thiar\u00e9 : Kalifone est dans la cave. - LE PUBLIC\",\"isPartOf\":{\"@id\":\"https:\/\/www.public.sn\/#website\"},\"primaryImageOfPage\":{\"@id\":\"https:\/\/www.public.sn\/index.php\/2022\/10\/03\/affaire-kalifone-adja-thiare-kalifone-est-dans-la-cave\/#primaryimage\"},\"image\":{\"@id\":\"https:\/\/www.public.sn\/index.php\/2022\/10\/03\/affaire-kalifone-adja-thiare-kalifone-est-dans-la-cave\/#primaryimage\"},\"thumbnailUrl\":\"https:\/\/www.public.sn\/wp-content\/uploads\/2022\/10\/5CED0FFF-06D0-430A-AF22-94E45B5BCD0D.jpeg\",\"datePublished\":\"2022-10-03T11:03:02+00:00\",\"dateModified\":\"2022-10-03T11:03:03+00:00\",\"breadcrumb\":{\"@id\":\"https:\/\/www.public.sn\/index.php\/2022\/10\/03\/affaire-kalifone-adja-thiare-kalifone-est-dans-la-cave\/#breadcrumb\"},\"inLanguage\":\"fr-FR\",\"potentialAction\":[{\"@type\":\"ReadAction\",\"target\":[\"https:\/\/www.public.sn\/index.php\/2022\/10\/03\/affaire-kalifone-adja-thiare-kalifone-est-dans-la-cave\/\"]}]},{\"@type\":\"ImageObject\",\"inLanguage\":\"fr-FR\",\"@id\":\"https:\/\/www.public.sn\/index.php\/2022\/10\/03\/affaire-kalifone-adja-thiare-kalifone-est-dans-la-cave\/#primaryimage\",\"url\":\"https:\/\/www.public.sn\/wp-content\/uploads\/2022\/10\/5CED0FFF-06D0-430A-AF22-94E45B5BCD0D.jpeg\",\"contentUrl\":\"https:\/\/www.public.sn\/wp-content\/uploads\/2022\/10\/5CED0FFF-06D0-430A-AF22-94E45B5BCD0D.jpeg\",\"width\":259,\"height\":194},{\"@type\":\"BreadcrumbList\",\"@id\":\"https:\/\/www.public.sn\/index.php\/2022\/10\/03\/affaire-kalifone-adja-thiare-kalifone-est-dans-la-cave\/#breadcrumb\",\"itemListElement\":[{\"@type\":\"ListItem\",\"position\":1,\"name\":\"Accueil\",\"item\":\"https:\/\/www.public.sn\/\"},{\"@type\":\"ListItem\",\"position\":2,\"name\":\"Affaire Kalifone Adja Thiar\u00e9 : Kalifone est dans la cave.\"}]},{\"@type\":\"WebSite\",\"@id\":\"https:\/\/www.public.sn\/#website\",\"url\":\"https:\/\/www.public.sn\/\",\"name\":\"LE PUBLIC\",\"description\":\"\",\"publisher\":{\"@id\":\"https:\/\/www.public.sn\/#organization\"},\"potentialAction\":[{\"@type\":\"SearchAction\",\"target\":{\"@type\":\"EntryPoint\",\"urlTemplate\":\"https:\/\/www.public.sn\/?s={search_term_string}\"},\"query-input\":{\"@type\":\"PropertyValueSpecification\",\"valueRequired\":true,\"valueName\":\"search_term_string\"}}],\"inLanguage\":\"fr-FR\"},{\"@type\":\"Organization\",\"@id\":\"https:\/\/www.public.sn\/#organization\",\"name\":\"LE PUBLIC\",\"url\":\"https:\/\/www.public.sn\/\",\"logo\":{\"@type\":\"ImageObject\",\"inLanguage\":\"fr-FR\",\"@id\":\"https:\/\/www.public.sn\/#\/schema\/logo\/image\/\",\"url\":\"https:\/\/www.public.sn\/wp-content\/uploads\/2024\/05\/cropped-LOGO-PUBLIC.SN_.png\",\"contentUrl\":\"https:\/\/www.public.sn\/wp-content\/uploads\/2024\/05\/cropped-LOGO-PUBLIC.SN_.png\",\"width\":682,\"height\":192,\"caption\":\"LE PUBLIC\"},\"image\":{\"@id\":\"https:\/\/www.public.sn\/#\/schema\/logo\/image\/\"}},{\"@type\":\"Person\",\"@id\":\"https:\/\/www.public.sn\/#\/schema\/person\/e3f4a11b037d4203902db148f9bc8d5a\",\"name\":\"LA REDACTION\",\"image\":{\"@type\":\"ImageObject\",\"inLanguage\":\"fr-FR\",\"@id\":\"https:\/\/www.public.sn\/#\/schema\/person\/image\/\",\"url\":\"https:\/\/secure.gravatar.com\/avatar\/d6c030db45db2883c075085c5d6c6258654a801a93766b49af0b82d4f454e2a5?s=96&d=mm&r=g\",\"contentUrl\":\"https:\/\/secure.gravatar.com\/avatar\/d6c030db45db2883c075085c5d6c6258654a801a93766b49af0b82d4f454e2a5?s=96&d=mm&r=g\",\"caption\":\"LA REDACTION\"},\"sameAs\":[\"http:\/\/www.public.sn\"],\"url\":\"https:\/\/www.public.sn\/index.php\/author\/admin7324\/\"}]}<\/script>\n<!-- \/ Yoast SEO plugin. -->","yoast_head_json":{"title":"Affaire Kalifone Adja Thiar\u00e9 : Kalifone est dans la cave. - LE PUBLIC","robots":{"index":"index","follow":"follow","max-snippet":"max-snippet:-1","max-image-preview":"max-image-preview:large","max-video-preview":"max-video-preview:-1"},"canonical":"https:\/\/www.public.sn\/index.php\/2022\/10\/03\/affaire-kalifone-adja-thiare-kalifone-est-dans-la-cave\/","og_locale":"fr_FR","og_type":"article","og_title":"Affaire Kalifone Adja Thiar\u00e9 : Kalifone est dans la cave. - LE PUBLIC","og_description":"Selon une source proche de la famille, le sieur Kalifone se trouve pr\u00e9sentement dans la cave du tribunal de Dakar. Il sera probablement fix\u00e9 sur son sort dans les prochaines heures. Falil Gadio","og_url":"https:\/\/www.public.sn\/index.php\/2022\/10\/03\/affaire-kalifone-adja-thiare-kalifone-est-dans-la-cave\/","og_site_name":"LE PUBLIC","article_published_time":"2022-10-03T11:03:02+00:00","article_modified_time":"2022-10-03T11:03:03+00:00","og_image":[{"width":259,"height":194,"url":"https:\/\/www.public.sn\/wp-content\/uploads\/2022\/10\/5CED0FFF-06D0-430A-AF22-94E45B5BCD0D.jpeg","type":"image\/jpeg"}],"author":"LA REDACTION","twitter_card":"summary_large_image","twitter_misc":{"\u00c9crit par":"LA REDACTION","Dur\u00e9e de lecture estim\u00e9e":"1 minute"},"schema":{"@context":"https:\/\/schema.org","@graph":[{"@type":"Article","@id":"https:\/\/www.public.sn\/index.php\/2022\/10\/03\/affaire-kalifone-adja-thiare-kalifone-est-dans-la-cave\/#article","isPartOf":{"@id":"https:\/\/www.public.sn\/index.php\/2022\/10\/03\/affaire-kalifone-adja-thiare-kalifone-est-dans-la-cave\/"},"author":{"name":"LA REDACTION","@id":"https:\/\/www.public.sn\/#\/schema\/person\/e3f4a11b037d4203902db148f9bc8d5a"},"headline":"Affaire Kalifone Adja Thiar\u00e9 : Kalifone est dans la cave.","datePublished":"2022-10-03T11:03:02+00:00","dateModified":"2022-10-03T11:03:03+00:00","mainEntityOfPage":{"@id":"https:\/\/www.public.sn\/index.php\/2022\/10\/03\/affaire-kalifone-adja-thiare-kalifone-est-dans-la-cave\/"},"wordCount":43,"commentCount":0,"publisher":{"@id":"https:\/\/www.public.sn\/#organization"},"image":{"@id":"https:\/\/www.public.sn\/index.php\/2022\/10\/03\/affaire-kalifone-adja-thiare-kalifone-est-dans-la-cave\/#primaryimage"},"thumbnailUrl":"https:\/\/www.public.sn\/wp-content\/uploads\/2022\/10\/5CED0FFF-06D0-430A-AF22-94E45B5BCD0D.jpeg","keywords":["Adja Thiar\u00e9","Kalifone","Viol"],"articleSection":["ACTUALIT\u00c9S","S\u00c9N\u00c9GAL","SOCIETE","VEDETTE"],"inLanguage":"fr-FR","potentialAction":[{"@type":"CommentAction","name":"Comment","target":["https:\/\/www.public.sn\/index.php\/2022\/10\/03\/affaire-kalifone-adja-thiare-kalifone-est-dans-la-cave\/#respond"]}]},{"@type":"WebPage","@id":"https:\/\/www.public.sn\/index.php\/2022\/10\/03\/affaire-kalifone-adja-thiare-kalifone-est-dans-la-cave\/","url":"https:\/\/www.public.sn\/index.php\/2022\/10\/03\/affaire-kalifone-adja-thiare-kalifone-est-dans-la-cave\/","name":"Affaire Kalifone Adja Thiar\u00e9 : Kalifone est dans la cave. - LE PUBLIC","isPartOf":{"@id":"https:\/\/www.public.sn\/#website"},"primaryImageOfPage":{"@id":"https:\/\/www.public.sn\/index.php\/2022\/10\/03\/affaire-kalifone-adja-thiare-kalifone-est-dans-la-cave\/#primaryimage"},"image":{"@id":"https:\/\/www.public.sn\/index.php\/2022\/10\/03\/affaire-kalifone-adja-thiare-kalifone-est-dans-la-cave\/#primaryimage"},"thumbnailUrl":"https:\/\/www.public.sn\/wp-content\/uploads\/2022\/10\/5CED0FFF-06D0-430A-AF22-94E45B5BCD0D.jpeg","datePublished":"2022-10-03T11:03:02+00:00","dateModified":"2022-10-03T11:03:03+00:00","breadcrumb":{"@id":"https:\/\/www.public.sn\/index.php\/2022\/10\/03\/affaire-kalifone-adja-thiare-kalifone-est-dans-la-cave\/#breadcrumb"},"inLanguage":"fr-FR","potentialAction":[{"@type":"ReadAction","target":["https:\/\/www.public.sn\/index.php\/2022\/10\/03\/affaire-kalifone-adja-thiare-kalifone-est-dans-la-cave\/"]}]},{"@type":"ImageObject","inLanguage":"fr-FR","@id":"https:\/\/www.public.sn\/index.php\/2022\/10\/03\/affaire-kalifone-adja-thiare-kalifone-est-dans-la-cave\/#primaryimage","url":"https:\/\/www.public.sn\/wp-content\/uploads\/2022\/10\/5CED0FFF-06D0-430A-AF22-94E45B5BCD0D.jpeg","contentUrl":"https:\/\/www.public.sn\/wp-content\/uploads\/2022\/10\/5CED0FFF-06D0-430A-AF22-94E45B5BCD0D.jpeg","width":259,"height":194},{"@type":"BreadcrumbList","@id":"https:\/\/www.public.sn\/index.php\/2022\/10\/03\/affaire-kalifone-adja-thiare-kalifone-est-dans-la-cave\/#breadcrumb","itemListElement":[{"@type":"ListItem","position":1,"name":"Accueil","item":"https:\/\/www.public.sn\/"},{"@type":"ListItem","position":2,"name":"Affaire Kalifone Adja Thiar\u00e9 : Kalifone est dans la cave."}]},{"@type":"WebSite","@id":"https:\/\/www.public.sn\/#website","url":"https:\/\/www.public.sn\/","name":"LE PUBLIC","description":"","publisher":{"@id":"https:\/\/www.public.sn\/#organization"},"potentialAction":[{"@type":"SearchAction","target":{"@type":"EntryPoint","urlTemplate":"https:\/\/www.public.sn\/?s={search_term_string}"},"query-input":{"@type":"PropertyValueSpecification","valueRequired":true,"valueName":"search_term_string"}}],"inLanguage":"fr-FR"},{"@type":"Organization","@id":"https:\/\/www.public.sn\/#organization","name":"LE PUBLIC","url":"https:\/\/www.public.sn\/","logo":{"@type":"ImageObject","inLanguage":"fr-FR","@id":"https:\/\/www.public.sn\/#\/schema\/logo\/image\/","url":"https:\/\/www.public.sn\/wp-content\/uploads\/2024\/05\/cropped-LOGO-PUBLIC.SN_.png","contentUrl":"https:\/\/www.public.sn\/wp-content\/uploads\/2024\/05\/cropped-LOGO-PUBLIC.SN_.png","width":682,"height":192,"caption":"LE PUBLIC"},"image":{"@id":"https:\/\/www.public.sn\/#\/schema\/logo\/image\/"}},{"@type":"Person","@id":"https:\/\/www.public.sn\/#\/schema\/person\/e3f4a11b037d4203902db148f9bc8d5a","name":"LA REDACTION","image":{"@type":"ImageObject","inLanguage":"fr-FR","@id":"https:\/\/www.public.sn\/#\/schema\/person\/image\/","url":"https:\/\/secure.gravatar.com\/avatar\/d6c030db45db2883c075085c5d6c6258654a801a93766b49af0b82d4f454e2a5?s=96&d=mm&r=g","contentUrl":"https:\/\/secure.gravatar.com\/avatar\/d6c030db45db2883c075085c5d6c6258654a801a93766b49af0b82d4f454e2a5?s=96&d=mm&r=g","caption":"LA REDACTION"},"sameAs":["http:\/\/www.public.sn"],"url":"https:\/\/www.public.sn\/index.php\/author\/admin7324\/"}]}},"jetpack_featured_media_url":"https:\/\/www.public.sn\/wp-content\/uploads\/2022\/10\/5CED0FFF-06D0-430A-AF22-94E45B5BCD0D.jpeg","jetpack_sharing_enabled":true,"_links":{"self":[{"href":"https:\/\/www.public.sn\/index.php\/wp-json\/wp\/v2\/posts\/3479","targetHints":{"allow":["GET"]}}],"collection":[{"href":"https:\/\/www.public.sn\/index.php\/wp-json\/wp\/v2\/posts"}],"about":[{"href":"https:\/\/www.public.sn\/index.php\/wp-json\/wp\/v2\/types\/post"}],"author":[{"embeddable":true,"href":"https:\/\/www.public.sn\/index.php\/wp-json\/wp\/v2\/users\/1"}],"replies":[{"embeddable":true,"href":"https:\/\/www.public.sn\/index.php\/wp-json\/wp\/v2\/comments?post=3479"}],"version-history":[{"count":2,"href":"https:\/\/www.public.sn\/index.php\/wp-json\/wp\/v2\/posts\/3479\/revisions"}],"predecessor-version":[{"id":3484,"href":"https:\/\/www.public.sn\/index.php\/wp-json\/wp\/v2\/posts\/3479\/revisions\/3484"}],"wp:featuredmedia":[{"embeddable":true,"href":"https:\/\/www.public.sn\/index.php\/wp-json\/wp\/v2\/media\/3483"}],"wp:attachment":[{"href":"https:\/\/www.public.sn\/index.php\/wp-json\/wp\/v2\/media?parent=3479"}],"wp:term":[{"taxonomy":"category","embeddable":true,"href":"https:\/\/www.public.sn\/index.php\/wp-json\/wp\/v2\/categories?post=3479"},{"taxonomy":"post_tag","embeddable":true,"href":"https:\/\/www.public.sn\/index.php\/wp-json\/wp\/v2\/tags?post=3479"}],"curies":[{"name":"wp","href":"https:\/\/api.w.org\/{rel}","templated":true}]}}