{"id":348,"date":"2022-08-21T10:07:27","date_gmt":"2022-08-21T08:07:27","guid":{"rendered":"https:\/\/www.public.sn\/?p=348"},"modified":"2022-08-21T10:08:04","modified_gmt":"2022-08-21T08:08:04","slug":"me-abdoulaye-wade-envoie-ses-deputes-aupres-des-familles-religieuses-des-remerciements-et-prieres","status":"publish","type":"post","link":"https:\/\/www.public.sn\/index.php\/2022\/08\/21\/me-abdoulaye-wade-envoie-ses-deputes-aupres-des-familles-religieuses-des-remerciements-et-prieres\/","title":{"rendered":"Me Abdoulaye Wade envoie ses \u00ab\u00a0d\u00e9put\u00e9s\u00a0\u00bb aupr\u00e8s des familles religieuses pour des remerciements et pri\u00e8res."},"content":{"rendered":"\n<p>Les d\u00e9put\u00e9s \u00e9lus de la Grande Coalition Wallu S\u00e9n\u00e9gal seront en tourn\u00e9e de remerciements aupr\u00e8s des Chefs religieux du S\u00e9n\u00e9gal, renseigne un communiqu\u00e9.\u00a0C&rsquo;est sur recommandation du Pr\u00e9sident de la coalition, Ma\u00eetre Abdoulaye Wade, qu&rsquo;ils le feront, pr\u00e9cise t-il.<\/p><div class=\"publi-paragraphe1\" style=\"margin-top: 10px;margin-bottom: 10px;margin-left: auto;margin-right: auto;text-align: center;\" id=\"publi-1307170328\"><div class=\"publi-adlabel\">Publicit\u00e9<\/div><script async src=\"\/\/pagead2.googlesyndication.com\/pagead\/js\/adsbygoogle.js?client=ca-pub-4089586018074219\" crossorigin=\"anonymous\"><\/script><ins class=\"adsbygoogle\" style=\"display:block;\" data-ad-client=\"ca-pub-4089586018074219\" \ndata-ad-slot=\"2087940154\" \ndata-ad-format=\"auto\"><\/ins>\n<script> \n(adsbygoogle = window.adsbygoogle || []).push({}); \n<\/script>\n<\/div>\n\n\n\n<p><em>\u00ab\u00a0Il s&rsquo;agira, \u00e9galement, pour les d\u00e9put\u00e9s, de recueillir des pri\u00e8res aupr\u00e8s de nos v\u00e9n\u00e9r\u00e9s guides afin d&rsquo;accomplir \u00e0 bien les missions qui leur ont \u00e9t\u00e9 confi\u00e9es par leurs mandants\u00a0\u00bb<\/em>, poursuit le document.\u00a0<\/p>\n\n\n\n<p>Ce dimanche jusqu&rsquo;au mercredi 24 ao\u00fbt prochain, plusieurs localit\u00e9s comme Ndiassane, Touba, Thi\u00e9naba, Tivaouane, Thi\u00e8s, Kaolack, Sokone seront visit\u00e9es. Ainsi que le Clerg\u00e9, les familles Omarienne et Layene.\u00a0<\/p>\n\n\n\n<p><em>R\u00e9daction Public SN<\/em><\/p>\n<div class=\"publi-apres-le-contenu\" style=\"margin-top: 10px;margin-bottom: 10px;margin-left: auto;margin-right: auto;text-align: center;\" id=\"publi-2901775752\"><div class=\"publi-adlabel\">Publicit\u00e9<\/div><script async src=\"\/\/pagead2.googlesyndication.com\/pagead\/js\/adsbygoogle.js?client=ca-pub-4089586018074219\" crossorigin=\"anonymous\"><\/script><ins class=\"adsbygoogle\" style=\"display:block;\" data-ad-client=\"ca-pub-4089586018074219\" \ndata-ad-slot=\"2087940154\" \ndata-ad-format=\"auto\"><\/ins>\n<script> \n(adsbygoogle = window.adsbygoogle || []).push({}); \n<\/script>\n<\/div>","protected":false},"excerpt":{"rendered":"<p>Les d\u00e9put\u00e9s \u00e9lus de la Grande Coalition Wallu S\u00e9n\u00e9gal seront en tourn\u00e9e de remerciements aupr\u00e8s des Chefs religieux du S\u00e9n\u00e9gal, renseigne un communiqu\u00e9.\u00a0C&rsquo;est sur recommandation du Pr\u00e9sident de la coalition, Ma\u00eetre Abdoulaye Wade, qu&rsquo;ils le feront, pr\u00e9cise t-il. \u00ab\u00a0Il s&rsquo;agira, \u00e9galement, pour les d\u00e9put\u00e9s, de recueillir des pri\u00e8res aupr\u00e8s de nos v\u00e9n\u00e9r\u00e9s guides afin d&rsquo;accomplir \u00e0 bien les missions qui leur ont \u00e9t\u00e9 confi\u00e9es par leurs mandants\u00a0\u00bb, poursuit le document.\u00a0 Ce dimanche jusqu&rsquo;au mercredi 24 ao\u00fbt prochain, plusieurs localit\u00e9s comme Ndiassane, Touba, Thi\u00e9naba, Tivaouane, Thi\u00e8s, Kaolack, Sokone seront visit\u00e9es. Ainsi que le Clerg\u00e9, les familles Omarienne et Layene.\u00a0 R\u00e9daction Public SN<\/p>\n","protected":false},"author":1,"featured_media":349,"comment_status":"open","ping_status":"open","sticky":false,"template":"","format":"standard","meta":{"_jetpack_memberships_contains_paid_content":false,"footnotes":""},"categories":[3],"tags":[154,156,157,155],"class_list":["post-348","post","type-post","status-publish","format-standard","has-post-thumbnail","hentry","category-politique","tag-abdoulaye-wade","tag-confreries-religieuses","tag-prieres","tag-wallu-senegal","entry","has-media","owp-thumbs-layout-horizontal","owp-btn-normal","owp-tabs-layout-horizontal","has-no-thumbnails","has-product-nav"],"yoast_head":"<!-- This site is optimized with the Yoast SEO plugin v25.5 - https:\/\/yoast.com\/wordpress\/plugins\/seo\/ -->\n<title>Me Abdoulaye Wade envoie ses &quot;d\u00e9put\u00e9s&quot; aupr\u00e8s des familles religieuses pour des remerciements et pri\u00e8res. - LE PUBLIC<\/title>\n<meta name=\"robots\" content=\"index, follow, max-snippet:-1, max-image-preview:large, max-video-preview:-1\" \/>\n<link rel=\"canonical\" href=\"https:\/\/www.public.sn\/index.php\/2022\/08\/21\/me-abdoulaye-wade-envoie-ses-deputes-aupres-des-familles-religieuses-des-remerciements-et-prieres\/\" \/>\n<meta property=\"og:locale\" content=\"fr_FR\" \/>\n<meta property=\"og:type\" content=\"article\" \/>\n<meta property=\"og:title\" content=\"Me Abdoulaye Wade envoie ses &quot;d\u00e9put\u00e9s&quot; aupr\u00e8s des familles religieuses pour des remerciements et pri\u00e8res. - LE PUBLIC\" \/>\n<meta property=\"og:description\" content=\"Les d\u00e9put\u00e9s \u00e9lus de la Grande Coalition Wallu S\u00e9n\u00e9gal seront en tourn\u00e9e de remerciements aupr\u00e8s des Chefs religieux du S\u00e9n\u00e9gal, renseigne un communiqu\u00e9.\u00a0C&rsquo;est sur recommandation du Pr\u00e9sident de la coalition, Ma\u00eetre Abdoulaye Wade, qu&rsquo;ils le feront, pr\u00e9cise t-il. \u00ab\u00a0Il s&rsquo;agira, \u00e9galement, pour les d\u00e9put\u00e9s, de recueillir des pri\u00e8res aupr\u00e8s de nos v\u00e9n\u00e9r\u00e9s guides afin d&rsquo;accomplir \u00e0 bien les missions qui leur ont \u00e9t\u00e9 confi\u00e9es par leurs mandants\u00a0\u00bb, poursuit le document.\u00a0 Ce dimanche jusqu&rsquo;au mercredi 24 ao\u00fbt prochain, plusieurs localit\u00e9s comme Ndiassane, Touba, Thi\u00e9naba, Tivaouane, Thi\u00e8s, Kaolack, Sokone seront visit\u00e9es. Ainsi que le Clerg\u00e9, les familles Omarienne et Layene.\u00a0 R\u00e9daction Public SN\" \/>\n<meta property=\"og:url\" content=\"https:\/\/www.public.sn\/index.php\/2022\/08\/21\/me-abdoulaye-wade-envoie-ses-deputes-aupres-des-familles-religieuses-des-remerciements-et-prieres\/\" \/>\n<meta property=\"og:site_name\" content=\"LE PUBLIC\" \/>\n<meta property=\"article:published_time\" content=\"2022-08-21T08:07:27+00:00\" \/>\n<meta property=\"article:modified_time\" content=\"2022-08-21T08:08:04+00:00\" \/>\n<meta property=\"og:image\" content=\"https:\/\/www.public.sn\/wp-content\/uploads\/2022\/08\/29666276-28617090.jpeg\" \/>\n\t<meta property=\"og:image:width\" content=\"598\" \/>\n\t<meta property=\"og:image:height\" content=\"394\" \/>\n\t<meta property=\"og:image:type\" content=\"image\/jpeg\" \/>\n<meta name=\"author\" content=\"LA REDACTION\" \/>\n<meta name=\"twitter:card\" content=\"summary_large_image\" \/>\n<meta name=\"twitter:label1\" content=\"\u00c9crit par\" \/>\n\t<meta name=\"twitter:data1\" content=\"LA REDACTION\" \/>\n\t<meta name=\"twitter:label2\" content=\"Dur\u00e9e de lecture estim\u00e9e\" \/>\n\t<meta name=\"twitter:data2\" content=\"1 minute\" \/>\n<script type=\"application\/ld+json\" class=\"yoast-schema-graph\">{\"@context\":\"https:\/\/schema.org\",\"@graph\":[{\"@type\":\"Article\",\"@id\":\"https:\/\/www.public.sn\/index.php\/2022\/08\/21\/me-abdoulaye-wade-envoie-ses-deputes-aupres-des-familles-religieuses-des-remerciements-et-prieres\/#article\",\"isPartOf\":{\"@id\":\"https:\/\/www.public.sn\/index.php\/2022\/08\/21\/me-abdoulaye-wade-envoie-ses-deputes-aupres-des-familles-religieuses-des-remerciements-et-prieres\/\"},\"author\":{\"name\":\"LA REDACTION\",\"@id\":\"https:\/\/www.public.sn\/#\/schema\/person\/e3f4a11b037d4203902db148f9bc8d5a\"},\"headline\":\"Me Abdoulaye Wade envoie ses \u00ab\u00a0d\u00e9put\u00e9s\u00a0\u00bb aupr\u00e8s des familles religieuses pour des remerciements et pri\u00e8res.\",\"datePublished\":\"2022-08-21T08:07:27+00:00\",\"dateModified\":\"2022-08-21T08:08:04+00:00\",\"mainEntityOfPage\":{\"@id\":\"https:\/\/www.public.sn\/index.php\/2022\/08\/21\/me-abdoulaye-wade-envoie-ses-deputes-aupres-des-familles-religieuses-des-remerciements-et-prieres\/\"},\"wordCount\":144,\"commentCount\":0,\"publisher\":{\"@id\":\"https:\/\/www.public.sn\/#organization\"},\"image\":{\"@id\":\"https:\/\/www.public.sn\/index.php\/2022\/08\/21\/me-abdoulaye-wade-envoie-ses-deputes-aupres-des-familles-religieuses-des-remerciements-et-prieres\/#primaryimage\"},\"thumbnailUrl\":\"https:\/\/www.public.sn\/wp-content\/uploads\/2022\/08\/29666276-28617090.jpeg\",\"keywords\":[\"Abdoulaye Wade\",\"Confr\u00e9ries religieuses\",\"Pri\u00e8res\",\"Wallu S\u00e9n\u00e9gal\"],\"articleSection\":[\"POLITIQUE\"],\"inLanguage\":\"fr-FR\",\"potentialAction\":[{\"@type\":\"CommentAction\",\"name\":\"Comment\",\"target\":[\"https:\/\/www.public.sn\/index.php\/2022\/08\/21\/me-abdoulaye-wade-envoie-ses-deputes-aupres-des-familles-religieuses-des-remerciements-et-prieres\/#respond\"]}]},{\"@type\":\"WebPage\",\"@id\":\"https:\/\/www.public.sn\/index.php\/2022\/08\/21\/me-abdoulaye-wade-envoie-ses-deputes-aupres-des-familles-religieuses-des-remerciements-et-prieres\/\",\"url\":\"https:\/\/www.public.sn\/index.php\/2022\/08\/21\/me-abdoulaye-wade-envoie-ses-deputes-aupres-des-familles-religieuses-des-remerciements-et-prieres\/\",\"name\":\"Me Abdoulaye Wade envoie ses \\\"d\u00e9put\u00e9s\\\" aupr\u00e8s des familles religieuses pour des remerciements et pri\u00e8res. - LE PUBLIC\",\"isPartOf\":{\"@id\":\"https:\/\/www.public.sn\/#website\"},\"primaryImageOfPage\":{\"@id\":\"https:\/\/www.public.sn\/index.php\/2022\/08\/21\/me-abdoulaye-wade-envoie-ses-deputes-aupres-des-familles-religieuses-des-remerciements-et-prieres\/#primaryimage\"},\"image\":{\"@id\":\"https:\/\/www.public.sn\/index.php\/2022\/08\/21\/me-abdoulaye-wade-envoie-ses-deputes-aupres-des-familles-religieuses-des-remerciements-et-prieres\/#primaryimage\"},\"thumbnailUrl\":\"https:\/\/www.public.sn\/wp-content\/uploads\/2022\/08\/29666276-28617090.jpeg\",\"datePublished\":\"2022-08-21T08:07:27+00:00\",\"dateModified\":\"2022-08-21T08:08:04+00:00\",\"breadcrumb\":{\"@id\":\"https:\/\/www.public.sn\/index.php\/2022\/08\/21\/me-abdoulaye-wade-envoie-ses-deputes-aupres-des-familles-religieuses-des-remerciements-et-prieres\/#breadcrumb\"},\"inLanguage\":\"fr-FR\",\"potentialAction\":[{\"@type\":\"ReadAction\",\"target\":[\"https:\/\/www.public.sn\/index.php\/2022\/08\/21\/me-abdoulaye-wade-envoie-ses-deputes-aupres-des-familles-religieuses-des-remerciements-et-prieres\/\"]}]},{\"@type\":\"ImageObject\",\"inLanguage\":\"fr-FR\",\"@id\":\"https:\/\/www.public.sn\/index.php\/2022\/08\/21\/me-abdoulaye-wade-envoie-ses-deputes-aupres-des-familles-religieuses-des-remerciements-et-prieres\/#primaryimage\",\"url\":\"https:\/\/www.public.sn\/wp-content\/uploads\/2022\/08\/29666276-28617090.jpeg\",\"contentUrl\":\"https:\/\/www.public.sn\/wp-content\/uploads\/2022\/08\/29666276-28617090.jpeg\",\"width\":598,\"height\":394},{\"@type\":\"BreadcrumbList\",\"@id\":\"https:\/\/www.public.sn\/index.php\/2022\/08\/21\/me-abdoulaye-wade-envoie-ses-deputes-aupres-des-familles-religieuses-des-remerciements-et-prieres\/#breadcrumb\",\"itemListElement\":[{\"@type\":\"ListItem\",\"position\":1,\"name\":\"Accueil\",\"item\":\"https:\/\/www.public.sn\/\"},{\"@type\":\"ListItem\",\"position\":2,\"name\":\"Me Abdoulaye Wade envoie ses \u00ab\u00a0d\u00e9put\u00e9s\u00a0\u00bb aupr\u00e8s des familles religieuses pour des remerciements et pri\u00e8res.\"}]},{\"@type\":\"WebSite\",\"@id\":\"https:\/\/www.public.sn\/#website\",\"url\":\"https:\/\/www.public.sn\/\",\"name\":\"LE PUBLIC\",\"description\":\"\",\"publisher\":{\"@id\":\"https:\/\/www.public.sn\/#organization\"},\"potentialAction\":[{\"@type\":\"SearchAction\",\"target\":{\"@type\":\"EntryPoint\",\"urlTemplate\":\"https:\/\/www.public.sn\/?s={search_term_string}\"},\"query-input\":{\"@type\":\"PropertyValueSpecification\",\"valueRequired\":true,\"valueName\":\"search_term_string\"}}],\"inLanguage\":\"fr-FR\"},{\"@type\":\"Organization\",\"@id\":\"https:\/\/www.public.sn\/#organization\",\"name\":\"LE PUBLIC\",\"url\":\"https:\/\/www.public.sn\/\",\"logo\":{\"@type\":\"ImageObject\",\"inLanguage\":\"fr-FR\",\"@id\":\"https:\/\/www.public.sn\/#\/schema\/logo\/image\/\",\"url\":\"https:\/\/www.public.sn\/wp-content\/uploads\/2024\/05\/cropped-LOGO-PUBLIC.SN_.png\",\"contentUrl\":\"https:\/\/www.public.sn\/wp-content\/uploads\/2024\/05\/cropped-LOGO-PUBLIC.SN_.png\",\"width\":682,\"height\":192,\"caption\":\"LE PUBLIC\"},\"image\":{\"@id\":\"https:\/\/www.public.sn\/#\/schema\/logo\/image\/\"}},{\"@type\":\"Person\",\"@id\":\"https:\/\/www.public.sn\/#\/schema\/person\/e3f4a11b037d4203902db148f9bc8d5a\",\"name\":\"LA REDACTION\",\"image\":{\"@type\":\"ImageObject\",\"inLanguage\":\"fr-FR\",\"@id\":\"https:\/\/www.public.sn\/#\/schema\/person\/image\/\",\"url\":\"https:\/\/secure.gravatar.com\/avatar\/d6c030db45db2883c075085c5d6c6258654a801a93766b49af0b82d4f454e2a5?s=96&d=mm&r=g\",\"contentUrl\":\"https:\/\/secure.gravatar.com\/avatar\/d6c030db45db2883c075085c5d6c6258654a801a93766b49af0b82d4f454e2a5?s=96&d=mm&r=g\",\"caption\":\"LA REDACTION\"},\"sameAs\":[\"http:\/\/www.public.sn\"],\"url\":\"https:\/\/www.public.sn\/index.php\/author\/admin7324\/\"}]}<\/script>\n<!-- \/ Yoast SEO plugin. -->","yoast_head_json":{"title":"Me Abdoulaye Wade envoie ses \"d\u00e9put\u00e9s\" aupr\u00e8s des familles religieuses pour des remerciements et pri\u00e8res. - LE PUBLIC","robots":{"index":"index","follow":"follow","max-snippet":"max-snippet:-1","max-image-preview":"max-image-preview:large","max-video-preview":"max-video-preview:-1"},"canonical":"https:\/\/www.public.sn\/index.php\/2022\/08\/21\/me-abdoulaye-wade-envoie-ses-deputes-aupres-des-familles-religieuses-des-remerciements-et-prieres\/","og_locale":"fr_FR","og_type":"article","og_title":"Me Abdoulaye Wade envoie ses \"d\u00e9put\u00e9s\" aupr\u00e8s des familles religieuses pour des remerciements et pri\u00e8res. - LE PUBLIC","og_description":"Les d\u00e9put\u00e9s \u00e9lus de la Grande Coalition Wallu S\u00e9n\u00e9gal seront en tourn\u00e9e de remerciements aupr\u00e8s des Chefs religieux du S\u00e9n\u00e9gal, renseigne un communiqu\u00e9.\u00a0C&rsquo;est sur recommandation du Pr\u00e9sident de la coalition, Ma\u00eetre Abdoulaye Wade, qu&rsquo;ils le feront, pr\u00e9cise t-il. \u00ab\u00a0Il s&rsquo;agira, \u00e9galement, pour les d\u00e9put\u00e9s, de recueillir des pri\u00e8res aupr\u00e8s de nos v\u00e9n\u00e9r\u00e9s guides afin d&rsquo;accomplir \u00e0 bien les missions qui leur ont \u00e9t\u00e9 confi\u00e9es par leurs mandants\u00a0\u00bb, poursuit le document.\u00a0 Ce dimanche jusqu&rsquo;au mercredi 24 ao\u00fbt prochain, plusieurs localit\u00e9s comme Ndiassane, Touba, Thi\u00e9naba, Tivaouane, Thi\u00e8s, Kaolack, Sokone seront visit\u00e9es. Ainsi que le Clerg\u00e9, les familles Omarienne et Layene.\u00a0 R\u00e9daction Public SN","og_url":"https:\/\/www.public.sn\/index.php\/2022\/08\/21\/me-abdoulaye-wade-envoie-ses-deputes-aupres-des-familles-religieuses-des-remerciements-et-prieres\/","og_site_name":"LE PUBLIC","article_published_time":"2022-08-21T08:07:27+00:00","article_modified_time":"2022-08-21T08:08:04+00:00","og_image":[{"width":598,"height":394,"url":"https:\/\/www.public.sn\/wp-content\/uploads\/2022\/08\/29666276-28617090.jpeg","type":"image\/jpeg"}],"author":"LA REDACTION","twitter_card":"summary_large_image","twitter_misc":{"\u00c9crit par":"LA REDACTION","Dur\u00e9e de lecture estim\u00e9e":"1 minute"},"schema":{"@context":"https:\/\/schema.org","@graph":[{"@type":"Article","@id":"https:\/\/www.public.sn\/index.php\/2022\/08\/21\/me-abdoulaye-wade-envoie-ses-deputes-aupres-des-familles-religieuses-des-remerciements-et-prieres\/#article","isPartOf":{"@id":"https:\/\/www.public.sn\/index.php\/2022\/08\/21\/me-abdoulaye-wade-envoie-ses-deputes-aupres-des-familles-religieuses-des-remerciements-et-prieres\/"},"author":{"name":"LA REDACTION","@id":"https:\/\/www.public.sn\/#\/schema\/person\/e3f4a11b037d4203902db148f9bc8d5a"},"headline":"Me Abdoulaye Wade envoie ses \u00ab\u00a0d\u00e9put\u00e9s\u00a0\u00bb aupr\u00e8s des familles religieuses pour des remerciements et pri\u00e8res.","datePublished":"2022-08-21T08:07:27+00:00","dateModified":"2022-08-21T08:08:04+00:00","mainEntityOfPage":{"@id":"https:\/\/www.public.sn\/index.php\/2022\/08\/21\/me-abdoulaye-wade-envoie-ses-deputes-aupres-des-familles-religieuses-des-remerciements-et-prieres\/"},"wordCount":144,"commentCount":0,"publisher":{"@id":"https:\/\/www.public.sn\/#organization"},"image":{"@id":"https:\/\/www.public.sn\/index.php\/2022\/08\/21\/me-abdoulaye-wade-envoie-ses-deputes-aupres-des-familles-religieuses-des-remerciements-et-prieres\/#primaryimage"},"thumbnailUrl":"https:\/\/www.public.sn\/wp-content\/uploads\/2022\/08\/29666276-28617090.jpeg","keywords":["Abdoulaye Wade","Confr\u00e9ries religieuses","Pri\u00e8res","Wallu S\u00e9n\u00e9gal"],"articleSection":["POLITIQUE"],"inLanguage":"fr-FR","potentialAction":[{"@type":"CommentAction","name":"Comment","target":["https:\/\/www.public.sn\/index.php\/2022\/08\/21\/me-abdoulaye-wade-envoie-ses-deputes-aupres-des-familles-religieuses-des-remerciements-et-prieres\/#respond"]}]},{"@type":"WebPage","@id":"https:\/\/www.public.sn\/index.php\/2022\/08\/21\/me-abdoulaye-wade-envoie-ses-deputes-aupres-des-familles-religieuses-des-remerciements-et-prieres\/","url":"https:\/\/www.public.sn\/index.php\/2022\/08\/21\/me-abdoulaye-wade-envoie-ses-deputes-aupres-des-familles-religieuses-des-remerciements-et-prieres\/","name":"Me Abdoulaye Wade envoie ses \"d\u00e9put\u00e9s\" aupr\u00e8s des familles religieuses pour des remerciements et pri\u00e8res. - LE PUBLIC","isPartOf":{"@id":"https:\/\/www.public.sn\/#website"},"primaryImageOfPage":{"@id":"https:\/\/www.public.sn\/index.php\/2022\/08\/21\/me-abdoulaye-wade-envoie-ses-deputes-aupres-des-familles-religieuses-des-remerciements-et-prieres\/#primaryimage"},"image":{"@id":"https:\/\/www.public.sn\/index.php\/2022\/08\/21\/me-abdoulaye-wade-envoie-ses-deputes-aupres-des-familles-religieuses-des-remerciements-et-prieres\/#primaryimage"},"thumbnailUrl":"https:\/\/www.public.sn\/wp-content\/uploads\/2022\/08\/29666276-28617090.jpeg","datePublished":"2022-08-21T08:07:27+00:00","dateModified":"2022-08-21T08:08:04+00:00","breadcrumb":{"@id":"https:\/\/www.public.sn\/index.php\/2022\/08\/21\/me-abdoulaye-wade-envoie-ses-deputes-aupres-des-familles-religieuses-des-remerciements-et-prieres\/#breadcrumb"},"inLanguage":"fr-FR","potentialAction":[{"@type":"ReadAction","target":["https:\/\/www.public.sn\/index.php\/2022\/08\/21\/me-abdoulaye-wade-envoie-ses-deputes-aupres-des-familles-religieuses-des-remerciements-et-prieres\/"]}]},{"@type":"ImageObject","inLanguage":"fr-FR","@id":"https:\/\/www.public.sn\/index.php\/2022\/08\/21\/me-abdoulaye-wade-envoie-ses-deputes-aupres-des-familles-religieuses-des-remerciements-et-prieres\/#primaryimage","url":"https:\/\/www.public.sn\/wp-content\/uploads\/2022\/08\/29666276-28617090.jpeg","contentUrl":"https:\/\/www.public.sn\/wp-content\/uploads\/2022\/08\/29666276-28617090.jpeg","width":598,"height":394},{"@type":"BreadcrumbList","@id":"https:\/\/www.public.sn\/index.php\/2022\/08\/21\/me-abdoulaye-wade-envoie-ses-deputes-aupres-des-familles-religieuses-des-remerciements-et-prieres\/#breadcrumb","itemListElement":[{"@type":"ListItem","position":1,"name":"Accueil","item":"https:\/\/www.public.sn\/"},{"@type":"ListItem","position":2,"name":"Me Abdoulaye Wade envoie ses \u00ab\u00a0d\u00e9put\u00e9s\u00a0\u00bb aupr\u00e8s des familles religieuses pour des remerciements et pri\u00e8res."}]},{"@type":"WebSite","@id":"https:\/\/www.public.sn\/#website","url":"https:\/\/www.public.sn\/","name":"LE PUBLIC","description":"","publisher":{"@id":"https:\/\/www.public.sn\/#organization"},"potentialAction":[{"@type":"SearchAction","target":{"@type":"EntryPoint","urlTemplate":"https:\/\/www.public.sn\/?s={search_term_string}"},"query-input":{"@type":"PropertyValueSpecification","valueRequired":true,"valueName":"search_term_string"}}],"inLanguage":"fr-FR"},{"@type":"Organization","@id":"https:\/\/www.public.sn\/#organization","name":"LE PUBLIC","url":"https:\/\/www.public.sn\/","logo":{"@type":"ImageObject","inLanguage":"fr-FR","@id":"https:\/\/www.public.sn\/#\/schema\/logo\/image\/","url":"https:\/\/www.public.sn\/wp-content\/uploads\/2024\/05\/cropped-LOGO-PUBLIC.SN_.png","contentUrl":"https:\/\/www.public.sn\/wp-content\/uploads\/2024\/05\/cropped-LOGO-PUBLIC.SN_.png","width":682,"height":192,"caption":"LE PUBLIC"},"image":{"@id":"https:\/\/www.public.sn\/#\/schema\/logo\/image\/"}},{"@type":"Person","@id":"https:\/\/www.public.sn\/#\/schema\/person\/e3f4a11b037d4203902db148f9bc8d5a","name":"LA REDACTION","image":{"@type":"ImageObject","inLanguage":"fr-FR","@id":"https:\/\/www.public.sn\/#\/schema\/person\/image\/","url":"https:\/\/secure.gravatar.com\/avatar\/d6c030db45db2883c075085c5d6c6258654a801a93766b49af0b82d4f454e2a5?s=96&d=mm&r=g","contentUrl":"https:\/\/secure.gravatar.com\/avatar\/d6c030db45db2883c075085c5d6c6258654a801a93766b49af0b82d4f454e2a5?s=96&d=mm&r=g","caption":"LA REDACTION"},"sameAs":["http:\/\/www.public.sn"],"url":"https:\/\/www.public.sn\/index.php\/author\/admin7324\/"}]}},"jetpack_featured_media_url":"https:\/\/www.public.sn\/wp-content\/uploads\/2022\/08\/29666276-28617090.jpeg","jetpack_sharing_enabled":true,"_links":{"self":[{"href":"https:\/\/www.public.sn\/index.php\/wp-json\/wp\/v2\/posts\/348","targetHints":{"allow":["GET"]}}],"collection":[{"href":"https:\/\/www.public.sn\/index.php\/wp-json\/wp\/v2\/posts"}],"about":[{"href":"https:\/\/www.public.sn\/index.php\/wp-json\/wp\/v2\/types\/post"}],"author":[{"embeddable":true,"href":"https:\/\/www.public.sn\/index.php\/wp-json\/wp\/v2\/users\/1"}],"replies":[{"embeddable":true,"href":"https:\/\/www.public.sn\/index.php\/wp-json\/wp\/v2\/comments?post=348"}],"version-history":[{"count":2,"href":"https:\/\/www.public.sn\/index.php\/wp-json\/wp\/v2\/posts\/348\/revisions"}],"predecessor-version":[{"id":351,"href":"https:\/\/www.public.sn\/index.php\/wp-json\/wp\/v2\/posts\/348\/revisions\/351"}],"wp:featuredmedia":[{"embeddable":true,"href":"https:\/\/www.public.sn\/index.php\/wp-json\/wp\/v2\/media\/349"}],"wp:attachment":[{"href":"https:\/\/www.public.sn\/index.php\/wp-json\/wp\/v2\/media?parent=348"}],"wp:term":[{"taxonomy":"category","embeddable":true,"href":"https:\/\/www.public.sn\/index.php\/wp-json\/wp\/v2\/categories?post=348"},{"taxonomy":"post_tag","embeddable":true,"href":"https:\/\/www.public.sn\/index.php\/wp-json\/wp\/v2\/tags?post=348"}],"curies":[{"name":"wp","href":"https:\/\/api.w.org\/{rel}","templated":true}]}}