{"id":34814,"date":"2024-07-29T10:58:42","date_gmt":"2024-07-29T10:58:42","guid":{"rendered":"https:\/\/www.public.sn\/?p=34814"},"modified":"2024-07-29T10:58:42","modified_gmt":"2024-07-29T10:58:42","slug":"gestion-des-fonds-covid-le-ministre-de-la-justice-annonce-une-decision-importante-dans-laffaire","status":"publish","type":"post","link":"https:\/\/www.public.sn\/index.php\/2024\/07\/29\/gestion-des-fonds-covid-le-ministre-de-la-justice-annonce-une-decision-importante-dans-laffaire\/","title":{"rendered":"Gestion des fonds Covid : le ministre de la Justice annonce une d\u00e9cision importante dans l&rsquo;affaire"},"content":{"rendered":"<p>Le ministre de la Justice, Ousmane Diagne, a annonc\u00e9 la suivie permanente de la proc\u00e9dure judiciaire des fonds Covid.<br \/>\nLors d&rsquo;une rencontre avec des repr\u00e9sentants d\u2019Article 19\/Afrique de l\u2019Ouest, un organisme de la soci\u00e9t\u00e9 civile, le Garde des Sceaux a confirm\u00e9 que l&rsquo;affaire judiciaire amorc\u00e9e pour faire la lumi\u00e8re sur la gestion controvers\u00e9e des fonds Covid est sur la bonne voie. <\/p><div class=\"publi-paragraphe1\" style=\"margin-top: 10px;margin-bottom: 10px;margin-left: auto;margin-right: auto;text-align: center;\" id=\"publi-3614024687\"><div class=\"publi-adlabel\">Publicit\u00e9<\/div><script async src=\"\/\/pagead2.googlesyndication.com\/pagead\/js\/adsbygoogle.js?client=ca-pub-4089586018074219\" crossorigin=\"anonymous\"><\/script><ins class=\"adsbygoogle\" style=\"display:block;\" data-ad-client=\"ca-pub-4089586018074219\" \ndata-ad-slot=\"2087940154\" \ndata-ad-format=\"auto\"><\/ins>\n<script> \n(adsbygoogle = window.adsbygoogle || []).push({}); \n<\/script>\n<\/div>\n<p>\u00abIl a pr\u00e9cis\u00e9 que l\u2019information judiciaire ouverte suit son cours et que dans un avenir proche les infractions vis\u00e9es par le rapport [de la Cour des comptes] seront trait\u00e9es comme de droit, le juge sera saisi et le droit sera dit\u00bb, rapporte Article 19 sur ses plateformes visit\u00e9es par le journal Walfadjri.<\/p>\n<p>La Cour des comptes a d\u00e9pos\u00e9 son rapport sur la gestion des fonds Covid, soulignant de nombreuses irr\u00e9gularit\u00e9s. Plusieurs minist\u00e8res et autres organes de l\u2019\u00c9tat sont concern\u00e9s. Les nouvelles autorit\u00e9s avaient promis de sanctionner les fautifs. Mais pour beaucoup, la proc\u00e9dure pour y arriver est au point mort. Ce que r\u00e9fute le r\u00e9gime de Diomaye Faye, laissant entendre que la justice n\u2019a pas vocation \u00e0 \u00eatre exp\u00e9ditive.<\/p>\n<div class=\"publi-apres-le-contenu\" style=\"margin-top: 10px;margin-bottom: 10px;margin-left: auto;margin-right: auto;text-align: center;\" id=\"publi-798668384\"><div class=\"publi-adlabel\">Publicit\u00e9<\/div><script async src=\"\/\/pagead2.googlesyndication.com\/pagead\/js\/adsbygoogle.js?client=ca-pub-4089586018074219\" crossorigin=\"anonymous\"><\/script><ins class=\"adsbygoogle\" style=\"display:block;\" data-ad-client=\"ca-pub-4089586018074219\" \ndata-ad-slot=\"2087940154\" \ndata-ad-format=\"auto\"><\/ins>\n<script> \n(adsbygoogle = window.adsbygoogle || []).push({}); \n<\/script>\n<\/div>","protected":false},"excerpt":{"rendered":"<p>Le ministre de la Justice, Ousmane Diagne, a annonc\u00e9 la suivie permanente de la proc\u00e9dure judiciaire des fonds Covid. Lors d&rsquo;une rencontre avec des repr\u00e9sentants d\u2019Article 19\/Afrique de l\u2019Ouest, un organisme de la soci\u00e9t\u00e9 civile, le Garde des Sceaux a confirm\u00e9 que l&rsquo;affaire judiciaire amorc\u00e9e pour faire la lumi\u00e8re sur la gestion controvers\u00e9e des fonds Covid est sur la bonne voie. \u00abIl a pr\u00e9cis\u00e9 que l\u2019information judiciaire ouverte suit son cours et que dans un avenir proche les infractions vis\u00e9es par le rapport [de la Cour des comptes] seront trait\u00e9es comme de droit, le juge sera saisi et le droit sera dit\u00bb, rapporte Article 19 sur ses plateformes visit\u00e9es par le journal Walfadjri. La Cour des comptes a d\u00e9pos\u00e9 son rapport sur la gestion des fonds Covid, soulignant de nombreuses irr\u00e9gularit\u00e9s. Plusieurs minist\u00e8res et autres organes de l\u2019\u00c9tat sont concern\u00e9s. Les nouvelles autorit\u00e9s avaient promis de sanctionner les fautifs. Mais pour beaucoup, la proc\u00e9dure pour y arriver est au point mort. Ce que r\u00e9fute le r\u00e9gime de Diomaye Faye, laissant entendre que la justice n\u2019a pas vocation \u00e0 \u00eatre exp\u00e9ditive.<\/p>\n","protected":false},"author":15,"featured_media":34816,"comment_status":"open","ping_status":"open","sticky":false,"template":"","format":"standard","meta":{"_jetpack_memberships_contains_paid_content":false,"footnotes":""},"categories":[375,550,549,3728,3724,961,3,8,376,1,4],"tags":[7224,3830,7225,2892,7221,5475,7222,7223],"class_list":["post-34814","post","type-post","status-publish","format-standard","has-post-thumbnail","hentry","category-actualites","category-afrique-monde","category-economie","category-internationale","category-justice","category-medias","category-politique","category-public-tv","category-securite-justice","category-non-classe","category-societe","tag-article-19-afrique-de-louest","tag-cour-des-comptes","tag-diomaye-faye","tag-etat","tag-gestion-des-fonds-covid","tag-ministre-de-la-justice","tag-ousmane-diagne","tag-procedure-judiciaire","entry","has-media","owp-thumbs-layout-horizontal","owp-btn-normal","owp-tabs-layout-horizontal","has-no-thumbnails","has-product-nav"],"yoast_head":"<!-- This site is optimized with the Yoast SEO plugin v25.5 - https:\/\/yoast.com\/wordpress\/plugins\/seo\/ -->\n<title>Gestion des fonds Covid : le ministre de la Justice annonce une d\u00e9cision importante dans l&#039;affaire - LE PUBLIC<\/title>\n<meta name=\"robots\" content=\"index, follow, max-snippet:-1, max-image-preview:large, max-video-preview:-1\" \/>\n<link rel=\"canonical\" href=\"https:\/\/www.public.sn\/index.php\/2024\/07\/29\/gestion-des-fonds-covid-le-ministre-de-la-justice-annonce-une-decision-importante-dans-laffaire\/\" \/>\n<meta property=\"og:locale\" content=\"fr_FR\" \/>\n<meta property=\"og:type\" content=\"article\" \/>\n<meta property=\"og:title\" content=\"Gestion des fonds Covid : le ministre de la Justice annonce une d\u00e9cision importante dans l&#039;affaire - LE PUBLIC\" \/>\n<meta property=\"og:description\" content=\"Le ministre de la Justice, Ousmane Diagne, a annonc\u00e9 la suivie permanente de la proc\u00e9dure judiciaire des fonds Covid. Lors d&rsquo;une rencontre avec des repr\u00e9sentants d\u2019Article 19\/Afrique de l\u2019Ouest, un organisme de la soci\u00e9t\u00e9 civile, le Garde des Sceaux a confirm\u00e9 que l&rsquo;affaire judiciaire amorc\u00e9e pour faire la lumi\u00e8re sur la gestion controvers\u00e9e des fonds Covid est sur la bonne voie. \u00abIl a pr\u00e9cis\u00e9 que l\u2019information judiciaire ouverte suit son cours et que dans un avenir proche les infractions vis\u00e9es par le rapport [de la Cour des comptes] seront trait\u00e9es comme de droit, le juge sera saisi et le droit sera dit\u00bb, rapporte Article 19 sur ses plateformes visit\u00e9es par le journal Walfadjri. La Cour des comptes a d\u00e9pos\u00e9 son rapport sur la gestion des fonds Covid, soulignant de nombreuses irr\u00e9gularit\u00e9s. Plusieurs minist\u00e8res et autres organes de l\u2019\u00c9tat sont concern\u00e9s. Les nouvelles autorit\u00e9s avaient promis de sanctionner les fautifs. Mais pour beaucoup, la proc\u00e9dure pour y arriver est au point mort. Ce que r\u00e9fute le r\u00e9gime de Diomaye Faye, laissant entendre que la justice n\u2019a pas vocation \u00e0 \u00eatre exp\u00e9ditive.\" \/>\n<meta property=\"og:url\" content=\"https:\/\/www.public.sn\/index.php\/2024\/07\/29\/gestion-des-fonds-covid-le-ministre-de-la-justice-annonce-une-decision-importante-dans-laffaire\/\" \/>\n<meta property=\"og:site_name\" content=\"LE PUBLIC\" \/>\n<meta property=\"article:published_time\" content=\"2024-07-29T10:58:42+00:00\" \/>\n<meta property=\"og:image\" content=\"https:\/\/www.public.sn\/wp-content\/uploads\/2024\/07\/80510862-58102476.jpeg\" \/>\n\t<meta property=\"og:image:width\" content=\"808\" \/>\n\t<meta property=\"og:image:height\" content=\"487\" \/>\n\t<meta property=\"og:image:type\" content=\"image\/jpeg\" \/>\n<meta name=\"author\" content=\"Baye Amath THIAM\" \/>\n<meta name=\"twitter:card\" content=\"summary_large_image\" \/>\n<meta name=\"twitter:label1\" content=\"\u00c9crit par\" \/>\n\t<meta name=\"twitter:data1\" content=\"Baye Amath THIAM\" \/>\n\t<meta name=\"twitter:label2\" content=\"Dur\u00e9e de lecture estim\u00e9e\" \/>\n\t<meta name=\"twitter:data2\" content=\"1 minute\" \/>\n<script type=\"application\/ld+json\" class=\"yoast-schema-graph\">{\"@context\":\"https:\/\/schema.org\",\"@graph\":[{\"@type\":\"Article\",\"@id\":\"https:\/\/www.public.sn\/index.php\/2024\/07\/29\/gestion-des-fonds-covid-le-ministre-de-la-justice-annonce-une-decision-importante-dans-laffaire\/#article\",\"isPartOf\":{\"@id\":\"https:\/\/www.public.sn\/index.php\/2024\/07\/29\/gestion-des-fonds-covid-le-ministre-de-la-justice-annonce-une-decision-importante-dans-laffaire\/\"},\"author\":{\"name\":\"Baye Amath THIAM\",\"@id\":\"https:\/\/www.public.sn\/#\/schema\/person\/f77cd9ce05d8fb925eb038378ee6899d\"},\"headline\":\"Gestion des fonds Covid : le ministre de la Justice annonce une d\u00e9cision importante dans l&rsquo;affaire\",\"datePublished\":\"2024-07-29T10:58:42+00:00\",\"mainEntityOfPage\":{\"@id\":\"https:\/\/www.public.sn\/index.php\/2024\/07\/29\/gestion-des-fonds-covid-le-ministre-de-la-justice-annonce-une-decision-importante-dans-laffaire\/\"},\"wordCount\":219,\"commentCount\":0,\"publisher\":{\"@id\":\"https:\/\/www.public.sn\/#organization\"},\"image\":{\"@id\":\"https:\/\/www.public.sn\/index.php\/2024\/07\/29\/gestion-des-fonds-covid-le-ministre-de-la-justice-annonce-une-decision-importante-dans-laffaire\/#primaryimage\"},\"thumbnailUrl\":\"https:\/\/www.public.sn\/wp-content\/uploads\/2024\/07\/80510862-58102476.jpeg\",\"keywords\":[\"Article 19\/Afrique de l\u2019Ouest\",\"Cour des comptes\",\"Diomaye Faye\",\"Etat\",\"Gestion des fonds Covid\",\"ministre de la justice\",\"Ousmane Diagne\",\"proc\u00e9dure judiciaire\"],\"articleSection\":[\"ACTUALIT\u00c9S\",\"AFRIQUE &amp; MONDE\",\"\u00c9CONOMIE\",\"internationale\",\"justice\",\"M\u00c9DIAS\",\"POLITIQUE\",\"PUBLIC TV\",\"S\u00c9CURIT\u00c9 &amp; JUSTICE\",\"S\u00c9N\u00c9GAL\",\"SOCIETE\"],\"inLanguage\":\"fr-FR\",\"potentialAction\":[{\"@type\":\"CommentAction\",\"name\":\"Comment\",\"target\":[\"https:\/\/www.public.sn\/index.php\/2024\/07\/29\/gestion-des-fonds-covid-le-ministre-de-la-justice-annonce-une-decision-importante-dans-laffaire\/#respond\"]}]},{\"@type\":\"WebPage\",\"@id\":\"https:\/\/www.public.sn\/index.php\/2024\/07\/29\/gestion-des-fonds-covid-le-ministre-de-la-justice-annonce-une-decision-importante-dans-laffaire\/\",\"url\":\"https:\/\/www.public.sn\/index.php\/2024\/07\/29\/gestion-des-fonds-covid-le-ministre-de-la-justice-annonce-une-decision-importante-dans-laffaire\/\",\"name\":\"Gestion des fonds Covid : le ministre de la Justice annonce une d\u00e9cision importante dans l'affaire - LE PUBLIC\",\"isPartOf\":{\"@id\":\"https:\/\/www.public.sn\/#website\"},\"primaryImageOfPage\":{\"@id\":\"https:\/\/www.public.sn\/index.php\/2024\/07\/29\/gestion-des-fonds-covid-le-ministre-de-la-justice-annonce-une-decision-importante-dans-laffaire\/#primaryimage\"},\"image\":{\"@id\":\"https:\/\/www.public.sn\/index.php\/2024\/07\/29\/gestion-des-fonds-covid-le-ministre-de-la-justice-annonce-une-decision-importante-dans-laffaire\/#primaryimage\"},\"thumbnailUrl\":\"https:\/\/www.public.sn\/wp-content\/uploads\/2024\/07\/80510862-58102476.jpeg\",\"datePublished\":\"2024-07-29T10:58:42+00:00\",\"breadcrumb\":{\"@id\":\"https:\/\/www.public.sn\/index.php\/2024\/07\/29\/gestion-des-fonds-covid-le-ministre-de-la-justice-annonce-une-decision-importante-dans-laffaire\/#breadcrumb\"},\"inLanguage\":\"fr-FR\",\"potentialAction\":[{\"@type\":\"ReadAction\",\"target\":[\"https:\/\/www.public.sn\/index.php\/2024\/07\/29\/gestion-des-fonds-covid-le-ministre-de-la-justice-annonce-une-decision-importante-dans-laffaire\/\"]}]},{\"@type\":\"ImageObject\",\"inLanguage\":\"fr-FR\",\"@id\":\"https:\/\/www.public.sn\/index.php\/2024\/07\/29\/gestion-des-fonds-covid-le-ministre-de-la-justice-annonce-une-decision-importante-dans-laffaire\/#primaryimage\",\"url\":\"https:\/\/www.public.sn\/wp-content\/uploads\/2024\/07\/80510862-58102476.jpeg\",\"contentUrl\":\"https:\/\/www.public.sn\/wp-content\/uploads\/2024\/07\/80510862-58102476.jpeg\",\"width\":808,\"height\":487},{\"@type\":\"BreadcrumbList\",\"@id\":\"https:\/\/www.public.sn\/index.php\/2024\/07\/29\/gestion-des-fonds-covid-le-ministre-de-la-justice-annonce-une-decision-importante-dans-laffaire\/#breadcrumb\",\"itemListElement\":[{\"@type\":\"ListItem\",\"position\":1,\"name\":\"Accueil\",\"item\":\"https:\/\/www.public.sn\/\"},{\"@type\":\"ListItem\",\"position\":2,\"name\":\"Gestion des fonds Covid : le ministre de la Justice annonce une d\u00e9cision importante dans l&rsquo;affaire\"}]},{\"@type\":\"WebSite\",\"@id\":\"https:\/\/www.public.sn\/#website\",\"url\":\"https:\/\/www.public.sn\/\",\"name\":\"LE PUBLIC\",\"description\":\"\",\"publisher\":{\"@id\":\"https:\/\/www.public.sn\/#organization\"},\"potentialAction\":[{\"@type\":\"SearchAction\",\"target\":{\"@type\":\"EntryPoint\",\"urlTemplate\":\"https:\/\/www.public.sn\/?s={search_term_string}\"},\"query-input\":{\"@type\":\"PropertyValueSpecification\",\"valueRequired\":true,\"valueName\":\"search_term_string\"}}],\"inLanguage\":\"fr-FR\"},{\"@type\":\"Organization\",\"@id\":\"https:\/\/www.public.sn\/#organization\",\"name\":\"LE PUBLIC\",\"url\":\"https:\/\/www.public.sn\/\",\"logo\":{\"@type\":\"ImageObject\",\"inLanguage\":\"fr-FR\",\"@id\":\"https:\/\/www.public.sn\/#\/schema\/logo\/image\/\",\"url\":\"https:\/\/www.public.sn\/wp-content\/uploads\/2024\/05\/cropped-LOGO-PUBLIC.SN_.png\",\"contentUrl\":\"https:\/\/www.public.sn\/wp-content\/uploads\/2024\/05\/cropped-LOGO-PUBLIC.SN_.png\",\"width\":682,\"height\":192,\"caption\":\"LE PUBLIC\"},\"image\":{\"@id\":\"https:\/\/www.public.sn\/#\/schema\/logo\/image\/\"}},{\"@type\":\"Person\",\"@id\":\"https:\/\/www.public.sn\/#\/schema\/person\/f77cd9ce05d8fb925eb038378ee6899d\",\"name\":\"Baye Amath THIAM\",\"image\":{\"@type\":\"ImageObject\",\"inLanguage\":\"fr-FR\",\"@id\":\"https:\/\/www.public.sn\/#\/schema\/person\/image\/\",\"url\":\"https:\/\/secure.gravatar.com\/avatar\/7eb863ef1336b6f8a2ad921469701e52f094a61c698fab02f5af742ed813612d?s=96&d=mm&r=g\",\"contentUrl\":\"https:\/\/secure.gravatar.com\/avatar\/7eb863ef1336b6f8a2ad921469701e52f094a61c698fab02f5af742ed813612d?s=96&d=mm&r=g\",\"caption\":\"Baye Amath THIAM\"},\"url\":\"https:\/\/www.public.sn\/index.php\/author\/thiamba24\/\"}]}<\/script>\n<!-- \/ Yoast SEO plugin. -->","yoast_head_json":{"title":"Gestion des fonds Covid : le ministre de la Justice annonce une d\u00e9cision importante dans l'affaire - LE PUBLIC","robots":{"index":"index","follow":"follow","max-snippet":"max-snippet:-1","max-image-preview":"max-image-preview:large","max-video-preview":"max-video-preview:-1"},"canonical":"https:\/\/www.public.sn\/index.php\/2024\/07\/29\/gestion-des-fonds-covid-le-ministre-de-la-justice-annonce-une-decision-importante-dans-laffaire\/","og_locale":"fr_FR","og_type":"article","og_title":"Gestion des fonds Covid : le ministre de la Justice annonce une d\u00e9cision importante dans l'affaire - LE PUBLIC","og_description":"Le ministre de la Justice, Ousmane Diagne, a annonc\u00e9 la suivie permanente de la proc\u00e9dure judiciaire des fonds Covid. Lors d&rsquo;une rencontre avec des repr\u00e9sentants d\u2019Article 19\/Afrique de l\u2019Ouest, un organisme de la soci\u00e9t\u00e9 civile, le Garde des Sceaux a confirm\u00e9 que l&rsquo;affaire judiciaire amorc\u00e9e pour faire la lumi\u00e8re sur la gestion controvers\u00e9e des fonds Covid est sur la bonne voie. \u00abIl a pr\u00e9cis\u00e9 que l\u2019information judiciaire ouverte suit son cours et que dans un avenir proche les infractions vis\u00e9es par le rapport [de la Cour des comptes] seront trait\u00e9es comme de droit, le juge sera saisi et le droit sera dit\u00bb, rapporte Article 19 sur ses plateformes visit\u00e9es par le journal Walfadjri. La Cour des comptes a d\u00e9pos\u00e9 son rapport sur la gestion des fonds Covid, soulignant de nombreuses irr\u00e9gularit\u00e9s. Plusieurs minist\u00e8res et autres organes de l\u2019\u00c9tat sont concern\u00e9s. Les nouvelles autorit\u00e9s avaient promis de sanctionner les fautifs. Mais pour beaucoup, la proc\u00e9dure pour y arriver est au point mort. Ce que r\u00e9fute le r\u00e9gime de Diomaye Faye, laissant entendre que la justice n\u2019a pas vocation \u00e0 \u00eatre exp\u00e9ditive.","og_url":"https:\/\/www.public.sn\/index.php\/2024\/07\/29\/gestion-des-fonds-covid-le-ministre-de-la-justice-annonce-une-decision-importante-dans-laffaire\/","og_site_name":"LE PUBLIC","article_published_time":"2024-07-29T10:58:42+00:00","og_image":[{"width":808,"height":487,"url":"https:\/\/www.public.sn\/wp-content\/uploads\/2024\/07\/80510862-58102476.jpeg","type":"image\/jpeg"}],"author":"Baye Amath THIAM","twitter_card":"summary_large_image","twitter_misc":{"\u00c9crit par":"Baye Amath THIAM","Dur\u00e9e de lecture estim\u00e9e":"1 minute"},"schema":{"@context":"https:\/\/schema.org","@graph":[{"@type":"Article","@id":"https:\/\/www.public.sn\/index.php\/2024\/07\/29\/gestion-des-fonds-covid-le-ministre-de-la-justice-annonce-une-decision-importante-dans-laffaire\/#article","isPartOf":{"@id":"https:\/\/www.public.sn\/index.php\/2024\/07\/29\/gestion-des-fonds-covid-le-ministre-de-la-justice-annonce-une-decision-importante-dans-laffaire\/"},"author":{"name":"Baye Amath THIAM","@id":"https:\/\/www.public.sn\/#\/schema\/person\/f77cd9ce05d8fb925eb038378ee6899d"},"headline":"Gestion des fonds Covid : le ministre de la Justice annonce une d\u00e9cision importante dans l&rsquo;affaire","datePublished":"2024-07-29T10:58:42+00:00","mainEntityOfPage":{"@id":"https:\/\/www.public.sn\/index.php\/2024\/07\/29\/gestion-des-fonds-covid-le-ministre-de-la-justice-annonce-une-decision-importante-dans-laffaire\/"},"wordCount":219,"commentCount":0,"publisher":{"@id":"https:\/\/www.public.sn\/#organization"},"image":{"@id":"https:\/\/www.public.sn\/index.php\/2024\/07\/29\/gestion-des-fonds-covid-le-ministre-de-la-justice-annonce-une-decision-importante-dans-laffaire\/#primaryimage"},"thumbnailUrl":"https:\/\/www.public.sn\/wp-content\/uploads\/2024\/07\/80510862-58102476.jpeg","keywords":["Article 19\/Afrique de l\u2019Ouest","Cour des comptes","Diomaye Faye","Etat","Gestion des fonds Covid","ministre de la justice","Ousmane Diagne","proc\u00e9dure judiciaire"],"articleSection":["ACTUALIT\u00c9S","AFRIQUE &amp; MONDE","\u00c9CONOMIE","internationale","justice","M\u00c9DIAS","POLITIQUE","PUBLIC TV","S\u00c9CURIT\u00c9 &amp; JUSTICE","S\u00c9N\u00c9GAL","SOCIETE"],"inLanguage":"fr-FR","potentialAction":[{"@type":"CommentAction","name":"Comment","target":["https:\/\/www.public.sn\/index.php\/2024\/07\/29\/gestion-des-fonds-covid-le-ministre-de-la-justice-annonce-une-decision-importante-dans-laffaire\/#respond"]}]},{"@type":"WebPage","@id":"https:\/\/www.public.sn\/index.php\/2024\/07\/29\/gestion-des-fonds-covid-le-ministre-de-la-justice-annonce-une-decision-importante-dans-laffaire\/","url":"https:\/\/www.public.sn\/index.php\/2024\/07\/29\/gestion-des-fonds-covid-le-ministre-de-la-justice-annonce-une-decision-importante-dans-laffaire\/","name":"Gestion des fonds Covid : le ministre de la Justice annonce une d\u00e9cision importante dans l'affaire - LE PUBLIC","isPartOf":{"@id":"https:\/\/www.public.sn\/#website"},"primaryImageOfPage":{"@id":"https:\/\/www.public.sn\/index.php\/2024\/07\/29\/gestion-des-fonds-covid-le-ministre-de-la-justice-annonce-une-decision-importante-dans-laffaire\/#primaryimage"},"image":{"@id":"https:\/\/www.public.sn\/index.php\/2024\/07\/29\/gestion-des-fonds-covid-le-ministre-de-la-justice-annonce-une-decision-importante-dans-laffaire\/#primaryimage"},"thumbnailUrl":"https:\/\/www.public.sn\/wp-content\/uploads\/2024\/07\/80510862-58102476.jpeg","datePublished":"2024-07-29T10:58:42+00:00","breadcrumb":{"@id":"https:\/\/www.public.sn\/index.php\/2024\/07\/29\/gestion-des-fonds-covid-le-ministre-de-la-justice-annonce-une-decision-importante-dans-laffaire\/#breadcrumb"},"inLanguage":"fr-FR","potentialAction":[{"@type":"ReadAction","target":["https:\/\/www.public.sn\/index.php\/2024\/07\/29\/gestion-des-fonds-covid-le-ministre-de-la-justice-annonce-une-decision-importante-dans-laffaire\/"]}]},{"@type":"ImageObject","inLanguage":"fr-FR","@id":"https:\/\/www.public.sn\/index.php\/2024\/07\/29\/gestion-des-fonds-covid-le-ministre-de-la-justice-annonce-une-decision-importante-dans-laffaire\/#primaryimage","url":"https:\/\/www.public.sn\/wp-content\/uploads\/2024\/07\/80510862-58102476.jpeg","contentUrl":"https:\/\/www.public.sn\/wp-content\/uploads\/2024\/07\/80510862-58102476.jpeg","width":808,"height":487},{"@type":"BreadcrumbList","@id":"https:\/\/www.public.sn\/index.php\/2024\/07\/29\/gestion-des-fonds-covid-le-ministre-de-la-justice-annonce-une-decision-importante-dans-laffaire\/#breadcrumb","itemListElement":[{"@type":"ListItem","position":1,"name":"Accueil","item":"https:\/\/www.public.sn\/"},{"@type":"ListItem","position":2,"name":"Gestion des fonds Covid : le ministre de la Justice annonce une d\u00e9cision importante dans l&rsquo;affaire"}]},{"@type":"WebSite","@id":"https:\/\/www.public.sn\/#website","url":"https:\/\/www.public.sn\/","name":"LE PUBLIC","description":"","publisher":{"@id":"https:\/\/www.public.sn\/#organization"},"potentialAction":[{"@type":"SearchAction","target":{"@type":"EntryPoint","urlTemplate":"https:\/\/www.public.sn\/?s={search_term_string}"},"query-input":{"@type":"PropertyValueSpecification","valueRequired":true,"valueName":"search_term_string"}}],"inLanguage":"fr-FR"},{"@type":"Organization","@id":"https:\/\/www.public.sn\/#organization","name":"LE PUBLIC","url":"https:\/\/www.public.sn\/","logo":{"@type":"ImageObject","inLanguage":"fr-FR","@id":"https:\/\/www.public.sn\/#\/schema\/logo\/image\/","url":"https:\/\/www.public.sn\/wp-content\/uploads\/2024\/05\/cropped-LOGO-PUBLIC.SN_.png","contentUrl":"https:\/\/www.public.sn\/wp-content\/uploads\/2024\/05\/cropped-LOGO-PUBLIC.SN_.png","width":682,"height":192,"caption":"LE PUBLIC"},"image":{"@id":"https:\/\/www.public.sn\/#\/schema\/logo\/image\/"}},{"@type":"Person","@id":"https:\/\/www.public.sn\/#\/schema\/person\/f77cd9ce05d8fb925eb038378ee6899d","name":"Baye Amath THIAM","image":{"@type":"ImageObject","inLanguage":"fr-FR","@id":"https:\/\/www.public.sn\/#\/schema\/person\/image\/","url":"https:\/\/secure.gravatar.com\/avatar\/7eb863ef1336b6f8a2ad921469701e52f094a61c698fab02f5af742ed813612d?s=96&d=mm&r=g","contentUrl":"https:\/\/secure.gravatar.com\/avatar\/7eb863ef1336b6f8a2ad921469701e52f094a61c698fab02f5af742ed813612d?s=96&d=mm&r=g","caption":"Baye Amath THIAM"},"url":"https:\/\/www.public.sn\/index.php\/author\/thiamba24\/"}]}},"jetpack_featured_media_url":"https:\/\/www.public.sn\/wp-content\/uploads\/2024\/07\/80510862-58102476.jpeg","jetpack_sharing_enabled":true,"_links":{"self":[{"href":"https:\/\/www.public.sn\/index.php\/wp-json\/wp\/v2\/posts\/34814","targetHints":{"allow":["GET"]}}],"collection":[{"href":"https:\/\/www.public.sn\/index.php\/wp-json\/wp\/v2\/posts"}],"about":[{"href":"https:\/\/www.public.sn\/index.php\/wp-json\/wp\/v2\/types\/post"}],"author":[{"embeddable":true,"href":"https:\/\/www.public.sn\/index.php\/wp-json\/wp\/v2\/users\/15"}],"replies":[{"embeddable":true,"href":"https:\/\/www.public.sn\/index.php\/wp-json\/wp\/v2\/comments?post=34814"}],"version-history":[{"count":1,"href":"https:\/\/www.public.sn\/index.php\/wp-json\/wp\/v2\/posts\/34814\/revisions"}],"predecessor-version":[{"id":34817,"href":"https:\/\/www.public.sn\/index.php\/wp-json\/wp\/v2\/posts\/34814\/revisions\/34817"}],"wp:featuredmedia":[{"embeddable":true,"href":"https:\/\/www.public.sn\/index.php\/wp-json\/wp\/v2\/media\/34816"}],"wp:attachment":[{"href":"https:\/\/www.public.sn\/index.php\/wp-json\/wp\/v2\/media?parent=34814"}],"wp:term":[{"taxonomy":"category","embeddable":true,"href":"https:\/\/www.public.sn\/index.php\/wp-json\/wp\/v2\/categories?post=34814"},{"taxonomy":"post_tag","embeddable":true,"href":"https:\/\/www.public.sn\/index.php\/wp-json\/wp\/v2\/tags?post=34814"}],"curies":[{"name":"wp","href":"https:\/\/api.w.org\/{rel}","templated":true}]}}