{"id":34972,"date":"2024-07-31T10:09:29","date_gmt":"2024-07-31T10:09:29","guid":{"rendered":"https:\/\/www.public.sn\/?p=34972"},"modified":"2024-07-31T10:09:29","modified_gmt":"2024-07-31T10:09:29","slug":"le-hamas-annonce-la-mort-de-son-chef-ismail-haniyeh-tue-en-iran","status":"publish","type":"post","link":"https:\/\/www.public.sn\/index.php\/2024\/07\/31\/le-hamas-annonce-la-mort-de-son-chef-ismail-haniyeh-tue-en-iran\/","title":{"rendered":"Le Hamas annonce la mort de son chef, Isma\u00efl Haniyeh, tu\u00e9 en Iran"},"content":{"rendered":"<p>Le chef du Hamas, Isma\u00efl Haniyeh, a \u00e9t\u00e9 tu\u00e9 en Iran aux premi\u00e8res heures de la journ\u00e9e, a annonc\u00e9 mercredi le mouvement islamiste palestinien dans un communiqu\u00e9, assurant que cette \u00ab\u00a0grave escalade\u00a0\u00bb n&rsquo;atteindrait pas son objectif.<\/p><div class=\"publi-paragraphe1\" style=\"margin-top: 10px;margin-bottom: 10px;margin-left: auto;margin-right: auto;text-align: center;\" id=\"publi-252643363\"><div class=\"publi-adlabel\">Publicit\u00e9<\/div><script async src=\"\/\/pagead2.googlesyndication.com\/pagead\/js\/adsbygoogle.js?client=ca-pub-4089586018074219\" crossorigin=\"anonymous\"><\/script><ins class=\"adsbygoogle\" style=\"display:block;\" data-ad-client=\"ca-pub-4089586018074219\" \ndata-ad-slot=\"2087940154\" \ndata-ad-format=\"auto\"><\/ins>\n<script> \n(adsbygoogle = window.adsbygoogle || []).push({}); \n<\/script>\n<\/div>\n<p>Les Gardiens de la r\u00e9volution iraniens ont confirm\u00e9 la mort d&rsquo;Isma\u00efl Haniyeh, qui avait particip\u00e9 \u00e0 la c\u00e9r\u00e9monie d&rsquo;investiture du nouveau pr\u00e9sident iranien quelques heures plus t\u00f4t, ajoutant qu&rsquo;une enqu\u00eate \u00e9tait en cours.<\/p>\n<p>\u00ab\u00a0Le martyre de Haniyeh \u00e0 T\u00e9h\u00e9ran renforcera le lien profond et ind\u00e9fectible entre T\u00e9h\u00e9ran, la Palestine et la r\u00e9sistance\u00a0\u00bb, a d\u00e9clar\u00e9 le porte-parole du minist\u00e8re iranien des Affaires \u00e9trang\u00e8res, Nasser Kanaani, cit\u00e9 par les m\u00e9dias d&rsquo;Etat iraniens.<\/p>\n<p>Les autorit\u00e9s isra\u00e9liennes n&rsquo;ont pas fait de commentaire dans l&rsquo;imm\u00e9diat et la Maison blanche n&rsquo;avait pas r\u00e9pondu \u00e0 une demande de commentaire. Le chef du Pentagone, Lloyd Austin, a dit qu&rsquo;il allait s&#8217;employer \u00e0 faire baisser la temp\u00e9rature au Proche-Orient et promis que les Etats-Unis d\u00e9fendraient Isra\u00ebl en cas d&rsquo;attaque.<\/p>\n<p>Isma\u00efl Haniyeh \u00e9tait le visage de la diplomatie du Hamas en marge du conflit dans la bande de Gaza, o\u00f9 trois de ses fils ont \u00e9t\u00e9 tu\u00e9s dans une frappe a\u00e9rienne isra\u00e9lienne.<\/p>\n<p>En tant que chef du bureau politique du mouvement islamiste palestinien, il \u00e9tait bas\u00e9 au Qatar et pouvait se d\u00e9placer librement, principalement entre la Turquie et la capitale qatarie Doha, \u00e9chappant ainsi au blocus isra\u00e9lien impos\u00e9 de longue date \u00e0 la bande de Gaza.<\/p>\n<p>Sa mort devrait remettre en question les chances de succ\u00e8s des n\u00e9gociations visant \u00e0 parvenir \u00e0 un cessez-le-feu dans la bande de Gaza.<\/p>\n<p>\u00ab\u00a0L&rsquo;assassinat de notre fr\u00e8re (Isma\u00efl) Haniyeh par l&rsquo;occupant isra\u00e9lien est une grave escalade qui vise \u00e0 briser la volont\u00e9 du Hamas\u00a0\u00bb, a d\u00e9clar\u00e9 \u00e0 Reuters Sami Abou Zouhri, haut repr\u00e9sentant du Hamas.<\/p>\n<p>Il a ajout\u00e9 que le Hamas continuerait de suivre le chemin qu&rsquo;il s&rsquo;\u00e9tait trac\u00e9, d\u00e9clarant: \u00ab\u00a0Nous sommes confiants dans la victoire.\u00a0\u00bb<\/p>\n<p>Mahmoud Abbas, le pr\u00e9sident de l&rsquo;Autorit\u00e9 palestinienne qui exerce un contr\u00f4le partiel sur la Cisjordanie occup\u00e9e, a condamn\u00e9 l&rsquo;assassinat d&rsquo;Isma\u00efl Haniyeh, selon l&rsquo;agence de presse palestinienne WAFA.<\/p>\n<p>La Turquie et la Russie ont \u00e9galement dit condamner cet assassinat. \u00ab\u00a0Il s&rsquo;agit d&rsquo;un meurtre politique absolument inacceptable qui entra\u00eenera une aggravation des tensions\u00a0\u00bb, a d\u00e9clar\u00e9 le vice-ministre russe des Affaires \u00e9trang\u00e8res, Mikha\u00efl Bogdanov, cit\u00e9 par l&rsquo;agence RIA.<\/p>\n<p>L&rsquo;annonce de la mort d&rsquo;Isma\u00efl Haniyeh intervient quelques heures apr\u00e8s que l&rsquo;arm\u00e9e isra\u00e9lienne a affirm\u00e9 avoir tu\u00e9 un haut commandant du Hezbollah, Fouad Choukr, dans une frappe men\u00e9e mardi en p\u00e9riph\u00e9rie sud de la capitale libanaise Beyrouth.<\/p>\n<p>Dans un communiqu\u00e9 publi\u00e9 mercredi, le Hezbollah a confirm\u00e9 la pr\u00e9sence de Fouad Choukr dans l&rsquo;immeuble vis\u00e9 par la frappe isra\u00e9lienne, sans annoncer son d\u00e9c\u00e8s.<\/p>\n<div class=\"publi-apres-le-contenu\" style=\"margin-top: 10px;margin-bottom: 10px;margin-left: auto;margin-right: auto;text-align: center;\" id=\"publi-400880801\"><div class=\"publi-adlabel\">Publicit\u00e9<\/div><script async src=\"\/\/pagead2.googlesyndication.com\/pagead\/js\/adsbygoogle.js?client=ca-pub-4089586018074219\" crossorigin=\"anonymous\"><\/script><ins class=\"adsbygoogle\" style=\"display:block;\" data-ad-client=\"ca-pub-4089586018074219\" \ndata-ad-slot=\"2087940154\" \ndata-ad-format=\"auto\"><\/ins>\n<script> \n(adsbygoogle = window.adsbygoogle || []).push({}); \n<\/script>\n<\/div>","protected":false},"excerpt":{"rendered":"<p>Le chef du Hamas, Isma\u00efl Haniyeh, a \u00e9t\u00e9 tu\u00e9 en Iran aux premi\u00e8res heures de la journ\u00e9e, a annonc\u00e9 mercredi le mouvement islamiste palestinien dans un communiqu\u00e9, assurant que cette \u00ab\u00a0grave escalade\u00a0\u00bb n&rsquo;atteindrait pas son objectif. Les Gardiens de la r\u00e9volution iraniens ont confirm\u00e9 la mort d&rsquo;Isma\u00efl Haniyeh, qui avait particip\u00e9 \u00e0 la c\u00e9r\u00e9monie d&rsquo;investiture du nouveau pr\u00e9sident iranien quelques heures plus t\u00f4t, ajoutant qu&rsquo;une enqu\u00eate \u00e9tait en cours. \u00ab\u00a0Le martyre de Haniyeh \u00e0 T\u00e9h\u00e9ran renforcera le lien profond et ind\u00e9fectible entre T\u00e9h\u00e9ran, la Palestine et la r\u00e9sistance\u00a0\u00bb, a d\u00e9clar\u00e9 le porte-parole du minist\u00e8re iranien des Affaires \u00e9trang\u00e8res, Nasser Kanaani, cit\u00e9 par les m\u00e9dias d&rsquo;Etat iraniens. Les autorit\u00e9s isra\u00e9liennes n&rsquo;ont pas fait de commentaire dans l&rsquo;imm\u00e9diat et la Maison blanche n&rsquo;avait pas r\u00e9pondu \u00e0 une demande de commentaire. Le chef du Pentagone, Lloyd Austin, a dit qu&rsquo;il allait s&#8217;employer \u00e0 faire baisser la temp\u00e9rature au Proche-Orient et promis que les Etats-Unis d\u00e9fendraient Isra\u00ebl en cas d&rsquo;attaque. Isma\u00efl Haniyeh \u00e9tait le visage de la diplomatie du Hamas en marge du conflit dans la bande de Gaza, o\u00f9 trois de ses fils ont \u00e9t\u00e9 tu\u00e9s dans une frappe a\u00e9rienne isra\u00e9lienne. En tant que chef du bureau politique du mouvement islamiste palestinien, il \u00e9tait bas\u00e9 au Qatar et pouvait se d\u00e9placer librement, principalement entre la Turquie et la capitale qatarie Doha, \u00e9chappant ainsi au blocus isra\u00e9lien impos\u00e9 de longue date \u00e0 la bande de Gaza. Sa mort devrait remettre en question les chances de succ\u00e8s des n\u00e9gociations visant \u00e0 parvenir \u00e0 un cessez-le-feu dans la bande de Gaza. \u00ab\u00a0L&rsquo;assassinat de notre fr\u00e8re (Isma\u00efl) Haniyeh par l&rsquo;occupant isra\u00e9lien est une grave escalade qui vise \u00e0 briser la volont\u00e9 du Hamas\u00a0\u00bb, a d\u00e9clar\u00e9 \u00e0 Reuters Sami Abou Zouhri, haut repr\u00e9sentant du Hamas. Il a ajout\u00e9 que le Hamas continuerait de suivre le chemin qu&rsquo;il s&rsquo;\u00e9tait trac\u00e9, d\u00e9clarant: \u00ab\u00a0Nous sommes confiants dans la victoire.\u00a0\u00bb Mahmoud Abbas, le pr\u00e9sident de l&rsquo;Autorit\u00e9 palestinienne qui exerce un contr\u00f4le partiel sur la Cisjordanie occup\u00e9e, a condamn\u00e9 l&rsquo;assassinat d&rsquo;Isma\u00efl Haniyeh, selon l&rsquo;agence de presse palestinienne WAFA. La Turquie et la Russie ont \u00e9galement dit condamner cet assassinat. \u00ab\u00a0Il s&rsquo;agit d&rsquo;un meurtre politique absolument inacceptable qui entra\u00eenera une aggravation des tensions\u00a0\u00bb, a d\u00e9clar\u00e9 le vice-ministre russe des Affaires \u00e9trang\u00e8res, Mikha\u00efl Bogdanov, cit\u00e9 par l&rsquo;agence RIA. L&rsquo;annonce de la mort d&rsquo;Isma\u00efl Haniyeh intervient quelques heures apr\u00e8s que l&rsquo;arm\u00e9e isra\u00e9lienne a affirm\u00e9 avoir tu\u00e9 un haut commandant du Hezbollah, Fouad Choukr, dans une frappe men\u00e9e mardi en p\u00e9riph\u00e9rie sud de la capitale libanaise Beyrouth. Dans un communiqu\u00e9 publi\u00e9 mercredi, le Hezbollah a confirm\u00e9 la pr\u00e9sence de Fouad Choukr dans l&rsquo;immeuble vis\u00e9 par la frappe isra\u00e9lienne, sans annoncer son d\u00e9c\u00e8s.<\/p>\n","protected":false},"author":15,"featured_media":34973,"comment_status":"open","ping_status":"open","sticky":false,"template":"","format":"standard","meta":{"_jetpack_memberships_contains_paid_content":false,"footnotes":""},"categories":[375,550,3728,3724,961,371,3],"tags":[7361,7364,7362,7360,7137,7359,7363,1419,1638],"class_list":["post-34972","post","type-post","status-publish","format-standard","has-post-thumbnail","hentry","category-actualites","category-afrique-monde","category-internationale","category-justice","category-medias","category-necrologie","category-politique","tag-a-ete-tue-en-iran","tag-capitale-qatarie-doha","tag-ceremonie-dinvestiture-du-nouveau-president-iranien","tag-chef-du-hamas","tag-hamas","tag-ismail-haniyeh","tag-mouvement-islamiste-palestinien","tag-qatar","tag-turquie","entry","has-media","owp-thumbs-layout-horizontal","owp-btn-normal","owp-tabs-layout-horizontal","has-no-thumbnails","has-product-nav"],"yoast_head":"<!-- This site is optimized with the Yoast SEO plugin v25.5 - https:\/\/yoast.com\/wordpress\/plugins\/seo\/ -->\n<title>Le Hamas annonce la mort de son chef, Isma\u00efl Haniyeh, tu\u00e9 en Iran - LE PUBLIC<\/title>\n<meta name=\"robots\" content=\"index, follow, max-snippet:-1, max-image-preview:large, max-video-preview:-1\" \/>\n<link rel=\"canonical\" href=\"https:\/\/www.public.sn\/index.php\/2024\/07\/31\/le-hamas-annonce-la-mort-de-son-chef-ismail-haniyeh-tue-en-iran\/\" \/>\n<meta property=\"og:locale\" content=\"fr_FR\" \/>\n<meta property=\"og:type\" content=\"article\" \/>\n<meta property=\"og:title\" content=\"Le Hamas annonce la mort de son chef, Isma\u00efl Haniyeh, tu\u00e9 en Iran - LE PUBLIC\" \/>\n<meta property=\"og:description\" content=\"Le chef du Hamas, Isma\u00efl Haniyeh, a \u00e9t\u00e9 tu\u00e9 en Iran aux premi\u00e8res heures de la journ\u00e9e, a annonc\u00e9 mercredi le mouvement islamiste palestinien dans un communiqu\u00e9, assurant que cette \u00ab\u00a0grave escalade\u00a0\u00bb n&rsquo;atteindrait pas son objectif. Les Gardiens de la r\u00e9volution iraniens ont confirm\u00e9 la mort d&rsquo;Isma\u00efl Haniyeh, qui avait particip\u00e9 \u00e0 la c\u00e9r\u00e9monie d&rsquo;investiture du nouveau pr\u00e9sident iranien quelques heures plus t\u00f4t, ajoutant qu&rsquo;une enqu\u00eate \u00e9tait en cours. \u00ab\u00a0Le martyre de Haniyeh \u00e0 T\u00e9h\u00e9ran renforcera le lien profond et ind\u00e9fectible entre T\u00e9h\u00e9ran, la Palestine et la r\u00e9sistance\u00a0\u00bb, a d\u00e9clar\u00e9 le porte-parole du minist\u00e8re iranien des Affaires \u00e9trang\u00e8res, Nasser Kanaani, cit\u00e9 par les m\u00e9dias d&rsquo;Etat iraniens. Les autorit\u00e9s isra\u00e9liennes n&rsquo;ont pas fait de commentaire dans l&rsquo;imm\u00e9diat et la Maison blanche n&rsquo;avait pas r\u00e9pondu \u00e0 une demande de commentaire. Le chef du Pentagone, Lloyd Austin, a dit qu&rsquo;il allait s&#8217;employer \u00e0 faire baisser la temp\u00e9rature au Proche-Orient et promis que les Etats-Unis d\u00e9fendraient Isra\u00ebl en cas d&rsquo;attaque. Isma\u00efl Haniyeh \u00e9tait le visage de la diplomatie du Hamas en marge du conflit dans la bande de Gaza, o\u00f9 trois de ses fils ont \u00e9t\u00e9 tu\u00e9s dans une frappe a\u00e9rienne isra\u00e9lienne. En tant que chef du bureau politique du mouvement islamiste palestinien, il \u00e9tait bas\u00e9 au Qatar et pouvait se d\u00e9placer librement, principalement entre la Turquie et la capitale qatarie Doha, \u00e9chappant ainsi au blocus isra\u00e9lien impos\u00e9 de longue date \u00e0 la bande de Gaza. Sa mort devrait remettre en question les chances de succ\u00e8s des n\u00e9gociations visant \u00e0 parvenir \u00e0 un cessez-le-feu dans la bande de Gaza. \u00ab\u00a0L&rsquo;assassinat de notre fr\u00e8re (Isma\u00efl) Haniyeh par l&rsquo;occupant isra\u00e9lien est une grave escalade qui vise \u00e0 briser la volont\u00e9 du Hamas\u00a0\u00bb, a d\u00e9clar\u00e9 \u00e0 Reuters Sami Abou Zouhri, haut repr\u00e9sentant du Hamas. Il a ajout\u00e9 que le Hamas continuerait de suivre le chemin qu&rsquo;il s&rsquo;\u00e9tait trac\u00e9, d\u00e9clarant: \u00ab\u00a0Nous sommes confiants dans la victoire.\u00a0\u00bb Mahmoud Abbas, le pr\u00e9sident de l&rsquo;Autorit\u00e9 palestinienne qui exerce un contr\u00f4le partiel sur la Cisjordanie occup\u00e9e, a condamn\u00e9 l&rsquo;assassinat d&rsquo;Isma\u00efl Haniyeh, selon l&rsquo;agence de presse palestinienne WAFA. La Turquie et la Russie ont \u00e9galement dit condamner cet assassinat. \u00ab\u00a0Il s&rsquo;agit d&rsquo;un meurtre politique absolument inacceptable qui entra\u00eenera une aggravation des tensions\u00a0\u00bb, a d\u00e9clar\u00e9 le vice-ministre russe des Affaires \u00e9trang\u00e8res, Mikha\u00efl Bogdanov, cit\u00e9 par l&rsquo;agence RIA. L&rsquo;annonce de la mort d&rsquo;Isma\u00efl Haniyeh intervient quelques heures apr\u00e8s que l&rsquo;arm\u00e9e isra\u00e9lienne a affirm\u00e9 avoir tu\u00e9 un haut commandant du Hezbollah, Fouad Choukr, dans une frappe men\u00e9e mardi en p\u00e9riph\u00e9rie sud de la capitale libanaise Beyrouth. Dans un communiqu\u00e9 publi\u00e9 mercredi, le Hezbollah a confirm\u00e9 la pr\u00e9sence de Fouad Choukr dans l&rsquo;immeuble vis\u00e9 par la frappe isra\u00e9lienne, sans annoncer son d\u00e9c\u00e8s.\" \/>\n<meta property=\"og:url\" content=\"https:\/\/www.public.sn\/index.php\/2024\/07\/31\/le-hamas-annonce-la-mort-de-son-chef-ismail-haniyeh-tue-en-iran\/\" \/>\n<meta property=\"og:site_name\" content=\"LE PUBLIC\" \/>\n<meta property=\"article:published_time\" content=\"2024-07-31T10:09:29+00:00\" \/>\n<meta property=\"og:image\" content=\"https:\/\/www.public.sn\/wp-content\/uploads\/2024\/07\/https-d1e00ek4ebabms.cloudfront.net-production-481453f6-406b-4704-99e6-b3db46641833.jpeg\" \/>\n\t<meta property=\"og:image:width\" content=\"700\" \/>\n\t<meta property=\"og:image:height\" content=\"394\" \/>\n\t<meta property=\"og:image:type\" content=\"image\/jpeg\" \/>\n<meta name=\"author\" content=\"Baye Amath THIAM\" \/>\n<meta name=\"twitter:card\" content=\"summary_large_image\" \/>\n<meta name=\"twitter:label1\" content=\"\u00c9crit par\" \/>\n\t<meta name=\"twitter:data1\" content=\"Baye Amath THIAM\" \/>\n\t<meta name=\"twitter:label2\" content=\"Dur\u00e9e de lecture estim\u00e9e\" \/>\n\t<meta name=\"twitter:data2\" content=\"1 minute\" \/>\n<script type=\"application\/ld+json\" class=\"yoast-schema-graph\">{\"@context\":\"https:\/\/schema.org\",\"@graph\":[{\"@type\":\"Article\",\"@id\":\"https:\/\/www.public.sn\/index.php\/2024\/07\/31\/le-hamas-annonce-la-mort-de-son-chef-ismail-haniyeh-tue-en-iran\/#article\",\"isPartOf\":{\"@id\":\"https:\/\/www.public.sn\/index.php\/2024\/07\/31\/le-hamas-annonce-la-mort-de-son-chef-ismail-haniyeh-tue-en-iran\/\"},\"author\":{\"name\":\"Baye Amath THIAM\",\"@id\":\"https:\/\/www.public.sn\/#\/schema\/person\/f77cd9ce05d8fb925eb038378ee6899d\"},\"headline\":\"Le Hamas annonce la mort de son chef, Isma\u00efl Haniyeh, tu\u00e9 en Iran\",\"datePublished\":\"2024-07-31T10:09:29+00:00\",\"mainEntityOfPage\":{\"@id\":\"https:\/\/www.public.sn\/index.php\/2024\/07\/31\/le-hamas-annonce-la-mort-de-son-chef-ismail-haniyeh-tue-en-iran\/\"},\"wordCount\":501,\"commentCount\":0,\"publisher\":{\"@id\":\"https:\/\/www.public.sn\/#organization\"},\"image\":{\"@id\":\"https:\/\/www.public.sn\/index.php\/2024\/07\/31\/le-hamas-annonce-la-mort-de-son-chef-ismail-haniyeh-tue-en-iran\/#primaryimage\"},\"thumbnailUrl\":\"https:\/\/www.public.sn\/wp-content\/uploads\/2024\/07\/https-d1e00ek4ebabms.cloudfront.net-production-481453f6-406b-4704-99e6-b3db46641833.jpeg\",\"keywords\":[\"a \u00e9t\u00e9 tu\u00e9 en Iran\",\"capitale qatarie Doha\",\"c\u00e9r\u00e9monie d'investiture du nouveau pr\u00e9sident iranien\",\"chef du Hamas\",\"Hamas\",\"Isma\u00efl Haniyeh\",\"mouvement islamiste palestinien\",\"qatar\",\"turquie\"],\"articleSection\":[\"ACTUALIT\u00c9S\",\"AFRIQUE &amp; MONDE\",\"internationale\",\"justice\",\"M\u00c9DIAS\",\"N\u00c9CROLOGIE\",\"POLITIQUE\"],\"inLanguage\":\"fr-FR\",\"potentialAction\":[{\"@type\":\"CommentAction\",\"name\":\"Comment\",\"target\":[\"https:\/\/www.public.sn\/index.php\/2024\/07\/31\/le-hamas-annonce-la-mort-de-son-chef-ismail-haniyeh-tue-en-iran\/#respond\"]}]},{\"@type\":\"WebPage\",\"@id\":\"https:\/\/www.public.sn\/index.php\/2024\/07\/31\/le-hamas-annonce-la-mort-de-son-chef-ismail-haniyeh-tue-en-iran\/\",\"url\":\"https:\/\/www.public.sn\/index.php\/2024\/07\/31\/le-hamas-annonce-la-mort-de-son-chef-ismail-haniyeh-tue-en-iran\/\",\"name\":\"Le Hamas annonce la mort de son chef, Isma\u00efl Haniyeh, tu\u00e9 en Iran - LE PUBLIC\",\"isPartOf\":{\"@id\":\"https:\/\/www.public.sn\/#website\"},\"primaryImageOfPage\":{\"@id\":\"https:\/\/www.public.sn\/index.php\/2024\/07\/31\/le-hamas-annonce-la-mort-de-son-chef-ismail-haniyeh-tue-en-iran\/#primaryimage\"},\"image\":{\"@id\":\"https:\/\/www.public.sn\/index.php\/2024\/07\/31\/le-hamas-annonce-la-mort-de-son-chef-ismail-haniyeh-tue-en-iran\/#primaryimage\"},\"thumbnailUrl\":\"https:\/\/www.public.sn\/wp-content\/uploads\/2024\/07\/https-d1e00ek4ebabms.cloudfront.net-production-481453f6-406b-4704-99e6-b3db46641833.jpeg\",\"datePublished\":\"2024-07-31T10:09:29+00:00\",\"breadcrumb\":{\"@id\":\"https:\/\/www.public.sn\/index.php\/2024\/07\/31\/le-hamas-annonce-la-mort-de-son-chef-ismail-haniyeh-tue-en-iran\/#breadcrumb\"},\"inLanguage\":\"fr-FR\",\"potentialAction\":[{\"@type\":\"ReadAction\",\"target\":[\"https:\/\/www.public.sn\/index.php\/2024\/07\/31\/le-hamas-annonce-la-mort-de-son-chef-ismail-haniyeh-tue-en-iran\/\"]}]},{\"@type\":\"ImageObject\",\"inLanguage\":\"fr-FR\",\"@id\":\"https:\/\/www.public.sn\/index.php\/2024\/07\/31\/le-hamas-annonce-la-mort-de-son-chef-ismail-haniyeh-tue-en-iran\/#primaryimage\",\"url\":\"https:\/\/www.public.sn\/wp-content\/uploads\/2024\/07\/https-d1e00ek4ebabms.cloudfront.net-production-481453f6-406b-4704-99e6-b3db46641833.jpeg\",\"contentUrl\":\"https:\/\/www.public.sn\/wp-content\/uploads\/2024\/07\/https-d1e00ek4ebabms.cloudfront.net-production-481453f6-406b-4704-99e6-b3db46641833.jpeg\",\"width\":700,\"height\":394},{\"@type\":\"BreadcrumbList\",\"@id\":\"https:\/\/www.public.sn\/index.php\/2024\/07\/31\/le-hamas-annonce-la-mort-de-son-chef-ismail-haniyeh-tue-en-iran\/#breadcrumb\",\"itemListElement\":[{\"@type\":\"ListItem\",\"position\":1,\"name\":\"Accueil\",\"item\":\"https:\/\/www.public.sn\/\"},{\"@type\":\"ListItem\",\"position\":2,\"name\":\"Le Hamas annonce la mort de son chef, Isma\u00efl Haniyeh, tu\u00e9 en Iran\"}]},{\"@type\":\"WebSite\",\"@id\":\"https:\/\/www.public.sn\/#website\",\"url\":\"https:\/\/www.public.sn\/\",\"name\":\"LE PUBLIC\",\"description\":\"\",\"publisher\":{\"@id\":\"https:\/\/www.public.sn\/#organization\"},\"potentialAction\":[{\"@type\":\"SearchAction\",\"target\":{\"@type\":\"EntryPoint\",\"urlTemplate\":\"https:\/\/www.public.sn\/?s={search_term_string}\"},\"query-input\":{\"@type\":\"PropertyValueSpecification\",\"valueRequired\":true,\"valueName\":\"search_term_string\"}}],\"inLanguage\":\"fr-FR\"},{\"@type\":\"Organization\",\"@id\":\"https:\/\/www.public.sn\/#organization\",\"name\":\"LE PUBLIC\",\"url\":\"https:\/\/www.public.sn\/\",\"logo\":{\"@type\":\"ImageObject\",\"inLanguage\":\"fr-FR\",\"@id\":\"https:\/\/www.public.sn\/#\/schema\/logo\/image\/\",\"url\":\"https:\/\/www.public.sn\/wp-content\/uploads\/2024\/05\/cropped-LOGO-PUBLIC.SN_.png\",\"contentUrl\":\"https:\/\/www.public.sn\/wp-content\/uploads\/2024\/05\/cropped-LOGO-PUBLIC.SN_.png\",\"width\":682,\"height\":192,\"caption\":\"LE PUBLIC\"},\"image\":{\"@id\":\"https:\/\/www.public.sn\/#\/schema\/logo\/image\/\"}},{\"@type\":\"Person\",\"@id\":\"https:\/\/www.public.sn\/#\/schema\/person\/f77cd9ce05d8fb925eb038378ee6899d\",\"name\":\"Baye Amath THIAM\",\"image\":{\"@type\":\"ImageObject\",\"inLanguage\":\"fr-FR\",\"@id\":\"https:\/\/www.public.sn\/#\/schema\/person\/image\/\",\"url\":\"https:\/\/secure.gravatar.com\/avatar\/7eb863ef1336b6f8a2ad921469701e52f094a61c698fab02f5af742ed813612d?s=96&d=mm&r=g\",\"contentUrl\":\"https:\/\/secure.gravatar.com\/avatar\/7eb863ef1336b6f8a2ad921469701e52f094a61c698fab02f5af742ed813612d?s=96&d=mm&r=g\",\"caption\":\"Baye Amath THIAM\"},\"url\":\"https:\/\/www.public.sn\/index.php\/author\/thiamba24\/\"}]}<\/script>\n<!-- \/ Yoast SEO plugin. -->","yoast_head_json":{"title":"Le Hamas annonce la mort de son chef, Isma\u00efl Haniyeh, tu\u00e9 en Iran - LE PUBLIC","robots":{"index":"index","follow":"follow","max-snippet":"max-snippet:-1","max-image-preview":"max-image-preview:large","max-video-preview":"max-video-preview:-1"},"canonical":"https:\/\/www.public.sn\/index.php\/2024\/07\/31\/le-hamas-annonce-la-mort-de-son-chef-ismail-haniyeh-tue-en-iran\/","og_locale":"fr_FR","og_type":"article","og_title":"Le Hamas annonce la mort de son chef, Isma\u00efl Haniyeh, tu\u00e9 en Iran - LE PUBLIC","og_description":"Le chef du Hamas, Isma\u00efl Haniyeh, a \u00e9t\u00e9 tu\u00e9 en Iran aux premi\u00e8res heures de la journ\u00e9e, a annonc\u00e9 mercredi le mouvement islamiste palestinien dans un communiqu\u00e9, assurant que cette \u00ab\u00a0grave escalade\u00a0\u00bb n&rsquo;atteindrait pas son objectif. Les Gardiens de la r\u00e9volution iraniens ont confirm\u00e9 la mort d&rsquo;Isma\u00efl Haniyeh, qui avait particip\u00e9 \u00e0 la c\u00e9r\u00e9monie d&rsquo;investiture du nouveau pr\u00e9sident iranien quelques heures plus t\u00f4t, ajoutant qu&rsquo;une enqu\u00eate \u00e9tait en cours. \u00ab\u00a0Le martyre de Haniyeh \u00e0 T\u00e9h\u00e9ran renforcera le lien profond et ind\u00e9fectible entre T\u00e9h\u00e9ran, la Palestine et la r\u00e9sistance\u00a0\u00bb, a d\u00e9clar\u00e9 le porte-parole du minist\u00e8re iranien des Affaires \u00e9trang\u00e8res, Nasser Kanaani, cit\u00e9 par les m\u00e9dias d&rsquo;Etat iraniens. Les autorit\u00e9s isra\u00e9liennes n&rsquo;ont pas fait de commentaire dans l&rsquo;imm\u00e9diat et la Maison blanche n&rsquo;avait pas r\u00e9pondu \u00e0 une demande de commentaire. Le chef du Pentagone, Lloyd Austin, a dit qu&rsquo;il allait s&#8217;employer \u00e0 faire baisser la temp\u00e9rature au Proche-Orient et promis que les Etats-Unis d\u00e9fendraient Isra\u00ebl en cas d&rsquo;attaque. Isma\u00efl Haniyeh \u00e9tait le visage de la diplomatie du Hamas en marge du conflit dans la bande de Gaza, o\u00f9 trois de ses fils ont \u00e9t\u00e9 tu\u00e9s dans une frappe a\u00e9rienne isra\u00e9lienne. En tant que chef du bureau politique du mouvement islamiste palestinien, il \u00e9tait bas\u00e9 au Qatar et pouvait se d\u00e9placer librement, principalement entre la Turquie et la capitale qatarie Doha, \u00e9chappant ainsi au blocus isra\u00e9lien impos\u00e9 de longue date \u00e0 la bande de Gaza. Sa mort devrait remettre en question les chances de succ\u00e8s des n\u00e9gociations visant \u00e0 parvenir \u00e0 un cessez-le-feu dans la bande de Gaza. \u00ab\u00a0L&rsquo;assassinat de notre fr\u00e8re (Isma\u00efl) Haniyeh par l&rsquo;occupant isra\u00e9lien est une grave escalade qui vise \u00e0 briser la volont\u00e9 du Hamas\u00a0\u00bb, a d\u00e9clar\u00e9 \u00e0 Reuters Sami Abou Zouhri, haut repr\u00e9sentant du Hamas. Il a ajout\u00e9 que le Hamas continuerait de suivre le chemin qu&rsquo;il s&rsquo;\u00e9tait trac\u00e9, d\u00e9clarant: \u00ab\u00a0Nous sommes confiants dans la victoire.\u00a0\u00bb Mahmoud Abbas, le pr\u00e9sident de l&rsquo;Autorit\u00e9 palestinienne qui exerce un contr\u00f4le partiel sur la Cisjordanie occup\u00e9e, a condamn\u00e9 l&rsquo;assassinat d&rsquo;Isma\u00efl Haniyeh, selon l&rsquo;agence de presse palestinienne WAFA. La Turquie et la Russie ont \u00e9galement dit condamner cet assassinat. \u00ab\u00a0Il s&rsquo;agit d&rsquo;un meurtre politique absolument inacceptable qui entra\u00eenera une aggravation des tensions\u00a0\u00bb, a d\u00e9clar\u00e9 le vice-ministre russe des Affaires \u00e9trang\u00e8res, Mikha\u00efl Bogdanov, cit\u00e9 par l&rsquo;agence RIA. L&rsquo;annonce de la mort d&rsquo;Isma\u00efl Haniyeh intervient quelques heures apr\u00e8s que l&rsquo;arm\u00e9e isra\u00e9lienne a affirm\u00e9 avoir tu\u00e9 un haut commandant du Hezbollah, Fouad Choukr, dans une frappe men\u00e9e mardi en p\u00e9riph\u00e9rie sud de la capitale libanaise Beyrouth. Dans un communiqu\u00e9 publi\u00e9 mercredi, le Hezbollah a confirm\u00e9 la pr\u00e9sence de Fouad Choukr dans l&rsquo;immeuble vis\u00e9 par la frappe isra\u00e9lienne, sans annoncer son d\u00e9c\u00e8s.","og_url":"https:\/\/www.public.sn\/index.php\/2024\/07\/31\/le-hamas-annonce-la-mort-de-son-chef-ismail-haniyeh-tue-en-iran\/","og_site_name":"LE PUBLIC","article_published_time":"2024-07-31T10:09:29+00:00","og_image":[{"width":700,"height":394,"url":"https:\/\/www.public.sn\/wp-content\/uploads\/2024\/07\/https-d1e00ek4ebabms.cloudfront.net-production-481453f6-406b-4704-99e6-b3db46641833.jpeg","type":"image\/jpeg"}],"author":"Baye Amath THIAM","twitter_card":"summary_large_image","twitter_misc":{"\u00c9crit par":"Baye Amath THIAM","Dur\u00e9e de lecture estim\u00e9e":"1 minute"},"schema":{"@context":"https:\/\/schema.org","@graph":[{"@type":"Article","@id":"https:\/\/www.public.sn\/index.php\/2024\/07\/31\/le-hamas-annonce-la-mort-de-son-chef-ismail-haniyeh-tue-en-iran\/#article","isPartOf":{"@id":"https:\/\/www.public.sn\/index.php\/2024\/07\/31\/le-hamas-annonce-la-mort-de-son-chef-ismail-haniyeh-tue-en-iran\/"},"author":{"name":"Baye Amath THIAM","@id":"https:\/\/www.public.sn\/#\/schema\/person\/f77cd9ce05d8fb925eb038378ee6899d"},"headline":"Le Hamas annonce la mort de son chef, Isma\u00efl Haniyeh, tu\u00e9 en Iran","datePublished":"2024-07-31T10:09:29+00:00","mainEntityOfPage":{"@id":"https:\/\/www.public.sn\/index.php\/2024\/07\/31\/le-hamas-annonce-la-mort-de-son-chef-ismail-haniyeh-tue-en-iran\/"},"wordCount":501,"commentCount":0,"publisher":{"@id":"https:\/\/www.public.sn\/#organization"},"image":{"@id":"https:\/\/www.public.sn\/index.php\/2024\/07\/31\/le-hamas-annonce-la-mort-de-son-chef-ismail-haniyeh-tue-en-iran\/#primaryimage"},"thumbnailUrl":"https:\/\/www.public.sn\/wp-content\/uploads\/2024\/07\/https-d1e00ek4ebabms.cloudfront.net-production-481453f6-406b-4704-99e6-b3db46641833.jpeg","keywords":["a \u00e9t\u00e9 tu\u00e9 en Iran","capitale qatarie Doha","c\u00e9r\u00e9monie d'investiture du nouveau pr\u00e9sident iranien","chef du Hamas","Hamas","Isma\u00efl Haniyeh","mouvement islamiste palestinien","qatar","turquie"],"articleSection":["ACTUALIT\u00c9S","AFRIQUE &amp; MONDE","internationale","justice","M\u00c9DIAS","N\u00c9CROLOGIE","POLITIQUE"],"inLanguage":"fr-FR","potentialAction":[{"@type":"CommentAction","name":"Comment","target":["https:\/\/www.public.sn\/index.php\/2024\/07\/31\/le-hamas-annonce-la-mort-de-son-chef-ismail-haniyeh-tue-en-iran\/#respond"]}]},{"@type":"WebPage","@id":"https:\/\/www.public.sn\/index.php\/2024\/07\/31\/le-hamas-annonce-la-mort-de-son-chef-ismail-haniyeh-tue-en-iran\/","url":"https:\/\/www.public.sn\/index.php\/2024\/07\/31\/le-hamas-annonce-la-mort-de-son-chef-ismail-haniyeh-tue-en-iran\/","name":"Le Hamas annonce la mort de son chef, Isma\u00efl Haniyeh, tu\u00e9 en Iran - LE PUBLIC","isPartOf":{"@id":"https:\/\/www.public.sn\/#website"},"primaryImageOfPage":{"@id":"https:\/\/www.public.sn\/index.php\/2024\/07\/31\/le-hamas-annonce-la-mort-de-son-chef-ismail-haniyeh-tue-en-iran\/#primaryimage"},"image":{"@id":"https:\/\/www.public.sn\/index.php\/2024\/07\/31\/le-hamas-annonce-la-mort-de-son-chef-ismail-haniyeh-tue-en-iran\/#primaryimage"},"thumbnailUrl":"https:\/\/www.public.sn\/wp-content\/uploads\/2024\/07\/https-d1e00ek4ebabms.cloudfront.net-production-481453f6-406b-4704-99e6-b3db46641833.jpeg","datePublished":"2024-07-31T10:09:29+00:00","breadcrumb":{"@id":"https:\/\/www.public.sn\/index.php\/2024\/07\/31\/le-hamas-annonce-la-mort-de-son-chef-ismail-haniyeh-tue-en-iran\/#breadcrumb"},"inLanguage":"fr-FR","potentialAction":[{"@type":"ReadAction","target":["https:\/\/www.public.sn\/index.php\/2024\/07\/31\/le-hamas-annonce-la-mort-de-son-chef-ismail-haniyeh-tue-en-iran\/"]}]},{"@type":"ImageObject","inLanguage":"fr-FR","@id":"https:\/\/www.public.sn\/index.php\/2024\/07\/31\/le-hamas-annonce-la-mort-de-son-chef-ismail-haniyeh-tue-en-iran\/#primaryimage","url":"https:\/\/www.public.sn\/wp-content\/uploads\/2024\/07\/https-d1e00ek4ebabms.cloudfront.net-production-481453f6-406b-4704-99e6-b3db46641833.jpeg","contentUrl":"https:\/\/www.public.sn\/wp-content\/uploads\/2024\/07\/https-d1e00ek4ebabms.cloudfront.net-production-481453f6-406b-4704-99e6-b3db46641833.jpeg","width":700,"height":394},{"@type":"BreadcrumbList","@id":"https:\/\/www.public.sn\/index.php\/2024\/07\/31\/le-hamas-annonce-la-mort-de-son-chef-ismail-haniyeh-tue-en-iran\/#breadcrumb","itemListElement":[{"@type":"ListItem","position":1,"name":"Accueil","item":"https:\/\/www.public.sn\/"},{"@type":"ListItem","position":2,"name":"Le Hamas annonce la mort de son chef, Isma\u00efl Haniyeh, tu\u00e9 en Iran"}]},{"@type":"WebSite","@id":"https:\/\/www.public.sn\/#website","url":"https:\/\/www.public.sn\/","name":"LE PUBLIC","description":"","publisher":{"@id":"https:\/\/www.public.sn\/#organization"},"potentialAction":[{"@type":"SearchAction","target":{"@type":"EntryPoint","urlTemplate":"https:\/\/www.public.sn\/?s={search_term_string}"},"query-input":{"@type":"PropertyValueSpecification","valueRequired":true,"valueName":"search_term_string"}}],"inLanguage":"fr-FR"},{"@type":"Organization","@id":"https:\/\/www.public.sn\/#organization","name":"LE PUBLIC","url":"https:\/\/www.public.sn\/","logo":{"@type":"ImageObject","inLanguage":"fr-FR","@id":"https:\/\/www.public.sn\/#\/schema\/logo\/image\/","url":"https:\/\/www.public.sn\/wp-content\/uploads\/2024\/05\/cropped-LOGO-PUBLIC.SN_.png","contentUrl":"https:\/\/www.public.sn\/wp-content\/uploads\/2024\/05\/cropped-LOGO-PUBLIC.SN_.png","width":682,"height":192,"caption":"LE PUBLIC"},"image":{"@id":"https:\/\/www.public.sn\/#\/schema\/logo\/image\/"}},{"@type":"Person","@id":"https:\/\/www.public.sn\/#\/schema\/person\/f77cd9ce05d8fb925eb038378ee6899d","name":"Baye Amath THIAM","image":{"@type":"ImageObject","inLanguage":"fr-FR","@id":"https:\/\/www.public.sn\/#\/schema\/person\/image\/","url":"https:\/\/secure.gravatar.com\/avatar\/7eb863ef1336b6f8a2ad921469701e52f094a61c698fab02f5af742ed813612d?s=96&d=mm&r=g","contentUrl":"https:\/\/secure.gravatar.com\/avatar\/7eb863ef1336b6f8a2ad921469701e52f094a61c698fab02f5af742ed813612d?s=96&d=mm&r=g","caption":"Baye Amath THIAM"},"url":"https:\/\/www.public.sn\/index.php\/author\/thiamba24\/"}]}},"jetpack_featured_media_url":"https:\/\/www.public.sn\/wp-content\/uploads\/2024\/07\/https-d1e00ek4ebabms.cloudfront.net-production-481453f6-406b-4704-99e6-b3db46641833.jpeg","jetpack_sharing_enabled":true,"_links":{"self":[{"href":"https:\/\/www.public.sn\/index.php\/wp-json\/wp\/v2\/posts\/34972","targetHints":{"allow":["GET"]}}],"collection":[{"href":"https:\/\/www.public.sn\/index.php\/wp-json\/wp\/v2\/posts"}],"about":[{"href":"https:\/\/www.public.sn\/index.php\/wp-json\/wp\/v2\/types\/post"}],"author":[{"embeddable":true,"href":"https:\/\/www.public.sn\/index.php\/wp-json\/wp\/v2\/users\/15"}],"replies":[{"embeddable":true,"href":"https:\/\/www.public.sn\/index.php\/wp-json\/wp\/v2\/comments?post=34972"}],"version-history":[{"count":1,"href":"https:\/\/www.public.sn\/index.php\/wp-json\/wp\/v2\/posts\/34972\/revisions"}],"predecessor-version":[{"id":34974,"href":"https:\/\/www.public.sn\/index.php\/wp-json\/wp\/v2\/posts\/34972\/revisions\/34974"}],"wp:featuredmedia":[{"embeddable":true,"href":"https:\/\/www.public.sn\/index.php\/wp-json\/wp\/v2\/media\/34973"}],"wp:attachment":[{"href":"https:\/\/www.public.sn\/index.php\/wp-json\/wp\/v2\/media?parent=34972"}],"wp:term":[{"taxonomy":"category","embeddable":true,"href":"https:\/\/www.public.sn\/index.php\/wp-json\/wp\/v2\/categories?post=34972"},{"taxonomy":"post_tag","embeddable":true,"href":"https:\/\/www.public.sn\/index.php\/wp-json\/wp\/v2\/tags?post=34972"}],"curies":[{"name":"wp","href":"https:\/\/api.w.org\/{rel}","templated":true}]}}