{"id":35032,"date":"2024-08-10T18:11:14","date_gmt":"2024-08-10T18:11:14","guid":{"rendered":"https:\/\/www.public.sn\/?p=35032"},"modified":"2024-08-10T18:11:14","modified_gmt":"2024-08-10T18:11:14","slug":"madiambal-diagne-ferait-mieux-de-sattacher-les-services-de-bons-avocats","status":"publish","type":"post","link":"https:\/\/www.public.sn\/index.php\/2024\/08\/10\/madiambal-diagne-ferait-mieux-de-sattacher-les-services-de-bons-avocats\/","title":{"rendered":"Madiambal Diagne ferait mieux de s&rsquo;attacher les services de bons avocats"},"content":{"rendered":"<p><span style=\"font-size: x-large;\">Le patron du groupe de presse Avenir Communication \u00e9diteur du journal Le Quotidien, Madiambal Diagne ferait mieux de s&rsquo;attacher les services de bons avocats. Le premier ministre Ousmane Sonko et ses conseils l&rsquo;ont dans leur ligne de mire.<\/p><div class=\"publi-paragraphe1\" style=\"margin-top: 10px;margin-bottom: 10px;margin-left: auto;margin-right: auto;text-align: center;\" id=\"publi-3393979889\"><div class=\"publi-adlabel\">Publicit\u00e9<\/div><script async src=\"\/\/pagead2.googlesyndication.com\/pagead\/js\/adsbygoogle.js?client=ca-pub-4089586018074219\" crossorigin=\"anonymous\"><\/script><ins class=\"adsbygoogle\" style=\"display:block;\" data-ad-client=\"ca-pub-4089586018074219\" \ndata-ad-slot=\"2087940154\" \ndata-ad-format=\"auto\"><\/ins>\n<script> \n(adsbygoogle = window.adsbygoogle || []).push({}); \n<\/script>\n<\/div>\n<p><\/span><\/p>\n<div><span style=\"font-size: x-large;\">Dans un communiqu\u00e9, le pool d&rsquo;avocats de Ousmane Sonko a annonc\u00e9 une plainte contre Madiambal qui d\u00e9fraie la chronique ces derniers temps par une cascade de tweets sur le r\u00e9seau social X, attaquant sans m\u00e9nagement le chef du gouvernement.<\/span><\/div>\n<div><span style=\"font-size: x-large;\">\u00a0<\/span><\/div>\n<div><span style=\"font-size: x-large;\">\u00abIl a \u00e9t\u00e9 constat\u00e9 depuis quelques jours des attaques syst\u00e9matiques et injustifi\u00e9es, parfois m\u00eame injurieuses et \/ ou s\u00e9ditieuses, sans lien avec la critique objective de la gestion du pouvoir, contre le Premier ministre Monsieur Ousmane\u00a0 SONKO, Pr\u00e9sident du Parti Pastef-les-patriotes. Ces faits sont constitutifs pour l\u2019essentiel d\u2019infractions, r\u00e9prim\u00e9es par notre dispositif p\u00e9nal\u00bb, souligne d&#8217;embl\u00e9e Me Bamba Ciss\u00e9 et ses pairs.<\/span><\/div>\n<div><span style=\"font-size: x-large;\">\u00a0<\/span><\/div>\n<div><span style=\"font-size: x-large;\">En tant que citoyen, poursuit la source, \u00able Premier Ministre Ousmane SONKO, Pr\u00e9sident de Pastef-les patriotes entend, par le biais de ses conseils, user de son droit de saisir la justice\u00bb. Sous ce rapport, informent-ils, \u00abune plainte sera d\u00e9pos\u00e9e d\u00e8s ce lundi 12 Ao\u00fbt 2024 au Parquet de Dakar, contre Madiambal Diagne notamment, pour diverses infractions\u00bb.<\/span><\/div>\n<div><span style=\"font-size: x-large;\">\u00a0<\/span><\/div>\n<p><span style=\"font-size: x-large;\">Selon ses conseils l&rsquo;initiative ne vient pas du PM qui, \u00e0 les en croire, \u00abreste indiff\u00e9rent auxdites attaques\u00bb. \u00abSon pool d\u2019avocats entend assurer son r\u00f4le de veille et ne tol\u00e9rera plus aucune d\u00e9rive, non motiv\u00e9e par des consid\u00e9rations politiques, commise au d\u00e9triment de leur client, et constitutive d\u2019infraction \u00e0 la loi p\u00e9nale s\u00e9n\u00e9galaise, sans r\u00e9action judiciaire\u00bb, justifie le pool de robes noires.<\/span><\/p>\n<div class=\"publi-apres-le-contenu\" style=\"margin-top: 10px;margin-bottom: 10px;margin-left: auto;margin-right: auto;text-align: center;\" id=\"publi-2927343891\"><div class=\"publi-adlabel\">Publicit\u00e9<\/div><script async src=\"\/\/pagead2.googlesyndication.com\/pagead\/js\/adsbygoogle.js?client=ca-pub-4089586018074219\" crossorigin=\"anonymous\"><\/script><ins class=\"adsbygoogle\" style=\"display:block;\" data-ad-client=\"ca-pub-4089586018074219\" \ndata-ad-slot=\"2087940154\" \ndata-ad-format=\"auto\"><\/ins>\n<script> \n(adsbygoogle = window.adsbygoogle || []).push({}); \n<\/script>\n<\/div>","protected":false},"excerpt":{"rendered":"<p>Le patron du groupe de presse Avenir Communication \u00e9diteur du journal Le Quotidien, Madiambal Diagne ferait mieux de s&rsquo;attacher les services de bons avocats. Le premier ministre Ousmane Sonko et ses conseils l&rsquo;ont dans leur ligne de mire. Dans un communiqu\u00e9, le pool d&rsquo;avocats de Ousmane Sonko a annonc\u00e9 une plainte contre Madiambal qui d\u00e9fraie la chronique ces derniers temps par une cascade de tweets sur le r\u00e9seau social X, attaquant sans m\u00e9nagement le chef du gouvernement. \u00a0 \u00abIl a \u00e9t\u00e9 constat\u00e9 depuis quelques jours des attaques syst\u00e9matiques et injustifi\u00e9es, parfois m\u00eame injurieuses et \/ ou s\u00e9ditieuses, sans lien avec la critique objective de la gestion du pouvoir, contre le Premier ministre Monsieur Ousmane\u00a0 SONKO, Pr\u00e9sident du Parti Pastef-les-patriotes. Ces faits sont constitutifs pour l\u2019essentiel d\u2019infractions, r\u00e9prim\u00e9es par notre dispositif p\u00e9nal\u00bb, souligne d&#8217;embl\u00e9e Me Bamba Ciss\u00e9 et ses pairs. \u00a0 En tant que citoyen, poursuit la source, \u00able Premier Ministre Ousmane SONKO, Pr\u00e9sident de Pastef-les patriotes entend, par le biais de ses conseils, user de son droit de saisir la justice\u00bb. Sous ce rapport, informent-ils, \u00abune plainte sera d\u00e9pos\u00e9e d\u00e8s ce lundi 12 Ao\u00fbt 2024 au Parquet de Dakar, contre Madiambal Diagne notamment, pour diverses infractions\u00bb. \u00a0 Selon ses conseils l&rsquo;initiative ne vient pas du PM qui, \u00e0 les en croire, \u00abreste indiff\u00e9rent auxdites attaques\u00bb. \u00abSon pool d\u2019avocats entend assurer son r\u00f4le de veille et ne tol\u00e9rera plus aucune d\u00e9rive, non motiv\u00e9e par des consid\u00e9rations politiques, commise au d\u00e9triment de leur client, et constitutive d\u2019infraction \u00e0 la loi p\u00e9nale s\u00e9n\u00e9galaise, sans r\u00e9action judiciaire\u00bb, justifie le pool de robes noires.<\/p>\n","protected":false},"author":7,"featured_media":35033,"comment_status":"open","ping_status":"open","sticky":false,"template":"","format":"standard","meta":{"_jetpack_memberships_contains_paid_content":false,"footnotes":""},"categories":[375],"tags":[5251],"class_list":["post-35032","post","type-post","status-publish","format-standard","has-post-thumbnail","hentry","category-actualites","tag-actualites","entry","has-media","owp-thumbs-layout-horizontal","owp-btn-normal","owp-tabs-layout-horizontal","has-no-thumbnails","has-product-nav"],"yoast_head":"<!-- This site is optimized with the Yoast SEO plugin v25.5 - https:\/\/yoast.com\/wordpress\/plugins\/seo\/ -->\n<title>Madiambal Diagne ferait mieux de s&#039;attacher les services de bons avocats - LE PUBLIC<\/title>\n<meta name=\"robots\" content=\"index, follow, max-snippet:-1, max-image-preview:large, max-video-preview:-1\" \/>\n<link rel=\"canonical\" href=\"https:\/\/www.public.sn\/index.php\/2024\/08\/10\/madiambal-diagne-ferait-mieux-de-sattacher-les-services-de-bons-avocats\/\" \/>\n<meta property=\"og:locale\" content=\"fr_FR\" \/>\n<meta property=\"og:type\" content=\"article\" \/>\n<meta property=\"og:title\" content=\"Madiambal Diagne ferait mieux de s&#039;attacher les services de bons avocats - LE PUBLIC\" \/>\n<meta property=\"og:description\" content=\"Le patron du groupe de presse Avenir Communication \u00e9diteur du journal Le Quotidien, Madiambal Diagne ferait mieux de s&rsquo;attacher les services de bons avocats. Le premier ministre Ousmane Sonko et ses conseils l&rsquo;ont dans leur ligne de mire. Dans un communiqu\u00e9, le pool d&rsquo;avocats de Ousmane Sonko a annonc\u00e9 une plainte contre Madiambal qui d\u00e9fraie la chronique ces derniers temps par une cascade de tweets sur le r\u00e9seau social X, attaquant sans m\u00e9nagement le chef du gouvernement. \u00a0 \u00abIl a \u00e9t\u00e9 constat\u00e9 depuis quelques jours des attaques syst\u00e9matiques et injustifi\u00e9es, parfois m\u00eame injurieuses et \/ ou s\u00e9ditieuses, sans lien avec la critique objective de la gestion du pouvoir, contre le Premier ministre Monsieur Ousmane\u00a0 SONKO, Pr\u00e9sident du Parti Pastef-les-patriotes. Ces faits sont constitutifs pour l\u2019essentiel d\u2019infractions, r\u00e9prim\u00e9es par notre dispositif p\u00e9nal\u00bb, souligne d&#8217;embl\u00e9e Me Bamba Ciss\u00e9 et ses pairs. \u00a0 En tant que citoyen, poursuit la source, \u00able Premier Ministre Ousmane SONKO, Pr\u00e9sident de Pastef-les patriotes entend, par le biais de ses conseils, user de son droit de saisir la justice\u00bb. Sous ce rapport, informent-ils, \u00abune plainte sera d\u00e9pos\u00e9e d\u00e8s ce lundi 12 Ao\u00fbt 2024 au Parquet de Dakar, contre Madiambal Diagne notamment, pour diverses infractions\u00bb. \u00a0 Selon ses conseils l&rsquo;initiative ne vient pas du PM qui, \u00e0 les en croire, \u00abreste indiff\u00e9rent auxdites attaques\u00bb. \u00abSon pool d\u2019avocats entend assurer son r\u00f4le de veille et ne tol\u00e9rera plus aucune d\u00e9rive, non motiv\u00e9e par des consid\u00e9rations politiques, commise au d\u00e9triment de leur client, et constitutive d\u2019infraction \u00e0 la loi p\u00e9nale s\u00e9n\u00e9galaise, sans r\u00e9action judiciaire\u00bb, justifie le pool de robes noires.\" \/>\n<meta property=\"og:url\" content=\"https:\/\/www.public.sn\/index.php\/2024\/08\/10\/madiambal-diagne-ferait-mieux-de-sattacher-les-services-de-bons-avocats\/\" \/>\n<meta property=\"og:site_name\" content=\"LE PUBLIC\" \/>\n<meta property=\"article:published_time\" content=\"2024-08-10T18:11:14+00:00\" \/>\n<meta property=\"og:image\" content=\"https:\/\/www.public.sn\/wp-content\/uploads\/2024\/08\/8bfa96945c46c3eb3ae1ebfd16ca4a0e14194dd7.jpeg\" \/>\n\t<meta property=\"og:image:width\" content=\"612\" \/>\n\t<meta property=\"og:image:height\" content=\"298\" \/>\n\t<meta property=\"og:image:type\" content=\"image\/jpeg\" \/>\n<meta name=\"author\" content=\"LA REDACTION\" \/>\n<meta name=\"twitter:card\" content=\"summary_large_image\" \/>\n<meta name=\"twitter:label1\" content=\"\u00c9crit par\" \/>\n\t<meta name=\"twitter:data1\" content=\"LA REDACTION\" \/>\n\t<meta name=\"twitter:label2\" content=\"Dur\u00e9e de lecture estim\u00e9e\" \/>\n\t<meta name=\"twitter:data2\" content=\"2 minutes\" \/>\n<script type=\"application\/ld+json\" class=\"yoast-schema-graph\">{\"@context\":\"https:\/\/schema.org\",\"@graph\":[{\"@type\":\"Article\",\"@id\":\"https:\/\/www.public.sn\/index.php\/2024\/08\/10\/madiambal-diagne-ferait-mieux-de-sattacher-les-services-de-bons-avocats\/#article\",\"isPartOf\":{\"@id\":\"https:\/\/www.public.sn\/index.php\/2024\/08\/10\/madiambal-diagne-ferait-mieux-de-sattacher-les-services-de-bons-avocats\/\"},\"author\":{\"name\":\"LA REDACTION\",\"@id\":\"https:\/\/www.public.sn\/#\/schema\/person\/cb76c8e1b8becc6be61fb5e92d6d0224\"},\"headline\":\"Madiambal Diagne ferait mieux de s&rsquo;attacher les services de bons avocats\",\"datePublished\":\"2024-08-10T18:11:14+00:00\",\"mainEntityOfPage\":{\"@id\":\"https:\/\/www.public.sn\/index.php\/2024\/08\/10\/madiambal-diagne-ferait-mieux-de-sattacher-les-services-de-bons-avocats\/\"},\"wordCount\":294,\"commentCount\":0,\"publisher\":{\"@id\":\"https:\/\/www.public.sn\/#organization\"},\"image\":{\"@id\":\"https:\/\/www.public.sn\/index.php\/2024\/08\/10\/madiambal-diagne-ferait-mieux-de-sattacher-les-services-de-bons-avocats\/#primaryimage\"},\"thumbnailUrl\":\"https:\/\/www.public.sn\/wp-content\/uploads\/2024\/08\/8bfa96945c46c3eb3ae1ebfd16ca4a0e14194dd7.jpeg\",\"keywords\":[\"ACTUALITES\"],\"articleSection\":[\"ACTUALIT\u00c9S\"],\"inLanguage\":\"fr-FR\",\"potentialAction\":[{\"@type\":\"CommentAction\",\"name\":\"Comment\",\"target\":[\"https:\/\/www.public.sn\/index.php\/2024\/08\/10\/madiambal-diagne-ferait-mieux-de-sattacher-les-services-de-bons-avocats\/#respond\"]}]},{\"@type\":\"WebPage\",\"@id\":\"https:\/\/www.public.sn\/index.php\/2024\/08\/10\/madiambal-diagne-ferait-mieux-de-sattacher-les-services-de-bons-avocats\/\",\"url\":\"https:\/\/www.public.sn\/index.php\/2024\/08\/10\/madiambal-diagne-ferait-mieux-de-sattacher-les-services-de-bons-avocats\/\",\"name\":\"Madiambal Diagne ferait mieux de s'attacher les services de bons avocats - LE PUBLIC\",\"isPartOf\":{\"@id\":\"https:\/\/www.public.sn\/#website\"},\"primaryImageOfPage\":{\"@id\":\"https:\/\/www.public.sn\/index.php\/2024\/08\/10\/madiambal-diagne-ferait-mieux-de-sattacher-les-services-de-bons-avocats\/#primaryimage\"},\"image\":{\"@id\":\"https:\/\/www.public.sn\/index.php\/2024\/08\/10\/madiambal-diagne-ferait-mieux-de-sattacher-les-services-de-bons-avocats\/#primaryimage\"},\"thumbnailUrl\":\"https:\/\/www.public.sn\/wp-content\/uploads\/2024\/08\/8bfa96945c46c3eb3ae1ebfd16ca4a0e14194dd7.jpeg\",\"datePublished\":\"2024-08-10T18:11:14+00:00\",\"breadcrumb\":{\"@id\":\"https:\/\/www.public.sn\/index.php\/2024\/08\/10\/madiambal-diagne-ferait-mieux-de-sattacher-les-services-de-bons-avocats\/#breadcrumb\"},\"inLanguage\":\"fr-FR\",\"potentialAction\":[{\"@type\":\"ReadAction\",\"target\":[\"https:\/\/www.public.sn\/index.php\/2024\/08\/10\/madiambal-diagne-ferait-mieux-de-sattacher-les-services-de-bons-avocats\/\"]}]},{\"@type\":\"ImageObject\",\"inLanguage\":\"fr-FR\",\"@id\":\"https:\/\/www.public.sn\/index.php\/2024\/08\/10\/madiambal-diagne-ferait-mieux-de-sattacher-les-services-de-bons-avocats\/#primaryimage\",\"url\":\"https:\/\/www.public.sn\/wp-content\/uploads\/2024\/08\/8bfa96945c46c3eb3ae1ebfd16ca4a0e14194dd7.jpeg\",\"contentUrl\":\"https:\/\/www.public.sn\/wp-content\/uploads\/2024\/08\/8bfa96945c46c3eb3ae1ebfd16ca4a0e14194dd7.jpeg\",\"width\":612,\"height\":298},{\"@type\":\"BreadcrumbList\",\"@id\":\"https:\/\/www.public.sn\/index.php\/2024\/08\/10\/madiambal-diagne-ferait-mieux-de-sattacher-les-services-de-bons-avocats\/#breadcrumb\",\"itemListElement\":[{\"@type\":\"ListItem\",\"position\":1,\"name\":\"Accueil\",\"item\":\"https:\/\/www.public.sn\/\"},{\"@type\":\"ListItem\",\"position\":2,\"name\":\"Madiambal Diagne ferait mieux de s&rsquo;attacher les services de bons avocats\"}]},{\"@type\":\"WebSite\",\"@id\":\"https:\/\/www.public.sn\/#website\",\"url\":\"https:\/\/www.public.sn\/\",\"name\":\"LE PUBLIC\",\"description\":\"\",\"publisher\":{\"@id\":\"https:\/\/www.public.sn\/#organization\"},\"potentialAction\":[{\"@type\":\"SearchAction\",\"target\":{\"@type\":\"EntryPoint\",\"urlTemplate\":\"https:\/\/www.public.sn\/?s={search_term_string}\"},\"query-input\":{\"@type\":\"PropertyValueSpecification\",\"valueRequired\":true,\"valueName\":\"search_term_string\"}}],\"inLanguage\":\"fr-FR\"},{\"@type\":\"Organization\",\"@id\":\"https:\/\/www.public.sn\/#organization\",\"name\":\"LE PUBLIC\",\"url\":\"https:\/\/www.public.sn\/\",\"logo\":{\"@type\":\"ImageObject\",\"inLanguage\":\"fr-FR\",\"@id\":\"https:\/\/www.public.sn\/#\/schema\/logo\/image\/\",\"url\":\"https:\/\/www.public.sn\/wp-content\/uploads\/2024\/05\/cropped-LOGO-PUBLIC.SN_.png\",\"contentUrl\":\"https:\/\/www.public.sn\/wp-content\/uploads\/2024\/05\/cropped-LOGO-PUBLIC.SN_.png\",\"width\":682,\"height\":192,\"caption\":\"LE PUBLIC\"},\"image\":{\"@id\":\"https:\/\/www.public.sn\/#\/schema\/logo\/image\/\"}},{\"@type\":\"Person\",\"@id\":\"https:\/\/www.public.sn\/#\/schema\/person\/cb76c8e1b8becc6be61fb5e92d6d0224\",\"name\":\"LA REDACTION\",\"image\":{\"@type\":\"ImageObject\",\"inLanguage\":\"fr-FR\",\"@id\":\"https:\/\/www.public.sn\/#\/schema\/person\/image\/\",\"url\":\"https:\/\/secure.gravatar.com\/avatar\/2dce5ddd34b8fef0180efe03aa2a9bee7d953856048f9a16b298190a3178407c?s=96&d=mm&r=g\",\"contentUrl\":\"https:\/\/secure.gravatar.com\/avatar\/2dce5ddd34b8fef0180efe03aa2a9bee7d953856048f9a16b298190a3178407c?s=96&d=mm&r=g\",\"caption\":\"LA REDACTION\"},\"url\":\"https:\/\/www.public.sn\/index.php\/author\/editeurpsn\/\"}]}<\/script>\n<!-- \/ Yoast SEO plugin. -->","yoast_head_json":{"title":"Madiambal Diagne ferait mieux de s'attacher les services de bons avocats - LE PUBLIC","robots":{"index":"index","follow":"follow","max-snippet":"max-snippet:-1","max-image-preview":"max-image-preview:large","max-video-preview":"max-video-preview:-1"},"canonical":"https:\/\/www.public.sn\/index.php\/2024\/08\/10\/madiambal-diagne-ferait-mieux-de-sattacher-les-services-de-bons-avocats\/","og_locale":"fr_FR","og_type":"article","og_title":"Madiambal Diagne ferait mieux de s'attacher les services de bons avocats - LE PUBLIC","og_description":"Le patron du groupe de presse Avenir Communication \u00e9diteur du journal Le Quotidien, Madiambal Diagne ferait mieux de s&rsquo;attacher les services de bons avocats. Le premier ministre Ousmane Sonko et ses conseils l&rsquo;ont dans leur ligne de mire. Dans un communiqu\u00e9, le pool d&rsquo;avocats de Ousmane Sonko a annonc\u00e9 une plainte contre Madiambal qui d\u00e9fraie la chronique ces derniers temps par une cascade de tweets sur le r\u00e9seau social X, attaquant sans m\u00e9nagement le chef du gouvernement. \u00a0 \u00abIl a \u00e9t\u00e9 constat\u00e9 depuis quelques jours des attaques syst\u00e9matiques et injustifi\u00e9es, parfois m\u00eame injurieuses et \/ ou s\u00e9ditieuses, sans lien avec la critique objective de la gestion du pouvoir, contre le Premier ministre Monsieur Ousmane\u00a0 SONKO, Pr\u00e9sident du Parti Pastef-les-patriotes. Ces faits sont constitutifs pour l\u2019essentiel d\u2019infractions, r\u00e9prim\u00e9es par notre dispositif p\u00e9nal\u00bb, souligne d&#8217;embl\u00e9e Me Bamba Ciss\u00e9 et ses pairs. \u00a0 En tant que citoyen, poursuit la source, \u00able Premier Ministre Ousmane SONKO, Pr\u00e9sident de Pastef-les patriotes entend, par le biais de ses conseils, user de son droit de saisir la justice\u00bb. Sous ce rapport, informent-ils, \u00abune plainte sera d\u00e9pos\u00e9e d\u00e8s ce lundi 12 Ao\u00fbt 2024 au Parquet de Dakar, contre Madiambal Diagne notamment, pour diverses infractions\u00bb. \u00a0 Selon ses conseils l&rsquo;initiative ne vient pas du PM qui, \u00e0 les en croire, \u00abreste indiff\u00e9rent auxdites attaques\u00bb. \u00abSon pool d\u2019avocats entend assurer son r\u00f4le de veille et ne tol\u00e9rera plus aucune d\u00e9rive, non motiv\u00e9e par des consid\u00e9rations politiques, commise au d\u00e9triment de leur client, et constitutive d\u2019infraction \u00e0 la loi p\u00e9nale s\u00e9n\u00e9galaise, sans r\u00e9action judiciaire\u00bb, justifie le pool de robes noires.","og_url":"https:\/\/www.public.sn\/index.php\/2024\/08\/10\/madiambal-diagne-ferait-mieux-de-sattacher-les-services-de-bons-avocats\/","og_site_name":"LE PUBLIC","article_published_time":"2024-08-10T18:11:14+00:00","og_image":[{"width":612,"height":298,"url":"https:\/\/www.public.sn\/wp-content\/uploads\/2024\/08\/8bfa96945c46c3eb3ae1ebfd16ca4a0e14194dd7.jpeg","type":"image\/jpeg"}],"author":"LA REDACTION","twitter_card":"summary_large_image","twitter_misc":{"\u00c9crit par":"LA REDACTION","Dur\u00e9e de lecture estim\u00e9e":"2 minutes"},"schema":{"@context":"https:\/\/schema.org","@graph":[{"@type":"Article","@id":"https:\/\/www.public.sn\/index.php\/2024\/08\/10\/madiambal-diagne-ferait-mieux-de-sattacher-les-services-de-bons-avocats\/#article","isPartOf":{"@id":"https:\/\/www.public.sn\/index.php\/2024\/08\/10\/madiambal-diagne-ferait-mieux-de-sattacher-les-services-de-bons-avocats\/"},"author":{"name":"LA REDACTION","@id":"https:\/\/www.public.sn\/#\/schema\/person\/cb76c8e1b8becc6be61fb5e92d6d0224"},"headline":"Madiambal Diagne ferait mieux de s&rsquo;attacher les services de bons avocats","datePublished":"2024-08-10T18:11:14+00:00","mainEntityOfPage":{"@id":"https:\/\/www.public.sn\/index.php\/2024\/08\/10\/madiambal-diagne-ferait-mieux-de-sattacher-les-services-de-bons-avocats\/"},"wordCount":294,"commentCount":0,"publisher":{"@id":"https:\/\/www.public.sn\/#organization"},"image":{"@id":"https:\/\/www.public.sn\/index.php\/2024\/08\/10\/madiambal-diagne-ferait-mieux-de-sattacher-les-services-de-bons-avocats\/#primaryimage"},"thumbnailUrl":"https:\/\/www.public.sn\/wp-content\/uploads\/2024\/08\/8bfa96945c46c3eb3ae1ebfd16ca4a0e14194dd7.jpeg","keywords":["ACTUALITES"],"articleSection":["ACTUALIT\u00c9S"],"inLanguage":"fr-FR","potentialAction":[{"@type":"CommentAction","name":"Comment","target":["https:\/\/www.public.sn\/index.php\/2024\/08\/10\/madiambal-diagne-ferait-mieux-de-sattacher-les-services-de-bons-avocats\/#respond"]}]},{"@type":"WebPage","@id":"https:\/\/www.public.sn\/index.php\/2024\/08\/10\/madiambal-diagne-ferait-mieux-de-sattacher-les-services-de-bons-avocats\/","url":"https:\/\/www.public.sn\/index.php\/2024\/08\/10\/madiambal-diagne-ferait-mieux-de-sattacher-les-services-de-bons-avocats\/","name":"Madiambal Diagne ferait mieux de s'attacher les services de bons avocats - LE PUBLIC","isPartOf":{"@id":"https:\/\/www.public.sn\/#website"},"primaryImageOfPage":{"@id":"https:\/\/www.public.sn\/index.php\/2024\/08\/10\/madiambal-diagne-ferait-mieux-de-sattacher-les-services-de-bons-avocats\/#primaryimage"},"image":{"@id":"https:\/\/www.public.sn\/index.php\/2024\/08\/10\/madiambal-diagne-ferait-mieux-de-sattacher-les-services-de-bons-avocats\/#primaryimage"},"thumbnailUrl":"https:\/\/www.public.sn\/wp-content\/uploads\/2024\/08\/8bfa96945c46c3eb3ae1ebfd16ca4a0e14194dd7.jpeg","datePublished":"2024-08-10T18:11:14+00:00","breadcrumb":{"@id":"https:\/\/www.public.sn\/index.php\/2024\/08\/10\/madiambal-diagne-ferait-mieux-de-sattacher-les-services-de-bons-avocats\/#breadcrumb"},"inLanguage":"fr-FR","potentialAction":[{"@type":"ReadAction","target":["https:\/\/www.public.sn\/index.php\/2024\/08\/10\/madiambal-diagne-ferait-mieux-de-sattacher-les-services-de-bons-avocats\/"]}]},{"@type":"ImageObject","inLanguage":"fr-FR","@id":"https:\/\/www.public.sn\/index.php\/2024\/08\/10\/madiambal-diagne-ferait-mieux-de-sattacher-les-services-de-bons-avocats\/#primaryimage","url":"https:\/\/www.public.sn\/wp-content\/uploads\/2024\/08\/8bfa96945c46c3eb3ae1ebfd16ca4a0e14194dd7.jpeg","contentUrl":"https:\/\/www.public.sn\/wp-content\/uploads\/2024\/08\/8bfa96945c46c3eb3ae1ebfd16ca4a0e14194dd7.jpeg","width":612,"height":298},{"@type":"BreadcrumbList","@id":"https:\/\/www.public.sn\/index.php\/2024\/08\/10\/madiambal-diagne-ferait-mieux-de-sattacher-les-services-de-bons-avocats\/#breadcrumb","itemListElement":[{"@type":"ListItem","position":1,"name":"Accueil","item":"https:\/\/www.public.sn\/"},{"@type":"ListItem","position":2,"name":"Madiambal Diagne ferait mieux de s&rsquo;attacher les services de bons avocats"}]},{"@type":"WebSite","@id":"https:\/\/www.public.sn\/#website","url":"https:\/\/www.public.sn\/","name":"LE PUBLIC","description":"","publisher":{"@id":"https:\/\/www.public.sn\/#organization"},"potentialAction":[{"@type":"SearchAction","target":{"@type":"EntryPoint","urlTemplate":"https:\/\/www.public.sn\/?s={search_term_string}"},"query-input":{"@type":"PropertyValueSpecification","valueRequired":true,"valueName":"search_term_string"}}],"inLanguage":"fr-FR"},{"@type":"Organization","@id":"https:\/\/www.public.sn\/#organization","name":"LE PUBLIC","url":"https:\/\/www.public.sn\/","logo":{"@type":"ImageObject","inLanguage":"fr-FR","@id":"https:\/\/www.public.sn\/#\/schema\/logo\/image\/","url":"https:\/\/www.public.sn\/wp-content\/uploads\/2024\/05\/cropped-LOGO-PUBLIC.SN_.png","contentUrl":"https:\/\/www.public.sn\/wp-content\/uploads\/2024\/05\/cropped-LOGO-PUBLIC.SN_.png","width":682,"height":192,"caption":"LE PUBLIC"},"image":{"@id":"https:\/\/www.public.sn\/#\/schema\/logo\/image\/"}},{"@type":"Person","@id":"https:\/\/www.public.sn\/#\/schema\/person\/cb76c8e1b8becc6be61fb5e92d6d0224","name":"LA REDACTION","image":{"@type":"ImageObject","inLanguage":"fr-FR","@id":"https:\/\/www.public.sn\/#\/schema\/person\/image\/","url":"https:\/\/secure.gravatar.com\/avatar\/2dce5ddd34b8fef0180efe03aa2a9bee7d953856048f9a16b298190a3178407c?s=96&d=mm&r=g","contentUrl":"https:\/\/secure.gravatar.com\/avatar\/2dce5ddd34b8fef0180efe03aa2a9bee7d953856048f9a16b298190a3178407c?s=96&d=mm&r=g","caption":"LA REDACTION"},"url":"https:\/\/www.public.sn\/index.php\/author\/editeurpsn\/"}]}},"jetpack_featured_media_url":"https:\/\/www.public.sn\/wp-content\/uploads\/2024\/08\/8bfa96945c46c3eb3ae1ebfd16ca4a0e14194dd7.jpeg","jetpack_sharing_enabled":true,"_links":{"self":[{"href":"https:\/\/www.public.sn\/index.php\/wp-json\/wp\/v2\/posts\/35032","targetHints":{"allow":["GET"]}}],"collection":[{"href":"https:\/\/www.public.sn\/index.php\/wp-json\/wp\/v2\/posts"}],"about":[{"href":"https:\/\/www.public.sn\/index.php\/wp-json\/wp\/v2\/types\/post"}],"author":[{"embeddable":true,"href":"https:\/\/www.public.sn\/index.php\/wp-json\/wp\/v2\/users\/7"}],"replies":[{"embeddable":true,"href":"https:\/\/www.public.sn\/index.php\/wp-json\/wp\/v2\/comments?post=35032"}],"version-history":[{"count":1,"href":"https:\/\/www.public.sn\/index.php\/wp-json\/wp\/v2\/posts\/35032\/revisions"}],"predecessor-version":[{"id":35034,"href":"https:\/\/www.public.sn\/index.php\/wp-json\/wp\/v2\/posts\/35032\/revisions\/35034"}],"wp:featuredmedia":[{"embeddable":true,"href":"https:\/\/www.public.sn\/index.php\/wp-json\/wp\/v2\/media\/35033"}],"wp:attachment":[{"href":"https:\/\/www.public.sn\/index.php\/wp-json\/wp\/v2\/media?parent=35032"}],"wp:term":[{"taxonomy":"category","embeddable":true,"href":"https:\/\/www.public.sn\/index.php\/wp-json\/wp\/v2\/categories?post=35032"},{"taxonomy":"post_tag","embeddable":true,"href":"https:\/\/www.public.sn\/index.php\/wp-json\/wp\/v2\/tags?post=35032"}],"curies":[{"name":"wp","href":"https:\/\/api.w.org\/{rel}","templated":true}]}}