{"id":3509,"date":"2022-10-03T16:36:02","date_gmt":"2022-10-03T16:36:02","guid":{"rendered":"https:\/\/www.public.sn\/?p=3509"},"modified":"2022-10-03T19:36:26","modified_gmt":"2022-10-03T19:36:26","slug":"greve-f2s-vers-une-paralysie-du-secteur-de-la-sante","status":"publish","type":"post","link":"https:\/\/www.public.sn\/index.php\/2022\/10\/03\/greve-f2s-vers-une-paralysie-du-secteur-de-la-sante\/","title":{"rendered":"Gr\u00e9ve F2S : Vers une paralysie du secteur de la sant\u00e9."},"content":{"rendered":"\n<p>La F\u00e9d\u00e9ration des syndicats de la sant\u00e9 (F2S) a finalement d\u00e9cid\u00e9 d\u2019observer une gr\u00e8ve de 48 Heures.  Une mani\u00e8re de protester contre le dilatoire du minist\u00e8re de la sant\u00e9. Celui-ci refuse de satisfaire leurs  revendications relatives \u00e0 l\u2019augmentation des salaires et l\u2019arr\u00eat des discriminations not\u00e9es  dans la prise en charge du paiement des primes. La f\u00e9d\u00e9ration des syndicats de la sant\u00e9 r\u00e9v\u00e8le que seules les urgences vont \u00eatre assur\u00e9es. Par ailleurs si rien n&rsquo;est faim une gr\u00e9ve illimit\u00e9e est envisag\u00e9e. <br>Source RFM.<br><\/p><div class=\"publi-paragraphe1\" style=\"margin-top: 10px;margin-bottom: 10px;margin-left: auto;margin-right: auto;text-align: center;\" id=\"publi-237128717\"><div class=\"publi-adlabel\">Publicit\u00e9<\/div><script async src=\"\/\/pagead2.googlesyndication.com\/pagead\/js\/adsbygoogle.js?client=ca-pub-4089586018074219\" crossorigin=\"anonymous\"><\/script><ins class=\"adsbygoogle\" style=\"display:block;\" data-ad-client=\"ca-pub-4089586018074219\" \ndata-ad-slot=\"2087940154\" \ndata-ad-format=\"auto\"><\/ins>\n<script> \n(adsbygoogle = window.adsbygoogle || []).push({}); \n<\/script>\n<\/div>\n\n\n\n<figure class=\"wp-block-image size-large\"><img fetchpriority=\"high\" decoding=\"async\" width=\"1024\" height=\"853\" src=\"https:\/\/www.public.sn\/wp-content\/uploads\/2022\/10\/la-Fe\u0301de\u0301ration-des-syndicats-de-la-sante\u0301-du-Se\u0301ne\u0301gal-1024x853.png\" alt=\"\" class=\"wp-image-3513\" srcset=\"https:\/\/www.public.sn\/wp-content\/uploads\/2022\/10\/la-Fe\u0301de\u0301ration-des-syndicats-de-la-sante\u0301-du-Se\u0301ne\u0301gal-1024x853.png 1024w, https:\/\/www.public.sn\/wp-content\/uploads\/2022\/10\/la-Fe\u0301de\u0301ration-des-syndicats-de-la-sante\u0301-du-Se\u0301ne\u0301gal-600x500.png 600w, https:\/\/www.public.sn\/wp-content\/uploads\/2022\/10\/la-Fe\u0301de\u0301ration-des-syndicats-de-la-sante\u0301-du-Se\u0301ne\u0301gal-300x250.png 300w, https:\/\/www.public.sn\/wp-content\/uploads\/2022\/10\/la-Fe\u0301de\u0301ration-des-syndicats-de-la-sante\u0301-du-Se\u0301ne\u0301gal-768x640.png 768w, https:\/\/www.public.sn\/wp-content\/uploads\/2022\/10\/la-Fe\u0301de\u0301ration-des-syndicats-de-la-sante\u0301-du-Se\u0301ne\u0301gal.png 1200w\" sizes=\"(max-width: 1024px) 100vw, 1024px\" \/><\/figure>\n<div class=\"publi-apres-le-contenu\" style=\"margin-top: 10px;margin-bottom: 10px;margin-left: auto;margin-right: auto;text-align: center;\" id=\"publi-3806016203\"><div class=\"publi-adlabel\">Publicit\u00e9<\/div><script async src=\"\/\/pagead2.googlesyndication.com\/pagead\/js\/adsbygoogle.js?client=ca-pub-4089586018074219\" crossorigin=\"anonymous\"><\/script><ins class=\"adsbygoogle\" style=\"display:block;\" data-ad-client=\"ca-pub-4089586018074219\" \ndata-ad-slot=\"2087940154\" \ndata-ad-format=\"auto\"><\/ins>\n<script> \n(adsbygoogle = window.adsbygoogle || []).push({}); \n<\/script>\n<\/div>","protected":false},"excerpt":{"rendered":"<p>La F\u00e9d\u00e9ration des syndicats de la sant\u00e9 (F2S) a finalement d\u00e9cid\u00e9 d\u2019observer une gr\u00e8ve de 48 Heures. Une mani\u00e8re de protester contre le dilatoire du minist\u00e8re de la sant\u00e9. Celui-ci refuse de satisfaire leurs revendications relatives \u00e0 l\u2019augmentation des salaires et l\u2019arr\u00eat des discriminations not\u00e9es dans la prise en charge du paiement des primes. La f\u00e9d\u00e9ration des syndicats de la sant\u00e9 r\u00e9v\u00e8le que seules les urgences vont \u00eatre assur\u00e9es. Par ailleurs si rien n&rsquo;est faim une gr\u00e9ve illimit\u00e9e est envisag\u00e9e. Source RFM.<\/p>\n","protected":false},"author":1,"featured_media":3513,"comment_status":"open","ping_status":"open","sticky":false,"template":"","format":"standard","meta":{"_jetpack_memberships_contains_paid_content":false,"footnotes":""},"categories":[375,1],"tags":[1143,1142,195],"class_list":["post-3509","post","type-post","status-publish","format-standard","has-post-thumbnail","hentry","category-actualites","category-non-classe","tag-f2s","tag-greve-2","tag-sante","entry","has-media","owp-thumbs-layout-horizontal","owp-btn-normal","owp-tabs-layout-horizontal","has-no-thumbnails","has-product-nav"],"yoast_head":"<!-- This site is optimized with the Yoast SEO plugin v25.5 - https:\/\/yoast.com\/wordpress\/plugins\/seo\/ -->\n<title>Gr\u00e9ve F2S : Vers une paralysie du secteur de la sant\u00e9. - LE PUBLIC<\/title>\n<meta name=\"robots\" content=\"index, follow, max-snippet:-1, max-image-preview:large, max-video-preview:-1\" \/>\n<link rel=\"canonical\" href=\"https:\/\/www.public.sn\/index.php\/2022\/10\/03\/greve-f2s-vers-une-paralysie-du-secteur-de-la-sante\/\" \/>\n<meta property=\"og:locale\" content=\"fr_FR\" \/>\n<meta property=\"og:type\" content=\"article\" \/>\n<meta property=\"og:title\" content=\"Gr\u00e9ve F2S : Vers une paralysie du secteur de la sant\u00e9. - LE PUBLIC\" \/>\n<meta property=\"og:description\" content=\"La F\u00e9d\u00e9ration des syndicats de la sant\u00e9 (F2S) a finalement d\u00e9cid\u00e9 d\u2019observer une gr\u00e8ve de 48 Heures. Une mani\u00e8re de protester contre le dilatoire du minist\u00e8re de la sant\u00e9. Celui-ci refuse de satisfaire leurs revendications relatives \u00e0 l\u2019augmentation des salaires et l\u2019arr\u00eat des discriminations not\u00e9es dans la prise en charge du paiement des primes. La f\u00e9d\u00e9ration des syndicats de la sant\u00e9 r\u00e9v\u00e8le que seules les urgences vont \u00eatre assur\u00e9es. Par ailleurs si rien n&rsquo;est faim une gr\u00e9ve illimit\u00e9e est envisag\u00e9e. Source RFM.\" \/>\n<meta property=\"og:url\" content=\"https:\/\/www.public.sn\/index.php\/2022\/10\/03\/greve-f2s-vers-une-paralysie-du-secteur-de-la-sante\/\" \/>\n<meta property=\"og:site_name\" content=\"LE PUBLIC\" \/>\n<meta property=\"article:published_time\" content=\"2022-10-03T16:36:02+00:00\" \/>\n<meta property=\"article:modified_time\" content=\"2022-10-03T19:36:26+00:00\" \/>\n<meta property=\"og:image\" content=\"https:\/\/www.public.sn\/wp-content\/uploads\/2022\/10\/la-Fe\u0301de\u0301ration-des-syndicats-de-la-sante\u0301-du-Se\u0301ne\u0301gal.png\" \/>\n\t<meta property=\"og:image:width\" content=\"1200\" \/>\n\t<meta property=\"og:image:height\" content=\"1000\" \/>\n\t<meta property=\"og:image:type\" content=\"image\/png\" \/>\n<meta name=\"author\" content=\"LA REDACTION\" \/>\n<meta name=\"twitter:card\" content=\"summary_large_image\" \/>\n<meta name=\"twitter:label1\" content=\"\u00c9crit par\" \/>\n\t<meta name=\"twitter:data1\" content=\"LA REDACTION\" \/>\n\t<meta name=\"twitter:label2\" content=\"Dur\u00e9e de lecture estim\u00e9e\" \/>\n\t<meta name=\"twitter:data2\" content=\"1 minute\" \/>\n<script type=\"application\/ld+json\" class=\"yoast-schema-graph\">{\"@context\":\"https:\/\/schema.org\",\"@graph\":[{\"@type\":\"Article\",\"@id\":\"https:\/\/www.public.sn\/index.php\/2022\/10\/03\/greve-f2s-vers-une-paralysie-du-secteur-de-la-sante\/#article\",\"isPartOf\":{\"@id\":\"https:\/\/www.public.sn\/index.php\/2022\/10\/03\/greve-f2s-vers-une-paralysie-du-secteur-de-la-sante\/\"},\"author\":{\"name\":\"LA REDACTION\",\"@id\":\"https:\/\/www.public.sn\/#\/schema\/person\/e3f4a11b037d4203902db148f9bc8d5a\"},\"headline\":\"Gr\u00e9ve F2S : Vers une paralysie du secteur de la sant\u00e9.\",\"datePublished\":\"2022-10-03T16:36:02+00:00\",\"dateModified\":\"2022-10-03T19:36:26+00:00\",\"mainEntityOfPage\":{\"@id\":\"https:\/\/www.public.sn\/index.php\/2022\/10\/03\/greve-f2s-vers-une-paralysie-du-secteur-de-la-sante\/\"},\"wordCount\":112,\"commentCount\":0,\"publisher\":{\"@id\":\"https:\/\/www.public.sn\/#organization\"},\"image\":{\"@id\":\"https:\/\/www.public.sn\/index.php\/2022\/10\/03\/greve-f2s-vers-une-paralysie-du-secteur-de-la-sante\/#primaryimage\"},\"thumbnailUrl\":\"https:\/\/www.public.sn\/wp-content\/uploads\/2022\/10\/la-Fe\u0301de\u0301ration-des-syndicats-de-la-sante\u0301-du-Se\u0301ne\u0301gal.png\",\"keywords\":[\"F2S\",\"greve\",\"Sant\u00e9\"],\"articleSection\":[\"ACTUALIT\u00c9S\",\"S\u00c9N\u00c9GAL\"],\"inLanguage\":\"fr-FR\",\"potentialAction\":[{\"@type\":\"CommentAction\",\"name\":\"Comment\",\"target\":[\"https:\/\/www.public.sn\/index.php\/2022\/10\/03\/greve-f2s-vers-une-paralysie-du-secteur-de-la-sante\/#respond\"]}]},{\"@type\":\"WebPage\",\"@id\":\"https:\/\/www.public.sn\/index.php\/2022\/10\/03\/greve-f2s-vers-une-paralysie-du-secteur-de-la-sante\/\",\"url\":\"https:\/\/www.public.sn\/index.php\/2022\/10\/03\/greve-f2s-vers-une-paralysie-du-secteur-de-la-sante\/\",\"name\":\"Gr\u00e9ve F2S : Vers une paralysie du secteur de la sant\u00e9. - LE PUBLIC\",\"isPartOf\":{\"@id\":\"https:\/\/www.public.sn\/#website\"},\"primaryImageOfPage\":{\"@id\":\"https:\/\/www.public.sn\/index.php\/2022\/10\/03\/greve-f2s-vers-une-paralysie-du-secteur-de-la-sante\/#primaryimage\"},\"image\":{\"@id\":\"https:\/\/www.public.sn\/index.php\/2022\/10\/03\/greve-f2s-vers-une-paralysie-du-secteur-de-la-sante\/#primaryimage\"},\"thumbnailUrl\":\"https:\/\/www.public.sn\/wp-content\/uploads\/2022\/10\/la-Fe\u0301de\u0301ration-des-syndicats-de-la-sante\u0301-du-Se\u0301ne\u0301gal.png\",\"datePublished\":\"2022-10-03T16:36:02+00:00\",\"dateModified\":\"2022-10-03T19:36:26+00:00\",\"breadcrumb\":{\"@id\":\"https:\/\/www.public.sn\/index.php\/2022\/10\/03\/greve-f2s-vers-une-paralysie-du-secteur-de-la-sante\/#breadcrumb\"},\"inLanguage\":\"fr-FR\",\"potentialAction\":[{\"@type\":\"ReadAction\",\"target\":[\"https:\/\/www.public.sn\/index.php\/2022\/10\/03\/greve-f2s-vers-une-paralysie-du-secteur-de-la-sante\/\"]}]},{\"@type\":\"ImageObject\",\"inLanguage\":\"fr-FR\",\"@id\":\"https:\/\/www.public.sn\/index.php\/2022\/10\/03\/greve-f2s-vers-une-paralysie-du-secteur-de-la-sante\/#primaryimage\",\"url\":\"https:\/\/www.public.sn\/wp-content\/uploads\/2022\/10\/la-Fe\u0301de\u0301ration-des-syndicats-de-la-sante\u0301-du-Se\u0301ne\u0301gal.png\",\"contentUrl\":\"https:\/\/www.public.sn\/wp-content\/uploads\/2022\/10\/la-Fe\u0301de\u0301ration-des-syndicats-de-la-sante\u0301-du-Se\u0301ne\u0301gal.png\",\"width\":1200,\"height\":1000},{\"@type\":\"BreadcrumbList\",\"@id\":\"https:\/\/www.public.sn\/index.php\/2022\/10\/03\/greve-f2s-vers-une-paralysie-du-secteur-de-la-sante\/#breadcrumb\",\"itemListElement\":[{\"@type\":\"ListItem\",\"position\":1,\"name\":\"Accueil\",\"item\":\"https:\/\/www.public.sn\/\"},{\"@type\":\"ListItem\",\"position\":2,\"name\":\"Gr\u00e9ve F2S : Vers une paralysie du secteur de la sant\u00e9.\"}]},{\"@type\":\"WebSite\",\"@id\":\"https:\/\/www.public.sn\/#website\",\"url\":\"https:\/\/www.public.sn\/\",\"name\":\"LE PUBLIC\",\"description\":\"\",\"publisher\":{\"@id\":\"https:\/\/www.public.sn\/#organization\"},\"potentialAction\":[{\"@type\":\"SearchAction\",\"target\":{\"@type\":\"EntryPoint\",\"urlTemplate\":\"https:\/\/www.public.sn\/?s={search_term_string}\"},\"query-input\":{\"@type\":\"PropertyValueSpecification\",\"valueRequired\":true,\"valueName\":\"search_term_string\"}}],\"inLanguage\":\"fr-FR\"},{\"@type\":\"Organization\",\"@id\":\"https:\/\/www.public.sn\/#organization\",\"name\":\"LE PUBLIC\",\"url\":\"https:\/\/www.public.sn\/\",\"logo\":{\"@type\":\"ImageObject\",\"inLanguage\":\"fr-FR\",\"@id\":\"https:\/\/www.public.sn\/#\/schema\/logo\/image\/\",\"url\":\"https:\/\/www.public.sn\/wp-content\/uploads\/2024\/05\/cropped-LOGO-PUBLIC.SN_.png\",\"contentUrl\":\"https:\/\/www.public.sn\/wp-content\/uploads\/2024\/05\/cropped-LOGO-PUBLIC.SN_.png\",\"width\":682,\"height\":192,\"caption\":\"LE PUBLIC\"},\"image\":{\"@id\":\"https:\/\/www.public.sn\/#\/schema\/logo\/image\/\"}},{\"@type\":\"Person\",\"@id\":\"https:\/\/www.public.sn\/#\/schema\/person\/e3f4a11b037d4203902db148f9bc8d5a\",\"name\":\"LA REDACTION\",\"image\":{\"@type\":\"ImageObject\",\"inLanguage\":\"fr-FR\",\"@id\":\"https:\/\/www.public.sn\/#\/schema\/person\/image\/\",\"url\":\"https:\/\/secure.gravatar.com\/avatar\/d6c030db45db2883c075085c5d6c6258654a801a93766b49af0b82d4f454e2a5?s=96&d=mm&r=g\",\"contentUrl\":\"https:\/\/secure.gravatar.com\/avatar\/d6c030db45db2883c075085c5d6c6258654a801a93766b49af0b82d4f454e2a5?s=96&d=mm&r=g\",\"caption\":\"LA REDACTION\"},\"sameAs\":[\"http:\/\/www.public.sn\"],\"url\":\"https:\/\/www.public.sn\/index.php\/author\/admin7324\/\"}]}<\/script>\n<!-- \/ Yoast SEO plugin. -->","yoast_head_json":{"title":"Gr\u00e9ve F2S : Vers une paralysie du secteur de la sant\u00e9. - LE PUBLIC","robots":{"index":"index","follow":"follow","max-snippet":"max-snippet:-1","max-image-preview":"max-image-preview:large","max-video-preview":"max-video-preview:-1"},"canonical":"https:\/\/www.public.sn\/index.php\/2022\/10\/03\/greve-f2s-vers-une-paralysie-du-secteur-de-la-sante\/","og_locale":"fr_FR","og_type":"article","og_title":"Gr\u00e9ve F2S : Vers une paralysie du secteur de la sant\u00e9. - LE PUBLIC","og_description":"La F\u00e9d\u00e9ration des syndicats de la sant\u00e9 (F2S) a finalement d\u00e9cid\u00e9 d\u2019observer une gr\u00e8ve de 48 Heures. Une mani\u00e8re de protester contre le dilatoire du minist\u00e8re de la sant\u00e9. Celui-ci refuse de satisfaire leurs revendications relatives \u00e0 l\u2019augmentation des salaires et l\u2019arr\u00eat des discriminations not\u00e9es dans la prise en charge du paiement des primes. La f\u00e9d\u00e9ration des syndicats de la sant\u00e9 r\u00e9v\u00e8le que seules les urgences vont \u00eatre assur\u00e9es. Par ailleurs si rien n&rsquo;est faim une gr\u00e9ve illimit\u00e9e est envisag\u00e9e. Source RFM.","og_url":"https:\/\/www.public.sn\/index.php\/2022\/10\/03\/greve-f2s-vers-une-paralysie-du-secteur-de-la-sante\/","og_site_name":"LE PUBLIC","article_published_time":"2022-10-03T16:36:02+00:00","article_modified_time":"2022-10-03T19:36:26+00:00","og_image":[{"width":1200,"height":1000,"url":"https:\/\/www.public.sn\/wp-content\/uploads\/2022\/10\/la-Fe\u0301de\u0301ration-des-syndicats-de-la-sante\u0301-du-Se\u0301ne\u0301gal.png","type":"image\/png"}],"author":"LA REDACTION","twitter_card":"summary_large_image","twitter_misc":{"\u00c9crit par":"LA REDACTION","Dur\u00e9e de lecture estim\u00e9e":"1 minute"},"schema":{"@context":"https:\/\/schema.org","@graph":[{"@type":"Article","@id":"https:\/\/www.public.sn\/index.php\/2022\/10\/03\/greve-f2s-vers-une-paralysie-du-secteur-de-la-sante\/#article","isPartOf":{"@id":"https:\/\/www.public.sn\/index.php\/2022\/10\/03\/greve-f2s-vers-une-paralysie-du-secteur-de-la-sante\/"},"author":{"name":"LA REDACTION","@id":"https:\/\/www.public.sn\/#\/schema\/person\/e3f4a11b037d4203902db148f9bc8d5a"},"headline":"Gr\u00e9ve F2S : Vers une paralysie du secteur de la sant\u00e9.","datePublished":"2022-10-03T16:36:02+00:00","dateModified":"2022-10-03T19:36:26+00:00","mainEntityOfPage":{"@id":"https:\/\/www.public.sn\/index.php\/2022\/10\/03\/greve-f2s-vers-une-paralysie-du-secteur-de-la-sante\/"},"wordCount":112,"commentCount":0,"publisher":{"@id":"https:\/\/www.public.sn\/#organization"},"image":{"@id":"https:\/\/www.public.sn\/index.php\/2022\/10\/03\/greve-f2s-vers-une-paralysie-du-secteur-de-la-sante\/#primaryimage"},"thumbnailUrl":"https:\/\/www.public.sn\/wp-content\/uploads\/2022\/10\/la-Fe\u0301de\u0301ration-des-syndicats-de-la-sante\u0301-du-Se\u0301ne\u0301gal.png","keywords":["F2S","greve","Sant\u00e9"],"articleSection":["ACTUALIT\u00c9S","S\u00c9N\u00c9GAL"],"inLanguage":"fr-FR","potentialAction":[{"@type":"CommentAction","name":"Comment","target":["https:\/\/www.public.sn\/index.php\/2022\/10\/03\/greve-f2s-vers-une-paralysie-du-secteur-de-la-sante\/#respond"]}]},{"@type":"WebPage","@id":"https:\/\/www.public.sn\/index.php\/2022\/10\/03\/greve-f2s-vers-une-paralysie-du-secteur-de-la-sante\/","url":"https:\/\/www.public.sn\/index.php\/2022\/10\/03\/greve-f2s-vers-une-paralysie-du-secteur-de-la-sante\/","name":"Gr\u00e9ve F2S : Vers une paralysie du secteur de la sant\u00e9. - LE PUBLIC","isPartOf":{"@id":"https:\/\/www.public.sn\/#website"},"primaryImageOfPage":{"@id":"https:\/\/www.public.sn\/index.php\/2022\/10\/03\/greve-f2s-vers-une-paralysie-du-secteur-de-la-sante\/#primaryimage"},"image":{"@id":"https:\/\/www.public.sn\/index.php\/2022\/10\/03\/greve-f2s-vers-une-paralysie-du-secteur-de-la-sante\/#primaryimage"},"thumbnailUrl":"https:\/\/www.public.sn\/wp-content\/uploads\/2022\/10\/la-Fe\u0301de\u0301ration-des-syndicats-de-la-sante\u0301-du-Se\u0301ne\u0301gal.png","datePublished":"2022-10-03T16:36:02+00:00","dateModified":"2022-10-03T19:36:26+00:00","breadcrumb":{"@id":"https:\/\/www.public.sn\/index.php\/2022\/10\/03\/greve-f2s-vers-une-paralysie-du-secteur-de-la-sante\/#breadcrumb"},"inLanguage":"fr-FR","potentialAction":[{"@type":"ReadAction","target":["https:\/\/www.public.sn\/index.php\/2022\/10\/03\/greve-f2s-vers-une-paralysie-du-secteur-de-la-sante\/"]}]},{"@type":"ImageObject","inLanguage":"fr-FR","@id":"https:\/\/www.public.sn\/index.php\/2022\/10\/03\/greve-f2s-vers-une-paralysie-du-secteur-de-la-sante\/#primaryimage","url":"https:\/\/www.public.sn\/wp-content\/uploads\/2022\/10\/la-Fe\u0301de\u0301ration-des-syndicats-de-la-sante\u0301-du-Se\u0301ne\u0301gal.png","contentUrl":"https:\/\/www.public.sn\/wp-content\/uploads\/2022\/10\/la-Fe\u0301de\u0301ration-des-syndicats-de-la-sante\u0301-du-Se\u0301ne\u0301gal.png","width":1200,"height":1000},{"@type":"BreadcrumbList","@id":"https:\/\/www.public.sn\/index.php\/2022\/10\/03\/greve-f2s-vers-une-paralysie-du-secteur-de-la-sante\/#breadcrumb","itemListElement":[{"@type":"ListItem","position":1,"name":"Accueil","item":"https:\/\/www.public.sn\/"},{"@type":"ListItem","position":2,"name":"Gr\u00e9ve F2S : Vers une paralysie du secteur de la sant\u00e9."}]},{"@type":"WebSite","@id":"https:\/\/www.public.sn\/#website","url":"https:\/\/www.public.sn\/","name":"LE PUBLIC","description":"","publisher":{"@id":"https:\/\/www.public.sn\/#organization"},"potentialAction":[{"@type":"SearchAction","target":{"@type":"EntryPoint","urlTemplate":"https:\/\/www.public.sn\/?s={search_term_string}"},"query-input":{"@type":"PropertyValueSpecification","valueRequired":true,"valueName":"search_term_string"}}],"inLanguage":"fr-FR"},{"@type":"Organization","@id":"https:\/\/www.public.sn\/#organization","name":"LE PUBLIC","url":"https:\/\/www.public.sn\/","logo":{"@type":"ImageObject","inLanguage":"fr-FR","@id":"https:\/\/www.public.sn\/#\/schema\/logo\/image\/","url":"https:\/\/www.public.sn\/wp-content\/uploads\/2024\/05\/cropped-LOGO-PUBLIC.SN_.png","contentUrl":"https:\/\/www.public.sn\/wp-content\/uploads\/2024\/05\/cropped-LOGO-PUBLIC.SN_.png","width":682,"height":192,"caption":"LE PUBLIC"},"image":{"@id":"https:\/\/www.public.sn\/#\/schema\/logo\/image\/"}},{"@type":"Person","@id":"https:\/\/www.public.sn\/#\/schema\/person\/e3f4a11b037d4203902db148f9bc8d5a","name":"LA REDACTION","image":{"@type":"ImageObject","inLanguage":"fr-FR","@id":"https:\/\/www.public.sn\/#\/schema\/person\/image\/","url":"https:\/\/secure.gravatar.com\/avatar\/d6c030db45db2883c075085c5d6c6258654a801a93766b49af0b82d4f454e2a5?s=96&d=mm&r=g","contentUrl":"https:\/\/secure.gravatar.com\/avatar\/d6c030db45db2883c075085c5d6c6258654a801a93766b49af0b82d4f454e2a5?s=96&d=mm&r=g","caption":"LA REDACTION"},"sameAs":["http:\/\/www.public.sn"],"url":"https:\/\/www.public.sn\/index.php\/author\/admin7324\/"}]}},"jetpack_featured_media_url":"https:\/\/www.public.sn\/wp-content\/uploads\/2022\/10\/la-Fe\u0301de\u0301ration-des-syndicats-de-la-sante\u0301-du-Se\u0301ne\u0301gal.png","jetpack_sharing_enabled":true,"_links":{"self":[{"href":"https:\/\/www.public.sn\/index.php\/wp-json\/wp\/v2\/posts\/3509","targetHints":{"allow":["GET"]}}],"collection":[{"href":"https:\/\/www.public.sn\/index.php\/wp-json\/wp\/v2\/posts"}],"about":[{"href":"https:\/\/www.public.sn\/index.php\/wp-json\/wp\/v2\/types\/post"}],"author":[{"embeddable":true,"href":"https:\/\/www.public.sn\/index.php\/wp-json\/wp\/v2\/users\/1"}],"replies":[{"embeddable":true,"href":"https:\/\/www.public.sn\/index.php\/wp-json\/wp\/v2\/comments?post=3509"}],"version-history":[{"count":3,"href":"https:\/\/www.public.sn\/index.php\/wp-json\/wp\/v2\/posts\/3509\/revisions"}],"predecessor-version":[{"id":3533,"href":"https:\/\/www.public.sn\/index.php\/wp-json\/wp\/v2\/posts\/3509\/revisions\/3533"}],"wp:featuredmedia":[{"embeddable":true,"href":"https:\/\/www.public.sn\/index.php\/wp-json\/wp\/v2\/media\/3513"}],"wp:attachment":[{"href":"https:\/\/www.public.sn\/index.php\/wp-json\/wp\/v2\/media?parent=3509"}],"wp:term":[{"taxonomy":"category","embeddable":true,"href":"https:\/\/www.public.sn\/index.php\/wp-json\/wp\/v2\/categories?post=3509"},{"taxonomy":"post_tag","embeddable":true,"href":"https:\/\/www.public.sn\/index.php\/wp-json\/wp\/v2\/tags?post=3509"}],"curies":[{"name":"wp","href":"https:\/\/api.w.org\/{rel}","templated":true}]}}