{"id":35158,"date":"2024-09-04T09:39:19","date_gmt":"2024-09-04T09:39:19","guid":{"rendered":"https:\/\/www.public.sn\/?p=35158"},"modified":"2024-09-04T09:39:19","modified_gmt":"2024-09-04T09:39:19","slug":"gandiol-demarrage-des-activites-du-198e-anniversaire-de-la-bataille-de-safilem","status":"publish","type":"post","link":"https:\/\/www.public.sn\/index.php\/2024\/09\/04\/gandiol-demarrage-des-activites-du-198e-anniversaire-de-la-bataille-de-safilem\/","title":{"rendered":"Gandiol : d\u00e9marrage des activit\u00e9s du 198e anniversaire de la bataille de Safil\u00e8m"},"content":{"rendered":"<p><strong>Les activit\u00e9s relatives \u00e0 la comm\u00e9moration du 198e anniversaire de la bataille de Safil\u00e8m, laquelle est marqu\u00e9e par la premi\u00e8re d\u00e9faite de l\u2019arm\u00e9e coloniale fran\u00e7aise en Afrique occidentale fran\u00e7aise (AOF), ont d\u00e9marr\u00e9 mardi \u00e0 Gandiol, a constat\u00e9 un reporter de l\u2019APS.<\/strong><\/p><div class=\"publi-paragraphe1\" style=\"margin-top: 10px;margin-bottom: 10px;margin-left: auto;margin-right: auto;text-align: center;\" id=\"publi-209302973\"><div class=\"publi-adlabel\">Publicit\u00e9<\/div><script async src=\"\/\/pagead2.googlesyndication.com\/pagead\/js\/adsbygoogle.js?client=ca-pub-4089586018074219\" crossorigin=\"anonymous\"><\/script><ins class=\"adsbygoogle\" style=\"display:block;\" data-ad-client=\"ca-pub-4089586018074219\" \ndata-ad-slot=\"2087940154\" \ndata-ad-format=\"auto\"><\/ins>\n<script> \n(adsbygoogle = window.adsbygoogle || []).push({}); \n<\/script>\n<\/div>\n<p>Plusieurs d\u00e9l\u00e9gations venues notamment de la Gambie, de Gantour, de Dakar entre autres ont pris place aux environs de 12 heures au stade Gandiolais, lequel abrite la c\u00e9r\u00e9monie officielle.<\/p>\n<p>Des h\u00f4tesses v\u00eatues de tenues traditionnelles compos\u00e9es de plusieurs ethnies [Joola, S\u00e9r\u00e8res\u2026] ont \u00e9galement particip\u00e9 \u00e0 cette comm\u00e9moration.<\/p>\n<p>L\u2019anniversaire de la bataille de Safil\u00e8m, un hommage aux anc\u00eatres devant les blancs va se poursuivre jusqu\u2019\u00e0 demain (mercredi 4 septembre 2024).<\/p>\n<p>Des honneurs ont \u00e9t\u00e9 rendus par un d\u00e9tachement de l\u2019arm\u00e9e nationale \u00e0 la d\u00e9l\u00e9gation gouvernementale d\u00e8s leur arriv\u00e9e conduite entre autres par le directeur du CROUS de l\u2019Universit\u00e9 Gaston Berger de Saint-Louis, Babacar Diop.<\/p>\n<p>Peu avant le d\u00e9marrage de la c\u00e9r\u00e9monie protocolaire, l\u2019hymne national a \u00e9t\u00e9 ex\u00e9cut\u00e9 par le d\u00e9tachement de l\u2019arm\u00e9e nationale.<\/p>\n<p>L\u2019imam ratib de Mpal par ailleurs petit-fils de Mame Rawane Ngom, l\u2019honorable d\u00e9put\u00e9 Cheikh Seck repr\u00e9sentant du pr\u00e9sident de l\u2019Assembl\u00e9e nationale, le conservateur du parc de la Langue de Barbarie, le commandant de la gendarmerie nationale entre autres personnalit\u00e9s ont pris part \u00e0 cette c\u00e9r\u00e9monie.<\/p>\n<p>Dans son allocution au cours de la c\u00e9r\u00e9monie officielle, Idrissa Di\u00e8ye pr\u00e9sident de l\u2019association \u2018\u2019And Sam Cossanou Ganjool\u2019\u2019 est revenu sur l\u2019importance de cette victoire de la bataille Safil\u00e8m invitant \u00e9galement tous les natifs de Gandiol \u00e0 venir adh\u00e9rer et soutenir ladite association.<\/p>\n<p>Il a \u00e9galement rappel\u00e9 que les Gandiol-Gandiols ont jou\u00e9 un r\u00f4le important dans l\u2019histoire du S\u00e9n\u00e9gal.<\/p>\n<p>Le programme de cette comm\u00e9moration pr\u00e9voit \u00e9galement la projection de deux films consacr\u00e9s \u00e0 la bataille de Safil\u00e8m et \u00e0 l\u2019\u00e9migration irr\u00e9guli\u00e8re, selon un document du comit\u00e9 d\u2019organisation.<\/p>\n<p>Une communication sur le parc national de la Langue de Barbarie sera aussi pr\u00e9sent\u00e9e lors de la manifestation.<\/p>\n<p>Cette comm\u00e9moration est organis\u00e9e par l\u2019association \u2018\u2019And Sam Cossanou Ganjool\u2019\u2019, dont l\u2019ambition est de mieux faire conna\u00eetre le terroir du m\u00eame nom et son histoire, selon la m\u00eame source.<\/p>\n<p>L\u2019association \u2018\u2019And Sam Cossanou Ganjool\u2019\u2019 a \u00e9t\u00e9 cr\u00e9\u00e9e en 2023 lors d\u2019une assembl\u00e9e g\u00e9n\u00e9rale.<\/p>\n<p>Avec APS<\/p>\n<p><img fetchpriority=\"high\" decoding=\"async\" class=\"alignnone size-full wp-image-35159\" src=\"https:\/\/www.public.sn\/wp-content\/uploads\/2024\/09\/WhatsApp-Image-2024-09-04-at-09.24.18-1.jpeg\" alt=\"\" width=\"920\" height=\"614\" srcset=\"https:\/\/www.public.sn\/wp-content\/uploads\/2024\/09\/WhatsApp-Image-2024-09-04-at-09.24.18-1.jpeg 920w, https:\/\/www.public.sn\/wp-content\/uploads\/2024\/09\/WhatsApp-Image-2024-09-04-at-09.24.18-1-300x200.jpeg 300w, https:\/\/www.public.sn\/wp-content\/uploads\/2024\/09\/WhatsApp-Image-2024-09-04-at-09.24.18-1-768x513.jpeg 768w, https:\/\/www.public.sn\/wp-content\/uploads\/2024\/09\/WhatsApp-Image-2024-09-04-at-09.24.18-1-600x400.jpeg 600w\" sizes=\"(max-width: 920px) 100vw, 920px\" \/><\/p>\n<p><img decoding=\"async\" class=\"alignnone size-full wp-image-35160\" src=\"https:\/\/www.public.sn\/wp-content\/uploads\/2024\/09\/WhatsApp-Image-2024-09-04-at-09.24.18.jpeg\" alt=\"\" width=\"920\" height=\"614\" srcset=\"https:\/\/www.public.sn\/wp-content\/uploads\/2024\/09\/WhatsApp-Image-2024-09-04-at-09.24.18.jpeg 920w, https:\/\/www.public.sn\/wp-content\/uploads\/2024\/09\/WhatsApp-Image-2024-09-04-at-09.24.18-300x200.jpeg 300w, https:\/\/www.public.sn\/wp-content\/uploads\/2024\/09\/WhatsApp-Image-2024-09-04-at-09.24.18-768x513.jpeg 768w, https:\/\/www.public.sn\/wp-content\/uploads\/2024\/09\/WhatsApp-Image-2024-09-04-at-09.24.18-600x400.jpeg 600w\" sizes=\"(max-width: 920px) 100vw, 920px\" \/><\/p>\n<p><img decoding=\"async\" class=\"alignnone size-full wp-image-35161\" src=\"https:\/\/www.public.sn\/wp-content\/uploads\/2024\/09\/WhatsApp-Image-2024-09-04-at-09.24.19-5.jpeg\" alt=\"\" width=\"920\" height=\"614\" srcset=\"https:\/\/www.public.sn\/wp-content\/uploads\/2024\/09\/WhatsApp-Image-2024-09-04-at-09.24.19-5.jpeg 920w, https:\/\/www.public.sn\/wp-content\/uploads\/2024\/09\/WhatsApp-Image-2024-09-04-at-09.24.19-5-300x200.jpeg 300w, https:\/\/www.public.sn\/wp-content\/uploads\/2024\/09\/WhatsApp-Image-2024-09-04-at-09.24.19-5-768x513.jpeg 768w, https:\/\/www.public.sn\/wp-content\/uploads\/2024\/09\/WhatsApp-Image-2024-09-04-at-09.24.19-5-600x400.jpeg 600w\" sizes=\"(max-width: 920px) 100vw, 920px\" \/><\/p>\n<p><img loading=\"lazy\" decoding=\"async\" class=\"alignnone size-full wp-image-35162\" src=\"https:\/\/www.public.sn\/wp-content\/uploads\/2024\/09\/WhatsApp-Image-2024-09-04-at-09.24.19-4.jpeg\" alt=\"\" width=\"920\" height=\"614\" srcset=\"https:\/\/www.public.sn\/wp-content\/uploads\/2024\/09\/WhatsApp-Image-2024-09-04-at-09.24.19-4.jpeg 920w, https:\/\/www.public.sn\/wp-content\/uploads\/2024\/09\/WhatsApp-Image-2024-09-04-at-09.24.19-4-300x200.jpeg 300w, https:\/\/www.public.sn\/wp-content\/uploads\/2024\/09\/WhatsApp-Image-2024-09-04-at-09.24.19-4-768x513.jpeg 768w, https:\/\/www.public.sn\/wp-content\/uploads\/2024\/09\/WhatsApp-Image-2024-09-04-at-09.24.19-4-600x400.jpeg 600w\" sizes=\"(max-width: 920px) 100vw, 920px\" \/><\/p>\n<p><img loading=\"lazy\" decoding=\"async\" class=\"alignnone size-full wp-image-35163\" src=\"https:\/\/www.public.sn\/wp-content\/uploads\/2024\/09\/WhatsApp-Image-2024-09-04-at-09.24.19-3.jpeg\" alt=\"\" width=\"920\" height=\"614\" srcset=\"https:\/\/www.public.sn\/wp-content\/uploads\/2024\/09\/WhatsApp-Image-2024-09-04-at-09.24.19-3.jpeg 920w, https:\/\/www.public.sn\/wp-content\/uploads\/2024\/09\/WhatsApp-Image-2024-09-04-at-09.24.19-3-300x200.jpeg 300w, https:\/\/www.public.sn\/wp-content\/uploads\/2024\/09\/WhatsApp-Image-2024-09-04-at-09.24.19-3-768x513.jpeg 768w, https:\/\/www.public.sn\/wp-content\/uploads\/2024\/09\/WhatsApp-Image-2024-09-04-at-09.24.19-3-600x400.jpeg 600w\" sizes=\"(max-width: 920px) 100vw, 920px\" \/><\/p>\n<p><img loading=\"lazy\" decoding=\"async\" class=\"alignnone size-full wp-image-35164\" src=\"https:\/\/www.public.sn\/wp-content\/uploads\/2024\/09\/WhatsApp-Image-2024-09-04-at-09.24.19-2.jpeg\" alt=\"\" width=\"614\" height=\"920\" srcset=\"https:\/\/www.public.sn\/wp-content\/uploads\/2024\/09\/WhatsApp-Image-2024-09-04-at-09.24.19-2.jpeg 614w, https:\/\/www.public.sn\/wp-content\/uploads\/2024\/09\/WhatsApp-Image-2024-09-04-at-09.24.19-2-200x300.jpeg 200w, https:\/\/www.public.sn\/wp-content\/uploads\/2024\/09\/WhatsApp-Image-2024-09-04-at-09.24.19-2-600x899.jpeg 600w\" sizes=\"(max-width: 614px) 100vw, 614px\" \/><\/p>\n<p><img loading=\"lazy\" decoding=\"async\" class=\"alignnone size-full wp-image-35165\" src=\"https:\/\/www.public.sn\/wp-content\/uploads\/2024\/09\/WhatsApp-Image-2024-09-04-at-09.24.19-1.jpeg\" alt=\"\" width=\"920\" height=\"614\" srcset=\"https:\/\/www.public.sn\/wp-content\/uploads\/2024\/09\/WhatsApp-Image-2024-09-04-at-09.24.19-1.jpeg 920w, https:\/\/www.public.sn\/wp-content\/uploads\/2024\/09\/WhatsApp-Image-2024-09-04-at-09.24.19-1-300x200.jpeg 300w, https:\/\/www.public.sn\/wp-content\/uploads\/2024\/09\/WhatsApp-Image-2024-09-04-at-09.24.19-1-768x513.jpeg 768w, https:\/\/www.public.sn\/wp-content\/uploads\/2024\/09\/WhatsApp-Image-2024-09-04-at-09.24.19-1-600x400.jpeg 600w\" sizes=\"(max-width: 920px) 100vw, 920px\" \/><\/p>\n<p><img loading=\"lazy\" decoding=\"async\" class=\"alignnone size-full wp-image-35166\" src=\"https:\/\/www.public.sn\/wp-content\/uploads\/2024\/09\/WhatsApp-Image-2024-09-04-at-09.24.19.jpeg\" alt=\"\" width=\"920\" height=\"614\" srcset=\"https:\/\/www.public.sn\/wp-content\/uploads\/2024\/09\/WhatsApp-Image-2024-09-04-at-09.24.19.jpeg 920w, https:\/\/www.public.sn\/wp-content\/uploads\/2024\/09\/WhatsApp-Image-2024-09-04-at-09.24.19-300x200.jpeg 300w, https:\/\/www.public.sn\/wp-content\/uploads\/2024\/09\/WhatsApp-Image-2024-09-04-at-09.24.19-768x513.jpeg 768w, https:\/\/www.public.sn\/wp-content\/uploads\/2024\/09\/WhatsApp-Image-2024-09-04-at-09.24.19-600x400.jpeg 600w\" sizes=\"(max-width: 920px) 100vw, 920px\" \/><\/p>\n<p><img loading=\"lazy\" decoding=\"async\" class=\"alignnone size-full wp-image-35167\" src=\"https:\/\/www.public.sn\/wp-content\/uploads\/2024\/09\/WhatsApp-Image-2024-09-04-at-09.24.20-4.jpeg\" alt=\"\" width=\"920\" height=\"614\" srcset=\"https:\/\/www.public.sn\/wp-content\/uploads\/2024\/09\/WhatsApp-Image-2024-09-04-at-09.24.20-4.jpeg 920w, https:\/\/www.public.sn\/wp-content\/uploads\/2024\/09\/WhatsApp-Image-2024-09-04-at-09.24.20-4-300x200.jpeg 300w, https:\/\/www.public.sn\/wp-content\/uploads\/2024\/09\/WhatsApp-Image-2024-09-04-at-09.24.20-4-768x513.jpeg 768w, https:\/\/www.public.sn\/wp-content\/uploads\/2024\/09\/WhatsApp-Image-2024-09-04-at-09.24.20-4-600x400.jpeg 600w\" sizes=\"(max-width: 920px) 100vw, 920px\" \/><\/p>\n<p><img loading=\"lazy\" decoding=\"async\" class=\"alignnone size-full wp-image-35168\" src=\"https:\/\/www.public.sn\/wp-content\/uploads\/2024\/09\/WhatsApp-Image-2024-09-04-at-09.24.20-3.jpeg\" alt=\"\" width=\"920\" height=\"614\" srcset=\"https:\/\/www.public.sn\/wp-content\/uploads\/2024\/09\/WhatsApp-Image-2024-09-04-at-09.24.20-3.jpeg 920w, https:\/\/www.public.sn\/wp-content\/uploads\/2024\/09\/WhatsApp-Image-2024-09-04-at-09.24.20-3-300x200.jpeg 300w, https:\/\/www.public.sn\/wp-content\/uploads\/2024\/09\/WhatsApp-Image-2024-09-04-at-09.24.20-3-768x513.jpeg 768w, https:\/\/www.public.sn\/wp-content\/uploads\/2024\/09\/WhatsApp-Image-2024-09-04-at-09.24.20-3-600x400.jpeg 600w\" sizes=\"(max-width: 920px) 100vw, 920px\" \/><\/p>\n<p><img loading=\"lazy\" decoding=\"async\" class=\"alignnone size-full wp-image-35169\" src=\"https:\/\/www.public.sn\/wp-content\/uploads\/2024\/09\/WhatsApp-Image-2024-09-04-at-09.24.20-2.jpeg\" alt=\"\" width=\"920\" height=\"614\" srcset=\"https:\/\/www.public.sn\/wp-content\/uploads\/2024\/09\/WhatsApp-Image-2024-09-04-at-09.24.20-2.jpeg 920w, https:\/\/www.public.sn\/wp-content\/uploads\/2024\/09\/WhatsApp-Image-2024-09-04-at-09.24.20-2-300x200.jpeg 300w, https:\/\/www.public.sn\/wp-content\/uploads\/2024\/09\/WhatsApp-Image-2024-09-04-at-09.24.20-2-768x513.jpeg 768w, https:\/\/www.public.sn\/wp-content\/uploads\/2024\/09\/WhatsApp-Image-2024-09-04-at-09.24.20-2-600x400.jpeg 600w\" sizes=\"(max-width: 920px) 100vw, 920px\" \/><\/p>\n<p><img loading=\"lazy\" decoding=\"async\" class=\"alignnone size-full wp-image-35170\" src=\"https:\/\/www.public.sn\/wp-content\/uploads\/2024\/09\/WhatsApp-Image-2024-09-04-at-09.24.21.jpeg\" alt=\"\" width=\"920\" height=\"614\" srcset=\"https:\/\/www.public.sn\/wp-content\/uploads\/2024\/09\/WhatsApp-Image-2024-09-04-at-09.24.21.jpeg 920w, https:\/\/www.public.sn\/wp-content\/uploads\/2024\/09\/WhatsApp-Image-2024-09-04-at-09.24.21-300x200.jpeg 300w, https:\/\/www.public.sn\/wp-content\/uploads\/2024\/09\/WhatsApp-Image-2024-09-04-at-09.24.21-768x513.jpeg 768w, https:\/\/www.public.sn\/wp-content\/uploads\/2024\/09\/WhatsApp-Image-2024-09-04-at-09.24.21-600x400.jpeg 600w\" sizes=\"(max-width: 920px) 100vw, 920px\" \/><\/p>\n<div class=\"publi-apres-le-contenu\" style=\"margin-top: 10px;margin-bottom: 10px;margin-left: auto;margin-right: auto;text-align: center;\" id=\"publi-4063643784\"><div class=\"publi-adlabel\">Publicit\u00e9<\/div><script async src=\"\/\/pagead2.googlesyndication.com\/pagead\/js\/adsbygoogle.js?client=ca-pub-4089586018074219\" crossorigin=\"anonymous\"><\/script><ins class=\"adsbygoogle\" style=\"display:block;\" data-ad-client=\"ca-pub-4089586018074219\" \ndata-ad-slot=\"2087940154\" \ndata-ad-format=\"auto\"><\/ins>\n<script> \n(adsbygoogle = window.adsbygoogle || []).push({}); \n<\/script>\n<\/div>","protected":false},"excerpt":{"rendered":"<p>Les activit\u00e9s relatives \u00e0 la comm\u00e9moration du 198e anniversaire de la bataille de Safil\u00e8m, laquelle est marqu\u00e9e par la premi\u00e8re d\u00e9faite de l\u2019arm\u00e9e coloniale fran\u00e7aise en Afrique occidentale fran\u00e7aise (AOF), ont d\u00e9marr\u00e9 mardi \u00e0 Gandiol, a constat\u00e9 un reporter de l\u2019APS. Plusieurs d\u00e9l\u00e9gations venues notamment de la Gambie, de Gantour, de Dakar entre autres ont pris place aux environs de 12 heures au stade Gandiolais, lequel abrite la c\u00e9r\u00e9monie officielle. Des h\u00f4tesses v\u00eatues de tenues traditionnelles compos\u00e9es de plusieurs ethnies [Joola, S\u00e9r\u00e8res\u2026] ont \u00e9galement particip\u00e9 \u00e0 cette comm\u00e9moration. L\u2019anniversaire de la bataille de Safil\u00e8m, un hommage aux anc\u00eatres devant les blancs va se poursuivre jusqu\u2019\u00e0 demain (mercredi 4 septembre 2024). Des honneurs ont \u00e9t\u00e9 rendus par un d\u00e9tachement de l\u2019arm\u00e9e nationale \u00e0 la d\u00e9l\u00e9gation gouvernementale d\u00e8s leur arriv\u00e9e conduite entre autres par le directeur du CROUS de l\u2019Universit\u00e9 Gaston Berger de Saint-Louis, Babacar Diop. Peu avant le d\u00e9marrage de la c\u00e9r\u00e9monie protocolaire, l\u2019hymne national a \u00e9t\u00e9 ex\u00e9cut\u00e9 par le d\u00e9tachement de l\u2019arm\u00e9e nationale. L\u2019imam ratib de Mpal par ailleurs petit-fils de Mame Rawane Ngom, l\u2019honorable d\u00e9put\u00e9 Cheikh Seck repr\u00e9sentant du pr\u00e9sident de l\u2019Assembl\u00e9e nationale, le conservateur du parc de la Langue de Barbarie, le commandant de la gendarmerie nationale entre autres personnalit\u00e9s ont pris part \u00e0 cette c\u00e9r\u00e9monie. Dans son allocution au cours de la c\u00e9r\u00e9monie officielle, Idrissa Di\u00e8ye pr\u00e9sident de l\u2019association \u2018\u2019And Sam Cossanou Ganjool\u2019\u2019 est revenu sur l\u2019importance de cette victoire de la bataille Safil\u00e8m invitant \u00e9galement tous les natifs de Gandiol \u00e0 venir adh\u00e9rer et soutenir ladite association. Il a \u00e9galement rappel\u00e9 que les Gandiol-Gandiols ont jou\u00e9 un r\u00f4le important dans l\u2019histoire du S\u00e9n\u00e9gal. Le programme de cette comm\u00e9moration pr\u00e9voit \u00e9galement la projection de deux films consacr\u00e9s \u00e0 la bataille de Safil\u00e8m et \u00e0 l\u2019\u00e9migration irr\u00e9guli\u00e8re, selon un document du comit\u00e9 d\u2019organisation. Une communication sur le parc national de la Langue de Barbarie sera aussi pr\u00e9sent\u00e9e lors de la manifestation. Cette comm\u00e9moration est organis\u00e9e par l\u2019association \u2018\u2019And Sam Cossanou Ganjool\u2019\u2019, dont l\u2019ambition est de mieux faire conna\u00eetre le terroir du m\u00eame nom et son histoire, selon la m\u00eame source. L\u2019association \u2018\u2019And Sam Cossanou Ganjool\u2019\u2019 a \u00e9t\u00e9 cr\u00e9\u00e9e en 2023 lors d\u2019une assembl\u00e9e g\u00e9n\u00e9rale. Avec APS<\/p>\n","protected":false},"author":1,"featured_media":35163,"comment_status":"open","ping_status":"open","sticky":false,"template":"","format":"standard","meta":{"_jetpack_memberships_contains_paid_content":false,"footnotes":""},"categories":[375,878,1],"tags":[7379,7380],"class_list":["post-35158","post","type-post","status-publish","format-standard","has-post-thumbnail","hentry","category-actualites","category-religion","category-non-classe","tag-bataille-de-safilem","tag-gandiol","entry","has-media","owp-thumbs-layout-horizontal","owp-btn-normal","owp-tabs-layout-horizontal","has-no-thumbnails","has-product-nav"],"yoast_head":"<!-- This site is optimized with the Yoast SEO plugin v25.5 - https:\/\/yoast.com\/wordpress\/plugins\/seo\/ -->\n<title>Gandiol : d\u00e9marrage des activit\u00e9s du 198e anniversaire de la bataille de Safil\u00e8m - LE PUBLIC<\/title>\n<meta name=\"description\" content=\"Les activit\u00e9s relatives \u00e0 la comm\u00e9moration du 198e anniversaire de la bataille de Safil\u00e8m, laquelle est marqu\u00e9e par la premi\u00e8re d\u00e9faite de l\u2019arm\u00e9e coloniale fran\u00e7aise en Afrique occidentale fran\u00e7aise (AOF), ont d\u00e9marr\u00e9 mardi \u00e0 Gandiol, a constat\u00e9 un reporter de l\u2019APS.\" \/>\n<meta name=\"robots\" content=\"index, follow, max-snippet:-1, max-image-preview:large, max-video-preview:-1\" \/>\n<link rel=\"canonical\" href=\"https:\/\/www.public.sn\/index.php\/2024\/09\/04\/gandiol-demarrage-des-activites-du-198e-anniversaire-de-la-bataille-de-safilem\/\" \/>\n<meta property=\"og:locale\" content=\"fr_FR\" \/>\n<meta property=\"og:type\" content=\"article\" \/>\n<meta property=\"og:title\" content=\"Gandiol : d\u00e9marrage des activit\u00e9s du 198e anniversaire de la bataille de Safil\u00e8m - LE PUBLIC\" \/>\n<meta property=\"og:description\" content=\"Les activit\u00e9s relatives \u00e0 la comm\u00e9moration du 198e anniversaire de la bataille de Safil\u00e8m, laquelle est marqu\u00e9e par la premi\u00e8re d\u00e9faite de l\u2019arm\u00e9e coloniale fran\u00e7aise en Afrique occidentale fran\u00e7aise (AOF), ont d\u00e9marr\u00e9 mardi \u00e0 Gandiol, a constat\u00e9 un reporter de l\u2019APS.\" \/>\n<meta property=\"og:url\" content=\"https:\/\/www.public.sn\/index.php\/2024\/09\/04\/gandiol-demarrage-des-activites-du-198e-anniversaire-de-la-bataille-de-safilem\/\" \/>\n<meta property=\"og:site_name\" content=\"LE PUBLIC\" \/>\n<meta property=\"article:published_time\" content=\"2024-09-04T09:39:19+00:00\" \/>\n<meta property=\"og:image\" content=\"https:\/\/www.public.sn\/wp-content\/uploads\/2024\/09\/WhatsApp-Image-2024-09-04-at-09.24.19-3.jpeg\" \/>\n\t<meta property=\"og:image:width\" content=\"920\" \/>\n\t<meta property=\"og:image:height\" content=\"614\" \/>\n\t<meta property=\"og:image:type\" content=\"image\/jpeg\" \/>\n<meta name=\"author\" content=\"LA REDACTION\" \/>\n<meta name=\"twitter:card\" content=\"summary_large_image\" \/>\n<meta name=\"twitter:label1\" content=\"\u00c9crit par\" \/>\n\t<meta name=\"twitter:data1\" content=\"LA REDACTION\" \/>\n\t<meta name=\"twitter:label2\" content=\"Dur\u00e9e de lecture estim\u00e9e\" \/>\n\t<meta name=\"twitter:data2\" content=\"5 minutes\" \/>\n<script type=\"application\/ld+json\" class=\"yoast-schema-graph\">{\"@context\":\"https:\/\/schema.org\",\"@graph\":[{\"@type\":\"Article\",\"@id\":\"https:\/\/www.public.sn\/index.php\/2024\/09\/04\/gandiol-demarrage-des-activites-du-198e-anniversaire-de-la-bataille-de-safilem\/#article\",\"isPartOf\":{\"@id\":\"https:\/\/www.public.sn\/index.php\/2024\/09\/04\/gandiol-demarrage-des-activites-du-198e-anniversaire-de-la-bataille-de-safilem\/\"},\"author\":{\"name\":\"LA REDACTION\",\"@id\":\"https:\/\/www.public.sn\/#\/schema\/person\/e3f4a11b037d4203902db148f9bc8d5a\"},\"headline\":\"Gandiol : d\u00e9marrage des activit\u00e9s du 198e anniversaire de la bataille de Safil\u00e8m\",\"datePublished\":\"2024-09-04T09:39:19+00:00\",\"mainEntityOfPage\":{\"@id\":\"https:\/\/www.public.sn\/index.php\/2024\/09\/04\/gandiol-demarrage-des-activites-du-198e-anniversaire-de-la-bataille-de-safilem\/\"},\"wordCount\":447,\"commentCount\":0,\"publisher\":{\"@id\":\"https:\/\/www.public.sn\/#organization\"},\"image\":{\"@id\":\"https:\/\/www.public.sn\/index.php\/2024\/09\/04\/gandiol-demarrage-des-activites-du-198e-anniversaire-de-la-bataille-de-safilem\/#primaryimage\"},\"thumbnailUrl\":\"https:\/\/www.public.sn\/wp-content\/uploads\/2024\/09\/WhatsApp-Image-2024-09-04-at-09.24.19-3.jpeg\",\"keywords\":[\"bataille de Safil\u00e8m\",\"Gandiol\"],\"articleSection\":[\"ACTUALIT\u00c9S\",\"RELIGION\",\"S\u00c9N\u00c9GAL\"],\"inLanguage\":\"fr-FR\",\"potentialAction\":[{\"@type\":\"CommentAction\",\"name\":\"Comment\",\"target\":[\"https:\/\/www.public.sn\/index.php\/2024\/09\/04\/gandiol-demarrage-des-activites-du-198e-anniversaire-de-la-bataille-de-safilem\/#respond\"]}]},{\"@type\":\"WebPage\",\"@id\":\"https:\/\/www.public.sn\/index.php\/2024\/09\/04\/gandiol-demarrage-des-activites-du-198e-anniversaire-de-la-bataille-de-safilem\/\",\"url\":\"https:\/\/www.public.sn\/index.php\/2024\/09\/04\/gandiol-demarrage-des-activites-du-198e-anniversaire-de-la-bataille-de-safilem\/\",\"name\":\"Gandiol : d\u00e9marrage des activit\u00e9s du 198e anniversaire de la bataille de Safil\u00e8m - LE PUBLIC\",\"isPartOf\":{\"@id\":\"https:\/\/www.public.sn\/#website\"},\"primaryImageOfPage\":{\"@id\":\"https:\/\/www.public.sn\/index.php\/2024\/09\/04\/gandiol-demarrage-des-activites-du-198e-anniversaire-de-la-bataille-de-safilem\/#primaryimage\"},\"image\":{\"@id\":\"https:\/\/www.public.sn\/index.php\/2024\/09\/04\/gandiol-demarrage-des-activites-du-198e-anniversaire-de-la-bataille-de-safilem\/#primaryimage\"},\"thumbnailUrl\":\"https:\/\/www.public.sn\/wp-content\/uploads\/2024\/09\/WhatsApp-Image-2024-09-04-at-09.24.19-3.jpeg\",\"datePublished\":\"2024-09-04T09:39:19+00:00\",\"description\":\"Les activit\u00e9s relatives \u00e0 la comm\u00e9moration du 198e anniversaire de la bataille de Safil\u00e8m, laquelle est marqu\u00e9e par la premi\u00e8re d\u00e9faite de l\u2019arm\u00e9e coloniale fran\u00e7aise en Afrique occidentale fran\u00e7aise (AOF), ont d\u00e9marr\u00e9 mardi \u00e0 Gandiol, a constat\u00e9 un reporter de l\u2019APS.\",\"breadcrumb\":{\"@id\":\"https:\/\/www.public.sn\/index.php\/2024\/09\/04\/gandiol-demarrage-des-activites-du-198e-anniversaire-de-la-bataille-de-safilem\/#breadcrumb\"},\"inLanguage\":\"fr-FR\",\"potentialAction\":[{\"@type\":\"ReadAction\",\"target\":[\"https:\/\/www.public.sn\/index.php\/2024\/09\/04\/gandiol-demarrage-des-activites-du-198e-anniversaire-de-la-bataille-de-safilem\/\"]}]},{\"@type\":\"ImageObject\",\"inLanguage\":\"fr-FR\",\"@id\":\"https:\/\/www.public.sn\/index.php\/2024\/09\/04\/gandiol-demarrage-des-activites-du-198e-anniversaire-de-la-bataille-de-safilem\/#primaryimage\",\"url\":\"https:\/\/www.public.sn\/wp-content\/uploads\/2024\/09\/WhatsApp-Image-2024-09-04-at-09.24.19-3.jpeg\",\"contentUrl\":\"https:\/\/www.public.sn\/wp-content\/uploads\/2024\/09\/WhatsApp-Image-2024-09-04-at-09.24.19-3.jpeg\",\"width\":920,\"height\":614},{\"@type\":\"BreadcrumbList\",\"@id\":\"https:\/\/www.public.sn\/index.php\/2024\/09\/04\/gandiol-demarrage-des-activites-du-198e-anniversaire-de-la-bataille-de-safilem\/#breadcrumb\",\"itemListElement\":[{\"@type\":\"ListItem\",\"position\":1,\"name\":\"Accueil\",\"item\":\"https:\/\/www.public.sn\/\"},{\"@type\":\"ListItem\",\"position\":2,\"name\":\"Gandiol : d\u00e9marrage des activit\u00e9s du 198e anniversaire de la bataille de Safil\u00e8m\"}]},{\"@type\":\"WebSite\",\"@id\":\"https:\/\/www.public.sn\/#website\",\"url\":\"https:\/\/www.public.sn\/\",\"name\":\"LE PUBLIC\",\"description\":\"\",\"publisher\":{\"@id\":\"https:\/\/www.public.sn\/#organization\"},\"potentialAction\":[{\"@type\":\"SearchAction\",\"target\":{\"@type\":\"EntryPoint\",\"urlTemplate\":\"https:\/\/www.public.sn\/?s={search_term_string}\"},\"query-input\":{\"@type\":\"PropertyValueSpecification\",\"valueRequired\":true,\"valueName\":\"search_term_string\"}}],\"inLanguage\":\"fr-FR\"},{\"@type\":\"Organization\",\"@id\":\"https:\/\/www.public.sn\/#organization\",\"name\":\"LE PUBLIC\",\"url\":\"https:\/\/www.public.sn\/\",\"logo\":{\"@type\":\"ImageObject\",\"inLanguage\":\"fr-FR\",\"@id\":\"https:\/\/www.public.sn\/#\/schema\/logo\/image\/\",\"url\":\"https:\/\/www.public.sn\/wp-content\/uploads\/2024\/05\/cropped-LOGO-PUBLIC.SN_.png\",\"contentUrl\":\"https:\/\/www.public.sn\/wp-content\/uploads\/2024\/05\/cropped-LOGO-PUBLIC.SN_.png\",\"width\":682,\"height\":192,\"caption\":\"LE PUBLIC\"},\"image\":{\"@id\":\"https:\/\/www.public.sn\/#\/schema\/logo\/image\/\"}},{\"@type\":\"Person\",\"@id\":\"https:\/\/www.public.sn\/#\/schema\/person\/e3f4a11b037d4203902db148f9bc8d5a\",\"name\":\"LA REDACTION\",\"image\":{\"@type\":\"ImageObject\",\"inLanguage\":\"fr-FR\",\"@id\":\"https:\/\/www.public.sn\/#\/schema\/person\/image\/\",\"url\":\"https:\/\/secure.gravatar.com\/avatar\/d6c030db45db2883c075085c5d6c6258654a801a93766b49af0b82d4f454e2a5?s=96&d=mm&r=g\",\"contentUrl\":\"https:\/\/secure.gravatar.com\/avatar\/d6c030db45db2883c075085c5d6c6258654a801a93766b49af0b82d4f454e2a5?s=96&d=mm&r=g\",\"caption\":\"LA REDACTION\"},\"sameAs\":[\"http:\/\/www.public.sn\"],\"url\":\"https:\/\/www.public.sn\/index.php\/author\/admin7324\/\"}]}<\/script>\n<!-- \/ Yoast SEO plugin. -->","yoast_head_json":{"title":"Gandiol : d\u00e9marrage des activit\u00e9s du 198e anniversaire de la bataille de Safil\u00e8m - LE PUBLIC","description":"Les activit\u00e9s relatives \u00e0 la comm\u00e9moration du 198e anniversaire de la bataille de Safil\u00e8m, laquelle est marqu\u00e9e par la premi\u00e8re d\u00e9faite de l\u2019arm\u00e9e coloniale fran\u00e7aise en Afrique occidentale fran\u00e7aise (AOF), ont d\u00e9marr\u00e9 mardi \u00e0 Gandiol, a constat\u00e9 un reporter de l\u2019APS.","robots":{"index":"index","follow":"follow","max-snippet":"max-snippet:-1","max-image-preview":"max-image-preview:large","max-video-preview":"max-video-preview:-1"},"canonical":"https:\/\/www.public.sn\/index.php\/2024\/09\/04\/gandiol-demarrage-des-activites-du-198e-anniversaire-de-la-bataille-de-safilem\/","og_locale":"fr_FR","og_type":"article","og_title":"Gandiol : d\u00e9marrage des activit\u00e9s du 198e anniversaire de la bataille de Safil\u00e8m - LE PUBLIC","og_description":"Les activit\u00e9s relatives \u00e0 la comm\u00e9moration du 198e anniversaire de la bataille de Safil\u00e8m, laquelle est marqu\u00e9e par la premi\u00e8re d\u00e9faite de l\u2019arm\u00e9e coloniale fran\u00e7aise en Afrique occidentale fran\u00e7aise (AOF), ont d\u00e9marr\u00e9 mardi \u00e0 Gandiol, a constat\u00e9 un reporter de l\u2019APS.","og_url":"https:\/\/www.public.sn\/index.php\/2024\/09\/04\/gandiol-demarrage-des-activites-du-198e-anniversaire-de-la-bataille-de-safilem\/","og_site_name":"LE PUBLIC","article_published_time":"2024-09-04T09:39:19+00:00","og_image":[{"width":920,"height":614,"url":"https:\/\/www.public.sn\/wp-content\/uploads\/2024\/09\/WhatsApp-Image-2024-09-04-at-09.24.19-3.jpeg","type":"image\/jpeg"}],"author":"LA REDACTION","twitter_card":"summary_large_image","twitter_misc":{"\u00c9crit par":"LA REDACTION","Dur\u00e9e de lecture estim\u00e9e":"5 minutes"},"schema":{"@context":"https:\/\/schema.org","@graph":[{"@type":"Article","@id":"https:\/\/www.public.sn\/index.php\/2024\/09\/04\/gandiol-demarrage-des-activites-du-198e-anniversaire-de-la-bataille-de-safilem\/#article","isPartOf":{"@id":"https:\/\/www.public.sn\/index.php\/2024\/09\/04\/gandiol-demarrage-des-activites-du-198e-anniversaire-de-la-bataille-de-safilem\/"},"author":{"name":"LA REDACTION","@id":"https:\/\/www.public.sn\/#\/schema\/person\/e3f4a11b037d4203902db148f9bc8d5a"},"headline":"Gandiol : d\u00e9marrage des activit\u00e9s du 198e anniversaire de la bataille de Safil\u00e8m","datePublished":"2024-09-04T09:39:19+00:00","mainEntityOfPage":{"@id":"https:\/\/www.public.sn\/index.php\/2024\/09\/04\/gandiol-demarrage-des-activites-du-198e-anniversaire-de-la-bataille-de-safilem\/"},"wordCount":447,"commentCount":0,"publisher":{"@id":"https:\/\/www.public.sn\/#organization"},"image":{"@id":"https:\/\/www.public.sn\/index.php\/2024\/09\/04\/gandiol-demarrage-des-activites-du-198e-anniversaire-de-la-bataille-de-safilem\/#primaryimage"},"thumbnailUrl":"https:\/\/www.public.sn\/wp-content\/uploads\/2024\/09\/WhatsApp-Image-2024-09-04-at-09.24.19-3.jpeg","keywords":["bataille de Safil\u00e8m","Gandiol"],"articleSection":["ACTUALIT\u00c9S","RELIGION","S\u00c9N\u00c9GAL"],"inLanguage":"fr-FR","potentialAction":[{"@type":"CommentAction","name":"Comment","target":["https:\/\/www.public.sn\/index.php\/2024\/09\/04\/gandiol-demarrage-des-activites-du-198e-anniversaire-de-la-bataille-de-safilem\/#respond"]}]},{"@type":"WebPage","@id":"https:\/\/www.public.sn\/index.php\/2024\/09\/04\/gandiol-demarrage-des-activites-du-198e-anniversaire-de-la-bataille-de-safilem\/","url":"https:\/\/www.public.sn\/index.php\/2024\/09\/04\/gandiol-demarrage-des-activites-du-198e-anniversaire-de-la-bataille-de-safilem\/","name":"Gandiol : d\u00e9marrage des activit\u00e9s du 198e anniversaire de la bataille de Safil\u00e8m - LE PUBLIC","isPartOf":{"@id":"https:\/\/www.public.sn\/#website"},"primaryImageOfPage":{"@id":"https:\/\/www.public.sn\/index.php\/2024\/09\/04\/gandiol-demarrage-des-activites-du-198e-anniversaire-de-la-bataille-de-safilem\/#primaryimage"},"image":{"@id":"https:\/\/www.public.sn\/index.php\/2024\/09\/04\/gandiol-demarrage-des-activites-du-198e-anniversaire-de-la-bataille-de-safilem\/#primaryimage"},"thumbnailUrl":"https:\/\/www.public.sn\/wp-content\/uploads\/2024\/09\/WhatsApp-Image-2024-09-04-at-09.24.19-3.jpeg","datePublished":"2024-09-04T09:39:19+00:00","description":"Les activit\u00e9s relatives \u00e0 la comm\u00e9moration du 198e anniversaire de la bataille de Safil\u00e8m, laquelle est marqu\u00e9e par la premi\u00e8re d\u00e9faite de l\u2019arm\u00e9e coloniale fran\u00e7aise en Afrique occidentale fran\u00e7aise (AOF), ont d\u00e9marr\u00e9 mardi \u00e0 Gandiol, a constat\u00e9 un reporter de l\u2019APS.","breadcrumb":{"@id":"https:\/\/www.public.sn\/index.php\/2024\/09\/04\/gandiol-demarrage-des-activites-du-198e-anniversaire-de-la-bataille-de-safilem\/#breadcrumb"},"inLanguage":"fr-FR","potentialAction":[{"@type":"ReadAction","target":["https:\/\/www.public.sn\/index.php\/2024\/09\/04\/gandiol-demarrage-des-activites-du-198e-anniversaire-de-la-bataille-de-safilem\/"]}]},{"@type":"ImageObject","inLanguage":"fr-FR","@id":"https:\/\/www.public.sn\/index.php\/2024\/09\/04\/gandiol-demarrage-des-activites-du-198e-anniversaire-de-la-bataille-de-safilem\/#primaryimage","url":"https:\/\/www.public.sn\/wp-content\/uploads\/2024\/09\/WhatsApp-Image-2024-09-04-at-09.24.19-3.jpeg","contentUrl":"https:\/\/www.public.sn\/wp-content\/uploads\/2024\/09\/WhatsApp-Image-2024-09-04-at-09.24.19-3.jpeg","width":920,"height":614},{"@type":"BreadcrumbList","@id":"https:\/\/www.public.sn\/index.php\/2024\/09\/04\/gandiol-demarrage-des-activites-du-198e-anniversaire-de-la-bataille-de-safilem\/#breadcrumb","itemListElement":[{"@type":"ListItem","position":1,"name":"Accueil","item":"https:\/\/www.public.sn\/"},{"@type":"ListItem","position":2,"name":"Gandiol : d\u00e9marrage des activit\u00e9s du 198e anniversaire de la bataille de Safil\u00e8m"}]},{"@type":"WebSite","@id":"https:\/\/www.public.sn\/#website","url":"https:\/\/www.public.sn\/","name":"LE PUBLIC","description":"","publisher":{"@id":"https:\/\/www.public.sn\/#organization"},"potentialAction":[{"@type":"SearchAction","target":{"@type":"EntryPoint","urlTemplate":"https:\/\/www.public.sn\/?s={search_term_string}"},"query-input":{"@type":"PropertyValueSpecification","valueRequired":true,"valueName":"search_term_string"}}],"inLanguage":"fr-FR"},{"@type":"Organization","@id":"https:\/\/www.public.sn\/#organization","name":"LE PUBLIC","url":"https:\/\/www.public.sn\/","logo":{"@type":"ImageObject","inLanguage":"fr-FR","@id":"https:\/\/www.public.sn\/#\/schema\/logo\/image\/","url":"https:\/\/www.public.sn\/wp-content\/uploads\/2024\/05\/cropped-LOGO-PUBLIC.SN_.png","contentUrl":"https:\/\/www.public.sn\/wp-content\/uploads\/2024\/05\/cropped-LOGO-PUBLIC.SN_.png","width":682,"height":192,"caption":"LE PUBLIC"},"image":{"@id":"https:\/\/www.public.sn\/#\/schema\/logo\/image\/"}},{"@type":"Person","@id":"https:\/\/www.public.sn\/#\/schema\/person\/e3f4a11b037d4203902db148f9bc8d5a","name":"LA REDACTION","image":{"@type":"ImageObject","inLanguage":"fr-FR","@id":"https:\/\/www.public.sn\/#\/schema\/person\/image\/","url":"https:\/\/secure.gravatar.com\/avatar\/d6c030db45db2883c075085c5d6c6258654a801a93766b49af0b82d4f454e2a5?s=96&d=mm&r=g","contentUrl":"https:\/\/secure.gravatar.com\/avatar\/d6c030db45db2883c075085c5d6c6258654a801a93766b49af0b82d4f454e2a5?s=96&d=mm&r=g","caption":"LA REDACTION"},"sameAs":["http:\/\/www.public.sn"],"url":"https:\/\/www.public.sn\/index.php\/author\/admin7324\/"}]}},"jetpack_featured_media_url":"https:\/\/www.public.sn\/wp-content\/uploads\/2024\/09\/WhatsApp-Image-2024-09-04-at-09.24.19-3.jpeg","jetpack_sharing_enabled":true,"_links":{"self":[{"href":"https:\/\/www.public.sn\/index.php\/wp-json\/wp\/v2\/posts\/35158","targetHints":{"allow":["GET"]}}],"collection":[{"href":"https:\/\/www.public.sn\/index.php\/wp-json\/wp\/v2\/posts"}],"about":[{"href":"https:\/\/www.public.sn\/index.php\/wp-json\/wp\/v2\/types\/post"}],"author":[{"embeddable":true,"href":"https:\/\/www.public.sn\/index.php\/wp-json\/wp\/v2\/users\/1"}],"replies":[{"embeddable":true,"href":"https:\/\/www.public.sn\/index.php\/wp-json\/wp\/v2\/comments?post=35158"}],"version-history":[{"count":1,"href":"https:\/\/www.public.sn\/index.php\/wp-json\/wp\/v2\/posts\/35158\/revisions"}],"predecessor-version":[{"id":35171,"href":"https:\/\/www.public.sn\/index.php\/wp-json\/wp\/v2\/posts\/35158\/revisions\/35171"}],"wp:featuredmedia":[{"embeddable":true,"href":"https:\/\/www.public.sn\/index.php\/wp-json\/wp\/v2\/media\/35163"}],"wp:attachment":[{"href":"https:\/\/www.public.sn\/index.php\/wp-json\/wp\/v2\/media?parent=35158"}],"wp:term":[{"taxonomy":"category","embeddable":true,"href":"https:\/\/www.public.sn\/index.php\/wp-json\/wp\/v2\/categories?post=35158"},{"taxonomy":"post_tag","embeddable":true,"href":"https:\/\/www.public.sn\/index.php\/wp-json\/wp\/v2\/tags?post=35158"}],"curies":[{"name":"wp","href":"https:\/\/api.w.org\/{rel}","templated":true}]}}