{"id":35187,"date":"2024-09-08T21:22:53","date_gmt":"2024-09-08T21:22:53","guid":{"rendered":"https:\/\/www.public.sn\/?p=35187"},"modified":"2024-09-08T21:22:53","modified_gmt":"2024-09-08T21:22:53","slug":"insecurite-chomage-emigration-clandestine-lujtl-rappelle-au-president-diomaye-les-urgences","status":"publish","type":"post","link":"https:\/\/www.public.sn\/index.php\/2024\/09\/08\/insecurite-chomage-emigration-clandestine-lujtl-rappelle-au-president-diomaye-les-urgences\/","title":{"rendered":"INS\u00c9CURIT\u00c9, CHOMAGE, EMIGRATION CLANDESTINE : L&rsquo;UJTL rappelle au Pr\u00e9sident Diomaye les urgences"},"content":{"rendered":"<p><b>En Assembl\u00e9e g\u00e9n\u00e9rale samedi 07 ao\u00fbt 2024, la premi\u00e8re apr\u00e8s l\u2019\u00e9lection pr\u00e9sidentielle de mars dernier qui a vu l\u2019\u00e9lection du Pr\u00e9sident Bassirou Diomaye FAYE, l&rsquo;UJTL a dress\u00e9 une panoplie de dol\u00e9ances aux nouveaux gouvernants qui selon elle, constituent des urgences auxquelles, des solutions doivent \u00eatre prises au plus vite. L&rsquo;Union des jeunesses travaillistes et lib\u00e9rales (Ujtl) a rappel\u00e9 au tandem Diomaye Sonko de venir \u00e0 la rescousse des jeunes confront\u00e9s au ch\u00f4mage end\u00e9mique, \u00e0 l\u2019\u00e9migration irr\u00e9guli\u00e8re et \u00e0 l&rsquo;ins\u00e9curit\u00e9 dans tout le pays. Cette entit\u00e9 du PDS qui regroupe les jeunes a profit\u00e9 de l\u2019occasion pour appeler les jeunes du parti \u00e0 l&rsquo;union afin de pr\u00e9parer les \u00e9lections l\u00e9gislatives qui se profilent \u00e0 l&rsquo;horizon.<\/b><\/p><div class=\"publi-paragraphe1\" style=\"margin-top: 10px;margin-bottom: 10px;margin-left: auto;margin-right: auto;text-align: center;\" id=\"publi-987858671\"><div class=\"publi-adlabel\">Publicit\u00e9<\/div><script async src=\"\/\/pagead2.googlesyndication.com\/pagead\/js\/adsbygoogle.js?client=ca-pub-4089586018074219\" crossorigin=\"anonymous\"><\/script><ins class=\"adsbygoogle\" style=\"display:block;\" data-ad-client=\"ca-pub-4089586018074219\" \ndata-ad-slot=\"2087940154\" \ndata-ad-format=\"auto\"><\/ins>\n<script> \n(adsbygoogle = window.adsbygoogle || []).push({}); \n<\/script>\n<\/div>\n<p><span style=\"font-weight: 400;\">In extenso, l&rsquo;int\u00e9gralit\u00e9 de la d\u00e9claration de l&rsquo;UJTL<\/span><\/p>\n<p><span style=\"font-weight: 400;\">ASSEMBL\u00c9E G\u00c9N\u00c9RALE DE L\u2019UJTL DU 07 SEPTEMBRE 2024<\/span><\/p>\n<p><span style=\"font-weight: 400;\">DISCOURS DE L&rsquo;UJTL<\/span><\/p>\n<p><span style=\"font-weight: 400;\">C\u2019est un honneur pour moi de m\u2019adresser \u00e0 vous jeunes femmes et jeunes hommes, fid\u00e8les, engag\u00e9s et d\u00e9vou\u00e9s du parti d\u00e9mocratique s\u00e9n\u00e9galais.<\/span><\/p>\n<p><span style=\"font-weight: 400;\">Ma fiert\u00e9 est d\u2019autant plus grande que notre rencontre d\u2019aujourd\u2019hui est la premi\u00e8re qui se tient depuis l\u2019\u00e9lection pr\u00e9sidentielle de mars 2024 qui a vu l\u2019\u00e9lection du Pr\u00e9sident Bassirou Diomaye FAYE. Victoire \u00e0 laquelle les militantes, militants et sympathisants de notre parti ont brillamment contribu\u00e9 dans un \u00e9lan d&rsquo;unit\u00e9 et surtout de loyaut\u00e9 \u00e0 notre Secr\u00e9taire g\u00e9n\u00e9ral en charge des orientations, de la Strat\u00e9gie et de la modernisation du parti, notre candidat Karim Maissa Wade.<\/span><\/p>\n<p><span style=\"font-weight: 400;\">En effet, \u00e0 la suite de l\u2019injuste et arbitraire invalidation de la candidature de Karim WADE, nous n\u2019avions d\u2019autre option que celle d\u2019apporter un soutien \u00e0 un des candidats en lice. Le choix triomphant port\u00e9 sur le candidat Bassirou Diomaye FAYE t\u00e9moigne, s\u2019il en \u00e9tait encore besoin, du sens \u00e9lev\u00e9 de l\u2019Etat, et de la vision politique de notre fr\u00e8re candidat et Secr\u00e9taire G\u00e9n\u00e9ral Adjoint en charge de la Strat\u00e9gie.<\/span><\/p>\n<p><span style=\"font-weight: 400;\">Toutefois, il me pla\u00eet de rappeler, ici devant vous, au Pr\u00e9sident de la R\u00e9publique que notre soutien est m\u00fb par l\u2019int\u00e9r\u00eat sup\u00e9rieur de la nation et le bien-\u00eatre des s\u00e9n\u00e9galaises et des s\u00e9n\u00e9galais. En effet, notre parti reste une formation politique historique, constructive mais \u00f4 combien exigeante !<\/span><\/p>\n<p><span style=\"font-weight: 400;\">Nous jeunes de l\u2019UJTL, pour notre part, sous l\u2019autorit\u00e9 \u00e9clair\u00e9e de notre Secr\u00e9taire g\u00e9n\u00e9ral adjoint charg\u00e9 de la Strat\u00e9gie, fid\u00e8les aux valeurs du parti et \u00e0 son glorieux pass\u00e9, resterons les sentinelles vigilantes et r\u00e9publicaines pour le respect des engagements pris par le candidat Bassirou Diomaye FAYE devant la jeunesse s\u00e9n\u00e9galaise et qui lui ont valu, du reste, notre soutien d\u00e9cisif.<\/span><\/p>\n<p><span style=\"font-weight: 400;\">Mesdames et Messieurs,<\/span><\/p>\n<p><span style=\"font-weight: 400;\">Notre rencontre d\u2019aujourd\u2019hui, au-del\u00e0 de son caract\u00e8re convivial et chaleureux, doit \u00eatre l\u2019occasion d\u2019engager la r\u00e9flexion sur la place des jeunes dans la politique.<\/span><\/p>\n<p><span style=\"font-weight: 400;\">En effet, au S\u00e9n\u00e9gal, les jeunes constituent un poids d\u00e9mographique consid\u00e9rable. D\u2019apr\u00e8s les chiffres issus du pr\u00e9c\u00e9dent recensement de l\u2019Agence nationale de la Statistique et de la d\u00e9mographie (ANSD), les S\u00e9n\u00e9galais de moins de 35 ans repr\u00e9sentent 76 % de la population. Paradoxalement, la sph\u00e8re politique et particuli\u00e8rement les formations politiques demeurent sous le monopole de leaders et cadres situ\u00e9s dans la cat\u00e9gorie d\u2019\u00e2ge des seniors.<\/span><\/p>\n<p><span style=\"font-weight: 400;\">Ces options politiques des partis trouvent une de ses nombreuses origines dans la prise en charge incompl\u00e8te des difficult\u00e9s auxquelles les jeunes sont confront\u00e9s, particuli\u00e8rement le ch\u00f4mage.<\/span><\/p>\n<p><span style=\"font-weight: 400;\">C\u2019est pourquoi, nous lan\u00e7ons ici un appel au Pr\u00e9sident de la R\u00e9publique, au Gouvernement avec \u00e0 sa t\u00eate le Premier Ministre, Ousmane SONKO, pour qu\u2019aucun effort ne doit \u00eatre m\u00e9nag\u00e9 pour lutter contre le ch\u00f4mage end\u00e9mique des jeunes. Il est imp\u00e9ratif pour le r\u00e9gime de mettre en \u0153uvre des politiques structurelles p\u00e9rennes afin de les sortir des griffes mortif\u00e8res de la drogue, de la d\u00e9linquance et pour les \u00e9loigner de l\u2019attrait chim\u00e9rique et p\u00e9rilleux de l\u2018immigration clandestine.<\/span><\/p>\n<p><span style=\"font-weight: 400;\">Mesdames, Messieurs, chers fr\u00e8res et s\u0153urs<\/span><\/p>\n<p><span style=\"font-weight: 400;\">Je ne saurais terminer cette allocution sans vous exhorter \u00e0 plus d\u2019engagement, d\u2019unit\u00e9 et de discipline pour gagner les batailles politiques \u00e0 venir. Les \u00e9lections l\u00e9gislatives anticip\u00e9es qui se profilent \u00e0 l\u2019horizon doivent \u00eatre l\u2019occasion pour notre parti de mobiliser ses troupes afin de gagner le maximum de si\u00e8ges \u00e0 l\u2019Assembl\u00e9e nationale et peser de tout son poids dans les r\u00e9formes envisag\u00e9es par le nouveau r\u00e9gime.<\/span><\/p>\n<p><span style=\"font-weight: 400;\">Dans ce combat, nous jeunes de l\u2019UJTL, ne devons pas rester en rade. Militant de base, responsable de secteur, de section ou de f\u00e9d\u00e9ration, chacun en ce qui le concerne, dans une dynamique unitaire, devra toucher le maximum d\u2019\u00e9lecteurs pour les convaincre de voter en faveur des candidats que le PDS aura investis. Sur la base d\u2019une strat\u00e9gie coh\u00e9rente d\u00e9finie par l\u2019\u00e9tat-major du parti, nous battrons campagne \u00e0 travers des porte-\u00e0-porte, des meetings, des d\u00e9bats dans les m\u00e9dias traditionnels (radio, t\u00e9l\u00e9&#8230;) et surtout sur les r\u00e9seaux sociaux.<\/span><\/p>\n<p><span style=\"font-weight: 400;\">En cons\u00e9quence, nous r\u00e9clamons une forte pr\u00e9sence des membres de l\u2019UJTL sur la liste des candidats qui seront investis par le parti au plan national comme \u00e0 l\u2019\u00e9chelon d\u00e9partemental. Le taux de repr\u00e9sentativit\u00e9 des jeunes doit \u00eatre digne de leur d\u00e9vouement et de leurs sacrifices. Refusant de r\u00e9pondre aux appels du pied des autres formations politiques, nous sommes rest\u00e9s fid\u00e8les au parti et \u00e0 nos convictions. Cette loyaut\u00e9 m\u00e9rite aujourd\u2019hui d\u2019\u00eatre valoris\u00e9e !<\/span><\/p>\n<p><span style=\"font-weight: 400;\">Nous souhaitons \u00e9galement le retour au pays de notre cher camarade, M. Karim WADE, pour \u00eatre la t\u00eate de liste du PDS aux prochaines \u00e9lections l\u00e9gislatives. Sa participation active \u00e0 ces \u00e9lections, son exp\u00e9rience gouvernementale, son sens \u00e9lev\u00e9 des responsabilit\u00e9s, ses qualit\u00e9s de leader seront des atouts majeurs pour le triomphe du parti et de ses id\u00e9aux de Dignit\u00e9, de Justice et de Fraternit\u00e9.<\/span><\/p>\n<p><span style=\"font-weight: 400;\">Vive l\u2019UJTL, vive le parti d\u00e9mocratique s\u00e9n\u00e9galais et vive le S\u00e9n\u00e9gal.<\/span><\/p>\n<p><span style=\"font-weight: 400;\">Je vous remercie de votre aimable attention.<\/span><\/p>\n<p><span style=\"font-weight: 400;\">UJTL<\/span><\/p>\n<p>&nbsp;<\/p>\n<div class=\"publi-apres-le-contenu\" style=\"margin-top: 10px;margin-bottom: 10px;margin-left: auto;margin-right: auto;text-align: center;\" id=\"publi-1430947943\"><div class=\"publi-adlabel\">Publicit\u00e9<\/div><script async src=\"\/\/pagead2.googlesyndication.com\/pagead\/js\/adsbygoogle.js?client=ca-pub-4089586018074219\" crossorigin=\"anonymous\"><\/script><ins class=\"adsbygoogle\" style=\"display:block;\" data-ad-client=\"ca-pub-4089586018074219\" \ndata-ad-slot=\"2087940154\" \ndata-ad-format=\"auto\"><\/ins>\n<script> \n(adsbygoogle = window.adsbygoogle || []).push({}); \n<\/script>\n<\/div>","protected":false},"excerpt":{"rendered":"<p>En Assembl\u00e9e g\u00e9n\u00e9rale samedi 07 ao\u00fbt 2024, la premi\u00e8re apr\u00e8s l\u2019\u00e9lection pr\u00e9sidentielle de mars dernier qui a vu l\u2019\u00e9lection du Pr\u00e9sident Bassirou Diomaye FAYE, l&rsquo;UJTL a dress\u00e9 une panoplie de dol\u00e9ances aux nouveaux gouvernants qui selon elle, constituent des urgences auxquelles, des solutions doivent \u00eatre prises au plus vite. L&rsquo;Union des jeunesses travaillistes et lib\u00e9rales (Ujtl) a rappel\u00e9 au tandem Diomaye Sonko de venir \u00e0 la rescousse des jeunes confront\u00e9s au ch\u00f4mage end\u00e9mique, \u00e0 l\u2019\u00e9migration irr\u00e9guli\u00e8re et \u00e0 l&rsquo;ins\u00e9curit\u00e9 dans tout le pays. Cette entit\u00e9 du PDS qui regroupe les jeunes a profit\u00e9 de l\u2019occasion pour appeler les jeunes du parti \u00e0 l&rsquo;union afin de pr\u00e9parer les \u00e9lections l\u00e9gislatives qui se profilent \u00e0 l&rsquo;horizon. In extenso, l&rsquo;int\u00e9gralit\u00e9 de la d\u00e9claration de l&rsquo;UJTL ASSEMBL\u00c9E G\u00c9N\u00c9RALE DE L\u2019UJTL DU 07 SEPTEMBRE 2024 DISCOURS DE L&rsquo;UJTL C\u2019est un honneur pour moi de m\u2019adresser \u00e0 vous jeunes femmes et jeunes hommes, fid\u00e8les, engag\u00e9s et d\u00e9vou\u00e9s du parti d\u00e9mocratique s\u00e9n\u00e9galais. Ma fiert\u00e9 est d\u2019autant plus grande que notre rencontre d\u2019aujourd\u2019hui est la premi\u00e8re qui se tient depuis l\u2019\u00e9lection pr\u00e9sidentielle de mars 2024 qui a vu l\u2019\u00e9lection du Pr\u00e9sident Bassirou Diomaye FAYE. Victoire \u00e0 laquelle les militantes, militants et sympathisants de notre parti ont brillamment contribu\u00e9 dans un \u00e9lan d&rsquo;unit\u00e9 et surtout de loyaut\u00e9 \u00e0 notre Secr\u00e9taire g\u00e9n\u00e9ral en charge des orientations, de la Strat\u00e9gie et de la modernisation du parti, notre candidat Karim Maissa Wade. En effet, \u00e0 la suite de l\u2019injuste et arbitraire invalidation de la candidature de Karim WADE, nous n\u2019avions d\u2019autre option que celle d\u2019apporter un soutien \u00e0 un des candidats en lice. Le choix triomphant port\u00e9 sur le candidat Bassirou Diomaye FAYE t\u00e9moigne, s\u2019il en \u00e9tait encore besoin, du sens \u00e9lev\u00e9 de l\u2019Etat, et de la vision politique de notre fr\u00e8re candidat et Secr\u00e9taire G\u00e9n\u00e9ral Adjoint en charge de la Strat\u00e9gie. Toutefois, il me pla\u00eet de rappeler, ici devant vous, au Pr\u00e9sident de la R\u00e9publique que notre soutien est m\u00fb par l\u2019int\u00e9r\u00eat sup\u00e9rieur de la nation et le bien-\u00eatre des s\u00e9n\u00e9galaises et des s\u00e9n\u00e9galais. En effet, notre parti reste une formation politique historique, constructive mais \u00f4 combien exigeante ! Nous jeunes de l\u2019UJTL, pour notre part, sous l\u2019autorit\u00e9 \u00e9clair\u00e9e de notre Secr\u00e9taire g\u00e9n\u00e9ral adjoint charg\u00e9 de la Strat\u00e9gie, fid\u00e8les aux valeurs du parti et \u00e0 son glorieux pass\u00e9, resterons les sentinelles vigilantes et r\u00e9publicaines pour le respect des engagements pris par le candidat Bassirou Diomaye FAYE devant la jeunesse s\u00e9n\u00e9galaise et qui lui ont valu, du reste, notre soutien d\u00e9cisif. Mesdames et Messieurs, Notre rencontre d\u2019aujourd\u2019hui, au-del\u00e0 de son caract\u00e8re convivial et chaleureux, doit \u00eatre l\u2019occasion d\u2019engager la r\u00e9flexion sur la place des jeunes dans la politique. En effet, au S\u00e9n\u00e9gal, les jeunes constituent un poids d\u00e9mographique consid\u00e9rable. D\u2019apr\u00e8s les chiffres issus du pr\u00e9c\u00e9dent recensement de l\u2019Agence nationale de la Statistique et de la d\u00e9mographie (ANSD), les S\u00e9n\u00e9galais de moins de 35 ans repr\u00e9sentent 76 % de la population. Paradoxalement, la sph\u00e8re politique et particuli\u00e8rement les formations politiques demeurent sous le monopole de leaders et cadres situ\u00e9s dans la cat\u00e9gorie d\u2019\u00e2ge des seniors. Ces options politiques des partis trouvent une de ses nombreuses origines dans la prise en charge incompl\u00e8te des difficult\u00e9s auxquelles les jeunes sont confront\u00e9s, particuli\u00e8rement le ch\u00f4mage. C\u2019est pourquoi, nous lan\u00e7ons ici un appel au Pr\u00e9sident de la R\u00e9publique, au Gouvernement avec \u00e0 sa t\u00eate le Premier Ministre, Ousmane SONKO, pour qu\u2019aucun effort ne doit \u00eatre m\u00e9nag\u00e9 pour lutter contre le ch\u00f4mage end\u00e9mique des jeunes. Il est imp\u00e9ratif pour le r\u00e9gime de mettre en \u0153uvre des politiques structurelles p\u00e9rennes afin de les sortir des griffes mortif\u00e8res de la drogue, de la d\u00e9linquance et pour les \u00e9loigner de l\u2019attrait chim\u00e9rique et p\u00e9rilleux de l\u2018immigration clandestine. Mesdames, Messieurs, chers fr\u00e8res et s\u0153urs Je ne saurais terminer cette allocution sans vous exhorter \u00e0 plus d\u2019engagement, d\u2019unit\u00e9 et de discipline pour gagner les batailles politiques \u00e0 venir. Les \u00e9lections l\u00e9gislatives anticip\u00e9es qui se profilent \u00e0 l\u2019horizon doivent \u00eatre l\u2019occasion pour notre parti de mobiliser ses troupes afin de gagner le maximum de si\u00e8ges \u00e0 l\u2019Assembl\u00e9e nationale et peser de tout son poids dans les r\u00e9formes envisag\u00e9es par le nouveau r\u00e9gime. Dans ce combat, nous jeunes de l\u2019UJTL, ne devons pas rester en rade. Militant de base, responsable de secteur, de section ou de f\u00e9d\u00e9ration, chacun en ce qui le concerne, dans une dynamique unitaire, devra toucher le maximum d\u2019\u00e9lecteurs pour les convaincre de voter en faveur des candidats que le PDS aura investis. Sur la base d\u2019une strat\u00e9gie coh\u00e9rente d\u00e9finie par l\u2019\u00e9tat-major du parti, nous battrons campagne \u00e0 travers des porte-\u00e0-porte, des meetings, des d\u00e9bats dans les m\u00e9dias traditionnels (radio, t\u00e9l\u00e9&#8230;) et surtout sur les r\u00e9seaux sociaux. En cons\u00e9quence, nous r\u00e9clamons une forte pr\u00e9sence des membres de l\u2019UJTL sur la liste des candidats qui seront investis par le parti au plan national comme \u00e0 l\u2019\u00e9chelon d\u00e9partemental. Le taux de repr\u00e9sentativit\u00e9 des jeunes doit \u00eatre digne de leur d\u00e9vouement et de leurs sacrifices. Refusant de r\u00e9pondre aux appels du pied des autres formations politiques, nous sommes rest\u00e9s fid\u00e8les au parti et \u00e0 nos convictions. Cette loyaut\u00e9 m\u00e9rite aujourd\u2019hui d\u2019\u00eatre valoris\u00e9e ! Nous souhaitons \u00e9galement le retour au pays de notre cher camarade, M. Karim WADE, pour \u00eatre la t\u00eate de liste du PDS aux prochaines \u00e9lections l\u00e9gislatives. Sa participation active \u00e0 ces \u00e9lections, son exp\u00e9rience gouvernementale, son sens \u00e9lev\u00e9 des responsabilit\u00e9s, ses qualit\u00e9s de leader seront des atouts majeurs pour le triomphe du parti et de ses id\u00e9aux de Dignit\u00e9, de Justice et de Fraternit\u00e9. Vive l\u2019UJTL, vive le parti d\u00e9mocratique s\u00e9n\u00e9galais et vive le S\u00e9n\u00e9gal. Je vous remercie de votre aimable attention. UJTL &nbsp;<\/p>\n","protected":false},"author":1,"featured_media":35189,"comment_status":"open","ping_status":"open","sticky":false,"template":"","format":"standard","meta":{"_jetpack_memberships_contains_paid_content":false,"footnotes":""},"categories":[375,3,1],"tags":[],"class_list":["post-35187","post","type-post","status-publish","format-standard","has-post-thumbnail","hentry","category-actualites","category-politique","category-non-classe","entry","has-media","owp-thumbs-layout-horizontal","owp-btn-normal","owp-tabs-layout-horizontal","has-no-thumbnails","has-product-nav"],"yoast_head":"<!-- This site is optimized with the Yoast SEO plugin v25.5 - https:\/\/yoast.com\/wordpress\/plugins\/seo\/ -->\n<title>INS\u00c9CURIT\u00c9, CHOMAGE, EMIGRATION CLANDESTINE : L&#039;UJTL rappelle au Pr\u00e9sident Diomaye les urgences - LE PUBLIC<\/title>\n<meta name=\"robots\" content=\"index, follow, max-snippet:-1, max-image-preview:large, max-video-preview:-1\" \/>\n<link rel=\"canonical\" href=\"https:\/\/www.public.sn\/index.php\/2024\/09\/08\/insecurite-chomage-emigration-clandestine-lujtl-rappelle-au-president-diomaye-les-urgences\/\" \/>\n<meta property=\"og:locale\" content=\"fr_FR\" \/>\n<meta property=\"og:type\" content=\"article\" \/>\n<meta property=\"og:title\" content=\"INS\u00c9CURIT\u00c9, CHOMAGE, EMIGRATION CLANDESTINE : L&#039;UJTL rappelle au Pr\u00e9sident Diomaye les urgences - LE PUBLIC\" \/>\n<meta property=\"og:description\" content=\"En Assembl\u00e9e g\u00e9n\u00e9rale samedi 07 ao\u00fbt 2024, la premi\u00e8re apr\u00e8s l\u2019\u00e9lection pr\u00e9sidentielle de mars dernier qui a vu l\u2019\u00e9lection du Pr\u00e9sident Bassirou Diomaye FAYE, l&rsquo;UJTL a dress\u00e9 une panoplie de dol\u00e9ances aux nouveaux gouvernants qui selon elle, constituent des urgences auxquelles, des solutions doivent \u00eatre prises au plus vite. L&rsquo;Union des jeunesses travaillistes et lib\u00e9rales (Ujtl) a rappel\u00e9 au tandem Diomaye Sonko de venir \u00e0 la rescousse des jeunes confront\u00e9s au ch\u00f4mage end\u00e9mique, \u00e0 l\u2019\u00e9migration irr\u00e9guli\u00e8re et \u00e0 l&rsquo;ins\u00e9curit\u00e9 dans tout le pays. Cette entit\u00e9 du PDS qui regroupe les jeunes a profit\u00e9 de l\u2019occasion pour appeler les jeunes du parti \u00e0 l&rsquo;union afin de pr\u00e9parer les \u00e9lections l\u00e9gislatives qui se profilent \u00e0 l&rsquo;horizon. In extenso, l&rsquo;int\u00e9gralit\u00e9 de la d\u00e9claration de l&rsquo;UJTL ASSEMBL\u00c9E G\u00c9N\u00c9RALE DE L\u2019UJTL DU 07 SEPTEMBRE 2024 DISCOURS DE L&rsquo;UJTL C\u2019est un honneur pour moi de m\u2019adresser \u00e0 vous jeunes femmes et jeunes hommes, fid\u00e8les, engag\u00e9s et d\u00e9vou\u00e9s du parti d\u00e9mocratique s\u00e9n\u00e9galais. Ma fiert\u00e9 est d\u2019autant plus grande que notre rencontre d\u2019aujourd\u2019hui est la premi\u00e8re qui se tient depuis l\u2019\u00e9lection pr\u00e9sidentielle de mars 2024 qui a vu l\u2019\u00e9lection du Pr\u00e9sident Bassirou Diomaye FAYE. Victoire \u00e0 laquelle les militantes, militants et sympathisants de notre parti ont brillamment contribu\u00e9 dans un \u00e9lan d&rsquo;unit\u00e9 et surtout de loyaut\u00e9 \u00e0 notre Secr\u00e9taire g\u00e9n\u00e9ral en charge des orientations, de la Strat\u00e9gie et de la modernisation du parti, notre candidat Karim Maissa Wade. En effet, \u00e0 la suite de l\u2019injuste et arbitraire invalidation de la candidature de Karim WADE, nous n\u2019avions d\u2019autre option que celle d\u2019apporter un soutien \u00e0 un des candidats en lice. Le choix triomphant port\u00e9 sur le candidat Bassirou Diomaye FAYE t\u00e9moigne, s\u2019il en \u00e9tait encore besoin, du sens \u00e9lev\u00e9 de l\u2019Etat, et de la vision politique de notre fr\u00e8re candidat et Secr\u00e9taire G\u00e9n\u00e9ral Adjoint en charge de la Strat\u00e9gie. Toutefois, il me pla\u00eet de rappeler, ici devant vous, au Pr\u00e9sident de la R\u00e9publique que notre soutien est m\u00fb par l\u2019int\u00e9r\u00eat sup\u00e9rieur de la nation et le bien-\u00eatre des s\u00e9n\u00e9galaises et des s\u00e9n\u00e9galais. En effet, notre parti reste une formation politique historique, constructive mais \u00f4 combien exigeante ! Nous jeunes de l\u2019UJTL, pour notre part, sous l\u2019autorit\u00e9 \u00e9clair\u00e9e de notre Secr\u00e9taire g\u00e9n\u00e9ral adjoint charg\u00e9 de la Strat\u00e9gie, fid\u00e8les aux valeurs du parti et \u00e0 son glorieux pass\u00e9, resterons les sentinelles vigilantes et r\u00e9publicaines pour le respect des engagements pris par le candidat Bassirou Diomaye FAYE devant la jeunesse s\u00e9n\u00e9galaise et qui lui ont valu, du reste, notre soutien d\u00e9cisif. Mesdames et Messieurs, Notre rencontre d\u2019aujourd\u2019hui, au-del\u00e0 de son caract\u00e8re convivial et chaleureux, doit \u00eatre l\u2019occasion d\u2019engager la r\u00e9flexion sur la place des jeunes dans la politique. En effet, au S\u00e9n\u00e9gal, les jeunes constituent un poids d\u00e9mographique consid\u00e9rable. D\u2019apr\u00e8s les chiffres issus du pr\u00e9c\u00e9dent recensement de l\u2019Agence nationale de la Statistique et de la d\u00e9mographie (ANSD), les S\u00e9n\u00e9galais de moins de 35 ans repr\u00e9sentent 76 % de la population. Paradoxalement, la sph\u00e8re politique et particuli\u00e8rement les formations politiques demeurent sous le monopole de leaders et cadres situ\u00e9s dans la cat\u00e9gorie d\u2019\u00e2ge des seniors. Ces options politiques des partis trouvent une de ses nombreuses origines dans la prise en charge incompl\u00e8te des difficult\u00e9s auxquelles les jeunes sont confront\u00e9s, particuli\u00e8rement le ch\u00f4mage. C\u2019est pourquoi, nous lan\u00e7ons ici un appel au Pr\u00e9sident de la R\u00e9publique, au Gouvernement avec \u00e0 sa t\u00eate le Premier Ministre, Ousmane SONKO, pour qu\u2019aucun effort ne doit \u00eatre m\u00e9nag\u00e9 pour lutter contre le ch\u00f4mage end\u00e9mique des jeunes. Il est imp\u00e9ratif pour le r\u00e9gime de mettre en \u0153uvre des politiques structurelles p\u00e9rennes afin de les sortir des griffes mortif\u00e8res de la drogue, de la d\u00e9linquance et pour les \u00e9loigner de l\u2019attrait chim\u00e9rique et p\u00e9rilleux de l\u2018immigration clandestine. Mesdames, Messieurs, chers fr\u00e8res et s\u0153urs Je ne saurais terminer cette allocution sans vous exhorter \u00e0 plus d\u2019engagement, d\u2019unit\u00e9 et de discipline pour gagner les batailles politiques \u00e0 venir. Les \u00e9lections l\u00e9gislatives anticip\u00e9es qui se profilent \u00e0 l\u2019horizon doivent \u00eatre l\u2019occasion pour notre parti de mobiliser ses troupes afin de gagner le maximum de si\u00e8ges \u00e0 l\u2019Assembl\u00e9e nationale et peser de tout son poids dans les r\u00e9formes envisag\u00e9es par le nouveau r\u00e9gime. Dans ce combat, nous jeunes de l\u2019UJTL, ne devons pas rester en rade. Militant de base, responsable de secteur, de section ou de f\u00e9d\u00e9ration, chacun en ce qui le concerne, dans une dynamique unitaire, devra toucher le maximum d\u2019\u00e9lecteurs pour les convaincre de voter en faveur des candidats que le PDS aura investis. Sur la base d\u2019une strat\u00e9gie coh\u00e9rente d\u00e9finie par l\u2019\u00e9tat-major du parti, nous battrons campagne \u00e0 travers des porte-\u00e0-porte, des meetings, des d\u00e9bats dans les m\u00e9dias traditionnels (radio, t\u00e9l\u00e9&#8230;) et surtout sur les r\u00e9seaux sociaux. En cons\u00e9quence, nous r\u00e9clamons une forte pr\u00e9sence des membres de l\u2019UJTL sur la liste des candidats qui seront investis par le parti au plan national comme \u00e0 l\u2019\u00e9chelon d\u00e9partemental. Le taux de repr\u00e9sentativit\u00e9 des jeunes doit \u00eatre digne de leur d\u00e9vouement et de leurs sacrifices. Refusant de r\u00e9pondre aux appels du pied des autres formations politiques, nous sommes rest\u00e9s fid\u00e8les au parti et \u00e0 nos convictions. Cette loyaut\u00e9 m\u00e9rite aujourd\u2019hui d\u2019\u00eatre valoris\u00e9e ! Nous souhaitons \u00e9galement le retour au pays de notre cher camarade, M. Karim WADE, pour \u00eatre la t\u00eate de liste du PDS aux prochaines \u00e9lections l\u00e9gislatives. Sa participation active \u00e0 ces \u00e9lections, son exp\u00e9rience gouvernementale, son sens \u00e9lev\u00e9 des responsabilit\u00e9s, ses qualit\u00e9s de leader seront des atouts majeurs pour le triomphe du parti et de ses id\u00e9aux de Dignit\u00e9, de Justice et de Fraternit\u00e9. Vive l\u2019UJTL, vive le parti d\u00e9mocratique s\u00e9n\u00e9galais et vive le S\u00e9n\u00e9gal. Je vous remercie de votre aimable attention. UJTL &nbsp;\" \/>\n<meta property=\"og:url\" content=\"https:\/\/www.public.sn\/index.php\/2024\/09\/08\/insecurite-chomage-emigration-clandestine-lujtl-rappelle-au-president-diomaye-les-urgences\/\" \/>\n<meta property=\"og:site_name\" content=\"LE PUBLIC\" \/>\n<meta property=\"article:published_time\" content=\"2024-09-08T21:22:53+00:00\" \/>\n<meta property=\"og:image\" content=\"https:\/\/www.public.sn\/wp-content\/uploads\/2024\/09\/WhatsApp-Image-2024-09-08-at-19.38.02.jpeg\" \/>\n\t<meta property=\"og:image:width\" content=\"1067\" \/>\n\t<meta property=\"og:image:height\" content=\"598\" \/>\n\t<meta property=\"og:image:type\" content=\"image\/jpeg\" \/>\n<meta name=\"author\" content=\"LA REDACTION\" \/>\n<meta name=\"twitter:card\" content=\"summary_large_image\" \/>\n<meta name=\"twitter:label1\" content=\"\u00c9crit par\" \/>\n\t<meta name=\"twitter:data1\" content=\"LA REDACTION\" \/>\n\t<meta name=\"twitter:label2\" content=\"Dur\u00e9e de lecture estim\u00e9e\" \/>\n\t<meta name=\"twitter:data2\" content=\"5 minutes\" \/>\n<script type=\"application\/ld+json\" class=\"yoast-schema-graph\">{\"@context\":\"https:\/\/schema.org\",\"@graph\":[{\"@type\":\"Article\",\"@id\":\"https:\/\/www.public.sn\/index.php\/2024\/09\/08\/insecurite-chomage-emigration-clandestine-lujtl-rappelle-au-president-diomaye-les-urgences\/#article\",\"isPartOf\":{\"@id\":\"https:\/\/www.public.sn\/index.php\/2024\/09\/08\/insecurite-chomage-emigration-clandestine-lujtl-rappelle-au-president-diomaye-les-urgences\/\"},\"author\":{\"name\":\"LA REDACTION\",\"@id\":\"https:\/\/www.public.sn\/#\/schema\/person\/e3f4a11b037d4203902db148f9bc8d5a\"},\"headline\":\"INS\u00c9CURIT\u00c9, CHOMAGE, EMIGRATION CLANDESTINE : L&rsquo;UJTL rappelle au Pr\u00e9sident Diomaye les urgences\",\"datePublished\":\"2024-09-08T21:22:53+00:00\",\"mainEntityOfPage\":{\"@id\":\"https:\/\/www.public.sn\/index.php\/2024\/09\/08\/insecurite-chomage-emigration-clandestine-lujtl-rappelle-au-president-diomaye-les-urgences\/\"},\"wordCount\":1091,\"commentCount\":0,\"publisher\":{\"@id\":\"https:\/\/www.public.sn\/#organization\"},\"image\":{\"@id\":\"https:\/\/www.public.sn\/index.php\/2024\/09\/08\/insecurite-chomage-emigration-clandestine-lujtl-rappelle-au-president-diomaye-les-urgences\/#primaryimage\"},\"thumbnailUrl\":\"https:\/\/www.public.sn\/wp-content\/uploads\/2024\/09\/WhatsApp-Image-2024-09-08-at-19.38.02.jpeg\",\"articleSection\":[\"ACTUALIT\u00c9S\",\"POLITIQUE\",\"S\u00c9N\u00c9GAL\"],\"inLanguage\":\"fr-FR\",\"potentialAction\":[{\"@type\":\"CommentAction\",\"name\":\"Comment\",\"target\":[\"https:\/\/www.public.sn\/index.php\/2024\/09\/08\/insecurite-chomage-emigration-clandestine-lujtl-rappelle-au-president-diomaye-les-urgences\/#respond\"]}]},{\"@type\":\"WebPage\",\"@id\":\"https:\/\/www.public.sn\/index.php\/2024\/09\/08\/insecurite-chomage-emigration-clandestine-lujtl-rappelle-au-president-diomaye-les-urgences\/\",\"url\":\"https:\/\/www.public.sn\/index.php\/2024\/09\/08\/insecurite-chomage-emigration-clandestine-lujtl-rappelle-au-president-diomaye-les-urgences\/\",\"name\":\"INS\u00c9CURIT\u00c9, CHOMAGE, EMIGRATION CLANDESTINE : L'UJTL rappelle au Pr\u00e9sident Diomaye les urgences - LE PUBLIC\",\"isPartOf\":{\"@id\":\"https:\/\/www.public.sn\/#website\"},\"primaryImageOfPage\":{\"@id\":\"https:\/\/www.public.sn\/index.php\/2024\/09\/08\/insecurite-chomage-emigration-clandestine-lujtl-rappelle-au-president-diomaye-les-urgences\/#primaryimage\"},\"image\":{\"@id\":\"https:\/\/www.public.sn\/index.php\/2024\/09\/08\/insecurite-chomage-emigration-clandestine-lujtl-rappelle-au-president-diomaye-les-urgences\/#primaryimage\"},\"thumbnailUrl\":\"https:\/\/www.public.sn\/wp-content\/uploads\/2024\/09\/WhatsApp-Image-2024-09-08-at-19.38.02.jpeg\",\"datePublished\":\"2024-09-08T21:22:53+00:00\",\"breadcrumb\":{\"@id\":\"https:\/\/www.public.sn\/index.php\/2024\/09\/08\/insecurite-chomage-emigration-clandestine-lujtl-rappelle-au-president-diomaye-les-urgences\/#breadcrumb\"},\"inLanguage\":\"fr-FR\",\"potentialAction\":[{\"@type\":\"ReadAction\",\"target\":[\"https:\/\/www.public.sn\/index.php\/2024\/09\/08\/insecurite-chomage-emigration-clandestine-lujtl-rappelle-au-president-diomaye-les-urgences\/\"]}]},{\"@type\":\"ImageObject\",\"inLanguage\":\"fr-FR\",\"@id\":\"https:\/\/www.public.sn\/index.php\/2024\/09\/08\/insecurite-chomage-emigration-clandestine-lujtl-rappelle-au-president-diomaye-les-urgences\/#primaryimage\",\"url\":\"https:\/\/www.public.sn\/wp-content\/uploads\/2024\/09\/WhatsApp-Image-2024-09-08-at-19.38.02.jpeg\",\"contentUrl\":\"https:\/\/www.public.sn\/wp-content\/uploads\/2024\/09\/WhatsApp-Image-2024-09-08-at-19.38.02.jpeg\",\"width\":1067,\"height\":598},{\"@type\":\"BreadcrumbList\",\"@id\":\"https:\/\/www.public.sn\/index.php\/2024\/09\/08\/insecurite-chomage-emigration-clandestine-lujtl-rappelle-au-president-diomaye-les-urgences\/#breadcrumb\",\"itemListElement\":[{\"@type\":\"ListItem\",\"position\":1,\"name\":\"Accueil\",\"item\":\"https:\/\/www.public.sn\/\"},{\"@type\":\"ListItem\",\"position\":2,\"name\":\"INS\u00c9CURIT\u00c9, CHOMAGE, EMIGRATION CLANDESTINE : L&rsquo;UJTL rappelle au Pr\u00e9sident Diomaye les urgences\"}]},{\"@type\":\"WebSite\",\"@id\":\"https:\/\/www.public.sn\/#website\",\"url\":\"https:\/\/www.public.sn\/\",\"name\":\"LE PUBLIC\",\"description\":\"\",\"publisher\":{\"@id\":\"https:\/\/www.public.sn\/#organization\"},\"potentialAction\":[{\"@type\":\"SearchAction\",\"target\":{\"@type\":\"EntryPoint\",\"urlTemplate\":\"https:\/\/www.public.sn\/?s={search_term_string}\"},\"query-input\":{\"@type\":\"PropertyValueSpecification\",\"valueRequired\":true,\"valueName\":\"search_term_string\"}}],\"inLanguage\":\"fr-FR\"},{\"@type\":\"Organization\",\"@id\":\"https:\/\/www.public.sn\/#organization\",\"name\":\"LE PUBLIC\",\"url\":\"https:\/\/www.public.sn\/\",\"logo\":{\"@type\":\"ImageObject\",\"inLanguage\":\"fr-FR\",\"@id\":\"https:\/\/www.public.sn\/#\/schema\/logo\/image\/\",\"url\":\"https:\/\/www.public.sn\/wp-content\/uploads\/2024\/05\/cropped-LOGO-PUBLIC.SN_.png\",\"contentUrl\":\"https:\/\/www.public.sn\/wp-content\/uploads\/2024\/05\/cropped-LOGO-PUBLIC.SN_.png\",\"width\":682,\"height\":192,\"caption\":\"LE PUBLIC\"},\"image\":{\"@id\":\"https:\/\/www.public.sn\/#\/schema\/logo\/image\/\"}},{\"@type\":\"Person\",\"@id\":\"https:\/\/www.public.sn\/#\/schema\/person\/e3f4a11b037d4203902db148f9bc8d5a\",\"name\":\"LA REDACTION\",\"image\":{\"@type\":\"ImageObject\",\"inLanguage\":\"fr-FR\",\"@id\":\"https:\/\/www.public.sn\/#\/schema\/person\/image\/\",\"url\":\"https:\/\/secure.gravatar.com\/avatar\/d6c030db45db2883c075085c5d6c6258654a801a93766b49af0b82d4f454e2a5?s=96&d=mm&r=g\",\"contentUrl\":\"https:\/\/secure.gravatar.com\/avatar\/d6c030db45db2883c075085c5d6c6258654a801a93766b49af0b82d4f454e2a5?s=96&d=mm&r=g\",\"caption\":\"LA REDACTION\"},\"sameAs\":[\"http:\/\/www.public.sn\"],\"url\":\"https:\/\/www.public.sn\/index.php\/author\/admin7324\/\"}]}<\/script>\n<!-- \/ Yoast SEO plugin. -->","yoast_head_json":{"title":"INS\u00c9CURIT\u00c9, CHOMAGE, EMIGRATION CLANDESTINE : L'UJTL rappelle au Pr\u00e9sident Diomaye les urgences - LE PUBLIC","robots":{"index":"index","follow":"follow","max-snippet":"max-snippet:-1","max-image-preview":"max-image-preview:large","max-video-preview":"max-video-preview:-1"},"canonical":"https:\/\/www.public.sn\/index.php\/2024\/09\/08\/insecurite-chomage-emigration-clandestine-lujtl-rappelle-au-president-diomaye-les-urgences\/","og_locale":"fr_FR","og_type":"article","og_title":"INS\u00c9CURIT\u00c9, CHOMAGE, EMIGRATION CLANDESTINE : L'UJTL rappelle au Pr\u00e9sident Diomaye les urgences - LE PUBLIC","og_description":"En Assembl\u00e9e g\u00e9n\u00e9rale samedi 07 ao\u00fbt 2024, la premi\u00e8re apr\u00e8s l\u2019\u00e9lection pr\u00e9sidentielle de mars dernier qui a vu l\u2019\u00e9lection du Pr\u00e9sident Bassirou Diomaye FAYE, l&rsquo;UJTL a dress\u00e9 une panoplie de dol\u00e9ances aux nouveaux gouvernants qui selon elle, constituent des urgences auxquelles, des solutions doivent \u00eatre prises au plus vite. L&rsquo;Union des jeunesses travaillistes et lib\u00e9rales (Ujtl) a rappel\u00e9 au tandem Diomaye Sonko de venir \u00e0 la rescousse des jeunes confront\u00e9s au ch\u00f4mage end\u00e9mique, \u00e0 l\u2019\u00e9migration irr\u00e9guli\u00e8re et \u00e0 l&rsquo;ins\u00e9curit\u00e9 dans tout le pays. Cette entit\u00e9 du PDS qui regroupe les jeunes a profit\u00e9 de l\u2019occasion pour appeler les jeunes du parti \u00e0 l&rsquo;union afin de pr\u00e9parer les \u00e9lections l\u00e9gislatives qui se profilent \u00e0 l&rsquo;horizon. In extenso, l&rsquo;int\u00e9gralit\u00e9 de la d\u00e9claration de l&rsquo;UJTL ASSEMBL\u00c9E G\u00c9N\u00c9RALE DE L\u2019UJTL DU 07 SEPTEMBRE 2024 DISCOURS DE L&rsquo;UJTL C\u2019est un honneur pour moi de m\u2019adresser \u00e0 vous jeunes femmes et jeunes hommes, fid\u00e8les, engag\u00e9s et d\u00e9vou\u00e9s du parti d\u00e9mocratique s\u00e9n\u00e9galais. Ma fiert\u00e9 est d\u2019autant plus grande que notre rencontre d\u2019aujourd\u2019hui est la premi\u00e8re qui se tient depuis l\u2019\u00e9lection pr\u00e9sidentielle de mars 2024 qui a vu l\u2019\u00e9lection du Pr\u00e9sident Bassirou Diomaye FAYE. Victoire \u00e0 laquelle les militantes, militants et sympathisants de notre parti ont brillamment contribu\u00e9 dans un \u00e9lan d&rsquo;unit\u00e9 et surtout de loyaut\u00e9 \u00e0 notre Secr\u00e9taire g\u00e9n\u00e9ral en charge des orientations, de la Strat\u00e9gie et de la modernisation du parti, notre candidat Karim Maissa Wade. En effet, \u00e0 la suite de l\u2019injuste et arbitraire invalidation de la candidature de Karim WADE, nous n\u2019avions d\u2019autre option que celle d\u2019apporter un soutien \u00e0 un des candidats en lice. Le choix triomphant port\u00e9 sur le candidat Bassirou Diomaye FAYE t\u00e9moigne, s\u2019il en \u00e9tait encore besoin, du sens \u00e9lev\u00e9 de l\u2019Etat, et de la vision politique de notre fr\u00e8re candidat et Secr\u00e9taire G\u00e9n\u00e9ral Adjoint en charge de la Strat\u00e9gie. Toutefois, il me pla\u00eet de rappeler, ici devant vous, au Pr\u00e9sident de la R\u00e9publique que notre soutien est m\u00fb par l\u2019int\u00e9r\u00eat sup\u00e9rieur de la nation et le bien-\u00eatre des s\u00e9n\u00e9galaises et des s\u00e9n\u00e9galais. En effet, notre parti reste une formation politique historique, constructive mais \u00f4 combien exigeante ! Nous jeunes de l\u2019UJTL, pour notre part, sous l\u2019autorit\u00e9 \u00e9clair\u00e9e de notre Secr\u00e9taire g\u00e9n\u00e9ral adjoint charg\u00e9 de la Strat\u00e9gie, fid\u00e8les aux valeurs du parti et \u00e0 son glorieux pass\u00e9, resterons les sentinelles vigilantes et r\u00e9publicaines pour le respect des engagements pris par le candidat Bassirou Diomaye FAYE devant la jeunesse s\u00e9n\u00e9galaise et qui lui ont valu, du reste, notre soutien d\u00e9cisif. Mesdames et Messieurs, Notre rencontre d\u2019aujourd\u2019hui, au-del\u00e0 de son caract\u00e8re convivial et chaleureux, doit \u00eatre l\u2019occasion d\u2019engager la r\u00e9flexion sur la place des jeunes dans la politique. En effet, au S\u00e9n\u00e9gal, les jeunes constituent un poids d\u00e9mographique consid\u00e9rable. D\u2019apr\u00e8s les chiffres issus du pr\u00e9c\u00e9dent recensement de l\u2019Agence nationale de la Statistique et de la d\u00e9mographie (ANSD), les S\u00e9n\u00e9galais de moins de 35 ans repr\u00e9sentent 76 % de la population. Paradoxalement, la sph\u00e8re politique et particuli\u00e8rement les formations politiques demeurent sous le monopole de leaders et cadres situ\u00e9s dans la cat\u00e9gorie d\u2019\u00e2ge des seniors. Ces options politiques des partis trouvent une de ses nombreuses origines dans la prise en charge incompl\u00e8te des difficult\u00e9s auxquelles les jeunes sont confront\u00e9s, particuli\u00e8rement le ch\u00f4mage. C\u2019est pourquoi, nous lan\u00e7ons ici un appel au Pr\u00e9sident de la R\u00e9publique, au Gouvernement avec \u00e0 sa t\u00eate le Premier Ministre, Ousmane SONKO, pour qu\u2019aucun effort ne doit \u00eatre m\u00e9nag\u00e9 pour lutter contre le ch\u00f4mage end\u00e9mique des jeunes. Il est imp\u00e9ratif pour le r\u00e9gime de mettre en \u0153uvre des politiques structurelles p\u00e9rennes afin de les sortir des griffes mortif\u00e8res de la drogue, de la d\u00e9linquance et pour les \u00e9loigner de l\u2019attrait chim\u00e9rique et p\u00e9rilleux de l\u2018immigration clandestine. Mesdames, Messieurs, chers fr\u00e8res et s\u0153urs Je ne saurais terminer cette allocution sans vous exhorter \u00e0 plus d\u2019engagement, d\u2019unit\u00e9 et de discipline pour gagner les batailles politiques \u00e0 venir. Les \u00e9lections l\u00e9gislatives anticip\u00e9es qui se profilent \u00e0 l\u2019horizon doivent \u00eatre l\u2019occasion pour notre parti de mobiliser ses troupes afin de gagner le maximum de si\u00e8ges \u00e0 l\u2019Assembl\u00e9e nationale et peser de tout son poids dans les r\u00e9formes envisag\u00e9es par le nouveau r\u00e9gime. Dans ce combat, nous jeunes de l\u2019UJTL, ne devons pas rester en rade. Militant de base, responsable de secteur, de section ou de f\u00e9d\u00e9ration, chacun en ce qui le concerne, dans une dynamique unitaire, devra toucher le maximum d\u2019\u00e9lecteurs pour les convaincre de voter en faveur des candidats que le PDS aura investis. Sur la base d\u2019une strat\u00e9gie coh\u00e9rente d\u00e9finie par l\u2019\u00e9tat-major du parti, nous battrons campagne \u00e0 travers des porte-\u00e0-porte, des meetings, des d\u00e9bats dans les m\u00e9dias traditionnels (radio, t\u00e9l\u00e9&#8230;) et surtout sur les r\u00e9seaux sociaux. En cons\u00e9quence, nous r\u00e9clamons une forte pr\u00e9sence des membres de l\u2019UJTL sur la liste des candidats qui seront investis par le parti au plan national comme \u00e0 l\u2019\u00e9chelon d\u00e9partemental. Le taux de repr\u00e9sentativit\u00e9 des jeunes doit \u00eatre digne de leur d\u00e9vouement et de leurs sacrifices. Refusant de r\u00e9pondre aux appels du pied des autres formations politiques, nous sommes rest\u00e9s fid\u00e8les au parti et \u00e0 nos convictions. Cette loyaut\u00e9 m\u00e9rite aujourd\u2019hui d\u2019\u00eatre valoris\u00e9e ! Nous souhaitons \u00e9galement le retour au pays de notre cher camarade, M. Karim WADE, pour \u00eatre la t\u00eate de liste du PDS aux prochaines \u00e9lections l\u00e9gislatives. Sa participation active \u00e0 ces \u00e9lections, son exp\u00e9rience gouvernementale, son sens \u00e9lev\u00e9 des responsabilit\u00e9s, ses qualit\u00e9s de leader seront des atouts majeurs pour le triomphe du parti et de ses id\u00e9aux de Dignit\u00e9, de Justice et de Fraternit\u00e9. Vive l\u2019UJTL, vive le parti d\u00e9mocratique s\u00e9n\u00e9galais et vive le S\u00e9n\u00e9gal. Je vous remercie de votre aimable attention. UJTL &nbsp;","og_url":"https:\/\/www.public.sn\/index.php\/2024\/09\/08\/insecurite-chomage-emigration-clandestine-lujtl-rappelle-au-president-diomaye-les-urgences\/","og_site_name":"LE PUBLIC","article_published_time":"2024-09-08T21:22:53+00:00","og_image":[{"width":1067,"height":598,"url":"https:\/\/www.public.sn\/wp-content\/uploads\/2024\/09\/WhatsApp-Image-2024-09-08-at-19.38.02.jpeg","type":"image\/jpeg"}],"author":"LA REDACTION","twitter_card":"summary_large_image","twitter_misc":{"\u00c9crit par":"LA REDACTION","Dur\u00e9e de lecture estim\u00e9e":"5 minutes"},"schema":{"@context":"https:\/\/schema.org","@graph":[{"@type":"Article","@id":"https:\/\/www.public.sn\/index.php\/2024\/09\/08\/insecurite-chomage-emigration-clandestine-lujtl-rappelle-au-president-diomaye-les-urgences\/#article","isPartOf":{"@id":"https:\/\/www.public.sn\/index.php\/2024\/09\/08\/insecurite-chomage-emigration-clandestine-lujtl-rappelle-au-president-diomaye-les-urgences\/"},"author":{"name":"LA REDACTION","@id":"https:\/\/www.public.sn\/#\/schema\/person\/e3f4a11b037d4203902db148f9bc8d5a"},"headline":"INS\u00c9CURIT\u00c9, CHOMAGE, EMIGRATION CLANDESTINE : L&rsquo;UJTL rappelle au Pr\u00e9sident Diomaye les urgences","datePublished":"2024-09-08T21:22:53+00:00","mainEntityOfPage":{"@id":"https:\/\/www.public.sn\/index.php\/2024\/09\/08\/insecurite-chomage-emigration-clandestine-lujtl-rappelle-au-president-diomaye-les-urgences\/"},"wordCount":1091,"commentCount":0,"publisher":{"@id":"https:\/\/www.public.sn\/#organization"},"image":{"@id":"https:\/\/www.public.sn\/index.php\/2024\/09\/08\/insecurite-chomage-emigration-clandestine-lujtl-rappelle-au-president-diomaye-les-urgences\/#primaryimage"},"thumbnailUrl":"https:\/\/www.public.sn\/wp-content\/uploads\/2024\/09\/WhatsApp-Image-2024-09-08-at-19.38.02.jpeg","articleSection":["ACTUALIT\u00c9S","POLITIQUE","S\u00c9N\u00c9GAL"],"inLanguage":"fr-FR","potentialAction":[{"@type":"CommentAction","name":"Comment","target":["https:\/\/www.public.sn\/index.php\/2024\/09\/08\/insecurite-chomage-emigration-clandestine-lujtl-rappelle-au-president-diomaye-les-urgences\/#respond"]}]},{"@type":"WebPage","@id":"https:\/\/www.public.sn\/index.php\/2024\/09\/08\/insecurite-chomage-emigration-clandestine-lujtl-rappelle-au-president-diomaye-les-urgences\/","url":"https:\/\/www.public.sn\/index.php\/2024\/09\/08\/insecurite-chomage-emigration-clandestine-lujtl-rappelle-au-president-diomaye-les-urgences\/","name":"INS\u00c9CURIT\u00c9, CHOMAGE, EMIGRATION CLANDESTINE : L'UJTL rappelle au Pr\u00e9sident Diomaye les urgences - LE PUBLIC","isPartOf":{"@id":"https:\/\/www.public.sn\/#website"},"primaryImageOfPage":{"@id":"https:\/\/www.public.sn\/index.php\/2024\/09\/08\/insecurite-chomage-emigration-clandestine-lujtl-rappelle-au-president-diomaye-les-urgences\/#primaryimage"},"image":{"@id":"https:\/\/www.public.sn\/index.php\/2024\/09\/08\/insecurite-chomage-emigration-clandestine-lujtl-rappelle-au-president-diomaye-les-urgences\/#primaryimage"},"thumbnailUrl":"https:\/\/www.public.sn\/wp-content\/uploads\/2024\/09\/WhatsApp-Image-2024-09-08-at-19.38.02.jpeg","datePublished":"2024-09-08T21:22:53+00:00","breadcrumb":{"@id":"https:\/\/www.public.sn\/index.php\/2024\/09\/08\/insecurite-chomage-emigration-clandestine-lujtl-rappelle-au-president-diomaye-les-urgences\/#breadcrumb"},"inLanguage":"fr-FR","potentialAction":[{"@type":"ReadAction","target":["https:\/\/www.public.sn\/index.php\/2024\/09\/08\/insecurite-chomage-emigration-clandestine-lujtl-rappelle-au-president-diomaye-les-urgences\/"]}]},{"@type":"ImageObject","inLanguage":"fr-FR","@id":"https:\/\/www.public.sn\/index.php\/2024\/09\/08\/insecurite-chomage-emigration-clandestine-lujtl-rappelle-au-president-diomaye-les-urgences\/#primaryimage","url":"https:\/\/www.public.sn\/wp-content\/uploads\/2024\/09\/WhatsApp-Image-2024-09-08-at-19.38.02.jpeg","contentUrl":"https:\/\/www.public.sn\/wp-content\/uploads\/2024\/09\/WhatsApp-Image-2024-09-08-at-19.38.02.jpeg","width":1067,"height":598},{"@type":"BreadcrumbList","@id":"https:\/\/www.public.sn\/index.php\/2024\/09\/08\/insecurite-chomage-emigration-clandestine-lujtl-rappelle-au-president-diomaye-les-urgences\/#breadcrumb","itemListElement":[{"@type":"ListItem","position":1,"name":"Accueil","item":"https:\/\/www.public.sn\/"},{"@type":"ListItem","position":2,"name":"INS\u00c9CURIT\u00c9, CHOMAGE, EMIGRATION CLANDESTINE : L&rsquo;UJTL rappelle au Pr\u00e9sident Diomaye les urgences"}]},{"@type":"WebSite","@id":"https:\/\/www.public.sn\/#website","url":"https:\/\/www.public.sn\/","name":"LE PUBLIC","description":"","publisher":{"@id":"https:\/\/www.public.sn\/#organization"},"potentialAction":[{"@type":"SearchAction","target":{"@type":"EntryPoint","urlTemplate":"https:\/\/www.public.sn\/?s={search_term_string}"},"query-input":{"@type":"PropertyValueSpecification","valueRequired":true,"valueName":"search_term_string"}}],"inLanguage":"fr-FR"},{"@type":"Organization","@id":"https:\/\/www.public.sn\/#organization","name":"LE PUBLIC","url":"https:\/\/www.public.sn\/","logo":{"@type":"ImageObject","inLanguage":"fr-FR","@id":"https:\/\/www.public.sn\/#\/schema\/logo\/image\/","url":"https:\/\/www.public.sn\/wp-content\/uploads\/2024\/05\/cropped-LOGO-PUBLIC.SN_.png","contentUrl":"https:\/\/www.public.sn\/wp-content\/uploads\/2024\/05\/cropped-LOGO-PUBLIC.SN_.png","width":682,"height":192,"caption":"LE PUBLIC"},"image":{"@id":"https:\/\/www.public.sn\/#\/schema\/logo\/image\/"}},{"@type":"Person","@id":"https:\/\/www.public.sn\/#\/schema\/person\/e3f4a11b037d4203902db148f9bc8d5a","name":"LA REDACTION","image":{"@type":"ImageObject","inLanguage":"fr-FR","@id":"https:\/\/www.public.sn\/#\/schema\/person\/image\/","url":"https:\/\/secure.gravatar.com\/avatar\/d6c030db45db2883c075085c5d6c6258654a801a93766b49af0b82d4f454e2a5?s=96&d=mm&r=g","contentUrl":"https:\/\/secure.gravatar.com\/avatar\/d6c030db45db2883c075085c5d6c6258654a801a93766b49af0b82d4f454e2a5?s=96&d=mm&r=g","caption":"LA REDACTION"},"sameAs":["http:\/\/www.public.sn"],"url":"https:\/\/www.public.sn\/index.php\/author\/admin7324\/"}]}},"jetpack_featured_media_url":"https:\/\/www.public.sn\/wp-content\/uploads\/2024\/09\/WhatsApp-Image-2024-09-08-at-19.38.02.jpeg","jetpack_sharing_enabled":true,"_links":{"self":[{"href":"https:\/\/www.public.sn\/index.php\/wp-json\/wp\/v2\/posts\/35187","targetHints":{"allow":["GET"]}}],"collection":[{"href":"https:\/\/www.public.sn\/index.php\/wp-json\/wp\/v2\/posts"}],"about":[{"href":"https:\/\/www.public.sn\/index.php\/wp-json\/wp\/v2\/types\/post"}],"author":[{"embeddable":true,"href":"https:\/\/www.public.sn\/index.php\/wp-json\/wp\/v2\/users\/1"}],"replies":[{"embeddable":true,"href":"https:\/\/www.public.sn\/index.php\/wp-json\/wp\/v2\/comments?post=35187"}],"version-history":[{"count":3,"href":"https:\/\/www.public.sn\/index.php\/wp-json\/wp\/v2\/posts\/35187\/revisions"}],"predecessor-version":[{"id":35191,"href":"https:\/\/www.public.sn\/index.php\/wp-json\/wp\/v2\/posts\/35187\/revisions\/35191"}],"wp:featuredmedia":[{"embeddable":true,"href":"https:\/\/www.public.sn\/index.php\/wp-json\/wp\/v2\/media\/35189"}],"wp:attachment":[{"href":"https:\/\/www.public.sn\/index.php\/wp-json\/wp\/v2\/media?parent=35187"}],"wp:term":[{"taxonomy":"category","embeddable":true,"href":"https:\/\/www.public.sn\/index.php\/wp-json\/wp\/v2\/categories?post=35187"},{"taxonomy":"post_tag","embeddable":true,"href":"https:\/\/www.public.sn\/index.php\/wp-json\/wp\/v2\/tags?post=35187"}],"curies":[{"name":"wp","href":"https:\/\/api.w.org\/{rel}","templated":true}]}}