{"id":35506,"date":"2024-10-21T17:05:40","date_gmt":"2024-10-21T17:05:40","guid":{"rendered":"https:\/\/www.public.sn\/?p=35506"},"modified":"2024-10-21T17:05:40","modified_gmt":"2024-10-21T17:05:40","slug":"35506","status":"publish","type":"post","link":"https:\/\/www.public.sn\/index.php\/2024\/10\/21\/35506\/","title":{"rendered":""},"content":{"rendered":"<div class=\"texte\">\n<div class=\"access firstletter\">uite \u00e0 la demande de libert\u00e9 provisoire d\u00e9pos\u00e9e par Me Sally Mamadou Thiam, Amath Suzanne Camara a \u00e9t\u00e9 lib\u00e9r\u00e9 ce lundi par le juge du 3e cabinet. Le membre du R\u00e9seau des enseignants de l&rsquo;Alliance pour la R\u00e9publique, Amath Suzanne Camara, a \u00e9t\u00e9 interpell\u00e9 au mois de juillet par la S\u00fbret\u00e9 urbaine (SU) de Dakar. Son arrestation fait suite \u00e0 un soi transmis du parquet apr\u00e8s une \u00e9mission \u00e0 laquelle il \u00e9tait invit\u00e9 la veille. Le responsable de l&rsquo;APR a avanc\u00e9 des propos envers le Pr\u00e9sident de la R\u00e9publique.<\/p><div class=\"publi-paragraphe1\" style=\"margin-top: 10px;margin-bottom: 10px;margin-left: auto;margin-right: auto;text-align: center;\" id=\"publi-780914982\"><div class=\"publi-adlabel\">Publicit\u00e9<\/div><script async src=\"\/\/pagead2.googlesyndication.com\/pagead\/js\/adsbygoogle.js?client=ca-pub-4089586018074219\" crossorigin=\"anonymous\"><\/script><ins class=\"adsbygoogle\" style=\"display:block;\" data-ad-client=\"ca-pub-4089586018074219\" \ndata-ad-slot=\"2087940154\" \ndata-ad-format=\"auto\"><\/ins>\n<script> \n(adsbygoogle = window.adsbygoogle || []).push({}); \n<\/script>\n<\/div>\n<p>Apr\u00e8s son audition, il avait \u00e9t\u00e9 plac\u00e9 en garde \u00e0 vue pour offense au chef de l&rsquo;\u00c9tat et actes de nature \u00e0 jeter le discr\u00e9dit sur une institution. Il a, par la suite, \u00e9t\u00e9 plac\u00e9 sous mandat de d\u00e9p\u00f4t \u00e0 la fin du mois de juillet.<\/p><\/div>\n<\/div>\n<div class=\"hide_module_inside\">\n<div id=\"mod_4047092\" class=\"mod_4047092 wm-module fullbackground  module-article_connexe\">\n<div class=\"entete\"><\/div>\n<\/div>\n<\/div>\n<div class=\"publi-apres-le-contenu\" style=\"margin-top: 10px;margin-bottom: 10px;margin-left: auto;margin-right: auto;text-align: center;\" id=\"publi-3145606226\"><div class=\"publi-adlabel\">Publicit\u00e9<\/div><script async src=\"\/\/pagead2.googlesyndication.com\/pagead\/js\/adsbygoogle.js?client=ca-pub-4089586018074219\" crossorigin=\"anonymous\"><\/script><ins class=\"adsbygoogle\" style=\"display:block;\" data-ad-client=\"ca-pub-4089586018074219\" \ndata-ad-slot=\"2087940154\" \ndata-ad-format=\"auto\"><\/ins>\n<script> \n(adsbygoogle = window.adsbygoogle || []).push({}); \n<\/script>\n<\/div>","protected":false},"excerpt":{"rendered":"<p>uite \u00e0 la demande de libert\u00e9 provisoire d\u00e9pos\u00e9e par Me Sally Mamadou Thiam, Amath Suzanne Camara a \u00e9t\u00e9 lib\u00e9r\u00e9 ce lundi par le juge du 3e cabinet. Le membre du R\u00e9seau des enseignants de l&rsquo;Alliance pour la R\u00e9publique, Amath Suzanne Camara, a \u00e9t\u00e9 interpell\u00e9 au mois de juillet par la S\u00fbret\u00e9 urbaine (SU) de Dakar. Son arrestation fait suite \u00e0 un soi transmis du parquet apr\u00e8s une \u00e9mission \u00e0 laquelle il \u00e9tait invit\u00e9 la veille. Le responsable de l&rsquo;APR a avanc\u00e9 des propos envers le Pr\u00e9sident de la R\u00e9publique. Apr\u00e8s son audition, il avait \u00e9t\u00e9 plac\u00e9 en garde \u00e0 vue pour offense au chef de l&rsquo;\u00c9tat et actes de nature \u00e0 jeter le discr\u00e9dit sur une institution. Il a, par la suite, \u00e9t\u00e9 plac\u00e9 sous mandat de d\u00e9p\u00f4t \u00e0 la fin du mois de juillet.<\/p>\n","protected":false},"author":7,"featured_media":35507,"comment_status":"open","ping_status":"open","sticky":false,"template":"","format":"standard","meta":{"_jetpack_memberships_contains_paid_content":false,"footnotes":""},"categories":[375,3724,3],"tags":[],"class_list":["post-35506","post","type-post","status-publish","format-standard","has-post-thumbnail","hentry","category-actualites","category-justice","category-politique","entry","has-media","owp-thumbs-layout-horizontal","owp-btn-normal","owp-tabs-layout-horizontal","has-no-thumbnails","has-product-nav"],"yoast_head":"<!-- This site is optimized with the Yoast SEO plugin v25.5 - https:\/\/yoast.com\/wordpress\/plugins\/seo\/ -->\n<title>- LE PUBLIC<\/title>\n<meta name=\"robots\" content=\"index, follow, max-snippet:-1, max-image-preview:large, max-video-preview:-1\" \/>\n<link rel=\"canonical\" href=\"https:\/\/www.public.sn\/index.php\/2024\/10\/21\/35506\/\" \/>\n<meta property=\"og:locale\" content=\"fr_FR\" \/>\n<meta property=\"og:type\" content=\"article\" \/>\n<meta property=\"og:title\" content=\"- LE PUBLIC\" \/>\n<meta property=\"og:description\" content=\"uite \u00e0 la demande de libert\u00e9 provisoire d\u00e9pos\u00e9e par Me Sally Mamadou Thiam, Amath Suzanne Camara a \u00e9t\u00e9 lib\u00e9r\u00e9 ce lundi par le juge du 3e cabinet. Le membre du R\u00e9seau des enseignants de l&rsquo;Alliance pour la R\u00e9publique, Amath Suzanne Camara, a \u00e9t\u00e9 interpell\u00e9 au mois de juillet par la S\u00fbret\u00e9 urbaine (SU) de Dakar. Son arrestation fait suite \u00e0 un soi transmis du parquet apr\u00e8s une \u00e9mission \u00e0 laquelle il \u00e9tait invit\u00e9 la veille. Le responsable de l&rsquo;APR a avanc\u00e9 des propos envers le Pr\u00e9sident de la R\u00e9publique. Apr\u00e8s son audition, il avait \u00e9t\u00e9 plac\u00e9 en garde \u00e0 vue pour offense au chef de l&rsquo;\u00c9tat et actes de nature \u00e0 jeter le discr\u00e9dit sur une institution. Il a, par la suite, \u00e9t\u00e9 plac\u00e9 sous mandat de d\u00e9p\u00f4t \u00e0 la fin du mois de juillet.\" \/>\n<meta property=\"og:url\" content=\"https:\/\/www.public.sn\/index.php\/2024\/10\/21\/35506\/\" \/>\n<meta property=\"og:site_name\" content=\"LE PUBLIC\" \/>\n<meta property=\"article:published_time\" content=\"2024-10-21T17:05:40+00:00\" \/>\n<meta property=\"og:image\" content=\"https:\/\/www.public.sn\/wp-content\/uploads\/2024\/10\/SUZANE.jpeg\" \/>\n\t<meta property=\"og:image:width\" content=\"463\" \/>\n\t<meta property=\"og:image:height\" content=\"355\" \/>\n\t<meta property=\"og:image:type\" content=\"image\/jpeg\" \/>\n<meta name=\"author\" content=\"LA REDACTION\" \/>\n<meta name=\"twitter:card\" content=\"summary_large_image\" \/>\n<meta name=\"twitter:label1\" content=\"\u00c9crit par\" \/>\n\t<meta name=\"twitter:data1\" content=\"LA REDACTION\" \/>\n\t<meta name=\"twitter:label2\" content=\"Dur\u00e9e de lecture estim\u00e9e\" \/>\n\t<meta name=\"twitter:data2\" content=\"1 minute\" \/>\n<script type=\"application\/ld+json\" class=\"yoast-schema-graph\">{\"@context\":\"https:\/\/schema.org\",\"@graph\":[{\"@type\":\"Article\",\"@id\":\"https:\/\/www.public.sn\/index.php\/2024\/10\/21\/35506\/#article\",\"isPartOf\":{\"@id\":\"https:\/\/www.public.sn\/index.php\/2024\/10\/21\/35506\/\"},\"author\":{\"name\":\"LA REDACTION\",\"@id\":\"https:\/\/www.public.sn\/#\/schema\/person\/cb76c8e1b8becc6be61fb5e92d6d0224\"},\"headline\":\"Aucun titre\",\"datePublished\":\"2024-10-21T17:05:40+00:00\",\"mainEntityOfPage\":{\"@id\":\"https:\/\/www.public.sn\/index.php\/2024\/10\/21\/35506\/\"},\"wordCount\":143,\"commentCount\":0,\"publisher\":{\"@id\":\"https:\/\/www.public.sn\/#organization\"},\"image\":{\"@id\":\"https:\/\/www.public.sn\/index.php\/2024\/10\/21\/35506\/#primaryimage\"},\"thumbnailUrl\":\"https:\/\/www.public.sn\/wp-content\/uploads\/2024\/10\/SUZANE.jpeg\",\"articleSection\":[\"ACTUALIT\u00c9S\",\"justice\",\"POLITIQUE\"],\"inLanguage\":\"fr-FR\",\"potentialAction\":[{\"@type\":\"CommentAction\",\"name\":\"Comment\",\"target\":[\"https:\/\/www.public.sn\/index.php\/2024\/10\/21\/35506\/#respond\"]}]},{\"@type\":\"WebPage\",\"@id\":\"https:\/\/www.public.sn\/index.php\/2024\/10\/21\/35506\/\",\"url\":\"https:\/\/www.public.sn\/index.php\/2024\/10\/21\/35506\/\",\"name\":\"- LE PUBLIC\",\"isPartOf\":{\"@id\":\"https:\/\/www.public.sn\/#website\"},\"primaryImageOfPage\":{\"@id\":\"https:\/\/www.public.sn\/index.php\/2024\/10\/21\/35506\/#primaryimage\"},\"image\":{\"@id\":\"https:\/\/www.public.sn\/index.php\/2024\/10\/21\/35506\/#primaryimage\"},\"thumbnailUrl\":\"https:\/\/www.public.sn\/wp-content\/uploads\/2024\/10\/SUZANE.jpeg\",\"datePublished\":\"2024-10-21T17:05:40+00:00\",\"inLanguage\":\"fr-FR\",\"potentialAction\":[{\"@type\":\"ReadAction\",\"target\":[\"https:\/\/www.public.sn\/index.php\/2024\/10\/21\/35506\/\"]}]},{\"@type\":\"ImageObject\",\"inLanguage\":\"fr-FR\",\"@id\":\"https:\/\/www.public.sn\/index.php\/2024\/10\/21\/35506\/#primaryimage\",\"url\":\"https:\/\/www.public.sn\/wp-content\/uploads\/2024\/10\/SUZANE.jpeg\",\"contentUrl\":\"https:\/\/www.public.sn\/wp-content\/uploads\/2024\/10\/SUZANE.jpeg\",\"width\":463,\"height\":355},{\"@type\":\"WebSite\",\"@id\":\"https:\/\/www.public.sn\/#website\",\"url\":\"https:\/\/www.public.sn\/\",\"name\":\"LE PUBLIC\",\"description\":\"\",\"publisher\":{\"@id\":\"https:\/\/www.public.sn\/#organization\"},\"potentialAction\":[{\"@type\":\"SearchAction\",\"target\":{\"@type\":\"EntryPoint\",\"urlTemplate\":\"https:\/\/www.public.sn\/?s={search_term_string}\"},\"query-input\":{\"@type\":\"PropertyValueSpecification\",\"valueRequired\":true,\"valueName\":\"search_term_string\"}}],\"inLanguage\":\"fr-FR\"},{\"@type\":\"Organization\",\"@id\":\"https:\/\/www.public.sn\/#organization\",\"name\":\"LE PUBLIC\",\"url\":\"https:\/\/www.public.sn\/\",\"logo\":{\"@type\":\"ImageObject\",\"inLanguage\":\"fr-FR\",\"@id\":\"https:\/\/www.public.sn\/#\/schema\/logo\/image\/\",\"url\":\"https:\/\/www.public.sn\/wp-content\/uploads\/2024\/05\/cropped-LOGO-PUBLIC.SN_.png\",\"contentUrl\":\"https:\/\/www.public.sn\/wp-content\/uploads\/2024\/05\/cropped-LOGO-PUBLIC.SN_.png\",\"width\":682,\"height\":192,\"caption\":\"LE PUBLIC\"},\"image\":{\"@id\":\"https:\/\/www.public.sn\/#\/schema\/logo\/image\/\"}},{\"@type\":\"Person\",\"@id\":\"https:\/\/www.public.sn\/#\/schema\/person\/cb76c8e1b8becc6be61fb5e92d6d0224\",\"name\":\"LA REDACTION\",\"image\":{\"@type\":\"ImageObject\",\"inLanguage\":\"fr-FR\",\"@id\":\"https:\/\/www.public.sn\/#\/schema\/person\/image\/\",\"url\":\"https:\/\/secure.gravatar.com\/avatar\/2dce5ddd34b8fef0180efe03aa2a9bee7d953856048f9a16b298190a3178407c?s=96&d=mm&r=g\",\"contentUrl\":\"https:\/\/secure.gravatar.com\/avatar\/2dce5ddd34b8fef0180efe03aa2a9bee7d953856048f9a16b298190a3178407c?s=96&d=mm&r=g\",\"caption\":\"LA REDACTION\"},\"url\":\"https:\/\/www.public.sn\/index.php\/author\/editeurpsn\/\"}]}<\/script>\n<!-- \/ Yoast SEO plugin. -->","yoast_head_json":{"title":"- LE PUBLIC","robots":{"index":"index","follow":"follow","max-snippet":"max-snippet:-1","max-image-preview":"max-image-preview:large","max-video-preview":"max-video-preview:-1"},"canonical":"https:\/\/www.public.sn\/index.php\/2024\/10\/21\/35506\/","og_locale":"fr_FR","og_type":"article","og_title":"- LE PUBLIC","og_description":"uite \u00e0 la demande de libert\u00e9 provisoire d\u00e9pos\u00e9e par Me Sally Mamadou Thiam, Amath Suzanne Camara a \u00e9t\u00e9 lib\u00e9r\u00e9 ce lundi par le juge du 3e cabinet. Le membre du R\u00e9seau des enseignants de l&rsquo;Alliance pour la R\u00e9publique, Amath Suzanne Camara, a \u00e9t\u00e9 interpell\u00e9 au mois de juillet par la S\u00fbret\u00e9 urbaine (SU) de Dakar. Son arrestation fait suite \u00e0 un soi transmis du parquet apr\u00e8s une \u00e9mission \u00e0 laquelle il \u00e9tait invit\u00e9 la veille. Le responsable de l&rsquo;APR a avanc\u00e9 des propos envers le Pr\u00e9sident de la R\u00e9publique. Apr\u00e8s son audition, il avait \u00e9t\u00e9 plac\u00e9 en garde \u00e0 vue pour offense au chef de l&rsquo;\u00c9tat et actes de nature \u00e0 jeter le discr\u00e9dit sur une institution. Il a, par la suite, \u00e9t\u00e9 plac\u00e9 sous mandat de d\u00e9p\u00f4t \u00e0 la fin du mois de juillet.","og_url":"https:\/\/www.public.sn\/index.php\/2024\/10\/21\/35506\/","og_site_name":"LE PUBLIC","article_published_time":"2024-10-21T17:05:40+00:00","og_image":[{"width":463,"height":355,"url":"https:\/\/www.public.sn\/wp-content\/uploads\/2024\/10\/SUZANE.jpeg","type":"image\/jpeg"}],"author":"LA REDACTION","twitter_card":"summary_large_image","twitter_misc":{"\u00c9crit par":"LA REDACTION","Dur\u00e9e de lecture estim\u00e9e":"1 minute"},"schema":{"@context":"https:\/\/schema.org","@graph":[{"@type":"Article","@id":"https:\/\/www.public.sn\/index.php\/2024\/10\/21\/35506\/#article","isPartOf":{"@id":"https:\/\/www.public.sn\/index.php\/2024\/10\/21\/35506\/"},"author":{"name":"LA REDACTION","@id":"https:\/\/www.public.sn\/#\/schema\/person\/cb76c8e1b8becc6be61fb5e92d6d0224"},"headline":"Aucun titre","datePublished":"2024-10-21T17:05:40+00:00","mainEntityOfPage":{"@id":"https:\/\/www.public.sn\/index.php\/2024\/10\/21\/35506\/"},"wordCount":143,"commentCount":0,"publisher":{"@id":"https:\/\/www.public.sn\/#organization"},"image":{"@id":"https:\/\/www.public.sn\/index.php\/2024\/10\/21\/35506\/#primaryimage"},"thumbnailUrl":"https:\/\/www.public.sn\/wp-content\/uploads\/2024\/10\/SUZANE.jpeg","articleSection":["ACTUALIT\u00c9S","justice","POLITIQUE"],"inLanguage":"fr-FR","potentialAction":[{"@type":"CommentAction","name":"Comment","target":["https:\/\/www.public.sn\/index.php\/2024\/10\/21\/35506\/#respond"]}]},{"@type":"WebPage","@id":"https:\/\/www.public.sn\/index.php\/2024\/10\/21\/35506\/","url":"https:\/\/www.public.sn\/index.php\/2024\/10\/21\/35506\/","name":"- LE PUBLIC","isPartOf":{"@id":"https:\/\/www.public.sn\/#website"},"primaryImageOfPage":{"@id":"https:\/\/www.public.sn\/index.php\/2024\/10\/21\/35506\/#primaryimage"},"image":{"@id":"https:\/\/www.public.sn\/index.php\/2024\/10\/21\/35506\/#primaryimage"},"thumbnailUrl":"https:\/\/www.public.sn\/wp-content\/uploads\/2024\/10\/SUZANE.jpeg","datePublished":"2024-10-21T17:05:40+00:00","inLanguage":"fr-FR","potentialAction":[{"@type":"ReadAction","target":["https:\/\/www.public.sn\/index.php\/2024\/10\/21\/35506\/"]}]},{"@type":"ImageObject","inLanguage":"fr-FR","@id":"https:\/\/www.public.sn\/index.php\/2024\/10\/21\/35506\/#primaryimage","url":"https:\/\/www.public.sn\/wp-content\/uploads\/2024\/10\/SUZANE.jpeg","contentUrl":"https:\/\/www.public.sn\/wp-content\/uploads\/2024\/10\/SUZANE.jpeg","width":463,"height":355},{"@type":"WebSite","@id":"https:\/\/www.public.sn\/#website","url":"https:\/\/www.public.sn\/","name":"LE PUBLIC","description":"","publisher":{"@id":"https:\/\/www.public.sn\/#organization"},"potentialAction":[{"@type":"SearchAction","target":{"@type":"EntryPoint","urlTemplate":"https:\/\/www.public.sn\/?s={search_term_string}"},"query-input":{"@type":"PropertyValueSpecification","valueRequired":true,"valueName":"search_term_string"}}],"inLanguage":"fr-FR"},{"@type":"Organization","@id":"https:\/\/www.public.sn\/#organization","name":"LE PUBLIC","url":"https:\/\/www.public.sn\/","logo":{"@type":"ImageObject","inLanguage":"fr-FR","@id":"https:\/\/www.public.sn\/#\/schema\/logo\/image\/","url":"https:\/\/www.public.sn\/wp-content\/uploads\/2024\/05\/cropped-LOGO-PUBLIC.SN_.png","contentUrl":"https:\/\/www.public.sn\/wp-content\/uploads\/2024\/05\/cropped-LOGO-PUBLIC.SN_.png","width":682,"height":192,"caption":"LE PUBLIC"},"image":{"@id":"https:\/\/www.public.sn\/#\/schema\/logo\/image\/"}},{"@type":"Person","@id":"https:\/\/www.public.sn\/#\/schema\/person\/cb76c8e1b8becc6be61fb5e92d6d0224","name":"LA REDACTION","image":{"@type":"ImageObject","inLanguage":"fr-FR","@id":"https:\/\/www.public.sn\/#\/schema\/person\/image\/","url":"https:\/\/secure.gravatar.com\/avatar\/2dce5ddd34b8fef0180efe03aa2a9bee7d953856048f9a16b298190a3178407c?s=96&d=mm&r=g","contentUrl":"https:\/\/secure.gravatar.com\/avatar\/2dce5ddd34b8fef0180efe03aa2a9bee7d953856048f9a16b298190a3178407c?s=96&d=mm&r=g","caption":"LA REDACTION"},"url":"https:\/\/www.public.sn\/index.php\/author\/editeurpsn\/"}]}},"jetpack_featured_media_url":"https:\/\/www.public.sn\/wp-content\/uploads\/2024\/10\/SUZANE.jpeg","jetpack_sharing_enabled":true,"_links":{"self":[{"href":"https:\/\/www.public.sn\/index.php\/wp-json\/wp\/v2\/posts\/35506","targetHints":{"allow":["GET"]}}],"collection":[{"href":"https:\/\/www.public.sn\/index.php\/wp-json\/wp\/v2\/posts"}],"about":[{"href":"https:\/\/www.public.sn\/index.php\/wp-json\/wp\/v2\/types\/post"}],"author":[{"embeddable":true,"href":"https:\/\/www.public.sn\/index.php\/wp-json\/wp\/v2\/users\/7"}],"replies":[{"embeddable":true,"href":"https:\/\/www.public.sn\/index.php\/wp-json\/wp\/v2\/comments?post=35506"}],"version-history":[{"count":1,"href":"https:\/\/www.public.sn\/index.php\/wp-json\/wp\/v2\/posts\/35506\/revisions"}],"predecessor-version":[{"id":35508,"href":"https:\/\/www.public.sn\/index.php\/wp-json\/wp\/v2\/posts\/35506\/revisions\/35508"}],"wp:featuredmedia":[{"embeddable":true,"href":"https:\/\/www.public.sn\/index.php\/wp-json\/wp\/v2\/media\/35507"}],"wp:attachment":[{"href":"https:\/\/www.public.sn\/index.php\/wp-json\/wp\/v2\/media?parent=35506"}],"wp:term":[{"taxonomy":"category","embeddable":true,"href":"https:\/\/www.public.sn\/index.php\/wp-json\/wp\/v2\/categories?post=35506"},{"taxonomy":"post_tag","embeddable":true,"href":"https:\/\/www.public.sn\/index.php\/wp-json\/wp\/v2\/tags?post=35506"}],"curies":[{"name":"wp","href":"https:\/\/api.w.org\/{rel}","templated":true}]}}