{"id":35576,"date":"2024-11-04T07:33:23","date_gmt":"2024-11-04T07:33:23","guid":{"rendered":"https:\/\/www.public.sn\/?p=35576"},"modified":"2024-11-17T02:20:27","modified_gmt":"2024-11-17T02:20:27","slug":"en-visite-a-touba-la-coalition-takku-wallu-senegal-a-fait-un-expose-de-la-situation-politique-du-senegal-devant-serigne-mountakha","status":"publish","type":"post","link":"https:\/\/www.public.sn\/index.php\/2024\/11\/04\/en-visite-a-touba-la-coalition-takku-wallu-senegal-a-fait-un-expose-de-la-situation-politique-du-senegal-devant-serigne-mountakha\/","title":{"rendered":"En visite \u00e0 Touba, la coalition Takku Wallu S\u00e9n\u00e9gal a fait un expos\u00e9 de la situation politique du S\u00e9n\u00e9gal devant Serigne Mountakha"},"content":{"rendered":"<p>Une forte d\u00e9l\u00e9gation de \u00ab Takku Wallu \u00bb qui a \u00e9t\u00e9 re\u00e7ue par le Khalife G\u00e9n\u00e9ral des Mourides. Khadim Gueye, Lamine Thiam, Oumar Sarr, Alioune Diop, Modou Diagne Fada, Serigne Cheikh Abdou Lahad Mback\u00e9 Ga\u00efnd\u00e9 Fatma, Serigne Modou Bara Dolly, Serigne Makhtar Diop etc\u2026 ont \u00e9t\u00e9 d\u00e9p\u00each\u00e9s par les Pr\u00e9sidents Wade et Sall aupr\u00e8s du Khalife.<\/p><div class=\"publi-paragraphe1\" style=\"margin-top: 10px;margin-bottom: 10px;margin-left: auto;margin-right: auto;text-align: center;\" id=\"publi-2237930945\"><div class=\"publi-adlabel\">Publicit\u00e9<\/div><script async src=\"\/\/pagead2.googlesyndication.com\/pagead\/js\/adsbygoogle.js?client=ca-pub-4089586018074219\" crossorigin=\"anonymous\"><\/script><ins class=\"adsbygoogle\" style=\"display:block;\" data-ad-client=\"ca-pub-4089586018074219\" \ndata-ad-slot=\"2087940154\" \ndata-ad-format=\"auto\"><\/ins>\n<script> \n(adsbygoogle = window.adsbygoogle || []).push({}); \n<\/script>\n<\/div>\n<p>La coalition Takku Wallu a fait un large expos\u00e9 de la situation politique du S\u00e9n\u00e9gal devant Serigne Mountakha .<\/p>\n<p>Prenant la parole au nom de Wade, l\u2019ancien ministre Khadim Gu\u00e8ye s\u2019est r\u00e9joui de l\u2019accueil avant de pr\u00e9senter la coalition en ces termes \u00ab une addition entre Takku de Macky et Wallu de Wade, symbolisant selon lui, les retrouvailles de la famille lib\u00e9rale qui ont \u00e9t\u00e9 rejoints par d\u2019autres leaders tels que Khalifa Sall au sein d\u2019une intercoalition dans beaucoup de localit\u00e9s. \u00bb<\/p>\n<p>Au nom de Takku du Pr\u00e9sident Sall, c\u2019est Modou Diagne Fada qui a pris la parole pour expliquer au Khalife les raisons qui ont pouss\u00e9 l\u2019ancien Chef de l\u2019\u00c9tat \u00e0 s\u2019investir dans ces \u00e9lections l\u00e9gislatives alors qu\u2019il pouvait tranquillement se reposer. Il dira au Khalife que \u00ab si le Pr\u00e9sident Macky est encore dans l\u2019ar\u00e8ne politique, c\u2019est parce qu\u2019il a vu que la voie emprunt\u00e9e par ce pays depuis que le nouveau r\u00e9gime a pris ses marques n\u2019est pas la meilleure. Son seul et unique objectif est de sauver le S\u00e9n\u00e9gal de la pente dangereuse dans lequel notre pays est en train de glisser \u00bb.<\/p>\n<p>Face \u00e0 la presse apr\u00e8s l\u2019entretien avec le Khalife, Modou Diagne Fada ajoutera qu\u2019il est bien possible que le Pr\u00e9sident d\u00e9barque au pays. \u00ab Nous sommes en train d\u2019appr\u00e9cier la situation \u00bb dira Modou Diagne Fada face \u00e0 la presse.<\/p>\n<p><img fetchpriority=\"high\" decoding=\"async\" class=\"alignnone size-full wp-image-35577\" src=\"https:\/\/www.public.sn\/wp-content\/uploads\/2024\/11\/WhatsApp-Image-2024-11-03-at-22.43.50-3.jpeg\" alt=\"\" width=\"1080\" height=\"810\" srcset=\"https:\/\/www.public.sn\/wp-content\/uploads\/2024\/11\/WhatsApp-Image-2024-11-03-at-22.43.50-3.jpeg 1080w, https:\/\/www.public.sn\/wp-content\/uploads\/2024\/11\/WhatsApp-Image-2024-11-03-at-22.43.50-3-300x225.jpeg 300w, https:\/\/www.public.sn\/wp-content\/uploads\/2024\/11\/WhatsApp-Image-2024-11-03-at-22.43.50-3-1024x768.jpeg 1024w, https:\/\/www.public.sn\/wp-content\/uploads\/2024\/11\/WhatsApp-Image-2024-11-03-at-22.43.50-3-768x576.jpeg 768w, https:\/\/www.public.sn\/wp-content\/uploads\/2024\/11\/WhatsApp-Image-2024-11-03-at-22.43.50-3-600x450.jpeg 600w\" sizes=\"(max-width: 1080px) 100vw, 1080px\" \/> <img decoding=\"async\" class=\"alignnone size-full wp-image-35578\" src=\"https:\/\/www.public.sn\/wp-content\/uploads\/2024\/11\/WhatsApp-Image-2024-11-03-at-22.43.50-2.jpeg\" alt=\"\" width=\"1080\" height=\"810\" srcset=\"https:\/\/www.public.sn\/wp-content\/uploads\/2024\/11\/WhatsApp-Image-2024-11-03-at-22.43.50-2.jpeg 1080w, https:\/\/www.public.sn\/wp-content\/uploads\/2024\/11\/WhatsApp-Image-2024-11-03-at-22.43.50-2-300x225.jpeg 300w, https:\/\/www.public.sn\/wp-content\/uploads\/2024\/11\/WhatsApp-Image-2024-11-03-at-22.43.50-2-1024x768.jpeg 1024w, https:\/\/www.public.sn\/wp-content\/uploads\/2024\/11\/WhatsApp-Image-2024-11-03-at-22.43.50-2-768x576.jpeg 768w, https:\/\/www.public.sn\/wp-content\/uploads\/2024\/11\/WhatsApp-Image-2024-11-03-at-22.43.50-2-600x450.jpeg 600w\" sizes=\"(max-width: 1080px) 100vw, 1080px\" \/> <img decoding=\"async\" class=\"alignnone size-full wp-image-35579\" src=\"https:\/\/www.public.sn\/wp-content\/uploads\/2024\/11\/WhatsApp-Image-2024-11-03-at-22.43.50-1.jpeg\" alt=\"\" width=\"1080\" height=\"810\" srcset=\"https:\/\/www.public.sn\/wp-content\/uploads\/2024\/11\/WhatsApp-Image-2024-11-03-at-22.43.50-1.jpeg 1080w, https:\/\/www.public.sn\/wp-content\/uploads\/2024\/11\/WhatsApp-Image-2024-11-03-at-22.43.50-1-300x225.jpeg 300w, https:\/\/www.public.sn\/wp-content\/uploads\/2024\/11\/WhatsApp-Image-2024-11-03-at-22.43.50-1-1024x768.jpeg 1024w, https:\/\/www.public.sn\/wp-content\/uploads\/2024\/11\/WhatsApp-Image-2024-11-03-at-22.43.50-1-768x576.jpeg 768w, https:\/\/www.public.sn\/wp-content\/uploads\/2024\/11\/WhatsApp-Image-2024-11-03-at-22.43.50-1-600x450.jpeg 600w\" sizes=\"(max-width: 1080px) 100vw, 1080px\" \/> <img loading=\"lazy\" decoding=\"async\" class=\"alignnone size-full wp-image-35580\" src=\"https:\/\/www.public.sn\/wp-content\/uploads\/2024\/11\/WhatsApp-Image-2024-11-03-at-22.43.50.jpeg\" alt=\"\" width=\"1080\" height=\"810\" srcset=\"https:\/\/www.public.sn\/wp-content\/uploads\/2024\/11\/WhatsApp-Image-2024-11-03-at-22.43.50.jpeg 1080w, https:\/\/www.public.sn\/wp-content\/uploads\/2024\/11\/WhatsApp-Image-2024-11-03-at-22.43.50-300x225.jpeg 300w, https:\/\/www.public.sn\/wp-content\/uploads\/2024\/11\/WhatsApp-Image-2024-11-03-at-22.43.50-1024x768.jpeg 1024w, https:\/\/www.public.sn\/wp-content\/uploads\/2024\/11\/WhatsApp-Image-2024-11-03-at-22.43.50-768x576.jpeg 768w, https:\/\/www.public.sn\/wp-content\/uploads\/2024\/11\/WhatsApp-Image-2024-11-03-at-22.43.50-600x450.jpeg 600w\" sizes=\"(max-width: 1080px) 100vw, 1080px\" \/> <img loading=\"lazy\" decoding=\"async\" class=\"alignnone size-full wp-image-35581\" src=\"https:\/\/www.public.sn\/wp-content\/uploads\/2024\/11\/WhatsApp-Image-2024-11-03-at-22.43.49.jpeg\" alt=\"\" width=\"810\" height=\"1080\" srcset=\"https:\/\/www.public.sn\/wp-content\/uploads\/2024\/11\/WhatsApp-Image-2024-11-03-at-22.43.49.jpeg 810w, https:\/\/www.public.sn\/wp-content\/uploads\/2024\/11\/WhatsApp-Image-2024-11-03-at-22.43.49-225x300.jpeg 225w, https:\/\/www.public.sn\/wp-content\/uploads\/2024\/11\/WhatsApp-Image-2024-11-03-at-22.43.49-768x1024.jpeg 768w, https:\/\/www.public.sn\/wp-content\/uploads\/2024\/11\/WhatsApp-Image-2024-11-03-at-22.43.49-600x800.jpeg 600w\" sizes=\"(max-width: 810px) 100vw, 810px\" \/> <img loading=\"lazy\" decoding=\"async\" class=\"alignnone size-full wp-image-35582\" src=\"https:\/\/www.public.sn\/wp-content\/uploads\/2024\/11\/WhatsApp-Image-2024-11-03-at-22.43.45.jpeg\" alt=\"\" width=\"810\" height=\"1080\" srcset=\"https:\/\/www.public.sn\/wp-content\/uploads\/2024\/11\/WhatsApp-Image-2024-11-03-at-22.43.45.jpeg 810w, https:\/\/www.public.sn\/wp-content\/uploads\/2024\/11\/WhatsApp-Image-2024-11-03-at-22.43.45-225x300.jpeg 225w, https:\/\/www.public.sn\/wp-content\/uploads\/2024\/11\/WhatsApp-Image-2024-11-03-at-22.43.45-768x1024.jpeg 768w, https:\/\/www.public.sn\/wp-content\/uploads\/2024\/11\/WhatsApp-Image-2024-11-03-at-22.43.45-600x800.jpeg 600w\" sizes=\"(max-width: 810px) 100vw, 810px\" \/> <img loading=\"lazy\" decoding=\"async\" class=\"alignnone size-full wp-image-35583\" src=\"https:\/\/www.public.sn\/wp-content\/uploads\/2024\/11\/WhatsApp-Image-2024-11-03-at-22.43.44.jpeg\" alt=\"\" width=\"810\" height=\"1080\" srcset=\"https:\/\/www.public.sn\/wp-content\/uploads\/2024\/11\/WhatsApp-Image-2024-11-03-at-22.43.44.jpeg 810w, https:\/\/www.public.sn\/wp-content\/uploads\/2024\/11\/WhatsApp-Image-2024-11-03-at-22.43.44-225x300.jpeg 225w, https:\/\/www.public.sn\/wp-content\/uploads\/2024\/11\/WhatsApp-Image-2024-11-03-at-22.43.44-768x1024.jpeg 768w, https:\/\/www.public.sn\/wp-content\/uploads\/2024\/11\/WhatsApp-Image-2024-11-03-at-22.43.44-600x800.jpeg 600w\" sizes=\"(max-width: 810px) 100vw, 810px\" \/> <img loading=\"lazy\" decoding=\"async\" class=\"alignnone size-full wp-image-35584\" src=\"https:\/\/www.public.sn\/wp-content\/uploads\/2024\/11\/WhatsApp-Image-2024-11-03-at-22.43.41.jpeg\" alt=\"\" width=\"1080\" height=\"810\" srcset=\"https:\/\/www.public.sn\/wp-content\/uploads\/2024\/11\/WhatsApp-Image-2024-11-03-at-22.43.41.jpeg 1080w, https:\/\/www.public.sn\/wp-content\/uploads\/2024\/11\/WhatsApp-Image-2024-11-03-at-22.43.41-300x225.jpeg 300w, https:\/\/www.public.sn\/wp-content\/uploads\/2024\/11\/WhatsApp-Image-2024-11-03-at-22.43.41-1024x768.jpeg 1024w, https:\/\/www.public.sn\/wp-content\/uploads\/2024\/11\/WhatsApp-Image-2024-11-03-at-22.43.41-768x576.jpeg 768w, https:\/\/www.public.sn\/wp-content\/uploads\/2024\/11\/WhatsApp-Image-2024-11-03-at-22.43.41-600x450.jpeg 600w\" sizes=\"(max-width: 1080px) 100vw, 1080px\" \/><\/p>\n<div class=\"publi-apres-le-contenu\" style=\"margin-top: 10px;margin-bottom: 10px;margin-left: auto;margin-right: auto;text-align: center;\" id=\"publi-938731131\"><div class=\"publi-adlabel\">Publicit\u00e9<\/div><script async src=\"\/\/pagead2.googlesyndication.com\/pagead\/js\/adsbygoogle.js?client=ca-pub-4089586018074219\" crossorigin=\"anonymous\"><\/script><ins class=\"adsbygoogle\" style=\"display:block;\" data-ad-client=\"ca-pub-4089586018074219\" \ndata-ad-slot=\"2087940154\" \ndata-ad-format=\"auto\"><\/ins>\n<script> \n(adsbygoogle = window.adsbygoogle || []).push({}); \n<\/script>\n<\/div>","protected":false},"excerpt":{"rendered":"<p>Une forte d\u00e9l\u00e9gation de \u00ab Takku Wallu \u00bb qui a \u00e9t\u00e9 re\u00e7ue par le Khalife G\u00e9n\u00e9ral des Mourides. Khadim Gueye, Lamine Thiam, Oumar Sarr, Alioune Diop, Modou Diagne Fada, Serigne Cheikh Abdou Lahad Mback\u00e9 Ga\u00efnd\u00e9 Fatma, Serigne Modou Bara Dolly, Serigne Makhtar Diop etc\u2026 ont \u00e9t\u00e9 d\u00e9p\u00each\u00e9s par les Pr\u00e9sidents Wade et Sall aupr\u00e8s du Khalife. La coalition Takku Wallu a fait un large expos\u00e9 de la situation politique du S\u00e9n\u00e9gal devant Serigne Mountakha . Prenant la parole au nom de Wade, l\u2019ancien ministre Khadim Gu\u00e8ye s\u2019est r\u00e9joui de l\u2019accueil avant de pr\u00e9senter la coalition en ces termes \u00ab une addition entre Takku de Macky et Wallu de Wade, symbolisant selon lui, les retrouvailles de la famille lib\u00e9rale qui ont \u00e9t\u00e9 rejoints par d\u2019autres leaders tels que Khalifa Sall au sein d\u2019une intercoalition dans beaucoup de localit\u00e9s. \u00bb Au nom de Takku du Pr\u00e9sident Sall, c\u2019est Modou Diagne Fada qui a pris la parole pour expliquer au Khalife les raisons qui ont pouss\u00e9 l\u2019ancien Chef de l\u2019\u00c9tat \u00e0 s\u2019investir dans ces \u00e9lections l\u00e9gislatives alors qu\u2019il pouvait tranquillement se reposer. Il dira au Khalife que \u00ab si le Pr\u00e9sident Macky est encore dans l\u2019ar\u00e8ne politique, c\u2019est parce qu\u2019il a vu que la voie emprunt\u00e9e par ce pays depuis que le nouveau r\u00e9gime a pris ses marques n\u2019est pas la meilleure. Son seul et unique objectif est de sauver le S\u00e9n\u00e9gal de la pente dangereuse dans lequel notre pays est en train de glisser \u00bb. Face \u00e0 la presse apr\u00e8s l\u2019entretien avec le Khalife, Modou Diagne Fada ajoutera qu\u2019il est bien possible que le Pr\u00e9sident d\u00e9barque au pays. \u00ab Nous sommes en train d\u2019appr\u00e9cier la situation \u00bb dira Modou Diagne Fada face \u00e0 la presse.<\/p>\n","protected":false},"author":1,"featured_media":35584,"comment_status":"open","ping_status":"open","sticky":false,"template":"","format":"standard","meta":{"_jetpack_memberships_contains_paid_content":false,"footnotes":""},"categories":[375,844,1],"tags":[],"class_list":["post-35576","post","type-post","status-publish","format-standard","has-post-thumbnail","hentry","category-actualites","category-revue-de-presse","category-non-classe","entry","has-media","owp-thumbs-layout-horizontal","owp-btn-normal","owp-tabs-layout-horizontal","has-no-thumbnails","has-product-nav"],"yoast_head":"<!-- This site is optimized with the Yoast SEO plugin v25.5 - https:\/\/yoast.com\/wordpress\/plugins\/seo\/ -->\n<title>En visite \u00e0 Touba, la coalition Takku Wallu S\u00e9n\u00e9gal a fait un expos\u00e9 de la situation politique du S\u00e9n\u00e9gal devant Serigne Mountakha - LE PUBLIC<\/title>\n<meta name=\"robots\" content=\"index, follow, max-snippet:-1, max-image-preview:large, max-video-preview:-1\" \/>\n<link rel=\"canonical\" href=\"https:\/\/www.public.sn\/index.php\/2024\/11\/04\/en-visite-a-touba-la-coalition-takku-wallu-senegal-a-fait-un-expose-de-la-situation-politique-du-senegal-devant-serigne-mountakha\/\" \/>\n<meta property=\"og:locale\" content=\"fr_FR\" \/>\n<meta property=\"og:type\" content=\"article\" \/>\n<meta property=\"og:title\" content=\"En visite \u00e0 Touba, la coalition Takku Wallu S\u00e9n\u00e9gal a fait un expos\u00e9 de la situation politique du S\u00e9n\u00e9gal devant Serigne Mountakha - LE PUBLIC\" \/>\n<meta property=\"og:description\" content=\"Une forte d\u00e9l\u00e9gation de \u00ab Takku Wallu \u00bb qui a \u00e9t\u00e9 re\u00e7ue par le Khalife G\u00e9n\u00e9ral des Mourides. Khadim Gueye, Lamine Thiam, Oumar Sarr, Alioune Diop, Modou Diagne Fada, Serigne Cheikh Abdou Lahad Mback\u00e9 Ga\u00efnd\u00e9 Fatma, Serigne Modou Bara Dolly, Serigne Makhtar Diop etc\u2026 ont \u00e9t\u00e9 d\u00e9p\u00each\u00e9s par les Pr\u00e9sidents Wade et Sall aupr\u00e8s du Khalife. La coalition Takku Wallu a fait un large expos\u00e9 de la situation politique du S\u00e9n\u00e9gal devant Serigne Mountakha . Prenant la parole au nom de Wade, l\u2019ancien ministre Khadim Gu\u00e8ye s\u2019est r\u00e9joui de l\u2019accueil avant de pr\u00e9senter la coalition en ces termes \u00ab une addition entre Takku de Macky et Wallu de Wade, symbolisant selon lui, les retrouvailles de la famille lib\u00e9rale qui ont \u00e9t\u00e9 rejoints par d\u2019autres leaders tels que Khalifa Sall au sein d\u2019une intercoalition dans beaucoup de localit\u00e9s. \u00bb Au nom de Takku du Pr\u00e9sident Sall, c\u2019est Modou Diagne Fada qui a pris la parole pour expliquer au Khalife les raisons qui ont pouss\u00e9 l\u2019ancien Chef de l\u2019\u00c9tat \u00e0 s\u2019investir dans ces \u00e9lections l\u00e9gislatives alors qu\u2019il pouvait tranquillement se reposer. Il dira au Khalife que \u00ab si le Pr\u00e9sident Macky est encore dans l\u2019ar\u00e8ne politique, c\u2019est parce qu\u2019il a vu que la voie emprunt\u00e9e par ce pays depuis que le nouveau r\u00e9gime a pris ses marques n\u2019est pas la meilleure. Son seul et unique objectif est de sauver le S\u00e9n\u00e9gal de la pente dangereuse dans lequel notre pays est en train de glisser \u00bb. Face \u00e0 la presse apr\u00e8s l\u2019entretien avec le Khalife, Modou Diagne Fada ajoutera qu\u2019il est bien possible que le Pr\u00e9sident d\u00e9barque au pays. \u00ab Nous sommes en train d\u2019appr\u00e9cier la situation \u00bb dira Modou Diagne Fada face \u00e0 la presse.\" \/>\n<meta property=\"og:url\" content=\"https:\/\/www.public.sn\/index.php\/2024\/11\/04\/en-visite-a-touba-la-coalition-takku-wallu-senegal-a-fait-un-expose-de-la-situation-politique-du-senegal-devant-serigne-mountakha\/\" \/>\n<meta property=\"og:site_name\" content=\"LE PUBLIC\" \/>\n<meta property=\"article:published_time\" content=\"2024-11-04T07:33:23+00:00\" \/>\n<meta property=\"article:modified_time\" content=\"2024-11-17T02:20:27+00:00\" \/>\n<meta property=\"og:image\" content=\"https:\/\/www.public.sn\/wp-content\/uploads\/2024\/11\/WhatsApp-Image-2024-11-03-at-22.43.41.jpeg\" \/>\n\t<meta property=\"og:image:width\" content=\"1080\" \/>\n\t<meta property=\"og:image:height\" content=\"810\" \/>\n\t<meta property=\"og:image:type\" content=\"image\/jpeg\" \/>\n<meta name=\"author\" content=\"LA REDACTION\" \/>\n<meta name=\"twitter:card\" content=\"summary_large_image\" \/>\n<meta name=\"twitter:label1\" content=\"\u00c9crit par\" \/>\n\t<meta name=\"twitter:data1\" content=\"LA REDACTION\" \/>\n\t<meta name=\"twitter:label2\" content=\"Dur\u00e9e de lecture estim\u00e9e\" \/>\n\t<meta name=\"twitter:data2\" content=\"4 minutes\" \/>\n<script type=\"application\/ld+json\" class=\"yoast-schema-graph\">{\"@context\":\"https:\/\/schema.org\",\"@graph\":[{\"@type\":\"Article\",\"@id\":\"https:\/\/www.public.sn\/index.php\/2024\/11\/04\/en-visite-a-touba-la-coalition-takku-wallu-senegal-a-fait-un-expose-de-la-situation-politique-du-senegal-devant-serigne-mountakha\/#article\",\"isPartOf\":{\"@id\":\"https:\/\/www.public.sn\/index.php\/2024\/11\/04\/en-visite-a-touba-la-coalition-takku-wallu-senegal-a-fait-un-expose-de-la-situation-politique-du-senegal-devant-serigne-mountakha\/\"},\"author\":{\"name\":\"LA REDACTION\",\"@id\":\"https:\/\/www.public.sn\/#\/schema\/person\/e3f4a11b037d4203902db148f9bc8d5a\"},\"headline\":\"En visite \u00e0 Touba, la coalition Takku Wallu S\u00e9n\u00e9gal a fait un expos\u00e9 de la situation politique du S\u00e9n\u00e9gal devant Serigne Mountakha\",\"datePublished\":\"2024-11-04T07:33:23+00:00\",\"dateModified\":\"2024-11-17T02:20:27+00:00\",\"mainEntityOfPage\":{\"@id\":\"https:\/\/www.public.sn\/index.php\/2024\/11\/04\/en-visite-a-touba-la-coalition-takku-wallu-senegal-a-fait-un-expose-de-la-situation-politique-du-senegal-devant-serigne-mountakha\/\"},\"wordCount\":343,\"commentCount\":0,\"publisher\":{\"@id\":\"https:\/\/www.public.sn\/#organization\"},\"image\":{\"@id\":\"https:\/\/www.public.sn\/index.php\/2024\/11\/04\/en-visite-a-touba-la-coalition-takku-wallu-senegal-a-fait-un-expose-de-la-situation-politique-du-senegal-devant-serigne-mountakha\/#primaryimage\"},\"thumbnailUrl\":\"https:\/\/www.public.sn\/wp-content\/uploads\/2024\/11\/WhatsApp-Image-2024-11-03-at-22.43.41.jpeg\",\"articleSection\":[\"ACTUALIT\u00c9S\",\"REVUE DE PRESSE\",\"S\u00c9N\u00c9GAL\"],\"inLanguage\":\"fr-FR\",\"potentialAction\":[{\"@type\":\"CommentAction\",\"name\":\"Comment\",\"target\":[\"https:\/\/www.public.sn\/index.php\/2024\/11\/04\/en-visite-a-touba-la-coalition-takku-wallu-senegal-a-fait-un-expose-de-la-situation-politique-du-senegal-devant-serigne-mountakha\/#respond\"]}]},{\"@type\":\"WebPage\",\"@id\":\"https:\/\/www.public.sn\/index.php\/2024\/11\/04\/en-visite-a-touba-la-coalition-takku-wallu-senegal-a-fait-un-expose-de-la-situation-politique-du-senegal-devant-serigne-mountakha\/\",\"url\":\"https:\/\/www.public.sn\/index.php\/2024\/11\/04\/en-visite-a-touba-la-coalition-takku-wallu-senegal-a-fait-un-expose-de-la-situation-politique-du-senegal-devant-serigne-mountakha\/\",\"name\":\"En visite \u00e0 Touba, la coalition Takku Wallu S\u00e9n\u00e9gal a fait un expos\u00e9 de la situation politique du S\u00e9n\u00e9gal devant Serigne Mountakha - LE PUBLIC\",\"isPartOf\":{\"@id\":\"https:\/\/www.public.sn\/#website\"},\"primaryImageOfPage\":{\"@id\":\"https:\/\/www.public.sn\/index.php\/2024\/11\/04\/en-visite-a-touba-la-coalition-takku-wallu-senegal-a-fait-un-expose-de-la-situation-politique-du-senegal-devant-serigne-mountakha\/#primaryimage\"},\"image\":{\"@id\":\"https:\/\/www.public.sn\/index.php\/2024\/11\/04\/en-visite-a-touba-la-coalition-takku-wallu-senegal-a-fait-un-expose-de-la-situation-politique-du-senegal-devant-serigne-mountakha\/#primaryimage\"},\"thumbnailUrl\":\"https:\/\/www.public.sn\/wp-content\/uploads\/2024\/11\/WhatsApp-Image-2024-11-03-at-22.43.41.jpeg\",\"datePublished\":\"2024-11-04T07:33:23+00:00\",\"dateModified\":\"2024-11-17T02:20:27+00:00\",\"breadcrumb\":{\"@id\":\"https:\/\/www.public.sn\/index.php\/2024\/11\/04\/en-visite-a-touba-la-coalition-takku-wallu-senegal-a-fait-un-expose-de-la-situation-politique-du-senegal-devant-serigne-mountakha\/#breadcrumb\"},\"inLanguage\":\"fr-FR\",\"potentialAction\":[{\"@type\":\"ReadAction\",\"target\":[\"https:\/\/www.public.sn\/index.php\/2024\/11\/04\/en-visite-a-touba-la-coalition-takku-wallu-senegal-a-fait-un-expose-de-la-situation-politique-du-senegal-devant-serigne-mountakha\/\"]}]},{\"@type\":\"ImageObject\",\"inLanguage\":\"fr-FR\",\"@id\":\"https:\/\/www.public.sn\/index.php\/2024\/11\/04\/en-visite-a-touba-la-coalition-takku-wallu-senegal-a-fait-un-expose-de-la-situation-politique-du-senegal-devant-serigne-mountakha\/#primaryimage\",\"url\":\"https:\/\/www.public.sn\/wp-content\/uploads\/2024\/11\/WhatsApp-Image-2024-11-03-at-22.43.41.jpeg\",\"contentUrl\":\"https:\/\/www.public.sn\/wp-content\/uploads\/2024\/11\/WhatsApp-Image-2024-11-03-at-22.43.41.jpeg\",\"width\":1080,\"height\":810},{\"@type\":\"BreadcrumbList\",\"@id\":\"https:\/\/www.public.sn\/index.php\/2024\/11\/04\/en-visite-a-touba-la-coalition-takku-wallu-senegal-a-fait-un-expose-de-la-situation-politique-du-senegal-devant-serigne-mountakha\/#breadcrumb\",\"itemListElement\":[{\"@type\":\"ListItem\",\"position\":1,\"name\":\"Accueil\",\"item\":\"https:\/\/www.public.sn\/\"},{\"@type\":\"ListItem\",\"position\":2,\"name\":\"En visite \u00e0 Touba, la coalition Takku Wallu S\u00e9n\u00e9gal a fait un expos\u00e9 de la situation politique du S\u00e9n\u00e9gal devant Serigne Mountakha\"}]},{\"@type\":\"WebSite\",\"@id\":\"https:\/\/www.public.sn\/#website\",\"url\":\"https:\/\/www.public.sn\/\",\"name\":\"LE PUBLIC\",\"description\":\"\",\"publisher\":{\"@id\":\"https:\/\/www.public.sn\/#organization\"},\"potentialAction\":[{\"@type\":\"SearchAction\",\"target\":{\"@type\":\"EntryPoint\",\"urlTemplate\":\"https:\/\/www.public.sn\/?s={search_term_string}\"},\"query-input\":{\"@type\":\"PropertyValueSpecification\",\"valueRequired\":true,\"valueName\":\"search_term_string\"}}],\"inLanguage\":\"fr-FR\"},{\"@type\":\"Organization\",\"@id\":\"https:\/\/www.public.sn\/#organization\",\"name\":\"LE PUBLIC\",\"url\":\"https:\/\/www.public.sn\/\",\"logo\":{\"@type\":\"ImageObject\",\"inLanguage\":\"fr-FR\",\"@id\":\"https:\/\/www.public.sn\/#\/schema\/logo\/image\/\",\"url\":\"https:\/\/www.public.sn\/wp-content\/uploads\/2024\/05\/cropped-LOGO-PUBLIC.SN_.png\",\"contentUrl\":\"https:\/\/www.public.sn\/wp-content\/uploads\/2024\/05\/cropped-LOGO-PUBLIC.SN_.png\",\"width\":682,\"height\":192,\"caption\":\"LE PUBLIC\"},\"image\":{\"@id\":\"https:\/\/www.public.sn\/#\/schema\/logo\/image\/\"}},{\"@type\":\"Person\",\"@id\":\"https:\/\/www.public.sn\/#\/schema\/person\/e3f4a11b037d4203902db148f9bc8d5a\",\"name\":\"LA REDACTION\",\"image\":{\"@type\":\"ImageObject\",\"inLanguage\":\"fr-FR\",\"@id\":\"https:\/\/www.public.sn\/#\/schema\/person\/image\/\",\"url\":\"https:\/\/secure.gravatar.com\/avatar\/d6c030db45db2883c075085c5d6c6258654a801a93766b49af0b82d4f454e2a5?s=96&d=mm&r=g\",\"contentUrl\":\"https:\/\/secure.gravatar.com\/avatar\/d6c030db45db2883c075085c5d6c6258654a801a93766b49af0b82d4f454e2a5?s=96&d=mm&r=g\",\"caption\":\"LA REDACTION\"},\"sameAs\":[\"http:\/\/www.public.sn\"],\"url\":\"https:\/\/www.public.sn\/index.php\/author\/admin7324\/\"}]}<\/script>\n<!-- \/ Yoast SEO plugin. -->","yoast_head_json":{"title":"En visite \u00e0 Touba, la coalition Takku Wallu S\u00e9n\u00e9gal a fait un expos\u00e9 de la situation politique du S\u00e9n\u00e9gal devant Serigne Mountakha - LE PUBLIC","robots":{"index":"index","follow":"follow","max-snippet":"max-snippet:-1","max-image-preview":"max-image-preview:large","max-video-preview":"max-video-preview:-1"},"canonical":"https:\/\/www.public.sn\/index.php\/2024\/11\/04\/en-visite-a-touba-la-coalition-takku-wallu-senegal-a-fait-un-expose-de-la-situation-politique-du-senegal-devant-serigne-mountakha\/","og_locale":"fr_FR","og_type":"article","og_title":"En visite \u00e0 Touba, la coalition Takku Wallu S\u00e9n\u00e9gal a fait un expos\u00e9 de la situation politique du S\u00e9n\u00e9gal devant Serigne Mountakha - LE PUBLIC","og_description":"Une forte d\u00e9l\u00e9gation de \u00ab Takku Wallu \u00bb qui a \u00e9t\u00e9 re\u00e7ue par le Khalife G\u00e9n\u00e9ral des Mourides. Khadim Gueye, Lamine Thiam, Oumar Sarr, Alioune Diop, Modou Diagne Fada, Serigne Cheikh Abdou Lahad Mback\u00e9 Ga\u00efnd\u00e9 Fatma, Serigne Modou Bara Dolly, Serigne Makhtar Diop etc\u2026 ont \u00e9t\u00e9 d\u00e9p\u00each\u00e9s par les Pr\u00e9sidents Wade et Sall aupr\u00e8s du Khalife. La coalition Takku Wallu a fait un large expos\u00e9 de la situation politique du S\u00e9n\u00e9gal devant Serigne Mountakha . Prenant la parole au nom de Wade, l\u2019ancien ministre Khadim Gu\u00e8ye s\u2019est r\u00e9joui de l\u2019accueil avant de pr\u00e9senter la coalition en ces termes \u00ab une addition entre Takku de Macky et Wallu de Wade, symbolisant selon lui, les retrouvailles de la famille lib\u00e9rale qui ont \u00e9t\u00e9 rejoints par d\u2019autres leaders tels que Khalifa Sall au sein d\u2019une intercoalition dans beaucoup de localit\u00e9s. \u00bb Au nom de Takku du Pr\u00e9sident Sall, c\u2019est Modou Diagne Fada qui a pris la parole pour expliquer au Khalife les raisons qui ont pouss\u00e9 l\u2019ancien Chef de l\u2019\u00c9tat \u00e0 s\u2019investir dans ces \u00e9lections l\u00e9gislatives alors qu\u2019il pouvait tranquillement se reposer. Il dira au Khalife que \u00ab si le Pr\u00e9sident Macky est encore dans l\u2019ar\u00e8ne politique, c\u2019est parce qu\u2019il a vu que la voie emprunt\u00e9e par ce pays depuis que le nouveau r\u00e9gime a pris ses marques n\u2019est pas la meilleure. Son seul et unique objectif est de sauver le S\u00e9n\u00e9gal de la pente dangereuse dans lequel notre pays est en train de glisser \u00bb. Face \u00e0 la presse apr\u00e8s l\u2019entretien avec le Khalife, Modou Diagne Fada ajoutera qu\u2019il est bien possible que le Pr\u00e9sident d\u00e9barque au pays. \u00ab Nous sommes en train d\u2019appr\u00e9cier la situation \u00bb dira Modou Diagne Fada face \u00e0 la presse.","og_url":"https:\/\/www.public.sn\/index.php\/2024\/11\/04\/en-visite-a-touba-la-coalition-takku-wallu-senegal-a-fait-un-expose-de-la-situation-politique-du-senegal-devant-serigne-mountakha\/","og_site_name":"LE PUBLIC","article_published_time":"2024-11-04T07:33:23+00:00","article_modified_time":"2024-11-17T02:20:27+00:00","og_image":[{"width":1080,"height":810,"url":"https:\/\/www.public.sn\/wp-content\/uploads\/2024\/11\/WhatsApp-Image-2024-11-03-at-22.43.41.jpeg","type":"image\/jpeg"}],"author":"LA REDACTION","twitter_card":"summary_large_image","twitter_misc":{"\u00c9crit par":"LA REDACTION","Dur\u00e9e de lecture estim\u00e9e":"4 minutes"},"schema":{"@context":"https:\/\/schema.org","@graph":[{"@type":"Article","@id":"https:\/\/www.public.sn\/index.php\/2024\/11\/04\/en-visite-a-touba-la-coalition-takku-wallu-senegal-a-fait-un-expose-de-la-situation-politique-du-senegal-devant-serigne-mountakha\/#article","isPartOf":{"@id":"https:\/\/www.public.sn\/index.php\/2024\/11\/04\/en-visite-a-touba-la-coalition-takku-wallu-senegal-a-fait-un-expose-de-la-situation-politique-du-senegal-devant-serigne-mountakha\/"},"author":{"name":"LA REDACTION","@id":"https:\/\/www.public.sn\/#\/schema\/person\/e3f4a11b037d4203902db148f9bc8d5a"},"headline":"En visite \u00e0 Touba, la coalition Takku Wallu S\u00e9n\u00e9gal a fait un expos\u00e9 de la situation politique du S\u00e9n\u00e9gal devant Serigne Mountakha","datePublished":"2024-11-04T07:33:23+00:00","dateModified":"2024-11-17T02:20:27+00:00","mainEntityOfPage":{"@id":"https:\/\/www.public.sn\/index.php\/2024\/11\/04\/en-visite-a-touba-la-coalition-takku-wallu-senegal-a-fait-un-expose-de-la-situation-politique-du-senegal-devant-serigne-mountakha\/"},"wordCount":343,"commentCount":0,"publisher":{"@id":"https:\/\/www.public.sn\/#organization"},"image":{"@id":"https:\/\/www.public.sn\/index.php\/2024\/11\/04\/en-visite-a-touba-la-coalition-takku-wallu-senegal-a-fait-un-expose-de-la-situation-politique-du-senegal-devant-serigne-mountakha\/#primaryimage"},"thumbnailUrl":"https:\/\/www.public.sn\/wp-content\/uploads\/2024\/11\/WhatsApp-Image-2024-11-03-at-22.43.41.jpeg","articleSection":["ACTUALIT\u00c9S","REVUE DE PRESSE","S\u00c9N\u00c9GAL"],"inLanguage":"fr-FR","potentialAction":[{"@type":"CommentAction","name":"Comment","target":["https:\/\/www.public.sn\/index.php\/2024\/11\/04\/en-visite-a-touba-la-coalition-takku-wallu-senegal-a-fait-un-expose-de-la-situation-politique-du-senegal-devant-serigne-mountakha\/#respond"]}]},{"@type":"WebPage","@id":"https:\/\/www.public.sn\/index.php\/2024\/11\/04\/en-visite-a-touba-la-coalition-takku-wallu-senegal-a-fait-un-expose-de-la-situation-politique-du-senegal-devant-serigne-mountakha\/","url":"https:\/\/www.public.sn\/index.php\/2024\/11\/04\/en-visite-a-touba-la-coalition-takku-wallu-senegal-a-fait-un-expose-de-la-situation-politique-du-senegal-devant-serigne-mountakha\/","name":"En visite \u00e0 Touba, la coalition Takku Wallu S\u00e9n\u00e9gal a fait un expos\u00e9 de la situation politique du S\u00e9n\u00e9gal devant Serigne Mountakha - LE PUBLIC","isPartOf":{"@id":"https:\/\/www.public.sn\/#website"},"primaryImageOfPage":{"@id":"https:\/\/www.public.sn\/index.php\/2024\/11\/04\/en-visite-a-touba-la-coalition-takku-wallu-senegal-a-fait-un-expose-de-la-situation-politique-du-senegal-devant-serigne-mountakha\/#primaryimage"},"image":{"@id":"https:\/\/www.public.sn\/index.php\/2024\/11\/04\/en-visite-a-touba-la-coalition-takku-wallu-senegal-a-fait-un-expose-de-la-situation-politique-du-senegal-devant-serigne-mountakha\/#primaryimage"},"thumbnailUrl":"https:\/\/www.public.sn\/wp-content\/uploads\/2024\/11\/WhatsApp-Image-2024-11-03-at-22.43.41.jpeg","datePublished":"2024-11-04T07:33:23+00:00","dateModified":"2024-11-17T02:20:27+00:00","breadcrumb":{"@id":"https:\/\/www.public.sn\/index.php\/2024\/11\/04\/en-visite-a-touba-la-coalition-takku-wallu-senegal-a-fait-un-expose-de-la-situation-politique-du-senegal-devant-serigne-mountakha\/#breadcrumb"},"inLanguage":"fr-FR","potentialAction":[{"@type":"ReadAction","target":["https:\/\/www.public.sn\/index.php\/2024\/11\/04\/en-visite-a-touba-la-coalition-takku-wallu-senegal-a-fait-un-expose-de-la-situation-politique-du-senegal-devant-serigne-mountakha\/"]}]},{"@type":"ImageObject","inLanguage":"fr-FR","@id":"https:\/\/www.public.sn\/index.php\/2024\/11\/04\/en-visite-a-touba-la-coalition-takku-wallu-senegal-a-fait-un-expose-de-la-situation-politique-du-senegal-devant-serigne-mountakha\/#primaryimage","url":"https:\/\/www.public.sn\/wp-content\/uploads\/2024\/11\/WhatsApp-Image-2024-11-03-at-22.43.41.jpeg","contentUrl":"https:\/\/www.public.sn\/wp-content\/uploads\/2024\/11\/WhatsApp-Image-2024-11-03-at-22.43.41.jpeg","width":1080,"height":810},{"@type":"BreadcrumbList","@id":"https:\/\/www.public.sn\/index.php\/2024\/11\/04\/en-visite-a-touba-la-coalition-takku-wallu-senegal-a-fait-un-expose-de-la-situation-politique-du-senegal-devant-serigne-mountakha\/#breadcrumb","itemListElement":[{"@type":"ListItem","position":1,"name":"Accueil","item":"https:\/\/www.public.sn\/"},{"@type":"ListItem","position":2,"name":"En visite \u00e0 Touba, la coalition Takku Wallu S\u00e9n\u00e9gal a fait un expos\u00e9 de la situation politique du S\u00e9n\u00e9gal devant Serigne Mountakha"}]},{"@type":"WebSite","@id":"https:\/\/www.public.sn\/#website","url":"https:\/\/www.public.sn\/","name":"LE PUBLIC","description":"","publisher":{"@id":"https:\/\/www.public.sn\/#organization"},"potentialAction":[{"@type":"SearchAction","target":{"@type":"EntryPoint","urlTemplate":"https:\/\/www.public.sn\/?s={search_term_string}"},"query-input":{"@type":"PropertyValueSpecification","valueRequired":true,"valueName":"search_term_string"}}],"inLanguage":"fr-FR"},{"@type":"Organization","@id":"https:\/\/www.public.sn\/#organization","name":"LE PUBLIC","url":"https:\/\/www.public.sn\/","logo":{"@type":"ImageObject","inLanguage":"fr-FR","@id":"https:\/\/www.public.sn\/#\/schema\/logo\/image\/","url":"https:\/\/www.public.sn\/wp-content\/uploads\/2024\/05\/cropped-LOGO-PUBLIC.SN_.png","contentUrl":"https:\/\/www.public.sn\/wp-content\/uploads\/2024\/05\/cropped-LOGO-PUBLIC.SN_.png","width":682,"height":192,"caption":"LE PUBLIC"},"image":{"@id":"https:\/\/www.public.sn\/#\/schema\/logo\/image\/"}},{"@type":"Person","@id":"https:\/\/www.public.sn\/#\/schema\/person\/e3f4a11b037d4203902db148f9bc8d5a","name":"LA REDACTION","image":{"@type":"ImageObject","inLanguage":"fr-FR","@id":"https:\/\/www.public.sn\/#\/schema\/person\/image\/","url":"https:\/\/secure.gravatar.com\/avatar\/d6c030db45db2883c075085c5d6c6258654a801a93766b49af0b82d4f454e2a5?s=96&d=mm&r=g","contentUrl":"https:\/\/secure.gravatar.com\/avatar\/d6c030db45db2883c075085c5d6c6258654a801a93766b49af0b82d4f454e2a5?s=96&d=mm&r=g","caption":"LA REDACTION"},"sameAs":["http:\/\/www.public.sn"],"url":"https:\/\/www.public.sn\/index.php\/author\/admin7324\/"}]}},"jetpack_featured_media_url":"https:\/\/www.public.sn\/wp-content\/uploads\/2024\/11\/WhatsApp-Image-2024-11-03-at-22.43.41.jpeg","jetpack_sharing_enabled":true,"_links":{"self":[{"href":"https:\/\/www.public.sn\/index.php\/wp-json\/wp\/v2\/posts\/35576","targetHints":{"allow":["GET"]}}],"collection":[{"href":"https:\/\/www.public.sn\/index.php\/wp-json\/wp\/v2\/posts"}],"about":[{"href":"https:\/\/www.public.sn\/index.php\/wp-json\/wp\/v2\/types\/post"}],"author":[{"embeddable":true,"href":"https:\/\/www.public.sn\/index.php\/wp-json\/wp\/v2\/users\/1"}],"replies":[{"embeddable":true,"href":"https:\/\/www.public.sn\/index.php\/wp-json\/wp\/v2\/comments?post=35576"}],"version-history":[{"count":1,"href":"https:\/\/www.public.sn\/index.php\/wp-json\/wp\/v2\/posts\/35576\/revisions"}],"predecessor-version":[{"id":35585,"href":"https:\/\/www.public.sn\/index.php\/wp-json\/wp\/v2\/posts\/35576\/revisions\/35585"}],"wp:featuredmedia":[{"embeddable":true,"href":"https:\/\/www.public.sn\/index.php\/wp-json\/wp\/v2\/media\/35584"}],"wp:attachment":[{"href":"https:\/\/www.public.sn\/index.php\/wp-json\/wp\/v2\/media?parent=35576"}],"wp:term":[{"taxonomy":"category","embeddable":true,"href":"https:\/\/www.public.sn\/index.php\/wp-json\/wp\/v2\/categories?post=35576"},{"taxonomy":"post_tag","embeddable":true,"href":"https:\/\/www.public.sn\/index.php\/wp-json\/wp\/v2\/tags?post=35576"}],"curies":[{"name":"wp","href":"https:\/\/api.w.org\/{rel}","templated":true}]}}