{"id":356,"date":"2022-08-21T10:41:39","date_gmt":"2022-08-21T08:41:39","guid":{"rendered":"https:\/\/www.public.sn\/?p=356"},"modified":"2022-08-21T10:44:30","modified_gmt":"2022-08-21T08:44:30","slug":"ums-le-president-ousmane-chimere-diouf-a-ousmane-sonko-les-institutions-de-la-republique-sont-au-dessus-de-tout-interet-personnel","status":"publish","type":"post","link":"https:\/\/www.public.sn\/index.php\/2022\/08\/21\/ums-le-president-ousmane-chimere-diouf-a-ousmane-sonko-les-institutions-de-la-republique-sont-au-dessus-de-tout-interet-personnel\/","title":{"rendered":"UMS : Le Pr\u00e9sident Ousmane Chim\u00e8re Diouf \u00e0 Ousmane Sonko \u00ab\u00a0Les institutions de la R\u00e9publique sont au-dessus de tout int\u00e9r\u00eat personnel\u00a0\u00bb."},"content":{"rendered":"\n<h3 class=\"wp-block-heading\"><em>Lors d&rsquo;un entretien sur une chaine de t\u00e9l\u00e9vision de la place, le leader du Pastef, Ousmane Sonko avait affirm\u00e9 que sur l&rsquo;affaire Adji Sarr, aucun juge ne pouvait l\u2019emmener en prison.<\/em><\/h3>\n\n\n\n<p>Des propos qui avaient outr\u00e9 la magistrature, obligeant l\u2019Union des magistrats du S\u00e9n\u00e9gal (UMS) \u00e0 r\u00e9agir. \u00c0 l\u2019\u00e9poque, Ousmane Chim\u00e8re Diouf, pr\u00e9sident de l&rsquo;UMS, assurait qu&rsquo;il ne sera permis \u00e0 aucun justiciable, quel que soit son rang, de se hisser au-dessus des lois en s\u2019arrogeant le droit de vouer aux g\u00e9monies le respect d\u00fb \u00e0 la justice.\u00a0<em>\u201cLes institutions de la R\u00e9publique sont au-dessus de tout int\u00e9r\u00eat personnel. Elles sont en effet p\u00e9rennes alors que lesdits int\u00e9r\u00eats ne sont que provisoires\u00a0\u00bb<\/em>, affirma-t-il.\u00a0<\/p><div class=\"publi-paragraphe1\" style=\"margin-top: 10px;margin-bottom: 10px;margin-left: auto;margin-right: auto;text-align: center;\" id=\"publi-1476430254\"><div class=\"publi-adlabel\">Publicit\u00e9<\/div><script async src=\"\/\/pagead2.googlesyndication.com\/pagead\/js\/adsbygoogle.js?client=ca-pub-4089586018074219\" crossorigin=\"anonymous\"><\/script><ins class=\"adsbygoogle\" style=\"display:block;\" data-ad-client=\"ca-pub-4089586018074219\" \ndata-ad-slot=\"2087940154\" \ndata-ad-format=\"auto\"><\/ins>\n<script> \n(adsbygoogle = window.adsbygoogle || []).push({}); \n<\/script>\n<\/div>\n\n\n\n<p>Au cours de l&rsquo;assembl\u00e9e g\u00e9n\u00e9rale ordinaire de l&rsquo;UMS, le Pr\u00e9sident a \u00e9t\u00e9 une fois de plus interpell\u00e9 sur la sortie du maire de Ziguinchor.&nbsp;<\/p>\n\n\n\n<p>Le magistrat de soutenir : <em>\u00a0\u00bbQuand je fais ma sortie, je ne vise personne. Toutefois, je d\u00e9fends une corporation et des int\u00e9r\u00eats. Maintenant chacun a le droit d&rsquo;avoir une opinion sur une sortie mais personnellement je n&rsquo;entrerai dans aucune pol\u00e9mique. Ce n&rsquo;est pas Ousmane Chim\u00e8re Diouf contre Ousmane Sonko. C&rsquo;est le pr\u00e9sident de l&rsquo;UMS qui se pronon\u00e7ait au nom de ses coll\u00e8gues pour d\u00e9fendre des principes qui gouvernent la justice et la magistrature. Je m&rsquo;en tiens \u00e0 cela\u00a0\u00bb<\/em>\u00a0 <\/p>\n\n\n\n<p><em>R\u00e9daction Public SN<\/em><\/p>\n<div class=\"publi-apres-le-contenu\" style=\"margin-top: 10px;margin-bottom: 10px;margin-left: auto;margin-right: auto;text-align: center;\" id=\"publi-2133068634\"><div class=\"publi-adlabel\">Publicit\u00e9<\/div><script async src=\"\/\/pagead2.googlesyndication.com\/pagead\/js\/adsbygoogle.js?client=ca-pub-4089586018074219\" crossorigin=\"anonymous\"><\/script><ins class=\"adsbygoogle\" style=\"display:block;\" data-ad-client=\"ca-pub-4089586018074219\" \ndata-ad-slot=\"2087940154\" \ndata-ad-format=\"auto\"><\/ins>\n<script> \n(adsbygoogle = window.adsbygoogle || []).push({}); \n<\/script>\n<\/div>","protected":false},"excerpt":{"rendered":"<p>Lors d&rsquo;un entretien sur une chaine de t\u00e9l\u00e9vision de la place, le leader du Pastef, Ousmane Sonko avait affirm\u00e9 que sur l&rsquo;affaire Adji Sarr, aucun juge ne pouvait l\u2019emmener en prison. Des propos qui avaient outr\u00e9 la magistrature, obligeant l\u2019Union des magistrats du S\u00e9n\u00e9gal (UMS) \u00e0 r\u00e9agir. \u00c0 l\u2019\u00e9poque, Ousmane Chim\u00e8re Diouf, pr\u00e9sident de l&rsquo;UMS, assurait qu&rsquo;il ne sera permis \u00e0 aucun justiciable, quel que soit son rang, de se hisser au-dessus des lois en s\u2019arrogeant le droit de vouer aux g\u00e9monies le respect d\u00fb \u00e0 la justice.\u00a0\u201cLes institutions de la R\u00e9publique sont au-dessus de tout int\u00e9r\u00eat personnel. Elles sont en effet p\u00e9rennes alors que lesdits int\u00e9r\u00eats ne sont que provisoires\u00a0\u00bb, affirma-t-il.\u00a0 Au cours de l&rsquo;assembl\u00e9e g\u00e9n\u00e9rale ordinaire de l&rsquo;UMS, le Pr\u00e9sident a \u00e9t\u00e9 une fois de plus interpell\u00e9 sur la sortie du maire de Ziguinchor.&nbsp; Le magistrat de soutenir : \u00a0\u00bbQuand je fais ma sortie, je ne vise personne. Toutefois, je d\u00e9fends une corporation et des int\u00e9r\u00eats. Maintenant chacun a le droit d&rsquo;avoir une opinion sur une sortie mais personnellement je n&rsquo;entrerai dans aucune pol\u00e9mique. Ce n&rsquo;est pas Ousmane Chim\u00e8re Diouf contre Ousmane Sonko. C&rsquo;est le pr\u00e9sident de l&rsquo;UMS qui se pronon\u00e7ait au nom de ses coll\u00e8gues pour d\u00e9fendre des principes qui gouvernent la justice et la magistrature. Je m&rsquo;en tiens \u00e0 cela\u00a0\u00bb\u00a0 R\u00e9daction Public SN<\/p>\n","protected":false},"author":1,"featured_media":357,"comment_status":"open","ping_status":"open","sticky":false,"template":"","format":"standard","meta":{"_jetpack_memberships_contains_paid_content":false,"footnotes":""},"categories":[3,4],"tags":[24,161,16,98],"class_list":["post-356","post","type-post","status-publish","format-standard","has-post-thumbnail","hentry","category-politique","category-societe","tag-justice","tag-ousmane-chimere-diouf","tag-ousmane-sonko","tag-ums","entry","has-media","owp-thumbs-layout-horizontal","owp-btn-normal","owp-tabs-layout-horizontal","has-no-thumbnails","has-product-nav"],"yoast_head":"<!-- This site is optimized with the Yoast SEO plugin v25.5 - https:\/\/yoast.com\/wordpress\/plugins\/seo\/ -->\n<title>UMS : Le Pr\u00e9sident Ousmane Chim\u00e8re Diouf \u00e0 Ousmane Sonko &quot;Les institutions de la R\u00e9publique sont au-dessus de tout int\u00e9r\u00eat personnel&quot;. - LE PUBLIC<\/title>\n<meta name=\"robots\" content=\"index, follow, max-snippet:-1, max-image-preview:large, max-video-preview:-1\" \/>\n<link rel=\"canonical\" href=\"https:\/\/www.public.sn\/index.php\/2022\/08\/21\/ums-le-president-ousmane-chimere-diouf-a-ousmane-sonko-les-institutions-de-la-republique-sont-au-dessus-de-tout-interet-personnel\/\" \/>\n<meta property=\"og:locale\" content=\"fr_FR\" \/>\n<meta property=\"og:type\" content=\"article\" \/>\n<meta property=\"og:title\" content=\"UMS : Le Pr\u00e9sident Ousmane Chim\u00e8re Diouf \u00e0 Ousmane Sonko &quot;Les institutions de la R\u00e9publique sont au-dessus de tout int\u00e9r\u00eat personnel&quot;. - LE PUBLIC\" \/>\n<meta property=\"og:description\" content=\"Lors d&rsquo;un entretien sur une chaine de t\u00e9l\u00e9vision de la place, le leader du Pastef, Ousmane Sonko avait affirm\u00e9 que sur l&rsquo;affaire Adji Sarr, aucun juge ne pouvait l\u2019emmener en prison. Des propos qui avaient outr\u00e9 la magistrature, obligeant l\u2019Union des magistrats du S\u00e9n\u00e9gal (UMS) \u00e0 r\u00e9agir. \u00c0 l\u2019\u00e9poque, Ousmane Chim\u00e8re Diouf, pr\u00e9sident de l&rsquo;UMS, assurait qu&rsquo;il ne sera permis \u00e0 aucun justiciable, quel que soit son rang, de se hisser au-dessus des lois en s\u2019arrogeant le droit de vouer aux g\u00e9monies le respect d\u00fb \u00e0 la justice.\u00a0\u201cLes institutions de la R\u00e9publique sont au-dessus de tout int\u00e9r\u00eat personnel. Elles sont en effet p\u00e9rennes alors que lesdits int\u00e9r\u00eats ne sont que provisoires\u00a0\u00bb, affirma-t-il.\u00a0 Au cours de l&rsquo;assembl\u00e9e g\u00e9n\u00e9rale ordinaire de l&rsquo;UMS, le Pr\u00e9sident a \u00e9t\u00e9 une fois de plus interpell\u00e9 sur la sortie du maire de Ziguinchor.&nbsp; Le magistrat de soutenir : \u00a0\u00bbQuand je fais ma sortie, je ne vise personne. Toutefois, je d\u00e9fends une corporation et des int\u00e9r\u00eats. Maintenant chacun a le droit d&rsquo;avoir une opinion sur une sortie mais personnellement je n&rsquo;entrerai dans aucune pol\u00e9mique. Ce n&rsquo;est pas Ousmane Chim\u00e8re Diouf contre Ousmane Sonko. C&rsquo;est le pr\u00e9sident de l&rsquo;UMS qui se pronon\u00e7ait au nom de ses coll\u00e8gues pour d\u00e9fendre des principes qui gouvernent la justice et la magistrature. Je m&rsquo;en tiens \u00e0 cela\u00a0\u00bb\u00a0 R\u00e9daction Public SN\" \/>\n<meta property=\"og:url\" content=\"https:\/\/www.public.sn\/index.php\/2022\/08\/21\/ums-le-president-ousmane-chimere-diouf-a-ousmane-sonko-les-institutions-de-la-republique-sont-au-dessus-de-tout-interet-personnel\/\" \/>\n<meta property=\"og:site_name\" content=\"LE PUBLIC\" \/>\n<meta property=\"article:published_time\" content=\"2022-08-21T08:41:39+00:00\" \/>\n<meta property=\"article:modified_time\" content=\"2022-08-21T08:44:30+00:00\" \/>\n<meta property=\"og:image\" content=\"https:\/\/www.public.sn\/wp-content\/uploads\/2022\/08\/61076470-44594643.jpeg\" \/>\n\t<meta property=\"og:image:width\" content=\"881\" \/>\n\t<meta property=\"og:image:height\" content=\"629\" \/>\n\t<meta property=\"og:image:type\" content=\"image\/jpeg\" \/>\n<meta name=\"author\" content=\"LA REDACTION\" \/>\n<meta name=\"twitter:card\" content=\"summary_large_image\" \/>\n<meta name=\"twitter:label1\" content=\"\u00c9crit par\" \/>\n\t<meta name=\"twitter:data1\" content=\"LA REDACTION\" \/>\n\t<meta name=\"twitter:label2\" content=\"Dur\u00e9e de lecture estim\u00e9e\" \/>\n\t<meta name=\"twitter:data2\" content=\"2 minutes\" \/>\n<script type=\"application\/ld+json\" class=\"yoast-schema-graph\">{\"@context\":\"https:\/\/schema.org\",\"@graph\":[{\"@type\":\"Article\",\"@id\":\"https:\/\/www.public.sn\/index.php\/2022\/08\/21\/ums-le-president-ousmane-chimere-diouf-a-ousmane-sonko-les-institutions-de-la-republique-sont-au-dessus-de-tout-interet-personnel\/#article\",\"isPartOf\":{\"@id\":\"https:\/\/www.public.sn\/index.php\/2022\/08\/21\/ums-le-president-ousmane-chimere-diouf-a-ousmane-sonko-les-institutions-de-la-republique-sont-au-dessus-de-tout-interet-personnel\/\"},\"author\":{\"name\":\"LA REDACTION\",\"@id\":\"https:\/\/www.public.sn\/#\/schema\/person\/e3f4a11b037d4203902db148f9bc8d5a\"},\"headline\":\"UMS : Le Pr\u00e9sident Ousmane Chim\u00e8re Diouf \u00e0 Ousmane Sonko \u00ab\u00a0Les institutions de la R\u00e9publique sont au-dessus de tout int\u00e9r\u00eat personnel\u00a0\u00bb.\",\"datePublished\":\"2022-08-21T08:41:39+00:00\",\"dateModified\":\"2022-08-21T08:44:30+00:00\",\"mainEntityOfPage\":{\"@id\":\"https:\/\/www.public.sn\/index.php\/2022\/08\/21\/ums-le-president-ousmane-chimere-diouf-a-ousmane-sonko-les-institutions-de-la-republique-sont-au-dessus-de-tout-interet-personnel\/\"},\"wordCount\":269,\"commentCount\":0,\"publisher\":{\"@id\":\"https:\/\/www.public.sn\/#organization\"},\"image\":{\"@id\":\"https:\/\/www.public.sn\/index.php\/2022\/08\/21\/ums-le-president-ousmane-chimere-diouf-a-ousmane-sonko-les-institutions-de-la-republique-sont-au-dessus-de-tout-interet-personnel\/#primaryimage\"},\"thumbnailUrl\":\"https:\/\/www.public.sn\/wp-content\/uploads\/2022\/08\/61076470-44594643.jpeg\",\"keywords\":[\"Justice\",\"Ousmane Chim\u00e8re Diouf\",\"Ousmane Sonko\",\"UMS\"],\"articleSection\":[\"POLITIQUE\",\"SOCIETE\"],\"inLanguage\":\"fr-FR\",\"potentialAction\":[{\"@type\":\"CommentAction\",\"name\":\"Comment\",\"target\":[\"https:\/\/www.public.sn\/index.php\/2022\/08\/21\/ums-le-president-ousmane-chimere-diouf-a-ousmane-sonko-les-institutions-de-la-republique-sont-au-dessus-de-tout-interet-personnel\/#respond\"]}]},{\"@type\":\"WebPage\",\"@id\":\"https:\/\/www.public.sn\/index.php\/2022\/08\/21\/ums-le-president-ousmane-chimere-diouf-a-ousmane-sonko-les-institutions-de-la-republique-sont-au-dessus-de-tout-interet-personnel\/\",\"url\":\"https:\/\/www.public.sn\/index.php\/2022\/08\/21\/ums-le-president-ousmane-chimere-diouf-a-ousmane-sonko-les-institutions-de-la-republique-sont-au-dessus-de-tout-interet-personnel\/\",\"name\":\"UMS : Le Pr\u00e9sident Ousmane Chim\u00e8re Diouf \u00e0 Ousmane Sonko \\\"Les institutions de la R\u00e9publique sont au-dessus de tout int\u00e9r\u00eat personnel\\\". - LE PUBLIC\",\"isPartOf\":{\"@id\":\"https:\/\/www.public.sn\/#website\"},\"primaryImageOfPage\":{\"@id\":\"https:\/\/www.public.sn\/index.php\/2022\/08\/21\/ums-le-president-ousmane-chimere-diouf-a-ousmane-sonko-les-institutions-de-la-republique-sont-au-dessus-de-tout-interet-personnel\/#primaryimage\"},\"image\":{\"@id\":\"https:\/\/www.public.sn\/index.php\/2022\/08\/21\/ums-le-president-ousmane-chimere-diouf-a-ousmane-sonko-les-institutions-de-la-republique-sont-au-dessus-de-tout-interet-personnel\/#primaryimage\"},\"thumbnailUrl\":\"https:\/\/www.public.sn\/wp-content\/uploads\/2022\/08\/61076470-44594643.jpeg\",\"datePublished\":\"2022-08-21T08:41:39+00:00\",\"dateModified\":\"2022-08-21T08:44:30+00:00\",\"breadcrumb\":{\"@id\":\"https:\/\/www.public.sn\/index.php\/2022\/08\/21\/ums-le-president-ousmane-chimere-diouf-a-ousmane-sonko-les-institutions-de-la-republique-sont-au-dessus-de-tout-interet-personnel\/#breadcrumb\"},\"inLanguage\":\"fr-FR\",\"potentialAction\":[{\"@type\":\"ReadAction\",\"target\":[\"https:\/\/www.public.sn\/index.php\/2022\/08\/21\/ums-le-president-ousmane-chimere-diouf-a-ousmane-sonko-les-institutions-de-la-republique-sont-au-dessus-de-tout-interet-personnel\/\"]}]},{\"@type\":\"ImageObject\",\"inLanguage\":\"fr-FR\",\"@id\":\"https:\/\/www.public.sn\/index.php\/2022\/08\/21\/ums-le-president-ousmane-chimere-diouf-a-ousmane-sonko-les-institutions-de-la-republique-sont-au-dessus-de-tout-interet-personnel\/#primaryimage\",\"url\":\"https:\/\/www.public.sn\/wp-content\/uploads\/2022\/08\/61076470-44594643.jpeg\",\"contentUrl\":\"https:\/\/www.public.sn\/wp-content\/uploads\/2022\/08\/61076470-44594643.jpeg\",\"width\":881,\"height\":629},{\"@type\":\"BreadcrumbList\",\"@id\":\"https:\/\/www.public.sn\/index.php\/2022\/08\/21\/ums-le-president-ousmane-chimere-diouf-a-ousmane-sonko-les-institutions-de-la-republique-sont-au-dessus-de-tout-interet-personnel\/#breadcrumb\",\"itemListElement\":[{\"@type\":\"ListItem\",\"position\":1,\"name\":\"Accueil\",\"item\":\"https:\/\/www.public.sn\/\"},{\"@type\":\"ListItem\",\"position\":2,\"name\":\"UMS : Le Pr\u00e9sident Ousmane Chim\u00e8re Diouf \u00e0 Ousmane Sonko \u00ab\u00a0Les institutions de la R\u00e9publique sont au-dessus de tout int\u00e9r\u00eat personnel\u00a0\u00bb.\"}]},{\"@type\":\"WebSite\",\"@id\":\"https:\/\/www.public.sn\/#website\",\"url\":\"https:\/\/www.public.sn\/\",\"name\":\"LE PUBLIC\",\"description\":\"\",\"publisher\":{\"@id\":\"https:\/\/www.public.sn\/#organization\"},\"potentialAction\":[{\"@type\":\"SearchAction\",\"target\":{\"@type\":\"EntryPoint\",\"urlTemplate\":\"https:\/\/www.public.sn\/?s={search_term_string}\"},\"query-input\":{\"@type\":\"PropertyValueSpecification\",\"valueRequired\":true,\"valueName\":\"search_term_string\"}}],\"inLanguage\":\"fr-FR\"},{\"@type\":\"Organization\",\"@id\":\"https:\/\/www.public.sn\/#organization\",\"name\":\"LE PUBLIC\",\"url\":\"https:\/\/www.public.sn\/\",\"logo\":{\"@type\":\"ImageObject\",\"inLanguage\":\"fr-FR\",\"@id\":\"https:\/\/www.public.sn\/#\/schema\/logo\/image\/\",\"url\":\"https:\/\/www.public.sn\/wp-content\/uploads\/2024\/05\/cropped-LOGO-PUBLIC.SN_.png\",\"contentUrl\":\"https:\/\/www.public.sn\/wp-content\/uploads\/2024\/05\/cropped-LOGO-PUBLIC.SN_.png\",\"width\":682,\"height\":192,\"caption\":\"LE PUBLIC\"},\"image\":{\"@id\":\"https:\/\/www.public.sn\/#\/schema\/logo\/image\/\"}},{\"@type\":\"Person\",\"@id\":\"https:\/\/www.public.sn\/#\/schema\/person\/e3f4a11b037d4203902db148f9bc8d5a\",\"name\":\"LA REDACTION\",\"image\":{\"@type\":\"ImageObject\",\"inLanguage\":\"fr-FR\",\"@id\":\"https:\/\/www.public.sn\/#\/schema\/person\/image\/\",\"url\":\"https:\/\/secure.gravatar.com\/avatar\/d6c030db45db2883c075085c5d6c6258654a801a93766b49af0b82d4f454e2a5?s=96&d=mm&r=g\",\"contentUrl\":\"https:\/\/secure.gravatar.com\/avatar\/d6c030db45db2883c075085c5d6c6258654a801a93766b49af0b82d4f454e2a5?s=96&d=mm&r=g\",\"caption\":\"LA REDACTION\"},\"sameAs\":[\"http:\/\/www.public.sn\"],\"url\":\"https:\/\/www.public.sn\/index.php\/author\/admin7324\/\"}]}<\/script>\n<!-- \/ Yoast SEO plugin. -->","yoast_head_json":{"title":"UMS : Le Pr\u00e9sident Ousmane Chim\u00e8re Diouf \u00e0 Ousmane Sonko \"Les institutions de la R\u00e9publique sont au-dessus de tout int\u00e9r\u00eat personnel\". - LE PUBLIC","robots":{"index":"index","follow":"follow","max-snippet":"max-snippet:-1","max-image-preview":"max-image-preview:large","max-video-preview":"max-video-preview:-1"},"canonical":"https:\/\/www.public.sn\/index.php\/2022\/08\/21\/ums-le-president-ousmane-chimere-diouf-a-ousmane-sonko-les-institutions-de-la-republique-sont-au-dessus-de-tout-interet-personnel\/","og_locale":"fr_FR","og_type":"article","og_title":"UMS : Le Pr\u00e9sident Ousmane Chim\u00e8re Diouf \u00e0 Ousmane Sonko \"Les institutions de la R\u00e9publique sont au-dessus de tout int\u00e9r\u00eat personnel\". - LE PUBLIC","og_description":"Lors d&rsquo;un entretien sur une chaine de t\u00e9l\u00e9vision de la place, le leader du Pastef, Ousmane Sonko avait affirm\u00e9 que sur l&rsquo;affaire Adji Sarr, aucun juge ne pouvait l\u2019emmener en prison. Des propos qui avaient outr\u00e9 la magistrature, obligeant l\u2019Union des magistrats du S\u00e9n\u00e9gal (UMS) \u00e0 r\u00e9agir. \u00c0 l\u2019\u00e9poque, Ousmane Chim\u00e8re Diouf, pr\u00e9sident de l&rsquo;UMS, assurait qu&rsquo;il ne sera permis \u00e0 aucun justiciable, quel que soit son rang, de se hisser au-dessus des lois en s\u2019arrogeant le droit de vouer aux g\u00e9monies le respect d\u00fb \u00e0 la justice.\u00a0\u201cLes institutions de la R\u00e9publique sont au-dessus de tout int\u00e9r\u00eat personnel. Elles sont en effet p\u00e9rennes alors que lesdits int\u00e9r\u00eats ne sont que provisoires\u00a0\u00bb, affirma-t-il.\u00a0 Au cours de l&rsquo;assembl\u00e9e g\u00e9n\u00e9rale ordinaire de l&rsquo;UMS, le Pr\u00e9sident a \u00e9t\u00e9 une fois de plus interpell\u00e9 sur la sortie du maire de Ziguinchor.&nbsp; Le magistrat de soutenir : \u00a0\u00bbQuand je fais ma sortie, je ne vise personne. Toutefois, je d\u00e9fends une corporation et des int\u00e9r\u00eats. Maintenant chacun a le droit d&rsquo;avoir une opinion sur une sortie mais personnellement je n&rsquo;entrerai dans aucune pol\u00e9mique. Ce n&rsquo;est pas Ousmane Chim\u00e8re Diouf contre Ousmane Sonko. C&rsquo;est le pr\u00e9sident de l&rsquo;UMS qui se pronon\u00e7ait au nom de ses coll\u00e8gues pour d\u00e9fendre des principes qui gouvernent la justice et la magistrature. Je m&rsquo;en tiens \u00e0 cela\u00a0\u00bb\u00a0 R\u00e9daction Public SN","og_url":"https:\/\/www.public.sn\/index.php\/2022\/08\/21\/ums-le-president-ousmane-chimere-diouf-a-ousmane-sonko-les-institutions-de-la-republique-sont-au-dessus-de-tout-interet-personnel\/","og_site_name":"LE PUBLIC","article_published_time":"2022-08-21T08:41:39+00:00","article_modified_time":"2022-08-21T08:44:30+00:00","og_image":[{"width":881,"height":629,"url":"https:\/\/www.public.sn\/wp-content\/uploads\/2022\/08\/61076470-44594643.jpeg","type":"image\/jpeg"}],"author":"LA REDACTION","twitter_card":"summary_large_image","twitter_misc":{"\u00c9crit par":"LA REDACTION","Dur\u00e9e de lecture estim\u00e9e":"2 minutes"},"schema":{"@context":"https:\/\/schema.org","@graph":[{"@type":"Article","@id":"https:\/\/www.public.sn\/index.php\/2022\/08\/21\/ums-le-president-ousmane-chimere-diouf-a-ousmane-sonko-les-institutions-de-la-republique-sont-au-dessus-de-tout-interet-personnel\/#article","isPartOf":{"@id":"https:\/\/www.public.sn\/index.php\/2022\/08\/21\/ums-le-president-ousmane-chimere-diouf-a-ousmane-sonko-les-institutions-de-la-republique-sont-au-dessus-de-tout-interet-personnel\/"},"author":{"name":"LA REDACTION","@id":"https:\/\/www.public.sn\/#\/schema\/person\/e3f4a11b037d4203902db148f9bc8d5a"},"headline":"UMS : Le Pr\u00e9sident Ousmane Chim\u00e8re Diouf \u00e0 Ousmane Sonko \u00ab\u00a0Les institutions de la R\u00e9publique sont au-dessus de tout int\u00e9r\u00eat personnel\u00a0\u00bb.","datePublished":"2022-08-21T08:41:39+00:00","dateModified":"2022-08-21T08:44:30+00:00","mainEntityOfPage":{"@id":"https:\/\/www.public.sn\/index.php\/2022\/08\/21\/ums-le-president-ousmane-chimere-diouf-a-ousmane-sonko-les-institutions-de-la-republique-sont-au-dessus-de-tout-interet-personnel\/"},"wordCount":269,"commentCount":0,"publisher":{"@id":"https:\/\/www.public.sn\/#organization"},"image":{"@id":"https:\/\/www.public.sn\/index.php\/2022\/08\/21\/ums-le-president-ousmane-chimere-diouf-a-ousmane-sonko-les-institutions-de-la-republique-sont-au-dessus-de-tout-interet-personnel\/#primaryimage"},"thumbnailUrl":"https:\/\/www.public.sn\/wp-content\/uploads\/2022\/08\/61076470-44594643.jpeg","keywords":["Justice","Ousmane Chim\u00e8re Diouf","Ousmane Sonko","UMS"],"articleSection":["POLITIQUE","SOCIETE"],"inLanguage":"fr-FR","potentialAction":[{"@type":"CommentAction","name":"Comment","target":["https:\/\/www.public.sn\/index.php\/2022\/08\/21\/ums-le-president-ousmane-chimere-diouf-a-ousmane-sonko-les-institutions-de-la-republique-sont-au-dessus-de-tout-interet-personnel\/#respond"]}]},{"@type":"WebPage","@id":"https:\/\/www.public.sn\/index.php\/2022\/08\/21\/ums-le-president-ousmane-chimere-diouf-a-ousmane-sonko-les-institutions-de-la-republique-sont-au-dessus-de-tout-interet-personnel\/","url":"https:\/\/www.public.sn\/index.php\/2022\/08\/21\/ums-le-president-ousmane-chimere-diouf-a-ousmane-sonko-les-institutions-de-la-republique-sont-au-dessus-de-tout-interet-personnel\/","name":"UMS : Le Pr\u00e9sident Ousmane Chim\u00e8re Diouf \u00e0 Ousmane Sonko \"Les institutions de la R\u00e9publique sont au-dessus de tout int\u00e9r\u00eat personnel\". - LE PUBLIC","isPartOf":{"@id":"https:\/\/www.public.sn\/#website"},"primaryImageOfPage":{"@id":"https:\/\/www.public.sn\/index.php\/2022\/08\/21\/ums-le-president-ousmane-chimere-diouf-a-ousmane-sonko-les-institutions-de-la-republique-sont-au-dessus-de-tout-interet-personnel\/#primaryimage"},"image":{"@id":"https:\/\/www.public.sn\/index.php\/2022\/08\/21\/ums-le-president-ousmane-chimere-diouf-a-ousmane-sonko-les-institutions-de-la-republique-sont-au-dessus-de-tout-interet-personnel\/#primaryimage"},"thumbnailUrl":"https:\/\/www.public.sn\/wp-content\/uploads\/2022\/08\/61076470-44594643.jpeg","datePublished":"2022-08-21T08:41:39+00:00","dateModified":"2022-08-21T08:44:30+00:00","breadcrumb":{"@id":"https:\/\/www.public.sn\/index.php\/2022\/08\/21\/ums-le-president-ousmane-chimere-diouf-a-ousmane-sonko-les-institutions-de-la-republique-sont-au-dessus-de-tout-interet-personnel\/#breadcrumb"},"inLanguage":"fr-FR","potentialAction":[{"@type":"ReadAction","target":["https:\/\/www.public.sn\/index.php\/2022\/08\/21\/ums-le-president-ousmane-chimere-diouf-a-ousmane-sonko-les-institutions-de-la-republique-sont-au-dessus-de-tout-interet-personnel\/"]}]},{"@type":"ImageObject","inLanguage":"fr-FR","@id":"https:\/\/www.public.sn\/index.php\/2022\/08\/21\/ums-le-president-ousmane-chimere-diouf-a-ousmane-sonko-les-institutions-de-la-republique-sont-au-dessus-de-tout-interet-personnel\/#primaryimage","url":"https:\/\/www.public.sn\/wp-content\/uploads\/2022\/08\/61076470-44594643.jpeg","contentUrl":"https:\/\/www.public.sn\/wp-content\/uploads\/2022\/08\/61076470-44594643.jpeg","width":881,"height":629},{"@type":"BreadcrumbList","@id":"https:\/\/www.public.sn\/index.php\/2022\/08\/21\/ums-le-president-ousmane-chimere-diouf-a-ousmane-sonko-les-institutions-de-la-republique-sont-au-dessus-de-tout-interet-personnel\/#breadcrumb","itemListElement":[{"@type":"ListItem","position":1,"name":"Accueil","item":"https:\/\/www.public.sn\/"},{"@type":"ListItem","position":2,"name":"UMS : Le Pr\u00e9sident Ousmane Chim\u00e8re Diouf \u00e0 Ousmane Sonko \u00ab\u00a0Les institutions de la R\u00e9publique sont au-dessus de tout int\u00e9r\u00eat personnel\u00a0\u00bb."}]},{"@type":"WebSite","@id":"https:\/\/www.public.sn\/#website","url":"https:\/\/www.public.sn\/","name":"LE PUBLIC","description":"","publisher":{"@id":"https:\/\/www.public.sn\/#organization"},"potentialAction":[{"@type":"SearchAction","target":{"@type":"EntryPoint","urlTemplate":"https:\/\/www.public.sn\/?s={search_term_string}"},"query-input":{"@type":"PropertyValueSpecification","valueRequired":true,"valueName":"search_term_string"}}],"inLanguage":"fr-FR"},{"@type":"Organization","@id":"https:\/\/www.public.sn\/#organization","name":"LE PUBLIC","url":"https:\/\/www.public.sn\/","logo":{"@type":"ImageObject","inLanguage":"fr-FR","@id":"https:\/\/www.public.sn\/#\/schema\/logo\/image\/","url":"https:\/\/www.public.sn\/wp-content\/uploads\/2024\/05\/cropped-LOGO-PUBLIC.SN_.png","contentUrl":"https:\/\/www.public.sn\/wp-content\/uploads\/2024\/05\/cropped-LOGO-PUBLIC.SN_.png","width":682,"height":192,"caption":"LE PUBLIC"},"image":{"@id":"https:\/\/www.public.sn\/#\/schema\/logo\/image\/"}},{"@type":"Person","@id":"https:\/\/www.public.sn\/#\/schema\/person\/e3f4a11b037d4203902db148f9bc8d5a","name":"LA REDACTION","image":{"@type":"ImageObject","inLanguage":"fr-FR","@id":"https:\/\/www.public.sn\/#\/schema\/person\/image\/","url":"https:\/\/secure.gravatar.com\/avatar\/d6c030db45db2883c075085c5d6c6258654a801a93766b49af0b82d4f454e2a5?s=96&d=mm&r=g","contentUrl":"https:\/\/secure.gravatar.com\/avatar\/d6c030db45db2883c075085c5d6c6258654a801a93766b49af0b82d4f454e2a5?s=96&d=mm&r=g","caption":"LA REDACTION"},"sameAs":["http:\/\/www.public.sn"],"url":"https:\/\/www.public.sn\/index.php\/author\/admin7324\/"}]}},"jetpack_featured_media_url":"https:\/\/www.public.sn\/wp-content\/uploads\/2022\/08\/61076470-44594643.jpeg","jetpack_sharing_enabled":true,"_links":{"self":[{"href":"https:\/\/www.public.sn\/index.php\/wp-json\/wp\/v2\/posts\/356","targetHints":{"allow":["GET"]}}],"collection":[{"href":"https:\/\/www.public.sn\/index.php\/wp-json\/wp\/v2\/posts"}],"about":[{"href":"https:\/\/www.public.sn\/index.php\/wp-json\/wp\/v2\/types\/post"}],"author":[{"embeddable":true,"href":"https:\/\/www.public.sn\/index.php\/wp-json\/wp\/v2\/users\/1"}],"replies":[{"embeddable":true,"href":"https:\/\/www.public.sn\/index.php\/wp-json\/wp\/v2\/comments?post=356"}],"version-history":[{"count":1,"href":"https:\/\/www.public.sn\/index.php\/wp-json\/wp\/v2\/posts\/356\/revisions"}],"predecessor-version":[{"id":358,"href":"https:\/\/www.public.sn\/index.php\/wp-json\/wp\/v2\/posts\/356\/revisions\/358"}],"wp:featuredmedia":[{"embeddable":true,"href":"https:\/\/www.public.sn\/index.php\/wp-json\/wp\/v2\/media\/357"}],"wp:attachment":[{"href":"https:\/\/www.public.sn\/index.php\/wp-json\/wp\/v2\/media?parent=356"}],"wp:term":[{"taxonomy":"category","embeddable":true,"href":"https:\/\/www.public.sn\/index.php\/wp-json\/wp\/v2\/categories?post=356"},{"taxonomy":"post_tag","embeddable":true,"href":"https:\/\/www.public.sn\/index.php\/wp-json\/wp\/v2\/tags?post=356"}],"curies":[{"name":"wp","href":"https:\/\/api.w.org\/{rel}","templated":true}]}}