{"id":35903,"date":"2025-01-18T16:03:00","date_gmt":"2025-01-18T16:03:00","guid":{"rendered":"https:\/\/www.public.sn\/?p=35903"},"modified":"2025-01-18T16:03:00","modified_gmt":"2025-01-18T16:03:00","slug":"les-chroniques-du-doyen-aissatou-diop-fall-une-icone-de-la-presse-senegalaise-par-majib-sene","status":"publish","type":"post","link":"https:\/\/www.public.sn\/index.php\/2025\/01\/18\/les-chroniques-du-doyen-aissatou-diop-fall-une-icone-de-la-presse-senegalaise-par-majib-sene\/","title":{"rendered":"Les Chroniques Du Doyen &#8211; A\u00efssatou Diop Fall, une ic\u00f4ne de la presse s\u00e9n\u00e9galaise (Par Majib S\u00e8ne)"},"content":{"rendered":"<p>Loin de moi l&rsquo;id\u00e9e de faire un plaidoyer pro domo, je salue la presse s\u00e9n\u00e9galaise pour sa r\u00e9silience et son professionnalisme de bon aloi. Des journalistes talentueux, professionnellement aguerris, abattent un travail de qualit\u00e9 dans le domaine de l&rsquo;information tous azimuts et de la conscientisation des masses laborieuses. A\u00efssatou Diop Fall, malgr\u00e9 sa jeunesse, tra\u00eene derri\u00e8re elle, plusieurs ann\u00e9es d&rsquo;exp\u00e9rience qui l&rsquo;\u00e9l\u00e8vent au prestigieux rang des ic\u00f4nes de ce noble m\u00e9tier. De Walfadjri \u00e0 futur m\u00e9dia, elle abat un travail de qualit\u00e9 dans l&rsquo;accomplissement des t\u00e2ches quotidiennes qui rel\u00e8vent de ses responsabilit\u00e9s. Son courage l\u00e9gendaire n\u00e9 de l&rsquo;h\u00e9ritage historique de son peuple d&rsquo;appartenance, la range parmi les \u00e9g\u00e9ries du S\u00e9n\u00e9gal, carrefour d&rsquo;\u00e9changes et de rencontres, terre de germination des plus belles fraternit\u00e9s.<\/p><div class=\"publi-paragraphe1\" style=\"margin-top: 10px;margin-bottom: 10px;margin-left: auto;margin-right: auto;text-align: center;\" id=\"publi-3242250642\"><div class=\"publi-adlabel\">Publicit\u00e9<\/div><script async src=\"\/\/pagead2.googlesyndication.com\/pagead\/js\/adsbygoogle.js?client=ca-pub-4089586018074219\" crossorigin=\"anonymous\"><\/script><ins class=\"adsbygoogle\" style=\"display:block;\" data-ad-client=\"ca-pub-4089586018074219\" \ndata-ad-slot=\"2087940154\" \ndata-ad-format=\"auto\"><\/ins>\n<script> \n(adsbygoogle = window.adsbygoogle || []).push({}); \n<\/script>\n<\/div>\n<p>Qu&rsquo;on l&rsquo;aime ou qu&rsquo;on ne l&rsquo;aime pas, la brave A\u00efssatou a toujours assum\u00e9 ses responsabilit\u00e9s, refusant les faux fuyants et ce qu&rsquo;on appelle prosa\u00efquement, la langue de bois. Elle sait s&rsquo;assumer dans toutes les circonstances dans le respect strict des r\u00e8gles absolues de la d\u00e9ontologie et de l&rsquo;\u00e9thique qui gouvernent sa profession. Les attaques personnelles \u00e0 son endroit, ne l&rsquo;ont jamais fragilis\u00e9e encore moins condamn\u00e9e \u00e0 se renier et \u00e0 contredire ses convictions intimes. C&rsquo;est la raison pour laquelle, elle est toujours \u00e0 l&rsquo;aise dans ce pays souvent ruin\u00e9 par ses exc\u00e8s et ses contradictions. Des journalistes comme elle, prolif\u00e8rent dans le landerneau m\u00e9diatique s\u00e9n\u00e9galais qui est une r\u00e9f\u00e9rence dans le continent africain. Donc honneur \u00e0 elle qui fait partie de celles et ceux qui honorent la profession que Barra Diouf, Mamadou Seydi Mbengue, Patrice Diouf, Mame Less Dia, Alioune Fall et tant d&rsquo;autres, ont port\u00e9 joliment dans les fonts baptismaux. Du courage A\u00efssatou car comme on le dit souvent, seule la v\u00e9rit\u00e9 est r\u00e9volutionnaire.<\/p>\n<div class=\"publi-apres-le-contenu\" style=\"margin-top: 10px;margin-bottom: 10px;margin-left: auto;margin-right: auto;text-align: center;\" id=\"publi-2675983022\"><div class=\"publi-adlabel\">Publicit\u00e9<\/div><script async src=\"\/\/pagead2.googlesyndication.com\/pagead\/js\/adsbygoogle.js?client=ca-pub-4089586018074219\" crossorigin=\"anonymous\"><\/script><ins class=\"adsbygoogle\" style=\"display:block;\" data-ad-client=\"ca-pub-4089586018074219\" \ndata-ad-slot=\"2087940154\" \ndata-ad-format=\"auto\"><\/ins>\n<script> \n(adsbygoogle = window.adsbygoogle || []).push({}); \n<\/script>\n<\/div>","protected":false},"excerpt":{"rendered":"<p>Loin de moi l&rsquo;id\u00e9e de faire un plaidoyer pro domo, je salue la presse s\u00e9n\u00e9galaise pour sa r\u00e9silience et son professionnalisme de bon aloi. Des journalistes talentueux, professionnellement aguerris, abattent un travail de qualit\u00e9 dans le domaine de l&rsquo;information tous azimuts et de la conscientisation des masses laborieuses. A\u00efssatou Diop Fall, malgr\u00e9 sa jeunesse, tra\u00eene derri\u00e8re elle, plusieurs ann\u00e9es d&rsquo;exp\u00e9rience qui l&rsquo;\u00e9l\u00e8vent au prestigieux rang des ic\u00f4nes de ce noble m\u00e9tier. De Walfadjri \u00e0 futur m\u00e9dia, elle abat un travail de qualit\u00e9 dans l&rsquo;accomplissement des t\u00e2ches quotidiennes qui rel\u00e8vent de ses responsabilit\u00e9s. Son courage l\u00e9gendaire n\u00e9 de l&rsquo;h\u00e9ritage historique de son peuple d&rsquo;appartenance, la range parmi les \u00e9g\u00e9ries du S\u00e9n\u00e9gal, carrefour d&rsquo;\u00e9changes et de rencontres, terre de germination des plus belles fraternit\u00e9s. Qu&rsquo;on l&rsquo;aime ou qu&rsquo;on ne l&rsquo;aime pas, la brave A\u00efssatou a toujours assum\u00e9 ses responsabilit\u00e9s, refusant les faux fuyants et ce qu&rsquo;on appelle prosa\u00efquement, la langue de bois. Elle sait s&rsquo;assumer dans toutes les circonstances dans le respect strict des r\u00e8gles absolues de la d\u00e9ontologie et de l&rsquo;\u00e9thique qui gouvernent sa profession. Les attaques personnelles \u00e0 son endroit, ne l&rsquo;ont jamais fragilis\u00e9e encore moins condamn\u00e9e \u00e0 se renier et \u00e0 contredire ses convictions intimes. C&rsquo;est la raison pour laquelle, elle est toujours \u00e0 l&rsquo;aise dans ce pays souvent ruin\u00e9 par ses exc\u00e8s et ses contradictions. Des journalistes comme elle, prolif\u00e8rent dans le landerneau m\u00e9diatique s\u00e9n\u00e9galais qui est une r\u00e9f\u00e9rence dans le continent africain. Donc honneur \u00e0 elle qui fait partie de celles et ceux qui honorent la profession que Barra Diouf, Mamadou Seydi Mbengue, Patrice Diouf, Mame Less Dia, Alioune Fall et tant d&rsquo;autres, ont port\u00e9 joliment dans les fonts baptismaux. Du courage A\u00efssatou car comme on le dit souvent, seule la v\u00e9rit\u00e9 est r\u00e9volutionnaire.<\/p>\n","protected":false},"author":1,"featured_media":35904,"comment_status":"open","ping_status":"open","sticky":false,"template":"","format":"standard","meta":{"_jetpack_memberships_contains_paid_content":false,"footnotes":""},"categories":[375,372],"tags":[4121,3141,7384],"class_list":["post-35903","post","type-post","status-publish","format-standard","has-post-thumbnail","hentry","category-actualites","category-vedette","tag-adf","tag-aissatou-diop-fall","tag-majib-sene","entry","has-media","owp-thumbs-layout-horizontal","owp-btn-normal","owp-tabs-layout-horizontal","has-no-thumbnails","has-product-nav"],"yoast_head":"<!-- This site is optimized with the Yoast SEO plugin v25.5 - https:\/\/yoast.com\/wordpress\/plugins\/seo\/ -->\n<title>Les Chroniques Du Doyen - A\u00efssatou Diop Fall, une ic\u00f4ne de la presse s\u00e9n\u00e9galaise (Par Majib S\u00e8ne) - LE PUBLIC<\/title>\n<meta name=\"description\" content=\"Loin de moi l&#039;id\u00e9e de faire un plaidoyer pro domo, je salue la presse s\u00e9n\u00e9galaise pour sa r\u00e9silience et son professionnalisme de bon aloi. Des journalistes talentueux, professionnellement aguerris, abattent un travail de qualit\u00e9 dans le domaine de l&#039;information tous azimuts et de la conscientisation des masses laborieuses. A\u00efssatou Diop Fall, malgr\u00e9 sa jeunesse, tra\u00eene derri\u00e8re elle, plusieurs ann\u00e9es d&#039;exp\u00e9rience qui l&#039;\u00e9l\u00e8vent au prestigieux rang des ic\u00f4nes de ce noble m\u00e9tier. De Walfadjri \u00e0 futur m\u00e9dia, elle abat un travail de qualit\u00e9 dans l&#039;accomplissement des t\u00e2ches quotidiennes qui rel\u00e8vent de ses responsabilit\u00e9s. Son courage l\u00e9gendaire n\u00e9 de l&#039;h\u00e9ritage historique de son peuple d&#039;appartenance, la range parmi les \u00e9g\u00e9ries du S\u00e9n\u00e9gal, carrefour d&#039;\u00e9changes et de rencontres, terre de germination des plus belles fraternit\u00e9s.\" \/>\n<meta name=\"robots\" content=\"index, follow, max-snippet:-1, max-image-preview:large, max-video-preview:-1\" \/>\n<link rel=\"canonical\" href=\"https:\/\/www.public.sn\/index.php\/2025\/01\/18\/les-chroniques-du-doyen-aissatou-diop-fall-une-icone-de-la-presse-senegalaise-par-majib-sene\/\" \/>\n<meta property=\"og:locale\" content=\"fr_FR\" \/>\n<meta property=\"og:type\" content=\"article\" \/>\n<meta property=\"og:title\" content=\"Les Chroniques Du Doyen - A\u00efssatou Diop Fall, une ic\u00f4ne de la presse s\u00e9n\u00e9galaise (Par Majib S\u00e8ne) - LE PUBLIC\" \/>\n<meta property=\"og:description\" content=\"Loin de moi l&#039;id\u00e9e de faire un plaidoyer pro domo, je salue la presse s\u00e9n\u00e9galaise pour sa r\u00e9silience et son professionnalisme de bon aloi. Des journalistes talentueux, professionnellement aguerris, abattent un travail de qualit\u00e9 dans le domaine de l&#039;information tous azimuts et de la conscientisation des masses laborieuses. A\u00efssatou Diop Fall, malgr\u00e9 sa jeunesse, tra\u00eene derri\u00e8re elle, plusieurs ann\u00e9es d&#039;exp\u00e9rience qui l&#039;\u00e9l\u00e8vent au prestigieux rang des ic\u00f4nes de ce noble m\u00e9tier. De Walfadjri \u00e0 futur m\u00e9dia, elle abat un travail de qualit\u00e9 dans l&#039;accomplissement des t\u00e2ches quotidiennes qui rel\u00e8vent de ses responsabilit\u00e9s. Son courage l\u00e9gendaire n\u00e9 de l&#039;h\u00e9ritage historique de son peuple d&#039;appartenance, la range parmi les \u00e9g\u00e9ries du S\u00e9n\u00e9gal, carrefour d&#039;\u00e9changes et de rencontres, terre de germination des plus belles fraternit\u00e9s.\" \/>\n<meta property=\"og:url\" content=\"https:\/\/www.public.sn\/index.php\/2025\/01\/18\/les-chroniques-du-doyen-aissatou-diop-fall-une-icone-de-la-presse-senegalaise-par-majib-sene\/\" \/>\n<meta property=\"og:site_name\" content=\"LE PUBLIC\" \/>\n<meta property=\"article:published_time\" content=\"2025-01-18T16:03:00+00:00\" \/>\n<meta property=\"og:image\" content=\"https:\/\/www.public.sn\/wp-content\/uploads\/2025\/01\/Majib-Sene.webp\" \/>\n\t<meta property=\"og:image:width\" content=\"1600\" \/>\n\t<meta property=\"og:image:height\" content=\"1068\" \/>\n\t<meta property=\"og:image:type\" content=\"image\/webp\" \/>\n<meta name=\"author\" content=\"LA REDACTION\" \/>\n<meta name=\"twitter:card\" content=\"summary_large_image\" \/>\n<meta name=\"twitter:label1\" content=\"\u00c9crit par\" \/>\n\t<meta name=\"twitter:data1\" content=\"LA REDACTION\" \/>\n\t<meta name=\"twitter:label2\" content=\"Dur\u00e9e de lecture estim\u00e9e\" \/>\n\t<meta name=\"twitter:data2\" content=\"2 minutes\" \/>\n<script type=\"application\/ld+json\" class=\"yoast-schema-graph\">{\"@context\":\"https:\/\/schema.org\",\"@graph\":[{\"@type\":\"Article\",\"@id\":\"https:\/\/www.public.sn\/index.php\/2025\/01\/18\/les-chroniques-du-doyen-aissatou-diop-fall-une-icone-de-la-presse-senegalaise-par-majib-sene\/#article\",\"isPartOf\":{\"@id\":\"https:\/\/www.public.sn\/index.php\/2025\/01\/18\/les-chroniques-du-doyen-aissatou-diop-fall-une-icone-de-la-presse-senegalaise-par-majib-sene\/\"},\"author\":{\"name\":\"LA REDACTION\",\"@id\":\"https:\/\/www.public.sn\/#\/schema\/person\/e3f4a11b037d4203902db148f9bc8d5a\"},\"headline\":\"Les Chroniques Du Doyen &#8211; A\u00efssatou Diop Fall, une ic\u00f4ne de la presse s\u00e9n\u00e9galaise (Par Majib S\u00e8ne)\",\"datePublished\":\"2025-01-18T16:03:00+00:00\",\"mainEntityOfPage\":{\"@id\":\"https:\/\/www.public.sn\/index.php\/2025\/01\/18\/les-chroniques-du-doyen-aissatou-diop-fall-une-icone-de-la-presse-senegalaise-par-majib-sene\/\"},\"wordCount\":345,\"commentCount\":0,\"publisher\":{\"@id\":\"https:\/\/www.public.sn\/#organization\"},\"image\":{\"@id\":\"https:\/\/www.public.sn\/index.php\/2025\/01\/18\/les-chroniques-du-doyen-aissatou-diop-fall-une-icone-de-la-presse-senegalaise-par-majib-sene\/#primaryimage\"},\"thumbnailUrl\":\"https:\/\/www.public.sn\/wp-content\/uploads\/2025\/01\/Majib-Sene.webp\",\"keywords\":[\"ADF\",\"Aissatou Diop Fall\",\"Majib S\u00e8ne\"],\"articleSection\":[\"ACTUALIT\u00c9S\",\"VEDETTE\"],\"inLanguage\":\"fr-FR\",\"potentialAction\":[{\"@type\":\"CommentAction\",\"name\":\"Comment\",\"target\":[\"https:\/\/www.public.sn\/index.php\/2025\/01\/18\/les-chroniques-du-doyen-aissatou-diop-fall-une-icone-de-la-presse-senegalaise-par-majib-sene\/#respond\"]}]},{\"@type\":\"WebPage\",\"@id\":\"https:\/\/www.public.sn\/index.php\/2025\/01\/18\/les-chroniques-du-doyen-aissatou-diop-fall-une-icone-de-la-presse-senegalaise-par-majib-sene\/\",\"url\":\"https:\/\/www.public.sn\/index.php\/2025\/01\/18\/les-chroniques-du-doyen-aissatou-diop-fall-une-icone-de-la-presse-senegalaise-par-majib-sene\/\",\"name\":\"Les Chroniques Du Doyen - A\u00efssatou Diop Fall, une ic\u00f4ne de la presse s\u00e9n\u00e9galaise (Par Majib S\u00e8ne) - LE PUBLIC\",\"isPartOf\":{\"@id\":\"https:\/\/www.public.sn\/#website\"},\"primaryImageOfPage\":{\"@id\":\"https:\/\/www.public.sn\/index.php\/2025\/01\/18\/les-chroniques-du-doyen-aissatou-diop-fall-une-icone-de-la-presse-senegalaise-par-majib-sene\/#primaryimage\"},\"image\":{\"@id\":\"https:\/\/www.public.sn\/index.php\/2025\/01\/18\/les-chroniques-du-doyen-aissatou-diop-fall-une-icone-de-la-presse-senegalaise-par-majib-sene\/#primaryimage\"},\"thumbnailUrl\":\"https:\/\/www.public.sn\/wp-content\/uploads\/2025\/01\/Majib-Sene.webp\",\"datePublished\":\"2025-01-18T16:03:00+00:00\",\"description\":\"Loin de moi l'id\u00e9e de faire un plaidoyer pro domo, je salue la presse s\u00e9n\u00e9galaise pour sa r\u00e9silience et son professionnalisme de bon aloi. Des journalistes talentueux, professionnellement aguerris, abattent un travail de qualit\u00e9 dans le domaine de l'information tous azimuts et de la conscientisation des masses laborieuses. A\u00efssatou Diop Fall, malgr\u00e9 sa jeunesse, tra\u00eene derri\u00e8re elle, plusieurs ann\u00e9es d'exp\u00e9rience qui l'\u00e9l\u00e8vent au prestigieux rang des ic\u00f4nes de ce noble m\u00e9tier. De Walfadjri \u00e0 futur m\u00e9dia, elle abat un travail de qualit\u00e9 dans l'accomplissement des t\u00e2ches quotidiennes qui rel\u00e8vent de ses responsabilit\u00e9s. Son courage l\u00e9gendaire n\u00e9 de l'h\u00e9ritage historique de son peuple d'appartenance, la range parmi les \u00e9g\u00e9ries du S\u00e9n\u00e9gal, carrefour d'\u00e9changes et de rencontres, terre de germination des plus belles fraternit\u00e9s.\",\"breadcrumb\":{\"@id\":\"https:\/\/www.public.sn\/index.php\/2025\/01\/18\/les-chroniques-du-doyen-aissatou-diop-fall-une-icone-de-la-presse-senegalaise-par-majib-sene\/#breadcrumb\"},\"inLanguage\":\"fr-FR\",\"potentialAction\":[{\"@type\":\"ReadAction\",\"target\":[\"https:\/\/www.public.sn\/index.php\/2025\/01\/18\/les-chroniques-du-doyen-aissatou-diop-fall-une-icone-de-la-presse-senegalaise-par-majib-sene\/\"]}]},{\"@type\":\"ImageObject\",\"inLanguage\":\"fr-FR\",\"@id\":\"https:\/\/www.public.sn\/index.php\/2025\/01\/18\/les-chroniques-du-doyen-aissatou-diop-fall-une-icone-de-la-presse-senegalaise-par-majib-sene\/#primaryimage\",\"url\":\"https:\/\/www.public.sn\/wp-content\/uploads\/2025\/01\/Majib-Sene.webp\",\"contentUrl\":\"https:\/\/www.public.sn\/wp-content\/uploads\/2025\/01\/Majib-Sene.webp\",\"width\":1600,\"height\":1068},{\"@type\":\"BreadcrumbList\",\"@id\":\"https:\/\/www.public.sn\/index.php\/2025\/01\/18\/les-chroniques-du-doyen-aissatou-diop-fall-une-icone-de-la-presse-senegalaise-par-majib-sene\/#breadcrumb\",\"itemListElement\":[{\"@type\":\"ListItem\",\"position\":1,\"name\":\"Accueil\",\"item\":\"https:\/\/www.public.sn\/\"},{\"@type\":\"ListItem\",\"position\":2,\"name\":\"Les Chroniques Du Doyen &#8211; A\u00efssatou Diop Fall, une ic\u00f4ne de la presse s\u00e9n\u00e9galaise (Par Majib S\u00e8ne)\"}]},{\"@type\":\"WebSite\",\"@id\":\"https:\/\/www.public.sn\/#website\",\"url\":\"https:\/\/www.public.sn\/\",\"name\":\"LE PUBLIC\",\"description\":\"\",\"publisher\":{\"@id\":\"https:\/\/www.public.sn\/#organization\"},\"potentialAction\":[{\"@type\":\"SearchAction\",\"target\":{\"@type\":\"EntryPoint\",\"urlTemplate\":\"https:\/\/www.public.sn\/?s={search_term_string}\"},\"query-input\":{\"@type\":\"PropertyValueSpecification\",\"valueRequired\":true,\"valueName\":\"search_term_string\"}}],\"inLanguage\":\"fr-FR\"},{\"@type\":\"Organization\",\"@id\":\"https:\/\/www.public.sn\/#organization\",\"name\":\"LE PUBLIC\",\"url\":\"https:\/\/www.public.sn\/\",\"logo\":{\"@type\":\"ImageObject\",\"inLanguage\":\"fr-FR\",\"@id\":\"https:\/\/www.public.sn\/#\/schema\/logo\/image\/\",\"url\":\"https:\/\/www.public.sn\/wp-content\/uploads\/2024\/05\/cropped-LOGO-PUBLIC.SN_.png\",\"contentUrl\":\"https:\/\/www.public.sn\/wp-content\/uploads\/2024\/05\/cropped-LOGO-PUBLIC.SN_.png\",\"width\":682,\"height\":192,\"caption\":\"LE PUBLIC\"},\"image\":{\"@id\":\"https:\/\/www.public.sn\/#\/schema\/logo\/image\/\"}},{\"@type\":\"Person\",\"@id\":\"https:\/\/www.public.sn\/#\/schema\/person\/e3f4a11b037d4203902db148f9bc8d5a\",\"name\":\"LA REDACTION\",\"image\":{\"@type\":\"ImageObject\",\"inLanguage\":\"fr-FR\",\"@id\":\"https:\/\/www.public.sn\/#\/schema\/person\/image\/\",\"url\":\"https:\/\/secure.gravatar.com\/avatar\/d6c030db45db2883c075085c5d6c6258654a801a93766b49af0b82d4f454e2a5?s=96&d=mm&r=g\",\"contentUrl\":\"https:\/\/secure.gravatar.com\/avatar\/d6c030db45db2883c075085c5d6c6258654a801a93766b49af0b82d4f454e2a5?s=96&d=mm&r=g\",\"caption\":\"LA REDACTION\"},\"sameAs\":[\"http:\/\/www.public.sn\"],\"url\":\"https:\/\/www.public.sn\/index.php\/author\/admin7324\/\"}]}<\/script>\n<!-- \/ Yoast SEO plugin. -->","yoast_head_json":{"title":"Les Chroniques Du Doyen - A\u00efssatou Diop Fall, une ic\u00f4ne de la presse s\u00e9n\u00e9galaise (Par Majib S\u00e8ne) - LE PUBLIC","description":"Loin de moi l'id\u00e9e de faire un plaidoyer pro domo, je salue la presse s\u00e9n\u00e9galaise pour sa r\u00e9silience et son professionnalisme de bon aloi. Des journalistes talentueux, professionnellement aguerris, abattent un travail de qualit\u00e9 dans le domaine de l'information tous azimuts et de la conscientisation des masses laborieuses. A\u00efssatou Diop Fall, malgr\u00e9 sa jeunesse, tra\u00eene derri\u00e8re elle, plusieurs ann\u00e9es d'exp\u00e9rience qui l'\u00e9l\u00e8vent au prestigieux rang des ic\u00f4nes de ce noble m\u00e9tier. De Walfadjri \u00e0 futur m\u00e9dia, elle abat un travail de qualit\u00e9 dans l'accomplissement des t\u00e2ches quotidiennes qui rel\u00e8vent de ses responsabilit\u00e9s. Son courage l\u00e9gendaire n\u00e9 de l'h\u00e9ritage historique de son peuple d'appartenance, la range parmi les \u00e9g\u00e9ries du S\u00e9n\u00e9gal, carrefour d'\u00e9changes et de rencontres, terre de germination des plus belles fraternit\u00e9s.","robots":{"index":"index","follow":"follow","max-snippet":"max-snippet:-1","max-image-preview":"max-image-preview:large","max-video-preview":"max-video-preview:-1"},"canonical":"https:\/\/www.public.sn\/index.php\/2025\/01\/18\/les-chroniques-du-doyen-aissatou-diop-fall-une-icone-de-la-presse-senegalaise-par-majib-sene\/","og_locale":"fr_FR","og_type":"article","og_title":"Les Chroniques Du Doyen - A\u00efssatou Diop Fall, une ic\u00f4ne de la presse s\u00e9n\u00e9galaise (Par Majib S\u00e8ne) - LE PUBLIC","og_description":"Loin de moi l'id\u00e9e de faire un plaidoyer pro domo, je salue la presse s\u00e9n\u00e9galaise pour sa r\u00e9silience et son professionnalisme de bon aloi. Des journalistes talentueux, professionnellement aguerris, abattent un travail de qualit\u00e9 dans le domaine de l'information tous azimuts et de la conscientisation des masses laborieuses. A\u00efssatou Diop Fall, malgr\u00e9 sa jeunesse, tra\u00eene derri\u00e8re elle, plusieurs ann\u00e9es d'exp\u00e9rience qui l'\u00e9l\u00e8vent au prestigieux rang des ic\u00f4nes de ce noble m\u00e9tier. De Walfadjri \u00e0 futur m\u00e9dia, elle abat un travail de qualit\u00e9 dans l'accomplissement des t\u00e2ches quotidiennes qui rel\u00e8vent de ses responsabilit\u00e9s. Son courage l\u00e9gendaire n\u00e9 de l'h\u00e9ritage historique de son peuple d'appartenance, la range parmi les \u00e9g\u00e9ries du S\u00e9n\u00e9gal, carrefour d'\u00e9changes et de rencontres, terre de germination des plus belles fraternit\u00e9s.","og_url":"https:\/\/www.public.sn\/index.php\/2025\/01\/18\/les-chroniques-du-doyen-aissatou-diop-fall-une-icone-de-la-presse-senegalaise-par-majib-sene\/","og_site_name":"LE PUBLIC","article_published_time":"2025-01-18T16:03:00+00:00","og_image":[{"width":1600,"height":1068,"url":"https:\/\/www.public.sn\/wp-content\/uploads\/2025\/01\/Majib-Sene.webp","type":"image\/webp"}],"author":"LA REDACTION","twitter_card":"summary_large_image","twitter_misc":{"\u00c9crit par":"LA REDACTION","Dur\u00e9e de lecture estim\u00e9e":"2 minutes"},"schema":{"@context":"https:\/\/schema.org","@graph":[{"@type":"Article","@id":"https:\/\/www.public.sn\/index.php\/2025\/01\/18\/les-chroniques-du-doyen-aissatou-diop-fall-une-icone-de-la-presse-senegalaise-par-majib-sene\/#article","isPartOf":{"@id":"https:\/\/www.public.sn\/index.php\/2025\/01\/18\/les-chroniques-du-doyen-aissatou-diop-fall-une-icone-de-la-presse-senegalaise-par-majib-sene\/"},"author":{"name":"LA REDACTION","@id":"https:\/\/www.public.sn\/#\/schema\/person\/e3f4a11b037d4203902db148f9bc8d5a"},"headline":"Les Chroniques Du Doyen &#8211; A\u00efssatou Diop Fall, une ic\u00f4ne de la presse s\u00e9n\u00e9galaise (Par Majib S\u00e8ne)","datePublished":"2025-01-18T16:03:00+00:00","mainEntityOfPage":{"@id":"https:\/\/www.public.sn\/index.php\/2025\/01\/18\/les-chroniques-du-doyen-aissatou-diop-fall-une-icone-de-la-presse-senegalaise-par-majib-sene\/"},"wordCount":345,"commentCount":0,"publisher":{"@id":"https:\/\/www.public.sn\/#organization"},"image":{"@id":"https:\/\/www.public.sn\/index.php\/2025\/01\/18\/les-chroniques-du-doyen-aissatou-diop-fall-une-icone-de-la-presse-senegalaise-par-majib-sene\/#primaryimage"},"thumbnailUrl":"https:\/\/www.public.sn\/wp-content\/uploads\/2025\/01\/Majib-Sene.webp","keywords":["ADF","Aissatou Diop Fall","Majib S\u00e8ne"],"articleSection":["ACTUALIT\u00c9S","VEDETTE"],"inLanguage":"fr-FR","potentialAction":[{"@type":"CommentAction","name":"Comment","target":["https:\/\/www.public.sn\/index.php\/2025\/01\/18\/les-chroniques-du-doyen-aissatou-diop-fall-une-icone-de-la-presse-senegalaise-par-majib-sene\/#respond"]}]},{"@type":"WebPage","@id":"https:\/\/www.public.sn\/index.php\/2025\/01\/18\/les-chroniques-du-doyen-aissatou-diop-fall-une-icone-de-la-presse-senegalaise-par-majib-sene\/","url":"https:\/\/www.public.sn\/index.php\/2025\/01\/18\/les-chroniques-du-doyen-aissatou-diop-fall-une-icone-de-la-presse-senegalaise-par-majib-sene\/","name":"Les Chroniques Du Doyen - A\u00efssatou Diop Fall, une ic\u00f4ne de la presse s\u00e9n\u00e9galaise (Par Majib S\u00e8ne) - LE PUBLIC","isPartOf":{"@id":"https:\/\/www.public.sn\/#website"},"primaryImageOfPage":{"@id":"https:\/\/www.public.sn\/index.php\/2025\/01\/18\/les-chroniques-du-doyen-aissatou-diop-fall-une-icone-de-la-presse-senegalaise-par-majib-sene\/#primaryimage"},"image":{"@id":"https:\/\/www.public.sn\/index.php\/2025\/01\/18\/les-chroniques-du-doyen-aissatou-diop-fall-une-icone-de-la-presse-senegalaise-par-majib-sene\/#primaryimage"},"thumbnailUrl":"https:\/\/www.public.sn\/wp-content\/uploads\/2025\/01\/Majib-Sene.webp","datePublished":"2025-01-18T16:03:00+00:00","description":"Loin de moi l'id\u00e9e de faire un plaidoyer pro domo, je salue la presse s\u00e9n\u00e9galaise pour sa r\u00e9silience et son professionnalisme de bon aloi. Des journalistes talentueux, professionnellement aguerris, abattent un travail de qualit\u00e9 dans le domaine de l'information tous azimuts et de la conscientisation des masses laborieuses. A\u00efssatou Diop Fall, malgr\u00e9 sa jeunesse, tra\u00eene derri\u00e8re elle, plusieurs ann\u00e9es d'exp\u00e9rience qui l'\u00e9l\u00e8vent au prestigieux rang des ic\u00f4nes de ce noble m\u00e9tier. De Walfadjri \u00e0 futur m\u00e9dia, elle abat un travail de qualit\u00e9 dans l'accomplissement des t\u00e2ches quotidiennes qui rel\u00e8vent de ses responsabilit\u00e9s. Son courage l\u00e9gendaire n\u00e9 de l'h\u00e9ritage historique de son peuple d'appartenance, la range parmi les \u00e9g\u00e9ries du S\u00e9n\u00e9gal, carrefour d'\u00e9changes et de rencontres, terre de germination des plus belles fraternit\u00e9s.","breadcrumb":{"@id":"https:\/\/www.public.sn\/index.php\/2025\/01\/18\/les-chroniques-du-doyen-aissatou-diop-fall-une-icone-de-la-presse-senegalaise-par-majib-sene\/#breadcrumb"},"inLanguage":"fr-FR","potentialAction":[{"@type":"ReadAction","target":["https:\/\/www.public.sn\/index.php\/2025\/01\/18\/les-chroniques-du-doyen-aissatou-diop-fall-une-icone-de-la-presse-senegalaise-par-majib-sene\/"]}]},{"@type":"ImageObject","inLanguage":"fr-FR","@id":"https:\/\/www.public.sn\/index.php\/2025\/01\/18\/les-chroniques-du-doyen-aissatou-diop-fall-une-icone-de-la-presse-senegalaise-par-majib-sene\/#primaryimage","url":"https:\/\/www.public.sn\/wp-content\/uploads\/2025\/01\/Majib-Sene.webp","contentUrl":"https:\/\/www.public.sn\/wp-content\/uploads\/2025\/01\/Majib-Sene.webp","width":1600,"height":1068},{"@type":"BreadcrumbList","@id":"https:\/\/www.public.sn\/index.php\/2025\/01\/18\/les-chroniques-du-doyen-aissatou-diop-fall-une-icone-de-la-presse-senegalaise-par-majib-sene\/#breadcrumb","itemListElement":[{"@type":"ListItem","position":1,"name":"Accueil","item":"https:\/\/www.public.sn\/"},{"@type":"ListItem","position":2,"name":"Les Chroniques Du Doyen &#8211; A\u00efssatou Diop Fall, une ic\u00f4ne de la presse s\u00e9n\u00e9galaise (Par Majib S\u00e8ne)"}]},{"@type":"WebSite","@id":"https:\/\/www.public.sn\/#website","url":"https:\/\/www.public.sn\/","name":"LE PUBLIC","description":"","publisher":{"@id":"https:\/\/www.public.sn\/#organization"},"potentialAction":[{"@type":"SearchAction","target":{"@type":"EntryPoint","urlTemplate":"https:\/\/www.public.sn\/?s={search_term_string}"},"query-input":{"@type":"PropertyValueSpecification","valueRequired":true,"valueName":"search_term_string"}}],"inLanguage":"fr-FR"},{"@type":"Organization","@id":"https:\/\/www.public.sn\/#organization","name":"LE PUBLIC","url":"https:\/\/www.public.sn\/","logo":{"@type":"ImageObject","inLanguage":"fr-FR","@id":"https:\/\/www.public.sn\/#\/schema\/logo\/image\/","url":"https:\/\/www.public.sn\/wp-content\/uploads\/2024\/05\/cropped-LOGO-PUBLIC.SN_.png","contentUrl":"https:\/\/www.public.sn\/wp-content\/uploads\/2024\/05\/cropped-LOGO-PUBLIC.SN_.png","width":682,"height":192,"caption":"LE PUBLIC"},"image":{"@id":"https:\/\/www.public.sn\/#\/schema\/logo\/image\/"}},{"@type":"Person","@id":"https:\/\/www.public.sn\/#\/schema\/person\/e3f4a11b037d4203902db148f9bc8d5a","name":"LA REDACTION","image":{"@type":"ImageObject","inLanguage":"fr-FR","@id":"https:\/\/www.public.sn\/#\/schema\/person\/image\/","url":"https:\/\/secure.gravatar.com\/avatar\/d6c030db45db2883c075085c5d6c6258654a801a93766b49af0b82d4f454e2a5?s=96&d=mm&r=g","contentUrl":"https:\/\/secure.gravatar.com\/avatar\/d6c030db45db2883c075085c5d6c6258654a801a93766b49af0b82d4f454e2a5?s=96&d=mm&r=g","caption":"LA REDACTION"},"sameAs":["http:\/\/www.public.sn"],"url":"https:\/\/www.public.sn\/index.php\/author\/admin7324\/"}]}},"jetpack_featured_media_url":"https:\/\/www.public.sn\/wp-content\/uploads\/2025\/01\/Majib-Sene.webp","jetpack_sharing_enabled":true,"_links":{"self":[{"href":"https:\/\/www.public.sn\/index.php\/wp-json\/wp\/v2\/posts\/35903","targetHints":{"allow":["GET"]}}],"collection":[{"href":"https:\/\/www.public.sn\/index.php\/wp-json\/wp\/v2\/posts"}],"about":[{"href":"https:\/\/www.public.sn\/index.php\/wp-json\/wp\/v2\/types\/post"}],"author":[{"embeddable":true,"href":"https:\/\/www.public.sn\/index.php\/wp-json\/wp\/v2\/users\/1"}],"replies":[{"embeddable":true,"href":"https:\/\/www.public.sn\/index.php\/wp-json\/wp\/v2\/comments?post=35903"}],"version-history":[{"count":1,"href":"https:\/\/www.public.sn\/index.php\/wp-json\/wp\/v2\/posts\/35903\/revisions"}],"predecessor-version":[{"id":35905,"href":"https:\/\/www.public.sn\/index.php\/wp-json\/wp\/v2\/posts\/35903\/revisions\/35905"}],"wp:featuredmedia":[{"embeddable":true,"href":"https:\/\/www.public.sn\/index.php\/wp-json\/wp\/v2\/media\/35904"}],"wp:attachment":[{"href":"https:\/\/www.public.sn\/index.php\/wp-json\/wp\/v2\/media?parent=35903"}],"wp:term":[{"taxonomy":"category","embeddable":true,"href":"https:\/\/www.public.sn\/index.php\/wp-json\/wp\/v2\/categories?post=35903"},{"taxonomy":"post_tag","embeddable":true,"href":"https:\/\/www.public.sn\/index.php\/wp-json\/wp\/v2\/tags?post=35903"}],"curies":[{"name":"wp","href":"https:\/\/api.w.org\/{rel}","templated":true}]}}