{"id":3595,"date":"2022-10-04T15:08:54","date_gmt":"2022-10-04T15:08:54","guid":{"rendered":"https:\/\/www.public.sn\/?p=3595"},"modified":"2022-10-04T15:26:02","modified_gmt":"2022-10-04T15:26:02","slug":"pont-senegal-92-un-motocycliste-derape-avant-de-finir-sa-course-dans-un-talus-video-photos","status":"publish","type":"post","link":"https:\/\/www.public.sn\/index.php\/2022\/10\/04\/pont-senegal-92-un-motocycliste-derape-avant-de-finir-sa-course-dans-un-talus-video-photos\/","title":{"rendered":"Pont S\u00e9n\u00e9gal 92 : Un motocycliste d\u00e9rape avant de finir sa course dans un talus \u2026 (Vid\u00e9o + Photos)"},"content":{"rendered":"<p><b>Les reporters de PublicSN sont tomb\u00e9s ce mardi matin sur un accident survenu sur le Pont S\u00e9n\u00e9gal 92. En effet, un motocycliste a perdu le contr\u00f4le de sa moto et a d\u00e9rap\u00e9 sur le pont. Visiblement, il est tomb\u00e9 du haut du pont occasionnant ainsi un choc brutal. Selon toujours nos reporters sur place, la victime s&rsquo;en est sortie mais avec de graves blessures sur sa t\u00eate et au niveau de sa main.<\/b><\/p><div class=\"publi-paragraphe1\" style=\"margin-top: 10px;margin-bottom: 10px;margin-left: auto;margin-right: auto;text-align: center;\" id=\"publi-227754247\"><div class=\"publi-adlabel\">Publicit\u00e9<\/div><script async src=\"\/\/pagead2.googlesyndication.com\/pagead\/js\/adsbygoogle.js?client=ca-pub-4089586018074219\" crossorigin=\"anonymous\"><\/script><ins class=\"adsbygoogle\" style=\"display:block;\" data-ad-client=\"ca-pub-4089586018074219\" \ndata-ad-slot=\"2087940154\" \ndata-ad-format=\"auto\"><\/ins>\n<script> \n(adsbygoogle = window.adsbygoogle || []).push({}); \n<\/script>\n<\/div>\n<p>Nous y reviendrons avec des informations plus d\u00e9taill\u00e9es mais en attendant, regardez cette courte vid\u00e9o prise par un amateur t\u00e9moin oculaire du drame.<\/p>\n<p>\u00a0<\/p>\n<p>\u00a0<\/p>\n\n\n<figure class=\"wp-block-video\"><video height=\"352\" style=\"aspect-ratio: 640 \/ 352;\" width=\"640\" controls src=\"https:\/\/www.public.sn\/wp-content\/uploads\/2022\/10\/WhatsApp-Video-2022-10-04-at-13.24.48.mp4\"><\/video><\/figure>\n<div class=\"publi-apres-le-contenu\" style=\"margin-top: 10px;margin-bottom: 10px;margin-left: auto;margin-right: auto;text-align: center;\" id=\"publi-2346928684\"><div class=\"publi-adlabel\">Publicit\u00e9<\/div><script async src=\"\/\/pagead2.googlesyndication.com\/pagead\/js\/adsbygoogle.js?client=ca-pub-4089586018074219\" crossorigin=\"anonymous\"><\/script><ins class=\"adsbygoogle\" style=\"display:block;\" data-ad-client=\"ca-pub-4089586018074219\" \ndata-ad-slot=\"2087940154\" \ndata-ad-format=\"auto\"><\/ins>\n<script> \n(adsbygoogle = window.adsbygoogle || []).push({}); \n<\/script>\n<\/div>","protected":false},"excerpt":{"rendered":"<p>Les reporters de PublicSN sont tomb\u00e9s ce mardi matin sur un accident survenu sur le Pont S\u00e9n\u00e9gal 92. En effet, un motocycliste a perdu le contr\u00f4le de sa moto et a d\u00e9rap\u00e9 sur le pont. Visiblement, il est tomb\u00e9 du haut du pont occasionnant ainsi un choc brutal. Selon toujours nos reporters sur place, la victime s&rsquo;en est sortie mais avec de graves blessures sur sa t\u00eate et au niveau de sa main. Nous y reviendrons avec des informations plus d\u00e9taill\u00e9es mais en attendant, regardez cette courte vid\u00e9o prise par un amateur t\u00e9moin oculaire du drame. \u00a0 \u00a0<\/p>\n","protected":false},"author":1,"featured_media":3581,"comment_status":"open","ping_status":"open","sticky":false,"template":"","format":"standard","meta":{"_jetpack_memberships_contains_paid_content":false,"footnotes":""},"categories":[1051,1,1052,372,6],"tags":[102,1166,1165],"class_list":["post-3595","post","type-post","status-publish","format-standard","has-post-thumbnail","hentry","category-drame","category-non-classe","category-transport","category-vedette","category-videos","tag-accident","tag-motocycliste","tag-pont-senegal-92","entry","has-media","owp-thumbs-layout-horizontal","owp-btn-normal","owp-tabs-layout-horizontal","has-no-thumbnails","has-product-nav"],"yoast_head":"<!-- This site is optimized with the Yoast SEO plugin v25.5 - https:\/\/yoast.com\/wordpress\/plugins\/seo\/ -->\n<title>Pont S\u00e9n\u00e9gal 92 : Un motocycliste d\u00e9rape avant de finir sa course dans un talus \u2026 (Vid\u00e9o + Photos) - LE PUBLIC<\/title>\n<meta name=\"robots\" content=\"index, follow, max-snippet:-1, max-image-preview:large, max-video-preview:-1\" \/>\n<link rel=\"canonical\" href=\"https:\/\/www.public.sn\/index.php\/2022\/10\/04\/pont-senegal-92-un-motocycliste-derape-avant-de-finir-sa-course-dans-un-talus-video-photos\/\" \/>\n<meta property=\"og:locale\" content=\"fr_FR\" \/>\n<meta property=\"og:type\" content=\"article\" \/>\n<meta property=\"og:title\" content=\"Pont S\u00e9n\u00e9gal 92 : Un motocycliste d\u00e9rape avant de finir sa course dans un talus \u2026 (Vid\u00e9o + Photos) - LE PUBLIC\" \/>\n<meta property=\"og:description\" content=\"Les reporters de PublicSN sont tomb\u00e9s ce mardi matin sur un accident survenu sur le Pont S\u00e9n\u00e9gal 92. En effet, un motocycliste a perdu le contr\u00f4le de sa moto et a d\u00e9rap\u00e9 sur le pont. Visiblement, il est tomb\u00e9 du haut du pont occasionnant ainsi un choc brutal. Selon toujours nos reporters sur place, la victime s&rsquo;en est sortie mais avec de graves blessures sur sa t\u00eate et au niveau de sa main. Nous y reviendrons avec des informations plus d\u00e9taill\u00e9es mais en attendant, regardez cette courte vid\u00e9o prise par un amateur t\u00e9moin oculaire du drame. \u00a0 \u00a0\" \/>\n<meta property=\"og:url\" content=\"https:\/\/www.public.sn\/index.php\/2022\/10\/04\/pont-senegal-92-un-motocycliste-derape-avant-de-finir-sa-course-dans-un-talus-video-photos\/\" \/>\n<meta property=\"og:site_name\" content=\"LE PUBLIC\" \/>\n<meta property=\"article:published_time\" content=\"2022-10-04T15:08:54+00:00\" \/>\n<meta property=\"article:modified_time\" content=\"2022-10-04T15:26:02+00:00\" \/>\n<meta property=\"og:image\" content=\"https:\/\/www.public.sn\/wp-content\/uploads\/2022\/10\/CCC046F2-B184-4D6F-BC70-A8A62160F325.jpeg\" \/>\n\t<meta property=\"og:image:width\" content=\"810\" \/>\n\t<meta property=\"og:image:height\" content=\"1080\" \/>\n\t<meta property=\"og:image:type\" content=\"image\/jpeg\" \/>\n<meta name=\"author\" content=\"LA REDACTION\" \/>\n<meta name=\"twitter:card\" content=\"summary_large_image\" \/>\n<meta name=\"twitter:label1\" content=\"\u00c9crit par\" \/>\n\t<meta name=\"twitter:data1\" content=\"LA REDACTION\" \/>\n\t<meta name=\"twitter:label2\" content=\"Dur\u00e9e de lecture estim\u00e9e\" \/>\n\t<meta name=\"twitter:data2\" content=\"1 minute\" \/>\n<script type=\"application\/ld+json\" class=\"yoast-schema-graph\">{\"@context\":\"https:\/\/schema.org\",\"@graph\":[{\"@type\":\"Article\",\"@id\":\"https:\/\/www.public.sn\/index.php\/2022\/10\/04\/pont-senegal-92-un-motocycliste-derape-avant-de-finir-sa-course-dans-un-talus-video-photos\/#article\",\"isPartOf\":{\"@id\":\"https:\/\/www.public.sn\/index.php\/2022\/10\/04\/pont-senegal-92-un-motocycliste-derape-avant-de-finir-sa-course-dans-un-talus-video-photos\/\"},\"author\":{\"name\":\"LA REDACTION\",\"@id\":\"https:\/\/www.public.sn\/#\/schema\/person\/e3f4a11b037d4203902db148f9bc8d5a\"},\"headline\":\"Pont S\u00e9n\u00e9gal 92 : Un motocycliste d\u00e9rape avant de finir sa course dans un talus \u2026 (Vid\u00e9o + Photos)\",\"datePublished\":\"2022-10-04T15:08:54+00:00\",\"dateModified\":\"2022-10-04T15:26:02+00:00\",\"mainEntityOfPage\":{\"@id\":\"https:\/\/www.public.sn\/index.php\/2022\/10\/04\/pont-senegal-92-un-motocycliste-derape-avant-de-finir-sa-course-dans-un-talus-video-photos\/\"},\"wordCount\":124,\"commentCount\":0,\"publisher\":{\"@id\":\"https:\/\/www.public.sn\/#organization\"},\"image\":{\"@id\":\"https:\/\/www.public.sn\/index.php\/2022\/10\/04\/pont-senegal-92-un-motocycliste-derape-avant-de-finir-sa-course-dans-un-talus-video-photos\/#primaryimage\"},\"thumbnailUrl\":\"https:\/\/www.public.sn\/wp-content\/uploads\/2022\/10\/CCC046F2-B184-4D6F-BC70-A8A62160F325.jpeg\",\"keywords\":[\"Accident\",\"motocycliste\",\"pont S\u00e9n\u00e9gal 92\"],\"articleSection\":[\"DRAME\",\"S\u00c9N\u00c9GAL\",\"TRANSPORT\",\"VEDETTE\",\"VIDEOS\"],\"inLanguage\":\"fr-FR\",\"potentialAction\":[{\"@type\":\"CommentAction\",\"name\":\"Comment\",\"target\":[\"https:\/\/www.public.sn\/index.php\/2022\/10\/04\/pont-senegal-92-un-motocycliste-derape-avant-de-finir-sa-course-dans-un-talus-video-photos\/#respond\"]}]},{\"@type\":\"WebPage\",\"@id\":\"https:\/\/www.public.sn\/index.php\/2022\/10\/04\/pont-senegal-92-un-motocycliste-derape-avant-de-finir-sa-course-dans-un-talus-video-photos\/\",\"url\":\"https:\/\/www.public.sn\/index.php\/2022\/10\/04\/pont-senegal-92-un-motocycliste-derape-avant-de-finir-sa-course-dans-un-talus-video-photos\/\",\"name\":\"Pont S\u00e9n\u00e9gal 92 : Un motocycliste d\u00e9rape avant de finir sa course dans un talus \u2026 (Vid\u00e9o + Photos) - LE PUBLIC\",\"isPartOf\":{\"@id\":\"https:\/\/www.public.sn\/#website\"},\"primaryImageOfPage\":{\"@id\":\"https:\/\/www.public.sn\/index.php\/2022\/10\/04\/pont-senegal-92-un-motocycliste-derape-avant-de-finir-sa-course-dans-un-talus-video-photos\/#primaryimage\"},\"image\":{\"@id\":\"https:\/\/www.public.sn\/index.php\/2022\/10\/04\/pont-senegal-92-un-motocycliste-derape-avant-de-finir-sa-course-dans-un-talus-video-photos\/#primaryimage\"},\"thumbnailUrl\":\"https:\/\/www.public.sn\/wp-content\/uploads\/2022\/10\/CCC046F2-B184-4D6F-BC70-A8A62160F325.jpeg\",\"datePublished\":\"2022-10-04T15:08:54+00:00\",\"dateModified\":\"2022-10-04T15:26:02+00:00\",\"breadcrumb\":{\"@id\":\"https:\/\/www.public.sn\/index.php\/2022\/10\/04\/pont-senegal-92-un-motocycliste-derape-avant-de-finir-sa-course-dans-un-talus-video-photos\/#breadcrumb\"},\"inLanguage\":\"fr-FR\",\"potentialAction\":[{\"@type\":\"ReadAction\",\"target\":[\"https:\/\/www.public.sn\/index.php\/2022\/10\/04\/pont-senegal-92-un-motocycliste-derape-avant-de-finir-sa-course-dans-un-talus-video-photos\/\"]}]},{\"@type\":\"ImageObject\",\"inLanguage\":\"fr-FR\",\"@id\":\"https:\/\/www.public.sn\/index.php\/2022\/10\/04\/pont-senegal-92-un-motocycliste-derape-avant-de-finir-sa-course-dans-un-talus-video-photos\/#primaryimage\",\"url\":\"https:\/\/www.public.sn\/wp-content\/uploads\/2022\/10\/CCC046F2-B184-4D6F-BC70-A8A62160F325.jpeg\",\"contentUrl\":\"https:\/\/www.public.sn\/wp-content\/uploads\/2022\/10\/CCC046F2-B184-4D6F-BC70-A8A62160F325.jpeg\",\"width\":810,\"height\":1080},{\"@type\":\"BreadcrumbList\",\"@id\":\"https:\/\/www.public.sn\/index.php\/2022\/10\/04\/pont-senegal-92-un-motocycliste-derape-avant-de-finir-sa-course-dans-un-talus-video-photos\/#breadcrumb\",\"itemListElement\":[{\"@type\":\"ListItem\",\"position\":1,\"name\":\"Accueil\",\"item\":\"https:\/\/www.public.sn\/\"},{\"@type\":\"ListItem\",\"position\":2,\"name\":\"Pont S\u00e9n\u00e9gal 92 : Un motocycliste d\u00e9rape avant de finir sa course dans un talus \u2026 (Vid\u00e9o + Photos)\"}]},{\"@type\":\"WebSite\",\"@id\":\"https:\/\/www.public.sn\/#website\",\"url\":\"https:\/\/www.public.sn\/\",\"name\":\"LE PUBLIC\",\"description\":\"\",\"publisher\":{\"@id\":\"https:\/\/www.public.sn\/#organization\"},\"potentialAction\":[{\"@type\":\"SearchAction\",\"target\":{\"@type\":\"EntryPoint\",\"urlTemplate\":\"https:\/\/www.public.sn\/?s={search_term_string}\"},\"query-input\":{\"@type\":\"PropertyValueSpecification\",\"valueRequired\":true,\"valueName\":\"search_term_string\"}}],\"inLanguage\":\"fr-FR\"},{\"@type\":\"Organization\",\"@id\":\"https:\/\/www.public.sn\/#organization\",\"name\":\"LE PUBLIC\",\"url\":\"https:\/\/www.public.sn\/\",\"logo\":{\"@type\":\"ImageObject\",\"inLanguage\":\"fr-FR\",\"@id\":\"https:\/\/www.public.sn\/#\/schema\/logo\/image\/\",\"url\":\"https:\/\/www.public.sn\/wp-content\/uploads\/2024\/05\/cropped-LOGO-PUBLIC.SN_.png\",\"contentUrl\":\"https:\/\/www.public.sn\/wp-content\/uploads\/2024\/05\/cropped-LOGO-PUBLIC.SN_.png\",\"width\":682,\"height\":192,\"caption\":\"LE PUBLIC\"},\"image\":{\"@id\":\"https:\/\/www.public.sn\/#\/schema\/logo\/image\/\"}},{\"@type\":\"Person\",\"@id\":\"https:\/\/www.public.sn\/#\/schema\/person\/e3f4a11b037d4203902db148f9bc8d5a\",\"name\":\"LA REDACTION\",\"image\":{\"@type\":\"ImageObject\",\"inLanguage\":\"fr-FR\",\"@id\":\"https:\/\/www.public.sn\/#\/schema\/person\/image\/\",\"url\":\"https:\/\/secure.gravatar.com\/avatar\/d6c030db45db2883c075085c5d6c6258654a801a93766b49af0b82d4f454e2a5?s=96&d=mm&r=g\",\"contentUrl\":\"https:\/\/secure.gravatar.com\/avatar\/d6c030db45db2883c075085c5d6c6258654a801a93766b49af0b82d4f454e2a5?s=96&d=mm&r=g\",\"caption\":\"LA REDACTION\"},\"sameAs\":[\"http:\/\/www.public.sn\"],\"url\":\"https:\/\/www.public.sn\/index.php\/author\/admin7324\/\"}]}<\/script>\n<!-- \/ Yoast SEO plugin. -->","yoast_head_json":{"title":"Pont S\u00e9n\u00e9gal 92 : Un motocycliste d\u00e9rape avant de finir sa course dans un talus \u2026 (Vid\u00e9o + Photos) - LE PUBLIC","robots":{"index":"index","follow":"follow","max-snippet":"max-snippet:-1","max-image-preview":"max-image-preview:large","max-video-preview":"max-video-preview:-1"},"canonical":"https:\/\/www.public.sn\/index.php\/2022\/10\/04\/pont-senegal-92-un-motocycliste-derape-avant-de-finir-sa-course-dans-un-talus-video-photos\/","og_locale":"fr_FR","og_type":"article","og_title":"Pont S\u00e9n\u00e9gal 92 : Un motocycliste d\u00e9rape avant de finir sa course dans un talus \u2026 (Vid\u00e9o + Photos) - LE PUBLIC","og_description":"Les reporters de PublicSN sont tomb\u00e9s ce mardi matin sur un accident survenu sur le Pont S\u00e9n\u00e9gal 92. En effet, un motocycliste a perdu le contr\u00f4le de sa moto et a d\u00e9rap\u00e9 sur le pont. Visiblement, il est tomb\u00e9 du haut du pont occasionnant ainsi un choc brutal. Selon toujours nos reporters sur place, la victime s&rsquo;en est sortie mais avec de graves blessures sur sa t\u00eate et au niveau de sa main. Nous y reviendrons avec des informations plus d\u00e9taill\u00e9es mais en attendant, regardez cette courte vid\u00e9o prise par un amateur t\u00e9moin oculaire du drame. \u00a0 \u00a0","og_url":"https:\/\/www.public.sn\/index.php\/2022\/10\/04\/pont-senegal-92-un-motocycliste-derape-avant-de-finir-sa-course-dans-un-talus-video-photos\/","og_site_name":"LE PUBLIC","article_published_time":"2022-10-04T15:08:54+00:00","article_modified_time":"2022-10-04T15:26:02+00:00","og_image":[{"width":810,"height":1080,"url":"https:\/\/www.public.sn\/wp-content\/uploads\/2022\/10\/CCC046F2-B184-4D6F-BC70-A8A62160F325.jpeg","type":"image\/jpeg"}],"author":"LA REDACTION","twitter_card":"summary_large_image","twitter_misc":{"\u00c9crit par":"LA REDACTION","Dur\u00e9e de lecture estim\u00e9e":"1 minute"},"schema":{"@context":"https:\/\/schema.org","@graph":[{"@type":"Article","@id":"https:\/\/www.public.sn\/index.php\/2022\/10\/04\/pont-senegal-92-un-motocycliste-derape-avant-de-finir-sa-course-dans-un-talus-video-photos\/#article","isPartOf":{"@id":"https:\/\/www.public.sn\/index.php\/2022\/10\/04\/pont-senegal-92-un-motocycliste-derape-avant-de-finir-sa-course-dans-un-talus-video-photos\/"},"author":{"name":"LA REDACTION","@id":"https:\/\/www.public.sn\/#\/schema\/person\/e3f4a11b037d4203902db148f9bc8d5a"},"headline":"Pont S\u00e9n\u00e9gal 92 : Un motocycliste d\u00e9rape avant de finir sa course dans un talus \u2026 (Vid\u00e9o + Photos)","datePublished":"2022-10-04T15:08:54+00:00","dateModified":"2022-10-04T15:26:02+00:00","mainEntityOfPage":{"@id":"https:\/\/www.public.sn\/index.php\/2022\/10\/04\/pont-senegal-92-un-motocycliste-derape-avant-de-finir-sa-course-dans-un-talus-video-photos\/"},"wordCount":124,"commentCount":0,"publisher":{"@id":"https:\/\/www.public.sn\/#organization"},"image":{"@id":"https:\/\/www.public.sn\/index.php\/2022\/10\/04\/pont-senegal-92-un-motocycliste-derape-avant-de-finir-sa-course-dans-un-talus-video-photos\/#primaryimage"},"thumbnailUrl":"https:\/\/www.public.sn\/wp-content\/uploads\/2022\/10\/CCC046F2-B184-4D6F-BC70-A8A62160F325.jpeg","keywords":["Accident","motocycliste","pont S\u00e9n\u00e9gal 92"],"articleSection":["DRAME","S\u00c9N\u00c9GAL","TRANSPORT","VEDETTE","VIDEOS"],"inLanguage":"fr-FR","potentialAction":[{"@type":"CommentAction","name":"Comment","target":["https:\/\/www.public.sn\/index.php\/2022\/10\/04\/pont-senegal-92-un-motocycliste-derape-avant-de-finir-sa-course-dans-un-talus-video-photos\/#respond"]}]},{"@type":"WebPage","@id":"https:\/\/www.public.sn\/index.php\/2022\/10\/04\/pont-senegal-92-un-motocycliste-derape-avant-de-finir-sa-course-dans-un-talus-video-photos\/","url":"https:\/\/www.public.sn\/index.php\/2022\/10\/04\/pont-senegal-92-un-motocycliste-derape-avant-de-finir-sa-course-dans-un-talus-video-photos\/","name":"Pont S\u00e9n\u00e9gal 92 : Un motocycliste d\u00e9rape avant de finir sa course dans un talus \u2026 (Vid\u00e9o + Photos) - LE PUBLIC","isPartOf":{"@id":"https:\/\/www.public.sn\/#website"},"primaryImageOfPage":{"@id":"https:\/\/www.public.sn\/index.php\/2022\/10\/04\/pont-senegal-92-un-motocycliste-derape-avant-de-finir-sa-course-dans-un-talus-video-photos\/#primaryimage"},"image":{"@id":"https:\/\/www.public.sn\/index.php\/2022\/10\/04\/pont-senegal-92-un-motocycliste-derape-avant-de-finir-sa-course-dans-un-talus-video-photos\/#primaryimage"},"thumbnailUrl":"https:\/\/www.public.sn\/wp-content\/uploads\/2022\/10\/CCC046F2-B184-4D6F-BC70-A8A62160F325.jpeg","datePublished":"2022-10-04T15:08:54+00:00","dateModified":"2022-10-04T15:26:02+00:00","breadcrumb":{"@id":"https:\/\/www.public.sn\/index.php\/2022\/10\/04\/pont-senegal-92-un-motocycliste-derape-avant-de-finir-sa-course-dans-un-talus-video-photos\/#breadcrumb"},"inLanguage":"fr-FR","potentialAction":[{"@type":"ReadAction","target":["https:\/\/www.public.sn\/index.php\/2022\/10\/04\/pont-senegal-92-un-motocycliste-derape-avant-de-finir-sa-course-dans-un-talus-video-photos\/"]}]},{"@type":"ImageObject","inLanguage":"fr-FR","@id":"https:\/\/www.public.sn\/index.php\/2022\/10\/04\/pont-senegal-92-un-motocycliste-derape-avant-de-finir-sa-course-dans-un-talus-video-photos\/#primaryimage","url":"https:\/\/www.public.sn\/wp-content\/uploads\/2022\/10\/CCC046F2-B184-4D6F-BC70-A8A62160F325.jpeg","contentUrl":"https:\/\/www.public.sn\/wp-content\/uploads\/2022\/10\/CCC046F2-B184-4D6F-BC70-A8A62160F325.jpeg","width":810,"height":1080},{"@type":"BreadcrumbList","@id":"https:\/\/www.public.sn\/index.php\/2022\/10\/04\/pont-senegal-92-un-motocycliste-derape-avant-de-finir-sa-course-dans-un-talus-video-photos\/#breadcrumb","itemListElement":[{"@type":"ListItem","position":1,"name":"Accueil","item":"https:\/\/www.public.sn\/"},{"@type":"ListItem","position":2,"name":"Pont S\u00e9n\u00e9gal 92 : Un motocycliste d\u00e9rape avant de finir sa course dans un talus \u2026 (Vid\u00e9o + Photos)"}]},{"@type":"WebSite","@id":"https:\/\/www.public.sn\/#website","url":"https:\/\/www.public.sn\/","name":"LE PUBLIC","description":"","publisher":{"@id":"https:\/\/www.public.sn\/#organization"},"potentialAction":[{"@type":"SearchAction","target":{"@type":"EntryPoint","urlTemplate":"https:\/\/www.public.sn\/?s={search_term_string}"},"query-input":{"@type":"PropertyValueSpecification","valueRequired":true,"valueName":"search_term_string"}}],"inLanguage":"fr-FR"},{"@type":"Organization","@id":"https:\/\/www.public.sn\/#organization","name":"LE PUBLIC","url":"https:\/\/www.public.sn\/","logo":{"@type":"ImageObject","inLanguage":"fr-FR","@id":"https:\/\/www.public.sn\/#\/schema\/logo\/image\/","url":"https:\/\/www.public.sn\/wp-content\/uploads\/2024\/05\/cropped-LOGO-PUBLIC.SN_.png","contentUrl":"https:\/\/www.public.sn\/wp-content\/uploads\/2024\/05\/cropped-LOGO-PUBLIC.SN_.png","width":682,"height":192,"caption":"LE PUBLIC"},"image":{"@id":"https:\/\/www.public.sn\/#\/schema\/logo\/image\/"}},{"@type":"Person","@id":"https:\/\/www.public.sn\/#\/schema\/person\/e3f4a11b037d4203902db148f9bc8d5a","name":"LA REDACTION","image":{"@type":"ImageObject","inLanguage":"fr-FR","@id":"https:\/\/www.public.sn\/#\/schema\/person\/image\/","url":"https:\/\/secure.gravatar.com\/avatar\/d6c030db45db2883c075085c5d6c6258654a801a93766b49af0b82d4f454e2a5?s=96&d=mm&r=g","contentUrl":"https:\/\/secure.gravatar.com\/avatar\/d6c030db45db2883c075085c5d6c6258654a801a93766b49af0b82d4f454e2a5?s=96&d=mm&r=g","caption":"LA REDACTION"},"sameAs":["http:\/\/www.public.sn"],"url":"https:\/\/www.public.sn\/index.php\/author\/admin7324\/"}]}},"jetpack_featured_media_url":"https:\/\/www.public.sn\/wp-content\/uploads\/2022\/10\/CCC046F2-B184-4D6F-BC70-A8A62160F325.jpeg","jetpack_sharing_enabled":true,"_links":{"self":[{"href":"https:\/\/www.public.sn\/index.php\/wp-json\/wp\/v2\/posts\/3595","targetHints":{"allow":["GET"]}}],"collection":[{"href":"https:\/\/www.public.sn\/index.php\/wp-json\/wp\/v2\/posts"}],"about":[{"href":"https:\/\/www.public.sn\/index.php\/wp-json\/wp\/v2\/types\/post"}],"author":[{"embeddable":true,"href":"https:\/\/www.public.sn\/index.php\/wp-json\/wp\/v2\/users\/1"}],"replies":[{"embeddable":true,"href":"https:\/\/www.public.sn\/index.php\/wp-json\/wp\/v2\/comments?post=3595"}],"version-history":[{"count":2,"href":"https:\/\/www.public.sn\/index.php\/wp-json\/wp\/v2\/posts\/3595\/revisions"}],"predecessor-version":[{"id":3599,"href":"https:\/\/www.public.sn\/index.php\/wp-json\/wp\/v2\/posts\/3595\/revisions\/3599"}],"wp:featuredmedia":[{"embeddable":true,"href":"https:\/\/www.public.sn\/index.php\/wp-json\/wp\/v2\/media\/3581"}],"wp:attachment":[{"href":"https:\/\/www.public.sn\/index.php\/wp-json\/wp\/v2\/media?parent=3595"}],"wp:term":[{"taxonomy":"category","embeddable":true,"href":"https:\/\/www.public.sn\/index.php\/wp-json\/wp\/v2\/categories?post=3595"},{"taxonomy":"post_tag","embeddable":true,"href":"https:\/\/www.public.sn\/index.php\/wp-json\/wp\/v2\/tags?post=3595"}],"curies":[{"name":"wp","href":"https:\/\/api.w.org\/{rel}","templated":true}]}}