{"id":36054,"date":"2025-02-26T16:41:03","date_gmt":"2025-02-26T16:41:03","guid":{"rendered":"https:\/\/www.public.sn\/?p=36054"},"modified":"2025-03-19T10:28:17","modified_gmt":"2025-03-19T10:28:17","slug":"urgent-assane-diouf-a-ete-interpelle-par-la-dic-et-mis-en-garde-a-vue-ce-matin","status":"publish","type":"post","link":"https:\/\/www.public.sn\/index.php\/2025\/02\/26\/urgent-assane-diouf-a-ete-interpelle-par-la-dic-et-mis-en-garde-a-vue-ce-matin\/","title":{"rendered":"URGENT : Assane Diouf a \u00e9t\u00e9 interpell\u00e9 par la DIC et mis en garde \u00e0 vue ce matin."},"content":{"rendered":"<p><span id=\"output-sentence-box~0\" class=\"output-sentence\" contenteditable=\"true\"><span class=\"MuiBox-root css-avfhld\"><span id=\"output-sentence~0\"><span data-testid=\"output-sentence-0\"><span id=\"output-phrase~0~0\" class=\"css-1ko3g0e\"><span class=\"css-1g9q2al\">La\u00a0<\/span><\/span><span id=\"output-phrase~0~1\" class=\"css-1ko3g0e\"><span class=\"css-1g9q2al\">Brigade\u00a0<\/span><\/span><span id=\"output-phrase~0~2\" class=\"css-1ko3g0e\"><span class=\"css-1g9q2al\">des\u00a0<\/span><\/span><span id=\"output-phrase~0~3\" class=\"css-1ko3g0e\"><span class=\"css-1g9q2al\">Affaires\u00a0<\/span><\/span><span id=\"output-phrase~0~4\" class=\"css-1ko3g0e\"><span class=\"css-1g9q2al\">G\u00e9n\u00e9rales\u00a0<\/span><\/span><span id=\"output-phrase~0~5\" class=\"css-1ko3g0e\"><span class=\"css-1g9q2al\">(BAG)\u00a0<\/span><\/span><span id=\"output-phrase~0~6\" class=\"css-1ko3g0e\"><span class=\"css-1g9q2al\">de\u00a0<\/span><\/span><span id=\"output-phrase~0~7\" class=\"css-1ko3g0e\"><span class=\"css-1g9q2al\">la\u00a0<\/span><\/span><span id=\"output-phrase~0~8\" class=\"css-1ko3g0e\"><span class=\"css-1g9q2al\">Division\u00a0<\/span><\/span><span id=\"output-phrase~0~9\" class=\"css-1ko3g0e\"><span class=\"css-1g9q2al\">des\u00a0<\/span><\/span><span id=\"output-phrase~0~10\" class=\"css-1ko3g0e\"><span class=\"css-1g9q2al\">Investigations\u00a0<\/span><\/span><span id=\"output-phrase~0~11\" class=\"css-1ko3g0e\"><span class=\"css-1g9q2al\">Criminelles\u00a0<\/span><\/span><span id=\"output-phrase~0~12\" class=\"css-1ko3g0e\"><span class=\"css-1g9q2al\">(DIC)\u00a0<\/span><\/span><span id=\"output-phrase~0~13\" class=\"css-1ko3g0e\"><span class=\"css-1tmeul0\">accueille\u00a0<\/span><\/span><span id=\"output-phrase~0~14\" class=\"css-1ko3g0e\"><span class=\"css-0\">un\u00a0<\/span><\/span><span id=\"output-phrase~0~15\" class=\"css-1ko3g0e\"><span class=\"css-1tmeul0\">invit\u00e9\u00a0<\/span><\/span><span id=\"output-phrase~0~16\" class=\"css-1ko3g0e\"><span class=\"css-0\">haut\u00a0<\/span><\/span><span id=\"output-phrase~0~17\" class=\"css-1ko3g0e\"><span class=\"css-0\">en\u00a0<\/span><\/span><span id=\"output-phrase~0~18\" class=\"css-1ko3g0e\"><span class=\"css-0\">couleur.<\/span><\/span><\/span> <\/span><\/span><\/span><span id=\"output-sentence-box~1\" class=\"output-sentence\" contenteditable=\"true\"><span class=\"MuiBox-root css-avfhld\"><span id=\"output-sentence~1\"><span data-testid=\"output-sentence-1\"><span id=\"output-phrase~1~0\" class=\"css-1ko3g0e\"><span class=\"css-1tmeul0\">D&rsquo;apr\u00e8s\u00a0<\/span><\/span><span id=\"output-phrase~1~1\" class=\"css-1ko3g0e\"><span class=\"css-10o52y0\">nos\u00a0<\/span><\/span><span id=\"output-phrase~1~2\" class=\"css-1ko3g0e\"><span class=\"css-h5d7i9\">coll\u00e8gues\u00a0<\/span><\/span><span id=\"output-phrase~1~3\" class=\"css-1ko3g0e\"><span class=\"css-10o52y0\">de\u00a0<\/span><\/span><span id=\"output-phrase~1~4\" class=\"css-1ko3g0e\"><span class=\"css-10o52y0\">Kewoulo,\u00a0<\/span><\/span><span id=\"output-phrase~1~5\" class=\"css-1ko3g0e\"><span class=\"css-10o52y0\">Assane\u00a0<\/span><\/span><span id=\"output-phrase~1~6\" class=\"css-1ko3g0e\"><span class=\"css-10o52y0\">Diouf,\u00a0<\/span><\/span><span id=\"output-phrase~1~7\" class=\"css-1ko3g0e\"><span class=\"css-h5d7i9\">connu\u00a0<\/span><\/span><span id=\"output-phrase~1~8\" class=\"css-1ko3g0e\"><span class=\"css-h5d7i9\">comme\u00a0<\/span><\/span><span id=\"output-phrase~1~9\" class=\"css-1ko3g0e\"><span class=\"css-10o52y0\">le\u00a0<\/span><\/span><span id=\"output-phrase~1~10\" class=\"css-1ko3g0e\"><span class=\"css-10o52y0\">\u00ab\u00a0<\/span><\/span><span id=\"output-phrase~1~11\" class=\"css-1ko3g0e\"><span class=\"css-h5d7i9\">premier\u00a0<\/span><\/span><span id=\"output-phrase~1~12\" class=\"css-1ko3g0e\"><span class=\"css-10o52y0\">insulter <\/span><\/span><span id=\"output-phrase~1~13\" class=\"css-1ko3g0e\"><span class=\"css-10o52y0\">\u00bb\u00a0<\/span><\/span><span id=\"output-phrase~1~14\" class=\"css-1ko3g0e\"><span class=\"css-10o52y0\">du\u00a0<\/span><\/span><span id=\"output-phrase~1~15\" class=\"css-1ko3g0e\"><span class=\"css-10o52y0\">S\u00e9n\u00e9gal,\u00a0<\/span><\/span><span id=\"output-phrase~1~16\" class=\"css-1ko3g0e\"><span class=\"css-10o52y0\">est\u00a0<\/span><\/span><span id=\"output-phrase~1~17\" class=\"css-1ko3g0e\"><span class=\"css-10o52y0\">actuellement\u00a0<\/span><\/span><span id=\"output-phrase~1~18\" class=\"css-1ko3g0e\"><span class=\"css-h5d7i9\">plac\u00e9\u00a0<\/span><\/span><span id=\"output-phrase~1~19\" class=\"css-1ko3g0e\"><span class=\"css-10o52y0\">en\u00a0<\/span><\/span><span id=\"output-phrase~1~20\" class=\"css-1ko3g0e\"><span class=\"css-h5d7i9\">d\u00e9tention\u00a0<\/span><\/span><span id=\"output-phrase~1~21\" class=\"css-1ko3g0e\"><span class=\"css-h5d7i9\">provisoire\u00a0<\/span><\/span><span id=\"output-phrase~1~22\" class=\"css-1ko3g0e\"><span class=\"css-h5d7i9\">dans\u00a0<\/span><\/span><span id=\"output-phrase~1~23\" class=\"css-1ko3g0e\"><span class=\"css-h5d7i9\">les\u00a0<\/span><\/span><span id=\"output-phrase~1~24\" class=\"css-1ko3g0e\"><span class=\"css-10o52y0\">locaux\u00a0<\/span><\/span><span id=\"output-phrase~1~25\" class=\"css-1ko3g0e\"><span class=\"css-10o52y0\">de\u00a0<\/span><\/span><span id=\"output-phrase~1~26\" class=\"css-1ko3g0e\"><span class=\"css-10o52y0\">la\u00a0<\/span><\/span><span id=\"output-phrase~1~27\" class=\"css-1ko3g0e\"><span class=\"css-10o52y0\">DIC <span id=\"output-sentence-box~0\" class=\"output-sentence\" contenteditable=\"true\"><span class=\"MuiBox-root css-ij4vq4\"><span id=\"output-sentence~0\"><span id=\"output-phrase~0~0\" class=\"css-1ko3g0e\"><span class=\"css-1tmeul0\">L&rsquo;interpellation\u00a0<\/span><\/span><span id=\"output-phrase~0~1\" class=\"css-1ko3g0e\"><span class=\"css-0\">de\u00a0<\/span><\/span><span id=\"output-phrase~0~2\" class=\"css-1ko3g0e\"><span class=\"css-0\">cet\u00a0<\/span><\/span><span id=\"output-phrase~0~3\" class=\"css-1ko3g0e\"><span class=\"css-1tmeul0\">individu,\u00a0<\/span><\/span><span id=\"output-phrase~0~4\" class=\"css-1ko3g0e\"><span class=\"css-1tmeul0\">dont\u00a0<\/span><\/span><span id=\"output-phrase~0~5\" class=\"css-1ko3g0e\"><span class=\"css-1tmeul0\">le\u00a0<\/span><\/span><span id=\"output-phrase~0~6\" class=\"css-1ko3g0e\"><span class=\"css-0\">pass\u00e9\u00a0<\/span><\/span><span id=\"output-phrase~0~7\" class=\"css-1ko3g0e\"><span class=\"css-0\">est\u00a0<\/span><\/span><span id=\"output-phrase~0~8\" class=\"css-1ko3g0e\"><span class=\"css-0\">tumultueux,\u00a0<\/span><\/span><span id=\"output-phrase~0~9\" class=\"css-1ko3g0e\"><span class=\"css-0\">a\u00a0<\/span><\/span><span id=\"output-phrase~0~10\" class=\"css-1ko3g0e\"><span class=\"css-0\">\u00e9t\u00e9\u00a0<\/span><\/span><span id=\"output-phrase~0~11\" class=\"css-1ko3g0e\"><span class=\"css-1tmeul0\">effectu\u00e9e\u00a0<\/span><\/span><span id=\"output-phrase~0~12\" class=\"css-1ko3g0e\"><span class=\"css-1tmeul0\">en\u00a0<\/span><\/span><span id=\"output-phrase~0~13\" class=\"css-1ko3g0e\"><span class=\"css-1tmeul0\">d\u00e9but\u00a0<\/span><\/span><span id=\"output-phrase~0~14\" class=\"css-1ko3g0e\"><span class=\"css-0\">de\u00a0<\/span><\/span><span id=\"output-phrase~0~15\" class=\"css-1ko3g0e\"><span class=\"css-1tmeul0\">matin\u00e9e\u00a0<\/span><\/span><span id=\"output-phrase~0~16\" class=\"css-1ko3g0e\"><span class=\"css-0\">\u00e0\u00a0<\/span><\/span><span id=\"output-phrase~0~17\" class=\"css-1ko3g0e\"><span class=\"css-0\">Gu\u00e9diawaye.<\/span><\/span> <\/span><\/span><\/span><span id=\"output-phrase~1~0\" class=\"css-1ko3g0e\"><span class=\"css-1tmeul0\">Actuellement\u00a0<\/span><\/span><span id=\"output-phrase~1~1\" class=\"css-1ko3g0e\"><span class=\"css-0\">sous\u00a0<\/span><\/span><span id=\"output-phrase~1~2\" class=\"css-1ko3g0e\"><span class=\"css-1tmeul0\">\u00e9troite\u00a0<\/span><\/span><span id=\"output-phrase~1~3\" class=\"css-1ko3g0e\"><span class=\"css-1g9q2al\">surveillance\u00a0<\/span><\/span><span id=\"output-phrase~1~4\" class=\"css-1ko3g0e\"><span class=\"css-1g9q2al\">\u00e0\u00a0<\/span><\/span><span id=\"output-phrase~1~5\" class=\"css-1ko3g0e\"><span class=\"css-1g9q2al\">la\u00a0<\/span><\/span><span id=\"output-phrase~1~6\" class=\"css-1ko3g0e\"><span class=\"css-1g9q2al\">DIC,\u00a0<\/span><\/span><span id=\"output-phrase~1~7\" class=\"css-1ko3g0e\"><span class=\"css-1g9q2al\">les\u00a0<\/span><\/span><span id=\"output-phrase~1~8\" class=\"css-1ko3g0e\"><span class=\"css-1tmeul0\">motifs\u00a0<\/span><\/span><span id=\"output-phrase~1~9\" class=\"css-1ko3g0e\"><span class=\"css-1tmeul0\">pr\u00e9cis\u00a0<\/span><\/span><span id=\"output-phrase~1~10\" class=\"css-1ko3g0e\"><span class=\"css-0\">de\u00a0<\/span><\/span><span id=\"output-phrase~1~11\" class=\"css-1ko3g0e\"><span class=\"css-0\">son\u00a0<\/span><\/span><span id=\"output-phrase~1~12\" class=\"css-1ko3g0e\"><span class=\"css-1tmeul0\">arrestation\u00a0<\/span><\/span><span id=\"output-phrase~1~13\" class=\"css-1ko3g0e\"><span class=\"css-1tmeul0\">restent\u00a0<\/span><\/span><span id=\"output-phrase~1~14\" class=\"css-1ko3g0e\"><span class=\"css-1tmeul0\">encore\u00a0<\/span><\/span><span id=\"output-phrase~1~15\" class=\"css-1ko3g0e\"><span class=\"css-1tmeul0\">n\u00e9buleux.<\/span><\/span> <span id=\"output-sentence-box~2\" class=\"output-sentence\" contenteditable=\"true\"><span id=\"output-sentence~2\"><span id=\"output-phrase~2~0\" class=\"css-1ko3g0e\"><span class=\"css-1tmeul0\">N\u00e9anmoins,\u00a0<\/span><\/span><span id=\"output-phrase~2~1\" class=\"css-1ko3g0e\">des\u00a0<\/span><span id=\"output-phrase~2~2\" class=\"css-1ko3g0e\"><span class=\"css-h5d7i9\">rumeurs\u00a0<\/span><\/span><span id=\"output-phrase~2~3\" class=\"css-1ko3g0e\"><span class=\"css-h5d7i9\">circulent.\u00a0<\/span><\/span><span id=\"output-phrase~2~4\" class=\"css-1ko3g0e\">Selon\u00a0<\/span><span id=\"output-phrase~2~5\" class=\"css-1ko3g0e\">des\u00a0<\/span><span id=\"output-phrase~2~6\" class=\"css-1ko3g0e\"><span class=\"css-h5d7i9\">t\u00e9moins\u00a0<\/span><\/span><span id=\"output-phrase~2~7\" class=\"css-1ko3g0e\">proches\u00a0<\/span><span id=\"output-phrase~2~8\" class=\"css-1ko3g0e\">de\u00a0<\/span><span id=\"output-phrase~2~9\" class=\"css-1ko3g0e\">la\u00a0<\/span><span id=\"output-phrase~2~10\" class=\"css-1ko3g0e\"><span class=\"css-h5d7i9\">situation,\u00a0<\/span><\/span><span id=\"output-phrase~2~11\" class=\"css-1ko3g0e\"><span class=\"css-lq4jk2\">son\u00a0<\/span><\/span><span id=\"output-phrase~2~12\" class=\"css-1ko3g0e\"><span class=\"css-lq4jk2\">arrestation\u00a0<\/span><\/span><span id=\"output-phrase~2~13\" class=\"css-1ko3g0e\"><span class=\"css-lq4jk2\">pourrait\u00a0<\/span><\/span><span id=\"output-phrase~2~14\" class=\"css-1ko3g0e\"><span class=\"css-lq4jk2\">\u00eatre\u00a0<\/span><\/span><span id=\"output-phrase~2~15\" class=\"css-1ko3g0e\"><span class=\"css-h5d7i9\">associ\u00e9e\u00a0<\/span><\/span><span id=\"output-phrase~2~16\" class=\"css-1ko3g0e\">\u00e0\u00a0<\/span><span id=\"output-phrase~2~17\" class=\"css-1ko3g0e\">ses\u00a0<\/span><span id=\"output-phrase~2~18\" class=\"css-1ko3g0e\"><span class=\"css-h5d7i9\">r\u00e9centes\u00a0<\/span><\/span><span id=\"output-phrase~2~19\" class=\"css-1ko3g0e\"><span class=\"css-h5d7i9\">apparitions\u00a0<\/span><\/span><span id=\"output-phrase~2~20\" class=\"css-1ko3g0e\">m\u00e9diatiques\u00a0<\/span><span id=\"output-phrase~2~21\" class=\"css-1ko3g0e\">qui\u00a0<\/span><span id=\"output-phrase~2~22\" class=\"css-1ko3g0e\">ont\u00a0<\/span><span id=\"output-phrase~2~23\" class=\"css-1ko3g0e\"><span class=\"css-h5d7i9\">provoqu\u00e9\u00a0<\/span><\/span><span id=\"output-phrase~2~24\" class=\"css-1ko3g0e\"><span class=\"css-h5d7i9\">une\u00a0<\/span><\/span><span id=\"output-phrase~2~25\" class=\"css-1ko3g0e\">onde\u00a0<\/span><span id=\"output-phrase~2~26\" class=\"css-1ko3g0e\">de\u00a0<\/span><span id=\"output-phrase~2~27\" class=\"css-1ko3g0e\"><span class=\"css-h5d7i9\">choc\u00a0<\/span><\/span><span id=\"output-phrase~2~28\" class=\"css-1ko3g0e\"><span class=\"css-h5d7i9\">dans\u00a0<\/span><\/span><span id=\"output-phrase~2~29\" class=\"css-1ko3g0e\">l&rsquo;opinion\u00a0<\/span><span id=\"output-phrase~2~30\" class=\"css-1ko3g0e\">publique\u00a0<\/span><span id=\"output-phrase~2~31\" class=\"css-1ko3g0e\">et\u00a0<\/span><span id=\"output-phrase~2~32\" class=\"css-1ko3g0e\">attir\u00e9\u00a0<\/span><span id=\"output-phrase~2~33\" class=\"css-1ko3g0e\"><span class=\"css-h5d7i9\">l&rsquo;\u0153il\u00a0<\/span><\/span><span id=\"output-phrase~2~34\" class=\"css-1ko3g0e\">des\u00a0<\/span><span id=\"output-phrase~2~35\" class=\"css-1ko3g0e\"><span class=\"css-0\">autorit\u00e9s.<\/span><\/span><\/span><\/span><\/span><\/span><\/span><\/span><\/span><\/span><\/p><div class=\"publi-paragraphe1\" style=\"margin-top: 10px;margin-bottom: 10px;margin-left: auto;margin-right: auto;text-align: center;\" id=\"publi-1704872757\"><div class=\"publi-adlabel\">Publicit\u00e9<\/div><script async src=\"\/\/pagead2.googlesyndication.com\/pagead\/js\/adsbygoogle.js?client=ca-pub-4089586018074219\" crossorigin=\"anonymous\"><\/script><ins class=\"adsbygoogle\" style=\"display:block;\" data-ad-client=\"ca-pub-4089586018074219\" \ndata-ad-slot=\"2087940154\" \ndata-ad-format=\"auto\"><\/ins>\n<script> \n(adsbygoogle = window.adsbygoogle || []).push({}); \n<\/script>\n<\/div>\n<p><span id=\"output-sentence-box~0\" class=\"output-sentence\" contenteditable=\"true\"><span class=\"MuiBox-root css-ij4vq4\"><span id=\"output-sentence~0\"><span data-testid=\"output-sentence-0\"><span id=\"output-phrase~0~0\" class=\"css-1ko3g0e\"><span class=\"css-1tmeul0\">R\u00e9cemment,\u00a0<\/span><\/span><span id=\"output-phrase~0~1\" class=\"css-1ko3g0e\"><span class=\"css-0\">Assane\u00a0<\/span><\/span><span id=\"output-phrase~0~2\" class=\"css-1ko3g0e\"><span class=\"css-0\">Diouf\u00a0<\/span><\/span><span id=\"output-phrase~0~3\" class=\"css-1ko3g0e\"><span class=\"css-0\">a\u00a0<\/span><\/span><span id=\"output-phrase~0~4\" class=\"css-1ko3g0e\"><span class=\"css-1tmeul0\">attir\u00e9\u00a0<\/span><\/span><span id=\"output-phrase~0~5\" class=\"css-1ko3g0e\"><span class=\"css-1tmeul0\">l&rsquo;attention\u00a0<\/span><\/span><span id=\"output-phrase~0~6\" class=\"css-1ko3g0e\"><span class=\"css-0\">par\u00a0<\/span><\/span><span id=\"output-phrase~0~7\" class=\"css-1ko3g0e\"><span class=\"css-0\">ses\u00a0<\/span><\/span><span id=\"output-phrase~0~8\" class=\"css-1ko3g0e\"><span class=\"css-0\">critiques\u00a0<\/span><\/span><span id=\"output-phrase~0~9\" class=\"css-1ko3g0e\"><span class=\"css-1tmeul0\">virulentes\u00a0<\/span><\/span><span id=\"output-phrase~0~10\" class=\"css-1ko3g0e\"><span class=\"css-0\">contre\u00a0<\/span><\/span><span id=\"output-phrase~0~11\" class=\"css-1ko3g0e\"><span class=\"css-0\">le\u00a0<\/span><\/span><span id=\"output-phrase~0~12\" class=\"css-1ko3g0e\"><span class=\"css-0\">gouvernement de Bassirou Diomaye Diakhar Faye et Ousmane Sonko<\/span><\/span><\/span><\/span><\/span><\/span><span id=\"output-sentence-box~0\" class=\"output-sentence\" contenteditable=\"true\"><span class=\"MuiBox-root css-ij4vq4\"><span id=\"output-sentence~0\"><span data-testid=\"output-sentence-0\"><span id=\"output-phrase~0~12\" class=\"css-1ko3g0e\"><span class=\"css-0\">.<\/span><\/span><\/span> <\/span><\/span><\/span><span id=\"output-sentence-box~1\" class=\"output-sentence\" contenteditable=\"true\"><span class=\"MuiBox-root css-avfhld\"><span id=\"output-sentence~1\"><span data-testid=\"output-sentence-1\"><span id=\"output-phrase~1~0\" class=\"css-1ko3g0e\"><span class=\"css-0\">Il\u00a0<\/span><\/span><span id=\"output-phrase~1~1\" class=\"css-1ko3g0e\"><span class=\"css-0\">a\u00a0<\/span><\/span><span id=\"output-phrase~1~2\" class=\"css-1ko3g0e\"><span class=\"css-1tmeul0\">sp\u00e9cifiquement\u00a0<\/span><\/span><span id=\"output-phrase~1~3\" class=\"css-1ko3g0e\"><span class=\"css-1tmeul0\">d\u00e9clar\u00e9\u00a0<\/span><\/span><span id=\"output-phrase~1~4\" class=\"css-1ko3g0e\"><span class=\"css-0\">sur\u00a0<\/span><\/span><span id=\"output-phrase~1~5\" class=\"css-1ko3g0e\"><span class=\"css-0\">ITV,\u00a0<\/span><\/span><span id=\"output-phrase~1~6\" class=\"css-1ko3g0e\"><span class=\"css-0\">en\u00a0<\/span><\/span><span id=\"output-phrase~1~7\" class=\"css-1ko3g0e\"><span class=\"css-1tmeul0\">compagnie\u00a0<\/span><\/span><span id=\"output-phrase~1~8\" class=\"css-1ko3g0e\"><span class=\"css-1g9q2al\">de\u00a0<\/span><\/span><span id=\"output-phrase~1~9\" class=\"css-1ko3g0e\"><span class=\"css-1g9q2al\">Cheikh\u00a0<\/span><\/span><span id=\"output-phrase~1~10\" class=\"css-1ko3g0e\"><span class=\"css-1g9q2al\">Sarr,\u00a0<\/span><\/span><span id=\"output-phrase~1~11\" class=\"css-1ko3g0e\"><span class=\"css-1g9q2al\">que\u00a0<\/span><\/span><span id=\"output-phrase~1~12\" class=\"css-1ko3g0e\"><span class=\"css-1g9q2al\">\u00ab\u00a0<\/span><\/span><span id=\"output-phrase~1~13\" class=\"css-1ko3g0e\"><span class=\"css-10o52y0\">les\u00a0<\/span><\/span><span id=\"output-phrase~1~14\" class=\"css-1ko3g0e\"><span class=\"css-h5d7i9\">fonds\u00a0<\/span><\/span><span id=\"output-phrase~1~15\" class=\"css-1ko3g0e\"><span class=\"css-h5d7i9\">destin\u00e9s\u00a0<\/span><\/span><span id=\"output-phrase~1~16\" class=\"css-1ko3g0e\"><span class=\"css-10o52y0\">\u00e0\u00a0<\/span><\/span><span id=\"output-phrase~1~17\" class=\"css-1ko3g0e\"><span class=\"css-10o52y0\">\u00eatre\u00a0<\/span><\/span><span id=\"output-phrase~1~18\" class=\"css-1ko3g0e\"><span class=\"css-h5d7i9\">r\u00e9partis\u00a0<\/span><\/span><span id=\"output-phrase~1~19\" class=\"css-1ko3g0e\"><span class=\"css-h5d7i9\">parmi\u00a0<\/span><\/span><span id=\"output-phrase~1~20\" class=\"css-1ko3g0e\"><span class=\"css-10o52y0\">les\u00a0<\/span><\/span><span id=\"output-phrase~1~21\" class=\"css-1ko3g0e\"><span class=\"css-h5d7i9\">partisans\u00a0<\/span><\/span><span id=\"output-phrase~1~22\" class=\"css-1ko3g0e\"><span class=\"css-10o52y0\">de\u00a0<\/span><\/span><span id=\"output-phrase~1~23\" class=\"css-1ko3g0e\"><span class=\"css-10o52y0\">Pastef\u00a0<\/span><\/span><span id=\"output-phrase~1~24\" class=\"css-1ko3g0e\"><span class=\"css-h5d7i9\">ont\u00a0<\/span><\/span><span id=\"output-phrase~1~25\" class=\"css-1ko3g0e\"><span class=\"css-10o52y0\">d\u00e9j\u00e0\u00a0<\/span><\/span><span id=\"output-phrase~1~26\" class=\"css-1ko3g0e\"><span class=\"css-10o52y0\">\u00e9t\u00e9\u00a0<\/span><\/span><span id=\"output-phrase~1~27\" class=\"css-1ko3g0e\"><span class=\"css-h5d7i9\">gaspill\u00e9s\u00a0<\/span><\/span><span id=\"output-phrase~1~28\" class=\"css-1ko3g0e\"><span class=\"css-10o52y0\">par\u00a0<\/span><\/span><span id=\"output-phrase~1~29\" class=\"css-1ko3g0e\"><span class=\"css-10o52y0\">les\u00a0<\/span><\/span><span id=\"output-phrase~1~30\" class=\"css-1ko3g0e\"><span class=\"css-10o52y0\">nouveaux\u00a0<\/span><\/span><span id=\"output-phrase~1~31\" class=\"css-1ko3g0e\"><span class=\"css-h5d7i9\">dirigeants\u00a0<\/span><\/span><span id=\"output-phrase~1~32\" class=\"css-1ko3g0e\"><span class=\"css-0\">\u00bb.<\/span><\/span><\/span> <\/span><\/span><\/span><span id=\"output-sentence-box~2\" class=\"output-sentence\" contenteditable=\"true\"><span class=\"MuiBox-root css-avfhld\"><span id=\"output-sentence~2\"><span data-testid=\"output-sentence-2\"><span id=\"output-phrase~2~0\" class=\"css-1ko3g0e\"><span class=\"css-0\">Un\u00a0<\/span><\/span><span id=\"output-phrase~2~1\" class=\"css-1ko3g0e\"><span class=\"css-1tmeul0\">communiqu\u00e9\u00a0<\/span><\/span><span id=\"output-phrase~2~2\" class=\"css-1ko3g0e\"><span class=\"css-0\">qui\u00a0<\/span><\/span><span id=\"output-phrase~2~3\" class=\"css-1ko3g0e\"><span class=\"css-0\">a\u00a0<\/span><\/span><span id=\"output-phrase~2~4\" class=\"css-1ko3g0e\"><span class=\"css-1tmeul0\">su\u00a0<\/span><\/span><span id=\"output-phrase~2~5\" class=\"css-1ko3g0e\"><span class=\"css-1g9q2al\">raviver\u00a0<\/span><\/span><span id=\"output-phrase~2~6\" class=\"css-1ko3g0e\"><span class=\"css-1g9q2al\">les\u00a0<\/span><\/span><span id=\"output-phrase~2~7\" class=\"css-1ko3g0e\"><span class=\"css-1g9q2al\">tensions\u00a0<\/span><\/span><span id=\"output-phrase~2~8\" class=\"css-1ko3g0e\"><span class=\"css-1g9q2al\">d\u00e9j\u00e0\u00a0<\/span><\/span><span id=\"output-phrase~2~9\" class=\"css-1ko3g0e\"><span class=\"css-1tmeul0\">existantes\u00a0<\/span><\/span><span id=\"output-phrase~2~10\" class=\"css-1ko3g0e\"><span class=\"css-0\">entre\u00a0<\/span><\/span><span id=\"output-phrase~2~11\" class=\"css-1ko3g0e\"><span class=\"css-0\">le\u00a0<\/span><\/span><span id=\"output-phrase~2~12\" class=\"css-1ko3g0e\"><span class=\"css-0\">r\u00e9gime\u00a0<\/span><\/span><span id=\"output-phrase~2~13\" class=\"css-1ko3g0e\"><span class=\"css-1tmeul0\">au\u00a0<\/span><\/span><span id=\"output-phrase~2~14\" class=\"css-1ko3g0e\"><span class=\"css-1tmeul0\">pouvoir\u00a0<\/span><\/span><span id=\"output-phrase~2~15\" class=\"css-1ko3g0e\"><span class=\"css-0\">et\u00a0<\/span><\/span><span id=\"output-phrase~2~16\" class=\"css-1ko3g0e\"><span class=\"css-0\">ses\u00a0<\/span><\/span><span id=\"output-phrase~2~17\" class=\"css-1ko3g0e\"><span class=\"css-1tmeul0\">d\u00e9tracteurs.<\/span><\/span><\/span><\/span><\/span><\/span><\/p>\n<div class=\"publi-apres-le-contenu\" style=\"margin-top: 10px;margin-bottom: 10px;margin-left: auto;margin-right: auto;text-align: center;\" id=\"publi-1632851840\"><div class=\"publi-adlabel\">Publicit\u00e9<\/div><script async src=\"\/\/pagead2.googlesyndication.com\/pagead\/js\/adsbygoogle.js?client=ca-pub-4089586018074219\" crossorigin=\"anonymous\"><\/script><ins class=\"adsbygoogle\" style=\"display:block;\" data-ad-client=\"ca-pub-4089586018074219\" \ndata-ad-slot=\"2087940154\" \ndata-ad-format=\"auto\"><\/ins>\n<script> \n(adsbygoogle = window.adsbygoogle || []).push({}); \n<\/script>\n<\/div>","protected":false},"excerpt":{"rendered":"<p>La\u00a0Brigade\u00a0des\u00a0Affaires\u00a0G\u00e9n\u00e9rales\u00a0(BAG)\u00a0de\u00a0la\u00a0Division\u00a0des\u00a0Investigations\u00a0Criminelles\u00a0(DIC)\u00a0accueille\u00a0un\u00a0invit\u00e9\u00a0haut\u00a0en\u00a0couleur. D&rsquo;apr\u00e8s\u00a0nos\u00a0coll\u00e8gues\u00a0de\u00a0Kewoulo,\u00a0Assane\u00a0Diouf,\u00a0connu\u00a0comme\u00a0le\u00a0\u00ab\u00a0premier\u00a0insulter \u00bb\u00a0du\u00a0S\u00e9n\u00e9gal,\u00a0est\u00a0actuellement\u00a0plac\u00e9\u00a0en\u00a0d\u00e9tention\u00a0provisoire\u00a0dans\u00a0les\u00a0locaux\u00a0de\u00a0la\u00a0DIC L&rsquo;interpellation\u00a0de\u00a0cet\u00a0individu,\u00a0dont\u00a0le\u00a0pass\u00e9\u00a0est\u00a0tumultueux,\u00a0a\u00a0\u00e9t\u00e9\u00a0effectu\u00e9e\u00a0en\u00a0d\u00e9but\u00a0de\u00a0matin\u00e9e\u00a0\u00e0\u00a0Gu\u00e9diawaye. Actuellement\u00a0sous\u00a0\u00e9troite\u00a0surveillance\u00a0\u00e0\u00a0la\u00a0DIC,\u00a0les\u00a0motifs\u00a0pr\u00e9cis\u00a0de\u00a0son\u00a0arrestation\u00a0restent\u00a0encore\u00a0n\u00e9buleux. N\u00e9anmoins,\u00a0des\u00a0rumeurs\u00a0circulent.\u00a0Selon\u00a0des\u00a0t\u00e9moins\u00a0proches\u00a0de\u00a0la\u00a0situation,\u00a0son\u00a0arrestation\u00a0pourrait\u00a0\u00eatre\u00a0associ\u00e9e\u00a0\u00e0\u00a0ses\u00a0r\u00e9centes\u00a0apparitions\u00a0m\u00e9diatiques\u00a0qui\u00a0ont\u00a0provoqu\u00e9\u00a0une\u00a0onde\u00a0de\u00a0choc\u00a0dans\u00a0l&rsquo;opinion\u00a0publique\u00a0et\u00a0attir\u00e9\u00a0l&rsquo;\u0153il\u00a0des\u00a0autorit\u00e9s. R\u00e9cemment,\u00a0Assane\u00a0Diouf\u00a0a\u00a0attir\u00e9\u00a0l&rsquo;attention\u00a0par\u00a0ses\u00a0critiques\u00a0virulentes\u00a0contre\u00a0le\u00a0gouvernement de Bassirou Diomaye Diakhar Faye et Ousmane Sonko. Il\u00a0a\u00a0sp\u00e9cifiquement\u00a0d\u00e9clar\u00e9\u00a0sur\u00a0ITV,\u00a0en\u00a0compagnie\u00a0de\u00a0Cheikh\u00a0Sarr,\u00a0que\u00a0\u00ab\u00a0les\u00a0fonds\u00a0destin\u00e9s\u00a0\u00e0\u00a0\u00eatre\u00a0r\u00e9partis\u00a0parmi\u00a0les\u00a0partisans\u00a0de\u00a0Pastef\u00a0ont\u00a0d\u00e9j\u00e0\u00a0\u00e9t\u00e9\u00a0gaspill\u00e9s\u00a0par\u00a0les\u00a0nouveaux\u00a0dirigeants\u00a0\u00bb. Un\u00a0communiqu\u00e9\u00a0qui\u00a0a\u00a0su\u00a0raviver\u00a0les\u00a0tensions\u00a0d\u00e9j\u00e0\u00a0existantes\u00a0entre\u00a0le\u00a0r\u00e9gime\u00a0au\u00a0pouvoir\u00a0et\u00a0ses\u00a0d\u00e9tracteurs.<\/p>\n","protected":false},"author":24,"featured_media":36064,"comment_status":"open","ping_status":"open","sticky":false,"template":"","format":"standard","meta":{"_jetpack_memberships_contains_paid_content":false,"footnotes":""},"categories":[375,3724,3],"tags":[],"class_list":["post-36054","post","type-post","status-publish","format-standard","has-post-thumbnail","hentry","category-actualites","category-justice","category-politique","entry","has-media","owp-thumbs-layout-horizontal","owp-btn-normal","owp-tabs-layout-horizontal","has-no-thumbnails","has-product-nav"],"yoast_head":"<!-- This site is optimized with the Yoast SEO plugin v25.5 - https:\/\/yoast.com\/wordpress\/plugins\/seo\/ -->\n<title>URGENT : Assane Diouf a \u00e9t\u00e9 interpell\u00e9 par la DIC et mis en garde \u00e0 vue ce matin. - LE PUBLIC<\/title>\n<meta name=\"robots\" content=\"index, follow, max-snippet:-1, max-image-preview:large, max-video-preview:-1\" \/>\n<link rel=\"canonical\" href=\"https:\/\/www.public.sn\/index.php\/2025\/02\/26\/urgent-assane-diouf-a-ete-interpelle-par-la-dic-et-mis-en-garde-a-vue-ce-matin\/\" \/>\n<meta property=\"og:locale\" content=\"fr_FR\" \/>\n<meta property=\"og:type\" content=\"article\" \/>\n<meta property=\"og:title\" content=\"URGENT : Assane Diouf a \u00e9t\u00e9 interpell\u00e9 par la DIC et mis en garde \u00e0 vue ce matin. - LE PUBLIC\" \/>\n<meta property=\"og:description\" content=\"La\u00a0Brigade\u00a0des\u00a0Affaires\u00a0G\u00e9n\u00e9rales\u00a0(BAG)\u00a0de\u00a0la\u00a0Division\u00a0des\u00a0Investigations\u00a0Criminelles\u00a0(DIC)\u00a0accueille\u00a0un\u00a0invit\u00e9\u00a0haut\u00a0en\u00a0couleur. D&rsquo;apr\u00e8s\u00a0nos\u00a0coll\u00e8gues\u00a0de\u00a0Kewoulo,\u00a0Assane\u00a0Diouf,\u00a0connu\u00a0comme\u00a0le\u00a0\u00ab\u00a0premier\u00a0insulter \u00bb\u00a0du\u00a0S\u00e9n\u00e9gal,\u00a0est\u00a0actuellement\u00a0plac\u00e9\u00a0en\u00a0d\u00e9tention\u00a0provisoire\u00a0dans\u00a0les\u00a0locaux\u00a0de\u00a0la\u00a0DIC L&rsquo;interpellation\u00a0de\u00a0cet\u00a0individu,\u00a0dont\u00a0le\u00a0pass\u00e9\u00a0est\u00a0tumultueux,\u00a0a\u00a0\u00e9t\u00e9\u00a0effectu\u00e9e\u00a0en\u00a0d\u00e9but\u00a0de\u00a0matin\u00e9e\u00a0\u00e0\u00a0Gu\u00e9diawaye. Actuellement\u00a0sous\u00a0\u00e9troite\u00a0surveillance\u00a0\u00e0\u00a0la\u00a0DIC,\u00a0les\u00a0motifs\u00a0pr\u00e9cis\u00a0de\u00a0son\u00a0arrestation\u00a0restent\u00a0encore\u00a0n\u00e9buleux. N\u00e9anmoins,\u00a0des\u00a0rumeurs\u00a0circulent.\u00a0Selon\u00a0des\u00a0t\u00e9moins\u00a0proches\u00a0de\u00a0la\u00a0situation,\u00a0son\u00a0arrestation\u00a0pourrait\u00a0\u00eatre\u00a0associ\u00e9e\u00a0\u00e0\u00a0ses\u00a0r\u00e9centes\u00a0apparitions\u00a0m\u00e9diatiques\u00a0qui\u00a0ont\u00a0provoqu\u00e9\u00a0une\u00a0onde\u00a0de\u00a0choc\u00a0dans\u00a0l&rsquo;opinion\u00a0publique\u00a0et\u00a0attir\u00e9\u00a0l&rsquo;\u0153il\u00a0des\u00a0autorit\u00e9s. R\u00e9cemment,\u00a0Assane\u00a0Diouf\u00a0a\u00a0attir\u00e9\u00a0l&rsquo;attention\u00a0par\u00a0ses\u00a0critiques\u00a0virulentes\u00a0contre\u00a0le\u00a0gouvernement de Bassirou Diomaye Diakhar Faye et Ousmane Sonko. Il\u00a0a\u00a0sp\u00e9cifiquement\u00a0d\u00e9clar\u00e9\u00a0sur\u00a0ITV,\u00a0en\u00a0compagnie\u00a0de\u00a0Cheikh\u00a0Sarr,\u00a0que\u00a0\u00ab\u00a0les\u00a0fonds\u00a0destin\u00e9s\u00a0\u00e0\u00a0\u00eatre\u00a0r\u00e9partis\u00a0parmi\u00a0les\u00a0partisans\u00a0de\u00a0Pastef\u00a0ont\u00a0d\u00e9j\u00e0\u00a0\u00e9t\u00e9\u00a0gaspill\u00e9s\u00a0par\u00a0les\u00a0nouveaux\u00a0dirigeants\u00a0\u00bb. Un\u00a0communiqu\u00e9\u00a0qui\u00a0a\u00a0su\u00a0raviver\u00a0les\u00a0tensions\u00a0d\u00e9j\u00e0\u00a0existantes\u00a0entre\u00a0le\u00a0r\u00e9gime\u00a0au\u00a0pouvoir\u00a0et\u00a0ses\u00a0d\u00e9tracteurs.\" \/>\n<meta property=\"og:url\" content=\"https:\/\/www.public.sn\/index.php\/2025\/02\/26\/urgent-assane-diouf-a-ete-interpelle-par-la-dic-et-mis-en-garde-a-vue-ce-matin\/\" \/>\n<meta property=\"og:site_name\" content=\"LE PUBLIC\" \/>\n<meta property=\"article:published_time\" content=\"2025-02-26T16:41:03+00:00\" \/>\n<meta property=\"article:modified_time\" content=\"2025-03-19T10:28:17+00:00\" \/>\n<meta property=\"og:image\" content=\"https:\/\/www.public.sn\/wp-content\/uploads\/2024\/10\/img_4910-534x462-1.jpg\" \/>\n\t<meta property=\"og:image:width\" content=\"534\" \/>\n\t<meta property=\"og:image:height\" content=\"462\" \/>\n\t<meta property=\"og:image:type\" content=\"image\/jpeg\" \/>\n<meta name=\"author\" content=\"Souleymane SOKHNA\" \/>\n<meta name=\"twitter:card\" content=\"summary_large_image\" \/>\n<meta name=\"twitter:label1\" content=\"\u00c9crit par\" \/>\n\t<meta name=\"twitter:data1\" content=\"Souleymane SOKHNA\" \/>\n\t<meta name=\"twitter:label2\" content=\"Dur\u00e9e de lecture estim\u00e9e\" \/>\n\t<meta name=\"twitter:data2\" content=\"2 minutes\" \/>\n<script type=\"application\/ld+json\" class=\"yoast-schema-graph\">{\"@context\":\"https:\/\/schema.org\",\"@graph\":[{\"@type\":\"Article\",\"@id\":\"https:\/\/www.public.sn\/index.php\/2025\/02\/26\/urgent-assane-diouf-a-ete-interpelle-par-la-dic-et-mis-en-garde-a-vue-ce-matin\/#article\",\"isPartOf\":{\"@id\":\"https:\/\/www.public.sn\/index.php\/2025\/02\/26\/urgent-assane-diouf-a-ete-interpelle-par-la-dic-et-mis-en-garde-a-vue-ce-matin\/\"},\"author\":{\"name\":\"Souleymane SOKHNA\",\"@id\":\"https:\/\/www.public.sn\/#\/schema\/person\/bd194cf8a07f356f3df1d43534e25aab\"},\"headline\":\"URGENT : Assane Diouf a \u00e9t\u00e9 interpell\u00e9 par la DIC et mis en garde \u00e0 vue ce matin.\",\"datePublished\":\"2025-02-26T16:41:03+00:00\",\"dateModified\":\"2025-03-19T10:28:17+00:00\",\"mainEntityOfPage\":{\"@id\":\"https:\/\/www.public.sn\/index.php\/2025\/02\/26\/urgent-assane-diouf-a-ete-interpelle-par-la-dic-et-mis-en-garde-a-vue-ce-matin\/\"},\"wordCount\":227,\"commentCount\":0,\"publisher\":{\"@id\":\"https:\/\/www.public.sn\/#organization\"},\"image\":{\"@id\":\"https:\/\/www.public.sn\/index.php\/2025\/02\/26\/urgent-assane-diouf-a-ete-interpelle-par-la-dic-et-mis-en-garde-a-vue-ce-matin\/#primaryimage\"},\"thumbnailUrl\":\"https:\/\/www.public.sn\/wp-content\/uploads\/2024\/10\/img_4910-534x462-1.jpg\",\"articleSection\":[\"ACTUALIT\u00c9S\",\"justice\",\"POLITIQUE\"],\"inLanguage\":\"fr-FR\",\"potentialAction\":[{\"@type\":\"CommentAction\",\"name\":\"Comment\",\"target\":[\"https:\/\/www.public.sn\/index.php\/2025\/02\/26\/urgent-assane-diouf-a-ete-interpelle-par-la-dic-et-mis-en-garde-a-vue-ce-matin\/#respond\"]}]},{\"@type\":\"WebPage\",\"@id\":\"https:\/\/www.public.sn\/index.php\/2025\/02\/26\/urgent-assane-diouf-a-ete-interpelle-par-la-dic-et-mis-en-garde-a-vue-ce-matin\/\",\"url\":\"https:\/\/www.public.sn\/index.php\/2025\/02\/26\/urgent-assane-diouf-a-ete-interpelle-par-la-dic-et-mis-en-garde-a-vue-ce-matin\/\",\"name\":\"URGENT : Assane Diouf a \u00e9t\u00e9 interpell\u00e9 par la DIC et mis en garde \u00e0 vue ce matin. - LE PUBLIC\",\"isPartOf\":{\"@id\":\"https:\/\/www.public.sn\/#website\"},\"primaryImageOfPage\":{\"@id\":\"https:\/\/www.public.sn\/index.php\/2025\/02\/26\/urgent-assane-diouf-a-ete-interpelle-par-la-dic-et-mis-en-garde-a-vue-ce-matin\/#primaryimage\"},\"image\":{\"@id\":\"https:\/\/www.public.sn\/index.php\/2025\/02\/26\/urgent-assane-diouf-a-ete-interpelle-par-la-dic-et-mis-en-garde-a-vue-ce-matin\/#primaryimage\"},\"thumbnailUrl\":\"https:\/\/www.public.sn\/wp-content\/uploads\/2024\/10\/img_4910-534x462-1.jpg\",\"datePublished\":\"2025-02-26T16:41:03+00:00\",\"dateModified\":\"2025-03-19T10:28:17+00:00\",\"breadcrumb\":{\"@id\":\"https:\/\/www.public.sn\/index.php\/2025\/02\/26\/urgent-assane-diouf-a-ete-interpelle-par-la-dic-et-mis-en-garde-a-vue-ce-matin\/#breadcrumb\"},\"inLanguage\":\"fr-FR\",\"potentialAction\":[{\"@type\":\"ReadAction\",\"target\":[\"https:\/\/www.public.sn\/index.php\/2025\/02\/26\/urgent-assane-diouf-a-ete-interpelle-par-la-dic-et-mis-en-garde-a-vue-ce-matin\/\"]}]},{\"@type\":\"ImageObject\",\"inLanguage\":\"fr-FR\",\"@id\":\"https:\/\/www.public.sn\/index.php\/2025\/02\/26\/urgent-assane-diouf-a-ete-interpelle-par-la-dic-et-mis-en-garde-a-vue-ce-matin\/#primaryimage\",\"url\":\"https:\/\/www.public.sn\/wp-content\/uploads\/2024\/10\/img_4910-534x462-1.jpg\",\"contentUrl\":\"https:\/\/www.public.sn\/wp-content\/uploads\/2024\/10\/img_4910-534x462-1.jpg\",\"width\":534,\"height\":462,\"caption\":\"Screenshot\"},{\"@type\":\"BreadcrumbList\",\"@id\":\"https:\/\/www.public.sn\/index.php\/2025\/02\/26\/urgent-assane-diouf-a-ete-interpelle-par-la-dic-et-mis-en-garde-a-vue-ce-matin\/#breadcrumb\",\"itemListElement\":[{\"@type\":\"ListItem\",\"position\":1,\"name\":\"Accueil\",\"item\":\"https:\/\/www.public.sn\/\"},{\"@type\":\"ListItem\",\"position\":2,\"name\":\"URGENT : Assane Diouf a \u00e9t\u00e9 interpell\u00e9 par la DIC et mis en garde \u00e0 vue ce matin.\"}]},{\"@type\":\"WebSite\",\"@id\":\"https:\/\/www.public.sn\/#website\",\"url\":\"https:\/\/www.public.sn\/\",\"name\":\"LE PUBLIC\",\"description\":\"\",\"publisher\":{\"@id\":\"https:\/\/www.public.sn\/#organization\"},\"potentialAction\":[{\"@type\":\"SearchAction\",\"target\":{\"@type\":\"EntryPoint\",\"urlTemplate\":\"https:\/\/www.public.sn\/?s={search_term_string}\"},\"query-input\":{\"@type\":\"PropertyValueSpecification\",\"valueRequired\":true,\"valueName\":\"search_term_string\"}}],\"inLanguage\":\"fr-FR\"},{\"@type\":\"Organization\",\"@id\":\"https:\/\/www.public.sn\/#organization\",\"name\":\"LE PUBLIC\",\"url\":\"https:\/\/www.public.sn\/\",\"logo\":{\"@type\":\"ImageObject\",\"inLanguage\":\"fr-FR\",\"@id\":\"https:\/\/www.public.sn\/#\/schema\/logo\/image\/\",\"url\":\"https:\/\/www.public.sn\/wp-content\/uploads\/2024\/05\/cropped-LOGO-PUBLIC.SN_.png\",\"contentUrl\":\"https:\/\/www.public.sn\/wp-content\/uploads\/2024\/05\/cropped-LOGO-PUBLIC.SN_.png\",\"width\":682,\"height\":192,\"caption\":\"LE PUBLIC\"},\"image\":{\"@id\":\"https:\/\/www.public.sn\/#\/schema\/logo\/image\/\"}},{\"@type\":\"Person\",\"@id\":\"https:\/\/www.public.sn\/#\/schema\/person\/bd194cf8a07f356f3df1d43534e25aab\",\"name\":\"Souleymane SOKHNA\",\"image\":{\"@type\":\"ImageObject\",\"inLanguage\":\"fr-FR\",\"@id\":\"https:\/\/www.public.sn\/#\/schema\/person\/image\/\",\"url\":\"https:\/\/secure.gravatar.com\/avatar\/ac5756d88d73d6d0f67ce26a93b08ff5c14a5fb08fadbeffaf20f6bc96a0af26?s=96&d=mm&r=g\",\"contentUrl\":\"https:\/\/secure.gravatar.com\/avatar\/ac5756d88d73d6d0f67ce26a93b08ff5c14a5fb08fadbeffaf20f6bc96a0af26?s=96&d=mm&r=g\",\"caption\":\"Souleymane SOKHNA\"},\"url\":\"https:\/\/www.public.sn\/index.php\/author\/souleysou\/\"}]}<\/script>\n<!-- \/ Yoast SEO plugin. -->","yoast_head_json":{"title":"URGENT : Assane Diouf a \u00e9t\u00e9 interpell\u00e9 par la DIC et mis en garde \u00e0 vue ce matin. - LE PUBLIC","robots":{"index":"index","follow":"follow","max-snippet":"max-snippet:-1","max-image-preview":"max-image-preview:large","max-video-preview":"max-video-preview:-1"},"canonical":"https:\/\/www.public.sn\/index.php\/2025\/02\/26\/urgent-assane-diouf-a-ete-interpelle-par-la-dic-et-mis-en-garde-a-vue-ce-matin\/","og_locale":"fr_FR","og_type":"article","og_title":"URGENT : Assane Diouf a \u00e9t\u00e9 interpell\u00e9 par la DIC et mis en garde \u00e0 vue ce matin. - LE PUBLIC","og_description":"La\u00a0Brigade\u00a0des\u00a0Affaires\u00a0G\u00e9n\u00e9rales\u00a0(BAG)\u00a0de\u00a0la\u00a0Division\u00a0des\u00a0Investigations\u00a0Criminelles\u00a0(DIC)\u00a0accueille\u00a0un\u00a0invit\u00e9\u00a0haut\u00a0en\u00a0couleur. D&rsquo;apr\u00e8s\u00a0nos\u00a0coll\u00e8gues\u00a0de\u00a0Kewoulo,\u00a0Assane\u00a0Diouf,\u00a0connu\u00a0comme\u00a0le\u00a0\u00ab\u00a0premier\u00a0insulter \u00bb\u00a0du\u00a0S\u00e9n\u00e9gal,\u00a0est\u00a0actuellement\u00a0plac\u00e9\u00a0en\u00a0d\u00e9tention\u00a0provisoire\u00a0dans\u00a0les\u00a0locaux\u00a0de\u00a0la\u00a0DIC L&rsquo;interpellation\u00a0de\u00a0cet\u00a0individu,\u00a0dont\u00a0le\u00a0pass\u00e9\u00a0est\u00a0tumultueux,\u00a0a\u00a0\u00e9t\u00e9\u00a0effectu\u00e9e\u00a0en\u00a0d\u00e9but\u00a0de\u00a0matin\u00e9e\u00a0\u00e0\u00a0Gu\u00e9diawaye. Actuellement\u00a0sous\u00a0\u00e9troite\u00a0surveillance\u00a0\u00e0\u00a0la\u00a0DIC,\u00a0les\u00a0motifs\u00a0pr\u00e9cis\u00a0de\u00a0son\u00a0arrestation\u00a0restent\u00a0encore\u00a0n\u00e9buleux. N\u00e9anmoins,\u00a0des\u00a0rumeurs\u00a0circulent.\u00a0Selon\u00a0des\u00a0t\u00e9moins\u00a0proches\u00a0de\u00a0la\u00a0situation,\u00a0son\u00a0arrestation\u00a0pourrait\u00a0\u00eatre\u00a0associ\u00e9e\u00a0\u00e0\u00a0ses\u00a0r\u00e9centes\u00a0apparitions\u00a0m\u00e9diatiques\u00a0qui\u00a0ont\u00a0provoqu\u00e9\u00a0une\u00a0onde\u00a0de\u00a0choc\u00a0dans\u00a0l&rsquo;opinion\u00a0publique\u00a0et\u00a0attir\u00e9\u00a0l&rsquo;\u0153il\u00a0des\u00a0autorit\u00e9s. R\u00e9cemment,\u00a0Assane\u00a0Diouf\u00a0a\u00a0attir\u00e9\u00a0l&rsquo;attention\u00a0par\u00a0ses\u00a0critiques\u00a0virulentes\u00a0contre\u00a0le\u00a0gouvernement de Bassirou Diomaye Diakhar Faye et Ousmane Sonko. Il\u00a0a\u00a0sp\u00e9cifiquement\u00a0d\u00e9clar\u00e9\u00a0sur\u00a0ITV,\u00a0en\u00a0compagnie\u00a0de\u00a0Cheikh\u00a0Sarr,\u00a0que\u00a0\u00ab\u00a0les\u00a0fonds\u00a0destin\u00e9s\u00a0\u00e0\u00a0\u00eatre\u00a0r\u00e9partis\u00a0parmi\u00a0les\u00a0partisans\u00a0de\u00a0Pastef\u00a0ont\u00a0d\u00e9j\u00e0\u00a0\u00e9t\u00e9\u00a0gaspill\u00e9s\u00a0par\u00a0les\u00a0nouveaux\u00a0dirigeants\u00a0\u00bb. Un\u00a0communiqu\u00e9\u00a0qui\u00a0a\u00a0su\u00a0raviver\u00a0les\u00a0tensions\u00a0d\u00e9j\u00e0\u00a0existantes\u00a0entre\u00a0le\u00a0r\u00e9gime\u00a0au\u00a0pouvoir\u00a0et\u00a0ses\u00a0d\u00e9tracteurs.","og_url":"https:\/\/www.public.sn\/index.php\/2025\/02\/26\/urgent-assane-diouf-a-ete-interpelle-par-la-dic-et-mis-en-garde-a-vue-ce-matin\/","og_site_name":"LE PUBLIC","article_published_time":"2025-02-26T16:41:03+00:00","article_modified_time":"2025-03-19T10:28:17+00:00","og_image":[{"width":534,"height":462,"url":"https:\/\/www.public.sn\/wp-content\/uploads\/2024\/10\/img_4910-534x462-1.jpg","type":"image\/jpeg"}],"author":"Souleymane SOKHNA","twitter_card":"summary_large_image","twitter_misc":{"\u00c9crit par":"Souleymane SOKHNA","Dur\u00e9e de lecture estim\u00e9e":"2 minutes"},"schema":{"@context":"https:\/\/schema.org","@graph":[{"@type":"Article","@id":"https:\/\/www.public.sn\/index.php\/2025\/02\/26\/urgent-assane-diouf-a-ete-interpelle-par-la-dic-et-mis-en-garde-a-vue-ce-matin\/#article","isPartOf":{"@id":"https:\/\/www.public.sn\/index.php\/2025\/02\/26\/urgent-assane-diouf-a-ete-interpelle-par-la-dic-et-mis-en-garde-a-vue-ce-matin\/"},"author":{"name":"Souleymane SOKHNA","@id":"https:\/\/www.public.sn\/#\/schema\/person\/bd194cf8a07f356f3df1d43534e25aab"},"headline":"URGENT : Assane Diouf a \u00e9t\u00e9 interpell\u00e9 par la DIC et mis en garde \u00e0 vue ce matin.","datePublished":"2025-02-26T16:41:03+00:00","dateModified":"2025-03-19T10:28:17+00:00","mainEntityOfPage":{"@id":"https:\/\/www.public.sn\/index.php\/2025\/02\/26\/urgent-assane-diouf-a-ete-interpelle-par-la-dic-et-mis-en-garde-a-vue-ce-matin\/"},"wordCount":227,"commentCount":0,"publisher":{"@id":"https:\/\/www.public.sn\/#organization"},"image":{"@id":"https:\/\/www.public.sn\/index.php\/2025\/02\/26\/urgent-assane-diouf-a-ete-interpelle-par-la-dic-et-mis-en-garde-a-vue-ce-matin\/#primaryimage"},"thumbnailUrl":"https:\/\/www.public.sn\/wp-content\/uploads\/2024\/10\/img_4910-534x462-1.jpg","articleSection":["ACTUALIT\u00c9S","justice","POLITIQUE"],"inLanguage":"fr-FR","potentialAction":[{"@type":"CommentAction","name":"Comment","target":["https:\/\/www.public.sn\/index.php\/2025\/02\/26\/urgent-assane-diouf-a-ete-interpelle-par-la-dic-et-mis-en-garde-a-vue-ce-matin\/#respond"]}]},{"@type":"WebPage","@id":"https:\/\/www.public.sn\/index.php\/2025\/02\/26\/urgent-assane-diouf-a-ete-interpelle-par-la-dic-et-mis-en-garde-a-vue-ce-matin\/","url":"https:\/\/www.public.sn\/index.php\/2025\/02\/26\/urgent-assane-diouf-a-ete-interpelle-par-la-dic-et-mis-en-garde-a-vue-ce-matin\/","name":"URGENT : Assane Diouf a \u00e9t\u00e9 interpell\u00e9 par la DIC et mis en garde \u00e0 vue ce matin. - LE PUBLIC","isPartOf":{"@id":"https:\/\/www.public.sn\/#website"},"primaryImageOfPage":{"@id":"https:\/\/www.public.sn\/index.php\/2025\/02\/26\/urgent-assane-diouf-a-ete-interpelle-par-la-dic-et-mis-en-garde-a-vue-ce-matin\/#primaryimage"},"image":{"@id":"https:\/\/www.public.sn\/index.php\/2025\/02\/26\/urgent-assane-diouf-a-ete-interpelle-par-la-dic-et-mis-en-garde-a-vue-ce-matin\/#primaryimage"},"thumbnailUrl":"https:\/\/www.public.sn\/wp-content\/uploads\/2024\/10\/img_4910-534x462-1.jpg","datePublished":"2025-02-26T16:41:03+00:00","dateModified":"2025-03-19T10:28:17+00:00","breadcrumb":{"@id":"https:\/\/www.public.sn\/index.php\/2025\/02\/26\/urgent-assane-diouf-a-ete-interpelle-par-la-dic-et-mis-en-garde-a-vue-ce-matin\/#breadcrumb"},"inLanguage":"fr-FR","potentialAction":[{"@type":"ReadAction","target":["https:\/\/www.public.sn\/index.php\/2025\/02\/26\/urgent-assane-diouf-a-ete-interpelle-par-la-dic-et-mis-en-garde-a-vue-ce-matin\/"]}]},{"@type":"ImageObject","inLanguage":"fr-FR","@id":"https:\/\/www.public.sn\/index.php\/2025\/02\/26\/urgent-assane-diouf-a-ete-interpelle-par-la-dic-et-mis-en-garde-a-vue-ce-matin\/#primaryimage","url":"https:\/\/www.public.sn\/wp-content\/uploads\/2024\/10\/img_4910-534x462-1.jpg","contentUrl":"https:\/\/www.public.sn\/wp-content\/uploads\/2024\/10\/img_4910-534x462-1.jpg","width":534,"height":462,"caption":"Screenshot"},{"@type":"BreadcrumbList","@id":"https:\/\/www.public.sn\/index.php\/2025\/02\/26\/urgent-assane-diouf-a-ete-interpelle-par-la-dic-et-mis-en-garde-a-vue-ce-matin\/#breadcrumb","itemListElement":[{"@type":"ListItem","position":1,"name":"Accueil","item":"https:\/\/www.public.sn\/"},{"@type":"ListItem","position":2,"name":"URGENT : Assane Diouf a \u00e9t\u00e9 interpell\u00e9 par la DIC et mis en garde \u00e0 vue ce matin."}]},{"@type":"WebSite","@id":"https:\/\/www.public.sn\/#website","url":"https:\/\/www.public.sn\/","name":"LE PUBLIC","description":"","publisher":{"@id":"https:\/\/www.public.sn\/#organization"},"potentialAction":[{"@type":"SearchAction","target":{"@type":"EntryPoint","urlTemplate":"https:\/\/www.public.sn\/?s={search_term_string}"},"query-input":{"@type":"PropertyValueSpecification","valueRequired":true,"valueName":"search_term_string"}}],"inLanguage":"fr-FR"},{"@type":"Organization","@id":"https:\/\/www.public.sn\/#organization","name":"LE PUBLIC","url":"https:\/\/www.public.sn\/","logo":{"@type":"ImageObject","inLanguage":"fr-FR","@id":"https:\/\/www.public.sn\/#\/schema\/logo\/image\/","url":"https:\/\/www.public.sn\/wp-content\/uploads\/2024\/05\/cropped-LOGO-PUBLIC.SN_.png","contentUrl":"https:\/\/www.public.sn\/wp-content\/uploads\/2024\/05\/cropped-LOGO-PUBLIC.SN_.png","width":682,"height":192,"caption":"LE PUBLIC"},"image":{"@id":"https:\/\/www.public.sn\/#\/schema\/logo\/image\/"}},{"@type":"Person","@id":"https:\/\/www.public.sn\/#\/schema\/person\/bd194cf8a07f356f3df1d43534e25aab","name":"Souleymane SOKHNA","image":{"@type":"ImageObject","inLanguage":"fr-FR","@id":"https:\/\/www.public.sn\/#\/schema\/person\/image\/","url":"https:\/\/secure.gravatar.com\/avatar\/ac5756d88d73d6d0f67ce26a93b08ff5c14a5fb08fadbeffaf20f6bc96a0af26?s=96&d=mm&r=g","contentUrl":"https:\/\/secure.gravatar.com\/avatar\/ac5756d88d73d6d0f67ce26a93b08ff5c14a5fb08fadbeffaf20f6bc96a0af26?s=96&d=mm&r=g","caption":"Souleymane SOKHNA"},"url":"https:\/\/www.public.sn\/index.php\/author\/souleysou\/"}]}},"jetpack_featured_media_url":"https:\/\/www.public.sn\/wp-content\/uploads\/2024\/10\/img_4910-534x462-1.jpg","jetpack_sharing_enabled":true,"_links":{"self":[{"href":"https:\/\/www.public.sn\/index.php\/wp-json\/wp\/v2\/posts\/36054","targetHints":{"allow":["GET"]}}],"collection":[{"href":"https:\/\/www.public.sn\/index.php\/wp-json\/wp\/v2\/posts"}],"about":[{"href":"https:\/\/www.public.sn\/index.php\/wp-json\/wp\/v2\/types\/post"}],"author":[{"embeddable":true,"href":"https:\/\/www.public.sn\/index.php\/wp-json\/wp\/v2\/users\/24"}],"replies":[{"embeddable":true,"href":"https:\/\/www.public.sn\/index.php\/wp-json\/wp\/v2\/comments?post=36054"}],"version-history":[{"count":2,"href":"https:\/\/www.public.sn\/index.php\/wp-json\/wp\/v2\/posts\/36054\/revisions"}],"predecessor-version":[{"id":36159,"href":"https:\/\/www.public.sn\/index.php\/wp-json\/wp\/v2\/posts\/36054\/revisions\/36159"}],"wp:featuredmedia":[{"embeddable":true,"href":"https:\/\/www.public.sn\/index.php\/wp-json\/wp\/v2\/media\/36064"}],"wp:attachment":[{"href":"https:\/\/www.public.sn\/index.php\/wp-json\/wp\/v2\/media?parent=36054"}],"wp:term":[{"taxonomy":"category","embeddable":true,"href":"https:\/\/www.public.sn\/index.php\/wp-json\/wp\/v2\/categories?post=36054"},{"taxonomy":"post_tag","embeddable":true,"href":"https:\/\/www.public.sn\/index.php\/wp-json\/wp\/v2\/tags?post=36054"}],"curies":[{"name":"wp","href":"https:\/\/api.w.org\/{rel}","templated":true}]}}