{"id":36079,"date":"2025-02-28T10:11:05","date_gmt":"2025-02-28T10:11:05","guid":{"rendered":"https:\/\/www.public.sn\/?p=36079"},"modified":"2025-03-19T09:45:09","modified_gmt":"2025-03-19T09:45:09","slug":"tahirou-sarr-est-convoque-aujourdhui-devant-le-college-des-juges-dinstruction","status":"publish","type":"post","link":"https:\/\/www.public.sn\/index.php\/2025\/02\/28\/tahirou-sarr-est-convoque-aujourdhui-devant-le-college-des-juges-dinstruction\/","title":{"rendered":"Tahirou Sarr est convoqu\u00e9 aujourd&rsquo;hui devant le coll\u00e8ge des juges d&rsquo;instruction"},"content":{"rendered":"<p><span id=\"output-phrase~0~0\" class=\"css-1ko3g0e\"><span class=\"css-0\">Tahirou\u00a0 <\/span><\/span><span id=\"output-phrase~0~1\" class=\"css-1ko3g0e\"><span class=\"css-0\">Sarr\u00a0<\/span><\/span><span id=\"output-phrase~0~2\" class=\"css-1ko3g0e\"><span class=\"css-1tmeul0\">offre\u00a0<\/span><\/span><span id=\"output-phrase~0~3\" class=\"css-1ko3g0e\"><span class=\"css-0\">plus\u00a0<\/span><\/span><span id=\"output-phrase~0~4\" class=\"css-1ko3g0e\"><span class=\"css-1tmeul0\">de\u00a0<\/span><\/span><span id=\"output-phrase~0~5\" class=\"css-1ko3g0e\"><span class=\"css-0\">300\u00a0<\/span><\/span><span id=\"output-phrase~0~6\" class=\"css-1ko3g0e\"><span class=\"css-0\">milliards\u00a0<\/span><\/span><span id=\"output-phrase~0~7\" class=\"css-1ko3g0e\"><span class=\"css-0\">pour\u00a0<\/span><\/span><span id=\"output-phrase~0~8\" class=\"css-1ko3g0e\"><span class=\"css-1tmeul0\">\u00e9chapper\u00a0<\/span><\/span><span id=\"output-phrase~0~9\" class=\"css-1ko3g0e\"><span class=\"css-0\">\u00e0\u00a0<\/span><\/span><span id=\"output-phrase~0~10\" class=\"css-1ko3g0e\"><span class=\"css-1tmeul0\">l&#8217;emprisonnement<span class=\"MuiBox-root css-ij4vq4\"><span id=\"output-phrase~0~0\" class=\"css-1ko3g0e\"><span class=\"css-0\">Tahirou\u00a0<\/span><\/span><span id=\"output-phrase~0~1\" class=\"css-1ko3g0e\"><span class=\"css-0\">Sarr,\u00a0<\/span><\/span><span id=\"output-phrase~0~2\" class=\"css-1ko3g0e\"><span class=\"css-0\">l&rsquo;homme\u00a0<\/span><\/span><span id=\"output-phrase~0~3\" class=\"css-1ko3g0e\"><span class=\"css-0\">d&rsquo;affaires,\u00a0<\/span><\/span><span id=\"output-phrase~0~4\" class=\"css-1ko3g0e\"><span class=\"css-0\">est\u00a0<\/span><\/span><span id=\"output-phrase~0~5\" class=\"css-1ko3g0e\">appel\u00e9\u00a0<\/span><span id=\"output-phrase~0~6\" class=\"css-1ko3g0e\"><span class=\"css-0\">aujourd&rsquo;hui\u00a0<\/span><\/span><span id=\"output-phrase~0~7\" class=\"css-1ko3g0e\"><span class=\"css-0\">devant\u00a0<\/span><\/span><span id=\"output-phrase~0~8\" class=\"css-1ko3g0e\"><span class=\"css-0\">le\u00a0<\/span><\/span><span id=\"output-phrase~0~9\" class=\"css-1ko3g0e\">panel\u00a0<\/span><span class=\"css-0\">des\u00a0<\/span><span id=\"output-phrase~0~11\" class=\"css-1ko3g0e\">magistrats\u00a0<\/span><span id=\"output-phrase~0~12\" class=\"css-1ko3g0e\">instructeurs\u00a0<\/span><span id=\"output-phrase~0~13\" class=\"css-1ko3g0e\"><span class=\"css-0\">du\u00a0<\/span><\/span><span id=\"output-phrase~0~14\" class=\"css-1ko3g0e\"><span class=\"css-0\">Pool\u00a0<\/span><\/span><span id=\"output-phrase~0~15\" class=\"css-1ko3g0e\"><span class=\"css-0\">judiciaire\u00a0<\/span><\/span><span id=\"output-phrase~0~16\" class=\"css-1ko3g0e\"><span class=\"css-0\">financier\u00a0<\/span><\/span><span id=\"output-phrase~0~17\" class=\"css-1ko3g0e\">concernant\u00a0<\/span><span id=\"output-phrase~0~18\" class=\"css-1ko3g0e\"><span class=\"css-lq4jk2\">l&rsquo;affaire\u00a0<\/span><\/span><span id=\"output-phrase~0~19\" class=\"css-1ko3g0e\"><span class=\"css-lq4jk2\">des\u00a0<\/span><\/span><span id=\"output-phrase~0~20\" class=\"css-1ko3g0e\"><span class=\"css-lq4jk2\">125\u00a0<\/span><\/span><span id=\"output-phrase~0~21\" class=\"css-1ko3g0e\"><span class=\"css-lq4jk2\">milliards\u00a0<\/span><\/span><span id=\"output-phrase~0~22\" class=\"css-1ko3g0e\"><span class=\"css-lq4jk2\">de\u00a0<\/span><\/span><span id=\"output-phrase~0~23\" class=\"css-1ko3g0e\"><span class=\"css-lq4jk2\">FCFA\u00a0<\/span><\/span><span id=\"output-phrase~0~24\" class=\"css-1ko3g0e\"><span class=\"css-h5d7i9\">mentionn\u00e9e\u00a0<\/span><\/span><span id=\"output-phrase~0~25\" class=\"css-1ko3g0e\"><span class=\"css-10o52y0\">dans\u00a0<\/span><\/span><span id=\"output-phrase~0~26\" class=\"css-1ko3g0e\"><span class=\"css-10o52y0\">le\u00a0<\/span><\/span><span id=\"output-phrase~0~27\" class=\"css-1ko3g0e\"><span class=\"css-10o52y0\">rapport\u00a0<\/span><\/span><span id=\"output-phrase~0~28\" class=\"css-1ko3g0e\"><span class=\"css-0\">de\u00a0<\/span><\/span><span id=\"output-phrase~0~29\" class=\"css-1ko3g0e\"><span class=\"css-0\">la\u00a0<\/span><\/span><span id=\"output-phrase~0~30\" class=\"css-1ko3g0e\"><span class=\"css-0\">CENTIF.<\/span><\/span> <\/span><span id=\"output-sentence-box~1\" class=\"output-sentence\"><span id=\"output-sentence~1\"><span id=\"output-phrase~1~0\" class=\"css-1ko3g0e\"><span class=\"css-0\">Pour\u00a0<\/span><\/span><span id=\"output-phrase~1~1\" class=\"css-1ko3g0e\">emp\u00eacher\u00a0<\/span><span id=\"output-phrase~1~2\" class=\"css-1ko3g0e\"><span class=\"css-0\">un\u00a0<\/span><\/span><span id=\"output-phrase~1~3\" class=\"css-1ko3g0e\"><span class=\"css-0\">mandat\u00a0<\/span><\/span><span id=\"output-phrase~1~4\" class=\"css-1ko3g0e\">d&rsquo;arr\u00eat,\u00a0<\/span><span id=\"output-phrase~1~5\" class=\"css-1ko3g0e\"><span class=\"css-0\">Tahirou\u00a0<\/span><\/span><span id=\"output-phrase~1~6\" class=\"css-1ko3g0e\"><span class=\"css-0\">Sarr\u00a0<\/span><\/span><span id=\"output-phrase~1~7\" class=\"css-1ko3g0e\"><span class=\"css-0\">a\u00a0<\/span><\/span><span id=\"output-phrase~1~8\" class=\"css-1ko3g0e\">confi\u00e9\u00a0<\/span><span id=\"output-phrase~1~9\" class=\"css-1ko3g0e\"><span class=\"css-0\">\u00e0\u00a0<\/span><\/span><span id=\"output-phrase~1~10\" class=\"css-1ko3g0e\"><span class=\"css-lq4jk2\">la\u00a0<\/span><\/span><span id=\"output-phrase~1~11\" class=\"css-1ko3g0e\"><span class=\"css-lq4jk2\">proc\u00e9dure\u00a0<\/span><\/span><span id=\"output-phrase~1~12\" class=\"css-1ko3g0e\"><span class=\"css-lq4jk2\">de\u00a0<\/span><\/span><span id=\"output-phrase~1~13\" class=\"css-1ko3g0e\"><span class=\"css-lq4jk2\">Lib\u00e9ration\u00a0<\/span><\/span><span id=\"output-phrase~1~14\" class=\"css-1ko3g0e\"><span class=\"css-0\">plusieurs\u00a0<\/span><\/span><span id=\"output-phrase~1~15\" class=\"css-1ko3g0e\"><span class=\"css-0\">milliards\u00a0<\/span><\/span><span id=\"output-phrase~1~16\" class=\"css-1ko3g0e\"><span class=\"css-0\">et\u00a0<\/span><\/span><span id=\"output-phrase~1~17\" class=\"css-1ko3g0e\"><span class=\"css-0\">des\u00a0<\/span><\/span><span id=\"output-phrase~1~18\" class=\"css-1ko3g0e\">documents\u00a0<\/span><span id=\"output-phrase~1~19\" class=\"css-1ko3g0e\"><span class=\"css-0\">fonciers,\u00a0<\/span><\/span><span id=\"output-phrase~1~20\" class=\"css-1ko3g0e\">r\u00e9v\u00e9lant\u00a0<\/span><span id=\"output-phrase~1~21\" class=\"css-1ko3g0e\">ainsi\u00a0<\/span><span id=\"output-phrase~1~22\" class=\"css-1ko3g0e\">ses\u00a0<\/span><span id=\"output-phrase~1~23\" class=\"css-1ko3g0e\"><span class=\"css-0\">secrets\u00a0<\/span><\/span><span id=\"output-phrase~1~24\" class=\"css-1ko3g0e\">au\u00a0<\/span><span id=\"output-phrase~1~25\" class=\"css-1ko3g0e\"><span class=\"css-0\">juge.<\/span><\/span> <\/span><\/span><span id=\"output-sentence-box~2\" class=\"output-sentence\"><span id=\"output-sentence~2\"><span id=\"output-phrase~2~0\" class=\"css-1ko3g0e\">Concernant\u00a0<\/span><span id=\"output-phrase~2~1\" class=\"css-1ko3g0e\">l&rsquo;affaire\u00a0<\/span><span id=\"output-phrase~2~2\" class=\"css-1ko3g0e\"><span class=\"css-0\">de\u00a0<\/span><\/span><span id=\"output-phrase~2~3\" class=\"css-1ko3g0e\"><span class=\"css-0\">Farba\u00a0<\/span><\/span><span id=\"output-phrase~2~4\" class=\"css-1ko3g0e\"><span class=\"css-0\">Ngom,\u00a0<\/span><\/span><span id=\"output-phrase~2~5\" class=\"css-1ko3g0e\">qui\u00a0<\/span><span id=\"output-phrase~2~6\" class=\"css-1ko3g0e\">fait\u00a0<\/span><span id=\"output-phrase~2~7\" class=\"css-1ko3g0e\">face\u00a0<\/span><span id=\"output-phrase~2~8\" class=\"css-1ko3g0e\"><span class=\"css-10o52y0\">\u00e0\u00a0<\/span><\/span><span id=\"output-phrase~2~9\" class=\"css-1ko3g0e\"><span class=\"css-h5d7i9\">des\u00a0<\/span><\/span><span id=\"output-phrase~2~10\" class=\"css-1ko3g0e\"><span class=\"css-h5d7i9\">accusations\u00a0<\/span><\/span><span id=\"output-phrase~2~11\" class=\"css-1ko3g0e\"><span class=\"css-h5d7i9\">portant\u00a0<\/span><\/span><span id=\"output-phrase~2~12\" class=\"css-1ko3g0e\"><span class=\"css-h5d7i9\">sur\u00a0<\/span><\/span><span id=\"output-phrase~2~13\" class=\"css-1ko3g0e\"><span class=\"css-10o52y0\">25\u00a0<\/span><\/span><span id=\"output-phrase~2~14\" class=\"css-1ko3g0e\"><span class=\"css-10o52y0\">milliards\u00a0<\/span><\/span><span id=\"output-phrase~2~15\" class=\"css-1ko3g0e\"><span class=\"css-10o52y0\">388\u00a0<\/span><\/span><span id=\"output-phrase~2~16\" class=\"css-1ko3g0e\"><span class=\"css-10o52y0\">millions\u00a0<\/span><\/span><span id=\"output-phrase~2~17\" class=\"css-1ko3g0e\"><span class=\"css-10o52y0\">944\u00a0<\/span><\/span><span id=\"output-phrase~2~18\" class=\"css-1ko3g0e\"><span class=\"css-10o52y0\">mille\u00a0<\/span><\/span><span id=\"output-phrase~2~19\" class=\"css-1ko3g0e\"><span class=\"css-10o52y0\">444\u00a0<\/span><\/span><span id=\"output-phrase~2~20\" class=\"css-1ko3g0e\"><span class=\"css-10o52y0\">Fcfa,\u00a0<\/span><\/span><span id=\"output-phrase~2~21\" class=\"css-1ko3g0e\"><span class=\"css-10o52y0\">Tahirou\u00a0<\/span><\/span><span id=\"output-phrase~2~22\" class=\"css-1ko3g0e\"><span class=\"css-10o52y0\">Sarr\u00a0<\/span><\/span><span id=\"output-phrase~2~23\" class=\"css-1ko3g0e\"><span class=\"css-10o52y0\">a,\u00a0<\/span><\/span><span id=\"output-phrase~2~24\" class=\"css-1ko3g0e\"><span class=\"css-h5d7i9\">par\u00a0<\/span><\/span><span id=\"output-phrase~2~25\" class=\"css-1ko3g0e\"><span class=\"css-10o52y0\">le\u00a0<\/span><\/span><span id=\"output-phrase~2~26\" class=\"css-1ko3g0e\"><span class=\"css-h5d7i9\">biais\u00a0<\/span><\/span><span id=\"output-phrase~2~27\" class=\"css-1ko3g0e\"><span class=\"css-10o52y0\">de\u00a0<\/span><\/span><span id=\"output-phrase~2~28\" class=\"css-1ko3g0e\"><span class=\"css-10o52y0\">son\u00a0<\/span><\/span><span id=\"output-phrase~2~29\" class=\"css-1ko3g0e\"><span class=\"css-10o52y0\">avocat,\u00a0<\/span><\/span><span id=\"output-phrase~2~30\" class=\"css-1ko3g0e\"><span class=\"css-10o52y0\">d\u00e9j\u00e0\u00a0<\/span><\/span><span id=\"output-phrase~2~31\" class=\"css-1ko3g0e\"><span class=\"css-h5d7i9\">soumis\u00a0<\/span><\/span><span id=\"output-phrase~2~32\" class=\"css-1ko3g0e\"><span class=\"css-10o52y0\">une\u00a0<\/span><\/span><span id=\"output-phrase~2~33\" class=\"css-1ko3g0e\"><span class=\"css-h5d7i9\">demande\u00a0<\/span><\/span><span id=\"output-phrase~2~34\" class=\"css-1ko3g0e\"><span class=\"css-10o52y0\">pour\u00a0<\/span><\/span><span id=\"output-phrase~2~35\" class=\"css-1ko3g0e\"><span class=\"css-h5d7i9\">d\u00e9poser\u00a0<\/span><\/span><span id=\"output-phrase~2~36\" class=\"css-1ko3g0e\"><span class=\"css-lq4jk2\">un\u00a0<\/span><\/span><span id=\"output-phrase~2~37\" class=\"css-1ko3g0e\"><span class=\"css-lq4jk2\">ch\u00e8que\u00a0<\/span><\/span><span id=\"output-phrase~2~38\" class=\"css-1ko3g0e\"><span class=\"css-lq4jk2\">de\u00a0<\/span><\/span><span id=\"output-phrase~2~39\" class=\"css-1ko3g0e\"><span class=\"css-lq4jk2\">11\u00a0<\/span><\/span><span id=\"output-phrase~2~40\" class=\"css-1ko3g0e\"><span class=\"css-lq4jk2\">milliards\u00a0<\/span><\/span><span id=\"output-phrase~2~41\" class=\"css-1ko3g0e\"><span class=\"css-lq4jk2\">de\u00a0<\/span><\/span><span id=\"output-phrase~2~42\" class=\"css-1ko3g0e\"><span class=\"css-lq4jk2\">Fcfa\u00a0<\/span><\/span><span id=\"output-phrase~2~43\" class=\"css-1ko3g0e\"><span class=\"css-lq4jk2\">et\u00a0<\/span><\/span><span id=\"output-phrase~2~44\" class=\"css-1ko3g0e\"><span class=\"css-lq4jk2\">deux\u00a0<\/span><\/span><span id=\"output-phrase~2~45\" class=\"css-1ko3g0e\"><span class=\"css-lq4jk2\">titres\u00a0<\/span><\/span><span id=\"output-phrase~2~46\" class=\"css-1ko3g0e\"><span class=\"css-lq4jk2\">fonciers\u00a0<\/span><\/span><span id=\"output-phrase~2~47\" class=\"css-1ko3g0e\"><span class=\"css-h5d7i9\">estim\u00e9s\u00a0<\/span><\/span><span id=\"output-phrase~2~48\" class=\"css-1ko3g0e\"><span class=\"css-h5d7i9\">respectivement\u00a0<\/span><\/span><span id=\"output-phrase~2~49\" class=\"css-1ko3g0e\"><span class=\"css-0\">\u00e0\u00a0<\/span><\/span><span id=\"output-phrase~2~50\" class=\"css-1ko3g0e\"><span class=\"css-0\">1\u00a0<\/span><\/span><span id=\"output-phrase~2~51\" class=\"css-1ko3g0e\"><span class=\"css-0\">et\u00a0<\/span><\/span><span id=\"output-phrase~2~52\" class=\"css-1ko3g0e\"><span class=\"css-0\">12\u00a0<\/span><\/span><span id=\"output-phrase~2~53\" class=\"css-1ko3g0e\"><span class=\"css-0\">milliards\u00a0<\/span><\/span><span id=\"output-phrase~2~54\" class=\"css-1ko3g0e\"><span class=\"css-0\">de\u00a0<\/span><\/span><span id=\"output-phrase~2~55\" class=\"css-1ko3g0e\"><span class=\"css-0\">Fcfa.<\/span><\/span><\/span><\/span><\/span><\/span><\/p><div class=\"publi-paragraphe1\" style=\"margin-top: 10px;margin-bottom: 10px;margin-left: auto;margin-right: auto;text-align: center;\" id=\"publi-2542865023\"><div class=\"publi-adlabel\">Publicit\u00e9<\/div><script async src=\"\/\/pagead2.googlesyndication.com\/pagead\/js\/adsbygoogle.js?client=ca-pub-4089586018074219\" crossorigin=\"anonymous\"><\/script><ins class=\"adsbygoogle\" style=\"display:block;\" data-ad-client=\"ca-pub-4089586018074219\" \ndata-ad-slot=\"2087940154\" \ndata-ad-format=\"auto\"><\/ins>\n<script> \n(adsbygoogle = window.adsbygoogle || []).push({}); \n<\/script>\n<\/div>\n<p class=\"text-align-justify\">Concernant le dossier le visant personnellement pour 91 milliards 636 millions 628 mille 050 de Fcfa, Tahirou Sarr a mis sur la table un titre foncier de 8000 hectares situ\u00e9 \u00e0 Mbane et d&rsquo;une valeur de 394 milliards de Fcfa; le juge statue ce vendredi.<\/p>\n<h3 class=\"text-align-justify\">Farba Ngom en prison<\/h3>\n<p class=\"text-align-justify\">Dans le dossier qui le concerne personnellement, Farba Ngom a \u00e9t\u00e9 inculp\u00e9 et plac\u00e9 sous mandat de d\u00e9p\u00f4t pour association de malfaiteurs et escroquerie sur les deniers publics portant sur 31 milliards 885 millions 944 mille 444 de Fcfa; dans celui concernant directement Tahirou Sarr, le responsable de l&rsquo;Apr a \u00e9t\u00e9 inculp\u00e9 pour association de malfaiteurs, blanchiment de capitaux et escroquerie sur les deniers publics portant sur 91 milliards 636 millions 628 mille 050 de Fcfa.<\/p>\n<p class=\"text-align-justify\">Le journal r\u00e9v\u00e8le dans sa Une que le maire de Agnams propose de consigner une dizaine de Titres fonciers \u00e9valu\u00e9e \u00e0 34 milliards de Fcfa par l&rsquo;expert Sadya Thiam, le juge dit niet.<\/p>\n<p class=\"text-align-justify\">Selon toujours nos confr\u00e8res, \u00e0 la page 35 de son rapport, la CENTIF accuse le Tr\u00e9sor de \u00ab\u00a0collusion frauduleuse\u00a0\u00bb, Me Baboucar Ciss\u00e9, un des avocats de Farba Ngom, demande au juge d&rsquo;installer les fonctionnaires en cause dans la proc\u00e9dure.<\/p>\n<div class=\"publi-apres-le-contenu\" style=\"margin-top: 10px;margin-bottom: 10px;margin-left: auto;margin-right: auto;text-align: center;\" id=\"publi-1828809447\"><div class=\"publi-adlabel\">Publicit\u00e9<\/div><script async src=\"\/\/pagead2.googlesyndication.com\/pagead\/js\/adsbygoogle.js?client=ca-pub-4089586018074219\" crossorigin=\"anonymous\"><\/script><ins class=\"adsbygoogle\" style=\"display:block;\" data-ad-client=\"ca-pub-4089586018074219\" \ndata-ad-slot=\"2087940154\" \ndata-ad-format=\"auto\"><\/ins>\n<script> \n(adsbygoogle = window.adsbygoogle || []).push({}); \n<\/script>\n<\/div>","protected":false},"excerpt":{"rendered":"<p>Tahirou\u00a0 Sarr\u00a0offre\u00a0plus\u00a0de\u00a0300\u00a0milliards\u00a0pour\u00a0\u00e9chapper\u00a0\u00e0\u00a0l&#8217;emprisonnementTahirou\u00a0Sarr,\u00a0l&rsquo;homme\u00a0d&rsquo;affaires,\u00a0est\u00a0appel\u00e9\u00a0aujourd&rsquo;hui\u00a0devant\u00a0le\u00a0panel\u00a0des\u00a0magistrats\u00a0instructeurs\u00a0du\u00a0Pool\u00a0judiciaire\u00a0financier\u00a0concernant\u00a0l&rsquo;affaire\u00a0des\u00a0125\u00a0milliards\u00a0de\u00a0FCFA\u00a0mentionn\u00e9e\u00a0dans\u00a0le\u00a0rapport\u00a0de\u00a0la\u00a0CENTIF. Pour\u00a0emp\u00eacher\u00a0un\u00a0mandat\u00a0d&rsquo;arr\u00eat,\u00a0Tahirou\u00a0Sarr\u00a0a\u00a0confi\u00e9\u00a0\u00e0\u00a0la\u00a0proc\u00e9dure\u00a0de\u00a0Lib\u00e9ration\u00a0plusieurs\u00a0milliards\u00a0et\u00a0des\u00a0documents\u00a0fonciers,\u00a0r\u00e9v\u00e9lant\u00a0ainsi\u00a0ses\u00a0secrets\u00a0au\u00a0juge. Concernant\u00a0l&rsquo;affaire\u00a0de\u00a0Farba\u00a0Ngom,\u00a0qui\u00a0fait\u00a0face\u00a0\u00e0\u00a0des\u00a0accusations\u00a0portant\u00a0sur\u00a025\u00a0milliards\u00a0388\u00a0millions\u00a0944\u00a0mille\u00a0444\u00a0Fcfa,\u00a0Tahirou\u00a0Sarr\u00a0a,\u00a0par\u00a0le\u00a0biais\u00a0de\u00a0son\u00a0avocat,\u00a0d\u00e9j\u00e0\u00a0soumis\u00a0une\u00a0demande\u00a0pour\u00a0d\u00e9poser\u00a0un\u00a0ch\u00e8que\u00a0de\u00a011\u00a0milliards\u00a0de\u00a0Fcfa\u00a0et\u00a0deux\u00a0titres\u00a0fonciers\u00a0estim\u00e9s\u00a0respectivement\u00a0\u00e0\u00a01\u00a0et\u00a012\u00a0milliards\u00a0de\u00a0Fcfa. Concernant le dossier le visant personnellement pour 91 milliards 636 millions 628 mille 050 de Fcfa, Tahirou Sarr a mis sur la table un titre foncier de 8000 hectares situ\u00e9 \u00e0 Mbane et d&rsquo;une valeur de 394 milliards de Fcfa; le juge statue ce vendredi. Farba Ngom en prison Dans le dossier qui le concerne personnellement, Farba Ngom a \u00e9t\u00e9 inculp\u00e9 et plac\u00e9 sous mandat de d\u00e9p\u00f4t pour association de malfaiteurs et escroquerie sur les deniers publics portant sur 31 milliards 885 millions 944 mille 444 de Fcfa; dans celui concernant directement Tahirou Sarr, le responsable de l&rsquo;Apr a \u00e9t\u00e9 inculp\u00e9 pour association de malfaiteurs, blanchiment de capitaux et escroquerie sur les deniers publics portant sur 91 milliards 636 millions 628 mille 050 de Fcfa. Le journal r\u00e9v\u00e8le dans sa Une que le maire de Agnams propose de consigner une dizaine de Titres fonciers \u00e9valu\u00e9e \u00e0 34 milliards de Fcfa par l&rsquo;expert Sadya Thiam, le juge dit niet. Selon toujours nos confr\u00e8res, \u00e0 la page 35 de son rapport, la CENTIF accuse le Tr\u00e9sor de \u00ab\u00a0collusion frauduleuse\u00a0\u00bb, Me Baboucar Ciss\u00e9, un des avocats de Farba Ngom, demande au juge d&rsquo;installer les fonctionnaires en cause dans la proc\u00e9dure.<\/p>\n","protected":false},"author":24,"featured_media":36080,"comment_status":"open","ping_status":"open","sticky":false,"template":"","format":"standard","meta":{"_jetpack_memberships_contains_paid_content":false,"footnotes":""},"categories":[375,3724,3],"tags":[],"class_list":["post-36079","post","type-post","status-publish","format-standard","has-post-thumbnail","hentry","category-actualites","category-justice","category-politique","entry","has-media","owp-thumbs-layout-horizontal","owp-btn-normal","owp-tabs-layout-horizontal","has-no-thumbnails","has-product-nav"],"yoast_head":"<!-- This site is optimized with the Yoast SEO plugin v25.5 - https:\/\/yoast.com\/wordpress\/plugins\/seo\/ -->\n<title>Tahirou Sarr est convoqu\u00e9 aujourd&#039;hui devant le coll\u00e8ge des juges d&#039;instruction - LE PUBLIC<\/title>\n<meta name=\"robots\" content=\"index, follow, max-snippet:-1, max-image-preview:large, max-video-preview:-1\" \/>\n<link rel=\"canonical\" href=\"https:\/\/www.public.sn\/index.php\/2025\/02\/28\/tahirou-sarr-est-convoque-aujourdhui-devant-le-college-des-juges-dinstruction\/\" \/>\n<meta property=\"og:locale\" content=\"fr_FR\" \/>\n<meta property=\"og:type\" content=\"article\" \/>\n<meta property=\"og:title\" content=\"Tahirou Sarr est convoqu\u00e9 aujourd&#039;hui devant le coll\u00e8ge des juges d&#039;instruction - LE PUBLIC\" \/>\n<meta property=\"og:description\" content=\"Tahirou\u00a0 Sarr\u00a0offre\u00a0plus\u00a0de\u00a0300\u00a0milliards\u00a0pour\u00a0\u00e9chapper\u00a0\u00e0\u00a0l&#8217;emprisonnementTahirou\u00a0Sarr,\u00a0l&rsquo;homme\u00a0d&rsquo;affaires,\u00a0est\u00a0appel\u00e9\u00a0aujourd&rsquo;hui\u00a0devant\u00a0le\u00a0panel\u00a0des\u00a0magistrats\u00a0instructeurs\u00a0du\u00a0Pool\u00a0judiciaire\u00a0financier\u00a0concernant\u00a0l&rsquo;affaire\u00a0des\u00a0125\u00a0milliards\u00a0de\u00a0FCFA\u00a0mentionn\u00e9e\u00a0dans\u00a0le\u00a0rapport\u00a0de\u00a0la\u00a0CENTIF. Pour\u00a0emp\u00eacher\u00a0un\u00a0mandat\u00a0d&rsquo;arr\u00eat,\u00a0Tahirou\u00a0Sarr\u00a0a\u00a0confi\u00e9\u00a0\u00e0\u00a0la\u00a0proc\u00e9dure\u00a0de\u00a0Lib\u00e9ration\u00a0plusieurs\u00a0milliards\u00a0et\u00a0des\u00a0documents\u00a0fonciers,\u00a0r\u00e9v\u00e9lant\u00a0ainsi\u00a0ses\u00a0secrets\u00a0au\u00a0juge. Concernant\u00a0l&rsquo;affaire\u00a0de\u00a0Farba\u00a0Ngom,\u00a0qui\u00a0fait\u00a0face\u00a0\u00e0\u00a0des\u00a0accusations\u00a0portant\u00a0sur\u00a025\u00a0milliards\u00a0388\u00a0millions\u00a0944\u00a0mille\u00a0444\u00a0Fcfa,\u00a0Tahirou\u00a0Sarr\u00a0a,\u00a0par\u00a0le\u00a0biais\u00a0de\u00a0son\u00a0avocat,\u00a0d\u00e9j\u00e0\u00a0soumis\u00a0une\u00a0demande\u00a0pour\u00a0d\u00e9poser\u00a0un\u00a0ch\u00e8que\u00a0de\u00a011\u00a0milliards\u00a0de\u00a0Fcfa\u00a0et\u00a0deux\u00a0titres\u00a0fonciers\u00a0estim\u00e9s\u00a0respectivement\u00a0\u00e0\u00a01\u00a0et\u00a012\u00a0milliards\u00a0de\u00a0Fcfa. Concernant le dossier le visant personnellement pour 91 milliards 636 millions 628 mille 050 de Fcfa, Tahirou Sarr a mis sur la table un titre foncier de 8000 hectares situ\u00e9 \u00e0 Mbane et d&rsquo;une valeur de 394 milliards de Fcfa; le juge statue ce vendredi. Farba Ngom en prison Dans le dossier qui le concerne personnellement, Farba Ngom a \u00e9t\u00e9 inculp\u00e9 et plac\u00e9 sous mandat de d\u00e9p\u00f4t pour association de malfaiteurs et escroquerie sur les deniers publics portant sur 31 milliards 885 millions 944 mille 444 de Fcfa; dans celui concernant directement Tahirou Sarr, le responsable de l&rsquo;Apr a \u00e9t\u00e9 inculp\u00e9 pour association de malfaiteurs, blanchiment de capitaux et escroquerie sur les deniers publics portant sur 91 milliards 636 millions 628 mille 050 de Fcfa. Le journal r\u00e9v\u00e8le dans sa Une que le maire de Agnams propose de consigner une dizaine de Titres fonciers \u00e9valu\u00e9e \u00e0 34 milliards de Fcfa par l&rsquo;expert Sadya Thiam, le juge dit niet. Selon toujours nos confr\u00e8res, \u00e0 la page 35 de son rapport, la CENTIF accuse le Tr\u00e9sor de \u00ab\u00a0collusion frauduleuse\u00a0\u00bb, Me Baboucar Ciss\u00e9, un des avocats de Farba Ngom, demande au juge d&rsquo;installer les fonctionnaires en cause dans la proc\u00e9dure.\" \/>\n<meta property=\"og:url\" content=\"https:\/\/www.public.sn\/index.php\/2025\/02\/28\/tahirou-sarr-est-convoque-aujourdhui-devant-le-college-des-juges-dinstruction\/\" \/>\n<meta property=\"og:site_name\" content=\"LE PUBLIC\" \/>\n<meta property=\"article:published_time\" content=\"2025-02-28T10:11:05+00:00\" \/>\n<meta property=\"article:modified_time\" content=\"2025-03-19T09:45:09+00:00\" \/>\n<meta property=\"og:image\" content=\"https:\/\/www.public.sn\/wp-content\/uploads\/2025\/02\/86478070-61513431.jpg\" \/>\n\t<meta property=\"og:image:width\" content=\"720\" \/>\n\t<meta property=\"og:image:height\" content=\"887\" \/>\n\t<meta property=\"og:image:type\" content=\"image\/jpeg\" \/>\n<meta name=\"author\" content=\"Souleymane SOKHNA\" \/>\n<meta name=\"twitter:card\" content=\"summary_large_image\" \/>\n<meta name=\"twitter:label1\" content=\"\u00c9crit par\" \/>\n\t<meta name=\"twitter:data1\" content=\"Souleymane SOKHNA\" \/>\n\t<meta name=\"twitter:label2\" content=\"Dur\u00e9e de lecture estim\u00e9e\" \/>\n\t<meta name=\"twitter:data2\" content=\"2 minutes\" \/>\n<script type=\"application\/ld+json\" class=\"yoast-schema-graph\">{\"@context\":\"https:\/\/schema.org\",\"@graph\":[{\"@type\":\"Article\",\"@id\":\"https:\/\/www.public.sn\/index.php\/2025\/02\/28\/tahirou-sarr-est-convoque-aujourdhui-devant-le-college-des-juges-dinstruction\/#article\",\"isPartOf\":{\"@id\":\"https:\/\/www.public.sn\/index.php\/2025\/02\/28\/tahirou-sarr-est-convoque-aujourdhui-devant-le-college-des-juges-dinstruction\/\"},\"author\":{\"name\":\"Souleymane SOKHNA\",\"@id\":\"https:\/\/www.public.sn\/#\/schema\/person\/bd194cf8a07f356f3df1d43534e25aab\"},\"headline\":\"Tahirou Sarr est convoqu\u00e9 aujourd&rsquo;hui devant le coll\u00e8ge des juges d&rsquo;instruction\",\"datePublished\":\"2025-02-28T10:11:05+00:00\",\"dateModified\":\"2025-03-19T09:45:09+00:00\",\"mainEntityOfPage\":{\"@id\":\"https:\/\/www.public.sn\/index.php\/2025\/02\/28\/tahirou-sarr-est-convoque-aujourdhui-devant-le-college-des-juges-dinstruction\/\"},\"wordCount\":320,\"commentCount\":0,\"publisher\":{\"@id\":\"https:\/\/www.public.sn\/#organization\"},\"image\":{\"@id\":\"https:\/\/www.public.sn\/index.php\/2025\/02\/28\/tahirou-sarr-est-convoque-aujourdhui-devant-le-college-des-juges-dinstruction\/#primaryimage\"},\"thumbnailUrl\":\"https:\/\/www.public.sn\/wp-content\/uploads\/2025\/02\/86478070-61513431.jpg\",\"articleSection\":[\"ACTUALIT\u00c9S\",\"justice\",\"POLITIQUE\"],\"inLanguage\":\"fr-FR\",\"potentialAction\":[{\"@type\":\"CommentAction\",\"name\":\"Comment\",\"target\":[\"https:\/\/www.public.sn\/index.php\/2025\/02\/28\/tahirou-sarr-est-convoque-aujourdhui-devant-le-college-des-juges-dinstruction\/#respond\"]}]},{\"@type\":\"WebPage\",\"@id\":\"https:\/\/www.public.sn\/index.php\/2025\/02\/28\/tahirou-sarr-est-convoque-aujourdhui-devant-le-college-des-juges-dinstruction\/\",\"url\":\"https:\/\/www.public.sn\/index.php\/2025\/02\/28\/tahirou-sarr-est-convoque-aujourdhui-devant-le-college-des-juges-dinstruction\/\",\"name\":\"Tahirou Sarr est convoqu\u00e9 aujourd'hui devant le coll\u00e8ge des juges d'instruction - LE PUBLIC\",\"isPartOf\":{\"@id\":\"https:\/\/www.public.sn\/#website\"},\"primaryImageOfPage\":{\"@id\":\"https:\/\/www.public.sn\/index.php\/2025\/02\/28\/tahirou-sarr-est-convoque-aujourdhui-devant-le-college-des-juges-dinstruction\/#primaryimage\"},\"image\":{\"@id\":\"https:\/\/www.public.sn\/index.php\/2025\/02\/28\/tahirou-sarr-est-convoque-aujourdhui-devant-le-college-des-juges-dinstruction\/#primaryimage\"},\"thumbnailUrl\":\"https:\/\/www.public.sn\/wp-content\/uploads\/2025\/02\/86478070-61513431.jpg\",\"datePublished\":\"2025-02-28T10:11:05+00:00\",\"dateModified\":\"2025-03-19T09:45:09+00:00\",\"breadcrumb\":{\"@id\":\"https:\/\/www.public.sn\/index.php\/2025\/02\/28\/tahirou-sarr-est-convoque-aujourdhui-devant-le-college-des-juges-dinstruction\/#breadcrumb\"},\"inLanguage\":\"fr-FR\",\"potentialAction\":[{\"@type\":\"ReadAction\",\"target\":[\"https:\/\/www.public.sn\/index.php\/2025\/02\/28\/tahirou-sarr-est-convoque-aujourdhui-devant-le-college-des-juges-dinstruction\/\"]}]},{\"@type\":\"ImageObject\",\"inLanguage\":\"fr-FR\",\"@id\":\"https:\/\/www.public.sn\/index.php\/2025\/02\/28\/tahirou-sarr-est-convoque-aujourdhui-devant-le-college-des-juges-dinstruction\/#primaryimage\",\"url\":\"https:\/\/www.public.sn\/wp-content\/uploads\/2025\/02\/86478070-61513431.jpg\",\"contentUrl\":\"https:\/\/www.public.sn\/wp-content\/uploads\/2025\/02\/86478070-61513431.jpg\",\"width\":720,\"height\":887},{\"@type\":\"BreadcrumbList\",\"@id\":\"https:\/\/www.public.sn\/index.php\/2025\/02\/28\/tahirou-sarr-est-convoque-aujourdhui-devant-le-college-des-juges-dinstruction\/#breadcrumb\",\"itemListElement\":[{\"@type\":\"ListItem\",\"position\":1,\"name\":\"Accueil\",\"item\":\"https:\/\/www.public.sn\/\"},{\"@type\":\"ListItem\",\"position\":2,\"name\":\"Tahirou Sarr est convoqu\u00e9 aujourd&rsquo;hui devant le coll\u00e8ge des juges d&rsquo;instruction\"}]},{\"@type\":\"WebSite\",\"@id\":\"https:\/\/www.public.sn\/#website\",\"url\":\"https:\/\/www.public.sn\/\",\"name\":\"LE PUBLIC\",\"description\":\"\",\"publisher\":{\"@id\":\"https:\/\/www.public.sn\/#organization\"},\"potentialAction\":[{\"@type\":\"SearchAction\",\"target\":{\"@type\":\"EntryPoint\",\"urlTemplate\":\"https:\/\/www.public.sn\/?s={search_term_string}\"},\"query-input\":{\"@type\":\"PropertyValueSpecification\",\"valueRequired\":true,\"valueName\":\"search_term_string\"}}],\"inLanguage\":\"fr-FR\"},{\"@type\":\"Organization\",\"@id\":\"https:\/\/www.public.sn\/#organization\",\"name\":\"LE PUBLIC\",\"url\":\"https:\/\/www.public.sn\/\",\"logo\":{\"@type\":\"ImageObject\",\"inLanguage\":\"fr-FR\",\"@id\":\"https:\/\/www.public.sn\/#\/schema\/logo\/image\/\",\"url\":\"https:\/\/www.public.sn\/wp-content\/uploads\/2024\/05\/cropped-LOGO-PUBLIC.SN_.png\",\"contentUrl\":\"https:\/\/www.public.sn\/wp-content\/uploads\/2024\/05\/cropped-LOGO-PUBLIC.SN_.png\",\"width\":682,\"height\":192,\"caption\":\"LE PUBLIC\"},\"image\":{\"@id\":\"https:\/\/www.public.sn\/#\/schema\/logo\/image\/\"}},{\"@type\":\"Person\",\"@id\":\"https:\/\/www.public.sn\/#\/schema\/person\/bd194cf8a07f356f3df1d43534e25aab\",\"name\":\"Souleymane SOKHNA\",\"image\":{\"@type\":\"ImageObject\",\"inLanguage\":\"fr-FR\",\"@id\":\"https:\/\/www.public.sn\/#\/schema\/person\/image\/\",\"url\":\"https:\/\/secure.gravatar.com\/avatar\/ac5756d88d73d6d0f67ce26a93b08ff5c14a5fb08fadbeffaf20f6bc96a0af26?s=96&d=mm&r=g\",\"contentUrl\":\"https:\/\/secure.gravatar.com\/avatar\/ac5756d88d73d6d0f67ce26a93b08ff5c14a5fb08fadbeffaf20f6bc96a0af26?s=96&d=mm&r=g\",\"caption\":\"Souleymane SOKHNA\"},\"url\":\"https:\/\/www.public.sn\/index.php\/author\/souleysou\/\"}]}<\/script>\n<!-- \/ Yoast SEO plugin. -->","yoast_head_json":{"title":"Tahirou Sarr est convoqu\u00e9 aujourd'hui devant le coll\u00e8ge des juges d'instruction - LE PUBLIC","robots":{"index":"index","follow":"follow","max-snippet":"max-snippet:-1","max-image-preview":"max-image-preview:large","max-video-preview":"max-video-preview:-1"},"canonical":"https:\/\/www.public.sn\/index.php\/2025\/02\/28\/tahirou-sarr-est-convoque-aujourdhui-devant-le-college-des-juges-dinstruction\/","og_locale":"fr_FR","og_type":"article","og_title":"Tahirou Sarr est convoqu\u00e9 aujourd'hui devant le coll\u00e8ge des juges d'instruction - LE PUBLIC","og_description":"Tahirou\u00a0 Sarr\u00a0offre\u00a0plus\u00a0de\u00a0300\u00a0milliards\u00a0pour\u00a0\u00e9chapper\u00a0\u00e0\u00a0l&#8217;emprisonnementTahirou\u00a0Sarr,\u00a0l&rsquo;homme\u00a0d&rsquo;affaires,\u00a0est\u00a0appel\u00e9\u00a0aujourd&rsquo;hui\u00a0devant\u00a0le\u00a0panel\u00a0des\u00a0magistrats\u00a0instructeurs\u00a0du\u00a0Pool\u00a0judiciaire\u00a0financier\u00a0concernant\u00a0l&rsquo;affaire\u00a0des\u00a0125\u00a0milliards\u00a0de\u00a0FCFA\u00a0mentionn\u00e9e\u00a0dans\u00a0le\u00a0rapport\u00a0de\u00a0la\u00a0CENTIF. Pour\u00a0emp\u00eacher\u00a0un\u00a0mandat\u00a0d&rsquo;arr\u00eat,\u00a0Tahirou\u00a0Sarr\u00a0a\u00a0confi\u00e9\u00a0\u00e0\u00a0la\u00a0proc\u00e9dure\u00a0de\u00a0Lib\u00e9ration\u00a0plusieurs\u00a0milliards\u00a0et\u00a0des\u00a0documents\u00a0fonciers,\u00a0r\u00e9v\u00e9lant\u00a0ainsi\u00a0ses\u00a0secrets\u00a0au\u00a0juge. Concernant\u00a0l&rsquo;affaire\u00a0de\u00a0Farba\u00a0Ngom,\u00a0qui\u00a0fait\u00a0face\u00a0\u00e0\u00a0des\u00a0accusations\u00a0portant\u00a0sur\u00a025\u00a0milliards\u00a0388\u00a0millions\u00a0944\u00a0mille\u00a0444\u00a0Fcfa,\u00a0Tahirou\u00a0Sarr\u00a0a,\u00a0par\u00a0le\u00a0biais\u00a0de\u00a0son\u00a0avocat,\u00a0d\u00e9j\u00e0\u00a0soumis\u00a0une\u00a0demande\u00a0pour\u00a0d\u00e9poser\u00a0un\u00a0ch\u00e8que\u00a0de\u00a011\u00a0milliards\u00a0de\u00a0Fcfa\u00a0et\u00a0deux\u00a0titres\u00a0fonciers\u00a0estim\u00e9s\u00a0respectivement\u00a0\u00e0\u00a01\u00a0et\u00a012\u00a0milliards\u00a0de\u00a0Fcfa. Concernant le dossier le visant personnellement pour 91 milliards 636 millions 628 mille 050 de Fcfa, Tahirou Sarr a mis sur la table un titre foncier de 8000 hectares situ\u00e9 \u00e0 Mbane et d&rsquo;une valeur de 394 milliards de Fcfa; le juge statue ce vendredi. Farba Ngom en prison Dans le dossier qui le concerne personnellement, Farba Ngom a \u00e9t\u00e9 inculp\u00e9 et plac\u00e9 sous mandat de d\u00e9p\u00f4t pour association de malfaiteurs et escroquerie sur les deniers publics portant sur 31 milliards 885 millions 944 mille 444 de Fcfa; dans celui concernant directement Tahirou Sarr, le responsable de l&rsquo;Apr a \u00e9t\u00e9 inculp\u00e9 pour association de malfaiteurs, blanchiment de capitaux et escroquerie sur les deniers publics portant sur 91 milliards 636 millions 628 mille 050 de Fcfa. Le journal r\u00e9v\u00e8le dans sa Une que le maire de Agnams propose de consigner une dizaine de Titres fonciers \u00e9valu\u00e9e \u00e0 34 milliards de Fcfa par l&rsquo;expert Sadya Thiam, le juge dit niet. Selon toujours nos confr\u00e8res, \u00e0 la page 35 de son rapport, la CENTIF accuse le Tr\u00e9sor de \u00ab\u00a0collusion frauduleuse\u00a0\u00bb, Me Baboucar Ciss\u00e9, un des avocats de Farba Ngom, demande au juge d&rsquo;installer les fonctionnaires en cause dans la proc\u00e9dure.","og_url":"https:\/\/www.public.sn\/index.php\/2025\/02\/28\/tahirou-sarr-est-convoque-aujourdhui-devant-le-college-des-juges-dinstruction\/","og_site_name":"LE PUBLIC","article_published_time":"2025-02-28T10:11:05+00:00","article_modified_time":"2025-03-19T09:45:09+00:00","og_image":[{"width":720,"height":887,"url":"https:\/\/www.public.sn\/wp-content\/uploads\/2025\/02\/86478070-61513431.jpg","type":"image\/jpeg"}],"author":"Souleymane SOKHNA","twitter_card":"summary_large_image","twitter_misc":{"\u00c9crit par":"Souleymane SOKHNA","Dur\u00e9e de lecture estim\u00e9e":"2 minutes"},"schema":{"@context":"https:\/\/schema.org","@graph":[{"@type":"Article","@id":"https:\/\/www.public.sn\/index.php\/2025\/02\/28\/tahirou-sarr-est-convoque-aujourdhui-devant-le-college-des-juges-dinstruction\/#article","isPartOf":{"@id":"https:\/\/www.public.sn\/index.php\/2025\/02\/28\/tahirou-sarr-est-convoque-aujourdhui-devant-le-college-des-juges-dinstruction\/"},"author":{"name":"Souleymane SOKHNA","@id":"https:\/\/www.public.sn\/#\/schema\/person\/bd194cf8a07f356f3df1d43534e25aab"},"headline":"Tahirou Sarr est convoqu\u00e9 aujourd&rsquo;hui devant le coll\u00e8ge des juges d&rsquo;instruction","datePublished":"2025-02-28T10:11:05+00:00","dateModified":"2025-03-19T09:45:09+00:00","mainEntityOfPage":{"@id":"https:\/\/www.public.sn\/index.php\/2025\/02\/28\/tahirou-sarr-est-convoque-aujourdhui-devant-le-college-des-juges-dinstruction\/"},"wordCount":320,"commentCount":0,"publisher":{"@id":"https:\/\/www.public.sn\/#organization"},"image":{"@id":"https:\/\/www.public.sn\/index.php\/2025\/02\/28\/tahirou-sarr-est-convoque-aujourdhui-devant-le-college-des-juges-dinstruction\/#primaryimage"},"thumbnailUrl":"https:\/\/www.public.sn\/wp-content\/uploads\/2025\/02\/86478070-61513431.jpg","articleSection":["ACTUALIT\u00c9S","justice","POLITIQUE"],"inLanguage":"fr-FR","potentialAction":[{"@type":"CommentAction","name":"Comment","target":["https:\/\/www.public.sn\/index.php\/2025\/02\/28\/tahirou-sarr-est-convoque-aujourdhui-devant-le-college-des-juges-dinstruction\/#respond"]}]},{"@type":"WebPage","@id":"https:\/\/www.public.sn\/index.php\/2025\/02\/28\/tahirou-sarr-est-convoque-aujourdhui-devant-le-college-des-juges-dinstruction\/","url":"https:\/\/www.public.sn\/index.php\/2025\/02\/28\/tahirou-sarr-est-convoque-aujourdhui-devant-le-college-des-juges-dinstruction\/","name":"Tahirou Sarr est convoqu\u00e9 aujourd'hui devant le coll\u00e8ge des juges d'instruction - LE PUBLIC","isPartOf":{"@id":"https:\/\/www.public.sn\/#website"},"primaryImageOfPage":{"@id":"https:\/\/www.public.sn\/index.php\/2025\/02\/28\/tahirou-sarr-est-convoque-aujourdhui-devant-le-college-des-juges-dinstruction\/#primaryimage"},"image":{"@id":"https:\/\/www.public.sn\/index.php\/2025\/02\/28\/tahirou-sarr-est-convoque-aujourdhui-devant-le-college-des-juges-dinstruction\/#primaryimage"},"thumbnailUrl":"https:\/\/www.public.sn\/wp-content\/uploads\/2025\/02\/86478070-61513431.jpg","datePublished":"2025-02-28T10:11:05+00:00","dateModified":"2025-03-19T09:45:09+00:00","breadcrumb":{"@id":"https:\/\/www.public.sn\/index.php\/2025\/02\/28\/tahirou-sarr-est-convoque-aujourdhui-devant-le-college-des-juges-dinstruction\/#breadcrumb"},"inLanguage":"fr-FR","potentialAction":[{"@type":"ReadAction","target":["https:\/\/www.public.sn\/index.php\/2025\/02\/28\/tahirou-sarr-est-convoque-aujourdhui-devant-le-college-des-juges-dinstruction\/"]}]},{"@type":"ImageObject","inLanguage":"fr-FR","@id":"https:\/\/www.public.sn\/index.php\/2025\/02\/28\/tahirou-sarr-est-convoque-aujourdhui-devant-le-college-des-juges-dinstruction\/#primaryimage","url":"https:\/\/www.public.sn\/wp-content\/uploads\/2025\/02\/86478070-61513431.jpg","contentUrl":"https:\/\/www.public.sn\/wp-content\/uploads\/2025\/02\/86478070-61513431.jpg","width":720,"height":887},{"@type":"BreadcrumbList","@id":"https:\/\/www.public.sn\/index.php\/2025\/02\/28\/tahirou-sarr-est-convoque-aujourdhui-devant-le-college-des-juges-dinstruction\/#breadcrumb","itemListElement":[{"@type":"ListItem","position":1,"name":"Accueil","item":"https:\/\/www.public.sn\/"},{"@type":"ListItem","position":2,"name":"Tahirou Sarr est convoqu\u00e9 aujourd&rsquo;hui devant le coll\u00e8ge des juges d&rsquo;instruction"}]},{"@type":"WebSite","@id":"https:\/\/www.public.sn\/#website","url":"https:\/\/www.public.sn\/","name":"LE PUBLIC","description":"","publisher":{"@id":"https:\/\/www.public.sn\/#organization"},"potentialAction":[{"@type":"SearchAction","target":{"@type":"EntryPoint","urlTemplate":"https:\/\/www.public.sn\/?s={search_term_string}"},"query-input":{"@type":"PropertyValueSpecification","valueRequired":true,"valueName":"search_term_string"}}],"inLanguage":"fr-FR"},{"@type":"Organization","@id":"https:\/\/www.public.sn\/#organization","name":"LE PUBLIC","url":"https:\/\/www.public.sn\/","logo":{"@type":"ImageObject","inLanguage":"fr-FR","@id":"https:\/\/www.public.sn\/#\/schema\/logo\/image\/","url":"https:\/\/www.public.sn\/wp-content\/uploads\/2024\/05\/cropped-LOGO-PUBLIC.SN_.png","contentUrl":"https:\/\/www.public.sn\/wp-content\/uploads\/2024\/05\/cropped-LOGO-PUBLIC.SN_.png","width":682,"height":192,"caption":"LE PUBLIC"},"image":{"@id":"https:\/\/www.public.sn\/#\/schema\/logo\/image\/"}},{"@type":"Person","@id":"https:\/\/www.public.sn\/#\/schema\/person\/bd194cf8a07f356f3df1d43534e25aab","name":"Souleymane SOKHNA","image":{"@type":"ImageObject","inLanguage":"fr-FR","@id":"https:\/\/www.public.sn\/#\/schema\/person\/image\/","url":"https:\/\/secure.gravatar.com\/avatar\/ac5756d88d73d6d0f67ce26a93b08ff5c14a5fb08fadbeffaf20f6bc96a0af26?s=96&d=mm&r=g","contentUrl":"https:\/\/secure.gravatar.com\/avatar\/ac5756d88d73d6d0f67ce26a93b08ff5c14a5fb08fadbeffaf20f6bc96a0af26?s=96&d=mm&r=g","caption":"Souleymane SOKHNA"},"url":"https:\/\/www.public.sn\/index.php\/author\/souleysou\/"}]}},"jetpack_featured_media_url":"https:\/\/www.public.sn\/wp-content\/uploads\/2025\/02\/86478070-61513431.jpg","jetpack_sharing_enabled":true,"_links":{"self":[{"href":"https:\/\/www.public.sn\/index.php\/wp-json\/wp\/v2\/posts\/36079","targetHints":{"allow":["GET"]}}],"collection":[{"href":"https:\/\/www.public.sn\/index.php\/wp-json\/wp\/v2\/posts"}],"about":[{"href":"https:\/\/www.public.sn\/index.php\/wp-json\/wp\/v2\/types\/post"}],"author":[{"embeddable":true,"href":"https:\/\/www.public.sn\/index.php\/wp-json\/wp\/v2\/users\/24"}],"replies":[{"embeddable":true,"href":"https:\/\/www.public.sn\/index.php\/wp-json\/wp\/v2\/comments?post=36079"}],"version-history":[{"count":3,"href":"https:\/\/www.public.sn\/index.php\/wp-json\/wp\/v2\/posts\/36079\/revisions"}],"predecessor-version":[{"id":36154,"href":"https:\/\/www.public.sn\/index.php\/wp-json\/wp\/v2\/posts\/36079\/revisions\/36154"}],"wp:featuredmedia":[{"embeddable":true,"href":"https:\/\/www.public.sn\/index.php\/wp-json\/wp\/v2\/media\/36080"}],"wp:attachment":[{"href":"https:\/\/www.public.sn\/index.php\/wp-json\/wp\/v2\/media?parent=36079"}],"wp:term":[{"taxonomy":"category","embeddable":true,"href":"https:\/\/www.public.sn\/index.php\/wp-json\/wp\/v2\/categories?post=36079"},{"taxonomy":"post_tag","embeddable":true,"href":"https:\/\/www.public.sn\/index.php\/wp-json\/wp\/v2\/tags?post=36079"}],"curies":[{"name":"wp","href":"https:\/\/api.w.org\/{rel}","templated":true}]}}