{"id":36085,"date":"2025-02-28T14:58:19","date_gmt":"2025-02-28T14:58:19","guid":{"rendered":"https:\/\/www.public.sn\/?p=36085"},"modified":"2025-03-19T09:34:08","modified_gmt":"2025-03-19T09:34:08","slug":"rebeus-farba-a-la-chambre-42-avec-son-ami-lat-diop","status":"publish","type":"post","link":"https:\/\/www.public.sn\/index.php\/2025\/02\/28\/rebeus-farba-a-la-chambre-42-avec-son-ami-lat-diop\/","title":{"rendered":"REBEUS: FARBA A LA CHAMBRE 42 AVEC  SON AMI LAT DIOP"},"content":{"rendered":"<p><img decoding=\"async\" class=\"alignnone wp-image-36086\" src=\"https:\/\/www.public.sn\/wp-content\/uploads\/2025\/02\/IMG-20250228-WA0102-300x153.jpg\" alt=\"\" width=\"296\" height=\"151\" srcset=\"https:\/\/www.public.sn\/wp-content\/uploads\/2025\/02\/IMG-20250228-WA0102-300x153.jpg 300w, https:\/\/www.public.sn\/wp-content\/uploads\/2025\/02\/IMG-20250228-WA0102-600x306.jpg 600w, https:\/\/www.public.sn\/wp-content\/uploads\/2025\/02\/IMG-20250228-WA0102.jpg 650w\" sizes=\"(max-width: 296px) 100vw, 296px\" \/><\/p>\n<p><span id=\"output-sentence-box~0\" class=\"output-sentence\" contenteditable=\"true\"><span class=\"MuiBox-root css-ij4vq4\"><span id=\"output-sentence~0\"><span data-testid=\"output-sentence-0\"><span id=\"output-phrase~0~0\" class=\"css-1ko3g0e\"><span class=\"css-10o52y0\">Farba <\/span><\/span><span id=\"output-phrase~0~1\" class=\"css-1ko3g0e\"><span class=\"css-10o52y0\">Ngom,\u00a0<\/span><\/span><span id=\"output-phrase~0~2\" class=\"css-1ko3g0e\"><span class=\"css-h5d7i9\">mis\u00a0<\/span><\/span><span id=\"output-phrase~0~3\" class=\"css-1ko3g0e\"><span class=\"css-10o52y0\">en\u00a0<\/span><\/span><span id=\"output-phrase~0~4\" class=\"css-1ko3g0e\"><span class=\"css-h5d7i9\">examen\u00a0<\/span><\/span><span id=\"output-phrase~0~5\" class=\"css-1ko3g0e\"><span class=\"css-10o52y0\">pour\u00a0<\/span><\/span><span id=\"output-phrase~0~6\" class=\"css-1ko3g0e\"><span class=\"css-h5d7i9\">fraude\u00a0<\/span><\/span><span id=\"output-phrase~0~7\" class=\"css-1ko3g0e\"><span class=\"css-h5d7i9\">li\u00e9e\u00a0<\/span><\/span><span id=\"output-phrase~0~8\" class=\"css-1ko3g0e\"><span class=\"css-10o52y0\">aux\u00a0<\/span><\/span><span id=\"output-phrase~0~9\" class=\"css-1ko3g0e\"><span class=\"css-h5d7i9\">fonds\u00a0<\/span><\/span><span id=\"output-phrase~0~10\" class=\"css-1ko3g0e\"><span class=\"css-10o52y0\">publics\u00a0<\/span><\/span><span id=\"output-phrase~0~11\" class=\"css-1ko3g0e\"><span class=\"css-h5d7i9\">s&rsquo;\u00e9levant\u00a0<\/span><\/span><span id=\"output-phrase~0~12\" class=\"css-1ko3g0e\"><span class=\"css-10o52y0\">\u00e0\u00a0<\/span><\/span><span id=\"output-phrase~0~13\" class=\"css-1ko3g0e\"><span class=\"css-lq4jk2\">31\u00a0<\/span><\/span><span id=\"output-phrase~0~14\" class=\"css-1ko3g0e\"><span class=\"css-lq4jk2\">milliards\u00a0<\/span><\/span><span id=\"output-phrase~0~15\" class=\"css-1ko3g0e\"><span class=\"css-lq4jk2\">de\u00a0<\/span><\/span><span id=\"output-phrase~0~16\" class=\"css-1ko3g0e\"><span class=\"css-lq4jk2\">FCFA,\u00a0<\/span><\/span><span id=\"output-phrase~0~17\" class=\"css-1ko3g0e\"><span class=\"css-lq4jk2\">blanchiment\u00a0<\/span><\/span><span id=\"output-phrase~0~18\" class=\"css-1ko3g0e\"><span class=\"css-h5d7i9\">d&rsquo;argent\u00a0<\/span><\/span><span id=\"output-phrase~0~19\" class=\"css-1ko3g0e\"><span class=\"css-10o52y0\">et\u00a0<\/span><\/span><span id=\"output-phrase~0~20\" class=\"css-1ko3g0e\"><span class=\"css-10o52y0\">association\u00a0<\/span><\/span><span id=\"output-phrase~0~21\" class=\"css-1ko3g0e\"><span class=\"css-h5d7i9\">criminelle,\u00a0<\/span><\/span><span id=\"output-phrase~0~22\" class=\"css-1ko3g0e\"><span class=\"css-10o52y0\">a\u00a0<\/span><\/span><span id=\"output-phrase~0~23\" class=\"css-1ko3g0e\"><span class=\"css-0\">\u00e9t\u00e9\u00a0<\/span><\/span><span id=\"output-phrase~0~24\" class=\"css-1ko3g0e\"><span class=\"css-0\">plac\u00e9\u00a0<\/span><\/span><span id=\"output-phrase~0~25\" class=\"css-1ko3g0e\"><span class=\"css-0\">sous\u00a0<\/span><\/span><span id=\"output-phrase~0~26\" class=\"css-1ko3g0e\"><span class=\"css-0\">les\u00a0<\/span><\/span><span id=\"output-phrase~0~27\" class=\"css-1ko3g0e\"><span class=\"css-1tmeul0\">verrous\u00a0<\/span><\/span><span id=\"output-phrase~0~28\" class=\"css-1ko3g0e\"><span class=\"css-0\">ce\u00a0<\/span><\/span><span id=\"output-phrase~0~29\" class=\"css-1ko3g0e\"><span class=\"css-0\">jeudi.<\/span><\/span><\/span> <\/span><\/span><\/span><span id=\"output-sentence-box~1\" class=\"output-sentence\" contenteditable=\"true\"><span class=\"MuiBox-root css-avfhld\"><span id=\"output-sentence~1\"><span data-testid=\"output-sentence-1\"><span id=\"output-phrase~1~0\" class=\"css-1ko3g0e\"><span class=\"css-1tmeul0\">Selon\u00a0<\/span><\/span><span id=\"output-phrase~1~1\" class=\"css-1ko3g0e\"><span class=\"css-0\">Seneweb,\u00a0<\/span><\/span><span id=\"output-phrase~1~2\" class=\"css-1ko3g0e\"><span class=\"css-0\">Farba\u00a0<\/span><\/span><span id=\"output-phrase~1~3\" class=\"css-1ko3g0e\"><span class=\"css-0\">Ngom\u00a0<\/span><\/span><span id=\"output-phrase~1~4\" class=\"css-1ko3g0e\"><span class=\"css-0\">sera\u00a0<\/span><\/span><span id=\"output-phrase~1~5\" class=\"css-1ko3g0e\"><span class=\"css-1tmeul0\">incarc\u00e9r\u00e9\u00a0<\/span><\/span><span id=\"output-phrase~1~6\" class=\"css-1ko3g0e\"><span class=\"css-10o52y0\">dans\u00a0<\/span><\/span><span id=\"output-phrase~1~7\" class=\"css-1ko3g0e\"><span class=\"css-10o52y0\">la\u00a0<\/span><\/span><span id=\"output-phrase~1~8\" class=\"css-1ko3g0e\"><span class=\"css-10o52y0\">chambre\u00a0<\/span><\/span><span id=\"output-phrase~1~9\" class=\"css-1ko3g0e\"><span class=\"css-10o52y0\">42\u00a0<\/span><\/span><span id=\"output-phrase~1~10\" class=\"css-1ko3g0e\"><span class=\"css-10o52y0\">de\u00a0<\/span><\/span><span id=\"output-phrase~1~11\" class=\"css-1ko3g0e\"><span class=\"css-lq4jk2\">la\u00a0<\/span><\/span><span id=\"output-phrase~1~12\" class=\"css-1ko3g0e\"><span class=\"css-lq4jk2\">prison\u00a0<\/span><\/span><span id=\"output-phrase~1~13\" class=\"css-1ko3g0e\"><span class=\"css-lq4jk2\">de\u00a0<\/span><\/span><span id=\"output-phrase~1~14\" class=\"css-1ko3g0e\"><span class=\"css-lq4jk2\">Rebeuss\u00a0<\/span><\/span><span id=\"output-phrase~1~15\" class=\"css-1ko3g0e\"><span class=\"css-h5d7i9\">pour\u00a0<\/span><\/span><span id=\"output-phrase~1~16\" class=\"css-1ko3g0e\"><span class=\"css-10o52y0\">ses\u00a0<\/span><\/span><span id=\"output-phrase~1~17\" class=\"css-1ko3g0e\"><span class=\"css-10o52y0\">premi\u00e8res\u00a0<\/span><\/span><span id=\"output-phrase~1~18\" class=\"css-1ko3g0e\"><span class=\"css-0\">nuits.<\/span><\/span><\/span> <\/span><\/span><\/span><span id=\"output-sentence-box~2\" class=\"output-sentence\" contenteditable=\"true\"><span class=\"MuiBox-root css-avfhld\"><span id=\"output-sentence~2\"><span data-testid=\"output-sentence-2\"><span id=\"output-phrase~2~0\" class=\"css-1ko3g0e\"><span class=\"css-1tmeul0\">Paradoxalement,\u00a0<\/span><\/span><span id=\"output-phrase~2~1\" class=\"css-1ko3g0e\"><span class=\"css-0\">il\u00a0<\/span><\/span><span id=\"output-phrase~2~2\" class=\"css-1ko3g0e\"><span class=\"css-1tmeul0\">cohabite\u00a0<\/span><\/span><span id=\"output-phrase~2~3\" class=\"css-1ko3g0e\"><span class=\"css-1tmeul0\">dans\u00a0<\/span><\/span><span id=\"output-phrase~2~4\" class=\"css-1ko3g0e\"><span class=\"css-0\">cette\u00a0<\/span><\/span><span id=\"output-phrase~2~5\" class=\"css-1ko3g0e\"><span class=\"css-0\">cellule\u00a0<\/span><\/span><span id=\"output-phrase~2~6\" class=\"css-1ko3g0e\"><span class=\"css-0\">avec\u00a0<\/span><\/span><span id=\"output-phrase~2~7\" class=\"css-1ko3g0e\"><span class=\"css-0\">un\u00a0<\/span><\/span><span id=\"output-phrase~2~8\" class=\"css-1ko3g0e\"><span class=\"css-0\">autre\u00a0<\/span><\/span><span id=\"output-phrase~2~9\" class=\"css-1ko3g0e\"><span class=\"css-1tmeul0\">dirigeant\u00a0<\/span><\/span><span id=\"output-phrase~2~10\" class=\"css-1ko3g0e\"><span class=\"css-0\">de\u00a0<\/span><\/span><span id=\"output-phrase~2~11\" class=\"css-1ko3g0e\"><span class=\"css-1tmeul0\">l&rsquo;ancien\u00a0<\/span><\/span><span id=\"output-phrase~2~12\" class=\"css-1ko3g0e\"><span class=\"css-0\">parti\u00a0<\/span><\/span><span id=\"output-phrase~2~13\" class=\"css-1ko3g0e\"><span class=\"css-0\">au\u00a0<\/span><\/span><span id=\"output-phrase~2~14\" class=\"css-1ko3g0e\"><span class=\"css-0\">pouvoir,\u00a0<\/span><\/span><span id=\"output-phrase~2~15\" class=\"css-1ko3g0e\"><span class=\"css-0\">Lat\u00a0<\/span><\/span><span id=\"output-phrase~2~16\" class=\"css-1ko3g0e\"><span class=\"css-0\">Diop,\u00a0<\/span><\/span><span id=\"output-phrase~2~17\" class=\"css-1ko3g0e\"><span class=\"css-1tmeul0\">qui\u00a0<\/span><\/span><span id=\"output-phrase~2~18\" class=\"css-1ko3g0e\"><span class=\"css-1tmeul0\">\u00e9tait\u00a0<\/span><\/span><span id=\"output-phrase~2~19\" class=\"css-1ko3g0e\"><span class=\"css-0\">le\u00a0<\/span><\/span><span id=\"output-phrase~2~20\" class=\"css-1ko3g0e\"><span class=\"css-1g9q2al\">directeur\u00a0<\/span><\/span><span id=\"output-phrase~2~21\" class=\"css-1ko3g0e\"><span class=\"css-1g9q2al\">g\u00e9n\u00e9ral\u00a0<\/span><\/span><span id=\"output-phrase~2~22\" class=\"css-1ko3g0e\"><span class=\"css-1g9q2al\">de\u00a0<\/span><\/span><span id=\"output-phrase~2~23\" class=\"css-1ko3g0e\"><span class=\"css-1g9q2al\">la\u00a0<\/span><\/span><span id=\"output-phrase~2~24\" class=\"css-1ko3g0e\"><span class=\"css-1g9q2al\">Lonase.<\/span><\/span><\/span><\/span><\/span><\/span><\/p><div class=\"publi-paragraphe1\" style=\"margin-top: 10px;margin-bottom: 10px;margin-left: auto;margin-right: auto;text-align: center;\" id=\"publi-113388401\"><div class=\"publi-adlabel\">Publicit\u00e9<\/div><script async src=\"\/\/pagead2.googlesyndication.com\/pagead\/js\/adsbygoogle.js?client=ca-pub-4089586018074219\" crossorigin=\"anonymous\"><\/script><ins class=\"adsbygoogle\" style=\"display:block;\" data-ad-client=\"ca-pub-4089586018074219\" \ndata-ad-slot=\"2087940154\" \ndata-ad-format=\"auto\"><\/ins>\n<script> \n(adsbygoogle = window.adsbygoogle || []).push({}); \n<\/script>\n<\/div>\n<p>Apr\u00e8s son deuxi\u00e8me face-\u00e0-face avec le juge d\u2019instruction du pool judiciaire financier, Mouhamadou Farba Ngom, maire d\u2019Agnam et proche de l\u2019ancien pr\u00e9sident Macky Sall, a \u00e9t\u00e9 plac\u00e9 sous mandat de d\u00e9p\u00f4tSes avocats, dont Me Doudou Ndoye, d\u00e9noncent une proc\u00e9dure irr\u00e9guli\u00e8re et des accusations sans fondement.<\/p>\n<p>L\u2019\u00e9dile est poursuivi dans le cadre d\u2019une enqu\u00eate portant sur des transactions suspectes d\u2019un montant cumul\u00e9 de 125 milliards de francs CFA, signal\u00e9es dans un rapport de la Cellule nationale de traitement des informations financi\u00e8res (Centif). Selon ce document, ces fonds, en provenance du Tr\u00e9sor public et de certaines structures \u00e9tatiques, auraient transit\u00e9 vers ses comptes ou ceux de ses proches.<\/p>\n<div class=\"publi-apres-le-contenu\" style=\"margin-top: 10px;margin-bottom: 10px;margin-left: auto;margin-right: auto;text-align: center;\" id=\"publi-3775582274\"><div class=\"publi-adlabel\">Publicit\u00e9<\/div><script async src=\"\/\/pagead2.googlesyndication.com\/pagead\/js\/adsbygoogle.js?client=ca-pub-4089586018074219\" crossorigin=\"anonymous\"><\/script><ins class=\"adsbygoogle\" style=\"display:block;\" data-ad-client=\"ca-pub-4089586018074219\" \ndata-ad-slot=\"2087940154\" \ndata-ad-format=\"auto\"><\/ins>\n<script> \n(adsbygoogle = window.adsbygoogle || []).push({}); \n<\/script>\n<\/div>","protected":false},"excerpt":{"rendered":"<p>Farba Ngom,\u00a0mis\u00a0en\u00a0examen\u00a0pour\u00a0fraude\u00a0li\u00e9e\u00a0aux\u00a0fonds\u00a0publics\u00a0s&rsquo;\u00e9levant\u00a0\u00e0\u00a031\u00a0milliards\u00a0de\u00a0FCFA,\u00a0blanchiment\u00a0d&rsquo;argent\u00a0et\u00a0association\u00a0criminelle,\u00a0a\u00a0\u00e9t\u00e9\u00a0plac\u00e9\u00a0sous\u00a0les\u00a0verrous\u00a0ce\u00a0jeudi. Selon\u00a0Seneweb,\u00a0Farba\u00a0Ngom\u00a0sera\u00a0incarc\u00e9r\u00e9\u00a0dans\u00a0la\u00a0chambre\u00a042\u00a0de\u00a0la\u00a0prison\u00a0de\u00a0Rebeuss\u00a0pour\u00a0ses\u00a0premi\u00e8res\u00a0nuits. Paradoxalement,\u00a0il\u00a0cohabite\u00a0dans\u00a0cette\u00a0cellule\u00a0avec\u00a0un\u00a0autre\u00a0dirigeant\u00a0de\u00a0l&rsquo;ancien\u00a0parti\u00a0au\u00a0pouvoir,\u00a0Lat\u00a0Diop,\u00a0qui\u00a0\u00e9tait\u00a0le\u00a0directeur\u00a0g\u00e9n\u00e9ral\u00a0de\u00a0la\u00a0Lonase. Apr\u00e8s son deuxi\u00e8me face-\u00e0-face avec le juge d\u2019instruction du pool judiciaire financier, Mouhamadou Farba Ngom, maire d\u2019Agnam et proche de l\u2019ancien pr\u00e9sident Macky Sall, a \u00e9t\u00e9 plac\u00e9 sous mandat de d\u00e9p\u00f4tSes avocats, dont Me Doudou Ndoye, d\u00e9noncent une proc\u00e9dure irr\u00e9guli\u00e8re et des accusations sans fondement. L\u2019\u00e9dile est poursuivi dans le cadre d\u2019une enqu\u00eate portant sur des transactions suspectes d\u2019un montant cumul\u00e9 de 125 milliards de francs CFA, signal\u00e9es dans un rapport de la Cellule nationale de traitement des informations financi\u00e8res (Centif). Selon ce document, ces fonds, en provenance du Tr\u00e9sor public et de certaines structures \u00e9tatiques, auraient transit\u00e9 vers ses comptes ou ceux de ses proches.<\/p>\n","protected":false},"author":24,"featured_media":35972,"comment_status":"open","ping_status":"open","sticky":false,"template":"","format":"standard","meta":{"_jetpack_memberships_contains_paid_content":false,"footnotes":""},"categories":[375,3724,3],"tags":[],"class_list":["post-36085","post","type-post","status-publish","format-standard","has-post-thumbnail","hentry","category-actualites","category-justice","category-politique","entry","has-media","owp-thumbs-layout-horizontal","owp-btn-normal","owp-tabs-layout-horizontal","has-no-thumbnails","has-product-nav"],"yoast_head":"<!-- This site is optimized with the Yoast SEO plugin v25.5 - https:\/\/yoast.com\/wordpress\/plugins\/seo\/ -->\n<title>REBEUS: FARBA A LA CHAMBRE 42 AVEC SON AMI LAT DIOP - LE PUBLIC<\/title>\n<meta name=\"robots\" content=\"index, follow, max-snippet:-1, max-image-preview:large, max-video-preview:-1\" \/>\n<link rel=\"canonical\" href=\"https:\/\/www.public.sn\/index.php\/2025\/02\/28\/rebeus-farba-a-la-chambre-42-avec-son-ami-lat-diop\/\" \/>\n<meta property=\"og:locale\" content=\"fr_FR\" \/>\n<meta property=\"og:type\" content=\"article\" \/>\n<meta property=\"og:title\" content=\"REBEUS: FARBA A LA CHAMBRE 42 AVEC SON AMI LAT DIOP - LE PUBLIC\" \/>\n<meta property=\"og:description\" content=\"Farba Ngom,\u00a0mis\u00a0en\u00a0examen\u00a0pour\u00a0fraude\u00a0li\u00e9e\u00a0aux\u00a0fonds\u00a0publics\u00a0s&rsquo;\u00e9levant\u00a0\u00e0\u00a031\u00a0milliards\u00a0de\u00a0FCFA,\u00a0blanchiment\u00a0d&rsquo;argent\u00a0et\u00a0association\u00a0criminelle,\u00a0a\u00a0\u00e9t\u00e9\u00a0plac\u00e9\u00a0sous\u00a0les\u00a0verrous\u00a0ce\u00a0jeudi. Selon\u00a0Seneweb,\u00a0Farba\u00a0Ngom\u00a0sera\u00a0incarc\u00e9r\u00e9\u00a0dans\u00a0la\u00a0chambre\u00a042\u00a0de\u00a0la\u00a0prison\u00a0de\u00a0Rebeuss\u00a0pour\u00a0ses\u00a0premi\u00e8res\u00a0nuits. Paradoxalement,\u00a0il\u00a0cohabite\u00a0dans\u00a0cette\u00a0cellule\u00a0avec\u00a0un\u00a0autre\u00a0dirigeant\u00a0de\u00a0l&rsquo;ancien\u00a0parti\u00a0au\u00a0pouvoir,\u00a0Lat\u00a0Diop,\u00a0qui\u00a0\u00e9tait\u00a0le\u00a0directeur\u00a0g\u00e9n\u00e9ral\u00a0de\u00a0la\u00a0Lonase. Apr\u00e8s son deuxi\u00e8me face-\u00e0-face avec le juge d\u2019instruction du pool judiciaire financier, Mouhamadou Farba Ngom, maire d\u2019Agnam et proche de l\u2019ancien pr\u00e9sident Macky Sall, a \u00e9t\u00e9 plac\u00e9 sous mandat de d\u00e9p\u00f4tSes avocats, dont Me Doudou Ndoye, d\u00e9noncent une proc\u00e9dure irr\u00e9guli\u00e8re et des accusations sans fondement. L\u2019\u00e9dile est poursuivi dans le cadre d\u2019une enqu\u00eate portant sur des transactions suspectes d\u2019un montant cumul\u00e9 de 125 milliards de francs CFA, signal\u00e9es dans un rapport de la Cellule nationale de traitement des informations financi\u00e8res (Centif). Selon ce document, ces fonds, en provenance du Tr\u00e9sor public et de certaines structures \u00e9tatiques, auraient transit\u00e9 vers ses comptes ou ceux de ses proches.\" \/>\n<meta property=\"og:url\" content=\"https:\/\/www.public.sn\/index.php\/2025\/02\/28\/rebeus-farba-a-la-chambre-42-avec-son-ami-lat-diop\/\" \/>\n<meta property=\"og:site_name\" content=\"LE PUBLIC\" \/>\n<meta property=\"article:published_time\" content=\"2025-02-28T14:58:19+00:00\" \/>\n<meta property=\"article:modified_time\" content=\"2025-03-19T09:34:08+00:00\" \/>\n<meta property=\"og:image\" content=\"https:\/\/www.public.sn\/wp-content\/uploads\/2025\/02\/86357801-61440364.webp\" \/>\n\t<meta property=\"og:image:width\" content=\"1600\" \/>\n\t<meta property=\"og:image:height\" content=\"840\" \/>\n\t<meta property=\"og:image:type\" content=\"image\/webp\" \/>\n<meta name=\"author\" content=\"Souleymane SOKHNA\" \/>\n<meta name=\"twitter:card\" content=\"summary_large_image\" \/>\n<meta name=\"twitter:label1\" content=\"\u00c9crit par\" \/>\n\t<meta name=\"twitter:data1\" content=\"Souleymane SOKHNA\" \/>\n\t<meta name=\"twitter:label2\" content=\"Dur\u00e9e de lecture estim\u00e9e\" \/>\n\t<meta name=\"twitter:data2\" content=\"2 minutes\" \/>\n<script type=\"application\/ld+json\" class=\"yoast-schema-graph\">{\"@context\":\"https:\/\/schema.org\",\"@graph\":[{\"@type\":\"Article\",\"@id\":\"https:\/\/www.public.sn\/index.php\/2025\/02\/28\/rebeus-farba-a-la-chambre-42-avec-son-ami-lat-diop\/#article\",\"isPartOf\":{\"@id\":\"https:\/\/www.public.sn\/index.php\/2025\/02\/28\/rebeus-farba-a-la-chambre-42-avec-son-ami-lat-diop\/\"},\"author\":{\"name\":\"Souleymane SOKHNA\",\"@id\":\"https:\/\/www.public.sn\/#\/schema\/person\/bd194cf8a07f356f3df1d43534e25aab\"},\"headline\":\"REBEUS: FARBA A LA CHAMBRE 42 AVEC SON AMI LAT DIOP\",\"datePublished\":\"2025-02-28T14:58:19+00:00\",\"dateModified\":\"2025-03-19T09:34:08+00:00\",\"mainEntityOfPage\":{\"@id\":\"https:\/\/www.public.sn\/index.php\/2025\/02\/28\/rebeus-farba-a-la-chambre-42-avec-son-ami-lat-diop\/\"},\"wordCount\":212,\"commentCount\":0,\"publisher\":{\"@id\":\"https:\/\/www.public.sn\/#organization\"},\"image\":{\"@id\":\"https:\/\/www.public.sn\/index.php\/2025\/02\/28\/rebeus-farba-a-la-chambre-42-avec-son-ami-lat-diop\/#primaryimage\"},\"thumbnailUrl\":\"https:\/\/www.public.sn\/wp-content\/uploads\/2025\/02\/86357801-61440364.webp\",\"articleSection\":[\"ACTUALIT\u00c9S\",\"justice\",\"POLITIQUE\"],\"inLanguage\":\"fr-FR\",\"potentialAction\":[{\"@type\":\"CommentAction\",\"name\":\"Comment\",\"target\":[\"https:\/\/www.public.sn\/index.php\/2025\/02\/28\/rebeus-farba-a-la-chambre-42-avec-son-ami-lat-diop\/#respond\"]}]},{\"@type\":\"WebPage\",\"@id\":\"https:\/\/www.public.sn\/index.php\/2025\/02\/28\/rebeus-farba-a-la-chambre-42-avec-son-ami-lat-diop\/\",\"url\":\"https:\/\/www.public.sn\/index.php\/2025\/02\/28\/rebeus-farba-a-la-chambre-42-avec-son-ami-lat-diop\/\",\"name\":\"REBEUS: FARBA A LA CHAMBRE 42 AVEC SON AMI LAT DIOP - LE PUBLIC\",\"isPartOf\":{\"@id\":\"https:\/\/www.public.sn\/#website\"},\"primaryImageOfPage\":{\"@id\":\"https:\/\/www.public.sn\/index.php\/2025\/02\/28\/rebeus-farba-a-la-chambre-42-avec-son-ami-lat-diop\/#primaryimage\"},\"image\":{\"@id\":\"https:\/\/www.public.sn\/index.php\/2025\/02\/28\/rebeus-farba-a-la-chambre-42-avec-son-ami-lat-diop\/#primaryimage\"},\"thumbnailUrl\":\"https:\/\/www.public.sn\/wp-content\/uploads\/2025\/02\/86357801-61440364.webp\",\"datePublished\":\"2025-02-28T14:58:19+00:00\",\"dateModified\":\"2025-03-19T09:34:08+00:00\",\"breadcrumb\":{\"@id\":\"https:\/\/www.public.sn\/index.php\/2025\/02\/28\/rebeus-farba-a-la-chambre-42-avec-son-ami-lat-diop\/#breadcrumb\"},\"inLanguage\":\"fr-FR\",\"potentialAction\":[{\"@type\":\"ReadAction\",\"target\":[\"https:\/\/www.public.sn\/index.php\/2025\/02\/28\/rebeus-farba-a-la-chambre-42-avec-son-ami-lat-diop\/\"]}]},{\"@type\":\"ImageObject\",\"inLanguage\":\"fr-FR\",\"@id\":\"https:\/\/www.public.sn\/index.php\/2025\/02\/28\/rebeus-farba-a-la-chambre-42-avec-son-ami-lat-diop\/#primaryimage\",\"url\":\"https:\/\/www.public.sn\/wp-content\/uploads\/2025\/02\/86357801-61440364.webp\",\"contentUrl\":\"https:\/\/www.public.sn\/wp-content\/uploads\/2025\/02\/86357801-61440364.webp\",\"width\":1600,\"height\":840},{\"@type\":\"BreadcrumbList\",\"@id\":\"https:\/\/www.public.sn\/index.php\/2025\/02\/28\/rebeus-farba-a-la-chambre-42-avec-son-ami-lat-diop\/#breadcrumb\",\"itemListElement\":[{\"@type\":\"ListItem\",\"position\":1,\"name\":\"Accueil\",\"item\":\"https:\/\/www.public.sn\/\"},{\"@type\":\"ListItem\",\"position\":2,\"name\":\"REBEUS: FARBA A LA CHAMBRE 42 AVEC SON AMI LAT DIOP\"}]},{\"@type\":\"WebSite\",\"@id\":\"https:\/\/www.public.sn\/#website\",\"url\":\"https:\/\/www.public.sn\/\",\"name\":\"LE PUBLIC\",\"description\":\"\",\"publisher\":{\"@id\":\"https:\/\/www.public.sn\/#organization\"},\"potentialAction\":[{\"@type\":\"SearchAction\",\"target\":{\"@type\":\"EntryPoint\",\"urlTemplate\":\"https:\/\/www.public.sn\/?s={search_term_string}\"},\"query-input\":{\"@type\":\"PropertyValueSpecification\",\"valueRequired\":true,\"valueName\":\"search_term_string\"}}],\"inLanguage\":\"fr-FR\"},{\"@type\":\"Organization\",\"@id\":\"https:\/\/www.public.sn\/#organization\",\"name\":\"LE PUBLIC\",\"url\":\"https:\/\/www.public.sn\/\",\"logo\":{\"@type\":\"ImageObject\",\"inLanguage\":\"fr-FR\",\"@id\":\"https:\/\/www.public.sn\/#\/schema\/logo\/image\/\",\"url\":\"https:\/\/www.public.sn\/wp-content\/uploads\/2024\/05\/cropped-LOGO-PUBLIC.SN_.png\",\"contentUrl\":\"https:\/\/www.public.sn\/wp-content\/uploads\/2024\/05\/cropped-LOGO-PUBLIC.SN_.png\",\"width\":682,\"height\":192,\"caption\":\"LE PUBLIC\"},\"image\":{\"@id\":\"https:\/\/www.public.sn\/#\/schema\/logo\/image\/\"}},{\"@type\":\"Person\",\"@id\":\"https:\/\/www.public.sn\/#\/schema\/person\/bd194cf8a07f356f3df1d43534e25aab\",\"name\":\"Souleymane SOKHNA\",\"image\":{\"@type\":\"ImageObject\",\"inLanguage\":\"fr-FR\",\"@id\":\"https:\/\/www.public.sn\/#\/schema\/person\/image\/\",\"url\":\"https:\/\/secure.gravatar.com\/avatar\/ac5756d88d73d6d0f67ce26a93b08ff5c14a5fb08fadbeffaf20f6bc96a0af26?s=96&d=mm&r=g\",\"contentUrl\":\"https:\/\/secure.gravatar.com\/avatar\/ac5756d88d73d6d0f67ce26a93b08ff5c14a5fb08fadbeffaf20f6bc96a0af26?s=96&d=mm&r=g\",\"caption\":\"Souleymane SOKHNA\"},\"url\":\"https:\/\/www.public.sn\/index.php\/author\/souleysou\/\"}]}<\/script>\n<!-- \/ Yoast SEO plugin. -->","yoast_head_json":{"title":"REBEUS: FARBA A LA CHAMBRE 42 AVEC SON AMI LAT DIOP - LE PUBLIC","robots":{"index":"index","follow":"follow","max-snippet":"max-snippet:-1","max-image-preview":"max-image-preview:large","max-video-preview":"max-video-preview:-1"},"canonical":"https:\/\/www.public.sn\/index.php\/2025\/02\/28\/rebeus-farba-a-la-chambre-42-avec-son-ami-lat-diop\/","og_locale":"fr_FR","og_type":"article","og_title":"REBEUS: FARBA A LA CHAMBRE 42 AVEC SON AMI LAT DIOP - LE PUBLIC","og_description":"Farba Ngom,\u00a0mis\u00a0en\u00a0examen\u00a0pour\u00a0fraude\u00a0li\u00e9e\u00a0aux\u00a0fonds\u00a0publics\u00a0s&rsquo;\u00e9levant\u00a0\u00e0\u00a031\u00a0milliards\u00a0de\u00a0FCFA,\u00a0blanchiment\u00a0d&rsquo;argent\u00a0et\u00a0association\u00a0criminelle,\u00a0a\u00a0\u00e9t\u00e9\u00a0plac\u00e9\u00a0sous\u00a0les\u00a0verrous\u00a0ce\u00a0jeudi. Selon\u00a0Seneweb,\u00a0Farba\u00a0Ngom\u00a0sera\u00a0incarc\u00e9r\u00e9\u00a0dans\u00a0la\u00a0chambre\u00a042\u00a0de\u00a0la\u00a0prison\u00a0de\u00a0Rebeuss\u00a0pour\u00a0ses\u00a0premi\u00e8res\u00a0nuits. Paradoxalement,\u00a0il\u00a0cohabite\u00a0dans\u00a0cette\u00a0cellule\u00a0avec\u00a0un\u00a0autre\u00a0dirigeant\u00a0de\u00a0l&rsquo;ancien\u00a0parti\u00a0au\u00a0pouvoir,\u00a0Lat\u00a0Diop,\u00a0qui\u00a0\u00e9tait\u00a0le\u00a0directeur\u00a0g\u00e9n\u00e9ral\u00a0de\u00a0la\u00a0Lonase. Apr\u00e8s son deuxi\u00e8me face-\u00e0-face avec le juge d\u2019instruction du pool judiciaire financier, Mouhamadou Farba Ngom, maire d\u2019Agnam et proche de l\u2019ancien pr\u00e9sident Macky Sall, a \u00e9t\u00e9 plac\u00e9 sous mandat de d\u00e9p\u00f4tSes avocats, dont Me Doudou Ndoye, d\u00e9noncent une proc\u00e9dure irr\u00e9guli\u00e8re et des accusations sans fondement. L\u2019\u00e9dile est poursuivi dans le cadre d\u2019une enqu\u00eate portant sur des transactions suspectes d\u2019un montant cumul\u00e9 de 125 milliards de francs CFA, signal\u00e9es dans un rapport de la Cellule nationale de traitement des informations financi\u00e8res (Centif). Selon ce document, ces fonds, en provenance du Tr\u00e9sor public et de certaines structures \u00e9tatiques, auraient transit\u00e9 vers ses comptes ou ceux de ses proches.","og_url":"https:\/\/www.public.sn\/index.php\/2025\/02\/28\/rebeus-farba-a-la-chambre-42-avec-son-ami-lat-diop\/","og_site_name":"LE PUBLIC","article_published_time":"2025-02-28T14:58:19+00:00","article_modified_time":"2025-03-19T09:34:08+00:00","og_image":[{"width":1600,"height":840,"url":"https:\/\/www.public.sn\/wp-content\/uploads\/2025\/02\/86357801-61440364.webp","type":"image\/webp"}],"author":"Souleymane SOKHNA","twitter_card":"summary_large_image","twitter_misc":{"\u00c9crit par":"Souleymane SOKHNA","Dur\u00e9e de lecture estim\u00e9e":"2 minutes"},"schema":{"@context":"https:\/\/schema.org","@graph":[{"@type":"Article","@id":"https:\/\/www.public.sn\/index.php\/2025\/02\/28\/rebeus-farba-a-la-chambre-42-avec-son-ami-lat-diop\/#article","isPartOf":{"@id":"https:\/\/www.public.sn\/index.php\/2025\/02\/28\/rebeus-farba-a-la-chambre-42-avec-son-ami-lat-diop\/"},"author":{"name":"Souleymane SOKHNA","@id":"https:\/\/www.public.sn\/#\/schema\/person\/bd194cf8a07f356f3df1d43534e25aab"},"headline":"REBEUS: FARBA A LA CHAMBRE 42 AVEC SON AMI LAT DIOP","datePublished":"2025-02-28T14:58:19+00:00","dateModified":"2025-03-19T09:34:08+00:00","mainEntityOfPage":{"@id":"https:\/\/www.public.sn\/index.php\/2025\/02\/28\/rebeus-farba-a-la-chambre-42-avec-son-ami-lat-diop\/"},"wordCount":212,"commentCount":0,"publisher":{"@id":"https:\/\/www.public.sn\/#organization"},"image":{"@id":"https:\/\/www.public.sn\/index.php\/2025\/02\/28\/rebeus-farba-a-la-chambre-42-avec-son-ami-lat-diop\/#primaryimage"},"thumbnailUrl":"https:\/\/www.public.sn\/wp-content\/uploads\/2025\/02\/86357801-61440364.webp","articleSection":["ACTUALIT\u00c9S","justice","POLITIQUE"],"inLanguage":"fr-FR","potentialAction":[{"@type":"CommentAction","name":"Comment","target":["https:\/\/www.public.sn\/index.php\/2025\/02\/28\/rebeus-farba-a-la-chambre-42-avec-son-ami-lat-diop\/#respond"]}]},{"@type":"WebPage","@id":"https:\/\/www.public.sn\/index.php\/2025\/02\/28\/rebeus-farba-a-la-chambre-42-avec-son-ami-lat-diop\/","url":"https:\/\/www.public.sn\/index.php\/2025\/02\/28\/rebeus-farba-a-la-chambre-42-avec-son-ami-lat-diop\/","name":"REBEUS: FARBA A LA CHAMBRE 42 AVEC SON AMI LAT DIOP - LE PUBLIC","isPartOf":{"@id":"https:\/\/www.public.sn\/#website"},"primaryImageOfPage":{"@id":"https:\/\/www.public.sn\/index.php\/2025\/02\/28\/rebeus-farba-a-la-chambre-42-avec-son-ami-lat-diop\/#primaryimage"},"image":{"@id":"https:\/\/www.public.sn\/index.php\/2025\/02\/28\/rebeus-farba-a-la-chambre-42-avec-son-ami-lat-diop\/#primaryimage"},"thumbnailUrl":"https:\/\/www.public.sn\/wp-content\/uploads\/2025\/02\/86357801-61440364.webp","datePublished":"2025-02-28T14:58:19+00:00","dateModified":"2025-03-19T09:34:08+00:00","breadcrumb":{"@id":"https:\/\/www.public.sn\/index.php\/2025\/02\/28\/rebeus-farba-a-la-chambre-42-avec-son-ami-lat-diop\/#breadcrumb"},"inLanguage":"fr-FR","potentialAction":[{"@type":"ReadAction","target":["https:\/\/www.public.sn\/index.php\/2025\/02\/28\/rebeus-farba-a-la-chambre-42-avec-son-ami-lat-diop\/"]}]},{"@type":"ImageObject","inLanguage":"fr-FR","@id":"https:\/\/www.public.sn\/index.php\/2025\/02\/28\/rebeus-farba-a-la-chambre-42-avec-son-ami-lat-diop\/#primaryimage","url":"https:\/\/www.public.sn\/wp-content\/uploads\/2025\/02\/86357801-61440364.webp","contentUrl":"https:\/\/www.public.sn\/wp-content\/uploads\/2025\/02\/86357801-61440364.webp","width":1600,"height":840},{"@type":"BreadcrumbList","@id":"https:\/\/www.public.sn\/index.php\/2025\/02\/28\/rebeus-farba-a-la-chambre-42-avec-son-ami-lat-diop\/#breadcrumb","itemListElement":[{"@type":"ListItem","position":1,"name":"Accueil","item":"https:\/\/www.public.sn\/"},{"@type":"ListItem","position":2,"name":"REBEUS: FARBA A LA CHAMBRE 42 AVEC SON AMI LAT DIOP"}]},{"@type":"WebSite","@id":"https:\/\/www.public.sn\/#website","url":"https:\/\/www.public.sn\/","name":"LE PUBLIC","description":"","publisher":{"@id":"https:\/\/www.public.sn\/#organization"},"potentialAction":[{"@type":"SearchAction","target":{"@type":"EntryPoint","urlTemplate":"https:\/\/www.public.sn\/?s={search_term_string}"},"query-input":{"@type":"PropertyValueSpecification","valueRequired":true,"valueName":"search_term_string"}}],"inLanguage":"fr-FR"},{"@type":"Organization","@id":"https:\/\/www.public.sn\/#organization","name":"LE PUBLIC","url":"https:\/\/www.public.sn\/","logo":{"@type":"ImageObject","inLanguage":"fr-FR","@id":"https:\/\/www.public.sn\/#\/schema\/logo\/image\/","url":"https:\/\/www.public.sn\/wp-content\/uploads\/2024\/05\/cropped-LOGO-PUBLIC.SN_.png","contentUrl":"https:\/\/www.public.sn\/wp-content\/uploads\/2024\/05\/cropped-LOGO-PUBLIC.SN_.png","width":682,"height":192,"caption":"LE PUBLIC"},"image":{"@id":"https:\/\/www.public.sn\/#\/schema\/logo\/image\/"}},{"@type":"Person","@id":"https:\/\/www.public.sn\/#\/schema\/person\/bd194cf8a07f356f3df1d43534e25aab","name":"Souleymane SOKHNA","image":{"@type":"ImageObject","inLanguage":"fr-FR","@id":"https:\/\/www.public.sn\/#\/schema\/person\/image\/","url":"https:\/\/secure.gravatar.com\/avatar\/ac5756d88d73d6d0f67ce26a93b08ff5c14a5fb08fadbeffaf20f6bc96a0af26?s=96&d=mm&r=g","contentUrl":"https:\/\/secure.gravatar.com\/avatar\/ac5756d88d73d6d0f67ce26a93b08ff5c14a5fb08fadbeffaf20f6bc96a0af26?s=96&d=mm&r=g","caption":"Souleymane SOKHNA"},"url":"https:\/\/www.public.sn\/index.php\/author\/souleysou\/"}]}},"jetpack_featured_media_url":"https:\/\/www.public.sn\/wp-content\/uploads\/2025\/02\/86357801-61440364.webp","jetpack_sharing_enabled":true,"_links":{"self":[{"href":"https:\/\/www.public.sn\/index.php\/wp-json\/wp\/v2\/posts\/36085","targetHints":{"allow":["GET"]}}],"collection":[{"href":"https:\/\/www.public.sn\/index.php\/wp-json\/wp\/v2\/posts"}],"about":[{"href":"https:\/\/www.public.sn\/index.php\/wp-json\/wp\/v2\/types\/post"}],"author":[{"embeddable":true,"href":"https:\/\/www.public.sn\/index.php\/wp-json\/wp\/v2\/users\/24"}],"replies":[{"embeddable":true,"href":"https:\/\/www.public.sn\/index.php\/wp-json\/wp\/v2\/comments?post=36085"}],"version-history":[{"count":1,"href":"https:\/\/www.public.sn\/index.php\/wp-json\/wp\/v2\/posts\/36085\/revisions"}],"predecessor-version":[{"id":36087,"href":"https:\/\/www.public.sn\/index.php\/wp-json\/wp\/v2\/posts\/36085\/revisions\/36087"}],"wp:featuredmedia":[{"embeddable":true,"href":"https:\/\/www.public.sn\/index.php\/wp-json\/wp\/v2\/media\/35972"}],"wp:attachment":[{"href":"https:\/\/www.public.sn\/index.php\/wp-json\/wp\/v2\/media?parent=36085"}],"wp:term":[{"taxonomy":"category","embeddable":true,"href":"https:\/\/www.public.sn\/index.php\/wp-json\/wp\/v2\/categories?post=36085"},{"taxonomy":"post_tag","embeddable":true,"href":"https:\/\/www.public.sn\/index.php\/wp-json\/wp\/v2\/tags?post=36085"}],"curies":[{"name":"wp","href":"https:\/\/api.w.org\/{rel}","templated":true}]}}