{"id":3610,"date":"2022-10-04T17:30:51","date_gmt":"2022-10-04T17:30:51","guid":{"rendered":"https:\/\/www.public.sn\/?p=3610"},"modified":"2022-10-04T17:30:53","modified_gmt":"2022-10-04T17:30:53","slug":"la-date-de-livraison-du-brt-revele-par-mansour-faye","status":"publish","type":"post","link":"https:\/\/www.public.sn\/index.php\/2022\/10\/04\/la-date-de-livraison-du-brt-revele-par-mansour-faye\/","title":{"rendered":"La date de livraison du BRT r\u00e9v\u00e9l\u00e9 par Mansour Faye"},"content":{"rendered":"\n<p>les premi\u00e8res bus du bus rapide transit seront en exploitation \u00e0 partir du premier trimestre de l\u2019ann\u00e9e prochaine renseigne le ministre des infrastructure, des transports terrestres et du d\u00e9senclavement Mansour Faye. Ce dernier a \u00e9t\u00e9  Interpell\u00e9 sur la date de livraison du BRT, lors de la semaine de la mobilit\u00e9 durable et du climat(SMDC). Le beau fr\u00e8re du pr\u00e9sident informe que \u00ab les travaux avancent \u00e0 grands pas. En d\u00e9cembre 2022, les infrastructures et le syst\u00e8me seront livr\u00e9s. \u00bb <br><br><br>Poursuivant, le ministre affirme que le projet est financ\u00e9 \u00e0 hauteur de 300 milliards FCFA. Et pour apporter une solution durable \u00e0 la congestion routi\u00e8re dans la capitale, l\u2019\u00c9tat du S\u00e9n\u00e9gal mise sur le projet de \u00ab Bus rapides sur voies r\u00e9serv\u00e9es \u00bb, encore appel\u00e9 \u00ab Bus Rapid Transit \u00bb (BRT). Un projet qui va permettre de relier sur 18,3 km la Pr\u00e9fecture de Gu\u00e9diawaye \u00e0 la Gare routi\u00e8re de Petersen, le BRT acheminera jusqu\u2019\u00e0 300 000 voyageurs par jour. <br><br>Pour rappel, s\u2019agissant du Train Express R\u00e9gional, le ministre renseigne que la seconde tranche est en cours de r\u00e9alisation. \u00ab\u00a0Nous aurons 22 trains qui vont circuler entre Dakar et AIBD\u00a0\u00bb, garantit-il.<br><br>  Mame Marie THIAM<br><\/p><div class=\"publi-paragraphe1\" style=\"margin-top: 10px;margin-bottom: 10px;margin-left: auto;margin-right: auto;text-align: center;\" id=\"publi-2614571066\"><div class=\"publi-adlabel\">Publicit\u00e9<\/div><script async src=\"\/\/pagead2.googlesyndication.com\/pagead\/js\/adsbygoogle.js?client=ca-pub-4089586018074219\" crossorigin=\"anonymous\"><\/script><ins class=\"adsbygoogle\" style=\"display:block;\" data-ad-client=\"ca-pub-4089586018074219\" \ndata-ad-slot=\"2087940154\" \ndata-ad-format=\"auto\"><\/ins>\n<script> \n(adsbygoogle = window.adsbygoogle || []).push({}); \n<\/script>\n<\/div>\n<div class=\"publi-apres-le-contenu\" style=\"margin-top: 10px;margin-bottom: 10px;margin-left: auto;margin-right: auto;text-align: center;\" id=\"publi-857322768\"><div class=\"publi-adlabel\">Publicit\u00e9<\/div><script async src=\"\/\/pagead2.googlesyndication.com\/pagead\/js\/adsbygoogle.js?client=ca-pub-4089586018074219\" crossorigin=\"anonymous\"><\/script><ins class=\"adsbygoogle\" style=\"display:block;\" data-ad-client=\"ca-pub-4089586018074219\" \ndata-ad-slot=\"2087940154\" \ndata-ad-format=\"auto\"><\/ins>\n<script> \n(adsbygoogle = window.adsbygoogle || []).push({}); \n<\/script>\n<\/div>","protected":false},"excerpt":{"rendered":"<p>les premi\u00e8res bus du bus rapide transit seront en exploitation \u00e0 partir du premier trimestre de l\u2019ann\u00e9e prochaine renseigne le ministre des infrastructure, des transports terrestres et du d\u00e9senclavement Mansour Faye. Ce dernier a \u00e9t\u00e9 Interpell\u00e9 sur la date de livraison du BRT, lors de la semaine de la mobilit\u00e9 durable et du climat(SMDC). Le beau fr\u00e8re du pr\u00e9sident informe que \u00ab les travaux avancent \u00e0 grands pas. En d\u00e9cembre 2022, les infrastructures et le syst\u00e8me seront livr\u00e9s. \u00bb Poursuivant, le ministre affirme que le projet est financ\u00e9 \u00e0 hauteur de 300 milliards FCFA. Et pour apporter une solution durable \u00e0 la congestion routi\u00e8re dans la capitale, l\u2019\u00c9tat du S\u00e9n\u00e9gal mise sur le projet de \u00ab Bus rapides sur voies r\u00e9serv\u00e9es \u00bb, encore appel\u00e9 \u00ab Bus Rapid Transit \u00bb (BRT). Un projet qui va permettre de relier sur 18,3 km la Pr\u00e9fecture de Gu\u00e9diawaye \u00e0 la Gare routi\u00e8re de Petersen, le BRT acheminera jusqu\u2019\u00e0 300 000 voyageurs par jour. Pour rappel, s\u2019agissant du Train Express R\u00e9gional, le ministre renseigne que la seconde tranche est en cours de r\u00e9alisation. \u00ab\u00a0Nous aurons 22 trains qui vont circuler entre Dakar et AIBD\u00a0\u00bb, garantit-il. Mame Marie THIAM<\/p>\n","protected":false},"author":1,"featured_media":3613,"comment_status":"open","ping_status":"open","sticky":false,"template":"","format":"standard","meta":{"_jetpack_memberships_contains_paid_content":false,"footnotes":""},"categories":[375,1,4],"tags":[1174,1172],"class_list":["post-3610","post","type-post","status-publish","format-standard","has-post-thumbnail","hentry","category-actualites","category-non-classe","category-societe","tag-mansour-faye","tag-travaux-brt","entry","has-media","owp-thumbs-layout-horizontal","owp-btn-normal","owp-tabs-layout-horizontal","has-no-thumbnails","has-product-nav"],"yoast_head":"<!-- This site is optimized with the Yoast SEO plugin v25.5 - https:\/\/yoast.com\/wordpress\/plugins\/seo\/ -->\n<title>La date de livraison du BRT r\u00e9v\u00e9l\u00e9 par Mansour Faye - LE PUBLIC<\/title>\n<meta name=\"robots\" content=\"index, follow, max-snippet:-1, max-image-preview:large, max-video-preview:-1\" \/>\n<link rel=\"canonical\" href=\"https:\/\/www.public.sn\/index.php\/2022\/10\/04\/la-date-de-livraison-du-brt-revele-par-mansour-faye\/\" \/>\n<meta property=\"og:locale\" content=\"fr_FR\" \/>\n<meta property=\"og:type\" content=\"article\" \/>\n<meta property=\"og:title\" content=\"La date de livraison du BRT r\u00e9v\u00e9l\u00e9 par Mansour Faye - LE PUBLIC\" \/>\n<meta property=\"og:description\" content=\"les premi\u00e8res bus du bus rapide transit seront en exploitation \u00e0 partir du premier trimestre de l\u2019ann\u00e9e prochaine renseigne le ministre des infrastructure, des transports terrestres et du d\u00e9senclavement Mansour Faye. Ce dernier a \u00e9t\u00e9 Interpell\u00e9 sur la date de livraison du BRT, lors de la semaine de la mobilit\u00e9 durable et du climat(SMDC). Le beau fr\u00e8re du pr\u00e9sident informe que \u00ab les travaux avancent \u00e0 grands pas. En d\u00e9cembre 2022, les infrastructures et le syst\u00e8me seront livr\u00e9s. \u00bb Poursuivant, le ministre affirme que le projet est financ\u00e9 \u00e0 hauteur de 300 milliards FCFA. Et pour apporter une solution durable \u00e0 la congestion routi\u00e8re dans la capitale, l\u2019\u00c9tat du S\u00e9n\u00e9gal mise sur le projet de \u00ab Bus rapides sur voies r\u00e9serv\u00e9es \u00bb, encore appel\u00e9 \u00ab Bus Rapid Transit \u00bb (BRT). Un projet qui va permettre de relier sur 18,3 km la Pr\u00e9fecture de Gu\u00e9diawaye \u00e0 la Gare routi\u00e8re de Petersen, le BRT acheminera jusqu\u2019\u00e0 300 000 voyageurs par jour. Pour rappel, s\u2019agissant du Train Express R\u00e9gional, le ministre renseigne que la seconde tranche est en cours de r\u00e9alisation. \u00ab\u00a0Nous aurons 22 trains qui vont circuler entre Dakar et AIBD\u00a0\u00bb, garantit-il. Mame Marie THIAM\" \/>\n<meta property=\"og:url\" content=\"https:\/\/www.public.sn\/index.php\/2022\/10\/04\/la-date-de-livraison-du-brt-revele-par-mansour-faye\/\" \/>\n<meta property=\"og:site_name\" content=\"LE PUBLIC\" \/>\n<meta property=\"article:published_time\" content=\"2022-10-04T17:30:51+00:00\" \/>\n<meta property=\"article:modified_time\" content=\"2022-10-04T17:30:53+00:00\" \/>\n<meta property=\"og:image\" content=\"https:\/\/www.public.sn\/wp-content\/uploads\/2022\/10\/brt.jpg\" \/>\n\t<meta property=\"og:image:width\" content=\"284\" \/>\n\t<meta property=\"og:image:height\" content=\"177\" \/>\n\t<meta property=\"og:image:type\" content=\"image\/jpeg\" \/>\n<meta name=\"author\" content=\"LA REDACTION\" \/>\n<meta name=\"twitter:card\" content=\"summary_large_image\" \/>\n<meta name=\"twitter:label1\" content=\"\u00c9crit par\" \/>\n\t<meta name=\"twitter:data1\" content=\"LA REDACTION\" \/>\n\t<meta name=\"twitter:label2\" content=\"Dur\u00e9e de lecture estim\u00e9e\" \/>\n\t<meta name=\"twitter:data2\" content=\"1 minute\" \/>\n<script type=\"application\/ld+json\" class=\"yoast-schema-graph\">{\"@context\":\"https:\/\/schema.org\",\"@graph\":[{\"@type\":\"Article\",\"@id\":\"https:\/\/www.public.sn\/index.php\/2022\/10\/04\/la-date-de-livraison-du-brt-revele-par-mansour-faye\/#article\",\"isPartOf\":{\"@id\":\"https:\/\/www.public.sn\/index.php\/2022\/10\/04\/la-date-de-livraison-du-brt-revele-par-mansour-faye\/\"},\"author\":{\"name\":\"LA REDACTION\",\"@id\":\"https:\/\/www.public.sn\/#\/schema\/person\/e3f4a11b037d4203902db148f9bc8d5a\"},\"headline\":\"La date de livraison du BRT r\u00e9v\u00e9l\u00e9 par Mansour Faye\",\"datePublished\":\"2022-10-04T17:30:51+00:00\",\"dateModified\":\"2022-10-04T17:30:53+00:00\",\"mainEntityOfPage\":{\"@id\":\"https:\/\/www.public.sn\/index.php\/2022\/10\/04\/la-date-de-livraison-du-brt-revele-par-mansour-faye\/\"},\"wordCount\":210,\"commentCount\":0,\"publisher\":{\"@id\":\"https:\/\/www.public.sn\/#organization\"},\"image\":{\"@id\":\"https:\/\/www.public.sn\/index.php\/2022\/10\/04\/la-date-de-livraison-du-brt-revele-par-mansour-faye\/#primaryimage\"},\"thumbnailUrl\":\"https:\/\/www.public.sn\/wp-content\/uploads\/2022\/10\/brt.jpg\",\"keywords\":[\"mansour faye\",\"travaux BRT\"],\"articleSection\":[\"ACTUALIT\u00c9S\",\"S\u00c9N\u00c9GAL\",\"SOCIETE\"],\"inLanguage\":\"fr-FR\",\"potentialAction\":[{\"@type\":\"CommentAction\",\"name\":\"Comment\",\"target\":[\"https:\/\/www.public.sn\/index.php\/2022\/10\/04\/la-date-de-livraison-du-brt-revele-par-mansour-faye\/#respond\"]}]},{\"@type\":\"WebPage\",\"@id\":\"https:\/\/www.public.sn\/index.php\/2022\/10\/04\/la-date-de-livraison-du-brt-revele-par-mansour-faye\/\",\"url\":\"https:\/\/www.public.sn\/index.php\/2022\/10\/04\/la-date-de-livraison-du-brt-revele-par-mansour-faye\/\",\"name\":\"La date de livraison du BRT r\u00e9v\u00e9l\u00e9 par Mansour Faye - LE PUBLIC\",\"isPartOf\":{\"@id\":\"https:\/\/www.public.sn\/#website\"},\"primaryImageOfPage\":{\"@id\":\"https:\/\/www.public.sn\/index.php\/2022\/10\/04\/la-date-de-livraison-du-brt-revele-par-mansour-faye\/#primaryimage\"},\"image\":{\"@id\":\"https:\/\/www.public.sn\/index.php\/2022\/10\/04\/la-date-de-livraison-du-brt-revele-par-mansour-faye\/#primaryimage\"},\"thumbnailUrl\":\"https:\/\/www.public.sn\/wp-content\/uploads\/2022\/10\/brt.jpg\",\"datePublished\":\"2022-10-04T17:30:51+00:00\",\"dateModified\":\"2022-10-04T17:30:53+00:00\",\"breadcrumb\":{\"@id\":\"https:\/\/www.public.sn\/index.php\/2022\/10\/04\/la-date-de-livraison-du-brt-revele-par-mansour-faye\/#breadcrumb\"},\"inLanguage\":\"fr-FR\",\"potentialAction\":[{\"@type\":\"ReadAction\",\"target\":[\"https:\/\/www.public.sn\/index.php\/2022\/10\/04\/la-date-de-livraison-du-brt-revele-par-mansour-faye\/\"]}]},{\"@type\":\"ImageObject\",\"inLanguage\":\"fr-FR\",\"@id\":\"https:\/\/www.public.sn\/index.php\/2022\/10\/04\/la-date-de-livraison-du-brt-revele-par-mansour-faye\/#primaryimage\",\"url\":\"https:\/\/www.public.sn\/wp-content\/uploads\/2022\/10\/brt.jpg\",\"contentUrl\":\"https:\/\/www.public.sn\/wp-content\/uploads\/2022\/10\/brt.jpg\",\"width\":284,\"height\":177},{\"@type\":\"BreadcrumbList\",\"@id\":\"https:\/\/www.public.sn\/index.php\/2022\/10\/04\/la-date-de-livraison-du-brt-revele-par-mansour-faye\/#breadcrumb\",\"itemListElement\":[{\"@type\":\"ListItem\",\"position\":1,\"name\":\"Accueil\",\"item\":\"https:\/\/www.public.sn\/\"},{\"@type\":\"ListItem\",\"position\":2,\"name\":\"La date de livraison du BRT r\u00e9v\u00e9l\u00e9 par Mansour Faye\"}]},{\"@type\":\"WebSite\",\"@id\":\"https:\/\/www.public.sn\/#website\",\"url\":\"https:\/\/www.public.sn\/\",\"name\":\"LE PUBLIC\",\"description\":\"\",\"publisher\":{\"@id\":\"https:\/\/www.public.sn\/#organization\"},\"potentialAction\":[{\"@type\":\"SearchAction\",\"target\":{\"@type\":\"EntryPoint\",\"urlTemplate\":\"https:\/\/www.public.sn\/?s={search_term_string}\"},\"query-input\":{\"@type\":\"PropertyValueSpecification\",\"valueRequired\":true,\"valueName\":\"search_term_string\"}}],\"inLanguage\":\"fr-FR\"},{\"@type\":\"Organization\",\"@id\":\"https:\/\/www.public.sn\/#organization\",\"name\":\"LE PUBLIC\",\"url\":\"https:\/\/www.public.sn\/\",\"logo\":{\"@type\":\"ImageObject\",\"inLanguage\":\"fr-FR\",\"@id\":\"https:\/\/www.public.sn\/#\/schema\/logo\/image\/\",\"url\":\"https:\/\/www.public.sn\/wp-content\/uploads\/2024\/05\/cropped-LOGO-PUBLIC.SN_.png\",\"contentUrl\":\"https:\/\/www.public.sn\/wp-content\/uploads\/2024\/05\/cropped-LOGO-PUBLIC.SN_.png\",\"width\":682,\"height\":192,\"caption\":\"LE PUBLIC\"},\"image\":{\"@id\":\"https:\/\/www.public.sn\/#\/schema\/logo\/image\/\"}},{\"@type\":\"Person\",\"@id\":\"https:\/\/www.public.sn\/#\/schema\/person\/e3f4a11b037d4203902db148f9bc8d5a\",\"name\":\"LA REDACTION\",\"image\":{\"@type\":\"ImageObject\",\"inLanguage\":\"fr-FR\",\"@id\":\"https:\/\/www.public.sn\/#\/schema\/person\/image\/\",\"url\":\"https:\/\/secure.gravatar.com\/avatar\/d6c030db45db2883c075085c5d6c6258654a801a93766b49af0b82d4f454e2a5?s=96&d=mm&r=g\",\"contentUrl\":\"https:\/\/secure.gravatar.com\/avatar\/d6c030db45db2883c075085c5d6c6258654a801a93766b49af0b82d4f454e2a5?s=96&d=mm&r=g\",\"caption\":\"LA REDACTION\"},\"sameAs\":[\"http:\/\/www.public.sn\"],\"url\":\"https:\/\/www.public.sn\/index.php\/author\/admin7324\/\"}]}<\/script>\n<!-- \/ Yoast SEO plugin. -->","yoast_head_json":{"title":"La date de livraison du BRT r\u00e9v\u00e9l\u00e9 par Mansour Faye - LE PUBLIC","robots":{"index":"index","follow":"follow","max-snippet":"max-snippet:-1","max-image-preview":"max-image-preview:large","max-video-preview":"max-video-preview:-1"},"canonical":"https:\/\/www.public.sn\/index.php\/2022\/10\/04\/la-date-de-livraison-du-brt-revele-par-mansour-faye\/","og_locale":"fr_FR","og_type":"article","og_title":"La date de livraison du BRT r\u00e9v\u00e9l\u00e9 par Mansour Faye - LE PUBLIC","og_description":"les premi\u00e8res bus du bus rapide transit seront en exploitation \u00e0 partir du premier trimestre de l\u2019ann\u00e9e prochaine renseigne le ministre des infrastructure, des transports terrestres et du d\u00e9senclavement Mansour Faye. Ce dernier a \u00e9t\u00e9 Interpell\u00e9 sur la date de livraison du BRT, lors de la semaine de la mobilit\u00e9 durable et du climat(SMDC). Le beau fr\u00e8re du pr\u00e9sident informe que \u00ab les travaux avancent \u00e0 grands pas. En d\u00e9cembre 2022, les infrastructures et le syst\u00e8me seront livr\u00e9s. \u00bb Poursuivant, le ministre affirme que le projet est financ\u00e9 \u00e0 hauteur de 300 milliards FCFA. Et pour apporter une solution durable \u00e0 la congestion routi\u00e8re dans la capitale, l\u2019\u00c9tat du S\u00e9n\u00e9gal mise sur le projet de \u00ab Bus rapides sur voies r\u00e9serv\u00e9es \u00bb, encore appel\u00e9 \u00ab Bus Rapid Transit \u00bb (BRT). Un projet qui va permettre de relier sur 18,3 km la Pr\u00e9fecture de Gu\u00e9diawaye \u00e0 la Gare routi\u00e8re de Petersen, le BRT acheminera jusqu\u2019\u00e0 300 000 voyageurs par jour. Pour rappel, s\u2019agissant du Train Express R\u00e9gional, le ministre renseigne que la seconde tranche est en cours de r\u00e9alisation. \u00ab\u00a0Nous aurons 22 trains qui vont circuler entre Dakar et AIBD\u00a0\u00bb, garantit-il. Mame Marie THIAM","og_url":"https:\/\/www.public.sn\/index.php\/2022\/10\/04\/la-date-de-livraison-du-brt-revele-par-mansour-faye\/","og_site_name":"LE PUBLIC","article_published_time":"2022-10-04T17:30:51+00:00","article_modified_time":"2022-10-04T17:30:53+00:00","og_image":[{"width":284,"height":177,"url":"https:\/\/www.public.sn\/wp-content\/uploads\/2022\/10\/brt.jpg","type":"image\/jpeg"}],"author":"LA REDACTION","twitter_card":"summary_large_image","twitter_misc":{"\u00c9crit par":"LA REDACTION","Dur\u00e9e de lecture estim\u00e9e":"1 minute"},"schema":{"@context":"https:\/\/schema.org","@graph":[{"@type":"Article","@id":"https:\/\/www.public.sn\/index.php\/2022\/10\/04\/la-date-de-livraison-du-brt-revele-par-mansour-faye\/#article","isPartOf":{"@id":"https:\/\/www.public.sn\/index.php\/2022\/10\/04\/la-date-de-livraison-du-brt-revele-par-mansour-faye\/"},"author":{"name":"LA REDACTION","@id":"https:\/\/www.public.sn\/#\/schema\/person\/e3f4a11b037d4203902db148f9bc8d5a"},"headline":"La date de livraison du BRT r\u00e9v\u00e9l\u00e9 par Mansour Faye","datePublished":"2022-10-04T17:30:51+00:00","dateModified":"2022-10-04T17:30:53+00:00","mainEntityOfPage":{"@id":"https:\/\/www.public.sn\/index.php\/2022\/10\/04\/la-date-de-livraison-du-brt-revele-par-mansour-faye\/"},"wordCount":210,"commentCount":0,"publisher":{"@id":"https:\/\/www.public.sn\/#organization"},"image":{"@id":"https:\/\/www.public.sn\/index.php\/2022\/10\/04\/la-date-de-livraison-du-brt-revele-par-mansour-faye\/#primaryimage"},"thumbnailUrl":"https:\/\/www.public.sn\/wp-content\/uploads\/2022\/10\/brt.jpg","keywords":["mansour faye","travaux BRT"],"articleSection":["ACTUALIT\u00c9S","S\u00c9N\u00c9GAL","SOCIETE"],"inLanguage":"fr-FR","potentialAction":[{"@type":"CommentAction","name":"Comment","target":["https:\/\/www.public.sn\/index.php\/2022\/10\/04\/la-date-de-livraison-du-brt-revele-par-mansour-faye\/#respond"]}]},{"@type":"WebPage","@id":"https:\/\/www.public.sn\/index.php\/2022\/10\/04\/la-date-de-livraison-du-brt-revele-par-mansour-faye\/","url":"https:\/\/www.public.sn\/index.php\/2022\/10\/04\/la-date-de-livraison-du-brt-revele-par-mansour-faye\/","name":"La date de livraison du BRT r\u00e9v\u00e9l\u00e9 par Mansour Faye - LE PUBLIC","isPartOf":{"@id":"https:\/\/www.public.sn\/#website"},"primaryImageOfPage":{"@id":"https:\/\/www.public.sn\/index.php\/2022\/10\/04\/la-date-de-livraison-du-brt-revele-par-mansour-faye\/#primaryimage"},"image":{"@id":"https:\/\/www.public.sn\/index.php\/2022\/10\/04\/la-date-de-livraison-du-brt-revele-par-mansour-faye\/#primaryimage"},"thumbnailUrl":"https:\/\/www.public.sn\/wp-content\/uploads\/2022\/10\/brt.jpg","datePublished":"2022-10-04T17:30:51+00:00","dateModified":"2022-10-04T17:30:53+00:00","breadcrumb":{"@id":"https:\/\/www.public.sn\/index.php\/2022\/10\/04\/la-date-de-livraison-du-brt-revele-par-mansour-faye\/#breadcrumb"},"inLanguage":"fr-FR","potentialAction":[{"@type":"ReadAction","target":["https:\/\/www.public.sn\/index.php\/2022\/10\/04\/la-date-de-livraison-du-brt-revele-par-mansour-faye\/"]}]},{"@type":"ImageObject","inLanguage":"fr-FR","@id":"https:\/\/www.public.sn\/index.php\/2022\/10\/04\/la-date-de-livraison-du-brt-revele-par-mansour-faye\/#primaryimage","url":"https:\/\/www.public.sn\/wp-content\/uploads\/2022\/10\/brt.jpg","contentUrl":"https:\/\/www.public.sn\/wp-content\/uploads\/2022\/10\/brt.jpg","width":284,"height":177},{"@type":"BreadcrumbList","@id":"https:\/\/www.public.sn\/index.php\/2022\/10\/04\/la-date-de-livraison-du-brt-revele-par-mansour-faye\/#breadcrumb","itemListElement":[{"@type":"ListItem","position":1,"name":"Accueil","item":"https:\/\/www.public.sn\/"},{"@type":"ListItem","position":2,"name":"La date de livraison du BRT r\u00e9v\u00e9l\u00e9 par Mansour Faye"}]},{"@type":"WebSite","@id":"https:\/\/www.public.sn\/#website","url":"https:\/\/www.public.sn\/","name":"LE PUBLIC","description":"","publisher":{"@id":"https:\/\/www.public.sn\/#organization"},"potentialAction":[{"@type":"SearchAction","target":{"@type":"EntryPoint","urlTemplate":"https:\/\/www.public.sn\/?s={search_term_string}"},"query-input":{"@type":"PropertyValueSpecification","valueRequired":true,"valueName":"search_term_string"}}],"inLanguage":"fr-FR"},{"@type":"Organization","@id":"https:\/\/www.public.sn\/#organization","name":"LE PUBLIC","url":"https:\/\/www.public.sn\/","logo":{"@type":"ImageObject","inLanguage":"fr-FR","@id":"https:\/\/www.public.sn\/#\/schema\/logo\/image\/","url":"https:\/\/www.public.sn\/wp-content\/uploads\/2024\/05\/cropped-LOGO-PUBLIC.SN_.png","contentUrl":"https:\/\/www.public.sn\/wp-content\/uploads\/2024\/05\/cropped-LOGO-PUBLIC.SN_.png","width":682,"height":192,"caption":"LE PUBLIC"},"image":{"@id":"https:\/\/www.public.sn\/#\/schema\/logo\/image\/"}},{"@type":"Person","@id":"https:\/\/www.public.sn\/#\/schema\/person\/e3f4a11b037d4203902db148f9bc8d5a","name":"LA REDACTION","image":{"@type":"ImageObject","inLanguage":"fr-FR","@id":"https:\/\/www.public.sn\/#\/schema\/person\/image\/","url":"https:\/\/secure.gravatar.com\/avatar\/d6c030db45db2883c075085c5d6c6258654a801a93766b49af0b82d4f454e2a5?s=96&d=mm&r=g","contentUrl":"https:\/\/secure.gravatar.com\/avatar\/d6c030db45db2883c075085c5d6c6258654a801a93766b49af0b82d4f454e2a5?s=96&d=mm&r=g","caption":"LA REDACTION"},"sameAs":["http:\/\/www.public.sn"],"url":"https:\/\/www.public.sn\/index.php\/author\/admin7324\/"}]}},"jetpack_featured_media_url":"https:\/\/www.public.sn\/wp-content\/uploads\/2022\/10\/brt.jpg","jetpack_sharing_enabled":true,"_links":{"self":[{"href":"https:\/\/www.public.sn\/index.php\/wp-json\/wp\/v2\/posts\/3610","targetHints":{"allow":["GET"]}}],"collection":[{"href":"https:\/\/www.public.sn\/index.php\/wp-json\/wp\/v2\/posts"}],"about":[{"href":"https:\/\/www.public.sn\/index.php\/wp-json\/wp\/v2\/types\/post"}],"author":[{"embeddable":true,"href":"https:\/\/www.public.sn\/index.php\/wp-json\/wp\/v2\/users\/1"}],"replies":[{"embeddable":true,"href":"https:\/\/www.public.sn\/index.php\/wp-json\/wp\/v2\/comments?post=3610"}],"version-history":[{"count":3,"href":"https:\/\/www.public.sn\/index.php\/wp-json\/wp\/v2\/posts\/3610\/revisions"}],"predecessor-version":[{"id":3708,"href":"https:\/\/www.public.sn\/index.php\/wp-json\/wp\/v2\/posts\/3610\/revisions\/3708"}],"wp:featuredmedia":[{"embeddable":true,"href":"https:\/\/www.public.sn\/index.php\/wp-json\/wp\/v2\/media\/3613"}],"wp:attachment":[{"href":"https:\/\/www.public.sn\/index.php\/wp-json\/wp\/v2\/media?parent=3610"}],"wp:term":[{"taxonomy":"category","embeddable":true,"href":"https:\/\/www.public.sn\/index.php\/wp-json\/wp\/v2\/categories?post=3610"},{"taxonomy":"post_tag","embeddable":true,"href":"https:\/\/www.public.sn\/index.php\/wp-json\/wp\/v2\/tags?post=3610"}],"curies":[{"name":"wp","href":"https:\/\/api.w.org\/{rel}","templated":true}]}}