{"id":3645,"date":"2022-10-05T11:50:37","date_gmt":"2022-10-05T11:50:37","guid":{"rendered":"https:\/\/www.public.sn\/?p=3645"},"modified":"2022-10-05T18:12:58","modified_gmt":"2022-10-05T18:12:58","slug":"drame-a-pire-une-macon-tue-par-la-population","status":"publish","type":"post","link":"https:\/\/www.public.sn\/index.php\/2022\/10\/05\/drame-a-pire-une-macon-tue-par-la-population\/","title":{"rendered":"Drame \u00e0 PIRE : Un ma\u00e7on tu\u00e9 par la population."},"content":{"rendered":"\n<p>Le village de Ndi\u00e9ye a v\u00e9cu l&rsquo;horreur ce 4 Octobre. Situ\u00e9 sans la commune de Pire Gour\u00e9ye, Ndi\u00e9ye est pourtant un village calme avec des populations tr\u00e8s sereins. mais ce jour c&rsquo;est comme si le d\u00e9mon avait r\u00e9veill\u00e9 ses fid\u00e8les. Bassirou Mbaye dit Bass entretenait des relations tr\u00e8s heurt\u00e9es avec une bonne partie de la population quant \u00e0 un projet de construction de la mosqu\u00e9e du village, il s&rsquo;investissait \u00e0 fond avec sa prog\u00e9niture lorsque l&rsquo;interdiction de poursuivre les travaux lui furent notifi\u00e9e.<\/p><div class=\"publi-paragraphe1\" style=\"margin-top: 10px;margin-bottom: 10px;margin-left: auto;margin-right: auto;text-align: center;\" id=\"publi-1362477350\"><div class=\"publi-adlabel\">Publicit\u00e9<\/div><script async src=\"\/\/pagead2.googlesyndication.com\/pagead\/js\/adsbygoogle.js?client=ca-pub-4089586018074219\" crossorigin=\"anonymous\"><\/script><ins class=\"adsbygoogle\" style=\"display:block;\" data-ad-client=\"ca-pub-4089586018074219\" \ndata-ad-slot=\"2087940154\" \ndata-ad-format=\"auto\"><\/ins>\n<script> \n(adsbygoogle = window.adsbygoogle || []).push({}); \n<\/script>\n<\/div>\n\n\n\n<p>Ma\u00e7on de son \u00e9tat il d\u00e9cide alors sue sa parcelle d&rsquo;y construire une \u00e9cole et une autre&#8230;mosqu\u00e9e. Une initiative que les populations ne semblent pas accepter. il re\u00e7u des menace mais n&rsquo;y fit pas attention jusqu&rsquo;\u00e0 ce que la population mette en ex\u00e9cution ses menaces. Il fut attaqu\u00e9 sans sa maison avec des armes blanches et des pelles jusqu&rsquo;\u00e0 ce qui se r\u00e9fugie chez son grand fr\u00e8re. E c&rsquo;est l\u00e0 que l&rsquo;irr\u00e9parable se produit, il rendit l&rsquo;\u00e2me. Des indiscr\u00e9tions avancent qu&rsquo;on lui reproche d&rsquo;avoir subtilis\u00e9 des portes et des fen\u00eatres de la mosqu\u00e9e. A l&rsquo;h\u00f4pital Mame Abdou Aziz Sy le medecin fait le constat d&rsquo;usage. Pour l&rsquo;instant une dizaine de personne ont \u00e9t\u00e9 arr\u00eat\u00e9es dont le chef de village  T. Dieye.<\/p>\n\n\n\n<figure class=\"wp-block-gallery has-nested-images columns-default is-cropped wp-block-gallery-1 is-layout-flex wp-block-gallery-is-layout-flex\"><\/figure>\n<div class=\"publi-apres-le-contenu\" style=\"margin-top: 10px;margin-bottom: 10px;margin-left: auto;margin-right: auto;text-align: center;\" id=\"publi-3891710724\"><div class=\"publi-adlabel\">Publicit\u00e9<\/div><script async src=\"\/\/pagead2.googlesyndication.com\/pagead\/js\/adsbygoogle.js?client=ca-pub-4089586018074219\" crossorigin=\"anonymous\"><\/script><ins class=\"adsbygoogle\" style=\"display:block;\" data-ad-client=\"ca-pub-4089586018074219\" \ndata-ad-slot=\"2087940154\" \ndata-ad-format=\"auto\"><\/ins>\n<script> \n(adsbygoogle = window.adsbygoogle || []).push({}); \n<\/script>\n<\/div>","protected":false},"excerpt":{"rendered":"<p>Le village de Ndi\u00e9ye a v\u00e9cu l&rsquo;horreur ce 4 Octobre. Situ\u00e9 sans la commune de Pire Gour\u00e9ye, Ndi\u00e9ye est pourtant un village calme avec des populations tr\u00e8s sereins. mais ce jour c&rsquo;est comme si le d\u00e9mon avait r\u00e9veill\u00e9 ses fid\u00e8les. Bassirou Mbaye dit Bass entretenait des relations tr\u00e8s heurt\u00e9es avec une bonne partie de la population quant \u00e0 un projet de construction de la mosqu\u00e9e du village, il s&rsquo;investissait \u00e0 fond avec sa prog\u00e9niture lorsque l&rsquo;interdiction de poursuivre les travaux lui furent notifi\u00e9e. Ma\u00e7on de son \u00e9tat il d\u00e9cide alors sue sa parcelle d&rsquo;y construire une \u00e9cole et une autre&#8230;mosqu\u00e9e. Une initiative que les populations ne semblent pas accepter. il re\u00e7u des menace mais n&rsquo;y fit pas attention jusqu&rsquo;\u00e0 ce que la population mette en ex\u00e9cution ses menaces. Il fut attaqu\u00e9 sans sa maison avec des armes blanches et des pelles jusqu&rsquo;\u00e0 ce qui se r\u00e9fugie chez son grand fr\u00e8re. E c&rsquo;est l\u00e0 que l&rsquo;irr\u00e9parable se produit, il rendit l&rsquo;\u00e2me. Des indiscr\u00e9tions avancent qu&rsquo;on lui reproche d&rsquo;avoir subtilis\u00e9 des portes et des fen\u00eatres de la mosqu\u00e9e. A l&rsquo;h\u00f4pital Mame Abdou Aziz Sy le medecin fait le constat d&rsquo;usage. Pour l&rsquo;instant une dizaine de personne ont \u00e9t\u00e9 arr\u00eat\u00e9es dont le chef de village T. Dieye.<\/p>\n","protected":false},"author":1,"featured_media":3650,"comment_status":"open","ping_status":"open","sticky":false,"template":"","format":"standard","meta":{"_jetpack_memberships_contains_paid_content":false,"footnotes":""},"categories":[375,1,4],"tags":[444,1190,1189,1188],"class_list":["post-3645","post","type-post","status-publish","format-standard","has-post-thumbnail","hentry","category-actualites","category-non-classe","category-societe","tag-drame","tag-macon-tue","tag-ndieye","tag-pire","entry","has-media","owp-thumbs-layout-horizontal","owp-btn-normal","owp-tabs-layout-horizontal","has-no-thumbnails","has-product-nav"],"yoast_head":"<!-- This site is optimized with the Yoast SEO plugin v25.5 - https:\/\/yoast.com\/wordpress\/plugins\/seo\/ -->\n<title>Drame \u00e0 PIRE : Un ma\u00e7on tu\u00e9 par la population. - LE PUBLIC<\/title>\n<meta name=\"robots\" content=\"index, follow, max-snippet:-1, max-image-preview:large, max-video-preview:-1\" \/>\n<link rel=\"canonical\" href=\"https:\/\/www.public.sn\/index.php\/2022\/10\/05\/drame-a-pire-une-macon-tue-par-la-population\/\" \/>\n<meta property=\"og:locale\" content=\"fr_FR\" \/>\n<meta property=\"og:type\" content=\"article\" \/>\n<meta property=\"og:title\" content=\"Drame \u00e0 PIRE : Un ma\u00e7on tu\u00e9 par la population. - LE PUBLIC\" \/>\n<meta property=\"og:description\" content=\"Le village de Ndi\u00e9ye a v\u00e9cu l&rsquo;horreur ce 4 Octobre. Situ\u00e9 sans la commune de Pire Gour\u00e9ye, Ndi\u00e9ye est pourtant un village calme avec des populations tr\u00e8s sereins. mais ce jour c&rsquo;est comme si le d\u00e9mon avait r\u00e9veill\u00e9 ses fid\u00e8les. Bassirou Mbaye dit Bass entretenait des relations tr\u00e8s heurt\u00e9es avec une bonne partie de la population quant \u00e0 un projet de construction de la mosqu\u00e9e du village, il s&rsquo;investissait \u00e0 fond avec sa prog\u00e9niture lorsque l&rsquo;interdiction de poursuivre les travaux lui furent notifi\u00e9e. Ma\u00e7on de son \u00e9tat il d\u00e9cide alors sue sa parcelle d&rsquo;y construire une \u00e9cole et une autre&#8230;mosqu\u00e9e. Une initiative que les populations ne semblent pas accepter. il re\u00e7u des menace mais n&rsquo;y fit pas attention jusqu&rsquo;\u00e0 ce que la population mette en ex\u00e9cution ses menaces. Il fut attaqu\u00e9 sans sa maison avec des armes blanches et des pelles jusqu&rsquo;\u00e0 ce qui se r\u00e9fugie chez son grand fr\u00e8re. E c&rsquo;est l\u00e0 que l&rsquo;irr\u00e9parable se produit, il rendit l&rsquo;\u00e2me. Des indiscr\u00e9tions avancent qu&rsquo;on lui reproche d&rsquo;avoir subtilis\u00e9 des portes et des fen\u00eatres de la mosqu\u00e9e. A l&rsquo;h\u00f4pital Mame Abdou Aziz Sy le medecin fait le constat d&rsquo;usage. Pour l&rsquo;instant une dizaine de personne ont \u00e9t\u00e9 arr\u00eat\u00e9es dont le chef de village T. Dieye.\" \/>\n<meta property=\"og:url\" content=\"https:\/\/www.public.sn\/index.php\/2022\/10\/05\/drame-a-pire-une-macon-tue-par-la-population\/\" \/>\n<meta property=\"og:site_name\" content=\"LE PUBLIC\" \/>\n<meta property=\"article:published_time\" content=\"2022-10-05T11:50:37+00:00\" \/>\n<meta property=\"article:modified_time\" content=\"2022-10-05T18:12:58+00:00\" \/>\n<meta property=\"og:image\" content=\"https:\/\/www.public.sn\/wp-content\/uploads\/2022\/10\/ndieye.jpg\" \/>\n\t<meta property=\"og:image:width\" content=\"678\" \/>\n\t<meta property=\"og:image:height\" content=\"381\" \/>\n\t<meta property=\"og:image:type\" content=\"image\/jpeg\" \/>\n<meta name=\"author\" content=\"LA REDACTION\" \/>\n<meta name=\"twitter:card\" content=\"summary_large_image\" \/>\n<meta name=\"twitter:label1\" content=\"\u00c9crit par\" \/>\n\t<meta name=\"twitter:data1\" content=\"LA REDACTION\" \/>\n\t<meta name=\"twitter:label2\" content=\"Dur\u00e9e de lecture estim\u00e9e\" \/>\n\t<meta name=\"twitter:data2\" content=\"2 minutes\" \/>\n<script type=\"application\/ld+json\" class=\"yoast-schema-graph\">{\"@context\":\"https:\/\/schema.org\",\"@graph\":[{\"@type\":\"Article\",\"@id\":\"https:\/\/www.public.sn\/index.php\/2022\/10\/05\/drame-a-pire-une-macon-tue-par-la-population\/#article\",\"isPartOf\":{\"@id\":\"https:\/\/www.public.sn\/index.php\/2022\/10\/05\/drame-a-pire-une-macon-tue-par-la-population\/\"},\"author\":{\"name\":\"LA REDACTION\",\"@id\":\"https:\/\/www.public.sn\/#\/schema\/person\/e3f4a11b037d4203902db148f9bc8d5a\"},\"headline\":\"Drame \u00e0 PIRE : Un ma\u00e7on tu\u00e9 par la population.\",\"datePublished\":\"2022-10-05T11:50:37+00:00\",\"dateModified\":\"2022-10-05T18:12:58+00:00\",\"mainEntityOfPage\":{\"@id\":\"https:\/\/www.public.sn\/index.php\/2022\/10\/05\/drame-a-pire-une-macon-tue-par-la-population\/\"},\"wordCount\":239,\"commentCount\":0,\"publisher\":{\"@id\":\"https:\/\/www.public.sn\/#organization\"},\"image\":{\"@id\":\"https:\/\/www.public.sn\/index.php\/2022\/10\/05\/drame-a-pire-une-macon-tue-par-la-population\/#primaryimage\"},\"thumbnailUrl\":\"https:\/\/www.public.sn\/wp-content\/uploads\/2022\/10\/ndieye.jpg\",\"keywords\":[\"Drame\",\"macon tue\",\"ndieye\",\"pire\"],\"articleSection\":[\"ACTUALIT\u00c9S\",\"S\u00c9N\u00c9GAL\",\"SOCIETE\"],\"inLanguage\":\"fr-FR\",\"potentialAction\":[{\"@type\":\"CommentAction\",\"name\":\"Comment\",\"target\":[\"https:\/\/www.public.sn\/index.php\/2022\/10\/05\/drame-a-pire-une-macon-tue-par-la-population\/#respond\"]}]},{\"@type\":\"WebPage\",\"@id\":\"https:\/\/www.public.sn\/index.php\/2022\/10\/05\/drame-a-pire-une-macon-tue-par-la-population\/\",\"url\":\"https:\/\/www.public.sn\/index.php\/2022\/10\/05\/drame-a-pire-une-macon-tue-par-la-population\/\",\"name\":\"Drame \u00e0 PIRE : Un ma\u00e7on tu\u00e9 par la population. - LE PUBLIC\",\"isPartOf\":{\"@id\":\"https:\/\/www.public.sn\/#website\"},\"primaryImageOfPage\":{\"@id\":\"https:\/\/www.public.sn\/index.php\/2022\/10\/05\/drame-a-pire-une-macon-tue-par-la-population\/#primaryimage\"},\"image\":{\"@id\":\"https:\/\/www.public.sn\/index.php\/2022\/10\/05\/drame-a-pire-une-macon-tue-par-la-population\/#primaryimage\"},\"thumbnailUrl\":\"https:\/\/www.public.sn\/wp-content\/uploads\/2022\/10\/ndieye.jpg\",\"datePublished\":\"2022-10-05T11:50:37+00:00\",\"dateModified\":\"2022-10-05T18:12:58+00:00\",\"breadcrumb\":{\"@id\":\"https:\/\/www.public.sn\/index.php\/2022\/10\/05\/drame-a-pire-une-macon-tue-par-la-population\/#breadcrumb\"},\"inLanguage\":\"fr-FR\",\"potentialAction\":[{\"@type\":\"ReadAction\",\"target\":[\"https:\/\/www.public.sn\/index.php\/2022\/10\/05\/drame-a-pire-une-macon-tue-par-la-population\/\"]}]},{\"@type\":\"ImageObject\",\"inLanguage\":\"fr-FR\",\"@id\":\"https:\/\/www.public.sn\/index.php\/2022\/10\/05\/drame-a-pire-une-macon-tue-par-la-population\/#primaryimage\",\"url\":\"https:\/\/www.public.sn\/wp-content\/uploads\/2022\/10\/ndieye.jpg\",\"contentUrl\":\"https:\/\/www.public.sn\/wp-content\/uploads\/2022\/10\/ndieye.jpg\",\"width\":678,\"height\":381},{\"@type\":\"BreadcrumbList\",\"@id\":\"https:\/\/www.public.sn\/index.php\/2022\/10\/05\/drame-a-pire-une-macon-tue-par-la-population\/#breadcrumb\",\"itemListElement\":[{\"@type\":\"ListItem\",\"position\":1,\"name\":\"Accueil\",\"item\":\"https:\/\/www.public.sn\/\"},{\"@type\":\"ListItem\",\"position\":2,\"name\":\"Drame \u00e0 PIRE : Un ma\u00e7on tu\u00e9 par la population.\"}]},{\"@type\":\"WebSite\",\"@id\":\"https:\/\/www.public.sn\/#website\",\"url\":\"https:\/\/www.public.sn\/\",\"name\":\"LE PUBLIC\",\"description\":\"\",\"publisher\":{\"@id\":\"https:\/\/www.public.sn\/#organization\"},\"potentialAction\":[{\"@type\":\"SearchAction\",\"target\":{\"@type\":\"EntryPoint\",\"urlTemplate\":\"https:\/\/www.public.sn\/?s={search_term_string}\"},\"query-input\":{\"@type\":\"PropertyValueSpecification\",\"valueRequired\":true,\"valueName\":\"search_term_string\"}}],\"inLanguage\":\"fr-FR\"},{\"@type\":\"Organization\",\"@id\":\"https:\/\/www.public.sn\/#organization\",\"name\":\"LE PUBLIC\",\"url\":\"https:\/\/www.public.sn\/\",\"logo\":{\"@type\":\"ImageObject\",\"inLanguage\":\"fr-FR\",\"@id\":\"https:\/\/www.public.sn\/#\/schema\/logo\/image\/\",\"url\":\"https:\/\/www.public.sn\/wp-content\/uploads\/2024\/05\/cropped-LOGO-PUBLIC.SN_.png\",\"contentUrl\":\"https:\/\/www.public.sn\/wp-content\/uploads\/2024\/05\/cropped-LOGO-PUBLIC.SN_.png\",\"width\":682,\"height\":192,\"caption\":\"LE PUBLIC\"},\"image\":{\"@id\":\"https:\/\/www.public.sn\/#\/schema\/logo\/image\/\"}},{\"@type\":\"Person\",\"@id\":\"https:\/\/www.public.sn\/#\/schema\/person\/e3f4a11b037d4203902db148f9bc8d5a\",\"name\":\"LA REDACTION\",\"image\":{\"@type\":\"ImageObject\",\"inLanguage\":\"fr-FR\",\"@id\":\"https:\/\/www.public.sn\/#\/schema\/person\/image\/\",\"url\":\"https:\/\/secure.gravatar.com\/avatar\/d6c030db45db2883c075085c5d6c6258654a801a93766b49af0b82d4f454e2a5?s=96&d=mm&r=g\",\"contentUrl\":\"https:\/\/secure.gravatar.com\/avatar\/d6c030db45db2883c075085c5d6c6258654a801a93766b49af0b82d4f454e2a5?s=96&d=mm&r=g\",\"caption\":\"LA REDACTION\"},\"sameAs\":[\"http:\/\/www.public.sn\"],\"url\":\"https:\/\/www.public.sn\/index.php\/author\/admin7324\/\"}]}<\/script>\n<!-- \/ Yoast SEO plugin. -->","yoast_head_json":{"title":"Drame \u00e0 PIRE : Un ma\u00e7on tu\u00e9 par la population. - LE PUBLIC","robots":{"index":"index","follow":"follow","max-snippet":"max-snippet:-1","max-image-preview":"max-image-preview:large","max-video-preview":"max-video-preview:-1"},"canonical":"https:\/\/www.public.sn\/index.php\/2022\/10\/05\/drame-a-pire-une-macon-tue-par-la-population\/","og_locale":"fr_FR","og_type":"article","og_title":"Drame \u00e0 PIRE : Un ma\u00e7on tu\u00e9 par la population. - LE PUBLIC","og_description":"Le village de Ndi\u00e9ye a v\u00e9cu l&rsquo;horreur ce 4 Octobre. Situ\u00e9 sans la commune de Pire Gour\u00e9ye, Ndi\u00e9ye est pourtant un village calme avec des populations tr\u00e8s sereins. mais ce jour c&rsquo;est comme si le d\u00e9mon avait r\u00e9veill\u00e9 ses fid\u00e8les. Bassirou Mbaye dit Bass entretenait des relations tr\u00e8s heurt\u00e9es avec une bonne partie de la population quant \u00e0 un projet de construction de la mosqu\u00e9e du village, il s&rsquo;investissait \u00e0 fond avec sa prog\u00e9niture lorsque l&rsquo;interdiction de poursuivre les travaux lui furent notifi\u00e9e. Ma\u00e7on de son \u00e9tat il d\u00e9cide alors sue sa parcelle d&rsquo;y construire une \u00e9cole et une autre&#8230;mosqu\u00e9e. Une initiative que les populations ne semblent pas accepter. il re\u00e7u des menace mais n&rsquo;y fit pas attention jusqu&rsquo;\u00e0 ce que la population mette en ex\u00e9cution ses menaces. Il fut attaqu\u00e9 sans sa maison avec des armes blanches et des pelles jusqu&rsquo;\u00e0 ce qui se r\u00e9fugie chez son grand fr\u00e8re. E c&rsquo;est l\u00e0 que l&rsquo;irr\u00e9parable se produit, il rendit l&rsquo;\u00e2me. Des indiscr\u00e9tions avancent qu&rsquo;on lui reproche d&rsquo;avoir subtilis\u00e9 des portes et des fen\u00eatres de la mosqu\u00e9e. A l&rsquo;h\u00f4pital Mame Abdou Aziz Sy le medecin fait le constat d&rsquo;usage. Pour l&rsquo;instant une dizaine de personne ont \u00e9t\u00e9 arr\u00eat\u00e9es dont le chef de village T. Dieye.","og_url":"https:\/\/www.public.sn\/index.php\/2022\/10\/05\/drame-a-pire-une-macon-tue-par-la-population\/","og_site_name":"LE PUBLIC","article_published_time":"2022-10-05T11:50:37+00:00","article_modified_time":"2022-10-05T18:12:58+00:00","og_image":[{"width":678,"height":381,"url":"https:\/\/www.public.sn\/wp-content\/uploads\/2022\/10\/ndieye.jpg","type":"image\/jpeg"}],"author":"LA REDACTION","twitter_card":"summary_large_image","twitter_misc":{"\u00c9crit par":"LA REDACTION","Dur\u00e9e de lecture estim\u00e9e":"2 minutes"},"schema":{"@context":"https:\/\/schema.org","@graph":[{"@type":"Article","@id":"https:\/\/www.public.sn\/index.php\/2022\/10\/05\/drame-a-pire-une-macon-tue-par-la-population\/#article","isPartOf":{"@id":"https:\/\/www.public.sn\/index.php\/2022\/10\/05\/drame-a-pire-une-macon-tue-par-la-population\/"},"author":{"name":"LA REDACTION","@id":"https:\/\/www.public.sn\/#\/schema\/person\/e3f4a11b037d4203902db148f9bc8d5a"},"headline":"Drame \u00e0 PIRE : Un ma\u00e7on tu\u00e9 par la population.","datePublished":"2022-10-05T11:50:37+00:00","dateModified":"2022-10-05T18:12:58+00:00","mainEntityOfPage":{"@id":"https:\/\/www.public.sn\/index.php\/2022\/10\/05\/drame-a-pire-une-macon-tue-par-la-population\/"},"wordCount":239,"commentCount":0,"publisher":{"@id":"https:\/\/www.public.sn\/#organization"},"image":{"@id":"https:\/\/www.public.sn\/index.php\/2022\/10\/05\/drame-a-pire-une-macon-tue-par-la-population\/#primaryimage"},"thumbnailUrl":"https:\/\/www.public.sn\/wp-content\/uploads\/2022\/10\/ndieye.jpg","keywords":["Drame","macon tue","ndieye","pire"],"articleSection":["ACTUALIT\u00c9S","S\u00c9N\u00c9GAL","SOCIETE"],"inLanguage":"fr-FR","potentialAction":[{"@type":"CommentAction","name":"Comment","target":["https:\/\/www.public.sn\/index.php\/2022\/10\/05\/drame-a-pire-une-macon-tue-par-la-population\/#respond"]}]},{"@type":"WebPage","@id":"https:\/\/www.public.sn\/index.php\/2022\/10\/05\/drame-a-pire-une-macon-tue-par-la-population\/","url":"https:\/\/www.public.sn\/index.php\/2022\/10\/05\/drame-a-pire-une-macon-tue-par-la-population\/","name":"Drame \u00e0 PIRE : Un ma\u00e7on tu\u00e9 par la population. - LE PUBLIC","isPartOf":{"@id":"https:\/\/www.public.sn\/#website"},"primaryImageOfPage":{"@id":"https:\/\/www.public.sn\/index.php\/2022\/10\/05\/drame-a-pire-une-macon-tue-par-la-population\/#primaryimage"},"image":{"@id":"https:\/\/www.public.sn\/index.php\/2022\/10\/05\/drame-a-pire-une-macon-tue-par-la-population\/#primaryimage"},"thumbnailUrl":"https:\/\/www.public.sn\/wp-content\/uploads\/2022\/10\/ndieye.jpg","datePublished":"2022-10-05T11:50:37+00:00","dateModified":"2022-10-05T18:12:58+00:00","breadcrumb":{"@id":"https:\/\/www.public.sn\/index.php\/2022\/10\/05\/drame-a-pire-une-macon-tue-par-la-population\/#breadcrumb"},"inLanguage":"fr-FR","potentialAction":[{"@type":"ReadAction","target":["https:\/\/www.public.sn\/index.php\/2022\/10\/05\/drame-a-pire-une-macon-tue-par-la-population\/"]}]},{"@type":"ImageObject","inLanguage":"fr-FR","@id":"https:\/\/www.public.sn\/index.php\/2022\/10\/05\/drame-a-pire-une-macon-tue-par-la-population\/#primaryimage","url":"https:\/\/www.public.sn\/wp-content\/uploads\/2022\/10\/ndieye.jpg","contentUrl":"https:\/\/www.public.sn\/wp-content\/uploads\/2022\/10\/ndieye.jpg","width":678,"height":381},{"@type":"BreadcrumbList","@id":"https:\/\/www.public.sn\/index.php\/2022\/10\/05\/drame-a-pire-une-macon-tue-par-la-population\/#breadcrumb","itemListElement":[{"@type":"ListItem","position":1,"name":"Accueil","item":"https:\/\/www.public.sn\/"},{"@type":"ListItem","position":2,"name":"Drame \u00e0 PIRE : Un ma\u00e7on tu\u00e9 par la population."}]},{"@type":"WebSite","@id":"https:\/\/www.public.sn\/#website","url":"https:\/\/www.public.sn\/","name":"LE PUBLIC","description":"","publisher":{"@id":"https:\/\/www.public.sn\/#organization"},"potentialAction":[{"@type":"SearchAction","target":{"@type":"EntryPoint","urlTemplate":"https:\/\/www.public.sn\/?s={search_term_string}"},"query-input":{"@type":"PropertyValueSpecification","valueRequired":true,"valueName":"search_term_string"}}],"inLanguage":"fr-FR"},{"@type":"Organization","@id":"https:\/\/www.public.sn\/#organization","name":"LE PUBLIC","url":"https:\/\/www.public.sn\/","logo":{"@type":"ImageObject","inLanguage":"fr-FR","@id":"https:\/\/www.public.sn\/#\/schema\/logo\/image\/","url":"https:\/\/www.public.sn\/wp-content\/uploads\/2024\/05\/cropped-LOGO-PUBLIC.SN_.png","contentUrl":"https:\/\/www.public.sn\/wp-content\/uploads\/2024\/05\/cropped-LOGO-PUBLIC.SN_.png","width":682,"height":192,"caption":"LE PUBLIC"},"image":{"@id":"https:\/\/www.public.sn\/#\/schema\/logo\/image\/"}},{"@type":"Person","@id":"https:\/\/www.public.sn\/#\/schema\/person\/e3f4a11b037d4203902db148f9bc8d5a","name":"LA REDACTION","image":{"@type":"ImageObject","inLanguage":"fr-FR","@id":"https:\/\/www.public.sn\/#\/schema\/person\/image\/","url":"https:\/\/secure.gravatar.com\/avatar\/d6c030db45db2883c075085c5d6c6258654a801a93766b49af0b82d4f454e2a5?s=96&d=mm&r=g","contentUrl":"https:\/\/secure.gravatar.com\/avatar\/d6c030db45db2883c075085c5d6c6258654a801a93766b49af0b82d4f454e2a5?s=96&d=mm&r=g","caption":"LA REDACTION"},"sameAs":["http:\/\/www.public.sn"],"url":"https:\/\/www.public.sn\/index.php\/author\/admin7324\/"}]}},"jetpack_featured_media_url":"https:\/\/www.public.sn\/wp-content\/uploads\/2022\/10\/ndieye.jpg","jetpack_sharing_enabled":true,"_links":{"self":[{"href":"https:\/\/www.public.sn\/index.php\/wp-json\/wp\/v2\/posts\/3645","targetHints":{"allow":["GET"]}}],"collection":[{"href":"https:\/\/www.public.sn\/index.php\/wp-json\/wp\/v2\/posts"}],"about":[{"href":"https:\/\/www.public.sn\/index.php\/wp-json\/wp\/v2\/types\/post"}],"author":[{"embeddable":true,"href":"https:\/\/www.public.sn\/index.php\/wp-json\/wp\/v2\/users\/1"}],"replies":[{"embeddable":true,"href":"https:\/\/www.public.sn\/index.php\/wp-json\/wp\/v2\/comments?post=3645"}],"version-history":[{"count":3,"href":"https:\/\/www.public.sn\/index.php\/wp-json\/wp\/v2\/posts\/3645\/revisions"}],"predecessor-version":[{"id":3697,"href":"https:\/\/www.public.sn\/index.php\/wp-json\/wp\/v2\/posts\/3645\/revisions\/3697"}],"wp:featuredmedia":[{"embeddable":true,"href":"https:\/\/www.public.sn\/index.php\/wp-json\/wp\/v2\/media\/3650"}],"wp:attachment":[{"href":"https:\/\/www.public.sn\/index.php\/wp-json\/wp\/v2\/media?parent=3645"}],"wp:term":[{"taxonomy":"category","embeddable":true,"href":"https:\/\/www.public.sn\/index.php\/wp-json\/wp\/v2\/categories?post=3645"},{"taxonomy":"post_tag","embeddable":true,"href":"https:\/\/www.public.sn\/index.php\/wp-json\/wp\/v2\/tags?post=3645"}],"curies":[{"name":"wp","href":"https:\/\/api.w.org\/{rel}","templated":true}]}}