{"id":37036,"date":"2025-03-27T08:53:37","date_gmt":"2025-03-27T08:53:37","guid":{"rendered":"https:\/\/www.public.sn\/?p=37036"},"modified":"2025-03-27T08:53:40","modified_gmt":"2025-03-27T08:53:40","slug":"babacar-gaye-sur-la-baisse-du-prix-du-riz-ce-nest-pas-un-effort-du-gouvernement","status":"publish","type":"post","link":"https:\/\/www.public.sn\/index.php\/2025\/03\/27\/babacar-gaye-sur-la-baisse-du-prix-du-riz-ce-nest-pas-un-effort-du-gouvernement\/","title":{"rendered":"Babacar Gaye sur la baisse du prix du riz : \u00ab\u00a0Ce n\u2019est pas un effort du gouvernement\u00a0\u00bb"},"content":{"rendered":"<p data-start=\"92\" data-end=\"453\">L\u2019ancien porte-parole du Parti D\u00e9mocratique S\u00e9n\u00e9galais (PDS), Babacar Gaye, a r\u00e9agi \u00e0 l\u2019annonce imminente d\u2019une baisse des prix du riz et d\u2019autres produits de premi\u00e8re n\u00e9cessit\u00e9. Dans une d\u00e9claration sans \u00e9quivoque, il souligne que cette r\u00e9duction des prix ne d\u00e9coule pas d\u2019un effort du gouvernement, mais plut\u00f4t d\u2019une tendance \u00e0 la baisse des cours mondiaux.<\/p><div class=\"publi-paragraphe1\" style=\"margin-top: 10px;margin-bottom: 10px;margin-left: auto;margin-right: auto;text-align: center;\" id=\"publi-2754888727\"><div class=\"publi-adlabel\">Publicit\u00e9<\/div><script async src=\"\/\/pagead2.googlesyndication.com\/pagead\/js\/adsbygoogle.js?client=ca-pub-4089586018074219\" crossorigin=\"anonymous\"><\/script><ins class=\"adsbygoogle\" style=\"display:block;\" data-ad-client=\"ca-pub-4089586018074219\" \ndata-ad-slot=\"2087940154\" \ndata-ad-format=\"auto\"><\/ins>\n<script> \n(adsbygoogle = window.adsbygoogle || []).push({}); \n<\/script>\n<\/div>\n<p data-start=\"455\" data-end=\"773\">Selon Babacar Gaye, le prix du riz sur le march\u00e9 international a chut\u00e9 depuis janvier 2024, passant de 660 dollars \u00e0 478 dollars la tonne en f\u00e9vrier 2025. Cette diminution se traduit par une baisse locale de 110 000 francs CFA par tonne, soit une r\u00e9duction de 5 550 francs CFA sur le prix d\u2019un sac de 50 kilogrammes.<\/p>\n<p data-start=\"775\" data-end=\"1042\">L\u2019ancien responsable du PDS insiste donc sur le fait que cette \u00e9volution ne peut \u00eatre attribu\u00e9e \u00e0 une intervention financi\u00e8re de l\u2019\u00c9tat en mati\u00e8re de subvention. Il invite ainsi les importateurs \u00e0 r\u00e9percuter cette baisse sur les prix de vente au consommateur final.<\/p>\n<p data-start=\"1044\" data-end=\"1299\" data-is-last-node=\"\" data-is-only-node=\"\">\u00ab\u00a0Vivement que cette tendance mondiale baissi\u00e8re, qui touche aussi bien les denr\u00e9es alimentaires que le dollar, se poursuive et profite aux S\u00e9n\u00e9galais\u00a0\u00bb, conclut Babacar Gaye, avec une pens\u00e9e particuli\u00e8re pour les amateurs de \u00ab\u00a0ceeb\u00a0\u00bb en cette fin de Ramadan.<\/p>\n<div class=\"publi-apres-le-contenu\" style=\"margin-top: 10px;margin-bottom: 10px;margin-left: auto;margin-right: auto;text-align: center;\" id=\"publi-2312513570\"><div class=\"publi-adlabel\">Publicit\u00e9<\/div><script async src=\"\/\/pagead2.googlesyndication.com\/pagead\/js\/adsbygoogle.js?client=ca-pub-4089586018074219\" crossorigin=\"anonymous\"><\/script><ins class=\"adsbygoogle\" style=\"display:block;\" data-ad-client=\"ca-pub-4089586018074219\" \ndata-ad-slot=\"2087940154\" \ndata-ad-format=\"auto\"><\/ins>\n<script> \n(adsbygoogle = window.adsbygoogle || []).push({}); \n<\/script>\n<\/div>","protected":false},"excerpt":{"rendered":"<p>L\u2019ancien porte-parole du Parti D\u00e9mocratique S\u00e9n\u00e9galais (PDS), Babacar Gaye, a r\u00e9agi \u00e0 l\u2019annonce imminente d\u2019une baisse des prix du riz et d\u2019autres produits de premi\u00e8re n\u00e9cessit\u00e9. Dans une d\u00e9claration sans \u00e9quivoque, il souligne que cette r\u00e9duction des prix ne d\u00e9coule pas d\u2019un effort du gouvernement, mais plut\u00f4t d\u2019une tendance \u00e0 la baisse des cours mondiaux. Selon Babacar Gaye, le prix du riz sur le march\u00e9 international a chut\u00e9 depuis janvier 2024, passant de 660 dollars \u00e0 478 dollars la tonne en f\u00e9vrier 2025. Cette diminution se traduit par une baisse locale de 110 000 francs CFA par tonne, soit une r\u00e9duction de 5 550 francs CFA sur le prix d\u2019un sac de 50 kilogrammes. L\u2019ancien responsable du PDS insiste donc sur le fait que cette \u00e9volution ne peut \u00eatre attribu\u00e9e \u00e0 une intervention financi\u00e8re de l\u2019\u00c9tat en mati\u00e8re de subvention. Il invite ainsi les importateurs \u00e0 r\u00e9percuter cette baisse sur les prix de vente au consommateur final. \u00ab\u00a0Vivement que cette tendance mondiale baissi\u00e8re, qui touche aussi bien les denr\u00e9es alimentaires que le dollar, se poursuive et profite aux S\u00e9n\u00e9galais\u00a0\u00bb, conclut Babacar Gaye, avec une pens\u00e9e particuli\u00e8re pour les amateurs de \u00ab\u00a0ceeb\u00a0\u00bb en cette fin de Ramadan.<\/p>\n","protected":false},"author":1,"featured_media":3634,"comment_status":"open","ping_status":"open","sticky":false,"template":"","format":"standard","meta":{"_jetpack_memberships_contains_paid_content":false,"footnotes":""},"categories":[375,549,3,1,372],"tags":[],"class_list":["post-37036","post","type-post","status-publish","format-standard","has-post-thumbnail","hentry","category-actualites","category-economie","category-politique","category-non-classe","category-vedette","entry","has-media","owp-thumbs-layout-horizontal","owp-btn-normal","owp-tabs-layout-horizontal","has-no-thumbnails","has-product-nav"],"yoast_head":"<!-- This site is optimized with the Yoast SEO plugin v25.5 - https:\/\/yoast.com\/wordpress\/plugins\/seo\/ -->\n<title>Babacar Gaye sur la baisse du prix du riz : &quot;Ce n\u2019est pas un effort du gouvernement&quot; - LE PUBLIC<\/title>\n<meta name=\"robots\" content=\"index, follow, max-snippet:-1, max-image-preview:large, max-video-preview:-1\" \/>\n<link rel=\"canonical\" href=\"https:\/\/www.public.sn\/index.php\/2025\/03\/27\/babacar-gaye-sur-la-baisse-du-prix-du-riz-ce-nest-pas-un-effort-du-gouvernement\/\" \/>\n<meta property=\"og:locale\" content=\"fr_FR\" \/>\n<meta property=\"og:type\" content=\"article\" \/>\n<meta property=\"og:title\" content=\"Babacar Gaye sur la baisse du prix du riz : &quot;Ce n\u2019est pas un effort du gouvernement&quot; - LE PUBLIC\" \/>\n<meta property=\"og:description\" content=\"L\u2019ancien porte-parole du Parti D\u00e9mocratique S\u00e9n\u00e9galais (PDS), Babacar Gaye, a r\u00e9agi \u00e0 l\u2019annonce imminente d\u2019une baisse des prix du riz et d\u2019autres produits de premi\u00e8re n\u00e9cessit\u00e9. Dans une d\u00e9claration sans \u00e9quivoque, il souligne que cette r\u00e9duction des prix ne d\u00e9coule pas d\u2019un effort du gouvernement, mais plut\u00f4t d\u2019une tendance \u00e0 la baisse des cours mondiaux. Selon Babacar Gaye, le prix du riz sur le march\u00e9 international a chut\u00e9 depuis janvier 2024, passant de 660 dollars \u00e0 478 dollars la tonne en f\u00e9vrier 2025. Cette diminution se traduit par une baisse locale de 110 000 francs CFA par tonne, soit une r\u00e9duction de 5 550 francs CFA sur le prix d\u2019un sac de 50 kilogrammes. L\u2019ancien responsable du PDS insiste donc sur le fait que cette \u00e9volution ne peut \u00eatre attribu\u00e9e \u00e0 une intervention financi\u00e8re de l\u2019\u00c9tat en mati\u00e8re de subvention. Il invite ainsi les importateurs \u00e0 r\u00e9percuter cette baisse sur les prix de vente au consommateur final. \u00ab\u00a0Vivement que cette tendance mondiale baissi\u00e8re, qui touche aussi bien les denr\u00e9es alimentaires que le dollar, se poursuive et profite aux S\u00e9n\u00e9galais\u00a0\u00bb, conclut Babacar Gaye, avec une pens\u00e9e particuli\u00e8re pour les amateurs de \u00ab\u00a0ceeb\u00a0\u00bb en cette fin de Ramadan.\" \/>\n<meta property=\"og:url\" content=\"https:\/\/www.public.sn\/index.php\/2025\/03\/27\/babacar-gaye-sur-la-baisse-du-prix-du-riz-ce-nest-pas-un-effort-du-gouvernement\/\" \/>\n<meta property=\"og:site_name\" content=\"LE PUBLIC\" \/>\n<meta property=\"article:published_time\" content=\"2025-03-27T08:53:37+00:00\" \/>\n<meta property=\"article:modified_time\" content=\"2025-03-27T08:53:40+00:00\" \/>\n<meta property=\"og:image\" content=\"https:\/\/www.public.sn\/wp-content\/uploads\/2022\/10\/babacar.jpg\" \/>\n\t<meta property=\"og:image:width\" content=\"500\" \/>\n\t<meta property=\"og:image:height\" content=\"350\" \/>\n\t<meta property=\"og:image:type\" content=\"image\/jpeg\" \/>\n<meta name=\"author\" content=\"LA REDACTION\" \/>\n<meta name=\"twitter:card\" content=\"summary_large_image\" \/>\n<meta name=\"twitter:label1\" content=\"\u00c9crit par\" \/>\n\t<meta name=\"twitter:data1\" content=\"LA REDACTION\" \/>\n\t<meta name=\"twitter:label2\" content=\"Dur\u00e9e de lecture estim\u00e9e\" \/>\n\t<meta name=\"twitter:data2\" content=\"2 minutes\" \/>\n<script type=\"application\/ld+json\" class=\"yoast-schema-graph\">{\"@context\":\"https:\/\/schema.org\",\"@graph\":[{\"@type\":\"Article\",\"@id\":\"https:\/\/www.public.sn\/index.php\/2025\/03\/27\/babacar-gaye-sur-la-baisse-du-prix-du-riz-ce-nest-pas-un-effort-du-gouvernement\/#article\",\"isPartOf\":{\"@id\":\"https:\/\/www.public.sn\/index.php\/2025\/03\/27\/babacar-gaye-sur-la-baisse-du-prix-du-riz-ce-nest-pas-un-effort-du-gouvernement\/\"},\"author\":{\"name\":\"LA REDACTION\",\"@id\":\"https:\/\/www.public.sn\/#\/schema\/person\/e3f4a11b037d4203902db148f9bc8d5a\"},\"headline\":\"Babacar Gaye sur la baisse du prix du riz : \u00ab\u00a0Ce n\u2019est pas un effort du gouvernement\u00a0\u00bb\",\"datePublished\":\"2025-03-27T08:53:37+00:00\",\"dateModified\":\"2025-03-27T08:53:40+00:00\",\"mainEntityOfPage\":{\"@id\":\"https:\/\/www.public.sn\/index.php\/2025\/03\/27\/babacar-gaye-sur-la-baisse-du-prix-du-riz-ce-nest-pas-un-effort-du-gouvernement\/\"},\"wordCount\":230,\"commentCount\":0,\"publisher\":{\"@id\":\"https:\/\/www.public.sn\/#organization\"},\"image\":{\"@id\":\"https:\/\/www.public.sn\/index.php\/2025\/03\/27\/babacar-gaye-sur-la-baisse-du-prix-du-riz-ce-nest-pas-un-effort-du-gouvernement\/#primaryimage\"},\"thumbnailUrl\":\"https:\/\/www.public.sn\/wp-content\/uploads\/2022\/10\/babacar.jpg\",\"articleSection\":[\"ACTUALIT\u00c9S\",\"\u00c9CONOMIE\",\"POLITIQUE\",\"S\u00c9N\u00c9GAL\",\"VEDETTE\"],\"inLanguage\":\"fr-FR\",\"potentialAction\":[{\"@type\":\"CommentAction\",\"name\":\"Comment\",\"target\":[\"https:\/\/www.public.sn\/index.php\/2025\/03\/27\/babacar-gaye-sur-la-baisse-du-prix-du-riz-ce-nest-pas-un-effort-du-gouvernement\/#respond\"]}]},{\"@type\":\"WebPage\",\"@id\":\"https:\/\/www.public.sn\/index.php\/2025\/03\/27\/babacar-gaye-sur-la-baisse-du-prix-du-riz-ce-nest-pas-un-effort-du-gouvernement\/\",\"url\":\"https:\/\/www.public.sn\/index.php\/2025\/03\/27\/babacar-gaye-sur-la-baisse-du-prix-du-riz-ce-nest-pas-un-effort-du-gouvernement\/\",\"name\":\"Babacar Gaye sur la baisse du prix du riz : \\\"Ce n\u2019est pas un effort du gouvernement\\\" - LE PUBLIC\",\"isPartOf\":{\"@id\":\"https:\/\/www.public.sn\/#website\"},\"primaryImageOfPage\":{\"@id\":\"https:\/\/www.public.sn\/index.php\/2025\/03\/27\/babacar-gaye-sur-la-baisse-du-prix-du-riz-ce-nest-pas-un-effort-du-gouvernement\/#primaryimage\"},\"image\":{\"@id\":\"https:\/\/www.public.sn\/index.php\/2025\/03\/27\/babacar-gaye-sur-la-baisse-du-prix-du-riz-ce-nest-pas-un-effort-du-gouvernement\/#primaryimage\"},\"thumbnailUrl\":\"https:\/\/www.public.sn\/wp-content\/uploads\/2022\/10\/babacar.jpg\",\"datePublished\":\"2025-03-27T08:53:37+00:00\",\"dateModified\":\"2025-03-27T08:53:40+00:00\",\"breadcrumb\":{\"@id\":\"https:\/\/www.public.sn\/index.php\/2025\/03\/27\/babacar-gaye-sur-la-baisse-du-prix-du-riz-ce-nest-pas-un-effort-du-gouvernement\/#breadcrumb\"},\"inLanguage\":\"fr-FR\",\"potentialAction\":[{\"@type\":\"ReadAction\",\"target\":[\"https:\/\/www.public.sn\/index.php\/2025\/03\/27\/babacar-gaye-sur-la-baisse-du-prix-du-riz-ce-nest-pas-un-effort-du-gouvernement\/\"]}]},{\"@type\":\"ImageObject\",\"inLanguage\":\"fr-FR\",\"@id\":\"https:\/\/www.public.sn\/index.php\/2025\/03\/27\/babacar-gaye-sur-la-baisse-du-prix-du-riz-ce-nest-pas-un-effort-du-gouvernement\/#primaryimage\",\"url\":\"https:\/\/www.public.sn\/wp-content\/uploads\/2022\/10\/babacar.jpg\",\"contentUrl\":\"https:\/\/www.public.sn\/wp-content\/uploads\/2022\/10\/babacar.jpg\",\"width\":500,\"height\":350},{\"@type\":\"BreadcrumbList\",\"@id\":\"https:\/\/www.public.sn\/index.php\/2025\/03\/27\/babacar-gaye-sur-la-baisse-du-prix-du-riz-ce-nest-pas-un-effort-du-gouvernement\/#breadcrumb\",\"itemListElement\":[{\"@type\":\"ListItem\",\"position\":1,\"name\":\"Accueil\",\"item\":\"https:\/\/www.public.sn\/\"},{\"@type\":\"ListItem\",\"position\":2,\"name\":\"Babacar Gaye sur la baisse du prix du riz : \u00ab\u00a0Ce n\u2019est pas un effort du gouvernement\u00a0\u00bb\"}]},{\"@type\":\"WebSite\",\"@id\":\"https:\/\/www.public.sn\/#website\",\"url\":\"https:\/\/www.public.sn\/\",\"name\":\"LE PUBLIC\",\"description\":\"\",\"publisher\":{\"@id\":\"https:\/\/www.public.sn\/#organization\"},\"potentialAction\":[{\"@type\":\"SearchAction\",\"target\":{\"@type\":\"EntryPoint\",\"urlTemplate\":\"https:\/\/www.public.sn\/?s={search_term_string}\"},\"query-input\":{\"@type\":\"PropertyValueSpecification\",\"valueRequired\":true,\"valueName\":\"search_term_string\"}}],\"inLanguage\":\"fr-FR\"},{\"@type\":\"Organization\",\"@id\":\"https:\/\/www.public.sn\/#organization\",\"name\":\"LE PUBLIC\",\"url\":\"https:\/\/www.public.sn\/\",\"logo\":{\"@type\":\"ImageObject\",\"inLanguage\":\"fr-FR\",\"@id\":\"https:\/\/www.public.sn\/#\/schema\/logo\/image\/\",\"url\":\"https:\/\/www.public.sn\/wp-content\/uploads\/2024\/05\/cropped-LOGO-PUBLIC.SN_.png\",\"contentUrl\":\"https:\/\/www.public.sn\/wp-content\/uploads\/2024\/05\/cropped-LOGO-PUBLIC.SN_.png\",\"width\":682,\"height\":192,\"caption\":\"LE PUBLIC\"},\"image\":{\"@id\":\"https:\/\/www.public.sn\/#\/schema\/logo\/image\/\"}},{\"@type\":\"Person\",\"@id\":\"https:\/\/www.public.sn\/#\/schema\/person\/e3f4a11b037d4203902db148f9bc8d5a\",\"name\":\"LA REDACTION\",\"image\":{\"@type\":\"ImageObject\",\"inLanguage\":\"fr-FR\",\"@id\":\"https:\/\/www.public.sn\/#\/schema\/person\/image\/\",\"url\":\"https:\/\/secure.gravatar.com\/avatar\/d6c030db45db2883c075085c5d6c6258654a801a93766b49af0b82d4f454e2a5?s=96&d=mm&r=g\",\"contentUrl\":\"https:\/\/secure.gravatar.com\/avatar\/d6c030db45db2883c075085c5d6c6258654a801a93766b49af0b82d4f454e2a5?s=96&d=mm&r=g\",\"caption\":\"LA REDACTION\"},\"sameAs\":[\"http:\/\/www.public.sn\"],\"url\":\"https:\/\/www.public.sn\/index.php\/author\/admin7324\/\"}]}<\/script>\n<!-- \/ Yoast SEO plugin. -->","yoast_head_json":{"title":"Babacar Gaye sur la baisse du prix du riz : \"Ce n\u2019est pas un effort du gouvernement\" - LE PUBLIC","robots":{"index":"index","follow":"follow","max-snippet":"max-snippet:-1","max-image-preview":"max-image-preview:large","max-video-preview":"max-video-preview:-1"},"canonical":"https:\/\/www.public.sn\/index.php\/2025\/03\/27\/babacar-gaye-sur-la-baisse-du-prix-du-riz-ce-nest-pas-un-effort-du-gouvernement\/","og_locale":"fr_FR","og_type":"article","og_title":"Babacar Gaye sur la baisse du prix du riz : \"Ce n\u2019est pas un effort du gouvernement\" - LE PUBLIC","og_description":"L\u2019ancien porte-parole du Parti D\u00e9mocratique S\u00e9n\u00e9galais (PDS), Babacar Gaye, a r\u00e9agi \u00e0 l\u2019annonce imminente d\u2019une baisse des prix du riz et d\u2019autres produits de premi\u00e8re n\u00e9cessit\u00e9. Dans une d\u00e9claration sans \u00e9quivoque, il souligne que cette r\u00e9duction des prix ne d\u00e9coule pas d\u2019un effort du gouvernement, mais plut\u00f4t d\u2019une tendance \u00e0 la baisse des cours mondiaux. Selon Babacar Gaye, le prix du riz sur le march\u00e9 international a chut\u00e9 depuis janvier 2024, passant de 660 dollars \u00e0 478 dollars la tonne en f\u00e9vrier 2025. Cette diminution se traduit par une baisse locale de 110 000 francs CFA par tonne, soit une r\u00e9duction de 5 550 francs CFA sur le prix d\u2019un sac de 50 kilogrammes. L\u2019ancien responsable du PDS insiste donc sur le fait que cette \u00e9volution ne peut \u00eatre attribu\u00e9e \u00e0 une intervention financi\u00e8re de l\u2019\u00c9tat en mati\u00e8re de subvention. Il invite ainsi les importateurs \u00e0 r\u00e9percuter cette baisse sur les prix de vente au consommateur final. \u00ab\u00a0Vivement que cette tendance mondiale baissi\u00e8re, qui touche aussi bien les denr\u00e9es alimentaires que le dollar, se poursuive et profite aux S\u00e9n\u00e9galais\u00a0\u00bb, conclut Babacar Gaye, avec une pens\u00e9e particuli\u00e8re pour les amateurs de \u00ab\u00a0ceeb\u00a0\u00bb en cette fin de Ramadan.","og_url":"https:\/\/www.public.sn\/index.php\/2025\/03\/27\/babacar-gaye-sur-la-baisse-du-prix-du-riz-ce-nest-pas-un-effort-du-gouvernement\/","og_site_name":"LE PUBLIC","article_published_time":"2025-03-27T08:53:37+00:00","article_modified_time":"2025-03-27T08:53:40+00:00","og_image":[{"width":500,"height":350,"url":"https:\/\/www.public.sn\/wp-content\/uploads\/2022\/10\/babacar.jpg","type":"image\/jpeg"}],"author":"LA REDACTION","twitter_card":"summary_large_image","twitter_misc":{"\u00c9crit par":"LA REDACTION","Dur\u00e9e de lecture estim\u00e9e":"2 minutes"},"schema":{"@context":"https:\/\/schema.org","@graph":[{"@type":"Article","@id":"https:\/\/www.public.sn\/index.php\/2025\/03\/27\/babacar-gaye-sur-la-baisse-du-prix-du-riz-ce-nest-pas-un-effort-du-gouvernement\/#article","isPartOf":{"@id":"https:\/\/www.public.sn\/index.php\/2025\/03\/27\/babacar-gaye-sur-la-baisse-du-prix-du-riz-ce-nest-pas-un-effort-du-gouvernement\/"},"author":{"name":"LA REDACTION","@id":"https:\/\/www.public.sn\/#\/schema\/person\/e3f4a11b037d4203902db148f9bc8d5a"},"headline":"Babacar Gaye sur la baisse du prix du riz : \u00ab\u00a0Ce n\u2019est pas un effort du gouvernement\u00a0\u00bb","datePublished":"2025-03-27T08:53:37+00:00","dateModified":"2025-03-27T08:53:40+00:00","mainEntityOfPage":{"@id":"https:\/\/www.public.sn\/index.php\/2025\/03\/27\/babacar-gaye-sur-la-baisse-du-prix-du-riz-ce-nest-pas-un-effort-du-gouvernement\/"},"wordCount":230,"commentCount":0,"publisher":{"@id":"https:\/\/www.public.sn\/#organization"},"image":{"@id":"https:\/\/www.public.sn\/index.php\/2025\/03\/27\/babacar-gaye-sur-la-baisse-du-prix-du-riz-ce-nest-pas-un-effort-du-gouvernement\/#primaryimage"},"thumbnailUrl":"https:\/\/www.public.sn\/wp-content\/uploads\/2022\/10\/babacar.jpg","articleSection":["ACTUALIT\u00c9S","\u00c9CONOMIE","POLITIQUE","S\u00c9N\u00c9GAL","VEDETTE"],"inLanguage":"fr-FR","potentialAction":[{"@type":"CommentAction","name":"Comment","target":["https:\/\/www.public.sn\/index.php\/2025\/03\/27\/babacar-gaye-sur-la-baisse-du-prix-du-riz-ce-nest-pas-un-effort-du-gouvernement\/#respond"]}]},{"@type":"WebPage","@id":"https:\/\/www.public.sn\/index.php\/2025\/03\/27\/babacar-gaye-sur-la-baisse-du-prix-du-riz-ce-nest-pas-un-effort-du-gouvernement\/","url":"https:\/\/www.public.sn\/index.php\/2025\/03\/27\/babacar-gaye-sur-la-baisse-du-prix-du-riz-ce-nest-pas-un-effort-du-gouvernement\/","name":"Babacar Gaye sur la baisse du prix du riz : \"Ce n\u2019est pas un effort du gouvernement\" - LE PUBLIC","isPartOf":{"@id":"https:\/\/www.public.sn\/#website"},"primaryImageOfPage":{"@id":"https:\/\/www.public.sn\/index.php\/2025\/03\/27\/babacar-gaye-sur-la-baisse-du-prix-du-riz-ce-nest-pas-un-effort-du-gouvernement\/#primaryimage"},"image":{"@id":"https:\/\/www.public.sn\/index.php\/2025\/03\/27\/babacar-gaye-sur-la-baisse-du-prix-du-riz-ce-nest-pas-un-effort-du-gouvernement\/#primaryimage"},"thumbnailUrl":"https:\/\/www.public.sn\/wp-content\/uploads\/2022\/10\/babacar.jpg","datePublished":"2025-03-27T08:53:37+00:00","dateModified":"2025-03-27T08:53:40+00:00","breadcrumb":{"@id":"https:\/\/www.public.sn\/index.php\/2025\/03\/27\/babacar-gaye-sur-la-baisse-du-prix-du-riz-ce-nest-pas-un-effort-du-gouvernement\/#breadcrumb"},"inLanguage":"fr-FR","potentialAction":[{"@type":"ReadAction","target":["https:\/\/www.public.sn\/index.php\/2025\/03\/27\/babacar-gaye-sur-la-baisse-du-prix-du-riz-ce-nest-pas-un-effort-du-gouvernement\/"]}]},{"@type":"ImageObject","inLanguage":"fr-FR","@id":"https:\/\/www.public.sn\/index.php\/2025\/03\/27\/babacar-gaye-sur-la-baisse-du-prix-du-riz-ce-nest-pas-un-effort-du-gouvernement\/#primaryimage","url":"https:\/\/www.public.sn\/wp-content\/uploads\/2022\/10\/babacar.jpg","contentUrl":"https:\/\/www.public.sn\/wp-content\/uploads\/2022\/10\/babacar.jpg","width":500,"height":350},{"@type":"BreadcrumbList","@id":"https:\/\/www.public.sn\/index.php\/2025\/03\/27\/babacar-gaye-sur-la-baisse-du-prix-du-riz-ce-nest-pas-un-effort-du-gouvernement\/#breadcrumb","itemListElement":[{"@type":"ListItem","position":1,"name":"Accueil","item":"https:\/\/www.public.sn\/"},{"@type":"ListItem","position":2,"name":"Babacar Gaye sur la baisse du prix du riz : \u00ab\u00a0Ce n\u2019est pas un effort du gouvernement\u00a0\u00bb"}]},{"@type":"WebSite","@id":"https:\/\/www.public.sn\/#website","url":"https:\/\/www.public.sn\/","name":"LE PUBLIC","description":"","publisher":{"@id":"https:\/\/www.public.sn\/#organization"},"potentialAction":[{"@type":"SearchAction","target":{"@type":"EntryPoint","urlTemplate":"https:\/\/www.public.sn\/?s={search_term_string}"},"query-input":{"@type":"PropertyValueSpecification","valueRequired":true,"valueName":"search_term_string"}}],"inLanguage":"fr-FR"},{"@type":"Organization","@id":"https:\/\/www.public.sn\/#organization","name":"LE PUBLIC","url":"https:\/\/www.public.sn\/","logo":{"@type":"ImageObject","inLanguage":"fr-FR","@id":"https:\/\/www.public.sn\/#\/schema\/logo\/image\/","url":"https:\/\/www.public.sn\/wp-content\/uploads\/2024\/05\/cropped-LOGO-PUBLIC.SN_.png","contentUrl":"https:\/\/www.public.sn\/wp-content\/uploads\/2024\/05\/cropped-LOGO-PUBLIC.SN_.png","width":682,"height":192,"caption":"LE PUBLIC"},"image":{"@id":"https:\/\/www.public.sn\/#\/schema\/logo\/image\/"}},{"@type":"Person","@id":"https:\/\/www.public.sn\/#\/schema\/person\/e3f4a11b037d4203902db148f9bc8d5a","name":"LA REDACTION","image":{"@type":"ImageObject","inLanguage":"fr-FR","@id":"https:\/\/www.public.sn\/#\/schema\/person\/image\/","url":"https:\/\/secure.gravatar.com\/avatar\/d6c030db45db2883c075085c5d6c6258654a801a93766b49af0b82d4f454e2a5?s=96&d=mm&r=g","contentUrl":"https:\/\/secure.gravatar.com\/avatar\/d6c030db45db2883c075085c5d6c6258654a801a93766b49af0b82d4f454e2a5?s=96&d=mm&r=g","caption":"LA REDACTION"},"sameAs":["http:\/\/www.public.sn"],"url":"https:\/\/www.public.sn\/index.php\/author\/admin7324\/"}]}},"jetpack_featured_media_url":"https:\/\/www.public.sn\/wp-content\/uploads\/2022\/10\/babacar.jpg","jetpack_sharing_enabled":true,"_links":{"self":[{"href":"https:\/\/www.public.sn\/index.php\/wp-json\/wp\/v2\/posts\/37036","targetHints":{"allow":["GET"]}}],"collection":[{"href":"https:\/\/www.public.sn\/index.php\/wp-json\/wp\/v2\/posts"}],"about":[{"href":"https:\/\/www.public.sn\/index.php\/wp-json\/wp\/v2\/types\/post"}],"author":[{"embeddable":true,"href":"https:\/\/www.public.sn\/index.php\/wp-json\/wp\/v2\/users\/1"}],"replies":[{"embeddable":true,"href":"https:\/\/www.public.sn\/index.php\/wp-json\/wp\/v2\/comments?post=37036"}],"version-history":[{"count":1,"href":"https:\/\/www.public.sn\/index.php\/wp-json\/wp\/v2\/posts\/37036\/revisions"}],"predecessor-version":[{"id":37037,"href":"https:\/\/www.public.sn\/index.php\/wp-json\/wp\/v2\/posts\/37036\/revisions\/37037"}],"wp:featuredmedia":[{"embeddable":true,"href":"https:\/\/www.public.sn\/index.php\/wp-json\/wp\/v2\/media\/3634"}],"wp:attachment":[{"href":"https:\/\/www.public.sn\/index.php\/wp-json\/wp\/v2\/media?parent=37036"}],"wp:term":[{"taxonomy":"category","embeddable":true,"href":"https:\/\/www.public.sn\/index.php\/wp-json\/wp\/v2\/categories?post=37036"},{"taxonomy":"post_tag","embeddable":true,"href":"https:\/\/www.public.sn\/index.php\/wp-json\/wp\/v2\/tags?post=37036"}],"curies":[{"name":"wp","href":"https:\/\/api.w.org\/{rel}","templated":true}]}}