{"id":37063,"date":"2025-03-27T23:19:06","date_gmt":"2025-03-27T23:19:06","guid":{"rendered":"https:\/\/www.public.sn\/?p=37063"},"modified":"2025-03-27T23:19:11","modified_gmt":"2025-03-27T23:19:11","slug":"affaire-abdou-nguer-les-mots-de-me-moussa-diop-apres-laudition-du-chroniqueur","status":"publish","type":"post","link":"https:\/\/www.public.sn\/index.php\/2025\/03\/27\/affaire-abdou-nguer-les-mots-de-me-moussa-diop-apres-laudition-du-chroniqueur\/","title":{"rendered":"Affaire Abdou Nguer : les mots de Me Moussa Diop apr\u00e8s l&rsquo;audition du chroniqueur"},"content":{"rendered":"\n<p><strong>Ce jeudi, Me Moussa Diop a annonc\u00e9 la lib\u00e9ration de son client Abdou Nguer, chroniqueur convoqu\u00e9 \u00e0 la S\u00fbret\u00e9 urbaine suite \u00e0 une plainte d\u00e9pos\u00e9e par Azzoura Fall, membre du parti Pastef.<\/strong><\/p><div class=\"publi-paragraphe1\" style=\"margin-top: 10px;margin-bottom: 10px;margin-left: auto;margin-right: auto;text-align: center;\" id=\"publi-3254716682\"><div class=\"publi-adlabel\">Publicit\u00e9<\/div><script async src=\"\/\/pagead2.googlesyndication.com\/pagead\/js\/adsbygoogle.js?client=ca-pub-4089586018074219\" crossorigin=\"anonymous\"><\/script><ins class=\"adsbygoogle\" style=\"display:block;\" data-ad-client=\"ca-pub-4089586018074219\" \ndata-ad-slot=\"2087940154\" \ndata-ad-format=\"auto\"><\/ins>\n<script> \n(adsbygoogle = window.adsbygoogle || []).push({}); \n<\/script>\n<\/div>\n\n\n\n<p>Selon l\u2019avocat, l\u2019audition de son client a d\u00e9but\u00e9 \u00e0 10 heures avant qu\u2019il ne soit autoris\u00e9 \u00e0 rentrer chez lui librement. \u00ab J\u2019ai eu l\u2019honneur d\u2019assister mon client Abdou Nguer, chroniqueur convoqu\u00e9 ce jour \u00e0 la S\u00fbret\u00e9 urbaine suite \u00e0 une plainte d\u00e9pos\u00e9e par le sieur Azzoura Fall du Pastef. Apr\u00e8s une audition commenc\u00e9e \u00e0 10h00, mon client vient de rentrer tranquillement chez lui \u00bb, a d\u00e9clar\u00e9 Me Moussa Diop.<\/p>\n\n\n\n<p>L\u2019avocat a profit\u00e9 de cette occasion pour envoyer un message fort au gouvernement en place, affirmant que \u00ab la rupture va de pair avec la fin du Coumba am nd\u00e8ye, Coumba amoul Nd\u00e8ye \u00bb, une expression wolof faisant r\u00e9f\u00e9rence \u00e0 l&rsquo;\u00e9quit\u00e9 et \u00e0 la fin des privil\u00e8ges injustes.<\/p>\n\n\n\n<p>Cette affaire, qui a suscit\u00e9 de nombreuses r\u00e9actions sur les r\u00e9seaux sociaux, relance le d\u00e9bat sur la libert\u00e9 d\u2019expression et l\u2019usage des plaintes pour diffamation dans l\u2019espace m\u00e9diatique et politique au S\u00e9n\u00e9gal.<\/p>\n<div class=\"publi-apres-le-contenu\" style=\"margin-top: 10px;margin-bottom: 10px;margin-left: auto;margin-right: auto;text-align: center;\" id=\"publi-1712001278\"><div class=\"publi-adlabel\">Publicit\u00e9<\/div><script async src=\"\/\/pagead2.googlesyndication.com\/pagead\/js\/adsbygoogle.js?client=ca-pub-4089586018074219\" crossorigin=\"anonymous\"><\/script><ins class=\"adsbygoogle\" style=\"display:block;\" data-ad-client=\"ca-pub-4089586018074219\" \ndata-ad-slot=\"2087940154\" \ndata-ad-format=\"auto\"><\/ins>\n<script> \n(adsbygoogle = window.adsbygoogle || []).push({}); \n<\/script>\n<\/div>","protected":false},"excerpt":{"rendered":"<p>Ce jeudi, Me Moussa Diop a annonc\u00e9 la lib\u00e9ration de son client Abdou Nguer, chroniqueur convoqu\u00e9 \u00e0 la S\u00fbret\u00e9 urbaine suite \u00e0 une plainte d\u00e9pos\u00e9e par Azzoura Fall, membre du parti Pastef. Selon l\u2019avocat, l\u2019audition de son client a d\u00e9but\u00e9 \u00e0 10 heures avant qu\u2019il ne soit autoris\u00e9 \u00e0 rentrer chez lui librement. \u00ab J\u2019ai eu l\u2019honneur d\u2019assister mon client Abdou Nguer, chroniqueur convoqu\u00e9 ce jour \u00e0 la S\u00fbret\u00e9 urbaine suite \u00e0 une plainte d\u00e9pos\u00e9e par le sieur Azzoura Fall du Pastef. Apr\u00e8s une audition commenc\u00e9e \u00e0 10h00, mon client vient de rentrer tranquillement chez lui \u00bb, a d\u00e9clar\u00e9 Me Moussa Diop. L\u2019avocat a profit\u00e9 de cette occasion pour envoyer un message fort au gouvernement en place, affirmant que \u00ab la rupture va de pair avec la fin du Coumba am nd\u00e8ye, Coumba amoul Nd\u00e8ye \u00bb, une expression wolof faisant r\u00e9f\u00e9rence \u00e0 l&rsquo;\u00e9quit\u00e9 et \u00e0 la fin des privil\u00e8ges injustes. Cette affaire, qui a suscit\u00e9 de nombreuses r\u00e9actions sur les r\u00e9seaux sociaux, relance le d\u00e9bat sur la libert\u00e9 d\u2019expression et l\u2019usage des plaintes pour diffamation dans l\u2019espace m\u00e9diatique et politique au S\u00e9n\u00e9gal.<\/p>\n","protected":false},"author":1,"featured_media":37064,"comment_status":"open","ping_status":"open","sticky":false,"template":"","format":"standard","meta":{"_jetpack_memberships_contains_paid_content":false,"footnotes":""},"categories":[375,3,376,1],"tags":[7412,7414,7413],"class_list":["post-37063","post","type-post","status-publish","format-standard","has-post-thumbnail","hentry","category-actualites","category-politique","category-securite-justice","category-non-classe","tag-abdou-nguer","tag-azourafall","tag-me-moussa-diop","entry","has-media","owp-thumbs-layout-horizontal","owp-btn-normal","owp-tabs-layout-horizontal","has-no-thumbnails","has-product-nav"],"yoast_head":"<!-- This site is optimized with the Yoast SEO plugin v25.5 - https:\/\/yoast.com\/wordpress\/plugins\/seo\/ -->\n<title>Affaire Abdou Nguer : les mots de Me Moussa Diop apr\u00e8s l&#039;audition du chroniqueur - LE PUBLIC<\/title>\n<meta name=\"robots\" content=\"index, follow, max-snippet:-1, max-image-preview:large, max-video-preview:-1\" \/>\n<link rel=\"canonical\" href=\"https:\/\/www.public.sn\/index.php\/2025\/03\/27\/affaire-abdou-nguer-les-mots-de-me-moussa-diop-apres-laudition-du-chroniqueur\/\" \/>\n<meta property=\"og:locale\" content=\"fr_FR\" \/>\n<meta property=\"og:type\" content=\"article\" \/>\n<meta property=\"og:title\" content=\"Affaire Abdou Nguer : les mots de Me Moussa Diop apr\u00e8s l&#039;audition du chroniqueur - LE PUBLIC\" \/>\n<meta property=\"og:description\" content=\"Ce jeudi, Me Moussa Diop a annonc\u00e9 la lib\u00e9ration de son client Abdou Nguer, chroniqueur convoqu\u00e9 \u00e0 la S\u00fbret\u00e9 urbaine suite \u00e0 une plainte d\u00e9pos\u00e9e par Azzoura Fall, membre du parti Pastef. Selon l\u2019avocat, l\u2019audition de son client a d\u00e9but\u00e9 \u00e0 10 heures avant qu\u2019il ne soit autoris\u00e9 \u00e0 rentrer chez lui librement. \u00ab J\u2019ai eu l\u2019honneur d\u2019assister mon client Abdou Nguer, chroniqueur convoqu\u00e9 ce jour \u00e0 la S\u00fbret\u00e9 urbaine suite \u00e0 une plainte d\u00e9pos\u00e9e par le sieur Azzoura Fall du Pastef. Apr\u00e8s une audition commenc\u00e9e \u00e0 10h00, mon client vient de rentrer tranquillement chez lui \u00bb, a d\u00e9clar\u00e9 Me Moussa Diop. L\u2019avocat a profit\u00e9 de cette occasion pour envoyer un message fort au gouvernement en place, affirmant que \u00ab la rupture va de pair avec la fin du Coumba am nd\u00e8ye, Coumba amoul Nd\u00e8ye \u00bb, une expression wolof faisant r\u00e9f\u00e9rence \u00e0 l&rsquo;\u00e9quit\u00e9 et \u00e0 la fin des privil\u00e8ges injustes. Cette affaire, qui a suscit\u00e9 de nombreuses r\u00e9actions sur les r\u00e9seaux sociaux, relance le d\u00e9bat sur la libert\u00e9 d\u2019expression et l\u2019usage des plaintes pour diffamation dans l\u2019espace m\u00e9diatique et politique au S\u00e9n\u00e9gal.\" \/>\n<meta property=\"og:url\" content=\"https:\/\/www.public.sn\/index.php\/2025\/03\/27\/affaire-abdou-nguer-les-mots-de-me-moussa-diop-apres-laudition-du-chroniqueur\/\" \/>\n<meta property=\"og:site_name\" content=\"LE PUBLIC\" \/>\n<meta property=\"article:published_time\" content=\"2025-03-27T23:19:06+00:00\" \/>\n<meta property=\"article:modified_time\" content=\"2025-03-27T23:19:11+00:00\" \/>\n<meta property=\"og:image\" content=\"https:\/\/www.public.sn\/wp-content\/uploads\/2025\/03\/me-moussa-diop-abdou-nguer.png\" \/>\n\t<meta property=\"og:image:width\" content=\"764\" \/>\n\t<meta property=\"og:image:height\" content=\"469\" \/>\n\t<meta property=\"og:image:type\" content=\"image\/png\" \/>\n<meta name=\"author\" content=\"LA REDACTION\" \/>\n<meta name=\"twitter:card\" content=\"summary_large_image\" \/>\n<meta name=\"twitter:label1\" content=\"\u00c9crit par\" \/>\n\t<meta name=\"twitter:data1\" content=\"LA REDACTION\" \/>\n\t<meta name=\"twitter:label2\" content=\"Dur\u00e9e de lecture estim\u00e9e\" \/>\n\t<meta name=\"twitter:data2\" content=\"2 minutes\" \/>\n<script type=\"application\/ld+json\" class=\"yoast-schema-graph\">{\"@context\":\"https:\/\/schema.org\",\"@graph\":[{\"@type\":\"Article\",\"@id\":\"https:\/\/www.public.sn\/index.php\/2025\/03\/27\/affaire-abdou-nguer-les-mots-de-me-moussa-diop-apres-laudition-du-chroniqueur\/#article\",\"isPartOf\":{\"@id\":\"https:\/\/www.public.sn\/index.php\/2025\/03\/27\/affaire-abdou-nguer-les-mots-de-me-moussa-diop-apres-laudition-du-chroniqueur\/\"},\"author\":{\"name\":\"LA REDACTION\",\"@id\":\"https:\/\/www.public.sn\/#\/schema\/person\/e3f4a11b037d4203902db148f9bc8d5a\"},\"headline\":\"Affaire Abdou Nguer : les mots de Me Moussa Diop apr\u00e8s l&rsquo;audition du chroniqueur\",\"datePublished\":\"2025-03-27T23:19:06+00:00\",\"dateModified\":\"2025-03-27T23:19:11+00:00\",\"mainEntityOfPage\":{\"@id\":\"https:\/\/www.public.sn\/index.php\/2025\/03\/27\/affaire-abdou-nguer-les-mots-de-me-moussa-diop-apres-laudition-du-chroniqueur\/\"},\"wordCount\":215,\"commentCount\":0,\"publisher\":{\"@id\":\"https:\/\/www.public.sn\/#organization\"},\"image\":{\"@id\":\"https:\/\/www.public.sn\/index.php\/2025\/03\/27\/affaire-abdou-nguer-les-mots-de-me-moussa-diop-apres-laudition-du-chroniqueur\/#primaryimage\"},\"thumbnailUrl\":\"https:\/\/www.public.sn\/wp-content\/uploads\/2025\/03\/me-moussa-diop-abdou-nguer.png\",\"keywords\":[\"Abdou Nguer\",\"AzouraFall\",\"Me Moussa Diop\"],\"articleSection\":[\"ACTUALIT\u00c9S\",\"POLITIQUE\",\"S\u00c9CURIT\u00c9 &amp; JUSTICE\",\"S\u00c9N\u00c9GAL\"],\"inLanguage\":\"fr-FR\",\"potentialAction\":[{\"@type\":\"CommentAction\",\"name\":\"Comment\",\"target\":[\"https:\/\/www.public.sn\/index.php\/2025\/03\/27\/affaire-abdou-nguer-les-mots-de-me-moussa-diop-apres-laudition-du-chroniqueur\/#respond\"]}]},{\"@type\":\"WebPage\",\"@id\":\"https:\/\/www.public.sn\/index.php\/2025\/03\/27\/affaire-abdou-nguer-les-mots-de-me-moussa-diop-apres-laudition-du-chroniqueur\/\",\"url\":\"https:\/\/www.public.sn\/index.php\/2025\/03\/27\/affaire-abdou-nguer-les-mots-de-me-moussa-diop-apres-laudition-du-chroniqueur\/\",\"name\":\"Affaire Abdou Nguer : les mots de Me Moussa Diop apr\u00e8s l'audition du chroniqueur - LE PUBLIC\",\"isPartOf\":{\"@id\":\"https:\/\/www.public.sn\/#website\"},\"primaryImageOfPage\":{\"@id\":\"https:\/\/www.public.sn\/index.php\/2025\/03\/27\/affaire-abdou-nguer-les-mots-de-me-moussa-diop-apres-laudition-du-chroniqueur\/#primaryimage\"},\"image\":{\"@id\":\"https:\/\/www.public.sn\/index.php\/2025\/03\/27\/affaire-abdou-nguer-les-mots-de-me-moussa-diop-apres-laudition-du-chroniqueur\/#primaryimage\"},\"thumbnailUrl\":\"https:\/\/www.public.sn\/wp-content\/uploads\/2025\/03\/me-moussa-diop-abdou-nguer.png\",\"datePublished\":\"2025-03-27T23:19:06+00:00\",\"dateModified\":\"2025-03-27T23:19:11+00:00\",\"breadcrumb\":{\"@id\":\"https:\/\/www.public.sn\/index.php\/2025\/03\/27\/affaire-abdou-nguer-les-mots-de-me-moussa-diop-apres-laudition-du-chroniqueur\/#breadcrumb\"},\"inLanguage\":\"fr-FR\",\"potentialAction\":[{\"@type\":\"ReadAction\",\"target\":[\"https:\/\/www.public.sn\/index.php\/2025\/03\/27\/affaire-abdou-nguer-les-mots-de-me-moussa-diop-apres-laudition-du-chroniqueur\/\"]}]},{\"@type\":\"ImageObject\",\"inLanguage\":\"fr-FR\",\"@id\":\"https:\/\/www.public.sn\/index.php\/2025\/03\/27\/affaire-abdou-nguer-les-mots-de-me-moussa-diop-apres-laudition-du-chroniqueur\/#primaryimage\",\"url\":\"https:\/\/www.public.sn\/wp-content\/uploads\/2025\/03\/me-moussa-diop-abdou-nguer.png\",\"contentUrl\":\"https:\/\/www.public.sn\/wp-content\/uploads\/2025\/03\/me-moussa-diop-abdou-nguer.png\",\"width\":764,\"height\":469},{\"@type\":\"BreadcrumbList\",\"@id\":\"https:\/\/www.public.sn\/index.php\/2025\/03\/27\/affaire-abdou-nguer-les-mots-de-me-moussa-diop-apres-laudition-du-chroniqueur\/#breadcrumb\",\"itemListElement\":[{\"@type\":\"ListItem\",\"position\":1,\"name\":\"Accueil\",\"item\":\"https:\/\/www.public.sn\/\"},{\"@type\":\"ListItem\",\"position\":2,\"name\":\"Affaire Abdou Nguer : les mots de Me Moussa Diop apr\u00e8s l&rsquo;audition du chroniqueur\"}]},{\"@type\":\"WebSite\",\"@id\":\"https:\/\/www.public.sn\/#website\",\"url\":\"https:\/\/www.public.sn\/\",\"name\":\"LE PUBLIC\",\"description\":\"\",\"publisher\":{\"@id\":\"https:\/\/www.public.sn\/#organization\"},\"potentialAction\":[{\"@type\":\"SearchAction\",\"target\":{\"@type\":\"EntryPoint\",\"urlTemplate\":\"https:\/\/www.public.sn\/?s={search_term_string}\"},\"query-input\":{\"@type\":\"PropertyValueSpecification\",\"valueRequired\":true,\"valueName\":\"search_term_string\"}}],\"inLanguage\":\"fr-FR\"},{\"@type\":\"Organization\",\"@id\":\"https:\/\/www.public.sn\/#organization\",\"name\":\"LE PUBLIC\",\"url\":\"https:\/\/www.public.sn\/\",\"logo\":{\"@type\":\"ImageObject\",\"inLanguage\":\"fr-FR\",\"@id\":\"https:\/\/www.public.sn\/#\/schema\/logo\/image\/\",\"url\":\"https:\/\/www.public.sn\/wp-content\/uploads\/2024\/05\/cropped-LOGO-PUBLIC.SN_.png\",\"contentUrl\":\"https:\/\/www.public.sn\/wp-content\/uploads\/2024\/05\/cropped-LOGO-PUBLIC.SN_.png\",\"width\":682,\"height\":192,\"caption\":\"LE PUBLIC\"},\"image\":{\"@id\":\"https:\/\/www.public.sn\/#\/schema\/logo\/image\/\"}},{\"@type\":\"Person\",\"@id\":\"https:\/\/www.public.sn\/#\/schema\/person\/e3f4a11b037d4203902db148f9bc8d5a\",\"name\":\"LA REDACTION\",\"image\":{\"@type\":\"ImageObject\",\"inLanguage\":\"fr-FR\",\"@id\":\"https:\/\/www.public.sn\/#\/schema\/person\/image\/\",\"url\":\"https:\/\/secure.gravatar.com\/avatar\/d6c030db45db2883c075085c5d6c6258654a801a93766b49af0b82d4f454e2a5?s=96&d=mm&r=g\",\"contentUrl\":\"https:\/\/secure.gravatar.com\/avatar\/d6c030db45db2883c075085c5d6c6258654a801a93766b49af0b82d4f454e2a5?s=96&d=mm&r=g\",\"caption\":\"LA REDACTION\"},\"sameAs\":[\"http:\/\/www.public.sn\"],\"url\":\"https:\/\/www.public.sn\/index.php\/author\/admin7324\/\"}]}<\/script>\n<!-- \/ Yoast SEO plugin. -->","yoast_head_json":{"title":"Affaire Abdou Nguer : les mots de Me Moussa Diop apr\u00e8s l'audition du chroniqueur - LE PUBLIC","robots":{"index":"index","follow":"follow","max-snippet":"max-snippet:-1","max-image-preview":"max-image-preview:large","max-video-preview":"max-video-preview:-1"},"canonical":"https:\/\/www.public.sn\/index.php\/2025\/03\/27\/affaire-abdou-nguer-les-mots-de-me-moussa-diop-apres-laudition-du-chroniqueur\/","og_locale":"fr_FR","og_type":"article","og_title":"Affaire Abdou Nguer : les mots de Me Moussa Diop apr\u00e8s l'audition du chroniqueur - LE PUBLIC","og_description":"Ce jeudi, Me Moussa Diop a annonc\u00e9 la lib\u00e9ration de son client Abdou Nguer, chroniqueur convoqu\u00e9 \u00e0 la S\u00fbret\u00e9 urbaine suite \u00e0 une plainte d\u00e9pos\u00e9e par Azzoura Fall, membre du parti Pastef. Selon l\u2019avocat, l\u2019audition de son client a d\u00e9but\u00e9 \u00e0 10 heures avant qu\u2019il ne soit autoris\u00e9 \u00e0 rentrer chez lui librement. \u00ab J\u2019ai eu l\u2019honneur d\u2019assister mon client Abdou Nguer, chroniqueur convoqu\u00e9 ce jour \u00e0 la S\u00fbret\u00e9 urbaine suite \u00e0 une plainte d\u00e9pos\u00e9e par le sieur Azzoura Fall du Pastef. Apr\u00e8s une audition commenc\u00e9e \u00e0 10h00, mon client vient de rentrer tranquillement chez lui \u00bb, a d\u00e9clar\u00e9 Me Moussa Diop. L\u2019avocat a profit\u00e9 de cette occasion pour envoyer un message fort au gouvernement en place, affirmant que \u00ab la rupture va de pair avec la fin du Coumba am nd\u00e8ye, Coumba amoul Nd\u00e8ye \u00bb, une expression wolof faisant r\u00e9f\u00e9rence \u00e0 l&rsquo;\u00e9quit\u00e9 et \u00e0 la fin des privil\u00e8ges injustes. Cette affaire, qui a suscit\u00e9 de nombreuses r\u00e9actions sur les r\u00e9seaux sociaux, relance le d\u00e9bat sur la libert\u00e9 d\u2019expression et l\u2019usage des plaintes pour diffamation dans l\u2019espace m\u00e9diatique et politique au S\u00e9n\u00e9gal.","og_url":"https:\/\/www.public.sn\/index.php\/2025\/03\/27\/affaire-abdou-nguer-les-mots-de-me-moussa-diop-apres-laudition-du-chroniqueur\/","og_site_name":"LE PUBLIC","article_published_time":"2025-03-27T23:19:06+00:00","article_modified_time":"2025-03-27T23:19:11+00:00","og_image":[{"width":764,"height":469,"url":"https:\/\/www.public.sn\/wp-content\/uploads\/2025\/03\/me-moussa-diop-abdou-nguer.png","type":"image\/png"}],"author":"LA REDACTION","twitter_card":"summary_large_image","twitter_misc":{"\u00c9crit par":"LA REDACTION","Dur\u00e9e de lecture estim\u00e9e":"2 minutes"},"schema":{"@context":"https:\/\/schema.org","@graph":[{"@type":"Article","@id":"https:\/\/www.public.sn\/index.php\/2025\/03\/27\/affaire-abdou-nguer-les-mots-de-me-moussa-diop-apres-laudition-du-chroniqueur\/#article","isPartOf":{"@id":"https:\/\/www.public.sn\/index.php\/2025\/03\/27\/affaire-abdou-nguer-les-mots-de-me-moussa-diop-apres-laudition-du-chroniqueur\/"},"author":{"name":"LA REDACTION","@id":"https:\/\/www.public.sn\/#\/schema\/person\/e3f4a11b037d4203902db148f9bc8d5a"},"headline":"Affaire Abdou Nguer : les mots de Me Moussa Diop apr\u00e8s l&rsquo;audition du chroniqueur","datePublished":"2025-03-27T23:19:06+00:00","dateModified":"2025-03-27T23:19:11+00:00","mainEntityOfPage":{"@id":"https:\/\/www.public.sn\/index.php\/2025\/03\/27\/affaire-abdou-nguer-les-mots-de-me-moussa-diop-apres-laudition-du-chroniqueur\/"},"wordCount":215,"commentCount":0,"publisher":{"@id":"https:\/\/www.public.sn\/#organization"},"image":{"@id":"https:\/\/www.public.sn\/index.php\/2025\/03\/27\/affaire-abdou-nguer-les-mots-de-me-moussa-diop-apres-laudition-du-chroniqueur\/#primaryimage"},"thumbnailUrl":"https:\/\/www.public.sn\/wp-content\/uploads\/2025\/03\/me-moussa-diop-abdou-nguer.png","keywords":["Abdou Nguer","AzouraFall","Me Moussa Diop"],"articleSection":["ACTUALIT\u00c9S","POLITIQUE","S\u00c9CURIT\u00c9 &amp; JUSTICE","S\u00c9N\u00c9GAL"],"inLanguage":"fr-FR","potentialAction":[{"@type":"CommentAction","name":"Comment","target":["https:\/\/www.public.sn\/index.php\/2025\/03\/27\/affaire-abdou-nguer-les-mots-de-me-moussa-diop-apres-laudition-du-chroniqueur\/#respond"]}]},{"@type":"WebPage","@id":"https:\/\/www.public.sn\/index.php\/2025\/03\/27\/affaire-abdou-nguer-les-mots-de-me-moussa-diop-apres-laudition-du-chroniqueur\/","url":"https:\/\/www.public.sn\/index.php\/2025\/03\/27\/affaire-abdou-nguer-les-mots-de-me-moussa-diop-apres-laudition-du-chroniqueur\/","name":"Affaire Abdou Nguer : les mots de Me Moussa Diop apr\u00e8s l'audition du chroniqueur - LE PUBLIC","isPartOf":{"@id":"https:\/\/www.public.sn\/#website"},"primaryImageOfPage":{"@id":"https:\/\/www.public.sn\/index.php\/2025\/03\/27\/affaire-abdou-nguer-les-mots-de-me-moussa-diop-apres-laudition-du-chroniqueur\/#primaryimage"},"image":{"@id":"https:\/\/www.public.sn\/index.php\/2025\/03\/27\/affaire-abdou-nguer-les-mots-de-me-moussa-diop-apres-laudition-du-chroniqueur\/#primaryimage"},"thumbnailUrl":"https:\/\/www.public.sn\/wp-content\/uploads\/2025\/03\/me-moussa-diop-abdou-nguer.png","datePublished":"2025-03-27T23:19:06+00:00","dateModified":"2025-03-27T23:19:11+00:00","breadcrumb":{"@id":"https:\/\/www.public.sn\/index.php\/2025\/03\/27\/affaire-abdou-nguer-les-mots-de-me-moussa-diop-apres-laudition-du-chroniqueur\/#breadcrumb"},"inLanguage":"fr-FR","potentialAction":[{"@type":"ReadAction","target":["https:\/\/www.public.sn\/index.php\/2025\/03\/27\/affaire-abdou-nguer-les-mots-de-me-moussa-diop-apres-laudition-du-chroniqueur\/"]}]},{"@type":"ImageObject","inLanguage":"fr-FR","@id":"https:\/\/www.public.sn\/index.php\/2025\/03\/27\/affaire-abdou-nguer-les-mots-de-me-moussa-diop-apres-laudition-du-chroniqueur\/#primaryimage","url":"https:\/\/www.public.sn\/wp-content\/uploads\/2025\/03\/me-moussa-diop-abdou-nguer.png","contentUrl":"https:\/\/www.public.sn\/wp-content\/uploads\/2025\/03\/me-moussa-diop-abdou-nguer.png","width":764,"height":469},{"@type":"BreadcrumbList","@id":"https:\/\/www.public.sn\/index.php\/2025\/03\/27\/affaire-abdou-nguer-les-mots-de-me-moussa-diop-apres-laudition-du-chroniqueur\/#breadcrumb","itemListElement":[{"@type":"ListItem","position":1,"name":"Accueil","item":"https:\/\/www.public.sn\/"},{"@type":"ListItem","position":2,"name":"Affaire Abdou Nguer : les mots de Me Moussa Diop apr\u00e8s l&rsquo;audition du chroniqueur"}]},{"@type":"WebSite","@id":"https:\/\/www.public.sn\/#website","url":"https:\/\/www.public.sn\/","name":"LE PUBLIC","description":"","publisher":{"@id":"https:\/\/www.public.sn\/#organization"},"potentialAction":[{"@type":"SearchAction","target":{"@type":"EntryPoint","urlTemplate":"https:\/\/www.public.sn\/?s={search_term_string}"},"query-input":{"@type":"PropertyValueSpecification","valueRequired":true,"valueName":"search_term_string"}}],"inLanguage":"fr-FR"},{"@type":"Organization","@id":"https:\/\/www.public.sn\/#organization","name":"LE PUBLIC","url":"https:\/\/www.public.sn\/","logo":{"@type":"ImageObject","inLanguage":"fr-FR","@id":"https:\/\/www.public.sn\/#\/schema\/logo\/image\/","url":"https:\/\/www.public.sn\/wp-content\/uploads\/2024\/05\/cropped-LOGO-PUBLIC.SN_.png","contentUrl":"https:\/\/www.public.sn\/wp-content\/uploads\/2024\/05\/cropped-LOGO-PUBLIC.SN_.png","width":682,"height":192,"caption":"LE PUBLIC"},"image":{"@id":"https:\/\/www.public.sn\/#\/schema\/logo\/image\/"}},{"@type":"Person","@id":"https:\/\/www.public.sn\/#\/schema\/person\/e3f4a11b037d4203902db148f9bc8d5a","name":"LA REDACTION","image":{"@type":"ImageObject","inLanguage":"fr-FR","@id":"https:\/\/www.public.sn\/#\/schema\/person\/image\/","url":"https:\/\/secure.gravatar.com\/avatar\/d6c030db45db2883c075085c5d6c6258654a801a93766b49af0b82d4f454e2a5?s=96&d=mm&r=g","contentUrl":"https:\/\/secure.gravatar.com\/avatar\/d6c030db45db2883c075085c5d6c6258654a801a93766b49af0b82d4f454e2a5?s=96&d=mm&r=g","caption":"LA REDACTION"},"sameAs":["http:\/\/www.public.sn"],"url":"https:\/\/www.public.sn\/index.php\/author\/admin7324\/"}]}},"jetpack_featured_media_url":"https:\/\/www.public.sn\/wp-content\/uploads\/2025\/03\/me-moussa-diop-abdou-nguer.png","jetpack_sharing_enabled":true,"_links":{"self":[{"href":"https:\/\/www.public.sn\/index.php\/wp-json\/wp\/v2\/posts\/37063","targetHints":{"allow":["GET"]}}],"collection":[{"href":"https:\/\/www.public.sn\/index.php\/wp-json\/wp\/v2\/posts"}],"about":[{"href":"https:\/\/www.public.sn\/index.php\/wp-json\/wp\/v2\/types\/post"}],"author":[{"embeddable":true,"href":"https:\/\/www.public.sn\/index.php\/wp-json\/wp\/v2\/users\/1"}],"replies":[{"embeddable":true,"href":"https:\/\/www.public.sn\/index.php\/wp-json\/wp\/v2\/comments?post=37063"}],"version-history":[{"count":1,"href":"https:\/\/www.public.sn\/index.php\/wp-json\/wp\/v2\/posts\/37063\/revisions"}],"predecessor-version":[{"id":37065,"href":"https:\/\/www.public.sn\/index.php\/wp-json\/wp\/v2\/posts\/37063\/revisions\/37065"}],"wp:featuredmedia":[{"embeddable":true,"href":"https:\/\/www.public.sn\/index.php\/wp-json\/wp\/v2\/media\/37064"}],"wp:attachment":[{"href":"https:\/\/www.public.sn\/index.php\/wp-json\/wp\/v2\/media?parent=37063"}],"wp:term":[{"taxonomy":"category","embeddable":true,"href":"https:\/\/www.public.sn\/index.php\/wp-json\/wp\/v2\/categories?post=37063"},{"taxonomy":"post_tag","embeddable":true,"href":"https:\/\/www.public.sn\/index.php\/wp-json\/wp\/v2\/tags?post=37063"}],"curies":[{"name":"wp","href":"https:\/\/api.w.org\/{rel}","templated":true}]}}