{"id":37111,"date":"2025-04-01T13:23:25","date_gmt":"2025-04-01T13:23:25","guid":{"rendered":"https:\/\/www.public.sn\/?p=37111"},"modified":"2025-04-01T13:29:16","modified_gmt":"2025-04-01T13:29:16","slug":"louga-deux-morts-suite-a-des-agressions-par-un-individu-souffrant-de-troubles-mentaux","status":"publish","type":"post","link":"https:\/\/www.public.sn\/index.php\/2025\/04\/01\/louga-deux-morts-suite-a-des-agressions-par-un-individu-souffrant-de-troubles-mentaux\/","title":{"rendered":"Louga : deux morts suite \u00e0 des agressions par un individu souffrant de troubles mentaux"},"content":{"rendered":"\n<p><strong>Un individu souffrant de troubles mentaux a agress\u00e9 mortellement deux personnes sur l\u2019axe Louga-Saint-Louis.<\/strong><\/p><div class=\"publi-paragraphe1\" style=\"margin-top: 10px;margin-bottom: 10px;margin-left: auto;margin-right: auto;text-align: center;\" id=\"publi-283541111\"><div class=\"publi-adlabel\">Publicit\u00e9<\/div><script async src=\"\/\/pagead2.googlesyndication.com\/pagead\/js\/adsbygoogle.js?client=ca-pub-4089586018074219\" crossorigin=\"anonymous\"><\/script><ins class=\"adsbygoogle\" style=\"display:block;\" data-ad-client=\"ca-pub-4089586018074219\" \ndata-ad-slot=\"2087940154\" \ndata-ad-format=\"auto\"><\/ins>\n<script> \n(adsbygoogle = window.adsbygoogle || []).push({}); \n<\/script>\n<\/div>\n\n\n\n<p>La premi\u00e8re victime, un ing\u00e9nieur en b\u00e2timent, se rendait de Saint-Louis \u00e0 Dakar pour c\u00e9l\u00e9brer la Korit\u00e9 en famille.<\/p>\n\n\n\n<p>Assis \u00e0 l\u2019avant du v\u00e9hicule, il a \u00e9t\u00e9 gri\u00e8vement bless\u00e9 par une brique lanc\u00e9e par l\u2019agresseur, qui a travers\u00e9 le pare-brise. Transport\u00e9 d\u2019urgence \u00e0 l\u2019h\u00f4pital, Ousmane Ndao, puisque c\u2019est de lui qu\u2019il s\u2019agit, a succomb\u00e9 \u00e0 ses blessures. Il avait baptis\u00e9 son fils le 7 mars dernier.<\/p>\n\n\n\n<p>La seconde victime, Mme Sylla, n\u00e9e Sokhna Keita, assistante du vice-recteur de l\u2019universit\u00e9 Gaston Berger (UGB), a \u00e9t\u00e9 atteinte \u00e0 la t\u00eate par une brique jet\u00e9e par le m\u00eame individu.<\/p>\n\n\n\n<p>L\u2019incident s\u2019est produit le dimanche 30 mars 2025 aux environs de Louga. Mme Sylla est d\u00e9c\u00e9d\u00e9e des suites de ses blessures \u00e0 l\u2019h\u00f4pital.<\/p>\n<div class=\"publi-apres-le-contenu\" style=\"margin-top: 10px;margin-bottom: 10px;margin-left: auto;margin-right: auto;text-align: center;\" id=\"publi-364641361\"><div class=\"publi-adlabel\">Publicit\u00e9<\/div><script async src=\"\/\/pagead2.googlesyndication.com\/pagead\/js\/adsbygoogle.js?client=ca-pub-4089586018074219\" crossorigin=\"anonymous\"><\/script><ins class=\"adsbygoogle\" style=\"display:block;\" data-ad-client=\"ca-pub-4089586018074219\" \ndata-ad-slot=\"2087940154\" \ndata-ad-format=\"auto\"><\/ins>\n<script> \n(adsbygoogle = window.adsbygoogle || []).push({}); \n<\/script>\n<\/div>","protected":false},"excerpt":{"rendered":"<p>Un individu souffrant de troubles mentaux a agress\u00e9 mortellement deux personnes sur l\u2019axe Louga-Saint-Louis. La premi\u00e8re victime, un ing\u00e9nieur en b\u00e2timent, se rendait de Saint-Louis \u00e0 Dakar pour c\u00e9l\u00e9brer la Korit\u00e9 en famille. Assis \u00e0 l\u2019avant du v\u00e9hicule, il a \u00e9t\u00e9 gri\u00e8vement bless\u00e9 par une brique lanc\u00e9e par l\u2019agresseur, qui a travers\u00e9 le pare-brise. Transport\u00e9 d\u2019urgence \u00e0 l\u2019h\u00f4pital, Ousmane Ndao, puisque c\u2019est de lui qu\u2019il s\u2019agit, a succomb\u00e9 \u00e0 ses blessures. Il avait baptis\u00e9 son fils le 7 mars dernier. La seconde victime, Mme Sylla, n\u00e9e Sokhna Keita, assistante du vice-recteur de l\u2019universit\u00e9 Gaston Berger (UGB), a \u00e9t\u00e9 atteinte \u00e0 la t\u00eate par une brique jet\u00e9e par le m\u00eame individu. L\u2019incident s\u2019est produit le dimanche 30 mars 2025 aux environs de Louga. Mme Sylla est d\u00e9c\u00e9d\u00e9e des suites de ses blessures \u00e0 l\u2019h\u00f4pital.<\/p>\n","protected":false},"author":1,"featured_media":30326,"comment_status":"open","ping_status":"open","sticky":false,"template":"","format":"standard","meta":{"_jetpack_memberships_contains_paid_content":false,"footnotes":""},"categories":[1051,379,1,4,372],"tags":[1110,7425,7424],"class_list":["post-37111","post","type-post","status-publish","format-standard","has-post-thumbnail","hentry","category-drame","category-faits-divers","category-non-classe","category-societe","category-vedette","tag-louga","tag-malade-mental","tag-ports","entry","has-media","owp-thumbs-layout-horizontal","owp-btn-normal","owp-tabs-layout-horizontal","has-no-thumbnails","has-product-nav"],"yoast_head":"<!-- This site is optimized with the Yoast SEO plugin v25.5 - https:\/\/yoast.com\/wordpress\/plugins\/seo\/ -->\n<title>Louga : deux morts suite \u00e0 des agressions par un individu souffrant de troubles mentaux - LE PUBLIC<\/title>\n<meta name=\"description\" content=\"Un individu souffrant de troubles mentaux a agress\u00e9 mortellement deux personnes sur l\u2019axe Louga-Saint-Louis.\" \/>\n<meta name=\"robots\" content=\"index, follow, max-snippet:-1, max-image-preview:large, max-video-preview:-1\" \/>\n<link rel=\"canonical\" href=\"https:\/\/www.public.sn\/index.php\/2025\/04\/01\/louga-deux-morts-suite-a-des-agressions-par-un-individu-souffrant-de-troubles-mentaux\/\" \/>\n<meta property=\"og:locale\" content=\"fr_FR\" \/>\n<meta property=\"og:type\" content=\"article\" \/>\n<meta property=\"og:title\" content=\"Louga : deux morts suite \u00e0 des agressions par un individu souffrant de troubles mentaux - LE PUBLIC\" \/>\n<meta property=\"og:description\" content=\"Un individu souffrant de troubles mentaux a agress\u00e9 mortellement deux personnes sur l\u2019axe Louga-Saint-Louis.\" \/>\n<meta property=\"og:url\" content=\"https:\/\/www.public.sn\/index.php\/2025\/04\/01\/louga-deux-morts-suite-a-des-agressions-par-un-individu-souffrant-de-troubles-mentaux\/\" \/>\n<meta property=\"og:site_name\" content=\"LE PUBLIC\" \/>\n<meta property=\"article:published_time\" content=\"2025-04-01T13:23:25+00:00\" \/>\n<meta property=\"article:modified_time\" content=\"2025-04-01T13:29:16+00:00\" \/>\n<meta property=\"og:image\" content=\"https:\/\/www.public.sn\/wp-content\/uploads\/2024\/01\/Enfant-drame-750x375-1.jpeg\" \/>\n\t<meta property=\"og:image:width\" content=\"750\" \/>\n\t<meta property=\"og:image:height\" content=\"375\" \/>\n\t<meta property=\"og:image:type\" content=\"image\/jpeg\" \/>\n<meta name=\"author\" content=\"LA REDACTION\" \/>\n<meta name=\"twitter:card\" content=\"summary_large_image\" \/>\n<meta name=\"twitter:label1\" content=\"\u00c9crit par\" \/>\n\t<meta name=\"twitter:data1\" content=\"LA REDACTION\" \/>\n\t<meta name=\"twitter:label2\" content=\"Dur\u00e9e de lecture estim\u00e9e\" \/>\n\t<meta name=\"twitter:data2\" content=\"1 minute\" \/>\n<script type=\"application\/ld+json\" class=\"yoast-schema-graph\">{\"@context\":\"https:\/\/schema.org\",\"@graph\":[{\"@type\":\"Article\",\"@id\":\"https:\/\/www.public.sn\/index.php\/2025\/04\/01\/louga-deux-morts-suite-a-des-agressions-par-un-individu-souffrant-de-troubles-mentaux\/#article\",\"isPartOf\":{\"@id\":\"https:\/\/www.public.sn\/index.php\/2025\/04\/01\/louga-deux-morts-suite-a-des-agressions-par-un-individu-souffrant-de-troubles-mentaux\/\"},\"author\":{\"name\":\"LA REDACTION\",\"@id\":\"https:\/\/www.public.sn\/#\/schema\/person\/e3f4a11b037d4203902db148f9bc8d5a\"},\"headline\":\"Louga : deux morts suite \u00e0 des agressions par un individu souffrant de troubles mentaux\",\"datePublished\":\"2025-04-01T13:23:25+00:00\",\"dateModified\":\"2025-04-01T13:29:16+00:00\",\"mainEntityOfPage\":{\"@id\":\"https:\/\/www.public.sn\/index.php\/2025\/04\/01\/louga-deux-morts-suite-a-des-agressions-par-un-individu-souffrant-de-troubles-mentaux\/\"},\"wordCount\":166,\"commentCount\":0,\"publisher\":{\"@id\":\"https:\/\/www.public.sn\/#organization\"},\"image\":{\"@id\":\"https:\/\/www.public.sn\/index.php\/2025\/04\/01\/louga-deux-morts-suite-a-des-agressions-par-un-individu-souffrant-de-troubles-mentaux\/#primaryimage\"},\"thumbnailUrl\":\"https:\/\/www.public.sn\/wp-content\/uploads\/2024\/01\/Enfant-drame-750x375-1.jpeg\",\"keywords\":[\"Louga\",\"malade mental\",\"ports\"],\"articleSection\":[\"DRAME\",\"FAITS DIVERS\",\"S\u00c9N\u00c9GAL\",\"SOCIETE\",\"VEDETTE\"],\"inLanguage\":\"fr-FR\",\"potentialAction\":[{\"@type\":\"CommentAction\",\"name\":\"Comment\",\"target\":[\"https:\/\/www.public.sn\/index.php\/2025\/04\/01\/louga-deux-morts-suite-a-des-agressions-par-un-individu-souffrant-de-troubles-mentaux\/#respond\"]}]},{\"@type\":\"WebPage\",\"@id\":\"https:\/\/www.public.sn\/index.php\/2025\/04\/01\/louga-deux-morts-suite-a-des-agressions-par-un-individu-souffrant-de-troubles-mentaux\/\",\"url\":\"https:\/\/www.public.sn\/index.php\/2025\/04\/01\/louga-deux-morts-suite-a-des-agressions-par-un-individu-souffrant-de-troubles-mentaux\/\",\"name\":\"Louga : deux morts suite \u00e0 des agressions par un individu souffrant de troubles mentaux - LE PUBLIC\",\"isPartOf\":{\"@id\":\"https:\/\/www.public.sn\/#website\"},\"primaryImageOfPage\":{\"@id\":\"https:\/\/www.public.sn\/index.php\/2025\/04\/01\/louga-deux-morts-suite-a-des-agressions-par-un-individu-souffrant-de-troubles-mentaux\/#primaryimage\"},\"image\":{\"@id\":\"https:\/\/www.public.sn\/index.php\/2025\/04\/01\/louga-deux-morts-suite-a-des-agressions-par-un-individu-souffrant-de-troubles-mentaux\/#primaryimage\"},\"thumbnailUrl\":\"https:\/\/www.public.sn\/wp-content\/uploads\/2024\/01\/Enfant-drame-750x375-1.jpeg\",\"datePublished\":\"2025-04-01T13:23:25+00:00\",\"dateModified\":\"2025-04-01T13:29:16+00:00\",\"description\":\"Un individu souffrant de troubles mentaux a agress\u00e9 mortellement deux personnes sur l\u2019axe Louga-Saint-Louis.\",\"breadcrumb\":{\"@id\":\"https:\/\/www.public.sn\/index.php\/2025\/04\/01\/louga-deux-morts-suite-a-des-agressions-par-un-individu-souffrant-de-troubles-mentaux\/#breadcrumb\"},\"inLanguage\":\"fr-FR\",\"potentialAction\":[{\"@type\":\"ReadAction\",\"target\":[\"https:\/\/www.public.sn\/index.php\/2025\/04\/01\/louga-deux-morts-suite-a-des-agressions-par-un-individu-souffrant-de-troubles-mentaux\/\"]}]},{\"@type\":\"ImageObject\",\"inLanguage\":\"fr-FR\",\"@id\":\"https:\/\/www.public.sn\/index.php\/2025\/04\/01\/louga-deux-morts-suite-a-des-agressions-par-un-individu-souffrant-de-troubles-mentaux\/#primaryimage\",\"url\":\"https:\/\/www.public.sn\/wp-content\/uploads\/2024\/01\/Enfant-drame-750x375-1.jpeg\",\"contentUrl\":\"https:\/\/www.public.sn\/wp-content\/uploads\/2024\/01\/Enfant-drame-750x375-1.jpeg\",\"width\":750,\"height\":375},{\"@type\":\"BreadcrumbList\",\"@id\":\"https:\/\/www.public.sn\/index.php\/2025\/04\/01\/louga-deux-morts-suite-a-des-agressions-par-un-individu-souffrant-de-troubles-mentaux\/#breadcrumb\",\"itemListElement\":[{\"@type\":\"ListItem\",\"position\":1,\"name\":\"Accueil\",\"item\":\"https:\/\/www.public.sn\/\"},{\"@type\":\"ListItem\",\"position\":2,\"name\":\"Louga : deux morts suite \u00e0 des agressions par un individu souffrant de troubles mentaux\"}]},{\"@type\":\"WebSite\",\"@id\":\"https:\/\/www.public.sn\/#website\",\"url\":\"https:\/\/www.public.sn\/\",\"name\":\"LE PUBLIC\",\"description\":\"\",\"publisher\":{\"@id\":\"https:\/\/www.public.sn\/#organization\"},\"potentialAction\":[{\"@type\":\"SearchAction\",\"target\":{\"@type\":\"EntryPoint\",\"urlTemplate\":\"https:\/\/www.public.sn\/?s={search_term_string}\"},\"query-input\":{\"@type\":\"PropertyValueSpecification\",\"valueRequired\":true,\"valueName\":\"search_term_string\"}}],\"inLanguage\":\"fr-FR\"},{\"@type\":\"Organization\",\"@id\":\"https:\/\/www.public.sn\/#organization\",\"name\":\"LE PUBLIC\",\"url\":\"https:\/\/www.public.sn\/\",\"logo\":{\"@type\":\"ImageObject\",\"inLanguage\":\"fr-FR\",\"@id\":\"https:\/\/www.public.sn\/#\/schema\/logo\/image\/\",\"url\":\"https:\/\/www.public.sn\/wp-content\/uploads\/2024\/05\/cropped-LOGO-PUBLIC.SN_.png\",\"contentUrl\":\"https:\/\/www.public.sn\/wp-content\/uploads\/2024\/05\/cropped-LOGO-PUBLIC.SN_.png\",\"width\":682,\"height\":192,\"caption\":\"LE PUBLIC\"},\"image\":{\"@id\":\"https:\/\/www.public.sn\/#\/schema\/logo\/image\/\"}},{\"@type\":\"Person\",\"@id\":\"https:\/\/www.public.sn\/#\/schema\/person\/e3f4a11b037d4203902db148f9bc8d5a\",\"name\":\"LA REDACTION\",\"image\":{\"@type\":\"ImageObject\",\"inLanguage\":\"fr-FR\",\"@id\":\"https:\/\/www.public.sn\/#\/schema\/person\/image\/\",\"url\":\"https:\/\/secure.gravatar.com\/avatar\/d6c030db45db2883c075085c5d6c6258654a801a93766b49af0b82d4f454e2a5?s=96&d=mm&r=g\",\"contentUrl\":\"https:\/\/secure.gravatar.com\/avatar\/d6c030db45db2883c075085c5d6c6258654a801a93766b49af0b82d4f454e2a5?s=96&d=mm&r=g\",\"caption\":\"LA REDACTION\"},\"sameAs\":[\"http:\/\/www.public.sn\"],\"url\":\"https:\/\/www.public.sn\/index.php\/author\/admin7324\/\"}]}<\/script>\n<!-- \/ Yoast SEO plugin. -->","yoast_head_json":{"title":"Louga : deux morts suite \u00e0 des agressions par un individu souffrant de troubles mentaux - LE PUBLIC","description":"Un individu souffrant de troubles mentaux a agress\u00e9 mortellement deux personnes sur l\u2019axe Louga-Saint-Louis.","robots":{"index":"index","follow":"follow","max-snippet":"max-snippet:-1","max-image-preview":"max-image-preview:large","max-video-preview":"max-video-preview:-1"},"canonical":"https:\/\/www.public.sn\/index.php\/2025\/04\/01\/louga-deux-morts-suite-a-des-agressions-par-un-individu-souffrant-de-troubles-mentaux\/","og_locale":"fr_FR","og_type":"article","og_title":"Louga : deux morts suite \u00e0 des agressions par un individu souffrant de troubles mentaux - LE PUBLIC","og_description":"Un individu souffrant de troubles mentaux a agress\u00e9 mortellement deux personnes sur l\u2019axe Louga-Saint-Louis.","og_url":"https:\/\/www.public.sn\/index.php\/2025\/04\/01\/louga-deux-morts-suite-a-des-agressions-par-un-individu-souffrant-de-troubles-mentaux\/","og_site_name":"LE PUBLIC","article_published_time":"2025-04-01T13:23:25+00:00","article_modified_time":"2025-04-01T13:29:16+00:00","og_image":[{"width":750,"height":375,"url":"https:\/\/www.public.sn\/wp-content\/uploads\/2024\/01\/Enfant-drame-750x375-1.jpeg","type":"image\/jpeg"}],"author":"LA REDACTION","twitter_card":"summary_large_image","twitter_misc":{"\u00c9crit par":"LA REDACTION","Dur\u00e9e de lecture estim\u00e9e":"1 minute"},"schema":{"@context":"https:\/\/schema.org","@graph":[{"@type":"Article","@id":"https:\/\/www.public.sn\/index.php\/2025\/04\/01\/louga-deux-morts-suite-a-des-agressions-par-un-individu-souffrant-de-troubles-mentaux\/#article","isPartOf":{"@id":"https:\/\/www.public.sn\/index.php\/2025\/04\/01\/louga-deux-morts-suite-a-des-agressions-par-un-individu-souffrant-de-troubles-mentaux\/"},"author":{"name":"LA REDACTION","@id":"https:\/\/www.public.sn\/#\/schema\/person\/e3f4a11b037d4203902db148f9bc8d5a"},"headline":"Louga : deux morts suite \u00e0 des agressions par un individu souffrant de troubles mentaux","datePublished":"2025-04-01T13:23:25+00:00","dateModified":"2025-04-01T13:29:16+00:00","mainEntityOfPage":{"@id":"https:\/\/www.public.sn\/index.php\/2025\/04\/01\/louga-deux-morts-suite-a-des-agressions-par-un-individu-souffrant-de-troubles-mentaux\/"},"wordCount":166,"commentCount":0,"publisher":{"@id":"https:\/\/www.public.sn\/#organization"},"image":{"@id":"https:\/\/www.public.sn\/index.php\/2025\/04\/01\/louga-deux-morts-suite-a-des-agressions-par-un-individu-souffrant-de-troubles-mentaux\/#primaryimage"},"thumbnailUrl":"https:\/\/www.public.sn\/wp-content\/uploads\/2024\/01\/Enfant-drame-750x375-1.jpeg","keywords":["Louga","malade mental","ports"],"articleSection":["DRAME","FAITS DIVERS","S\u00c9N\u00c9GAL","SOCIETE","VEDETTE"],"inLanguage":"fr-FR","potentialAction":[{"@type":"CommentAction","name":"Comment","target":["https:\/\/www.public.sn\/index.php\/2025\/04\/01\/louga-deux-morts-suite-a-des-agressions-par-un-individu-souffrant-de-troubles-mentaux\/#respond"]}]},{"@type":"WebPage","@id":"https:\/\/www.public.sn\/index.php\/2025\/04\/01\/louga-deux-morts-suite-a-des-agressions-par-un-individu-souffrant-de-troubles-mentaux\/","url":"https:\/\/www.public.sn\/index.php\/2025\/04\/01\/louga-deux-morts-suite-a-des-agressions-par-un-individu-souffrant-de-troubles-mentaux\/","name":"Louga : deux morts suite \u00e0 des agressions par un individu souffrant de troubles mentaux - LE PUBLIC","isPartOf":{"@id":"https:\/\/www.public.sn\/#website"},"primaryImageOfPage":{"@id":"https:\/\/www.public.sn\/index.php\/2025\/04\/01\/louga-deux-morts-suite-a-des-agressions-par-un-individu-souffrant-de-troubles-mentaux\/#primaryimage"},"image":{"@id":"https:\/\/www.public.sn\/index.php\/2025\/04\/01\/louga-deux-morts-suite-a-des-agressions-par-un-individu-souffrant-de-troubles-mentaux\/#primaryimage"},"thumbnailUrl":"https:\/\/www.public.sn\/wp-content\/uploads\/2024\/01\/Enfant-drame-750x375-1.jpeg","datePublished":"2025-04-01T13:23:25+00:00","dateModified":"2025-04-01T13:29:16+00:00","description":"Un individu souffrant de troubles mentaux a agress\u00e9 mortellement deux personnes sur l\u2019axe Louga-Saint-Louis.","breadcrumb":{"@id":"https:\/\/www.public.sn\/index.php\/2025\/04\/01\/louga-deux-morts-suite-a-des-agressions-par-un-individu-souffrant-de-troubles-mentaux\/#breadcrumb"},"inLanguage":"fr-FR","potentialAction":[{"@type":"ReadAction","target":["https:\/\/www.public.sn\/index.php\/2025\/04\/01\/louga-deux-morts-suite-a-des-agressions-par-un-individu-souffrant-de-troubles-mentaux\/"]}]},{"@type":"ImageObject","inLanguage":"fr-FR","@id":"https:\/\/www.public.sn\/index.php\/2025\/04\/01\/louga-deux-morts-suite-a-des-agressions-par-un-individu-souffrant-de-troubles-mentaux\/#primaryimage","url":"https:\/\/www.public.sn\/wp-content\/uploads\/2024\/01\/Enfant-drame-750x375-1.jpeg","contentUrl":"https:\/\/www.public.sn\/wp-content\/uploads\/2024\/01\/Enfant-drame-750x375-1.jpeg","width":750,"height":375},{"@type":"BreadcrumbList","@id":"https:\/\/www.public.sn\/index.php\/2025\/04\/01\/louga-deux-morts-suite-a-des-agressions-par-un-individu-souffrant-de-troubles-mentaux\/#breadcrumb","itemListElement":[{"@type":"ListItem","position":1,"name":"Accueil","item":"https:\/\/www.public.sn\/"},{"@type":"ListItem","position":2,"name":"Louga : deux morts suite \u00e0 des agressions par un individu souffrant de troubles mentaux"}]},{"@type":"WebSite","@id":"https:\/\/www.public.sn\/#website","url":"https:\/\/www.public.sn\/","name":"LE PUBLIC","description":"","publisher":{"@id":"https:\/\/www.public.sn\/#organization"},"potentialAction":[{"@type":"SearchAction","target":{"@type":"EntryPoint","urlTemplate":"https:\/\/www.public.sn\/?s={search_term_string}"},"query-input":{"@type":"PropertyValueSpecification","valueRequired":true,"valueName":"search_term_string"}}],"inLanguage":"fr-FR"},{"@type":"Organization","@id":"https:\/\/www.public.sn\/#organization","name":"LE PUBLIC","url":"https:\/\/www.public.sn\/","logo":{"@type":"ImageObject","inLanguage":"fr-FR","@id":"https:\/\/www.public.sn\/#\/schema\/logo\/image\/","url":"https:\/\/www.public.sn\/wp-content\/uploads\/2024\/05\/cropped-LOGO-PUBLIC.SN_.png","contentUrl":"https:\/\/www.public.sn\/wp-content\/uploads\/2024\/05\/cropped-LOGO-PUBLIC.SN_.png","width":682,"height":192,"caption":"LE PUBLIC"},"image":{"@id":"https:\/\/www.public.sn\/#\/schema\/logo\/image\/"}},{"@type":"Person","@id":"https:\/\/www.public.sn\/#\/schema\/person\/e3f4a11b037d4203902db148f9bc8d5a","name":"LA REDACTION","image":{"@type":"ImageObject","inLanguage":"fr-FR","@id":"https:\/\/www.public.sn\/#\/schema\/person\/image\/","url":"https:\/\/secure.gravatar.com\/avatar\/d6c030db45db2883c075085c5d6c6258654a801a93766b49af0b82d4f454e2a5?s=96&d=mm&r=g","contentUrl":"https:\/\/secure.gravatar.com\/avatar\/d6c030db45db2883c075085c5d6c6258654a801a93766b49af0b82d4f454e2a5?s=96&d=mm&r=g","caption":"LA REDACTION"},"sameAs":["http:\/\/www.public.sn"],"url":"https:\/\/www.public.sn\/index.php\/author\/admin7324\/"}]}},"jetpack_featured_media_url":"https:\/\/www.public.sn\/wp-content\/uploads\/2024\/01\/Enfant-drame-750x375-1.jpeg","jetpack_sharing_enabled":true,"_links":{"self":[{"href":"https:\/\/www.public.sn\/index.php\/wp-json\/wp\/v2\/posts\/37111","targetHints":{"allow":["GET"]}}],"collection":[{"href":"https:\/\/www.public.sn\/index.php\/wp-json\/wp\/v2\/posts"}],"about":[{"href":"https:\/\/www.public.sn\/index.php\/wp-json\/wp\/v2\/types\/post"}],"author":[{"embeddable":true,"href":"https:\/\/www.public.sn\/index.php\/wp-json\/wp\/v2\/users\/1"}],"replies":[{"embeddable":true,"href":"https:\/\/www.public.sn\/index.php\/wp-json\/wp\/v2\/comments?post=37111"}],"version-history":[{"count":1,"href":"https:\/\/www.public.sn\/index.php\/wp-json\/wp\/v2\/posts\/37111\/revisions"}],"predecessor-version":[{"id":37112,"href":"https:\/\/www.public.sn\/index.php\/wp-json\/wp\/v2\/posts\/37111\/revisions\/37112"}],"wp:featuredmedia":[{"embeddable":true,"href":"https:\/\/www.public.sn\/index.php\/wp-json\/wp\/v2\/media\/30326"}],"wp:attachment":[{"href":"https:\/\/www.public.sn\/index.php\/wp-json\/wp\/v2\/media?parent=37111"}],"wp:term":[{"taxonomy":"category","embeddable":true,"href":"https:\/\/www.public.sn\/index.php\/wp-json\/wp\/v2\/categories?post=37111"},{"taxonomy":"post_tag","embeddable":true,"href":"https:\/\/www.public.sn\/index.php\/wp-json\/wp\/v2\/tags?post=37111"}],"curies":[{"name":"wp","href":"https:\/\/api.w.org\/{rel}","templated":true}]}}